{"id":107371,"date":"2011-07-20T07:27:16","date_gmt":"2011-07-20T06:27:16","guid":{"rendered":"https:\/\/joyana.fr\/?p=7371"},"modified":"2011-07-20T07:27:16","modified_gmt":"2011-07-20T06:27:16","slug":"exposition-harumi-nakashima-galerie-nec-nilsson-chiglien","status":"publish","type":"post","link":"https:\/\/joyana.fr\/ja\/exposition-harumi-nakashima-galerie-nec-nilsson-chiglien\/107371\/","title":{"rendered":"Exposition Harumi NAKASHIMA (Galerie NeC)"},"content":{"rendered":"<p>Coup de c\u0153ur pour l&#8217;<strong>exposition Harumi NAKASHIMA<\/strong> \u00e0 la <strong>galerie NeC <\/strong>Nilsson et Chiglien &#8211; qui expose du 14 Octobre au 26 Novembre 2011 le travail du c\u00e9ramiste japonais, dont le travail tri-dimensionnelle en porcelaine nous a s\u00e9duit&#8230;<\/p>\n<p><img data-recalc-dims=\"1\" fetchpriority=\"high\" decoding=\"async\" class=\"alignnone size-full wp-image-7374\" title=\"Exposition : Harumi NAKASHIMA - Galerie NeC nilsson et chiglien\" src=\"https:\/\/i0.wp.com\/joyana.fr\/wp-content\/uploads\/Exposition-Harumi-NAKASHIMA-Galerie-NeC-nilsson-et-chiglien_4.jpg?resize=576%2C384&#038;ssl=1\" alt=\"Exposition Harumi NAKASHIMA (Galerie NeC)\" width=\"576\" height=\"384\" \/><\/p>\n<p><em>En 1969, alors qu\u2019Harumi Nakashima entre \u00e0 l\u2019universit\u00e9 d\u2019art, il flirte avec le mouvement Sodeisha qui tout en l\u2019influen\u00e7ant et le stimulant, l\u2019entraine vers des cr\u00e9ations tridimensionnelles, base fondamentale de ce mouvement. Quand j\u2019observe le travail d\u2019Harumi de cette p\u00e9riode, je constate qu\u2019il a ressenti ce mouvement de deux fa\u00e7ons distinctes :<br \/>\n&#8211;\u00a0 premi\u00e8rement il rejette toute fonctionnalit\u00e9 attribu\u00e9e \u00e0 l\u2019objet comme un sculpteur d\u2019art contemporain,<br \/>\n&#8211; deuxi\u00e8mement, il pose la probl\u00e9matique de la terre : comment l\u2019approcher et comment la traiter en tant que m\u00e9dium.<\/em><\/p>\n<p><em> <\/em><\/p>\n<p><em>Au d\u00e9but, son int\u00e9r\u00eat se porte d\u2019avantage sur les formes du mouvement Sodeisha dont se d\u00e9gage une sorte de combinaison entre son expression et celle du mouvement. Cependant il a tr\u00e8s vite des affinit\u00e9s avec la terre. En 1979, lors de l\u2019exposition \u00ab the Japan Ceramic Art \u00bb, il d\u00e9clare : <span style=\"color: #df1fad;\">\u00abCes pi\u00e8ces s\u2019\u00e9loignent de mon travail originel de potier, le yakimono\u00bb<\/span>. <\/em><\/p>\n<p><em>Et en 1995, il ajoute : <span style=\"color: #df1fad;\">\u00abL\u2019origine de mon art est en rapport avec la sensation charnelle que la terre, au contact de mes mains, me procure.\u00bb. <\/span><\/em> <em> <\/em><\/p>\n<p><em> <\/em><\/p>\n<p><em>Il lui a fallu quelque temps avant que cette d\u00e9claration murisse et qu\u2019il prenne r\u00e9ellement conscience que son travail s\u2019inscrivait dans l\u2019art contemporain. <\/em> <em><br \/>\nAu commencement la mati\u00e8re n\u2019\u00e9tait pas vraiment d\u00e9finie : il favorisait avant tout la cr\u00e9ation et son concept. N\u00e9anmoins, apr\u00e8s cette p\u00e9riode, il devait constamment changer de direction pour une cr\u00e9ation\u00a0 dont le m\u00e9dium \u00e9tait ce qu\u2019il nommait mati\u00e8re c\u00e9ramique, pour se rapprocher \u00e0 nouveau et d\u2019avantage de la terre tout en\u00a0 reconsid\u00e9rant son sens originel.<\/em><\/p>\n<p><em> <\/em><\/p>\n<p><em>Vers la fin des ann\u00e9es 80, Nakashima cr\u00e9e des pi\u00e8ces recouvertes de pois rose, \u0153uvres importantes qui d\u00e9terminent son image artistique jusqu\u2019\u00e0 la fin des ann\u00e9es 90.<br \/>\nSon art est \u00e0 l\u2019apog\u00e9e lorsqu\u2019il cr\u00e9e\u00a0 \u00ab Bag Series \u00bb\u00a0 dont la forme est le reflet parfait de son projet artistique et de son subconscient. Contrairement \u00e0 son pr\u00e9c\u00e9dent travail, la r\u00e9p\u00e9tition m\u00e9canique des formes a \u00e9t\u00e9 rejet\u00e9e. C\u2019est peut-\u00eatre pour cela que la fin de cette s\u00e9rie fut nette et d\u00e9finitive. <span style=\"color: #df1fad;\">\u00abA partir de 1989 j&#8217;ai cr\u00e9\u00e9 des pi\u00e8ces pour \u00ab Bag Series \u00bb\u00a0 qui avaient pour th\u00e8me l\u2019expression de mon for int\u00e9rieur. Je pense que cette p\u00e9riode correspondait \u00e0 une obsession romantique qui existait en moi. Maintenant j\u2019affronte ma vie avec plus de r\u00e9alit\u00e9 (\u2026). D\u00e9sormais je pr\u00e9f\u00e8re me consacrer \u00e0 la terre pour exprimer la souffrance qui se trouve en chaque \u00eatre humain. Cela contribue \u00e0 justifier mon existence.\u00bb<\/span> (1992). <\/em><\/p>\n<p><img data-recalc-dims=\"1\" decoding=\"async\" class=\"alignnone size-full wp-image-7375\" title=\"Exposition : Harumi NAKASHIMA - Galerie NeC nilsson et chiglien\" src=\"https:\/\/i0.wp.com\/joyana.fr\/wp-content\/uploads\/Exposition-Harumi-NAKASHIMA-Galerie-NeC-nilsson-et-chiglien_6H.jpg?resize=576%2C384&#038;ssl=1\" alt=\"Exposition Harumi NAKASHIMA (Galerie NeC)\" width=\"576\" height=\"384\" \/><\/p>\n<p><em>Cela l\u2019entraine vers \u00ab Suffering Form Series \u00bb\u00a0 qui est la base de ses cr\u00e9ations d\u2019aujourd\u2019hui dont la technique et le d\u00e9veloppement sont compl\u00e8tement diff\u00e9rents. Cette s\u00e9rie la mati\u00e8re, la forme, la technique et la cr\u00e9ation ne sont pas dissoci\u00e9es\u00a0 mais bien au contraire confondues pour mieux exprimer la souffrance int\u00e9rieure de l\u2019\u00eatre :<\/em><\/p>\n<p><em><span style=\"color: #df1fad;\">\u00abJe me retrouve moi-m\u00eame dans la terre, et\u00a0 ma souffrance se transforme au fur et \u00e0 mesure que j\u2019avance dans ma cr\u00e9ation, pour laisser appara\u00eetre une forme sculpturale.\u00bb.<\/span> <\/em><\/p>\n<p><em>L\u2019\u0153uvre appara\u00eet alors dans toute sa puissance et sa splendeur.<\/em><\/p>\n<p><em> <\/em><\/p>\n<p><em>Ce n\u2019est que r\u00e9cemment que <strong>Nakashima<\/strong> est pass\u00e9 du gr\u00e8s \u00e0 la porcelaine dont l\u2019utilisation est plus complexe mais aussi plus riche. La transparence de la mati\u00e8re donne \u00e0 ses sculptures gr\u00e2ce et radicalit\u00e9&#8230;<\/em><\/p>\n<p><img data-recalc-dims=\"1\" decoding=\"async\" class=\"alignnone size-full wp-image-7373\" title=\"Exposition : Harumi NAKASHIMA - Galerie NeC nilsson et chiglien\" src=\"https:\/\/i0.wp.com\/joyana.fr\/wp-content\/uploads\/Exposition-Harumi-NAKASHIMA-Galerie-NeC-nilsson-et-chiglien_03.jpg?resize=576%2C384&#038;ssl=1\" alt=\"Exposition Harumi NAKASHIMA (Galerie NeC)\" width=\"576\" height=\"384\" \/><\/p>\n<div data-carousel-extra='{\"blog_id\":1,\"permalink\":\"https:\\\/\\\/joyana.fr\\\/ja\\\/exposition-harumi-nakashima-galerie-nec-nilsson-chiglien\\\/107371\\\/\"}' id='gallery-1' class='gallery galleryid-107371 gallery-columns-3 gallery-size-thumbnail'><figure class='gallery-item'>\r\n\t\t\t<div class='gallery-icon landscape'>\r\n\t\t\t\t<a href=\"https:\/\/i0.wp.com\/joyana.fr\/wp-content\/uploads\/old\/Exposition-Harumi-NAKASHIMA-Galerie-NeC-nilsson-et-chiglien_H.jpg?ssl=1\"><img loading=\"lazy\" decoding=\"async\" width=\"150\" height=\"150\" src=\"https:\/\/i0.wp.com\/joyana.fr\/wp-content\/uploads\/old\/Exposition-Harumi-NAKASHIMA-Galerie-NeC-nilsson-et-chiglien_H.jpg?resize=150%2C150&amp;ssl=1\" class=\"attachment-thumbnail size-thumbnail\" alt=\"\" srcset=\"https:\/\/i0.wp.com\/joyana.fr\/wp-content\/uploads\/old\/Exposition-Harumi-NAKASHIMA-Galerie-NeC-nilsson-et-chiglien_H.jpg?resize=300%2C300&amp;ssl=1 300w, https:\/\/i0.wp.com\/joyana.fr\/wp-content\/uploads\/old\/Exposition-Harumi-NAKASHIMA-Galerie-NeC-nilsson-et-chiglien_H.jpg?resize=100%2C100&amp;ssl=1 100w, https:\/\/i0.wp.com\/joyana.fr\/wp-content\/uploads\/old\/Exposition-Harumi-NAKASHIMA-Galerie-NeC-nilsson-et-chiglien_H.jpg?zoom=3&amp;resize=150%2C150&amp;ssl=1 450w\" sizes=\"(max-width: 150px) 100vw, 150px\" data-attachment-id=\"107378\" data-permalink=\"https:\/\/joyana.fr\/ja\/exposition-harumi-nakashima-galerie-nec-nilsson-chiglien\/107371\/exposition-harumi-nakashima-galerie-nec-nilsson-et-chiglien_h\/\" data-orig-file=\"https:\/\/i0.wp.com\/joyana.fr\/wp-content\/uploads\/old\/Exposition-Harumi-NAKASHIMA-Galerie-NeC-nilsson-et-chiglien_H.jpg?fit=576%2C384&amp;ssl=1\" data-orig-size=\"576,384\" data-comments-opened=\"1\" data-image-meta=\"{&quot;aperture&quot;:&quot;20&quot;,&quot;credit&quot;:&quot;&quot;,&quot;camera&quot;:&quot;Canon EOS 5D Mark II&quot;,&quot;caption&quot;:&quot;&quot;,&quot;created_timestamp&quot;:&quot;1309802144&quot;,&quot;copyright&quot;:&quot;&quot;,&quot;focal_length&quot;:&quot;90&quot;,&quot;iso&quot;:&quot;100&quot;,&quot;shutter_speed&quot;:&quot;0.016666666666667&quot;,&quot;title&quot;:&quot;&quot;,&quot;orientation&quot;:&quot;1&quot;}\" data-image-title=\"Exposition &#8211; Harumi NAKASHIMA &#8211; Galerie NeC nilsson et chiglien_H\" data-image-description=\"\" data-image-caption=\"\" data-medium-file=\"https:\/\/i0.wp.com\/joyana.fr\/wp-content\/uploads\/old\/Exposition-Harumi-NAKASHIMA-Galerie-NeC-nilsson-et-chiglien_H.jpg?fit=389%2C259&amp;ssl=1\" data-large-file=\"https:\/\/i0.wp.com\/joyana.fr\/wp-content\/uploads\/old\/Exposition-Harumi-NAKASHIMA-Galerie-NeC-nilsson-et-chiglien_H.jpg?fit=576%2C384&amp;ssl=1\" \/><\/a>\r\n\t\t\t<\/div><\/figure><figure class='gallery-item'>\r\n\t\t\t<div class='gallery-icon landscape'>\r\n\t\t\t\t<a href=\"https:\/\/i0.wp.com\/joyana.fr\/wp-content\/uploads\/old\/Exposition-Harumi-NAKASHIMA-Galerie-NeC-nilsson-et-chiglien_0.jpg?ssl=1\"><img loading=\"lazy\" decoding=\"async\" width=\"150\" height=\"150\" src=\"https:\/\/i0.wp.com\/joyana.fr\/wp-content\/uploads\/old\/Exposition-Harumi-NAKASHIMA-Galerie-NeC-nilsson-et-chiglien_0.jpg?resize=150%2C150&amp;ssl=1\" class=\"attachment-thumbnail size-thumbnail\" alt=\"\" srcset=\"https:\/\/i0.wp.com\/joyana.fr\/wp-content\/uploads\/old\/Exposition-Harumi-NAKASHIMA-Galerie-NeC-nilsson-et-chiglien_0.jpg?resize=300%2C300&amp;ssl=1 300w, https:\/\/i0.wp.com\/joyana.fr\/wp-content\/uploads\/old\/Exposition-Harumi-NAKASHIMA-Galerie-NeC-nilsson-et-chiglien_0.jpg?resize=100%2C100&amp;ssl=1 100w, https:\/\/i0.wp.com\/joyana.fr\/wp-content\/uploads\/old\/Exposition-Harumi-NAKASHIMA-Galerie-NeC-nilsson-et-chiglien_0.jpg?zoom=3&amp;resize=150%2C150&amp;ssl=1 450w\" sizes=\"(max-width: 150px) 100vw, 150px\" data-attachment-id=\"107372\" data-permalink=\"https:\/\/joyana.fr\/ja\/exposition-harumi-nakashima-galerie-nec-nilsson-chiglien\/107371\/exposition-harumi-nakashima-galerie-nec-nilsson-et-chiglien_0\/\" data-orig-file=\"https:\/\/i0.wp.com\/joyana.fr\/wp-content\/uploads\/old\/Exposition-Harumi-NAKASHIMA-Galerie-NeC-nilsson-et-chiglien_0.jpg?fit=576%2C384&amp;ssl=1\" data-orig-size=\"576,384\" data-comments-opened=\"1\" data-image-meta=\"{&quot;aperture&quot;:&quot;0&quot;,&quot;credit&quot;:&quot;&quot;,&quot;camera&quot;:&quot;&quot;,&quot;caption&quot;:&quot;&quot;,&quot;created_timestamp&quot;:&quot;0&quot;,&quot;copyright&quot;:&quot;&quot;,&quot;focal_length&quot;:&quot;0&quot;,&quot;iso&quot;:&quot;0&quot;,&quot;shutter_speed&quot;:&quot;0&quot;,&quot;title&quot;:&quot;&quot;,&quot;orientation&quot;:&quot;1&quot;}\" data-image-title=\"Exposition &#8211; Harumi NAKASHIMA &#8211; Galerie NeC nilsson et chiglien_0\" data-image-description=\"\" data-image-caption=\"\" data-medium-file=\"https:\/\/i0.wp.com\/joyana.fr\/wp-content\/uploads\/old\/Exposition-Harumi-NAKASHIMA-Galerie-NeC-nilsson-et-chiglien_0.jpg?fit=389%2C259&amp;ssl=1\" data-large-file=\"https:\/\/i0.wp.com\/joyana.fr\/wp-content\/uploads\/old\/Exposition-Harumi-NAKASHIMA-Galerie-NeC-nilsson-et-chiglien_0.jpg?fit=576%2C384&amp;ssl=1\" \/><\/a>\r\n\t\t\t<\/div><\/figure><figure class='gallery-item'>\r\n\t\t\t<div class='gallery-icon landscape'>\r\n\t\t\t\t<a href=\"https:\/\/i0.wp.com\/joyana.fr\/wp-content\/uploads\/old\/Exposition-Harumi-NAKASHIMA-Galerie-NeC-nilsson-et-chiglien_03.jpg?ssl=1\"><img loading=\"lazy\" decoding=\"async\" width=\"150\" height=\"150\" src=\"https:\/\/i0.wp.com\/joyana.fr\/wp-content\/uploads\/old\/Exposition-Harumi-NAKASHIMA-Galerie-NeC-nilsson-et-chiglien_03.jpg?resize=150%2C150&amp;ssl=1\" class=\"attachment-thumbnail size-thumbnail\" alt=\"\" srcset=\"https:\/\/i0.wp.com\/joyana.fr\/wp-content\/uploads\/old\/Exposition-Harumi-NAKASHIMA-Galerie-NeC-nilsson-et-chiglien_03.jpg?resize=300%2C300&amp;ssl=1 300w, https:\/\/i0.wp.com\/joyana.fr\/wp-content\/uploads\/old\/Exposition-Harumi-NAKASHIMA-Galerie-NeC-nilsson-et-chiglien_03.jpg?resize=100%2C100&amp;ssl=1 100w, https:\/\/i0.wp.com\/joyana.fr\/wp-content\/uploads\/old\/Exposition-Harumi-NAKASHIMA-Galerie-NeC-nilsson-et-chiglien_03.jpg?zoom=3&amp;resize=150%2C150&amp;ssl=1 450w\" sizes=\"(max-width: 150px) 100vw, 150px\" data-attachment-id=\"107373\" data-permalink=\"https:\/\/joyana.fr\/ja\/exposition-harumi-nakashima-galerie-nec-nilsson-chiglien\/107371\/exposition-harumi-nakashima-galerie-nec-nilsson-et-chiglien_03\/\" data-orig-file=\"https:\/\/i0.wp.com\/joyana.fr\/wp-content\/uploads\/old\/Exposition-Harumi-NAKASHIMA-Galerie-NeC-nilsson-et-chiglien_03.jpg?fit=576%2C384&amp;ssl=1\" data-orig-size=\"576,384\" data-comments-opened=\"1\" data-image-meta=\"{&quot;aperture&quot;:&quot;0&quot;,&quot;credit&quot;:&quot;&quot;,&quot;camera&quot;:&quot;&quot;,&quot;caption&quot;:&quot;&quot;,&quot;created_timestamp&quot;:&quot;0&quot;,&quot;copyright&quot;:&quot;&quot;,&quot;focal_length&quot;:&quot;0&quot;,&quot;iso&quot;:&quot;0&quot;,&quot;shutter_speed&quot;:&quot;0&quot;,&quot;title&quot;:&quot;&quot;,&quot;orientation&quot;:&quot;1&quot;}\" data-image-title=\"Exposition : Harumi NAKASHIMA &#8211; Galerie NeC nilsson et chiglien\" data-image-description=\"&lt;p&gt;Exposition : Harumi NAKASHIMA &#8211; Galerie NeC nilsson et chiglien&lt;\/p&gt;\n\" data-image-caption=\"\" data-medium-file=\"https:\/\/i0.wp.com\/joyana.fr\/wp-content\/uploads\/old\/Exposition-Harumi-NAKASHIMA-Galerie-NeC-nilsson-et-chiglien_03.jpg?fit=389%2C259&amp;ssl=1\" data-large-file=\"https:\/\/i0.wp.com\/joyana.fr\/wp-content\/uploads\/old\/Exposition-Harumi-NAKASHIMA-Galerie-NeC-nilsson-et-chiglien_03.jpg?fit=576%2C384&amp;ssl=1\" \/><\/a>\r\n\t\t\t<\/div><\/figure><figure class='gallery-item'>\r\n\t\t\t<div class='gallery-icon landscape'>\r\n\t\t\t\t<a href=\"https:\/\/i0.wp.com\/joyana.fr\/wp-content\/uploads\/old\/Exposition-Harumi-NAKASHIMA-Galerie-NeC-nilsson-et-chiglien_4.jpg?ssl=1\"><img loading=\"lazy\" decoding=\"async\" width=\"150\" height=\"150\" src=\"https:\/\/i0.wp.com\/joyana.fr\/wp-content\/uploads\/old\/Exposition-Harumi-NAKASHIMA-Galerie-NeC-nilsson-et-chiglien_4.jpg?resize=150%2C150&amp;ssl=1\" class=\"attachment-thumbnail size-thumbnail\" alt=\"\" srcset=\"https:\/\/i0.wp.com\/joyana.fr\/wp-content\/uploads\/old\/Exposition-Harumi-NAKASHIMA-Galerie-NeC-nilsson-et-chiglien_4.jpg?resize=150%2C150&amp;ssl=1 150w, https:\/\/i0.wp.com\/joyana.fr\/wp-content\/uploads\/old\/Exposition-Harumi-NAKASHIMA-Galerie-NeC-nilsson-et-chiglien_4.jpg?resize=180%2C180&amp;ssl=1 180w, https:\/\/i0.wp.com\/joyana.fr\/wp-content\/uploads\/old\/Exposition-Harumi-NAKASHIMA-Galerie-NeC-nilsson-et-chiglien_4.jpg?resize=300%2C300&amp;ssl=1 300w, https:\/\/i0.wp.com\/joyana.fr\/wp-content\/uploads\/old\/Exposition-Harumi-NAKASHIMA-Galerie-NeC-nilsson-et-chiglien_4.jpg?resize=100%2C100&amp;ssl=1 100w, https:\/\/i0.wp.com\/joyana.fr\/wp-content\/uploads\/old\/Exposition-Harumi-NAKASHIMA-Galerie-NeC-nilsson-et-chiglien_4.jpg?zoom=3&amp;resize=150%2C150&amp;ssl=1 450w\" sizes=\"(max-width: 150px) 100vw, 150px\" data-attachment-id=\"107374\" data-permalink=\"https:\/\/joyana.fr\/ja\/exposition-harumi-nakashima-galerie-nec-nilsson-chiglien\/107371\/exposition-harumi-nakashima-galerie-nec-nilsson-et-chiglien_4\/\" data-orig-file=\"https:\/\/i0.wp.com\/joyana.fr\/wp-content\/uploads\/old\/Exposition-Harumi-NAKASHIMA-Galerie-NeC-nilsson-et-chiglien_4.jpg?fit=576%2C384&amp;ssl=1\" data-orig-size=\"576,384\" data-comments-opened=\"1\" data-image-meta=\"{&quot;aperture&quot;:&quot;0&quot;,&quot;credit&quot;:&quot;&quot;,&quot;camera&quot;:&quot;&quot;,&quot;caption&quot;:&quot;&quot;,&quot;created_timestamp&quot;:&quot;0&quot;,&quot;copyright&quot;:&quot;&quot;,&quot;focal_length&quot;:&quot;0&quot;,&quot;iso&quot;:&quot;0&quot;,&quot;shutter_speed&quot;:&quot;0&quot;,&quot;title&quot;:&quot;&quot;,&quot;orientation&quot;:&quot;1&quot;}\" data-image-title=\"Exposition : Harumi NAKASHIMA &#8211; Galerie NeC nilsson et chiglien\" data-image-description=\"&lt;p&gt;Exposition : Harumi NAKASHIMA &#8211; Galerie NeC nilsson et chiglien&lt;\/p&gt;\n\" data-image-caption=\"\" data-medium-file=\"https:\/\/i0.wp.com\/joyana.fr\/wp-content\/uploads\/old\/Exposition-Harumi-NAKASHIMA-Galerie-NeC-nilsson-et-chiglien_4.jpg?fit=389%2C259&amp;ssl=1\" data-large-file=\"https:\/\/i0.wp.com\/joyana.fr\/wp-content\/uploads\/old\/Exposition-Harumi-NAKASHIMA-Galerie-NeC-nilsson-et-chiglien_4.jpg?fit=576%2C384&amp;ssl=1\" \/><\/a>\r\n\t\t\t<\/div><\/figure><figure class='gallery-item'>\r\n\t\t\t<div class='gallery-icon landscape'>\r\n\t\t\t\t<a href=\"https:\/\/i0.wp.com\/joyana.fr\/wp-content\/uploads\/old\/Exposition-Harumi-NAKASHIMA-Galerie-NeC-nilsson-et-chiglien_6H.jpg?ssl=1\"><img loading=\"lazy\" decoding=\"async\" width=\"150\" height=\"150\" src=\"https:\/\/i0.wp.com\/joyana.fr\/wp-content\/uploads\/old\/Exposition-Harumi-NAKASHIMA-Galerie-NeC-nilsson-et-chiglien_6H.jpg?resize=150%2C150&amp;ssl=1\" class=\"attachment-thumbnail size-thumbnail\" alt=\"\" srcset=\"https:\/\/i0.wp.com\/joyana.fr\/wp-content\/uploads\/old\/Exposition-Harumi-NAKASHIMA-Galerie-NeC-nilsson-et-chiglien_6H.jpg?resize=300%2C300&amp;ssl=1 300w, https:\/\/i0.wp.com\/joyana.fr\/wp-content\/uploads\/old\/Exposition-Harumi-NAKASHIMA-Galerie-NeC-nilsson-et-chiglien_6H.jpg?resize=100%2C100&amp;ssl=1 100w, https:\/\/i0.wp.com\/joyana.fr\/wp-content\/uploads\/old\/Exposition-Harumi-NAKASHIMA-Galerie-NeC-nilsson-et-chiglien_6H.jpg?zoom=3&amp;resize=150%2C150&amp;ssl=1 450w\" sizes=\"(max-width: 150px) 100vw, 150px\" data-attachment-id=\"107375\" data-permalink=\"https:\/\/joyana.fr\/ja\/exposition-harumi-nakashima-galerie-nec-nilsson-chiglien\/107371\/exposition-harumi-nakashima-galerie-nec-nilsson-et-chiglien_6h\/\" data-orig-file=\"https:\/\/i0.wp.com\/joyana.fr\/wp-content\/uploads\/old\/Exposition-Harumi-NAKASHIMA-Galerie-NeC-nilsson-et-chiglien_6H.jpg?fit=576%2C384&amp;ssl=1\" data-orig-size=\"576,384\" data-comments-opened=\"1\" data-image-meta=\"{&quot;aperture&quot;:&quot;20&quot;,&quot;credit&quot;:&quot;&quot;,&quot;camera&quot;:&quot;Canon EOS 5D Mark II&quot;,&quot;caption&quot;:&quot;&quot;,&quot;created_timestamp&quot;:&quot;1309803891&quot;,&quot;copyright&quot;:&quot;&quot;,&quot;focal_length&quot;:&quot;90&quot;,&quot;iso&quot;:&quot;100&quot;,&quot;shutter_speed&quot;:&quot;0.016666666666667&quot;,&quot;title&quot;:&quot;&quot;,&quot;orientation&quot;:&quot;1&quot;}\" data-image-title=\"Exposition : Harumi NAKASHIMA &#8211; Galerie NeC nilsson et chiglien\" data-image-description=\"&lt;p&gt;Exposition : Harumi NAKASHIMA &#8211; Galerie NeC nilsson et chiglien&lt;\/p&gt;\n\" data-image-caption=\"\" data-medium-file=\"https:\/\/i0.wp.com\/joyana.fr\/wp-content\/uploads\/old\/Exposition-Harumi-NAKASHIMA-Galerie-NeC-nilsson-et-chiglien_6H.jpg?fit=389%2C259&amp;ssl=1\" data-large-file=\"https:\/\/i0.wp.com\/joyana.fr\/wp-content\/uploads\/old\/Exposition-Harumi-NAKASHIMA-Galerie-NeC-nilsson-et-chiglien_6H.jpg?fit=576%2C384&amp;ssl=1\" \/><\/a>\r\n\t\t\t<\/div><\/figure><figure class='gallery-item'>\r\n\t\t\t<div class='gallery-icon landscape'>\r\n\t\t\t\t<a href=\"https:\/\/i0.wp.com\/joyana.fr\/wp-content\/uploads\/old\/Exposition-Harumi-NAKASHIMA-Galerie-NeC-nilsson-et-chiglien_16.jpg?ssl=1\"><img loading=\"lazy\" decoding=\"async\" width=\"150\" height=\"150\" src=\"https:\/\/i0.wp.com\/joyana.fr\/wp-content\/uploads\/old\/Exposition-Harumi-NAKASHIMA-Galerie-NeC-nilsson-et-chiglien_16.jpg?resize=150%2C150&amp;ssl=1\" class=\"attachment-thumbnail size-thumbnail\" alt=\"\" srcset=\"https:\/\/i0.wp.com\/joyana.fr\/wp-content\/uploads\/old\/Exposition-Harumi-NAKASHIMA-Galerie-NeC-nilsson-et-chiglien_16.jpg?resize=300%2C300&amp;ssl=1 300w, https:\/\/i0.wp.com\/joyana.fr\/wp-content\/uploads\/old\/Exposition-Harumi-NAKASHIMA-Galerie-NeC-nilsson-et-chiglien_16.jpg?resize=100%2C100&amp;ssl=1 100w, https:\/\/i0.wp.com\/joyana.fr\/wp-content\/uploads\/old\/Exposition-Harumi-NAKASHIMA-Galerie-NeC-nilsson-et-chiglien_16.jpg?zoom=3&amp;resize=150%2C150&amp;ssl=1 450w\" sizes=\"(max-width: 150px) 100vw, 150px\" data-attachment-id=\"107376\" data-permalink=\"https:\/\/joyana.fr\/ja\/exposition-harumi-nakashima-galerie-nec-nilsson-chiglien\/107371\/exposition-harumi-nakashima-galerie-nec-nilsson-et-chiglien_16\/\" data-orig-file=\"https:\/\/i0.wp.com\/joyana.fr\/wp-content\/uploads\/old\/Exposition-Harumi-NAKASHIMA-Galerie-NeC-nilsson-et-chiglien_16.jpg?fit=576%2C384&amp;ssl=1\" data-orig-size=\"576,384\" data-comments-opened=\"1\" data-image-meta=\"{&quot;aperture&quot;:&quot;0&quot;,&quot;credit&quot;:&quot;&quot;,&quot;camera&quot;:&quot;&quot;,&quot;caption&quot;:&quot;&quot;,&quot;created_timestamp&quot;:&quot;0&quot;,&quot;copyright&quot;:&quot;&quot;,&quot;focal_length&quot;:&quot;0&quot;,&quot;iso&quot;:&quot;0&quot;,&quot;shutter_speed&quot;:&quot;0&quot;,&quot;title&quot;:&quot;&quot;,&quot;orientation&quot;:&quot;1&quot;}\" data-image-title=\"Exposition &#8211; Harumi NAKASHIMA &#8211; Galerie NeC nilsson et chiglien_16\" data-image-description=\"\" data-image-caption=\"\" data-medium-file=\"https:\/\/i0.wp.com\/joyana.fr\/wp-content\/uploads\/old\/Exposition-Harumi-NAKASHIMA-Galerie-NeC-nilsson-et-chiglien_16.jpg?fit=389%2C259&amp;ssl=1\" data-large-file=\"https:\/\/i0.wp.com\/joyana.fr\/wp-content\/uploads\/old\/Exposition-Harumi-NAKASHIMA-Galerie-NeC-nilsson-et-chiglien_16.jpg?fit=576%2C384&amp;ssl=1\" \/><\/a>\r\n\t\t\t<\/div><\/figure><\/div>\n\n<p><em><a title=\"GALERIE NEC\" href=\"http:\/\/fr-fr.facebook.com\/pages\/Galerie-NeC\/94712592386\"><strong>Galerie Nilsson et Chiglien<\/strong><\/a><br \/>\n20 rue des Coutures Saint Gervais. 75003 Paris &#8211; t\u00e9l. 09 54 74 78 51<\/em><\/p>\n<p><em> <\/em><\/p>\n<p><em>Horaires : du mardi au vendredi de 13h \u00e0 19h et le samedi de 12h \u00e0 19h<\/em><\/p>\n<p><span style=\"color: #000000;\"><em>.<\/em><\/span><\/p>\n","protected":false},"excerpt":{"rendered":"<p>Coup de c\u0153ur pour l&#8217;exposition Harumi NAKASHIMA \u00e0 la galerie NeC Nilsson et Chiglien &#8211; qui expose  [&hellip;]<\/p>\n","protected":false},"author":3,"featured_media":107374,"comment_status":"open","ping_status":"open","sticky":false,"template":"","format":"standard","meta":{"_coblocks_attr":"","_coblocks_dimensions":"","_coblocks_responsive_height":"","_coblocks_accordion_ie_support":"","_uag_custom_page_level_css":"","advgb_blocks_editor_width":"","advgb_blocks_columns_visual_guide":"","_genesis_hide_title":false,"_genesis_hide_breadcrumbs":false,"_genesis_hide_singular_image":false,"_genesis_hide_footer_widgets":false,"_genesis_custom_body_class":"","_genesis_custom_post_class":"","_genesis_layout":"","_themeisle_gutenberg_block_has_review":false,"_jetpack_newsletter_access":"","_jetpack_dont_email_post_to_subs":false,"_jetpack_newsletter_tier_id":0,"_jetpack_memberships_contains_paywalled_content":false,"_jetpack_memberships_contains_paid_content":false,"footnotes":""},"categories":[940,905,1037],"tags":[943],"class_list":{"0":"post-107371","1":"post","2":"type-post","3":"status-publish","4":"format-standard","5":"has-post-thumbnail","7":"category-art-contemporain","8":"category-deco-design","9":"category-sculpture","10":"tag-art-contemporain","11":"entry"},"featured_image_urls":{"full":["https:\/\/i0.wp.com\/joyana.fr\/wp-content\/uploads\/old\/Exposition-Harumi-NAKASHIMA-Galerie-NeC-nilsson-et-chiglien_4.jpg?fit=576%2C384&ssl=1",576,384,false],"thumbnail":["https:\/\/i0.wp.com\/joyana.fr\/wp-content\/uploads\/old\/Exposition-Harumi-NAKASHIMA-Galerie-NeC-nilsson-et-chiglien_4.jpg?resize=150%2C150&ssl=1",150,150,true],"medium":["https:\/\/i0.wp.com\/joyana.fr\/wp-content\/uploads\/old\/Exposition-Harumi-NAKASHIMA-Galerie-NeC-nilsson-et-chiglien_4.jpg?fit=389%2C259&ssl=1",389,259,true],"medium_large":["https:\/\/i0.wp.com\/joyana.fr\/wp-content\/uploads\/old\/Exposition-Harumi-NAKASHIMA-Galerie-NeC-nilsson-et-chiglien_4.jpg?fit=576%2C384&ssl=1",576,384,true],"large":["https:\/\/i0.wp.com\/joyana.fr\/wp-content\/uploads\/old\/Exposition-Harumi-NAKASHIMA-Galerie-NeC-nilsson-et-chiglien_4.jpg?fit=576%2C384&ssl=1",576,384,true],"1536x1536":["https:\/\/i0.wp.com\/joyana.fr\/wp-content\/uploads\/old\/Exposition-Harumi-NAKASHIMA-Galerie-NeC-nilsson-et-chiglien_4.jpg?fit=576%2C384&ssl=1",576,384,true],"2048x2048":["https:\/\/i0.wp.com\/joyana.fr\/wp-content\/uploads\/old\/Exposition-Harumi-NAKASHIMA-Galerie-NeC-nilsson-et-chiglien_4.jpg?fit=576%2C384&ssl=1",576,384,true],"featured-thumb":["https:\/\/i0.wp.com\/joyana.fr\/wp-content\/uploads\/old\/Exposition-Harumi-NAKASHIMA-Galerie-NeC-nilsson-et-chiglien_4.jpg?resize=576%2C384&ssl=1",576,384,true],"ab-block-post-grid-landscape":["https:\/\/i0.wp.com\/joyana.fr\/wp-content\/uploads\/old\/Exposition-Harumi-NAKASHIMA-Galerie-NeC-nilsson-et-chiglien_4.jpg?resize=576%2C384&ssl=1",576,384,true],"ab-block-post-grid-square":["https:\/\/i0.wp.com\/joyana.fr\/wp-content\/uploads\/old\/Exposition-Harumi-NAKASHIMA-Galerie-NeC-nilsson-et-chiglien_4.jpg?resize=576%2C384&ssl=1",576,384,true],"author-pro-image":["https:\/\/i0.wp.com\/joyana.fr\/wp-content\/uploads\/old\/Exposition-Harumi-NAKASHIMA-Galerie-NeC-nilsson-et-chiglien_4.jpg?resize=360%2C384&ssl=1",360,384,true],"slider":["https:\/\/i0.wp.com\/joyana.fr\/wp-content\/uploads\/old\/Exposition-Harumi-NAKASHIMA-Galerie-NeC-nilsson-et-chiglien_4.jpg?resize=576%2C384&ssl=1",576,384,true],"woocommerce_thumbnail":["https:\/\/i0.wp.com\/joyana.fr\/wp-content\/uploads\/old\/Exposition-Harumi-NAKASHIMA-Galerie-NeC-nilsson-et-chiglien_4.jpg?resize=450%2C384&ssl=1",450,384,true],"woocommerce_single":["https:\/\/i0.wp.com\/joyana.fr\/wp-content\/uploads\/old\/Exposition-Harumi-NAKASHIMA-Galerie-NeC-nilsson-et-chiglien_4.jpg?fit=576%2C384&ssl=1",576,384,true],"woocommerce_gallery_thumbnail":["https:\/\/i0.wp.com\/joyana.fr\/wp-content\/uploads\/old\/Exposition-Harumi-NAKASHIMA-Galerie-NeC-nilsson-et-chiglien_4.jpg?resize=180%2C180&ssl=1",180,180,true],"sow-carousel-default":["https:\/\/i0.wp.com\/joyana.fr\/wp-content\/uploads\/old\/Exposition-Harumi-NAKASHIMA-Galerie-NeC-nilsson-et-chiglien_4.jpg?resize=272%2C182&ssl=1",272,182,true]},"post_excerpt_stackable":"<p>Coup de c\u0153ur pour l&#8217;exposition Harumi NAKASHIMA \u00e0 la galerie NeC Nilsson et Chiglien &#8211; q&hellip;<\/p>\n","category_list":"<a href=\"https:\/\/joyana.fr\/ja\/category\/deco-design\/actualite\/art-contemporain\/\" rel=\"category tag\">Art Contemporain<\/a>, <a href=\"https:\/\/joyana.fr\/ja\/category\/deco-design\/\" rel=\"category tag\">DECO-DESIGN<\/a>, <a href=\"https:\/\/joyana.fr\/ja\/category\/deco-design\/mobilier\/sculpture\/\" rel=\"category tag\">Sculpture<\/a>","author_info":{"display_name":"Jo Yana","author_link":"https:\/\/joyana.fr\/ja\/author\/joyana\/"},"comments_num":"11 comments","featured_image_urls_v2":{"full":["https:\/\/i0.wp.com\/joyana.fr\/wp-content\/uploads\/old\/Exposition-Harumi-NAKASHIMA-Galerie-NeC-nilsson-et-chiglien_4.jpg?fit=576%2C384&ssl=1",576,384,false],"thumbnail":["https:\/\/i0.wp.com\/joyana.fr\/wp-content\/uploads\/old\/Exposition-Harumi-NAKASHIMA-Galerie-NeC-nilsson-et-chiglien_4.jpg?resize=150%2C150&ssl=1",150,150,true],"medium":["https:\/\/i0.wp.com\/joyana.fr\/wp-content\/uploads\/old\/Exposition-Harumi-NAKASHIMA-Galerie-NeC-nilsson-et-chiglien_4.jpg?fit=389%2C259&ssl=1",389,259,true],"medium_large":["https:\/\/i0.wp.com\/joyana.fr\/wp-content\/uploads\/old\/Exposition-Harumi-NAKASHIMA-Galerie-NeC-nilsson-et-chiglien_4.jpg?fit=576%2C384&ssl=1",576,384,true],"large":["https:\/\/i0.wp.com\/joyana.fr\/wp-content\/uploads\/old\/Exposition-Harumi-NAKASHIMA-Galerie-NeC-nilsson-et-chiglien_4.jpg?fit=576%2C384&ssl=1",576,384,true],"1536x1536":["https:\/\/i0.wp.com\/joyana.fr\/wp-content\/uploads\/old\/Exposition-Harumi-NAKASHIMA-Galerie-NeC-nilsson-et-chiglien_4.jpg?fit=576%2C384&ssl=1",576,384,true],"2048x2048":["https:\/\/i0.wp.com\/joyana.fr\/wp-content\/uploads\/old\/Exposition-Harumi-NAKASHIMA-Galerie-NeC-nilsson-et-chiglien_4.jpg?fit=576%2C384&ssl=1",576,384,true],"featured-thumb":["https:\/\/i0.wp.com\/joyana.fr\/wp-content\/uploads\/old\/Exposition-Harumi-NAKASHIMA-Galerie-NeC-nilsson-et-chiglien_4.jpg?resize=576%2C384&ssl=1",576,384,true],"ab-block-post-grid-landscape":["https:\/\/i0.wp.com\/joyana.fr\/wp-content\/uploads\/old\/Exposition-Harumi-NAKASHIMA-Galerie-NeC-nilsson-et-chiglien_4.jpg?resize=576%2C384&ssl=1",576,384,true],"ab-block-post-grid-square":["https:\/\/i0.wp.com\/joyana.fr\/wp-content\/uploads\/old\/Exposition-Harumi-NAKASHIMA-Galerie-NeC-nilsson-et-chiglien_4.jpg?resize=576%2C384&ssl=1",576,384,true],"author-pro-image":["https:\/\/i0.wp.com\/joyana.fr\/wp-content\/uploads\/old\/Exposition-Harumi-NAKASHIMA-Galerie-NeC-nilsson-et-chiglien_4.jpg?resize=360%2C384&ssl=1",360,384,true],"slider":["https:\/\/i0.wp.com\/joyana.fr\/wp-content\/uploads\/old\/Exposition-Harumi-NAKASHIMA-Galerie-NeC-nilsson-et-chiglien_4.jpg?resize=576%2C384&ssl=1",576,384,true],"woocommerce_thumbnail":["https:\/\/i0.wp.com\/joyana.fr\/wp-content\/uploads\/old\/Exposition-Harumi-NAKASHIMA-Galerie-NeC-nilsson-et-chiglien_4.jpg?resize=450%2C384&ssl=1",450,384,true],"woocommerce_single":["https:\/\/i0.wp.com\/joyana.fr\/wp-content\/uploads\/old\/Exposition-Harumi-NAKASHIMA-Galerie-NeC-nilsson-et-chiglien_4.jpg?fit=576%2C384&ssl=1",576,384,true],"woocommerce_gallery_thumbnail":["https:\/\/i0.wp.com\/joyana.fr\/wp-content\/uploads\/old\/Exposition-Harumi-NAKASHIMA-Galerie-NeC-nilsson-et-chiglien_4.jpg?resize=180%2C180&ssl=1",180,180,true],"sow-carousel-default":["https:\/\/i0.wp.com\/joyana.fr\/wp-content\/uploads\/old\/Exposition-Harumi-NAKASHIMA-Galerie-NeC-nilsson-et-chiglien_4.jpg?resize=272%2C182&ssl=1",272,182,true]},"post_excerpt_stackable_v2":"<p>Coup de c\u0153ur pour l&#8217;exposition Harumi NAKASHIMA \u00e0 la galerie NeC Nilsson et Chiglien &#8211; q&hellip;<\/p>\n","category_list_v2":"<a href=\"https:\/\/joyana.fr\/ja\/category\/deco-design\/actualite\/art-contemporain\/\" rel=\"category tag\">Art Contemporain<\/a>, <a href=\"https:\/\/joyana.fr\/ja\/category\/deco-design\/\" rel=\"category tag\">DECO-DESIGN<\/a>, <a href=\"https:\/\/joyana.fr\/ja\/category\/deco-design\/mobilier\/sculpture\/\" rel=\"category tag\">Sculpture<\/a>","author_info_v2":{"name":"Jo Yana","url":"https:\/\/joyana.fr\/ja\/author\/joyana\/"},"comments_num_v2":"11 comments","yoast_head":"<!-- This site is optimized with the Yoast SEO plugin v26.8 - https:\/\/yoast.com\/product\/yoast-seo-wordpress\/ -->\n<title>Exposition Harumi NAKASHIMA (Galerie NeC) - JO YANA<\/title>\n<meta name=\"robots\" content=\"index, follow, max-snippet:-1, max-image-preview:large, max-video-preview:-1\" \/>\n<link rel=\"canonical\" href=\"https:\/\/joyana.fr\/ja\/exposition-harumi-nakashima-galerie-nec-nilsson-chiglien\/107371\/\" \/>\n<meta property=\"og:locale\" content=\"ja_JP\" \/>\n<meta property=\"og:locale:alternate\" content=\"fr_FR\" \/>\n<meta property=\"og:locale:alternate\" content=\"en_US\" \/>\n<meta property=\"og:type\" content=\"article\" \/>\n<meta property=\"og:title\" content=\"Exposition Harumi NAKASHIMA (Galerie NeC) - JO YANA\" \/>\n<meta property=\"og:description\" content=\"Coup de c\u0153ur pour l&#8217;exposition Harumi NAKASHIMA \u00e0 la galerie NeC Nilsson et Chiglien &#8211; qui expose [&hellip;]\" \/>\n<meta property=\"og:url\" content=\"https:\/\/joyana.fr\/ja\/exposition-harumi-nakashima-galerie-nec-nilsson-chiglien\/107371\/\" \/>\n<meta property=\"og:site_name\" content=\"JO YANA\" \/>\n<meta property=\"article:published_time\" content=\"2011-07-20T06:27:16+00:00\" \/>\n<meta property=\"og:image\" content=\"https:\/\/joyana.fr\/wp-content\/uploads\/old\/Exposition-Harumi-NAKASHIMA-Galerie-NeC-nilsson-et-chiglien_4.jpg\" \/>\n\t<meta property=\"og:image:width\" content=\"576\" \/>\n\t<meta property=\"og:image:height\" content=\"384\" \/>\n\t<meta property=\"og:image:type\" content=\"image\/jpeg\" \/>\n<meta name=\"author\" content=\"Jo Yana\" \/>\n<meta name=\"twitter:card\" content=\"summary_large_image\" \/>\n<meta name=\"twitter:creator\" content=\"@Jo_Yana\" \/>\n<meta name=\"twitter:site\" content=\"@Jo_Yana\" \/>\n<meta name=\"twitter:label1\" content=\"\u57f7\u7b46\u8005\" \/>\n\t<meta name=\"twitter:data1\" content=\"Jo Yana\" \/>\n\t<meta name=\"twitter:label2\" content=\"\u63a8\u5b9a\u8aad\u307f\u53d6\u308a\u6642\u9593\" \/>\n\t<meta name=\"twitter:data2\" content=\"3\u5206\" \/>\n<script type=\"application\/ld+json\" class=\"yoast-schema-graph\">{\"@context\":\"https:\/\/schema.org\",\"@graph\":[{\"@type\":\"Article\",\"@id\":\"https:\/\/joyana.fr\/en\/exposition-harumi-nakashima-galerie-nec-nilsson-chiglien\/107371\/#article\",\"isPartOf\":{\"@id\":\"https:\/\/joyana.fr\/en\/exposition-harumi-nakashima-galerie-nec-nilsson-chiglien\/107371\/\"},\"author\":{\"name\":\"Jo Yana\",\"@id\":\"https:\/\/joyana.fr\/#\/schema\/person\/cf2a1ad12a27c12c21801075bf37407c\"},\"headline\":\"Exposition Harumi NAKASHIMA (Galerie NeC)\",\"datePublished\":\"2011-07-20T06:27:16+00:00\",\"mainEntityOfPage\":{\"@id\":\"https:\/\/joyana.fr\/en\/exposition-harumi-nakashima-galerie-nec-nilsson-chiglien\/107371\/\"},\"wordCount\":681,\"commentCount\":5,\"publisher\":{\"@id\":\"https:\/\/joyana.fr\/#\/schema\/person\/cf2a1ad12a27c12c21801075bf37407c\"},\"image\":{\"@id\":\"https:\/\/joyana.fr\/en\/exposition-harumi-nakashima-galerie-nec-nilsson-chiglien\/107371\/#primaryimage\"},\"thumbnailUrl\":\"https:\/\/i0.wp.com\/joyana.fr\/wp-content\/uploads\/old\/Exposition-Harumi-NAKASHIMA-Galerie-NeC-nilsson-et-chiglien_4.jpg?fit=576%2C384&ssl=1\",\"keywords\":[\"Art Contemporain\"],\"articleSection\":[\"Art Contemporain\",\"DECO-DESIGN\",\"Sculpture\"],\"inLanguage\":\"ja\",\"potentialAction\":[{\"@type\":\"CommentAction\",\"name\":\"Comment\",\"target\":[\"https:\/\/joyana.fr\/en\/exposition-harumi-nakashima-galerie-nec-nilsson-chiglien\/107371\/#respond\"]}]},{\"@type\":\"WebPage\",\"@id\":\"https:\/\/joyana.fr\/en\/exposition-harumi-nakashima-galerie-nec-nilsson-chiglien\/107371\/\",\"url\":\"https:\/\/joyana.fr\/en\/exposition-harumi-nakashima-galerie-nec-nilsson-chiglien\/107371\/\",\"name\":\"Exposition Harumi NAKASHIMA (Galerie NeC) - JO YANA\",\"isPartOf\":{\"@id\":\"https:\/\/joyana.fr\/#website\"},\"primaryImageOfPage\":{\"@id\":\"https:\/\/joyana.fr\/en\/exposition-harumi-nakashima-galerie-nec-nilsson-chiglien\/107371\/#primaryimage\"},\"image\":{\"@id\":\"https:\/\/joyana.fr\/en\/exposition-harumi-nakashima-galerie-nec-nilsson-chiglien\/107371\/#primaryimage\"},\"thumbnailUrl\":\"https:\/\/i0.wp.com\/joyana.fr\/wp-content\/uploads\/old\/Exposition-Harumi-NAKASHIMA-Galerie-NeC-nilsson-et-chiglien_4.jpg?fit=576%2C384&ssl=1\",\"datePublished\":\"2011-07-20T06:27:16+00:00\",\"breadcrumb\":{\"@id\":\"https:\/\/joyana.fr\/en\/exposition-harumi-nakashima-galerie-nec-nilsson-chiglien\/107371\/#breadcrumb\"},\"inLanguage\":\"ja\",\"potentialAction\":[{\"@type\":\"ReadAction\",\"target\":[\"https:\/\/joyana.fr\/en\/exposition-harumi-nakashima-galerie-nec-nilsson-chiglien\/107371\/\"]}]},{\"@type\":\"ImageObject\",\"inLanguage\":\"ja\",\"@id\":\"https:\/\/joyana.fr\/en\/exposition-harumi-nakashima-galerie-nec-nilsson-chiglien\/107371\/#primaryimage\",\"url\":\"https:\/\/i0.wp.com\/joyana.fr\/wp-content\/uploads\/old\/Exposition-Harumi-NAKASHIMA-Galerie-NeC-nilsson-et-chiglien_4.jpg?fit=576%2C384&ssl=1\",\"contentUrl\":\"https:\/\/i0.wp.com\/joyana.fr\/wp-content\/uploads\/old\/Exposition-Harumi-NAKASHIMA-Galerie-NeC-nilsson-et-chiglien_4.jpg?fit=576%2C384&ssl=1\",\"width\":576,\"height\":384},{\"@type\":\"BreadcrumbList\",\"@id\":\"https:\/\/joyana.fr\/en\/exposition-harumi-nakashima-galerie-nec-nilsson-chiglien\/107371\/#breadcrumb\",\"itemListElement\":[{\"@type\":\"ListItem\",\"position\":1,\"name\":\"Accueil\",\"item\":\"https:\/\/joyana.fr\/\"},{\"@type\":\"ListItem\",\"position\":2,\"name\":\"Exposition Harumi NAKASHIMA (Galerie NeC)\"}]},{\"@type\":\"WebSite\",\"@id\":\"https:\/\/joyana.fr\/#website\",\"url\":\"https:\/\/joyana.fr\/\",\"name\":\"JO YANA\",\"description\":\"Blog Mode Homme, Lifestyle, D\u00e9co-Design\",\"publisher\":{\"@id\":\"https:\/\/joyana.fr\/#\/schema\/person\/cf2a1ad12a27c12c21801075bf37407c\"},\"potentialAction\":[{\"@type\":\"SearchAction\",\"target\":{\"@type\":\"EntryPoint\",\"urlTemplate\":\"https:\/\/joyana.fr\/?s={search_term_string}\"},\"query-input\":{\"@type\":\"PropertyValueSpecification\",\"valueRequired\":true,\"valueName\":\"search_term_string\"}}],\"inLanguage\":\"ja\"},{\"@type\":[\"Person\",\"Organization\"],\"@id\":\"https:\/\/joyana.fr\/#\/schema\/person\/cf2a1ad12a27c12c21801075bf37407c\",\"name\":\"Jo Yana\",\"image\":{\"@type\":\"ImageObject\",\"inLanguage\":\"ja\",\"@id\":\"https:\/\/joyana.fr\/#\/schema\/person\/image\/\",\"url\":\"https:\/\/i0.wp.com\/joyana.fr\/wp-content\/uploads\/2016\/08\/cropped-joyana-logo-black-360x180.png?fit=343%2C164&ssl=1\",\"contentUrl\":\"https:\/\/i0.wp.com\/joyana.fr\/wp-content\/uploads\/2016\/08\/cropped-joyana-logo-black-360x180.png?fit=343%2C164&ssl=1\",\"width\":343,\"height\":164,\"caption\":\"Jo Yana\"},\"logo\":{\"@id\":\"https:\/\/joyana.fr\/#\/schema\/person\/image\/\"},\"description\":\"Jo Yana est le cr\u00e9ateur et r\u00e9dacteur en chef des sites DECO-DESIGN. Passionn\u00e9 de Design, Mode, Photo, Luxe, Lifestyle, Musique, mais avant tout Blogueur ! Le plaisir de partager l'anime et a comme devise \\\"POUR L'AMOUR DU BEAU\\\". Retrouvez le aussi sur son blog personnel - https:\/\/joyana.fr...\",\"sameAs\":[\"https:\/\/joyana.fr\/\"],\"url\":\"https:\/\/joyana.fr\/ja\/author\/joyana\/\"}]}<\/script>\n<!-- \/ Yoast SEO plugin. -->","yoast_head_json":{"title":"Exposition Harumi NAKASHIMA (Galerie NeC) - JO YANA","robots":{"index":"index","follow":"follow","max-snippet":"max-snippet:-1","max-image-preview":"max-image-preview:large","max-video-preview":"max-video-preview:-1"},"canonical":"https:\/\/joyana.fr\/ja\/exposition-harumi-nakashima-galerie-nec-nilsson-chiglien\/107371\/","og_locale":"ja_JP","og_type":"article","og_title":"Exposition Harumi NAKASHIMA (Galerie NeC) - JO YANA","og_description":"Coup de c\u0153ur pour l&#8217;exposition Harumi NAKASHIMA \u00e0 la galerie NeC Nilsson et Chiglien &#8211; qui expose [&hellip;]","og_url":"https:\/\/joyana.fr\/ja\/exposition-harumi-nakashima-galerie-nec-nilsson-chiglien\/107371\/","og_site_name":"JO YANA","article_published_time":"2011-07-20T06:27:16+00:00","og_image":[{"width":576,"height":384,"url":"https:\/\/joyana.fr\/wp-content\/uploads\/old\/Exposition-Harumi-NAKASHIMA-Galerie-NeC-nilsson-et-chiglien_4.jpg","type":"image\/jpeg"}],"author":"Jo Yana","twitter_card":"summary_large_image","twitter_creator":"@Jo_Yana","twitter_site":"@Jo_Yana","twitter_misc":{"\u57f7\u7b46\u8005":"Jo Yana","\u63a8\u5b9a\u8aad\u307f\u53d6\u308a\u6642\u9593":"3\u5206"},"schema":{"@context":"https:\/\/schema.org","@graph":[{"@type":"Article","@id":"https:\/\/joyana.fr\/en\/exposition-harumi-nakashima-galerie-nec-nilsson-chiglien\/107371\/#article","isPartOf":{"@id":"https:\/\/joyana.fr\/en\/exposition-harumi-nakashima-galerie-nec-nilsson-chiglien\/107371\/"},"author":{"name":"Jo Yana","@id":"https:\/\/joyana.fr\/#\/schema\/person\/cf2a1ad12a27c12c21801075bf37407c"},"headline":"Exposition Harumi NAKASHIMA (Galerie NeC)","datePublished":"2011-07-20T06:27:16+00:00","mainEntityOfPage":{"@id":"https:\/\/joyana.fr\/en\/exposition-harumi-nakashima-galerie-nec-nilsson-chiglien\/107371\/"},"wordCount":681,"commentCount":5,"publisher":{"@id":"https:\/\/joyana.fr\/#\/schema\/person\/cf2a1ad12a27c12c21801075bf37407c"},"image":{"@id":"https:\/\/joyana.fr\/en\/exposition-harumi-nakashima-galerie-nec-nilsson-chiglien\/107371\/#primaryimage"},"thumbnailUrl":"https:\/\/i0.wp.com\/joyana.fr\/wp-content\/uploads\/old\/Exposition-Harumi-NAKASHIMA-Galerie-NeC-nilsson-et-chiglien_4.jpg?fit=576%2C384&ssl=1","keywords":["Art Contemporain"],"articleSection":["Art Contemporain","DECO-DESIGN","Sculpture"],"inLanguage":"ja","potentialAction":[{"@type":"CommentAction","name":"Comment","target":["https:\/\/joyana.fr\/en\/exposition-harumi-nakashima-galerie-nec-nilsson-chiglien\/107371\/#respond"]}]},{"@type":"WebPage","@id":"https:\/\/joyana.fr\/en\/exposition-harumi-nakashima-galerie-nec-nilsson-chiglien\/107371\/","url":"https:\/\/joyana.fr\/en\/exposition-harumi-nakashima-galerie-nec-nilsson-chiglien\/107371\/","name":"Exposition Harumi NAKASHIMA (Galerie NeC) - JO YANA","isPartOf":{"@id":"https:\/\/joyana.fr\/#website"},"primaryImageOfPage":{"@id":"https:\/\/joyana.fr\/en\/exposition-harumi-nakashima-galerie-nec-nilsson-chiglien\/107371\/#primaryimage"},"image":{"@id":"https:\/\/joyana.fr\/en\/exposition-harumi-nakashima-galerie-nec-nilsson-chiglien\/107371\/#primaryimage"},"thumbnailUrl":"https:\/\/i0.wp.com\/joyana.fr\/wp-content\/uploads\/old\/Exposition-Harumi-NAKASHIMA-Galerie-NeC-nilsson-et-chiglien_4.jpg?fit=576%2C384&ssl=1","datePublished":"2011-07-20T06:27:16+00:00","breadcrumb":{"@id":"https:\/\/joyana.fr\/en\/exposition-harumi-nakashima-galerie-nec-nilsson-chiglien\/107371\/#breadcrumb"},"inLanguage":"ja","potentialAction":[{"@type":"ReadAction","target":["https:\/\/joyana.fr\/en\/exposition-harumi-nakashima-galerie-nec-nilsson-chiglien\/107371\/"]}]},{"@type":"ImageObject","inLanguage":"ja","@id":"https:\/\/joyana.fr\/en\/exposition-harumi-nakashima-galerie-nec-nilsson-chiglien\/107371\/#primaryimage","url":"https:\/\/i0.wp.com\/joyana.fr\/wp-content\/uploads\/old\/Exposition-Harumi-NAKASHIMA-Galerie-NeC-nilsson-et-chiglien_4.jpg?fit=576%2C384&ssl=1","contentUrl":"https:\/\/i0.wp.com\/joyana.fr\/wp-content\/uploads\/old\/Exposition-Harumi-NAKASHIMA-Galerie-NeC-nilsson-et-chiglien_4.jpg?fit=576%2C384&ssl=1","width":576,"height":384},{"@type":"BreadcrumbList","@id":"https:\/\/joyana.fr\/en\/exposition-harumi-nakashima-galerie-nec-nilsson-chiglien\/107371\/#breadcrumb","itemListElement":[{"@type":"ListItem","position":1,"name":"Accueil","item":"https:\/\/joyana.fr\/"},{"@type":"ListItem","position":2,"name":"Exposition Harumi NAKASHIMA (Galerie NeC)"}]},{"@type":"WebSite","@id":"https:\/\/joyana.fr\/#website","url":"https:\/\/joyana.fr\/","name":"JO YANA","description":"Blog Mode Homme, Lifestyle, D\u00e9co-Design","publisher":{"@id":"https:\/\/joyana.fr\/#\/schema\/person\/cf2a1ad12a27c12c21801075bf37407c"},"potentialAction":[{"@type":"SearchAction","target":{"@type":"EntryPoint","urlTemplate":"https:\/\/joyana.fr\/?s={search_term_string}"},"query-input":{"@type":"PropertyValueSpecification","valueRequired":true,"valueName":"search_term_string"}}],"inLanguage":"ja"},{"@type":["Person","Organization"],"@id":"https:\/\/joyana.fr\/#\/schema\/person\/cf2a1ad12a27c12c21801075bf37407c","name":"Jo Yana","image":{"@type":"ImageObject","inLanguage":"ja","@id":"https:\/\/joyana.fr\/#\/schema\/person\/image\/","url":"https:\/\/i0.wp.com\/joyana.fr\/wp-content\/uploads\/2016\/08\/cropped-joyana-logo-black-360x180.png?fit=343%2C164&ssl=1","contentUrl":"https:\/\/i0.wp.com\/joyana.fr\/wp-content\/uploads\/2016\/08\/cropped-joyana-logo-black-360x180.png?fit=343%2C164&ssl=1","width":343,"height":164,"caption":"Jo Yana"},"logo":{"@id":"https:\/\/joyana.fr\/#\/schema\/person\/image\/"},"description":"Jo Yana est le cr\u00e9ateur et r\u00e9dacteur en chef des sites DECO-DESIGN. Passionn\u00e9 de Design, Mode, Photo, Luxe, Lifestyle, Musique, mais avant tout Blogueur ! Le plaisir de partager l'anime et a comme devise \"POUR L'AMOUR DU BEAU\". Retrouvez le aussi sur son blog personnel - https:\/\/joyana.fr...","sameAs":["https:\/\/joyana.fr\/"],"url":"https:\/\/joyana.fr\/ja\/author\/joyana\/"}]}},"author_meta":{"display_name":"Jo Yana","author_link":"https:\/\/joyana.fr\/ja\/author\/joyana\/"},"featured_img":"https:\/\/i0.wp.com\/joyana.fr\/wp-content\/uploads\/old\/Exposition-Harumi-NAKASHIMA-Galerie-NeC-nilsson-et-chiglien_4.jpg?fit=389%2C259&ssl=1","featured_image_src":"https:\/\/i0.wp.com\/joyana.fr\/wp-content\/uploads\/old\/Exposition-Harumi-NAKASHIMA-Galerie-NeC-nilsson-et-chiglien_4.jpg?resize=576%2C384&ssl=1","featured_image_src_square":"https:\/\/i0.wp.com\/joyana.fr\/wp-content\/uploads\/old\/Exposition-Harumi-NAKASHIMA-Galerie-NeC-nilsson-et-chiglien_4.jpg?resize=576%2C384&ssl=1","jetpack_featured_media_url":"https:\/\/i0.wp.com\/joyana.fr\/wp-content\/uploads\/old\/Exposition-Harumi-NAKASHIMA-Galerie-NeC-nilsson-et-chiglien_4.jpg?fit=576%2C384&ssl=1","uagb_featured_image_src":{"full":["https:\/\/i0.wp.com\/joyana.fr\/wp-content\/uploads\/old\/Exposition-Harumi-NAKASHIMA-Galerie-NeC-nilsson-et-chiglien_4.jpg?fit=576%2C384&ssl=1",576,384,false],"thumbnail":["https:\/\/i0.wp.com\/joyana.fr\/wp-content\/uploads\/old\/Exposition-Harumi-NAKASHIMA-Galerie-NeC-nilsson-et-chiglien_4.jpg?resize=150%2C150&ssl=1",150,150,true],"medium":["https:\/\/i0.wp.com\/joyana.fr\/wp-content\/uploads\/old\/Exposition-Harumi-NAKASHIMA-Galerie-NeC-nilsson-et-chiglien_4.jpg?fit=389%2C259&ssl=1",389,259,true],"medium_large":["https:\/\/i0.wp.com\/joyana.fr\/wp-content\/uploads\/old\/Exposition-Harumi-NAKASHIMA-Galerie-NeC-nilsson-et-chiglien_4.jpg?fit=576%2C384&ssl=1",576,384,true],"large":["https:\/\/i0.wp.com\/joyana.fr\/wp-content\/uploads\/old\/Exposition-Harumi-NAKASHIMA-Galerie-NeC-nilsson-et-chiglien_4.jpg?fit=576%2C384&ssl=1",576,384,true],"1536x1536":["https:\/\/i0.wp.com\/joyana.fr\/wp-content\/uploads\/old\/Exposition-Harumi-NAKASHIMA-Galerie-NeC-nilsson-et-chiglien_4.jpg?fit=576%2C384&ssl=1",576,384,true],"2048x2048":["https:\/\/i0.wp.com\/joyana.fr\/wp-content\/uploads\/old\/Exposition-Harumi-NAKASHIMA-Galerie-NeC-nilsson-et-chiglien_4.jpg?fit=576%2C384&ssl=1",576,384,true],"featured-thumb":["https:\/\/i0.wp.com\/joyana.fr\/wp-content\/uploads\/old\/Exposition-Harumi-NAKASHIMA-Galerie-NeC-nilsson-et-chiglien_4.jpg?resize=576%2C384&ssl=1",576,384,true],"ab-block-post-grid-landscape":["https:\/\/i0.wp.com\/joyana.fr\/wp-content\/uploads\/old\/Exposition-Harumi-NAKASHIMA-Galerie-NeC-nilsson-et-chiglien_4.jpg?resize=576%2C384&ssl=1",576,384,true],"ab-block-post-grid-square":["https:\/\/i0.wp.com\/joyana.fr\/wp-content\/uploads\/old\/Exposition-Harumi-NAKASHIMA-Galerie-NeC-nilsson-et-chiglien_4.jpg?resize=576%2C384&ssl=1",576,384,true],"author-pro-image":["https:\/\/i0.wp.com\/joyana.fr\/wp-content\/uploads\/old\/Exposition-Harumi-NAKASHIMA-Galerie-NeC-nilsson-et-chiglien_4.jpg?resize=360%2C384&ssl=1",360,384,true],"slider":["https:\/\/i0.wp.com\/joyana.fr\/wp-content\/uploads\/old\/Exposition-Harumi-NAKASHIMA-Galerie-NeC-nilsson-et-chiglien_4.jpg?resize=576%2C384&ssl=1",576,384,true],"woocommerce_thumbnail":["https:\/\/i0.wp.com\/joyana.fr\/wp-content\/uploads\/old\/Exposition-Harumi-NAKASHIMA-Galerie-NeC-nilsson-et-chiglien_4.jpg?resize=450%2C384&ssl=1",450,384,true],"woocommerce_single":["https:\/\/i0.wp.com\/joyana.fr\/wp-content\/uploads\/old\/Exposition-Harumi-NAKASHIMA-Galerie-NeC-nilsson-et-chiglien_4.jpg?fit=576%2C384&ssl=1",576,384,true],"woocommerce_gallery_thumbnail":["https:\/\/i0.wp.com\/joyana.fr\/wp-content\/uploads\/old\/Exposition-Harumi-NAKASHIMA-Galerie-NeC-nilsson-et-chiglien_4.jpg?resize=180%2C180&ssl=1",180,180,true],"sow-carousel-default":["https:\/\/i0.wp.com\/joyana.fr\/wp-content\/uploads\/old\/Exposition-Harumi-NAKASHIMA-Galerie-NeC-nilsson-et-chiglien_4.jpg?resize=272%2C182&ssl=1",272,182,true]},"uagb_author_info":{"display_name":"Jo Yana","author_link":"https:\/\/joyana.fr\/ja\/author\/joyana\/"},"uagb_comment_info":11,"uagb_excerpt":"Coup de c\u0153ur pour l&#8217;exposition Harumi NAKASHIMA \u00e0&hellip;","coauthors":[],"tax_additional":{"categories":{"linked":["<a href=\"https:\/\/joyana.fr\/ja\/category\/deco-design\/actualite\/art-contemporain\/\" class=\"advgb-post-tax-term\">Art Contemporain<\/a>","<a href=\"https:\/\/joyana.fr\/ja\/category\/deco-design\/\" class=\"advgb-post-tax-term\">DECO-DESIGN<\/a>","<a href=\"https:\/\/joyana.fr\/ja\/category\/deco-design\/mobilier\/sculpture\/\" class=\"advgb-post-tax-term\">Sculpture<\/a>"],"unlinked":["<span class=\"advgb-post-tax-term\">Art Contemporain<\/span>","<span class=\"advgb-post-tax-term\">DECO-DESIGN<\/span>","<span class=\"advgb-post-tax-term\">Sculpture<\/span>"]},"tags":{"linked":["<a href=\"https:\/\/joyana.fr\/ja\/category\/deco-design\/mobilier\/sculpture\/\" class=\"advgb-post-tax-term\">Art Contemporain<\/a>"],"unlinked":["<span class=\"advgb-post-tax-term\">Art Contemporain<\/span>"]}},"comment_count":11,"relative_dates":{"created":"Posted 15\u5e74 ago","modified":"Updated 15\u5e74 ago"},"absolute_dates":{"created":"Posted on 20 7\u6708 2011","modified":"Updated on 20 7\u6708 2011"},"absolute_dates_time":{"created":"Posted on 20 7\u6708 2011 7:27","modified":"Updated on 20 7\u6708 2011 7:27"},"featured_img_caption":"","series_order":"","jetpack_sharing_enabled":true,"jetpack_shortlink":"https:\/\/wp.me\/p9bteI-rVN","jetpack-related-posts":[],"_links":{"self":[{"href":"https:\/\/joyana.fr\/ja\/wp-json\/wp\/v2\/posts\/107371","targetHints":{"allow":["GET"]}}],"collection":[{"href":"https:\/\/joyana.fr\/ja\/wp-json\/wp\/v2\/posts"}],"about":[{"href":"https:\/\/joyana.fr\/ja\/wp-json\/wp\/v2\/types\/post"}],"author":[{"embeddable":true,"href":"https:\/\/joyana.fr\/ja\/wp-json\/wp\/v2\/users\/3"}],"replies":[{"embeddable":true,"href":"https:\/\/joyana.fr\/ja\/wp-json\/wp\/v2\/comments?post=107371"}],"version-history":[{"count":0,"href":"https:\/\/joyana.fr\/ja\/wp-json\/wp\/v2\/posts\/107371\/revisions"}],"wp:featuredmedia":[{"embeddable":true,"href":"https:\/\/joyana.fr\/ja\/wp-json\/wp\/v2\/media\/107374"}],"wp:attachment":[{"href":"https:\/\/joyana.fr\/ja\/wp-json\/wp\/v2\/media?parent=107371"}],"wp:term":[{"taxonomy":"category","embeddable":true,"href":"https:\/\/joyana.fr\/ja\/wp-json\/wp\/v2\/categories?post=107371"},{"taxonomy":"post_tag","embeddable":true,"href":"https:\/\/joyana.fr\/ja\/wp-json\/wp\/v2\/tags?post=107371"}],"curies":[{"name":"wp","href":"https:\/\/api.w.org\/{rel}","templated":true}]}}