{"id":108338,"date":"2011-11-29T13:35:24","date_gmt":"2011-11-29T12:35:24","guid":{"rendered":"https:\/\/joyana.fr\/?p=8338"},"modified":"2011-11-29T13:35:24","modified_gmt":"2011-11-29T12:35:24","slug":"exposition-fornasetti-epokhe-beaune-interview-barnaba-fornasetti","status":"publish","type":"post","link":"https:\/\/joyana.fr\/ja\/exposition-fornasetti-epokhe-beaune-interview-barnaba-fornasetti\/108338\/","title":{"rendered":"Exposition FORNASETTI + Interview Barnaba FORNASETTI"},"content":{"rendered":"<p><a title=\"BLOG DECO\" href=\"https:\/\/joyana.fr\"><strong>Deco-Design<\/strong><\/a> a eu la chance d&#8217;\u00eatre invit\u00e9 en avant premi\u00e8re \u00e0 Beaune, pour d\u00e9couvrir l&#8217;<strong>exposition Fornasetti<\/strong> \u00e0 la <strong>galerie Epokh\u00e9<\/strong>, et interviewer Mr <strong>Fornasetti<\/strong> fils &#8211; <strong>Barnaba<\/strong>&#8230;<\/p>\n<p><img data-recalc-dims=\"1\" fetchpriority=\"high\" decoding=\"async\" class=\"alignnone size-full wp-image-8341\" title=\"Exposition FORNASETTI + Interview Barnaba FORNASETTI\" src=\"https:\/\/i0.wp.com\/joyana.fr\/wp-content\/uploads\/FORNASETTI_DSC02660.jpg?resize=576%2C882&#038;ssl=1\" alt=\"\" width=\"576\" height=\"882\" \/><\/p>\n<p>Marie-Christine GrandPerret &#8211; qui dirige la <a href=\"http:\/\/epokhe.fr\/fornasetti\/\"><strong>galerie Epokh\u00e9<\/strong><\/a> &#8211; nous accueille, enjou\u00e9e de nous faire d\u00e9couvrir cette <strong>exposition<\/strong> qu&#8217;elle pr\u00e9pare depuis des ann\u00e9es, et nous confie qu&#8217;elle est tr\u00e8s fi\u00e8re que <strong>Barnaba Fornasetti<\/strong> ait choisi &#8211; sp\u00e9cifiquement pour cet \u00e9v\u00e8nement &#8211; de plonger dans les archives de son p\u00e8re pour sortir des \u0153uvres jamais vu, et surtout cr\u00e9er sp\u00e9cialement pour l&#8217;occasion des pi\u00e8ces in\u00e9dites&#8230;<\/p>\n<p>Elle nous confit m\u00eame que <strong>Barnaba Fornasetti<\/strong> &#8211; avec son assistant &#8211; a lui m\u00eame fait l&#8217;accrochage des pi\u00e8ces avec minutie&#8230; Nous vous conseillons d&#8217;allez faire un tour sur la <a href=\"http:\/\/epokhe.fr\/fornasetti\/\">pr\u00e9sentation de l&#8217;exposition<\/a>, et nous vous laissons d\u00e9couvrir les photos avant de passer \u00e0 l&#8217;<strong>interview<\/strong>&#8230;<\/p>\n<p><img data-recalc-dims=\"1\" decoding=\"async\" class=\"alignnone size-full wp-image-8342\" title=\"Exposition FORNASETTI + Interview Barnaba FORNASETTI\" src=\"https:\/\/i0.wp.com\/joyana.fr\/wp-content\/uploads\/FORNASETTI_DSC02662.jpg?resize=576%2C381&#038;ssl=1\" alt=\"\" width=\"576\" height=\"381\" \/><\/p>\n<p>Pour rappel : <em><strong>Piero Fornasetti<\/strong> \u00e9tait tout \u00e0 la fois un c\u00e9l\u00e8bre peintre, sculpteur et d\u00e9corateur d\u2019int\u00e9rieur milanais. Il a cr\u00e9\u00e9, durant toute sa carri\u00e8re, pr\u00e8s de 11 000 pi\u00e8ces, pr\u00e9sentant une vari\u00e9t\u00e9 inou\u00efe; sa production artistique d\u2019objets et de meubles est, du reste, l\u2019une des plus importantes du XX\u00e8 si\u00e8cle. Il est reconnu aujourd\u2019hui comme \u00e9tant l\u2019un des talents cr\u00e9atifs les plus originaux du si\u00e8cle dernier&#8230;<\/em><\/p>\n<p><em>Le fils de <strong>Piero Fornasetti<\/strong>, <strong>Barnaba<\/strong>, perp\u00e9tue aujourd\u2019hui la tradition <strong>Fornasetti<\/strong> en poursuivant l\u2019\u0153uvre de cr\u00e9ation et de design de son p\u00e8re. Il est le gardien de son h\u00e9ritage. Il continue, bien entendu, \u00e0 cr\u00e9er de nouveaux designs, renouvelle la production faite main et travaille en collaboration avec de nombreuses industries qui fabriquent les produits et reproduisent les cr\u00e9ations <strong>Fornasetti<\/strong> conform\u00e9ment \u00e0 une licence d\u00e9di\u00e9e&#8230;<\/em><\/p>\n<p><img data-recalc-dims=\"1\" decoding=\"async\" class=\"alignnone size-full wp-image-8345\" title=\"Exposition FORNASETTI + Interview Barnaba FORNASETTI\" src=\"https:\/\/i0.wp.com\/joyana.fr\/wp-content\/uploads\/FORNASETTI_DSC02669.jpg?resize=576%2C383&#038;ssl=1\" alt=\"\" width=\"576\" height=\"383\" \/><\/p>\n<p><span style=\"color: #000000;\">.<\/span><\/p>\n<h2 style=\"text-align: center;\">Interview Barbana FORNASETTI :<\/h2>\n<p><span style=\"color: #ff0099;\"><a title=\"BLOG DECO-DESIGN\" href=\"https:\/\/joyana.fr\"><strong>Deco-Design<\/strong><\/a> : Ciao <strong>Barnaba<\/strong>, comment cela se passe lorsqu&#8217;on rentre dans un processus de cr\u00e9ation de nouveaux produits <strong>Fornasetti<\/strong> ??? Comment m\u00e9langez vous l&#8217;h\u00e9ritage de votre p\u00e8re \u00e0 la modernit\u00e9 d&#8217;aujourd&#8217;hui ???<\/span><\/p>\n<p><strong>Barnaba Fornasetti<\/strong> : <em>Le processus de cr\u00e9ation d\u00e9marre toujours pas une exploration de nos archives, qui est un h\u00e9ritage infini d&#8217;images mis \u00e0 ma disposition.<br \/>\nJe continue de d\u00e9velopper les diff\u00e9rents th\u00e8mes abord\u00e9s par mon p\u00e8re, en essayant de respecter la tradition en y emmenant de la nouveaut\u00e9.<\/em><\/p>\n<p><em>Les gens me disent souvent que j&#8217;ai r\u00e9ussi a apporter une touche de modernit\u00e9 aux derni\u00e8res cr\u00e9ations <strong>Fornasetti<\/strong>.<\/em><\/p>\n<p><img data-recalc-dims=\"1\" loading=\"lazy\" decoding=\"async\" class=\"alignnone size-full wp-image-8346\" title=\"Exposition FORNASETTI + Interview Barnaba FORNASETTI\" src=\"https:\/\/i0.wp.com\/joyana.fr\/wp-content\/uploads\/FORNASETTI_DSC02670.jpg?resize=576%2C835&#038;ssl=1\" alt=\"\" width=\"576\" height=\"835\" \/><\/p>\n<p><span style=\"color: #ff0099;\"><a title=\"BLOG DECO-DESIGN\" href=\"..\/\"><strong>Deco-Design<\/strong><\/a> : Les produits <strong>Fornasetti<\/strong> sont disponibles dans tr\u00e8s peu de boutiques, n&#8217;avez vous pas envie de d\u00e9mocratiser un peu plus les produits de la marque et diminuer la frustration que peuvent ressentir certains passionn\u00e9s de d\u00e9coration qui ont du mal \u00e0 se procurer vos produits ???<\/span><\/p>\n<p><strong>Barnaba Fornasetti<\/strong> : <em>L&#8217;engouement des produits <strong>Fornasetti<\/strong> est du aussi \u00e0 la mode d&#8217;aujourd&#8217;hui qui est tr\u00e8s ann\u00e9es 50, mais avant tout les produits Fornasetti est un produit de niche qui recherche de l&#8217;exclusivit\u00e9, de la qualit\u00e9 dans ses produits et ses revendeurs&#8230;<br \/>\n<\/em><\/p>\n<p><em>Je crois que la crise de la grande production m&#8217;a confort\u00e9 dans mon id\u00e9e de continuer a proposer des produits d&#8217;un niveau raffin\u00e9 et recherch\u00e9, dans des lieux exclusifs. C&#8217;est vrai aussi en m\u00eame temps que le march\u00e9 s&#8217;est divis\u00e9 en deux parties, produits de masses et produits tr\u00e8s haut de gamme qui flirtent entre design et Art &#8211; une cat\u00e9gorie qui a toujours \u00e9t\u00e9 la philosophie de <strong>Fornasetti<\/strong>&#8230;<\/em><\/p>\n<p><em>En 1950 mon p\u00e8re a essay\u00e9 avec Gia Ponti de mettre la cr\u00e9ativit\u00e9 dans la production industrielle, c&#8217;est pourquoi mon p\u00e8re a inventer des produits d&#8217;utilisation quotidienne en oubliant les produits en \u00e9ditions limit\u00e9es; mais apr\u00e8s s&#8217;\u00eatre confront\u00e9 aux difficult\u00e9s du march\u00e9, ils ont du reconnaitre que c&#8217;\u00e9tait de l&#8217;utopie&#8230; Car c&#8217;\u00e9tait difficile pour le march\u00e9 d&#8217;accepter des images aussi forte que celles de <strong>Fornasetti<\/strong>&#8230;<\/em><\/p>\n<p><img data-recalc-dims=\"1\" loading=\"lazy\" decoding=\"async\" class=\"alignnone size-full wp-image-8347\" title=\"Exposition FORNASETTI + Interview Barnaba FORNASETTI\" src=\"https:\/\/i0.wp.com\/joyana.fr\/wp-content\/uploads\/FORNASETTI_DSC02672.jpg?resize=576%2C383&#038;ssl=1\" alt=\"\" width=\"576\" height=\"383\" \/><\/p>\n<p><img data-recalc-dims=\"1\" loading=\"lazy\" decoding=\"async\" class=\"alignnone size-full wp-image-8348\" title=\"Exposition FORNASETTI + Interview Barnaba FORNASETTI\" src=\"https:\/\/i0.wp.com\/joyana.fr\/wp-content\/uploads\/FORNASETTI_DSC02676.jpg?resize=576%2C425&#038;ssl=1\" alt=\"\" width=\"576\" height=\"425\" \/><\/p>\n<p><span style=\"color: #ff0099;\"><a title=\"BLOG DECO-DESIGN\" href=\"..\/\"><strong>Deco-Design<\/strong><\/a> : Justement comment vous choisissez les nouveaux supports qui vont accueillir ces images fortes ??? Pourquoi vous acceptez ou refusez certaines collaborations ou licences ???<\/span><\/p>\n<p><strong>Barnaba Fornasetti<\/strong> : <em>Premi\u00e8rement chaque objet ne doit jamais perdre sa fonction, sinon ce n&#8217;est plus du design, c&#8217;est de l&#8217;art pur. Une chose que je refuse absolument c&#8217;est l&#8217;impression sur du plastique, non pas que je suis snob car le plastique est tr\u00e8s int\u00e9ressant, mais on a d\u00e9j\u00e0 essay\u00e9 de faire quelques objets qui avaient du plastique et ils ont \u00e9t\u00e9 tr\u00e8s mal accueilli par les clients de <strong>Fornasetti<\/strong>&#8230;<\/em><\/p>\n<p><span style=\"color: #ff0099;\"><a title=\"BLOG DECO-DESIGN\" href=\"..\/\"><strong>Deco-Design<\/strong><\/a> : Lorsque vous feuilletez les magazines de d\u00e9coration, dans quel type d&#8217;int\u00e9rieurs pr\u00e9f\u00e9rez vous voir les produits <strong>Fornasetti<\/strong>, plut\u00f4t contemporain ou classique ???<\/span><\/p>\n<p><strong>Barnaba Fornasetti<\/strong> : <em>Je pense que les produits <strong>Fornasetti<\/strong> se fondent parfaitement avec tous types d&#8217;int\u00e9rieurs,\u00a0 je n&#8217;ai aucune pr\u00e9f\u00e9rence, j&#8217;aime les int\u00e9rieurs contemporains mais aussi les classiques ; par contre je ne supporte pas voir mes produits dans des int\u00e9rieurs kitch et vulgaires&#8230;<\/em><\/p>\n<p><img data-recalc-dims=\"1\" loading=\"lazy\" decoding=\"async\" class=\"alignnone size-full wp-image-8349\" title=\"Exposition FORNASETTI + Interview Barnaba FORNASETTI\" src=\"https:\/\/i0.wp.com\/joyana.fr\/wp-content\/uploads\/FORNASETTI_DSC02677.jpg?resize=576%2C371&#038;ssl=1\" alt=\"\" width=\"576\" height=\"371\" \/><\/p>\n<p><img data-recalc-dims=\"1\" loading=\"lazy\" decoding=\"async\" class=\"alignnone size-full wp-image-8350\" title=\"Exposition FORNASETTI + Interview Barnaba FORNASETTI\" src=\"https:\/\/i0.wp.com\/joyana.fr\/wp-content\/uploads\/FORNASETTI_DSC02681.jpg?resize=576%2C383&#038;ssl=1\" alt=\"\" width=\"576\" height=\"383\" \/><\/p>\n<p><span style=\"color: #ff0099;\"><a title=\"BLOG DECO-DESIGN\" href=\"..\/\"><strong>Deco-Design<\/strong><\/a> : De quel designer admirez vous le travail ???<\/span><\/p>\n<p><strong>Barnaba Fornasetti<\/strong> : <em>Ohlala attention \u00e0 la r\u00e9ponse que je vais donner, certains vont m&#8217;en vouloir (rires). J&#8221;aime beaucoup <a title=\"NIGEL COATES\" href=\"http:\/\/www.nigelcoates.com\/\">Nigel Coates<\/a> avec qui j&#8217;ai fait quelques petits projets, mais aussi <a title=\"NACHO CARBONELL\" href=\"http:\/\/nachocarbonell.com\/\">Nacho Carbonell<\/a> un designer espagnol que j&#8217;aime beaucoup&#8230; J&#8217;aime aussi quelques pi\u00e8ces de <a title=\"PHILIPPE STARCK\" href=\"https:\/\/joyana.fr\/category\/designer\/philippe-starck\/\">Philippe Starck<\/a>, on a m\u00eame fait une d\u00e9coration sur une EROS de philippe, 3 \u00e9ditions limit\u00e9es&#8230;<\/em><\/p>\n<p><span style=\"color: #ff0099;\"><a title=\"BLOG DECO-DESIGN\" href=\"..\/\"><strong>Deco-Design<\/strong><\/a> : Vous avez beaucoup voyag\u00e9, pouvez vous nous confier l&#8217;h\u00f4tel et le restaurant que vous affectionnez particuli\u00e8rement ???<\/span><\/p>\n<p><strong>Barnaba Fornasetti<\/strong> : <em>Ahhhh !!! J&#8217;adore un h\u00f4tel qui n&#8217;est pas un h\u00f4tel \u00e0 New York downtown, une veille maison victorienne, very shabby chic. Tu as les cl\u00e9s, il n&#8217;y a pas de r\u00e9ception, c&#8217;est comme \u00e0 la maison&#8230; A Londres j&#8217;aime beaucoup le <a title=\"ONE ALDWYCH\" href=\"http:\/\/www.onealdwych.com\/home.aspx\">One Aldwych<\/a> qui propose une piscine d&#8217;eau naturel ou je nage tous les matins lorsque j&#8217;y suis ; le luxe des anciens romains&#8230;<\/em><\/p>\n<p><em>Pour les restaurants, je suis un gourmand, j&#8217;aime beaucoup un trattoria \u00e0 Milan, mais je n&#8217;aime pas lui faire de publicit\u00e9 car c&#8217;est tout petit, on ne peut pas r\u00e9server, mais c&#8217;est tr\u00e8s fameux,<br \/>\nune cuisine naturelle, simple, o\u00f9 on met en valeur les produits&#8230; Je suis v\u00e9g\u00e9tarien et ce n&#8217;est pas facile, notamment en France ; alors en Bourgogne c&#8217;est interdit (rires).<\/em><\/p>\n<p><em>Je pense m\u00eame \u00e0 faire en guide pour les v\u00e9g\u00e9tariens, mais pas un guide de restaurant v\u00e9g\u00e9tariens, mais comment sont trait\u00e9s les v\u00e9g\u00e9tariens dans les restaurants normaux<strong>.<\/strong><\/em><\/p>\n<p><span style=\"color: #000000;\"><em><strong>.<\/strong><\/em><\/span><\/p>\n<p>Photos &#038; Interview r\u00e9alis\u00e9es par <a title=\"JO YANA\" href=\"https:\/\/joyana.fr\">Jo Yana<\/a><em><strong><br \/>\n<\/strong><\/em><\/p>\n<p><img data-recalc-dims=\"1\" loading=\"lazy\" decoding=\"async\" class=\"alignnone size-full wp-image-8351\" title=\"Exposition FORNASETTI + Interview Barnaba FORNASETTI\" src=\"https:\/\/i0.wp.com\/joyana.fr\/wp-content\/uploads\/FORNASETTI_DSC02686.jpg?resize=576%2C826&#038;ssl=1\" alt=\"\" width=\"576\" height=\"826\" \/><\/p>\n<p><img data-recalc-dims=\"1\" loading=\"lazy\" decoding=\"async\" class=\"alignnone size-full wp-image-8352\" title=\"Exposition FORNASETTI + Interview Barnaba FORNASETTI\" src=\"https:\/\/i0.wp.com\/joyana.fr\/wp-content\/uploads\/FORNASETTI_DSC02690.jpg?resize=576%2C441&#038;ssl=1\" alt=\"\" width=\"576\" height=\"441\" \/><\/p>\n<p>En savoir <strong>+<\/strong> sur <a title=\"FORNASETTI\" href=\"http:\/\/www.fornasetti.com\/\"><strong>FORNASETTI<\/strong> <\/a><\/p>\n","protected":false},"excerpt":{"rendered":"<p>Deco-Design a eu la chance d&#8217;\u00eatre invit\u00e9 en avant premi\u00e8re \u00e0 Beaune, pour d\u00e9couvrir l&#8217;exposition F [&hellip;]<\/p>\n","protected":false},"author":3,"featured_media":108340,"comment_status":"open","ping_status":"open","sticky":false,"template":"","format":"standard","meta":{"_coblocks_attr":"","_coblocks_dimensions":"","_coblocks_responsive_height":"","_coblocks_accordion_ie_support":"","_uag_custom_page_level_css":"","advgb_blocks_editor_width":"","advgb_blocks_columns_visual_guide":"","_genesis_hide_title":false,"_genesis_hide_breadcrumbs":false,"_genesis_hide_singular_image":false,"_genesis_hide_footer_widgets":false,"_genesis_custom_body_class":"","_genesis_custom_post_class":"","_genesis_layout":"","_themeisle_gutenberg_block_has_review":false,"_jetpack_newsletter_access":"","_jetpack_dont_email_post_to_subs":false,"_jetpack_newsletter_tier_id":0,"_jetpack_memberships_contains_paywalled_content":false,"_jetpack_memberships_contains_paid_content":false,"footnotes":""},"categories":[905,911],"tags":[994],"class_list":{"0":"post-108338","1":"post","2":"type-post","3":"status-publish","4":"format-standard","5":"has-post-thumbnail","7":"category-deco-design","8":"category-designer","9":"tag-evenements","10":"entry"},"featured_image_urls":{"full":["https:\/\/i0.wp.com\/joyana.fr\/wp-content\/uploads\/old\/FORNASETTI_CAROUSSEL.jpg?fit=1500%2C320&ssl=1",1500,320,false],"thumbnail":["https:\/\/i0.wp.com\/joyana.fr\/wp-content\/uploads\/old\/FORNASETTI_CAROUSSEL.jpg?resize=150%2C150&ssl=1",150,150,true],"medium":["https:\/\/i0.wp.com\/joyana.fr\/wp-content\/uploads\/old\/FORNASETTI_CAROUSSEL.jpg?fit=389%2C83&ssl=1",389,83,true],"medium_large":["https:\/\/i0.wp.com\/joyana.fr\/wp-content\/uploads\/old\/FORNASETTI_CAROUSSEL.jpg?fit=768%2C164&ssl=1",768,164,true],"large":["https:\/\/i0.wp.com\/joyana.fr\/wp-content\/uploads\/old\/FORNASETTI_CAROUSSEL.jpg?fit=1024%2C218&ssl=1",1024,218,true],"1536x1536":["https:\/\/i0.wp.com\/joyana.fr\/wp-content\/uploads\/old\/FORNASETTI_CAROUSSEL.jpg?fit=1500%2C320&ssl=1",1500,320,true],"2048x2048":["https:\/\/i0.wp.com\/joyana.fr\/wp-content\/uploads\/old\/FORNASETTI_CAROUSSEL.jpg?fit=1500%2C320&ssl=1",1500,320,true],"featured-thumb":["https:\/\/i0.wp.com\/joyana.fr\/wp-content\/uploads\/old\/FORNASETTI_CAROUSSEL.jpg?resize=1500%2C320&ssl=1",1500,320,true],"ab-block-post-grid-landscape":["https:\/\/i0.wp.com\/joyana.fr\/wp-content\/uploads\/old\/FORNASETTI_CAROUSSEL.jpg?resize=600%2C320&ssl=1",600,320,true],"ab-block-post-grid-square":["https:\/\/i0.wp.com\/joyana.fr\/wp-content\/uploads\/old\/FORNASETTI_CAROUSSEL.jpg?resize=600%2C320&ssl=1",600,320,true],"author-pro-image":["https:\/\/i0.wp.com\/joyana.fr\/wp-content\/uploads\/old\/FORNASETTI_CAROUSSEL.jpg?resize=360%2C320&ssl=1",360,320,true],"slider":["https:\/\/i0.wp.com\/joyana.fr\/wp-content\/uploads\/old\/FORNASETTI_CAROUSSEL.jpg?resize=920%2C320&ssl=1",920,320,true],"woocommerce_thumbnail":["https:\/\/i0.wp.com\/joyana.fr\/wp-content\/uploads\/old\/FORNASETTI_CAROUSSEL.jpg?resize=450%2C320&ssl=1",450,320,true],"woocommerce_single":["https:\/\/i0.wp.com\/joyana.fr\/wp-content\/uploads\/old\/FORNASETTI_CAROUSSEL.jpg?fit=920%2C196&ssl=1",920,196,true],"woocommerce_gallery_thumbnail":["https:\/\/i0.wp.com\/joyana.fr\/wp-content\/uploads\/old\/FORNASETTI_CAROUSSEL.jpg?resize=180%2C180&ssl=1",180,180,true],"sow-carousel-default":["https:\/\/i0.wp.com\/joyana.fr\/wp-content\/uploads\/old\/FORNASETTI_CAROUSSEL.jpg?resize=272%2C182&ssl=1",272,182,true]},"post_excerpt_stackable":"<p>Deco-Design a eu la chance d&#8217;\u00eatre invit\u00e9 en avant premi\u00e8re \u00e0 Beaune, pour d\u00e9couvrir l&#8217;ex&hellip;<\/p>\n","category_list":"<a href=\"https:\/\/joyana.fr\/ja\/category\/deco-design\/\" rel=\"category tag\">DECO-DESIGN<\/a>, <a href=\"https:\/\/joyana.fr\/ja\/category\/deco-design\/designer\/\" rel=\"category tag\">Designer<\/a>","author_info":{"display_name":"Jo Yana","author_link":"https:\/\/joyana.fr\/ja\/author\/joyana\/"},"comments_num":"7 comments","featured_image_urls_v2":{"full":["https:\/\/i0.wp.com\/joyana.fr\/wp-content\/uploads\/old\/FORNASETTI_CAROUSSEL.jpg?fit=1500%2C320&ssl=1",1500,320,false],"thumbnail":["https:\/\/i0.wp.com\/joyana.fr\/wp-content\/uploads\/old\/FORNASETTI_CAROUSSEL.jpg?resize=150%2C150&ssl=1",150,150,true],"medium":["https:\/\/i0.wp.com\/joyana.fr\/wp-content\/uploads\/old\/FORNASETTI_CAROUSSEL.jpg?fit=389%2C83&ssl=1",389,83,true],"medium_large":["https:\/\/i0.wp.com\/joyana.fr\/wp-content\/uploads\/old\/FORNASETTI_CAROUSSEL.jpg?fit=768%2C164&ssl=1",768,164,true],"large":["https:\/\/i0.wp.com\/joyana.fr\/wp-content\/uploads\/old\/FORNASETTI_CAROUSSEL.jpg?fit=1024%2C218&ssl=1",1024,218,true],"1536x1536":["https:\/\/i0.wp.com\/joyana.fr\/wp-content\/uploads\/old\/FORNASETTI_CAROUSSEL.jpg?fit=1500%2C320&ssl=1",1500,320,true],"2048x2048":["https:\/\/i0.wp.com\/joyana.fr\/wp-content\/uploads\/old\/FORNASETTI_CAROUSSEL.jpg?fit=1500%2C320&ssl=1",1500,320,true],"featured-thumb":["https:\/\/i0.wp.com\/joyana.fr\/wp-content\/uploads\/old\/FORNASETTI_CAROUSSEL.jpg?resize=1500%2C320&ssl=1",1500,320,true],"ab-block-post-grid-landscape":["https:\/\/i0.wp.com\/joyana.fr\/wp-content\/uploads\/old\/FORNASETTI_CAROUSSEL.jpg?resize=600%2C320&ssl=1",600,320,true],"ab-block-post-grid-square":["https:\/\/i0.wp.com\/joyana.fr\/wp-content\/uploads\/old\/FORNASETTI_CAROUSSEL.jpg?resize=600%2C320&ssl=1",600,320,true],"author-pro-image":["https:\/\/i0.wp.com\/joyana.fr\/wp-content\/uploads\/old\/FORNASETTI_CAROUSSEL.jpg?resize=360%2C320&ssl=1",360,320,true],"slider":["https:\/\/i0.wp.com\/joyana.fr\/wp-content\/uploads\/old\/FORNASETTI_CAROUSSEL.jpg?resize=920%2C320&ssl=1",920,320,true],"woocommerce_thumbnail":["https:\/\/i0.wp.com\/joyana.fr\/wp-content\/uploads\/old\/FORNASETTI_CAROUSSEL.jpg?resize=450%2C320&ssl=1",450,320,true],"woocommerce_single":["https:\/\/i0.wp.com\/joyana.fr\/wp-content\/uploads\/old\/FORNASETTI_CAROUSSEL.jpg?fit=920%2C196&ssl=1",920,196,true],"woocommerce_gallery_thumbnail":["https:\/\/i0.wp.com\/joyana.fr\/wp-content\/uploads\/old\/FORNASETTI_CAROUSSEL.jpg?resize=180%2C180&ssl=1",180,180,true],"sow-carousel-default":["https:\/\/i0.wp.com\/joyana.fr\/wp-content\/uploads\/old\/FORNASETTI_CAROUSSEL.jpg?resize=272%2C182&ssl=1",272,182,true]},"post_excerpt_stackable_v2":"<p>Deco-Design a eu la chance d&#8217;\u00eatre invit\u00e9 en avant premi\u00e8re \u00e0 Beaune, pour d\u00e9couvrir l&#8217;ex&hellip;<\/p>\n","category_list_v2":"<a href=\"https:\/\/joyana.fr\/ja\/category\/deco-design\/\" rel=\"category tag\">DECO-DESIGN<\/a>, <a href=\"https:\/\/joyana.fr\/ja\/category\/deco-design\/designer\/\" rel=\"category tag\">Designer<\/a>","author_info_v2":{"name":"Jo Yana","url":"https:\/\/joyana.fr\/ja\/author\/joyana\/"},"comments_num_v2":"7 comments","yoast_head":"<!-- This site is optimized with the Yoast SEO plugin v26.8 - https:\/\/yoast.com\/product\/yoast-seo-wordpress\/ -->\n<title>Exposition FORNASETTI + Interview Barnaba FORNASETTI - JO YANA<\/title>\n<meta name=\"robots\" content=\"index, follow, max-snippet:-1, max-image-preview:large, max-video-preview:-1\" \/>\n<link rel=\"canonical\" href=\"https:\/\/joyana.fr\/ja\/exposition-fornasetti-epokhe-beaune-interview-barnaba-fornasetti\/108338\/\" \/>\n<meta property=\"og:locale\" content=\"ja_JP\" \/>\n<meta property=\"og:locale:alternate\" content=\"fr_FR\" \/>\n<meta property=\"og:locale:alternate\" content=\"en_US\" \/>\n<meta property=\"og:type\" content=\"article\" \/>\n<meta property=\"og:title\" content=\"Exposition FORNASETTI + Interview Barnaba FORNASETTI - JO YANA\" \/>\n<meta property=\"og:description\" content=\"Deco-Design a eu la chance d&#8217;\u00eatre invit\u00e9 en avant premi\u00e8re \u00e0 Beaune, pour d\u00e9couvrir l&#8217;exposition F [&hellip;]\" \/>\n<meta property=\"og:url\" content=\"https:\/\/joyana.fr\/ja\/exposition-fornasetti-epokhe-beaune-interview-barnaba-fornasetti\/108338\/\" \/>\n<meta property=\"og:site_name\" content=\"JO YANA\" \/>\n<meta property=\"article:published_time\" content=\"2011-11-29T12:35:24+00:00\" \/>\n<meta property=\"og:image\" content=\"https:\/\/joyana.fr\/wp-content\/uploads\/old\/FORNASETTI_CAROUSSEL.jpg\" \/>\n\t<meta property=\"og:image:width\" content=\"1500\" \/>\n\t<meta property=\"og:image:height\" content=\"320\" \/>\n\t<meta property=\"og:image:type\" content=\"image\/jpeg\" \/>\n<meta name=\"author\" content=\"Jo Yana\" \/>\n<meta name=\"twitter:card\" content=\"summary_large_image\" \/>\n<meta name=\"twitter:creator\" content=\"@Jo_Yana\" \/>\n<meta name=\"twitter:site\" content=\"@Jo_Yana\" \/>\n<meta name=\"twitter:label1\" content=\"\u57f7\u7b46\u8005\" \/>\n\t<meta name=\"twitter:data1\" content=\"Jo Yana\" \/>\n\t<meta name=\"twitter:label2\" content=\"\u63a8\u5b9a\u8aad\u307f\u53d6\u308a\u6642\u9593\" \/>\n\t<meta name=\"twitter:data2\" content=\"5\u5206\" \/>\n<script type=\"application\/ld+json\" class=\"yoast-schema-graph\">{\"@context\":\"https:\/\/schema.org\",\"@graph\":[{\"@type\":\"Article\",\"@id\":\"https:\/\/joyana.fr\/exposition-fornasetti-epokhe-beaune-interview-barnaba-fornasetti\/108338\/#article\",\"isPartOf\":{\"@id\":\"https:\/\/joyana.fr\/exposition-fornasetti-epokhe-beaune-interview-barnaba-fornasetti\/108338\/\"},\"author\":{\"name\":\"Jo Yana\",\"@id\":\"https:\/\/joyana.fr\/#\/schema\/person\/cf2a1ad12a27c12c21801075bf37407c\"},\"headline\":\"Exposition FORNASETTI + Interview Barnaba FORNASETTI\",\"datePublished\":\"2011-11-29T12:35:24+00:00\",\"mainEntityOfPage\":{\"@id\":\"https:\/\/joyana.fr\/exposition-fornasetti-epokhe-beaune-interview-barnaba-fornasetti\/108338\/\"},\"wordCount\":1151,\"commentCount\":4,\"publisher\":{\"@id\":\"https:\/\/joyana.fr\/#\/schema\/person\/cf2a1ad12a27c12c21801075bf37407c\"},\"image\":{\"@id\":\"https:\/\/joyana.fr\/exposition-fornasetti-epokhe-beaune-interview-barnaba-fornasetti\/108338\/#primaryimage\"},\"thumbnailUrl\":\"https:\/\/i0.wp.com\/joyana.fr\/wp-content\/uploads\/old\/FORNASETTI_CAROUSSEL.jpg?fit=1500%2C320&ssl=1\",\"keywords\":[\"Ev\u00e8nements\"],\"articleSection\":[\"DECO-DESIGN\",\"Designer\"],\"inLanguage\":\"ja\",\"potentialAction\":[{\"@type\":\"CommentAction\",\"name\":\"Comment\",\"target\":[\"https:\/\/joyana.fr\/exposition-fornasetti-epokhe-beaune-interview-barnaba-fornasetti\/108338\/#respond\"]}]},{\"@type\":\"WebPage\",\"@id\":\"https:\/\/joyana.fr\/exposition-fornasetti-epokhe-beaune-interview-barnaba-fornasetti\/108338\/\",\"url\":\"https:\/\/joyana.fr\/exposition-fornasetti-epokhe-beaune-interview-barnaba-fornasetti\/108338\/\",\"name\":\"Exposition FORNASETTI + Interview Barnaba FORNASETTI - JO YANA\",\"isPartOf\":{\"@id\":\"https:\/\/joyana.fr\/#website\"},\"primaryImageOfPage\":{\"@id\":\"https:\/\/joyana.fr\/exposition-fornasetti-epokhe-beaune-interview-barnaba-fornasetti\/108338\/#primaryimage\"},\"image\":{\"@id\":\"https:\/\/joyana.fr\/exposition-fornasetti-epokhe-beaune-interview-barnaba-fornasetti\/108338\/#primaryimage\"},\"thumbnailUrl\":\"https:\/\/i0.wp.com\/joyana.fr\/wp-content\/uploads\/old\/FORNASETTI_CAROUSSEL.jpg?fit=1500%2C320&ssl=1\",\"datePublished\":\"2011-11-29T12:35:24+00:00\",\"breadcrumb\":{\"@id\":\"https:\/\/joyana.fr\/exposition-fornasetti-epokhe-beaune-interview-barnaba-fornasetti\/108338\/#breadcrumb\"},\"inLanguage\":\"ja\",\"potentialAction\":[{\"@type\":\"ReadAction\",\"target\":[\"https:\/\/joyana.fr\/exposition-fornasetti-epokhe-beaune-interview-barnaba-fornasetti\/108338\/\"]}]},{\"@type\":\"ImageObject\",\"inLanguage\":\"ja\",\"@id\":\"https:\/\/joyana.fr\/exposition-fornasetti-epokhe-beaune-interview-barnaba-fornasetti\/108338\/#primaryimage\",\"url\":\"https:\/\/i0.wp.com\/joyana.fr\/wp-content\/uploads\/old\/FORNASETTI_CAROUSSEL.jpg?fit=1500%2C320&ssl=1\",\"contentUrl\":\"https:\/\/i0.wp.com\/joyana.fr\/wp-content\/uploads\/old\/FORNASETTI_CAROUSSEL.jpg?fit=1500%2C320&ssl=1\",\"width\":1500,\"height\":320},{\"@type\":\"BreadcrumbList\",\"@id\":\"https:\/\/joyana.fr\/exposition-fornasetti-epokhe-beaune-interview-barnaba-fornasetti\/108338\/#breadcrumb\",\"itemListElement\":[{\"@type\":\"ListItem\",\"position\":1,\"name\":\"Accueil\",\"item\":\"https:\/\/joyana.fr\/\"},{\"@type\":\"ListItem\",\"position\":2,\"name\":\"Exposition FORNASETTI + Interview Barnaba FORNASETTI\"}]},{\"@type\":\"WebSite\",\"@id\":\"https:\/\/joyana.fr\/#website\",\"url\":\"https:\/\/joyana.fr\/\",\"name\":\"JO YANA\",\"description\":\"Blog Mode Homme, Lifestyle, D\u00e9co-Design\",\"publisher\":{\"@id\":\"https:\/\/joyana.fr\/#\/schema\/person\/cf2a1ad12a27c12c21801075bf37407c\"},\"potentialAction\":[{\"@type\":\"SearchAction\",\"target\":{\"@type\":\"EntryPoint\",\"urlTemplate\":\"https:\/\/joyana.fr\/?s={search_term_string}\"},\"query-input\":{\"@type\":\"PropertyValueSpecification\",\"valueRequired\":true,\"valueName\":\"search_term_string\"}}],\"inLanguage\":\"ja\"},{\"@type\":[\"Person\",\"Organization\"],\"@id\":\"https:\/\/joyana.fr\/#\/schema\/person\/cf2a1ad12a27c12c21801075bf37407c\",\"name\":\"Jo Yana\",\"image\":{\"@type\":\"ImageObject\",\"inLanguage\":\"ja\",\"@id\":\"https:\/\/joyana.fr\/#\/schema\/person\/image\/\",\"url\":\"https:\/\/i0.wp.com\/joyana.fr\/wp-content\/uploads\/2016\/08\/cropped-joyana-logo-black-360x180.png?fit=343%2C164&ssl=1\",\"contentUrl\":\"https:\/\/i0.wp.com\/joyana.fr\/wp-content\/uploads\/2016\/08\/cropped-joyana-logo-black-360x180.png?fit=343%2C164&ssl=1\",\"width\":343,\"height\":164,\"caption\":\"Jo Yana\"},\"logo\":{\"@id\":\"https:\/\/joyana.fr\/#\/schema\/person\/image\/\"},\"description\":\"Jo Yana est le cr\u00e9ateur et r\u00e9dacteur en chef des sites DECO-DESIGN. Passionn\u00e9 de Design, Mode, Photo, Luxe, Lifestyle, Musique, mais avant tout Blogueur ! Le plaisir de partager l'anime et a comme devise \\\"POUR L'AMOUR DU BEAU\\\". Retrouvez le aussi sur son blog personnel - https:\/\/joyana.fr...\",\"sameAs\":[\"https:\/\/joyana.fr\/\"],\"url\":\"https:\/\/joyana.fr\/ja\/author\/joyana\/\"}]}<\/script>\n<!-- \/ Yoast SEO plugin. -->","yoast_head_json":{"title":"Exposition FORNASETTI + Interview Barnaba FORNASETTI - JO YANA","robots":{"index":"index","follow":"follow","max-snippet":"max-snippet:-1","max-image-preview":"max-image-preview:large","max-video-preview":"max-video-preview:-1"},"canonical":"https:\/\/joyana.fr\/ja\/exposition-fornasetti-epokhe-beaune-interview-barnaba-fornasetti\/108338\/","og_locale":"ja_JP","og_type":"article","og_title":"Exposition FORNASETTI + Interview Barnaba FORNASETTI - JO YANA","og_description":"Deco-Design a eu la chance d&#8217;\u00eatre invit\u00e9 en avant premi\u00e8re \u00e0 Beaune, pour d\u00e9couvrir l&#8217;exposition F [&hellip;]","og_url":"https:\/\/joyana.fr\/ja\/exposition-fornasetti-epokhe-beaune-interview-barnaba-fornasetti\/108338\/","og_site_name":"JO YANA","article_published_time":"2011-11-29T12:35:24+00:00","og_image":[{"width":1500,"height":320,"url":"https:\/\/joyana.fr\/wp-content\/uploads\/old\/FORNASETTI_CAROUSSEL.jpg","type":"image\/jpeg"}],"author":"Jo Yana","twitter_card":"summary_large_image","twitter_creator":"@Jo_Yana","twitter_site":"@Jo_Yana","twitter_misc":{"\u57f7\u7b46\u8005":"Jo Yana","\u63a8\u5b9a\u8aad\u307f\u53d6\u308a\u6642\u9593":"5\u5206"},"schema":{"@context":"https:\/\/schema.org","@graph":[{"@type":"Article","@id":"https:\/\/joyana.fr\/exposition-fornasetti-epokhe-beaune-interview-barnaba-fornasetti\/108338\/#article","isPartOf":{"@id":"https:\/\/joyana.fr\/exposition-fornasetti-epokhe-beaune-interview-barnaba-fornasetti\/108338\/"},"author":{"name":"Jo Yana","@id":"https:\/\/joyana.fr\/#\/schema\/person\/cf2a1ad12a27c12c21801075bf37407c"},"headline":"Exposition FORNASETTI + Interview Barnaba FORNASETTI","datePublished":"2011-11-29T12:35:24+00:00","mainEntityOfPage":{"@id":"https:\/\/joyana.fr\/exposition-fornasetti-epokhe-beaune-interview-barnaba-fornasetti\/108338\/"},"wordCount":1151,"commentCount":4,"publisher":{"@id":"https:\/\/joyana.fr\/#\/schema\/person\/cf2a1ad12a27c12c21801075bf37407c"},"image":{"@id":"https:\/\/joyana.fr\/exposition-fornasetti-epokhe-beaune-interview-barnaba-fornasetti\/108338\/#primaryimage"},"thumbnailUrl":"https:\/\/i0.wp.com\/joyana.fr\/wp-content\/uploads\/old\/FORNASETTI_CAROUSSEL.jpg?fit=1500%2C320&ssl=1","keywords":["Ev\u00e8nements"],"articleSection":["DECO-DESIGN","Designer"],"inLanguage":"ja","potentialAction":[{"@type":"CommentAction","name":"Comment","target":["https:\/\/joyana.fr\/exposition-fornasetti-epokhe-beaune-interview-barnaba-fornasetti\/108338\/#respond"]}]},{"@type":"WebPage","@id":"https:\/\/joyana.fr\/exposition-fornasetti-epokhe-beaune-interview-barnaba-fornasetti\/108338\/","url":"https:\/\/joyana.fr\/exposition-fornasetti-epokhe-beaune-interview-barnaba-fornasetti\/108338\/","name":"Exposition FORNASETTI + Interview Barnaba FORNASETTI - JO YANA","isPartOf":{"@id":"https:\/\/joyana.fr\/#website"},"primaryImageOfPage":{"@id":"https:\/\/joyana.fr\/exposition-fornasetti-epokhe-beaune-interview-barnaba-fornasetti\/108338\/#primaryimage"},"image":{"@id":"https:\/\/joyana.fr\/exposition-fornasetti-epokhe-beaune-interview-barnaba-fornasetti\/108338\/#primaryimage"},"thumbnailUrl":"https:\/\/i0.wp.com\/joyana.fr\/wp-content\/uploads\/old\/FORNASETTI_CAROUSSEL.jpg?fit=1500%2C320&ssl=1","datePublished":"2011-11-29T12:35:24+00:00","breadcrumb":{"@id":"https:\/\/joyana.fr\/exposition-fornasetti-epokhe-beaune-interview-barnaba-fornasetti\/108338\/#breadcrumb"},"inLanguage":"ja","potentialAction":[{"@type":"ReadAction","target":["https:\/\/joyana.fr\/exposition-fornasetti-epokhe-beaune-interview-barnaba-fornasetti\/108338\/"]}]},{"@type":"ImageObject","inLanguage":"ja","@id":"https:\/\/joyana.fr\/exposition-fornasetti-epokhe-beaune-interview-barnaba-fornasetti\/108338\/#primaryimage","url":"https:\/\/i0.wp.com\/joyana.fr\/wp-content\/uploads\/old\/FORNASETTI_CAROUSSEL.jpg?fit=1500%2C320&ssl=1","contentUrl":"https:\/\/i0.wp.com\/joyana.fr\/wp-content\/uploads\/old\/FORNASETTI_CAROUSSEL.jpg?fit=1500%2C320&ssl=1","width":1500,"height":320},{"@type":"BreadcrumbList","@id":"https:\/\/joyana.fr\/exposition-fornasetti-epokhe-beaune-interview-barnaba-fornasetti\/108338\/#breadcrumb","itemListElement":[{"@type":"ListItem","position":1,"name":"Accueil","item":"https:\/\/joyana.fr\/"},{"@type":"ListItem","position":2,"name":"Exposition FORNASETTI + Interview Barnaba FORNASETTI"}]},{"@type":"WebSite","@id":"https:\/\/joyana.fr\/#website","url":"https:\/\/joyana.fr\/","name":"JO YANA","description":"Blog Mode Homme, Lifestyle, D\u00e9co-Design","publisher":{"@id":"https:\/\/joyana.fr\/#\/schema\/person\/cf2a1ad12a27c12c21801075bf37407c"},"potentialAction":[{"@type":"SearchAction","target":{"@type":"EntryPoint","urlTemplate":"https:\/\/joyana.fr\/?s={search_term_string}"},"query-input":{"@type":"PropertyValueSpecification","valueRequired":true,"valueName":"search_term_string"}}],"inLanguage":"ja"},{"@type":["Person","Organization"],"@id":"https:\/\/joyana.fr\/#\/schema\/person\/cf2a1ad12a27c12c21801075bf37407c","name":"Jo Yana","image":{"@type":"ImageObject","inLanguage":"ja","@id":"https:\/\/joyana.fr\/#\/schema\/person\/image\/","url":"https:\/\/i0.wp.com\/joyana.fr\/wp-content\/uploads\/2016\/08\/cropped-joyana-logo-black-360x180.png?fit=343%2C164&ssl=1","contentUrl":"https:\/\/i0.wp.com\/joyana.fr\/wp-content\/uploads\/2016\/08\/cropped-joyana-logo-black-360x180.png?fit=343%2C164&ssl=1","width":343,"height":164,"caption":"Jo Yana"},"logo":{"@id":"https:\/\/joyana.fr\/#\/schema\/person\/image\/"},"description":"Jo Yana est le cr\u00e9ateur et r\u00e9dacteur en chef des sites DECO-DESIGN. Passionn\u00e9 de Design, Mode, Photo, Luxe, Lifestyle, Musique, mais avant tout Blogueur ! Le plaisir de partager l'anime et a comme devise \"POUR L'AMOUR DU BEAU\". Retrouvez le aussi sur son blog personnel - https:\/\/joyana.fr...","sameAs":["https:\/\/joyana.fr\/"],"url":"https:\/\/joyana.fr\/ja\/author\/joyana\/"}]}},"author_meta":{"display_name":"Jo Yana","author_link":"https:\/\/joyana.fr\/ja\/author\/joyana\/"},"featured_img":"https:\/\/i0.wp.com\/joyana.fr\/wp-content\/uploads\/old\/FORNASETTI_CAROUSSEL.jpg?fit=389%2C83&ssl=1","featured_image_src":"https:\/\/i0.wp.com\/joyana.fr\/wp-content\/uploads\/old\/FORNASETTI_CAROUSSEL.jpg?resize=600%2C320&ssl=1","featured_image_src_square":"https:\/\/i0.wp.com\/joyana.fr\/wp-content\/uploads\/old\/FORNASETTI_CAROUSSEL.jpg?resize=600%2C320&ssl=1","jetpack_featured_media_url":"https:\/\/i0.wp.com\/joyana.fr\/wp-content\/uploads\/old\/FORNASETTI_CAROUSSEL.jpg?fit=1500%2C320&ssl=1","uagb_featured_image_src":{"full":["https:\/\/i0.wp.com\/joyana.fr\/wp-content\/uploads\/old\/FORNASETTI_CAROUSSEL.jpg?fit=1500%2C320&ssl=1",1500,320,false],"thumbnail":["https:\/\/i0.wp.com\/joyana.fr\/wp-content\/uploads\/old\/FORNASETTI_CAROUSSEL.jpg?resize=150%2C150&ssl=1",150,150,true],"medium":["https:\/\/i0.wp.com\/joyana.fr\/wp-content\/uploads\/old\/FORNASETTI_CAROUSSEL.jpg?fit=389%2C83&ssl=1",389,83,true],"medium_large":["https:\/\/i0.wp.com\/joyana.fr\/wp-content\/uploads\/old\/FORNASETTI_CAROUSSEL.jpg?fit=768%2C164&ssl=1",768,164,true],"large":["https:\/\/i0.wp.com\/joyana.fr\/wp-content\/uploads\/old\/FORNASETTI_CAROUSSEL.jpg?fit=1024%2C218&ssl=1",1024,218,true],"1536x1536":["https:\/\/i0.wp.com\/joyana.fr\/wp-content\/uploads\/old\/FORNASETTI_CAROUSSEL.jpg?fit=1500%2C320&ssl=1",1500,320,true],"2048x2048":["https:\/\/i0.wp.com\/joyana.fr\/wp-content\/uploads\/old\/FORNASETTI_CAROUSSEL.jpg?fit=1500%2C320&ssl=1",1500,320,true],"featured-thumb":["https:\/\/i0.wp.com\/joyana.fr\/wp-content\/uploads\/old\/FORNASETTI_CAROUSSEL.jpg?resize=1500%2C320&ssl=1",1500,320,true],"ab-block-post-grid-landscape":["https:\/\/i0.wp.com\/joyana.fr\/wp-content\/uploads\/old\/FORNASETTI_CAROUSSEL.jpg?resize=600%2C320&ssl=1",600,320,true],"ab-block-post-grid-square":["https:\/\/i0.wp.com\/joyana.fr\/wp-content\/uploads\/old\/FORNASETTI_CAROUSSEL.jpg?resize=600%2C320&ssl=1",600,320,true],"author-pro-image":["https:\/\/i0.wp.com\/joyana.fr\/wp-content\/uploads\/old\/FORNASETTI_CAROUSSEL.jpg?resize=360%2C320&ssl=1",360,320,true],"slider":["https:\/\/i0.wp.com\/joyana.fr\/wp-content\/uploads\/old\/FORNASETTI_CAROUSSEL.jpg?resize=920%2C320&ssl=1",920,320,true],"woocommerce_thumbnail":["https:\/\/i0.wp.com\/joyana.fr\/wp-content\/uploads\/old\/FORNASETTI_CAROUSSEL.jpg?resize=450%2C320&ssl=1",450,320,true],"woocommerce_single":["https:\/\/i0.wp.com\/joyana.fr\/wp-content\/uploads\/old\/FORNASETTI_CAROUSSEL.jpg?fit=920%2C196&ssl=1",920,196,true],"woocommerce_gallery_thumbnail":["https:\/\/i0.wp.com\/joyana.fr\/wp-content\/uploads\/old\/FORNASETTI_CAROUSSEL.jpg?resize=180%2C180&ssl=1",180,180,true],"sow-carousel-default":["https:\/\/i0.wp.com\/joyana.fr\/wp-content\/uploads\/old\/FORNASETTI_CAROUSSEL.jpg?resize=272%2C182&ssl=1",272,182,true]},"uagb_author_info":{"display_name":"Jo Yana","author_link":"https:\/\/joyana.fr\/ja\/author\/joyana\/"},"uagb_comment_info":7,"uagb_excerpt":"Deco-Design a eu la chance d&#8217;\u00eatre invit\u00e9 en avant&hellip;","coauthors":[],"tax_additional":{"categories":{"linked":["<a href=\"https:\/\/joyana.fr\/ja\/category\/deco-design\/\" class=\"advgb-post-tax-term\">DECO-DESIGN<\/a>","<a href=\"https:\/\/joyana.fr\/ja\/category\/deco-design\/designer\/\" class=\"advgb-post-tax-term\">Designer<\/a>"],"unlinked":["<span class=\"advgb-post-tax-term\">DECO-DESIGN<\/span>","<span class=\"advgb-post-tax-term\">Designer<\/span>"]},"tags":{"linked":["<a href=\"https:\/\/joyana.fr\/ja\/category\/deco-design\/designer\/\" class=\"advgb-post-tax-term\">Ev\u00e8nements<\/a>"],"unlinked":["<span class=\"advgb-post-tax-term\">Ev\u00e8nements<\/span>"]}},"comment_count":7,"relative_dates":{"created":"Posted 14\u5e74 ago","modified":"Updated 14\u5e74 ago"},"absolute_dates":{"created":"Posted on 29 11\u6708 2011","modified":"Updated on 29 11\u6708 2011"},"absolute_dates_time":{"created":"Posted on 29 11\u6708 2011 13:35","modified":"Updated on 29 11\u6708 2011 13:35"},"featured_img_caption":"","series_order":"","jetpack_sharing_enabled":true,"jetpack_shortlink":"https:\/\/wp.me\/p9bteI-sbo","jetpack-related-posts":[],"_links":{"self":[{"href":"https:\/\/joyana.fr\/ja\/wp-json\/wp\/v2\/posts\/108338","targetHints":{"allow":["GET"]}}],"collection":[{"href":"https:\/\/joyana.fr\/ja\/wp-json\/wp\/v2\/posts"}],"about":[{"href":"https:\/\/joyana.fr\/ja\/wp-json\/wp\/v2\/types\/post"}],"author":[{"embeddable":true,"href":"https:\/\/joyana.fr\/ja\/wp-json\/wp\/v2\/users\/3"}],"replies":[{"embeddable":true,"href":"https:\/\/joyana.fr\/ja\/wp-json\/wp\/v2\/comments?post=108338"}],"version-history":[{"count":0,"href":"https:\/\/joyana.fr\/ja\/wp-json\/wp\/v2\/posts\/108338\/revisions"}],"wp:featuredmedia":[{"embeddable":true,"href":"https:\/\/joyana.fr\/ja\/wp-json\/wp\/v2\/media\/108340"}],"wp:attachment":[{"href":"https:\/\/joyana.fr\/ja\/wp-json\/wp\/v2\/media?parent=108338"}],"wp:term":[{"taxonomy":"category","embeddable":true,"href":"https:\/\/joyana.fr\/ja\/wp-json\/wp\/v2\/categories?post=108338"},{"taxonomy":"post_tag","embeddable":true,"href":"https:\/\/joyana.fr\/ja\/wp-json\/wp\/v2\/tags?post=108338"}],"curies":[{"name":"wp","href":"https:\/\/api.w.org\/{rel}","templated":true}]}}