{"id":109697,"date":"2012-05-21T11:20:42","date_gmt":"2012-05-21T10:20:42","guid":{"rendered":"https:\/\/joyana.fr\/?p=9697"},"modified":"2012-05-21T11:20:42","modified_gmt":"2012-05-21T10:20:42","slug":"chair-tradition-jaime-hayon","status":"publish","type":"post","link":"https:\/\/joyana.fr\/ja\/chair-tradition-jaime-hayon\/109697\/","title":{"rendered":"CHAIR par &#038;TRADITION x Jaime HAYON"},"content":{"rendered":"<p>Le designer <a title=\"Jaime HAYON\" href=\"https:\/\/joyana.fr\/category\/designer\/jaime-hayon\/\" target=\"_blank\"><strong>Jaime Hayon<\/strong><\/a> signe &#8211; pour l&#8217;\u00e9diteur danois <strong>&#038;Tradition<\/strong> &#8211; la <strong>chaise<\/strong> <strong>CHAIR<\/strong>&#8230;<\/p>\n<p><img data-recalc-dims=\"1\" fetchpriority=\"high\" decoding=\"async\" data-attachment-id=\"9700\" data-permalink=\"https:\/\/joyana.fr\/ja\/adidas-by-rick-owens-tech-runner\/9696\/adidas-by-rick-owens-tech-runner-triple-black-dsc_7192\/\" data-orig-file=\"https:\/\/i0.wp.com\/joyana.fr\/wp-content\/uploads\/2014\/07\/Adidas-by-Rick-Owens-Tech-Runner-Triple-Black-DSC_7192.jpg?fit=1600%2C1063&amp;ssl=1\" data-orig-size=\"1600,1063\" data-comments-opened=\"1\" data-image-meta=\"{&quot;aperture&quot;:&quot;2.5&quot;,&quot;credit&quot;:&quot;&quot;,&quot;camera&quot;:&quot;NIKON D300S&quot;,&quot;caption&quot;:&quot;&quot;,&quot;created_timestamp&quot;:&quot;1406112098&quot;,&quot;copyright&quot;:&quot;&quot;,&quot;focal_length&quot;:&quot;24&quot;,&quot;iso&quot;:&quot;400&quot;,&quot;shutter_speed&quot;:&quot;0.0015625&quot;,&quot;title&quot;:&quot;&quot;,&quot;orientation&quot;:&quot;0&quot;}\" data-image-title=\"Adidas by Rick Owens Tech Runner &#8211; Triple Black DSC_7192\" data-image-description=\"\" data-image-caption=\"\" data-medium-file=\"https:\/\/i0.wp.com\/joyana.fr\/wp-content\/uploads\/2014\/07\/Adidas-by-Rick-Owens-Tech-Runner-Triple-Black-DSC_7192.jpg?fit=389%2C258&amp;ssl=1\" data-large-file=\"https:\/\/i0.wp.com\/joyana.fr\/wp-content\/uploads\/2014\/07\/Adidas-by-Rick-Owens-Tech-Runner-Triple-Black-DSC_7192.jpg?fit=1024%2C680&amp;ssl=1\" class=\"alignnone size-full wp-image-9700\" title=\"CHAIR &#038;TRADITION x Jaime HAYON\" src=\"https:\/\/i0.wp.com\/joyana.fr\/wp-content\/uploads\/hayon-chair-tradition-1045.jpg?resize=576%2C567&#038;ssl=1\" alt=\"\" width=\"576\" height=\"567\" \/><\/p>\n<p><strong>CHAIR<\/strong> arbore un design unique, organique, con\u00e7u et imagin\u00e9 par le designer espagnol <strong>Jaime Hayon<\/strong> pour <strong>&#038;Tradition<\/strong>. Cette <strong>assise<\/strong> a \u00e9t\u00e9 inspir\u00e9e par l&#8217;harmonie des mouvements sinueux dans la nature, et de l&#8217;interaction entre la lumi\u00e8re et les ombres. Ces courbes sont \u00e0 la fois s\u00e9duisantes et rassurantes !!!<\/p>\n<p><img data-recalc-dims=\"1\" decoding=\"async\" data-attachment-id=\"9702\" data-permalink=\"https:\/\/joyana.fr\/ja\/adidas-by-rick-owens-tech-runner\/9696\/adidas-by-rick-owens-tech-runner-triple-black-dsc_7197\/\" data-orig-file=\"https:\/\/i0.wp.com\/joyana.fr\/wp-content\/uploads\/2014\/07\/Adidas-by-Rick-Owens-Tech-Runner-Triple-Black-DSC_7197.jpg?fit=1600%2C1063&amp;ssl=1\" data-orig-size=\"1600,1063\" data-comments-opened=\"1\" data-image-meta=\"{&quot;aperture&quot;:&quot;2.5&quot;,&quot;credit&quot;:&quot;&quot;,&quot;camera&quot;:&quot;NIKON D300S&quot;,&quot;caption&quot;:&quot;&quot;,&quot;created_timestamp&quot;:&quot;1406126667&quot;,&quot;copyright&quot;:&quot;&quot;,&quot;focal_length&quot;:&quot;24&quot;,&quot;iso&quot;:&quot;400&quot;,&quot;shutter_speed&quot;:&quot;0.0015625&quot;,&quot;title&quot;:&quot;&quot;,&quot;orientation&quot;:&quot;1&quot;}\" data-image-title=\"Adidas by Rick Owens Tech Runner &#8211; Triple Black DSC_7197\" data-image-description=\"\" data-image-caption=\"\" data-medium-file=\"https:\/\/i0.wp.com\/joyana.fr\/wp-content\/uploads\/2014\/07\/Adidas-by-Rick-Owens-Tech-Runner-Triple-Black-DSC_7197.jpg?fit=389%2C258&amp;ssl=1\" data-large-file=\"https:\/\/i0.wp.com\/joyana.fr\/wp-content\/uploads\/2014\/07\/Adidas-by-Rick-Owens-Tech-Runner-Triple-Black-DSC_7197.jpg?fit=1024%2C680&amp;ssl=1\" class=\"alignnone size-full wp-image-9702\" title=\"CHAIR &#038;TRADITION x Jaime HAYON\" src=\"https:\/\/i0.wp.com\/joyana.fr\/wp-content\/uploads\/hayon-chair-tradition1046.jpg?resize=576%2C400&#038;ssl=1\" alt=\"\" width=\"576\" height=\"400\" \/><\/p>\n<p><strong>CHAIR<\/strong> est disponible avec diff\u00e9rents pi\u00e8tements tous plus s\u00e9duisants les uns que les autres&#8230;<\/p>\n<p><img data-recalc-dims=\"1\" decoding=\"async\" data-attachment-id=\"9701\" data-permalink=\"https:\/\/joyana.fr\/ja\/adidas-by-rick-owens-tech-runner\/9696\/adidas-by-rick-owens-tech-runner-triple-black-dsc_7195_b3e8a336-16ea-4c9f-8cb9-cb834db88ab1\/\" data-orig-file=\"https:\/\/i0.wp.com\/joyana.fr\/wp-content\/uploads\/2014\/07\/Adidas-by-Rick-Owens-Tech-Runner-Triple-Black-DSC_7195_b3e8a336-16ea-4c9f-8cb9-cb834db88ab1.jpg?fit=1600%2C1063&amp;ssl=1\" data-orig-size=\"1600,1063\" data-comments-opened=\"1\" data-image-meta=\"{&quot;aperture&quot;:&quot;2.5&quot;,&quot;credit&quot;:&quot;&quot;,&quot;camera&quot;:&quot;NIKON D300S&quot;,&quot;caption&quot;:&quot;&quot;,&quot;created_timestamp&quot;:&quot;1406126621&quot;,&quot;copyright&quot;:&quot;&quot;,&quot;focal_length&quot;:&quot;24&quot;,&quot;iso&quot;:&quot;400&quot;,&quot;shutter_speed&quot;:&quot;0.0015625&quot;,&quot;title&quot;:&quot;&quot;,&quot;orientation&quot;:&quot;1&quot;}\" data-image-title=\"Adidas by Rick Owens Tech Runner &#8211; Triple Black DSC_7195_b3e8a336-16ea-4c9f-8cb9-cb834db88ab1\" data-image-description=\"\" data-image-caption=\"\" data-medium-file=\"https:\/\/i0.wp.com\/joyana.fr\/wp-content\/uploads\/2014\/07\/Adidas-by-Rick-Owens-Tech-Runner-Triple-Black-DSC_7195_b3e8a336-16ea-4c9f-8cb9-cb834db88ab1.jpg?fit=389%2C258&amp;ssl=1\" data-large-file=\"https:\/\/i0.wp.com\/joyana.fr\/wp-content\/uploads\/2014\/07\/Adidas-by-Rick-Owens-Tech-Runner-Triple-Black-DSC_7195_b3e8a336-16ea-4c9f-8cb9-cb834db88ab1.jpg?fit=1024%2C680&amp;ssl=1\" class=\"alignnone size-full wp-image-9701\" title=\"CHAIR &#038;TRADITION x Jaime HAYON\" src=\"https:\/\/i0.wp.com\/joyana.fr\/wp-content\/uploads\/hayon-chair-tradition-1048.jpg?resize=576%2C576&#038;ssl=1\" alt=\"\" width=\"576\" height=\"576\" \/><\/p>\n<p><img data-recalc-dims=\"1\" loading=\"lazy\" decoding=\"async\" data-attachment-id=\"9699\" data-permalink=\"https:\/\/joyana.fr\/ja\/adidas-by-rick-owens-tech-runner\/9696\/adidas-by-rick-owens-tech-runner-triple-black-dsc_7180\/\" data-orig-file=\"https:\/\/i0.wp.com\/joyana.fr\/wp-content\/uploads\/2014\/07\/Adidas-by-Rick-Owens-Tech-Runner-Triple-Black-DSC_7180.jpg?fit=1600%2C1063&amp;ssl=1\" data-orig-size=\"1600,1063\" data-comments-opened=\"1\" data-image-meta=\"{&quot;aperture&quot;:&quot;2.5&quot;,&quot;credit&quot;:&quot;&quot;,&quot;camera&quot;:&quot;NIKON D300S&quot;,&quot;caption&quot;:&quot;&quot;,&quot;created_timestamp&quot;:&quot;1406111829&quot;,&quot;copyright&quot;:&quot;&quot;,&quot;focal_length&quot;:&quot;24&quot;,&quot;iso&quot;:&quot;400&quot;,&quot;shutter_speed&quot;:&quot;0.0015625&quot;,&quot;title&quot;:&quot;&quot;,&quot;orientation&quot;:&quot;0&quot;}\" data-image-title=\"Adidas by Rick Owens Tech Runner &#8211; Triple Black DSC_7180\" data-image-description=\"\" data-image-caption=\"\" data-medium-file=\"https:\/\/i0.wp.com\/joyana.fr\/wp-content\/uploads\/2014\/07\/Adidas-by-Rick-Owens-Tech-Runner-Triple-Black-DSC_7180.jpg?fit=389%2C258&amp;ssl=1\" data-large-file=\"https:\/\/i0.wp.com\/joyana.fr\/wp-content\/uploads\/2014\/07\/Adidas-by-Rick-Owens-Tech-Runner-Triple-Black-DSC_7180.jpg?fit=1024%2C680&amp;ssl=1\" class=\"alignnone size-full wp-image-9699\" title=\"CHAIR &#038;TRADITION x Jaime HAYON\" src=\"https:\/\/i0.wp.com\/joyana.fr\/wp-content\/uploads\/hayon-chair-tradition-1047.jpg?resize=576%2C288&#038;ssl=1\" alt=\"\" width=\"576\" height=\"288\" \/><\/p>\n<p>En savoir + sur <a title=\"&#038;tradition\" href=\"http:\/\/www.andtradition.com\/\" target=\"_blank\"><strong>&#038;Tradition<\/strong><\/a> &#038; <a title=\"Jaime HAYON\" href=\"http:\/\/www.hayonstudio.com\/\" target=\"_blank\"><strong>Jaime HAYON<\/strong><\/a><\/p>\n<p>&nbsp;<\/p>\n","protected":false},"excerpt":{"rendered":"<p>Le designer Jaime Hayon signe &#8211; pour l&#8217;\u00e9diteur danois &#038;Tradition &#8211; la chaise CHAIR&#038;#823 [&hellip;]<\/p>\n","protected":false},"author":3,"featured_media":109700,"comment_status":"open","ping_status":"open","sticky":false,"template":"","format":"standard","meta":{"_coblocks_attr":"","_coblocks_dimensions":"","_coblocks_responsive_height":"","_coblocks_accordion_ie_support":"","_uag_custom_page_level_css":"","advgb_blocks_editor_width":"","advgb_blocks_columns_visual_guide":"","_genesis_hide_title":false,"_genesis_hide_breadcrumbs":false,"_genesis_hide_singular_image":false,"_genesis_hide_footer_widgets":false,"_genesis_custom_body_class":"","_genesis_custom_post_class":"","_genesis_layout":"","_themeisle_gutenberg_block_has_review":false,"_jetpack_newsletter_access":"","_jetpack_dont_email_post_to_subs":false,"_jetpack_newsletter_tier_id":0,"_jetpack_memberships_contains_paywalled_content":false,"_jetpack_memberships_contains_paid_content":false,"footnotes":""},"categories":[1116,948,945,905,950,967],"tags":[78,966],"class_list":{"0":"post-109697","1":"post","2":"type-post","3":"status-publish","4":"format-standard","5":"has-post-thumbnail","7":"category-tradition","8":"category-assise","9":"category-chaise","10":"category-deco-design","11":"category-fauteuil","12":"category-jaime-hayon","13":"tag-design","14":"tag-jaime-hayon","15":"entry"},"featured_image_urls":{"full":["https:\/\/i0.wp.com\/joyana.fr\/wp-content\/uploads\/old\/hayon-chair-tradition-1045.jpg?fit=576%2C567&ssl=1",576,567,false],"thumbnail":["https:\/\/i0.wp.com\/joyana.fr\/wp-content\/uploads\/old\/hayon-chair-tradition-1045.jpg?resize=150%2C150&ssl=1",150,150,true],"medium":["https:\/\/i0.wp.com\/joyana.fr\/wp-content\/uploads\/old\/hayon-chair-tradition-1045.jpg?fit=389%2C383&ssl=1",389,383,true],"medium_large":["https:\/\/i0.wp.com\/joyana.fr\/wp-content\/uploads\/old\/hayon-chair-tradition-1045.jpg?fit=576%2C567&ssl=1",576,567,true],"large":["https:\/\/i0.wp.com\/joyana.fr\/wp-content\/uploads\/old\/hayon-chair-tradition-1045.jpg?fit=576%2C567&ssl=1",576,567,true],"1536x1536":["https:\/\/i0.wp.com\/joyana.fr\/wp-content\/uploads\/old\/hayon-chair-tradition-1045.jpg?fit=576%2C567&ssl=1",576,567,true],"2048x2048":["https:\/\/i0.wp.com\/joyana.fr\/wp-content\/uploads\/old\/hayon-chair-tradition-1045.jpg?fit=576%2C567&ssl=1",576,567,true],"featured-thumb":["https:\/\/i0.wp.com\/joyana.fr\/wp-content\/uploads\/old\/hayon-chair-tradition-1045.jpg?resize=576%2C567&ssl=1",576,567,true],"ab-block-post-grid-landscape":["https:\/\/i0.wp.com\/joyana.fr\/wp-content\/uploads\/old\/hayon-chair-tradition-1045.jpg?resize=576%2C400&ssl=1",576,400,true],"ab-block-post-grid-square":["https:\/\/i0.wp.com\/joyana.fr\/wp-content\/uploads\/old\/hayon-chair-tradition-1045.jpg?resize=576%2C567&ssl=1",576,567,true],"author-pro-image":["https:\/\/i0.wp.com\/joyana.fr\/wp-content\/uploads\/old\/hayon-chair-tradition-1045.jpg?resize=360%2C567&ssl=1",360,567,true],"slider":["https:\/\/i0.wp.com\/joyana.fr\/wp-content\/uploads\/old\/hayon-chair-tradition-1045.jpg?resize=576%2C400&ssl=1",576,400,true],"woocommerce_thumbnail":["https:\/\/i0.wp.com\/joyana.fr\/wp-content\/uploads\/old\/hayon-chair-tradition-1045.jpg?resize=450%2C450&ssl=1",450,450,true],"woocommerce_single":["https:\/\/i0.wp.com\/joyana.fr\/wp-content\/uploads\/old\/hayon-chair-tradition-1045.jpg?fit=576%2C567&ssl=1",576,567,true],"woocommerce_gallery_thumbnail":["https:\/\/i0.wp.com\/joyana.fr\/wp-content\/uploads\/old\/hayon-chair-tradition-1045.jpg?resize=180%2C180&ssl=1",180,180,true],"sow-carousel-default":["https:\/\/i0.wp.com\/joyana.fr\/wp-content\/uploads\/old\/hayon-chair-tradition-1045.jpg?resize=272%2C182&ssl=1",272,182,true]},"post_excerpt_stackable":"<p>Le designer Jaime Hayon signe &#8211; pour l&#8217;\u00e9diteur danois &#038;Tradition &#8211; la chaise &hellip;<\/p>\n","category_list":"<a href=\"https:\/\/joyana.fr\/ja\/category\/marques\/tradition\/\" rel=\"category tag\">&amp;Tradition<\/a>, <a href=\"https:\/\/joyana.fr\/ja\/category\/deco-design\/mobilier\/assise\/\" rel=\"category tag\">Assise<\/a>, <a href=\"https:\/\/joyana.fr\/ja\/category\/deco-design\/mobilier\/assise\/chaise\/\" rel=\"category tag\">Chaise<\/a>, <a href=\"https:\/\/joyana.fr\/ja\/category\/deco-design\/\" rel=\"category tag\">DECO-DESIGN<\/a>, <a href=\"https:\/\/joyana.fr\/ja\/category\/deco-design\/mobilier\/assise\/fauteuil\/\" rel=\"category tag\">Fauteuil<\/a>, <a href=\"https:\/\/joyana.fr\/ja\/category\/deco-design\/designer\/jaime-hayon\/\" rel=\"category tag\">Jaime HAYON<\/a>","author_info":{"display_name":"Jo Yana","author_link":"https:\/\/joyana.fr\/ja\/author\/joyana\/"},"comments_num":"9 comments","featured_image_urls_v2":{"full":["https:\/\/i0.wp.com\/joyana.fr\/wp-content\/uploads\/old\/hayon-chair-tradition-1045.jpg?fit=576%2C567&ssl=1",576,567,false],"thumbnail":["https:\/\/i0.wp.com\/joyana.fr\/wp-content\/uploads\/old\/hayon-chair-tradition-1045.jpg?resize=150%2C150&ssl=1",150,150,true],"medium":["https:\/\/i0.wp.com\/joyana.fr\/wp-content\/uploads\/old\/hayon-chair-tradition-1045.jpg?fit=389%2C383&ssl=1",389,383,true],"medium_large":["https:\/\/i0.wp.com\/joyana.fr\/wp-content\/uploads\/old\/hayon-chair-tradition-1045.jpg?fit=576%2C567&ssl=1",576,567,true],"large":["https:\/\/i0.wp.com\/joyana.fr\/wp-content\/uploads\/old\/hayon-chair-tradition-1045.jpg?fit=576%2C567&ssl=1",576,567,true],"1536x1536":["https:\/\/i0.wp.com\/joyana.fr\/wp-content\/uploads\/old\/hayon-chair-tradition-1045.jpg?fit=576%2C567&ssl=1",576,567,true],"2048x2048":["https:\/\/i0.wp.com\/joyana.fr\/wp-content\/uploads\/old\/hayon-chair-tradition-1045.jpg?fit=576%2C567&ssl=1",576,567,true],"featured-thumb":["https:\/\/i0.wp.com\/joyana.fr\/wp-content\/uploads\/old\/hayon-chair-tradition-1045.jpg?resize=576%2C567&ssl=1",576,567,true],"ab-block-post-grid-landscape":["https:\/\/i0.wp.com\/joyana.fr\/wp-content\/uploads\/old\/hayon-chair-tradition-1045.jpg?resize=576%2C400&ssl=1",576,400,true],"ab-block-post-grid-square":["https:\/\/i0.wp.com\/joyana.fr\/wp-content\/uploads\/old\/hayon-chair-tradition-1045.jpg?resize=576%2C567&ssl=1",576,567,true],"author-pro-image":["https:\/\/i0.wp.com\/joyana.fr\/wp-content\/uploads\/old\/hayon-chair-tradition-1045.jpg?resize=360%2C567&ssl=1",360,567,true],"slider":["https:\/\/i0.wp.com\/joyana.fr\/wp-content\/uploads\/old\/hayon-chair-tradition-1045.jpg?resize=576%2C400&ssl=1",576,400,true],"woocommerce_thumbnail":["https:\/\/i0.wp.com\/joyana.fr\/wp-content\/uploads\/old\/hayon-chair-tradition-1045.jpg?resize=450%2C450&ssl=1",450,450,true],"woocommerce_single":["https:\/\/i0.wp.com\/joyana.fr\/wp-content\/uploads\/old\/hayon-chair-tradition-1045.jpg?fit=576%2C567&ssl=1",576,567,true],"woocommerce_gallery_thumbnail":["https:\/\/i0.wp.com\/joyana.fr\/wp-content\/uploads\/old\/hayon-chair-tradition-1045.jpg?resize=180%2C180&ssl=1",180,180,true],"sow-carousel-default":["https:\/\/i0.wp.com\/joyana.fr\/wp-content\/uploads\/old\/hayon-chair-tradition-1045.jpg?resize=272%2C182&ssl=1",272,182,true]},"post_excerpt_stackable_v2":"<p>Le designer Jaime Hayon signe &#8211; pour l&#8217;\u00e9diteur danois &#038;Tradition &#8211; la chaise &hellip;<\/p>\n","category_list_v2":"<a href=\"https:\/\/joyana.fr\/ja\/category\/marques\/tradition\/\" rel=\"category tag\">&amp;Tradition<\/a>, <a href=\"https:\/\/joyana.fr\/ja\/category\/deco-design\/mobilier\/assise\/\" rel=\"category tag\">Assise<\/a>, <a href=\"https:\/\/joyana.fr\/ja\/category\/deco-design\/mobilier\/assise\/chaise\/\" rel=\"category tag\">Chaise<\/a>, <a href=\"https:\/\/joyana.fr\/ja\/category\/deco-design\/\" rel=\"category tag\">DECO-DESIGN<\/a>, <a href=\"https:\/\/joyana.fr\/ja\/category\/deco-design\/mobilier\/assise\/fauteuil\/\" rel=\"category tag\">Fauteuil<\/a>, <a href=\"https:\/\/joyana.fr\/ja\/category\/deco-design\/designer\/jaime-hayon\/\" rel=\"category tag\">Jaime HAYON<\/a>","author_info_v2":{"name":"Jo Yana","url":"https:\/\/joyana.fr\/ja\/author\/joyana\/"},"comments_num_v2":"9 comments","yoast_head":"<!-- This site is optimized with the Yoast SEO plugin v26.8 - https:\/\/yoast.com\/product\/yoast-seo-wordpress\/ -->\n<title>CHAIR par &amp;TRADITION x Jaime HAYON - JO YANA<\/title>\n<meta name=\"robots\" content=\"index, follow, max-snippet:-1, max-image-preview:large, max-video-preview:-1\" \/>\n<link rel=\"canonical\" href=\"https:\/\/joyana.fr\/ja\/chair-tradition-jaime-hayon\/109697\/\" \/>\n<meta property=\"og:locale\" content=\"ja_JP\" \/>\n<meta property=\"og:locale:alternate\" content=\"fr_FR\" \/>\n<meta property=\"og:locale:alternate\" content=\"en_US\" \/>\n<meta property=\"og:type\" content=\"article\" \/>\n<meta property=\"og:title\" content=\"CHAIR par &amp;TRADITION x Jaime HAYON - JO YANA\" \/>\n<meta property=\"og:description\" content=\"Le designer Jaime Hayon signe &#8211; pour l&#8217;\u00e9diteur danois &amp;Tradition &#8211; la chaise CHAIR&amp;#823 [&hellip;]\" \/>\n<meta property=\"og:url\" content=\"https:\/\/joyana.fr\/ja\/chair-tradition-jaime-hayon\/109697\/\" \/>\n<meta property=\"og:site_name\" content=\"JO YANA\" \/>\n<meta property=\"article:published_time\" content=\"2012-05-21T10:20:42+00:00\" \/>\n<meta property=\"og:image\" content=\"https:\/\/joyana.fr\/wp-content\/uploads\/old\/hayon-chair-tradition-1045.jpg\" \/>\n\t<meta property=\"og:image:width\" content=\"576\" \/>\n\t<meta property=\"og:image:height\" content=\"567\" \/>\n\t<meta property=\"og:image:type\" content=\"image\/jpeg\" \/>\n<meta name=\"author\" content=\"Jo Yana\" \/>\n<meta name=\"twitter:card\" content=\"summary_large_image\" \/>\n<meta name=\"twitter:creator\" content=\"@Jo_Yana\" \/>\n<meta name=\"twitter:site\" content=\"@Jo_Yana\" \/>\n<meta name=\"twitter:label1\" content=\"\u57f7\u7b46\u8005\" \/>\n\t<meta name=\"twitter:data1\" content=\"Jo Yana\" \/>\n<script type=\"application\/ld+json\" class=\"yoast-schema-graph\">{\"@context\":\"https:\/\/schema.org\",\"@graph\":[{\"@type\":\"Article\",\"@id\":\"https:\/\/joyana.fr\/en\/chair-tradition-jaime-hayon\/109697\/#article\",\"isPartOf\":{\"@id\":\"https:\/\/joyana.fr\/en\/chair-tradition-jaime-hayon\/109697\/\"},\"author\":{\"name\":\"Jo Yana\",\"@id\":\"https:\/\/www.joyana.fr\/ja\/#\/schema\/person\/cf2a1ad12a27c12c21801075bf37407c\"},\"headline\":\"CHAIR par &#038;TRADITION x Jaime HAYON\",\"datePublished\":\"2012-05-21T10:20:42+00:00\",\"mainEntityOfPage\":{\"@id\":\"https:\/\/joyana.fr\/en\/chair-tradition-jaime-hayon\/109697\/\"},\"wordCount\":98,\"commentCount\":4,\"publisher\":{\"@id\":\"https:\/\/www.joyana.fr\/ja\/#\/schema\/person\/cf2a1ad12a27c12c21801075bf37407c\"},\"image\":{\"@id\":\"https:\/\/joyana.fr\/en\/chair-tradition-jaime-hayon\/109697\/#primaryimage\"},\"thumbnailUrl\":\"https:\/\/i0.wp.com\/joyana.fr\/wp-content\/uploads\/old\/hayon-chair-tradition-1045.jpg?fit=576%2C567&ssl=1\",\"keywords\":[\"DESIGN\",\"Jaime HAYON\"],\"articleSection\":[\"&amp;Tradition\",\"Assise\",\"Chaise\",\"DECO-DESIGN\",\"Fauteuil\",\"Jaime HAYON\"],\"inLanguage\":\"ja\",\"potentialAction\":[{\"@type\":\"CommentAction\",\"name\":\"Comment\",\"target\":[\"https:\/\/joyana.fr\/en\/chair-tradition-jaime-hayon\/109697\/#respond\"]}]},{\"@type\":\"WebPage\",\"@id\":\"https:\/\/joyana.fr\/en\/chair-tradition-jaime-hayon\/109697\/\",\"url\":\"https:\/\/joyana.fr\/en\/chair-tradition-jaime-hayon\/109697\/\",\"name\":\"CHAIR par &TRADITION x Jaime HAYON - JO YANA\",\"isPartOf\":{\"@id\":\"https:\/\/www.joyana.fr\/ja\/#website\"},\"primaryImageOfPage\":{\"@id\":\"https:\/\/joyana.fr\/en\/chair-tradition-jaime-hayon\/109697\/#primaryimage\"},\"image\":{\"@id\":\"https:\/\/joyana.fr\/en\/chair-tradition-jaime-hayon\/109697\/#primaryimage\"},\"thumbnailUrl\":\"https:\/\/i0.wp.com\/joyana.fr\/wp-content\/uploads\/old\/hayon-chair-tradition-1045.jpg?fit=576%2C567&ssl=1\",\"datePublished\":\"2012-05-21T10:20:42+00:00\",\"breadcrumb\":{\"@id\":\"https:\/\/joyana.fr\/en\/chair-tradition-jaime-hayon\/109697\/#breadcrumb\"},\"inLanguage\":\"ja\",\"potentialAction\":[{\"@type\":\"ReadAction\",\"target\":[\"https:\/\/joyana.fr\/en\/chair-tradition-jaime-hayon\/109697\/\"]}]},{\"@type\":\"ImageObject\",\"inLanguage\":\"ja\",\"@id\":\"https:\/\/joyana.fr\/en\/chair-tradition-jaime-hayon\/109697\/#primaryimage\",\"url\":\"https:\/\/i0.wp.com\/joyana.fr\/wp-content\/uploads\/old\/hayon-chair-tradition-1045.jpg?fit=576%2C567&ssl=1\",\"contentUrl\":\"https:\/\/i0.wp.com\/joyana.fr\/wp-content\/uploads\/old\/hayon-chair-tradition-1045.jpg?fit=576%2C567&ssl=1\",\"width\":576,\"height\":567},{\"@type\":\"BreadcrumbList\",\"@id\":\"https:\/\/joyana.fr\/en\/chair-tradition-jaime-hayon\/109697\/#breadcrumb\",\"itemListElement\":[{\"@type\":\"ListItem\",\"position\":1,\"name\":\"Accueil\",\"item\":\"https:\/\/www.joyana.fr\/ja\/\"},{\"@type\":\"ListItem\",\"position\":2,\"name\":\"CHAIR par &#038;TRADITION x Jaime HAYON\"}]},{\"@type\":\"WebSite\",\"@id\":\"https:\/\/www.joyana.fr\/ja\/#website\",\"url\":\"https:\/\/www.joyana.fr\/ja\/\",\"name\":\"JO YANA\",\"description\":\"Blog Mode Homme, Lifestyle, D\u00e9co-Design\",\"publisher\":{\"@id\":\"https:\/\/www.joyana.fr\/ja\/#\/schema\/person\/cf2a1ad12a27c12c21801075bf37407c\"},\"potentialAction\":[{\"@type\":\"SearchAction\",\"target\":{\"@type\":\"EntryPoint\",\"urlTemplate\":\"https:\/\/www.joyana.fr\/ja\/?s={search_term_string}\"},\"query-input\":{\"@type\":\"PropertyValueSpecification\",\"valueRequired\":true,\"valueName\":\"search_term_string\"}}],\"inLanguage\":\"ja\"},{\"@type\":[\"Person\",\"Organization\"],\"@id\":\"https:\/\/www.joyana.fr\/ja\/#\/schema\/person\/cf2a1ad12a27c12c21801075bf37407c\",\"name\":\"Jo Yana\",\"image\":{\"@type\":\"ImageObject\",\"inLanguage\":\"ja\",\"@id\":\"https:\/\/www.joyana.fr\/ja\/#\/schema\/person\/image\/\",\"url\":\"https:\/\/i0.wp.com\/joyana.fr\/wp-content\/uploads\/2016\/08\/cropped-joyana-logo-black-360x180.png?fit=343%2C164&ssl=1\",\"contentUrl\":\"https:\/\/i0.wp.com\/joyana.fr\/wp-content\/uploads\/2016\/08\/cropped-joyana-logo-black-360x180.png?fit=343%2C164&ssl=1\",\"width\":343,\"height\":164,\"caption\":\"Jo Yana\"},\"logo\":{\"@id\":\"https:\/\/www.joyana.fr\/ja\/#\/schema\/person\/image\/\"},\"description\":\"Jo Yana est le cr\u00e9ateur et r\u00e9dacteur en chef des sites DECO-DESIGN. Passionn\u00e9 de Design, Mode, Photo, Luxe, Lifestyle, Musique, mais avant tout Blogueur ! Le plaisir de partager l'anime et a comme devise \\\"POUR L'AMOUR DU BEAU\\\". Retrouvez le aussi sur son blog personnel - https:\/\/joyana.fr...\",\"sameAs\":[\"https:\/\/joyana.fr\/\"],\"url\":\"https:\/\/joyana.fr\/ja\/author\/joyana\/\"}]}<\/script>\n<!-- \/ Yoast SEO plugin. -->","yoast_head_json":{"title":"CHAIR par &TRADITION x Jaime HAYON - JO YANA","robots":{"index":"index","follow":"follow","max-snippet":"max-snippet:-1","max-image-preview":"max-image-preview:large","max-video-preview":"max-video-preview:-1"},"canonical":"https:\/\/joyana.fr\/ja\/chair-tradition-jaime-hayon\/109697\/","og_locale":"ja_JP","og_type":"article","og_title":"CHAIR par &TRADITION x Jaime HAYON - JO YANA","og_description":"Le designer Jaime Hayon signe &#8211; pour l&#8217;\u00e9diteur danois &#038;Tradition &#8211; la chaise CHAIR&#823 [&hellip;]","og_url":"https:\/\/joyana.fr\/ja\/chair-tradition-jaime-hayon\/109697\/","og_site_name":"JO YANA","article_published_time":"2012-05-21T10:20:42+00:00","og_image":[{"width":576,"height":567,"url":"https:\/\/joyana.fr\/wp-content\/uploads\/old\/hayon-chair-tradition-1045.jpg","type":"image\/jpeg"}],"author":"Jo Yana","twitter_card":"summary_large_image","twitter_creator":"@Jo_Yana","twitter_site":"@Jo_Yana","twitter_misc":{"\u57f7\u7b46\u8005":"Jo Yana"},"schema":{"@context":"https:\/\/schema.org","@graph":[{"@type":"Article","@id":"https:\/\/joyana.fr\/en\/chair-tradition-jaime-hayon\/109697\/#article","isPartOf":{"@id":"https:\/\/joyana.fr\/en\/chair-tradition-jaime-hayon\/109697\/"},"author":{"name":"Jo Yana","@id":"https:\/\/www.joyana.fr\/ja\/#\/schema\/person\/cf2a1ad12a27c12c21801075bf37407c"},"headline":"CHAIR par &#038;TRADITION x Jaime HAYON","datePublished":"2012-05-21T10:20:42+00:00","mainEntityOfPage":{"@id":"https:\/\/joyana.fr\/en\/chair-tradition-jaime-hayon\/109697\/"},"wordCount":98,"commentCount":4,"publisher":{"@id":"https:\/\/www.joyana.fr\/ja\/#\/schema\/person\/cf2a1ad12a27c12c21801075bf37407c"},"image":{"@id":"https:\/\/joyana.fr\/en\/chair-tradition-jaime-hayon\/109697\/#primaryimage"},"thumbnailUrl":"https:\/\/i0.wp.com\/joyana.fr\/wp-content\/uploads\/old\/hayon-chair-tradition-1045.jpg?fit=576%2C567&ssl=1","keywords":["DESIGN","Jaime HAYON"],"articleSection":["&amp;Tradition","Assise","Chaise","DECO-DESIGN","Fauteuil","Jaime HAYON"],"inLanguage":"ja","potentialAction":[{"@type":"CommentAction","name":"Comment","target":["https:\/\/joyana.fr\/en\/chair-tradition-jaime-hayon\/109697\/#respond"]}]},{"@type":"WebPage","@id":"https:\/\/joyana.fr\/en\/chair-tradition-jaime-hayon\/109697\/","url":"https:\/\/joyana.fr\/en\/chair-tradition-jaime-hayon\/109697\/","name":"CHAIR par &TRADITION x Jaime HAYON - JO YANA","isPartOf":{"@id":"https:\/\/www.joyana.fr\/ja\/#website"},"primaryImageOfPage":{"@id":"https:\/\/joyana.fr\/en\/chair-tradition-jaime-hayon\/109697\/#primaryimage"},"image":{"@id":"https:\/\/joyana.fr\/en\/chair-tradition-jaime-hayon\/109697\/#primaryimage"},"thumbnailUrl":"https:\/\/i0.wp.com\/joyana.fr\/wp-content\/uploads\/old\/hayon-chair-tradition-1045.jpg?fit=576%2C567&ssl=1","datePublished":"2012-05-21T10:20:42+00:00","breadcrumb":{"@id":"https:\/\/joyana.fr\/en\/chair-tradition-jaime-hayon\/109697\/#breadcrumb"},"inLanguage":"ja","potentialAction":[{"@type":"ReadAction","target":["https:\/\/joyana.fr\/en\/chair-tradition-jaime-hayon\/109697\/"]}]},{"@type":"ImageObject","inLanguage":"ja","@id":"https:\/\/joyana.fr\/en\/chair-tradition-jaime-hayon\/109697\/#primaryimage","url":"https:\/\/i0.wp.com\/joyana.fr\/wp-content\/uploads\/old\/hayon-chair-tradition-1045.jpg?fit=576%2C567&ssl=1","contentUrl":"https:\/\/i0.wp.com\/joyana.fr\/wp-content\/uploads\/old\/hayon-chair-tradition-1045.jpg?fit=576%2C567&ssl=1","width":576,"height":567},{"@type":"BreadcrumbList","@id":"https:\/\/joyana.fr\/en\/chair-tradition-jaime-hayon\/109697\/#breadcrumb","itemListElement":[{"@type":"ListItem","position":1,"name":"Accueil","item":"https:\/\/www.joyana.fr\/ja\/"},{"@type":"ListItem","position":2,"name":"CHAIR par &#038;TRADITION x Jaime HAYON"}]},{"@type":"WebSite","@id":"https:\/\/www.joyana.fr\/ja\/#website","url":"https:\/\/www.joyana.fr\/ja\/","name":"JO YANA","description":"Blog Mode Homme, Lifestyle, D\u00e9co-Design","publisher":{"@id":"https:\/\/www.joyana.fr\/ja\/#\/schema\/person\/cf2a1ad12a27c12c21801075bf37407c"},"potentialAction":[{"@type":"SearchAction","target":{"@type":"EntryPoint","urlTemplate":"https:\/\/www.joyana.fr\/ja\/?s={search_term_string}"},"query-input":{"@type":"PropertyValueSpecification","valueRequired":true,"valueName":"search_term_string"}}],"inLanguage":"ja"},{"@type":["Person","Organization"],"@id":"https:\/\/www.joyana.fr\/ja\/#\/schema\/person\/cf2a1ad12a27c12c21801075bf37407c","name":"Jo Yana","image":{"@type":"ImageObject","inLanguage":"ja","@id":"https:\/\/www.joyana.fr\/ja\/#\/schema\/person\/image\/","url":"https:\/\/i0.wp.com\/joyana.fr\/wp-content\/uploads\/2016\/08\/cropped-joyana-logo-black-360x180.png?fit=343%2C164&ssl=1","contentUrl":"https:\/\/i0.wp.com\/joyana.fr\/wp-content\/uploads\/2016\/08\/cropped-joyana-logo-black-360x180.png?fit=343%2C164&ssl=1","width":343,"height":164,"caption":"Jo Yana"},"logo":{"@id":"https:\/\/www.joyana.fr\/ja\/#\/schema\/person\/image\/"},"description":"Jo Yana est le cr\u00e9ateur et r\u00e9dacteur en chef des sites DECO-DESIGN. Passionn\u00e9 de Design, Mode, Photo, Luxe, Lifestyle, Musique, mais avant tout Blogueur ! Le plaisir de partager l'anime et a comme devise \"POUR L'AMOUR DU BEAU\". Retrouvez le aussi sur son blog personnel - https:\/\/joyana.fr...","sameAs":["https:\/\/joyana.fr\/"],"url":"https:\/\/joyana.fr\/ja\/author\/joyana\/"}]}},"author_meta":{"display_name":"Jo Yana","author_link":"https:\/\/joyana.fr\/ja\/author\/joyana\/"},"featured_img":"https:\/\/i0.wp.com\/joyana.fr\/wp-content\/uploads\/old\/hayon-chair-tradition-1045.jpg?fit=389%2C383&ssl=1","featured_image_src":"https:\/\/i0.wp.com\/joyana.fr\/wp-content\/uploads\/old\/hayon-chair-tradition-1045.jpg?resize=576%2C400&ssl=1","featured_image_src_square":"https:\/\/i0.wp.com\/joyana.fr\/wp-content\/uploads\/old\/hayon-chair-tradition-1045.jpg?resize=576%2C567&ssl=1","jetpack_featured_media_url":"https:\/\/i0.wp.com\/joyana.fr\/wp-content\/uploads\/old\/hayon-chair-tradition-1045.jpg?fit=576%2C567&ssl=1","uagb_featured_image_src":{"full":["https:\/\/i0.wp.com\/joyana.fr\/wp-content\/uploads\/old\/hayon-chair-tradition-1045.jpg?fit=576%2C567&ssl=1",576,567,false],"thumbnail":["https:\/\/i0.wp.com\/joyana.fr\/wp-content\/uploads\/old\/hayon-chair-tradition-1045.jpg?resize=150%2C150&ssl=1",150,150,true],"medium":["https:\/\/i0.wp.com\/joyana.fr\/wp-content\/uploads\/old\/hayon-chair-tradition-1045.jpg?fit=389%2C383&ssl=1",389,383,true],"medium_large":["https:\/\/i0.wp.com\/joyana.fr\/wp-content\/uploads\/old\/hayon-chair-tradition-1045.jpg?fit=576%2C567&ssl=1",576,567,true],"large":["https:\/\/i0.wp.com\/joyana.fr\/wp-content\/uploads\/old\/hayon-chair-tradition-1045.jpg?fit=576%2C567&ssl=1",576,567,true],"1536x1536":["https:\/\/i0.wp.com\/joyana.fr\/wp-content\/uploads\/old\/hayon-chair-tradition-1045.jpg?fit=576%2C567&ssl=1",576,567,true],"2048x2048":["https:\/\/i0.wp.com\/joyana.fr\/wp-content\/uploads\/old\/hayon-chair-tradition-1045.jpg?fit=576%2C567&ssl=1",576,567,true],"featured-thumb":["https:\/\/i0.wp.com\/joyana.fr\/wp-content\/uploads\/old\/hayon-chair-tradition-1045.jpg?resize=576%2C567&ssl=1",576,567,true],"ab-block-post-grid-landscape":["https:\/\/i0.wp.com\/joyana.fr\/wp-content\/uploads\/old\/hayon-chair-tradition-1045.jpg?resize=576%2C400&ssl=1",576,400,true],"ab-block-post-grid-square":["https:\/\/i0.wp.com\/joyana.fr\/wp-content\/uploads\/old\/hayon-chair-tradition-1045.jpg?resize=576%2C567&ssl=1",576,567,true],"author-pro-image":["https:\/\/i0.wp.com\/joyana.fr\/wp-content\/uploads\/old\/hayon-chair-tradition-1045.jpg?resize=360%2C567&ssl=1",360,567,true],"slider":["https:\/\/i0.wp.com\/joyana.fr\/wp-content\/uploads\/old\/hayon-chair-tradition-1045.jpg?resize=576%2C400&ssl=1",576,400,true],"woocommerce_thumbnail":["https:\/\/i0.wp.com\/joyana.fr\/wp-content\/uploads\/old\/hayon-chair-tradition-1045.jpg?resize=450%2C450&ssl=1",450,450,true],"woocommerce_single":["https:\/\/i0.wp.com\/joyana.fr\/wp-content\/uploads\/old\/hayon-chair-tradition-1045.jpg?fit=576%2C567&ssl=1",576,567,true],"woocommerce_gallery_thumbnail":["https:\/\/i0.wp.com\/joyana.fr\/wp-content\/uploads\/old\/hayon-chair-tradition-1045.jpg?resize=180%2C180&ssl=1",180,180,true],"sow-carousel-default":["https:\/\/i0.wp.com\/joyana.fr\/wp-content\/uploads\/old\/hayon-chair-tradition-1045.jpg?resize=272%2C182&ssl=1",272,182,true]},"uagb_author_info":{"display_name":"Jo Yana","author_link":"https:\/\/joyana.fr\/ja\/author\/joyana\/"},"uagb_comment_info":9,"uagb_excerpt":"Le designer Jaime Hayon signe &#8211; pour l&#8217;\u00e9dit&hellip;","coauthors":[],"tax_additional":{"categories":{"linked":["<a href=\"https:\/\/joyana.fr\/ja\/category\/marques\/tradition\/\" class=\"advgb-post-tax-term\">&amp;Tradition<\/a>","<a href=\"https:\/\/joyana.fr\/ja\/category\/deco-design\/mobilier\/assise\/\" class=\"advgb-post-tax-term\">Assise<\/a>","<a href=\"https:\/\/joyana.fr\/ja\/category\/deco-design\/mobilier\/assise\/chaise\/\" class=\"advgb-post-tax-term\">Chaise<\/a>","<a href=\"https:\/\/joyana.fr\/ja\/category\/deco-design\/\" class=\"advgb-post-tax-term\">DECO-DESIGN<\/a>","<a href=\"https:\/\/joyana.fr\/ja\/category\/deco-design\/mobilier\/assise\/fauteuil\/\" class=\"advgb-post-tax-term\">Fauteuil<\/a>","<a href=\"https:\/\/joyana.fr\/ja\/category\/deco-design\/designer\/jaime-hayon\/\" class=\"advgb-post-tax-term\">Jaime HAYON<\/a>"],"unlinked":["<span class=\"advgb-post-tax-term\">&amp;Tradition<\/span>","<span class=\"advgb-post-tax-term\">Assise<\/span>","<span class=\"advgb-post-tax-term\">Chaise<\/span>","<span class=\"advgb-post-tax-term\">DECO-DESIGN<\/span>","<span class=\"advgb-post-tax-term\">Fauteuil<\/span>","<span class=\"advgb-post-tax-term\">Jaime HAYON<\/span>"]},"tags":{"linked":["<a href=\"https:\/\/joyana.fr\/ja\/category\/deco-design\/designer\/jaime-hayon\/\" class=\"advgb-post-tax-term\">DESIGN<\/a>","<a href=\"https:\/\/joyana.fr\/ja\/category\/deco-design\/designer\/jaime-hayon\/\" class=\"advgb-post-tax-term\">Jaime HAYON<\/a>"],"unlinked":["<span class=\"advgb-post-tax-term\">DESIGN<\/span>","<span class=\"advgb-post-tax-term\">Jaime HAYON<\/span>"]}},"comment_count":9,"relative_dates":{"created":"Posted 14\u5e74 ago","modified":"Updated 14\u5e74 ago"},"absolute_dates":{"created":"Posted on 21 5\u6708 2012","modified":"Updated on 21 5\u6708 2012"},"absolute_dates_time":{"created":"Posted on 21 5\u6708 2012 11:20","modified":"Updated on 21 5\u6708 2012 11:20"},"featured_img_caption":"","series_order":"","jetpack_sharing_enabled":true,"jetpack_shortlink":"https:\/\/wp.me\/p9bteI-sxj","jetpack-related-posts":[],"_links":{"self":[{"href":"https:\/\/joyana.fr\/ja\/wp-json\/wp\/v2\/posts\/109697","targetHints":{"allow":["GET"]}}],"collection":[{"href":"https:\/\/joyana.fr\/ja\/wp-json\/wp\/v2\/posts"}],"about":[{"href":"https:\/\/joyana.fr\/ja\/wp-json\/wp\/v2\/types\/post"}],"author":[{"embeddable":true,"href":"https:\/\/joyana.fr\/ja\/wp-json\/wp\/v2\/users\/3"}],"replies":[{"embeddable":true,"href":"https:\/\/joyana.fr\/ja\/wp-json\/wp\/v2\/comments?post=109697"}],"version-history":[{"count":0,"href":"https:\/\/joyana.fr\/ja\/wp-json\/wp\/v2\/posts\/109697\/revisions"}],"wp:featuredmedia":[{"embeddable":true,"href":"https:\/\/joyana.fr\/ja\/wp-json\/wp\/v2\/media\/109700"}],"wp:attachment":[{"href":"https:\/\/joyana.fr\/ja\/wp-json\/wp\/v2\/media?parent=109697"}],"wp:term":[{"taxonomy":"category","embeddable":true,"href":"https:\/\/joyana.fr\/ja\/wp-json\/wp\/v2\/categories?post=109697"},{"taxonomy":"post_tag","embeddable":true,"href":"https:\/\/joyana.fr\/ja\/wp-json\/wp\/v2\/tags?post=109697"}],"curies":[{"name":"wp","href":"https:\/\/api.w.org\/{rel}","templated":true}]}}