{"id":111104,"date":"2012-10-29T19:33:15","date_gmt":"2012-10-29T18:33:15","guid":{"rendered":"https:\/\/joyana.fr\/?p=11104"},"modified":"2012-10-29T19:33:15","modified_gmt":"2012-10-29T18:33:15","slug":"mercedes-benz-style-2013-formitalia","status":"publish","type":"post","link":"https:\/\/joyana.fr\/ja\/mercedes-benz-style-2013-formitalia\/111104\/","title":{"rendered":"MERCEDES-BENZ Style 2013"},"content":{"rendered":"<p>On vous en parlait <a title=\"MERCEDES MENZ MOBILIER\" href=\"https:\/\/joyana.fr\/mobilier-mercedes-benz\/9030\/\" target=\"_blank\">l&#8217;ann\u00e9e derni\u00e8re<\/a> \u00e0 Milan, <strong>Mercedes-Benz<\/strong> se lance dans le <strong>mobilier<\/strong> et ce n&#8217;est pas pour nous d\u00e9plaire ! D\u00e9couvrez un aper\u00e7u de la collection <strong>2013<\/strong>&#8230;<\/p>\n<p><img data-recalc-dims=\"1\" fetchpriority=\"high\" decoding=\"async\" class=\"alignnone size-large wp-image-11108\" title=\"MERCEDES-BENZ Style 2013\" src=\"https:\/\/i0.wp.com\/joyana.fr\/wp-content\/uploads\/2012\/10\/Mercedes-Benz-Style-Anteprima-Maison_immagine_20121024123607.jpg?resize=576%2C281&#038;ssl=1\" alt=\"\" width=\"576\" height=\"281\" \/><\/p>\n<p><strong>Mercedes-Benz<\/strong> souhaite maintenant apporter son style unique et sa haute qualit\u00e9 l\u00e9gendaire dans notre salon ! Toujours en collaboration avec le groupe de luxe <strong><a title=\"FORMITALIA\" href=\"http:\/\/www.formitalia.it\/\" target=\"_blank\">Formitalia<\/a><\/strong>, l&#8217;un des principaux fabricants italiens de <strong>mobilier design<\/strong>, <strong>Mercedes-Benz<\/strong> a cr\u00e9\u00e9 une collection de meubles sous le label <strong>Mercedes-Benz Style<\/strong>&#8230;<\/p>\n<p>Dans cet aper\u00e7u pour <strong>2013<\/strong>, nous d\u00e9couvrons un sublime canap\u00e9, une table basse et un meuble TV tr\u00e8s rac\u00e9 !!!<\/p>\n<p><img data-recalc-dims=\"1\" decoding=\"async\" class=\"alignnone size-large wp-image-11112\" title=\"MERCEDES-BENZ Style 2013\" src=\"https:\/\/i0.wp.com\/joyana.fr\/wp-content\/uploads\/2012\/10\/Mercedes-Benz-Style-Anteprima-Maison_immagine_20121024123322.jpg?resize=576%2C411&#038;ssl=1\" alt=\"\" width=\"576\" height=\"411\" \/><\/p>\n<p><img data-recalc-dims=\"1\" decoding=\"async\" class=\"alignnone size-large wp-image-11109\" title=\"MERCEDES-BENZ Style 2013 meuble tv\" src=\"https:\/\/i0.wp.com\/joyana.fr\/wp-content\/uploads\/2012\/10\/Mercedes-Benz-Style-Anteprima-Maison_immagine_201210241230181.jpg?resize=576%2C374&#038;ssl=1\" alt=\"\" width=\"576\" height=\"374\" \/><\/p>\n<div data-carousel-extra='{\"blog_id\":1,\"permalink\":\"https:\\\/\\\/joyana.fr\\\/ja\\\/mercedes-benz-style-2013-formitalia\\\/111104\\\/\"}' id='gallery-1' class='gallery galleryid-111104 gallery-columns-3 gallery-size-thumbnail'><figure class='gallery-item'>\r\n\t\t\t<div class='gallery-icon landscape'>\r\n\t\t\t\t<a href=\"https:\/\/i0.wp.com\/joyana.fr\/wp-content\/uploads\/2012\/10\/Mercedes-Benz-Style-Anteprima-Maison_immagine_20121024123128.jpg?ssl=1\"><img loading=\"lazy\" decoding=\"async\" width=\"150\" height=\"150\" src=\"https:\/\/i0.wp.com\/joyana.fr\/wp-content\/uploads\/2012\/10\/Mercedes-Benz-Style-Anteprima-Maison_immagine_20121024123128.jpg?resize=150%2C150&amp;ssl=1\" class=\"attachment-thumbnail size-thumbnail\" alt=\"\" srcset=\"https:\/\/i0.wp.com\/joyana.fr\/wp-content\/uploads\/2012\/10\/Mercedes-Benz-Style-Anteprima-Maison_immagine_20121024123128.jpg?resize=300%2C300&amp;ssl=1 300w, https:\/\/i0.wp.com\/joyana.fr\/wp-content\/uploads\/2012\/10\/Mercedes-Benz-Style-Anteprima-Maison_immagine_20121024123128.jpg?resize=100%2C100&amp;ssl=1 100w, https:\/\/i0.wp.com\/joyana.fr\/wp-content\/uploads\/2012\/10\/Mercedes-Benz-Style-Anteprima-Maison_immagine_20121024123128.jpg?zoom=3&amp;resize=150%2C150&amp;ssl=1 450w\" sizes=\"(max-width: 150px) 100vw, 150px\" data-attachment-id=\"111111\" data-permalink=\"https:\/\/joyana.fr\/ja\/mercedes-benz-style-2013-formitalia\/111104\/mercedes-benz-style-anteprima-maison_immagine_20121024123128\/\" data-orig-file=\"https:\/\/i0.wp.com\/joyana.fr\/wp-content\/uploads\/2012\/10\/Mercedes-Benz-Style-Anteprima-Maison_immagine_20121024123128.jpg?fit=650%2C432&amp;ssl=1\" data-orig-size=\"650,432\" data-comments-opened=\"1\" data-image-meta=\"{&quot;aperture&quot;:&quot;0&quot;,&quot;credit&quot;:&quot;&quot;,&quot;camera&quot;:&quot;&quot;,&quot;caption&quot;:&quot;&quot;,&quot;created_timestamp&quot;:&quot;0&quot;,&quot;copyright&quot;:&quot;&quot;,&quot;focal_length&quot;:&quot;0&quot;,&quot;iso&quot;:&quot;0&quot;,&quot;shutter_speed&quot;:&quot;0&quot;,&quot;title&quot;:&quot;&quot;,&quot;orientation&quot;:&quot;0&quot;}\" data-image-title=\"Mercedes-Benz-Style&#8212;Anteprima-Maison_immagine_20121024123128\" data-image-description=\"\" data-image-caption=\"\" data-medium-file=\"https:\/\/i0.wp.com\/joyana.fr\/wp-content\/uploads\/2012\/10\/Mercedes-Benz-Style-Anteprima-Maison_immagine_20121024123128.jpg?fit=389%2C259&amp;ssl=1\" data-large-file=\"https:\/\/i0.wp.com\/joyana.fr\/wp-content\/uploads\/2012\/10\/Mercedes-Benz-Style-Anteprima-Maison_immagine_20121024123128.jpg?fit=650%2C432&amp;ssl=1\" \/><\/a>\r\n\t\t\t<\/div><\/figure><figure class='gallery-item'>\r\n\t\t\t<div class='gallery-icon landscape'>\r\n\t\t\t\t<a href=\"https:\/\/i0.wp.com\/joyana.fr\/wp-content\/uploads\/2012\/10\/Mercedes-Benz-Style-Anteprima-Maison_immagine_201210241230591.jpg?ssl=1\"><img loading=\"lazy\" decoding=\"async\" width=\"150\" height=\"150\" src=\"https:\/\/i0.wp.com\/joyana.fr\/wp-content\/uploads\/2012\/10\/Mercedes-Benz-Style-Anteprima-Maison_immagine_201210241230591.jpg?resize=150%2C150&amp;ssl=1\" class=\"attachment-thumbnail size-thumbnail\" alt=\"\" srcset=\"https:\/\/i0.wp.com\/joyana.fr\/wp-content\/uploads\/2012\/10\/Mercedes-Benz-Style-Anteprima-Maison_immagine_201210241230591.jpg?resize=300%2C300&amp;ssl=1 300w, https:\/\/i0.wp.com\/joyana.fr\/wp-content\/uploads\/2012\/10\/Mercedes-Benz-Style-Anteprima-Maison_immagine_201210241230591.jpg?resize=100%2C100&amp;ssl=1 100w, https:\/\/i0.wp.com\/joyana.fr\/wp-content\/uploads\/2012\/10\/Mercedes-Benz-Style-Anteprima-Maison_immagine_201210241230591.jpg?zoom=3&amp;resize=150%2C150&amp;ssl=1 450w\" sizes=\"(max-width: 150px) 100vw, 150px\" data-attachment-id=\"111110\" data-permalink=\"https:\/\/joyana.fr\/ja\/mercedes-benz-style-2013-formitalia\/111104\/mercedes-benz-style-anteprima-maison_immagine_20121024123059-2\/\" data-orig-file=\"https:\/\/i0.wp.com\/joyana.fr\/wp-content\/uploads\/2012\/10\/Mercedes-Benz-Style-Anteprima-Maison_immagine_201210241230591.jpg?fit=650%2C404&amp;ssl=1\" data-orig-size=\"650,404\" data-comments-opened=\"1\" data-image-meta=\"{&quot;aperture&quot;:&quot;0&quot;,&quot;credit&quot;:&quot;&quot;,&quot;camera&quot;:&quot;&quot;,&quot;caption&quot;:&quot;&quot;,&quot;created_timestamp&quot;:&quot;0&quot;,&quot;copyright&quot;:&quot;&quot;,&quot;focal_length&quot;:&quot;0&quot;,&quot;iso&quot;:&quot;0&quot;,&quot;shutter_speed&quot;:&quot;0&quot;,&quot;title&quot;:&quot;&quot;,&quot;orientation&quot;:&quot;0&quot;}\" data-image-title=\"Mercedes-Benz-Style&#8212;Anteprima-Maison_immagine_20121024123059\" data-image-description=\"\" data-image-caption=\"\" data-medium-file=\"https:\/\/i0.wp.com\/joyana.fr\/wp-content\/uploads\/2012\/10\/Mercedes-Benz-Style-Anteprima-Maison_immagine_201210241230591.jpg?fit=389%2C242&amp;ssl=1\" data-large-file=\"https:\/\/i0.wp.com\/joyana.fr\/wp-content\/uploads\/2012\/10\/Mercedes-Benz-Style-Anteprima-Maison_immagine_201210241230591.jpg?fit=650%2C404&amp;ssl=1\" \/><\/a>\r\n\t\t\t<\/div><\/figure><figure class='gallery-item'>\r\n\t\t\t<div class='gallery-icon landscape'>\r\n\t\t\t\t<a href=\"https:\/\/i0.wp.com\/joyana.fr\/wp-content\/uploads\/2012\/10\/Mercedes-Benz-Style-Anteprima-Maison_immagine_201210241230181.jpg?ssl=1\"><img loading=\"lazy\" decoding=\"async\" width=\"150\" height=\"150\" src=\"https:\/\/i0.wp.com\/joyana.fr\/wp-content\/uploads\/2012\/10\/Mercedes-Benz-Style-Anteprima-Maison_immagine_201210241230181.jpg?resize=150%2C150&amp;ssl=1\" class=\"attachment-thumbnail size-thumbnail\" alt=\"\" srcset=\"https:\/\/i0.wp.com\/joyana.fr\/wp-content\/uploads\/2012\/10\/Mercedes-Benz-Style-Anteprima-Maison_immagine_201210241230181.jpg?resize=300%2C300&amp;ssl=1 300w, https:\/\/i0.wp.com\/joyana.fr\/wp-content\/uploads\/2012\/10\/Mercedes-Benz-Style-Anteprima-Maison_immagine_201210241230181.jpg?resize=100%2C100&amp;ssl=1 100w, https:\/\/i0.wp.com\/joyana.fr\/wp-content\/uploads\/2012\/10\/Mercedes-Benz-Style-Anteprima-Maison_immagine_201210241230181.jpg?zoom=3&amp;resize=150%2C150&amp;ssl=1 450w\" sizes=\"(max-width: 150px) 100vw, 150px\" data-attachment-id=\"111109\" data-permalink=\"https:\/\/joyana.fr\/ja\/mercedes-benz-style-2013-formitalia\/111104\/mercedes-benz-style-anteprima-maison_immagine_20121024123018-2\/\" data-orig-file=\"https:\/\/i0.wp.com\/joyana.fr\/wp-content\/uploads\/2012\/10\/Mercedes-Benz-Style-Anteprima-Maison_immagine_201210241230181.jpg?fit=650%2C423&amp;ssl=1\" data-orig-size=\"650,423\" data-comments-opened=\"1\" data-image-meta=\"{&quot;aperture&quot;:&quot;0&quot;,&quot;credit&quot;:&quot;&quot;,&quot;camera&quot;:&quot;&quot;,&quot;caption&quot;:&quot;&quot;,&quot;created_timestamp&quot;:&quot;0&quot;,&quot;copyright&quot;:&quot;&quot;,&quot;focal_length&quot;:&quot;0&quot;,&quot;iso&quot;:&quot;0&quot;,&quot;shutter_speed&quot;:&quot;0&quot;,&quot;title&quot;:&quot;&quot;,&quot;orientation&quot;:&quot;0&quot;}\" data-image-title=\"MERCEDES-BENZ Style 2013 meuble tv\" data-image-description=\"&lt;p&gt;MERCEDES-BENZ Style 2013 meuble tv&lt;\/p&gt;\n\" data-image-caption=\"\" data-medium-file=\"https:\/\/i0.wp.com\/joyana.fr\/wp-content\/uploads\/2012\/10\/Mercedes-Benz-Style-Anteprima-Maison_immagine_201210241230181.jpg?fit=389%2C253&amp;ssl=1\" data-large-file=\"https:\/\/i0.wp.com\/joyana.fr\/wp-content\/uploads\/2012\/10\/Mercedes-Benz-Style-Anteprima-Maison_immagine_201210241230181.jpg?fit=650%2C423&amp;ssl=1\" \/><\/a>\r\n\t\t\t<\/div><\/figure><figure class='gallery-item'>\r\n\t\t\t<div class='gallery-icon landscape'>\r\n\t\t\t\t<a href=\"https:\/\/i0.wp.com\/joyana.fr\/wp-content\/uploads\/2012\/10\/Mercedes-Benz-Style-Anteprima-Maison_immagine_20121024123607.jpg?ssl=1\"><img loading=\"lazy\" decoding=\"async\" width=\"150\" height=\"150\" src=\"https:\/\/i0.wp.com\/joyana.fr\/wp-content\/uploads\/2012\/10\/Mercedes-Benz-Style-Anteprima-Maison_immagine_20121024123607.jpg?resize=150%2C150&amp;ssl=1\" class=\"attachment-thumbnail size-thumbnail\" alt=\"\" srcset=\"https:\/\/i0.wp.com\/joyana.fr\/wp-content\/uploads\/2012\/10\/Mercedes-Benz-Style-Anteprima-Maison_immagine_20121024123607.jpg?resize=300%2C300&amp;ssl=1 300w, https:\/\/i0.wp.com\/joyana.fr\/wp-content\/uploads\/2012\/10\/Mercedes-Benz-Style-Anteprima-Maison_immagine_20121024123607.jpg?resize=100%2C100&amp;ssl=1 100w, https:\/\/i0.wp.com\/joyana.fr\/wp-content\/uploads\/2012\/10\/Mercedes-Benz-Style-Anteprima-Maison_immagine_20121024123607.jpg?zoom=3&amp;resize=150%2C150&amp;ssl=1 450w\" sizes=\"(max-width: 150px) 100vw, 150px\" data-attachment-id=\"111108\" data-permalink=\"https:\/\/joyana.fr\/ja\/mercedes-benz-style-2013-formitalia\/111104\/mercedes-benz-style-anteprima-maison_immagine_20121024123607\/\" data-orig-file=\"https:\/\/i0.wp.com\/joyana.fr\/wp-content\/uploads\/2012\/10\/Mercedes-Benz-Style-Anteprima-Maison_immagine_20121024123607.jpg?fit=650%2C318&amp;ssl=1\" data-orig-size=\"650,318\" data-comments-opened=\"1\" data-image-meta=\"{&quot;aperture&quot;:&quot;0&quot;,&quot;credit&quot;:&quot;&quot;,&quot;camera&quot;:&quot;&quot;,&quot;caption&quot;:&quot;&quot;,&quot;created_timestamp&quot;:&quot;0&quot;,&quot;copyright&quot;:&quot;&quot;,&quot;focal_length&quot;:&quot;0&quot;,&quot;iso&quot;:&quot;0&quot;,&quot;shutter_speed&quot;:&quot;0&quot;,&quot;title&quot;:&quot;&quot;,&quot;orientation&quot;:&quot;0&quot;}\" data-image-title=\"MERCEDES-BENZ Style 2013\" data-image-description=\"&lt;p&gt;MERCEDES-BENZ Style 2013 canap\u00e9 + table basse&lt;\/p&gt;\n\" data-image-caption=\"\" data-medium-file=\"https:\/\/i0.wp.com\/joyana.fr\/wp-content\/uploads\/2012\/10\/Mercedes-Benz-Style-Anteprima-Maison_immagine_20121024123607.jpg?fit=389%2C190&amp;ssl=1\" data-large-file=\"https:\/\/i0.wp.com\/joyana.fr\/wp-content\/uploads\/2012\/10\/Mercedes-Benz-Style-Anteprima-Maison_immagine_20121024123607.jpg?fit=650%2C318&amp;ssl=1\" \/><\/a>\r\n\t\t\t<\/div><\/figure><figure class='gallery-item'>\r\n\t\t\t<div class='gallery-icon landscape'>\r\n\t\t\t\t<a href=\"https:\/\/i0.wp.com\/joyana.fr\/wp-content\/uploads\/2012\/10\/Mercedes-Benz-Style-Anteprima-Maison_immagine_20121024123322.jpg?ssl=1\"><img loading=\"lazy\" decoding=\"async\" width=\"150\" height=\"150\" src=\"https:\/\/i0.wp.com\/joyana.fr\/wp-content\/uploads\/2012\/10\/Mercedes-Benz-Style-Anteprima-Maison_immagine_20121024123322.jpg?resize=150%2C150&amp;ssl=1\" class=\"attachment-thumbnail size-thumbnail\" alt=\"\" srcset=\"https:\/\/i0.wp.com\/joyana.fr\/wp-content\/uploads\/2012\/10\/Mercedes-Benz-Style-Anteprima-Maison_immagine_20121024123322.jpg?resize=300%2C300&amp;ssl=1 300w, https:\/\/i0.wp.com\/joyana.fr\/wp-content\/uploads\/2012\/10\/Mercedes-Benz-Style-Anteprima-Maison_immagine_20121024123322.jpg?resize=100%2C100&amp;ssl=1 100w, https:\/\/i0.wp.com\/joyana.fr\/wp-content\/uploads\/2012\/10\/Mercedes-Benz-Style-Anteprima-Maison_immagine_20121024123322.jpg?zoom=3&amp;resize=150%2C150&amp;ssl=1 450w\" sizes=\"(max-width: 150px) 100vw, 150px\" data-attachment-id=\"111112\" data-permalink=\"https:\/\/joyana.fr\/ja\/mercedes-benz-style-2013-formitalia\/111104\/mercedes-benz-style-anteprima-maison_immagine_20121024123322\/\" data-orig-file=\"https:\/\/i0.wp.com\/joyana.fr\/wp-content\/uploads\/2012\/10\/Mercedes-Benz-Style-Anteprima-Maison_immagine_20121024123322.jpg?fit=650%2C464&amp;ssl=1\" data-orig-size=\"650,464\" data-comments-opened=\"1\" data-image-meta=\"{&quot;aperture&quot;:&quot;0&quot;,&quot;credit&quot;:&quot;&quot;,&quot;camera&quot;:&quot;&quot;,&quot;caption&quot;:&quot;&quot;,&quot;created_timestamp&quot;:&quot;0&quot;,&quot;copyright&quot;:&quot;&quot;,&quot;focal_length&quot;:&quot;0&quot;,&quot;iso&quot;:&quot;0&quot;,&quot;shutter_speed&quot;:&quot;0&quot;,&quot;title&quot;:&quot;&quot;,&quot;orientation&quot;:&quot;0&quot;}\" data-image-title=\"MERCEDES-BENZ Style 2013\" data-image-description=\"&lt;p&gt;MERCEDES-BENZ Style 2013&lt;\/p&gt;\n\" data-image-caption=\"\" data-medium-file=\"https:\/\/i0.wp.com\/joyana.fr\/wp-content\/uploads\/2012\/10\/Mercedes-Benz-Style-Anteprima-Maison_immagine_20121024123322.jpg?fit=389%2C278&amp;ssl=1\" data-large-file=\"https:\/\/i0.wp.com\/joyana.fr\/wp-content\/uploads\/2012\/10\/Mercedes-Benz-Style-Anteprima-Maison_immagine_20121024123322.jpg?fit=650%2C464&amp;ssl=1\" \/><\/a>\r\n\t\t\t<\/div><\/figure><figure class='gallery-item'>\r\n\t\t\t<div class='gallery-icon landscape'>\r\n\t\t\t\t<a href=\"https:\/\/i0.wp.com\/joyana.fr\/wp-content\/uploads\/2012\/10\/Mercedes-Benz-Style-Anteprima-Maison_immagine_20121024123415.jpg?ssl=1\"><img loading=\"lazy\" decoding=\"async\" width=\"150\" height=\"150\" src=\"https:\/\/i0.wp.com\/joyana.fr\/wp-content\/uploads\/2012\/10\/Mercedes-Benz-Style-Anteprima-Maison_immagine_20121024123415.jpg?resize=150%2C150&amp;ssl=1\" class=\"attachment-thumbnail size-thumbnail\" alt=\"\" srcset=\"https:\/\/i0.wp.com\/joyana.fr\/wp-content\/uploads\/2012\/10\/Mercedes-Benz-Style-Anteprima-Maison_immagine_20121024123415.jpg?resize=300%2C300&amp;ssl=1 300w, https:\/\/i0.wp.com\/joyana.fr\/wp-content\/uploads\/2012\/10\/Mercedes-Benz-Style-Anteprima-Maison_immagine_20121024123415.jpg?resize=100%2C100&amp;ssl=1 100w, https:\/\/i0.wp.com\/joyana.fr\/wp-content\/uploads\/2012\/10\/Mercedes-Benz-Style-Anteprima-Maison_immagine_20121024123415.jpg?zoom=3&amp;resize=150%2C150&amp;ssl=1 450w\" sizes=\"(max-width: 150px) 100vw, 150px\" data-attachment-id=\"111113\" data-permalink=\"https:\/\/joyana.fr\/ja\/mercedes-benz-style-2013-formitalia\/111104\/mercedes-benz-style-anteprima-maison_immagine_20121024123415\/\" data-orig-file=\"https:\/\/i0.wp.com\/joyana.fr\/wp-content\/uploads\/2012\/10\/Mercedes-Benz-Style-Anteprima-Maison_immagine_20121024123415.jpg?fit=650%2C409&amp;ssl=1\" data-orig-size=\"650,409\" data-comments-opened=\"1\" data-image-meta=\"{&quot;aperture&quot;:&quot;0&quot;,&quot;credit&quot;:&quot;&quot;,&quot;camera&quot;:&quot;&quot;,&quot;caption&quot;:&quot;&quot;,&quot;created_timestamp&quot;:&quot;0&quot;,&quot;copyright&quot;:&quot;&quot;,&quot;focal_length&quot;:&quot;0&quot;,&quot;iso&quot;:&quot;0&quot;,&quot;shutter_speed&quot;:&quot;0&quot;,&quot;title&quot;:&quot;&quot;,&quot;orientation&quot;:&quot;0&quot;}\" data-image-title=\"MERCEDES-BENZ Style 2013\" data-image-description=\"&lt;p&gt;MERCEDES-BENZ Style 2013&lt;\/p&gt;\n\" data-image-caption=\"\" data-medium-file=\"https:\/\/i0.wp.com\/joyana.fr\/wp-content\/uploads\/2012\/10\/Mercedes-Benz-Style-Anteprima-Maison_immagine_20121024123415.jpg?fit=389%2C245&amp;ssl=1\" data-large-file=\"https:\/\/i0.wp.com\/joyana.fr\/wp-content\/uploads\/2012\/10\/Mercedes-Benz-Style-Anteprima-Maison_immagine_20121024123415.jpg?fit=650%2C409&amp;ssl=1\" \/><\/a>\r\n\t\t\t<\/div><\/figure><figure class='gallery-item'>\r\n\t\t\t<div class='gallery-icon landscape'>\r\n\t\t\t\t<a href=\"https:\/\/i0.wp.com\/joyana.fr\/wp-content\/uploads\/2012\/10\/Mercedes-Benz-Style-Anteprima-Maison_immagine_20121024123517.jpg?ssl=1\"><img loading=\"lazy\" decoding=\"async\" width=\"150\" height=\"150\" src=\"https:\/\/i0.wp.com\/joyana.fr\/wp-content\/uploads\/2012\/10\/Mercedes-Benz-Style-Anteprima-Maison_immagine_20121024123517.jpg?resize=150%2C150&amp;ssl=1\" class=\"attachment-thumbnail size-thumbnail\" alt=\"\" srcset=\"https:\/\/i0.wp.com\/joyana.fr\/wp-content\/uploads\/2012\/10\/Mercedes-Benz-Style-Anteprima-Maison_immagine_20121024123517.jpg?resize=300%2C300&amp;ssl=1 300w, https:\/\/i0.wp.com\/joyana.fr\/wp-content\/uploads\/2012\/10\/Mercedes-Benz-Style-Anteprima-Maison_immagine_20121024123517.jpg?resize=100%2C100&amp;ssl=1 100w, https:\/\/i0.wp.com\/joyana.fr\/wp-content\/uploads\/2012\/10\/Mercedes-Benz-Style-Anteprima-Maison_immagine_20121024123517.jpg?zoom=3&amp;resize=150%2C150&amp;ssl=1 450w\" sizes=\"(max-width: 150px) 100vw, 150px\" data-attachment-id=\"111114\" data-permalink=\"https:\/\/joyana.fr\/ja\/mercedes-benz-style-2013-formitalia\/111104\/mercedes-benz-style-anteprima-maison_immagine_20121024123517\/\" data-orig-file=\"https:\/\/i0.wp.com\/joyana.fr\/wp-content\/uploads\/2012\/10\/Mercedes-Benz-Style-Anteprima-Maison_immagine_20121024123517.jpg?fit=650%2C426&amp;ssl=1\" data-orig-size=\"650,426\" data-comments-opened=\"1\" data-image-meta=\"{&quot;aperture&quot;:&quot;0&quot;,&quot;credit&quot;:&quot;&quot;,&quot;camera&quot;:&quot;&quot;,&quot;caption&quot;:&quot;&quot;,&quot;created_timestamp&quot;:&quot;0&quot;,&quot;copyright&quot;:&quot;&quot;,&quot;focal_length&quot;:&quot;0&quot;,&quot;iso&quot;:&quot;0&quot;,&quot;shutter_speed&quot;:&quot;0&quot;,&quot;title&quot;:&quot;&quot;,&quot;orientation&quot;:&quot;0&quot;}\" data-image-title=\"MERCEDES-BENZ Style 2013\" data-image-description=\"&lt;p&gt;MERCEDES-BENZ Style 2013&lt;\/p&gt;\n\" data-image-caption=\"\" data-medium-file=\"https:\/\/i0.wp.com\/joyana.fr\/wp-content\/uploads\/2012\/10\/Mercedes-Benz-Style-Anteprima-Maison_immagine_20121024123517.jpg?fit=389%2C255&amp;ssl=1\" data-large-file=\"https:\/\/i0.wp.com\/joyana.fr\/wp-content\/uploads\/2012\/10\/Mercedes-Benz-Style-Anteprima-Maison_immagine_20121024123517.jpg?fit=650%2C426&amp;ssl=1\" \/><\/a>\r\n\t\t\t<\/div><\/figure><figure class='gallery-item'>\r\n\t\t\t<div class='gallery-icon landscape'>\r\n\t\t\t\t<a href=\"https:\/\/i0.wp.com\/joyana.fr\/wp-content\/uploads\/2012\/10\/MERCEDES-BENZCAROUSSEL_DECO_DESIGN_NOV_2011.jpg?ssl=1\"><img loading=\"lazy\" decoding=\"async\" width=\"150\" height=\"150\" src=\"https:\/\/i0.wp.com\/joyana.fr\/wp-content\/uploads\/2012\/10\/MERCEDES-BENZCAROUSSEL_DECO_DESIGN_NOV_2011.jpg?resize=150%2C150&amp;ssl=1\" class=\"attachment-thumbnail size-thumbnail\" alt=\"\" srcset=\"https:\/\/i0.wp.com\/joyana.fr\/wp-content\/uploads\/2012\/10\/MERCEDES-BENZCAROUSSEL_DECO_DESIGN_NOV_2011.jpg?resize=150%2C150&amp;ssl=1 150w, https:\/\/i0.wp.com\/joyana.fr\/wp-content\/uploads\/2012\/10\/MERCEDES-BENZCAROUSSEL_DECO_DESIGN_NOV_2011.jpg?resize=180%2C180&amp;ssl=1 180w, https:\/\/i0.wp.com\/joyana.fr\/wp-content\/uploads\/2012\/10\/MERCEDES-BENZCAROUSSEL_DECO_DESIGN_NOV_2011.jpg?resize=300%2C300&amp;ssl=1 300w, https:\/\/i0.wp.com\/joyana.fr\/wp-content\/uploads\/2012\/10\/MERCEDES-BENZCAROUSSEL_DECO_DESIGN_NOV_2011.jpg?resize=100%2C100&amp;ssl=1 100w, https:\/\/i0.wp.com\/joyana.fr\/wp-content\/uploads\/2012\/10\/MERCEDES-BENZCAROUSSEL_DECO_DESIGN_NOV_2011.jpg?zoom=3&amp;resize=150%2C150&amp;ssl=1 450w\" sizes=\"(max-width: 150px) 100vw, 150px\" data-attachment-id=\"111115\" data-permalink=\"https:\/\/joyana.fr\/ja\/mercedes-benz-style-2013-formitalia\/111104\/mercedes-benzcaroussel_deco_design_nov_2011\/\" data-orig-file=\"https:\/\/i0.wp.com\/joyana.fr\/wp-content\/uploads\/2012\/10\/MERCEDES-BENZCAROUSSEL_DECO_DESIGN_NOV_2011.jpg?fit=1500%2C320&amp;ssl=1\" data-orig-size=\"1500,320\" data-comments-opened=\"1\" data-image-meta=\"{&quot;aperture&quot;:&quot;0&quot;,&quot;credit&quot;:&quot;&quot;,&quot;camera&quot;:&quot;&quot;,&quot;caption&quot;:&quot;&quot;,&quot;created_timestamp&quot;:&quot;0&quot;,&quot;copyright&quot;:&quot;&quot;,&quot;focal_length&quot;:&quot;0&quot;,&quot;iso&quot;:&quot;0&quot;,&quot;shutter_speed&quot;:&quot;0&quot;,&quot;title&quot;:&quot;&quot;,&quot;orientation&quot;:&quot;0&quot;}\" data-image-title=\"MERCEDES-BENZ Style 2013\" data-image-description=\"&lt;p&gt;MERCEDES-BENZ Style 2013&lt;\/p&gt;\n\" data-image-caption=\"\" data-medium-file=\"https:\/\/i0.wp.com\/joyana.fr\/wp-content\/uploads\/2012\/10\/MERCEDES-BENZCAROUSSEL_DECO_DESIGN_NOV_2011.jpg?fit=389%2C83&amp;ssl=1\" data-large-file=\"https:\/\/i0.wp.com\/joyana.fr\/wp-content\/uploads\/2012\/10\/MERCEDES-BENZCAROUSSEL_DECO_DESIGN_NOV_2011.jpg?fit=1024%2C218&amp;ssl=1\" \/><\/a>\r\n\t\t\t<\/div><\/figure><\/div>\n\n<p style=\"text-align: center;\">En savoir + sur <a title=\"FORMITALIA\" href=\"http:\/\/www.formitalia.it\/\" target=\"_blank\"><strong>FORMITALIA<\/strong><\/a> &#038; <a title=\"MERCEDES BENZ\" href=\"http:\/\/www.mercedes-benz.fr\/\" target=\"_blank\"><strong>MERCEDES-BENZ<\/strong><\/a><\/p>\n","protected":false},"excerpt":{"rendered":"<p>On vous en parlait l&#8217;ann\u00e9e derni\u00e8re \u00e0 Milan, Mercedes-Benz se lance dans le mobilier et ce n&#8217;est p [&hellip;]<\/p>\n","protected":false},"author":3,"featured_media":111115,"comment_status":"open","ping_status":"open","sticky":false,"template":"","format":"standard","meta":{"_coblocks_attr":"","_coblocks_dimensions":"","_coblocks_responsive_height":"","_coblocks_accordion_ie_support":"","_uag_custom_page_level_css":"","advgb_blocks_editor_width":"","advgb_blocks_columns_visual_guide":"","_genesis_hide_title":false,"_genesis_hide_breadcrumbs":false,"_genesis_hide_singular_image":false,"_genesis_hide_footer_widgets":false,"_genesis_custom_body_class":"","_genesis_custom_post_class":"","_genesis_layout":"","_themeisle_gutenberg_block_has_review":false,"_jetpack_newsletter_access":"","_jetpack_dont_email_post_to_subs":false,"_jetpack_newsletter_tier_id":0,"_jetpack_memberships_contains_paywalled_content":false,"_jetpack_memberships_contains_paid_content":false,"footnotes":""},"categories":[949,905,942,1003,944],"tags":[1146,1147,1148,1149,1150],"class_list":{"0":"post-111104","1":"post","2":"type-post","3":"status-publish","4":"format-standard","5":"has-post-thumbnail","7":"category-canape","8":"category-deco-design","9":"category-mobilier","10":"category-motors","11":"category-table","12":"tag-canape-design","13":"tag-formitalia","14":"tag-mercedes-benz","15":"tag-meuble-tv","16":"tag-table-basse","17":"entry"},"featured_image_urls":{"full":["https:\/\/i0.wp.com\/joyana.fr\/wp-content\/uploads\/2012\/10\/MERCEDES-BENZCAROUSSEL_DECO_DESIGN_NOV_2011.jpg?fit=1500%2C320&ssl=1",1500,320,false],"thumbnail":["https:\/\/i0.wp.com\/joyana.fr\/wp-content\/uploads\/2012\/10\/MERCEDES-BENZCAROUSSEL_DECO_DESIGN_NOV_2011.jpg?resize=150%2C150&ssl=1",150,150,true],"medium":["https:\/\/i0.wp.com\/joyana.fr\/wp-content\/uploads\/2012\/10\/MERCEDES-BENZCAROUSSEL_DECO_DESIGN_NOV_2011.jpg?fit=389%2C83&ssl=1",389,83,true],"medium_large":["https:\/\/i0.wp.com\/joyana.fr\/wp-content\/uploads\/2012\/10\/MERCEDES-BENZCAROUSSEL_DECO_DESIGN_NOV_2011.jpg?fit=768%2C164&ssl=1",768,164,true],"large":["https:\/\/i0.wp.com\/joyana.fr\/wp-content\/uploads\/2012\/10\/MERCEDES-BENZCAROUSSEL_DECO_DESIGN_NOV_2011.jpg?fit=1024%2C218&ssl=1",1024,218,true],"1536x1536":["https:\/\/i0.wp.com\/joyana.fr\/wp-content\/uploads\/2012\/10\/MERCEDES-BENZCAROUSSEL_DECO_DESIGN_NOV_2011.jpg?fit=1500%2C320&ssl=1",1500,320,true],"2048x2048":["https:\/\/i0.wp.com\/joyana.fr\/wp-content\/uploads\/2012\/10\/MERCEDES-BENZCAROUSSEL_DECO_DESIGN_NOV_2011.jpg?fit=1500%2C320&ssl=1",1500,320,true],"featured-thumb":["https:\/\/i0.wp.com\/joyana.fr\/wp-content\/uploads\/2012\/10\/MERCEDES-BENZCAROUSSEL_DECO_DESIGN_NOV_2011.jpg?resize=1500%2C320&ssl=1",1500,320,true],"ab-block-post-grid-landscape":["https:\/\/i0.wp.com\/joyana.fr\/wp-content\/uploads\/2012\/10\/MERCEDES-BENZCAROUSSEL_DECO_DESIGN_NOV_2011.jpg?resize=600%2C320&ssl=1",600,320,true],"ab-block-post-grid-square":["https:\/\/i0.wp.com\/joyana.fr\/wp-content\/uploads\/2012\/10\/MERCEDES-BENZCAROUSSEL_DECO_DESIGN_NOV_2011.jpg?resize=600%2C320&ssl=1",600,320,true],"author-pro-image":["https:\/\/i0.wp.com\/joyana.fr\/wp-content\/uploads\/2012\/10\/MERCEDES-BENZCAROUSSEL_DECO_DESIGN_NOV_2011.jpg?resize=360%2C320&ssl=1",360,320,true],"slider":["https:\/\/i0.wp.com\/joyana.fr\/wp-content\/uploads\/2012\/10\/MERCEDES-BENZCAROUSSEL_DECO_DESIGN_NOV_2011.jpg?resize=920%2C320&ssl=1",920,320,true],"woocommerce_thumbnail":["https:\/\/i0.wp.com\/joyana.fr\/wp-content\/uploads\/2012\/10\/MERCEDES-BENZCAROUSSEL_DECO_DESIGN_NOV_2011.jpg?resize=450%2C320&ssl=1",450,320,true],"woocommerce_single":["https:\/\/i0.wp.com\/joyana.fr\/wp-content\/uploads\/2012\/10\/MERCEDES-BENZCAROUSSEL_DECO_DESIGN_NOV_2011.jpg?fit=920%2C196&ssl=1",920,196,true],"woocommerce_gallery_thumbnail":["https:\/\/i0.wp.com\/joyana.fr\/wp-content\/uploads\/2012\/10\/MERCEDES-BENZCAROUSSEL_DECO_DESIGN_NOV_2011.jpg?resize=180%2C180&ssl=1",180,180,true],"sow-carousel-default":["https:\/\/i0.wp.com\/joyana.fr\/wp-content\/uploads\/2012\/10\/MERCEDES-BENZCAROUSSEL_DECO_DESIGN_NOV_2011.jpg?resize=272%2C182&ssl=1",272,182,true]},"post_excerpt_stackable":"<p>On vous en parlait l&#8217;ann\u00e9e derni\u00e8re \u00e0 Milan, Mercedes-Benz se lance dans le mobilier et ce n&#038;#&hellip;<\/p>\n","category_list":"<a href=\"https:\/\/joyana.fr\/ja\/category\/deco-design\/mobilier\/assise\/canape\/\" rel=\"category tag\">Canap\u00e9<\/a>, <a href=\"https:\/\/joyana.fr\/ja\/category\/deco-design\/\" rel=\"category tag\">DECO-DESIGN<\/a>, <a href=\"https:\/\/joyana.fr\/ja\/category\/deco-design\/mobilier\/\" rel=\"category tag\">Mobilier<\/a>, <a href=\"https:\/\/joyana.fr\/ja\/category\/deco-design\/actualite\/motors\/\" rel=\"category tag\">Motors<\/a>, <a href=\"https:\/\/joyana.fr\/ja\/category\/deco-design\/mobilier\/table\/\" rel=\"category tag\">Table<\/a>","author_info":{"display_name":"Jo Yana","author_link":"https:\/\/joyana.fr\/ja\/author\/joyana\/"},"comments_num":"3 comments","featured_image_urls_v2":{"full":["https:\/\/i0.wp.com\/joyana.fr\/wp-content\/uploads\/2012\/10\/MERCEDES-BENZCAROUSSEL_DECO_DESIGN_NOV_2011.jpg?fit=1500%2C320&ssl=1",1500,320,false],"thumbnail":["https:\/\/i0.wp.com\/joyana.fr\/wp-content\/uploads\/2012\/10\/MERCEDES-BENZCAROUSSEL_DECO_DESIGN_NOV_2011.jpg?resize=150%2C150&ssl=1",150,150,true],"medium":["https:\/\/i0.wp.com\/joyana.fr\/wp-content\/uploads\/2012\/10\/MERCEDES-BENZCAROUSSEL_DECO_DESIGN_NOV_2011.jpg?fit=389%2C83&ssl=1",389,83,true],"medium_large":["https:\/\/i0.wp.com\/joyana.fr\/wp-content\/uploads\/2012\/10\/MERCEDES-BENZCAROUSSEL_DECO_DESIGN_NOV_2011.jpg?fit=768%2C164&ssl=1",768,164,true],"large":["https:\/\/i0.wp.com\/joyana.fr\/wp-content\/uploads\/2012\/10\/MERCEDES-BENZCAROUSSEL_DECO_DESIGN_NOV_2011.jpg?fit=1024%2C218&ssl=1",1024,218,true],"1536x1536":["https:\/\/i0.wp.com\/joyana.fr\/wp-content\/uploads\/2012\/10\/MERCEDES-BENZCAROUSSEL_DECO_DESIGN_NOV_2011.jpg?fit=1500%2C320&ssl=1",1500,320,true],"2048x2048":["https:\/\/i0.wp.com\/joyana.fr\/wp-content\/uploads\/2012\/10\/MERCEDES-BENZCAROUSSEL_DECO_DESIGN_NOV_2011.jpg?fit=1500%2C320&ssl=1",1500,320,true],"featured-thumb":["https:\/\/i0.wp.com\/joyana.fr\/wp-content\/uploads\/2012\/10\/MERCEDES-BENZCAROUSSEL_DECO_DESIGN_NOV_2011.jpg?resize=1500%2C320&ssl=1",1500,320,true],"ab-block-post-grid-landscape":["https:\/\/i0.wp.com\/joyana.fr\/wp-content\/uploads\/2012\/10\/MERCEDES-BENZCAROUSSEL_DECO_DESIGN_NOV_2011.jpg?resize=600%2C320&ssl=1",600,320,true],"ab-block-post-grid-square":["https:\/\/i0.wp.com\/joyana.fr\/wp-content\/uploads\/2012\/10\/MERCEDES-BENZCAROUSSEL_DECO_DESIGN_NOV_2011.jpg?resize=600%2C320&ssl=1",600,320,true],"author-pro-image":["https:\/\/i0.wp.com\/joyana.fr\/wp-content\/uploads\/2012\/10\/MERCEDES-BENZCAROUSSEL_DECO_DESIGN_NOV_2011.jpg?resize=360%2C320&ssl=1",360,320,true],"slider":["https:\/\/i0.wp.com\/joyana.fr\/wp-content\/uploads\/2012\/10\/MERCEDES-BENZCAROUSSEL_DECO_DESIGN_NOV_2011.jpg?resize=920%2C320&ssl=1",920,320,true],"woocommerce_thumbnail":["https:\/\/i0.wp.com\/joyana.fr\/wp-content\/uploads\/2012\/10\/MERCEDES-BENZCAROUSSEL_DECO_DESIGN_NOV_2011.jpg?resize=450%2C320&ssl=1",450,320,true],"woocommerce_single":["https:\/\/i0.wp.com\/joyana.fr\/wp-content\/uploads\/2012\/10\/MERCEDES-BENZCAROUSSEL_DECO_DESIGN_NOV_2011.jpg?fit=920%2C196&ssl=1",920,196,true],"woocommerce_gallery_thumbnail":["https:\/\/i0.wp.com\/joyana.fr\/wp-content\/uploads\/2012\/10\/MERCEDES-BENZCAROUSSEL_DECO_DESIGN_NOV_2011.jpg?resize=180%2C180&ssl=1",180,180,true],"sow-carousel-default":["https:\/\/i0.wp.com\/joyana.fr\/wp-content\/uploads\/2012\/10\/MERCEDES-BENZCAROUSSEL_DECO_DESIGN_NOV_2011.jpg?resize=272%2C182&ssl=1",272,182,true]},"post_excerpt_stackable_v2":"<p>On vous en parlait l&#8217;ann\u00e9e derni\u00e8re \u00e0 Milan, Mercedes-Benz se lance dans le mobilier et ce n&#038;#&hellip;<\/p>\n","category_list_v2":"<a href=\"https:\/\/joyana.fr\/ja\/category\/deco-design\/mobilier\/assise\/canape\/\" rel=\"category tag\">Canap\u00e9<\/a>, <a href=\"https:\/\/joyana.fr\/ja\/category\/deco-design\/\" rel=\"category tag\">DECO-DESIGN<\/a>, <a href=\"https:\/\/joyana.fr\/ja\/category\/deco-design\/mobilier\/\" rel=\"category tag\">Mobilier<\/a>, <a href=\"https:\/\/joyana.fr\/ja\/category\/deco-design\/actualite\/motors\/\" rel=\"category tag\">Motors<\/a>, <a href=\"https:\/\/joyana.fr\/ja\/category\/deco-design\/mobilier\/table\/\" rel=\"category tag\">Table<\/a>","author_info_v2":{"name":"Jo Yana","url":"https:\/\/joyana.fr\/ja\/author\/joyana\/"},"comments_num_v2":"3 comments","yoast_head":"<!-- This site is optimized with the Yoast SEO plugin v26.8 - https:\/\/yoast.com\/product\/yoast-seo-wordpress\/ -->\n<title>MERCEDES-BENZ Style 2013 - JO YANA<\/title>\n<meta name=\"robots\" content=\"index, follow, max-snippet:-1, max-image-preview:large, max-video-preview:-1\" \/>\n<link rel=\"canonical\" href=\"https:\/\/www.joyana.fr\/mercedes-benz-style-2013-formitalia\/111104\/\" \/>\n<meta property=\"og:locale\" content=\"ja_JP\" \/>\n<meta property=\"og:locale:alternate\" content=\"fr_FR\" \/>\n<meta property=\"og:locale:alternate\" content=\"en_US\" \/>\n<meta property=\"og:type\" content=\"article\" \/>\n<meta property=\"og:title\" content=\"MERCEDES-BENZ Style 2013 - JO YANA\" \/>\n<meta property=\"og:description\" content=\"On vous en parlait l&#8217;ann\u00e9e derni\u00e8re \u00e0 Milan, Mercedes-Benz se lance dans le mobilier et ce n&#8217;est p [&hellip;]\" \/>\n<meta property=\"og:url\" content=\"https:\/\/joyana.fr\/ja\/mercedes-benz-style-2013-formitalia\/111104\/\" \/>\n<meta property=\"og:site_name\" content=\"JO YANA\" \/>\n<meta property=\"article:published_time\" content=\"2012-10-29T18:33:15+00:00\" \/>\n<meta property=\"og:image\" content=\"https:\/\/www.joyana.fr\/wp-content\/uploads\/2012\/10\/MERCEDES-BENZCAROUSSEL_DECO_DESIGN_NOV_2011.jpg\" \/>\n\t<meta property=\"og:image:width\" content=\"1500\" \/>\n\t<meta property=\"og:image:height\" content=\"320\" \/>\n\t<meta property=\"og:image:type\" content=\"image\/jpeg\" \/>\n<meta name=\"author\" content=\"Jo Yana\" \/>\n<meta name=\"twitter:card\" content=\"summary_large_image\" \/>\n<meta name=\"twitter:creator\" content=\"@Jo_Yana\" \/>\n<meta name=\"twitter:site\" content=\"@Jo_Yana\" \/>\n<meta name=\"twitter:label1\" content=\"\u57f7\u7b46\u8005\" \/>\n\t<meta name=\"twitter:data1\" content=\"Jo Yana\" \/>\n\t<meta name=\"twitter:label2\" content=\"\u63a8\u5b9a\u8aad\u307f\u53d6\u308a\u6642\u9593\" \/>\n\t<meta name=\"twitter:data2\" content=\"1\u5206\" \/>\n<script type=\"application\/ld+json\" class=\"yoast-schema-graph\">{\"@context\":\"https:\/\/schema.org\",\"@graph\":[{\"@type\":\"Article\",\"@id\":\"https:\/\/www.joyana.fr\/mercedes-benz-style-2013-formitalia\/111104\/#article\",\"isPartOf\":{\"@id\":\"https:\/\/www.joyana.fr\/mercedes-benz-style-2013-formitalia\/111104\/\"},\"author\":{\"name\":\"Jo Yana\",\"@id\":\"https:\/\/joyana.fr\/#\/schema\/person\/cf2a1ad12a27c12c21801075bf37407c\"},\"headline\":\"MERCEDES-BENZ Style 2013\",\"datePublished\":\"2012-10-29T18:33:15+00:00\",\"mainEntityOfPage\":{\"@id\":\"https:\/\/www.joyana.fr\/mercedes-benz-style-2013-formitalia\/111104\/\"},\"wordCount\":114,\"commentCount\":1,\"publisher\":{\"@id\":\"https:\/\/joyana.fr\/#\/schema\/person\/cf2a1ad12a27c12c21801075bf37407c\"},\"image\":{\"@id\":\"https:\/\/www.joyana.fr\/mercedes-benz-style-2013-formitalia\/111104\/#primaryimage\"},\"thumbnailUrl\":\"https:\/\/i0.wp.com\/joyana.fr\/wp-content\/uploads\/2012\/10\/MERCEDES-BENZCAROUSSEL_DECO_DESIGN_NOV_2011.jpg?fit=1500%2C320&ssl=1\",\"keywords\":[\"Canap\u00e9 design\",\"Formitalia\",\"Mercedes-Benz\",\"Meuble TV\",\"Table basse\"],\"articleSection\":[\"Canap\u00e9\",\"DECO-DESIGN\",\"Mobilier\",\"Motors\",\"Table\"],\"inLanguage\":\"ja\",\"potentialAction\":[{\"@type\":\"CommentAction\",\"name\":\"Comment\",\"target\":[\"https:\/\/www.joyana.fr\/mercedes-benz-style-2013-formitalia\/111104\/#respond\"]}]},{\"@type\":\"WebPage\",\"@id\":\"https:\/\/www.joyana.fr\/mercedes-benz-style-2013-formitalia\/111104\/\",\"url\":\"https:\/\/www.joyana.fr\/mercedes-benz-style-2013-formitalia\/111104\/\",\"name\":\"MERCEDES-BENZ Style 2013 - JO YANA\",\"isPartOf\":{\"@id\":\"https:\/\/joyana.fr\/#website\"},\"primaryImageOfPage\":{\"@id\":\"https:\/\/www.joyana.fr\/mercedes-benz-style-2013-formitalia\/111104\/#primaryimage\"},\"image\":{\"@id\":\"https:\/\/www.joyana.fr\/mercedes-benz-style-2013-formitalia\/111104\/#primaryimage\"},\"thumbnailUrl\":\"https:\/\/i0.wp.com\/joyana.fr\/wp-content\/uploads\/2012\/10\/MERCEDES-BENZCAROUSSEL_DECO_DESIGN_NOV_2011.jpg?fit=1500%2C320&ssl=1\",\"datePublished\":\"2012-10-29T18:33:15+00:00\",\"breadcrumb\":{\"@id\":\"https:\/\/www.joyana.fr\/mercedes-benz-style-2013-formitalia\/111104\/#breadcrumb\"},\"inLanguage\":\"ja\",\"potentialAction\":[{\"@type\":\"ReadAction\",\"target\":[\"https:\/\/www.joyana.fr\/mercedes-benz-style-2013-formitalia\/111104\/\"]}]},{\"@type\":\"ImageObject\",\"inLanguage\":\"ja\",\"@id\":\"https:\/\/www.joyana.fr\/mercedes-benz-style-2013-formitalia\/111104\/#primaryimage\",\"url\":\"https:\/\/i0.wp.com\/joyana.fr\/wp-content\/uploads\/2012\/10\/MERCEDES-BENZCAROUSSEL_DECO_DESIGN_NOV_2011.jpg?fit=1500%2C320&ssl=1\",\"contentUrl\":\"https:\/\/i0.wp.com\/joyana.fr\/wp-content\/uploads\/2012\/10\/MERCEDES-BENZCAROUSSEL_DECO_DESIGN_NOV_2011.jpg?fit=1500%2C320&ssl=1\",\"width\":1500,\"height\":320},{\"@type\":\"BreadcrumbList\",\"@id\":\"https:\/\/www.joyana.fr\/mercedes-benz-style-2013-formitalia\/111104\/#breadcrumb\",\"itemListElement\":[{\"@type\":\"ListItem\",\"position\":1,\"name\":\"Accueil\",\"item\":\"https:\/\/joyana.fr\/\"},{\"@type\":\"ListItem\",\"position\":2,\"name\":\"MERCEDES-BENZ Style 2013\"}]},{\"@type\":\"WebSite\",\"@id\":\"https:\/\/joyana.fr\/#website\",\"url\":\"https:\/\/joyana.fr\/\",\"name\":\"JO YANA\",\"description\":\"Blog Mode Homme, Lifestyle, D\u00e9co-Design\",\"publisher\":{\"@id\":\"https:\/\/joyana.fr\/#\/schema\/person\/cf2a1ad12a27c12c21801075bf37407c\"},\"potentialAction\":[{\"@type\":\"SearchAction\",\"target\":{\"@type\":\"EntryPoint\",\"urlTemplate\":\"https:\/\/joyana.fr\/?s={search_term_string}\"},\"query-input\":{\"@type\":\"PropertyValueSpecification\",\"valueRequired\":true,\"valueName\":\"search_term_string\"}}],\"inLanguage\":\"ja\"},{\"@type\":[\"Person\",\"Organization\"],\"@id\":\"https:\/\/joyana.fr\/#\/schema\/person\/cf2a1ad12a27c12c21801075bf37407c\",\"name\":\"Jo Yana\",\"image\":{\"@type\":\"ImageObject\",\"inLanguage\":\"ja\",\"@id\":\"https:\/\/joyana.fr\/#\/schema\/person\/image\/\",\"url\":\"https:\/\/i0.wp.com\/joyana.fr\/wp-content\/uploads\/2016\/08\/cropped-joyana-logo-black-360x180.png?fit=343%2C164&ssl=1\",\"contentUrl\":\"https:\/\/i0.wp.com\/joyana.fr\/wp-content\/uploads\/2016\/08\/cropped-joyana-logo-black-360x180.png?fit=343%2C164&ssl=1\",\"width\":343,\"height\":164,\"caption\":\"Jo Yana\"},\"logo\":{\"@id\":\"https:\/\/joyana.fr\/#\/schema\/person\/image\/\"},\"description\":\"Jo Yana est le cr\u00e9ateur et r\u00e9dacteur en chef des sites DECO-DESIGN. Passionn\u00e9 de Design, Mode, Photo, Luxe, Lifestyle, Musique, mais avant tout Blogueur ! Le plaisir de partager l'anime et a comme devise \\\"POUR L'AMOUR DU BEAU\\\". Retrouvez le aussi sur son blog personnel - https:\/\/joyana.fr...\",\"sameAs\":[\"https:\/\/joyana.fr\/\"],\"url\":\"https:\/\/joyana.fr\/ja\/author\/joyana\/\"}]}<\/script>\n<!-- \/ Yoast SEO plugin. -->","yoast_head_json":{"title":"MERCEDES-BENZ Style 2013 - JO YANA","robots":{"index":"index","follow":"follow","max-snippet":"max-snippet:-1","max-image-preview":"max-image-preview:large","max-video-preview":"max-video-preview:-1"},"canonical":"https:\/\/www.joyana.fr\/mercedes-benz-style-2013-formitalia\/111104\/","og_locale":"ja_JP","og_type":"article","og_title":"MERCEDES-BENZ Style 2013 - JO YANA","og_description":"On vous en parlait l&#8217;ann\u00e9e derni\u00e8re \u00e0 Milan, Mercedes-Benz se lance dans le mobilier et ce n&#8217;est p [&hellip;]","og_url":"https:\/\/joyana.fr\/ja\/mercedes-benz-style-2013-formitalia\/111104\/","og_site_name":"JO YANA","article_published_time":"2012-10-29T18:33:15+00:00","og_image":[{"width":1500,"height":320,"url":"https:\/\/www.joyana.fr\/wp-content\/uploads\/2012\/10\/MERCEDES-BENZCAROUSSEL_DECO_DESIGN_NOV_2011.jpg","type":"image\/jpeg"}],"author":"Jo Yana","twitter_card":"summary_large_image","twitter_creator":"@Jo_Yana","twitter_site":"@Jo_Yana","twitter_misc":{"\u57f7\u7b46\u8005":"Jo Yana","\u63a8\u5b9a\u8aad\u307f\u53d6\u308a\u6642\u9593":"1\u5206"},"schema":{"@context":"https:\/\/schema.org","@graph":[{"@type":"Article","@id":"https:\/\/www.joyana.fr\/mercedes-benz-style-2013-formitalia\/111104\/#article","isPartOf":{"@id":"https:\/\/www.joyana.fr\/mercedes-benz-style-2013-formitalia\/111104\/"},"author":{"name":"Jo Yana","@id":"https:\/\/joyana.fr\/#\/schema\/person\/cf2a1ad12a27c12c21801075bf37407c"},"headline":"MERCEDES-BENZ Style 2013","datePublished":"2012-10-29T18:33:15+00:00","mainEntityOfPage":{"@id":"https:\/\/www.joyana.fr\/mercedes-benz-style-2013-formitalia\/111104\/"},"wordCount":114,"commentCount":1,"publisher":{"@id":"https:\/\/joyana.fr\/#\/schema\/person\/cf2a1ad12a27c12c21801075bf37407c"},"image":{"@id":"https:\/\/www.joyana.fr\/mercedes-benz-style-2013-formitalia\/111104\/#primaryimage"},"thumbnailUrl":"https:\/\/i0.wp.com\/joyana.fr\/wp-content\/uploads\/2012\/10\/MERCEDES-BENZCAROUSSEL_DECO_DESIGN_NOV_2011.jpg?fit=1500%2C320&ssl=1","keywords":["Canap\u00e9 design","Formitalia","Mercedes-Benz","Meuble TV","Table basse"],"articleSection":["Canap\u00e9","DECO-DESIGN","Mobilier","Motors","Table"],"inLanguage":"ja","potentialAction":[{"@type":"CommentAction","name":"Comment","target":["https:\/\/www.joyana.fr\/mercedes-benz-style-2013-formitalia\/111104\/#respond"]}]},{"@type":"WebPage","@id":"https:\/\/www.joyana.fr\/mercedes-benz-style-2013-formitalia\/111104\/","url":"https:\/\/www.joyana.fr\/mercedes-benz-style-2013-formitalia\/111104\/","name":"MERCEDES-BENZ Style 2013 - JO YANA","isPartOf":{"@id":"https:\/\/joyana.fr\/#website"},"primaryImageOfPage":{"@id":"https:\/\/www.joyana.fr\/mercedes-benz-style-2013-formitalia\/111104\/#primaryimage"},"image":{"@id":"https:\/\/www.joyana.fr\/mercedes-benz-style-2013-formitalia\/111104\/#primaryimage"},"thumbnailUrl":"https:\/\/i0.wp.com\/joyana.fr\/wp-content\/uploads\/2012\/10\/MERCEDES-BENZCAROUSSEL_DECO_DESIGN_NOV_2011.jpg?fit=1500%2C320&ssl=1","datePublished":"2012-10-29T18:33:15+00:00","breadcrumb":{"@id":"https:\/\/www.joyana.fr\/mercedes-benz-style-2013-formitalia\/111104\/#breadcrumb"},"inLanguage":"ja","potentialAction":[{"@type":"ReadAction","target":["https:\/\/www.joyana.fr\/mercedes-benz-style-2013-formitalia\/111104\/"]}]},{"@type":"ImageObject","inLanguage":"ja","@id":"https:\/\/www.joyana.fr\/mercedes-benz-style-2013-formitalia\/111104\/#primaryimage","url":"https:\/\/i0.wp.com\/joyana.fr\/wp-content\/uploads\/2012\/10\/MERCEDES-BENZCAROUSSEL_DECO_DESIGN_NOV_2011.jpg?fit=1500%2C320&ssl=1","contentUrl":"https:\/\/i0.wp.com\/joyana.fr\/wp-content\/uploads\/2012\/10\/MERCEDES-BENZCAROUSSEL_DECO_DESIGN_NOV_2011.jpg?fit=1500%2C320&ssl=1","width":1500,"height":320},{"@type":"BreadcrumbList","@id":"https:\/\/www.joyana.fr\/mercedes-benz-style-2013-formitalia\/111104\/#breadcrumb","itemListElement":[{"@type":"ListItem","position":1,"name":"Accueil","item":"https:\/\/joyana.fr\/"},{"@type":"ListItem","position":2,"name":"MERCEDES-BENZ Style 2013"}]},{"@type":"WebSite","@id":"https:\/\/joyana.fr\/#website","url":"https:\/\/joyana.fr\/","name":"JO YANA","description":"Blog Mode Homme, Lifestyle, D\u00e9co-Design","publisher":{"@id":"https:\/\/joyana.fr\/#\/schema\/person\/cf2a1ad12a27c12c21801075bf37407c"},"potentialAction":[{"@type":"SearchAction","target":{"@type":"EntryPoint","urlTemplate":"https:\/\/joyana.fr\/?s={search_term_string}"},"query-input":{"@type":"PropertyValueSpecification","valueRequired":true,"valueName":"search_term_string"}}],"inLanguage":"ja"},{"@type":["Person","Organization"],"@id":"https:\/\/joyana.fr\/#\/schema\/person\/cf2a1ad12a27c12c21801075bf37407c","name":"Jo Yana","image":{"@type":"ImageObject","inLanguage":"ja","@id":"https:\/\/joyana.fr\/#\/schema\/person\/image\/","url":"https:\/\/i0.wp.com\/joyana.fr\/wp-content\/uploads\/2016\/08\/cropped-joyana-logo-black-360x180.png?fit=343%2C164&ssl=1","contentUrl":"https:\/\/i0.wp.com\/joyana.fr\/wp-content\/uploads\/2016\/08\/cropped-joyana-logo-black-360x180.png?fit=343%2C164&ssl=1","width":343,"height":164,"caption":"Jo Yana"},"logo":{"@id":"https:\/\/joyana.fr\/#\/schema\/person\/image\/"},"description":"Jo Yana est le cr\u00e9ateur et r\u00e9dacteur en chef des sites DECO-DESIGN. Passionn\u00e9 de Design, Mode, Photo, Luxe, Lifestyle, Musique, mais avant tout Blogueur ! Le plaisir de partager l'anime et a comme devise \"POUR L'AMOUR DU BEAU\". Retrouvez le aussi sur son blog personnel - https:\/\/joyana.fr...","sameAs":["https:\/\/joyana.fr\/"],"url":"https:\/\/joyana.fr\/ja\/author\/joyana\/"}]}},"author_meta":{"display_name":"Jo Yana","author_link":"https:\/\/joyana.fr\/ja\/author\/joyana\/"},"featured_img":"https:\/\/i0.wp.com\/joyana.fr\/wp-content\/uploads\/2012\/10\/MERCEDES-BENZCAROUSSEL_DECO_DESIGN_NOV_2011.jpg?fit=389%2C83&ssl=1","featured_image_src":"https:\/\/i0.wp.com\/joyana.fr\/wp-content\/uploads\/2012\/10\/MERCEDES-BENZCAROUSSEL_DECO_DESIGN_NOV_2011.jpg?resize=600%2C320&ssl=1","featured_image_src_square":"https:\/\/i0.wp.com\/joyana.fr\/wp-content\/uploads\/2012\/10\/MERCEDES-BENZCAROUSSEL_DECO_DESIGN_NOV_2011.jpg?resize=600%2C320&ssl=1","jetpack_featured_media_url":"https:\/\/i0.wp.com\/joyana.fr\/wp-content\/uploads\/2012\/10\/MERCEDES-BENZCAROUSSEL_DECO_DESIGN_NOV_2011.jpg?fit=1500%2C320&ssl=1","uagb_featured_image_src":{"full":["https:\/\/i0.wp.com\/joyana.fr\/wp-content\/uploads\/2012\/10\/MERCEDES-BENZCAROUSSEL_DECO_DESIGN_NOV_2011.jpg?fit=1500%2C320&ssl=1",1500,320,false],"thumbnail":["https:\/\/i0.wp.com\/joyana.fr\/wp-content\/uploads\/2012\/10\/MERCEDES-BENZCAROUSSEL_DECO_DESIGN_NOV_2011.jpg?resize=150%2C150&ssl=1",150,150,true],"medium":["https:\/\/i0.wp.com\/joyana.fr\/wp-content\/uploads\/2012\/10\/MERCEDES-BENZCAROUSSEL_DECO_DESIGN_NOV_2011.jpg?fit=389%2C83&ssl=1",389,83,true],"medium_large":["https:\/\/i0.wp.com\/joyana.fr\/wp-content\/uploads\/2012\/10\/MERCEDES-BENZCAROUSSEL_DECO_DESIGN_NOV_2011.jpg?fit=768%2C164&ssl=1",768,164,true],"large":["https:\/\/i0.wp.com\/joyana.fr\/wp-content\/uploads\/2012\/10\/MERCEDES-BENZCAROUSSEL_DECO_DESIGN_NOV_2011.jpg?fit=1024%2C218&ssl=1",1024,218,true],"1536x1536":["https:\/\/i0.wp.com\/joyana.fr\/wp-content\/uploads\/2012\/10\/MERCEDES-BENZCAROUSSEL_DECO_DESIGN_NOV_2011.jpg?fit=1500%2C320&ssl=1",1500,320,true],"2048x2048":["https:\/\/i0.wp.com\/joyana.fr\/wp-content\/uploads\/2012\/10\/MERCEDES-BENZCAROUSSEL_DECO_DESIGN_NOV_2011.jpg?fit=1500%2C320&ssl=1",1500,320,true],"featured-thumb":["https:\/\/i0.wp.com\/joyana.fr\/wp-content\/uploads\/2012\/10\/MERCEDES-BENZCAROUSSEL_DECO_DESIGN_NOV_2011.jpg?resize=1500%2C320&ssl=1",1500,320,true],"ab-block-post-grid-landscape":["https:\/\/i0.wp.com\/joyana.fr\/wp-content\/uploads\/2012\/10\/MERCEDES-BENZCAROUSSEL_DECO_DESIGN_NOV_2011.jpg?resize=600%2C320&ssl=1",600,320,true],"ab-block-post-grid-square":["https:\/\/i0.wp.com\/joyana.fr\/wp-content\/uploads\/2012\/10\/MERCEDES-BENZCAROUSSEL_DECO_DESIGN_NOV_2011.jpg?resize=600%2C320&ssl=1",600,320,true],"author-pro-image":["https:\/\/i0.wp.com\/joyana.fr\/wp-content\/uploads\/2012\/10\/MERCEDES-BENZCAROUSSEL_DECO_DESIGN_NOV_2011.jpg?resize=360%2C320&ssl=1",360,320,true],"slider":["https:\/\/i0.wp.com\/joyana.fr\/wp-content\/uploads\/2012\/10\/MERCEDES-BENZCAROUSSEL_DECO_DESIGN_NOV_2011.jpg?resize=920%2C320&ssl=1",920,320,true],"woocommerce_thumbnail":["https:\/\/i0.wp.com\/joyana.fr\/wp-content\/uploads\/2012\/10\/MERCEDES-BENZCAROUSSEL_DECO_DESIGN_NOV_2011.jpg?resize=450%2C320&ssl=1",450,320,true],"woocommerce_single":["https:\/\/i0.wp.com\/joyana.fr\/wp-content\/uploads\/2012\/10\/MERCEDES-BENZCAROUSSEL_DECO_DESIGN_NOV_2011.jpg?fit=920%2C196&ssl=1",920,196,true],"woocommerce_gallery_thumbnail":["https:\/\/i0.wp.com\/joyana.fr\/wp-content\/uploads\/2012\/10\/MERCEDES-BENZCAROUSSEL_DECO_DESIGN_NOV_2011.jpg?resize=180%2C180&ssl=1",180,180,true],"sow-carousel-default":["https:\/\/i0.wp.com\/joyana.fr\/wp-content\/uploads\/2012\/10\/MERCEDES-BENZCAROUSSEL_DECO_DESIGN_NOV_2011.jpg?resize=272%2C182&ssl=1",272,182,true]},"uagb_author_info":{"display_name":"Jo Yana","author_link":"https:\/\/joyana.fr\/ja\/author\/joyana\/"},"uagb_comment_info":3,"uagb_excerpt":"On vous en parlait l&#8217;ann\u00e9e derni\u00e8re \u00e0 Milan, Merc&hellip;","coauthors":[],"tax_additional":{"categories":{"linked":["<a href=\"https:\/\/joyana.fr\/ja\/category\/deco-design\/mobilier\/assise\/canape\/\" class=\"advgb-post-tax-term\">Canap\u00e9<\/a>","<a href=\"https:\/\/joyana.fr\/ja\/category\/deco-design\/\" class=\"advgb-post-tax-term\">DECO-DESIGN<\/a>","<a href=\"https:\/\/joyana.fr\/ja\/category\/deco-design\/mobilier\/\" class=\"advgb-post-tax-term\">Mobilier<\/a>","<a href=\"https:\/\/joyana.fr\/ja\/category\/deco-design\/actualite\/motors\/\" class=\"advgb-post-tax-term\">Motors<\/a>","<a href=\"https:\/\/joyana.fr\/ja\/category\/deco-design\/mobilier\/table\/\" class=\"advgb-post-tax-term\">Table<\/a>"],"unlinked":["<span class=\"advgb-post-tax-term\">Canap\u00e9<\/span>","<span class=\"advgb-post-tax-term\">DECO-DESIGN<\/span>","<span class=\"advgb-post-tax-term\">Mobilier<\/span>","<span class=\"advgb-post-tax-term\">Motors<\/span>","<span class=\"advgb-post-tax-term\">Table<\/span>"]},"tags":{"linked":["<a href=\"https:\/\/joyana.fr\/ja\/category\/deco-design\/mobilier\/table\/\" class=\"advgb-post-tax-term\">Canap\u00e9 design<\/a>","<a href=\"https:\/\/joyana.fr\/ja\/category\/deco-design\/mobilier\/table\/\" class=\"advgb-post-tax-term\">Formitalia<\/a>","<a href=\"https:\/\/joyana.fr\/ja\/category\/deco-design\/mobilier\/table\/\" class=\"advgb-post-tax-term\">Mercedes-Benz<\/a>","<a href=\"https:\/\/joyana.fr\/ja\/category\/deco-design\/mobilier\/table\/\" class=\"advgb-post-tax-term\">Meuble TV<\/a>","<a href=\"https:\/\/joyana.fr\/ja\/category\/deco-design\/mobilier\/table\/\" class=\"advgb-post-tax-term\">Table basse<\/a>"],"unlinked":["<span class=\"advgb-post-tax-term\">Canap\u00e9 design<\/span>","<span class=\"advgb-post-tax-term\">Formitalia<\/span>","<span class=\"advgb-post-tax-term\">Mercedes-Benz<\/span>","<span class=\"advgb-post-tax-term\">Meuble TV<\/span>","<span class=\"advgb-post-tax-term\">Table basse<\/span>"]}},"comment_count":3,"relative_dates":{"created":"Posted 14\u5e74 ago","modified":"Updated 14\u5e74 ago"},"absolute_dates":{"created":"Posted on 29 10\u6708 2012","modified":"Updated on 29 10\u6708 2012"},"absolute_dates_time":{"created":"Posted on 29 10\u6708 2012 19:33","modified":"Updated on 29 10\u6708 2012 19:33"},"featured_img_caption":"","series_order":"","jetpack_sharing_enabled":true,"jetpack_shortlink":"https:\/\/wp.me\/p9bteI-sU0","jetpack-related-posts":[],"_links":{"self":[{"href":"https:\/\/joyana.fr\/ja\/wp-json\/wp\/v2\/posts\/111104","targetHints":{"allow":["GET"]}}],"collection":[{"href":"https:\/\/joyana.fr\/ja\/wp-json\/wp\/v2\/posts"}],"about":[{"href":"https:\/\/joyana.fr\/ja\/wp-json\/wp\/v2\/types\/post"}],"author":[{"embeddable":true,"href":"https:\/\/joyana.fr\/ja\/wp-json\/wp\/v2\/users\/3"}],"replies":[{"embeddable":true,"href":"https:\/\/joyana.fr\/ja\/wp-json\/wp\/v2\/comments?post=111104"}],"version-history":[{"count":0,"href":"https:\/\/joyana.fr\/ja\/wp-json\/wp\/v2\/posts\/111104\/revisions"}],"wp:featuredmedia":[{"embeddable":true,"href":"https:\/\/joyana.fr\/ja\/wp-json\/wp\/v2\/media\/111115"}],"wp:attachment":[{"href":"https:\/\/joyana.fr\/ja\/wp-json\/wp\/v2\/media?parent=111104"}],"wp:term":[{"taxonomy":"category","embeddable":true,"href":"https:\/\/joyana.fr\/ja\/wp-json\/wp\/v2\/categories?post=111104"},{"taxonomy":"post_tag","embeddable":true,"href":"https:\/\/joyana.fr\/ja\/wp-json\/wp\/v2\/tags?post=111104"}],"curies":[{"name":"wp","href":"https:\/\/api.w.org\/{rel}","templated":true}]}}