{"id":112118,"date":"2013-01-29T08:26:28","date_gmt":"2013-01-29T07:26:28","guid":{"rendered":"https:\/\/joyana.fr\/?p=12118"},"modified":"2013-01-29T08:26:28","modified_gmt":"2013-01-29T07:26:28","slug":"pomme-de-douche-design-meteo2c-meteo3c-par-antonio-lupi","status":"publish","type":"post","link":"https:\/\/joyana.fr\/ja\/pomme-de-douche-design-meteo2c-meteo3c-par-antonio-lupi\/112118\/","title":{"rendered":"Pomme de Douche design METEO2C &#038; METEO3C par ANTONIO LUPI"},"content":{"rendered":"<p><strong>Antonio Lupi<\/strong> nous pr\u00e9sente ses nouveaux <strong>pommeaux de douche<\/strong> <strong>METEO2C<\/strong> et <strong>METEO3C<\/strong> &#8211; qui arborent un sublime design contemporain, et proposent des options tr\u00e8s ing\u00e9nieuses&#8230;<\/p>\n<p><a href=\"https:\/\/i0.wp.com\/joyana.fr\/wp-content\/2013\/01\/antoniolupi-Preview-ISH-2013_immagine_20130124141953.jpg?ssl=1\"><img data-recalc-dims=\"1\" fetchpriority=\"high\" decoding=\"async\" class=\"alignnone size-large wp-image-12109\" alt=\"Pomme de Douche design METEO par ANTONIO LUPI\" src=\"https:\/\/i0.wp.com\/joyana.fr\/wp-content\/uploads\/2013\/01\/antoniolupi-Preview-ISH-2013_immagine_20130124141953.jpg?resize=576%2C665&#038;ssl=1\" width=\"576\" height=\"665\" \/><\/a><\/p>\n<p>Evolutions de <strong>pomme de douche METEO<\/strong>, ces nouvelles versions <strong>2C<\/strong> et <strong>3C<\/strong> qui gr\u00e2ce \u00e0 leurs limiteurs de d\u00e9bit ont la possibilit\u00e9 de diviser le jet d&#8217;eau en trois sections: p\u00e9rim\u00e9trique, en cascade et centrale. Cela r\u00e9duit consid\u00e9rablement le d\u00e9bit et la consommation de l&#8217;eau !<\/p>\n<p><strong>METEO<\/strong> se compose de deux \u00e9l\u00e9ments principaux: un cadre et une pomme de douche. Une fois install\u00e9, la pomme de douche sera int\u00e9gr\u00e9e dans le plafond, gr\u00e2ce au ch\u00e2ssis, con\u00e7u sp\u00e9cifiquement pour \u00eatre li\u00e9 \u00e0 un plafond suspendu ou directement encastr\u00e9. METEO tire son nom de la m\u00e9t\u00e9o et comme elle, est variable et impr\u00e9visible&#8230;<\/p>\n<p>Disponible en plusieurs couleurs, son cadre est disponible en acier inoxydable, noir et blanc mat, tandis que la pomme de douche est disponible en finition miroir,\u00a0acier inoxydable ou blanc mat. Sur demande, il est \u00e9galement disponible avec un \u00e9clairage LED avec une fonction chromoth\u00e9rapie activ\u00e9 par t\u00e9l\u00e9commande&#8230;<\/p>\n<p><a href=\"https:\/\/i0.wp.com\/joyana.fr\/wp-content\/2013\/01\/antoniolupi-Preview-ISH-2013_immagine_20130124141605.jpg?ssl=1\"><img data-recalc-dims=\"1\" decoding=\"async\" class=\"alignnone size-large wp-image-12108\" alt=\"Pomme de Douche design METEO par ANTONIO LUPI\" src=\"https:\/\/i0.wp.com\/joyana.fr\/wp-content\/uploads\/2013\/01\/antoniolupi-Preview-ISH-2013_immagine_20130124141605.jpg?resize=576%2C749&#038;ssl=1\" width=\"576\" height=\"749\" \/><\/a><\/p>\n<p><a href=\"https:\/\/i0.wp.com\/joyana.fr\/wp-content\/2013\/01\/antoniolupi-Preview-ISH-2013_immagine_20130124141110.jpg?ssl=1\"><img data-recalc-dims=\"1\" decoding=\"async\" class=\"alignnone size-large wp-image-12107\" alt=\"Pomme de Douche design METEO par ANTONIO LUPI\" src=\"https:\/\/i0.wp.com\/joyana.fr\/wp-content\/uploads\/2013\/01\/antoniolupi-Preview-ISH-2013_immagine_20130124141110.jpg?resize=576%2C864&#038;ssl=1\" width=\"576\" height=\"864\" \/><\/a><\/p>\n<p><a href=\"https:\/\/i0.wp.com\/joyana.fr\/wp-content\/2013\/01\/antoniolupi-Preview-ISH-2013_immagine_20130124140117.jpg?ssl=1\"><img data-recalc-dims=\"1\" loading=\"lazy\" decoding=\"async\" class=\"alignnone size-large wp-image-12106\" alt=\"Pomme de Douche design METEO par ANTONIO LUPI\" src=\"https:\/\/i0.wp.com\/joyana.fr\/wp-content\/uploads\/2013\/01\/antoniolupi-Preview-ISH-2013_immagine_20130124140117.jpg?resize=576%2C864&#038;ssl=1\" width=\"576\" height=\"864\" \/><\/a><\/p>\n<p style=\"text-align: center;\">En savoir + sur <strong><a href=\"http:\/\/www.antoniolupi.it\/index_eng.php\" target=\"_blank\">ANTONIO LUPI<\/a><\/strong><\/p>\n","protected":false},"excerpt":{"rendered":"<p>Antonio Lupi nous pr\u00e9sente ses nouveaux pommeaux de douche METEO2C et METEO3C &#8211; qui arborent un sublime  [&hellip;]<\/p>\n","protected":false},"author":3,"featured_media":112107,"comment_status":"open","ping_status":"open","sticky":false,"template":"","format":"standard","meta":{"_coblocks_attr":"","_coblocks_dimensions":"","_coblocks_responsive_height":"","_coblocks_accordion_ie_support":"","_uag_custom_page_level_css":"","advgb_blocks_editor_width":"","advgb_blocks_columns_visual_guide":"","_genesis_hide_title":false,"_genesis_hide_breadcrumbs":false,"_genesis_hide_singular_image":false,"_genesis_hide_footer_widgets":false,"_genesis_custom_body_class":"","_genesis_custom_post_class":"","_genesis_layout":"","_themeisle_gutenberg_block_has_review":false,"_jetpack_newsletter_access":"","_jetpack_dont_email_post_to_subs":false,"_jetpack_newsletter_tier_id":0,"_jetpack_memberships_contains_paywalled_content":false,"_jetpack_memberships_contains_paid_content":false,"footnotes":""},"categories":[1249,905,931,959],"tags":[1250,1251,960,1226],"class_list":{"0":"post-112118","1":"post","2":"type-post","3":"status-publish","4":"format-standard","5":"has-post-thumbnail","7":"category-antonio-lupi","8":"category-deco-design","9":"category-luxe","10":"category-salle-deau","11":"tag-antonio-lupi","12":"tag-pomme-de-douche-design","13":"tag-salle-deau","14":"tag-salle-de-bains-design","15":"entry"},"featured_image_urls":{"full":"","thumbnail":"","medium":"","medium_large":"","large":"","1536x1536":"","2048x2048":"","featured-thumb":"","ab-block-post-grid-landscape":"","ab-block-post-grid-square":"","author-pro-image":"","slider":"","woocommerce_thumbnail":"","woocommerce_single":"","woocommerce_gallery_thumbnail":"","sow-carousel-default":""},"post_excerpt_stackable":"<p>Antonio Lupi nous pr\u00e9sente ses nouveaux pommeaux de douche METEO2C et METEO3C &#8211; qui arborent u&hellip;<\/p>\n","category_list":"<a href=\"https:\/\/joyana.fr\/ja\/category\/marques\/antonio-lupi\/\" rel=\"category tag\">Antonio Lupi<\/a>, <a href=\"https:\/\/joyana.fr\/ja\/category\/deco-design\/\" rel=\"category tag\">DECO-DESIGN<\/a>, <a href=\"https:\/\/joyana.fr\/ja\/category\/deco-design\/decoration\/luxe\/\" rel=\"category tag\">Luxe<\/a>, <a href=\"https:\/\/joyana.fr\/ja\/category\/deco-design\/decoration\/salle-deau\/\" rel=\"category tag\">Salle d'eau<\/a>","author_info":{"display_name":"Jo Yana","author_link":"https:\/\/joyana.fr\/ja\/author\/joyana\/"},"comments_num":"0 comments","featured_image_urls_v2":{"full":"","thumbnail":"","medium":"","medium_large":"","large":"","1536x1536":"","2048x2048":"","featured-thumb":"","ab-block-post-grid-landscape":"","ab-block-post-grid-square":"","author-pro-image":"","slider":"","woocommerce_thumbnail":"","woocommerce_single":"","woocommerce_gallery_thumbnail":"","sow-carousel-default":""},"post_excerpt_stackable_v2":"<p>Antonio Lupi nous pr\u00e9sente ses nouveaux pommeaux de douche METEO2C et METEO3C &#8211; qui arborent u&hellip;<\/p>\n","category_list_v2":"<a href=\"https:\/\/joyana.fr\/ja\/category\/marques\/antonio-lupi\/\" rel=\"category tag\">Antonio Lupi<\/a>, <a href=\"https:\/\/joyana.fr\/ja\/category\/deco-design\/\" rel=\"category tag\">DECO-DESIGN<\/a>, <a href=\"https:\/\/joyana.fr\/ja\/category\/deco-design\/decoration\/luxe\/\" rel=\"category tag\">Luxe<\/a>, <a href=\"https:\/\/joyana.fr\/ja\/category\/deco-design\/decoration\/salle-deau\/\" rel=\"category tag\">Salle d'eau<\/a>","author_info_v2":{"name":"Jo Yana","url":"https:\/\/joyana.fr\/ja\/author\/joyana\/"},"comments_num_v2":"0 comments","yoast_head":"<!-- This site is optimized with the Yoast SEO plugin v26.8 - https:\/\/yoast.com\/product\/yoast-seo-wordpress\/ -->\n<title>Pomme de Douche design METEO2C &amp; METEO3C par ANTONIO LUPI - JO YANA<\/title>\n<meta name=\"robots\" content=\"index, follow, max-snippet:-1, max-image-preview:large, max-video-preview:-1\" \/>\n<link rel=\"canonical\" href=\"https:\/\/www.joyana.fr\/pomme-de-douche-design-meteo2c-meteo3c-par-antonio-lupi\/112118\/\" \/>\n<meta property=\"og:locale\" content=\"ja_JP\" \/>\n<meta property=\"og:locale:alternate\" content=\"fr_FR\" \/>\n<meta property=\"og:locale:alternate\" content=\"en_US\" \/>\n<meta property=\"og:type\" content=\"article\" \/>\n<meta property=\"og:title\" content=\"Pomme de Douche design METEO2C &amp; METEO3C par ANTONIO LUPI - JO YANA\" \/>\n<meta property=\"og:description\" content=\"Antonio Lupi nous pr\u00e9sente ses nouveaux pommeaux de douche METEO2C et METEO3C &#8211; qui arborent un sublime [&hellip;]\" \/>\n<meta property=\"og:url\" content=\"https:\/\/joyana.fr\/ja\/pomme-de-douche-design-meteo2c-meteo3c-par-antonio-lupi\/112118\/\" \/>\n<meta property=\"og:site_name\" content=\"JO YANA\" \/>\n<meta property=\"article:published_time\" content=\"2013-01-29T07:26:28+00:00\" \/>\n<meta name=\"author\" content=\"Jo Yana\" \/>\n<meta name=\"twitter:card\" content=\"summary_large_image\" \/>\n<meta name=\"twitter:creator\" content=\"@Jo_Yana\" \/>\n<meta name=\"twitter:site\" content=\"@Jo_Yana\" \/>\n<meta name=\"twitter:label1\" content=\"\u57f7\u7b46\u8005\" \/>\n\t<meta name=\"twitter:data1\" content=\"Jo Yana\" \/>\n\t<meta name=\"twitter:label2\" content=\"\u63a8\u5b9a\u8aad\u307f\u53d6\u308a\u6642\u9593\" \/>\n\t<meta name=\"twitter:data2\" content=\"1\u5206\" \/>\n<script type=\"application\/ld+json\" class=\"yoast-schema-graph\">{\"@context\":\"https:\/\/schema.org\",\"@graph\":[{\"@type\":\"Article\",\"@id\":\"https:\/\/www.joyana.fr\/pomme-de-douche-design-meteo2c-meteo3c-par-antonio-lupi\/112118\/#article\",\"isPartOf\":{\"@id\":\"https:\/\/www.joyana.fr\/pomme-de-douche-design-meteo2c-meteo3c-par-antonio-lupi\/112118\/\"},\"author\":{\"name\":\"Jo Yana\",\"@id\":\"https:\/\/joyana.fr\/#\/schema\/person\/cf2a1ad12a27c12c21801075bf37407c\"},\"headline\":\"Pomme de Douche design METEO2C &#038; METEO3C par ANTONIO LUPI\",\"datePublished\":\"2013-01-29T07:26:28+00:00\",\"mainEntityOfPage\":{\"@id\":\"https:\/\/www.joyana.fr\/pomme-de-douche-design-meteo2c-meteo3c-par-antonio-lupi\/112118\/\"},\"wordCount\":214,\"commentCount\":0,\"publisher\":{\"@id\":\"https:\/\/joyana.fr\/#\/schema\/person\/cf2a1ad12a27c12c21801075bf37407c\"},\"image\":{\"@id\":\"https:\/\/www.joyana.fr\/pomme-de-douche-design-meteo2c-meteo3c-par-antonio-lupi\/112118\/#primaryimage\"},\"thumbnailUrl\":\"\",\"keywords\":[\"Antonio Lupi\",\"Pomme de Douche design\",\"Salle d'eau\",\"Salle de bains design\"],\"articleSection\":[\"Antonio Lupi\",\"DECO-DESIGN\",\"Luxe\",\"Salle d'eau\"],\"inLanguage\":\"ja\",\"potentialAction\":[{\"@type\":\"CommentAction\",\"name\":\"Comment\",\"target\":[\"https:\/\/www.joyana.fr\/pomme-de-douche-design-meteo2c-meteo3c-par-antonio-lupi\/112118\/#respond\"]}]},{\"@type\":\"WebPage\",\"@id\":\"https:\/\/www.joyana.fr\/pomme-de-douche-design-meteo2c-meteo3c-par-antonio-lupi\/112118\/\",\"url\":\"https:\/\/www.joyana.fr\/pomme-de-douche-design-meteo2c-meteo3c-par-antonio-lupi\/112118\/\",\"name\":\"Pomme de Douche design METEO2C & METEO3C par ANTONIO LUPI - JO YANA\",\"isPartOf\":{\"@id\":\"https:\/\/joyana.fr\/#website\"},\"primaryImageOfPage\":{\"@id\":\"https:\/\/www.joyana.fr\/pomme-de-douche-design-meteo2c-meteo3c-par-antonio-lupi\/112118\/#primaryimage\"},\"image\":{\"@id\":\"https:\/\/www.joyana.fr\/pomme-de-douche-design-meteo2c-meteo3c-par-antonio-lupi\/112118\/#primaryimage\"},\"thumbnailUrl\":\"\",\"datePublished\":\"2013-01-29T07:26:28+00:00\",\"breadcrumb\":{\"@id\":\"https:\/\/www.joyana.fr\/pomme-de-douche-design-meteo2c-meteo3c-par-antonio-lupi\/112118\/#breadcrumb\"},\"inLanguage\":\"ja\",\"potentialAction\":[{\"@type\":\"ReadAction\",\"target\":[\"https:\/\/www.joyana.fr\/pomme-de-douche-design-meteo2c-meteo3c-par-antonio-lupi\/112118\/\"]}]},{\"@type\":\"ImageObject\",\"inLanguage\":\"ja\",\"@id\":\"https:\/\/www.joyana.fr\/pomme-de-douche-design-meteo2c-meteo3c-par-antonio-lupi\/112118\/#primaryimage\",\"url\":\"\",\"contentUrl\":\"\"},{\"@type\":\"BreadcrumbList\",\"@id\":\"https:\/\/www.joyana.fr\/pomme-de-douche-design-meteo2c-meteo3c-par-antonio-lupi\/112118\/#breadcrumb\",\"itemListElement\":[{\"@type\":\"ListItem\",\"position\":1,\"name\":\"Accueil\",\"item\":\"https:\/\/joyana.fr\/\"},{\"@type\":\"ListItem\",\"position\":2,\"name\":\"Pomme de Douche design METEO2C &#038; METEO3C par ANTONIO LUPI\"}]},{\"@type\":\"WebSite\",\"@id\":\"https:\/\/joyana.fr\/#website\",\"url\":\"https:\/\/joyana.fr\/\",\"name\":\"JO YANA\",\"description\":\"Blog Mode Homme, Lifestyle, D\u00e9co-Design\",\"publisher\":{\"@id\":\"https:\/\/joyana.fr\/#\/schema\/person\/cf2a1ad12a27c12c21801075bf37407c\"},\"potentialAction\":[{\"@type\":\"SearchAction\",\"target\":{\"@type\":\"EntryPoint\",\"urlTemplate\":\"https:\/\/joyana.fr\/?s={search_term_string}\"},\"query-input\":{\"@type\":\"PropertyValueSpecification\",\"valueRequired\":true,\"valueName\":\"search_term_string\"}}],\"inLanguage\":\"ja\"},{\"@type\":[\"Person\",\"Organization\"],\"@id\":\"https:\/\/joyana.fr\/#\/schema\/person\/cf2a1ad12a27c12c21801075bf37407c\",\"name\":\"Jo Yana\",\"image\":{\"@type\":\"ImageObject\",\"inLanguage\":\"ja\",\"@id\":\"https:\/\/joyana.fr\/#\/schema\/person\/image\/\",\"url\":\"https:\/\/i0.wp.com\/joyana.fr\/wp-content\/uploads\/2016\/08\/cropped-joyana-logo-black-360x180.png?fit=343%2C164&ssl=1\",\"contentUrl\":\"https:\/\/i0.wp.com\/joyana.fr\/wp-content\/uploads\/2016\/08\/cropped-joyana-logo-black-360x180.png?fit=343%2C164&ssl=1\",\"width\":343,\"height\":164,\"caption\":\"Jo Yana\"},\"logo\":{\"@id\":\"https:\/\/joyana.fr\/#\/schema\/person\/image\/\"},\"description\":\"Jo Yana est le cr\u00e9ateur et r\u00e9dacteur en chef des sites DECO-DESIGN. Passionn\u00e9 de Design, Mode, Photo, Luxe, Lifestyle, Musique, mais avant tout Blogueur ! Le plaisir de partager l'anime et a comme devise \\\"POUR L'AMOUR DU BEAU\\\". Retrouvez le aussi sur son blog personnel - https:\/\/joyana.fr...\",\"sameAs\":[\"https:\/\/joyana.fr\/\"],\"url\":\"https:\/\/joyana.fr\/ja\/author\/joyana\/\"}]}<\/script>\n<!-- \/ Yoast SEO plugin. -->","yoast_head_json":{"title":"Pomme de Douche design METEO2C & METEO3C par ANTONIO LUPI - JO YANA","robots":{"index":"index","follow":"follow","max-snippet":"max-snippet:-1","max-image-preview":"max-image-preview:large","max-video-preview":"max-video-preview:-1"},"canonical":"https:\/\/www.joyana.fr\/pomme-de-douche-design-meteo2c-meteo3c-par-antonio-lupi\/112118\/","og_locale":"ja_JP","og_type":"article","og_title":"Pomme de Douche design METEO2C & METEO3C par ANTONIO LUPI - JO YANA","og_description":"Antonio Lupi nous pr\u00e9sente ses nouveaux pommeaux de douche METEO2C et METEO3C &#8211; qui arborent un sublime [&hellip;]","og_url":"https:\/\/joyana.fr\/ja\/pomme-de-douche-design-meteo2c-meteo3c-par-antonio-lupi\/112118\/","og_site_name":"JO YANA","article_published_time":"2013-01-29T07:26:28+00:00","author":"Jo Yana","twitter_card":"summary_large_image","twitter_creator":"@Jo_Yana","twitter_site":"@Jo_Yana","twitter_misc":{"\u57f7\u7b46\u8005":"Jo Yana","\u63a8\u5b9a\u8aad\u307f\u53d6\u308a\u6642\u9593":"1\u5206"},"schema":{"@context":"https:\/\/schema.org","@graph":[{"@type":"Article","@id":"https:\/\/www.joyana.fr\/pomme-de-douche-design-meteo2c-meteo3c-par-antonio-lupi\/112118\/#article","isPartOf":{"@id":"https:\/\/www.joyana.fr\/pomme-de-douche-design-meteo2c-meteo3c-par-antonio-lupi\/112118\/"},"author":{"name":"Jo Yana","@id":"https:\/\/joyana.fr\/#\/schema\/person\/cf2a1ad12a27c12c21801075bf37407c"},"headline":"Pomme de Douche design METEO2C &#038; METEO3C par ANTONIO LUPI","datePublished":"2013-01-29T07:26:28+00:00","mainEntityOfPage":{"@id":"https:\/\/www.joyana.fr\/pomme-de-douche-design-meteo2c-meteo3c-par-antonio-lupi\/112118\/"},"wordCount":214,"commentCount":0,"publisher":{"@id":"https:\/\/joyana.fr\/#\/schema\/person\/cf2a1ad12a27c12c21801075bf37407c"},"image":{"@id":"https:\/\/www.joyana.fr\/pomme-de-douche-design-meteo2c-meteo3c-par-antonio-lupi\/112118\/#primaryimage"},"thumbnailUrl":"","keywords":["Antonio Lupi","Pomme de Douche design","Salle d'eau","Salle de bains design"],"articleSection":["Antonio Lupi","DECO-DESIGN","Luxe","Salle d'eau"],"inLanguage":"ja","potentialAction":[{"@type":"CommentAction","name":"Comment","target":["https:\/\/www.joyana.fr\/pomme-de-douche-design-meteo2c-meteo3c-par-antonio-lupi\/112118\/#respond"]}]},{"@type":"WebPage","@id":"https:\/\/www.joyana.fr\/pomme-de-douche-design-meteo2c-meteo3c-par-antonio-lupi\/112118\/","url":"https:\/\/www.joyana.fr\/pomme-de-douche-design-meteo2c-meteo3c-par-antonio-lupi\/112118\/","name":"Pomme de Douche design METEO2C & METEO3C par ANTONIO LUPI - JO YANA","isPartOf":{"@id":"https:\/\/joyana.fr\/#website"},"primaryImageOfPage":{"@id":"https:\/\/www.joyana.fr\/pomme-de-douche-design-meteo2c-meteo3c-par-antonio-lupi\/112118\/#primaryimage"},"image":{"@id":"https:\/\/www.joyana.fr\/pomme-de-douche-design-meteo2c-meteo3c-par-antonio-lupi\/112118\/#primaryimage"},"thumbnailUrl":"","datePublished":"2013-01-29T07:26:28+00:00","breadcrumb":{"@id":"https:\/\/www.joyana.fr\/pomme-de-douche-design-meteo2c-meteo3c-par-antonio-lupi\/112118\/#breadcrumb"},"inLanguage":"ja","potentialAction":[{"@type":"ReadAction","target":["https:\/\/www.joyana.fr\/pomme-de-douche-design-meteo2c-meteo3c-par-antonio-lupi\/112118\/"]}]},{"@type":"ImageObject","inLanguage":"ja","@id":"https:\/\/www.joyana.fr\/pomme-de-douche-design-meteo2c-meteo3c-par-antonio-lupi\/112118\/#primaryimage","url":"","contentUrl":""},{"@type":"BreadcrumbList","@id":"https:\/\/www.joyana.fr\/pomme-de-douche-design-meteo2c-meteo3c-par-antonio-lupi\/112118\/#breadcrumb","itemListElement":[{"@type":"ListItem","position":1,"name":"Accueil","item":"https:\/\/joyana.fr\/"},{"@type":"ListItem","position":2,"name":"Pomme de Douche design METEO2C &#038; METEO3C par ANTONIO LUPI"}]},{"@type":"WebSite","@id":"https:\/\/joyana.fr\/#website","url":"https:\/\/joyana.fr\/","name":"JO YANA","description":"Blog Mode Homme, Lifestyle, D\u00e9co-Design","publisher":{"@id":"https:\/\/joyana.fr\/#\/schema\/person\/cf2a1ad12a27c12c21801075bf37407c"},"potentialAction":[{"@type":"SearchAction","target":{"@type":"EntryPoint","urlTemplate":"https:\/\/joyana.fr\/?s={search_term_string}"},"query-input":{"@type":"PropertyValueSpecification","valueRequired":true,"valueName":"search_term_string"}}],"inLanguage":"ja"},{"@type":["Person","Organization"],"@id":"https:\/\/joyana.fr\/#\/schema\/person\/cf2a1ad12a27c12c21801075bf37407c","name":"Jo Yana","image":{"@type":"ImageObject","inLanguage":"ja","@id":"https:\/\/joyana.fr\/#\/schema\/person\/image\/","url":"https:\/\/i0.wp.com\/joyana.fr\/wp-content\/uploads\/2016\/08\/cropped-joyana-logo-black-360x180.png?fit=343%2C164&ssl=1","contentUrl":"https:\/\/i0.wp.com\/joyana.fr\/wp-content\/uploads\/2016\/08\/cropped-joyana-logo-black-360x180.png?fit=343%2C164&ssl=1","width":343,"height":164,"caption":"Jo Yana"},"logo":{"@id":"https:\/\/joyana.fr\/#\/schema\/person\/image\/"},"description":"Jo Yana est le cr\u00e9ateur et r\u00e9dacteur en chef des sites DECO-DESIGN. Passionn\u00e9 de Design, Mode, Photo, Luxe, Lifestyle, Musique, mais avant tout Blogueur ! Le plaisir de partager l'anime et a comme devise \"POUR L'AMOUR DU BEAU\". Retrouvez le aussi sur son blog personnel - https:\/\/joyana.fr...","sameAs":["https:\/\/joyana.fr\/"],"url":"https:\/\/joyana.fr\/ja\/author\/joyana\/"}]}},"author_meta":{"display_name":"Jo Yana","author_link":"https:\/\/joyana.fr\/ja\/author\/joyana\/"},"featured_img":null,"featured_image_src":null,"featured_image_src_square":null,"jetpack_featured_media_url":"","uagb_featured_image_src":{"full":false,"thumbnail":false,"medium":false,"medium_large":false,"large":false,"1536x1536":false,"2048x2048":false,"featured-thumb":false,"ab-block-post-grid-landscape":false,"ab-block-post-grid-square":false,"author-pro-image":false,"slider":false,"woocommerce_thumbnail":false,"woocommerce_single":false,"woocommerce_gallery_thumbnail":false,"sow-carousel-default":false},"uagb_author_info":{"display_name":"Jo Yana","author_link":"https:\/\/joyana.fr\/ja\/author\/joyana\/"},"uagb_comment_info":0,"uagb_excerpt":"Antonio Lupi nous pr\u00e9sente ses nouveaux pommeaux de dou&hellip;","coauthors":[],"tax_additional":{"categories":{"linked":["<a href=\"https:\/\/joyana.fr\/ja\/category\/marques\/antonio-lupi\/\" class=\"advgb-post-tax-term\">Antonio Lupi<\/a>","<a href=\"https:\/\/joyana.fr\/ja\/category\/deco-design\/\" class=\"advgb-post-tax-term\">DECO-DESIGN<\/a>","<a href=\"https:\/\/joyana.fr\/ja\/category\/deco-design\/decoration\/luxe\/\" class=\"advgb-post-tax-term\">Luxe<\/a>","<a href=\"https:\/\/joyana.fr\/ja\/category\/deco-design\/decoration\/salle-deau\/\" class=\"advgb-post-tax-term\">Salle d&#039;eau<\/a>"],"unlinked":["<span class=\"advgb-post-tax-term\">Antonio Lupi<\/span>","<span class=\"advgb-post-tax-term\">DECO-DESIGN<\/span>","<span class=\"advgb-post-tax-term\">Luxe<\/span>","<span class=\"advgb-post-tax-term\">Salle d&#039;eau<\/span>"]},"tags":{"linked":["<a href=\"https:\/\/joyana.fr\/ja\/category\/deco-design\/decoration\/salle-deau\/\" class=\"advgb-post-tax-term\">Antonio Lupi<\/a>","<a href=\"https:\/\/joyana.fr\/ja\/category\/deco-design\/decoration\/salle-deau\/\" class=\"advgb-post-tax-term\">Pomme de Douche design<\/a>","<a href=\"https:\/\/joyana.fr\/ja\/category\/deco-design\/decoration\/salle-deau\/\" class=\"advgb-post-tax-term\">Salle d&#039;eau<\/a>","<a href=\"https:\/\/joyana.fr\/ja\/category\/deco-design\/decoration\/salle-deau\/\" class=\"advgb-post-tax-term\">Salle de bains design<\/a>"],"unlinked":["<span class=\"advgb-post-tax-term\">Antonio Lupi<\/span>","<span class=\"advgb-post-tax-term\">Pomme de Douche design<\/span>","<span class=\"advgb-post-tax-term\">Salle d&#039;eau<\/span>","<span class=\"advgb-post-tax-term\">Salle de bains design<\/span>"]}},"comment_count":0,"relative_dates":{"created":"Posted 13\u5e74 ago","modified":"Updated 13\u5e74 ago"},"absolute_dates":{"created":"Posted on 29 1\u6708 2013","modified":"Updated on 29 1\u6708 2013"},"absolute_dates_time":{"created":"Posted on 29 1\u6708 2013 8:26","modified":"Updated on 29 1\u6708 2013 8:26"},"featured_img_caption":"","series_order":"","jetpack_sharing_enabled":true,"jetpack_shortlink":"https:\/\/wp.me\/p9bteI-tam","jetpack-related-posts":[],"_links":{"self":[{"href":"https:\/\/joyana.fr\/ja\/wp-json\/wp\/v2\/posts\/112118","targetHints":{"allow":["GET"]}}],"collection":[{"href":"https:\/\/joyana.fr\/ja\/wp-json\/wp\/v2\/posts"}],"about":[{"href":"https:\/\/joyana.fr\/ja\/wp-json\/wp\/v2\/types\/post"}],"author":[{"embeddable":true,"href":"https:\/\/joyana.fr\/ja\/wp-json\/wp\/v2\/users\/3"}],"replies":[{"embeddable":true,"href":"https:\/\/joyana.fr\/ja\/wp-json\/wp\/v2\/comments?post=112118"}],"version-history":[{"count":0,"href":"https:\/\/joyana.fr\/ja\/wp-json\/wp\/v2\/posts\/112118\/revisions"}],"wp:featuredmedia":[{"embeddable":true,"href":"https:\/\/joyana.fr\/ja\/wp-json\/"}],"wp:attachment":[{"href":"https:\/\/joyana.fr\/ja\/wp-json\/wp\/v2\/media?parent=112118"}],"wp:term":[{"taxonomy":"category","embeddable":true,"href":"https:\/\/joyana.fr\/ja\/wp-json\/wp\/v2\/categories?post=112118"},{"taxonomy":"post_tag","embeddable":true,"href":"https:\/\/joyana.fr\/ja\/wp-json\/wp\/v2\/tags?post=112118"}],"curies":[{"name":"wp","href":"https:\/\/api.w.org\/{rel}","templated":true}]}}