{"id":112754,"date":"2013-03-15T13:28:26","date_gmt":"2013-03-15T12:28:26","guid":{"rendered":"https:\/\/joyana.fr\/?p=12754"},"modified":"2013-03-15T13:28:26","modified_gmt":"2013-03-15T12:28:26","slug":"mobilier-coworkin-biennaledesign13-claire-debien","status":"publish","type":"post","link":"https:\/\/joyana.fr\/ja\/mobilier-coworkin-biennaledesign13-claire-debien\/112754\/","title":{"rendered":"Mobilier COWORK&#8217;IN par Claire DEBIEN"},"content":{"rendered":"<p>Apr\u00e8s <a title=\"jean baptiste bru \" href=\"https:\/\/joyana.fr\/lampe-et-applique-hamara-biennaledesign13-jean-baptiste-bru\/12744\/\" target=\"_blank\">Jean-Baptiste Bru<\/a>, <a title=\"DECO DESIGN\" href=\"https:\/\/joyana.fr\" target=\"_blank\"><strong>Deco-Design<\/strong><\/a> s&#8217;interesse au travail d&#8217;une autre \u00e9l\u00e8ve &#8211; <strong>Claire Debien<\/strong> &#8211; qui pr\u00e9sente\u00a0durant la\u00a0<strong><a title=\"BIENNALE DESIGN SAINT ETIENNE 2013\" href=\"https:\/\/joyana.fr\/biennale-internationale-design-saint-etienne-2013\/10871\/\" target=\"_blank\">Biennale Design Saint-Etienne 2013<\/a>\u00a0<\/strong>la collection de<strong> mobilier COWORK&#8217;IN<\/strong>&#8230;<\/p>\n<p><img data-recalc-dims=\"1\" fetchpriority=\"high\" decoding=\"async\" class=\"alignnone size-large wp-image-12759\" alt=\"COWORK'IN par Claire DEBIEN\" src=\"https:\/\/i0.wp.com\/joyana.fr\/wp-content\/uploads\/2013\/03\/debien.jpg?resize=576%2C857&#038;ssl=1\" width=\"576\" height=\"857\" \/><\/p>\n<p>Aujourd\u2019hui, la designer <strong>Claire Debien<\/strong> nous explique que temps de travail et vie priv\u00e9e se m\u00e9langent de plus en plus principalement \u00e0 cause de la multiplication des supports de t\u00e9l\u00e9communication. Ces outils technologiques, internet, t\u00e9l\u00e9phone et ordinateur portable ont bris\u00e9s les fronti\u00e8res du temps et des espaces de travail. Etant donn\u00e9 l\u2019importance que prend le travail dans la vie quotidienne comment penser l\u2019organisation du travail et les espaces autrement ?<\/p>\n<p>A \u00e7a la designer r\u00e9pond avec la collection de <strong>mobilier<\/strong> &#8211; Chaise\/Echelle, Table\/Miroir, Tr\u00e9teau &#8211; <strong>COWORK&#8217;IN<\/strong> un syst\u00e8me d\u00e9di\u00e9 au coworking m\u00e9langeant codes et usages domestiques \u00e0 ceux du bureau. la gamme repose sur un principe d&#8217;assemblage simple utilisant des pi\u00e8ces en cuivre produites industriellement, associ\u00e9es \u00e0 des pi\u00e8ces en bois produites artisanalement&#8230;<\/p>\n<p><img data-recalc-dims=\"1\" decoding=\"async\" class=\"alignnone size-large wp-image-12756\" alt=\"chaise \u00e9chelle COWORK'IN par Claire DEBIEN\" src=\"https:\/\/i0.wp.com\/joyana.fr\/wp-content\/uploads\/2013\/03\/DEBIEN_3.jpg?resize=576%2C539&#038;ssl=1\" width=\"576\" height=\"539\" \/><\/p>\n<p><img data-recalc-dims=\"1\" decoding=\"async\" class=\"alignnone size-large wp-image-12757\" alt=\"Table COWORK'IN par Claire DEBIEN\" src=\"https:\/\/i0.wp.com\/joyana.fr\/wp-content\/uploads\/2013\/03\/DEBIEN_4.jpg?resize=576%2C451&#038;ssl=1\" width=\"576\" height=\"451\" \/><\/p>\n<p><img data-recalc-dims=\"1\" loading=\"lazy\" decoding=\"async\" class=\"alignnone size-large wp-image-12758\" alt=\"COWORK'IN par Claire DEBIEN\" src=\"https:\/\/i0.wp.com\/joyana.fr\/wp-content\/uploads\/2013\/03\/debien-2.jpg?resize=576%2C383&#038;ssl=1\" width=\"576\" height=\"383\" \/><\/p>\n<p><img data-recalc-dims=\"1\" loading=\"lazy\" decoding=\"async\" class=\"alignnone size-large wp-image-12755\" alt=\"claire debien vuedensemble21-e1350511304553\" src=\"https:\/\/i0.wp.com\/joyana.fr\/wp-content\/uploads\/2013\/03\/claire-debien-vuedensemble21-e1350511304553-576x403.png?resize=576%2C403&#038;ssl=1\" width=\"576\" height=\"403\" \/><\/p>\n<p style=\"text-align: center;\">En savoir + sur <a href=\"http:\/\/clairedebien.com\/WordPress3\/about\/\" target=\"_blank\"><strong>Claire DEBIEN<\/strong><\/a><\/p>\n","protected":false},"excerpt":{"rendered":"<p>Apr\u00e8s Jean-Baptiste Bru, Deco-Design s&#8217;interesse au travail d&#8217;une autre \u00e9l\u00e8ve &#8211; Claire Debie [&hellip;]<\/p>\n","protected":false},"author":3,"featured_media":112758,"comment_status":"open","ping_status":"open","sticky":false,"template":"","format":"standard","meta":{"_coblocks_attr":"","_coblocks_dimensions":"","_coblocks_responsive_height":"","_coblocks_accordion_ie_support":"","_uag_custom_page_level_css":"","advgb_blocks_editor_width":"","advgb_blocks_columns_visual_guide":"","_genesis_hide_title":false,"_genesis_hide_breadcrumbs":false,"_genesis_hide_singular_image":false,"_genesis_hide_footer_widgets":false,"_genesis_custom_body_class":"","_genesis_custom_post_class":"","_genesis_layout":"","_themeisle_gutenberg_block_has_review":false,"_jetpack_newsletter_access":"","_jetpack_dont_email_post_to_subs":false,"_jetpack_newsletter_tier_id":0,"_jetpack_memberships_contains_paywalled_content":false,"_jetpack_memberships_contains_paid_content":false,"footnotes":""},"categories":[932,1035,945,905,942,944],"tags":[1284,1301,78],"class_list":{"0":"post-112754","1":"post","2":"type-post","3":"status-publish","4":"format-standard","5":"has-post-thumbnail","7":"category-bibliotheque","8":"category-biennale-design-internationale-saint-etienne","9":"category-chaise","10":"category-deco-design","11":"category-mobilier","12":"category-table","13":"tag-biennale-du-design-de-saint-etienne","14":"tag-claire-debien","15":"tag-design","16":"entry"},"featured_image_urls":{"full":["https:\/\/i0.wp.com\/joyana.fr\/wp-content\/uploads\/2013\/03\/debien-2.jpg?fit=650%2C433&ssl=1",650,433,false],"thumbnail":["https:\/\/i0.wp.com\/joyana.fr\/wp-content\/uploads\/2013\/03\/debien-2.jpg?resize=150%2C150&ssl=1",150,150,true],"medium":["https:\/\/i0.wp.com\/joyana.fr\/wp-content\/uploads\/2013\/03\/debien-2.jpg?fit=389%2C259&ssl=1",389,259,true],"medium_large":["https:\/\/i0.wp.com\/joyana.fr\/wp-content\/uploads\/2013\/03\/debien-2.jpg?fit=650%2C433&ssl=1",650,433,true],"large":["https:\/\/i0.wp.com\/joyana.fr\/wp-content\/uploads\/2013\/03\/debien-2.jpg?fit=650%2C433&ssl=1",650,433,true],"1536x1536":["https:\/\/i0.wp.com\/joyana.fr\/wp-content\/uploads\/2013\/03\/debien-2.jpg?fit=650%2C433&ssl=1",650,433,true],"2048x2048":["https:\/\/i0.wp.com\/joyana.fr\/wp-content\/uploads\/2013\/03\/debien-2.jpg?fit=650%2C433&ssl=1",650,433,true],"featured-thumb":["https:\/\/i0.wp.com\/joyana.fr\/wp-content\/uploads\/2013\/03\/debien-2.jpg?resize=650%2C433&ssl=1",650,433,true],"ab-block-post-grid-landscape":["https:\/\/i0.wp.com\/joyana.fr\/wp-content\/uploads\/2013\/03\/debien-2.jpg?resize=600%2C400&ssl=1",600,400,true],"ab-block-post-grid-square":["https:\/\/i0.wp.com\/joyana.fr\/wp-content\/uploads\/2013\/03\/debien-2.jpg?resize=600%2C433&ssl=1",600,433,true],"author-pro-image":["https:\/\/i0.wp.com\/joyana.fr\/wp-content\/uploads\/2013\/03\/debien-2.jpg?resize=360%2C433&ssl=1",360,433,true],"slider":["https:\/\/i0.wp.com\/joyana.fr\/wp-content\/uploads\/2013\/03\/debien-2.jpg?resize=650%2C400&ssl=1",650,400,true],"woocommerce_thumbnail":["https:\/\/i0.wp.com\/joyana.fr\/wp-content\/uploads\/2013\/03\/debien-2.jpg?resize=450%2C433&ssl=1",450,433,true],"woocommerce_single":["https:\/\/i0.wp.com\/joyana.fr\/wp-content\/uploads\/2013\/03\/debien-2.jpg?fit=650%2C433&ssl=1",650,433,true],"woocommerce_gallery_thumbnail":["https:\/\/i0.wp.com\/joyana.fr\/wp-content\/uploads\/2013\/03\/debien-2.jpg?resize=180%2C180&ssl=1",180,180,true],"sow-carousel-default":["https:\/\/i0.wp.com\/joyana.fr\/wp-content\/uploads\/2013\/03\/debien-2.jpg?resize=272%2C182&ssl=1",272,182,true]},"post_excerpt_stackable":"<p>Apr\u00e8s Jean-Baptiste Bru, Deco-Design s&#8217;interesse au travail d&#8217;une autre \u00e9l\u00e8ve &#8211; Cl&hellip;<\/p>\n","category_list":"<a href=\"https:\/\/joyana.fr\/ja\/category\/deco-design\/mobilier\/bibliotheque\/\" rel=\"category tag\">Biblioth\u00e8que<\/a>, <a href=\"https:\/\/joyana.fr\/ja\/category\/deco-design\/actualite\/salon\/biennale-design-internationale-saint-etienne\/\" rel=\"category tag\">Biennale Internationale Design (Saint-Etienne)<\/a>, <a href=\"https:\/\/joyana.fr\/ja\/category\/deco-design\/mobilier\/assise\/chaise\/\" rel=\"category tag\">Chaise<\/a>, <a href=\"https:\/\/joyana.fr\/ja\/category\/deco-design\/\" rel=\"category tag\">DECO-DESIGN<\/a>, <a href=\"https:\/\/joyana.fr\/ja\/category\/deco-design\/mobilier\/\" rel=\"category tag\">Mobilier<\/a>, <a href=\"https:\/\/joyana.fr\/ja\/category\/deco-design\/mobilier\/table\/\" rel=\"category tag\">Table<\/a>","author_info":{"display_name":"Jo Yana","author_link":"https:\/\/joyana.fr\/ja\/author\/joyana\/"},"comments_num":"1 comment","featured_image_urls_v2":{"full":["https:\/\/i0.wp.com\/joyana.fr\/wp-content\/uploads\/2013\/03\/debien-2.jpg?fit=650%2C433&ssl=1",650,433,false],"thumbnail":["https:\/\/i0.wp.com\/joyana.fr\/wp-content\/uploads\/2013\/03\/debien-2.jpg?resize=150%2C150&ssl=1",150,150,true],"medium":["https:\/\/i0.wp.com\/joyana.fr\/wp-content\/uploads\/2013\/03\/debien-2.jpg?fit=389%2C259&ssl=1",389,259,true],"medium_large":["https:\/\/i0.wp.com\/joyana.fr\/wp-content\/uploads\/2013\/03\/debien-2.jpg?fit=650%2C433&ssl=1",650,433,true],"large":["https:\/\/i0.wp.com\/joyana.fr\/wp-content\/uploads\/2013\/03\/debien-2.jpg?fit=650%2C433&ssl=1",650,433,true],"1536x1536":["https:\/\/i0.wp.com\/joyana.fr\/wp-content\/uploads\/2013\/03\/debien-2.jpg?fit=650%2C433&ssl=1",650,433,true],"2048x2048":["https:\/\/i0.wp.com\/joyana.fr\/wp-content\/uploads\/2013\/03\/debien-2.jpg?fit=650%2C433&ssl=1",650,433,true],"featured-thumb":["https:\/\/i0.wp.com\/joyana.fr\/wp-content\/uploads\/2013\/03\/debien-2.jpg?resize=650%2C433&ssl=1",650,433,true],"ab-block-post-grid-landscape":["https:\/\/i0.wp.com\/joyana.fr\/wp-content\/uploads\/2013\/03\/debien-2.jpg?resize=600%2C400&ssl=1",600,400,true],"ab-block-post-grid-square":["https:\/\/i0.wp.com\/joyana.fr\/wp-content\/uploads\/2013\/03\/debien-2.jpg?resize=600%2C433&ssl=1",600,433,true],"author-pro-image":["https:\/\/i0.wp.com\/joyana.fr\/wp-content\/uploads\/2013\/03\/debien-2.jpg?resize=360%2C433&ssl=1",360,433,true],"slider":["https:\/\/i0.wp.com\/joyana.fr\/wp-content\/uploads\/2013\/03\/debien-2.jpg?resize=650%2C400&ssl=1",650,400,true],"woocommerce_thumbnail":["https:\/\/i0.wp.com\/joyana.fr\/wp-content\/uploads\/2013\/03\/debien-2.jpg?resize=450%2C433&ssl=1",450,433,true],"woocommerce_single":["https:\/\/i0.wp.com\/joyana.fr\/wp-content\/uploads\/2013\/03\/debien-2.jpg?fit=650%2C433&ssl=1",650,433,true],"woocommerce_gallery_thumbnail":["https:\/\/i0.wp.com\/joyana.fr\/wp-content\/uploads\/2013\/03\/debien-2.jpg?resize=180%2C180&ssl=1",180,180,true],"sow-carousel-default":["https:\/\/i0.wp.com\/joyana.fr\/wp-content\/uploads\/2013\/03\/debien-2.jpg?resize=272%2C182&ssl=1",272,182,true]},"post_excerpt_stackable_v2":"<p>Apr\u00e8s Jean-Baptiste Bru, Deco-Design s&#8217;interesse au travail d&#8217;une autre \u00e9l\u00e8ve &#8211; Cl&hellip;<\/p>\n","category_list_v2":"<a href=\"https:\/\/joyana.fr\/ja\/category\/deco-design\/mobilier\/bibliotheque\/\" rel=\"category tag\">Biblioth\u00e8que<\/a>, <a href=\"https:\/\/joyana.fr\/ja\/category\/deco-design\/actualite\/salon\/biennale-design-internationale-saint-etienne\/\" rel=\"category tag\">Biennale Internationale Design (Saint-Etienne)<\/a>, <a href=\"https:\/\/joyana.fr\/ja\/category\/deco-design\/mobilier\/assise\/chaise\/\" rel=\"category tag\">Chaise<\/a>, <a href=\"https:\/\/joyana.fr\/ja\/category\/deco-design\/\" rel=\"category tag\">DECO-DESIGN<\/a>, <a href=\"https:\/\/joyana.fr\/ja\/category\/deco-design\/mobilier\/\" rel=\"category tag\">Mobilier<\/a>, <a href=\"https:\/\/joyana.fr\/ja\/category\/deco-design\/mobilier\/table\/\" rel=\"category tag\">Table<\/a>","author_info_v2":{"name":"Jo Yana","url":"https:\/\/joyana.fr\/ja\/author\/joyana\/"},"comments_num_v2":"1 comment","yoast_head":"<!-- This site is optimized with the Yoast SEO plugin v26.8 - https:\/\/yoast.com\/product\/yoast-seo-wordpress\/ -->\n<title>Mobilier COWORK&#039;IN par Claire DEBIEN - JO YANA<\/title>\n<meta name=\"robots\" content=\"index, follow, max-snippet:-1, max-image-preview:large, max-video-preview:-1\" \/>\n<link rel=\"canonical\" href=\"https:\/\/www.joyana.fr\/mobilier-coworkin-biennaledesign13-claire-debien\/112754\/\" \/>\n<meta property=\"og:locale\" content=\"ja_JP\" \/>\n<meta property=\"og:locale:alternate\" content=\"fr_FR\" \/>\n<meta property=\"og:locale:alternate\" content=\"en_US\" \/>\n<meta property=\"og:type\" content=\"article\" \/>\n<meta property=\"og:title\" content=\"Mobilier COWORK&#039;IN par Claire DEBIEN - JO YANA\" \/>\n<meta property=\"og:description\" content=\"Apr\u00e8s Jean-Baptiste Bru, Deco-Design s&#8217;interesse au travail d&#8217;une autre \u00e9l\u00e8ve &#8211; Claire Debie [&hellip;]\" \/>\n<meta property=\"og:url\" content=\"https:\/\/joyana.fr\/ja\/mobilier-coworkin-biennaledesign13-claire-debien\/112754\/\" \/>\n<meta property=\"og:site_name\" content=\"JO YANA\" \/>\n<meta property=\"article:published_time\" content=\"2013-03-15T12:28:26+00:00\" \/>\n<meta property=\"og:image\" content=\"https:\/\/www.joyana.fr\/wp-content\/uploads\/2013\/03\/debien-2.jpg\" \/>\n\t<meta property=\"og:image:width\" content=\"650\" \/>\n\t<meta property=\"og:image:height\" content=\"433\" \/>\n\t<meta property=\"og:image:type\" content=\"image\/jpeg\" \/>\n<meta name=\"author\" content=\"Jo Yana\" \/>\n<meta name=\"twitter:card\" content=\"summary_large_image\" \/>\n<meta name=\"twitter:creator\" content=\"@Jo_Yana\" \/>\n<meta name=\"twitter:site\" content=\"@Jo_Yana\" \/>\n<meta name=\"twitter:label1\" content=\"\u57f7\u7b46\u8005\" \/>\n\t<meta name=\"twitter:data1\" content=\"Jo Yana\" \/>\n\t<meta name=\"twitter:label2\" content=\"\u63a8\u5b9a\u8aad\u307f\u53d6\u308a\u6642\u9593\" \/>\n\t<meta name=\"twitter:data2\" content=\"1\u5206\" \/>\n<script type=\"application\/ld+json\" class=\"yoast-schema-graph\">{\"@context\":\"https:\/\/schema.org\",\"@graph\":[{\"@type\":\"Article\",\"@id\":\"https:\/\/www.joyana.fr\/mobilier-coworkin-biennaledesign13-claire-debien\/112754\/#article\",\"isPartOf\":{\"@id\":\"https:\/\/www.joyana.fr\/mobilier-coworkin-biennaledesign13-claire-debien\/112754\/\"},\"author\":{\"name\":\"Jo Yana\",\"@id\":\"https:\/\/www.joyana.fr\/ja\/#\/schema\/person\/cf2a1ad12a27c12c21801075bf37407c\"},\"headline\":\"Mobilier COWORK&#8217;IN par Claire DEBIEN\",\"datePublished\":\"2013-03-15T12:28:26+00:00\",\"mainEntityOfPage\":{\"@id\":\"https:\/\/www.joyana.fr\/mobilier-coworkin-biennaledesign13-claire-debien\/112754\/\"},\"wordCount\":185,\"commentCount\":1,\"publisher\":{\"@id\":\"https:\/\/www.joyana.fr\/ja\/#\/schema\/person\/cf2a1ad12a27c12c21801075bf37407c\"},\"image\":{\"@id\":\"https:\/\/www.joyana.fr\/mobilier-coworkin-biennaledesign13-claire-debien\/112754\/#primaryimage\"},\"thumbnailUrl\":\"https:\/\/i0.wp.com\/joyana.fr\/wp-content\/uploads\/2013\/03\/debien-2.jpg?fit=650%2C433&ssl=1\",\"keywords\":[\"Biennale du Design de Saint-Etienne\",\"Claire DEBIEN\",\"DESIGN\"],\"articleSection\":[\"Biblioth\u00e8que\",\"Biennale Internationale Design (Saint-Etienne)\",\"Chaise\",\"DECO-DESIGN\",\"Mobilier\",\"Table\"],\"inLanguage\":\"ja\",\"potentialAction\":[{\"@type\":\"CommentAction\",\"name\":\"Comment\",\"target\":[\"https:\/\/www.joyana.fr\/mobilier-coworkin-biennaledesign13-claire-debien\/112754\/#respond\"]}]},{\"@type\":\"WebPage\",\"@id\":\"https:\/\/www.joyana.fr\/mobilier-coworkin-biennaledesign13-claire-debien\/112754\/\",\"url\":\"https:\/\/www.joyana.fr\/mobilier-coworkin-biennaledesign13-claire-debien\/112754\/\",\"name\":\"Mobilier COWORK'IN par Claire DEBIEN - JO YANA\",\"isPartOf\":{\"@id\":\"https:\/\/www.joyana.fr\/ja\/#website\"},\"primaryImageOfPage\":{\"@id\":\"https:\/\/www.joyana.fr\/mobilier-coworkin-biennaledesign13-claire-debien\/112754\/#primaryimage\"},\"image\":{\"@id\":\"https:\/\/www.joyana.fr\/mobilier-coworkin-biennaledesign13-claire-debien\/112754\/#primaryimage\"},\"thumbnailUrl\":\"https:\/\/i0.wp.com\/joyana.fr\/wp-content\/uploads\/2013\/03\/debien-2.jpg?fit=650%2C433&ssl=1\",\"datePublished\":\"2013-03-15T12:28:26+00:00\",\"breadcrumb\":{\"@id\":\"https:\/\/www.joyana.fr\/mobilier-coworkin-biennaledesign13-claire-debien\/112754\/#breadcrumb\"},\"inLanguage\":\"ja\",\"potentialAction\":[{\"@type\":\"ReadAction\",\"target\":[\"https:\/\/www.joyana.fr\/mobilier-coworkin-biennaledesign13-claire-debien\/112754\/\"]}]},{\"@type\":\"ImageObject\",\"inLanguage\":\"ja\",\"@id\":\"https:\/\/www.joyana.fr\/mobilier-coworkin-biennaledesign13-claire-debien\/112754\/#primaryimage\",\"url\":\"https:\/\/i0.wp.com\/joyana.fr\/wp-content\/uploads\/2013\/03\/debien-2.jpg?fit=650%2C433&ssl=1\",\"contentUrl\":\"https:\/\/i0.wp.com\/joyana.fr\/wp-content\/uploads\/2013\/03\/debien-2.jpg?fit=650%2C433&ssl=1\",\"width\":650,\"height\":433},{\"@type\":\"BreadcrumbList\",\"@id\":\"https:\/\/www.joyana.fr\/mobilier-coworkin-biennaledesign13-claire-debien\/112754\/#breadcrumb\",\"itemListElement\":[{\"@type\":\"ListItem\",\"position\":1,\"name\":\"Accueil\",\"item\":\"https:\/\/www.joyana.fr\/ja\/\"},{\"@type\":\"ListItem\",\"position\":2,\"name\":\"Mobilier COWORK&rsquo;IN par Claire DEBIEN\"}]},{\"@type\":\"WebSite\",\"@id\":\"https:\/\/www.joyana.fr\/ja\/#website\",\"url\":\"https:\/\/www.joyana.fr\/ja\/\",\"name\":\"JO YANA\",\"description\":\"Blog Mode Homme, Lifestyle, D\u00e9co-Design\",\"publisher\":{\"@id\":\"https:\/\/www.joyana.fr\/ja\/#\/schema\/person\/cf2a1ad12a27c12c21801075bf37407c\"},\"potentialAction\":[{\"@type\":\"SearchAction\",\"target\":{\"@type\":\"EntryPoint\",\"urlTemplate\":\"https:\/\/www.joyana.fr\/ja\/?s={search_term_string}\"},\"query-input\":{\"@type\":\"PropertyValueSpecification\",\"valueRequired\":true,\"valueName\":\"search_term_string\"}}],\"inLanguage\":\"ja\"},{\"@type\":[\"Person\",\"Organization\"],\"@id\":\"https:\/\/www.joyana.fr\/ja\/#\/schema\/person\/cf2a1ad12a27c12c21801075bf37407c\",\"name\":\"Jo Yana\",\"image\":{\"@type\":\"ImageObject\",\"inLanguage\":\"ja\",\"@id\":\"https:\/\/www.joyana.fr\/ja\/#\/schema\/person\/image\/\",\"url\":\"https:\/\/i0.wp.com\/joyana.fr\/wp-content\/uploads\/2016\/08\/cropped-joyana-logo-black-360x180.png?fit=343%2C164&ssl=1\",\"contentUrl\":\"https:\/\/i0.wp.com\/joyana.fr\/wp-content\/uploads\/2016\/08\/cropped-joyana-logo-black-360x180.png?fit=343%2C164&ssl=1\",\"width\":343,\"height\":164,\"caption\":\"Jo Yana\"},\"logo\":{\"@id\":\"https:\/\/www.joyana.fr\/ja\/#\/schema\/person\/image\/\"},\"description\":\"Jo Yana est le cr\u00e9ateur et r\u00e9dacteur en chef des sites DECO-DESIGN. Passionn\u00e9 de Design, Mode, Photo, Luxe, Lifestyle, Musique, mais avant tout Blogueur ! Le plaisir de partager l'anime et a comme devise \\\"POUR L'AMOUR DU BEAU\\\". Retrouvez le aussi sur son blog personnel - https:\/\/joyana.fr...\",\"sameAs\":[\"https:\/\/joyana.fr\/\"],\"url\":\"https:\/\/joyana.fr\/ja\/author\/joyana\/\"}]}<\/script>\n<!-- \/ Yoast SEO plugin. -->","yoast_head_json":{"title":"Mobilier COWORK'IN par Claire DEBIEN - JO YANA","robots":{"index":"index","follow":"follow","max-snippet":"max-snippet:-1","max-image-preview":"max-image-preview:large","max-video-preview":"max-video-preview:-1"},"canonical":"https:\/\/www.joyana.fr\/mobilier-coworkin-biennaledesign13-claire-debien\/112754\/","og_locale":"ja_JP","og_type":"article","og_title":"Mobilier COWORK'IN par Claire DEBIEN - JO YANA","og_description":"Apr\u00e8s Jean-Baptiste Bru, Deco-Design s&#8217;interesse au travail d&#8217;une autre \u00e9l\u00e8ve &#8211; Claire Debie [&hellip;]","og_url":"https:\/\/joyana.fr\/ja\/mobilier-coworkin-biennaledesign13-claire-debien\/112754\/","og_site_name":"JO YANA","article_published_time":"2013-03-15T12:28:26+00:00","og_image":[{"width":650,"height":433,"url":"https:\/\/www.joyana.fr\/wp-content\/uploads\/2013\/03\/debien-2.jpg","type":"image\/jpeg"}],"author":"Jo Yana","twitter_card":"summary_large_image","twitter_creator":"@Jo_Yana","twitter_site":"@Jo_Yana","twitter_misc":{"\u57f7\u7b46\u8005":"Jo Yana","\u63a8\u5b9a\u8aad\u307f\u53d6\u308a\u6642\u9593":"1\u5206"},"schema":{"@context":"https:\/\/schema.org","@graph":[{"@type":"Article","@id":"https:\/\/www.joyana.fr\/mobilier-coworkin-biennaledesign13-claire-debien\/112754\/#article","isPartOf":{"@id":"https:\/\/www.joyana.fr\/mobilier-coworkin-biennaledesign13-claire-debien\/112754\/"},"author":{"name":"Jo Yana","@id":"https:\/\/www.joyana.fr\/ja\/#\/schema\/person\/cf2a1ad12a27c12c21801075bf37407c"},"headline":"Mobilier COWORK&#8217;IN par Claire DEBIEN","datePublished":"2013-03-15T12:28:26+00:00","mainEntityOfPage":{"@id":"https:\/\/www.joyana.fr\/mobilier-coworkin-biennaledesign13-claire-debien\/112754\/"},"wordCount":185,"commentCount":1,"publisher":{"@id":"https:\/\/www.joyana.fr\/ja\/#\/schema\/person\/cf2a1ad12a27c12c21801075bf37407c"},"image":{"@id":"https:\/\/www.joyana.fr\/mobilier-coworkin-biennaledesign13-claire-debien\/112754\/#primaryimage"},"thumbnailUrl":"https:\/\/i0.wp.com\/joyana.fr\/wp-content\/uploads\/2013\/03\/debien-2.jpg?fit=650%2C433&ssl=1","keywords":["Biennale du Design de Saint-Etienne","Claire DEBIEN","DESIGN"],"articleSection":["Biblioth\u00e8que","Biennale Internationale Design (Saint-Etienne)","Chaise","DECO-DESIGN","Mobilier","Table"],"inLanguage":"ja","potentialAction":[{"@type":"CommentAction","name":"Comment","target":["https:\/\/www.joyana.fr\/mobilier-coworkin-biennaledesign13-claire-debien\/112754\/#respond"]}]},{"@type":"WebPage","@id":"https:\/\/www.joyana.fr\/mobilier-coworkin-biennaledesign13-claire-debien\/112754\/","url":"https:\/\/www.joyana.fr\/mobilier-coworkin-biennaledesign13-claire-debien\/112754\/","name":"Mobilier COWORK'IN par Claire DEBIEN - JO YANA","isPartOf":{"@id":"https:\/\/www.joyana.fr\/ja\/#website"},"primaryImageOfPage":{"@id":"https:\/\/www.joyana.fr\/mobilier-coworkin-biennaledesign13-claire-debien\/112754\/#primaryimage"},"image":{"@id":"https:\/\/www.joyana.fr\/mobilier-coworkin-biennaledesign13-claire-debien\/112754\/#primaryimage"},"thumbnailUrl":"https:\/\/i0.wp.com\/joyana.fr\/wp-content\/uploads\/2013\/03\/debien-2.jpg?fit=650%2C433&ssl=1","datePublished":"2013-03-15T12:28:26+00:00","breadcrumb":{"@id":"https:\/\/www.joyana.fr\/mobilier-coworkin-biennaledesign13-claire-debien\/112754\/#breadcrumb"},"inLanguage":"ja","potentialAction":[{"@type":"ReadAction","target":["https:\/\/www.joyana.fr\/mobilier-coworkin-biennaledesign13-claire-debien\/112754\/"]}]},{"@type":"ImageObject","inLanguage":"ja","@id":"https:\/\/www.joyana.fr\/mobilier-coworkin-biennaledesign13-claire-debien\/112754\/#primaryimage","url":"https:\/\/i0.wp.com\/joyana.fr\/wp-content\/uploads\/2013\/03\/debien-2.jpg?fit=650%2C433&ssl=1","contentUrl":"https:\/\/i0.wp.com\/joyana.fr\/wp-content\/uploads\/2013\/03\/debien-2.jpg?fit=650%2C433&ssl=1","width":650,"height":433},{"@type":"BreadcrumbList","@id":"https:\/\/www.joyana.fr\/mobilier-coworkin-biennaledesign13-claire-debien\/112754\/#breadcrumb","itemListElement":[{"@type":"ListItem","position":1,"name":"Accueil","item":"https:\/\/www.joyana.fr\/ja\/"},{"@type":"ListItem","position":2,"name":"Mobilier COWORK&rsquo;IN par Claire DEBIEN"}]},{"@type":"WebSite","@id":"https:\/\/www.joyana.fr\/ja\/#website","url":"https:\/\/www.joyana.fr\/ja\/","name":"JO YANA","description":"Blog Mode Homme, Lifestyle, D\u00e9co-Design","publisher":{"@id":"https:\/\/www.joyana.fr\/ja\/#\/schema\/person\/cf2a1ad12a27c12c21801075bf37407c"},"potentialAction":[{"@type":"SearchAction","target":{"@type":"EntryPoint","urlTemplate":"https:\/\/www.joyana.fr\/ja\/?s={search_term_string}"},"query-input":{"@type":"PropertyValueSpecification","valueRequired":true,"valueName":"search_term_string"}}],"inLanguage":"ja"},{"@type":["Person","Organization"],"@id":"https:\/\/www.joyana.fr\/ja\/#\/schema\/person\/cf2a1ad12a27c12c21801075bf37407c","name":"Jo Yana","image":{"@type":"ImageObject","inLanguage":"ja","@id":"https:\/\/www.joyana.fr\/ja\/#\/schema\/person\/image\/","url":"https:\/\/i0.wp.com\/joyana.fr\/wp-content\/uploads\/2016\/08\/cropped-joyana-logo-black-360x180.png?fit=343%2C164&ssl=1","contentUrl":"https:\/\/i0.wp.com\/joyana.fr\/wp-content\/uploads\/2016\/08\/cropped-joyana-logo-black-360x180.png?fit=343%2C164&ssl=1","width":343,"height":164,"caption":"Jo Yana"},"logo":{"@id":"https:\/\/www.joyana.fr\/ja\/#\/schema\/person\/image\/"},"description":"Jo Yana est le cr\u00e9ateur et r\u00e9dacteur en chef des sites DECO-DESIGN. Passionn\u00e9 de Design, Mode, Photo, Luxe, Lifestyle, Musique, mais avant tout Blogueur ! Le plaisir de partager l'anime et a comme devise \"POUR L'AMOUR DU BEAU\". Retrouvez le aussi sur son blog personnel - https:\/\/joyana.fr...","sameAs":["https:\/\/joyana.fr\/"],"url":"https:\/\/joyana.fr\/ja\/author\/joyana\/"}]}},"author_meta":{"display_name":"Jo Yana","author_link":"https:\/\/joyana.fr\/ja\/author\/joyana\/"},"featured_img":"https:\/\/i0.wp.com\/joyana.fr\/wp-content\/uploads\/2013\/03\/debien-2.jpg?fit=389%2C259&ssl=1","featured_image_src":"https:\/\/i0.wp.com\/joyana.fr\/wp-content\/uploads\/2013\/03\/debien-2.jpg?resize=600%2C400&ssl=1","featured_image_src_square":"https:\/\/i0.wp.com\/joyana.fr\/wp-content\/uploads\/2013\/03\/debien-2.jpg?resize=600%2C433&ssl=1","jetpack_featured_media_url":"https:\/\/i0.wp.com\/joyana.fr\/wp-content\/uploads\/2013\/03\/debien-2.jpg?fit=650%2C433&ssl=1","uagb_featured_image_src":{"full":["https:\/\/i0.wp.com\/joyana.fr\/wp-content\/uploads\/2013\/03\/debien-2.jpg?fit=650%2C433&ssl=1",650,433,false],"thumbnail":["https:\/\/i0.wp.com\/joyana.fr\/wp-content\/uploads\/2013\/03\/debien-2.jpg?resize=150%2C150&ssl=1",150,150,true],"medium":["https:\/\/i0.wp.com\/joyana.fr\/wp-content\/uploads\/2013\/03\/debien-2.jpg?fit=389%2C259&ssl=1",389,259,true],"medium_large":["https:\/\/i0.wp.com\/joyana.fr\/wp-content\/uploads\/2013\/03\/debien-2.jpg?fit=650%2C433&ssl=1",650,433,true],"large":["https:\/\/i0.wp.com\/joyana.fr\/wp-content\/uploads\/2013\/03\/debien-2.jpg?fit=650%2C433&ssl=1",650,433,true],"1536x1536":["https:\/\/i0.wp.com\/joyana.fr\/wp-content\/uploads\/2013\/03\/debien-2.jpg?fit=650%2C433&ssl=1",650,433,true],"2048x2048":["https:\/\/i0.wp.com\/joyana.fr\/wp-content\/uploads\/2013\/03\/debien-2.jpg?fit=650%2C433&ssl=1",650,433,true],"featured-thumb":["https:\/\/i0.wp.com\/joyana.fr\/wp-content\/uploads\/2013\/03\/debien-2.jpg?resize=650%2C433&ssl=1",650,433,true],"ab-block-post-grid-landscape":["https:\/\/i0.wp.com\/joyana.fr\/wp-content\/uploads\/2013\/03\/debien-2.jpg?resize=600%2C400&ssl=1",600,400,true],"ab-block-post-grid-square":["https:\/\/i0.wp.com\/joyana.fr\/wp-content\/uploads\/2013\/03\/debien-2.jpg?resize=600%2C433&ssl=1",600,433,true],"author-pro-image":["https:\/\/i0.wp.com\/joyana.fr\/wp-content\/uploads\/2013\/03\/debien-2.jpg?resize=360%2C433&ssl=1",360,433,true],"slider":["https:\/\/i0.wp.com\/joyana.fr\/wp-content\/uploads\/2013\/03\/debien-2.jpg?resize=650%2C400&ssl=1",650,400,true],"woocommerce_thumbnail":["https:\/\/i0.wp.com\/joyana.fr\/wp-content\/uploads\/2013\/03\/debien-2.jpg?resize=450%2C433&ssl=1",450,433,true],"woocommerce_single":["https:\/\/i0.wp.com\/joyana.fr\/wp-content\/uploads\/2013\/03\/debien-2.jpg?fit=650%2C433&ssl=1",650,433,true],"woocommerce_gallery_thumbnail":["https:\/\/i0.wp.com\/joyana.fr\/wp-content\/uploads\/2013\/03\/debien-2.jpg?resize=180%2C180&ssl=1",180,180,true],"sow-carousel-default":["https:\/\/i0.wp.com\/joyana.fr\/wp-content\/uploads\/2013\/03\/debien-2.jpg?resize=272%2C182&ssl=1",272,182,true]},"uagb_author_info":{"display_name":"Jo Yana","author_link":"https:\/\/joyana.fr\/ja\/author\/joyana\/"},"uagb_comment_info":1,"uagb_excerpt":"Apr\u00e8s Jean-Baptiste Bru, Deco-Design s&#8217;interesse &hellip;","coauthors":[],"tax_additional":{"categories":{"linked":["<a href=\"https:\/\/joyana.fr\/ja\/category\/deco-design\/mobilier\/bibliotheque\/\" class=\"advgb-post-tax-term\">Biblioth\u00e8que<\/a>","<a href=\"https:\/\/joyana.fr\/ja\/category\/deco-design\/actualite\/salon\/biennale-design-internationale-saint-etienne\/\" class=\"advgb-post-tax-term\">Biennale Internationale Design (Saint-Etienne)<\/a>","<a href=\"https:\/\/joyana.fr\/ja\/category\/deco-design\/mobilier\/assise\/chaise\/\" class=\"advgb-post-tax-term\">Chaise<\/a>","<a href=\"https:\/\/joyana.fr\/ja\/category\/deco-design\/\" class=\"advgb-post-tax-term\">DECO-DESIGN<\/a>","<a href=\"https:\/\/joyana.fr\/ja\/category\/deco-design\/mobilier\/\" class=\"advgb-post-tax-term\">Mobilier<\/a>","<a href=\"https:\/\/joyana.fr\/ja\/category\/deco-design\/mobilier\/table\/\" class=\"advgb-post-tax-term\">Table<\/a>"],"unlinked":["<span class=\"advgb-post-tax-term\">Biblioth\u00e8que<\/span>","<span class=\"advgb-post-tax-term\">Biennale Internationale Design (Saint-Etienne)<\/span>","<span class=\"advgb-post-tax-term\">Chaise<\/span>","<span class=\"advgb-post-tax-term\">DECO-DESIGN<\/span>","<span class=\"advgb-post-tax-term\">Mobilier<\/span>","<span class=\"advgb-post-tax-term\">Table<\/span>"]},"tags":{"linked":["<a href=\"https:\/\/joyana.fr\/ja\/category\/deco-design\/mobilier\/table\/\" class=\"advgb-post-tax-term\">Biennale du Design de Saint-Etienne<\/a>","<a href=\"https:\/\/joyana.fr\/ja\/category\/deco-design\/mobilier\/table\/\" class=\"advgb-post-tax-term\">Claire DEBIEN<\/a>","<a href=\"https:\/\/joyana.fr\/ja\/category\/deco-design\/mobilier\/table\/\" class=\"advgb-post-tax-term\">DESIGN<\/a>"],"unlinked":["<span class=\"advgb-post-tax-term\">Biennale du Design de Saint-Etienne<\/span>","<span class=\"advgb-post-tax-term\">Claire DEBIEN<\/span>","<span class=\"advgb-post-tax-term\">DESIGN<\/span>"]}},"comment_count":1,"relative_dates":{"created":"Posted 13\u5e74 ago","modified":"Updated 13\u5e74 ago"},"absolute_dates":{"created":"Posted on 15 3\u6708 2013","modified":"Updated on 15 3\u6708 2013"},"absolute_dates_time":{"created":"Posted on 15 3\u6708 2013 13:28","modified":"Updated on 15 3\u6708 2013 13:28"},"featured_img_caption":"","series_order":"","jetpack_sharing_enabled":true,"jetpack_shortlink":"https:\/\/wp.me\/p9bteI-tkC","jetpack-related-posts":[],"_links":{"self":[{"href":"https:\/\/joyana.fr\/ja\/wp-json\/wp\/v2\/posts\/112754","targetHints":{"allow":["GET"]}}],"collection":[{"href":"https:\/\/joyana.fr\/ja\/wp-json\/wp\/v2\/posts"}],"about":[{"href":"https:\/\/joyana.fr\/ja\/wp-json\/wp\/v2\/types\/post"}],"author":[{"embeddable":true,"href":"https:\/\/joyana.fr\/ja\/wp-json\/wp\/v2\/users\/3"}],"replies":[{"embeddable":true,"href":"https:\/\/joyana.fr\/ja\/wp-json\/wp\/v2\/comments?post=112754"}],"version-history":[{"count":0,"href":"https:\/\/joyana.fr\/ja\/wp-json\/wp\/v2\/posts\/112754\/revisions"}],"wp:featuredmedia":[{"embeddable":true,"href":"https:\/\/joyana.fr\/ja\/wp-json\/wp\/v2\/media\/112758"}],"wp:attachment":[{"href":"https:\/\/joyana.fr\/ja\/wp-json\/wp\/v2\/media?parent=112754"}],"wp:term":[{"taxonomy":"category","embeddable":true,"href":"https:\/\/joyana.fr\/ja\/wp-json\/wp\/v2\/categories?post=112754"},{"taxonomy":"post_tag","embeddable":true,"href":"https:\/\/joyana.fr\/ja\/wp-json\/wp\/v2\/tags?post=112754"}],"curies":[{"name":"wp","href":"https:\/\/api.w.org\/{rel}","templated":true}]}}