{"id":112862,"date":"2013-03-26T08:34:04","date_gmt":"2013-03-26T07:34:04","guid":{"rendered":"https:\/\/joyana.fr\/?p=12862"},"modified":"2013-03-26T08:34:04","modified_gmt":"2013-03-26T07:34:04","slug":"b-line-x-karim-rashid-collection-2013","status":"publish","type":"post","link":"https:\/\/joyana.fr\/ja\/b-line-x-karim-rashid-collection-2013\/112862\/","title":{"rendered":"B-LINE x Karim RASHID &#8211; Collection 2013"},"content":{"rendered":"<p>Deux ans apr\u00e8s sa <a title=\"WOOPY BLINE KARIM RASHID\" href=\"https:\/\/joyana.fr\/woopy-par-karim-rashid-pour-b-line\/6140\/\" target=\"_blank\">premi\u00e8re collaboration avec <strong>B-Line<\/strong><\/a>, <a title=\"Karim RASHID\" href=\"https:\/\/joyana.fr\/category\/designer\/karim-rashid\/\" target=\"_blank\"><strong>Karim Rashid<\/strong><\/a> signe deux nouvelles cr\u00e9ations &#8211; <strong>OSKAR<\/strong> un <strong>miroir<\/strong> malin aux lignes organiques, et le <strong>fauteuil GEMMA<\/strong> au design anguleux &#8211; pour l&#8217;\u00e9diteur italien&#8230;<\/p>\n<p><img data-recalc-dims=\"1\" fetchpriority=\"high\" decoding=\"async\" class=\"alignnone size-large wp-image-12871\" alt=\"B-LINE x Karim RASHID - Collection 2013\" src=\"https:\/\/i0.wp.com\/joyana.fr\/wp-content\/uploads\/2013\/03\/BLINE-KARIM-RASHID-2013.jpg?resize=576%2C576&#038;ssl=1\" width=\"576\" height=\"576\" \/><\/p>\n<p><img data-recalc-dims=\"1\" decoding=\"async\" class=\"alignnone size-large wp-image-12865\" alt=\"karim-rashid-bline-GEMMA_3\" src=\"https:\/\/i0.wp.com\/joyana.fr\/wp-content\/uploads\/2013\/03\/karim-rashid-bline-GEMMA_3.jpg?resize=576%2C863&#038;ssl=1\" width=\"576\" height=\"863\" \/><\/p>\n\n<p>2013 est l&#8217;ann\u00e9e du retour de <strong>Karim Rashid<\/strong> chez <strong>B-Line<\/strong> ! Pour l&#8217;occasion deux nouvelles cr\u00e9ations : <strong>OSKAR<\/strong>, le miroir multi-fonction le plus color\u00e9, et <strong>GEMMA<\/strong> le petit fauteuil \u00e0 facettes, parfait pour utilisation int\u00e9rieure et ext\u00e9rieure. Deux produits caract\u00e9ris\u00e9s par des lignes tr\u00e8s diff\u00e9rentes, qui pourtant partagent le m\u00eame esprit et la cr\u00e9ativit\u00e9 exub\u00e9rante du designer&#8230;<\/p>\n<p><img data-recalc-dims=\"1\" decoding=\"async\" class=\"alignnone size-large wp-image-12868\" alt=\"karim-rashid-bline-OSKAR_2\" src=\"https:\/\/i0.wp.com\/joyana.fr\/wp-content\/uploads\/2013\/03\/karim-rashid-bline-OSKAR_2.jpg?resize=576%2C890&#038;ssl=1\" width=\"576\" height=\"890\" \/><\/p>\n\n<p style=\"text-align: center;\">En savoir + sur <a href=\"http:\/\/www.b-line.it\/\" target=\"_blank\"><strong>B-LINE<\/strong><\/a> &#038; <a title=\"Karim Rashid\" href=\"http:\/\/www.karimrashid.com\/\" target=\"_blank\"><strong>Karim RASHID<\/strong><\/a><\/p>\n","protected":false},"excerpt":{"rendered":"<p>Deux ans apr\u00e8s sa premi\u00e8re collaboration avec B-Line, Karim Rashid signe deux nouvelles cr\u00e9ations &#8211; OSKA [&hellip;]<\/p>\n","protected":false},"author":3,"featured_media":112871,"comment_status":"open","ping_status":"open","sticky":false,"template":"","format":"standard","meta":{"_coblocks_attr":"","_coblocks_dimensions":"","_coblocks_responsive_height":"","_coblocks_accordion_ie_support":"","_uag_custom_page_level_css":"","advgb_blocks_editor_width":"","advgb_blocks_columns_visual_guide":"","_genesis_hide_title":false,"_genesis_hide_breadcrumbs":false,"_genesis_hide_singular_image":false,"_genesis_hide_footer_widgets":false,"_genesis_custom_body_class":"","_genesis_custom_post_class":"","_genesis_layout":"","_themeisle_gutenberg_block_has_review":false,"_jetpack_newsletter_access":"","_jetpack_dont_email_post_to_subs":false,"_jetpack_newsletter_tier_id":0,"_jetpack_memberships_contains_paywalled_content":false,"_jetpack_memberships_contains_paid_content":false,"footnotes":""},"categories":[1052,905,950,926,1001],"tags":[1308,78,992,44,1265],"class_list":{"0":"post-112862","1":"post","2":"type-post","3":"status-publish","4":"format-standard","5":"has-post-thumbnail","7":"category-b-line","8":"category-deco-design","9":"category-fauteuil","10":"category-karim-rashid","11":"category-miroir","12":"tag-b-line-2","13":"tag-design","14":"tag-fauteuil-design","15":"tag-karim-rashid","16":"tag-miroir-design","17":"entry"},"featured_image_urls":{"full":["https:\/\/i0.wp.com\/joyana.fr\/wp-content\/uploads\/2013\/03\/BLINE-KARIM-RASHID-2013.jpg?fit=650%2C650&ssl=1",650,650,false],"thumbnail":["https:\/\/i0.wp.com\/joyana.fr\/wp-content\/uploads\/2013\/03\/BLINE-KARIM-RASHID-2013.jpg?resize=150%2C150&ssl=1",150,150,true],"medium":["https:\/\/i0.wp.com\/joyana.fr\/wp-content\/uploads\/2013\/03\/BLINE-KARIM-RASHID-2013.jpg?fit=389%2C389&ssl=1",389,389,true],"medium_large":["https:\/\/i0.wp.com\/joyana.fr\/wp-content\/uploads\/2013\/03\/BLINE-KARIM-RASHID-2013.jpg?fit=650%2C650&ssl=1",650,650,true],"large":["https:\/\/i0.wp.com\/joyana.fr\/wp-content\/uploads\/2013\/03\/BLINE-KARIM-RASHID-2013.jpg?fit=650%2C650&ssl=1",650,650,true],"1536x1536":["https:\/\/i0.wp.com\/joyana.fr\/wp-content\/uploads\/2013\/03\/BLINE-KARIM-RASHID-2013.jpg?fit=650%2C650&ssl=1",650,650,true],"2048x2048":["https:\/\/i0.wp.com\/joyana.fr\/wp-content\/uploads\/2013\/03\/BLINE-KARIM-RASHID-2013.jpg?fit=650%2C650&ssl=1",650,650,true],"featured-thumb":["https:\/\/i0.wp.com\/joyana.fr\/wp-content\/uploads\/2013\/03\/BLINE-KARIM-RASHID-2013.jpg?resize=650%2C650&ssl=1",650,650,true],"ab-block-post-grid-landscape":["https:\/\/i0.wp.com\/joyana.fr\/wp-content\/uploads\/2013\/03\/BLINE-KARIM-RASHID-2013.jpg?resize=600%2C400&ssl=1",600,400,true],"ab-block-post-grid-square":["https:\/\/i0.wp.com\/joyana.fr\/wp-content\/uploads\/2013\/03\/BLINE-KARIM-RASHID-2013.jpg?resize=600%2C600&ssl=1",600,600,true],"author-pro-image":["https:\/\/i0.wp.com\/joyana.fr\/wp-content\/uploads\/2013\/03\/BLINE-KARIM-RASHID-2013.jpg?resize=360%2C570&ssl=1",360,570,true],"slider":["https:\/\/i0.wp.com\/joyana.fr\/wp-content\/uploads\/2013\/03\/BLINE-KARIM-RASHID-2013.jpg?resize=650%2C400&ssl=1",650,400,true],"woocommerce_thumbnail":["https:\/\/i0.wp.com\/joyana.fr\/wp-content\/uploads\/2013\/03\/BLINE-KARIM-RASHID-2013.jpg?resize=450%2C450&ssl=1",450,450,true],"woocommerce_single":["https:\/\/i0.wp.com\/joyana.fr\/wp-content\/uploads\/2013\/03\/BLINE-KARIM-RASHID-2013.jpg?fit=650%2C650&ssl=1",650,650,true],"woocommerce_gallery_thumbnail":["https:\/\/i0.wp.com\/joyana.fr\/wp-content\/uploads\/2013\/03\/BLINE-KARIM-RASHID-2013.jpg?resize=180%2C180&ssl=1",180,180,true],"sow-carousel-default":["https:\/\/i0.wp.com\/joyana.fr\/wp-content\/uploads\/2013\/03\/BLINE-KARIM-RASHID-2013.jpg?resize=272%2C182&ssl=1",272,182,true]},"post_excerpt_stackable":"<p>Deux ans apr\u00e8s sa premi\u00e8re collaboration avec B-Line, Karim Rashid signe deux nouvelles cr\u00e9ations &#038;#&hellip;<\/p>\n","category_list":"<a href=\"https:\/\/joyana.fr\/ja\/category\/marques\/b-line\/\" rel=\"category tag\">B-Line<\/a>, <a href=\"https:\/\/joyana.fr\/ja\/category\/deco-design\/\" rel=\"category tag\">DECO-DESIGN<\/a>, <a href=\"https:\/\/joyana.fr\/ja\/category\/deco-design\/mobilier\/assise\/fauteuil\/\" rel=\"category tag\">Fauteuil<\/a>, <a href=\"https:\/\/joyana.fr\/ja\/category\/deco-design\/designer\/karim-rashid\/\" rel=\"category tag\">Karim RASHID<\/a>, <a href=\"https:\/\/joyana.fr\/ja\/category\/deco-design\/decoration\/accessoires\/miroir\/\" rel=\"category tag\">Miroir<\/a>","author_info":{"display_name":"Jo Yana","author_link":"https:\/\/joyana.fr\/ja\/author\/joyana\/"},"comments_num":"0 comments","featured_image_urls_v2":{"full":["https:\/\/i0.wp.com\/joyana.fr\/wp-content\/uploads\/2013\/03\/BLINE-KARIM-RASHID-2013.jpg?fit=650%2C650&ssl=1",650,650,false],"thumbnail":["https:\/\/i0.wp.com\/joyana.fr\/wp-content\/uploads\/2013\/03\/BLINE-KARIM-RASHID-2013.jpg?resize=150%2C150&ssl=1",150,150,true],"medium":["https:\/\/i0.wp.com\/joyana.fr\/wp-content\/uploads\/2013\/03\/BLINE-KARIM-RASHID-2013.jpg?fit=389%2C389&ssl=1",389,389,true],"medium_large":["https:\/\/i0.wp.com\/joyana.fr\/wp-content\/uploads\/2013\/03\/BLINE-KARIM-RASHID-2013.jpg?fit=650%2C650&ssl=1",650,650,true],"large":["https:\/\/i0.wp.com\/joyana.fr\/wp-content\/uploads\/2013\/03\/BLINE-KARIM-RASHID-2013.jpg?fit=650%2C650&ssl=1",650,650,true],"1536x1536":["https:\/\/i0.wp.com\/joyana.fr\/wp-content\/uploads\/2013\/03\/BLINE-KARIM-RASHID-2013.jpg?fit=650%2C650&ssl=1",650,650,true],"2048x2048":["https:\/\/i0.wp.com\/joyana.fr\/wp-content\/uploads\/2013\/03\/BLINE-KARIM-RASHID-2013.jpg?fit=650%2C650&ssl=1",650,650,true],"featured-thumb":["https:\/\/i0.wp.com\/joyana.fr\/wp-content\/uploads\/2013\/03\/BLINE-KARIM-RASHID-2013.jpg?resize=650%2C650&ssl=1",650,650,true],"ab-block-post-grid-landscape":["https:\/\/i0.wp.com\/joyana.fr\/wp-content\/uploads\/2013\/03\/BLINE-KARIM-RASHID-2013.jpg?resize=600%2C400&ssl=1",600,400,true],"ab-block-post-grid-square":["https:\/\/i0.wp.com\/joyana.fr\/wp-content\/uploads\/2013\/03\/BLINE-KARIM-RASHID-2013.jpg?resize=600%2C600&ssl=1",600,600,true],"author-pro-image":["https:\/\/i0.wp.com\/joyana.fr\/wp-content\/uploads\/2013\/03\/BLINE-KARIM-RASHID-2013.jpg?resize=360%2C570&ssl=1",360,570,true],"slider":["https:\/\/i0.wp.com\/joyana.fr\/wp-content\/uploads\/2013\/03\/BLINE-KARIM-RASHID-2013.jpg?resize=650%2C400&ssl=1",650,400,true],"woocommerce_thumbnail":["https:\/\/i0.wp.com\/joyana.fr\/wp-content\/uploads\/2013\/03\/BLINE-KARIM-RASHID-2013.jpg?resize=450%2C450&ssl=1",450,450,true],"woocommerce_single":["https:\/\/i0.wp.com\/joyana.fr\/wp-content\/uploads\/2013\/03\/BLINE-KARIM-RASHID-2013.jpg?fit=650%2C650&ssl=1",650,650,true],"woocommerce_gallery_thumbnail":["https:\/\/i0.wp.com\/joyana.fr\/wp-content\/uploads\/2013\/03\/BLINE-KARIM-RASHID-2013.jpg?resize=180%2C180&ssl=1",180,180,true],"sow-carousel-default":["https:\/\/i0.wp.com\/joyana.fr\/wp-content\/uploads\/2013\/03\/BLINE-KARIM-RASHID-2013.jpg?resize=272%2C182&ssl=1",272,182,true]},"post_excerpt_stackable_v2":"<p>Deux ans apr\u00e8s sa premi\u00e8re collaboration avec B-Line, Karim Rashid signe deux nouvelles cr\u00e9ations &#038;#&hellip;<\/p>\n","category_list_v2":"<a href=\"https:\/\/joyana.fr\/ja\/category\/marques\/b-line\/\" rel=\"category tag\">B-Line<\/a>, <a href=\"https:\/\/joyana.fr\/ja\/category\/deco-design\/\" rel=\"category tag\">DECO-DESIGN<\/a>, <a href=\"https:\/\/joyana.fr\/ja\/category\/deco-design\/mobilier\/assise\/fauteuil\/\" rel=\"category tag\">Fauteuil<\/a>, <a href=\"https:\/\/joyana.fr\/ja\/category\/deco-design\/designer\/karim-rashid\/\" rel=\"category tag\">Karim RASHID<\/a>, <a href=\"https:\/\/joyana.fr\/ja\/category\/deco-design\/decoration\/accessoires\/miroir\/\" rel=\"category tag\">Miroir<\/a>","author_info_v2":{"name":"Jo Yana","url":"https:\/\/joyana.fr\/ja\/author\/joyana\/"},"comments_num_v2":"0 comments","yoast_head":"<!-- This site is optimized with the Yoast SEO plugin v26.8 - https:\/\/yoast.com\/product\/yoast-seo-wordpress\/ -->\n<title>B-LINE x Karim RASHID - Collection 2013 - JO YANA<\/title>\n<meta name=\"robots\" content=\"index, follow, max-snippet:-1, max-image-preview:large, max-video-preview:-1\" \/>\n<link rel=\"canonical\" href=\"https:\/\/joyana.fr\/ja\/b-line-x-karim-rashid-collection-2013\/112862\/\" \/>\n<meta property=\"og:locale\" content=\"ja_JP\" \/>\n<meta property=\"og:locale:alternate\" content=\"fr_FR\" \/>\n<meta property=\"og:locale:alternate\" content=\"en_US\" \/>\n<meta property=\"og:type\" content=\"article\" \/>\n<meta property=\"og:title\" content=\"B-LINE x Karim RASHID - Collection 2013 - JO YANA\" \/>\n<meta property=\"og:description\" content=\"Deux ans apr\u00e8s sa premi\u00e8re collaboration avec B-Line, Karim Rashid signe deux nouvelles cr\u00e9ations &#8211; OSKA [&hellip;]\" \/>\n<meta property=\"og:url\" content=\"https:\/\/joyana.fr\/ja\/b-line-x-karim-rashid-collection-2013\/112862\/\" \/>\n<meta property=\"og:site_name\" content=\"JO YANA\" \/>\n<meta property=\"article:published_time\" content=\"2013-03-26T07:34:04+00:00\" \/>\n<meta property=\"og:image\" content=\"https:\/\/joyana.fr\/wp-content\/uploads\/2013\/03\/BLINE-KARIM-RASHID-2013.jpg\" \/>\n\t<meta property=\"og:image:width\" content=\"650\" \/>\n\t<meta property=\"og:image:height\" content=\"650\" \/>\n\t<meta property=\"og:image:type\" content=\"image\/jpeg\" \/>\n<meta name=\"author\" content=\"Jo Yana\" \/>\n<meta name=\"twitter:card\" content=\"summary_large_image\" \/>\n<meta name=\"twitter:creator\" content=\"@Jo_Yana\" \/>\n<meta name=\"twitter:site\" content=\"@Jo_Yana\" \/>\n<meta name=\"twitter:label1\" content=\"\u57f7\u7b46\u8005\" \/>\n\t<meta name=\"twitter:data1\" content=\"Jo Yana\" \/>\n\t<meta name=\"twitter:label2\" content=\"\u63a8\u5b9a\u8aad\u307f\u53d6\u308a\u6642\u9593\" \/>\n\t<meta name=\"twitter:data2\" content=\"1\u5206\" \/>\n<script type=\"application\/ld+json\" class=\"yoast-schema-graph\">{\"@context\":\"https:\/\/schema.org\",\"@graph\":[{\"@type\":\"Article\",\"@id\":\"https:\/\/joyana.fr\/ja\/b-line-x-karim-rashid-collection-2013\/112862\/#article\",\"isPartOf\":{\"@id\":\"https:\/\/joyana.fr\/ja\/b-line-x-karim-rashid-collection-2013\/112862\/\"},\"author\":{\"name\":\"Jo Yana\",\"@id\":\"https:\/\/www.joyana.fr\/ja\/#\/schema\/person\/cf2a1ad12a27c12c21801075bf37407c\"},\"headline\":\"B-LINE x Karim RASHID &#8211; Collection 2013\",\"datePublished\":\"2013-03-26T07:34:04+00:00\",\"mainEntityOfPage\":{\"@id\":\"https:\/\/joyana.fr\/ja\/b-line-x-karim-rashid-collection-2013\/112862\/\"},\"wordCount\":119,\"commentCount\":0,\"publisher\":{\"@id\":\"https:\/\/www.joyana.fr\/ja\/#\/schema\/person\/cf2a1ad12a27c12c21801075bf37407c\"},\"image\":{\"@id\":\"https:\/\/joyana.fr\/ja\/b-line-x-karim-rashid-collection-2013\/112862\/#primaryimage\"},\"thumbnailUrl\":\"https:\/\/i0.wp.com\/joyana.fr\/wp-content\/uploads\/2013\/03\/BLINE-KARIM-RASHID-2013.jpg?fit=650%2C650&ssl=1\",\"keywords\":[\"B-LINE\",\"DESIGN\",\"Fauteuil design\",\"Karim RASHID\",\"Miroir design\"],\"articleSection\":[\"B-Line\",\"DECO-DESIGN\",\"Fauteuil\",\"Karim RASHID\",\"Miroir\"],\"inLanguage\":\"ja\",\"potentialAction\":[{\"@type\":\"CommentAction\",\"name\":\"Comment\",\"target\":[\"https:\/\/joyana.fr\/ja\/b-line-x-karim-rashid-collection-2013\/112862\/#respond\"]}]},{\"@type\":\"WebPage\",\"@id\":\"https:\/\/joyana.fr\/ja\/b-line-x-karim-rashid-collection-2013\/112862\/\",\"url\":\"https:\/\/joyana.fr\/ja\/b-line-x-karim-rashid-collection-2013\/112862\/\",\"name\":\"B-LINE x Karim RASHID - Collection 2013 - JO YANA\",\"isPartOf\":{\"@id\":\"https:\/\/www.joyana.fr\/ja\/#website\"},\"primaryImageOfPage\":{\"@id\":\"https:\/\/joyana.fr\/ja\/b-line-x-karim-rashid-collection-2013\/112862\/#primaryimage\"},\"image\":{\"@id\":\"https:\/\/joyana.fr\/ja\/b-line-x-karim-rashid-collection-2013\/112862\/#primaryimage\"},\"thumbnailUrl\":\"https:\/\/i0.wp.com\/joyana.fr\/wp-content\/uploads\/2013\/03\/BLINE-KARIM-RASHID-2013.jpg?fit=650%2C650&ssl=1\",\"datePublished\":\"2013-03-26T07:34:04+00:00\",\"breadcrumb\":{\"@id\":\"https:\/\/joyana.fr\/ja\/b-line-x-karim-rashid-collection-2013\/112862\/#breadcrumb\"},\"inLanguage\":\"ja\",\"potentialAction\":[{\"@type\":\"ReadAction\",\"target\":[\"https:\/\/joyana.fr\/ja\/b-line-x-karim-rashid-collection-2013\/112862\/\"]}]},{\"@type\":\"ImageObject\",\"inLanguage\":\"ja\",\"@id\":\"https:\/\/joyana.fr\/ja\/b-line-x-karim-rashid-collection-2013\/112862\/#primaryimage\",\"url\":\"https:\/\/i0.wp.com\/joyana.fr\/wp-content\/uploads\/2013\/03\/BLINE-KARIM-RASHID-2013.jpg?fit=650%2C650&ssl=1\",\"contentUrl\":\"https:\/\/i0.wp.com\/joyana.fr\/wp-content\/uploads\/2013\/03\/BLINE-KARIM-RASHID-2013.jpg?fit=650%2C650&ssl=1\",\"width\":650,\"height\":650},{\"@type\":\"BreadcrumbList\",\"@id\":\"https:\/\/joyana.fr\/ja\/b-line-x-karim-rashid-collection-2013\/112862\/#breadcrumb\",\"itemListElement\":[{\"@type\":\"ListItem\",\"position\":1,\"name\":\"Accueil\",\"item\":\"https:\/\/www.joyana.fr\/ja\/\"},{\"@type\":\"ListItem\",\"position\":2,\"name\":\"B-LINE x Karim RASHID &#8211; Collection 2013\"}]},{\"@type\":\"WebSite\",\"@id\":\"https:\/\/www.joyana.fr\/ja\/#website\",\"url\":\"https:\/\/www.joyana.fr\/ja\/\",\"name\":\"JO YANA\",\"description\":\"Blog Mode Homme, Lifestyle, D\u00e9co-Design\",\"publisher\":{\"@id\":\"https:\/\/www.joyana.fr\/ja\/#\/schema\/person\/cf2a1ad12a27c12c21801075bf37407c\"},\"potentialAction\":[{\"@type\":\"SearchAction\",\"target\":{\"@type\":\"EntryPoint\",\"urlTemplate\":\"https:\/\/www.joyana.fr\/ja\/?s={search_term_string}\"},\"query-input\":{\"@type\":\"PropertyValueSpecification\",\"valueRequired\":true,\"valueName\":\"search_term_string\"}}],\"inLanguage\":\"ja\"},{\"@type\":[\"Person\",\"Organization\"],\"@id\":\"https:\/\/www.joyana.fr\/ja\/#\/schema\/person\/cf2a1ad12a27c12c21801075bf37407c\",\"name\":\"Jo Yana\",\"image\":{\"@type\":\"ImageObject\",\"inLanguage\":\"ja\",\"@id\":\"https:\/\/www.joyana.fr\/ja\/#\/schema\/person\/image\/\",\"url\":\"https:\/\/i0.wp.com\/joyana.fr\/wp-content\/uploads\/2016\/08\/cropped-joyana-logo-black-360x180.png?fit=343%2C164&ssl=1\",\"contentUrl\":\"https:\/\/i0.wp.com\/joyana.fr\/wp-content\/uploads\/2016\/08\/cropped-joyana-logo-black-360x180.png?fit=343%2C164&ssl=1\",\"width\":343,\"height\":164,\"caption\":\"Jo Yana\"},\"logo\":{\"@id\":\"https:\/\/www.joyana.fr\/ja\/#\/schema\/person\/image\/\"},\"description\":\"Jo Yana est le cr\u00e9ateur et r\u00e9dacteur en chef des sites DECO-DESIGN. Passionn\u00e9 de Design, Mode, Photo, Luxe, Lifestyle, Musique, mais avant tout Blogueur ! Le plaisir de partager l'anime et a comme devise \\\"POUR L'AMOUR DU BEAU\\\". Retrouvez le aussi sur son blog personnel - https:\/\/joyana.fr...\",\"sameAs\":[\"https:\/\/joyana.fr\/\"],\"url\":\"https:\/\/joyana.fr\/ja\/author\/joyana\/\"}]}<\/script>\n<!-- \/ Yoast SEO plugin. -->","yoast_head_json":{"title":"B-LINE x Karim RASHID - Collection 2013 - JO YANA","robots":{"index":"index","follow":"follow","max-snippet":"max-snippet:-1","max-image-preview":"max-image-preview:large","max-video-preview":"max-video-preview:-1"},"canonical":"https:\/\/joyana.fr\/ja\/b-line-x-karim-rashid-collection-2013\/112862\/","og_locale":"ja_JP","og_type":"article","og_title":"B-LINE x Karim RASHID - Collection 2013 - JO YANA","og_description":"Deux ans apr\u00e8s sa premi\u00e8re collaboration avec B-Line, Karim Rashid signe deux nouvelles cr\u00e9ations &#8211; OSKA [&hellip;]","og_url":"https:\/\/joyana.fr\/ja\/b-line-x-karim-rashid-collection-2013\/112862\/","og_site_name":"JO YANA","article_published_time":"2013-03-26T07:34:04+00:00","og_image":[{"width":650,"height":650,"url":"https:\/\/joyana.fr\/wp-content\/uploads\/2013\/03\/BLINE-KARIM-RASHID-2013.jpg","type":"image\/jpeg"}],"author":"Jo Yana","twitter_card":"summary_large_image","twitter_creator":"@Jo_Yana","twitter_site":"@Jo_Yana","twitter_misc":{"\u57f7\u7b46\u8005":"Jo Yana","\u63a8\u5b9a\u8aad\u307f\u53d6\u308a\u6642\u9593":"1\u5206"},"schema":{"@context":"https:\/\/schema.org","@graph":[{"@type":"Article","@id":"https:\/\/joyana.fr\/ja\/b-line-x-karim-rashid-collection-2013\/112862\/#article","isPartOf":{"@id":"https:\/\/joyana.fr\/ja\/b-line-x-karim-rashid-collection-2013\/112862\/"},"author":{"name":"Jo Yana","@id":"https:\/\/www.joyana.fr\/ja\/#\/schema\/person\/cf2a1ad12a27c12c21801075bf37407c"},"headline":"B-LINE x Karim RASHID &#8211; Collection 2013","datePublished":"2013-03-26T07:34:04+00:00","mainEntityOfPage":{"@id":"https:\/\/joyana.fr\/ja\/b-line-x-karim-rashid-collection-2013\/112862\/"},"wordCount":119,"commentCount":0,"publisher":{"@id":"https:\/\/www.joyana.fr\/ja\/#\/schema\/person\/cf2a1ad12a27c12c21801075bf37407c"},"image":{"@id":"https:\/\/joyana.fr\/ja\/b-line-x-karim-rashid-collection-2013\/112862\/#primaryimage"},"thumbnailUrl":"https:\/\/i0.wp.com\/joyana.fr\/wp-content\/uploads\/2013\/03\/BLINE-KARIM-RASHID-2013.jpg?fit=650%2C650&ssl=1","keywords":["B-LINE","DESIGN","Fauteuil design","Karim RASHID","Miroir design"],"articleSection":["B-Line","DECO-DESIGN","Fauteuil","Karim RASHID","Miroir"],"inLanguage":"ja","potentialAction":[{"@type":"CommentAction","name":"Comment","target":["https:\/\/joyana.fr\/ja\/b-line-x-karim-rashid-collection-2013\/112862\/#respond"]}]},{"@type":"WebPage","@id":"https:\/\/joyana.fr\/ja\/b-line-x-karim-rashid-collection-2013\/112862\/","url":"https:\/\/joyana.fr\/ja\/b-line-x-karim-rashid-collection-2013\/112862\/","name":"B-LINE x Karim RASHID - Collection 2013 - JO YANA","isPartOf":{"@id":"https:\/\/www.joyana.fr\/ja\/#website"},"primaryImageOfPage":{"@id":"https:\/\/joyana.fr\/ja\/b-line-x-karim-rashid-collection-2013\/112862\/#primaryimage"},"image":{"@id":"https:\/\/joyana.fr\/ja\/b-line-x-karim-rashid-collection-2013\/112862\/#primaryimage"},"thumbnailUrl":"https:\/\/i0.wp.com\/joyana.fr\/wp-content\/uploads\/2013\/03\/BLINE-KARIM-RASHID-2013.jpg?fit=650%2C650&ssl=1","datePublished":"2013-03-26T07:34:04+00:00","breadcrumb":{"@id":"https:\/\/joyana.fr\/ja\/b-line-x-karim-rashid-collection-2013\/112862\/#breadcrumb"},"inLanguage":"ja","potentialAction":[{"@type":"ReadAction","target":["https:\/\/joyana.fr\/ja\/b-line-x-karim-rashid-collection-2013\/112862\/"]}]},{"@type":"ImageObject","inLanguage":"ja","@id":"https:\/\/joyana.fr\/ja\/b-line-x-karim-rashid-collection-2013\/112862\/#primaryimage","url":"https:\/\/i0.wp.com\/joyana.fr\/wp-content\/uploads\/2013\/03\/BLINE-KARIM-RASHID-2013.jpg?fit=650%2C650&ssl=1","contentUrl":"https:\/\/i0.wp.com\/joyana.fr\/wp-content\/uploads\/2013\/03\/BLINE-KARIM-RASHID-2013.jpg?fit=650%2C650&ssl=1","width":650,"height":650},{"@type":"BreadcrumbList","@id":"https:\/\/joyana.fr\/ja\/b-line-x-karim-rashid-collection-2013\/112862\/#breadcrumb","itemListElement":[{"@type":"ListItem","position":1,"name":"Accueil","item":"https:\/\/www.joyana.fr\/ja\/"},{"@type":"ListItem","position":2,"name":"B-LINE x Karim RASHID &#8211; Collection 2013"}]},{"@type":"WebSite","@id":"https:\/\/www.joyana.fr\/ja\/#website","url":"https:\/\/www.joyana.fr\/ja\/","name":"JO YANA","description":"Blog Mode Homme, Lifestyle, D\u00e9co-Design","publisher":{"@id":"https:\/\/www.joyana.fr\/ja\/#\/schema\/person\/cf2a1ad12a27c12c21801075bf37407c"},"potentialAction":[{"@type":"SearchAction","target":{"@type":"EntryPoint","urlTemplate":"https:\/\/www.joyana.fr\/ja\/?s={search_term_string}"},"query-input":{"@type":"PropertyValueSpecification","valueRequired":true,"valueName":"search_term_string"}}],"inLanguage":"ja"},{"@type":["Person","Organization"],"@id":"https:\/\/www.joyana.fr\/ja\/#\/schema\/person\/cf2a1ad12a27c12c21801075bf37407c","name":"Jo Yana","image":{"@type":"ImageObject","inLanguage":"ja","@id":"https:\/\/www.joyana.fr\/ja\/#\/schema\/person\/image\/","url":"https:\/\/i0.wp.com\/joyana.fr\/wp-content\/uploads\/2016\/08\/cropped-joyana-logo-black-360x180.png?fit=343%2C164&ssl=1","contentUrl":"https:\/\/i0.wp.com\/joyana.fr\/wp-content\/uploads\/2016\/08\/cropped-joyana-logo-black-360x180.png?fit=343%2C164&ssl=1","width":343,"height":164,"caption":"Jo Yana"},"logo":{"@id":"https:\/\/www.joyana.fr\/ja\/#\/schema\/person\/image\/"},"description":"Jo Yana est le cr\u00e9ateur et r\u00e9dacteur en chef des sites DECO-DESIGN. Passionn\u00e9 de Design, Mode, Photo, Luxe, Lifestyle, Musique, mais avant tout Blogueur ! Le plaisir de partager l'anime et a comme devise \"POUR L'AMOUR DU BEAU\". Retrouvez le aussi sur son blog personnel - https:\/\/joyana.fr...","sameAs":["https:\/\/joyana.fr\/"],"url":"https:\/\/joyana.fr\/ja\/author\/joyana\/"}]}},"author_meta":{"display_name":"Jo Yana","author_link":"https:\/\/joyana.fr\/ja\/author\/joyana\/"},"featured_img":"https:\/\/i0.wp.com\/joyana.fr\/wp-content\/uploads\/2013\/03\/BLINE-KARIM-RASHID-2013.jpg?fit=389%2C389&ssl=1","featured_image_src":"https:\/\/i0.wp.com\/joyana.fr\/wp-content\/uploads\/2013\/03\/BLINE-KARIM-RASHID-2013.jpg?resize=600%2C400&ssl=1","featured_image_src_square":"https:\/\/i0.wp.com\/joyana.fr\/wp-content\/uploads\/2013\/03\/BLINE-KARIM-RASHID-2013.jpg?resize=600%2C600&ssl=1","jetpack_featured_media_url":"https:\/\/i0.wp.com\/joyana.fr\/wp-content\/uploads\/2013\/03\/BLINE-KARIM-RASHID-2013.jpg?fit=650%2C650&ssl=1","uagb_featured_image_src":{"full":["https:\/\/i0.wp.com\/joyana.fr\/wp-content\/uploads\/2013\/03\/BLINE-KARIM-RASHID-2013.jpg?fit=650%2C650&ssl=1",650,650,false],"thumbnail":["https:\/\/i0.wp.com\/joyana.fr\/wp-content\/uploads\/2013\/03\/BLINE-KARIM-RASHID-2013.jpg?resize=150%2C150&ssl=1",150,150,true],"medium":["https:\/\/i0.wp.com\/joyana.fr\/wp-content\/uploads\/2013\/03\/BLINE-KARIM-RASHID-2013.jpg?fit=389%2C389&ssl=1",389,389,true],"medium_large":["https:\/\/i0.wp.com\/joyana.fr\/wp-content\/uploads\/2013\/03\/BLINE-KARIM-RASHID-2013.jpg?fit=650%2C650&ssl=1",650,650,true],"large":["https:\/\/i0.wp.com\/joyana.fr\/wp-content\/uploads\/2013\/03\/BLINE-KARIM-RASHID-2013.jpg?fit=650%2C650&ssl=1",650,650,true],"1536x1536":["https:\/\/i0.wp.com\/joyana.fr\/wp-content\/uploads\/2013\/03\/BLINE-KARIM-RASHID-2013.jpg?fit=650%2C650&ssl=1",650,650,true],"2048x2048":["https:\/\/i0.wp.com\/joyana.fr\/wp-content\/uploads\/2013\/03\/BLINE-KARIM-RASHID-2013.jpg?fit=650%2C650&ssl=1",650,650,true],"featured-thumb":["https:\/\/i0.wp.com\/joyana.fr\/wp-content\/uploads\/2013\/03\/BLINE-KARIM-RASHID-2013.jpg?resize=650%2C650&ssl=1",650,650,true],"ab-block-post-grid-landscape":["https:\/\/i0.wp.com\/joyana.fr\/wp-content\/uploads\/2013\/03\/BLINE-KARIM-RASHID-2013.jpg?resize=600%2C400&ssl=1",600,400,true],"ab-block-post-grid-square":["https:\/\/i0.wp.com\/joyana.fr\/wp-content\/uploads\/2013\/03\/BLINE-KARIM-RASHID-2013.jpg?resize=600%2C600&ssl=1",600,600,true],"author-pro-image":["https:\/\/i0.wp.com\/joyana.fr\/wp-content\/uploads\/2013\/03\/BLINE-KARIM-RASHID-2013.jpg?resize=360%2C570&ssl=1",360,570,true],"slider":["https:\/\/i0.wp.com\/joyana.fr\/wp-content\/uploads\/2013\/03\/BLINE-KARIM-RASHID-2013.jpg?resize=650%2C400&ssl=1",650,400,true],"woocommerce_thumbnail":["https:\/\/i0.wp.com\/joyana.fr\/wp-content\/uploads\/2013\/03\/BLINE-KARIM-RASHID-2013.jpg?resize=450%2C450&ssl=1",450,450,true],"woocommerce_single":["https:\/\/i0.wp.com\/joyana.fr\/wp-content\/uploads\/2013\/03\/BLINE-KARIM-RASHID-2013.jpg?fit=650%2C650&ssl=1",650,650,true],"woocommerce_gallery_thumbnail":["https:\/\/i0.wp.com\/joyana.fr\/wp-content\/uploads\/2013\/03\/BLINE-KARIM-RASHID-2013.jpg?resize=180%2C180&ssl=1",180,180,true],"sow-carousel-default":["https:\/\/i0.wp.com\/joyana.fr\/wp-content\/uploads\/2013\/03\/BLINE-KARIM-RASHID-2013.jpg?resize=272%2C182&ssl=1",272,182,true]},"uagb_author_info":{"display_name":"Jo Yana","author_link":"https:\/\/joyana.fr\/ja\/author\/joyana\/"},"uagb_comment_info":0,"uagb_excerpt":"Deux ans apr\u00e8s sa premi\u00e8re collaboration avec B-Line, K&hellip;","coauthors":[],"tax_additional":{"categories":{"linked":["<a href=\"https:\/\/joyana.fr\/ja\/category\/marques\/b-line\/\" class=\"advgb-post-tax-term\">B-Line<\/a>","<a href=\"https:\/\/joyana.fr\/ja\/category\/deco-design\/\" class=\"advgb-post-tax-term\">DECO-DESIGN<\/a>","<a href=\"https:\/\/joyana.fr\/ja\/category\/deco-design\/mobilier\/assise\/fauteuil\/\" class=\"advgb-post-tax-term\">Fauteuil<\/a>","<a href=\"https:\/\/joyana.fr\/ja\/category\/deco-design\/designer\/karim-rashid\/\" class=\"advgb-post-tax-term\">Karim RASHID<\/a>","<a href=\"https:\/\/joyana.fr\/ja\/category\/deco-design\/decoration\/accessoires\/miroir\/\" class=\"advgb-post-tax-term\">Miroir<\/a>"],"unlinked":["<span class=\"advgb-post-tax-term\">B-Line<\/span>","<span class=\"advgb-post-tax-term\">DECO-DESIGN<\/span>","<span class=\"advgb-post-tax-term\">Fauteuil<\/span>","<span class=\"advgb-post-tax-term\">Karim RASHID<\/span>","<span class=\"advgb-post-tax-term\">Miroir<\/span>"]},"tags":{"linked":["<a href=\"https:\/\/joyana.fr\/ja\/category\/deco-design\/decoration\/accessoires\/miroir\/\" class=\"advgb-post-tax-term\">B-LINE<\/a>","<a href=\"https:\/\/joyana.fr\/ja\/category\/deco-design\/decoration\/accessoires\/miroir\/\" class=\"advgb-post-tax-term\">DESIGN<\/a>","<a href=\"https:\/\/joyana.fr\/ja\/category\/deco-design\/decoration\/accessoires\/miroir\/\" class=\"advgb-post-tax-term\">Fauteuil design<\/a>","<a href=\"https:\/\/joyana.fr\/ja\/category\/deco-design\/decoration\/accessoires\/miroir\/\" class=\"advgb-post-tax-term\">Karim RASHID<\/a>","<a href=\"https:\/\/joyana.fr\/ja\/category\/deco-design\/decoration\/accessoires\/miroir\/\" class=\"advgb-post-tax-term\">Miroir design<\/a>"],"unlinked":["<span class=\"advgb-post-tax-term\">B-LINE<\/span>","<span class=\"advgb-post-tax-term\">DESIGN<\/span>","<span class=\"advgb-post-tax-term\">Fauteuil design<\/span>","<span class=\"advgb-post-tax-term\">Karim RASHID<\/span>","<span class=\"advgb-post-tax-term\">Miroir design<\/span>"]}},"comment_count":0,"relative_dates":{"created":"Posted 13\u5e74 ago","modified":"Updated 13\u5e74 ago"},"absolute_dates":{"created":"Posted on 26 3\u6708 2013","modified":"Updated on 26 3\u6708 2013"},"absolute_dates_time":{"created":"Posted on 26 3\u6708 2013 8:34","modified":"Updated on 26 3\u6708 2013 8:34"},"featured_img_caption":"","series_order":"","jetpack_sharing_enabled":true,"jetpack_shortlink":"https:\/\/wp.me\/p9bteI-tmm","jetpack-related-posts":[],"_links":{"self":[{"href":"https:\/\/joyana.fr\/ja\/wp-json\/wp\/v2\/posts\/112862","targetHints":{"allow":["GET"]}}],"collection":[{"href":"https:\/\/joyana.fr\/ja\/wp-json\/wp\/v2\/posts"}],"about":[{"href":"https:\/\/joyana.fr\/ja\/wp-json\/wp\/v2\/types\/post"}],"author":[{"embeddable":true,"href":"https:\/\/joyana.fr\/ja\/wp-json\/wp\/v2\/users\/3"}],"replies":[{"embeddable":true,"href":"https:\/\/joyana.fr\/ja\/wp-json\/wp\/v2\/comments?post=112862"}],"version-history":[{"count":0,"href":"https:\/\/joyana.fr\/ja\/wp-json\/wp\/v2\/posts\/112862\/revisions"}],"wp:featuredmedia":[{"embeddable":true,"href":"https:\/\/joyana.fr\/ja\/wp-json\/wp\/v2\/media\/112871"}],"wp:attachment":[{"href":"https:\/\/joyana.fr\/ja\/wp-json\/wp\/v2\/media?parent=112862"}],"wp:term":[{"taxonomy":"category","embeddable":true,"href":"https:\/\/joyana.fr\/ja\/wp-json\/wp\/v2\/categories?post=112862"},{"taxonomy":"post_tag","embeddable":true,"href":"https:\/\/joyana.fr\/ja\/wp-json\/wp\/v2\/tags?post=112862"}],"curies":[{"name":"wp","href":"https:\/\/api.w.org\/{rel}","templated":true}]}}