{"id":113065,"date":"2013-04-17T17:52:12","date_gmt":"2013-04-17T16:52:12","guid":{"rendered":"https:\/\/joyana.fr\/?p=13065"},"modified":"2013-04-17T17:52:12","modified_gmt":"2013-04-17T16:52:12","slug":"fauteuil-ro-fritz-hansen-jaime-hayon","status":"publish","type":"post","link":"https:\/\/joyana.fr\/ja\/fauteuil-ro-fritz-hansen-jaime-hayon\/113065\/","title":{"rendered":"Fauteuil RO par Fritz Hansen x Jaime HAYON"},"content":{"rendered":"<p><a title=\"Jaime HAYON\" href=\"https:\/\/joyana.fr\/category\/designer\/jaime-hayon\/\" target=\"_blank\"><strong>Jaime Hayon<\/strong><\/a> signe pour <strong>Fritz Hansen<\/strong>, <strong>RO<\/strong> &#8211; bien plus qu&#8217;un <strong>fauteuil<\/strong>, un tentateur d&#8217;une place et demi qui permet de se reposer, de changer de position, de s&#8217;installer avec un journal, un ordinateur&#8230;<\/p>\n<p><img data-recalc-dims=\"1\" fetchpriority=\"high\" decoding=\"async\" class=\"alignnone size-large wp-image-13067\" alt=\"Fauteuil RO par Fritz Hansen x Jaime HAYON\" src=\"https:\/\/i0.wp.com\/joyana.fr\/wp-content\/uploads\/2013\/04\/fritz-hansen-3173.jpg?resize=576%2C674&#038;ssl=1\" width=\"576\" height=\"674\" \/><\/p>\n<p>C&#8217;est en collaboration avec <strong>Republic of Fritz Hansen<\/strong> que le designer espagnol <strong>Jaime Hayon<\/strong>, a con\u00e7u le fauteuil de demain pour les besoins d\u2019aujourd&#8217;hui. Un fauteuil qui donne toute sa place \u00e0 votre vie int\u00e9rieure lorsque vous souhaitez vous reposer apr\u00e8s une journ\u00e9e bien charg\u00e9e. Le fauteuil a \u00e9t\u00e9 baptis\u00e9 RO &#8211; qui signifie tranquillit\u00e9 en danois&#8230;<\/p>\n<p><img data-recalc-dims=\"1\" decoding=\"async\" class=\"alignnone size-large wp-image-13066\" alt=\"Fauteuil RO par Fritz Hansen x Jaime HAYON\" src=\"https:\/\/i0.wp.com\/joyana.fr\/wp-content\/uploads\/2013\/04\/fritz-hansen-3171.jpg?resize=576%2C403&#038;ssl=1\" width=\"576\" height=\"403\" \/><\/p>\n<p>Le <strong>fauteuil RO<\/strong> est disponible en neuf couleurs diff\u00e9rentes&#8230; Deco-Design souligne et aime l&#8217;expression d&#8217;un contraste entre l&#8217;ext\u00e9rieur rigide et l&#8217;int\u00e9rieur chaud et doux !<\/p>\n<p><img data-recalc-dims=\"1\" decoding=\"async\" class=\"alignnone size-large wp-image-13068\" alt=\"Fauteuil RO par Fritz Hansen x Jaime HAYON\" src=\"https:\/\/i0.wp.com\/joyana.fr\/wp-content\/uploads\/2013\/04\/fritz-hansen-3174.jpg?resize=576%2C713&#038;ssl=1\" width=\"576\" height=\"713\" \/><\/p>\n<p><img data-recalc-dims=\"1\" loading=\"lazy\" decoding=\"async\" class=\"alignnone size-large wp-image-13069\" alt=\"Fauteuil RO par Fritz Hansen x Jaime HAYON\" src=\"https:\/\/i0.wp.com\/joyana.fr\/wp-content\/uploads\/2013\/04\/fritz-hansen-3176.jpg?resize=576%2C663&#038;ssl=1\" width=\"576\" height=\"663\" \/><\/p>\n<p><img data-recalc-dims=\"1\" loading=\"lazy\" decoding=\"async\" class=\"alignnone size-large wp-image-13070\" alt=\"Fauteuil RO par Fritz Hansen x Jaime HAYON\" src=\"https:\/\/i0.wp.com\/joyana.fr\/wp-content\/uploads\/2013\/04\/fritz-hansen-3178.jpg?resize=576%2C720&#038;ssl=1\" width=\"576\" height=\"720\" \/><\/p>\n<p><img data-recalc-dims=\"1\" loading=\"lazy\" decoding=\"async\" class=\"alignnone size-large wp-image-13071\" alt=\"Fauteuil RO par Fritz Hansen x Jaime HAYON\" src=\"https:\/\/i0.wp.com\/joyana.fr\/wp-content\/uploads\/2013\/04\/fritz-hansen-3179.jpg?resize=576%2C384&#038;ssl=1\" width=\"576\" height=\"384\" \/><\/p>\n<p><img data-recalc-dims=\"1\" loading=\"lazy\" decoding=\"async\" class=\"alignnone size-large wp-image-13072\" alt=\"Fauteuil RO par Fritz Hansen x Jaime HAYON\" src=\"https:\/\/i0.wp.com\/joyana.fr\/wp-content\/uploads\/2013\/04\/fritz-hansen-3181.jpg?resize=576%2C384&#038;ssl=1\" width=\"576\" height=\"384\" \/><\/p>\n<p><img data-recalc-dims=\"1\" loading=\"lazy\" decoding=\"async\" class=\"alignnone size-large wp-image-13073\" alt=\"Fauteuil RO par Fritz Hansen x Jaime HAYON\" src=\"https:\/\/i0.wp.com\/joyana.fr\/wp-content\/uploads\/2013\/04\/fritz-hansen-3185.jpg?resize=576%2C720&#038;ssl=1\" width=\"576\" height=\"720\" \/><\/p>\n<p style=\"text-align: center;\">En savoir + sur <a href=\"http:\/\/www.hayonstudio.com\" target=\"_blank\"><strong>Jaime HAYON<\/strong><\/a> &#038; <a href=\"http:\/\/www.fritzhansen.com\/en\/fritz-hansen\" target=\"_blank\"><strong>REPUBLIC OF FRITZ HANSEN<\/strong><\/a><\/p>\n","protected":false},"excerpt":{"rendered":"<p>Jaime Hayon signe pour Fritz Hansen, RO &#8211; bien plus qu&#8217;un fauteuil, un tentateur d&#8217;une place [&hellip;]<\/p>\n","protected":false},"author":3,"featured_media":113067,"comment_status":"open","ping_status":"open","sticky":false,"template":"","format":"standard","meta":{"_coblocks_attr":"","_coblocks_dimensions":"","_coblocks_responsive_height":"","_coblocks_accordion_ie_support":"","_uag_custom_page_level_css":"","advgb_blocks_editor_width":"","advgb_blocks_columns_visual_guide":"","_genesis_hide_title":false,"_genesis_hide_breadcrumbs":false,"_genesis_hide_singular_image":false,"_genesis_hide_footer_widgets":false,"_genesis_custom_body_class":"","_genesis_custom_post_class":"","_genesis_layout":"","_themeisle_gutenberg_block_has_review":false,"_jetpack_newsletter_access":"","_jetpack_dont_email_post_to_subs":false,"_jetpack_newsletter_tier_id":0,"_jetpack_memberships_contains_paywalled_content":false,"_jetpack_memberships_contains_paid_content":false,"footnotes":""},"categories":[948,905,950,967],"tags":[78,992,1333,966],"class_list":{"0":"post-113065","1":"post","2":"type-post","3":"status-publish","4":"format-standard","5":"has-post-thumbnail","7":"category-assise","8":"category-deco-design","9":"category-fauteuil","10":"category-jaime-hayon","11":"tag-design","12":"tag-fauteuil-design","13":"tag-fritz-hansen","14":"tag-jaime-hayon","15":"entry"},"featured_image_urls":{"full":["https:\/\/i0.wp.com\/joyana.fr\/wp-content\/uploads\/2013\/04\/fritz-hansen-3173.jpg?fit=650%2C761&ssl=1",650,761,false],"thumbnail":["https:\/\/i0.wp.com\/joyana.fr\/wp-content\/uploads\/2013\/04\/fritz-hansen-3173.jpg?resize=150%2C150&ssl=1",150,150,true],"medium":["https:\/\/i0.wp.com\/joyana.fr\/wp-content\/uploads\/2013\/04\/fritz-hansen-3173.jpg?fit=332%2C389&ssl=1",332,389,true],"medium_large":["https:\/\/i0.wp.com\/joyana.fr\/wp-content\/uploads\/2013\/04\/fritz-hansen-3173.jpg?fit=650%2C761&ssl=1",650,761,true],"large":["https:\/\/i0.wp.com\/joyana.fr\/wp-content\/uploads\/2013\/04\/fritz-hansen-3173.jpg?fit=650%2C761&ssl=1",650,761,true],"1536x1536":["https:\/\/i0.wp.com\/joyana.fr\/wp-content\/uploads\/2013\/04\/fritz-hansen-3173.jpg?fit=650%2C761&ssl=1",650,761,true],"2048x2048":["https:\/\/i0.wp.com\/joyana.fr\/wp-content\/uploads\/2013\/04\/fritz-hansen-3173.jpg?fit=650%2C761&ssl=1",650,761,true],"featured-thumb":["https:\/\/i0.wp.com\/joyana.fr\/wp-content\/uploads\/2013\/04\/fritz-hansen-3173.jpg?resize=650%2C750&ssl=1",650,750,true],"ab-block-post-grid-landscape":["https:\/\/i0.wp.com\/joyana.fr\/wp-content\/uploads\/2013\/04\/fritz-hansen-3173.jpg?resize=600%2C400&ssl=1",600,400,true],"ab-block-post-grid-square":["https:\/\/i0.wp.com\/joyana.fr\/wp-content\/uploads\/2013\/04\/fritz-hansen-3173.jpg?resize=600%2C600&ssl=1",600,600,true],"author-pro-image":["https:\/\/i0.wp.com\/joyana.fr\/wp-content\/uploads\/2013\/04\/fritz-hansen-3173.jpg?resize=360%2C570&ssl=1",360,570,true],"slider":["https:\/\/i0.wp.com\/joyana.fr\/wp-content\/uploads\/2013\/04\/fritz-hansen-3173.jpg?resize=650%2C400&ssl=1",650,400,true],"woocommerce_thumbnail":["https:\/\/i0.wp.com\/joyana.fr\/wp-content\/uploads\/2013\/04\/fritz-hansen-3173.jpg?resize=450%2C450&ssl=1",450,450,true],"woocommerce_single":["https:\/\/i0.wp.com\/joyana.fr\/wp-content\/uploads\/2013\/04\/fritz-hansen-3173.jpg?fit=650%2C761&ssl=1",650,761,true],"woocommerce_gallery_thumbnail":["https:\/\/i0.wp.com\/joyana.fr\/wp-content\/uploads\/2013\/04\/fritz-hansen-3173.jpg?resize=180%2C180&ssl=1",180,180,true],"sow-carousel-default":["https:\/\/i0.wp.com\/joyana.fr\/wp-content\/uploads\/2013\/04\/fritz-hansen-3173.jpg?resize=272%2C182&ssl=1",272,182,true]},"post_excerpt_stackable":"<p>Jaime Hayon signe pour Fritz Hansen, RO &#8211; bien plus qu&#8217;un fauteuil, un tentateur d&#038;#8217&hellip;<\/p>\n","category_list":"<a href=\"https:\/\/joyana.fr\/ja\/category\/deco-design\/mobilier\/assise\/\" rel=\"category tag\">Assise<\/a>, <a href=\"https:\/\/joyana.fr\/ja\/category\/deco-design\/\" rel=\"category tag\">DECO-DESIGN<\/a>, <a href=\"https:\/\/joyana.fr\/ja\/category\/deco-design\/mobilier\/assise\/fauteuil\/\" rel=\"category tag\">Fauteuil<\/a>, <a href=\"https:\/\/joyana.fr\/ja\/category\/deco-design\/designer\/jaime-hayon\/\" rel=\"category tag\">Jaime HAYON<\/a>","author_info":{"display_name":"Jo Yana","author_link":"https:\/\/joyana.fr\/ja\/author\/joyana\/"},"comments_num":"6 comments","featured_image_urls_v2":{"full":["https:\/\/i0.wp.com\/joyana.fr\/wp-content\/uploads\/2013\/04\/fritz-hansen-3173.jpg?fit=650%2C761&ssl=1",650,761,false],"thumbnail":["https:\/\/i0.wp.com\/joyana.fr\/wp-content\/uploads\/2013\/04\/fritz-hansen-3173.jpg?resize=150%2C150&ssl=1",150,150,true],"medium":["https:\/\/i0.wp.com\/joyana.fr\/wp-content\/uploads\/2013\/04\/fritz-hansen-3173.jpg?fit=332%2C389&ssl=1",332,389,true],"medium_large":["https:\/\/i0.wp.com\/joyana.fr\/wp-content\/uploads\/2013\/04\/fritz-hansen-3173.jpg?fit=650%2C761&ssl=1",650,761,true],"large":["https:\/\/i0.wp.com\/joyana.fr\/wp-content\/uploads\/2013\/04\/fritz-hansen-3173.jpg?fit=650%2C761&ssl=1",650,761,true],"1536x1536":["https:\/\/i0.wp.com\/joyana.fr\/wp-content\/uploads\/2013\/04\/fritz-hansen-3173.jpg?fit=650%2C761&ssl=1",650,761,true],"2048x2048":["https:\/\/i0.wp.com\/joyana.fr\/wp-content\/uploads\/2013\/04\/fritz-hansen-3173.jpg?fit=650%2C761&ssl=1",650,761,true],"featured-thumb":["https:\/\/i0.wp.com\/joyana.fr\/wp-content\/uploads\/2013\/04\/fritz-hansen-3173.jpg?resize=650%2C750&ssl=1",650,750,true],"ab-block-post-grid-landscape":["https:\/\/i0.wp.com\/joyana.fr\/wp-content\/uploads\/2013\/04\/fritz-hansen-3173.jpg?resize=600%2C400&ssl=1",600,400,true],"ab-block-post-grid-square":["https:\/\/i0.wp.com\/joyana.fr\/wp-content\/uploads\/2013\/04\/fritz-hansen-3173.jpg?resize=600%2C600&ssl=1",600,600,true],"author-pro-image":["https:\/\/i0.wp.com\/joyana.fr\/wp-content\/uploads\/2013\/04\/fritz-hansen-3173.jpg?resize=360%2C570&ssl=1",360,570,true],"slider":["https:\/\/i0.wp.com\/joyana.fr\/wp-content\/uploads\/2013\/04\/fritz-hansen-3173.jpg?resize=650%2C400&ssl=1",650,400,true],"woocommerce_thumbnail":["https:\/\/i0.wp.com\/joyana.fr\/wp-content\/uploads\/2013\/04\/fritz-hansen-3173.jpg?resize=450%2C450&ssl=1",450,450,true],"woocommerce_single":["https:\/\/i0.wp.com\/joyana.fr\/wp-content\/uploads\/2013\/04\/fritz-hansen-3173.jpg?fit=650%2C761&ssl=1",650,761,true],"woocommerce_gallery_thumbnail":["https:\/\/i0.wp.com\/joyana.fr\/wp-content\/uploads\/2013\/04\/fritz-hansen-3173.jpg?resize=180%2C180&ssl=1",180,180,true],"sow-carousel-default":["https:\/\/i0.wp.com\/joyana.fr\/wp-content\/uploads\/2013\/04\/fritz-hansen-3173.jpg?resize=272%2C182&ssl=1",272,182,true]},"post_excerpt_stackable_v2":"<p>Jaime Hayon signe pour Fritz Hansen, RO &#8211; bien plus qu&#8217;un fauteuil, un tentateur d&#038;#8217&hellip;<\/p>\n","category_list_v2":"<a href=\"https:\/\/joyana.fr\/ja\/category\/deco-design\/mobilier\/assise\/\" rel=\"category tag\">Assise<\/a>, <a href=\"https:\/\/joyana.fr\/ja\/category\/deco-design\/\" rel=\"category tag\">DECO-DESIGN<\/a>, <a href=\"https:\/\/joyana.fr\/ja\/category\/deco-design\/mobilier\/assise\/fauteuil\/\" rel=\"category tag\">Fauteuil<\/a>, <a href=\"https:\/\/joyana.fr\/ja\/category\/deco-design\/designer\/jaime-hayon\/\" rel=\"category tag\">Jaime HAYON<\/a>","author_info_v2":{"name":"Jo Yana","url":"https:\/\/joyana.fr\/ja\/author\/joyana\/"},"comments_num_v2":"6 comments","yoast_head":"<!-- This site is optimized with the Yoast SEO plugin v26.8 - https:\/\/yoast.com\/product\/yoast-seo-wordpress\/ -->\n<title>Fauteuil RO par Fritz Hansen x Jaime HAYON - JO YANA<\/title>\n<meta name=\"robots\" content=\"index, follow, max-snippet:-1, max-image-preview:large, max-video-preview:-1\" \/>\n<link rel=\"canonical\" href=\"https:\/\/www.joyana.fr\/fauteuil-ro-fritz-hansen-jaime-hayon\/113065\/\" \/>\n<meta property=\"og:locale\" content=\"ja_JP\" \/>\n<meta property=\"og:locale:alternate\" content=\"fr_FR\" \/>\n<meta property=\"og:locale:alternate\" content=\"en_US\" \/>\n<meta property=\"og:type\" content=\"article\" \/>\n<meta property=\"og:title\" content=\"Fauteuil RO par Fritz Hansen x Jaime HAYON - JO YANA\" \/>\n<meta property=\"og:description\" content=\"Jaime Hayon signe pour Fritz Hansen, RO &#8211; bien plus qu&#8217;un fauteuil, un tentateur d&#8217;une place [&hellip;]\" \/>\n<meta property=\"og:url\" content=\"https:\/\/joyana.fr\/ja\/fauteuil-ro-fritz-hansen-jaime-hayon\/113065\/\" \/>\n<meta property=\"og:site_name\" content=\"JO YANA\" \/>\n<meta property=\"article:published_time\" content=\"2013-04-17T16:52:12+00:00\" \/>\n<meta property=\"og:image\" content=\"https:\/\/www.joyana.fr\/wp-content\/uploads\/2013\/04\/fritz-hansen-3173.jpg\" \/>\n\t<meta property=\"og:image:width\" content=\"650\" \/>\n\t<meta property=\"og:image:height\" content=\"761\" \/>\n\t<meta property=\"og:image:type\" content=\"image\/jpeg\" \/>\n<meta name=\"author\" content=\"Jo Yana\" \/>\n<meta name=\"twitter:card\" content=\"summary_large_image\" \/>\n<meta name=\"twitter:creator\" content=\"@Jo_Yana\" \/>\n<meta name=\"twitter:site\" content=\"@Jo_Yana\" \/>\n<meta name=\"twitter:label1\" content=\"\u57f7\u7b46\u8005\" \/>\n\t<meta name=\"twitter:data1\" content=\"Jo Yana\" \/>\n\t<meta name=\"twitter:label2\" content=\"\u63a8\u5b9a\u8aad\u307f\u53d6\u308a\u6642\u9593\" \/>\n\t<meta name=\"twitter:data2\" content=\"1\u5206\" \/>\n<script type=\"application\/ld+json\" class=\"yoast-schema-graph\">{\"@context\":\"https:\/\/schema.org\",\"@graph\":[{\"@type\":\"Article\",\"@id\":\"https:\/\/www.joyana.fr\/fauteuil-ro-fritz-hansen-jaime-hayon\/113065\/#article\",\"isPartOf\":{\"@id\":\"https:\/\/www.joyana.fr\/fauteuil-ro-fritz-hansen-jaime-hayon\/113065\/\"},\"author\":{\"name\":\"Jo Yana\",\"@id\":\"https:\/\/www.joyana.fr\/ja\/#\/schema\/person\/cf2a1ad12a27c12c21801075bf37407c\"},\"headline\":\"Fauteuil RO par Fritz Hansen x Jaime HAYON\",\"datePublished\":\"2013-04-17T16:52:12+00:00\",\"mainEntityOfPage\":{\"@id\":\"https:\/\/www.joyana.fr\/fauteuil-ro-fritz-hansen-jaime-hayon\/113065\/\"},\"wordCount\":149,\"commentCount\":2,\"publisher\":{\"@id\":\"https:\/\/www.joyana.fr\/ja\/#\/schema\/person\/cf2a1ad12a27c12c21801075bf37407c\"},\"image\":{\"@id\":\"https:\/\/www.joyana.fr\/fauteuil-ro-fritz-hansen-jaime-hayon\/113065\/#primaryimage\"},\"thumbnailUrl\":\"https:\/\/i0.wp.com\/joyana.fr\/wp-content\/uploads\/2013\/04\/fritz-hansen-3173.jpg?fit=650%2C761&ssl=1\",\"keywords\":[\"DESIGN\",\"Fauteuil design\",\"Fritz Hansen\",\"Jaime HAYON\"],\"articleSection\":[\"Assise\",\"DECO-DESIGN\",\"Fauteuil\",\"Jaime HAYON\"],\"inLanguage\":\"ja\",\"potentialAction\":[{\"@type\":\"CommentAction\",\"name\":\"Comment\",\"target\":[\"https:\/\/www.joyana.fr\/fauteuil-ro-fritz-hansen-jaime-hayon\/113065\/#respond\"]}]},{\"@type\":\"WebPage\",\"@id\":\"https:\/\/www.joyana.fr\/fauteuil-ro-fritz-hansen-jaime-hayon\/113065\/\",\"url\":\"https:\/\/www.joyana.fr\/fauteuil-ro-fritz-hansen-jaime-hayon\/113065\/\",\"name\":\"Fauteuil RO par Fritz Hansen x Jaime HAYON - JO YANA\",\"isPartOf\":{\"@id\":\"https:\/\/www.joyana.fr\/ja\/#website\"},\"primaryImageOfPage\":{\"@id\":\"https:\/\/www.joyana.fr\/fauteuil-ro-fritz-hansen-jaime-hayon\/113065\/#primaryimage\"},\"image\":{\"@id\":\"https:\/\/www.joyana.fr\/fauteuil-ro-fritz-hansen-jaime-hayon\/113065\/#primaryimage\"},\"thumbnailUrl\":\"https:\/\/i0.wp.com\/joyana.fr\/wp-content\/uploads\/2013\/04\/fritz-hansen-3173.jpg?fit=650%2C761&ssl=1\",\"datePublished\":\"2013-04-17T16:52:12+00:00\",\"breadcrumb\":{\"@id\":\"https:\/\/www.joyana.fr\/fauteuil-ro-fritz-hansen-jaime-hayon\/113065\/#breadcrumb\"},\"inLanguage\":\"ja\",\"potentialAction\":[{\"@type\":\"ReadAction\",\"target\":[\"https:\/\/www.joyana.fr\/fauteuil-ro-fritz-hansen-jaime-hayon\/113065\/\"]}]},{\"@type\":\"ImageObject\",\"inLanguage\":\"ja\",\"@id\":\"https:\/\/www.joyana.fr\/fauteuil-ro-fritz-hansen-jaime-hayon\/113065\/#primaryimage\",\"url\":\"https:\/\/i0.wp.com\/joyana.fr\/wp-content\/uploads\/2013\/04\/fritz-hansen-3173.jpg?fit=650%2C761&ssl=1\",\"contentUrl\":\"https:\/\/i0.wp.com\/joyana.fr\/wp-content\/uploads\/2013\/04\/fritz-hansen-3173.jpg?fit=650%2C761&ssl=1\",\"width\":650,\"height\":761},{\"@type\":\"BreadcrumbList\",\"@id\":\"https:\/\/www.joyana.fr\/fauteuil-ro-fritz-hansen-jaime-hayon\/113065\/#breadcrumb\",\"itemListElement\":[{\"@type\":\"ListItem\",\"position\":1,\"name\":\"Accueil\",\"item\":\"https:\/\/www.joyana.fr\/ja\/\"},{\"@type\":\"ListItem\",\"position\":2,\"name\":\"Fauteuil RO par Fritz Hansen x Jaime HAYON\"}]},{\"@type\":\"WebSite\",\"@id\":\"https:\/\/www.joyana.fr\/ja\/#website\",\"url\":\"https:\/\/www.joyana.fr\/ja\/\",\"name\":\"JO YANA\",\"description\":\"Blog Mode Homme, Lifestyle, D\u00e9co-Design\",\"publisher\":{\"@id\":\"https:\/\/www.joyana.fr\/ja\/#\/schema\/person\/cf2a1ad12a27c12c21801075bf37407c\"},\"potentialAction\":[{\"@type\":\"SearchAction\",\"target\":{\"@type\":\"EntryPoint\",\"urlTemplate\":\"https:\/\/www.joyana.fr\/ja\/?s={search_term_string}\"},\"query-input\":{\"@type\":\"PropertyValueSpecification\",\"valueRequired\":true,\"valueName\":\"search_term_string\"}}],\"inLanguage\":\"ja\"},{\"@type\":[\"Person\",\"Organization\"],\"@id\":\"https:\/\/www.joyana.fr\/ja\/#\/schema\/person\/cf2a1ad12a27c12c21801075bf37407c\",\"name\":\"Jo Yana\",\"image\":{\"@type\":\"ImageObject\",\"inLanguage\":\"ja\",\"@id\":\"https:\/\/www.joyana.fr\/ja\/#\/schema\/person\/image\/\",\"url\":\"https:\/\/i0.wp.com\/joyana.fr\/wp-content\/uploads\/2016\/08\/cropped-joyana-logo-black-360x180.png?fit=343%2C164&ssl=1\",\"contentUrl\":\"https:\/\/i0.wp.com\/joyana.fr\/wp-content\/uploads\/2016\/08\/cropped-joyana-logo-black-360x180.png?fit=343%2C164&ssl=1\",\"width\":343,\"height\":164,\"caption\":\"Jo Yana\"},\"logo\":{\"@id\":\"https:\/\/www.joyana.fr\/ja\/#\/schema\/person\/image\/\"},\"description\":\"Jo Yana est le cr\u00e9ateur et r\u00e9dacteur en chef des sites DECO-DESIGN. Passionn\u00e9 de Design, Mode, Photo, Luxe, Lifestyle, Musique, mais avant tout Blogueur ! Le plaisir de partager l'anime et a comme devise \\\"POUR L'AMOUR DU BEAU\\\". Retrouvez le aussi sur son blog personnel - https:\/\/joyana.fr...\",\"sameAs\":[\"https:\/\/joyana.fr\/\"],\"url\":\"https:\/\/joyana.fr\/ja\/author\/joyana\/\"}]}<\/script>\n<!-- \/ Yoast SEO plugin. -->","yoast_head_json":{"title":"Fauteuil RO par Fritz Hansen x Jaime HAYON - JO YANA","robots":{"index":"index","follow":"follow","max-snippet":"max-snippet:-1","max-image-preview":"max-image-preview:large","max-video-preview":"max-video-preview:-1"},"canonical":"https:\/\/www.joyana.fr\/fauteuil-ro-fritz-hansen-jaime-hayon\/113065\/","og_locale":"ja_JP","og_type":"article","og_title":"Fauteuil RO par Fritz Hansen x Jaime HAYON - JO YANA","og_description":"Jaime Hayon signe pour Fritz Hansen, RO &#8211; bien plus qu&#8217;un fauteuil, un tentateur d&#8217;une place [&hellip;]","og_url":"https:\/\/joyana.fr\/ja\/fauteuil-ro-fritz-hansen-jaime-hayon\/113065\/","og_site_name":"JO YANA","article_published_time":"2013-04-17T16:52:12+00:00","og_image":[{"width":650,"height":761,"url":"https:\/\/www.joyana.fr\/wp-content\/uploads\/2013\/04\/fritz-hansen-3173.jpg","type":"image\/jpeg"}],"author":"Jo Yana","twitter_card":"summary_large_image","twitter_creator":"@Jo_Yana","twitter_site":"@Jo_Yana","twitter_misc":{"\u57f7\u7b46\u8005":"Jo Yana","\u63a8\u5b9a\u8aad\u307f\u53d6\u308a\u6642\u9593":"1\u5206"},"schema":{"@context":"https:\/\/schema.org","@graph":[{"@type":"Article","@id":"https:\/\/www.joyana.fr\/fauteuil-ro-fritz-hansen-jaime-hayon\/113065\/#article","isPartOf":{"@id":"https:\/\/www.joyana.fr\/fauteuil-ro-fritz-hansen-jaime-hayon\/113065\/"},"author":{"name":"Jo Yana","@id":"https:\/\/www.joyana.fr\/ja\/#\/schema\/person\/cf2a1ad12a27c12c21801075bf37407c"},"headline":"Fauteuil RO par Fritz Hansen x Jaime HAYON","datePublished":"2013-04-17T16:52:12+00:00","mainEntityOfPage":{"@id":"https:\/\/www.joyana.fr\/fauteuil-ro-fritz-hansen-jaime-hayon\/113065\/"},"wordCount":149,"commentCount":2,"publisher":{"@id":"https:\/\/www.joyana.fr\/ja\/#\/schema\/person\/cf2a1ad12a27c12c21801075bf37407c"},"image":{"@id":"https:\/\/www.joyana.fr\/fauteuil-ro-fritz-hansen-jaime-hayon\/113065\/#primaryimage"},"thumbnailUrl":"https:\/\/i0.wp.com\/joyana.fr\/wp-content\/uploads\/2013\/04\/fritz-hansen-3173.jpg?fit=650%2C761&ssl=1","keywords":["DESIGN","Fauteuil design","Fritz Hansen","Jaime HAYON"],"articleSection":["Assise","DECO-DESIGN","Fauteuil","Jaime HAYON"],"inLanguage":"ja","potentialAction":[{"@type":"CommentAction","name":"Comment","target":["https:\/\/www.joyana.fr\/fauteuil-ro-fritz-hansen-jaime-hayon\/113065\/#respond"]}]},{"@type":"WebPage","@id":"https:\/\/www.joyana.fr\/fauteuil-ro-fritz-hansen-jaime-hayon\/113065\/","url":"https:\/\/www.joyana.fr\/fauteuil-ro-fritz-hansen-jaime-hayon\/113065\/","name":"Fauteuil RO par Fritz Hansen x Jaime HAYON - JO YANA","isPartOf":{"@id":"https:\/\/www.joyana.fr\/ja\/#website"},"primaryImageOfPage":{"@id":"https:\/\/www.joyana.fr\/fauteuil-ro-fritz-hansen-jaime-hayon\/113065\/#primaryimage"},"image":{"@id":"https:\/\/www.joyana.fr\/fauteuil-ro-fritz-hansen-jaime-hayon\/113065\/#primaryimage"},"thumbnailUrl":"https:\/\/i0.wp.com\/joyana.fr\/wp-content\/uploads\/2013\/04\/fritz-hansen-3173.jpg?fit=650%2C761&ssl=1","datePublished":"2013-04-17T16:52:12+00:00","breadcrumb":{"@id":"https:\/\/www.joyana.fr\/fauteuil-ro-fritz-hansen-jaime-hayon\/113065\/#breadcrumb"},"inLanguage":"ja","potentialAction":[{"@type":"ReadAction","target":["https:\/\/www.joyana.fr\/fauteuil-ro-fritz-hansen-jaime-hayon\/113065\/"]}]},{"@type":"ImageObject","inLanguage":"ja","@id":"https:\/\/www.joyana.fr\/fauteuil-ro-fritz-hansen-jaime-hayon\/113065\/#primaryimage","url":"https:\/\/i0.wp.com\/joyana.fr\/wp-content\/uploads\/2013\/04\/fritz-hansen-3173.jpg?fit=650%2C761&ssl=1","contentUrl":"https:\/\/i0.wp.com\/joyana.fr\/wp-content\/uploads\/2013\/04\/fritz-hansen-3173.jpg?fit=650%2C761&ssl=1","width":650,"height":761},{"@type":"BreadcrumbList","@id":"https:\/\/www.joyana.fr\/fauteuil-ro-fritz-hansen-jaime-hayon\/113065\/#breadcrumb","itemListElement":[{"@type":"ListItem","position":1,"name":"Accueil","item":"https:\/\/www.joyana.fr\/ja\/"},{"@type":"ListItem","position":2,"name":"Fauteuil RO par Fritz Hansen x Jaime HAYON"}]},{"@type":"WebSite","@id":"https:\/\/www.joyana.fr\/ja\/#website","url":"https:\/\/www.joyana.fr\/ja\/","name":"JO YANA","description":"Blog Mode Homme, Lifestyle, D\u00e9co-Design","publisher":{"@id":"https:\/\/www.joyana.fr\/ja\/#\/schema\/person\/cf2a1ad12a27c12c21801075bf37407c"},"potentialAction":[{"@type":"SearchAction","target":{"@type":"EntryPoint","urlTemplate":"https:\/\/www.joyana.fr\/ja\/?s={search_term_string}"},"query-input":{"@type":"PropertyValueSpecification","valueRequired":true,"valueName":"search_term_string"}}],"inLanguage":"ja"},{"@type":["Person","Organization"],"@id":"https:\/\/www.joyana.fr\/ja\/#\/schema\/person\/cf2a1ad12a27c12c21801075bf37407c","name":"Jo Yana","image":{"@type":"ImageObject","inLanguage":"ja","@id":"https:\/\/www.joyana.fr\/ja\/#\/schema\/person\/image\/","url":"https:\/\/i0.wp.com\/joyana.fr\/wp-content\/uploads\/2016\/08\/cropped-joyana-logo-black-360x180.png?fit=343%2C164&ssl=1","contentUrl":"https:\/\/i0.wp.com\/joyana.fr\/wp-content\/uploads\/2016\/08\/cropped-joyana-logo-black-360x180.png?fit=343%2C164&ssl=1","width":343,"height":164,"caption":"Jo Yana"},"logo":{"@id":"https:\/\/www.joyana.fr\/ja\/#\/schema\/person\/image\/"},"description":"Jo Yana est le cr\u00e9ateur et r\u00e9dacteur en chef des sites DECO-DESIGN. Passionn\u00e9 de Design, Mode, Photo, Luxe, Lifestyle, Musique, mais avant tout Blogueur ! Le plaisir de partager l'anime et a comme devise \"POUR L'AMOUR DU BEAU\". Retrouvez le aussi sur son blog personnel - https:\/\/joyana.fr...","sameAs":["https:\/\/joyana.fr\/"],"url":"https:\/\/joyana.fr\/ja\/author\/joyana\/"}]}},"author_meta":{"display_name":"Jo Yana","author_link":"https:\/\/joyana.fr\/ja\/author\/joyana\/"},"featured_img":"https:\/\/i0.wp.com\/joyana.fr\/wp-content\/uploads\/2013\/04\/fritz-hansen-3173.jpg?fit=332%2C389&ssl=1","featured_image_src":"https:\/\/i0.wp.com\/joyana.fr\/wp-content\/uploads\/2013\/04\/fritz-hansen-3173.jpg?resize=600%2C400&ssl=1","featured_image_src_square":"https:\/\/i0.wp.com\/joyana.fr\/wp-content\/uploads\/2013\/04\/fritz-hansen-3173.jpg?resize=600%2C600&ssl=1","jetpack_featured_media_url":"https:\/\/i0.wp.com\/joyana.fr\/wp-content\/uploads\/2013\/04\/fritz-hansen-3173.jpg?fit=650%2C761&ssl=1","uagb_featured_image_src":{"full":["https:\/\/i0.wp.com\/joyana.fr\/wp-content\/uploads\/2013\/04\/fritz-hansen-3173.jpg?fit=650%2C761&ssl=1",650,761,false],"thumbnail":["https:\/\/i0.wp.com\/joyana.fr\/wp-content\/uploads\/2013\/04\/fritz-hansen-3173.jpg?resize=150%2C150&ssl=1",150,150,true],"medium":["https:\/\/i0.wp.com\/joyana.fr\/wp-content\/uploads\/2013\/04\/fritz-hansen-3173.jpg?fit=332%2C389&ssl=1",332,389,true],"medium_large":["https:\/\/i0.wp.com\/joyana.fr\/wp-content\/uploads\/2013\/04\/fritz-hansen-3173.jpg?fit=650%2C761&ssl=1",650,761,true],"large":["https:\/\/i0.wp.com\/joyana.fr\/wp-content\/uploads\/2013\/04\/fritz-hansen-3173.jpg?fit=650%2C761&ssl=1",650,761,true],"1536x1536":["https:\/\/i0.wp.com\/joyana.fr\/wp-content\/uploads\/2013\/04\/fritz-hansen-3173.jpg?fit=650%2C761&ssl=1",650,761,true],"2048x2048":["https:\/\/i0.wp.com\/joyana.fr\/wp-content\/uploads\/2013\/04\/fritz-hansen-3173.jpg?fit=650%2C761&ssl=1",650,761,true],"featured-thumb":["https:\/\/i0.wp.com\/joyana.fr\/wp-content\/uploads\/2013\/04\/fritz-hansen-3173.jpg?resize=650%2C750&ssl=1",650,750,true],"ab-block-post-grid-landscape":["https:\/\/i0.wp.com\/joyana.fr\/wp-content\/uploads\/2013\/04\/fritz-hansen-3173.jpg?resize=600%2C400&ssl=1",600,400,true],"ab-block-post-grid-square":["https:\/\/i0.wp.com\/joyana.fr\/wp-content\/uploads\/2013\/04\/fritz-hansen-3173.jpg?resize=600%2C600&ssl=1",600,600,true],"author-pro-image":["https:\/\/i0.wp.com\/joyana.fr\/wp-content\/uploads\/2013\/04\/fritz-hansen-3173.jpg?resize=360%2C570&ssl=1",360,570,true],"slider":["https:\/\/i0.wp.com\/joyana.fr\/wp-content\/uploads\/2013\/04\/fritz-hansen-3173.jpg?resize=650%2C400&ssl=1",650,400,true],"woocommerce_thumbnail":["https:\/\/i0.wp.com\/joyana.fr\/wp-content\/uploads\/2013\/04\/fritz-hansen-3173.jpg?resize=450%2C450&ssl=1",450,450,true],"woocommerce_single":["https:\/\/i0.wp.com\/joyana.fr\/wp-content\/uploads\/2013\/04\/fritz-hansen-3173.jpg?fit=650%2C761&ssl=1",650,761,true],"woocommerce_gallery_thumbnail":["https:\/\/i0.wp.com\/joyana.fr\/wp-content\/uploads\/2013\/04\/fritz-hansen-3173.jpg?resize=180%2C180&ssl=1",180,180,true],"sow-carousel-default":["https:\/\/i0.wp.com\/joyana.fr\/wp-content\/uploads\/2013\/04\/fritz-hansen-3173.jpg?resize=272%2C182&ssl=1",272,182,true]},"uagb_author_info":{"display_name":"Jo Yana","author_link":"https:\/\/joyana.fr\/ja\/author\/joyana\/"},"uagb_comment_info":17,"uagb_excerpt":"Jaime Hayon signe pour Fritz Hansen, RO &#8211; bien pl&hellip;","coauthors":[],"tax_additional":{"categories":{"linked":["<a href=\"https:\/\/joyana.fr\/ja\/category\/deco-design\/mobilier\/assise\/\" class=\"advgb-post-tax-term\">Assise<\/a>","<a href=\"https:\/\/joyana.fr\/ja\/category\/deco-design\/\" class=\"advgb-post-tax-term\">DECO-DESIGN<\/a>","<a href=\"https:\/\/joyana.fr\/ja\/category\/deco-design\/mobilier\/assise\/fauteuil\/\" class=\"advgb-post-tax-term\">Fauteuil<\/a>","<a href=\"https:\/\/joyana.fr\/ja\/category\/deco-design\/designer\/jaime-hayon\/\" class=\"advgb-post-tax-term\">Jaime HAYON<\/a>"],"unlinked":["<span class=\"advgb-post-tax-term\">Assise<\/span>","<span class=\"advgb-post-tax-term\">DECO-DESIGN<\/span>","<span class=\"advgb-post-tax-term\">Fauteuil<\/span>","<span class=\"advgb-post-tax-term\">Jaime HAYON<\/span>"]},"tags":{"linked":["<a href=\"https:\/\/joyana.fr\/ja\/category\/deco-design\/designer\/jaime-hayon\/\" class=\"advgb-post-tax-term\">DESIGN<\/a>","<a href=\"https:\/\/joyana.fr\/ja\/category\/deco-design\/designer\/jaime-hayon\/\" class=\"advgb-post-tax-term\">Fauteuil design<\/a>","<a href=\"https:\/\/joyana.fr\/ja\/category\/deco-design\/designer\/jaime-hayon\/\" class=\"advgb-post-tax-term\">Fritz Hansen<\/a>","<a href=\"https:\/\/joyana.fr\/ja\/category\/deco-design\/designer\/jaime-hayon\/\" class=\"advgb-post-tax-term\">Jaime HAYON<\/a>"],"unlinked":["<span class=\"advgb-post-tax-term\">DESIGN<\/span>","<span class=\"advgb-post-tax-term\">Fauteuil design<\/span>","<span class=\"advgb-post-tax-term\">Fritz Hansen<\/span>","<span class=\"advgb-post-tax-term\">Jaime HAYON<\/span>"]}},"comment_count":6,"relative_dates":{"created":"Posted 13\u5e74 ago","modified":"Updated 13\u5e74 ago"},"absolute_dates":{"created":"Posted on 17 4\u6708 2013","modified":"Updated on 17 4\u6708 2013"},"absolute_dates_time":{"created":"Posted on 17 4\u6708 2013 17:52","modified":"Updated on 17 4\u6708 2013 17:52"},"featured_img_caption":"","series_order":"","jetpack_sharing_enabled":true,"jetpack_shortlink":"https:\/\/wp.me\/p9bteI-tpD","jetpack-related-posts":[],"_links":{"self":[{"href":"https:\/\/joyana.fr\/ja\/wp-json\/wp\/v2\/posts\/113065","targetHints":{"allow":["GET"]}}],"collection":[{"href":"https:\/\/joyana.fr\/ja\/wp-json\/wp\/v2\/posts"}],"about":[{"href":"https:\/\/joyana.fr\/ja\/wp-json\/wp\/v2\/types\/post"}],"author":[{"embeddable":true,"href":"https:\/\/joyana.fr\/ja\/wp-json\/wp\/v2\/users\/3"}],"replies":[{"embeddable":true,"href":"https:\/\/joyana.fr\/ja\/wp-json\/wp\/v2\/comments?post=113065"}],"version-history":[{"count":0,"href":"https:\/\/joyana.fr\/ja\/wp-json\/wp\/v2\/posts\/113065\/revisions"}],"wp:featuredmedia":[{"embeddable":true,"href":"https:\/\/joyana.fr\/ja\/wp-json\/wp\/v2\/media\/113067"}],"wp:attachment":[{"href":"https:\/\/joyana.fr\/ja\/wp-json\/wp\/v2\/media?parent=113065"}],"wp:term":[{"taxonomy":"category","embeddable":true,"href":"https:\/\/joyana.fr\/ja\/wp-json\/wp\/v2\/categories?post=113065"},{"taxonomy":"post_tag","embeddable":true,"href":"https:\/\/joyana.fr\/ja\/wp-json\/wp\/v2\/tags?post=113065"}],"curies":[{"name":"wp","href":"https:\/\/api.w.org\/{rel}","templated":true}]}}