{"id":113216,"date":"2013-05-10T15:41:13","date_gmt":"2013-05-10T14:41:13","guid":{"rendered":"https:\/\/joyana.fr\/?p=13216"},"modified":"2013-05-10T15:41:13","modified_gmt":"2013-05-10T14:41:13","slug":"installation-sensai-archizero-franchi-umberto-marmi","status":"publish","type":"post","link":"https:\/\/joyana.fr\/ja\/installation-sensai-archizero-franchi-umberto-marmi\/113216\/","title":{"rendered":"Installation SENSAI par Archizero x Franchi Umberto Marmi"},"content":{"rendered":"<p>Lors du dernier <strong>salon de Milan<\/strong>, le studio <strong>Archizero<\/strong> pr\u00e9sentait l&#8217;<strong>installation SENSAI<\/strong> &#8211; r\u00e9alis\u00e9e avec du marbre <strong>Franchi Umberto Marmi<\/strong>&#8230;<\/p>\n<p><img data-recalc-dims=\"1\" fetchpriority=\"high\" decoding=\"async\" class=\"alignnone size-large wp-image-13222\" alt=\"Installation SenSai Design Archizero x Franchi Umberto Marmi\" src=\"https:\/\/i0.wp.com\/joyana.fr\/wp-content\/uploads\/2013\/05\/franchiumbertomarmi-presenta-SenSai_immagine_20130508123803.jpg?resize=576%2C678&#038;ssl=1\" width=\"576\" height=\"678\" \/><\/p>\n<p>L&#8217;installation <strong>SENSAI<\/strong> est sign\u00e9 par le studio <strong>Archizero<\/strong> &#8211; leurs concepts hybride sont une partie int\u00e9grante de leur pratique architecturale, ils s&#8217;expriment \u00e0 travers un langage multi-niveau qui embrasse l&#8217;Orient et l&#8217;Occident, l&#8217;art et le design, \u00e0 la poursuite d&#8217;un \u00e9quilibre entre ce qui est construit et le paysage environnant.<\/p>\n<p><strong>Archizero<\/strong> \u00e9tablit une relation de coexistence entre la l\u00e9g\u00e8ret\u00e9 et la masse: le marbre est utilis\u00e9 presque brut, \u00e0 la recherche de <strong><em>&#8220;Sensai&#8221;<\/em><\/strong> &#8211; un canon japonais de la beaut\u00e9 qui met l&#8217;accent sur la force intrins\u00e8que des mat\u00e9riaux, bas\u00e9e sur la relation naturelle entre les lignes et les avions, vides et des pleins, des int\u00e9rieurs et des ext\u00e9rieurs. Le but de ce travail est d&#8217;ins\u00e9rer les \u00eatres humains dans ce subtil \u00e9quilibre, les accueillir et de rendre leur habitat plus agr\u00e9able&#8230;<\/p>\n<p><img data-recalc-dims=\"1\" decoding=\"async\" class=\"alignnone size-large wp-image-13217\" alt=\"Installation SenSai Design Archizero x Franchi Umberto Marmi\" src=\"https:\/\/i0.wp.com\/joyana.fr\/wp-content\/uploads\/2013\/05\/franchiumbertomarmi-presenta-SenSai_immagine_20130507152642.jpg?resize=576%2C423&#038;ssl=1\" width=\"576\" height=\"423\" \/><\/p>\n<p><img data-recalc-dims=\"1\" decoding=\"async\" class=\"alignnone size-large wp-image-13218\" alt=\"Installation SenSai Design Archizero x Franchi Umberto Marmi\" src=\"https:\/\/i0.wp.com\/joyana.fr\/wp-content\/uploads\/2013\/05\/franchiumbertomarmi-presenta-SenSai_immagine_20130507153324.jpg?resize=576%2C463&#038;ssl=1\" width=\"576\" height=\"463\" \/><\/p>\n<p><img data-recalc-dims=\"1\" loading=\"lazy\" decoding=\"async\" class=\"alignnone size-large wp-image-13219\" alt=\"Installation SenSai Design Archizero x Franchi Umberto Marmi\" src=\"https:\/\/i0.wp.com\/joyana.fr\/wp-content\/uploads\/2013\/05\/franchiumbertomarmi-presenta-SenSai_immagine_20130507153606.jpg?resize=576%2C371&#038;ssl=1\" width=\"576\" height=\"371\" \/><\/p>\n<p><img data-recalc-dims=\"1\" loading=\"lazy\" decoding=\"async\" class=\"alignnone size-large wp-image-13220\" alt=\"Installation SenSai Design Archizero x Franchi Umberto Marmi\" src=\"https:\/\/i0.wp.com\/joyana.fr\/wp-content\/uploads\/2013\/05\/franchiumbertomarmi-presenta-SenSai_immagine_20130508122828.jpg?resize=576%2C768&#038;ssl=1\" width=\"576\" height=\"768\" \/><\/p>\n<p><img data-recalc-dims=\"1\" loading=\"lazy\" decoding=\"async\" class=\"alignnone size-large wp-image-13221\" alt=\"Installation SenSai Design Archizero x Franchi Umberto Marmi\" src=\"https:\/\/i0.wp.com\/joyana.fr\/wp-content\/uploads\/2013\/05\/franchiumbertomarmi-presenta-SenSai_immagine_20130508123033.jpg?resize=576%2C729&#038;ssl=1\" width=\"576\" height=\"729\" \/><\/p>\n<p><iframe src=\"http:\/\/www.youtube.com\/embed\/voL_TZLYilo?rel=0\" height=\"324\" width=\"576\" allowfullscreen=\"\" frameborder=\"0\"><\/iframe><\/p>\n<p style=\"text-align: center;\">En savoir + sur <a href=\"http:\/\/www.archizero.com\/\" target=\"_blank\"><strong>ARCHIZERO<\/strong><\/a> &#038; <a href=\"http:\/\/www.franchigroup.it\/eng\/index.php\" target=\"_blank\"><strong>FRANCHI UMBERTO MARMI<\/strong><\/a><\/p>\n","protected":false},"excerpt":{"rendered":"<p>Lors du dernier salon de Milan, le studio Archizero pr\u00e9sentait l&#8217;installation SENSAI &#8211; r\u00e9alis\u00e9e av [&hellip;]<\/p>\n","protected":false},"author":3,"featured_media":113221,"comment_status":"open","ping_status":"open","sticky":false,"template":"","format":"standard","meta":{"_coblocks_attr":"","_coblocks_dimensions":"","_coblocks_responsive_height":"","_coblocks_accordion_ie_support":"","_uag_custom_page_level_css":"","advgb_blocks_editor_width":"","advgb_blocks_columns_visual_guide":"","_genesis_hide_title":false,"_genesis_hide_breadcrumbs":false,"_genesis_hide_singular_image":false,"_genesis_hide_footer_widgets":false,"_genesis_custom_body_class":"","_genesis_custom_post_class":"","_genesis_layout":"","_themeisle_gutenberg_block_has_review":false,"_jetpack_newsletter_access":"","_jetpack_dont_email_post_to_subs":false,"_jetpack_newsletter_tier_id":0,"_jetpack_memberships_contains_paywalled_content":false,"_jetpack_memberships_contains_paid_content":false,"footnotes":""},"categories":[940,905,1037],"tags":[1354,1355,1170,609],"class_list":{"0":"post-113216","1":"post","2":"type-post","3":"status-publish","4":"format-standard","5":"has-post-thumbnail","7":"category-art-contemporain","8":"category-deco-design","9":"category-sculpture","10":"tag-archizero","11":"tag-installation","12":"tag-marbre","13":"tag-milan-2","14":"entry"},"featured_image_urls":{"full":["https:\/\/i0.wp.com\/joyana.fr\/wp-content\/uploads\/2013\/05\/franchiumbertomarmi-presenta-SenSai_immagine_20130508123033.jpg?fit=650%2C823&ssl=1",650,823,false],"thumbnail":["https:\/\/i0.wp.com\/joyana.fr\/wp-content\/uploads\/2013\/05\/franchiumbertomarmi-presenta-SenSai_immagine_20130508123033.jpg?resize=150%2C150&ssl=1",150,150,true],"medium":["https:\/\/i0.wp.com\/joyana.fr\/wp-content\/uploads\/2013\/05\/franchiumbertomarmi-presenta-SenSai_immagine_20130508123033.jpg?fit=307%2C389&ssl=1",307,389,true],"medium_large":["https:\/\/i0.wp.com\/joyana.fr\/wp-content\/uploads\/2013\/05\/franchiumbertomarmi-presenta-SenSai_immagine_20130508123033.jpg?fit=650%2C823&ssl=1",650,823,true],"large":["https:\/\/i0.wp.com\/joyana.fr\/wp-content\/uploads\/2013\/05\/franchiumbertomarmi-presenta-SenSai_immagine_20130508123033.jpg?fit=650%2C823&ssl=1",650,823,true],"1536x1536":["https:\/\/i0.wp.com\/joyana.fr\/wp-content\/uploads\/2013\/05\/franchiumbertomarmi-presenta-SenSai_immagine_20130508123033.jpg?fit=650%2C823&ssl=1",650,823,true],"2048x2048":["https:\/\/i0.wp.com\/joyana.fr\/wp-content\/uploads\/2013\/05\/franchiumbertomarmi-presenta-SenSai_immagine_20130508123033.jpg?fit=650%2C823&ssl=1",650,823,true],"featured-thumb":["https:\/\/i0.wp.com\/joyana.fr\/wp-content\/uploads\/2013\/05\/franchiumbertomarmi-presenta-SenSai_immagine_20130508123033.jpg?resize=650%2C750&ssl=1",650,750,true],"ab-block-post-grid-landscape":["https:\/\/i0.wp.com\/joyana.fr\/wp-content\/uploads\/2013\/05\/franchiumbertomarmi-presenta-SenSai_immagine_20130508123033.jpg?resize=600%2C400&ssl=1",600,400,true],"ab-block-post-grid-square":["https:\/\/i0.wp.com\/joyana.fr\/wp-content\/uploads\/2013\/05\/franchiumbertomarmi-presenta-SenSai_immagine_20130508123033.jpg?resize=600%2C600&ssl=1",600,600,true],"author-pro-image":["https:\/\/i0.wp.com\/joyana.fr\/wp-content\/uploads\/2013\/05\/franchiumbertomarmi-presenta-SenSai_immagine_20130508123033.jpg?resize=360%2C570&ssl=1",360,570,true],"slider":["https:\/\/i0.wp.com\/joyana.fr\/wp-content\/uploads\/2013\/05\/franchiumbertomarmi-presenta-SenSai_immagine_20130508123033.jpg?resize=650%2C400&ssl=1",650,400,true],"woocommerce_thumbnail":["https:\/\/i0.wp.com\/joyana.fr\/wp-content\/uploads\/2013\/05\/franchiumbertomarmi-presenta-SenSai_immagine_20130508123033.jpg?resize=450%2C450&ssl=1",450,450,true],"woocommerce_single":["https:\/\/i0.wp.com\/joyana.fr\/wp-content\/uploads\/2013\/05\/franchiumbertomarmi-presenta-SenSai_immagine_20130508123033.jpg?fit=650%2C823&ssl=1",650,823,true],"woocommerce_gallery_thumbnail":["https:\/\/i0.wp.com\/joyana.fr\/wp-content\/uploads\/2013\/05\/franchiumbertomarmi-presenta-SenSai_immagine_20130508123033.jpg?resize=180%2C180&ssl=1",180,180,true],"sow-carousel-default":["https:\/\/i0.wp.com\/joyana.fr\/wp-content\/uploads\/2013\/05\/franchiumbertomarmi-presenta-SenSai_immagine_20130508123033.jpg?resize=272%2C182&ssl=1",272,182,true]},"post_excerpt_stackable":"<p>Lors du dernier salon de Milan, le studio Archizero pr\u00e9sentait l&#8217;installation SENSAI &#8211; r&hellip;<\/p>\n","category_list":"<a href=\"https:\/\/joyana.fr\/ja\/category\/deco-design\/actualite\/art-contemporain\/\" rel=\"category tag\">Art Contemporain<\/a>, <a href=\"https:\/\/joyana.fr\/ja\/category\/deco-design\/\" rel=\"category tag\">DECO-DESIGN<\/a>, <a href=\"https:\/\/joyana.fr\/ja\/category\/deco-design\/mobilier\/sculpture\/\" rel=\"category tag\">Sculpture<\/a>","author_info":{"display_name":"Jo Yana","author_link":"https:\/\/joyana.fr\/ja\/author\/joyana\/"},"comments_num":"0 comments","featured_image_urls_v2":{"full":["https:\/\/i0.wp.com\/joyana.fr\/wp-content\/uploads\/2013\/05\/franchiumbertomarmi-presenta-SenSai_immagine_20130508123033.jpg?fit=650%2C823&ssl=1",650,823,false],"thumbnail":["https:\/\/i0.wp.com\/joyana.fr\/wp-content\/uploads\/2013\/05\/franchiumbertomarmi-presenta-SenSai_immagine_20130508123033.jpg?resize=150%2C150&ssl=1",150,150,true],"medium":["https:\/\/i0.wp.com\/joyana.fr\/wp-content\/uploads\/2013\/05\/franchiumbertomarmi-presenta-SenSai_immagine_20130508123033.jpg?fit=307%2C389&ssl=1",307,389,true],"medium_large":["https:\/\/i0.wp.com\/joyana.fr\/wp-content\/uploads\/2013\/05\/franchiumbertomarmi-presenta-SenSai_immagine_20130508123033.jpg?fit=650%2C823&ssl=1",650,823,true],"large":["https:\/\/i0.wp.com\/joyana.fr\/wp-content\/uploads\/2013\/05\/franchiumbertomarmi-presenta-SenSai_immagine_20130508123033.jpg?fit=650%2C823&ssl=1",650,823,true],"1536x1536":["https:\/\/i0.wp.com\/joyana.fr\/wp-content\/uploads\/2013\/05\/franchiumbertomarmi-presenta-SenSai_immagine_20130508123033.jpg?fit=650%2C823&ssl=1",650,823,true],"2048x2048":["https:\/\/i0.wp.com\/joyana.fr\/wp-content\/uploads\/2013\/05\/franchiumbertomarmi-presenta-SenSai_immagine_20130508123033.jpg?fit=650%2C823&ssl=1",650,823,true],"featured-thumb":["https:\/\/i0.wp.com\/joyana.fr\/wp-content\/uploads\/2013\/05\/franchiumbertomarmi-presenta-SenSai_immagine_20130508123033.jpg?resize=650%2C750&ssl=1",650,750,true],"ab-block-post-grid-landscape":["https:\/\/i0.wp.com\/joyana.fr\/wp-content\/uploads\/2013\/05\/franchiumbertomarmi-presenta-SenSai_immagine_20130508123033.jpg?resize=600%2C400&ssl=1",600,400,true],"ab-block-post-grid-square":["https:\/\/i0.wp.com\/joyana.fr\/wp-content\/uploads\/2013\/05\/franchiumbertomarmi-presenta-SenSai_immagine_20130508123033.jpg?resize=600%2C600&ssl=1",600,600,true],"author-pro-image":["https:\/\/i0.wp.com\/joyana.fr\/wp-content\/uploads\/2013\/05\/franchiumbertomarmi-presenta-SenSai_immagine_20130508123033.jpg?resize=360%2C570&ssl=1",360,570,true],"slider":["https:\/\/i0.wp.com\/joyana.fr\/wp-content\/uploads\/2013\/05\/franchiumbertomarmi-presenta-SenSai_immagine_20130508123033.jpg?resize=650%2C400&ssl=1",650,400,true],"woocommerce_thumbnail":["https:\/\/i0.wp.com\/joyana.fr\/wp-content\/uploads\/2013\/05\/franchiumbertomarmi-presenta-SenSai_immagine_20130508123033.jpg?resize=450%2C450&ssl=1",450,450,true],"woocommerce_single":["https:\/\/i0.wp.com\/joyana.fr\/wp-content\/uploads\/2013\/05\/franchiumbertomarmi-presenta-SenSai_immagine_20130508123033.jpg?fit=650%2C823&ssl=1",650,823,true],"woocommerce_gallery_thumbnail":["https:\/\/i0.wp.com\/joyana.fr\/wp-content\/uploads\/2013\/05\/franchiumbertomarmi-presenta-SenSai_immagine_20130508123033.jpg?resize=180%2C180&ssl=1",180,180,true],"sow-carousel-default":["https:\/\/i0.wp.com\/joyana.fr\/wp-content\/uploads\/2013\/05\/franchiumbertomarmi-presenta-SenSai_immagine_20130508123033.jpg?resize=272%2C182&ssl=1",272,182,true]},"post_excerpt_stackable_v2":"<p>Lors du dernier salon de Milan, le studio Archizero pr\u00e9sentait l&#8217;installation SENSAI &#8211; r&hellip;<\/p>\n","category_list_v2":"<a href=\"https:\/\/joyana.fr\/ja\/category\/deco-design\/actualite\/art-contemporain\/\" rel=\"category tag\">Art Contemporain<\/a>, <a href=\"https:\/\/joyana.fr\/ja\/category\/deco-design\/\" rel=\"category tag\">DECO-DESIGN<\/a>, <a href=\"https:\/\/joyana.fr\/ja\/category\/deco-design\/mobilier\/sculpture\/\" rel=\"category tag\">Sculpture<\/a>","author_info_v2":{"name":"Jo Yana","url":"https:\/\/joyana.fr\/ja\/author\/joyana\/"},"comments_num_v2":"0 comments","yoast_head":"<!-- This site is optimized with the Yoast SEO plugin v26.8 - https:\/\/yoast.com\/product\/yoast-seo-wordpress\/ -->\n<title>Installation SENSAI par Archizero x Franchi Umberto Marmi - JO YANA<\/title>\n<meta name=\"robots\" content=\"index, follow, max-snippet:-1, max-image-preview:large, max-video-preview:-1\" \/>\n<link rel=\"canonical\" href=\"https:\/\/www.joyana.fr\/en\/installation-sensai-archizero-franchi-umberto-marmi\/113216\/\" \/>\n<meta property=\"og:locale\" content=\"ja_JP\" \/>\n<meta property=\"og:locale:alternate\" content=\"fr_FR\" \/>\n<meta property=\"og:locale:alternate\" content=\"en_US\" \/>\n<meta property=\"og:type\" content=\"article\" \/>\n<meta property=\"og:title\" content=\"Installation SENSAI par Archizero x Franchi Umberto Marmi - JO YANA\" \/>\n<meta property=\"og:description\" content=\"Lors du dernier salon de Milan, le studio Archizero pr\u00e9sentait l&#8217;installation SENSAI &#8211; r\u00e9alis\u00e9e av [&hellip;]\" \/>\n<meta property=\"og:url\" content=\"https:\/\/joyana.fr\/ja\/installation-sensai-archizero-franchi-umberto-marmi\/113216\/\" \/>\n<meta property=\"og:site_name\" content=\"JO YANA\" \/>\n<meta property=\"article:published_time\" content=\"2013-05-10T14:41:13+00:00\" \/>\n<meta property=\"og:image\" content=\"https:\/\/www.joyana.fr\/wp-content\/uploads\/2013\/05\/franchiumbertomarmi-presenta-SenSai_immagine_20130508123033.jpg\" \/>\n\t<meta property=\"og:image:width\" content=\"650\" \/>\n\t<meta property=\"og:image:height\" content=\"823\" \/>\n\t<meta property=\"og:image:type\" content=\"image\/jpeg\" \/>\n<meta name=\"author\" content=\"Jo Yana\" \/>\n<meta name=\"twitter:card\" content=\"summary_large_image\" \/>\n<meta name=\"twitter:creator\" content=\"@Jo_Yana\" \/>\n<meta name=\"twitter:site\" content=\"@Jo_Yana\" \/>\n<meta name=\"twitter:label1\" content=\"\u57f7\u7b46\u8005\" \/>\n\t<meta name=\"twitter:data1\" content=\"Jo Yana\" \/>\n\t<meta name=\"twitter:label2\" content=\"\u63a8\u5b9a\u8aad\u307f\u53d6\u308a\u6642\u9593\" \/>\n\t<meta name=\"twitter:data2\" content=\"1\u5206\" \/>\n<script type=\"application\/ld+json\" class=\"yoast-schema-graph\">{\"@context\":\"https:\/\/schema.org\",\"@graph\":[{\"@type\":\"Article\",\"@id\":\"https:\/\/www.joyana.fr\/en\/installation-sensai-archizero-franchi-umberto-marmi\/113216\/#article\",\"isPartOf\":{\"@id\":\"https:\/\/www.joyana.fr\/en\/installation-sensai-archizero-franchi-umberto-marmi\/113216\/\"},\"author\":{\"name\":\"Jo Yana\",\"@id\":\"https:\/\/joyana.fr\/#\/schema\/person\/cf2a1ad12a27c12c21801075bf37407c\"},\"headline\":\"Installation SENSAI par Archizero x Franchi Umberto Marmi\",\"datePublished\":\"2013-05-10T14:41:13+00:00\",\"mainEntityOfPage\":{\"@id\":\"https:\/\/www.joyana.fr\/en\/installation-sensai-archizero-franchi-umberto-marmi\/113216\/\"},\"wordCount\":186,\"commentCount\":0,\"publisher\":{\"@id\":\"https:\/\/joyana.fr\/#\/schema\/person\/cf2a1ad12a27c12c21801075bf37407c\"},\"image\":{\"@id\":\"https:\/\/www.joyana.fr\/en\/installation-sensai-archizero-franchi-umberto-marmi\/113216\/#primaryimage\"},\"thumbnailUrl\":\"https:\/\/i0.wp.com\/joyana.fr\/wp-content\/uploads\/2013\/05\/franchiumbertomarmi-presenta-SenSai_immagine_20130508123033.jpg?fit=650%2C823&ssl=1\",\"keywords\":[\"Archizero\",\"Installation\",\"marbre\",\"Milan\"],\"articleSection\":[\"Art Contemporain\",\"DECO-DESIGN\",\"Sculpture\"],\"inLanguage\":\"ja\",\"potentialAction\":[{\"@type\":\"CommentAction\",\"name\":\"Comment\",\"target\":[\"https:\/\/www.joyana.fr\/en\/installation-sensai-archizero-franchi-umberto-marmi\/113216\/#respond\"]}]},{\"@type\":\"WebPage\",\"@id\":\"https:\/\/www.joyana.fr\/en\/installation-sensai-archizero-franchi-umberto-marmi\/113216\/\",\"url\":\"https:\/\/www.joyana.fr\/en\/installation-sensai-archizero-franchi-umberto-marmi\/113216\/\",\"name\":\"Installation SENSAI par Archizero x Franchi Umberto Marmi - JO YANA\",\"isPartOf\":{\"@id\":\"https:\/\/joyana.fr\/#website\"},\"primaryImageOfPage\":{\"@id\":\"https:\/\/www.joyana.fr\/en\/installation-sensai-archizero-franchi-umberto-marmi\/113216\/#primaryimage\"},\"image\":{\"@id\":\"https:\/\/www.joyana.fr\/en\/installation-sensai-archizero-franchi-umberto-marmi\/113216\/#primaryimage\"},\"thumbnailUrl\":\"https:\/\/i0.wp.com\/joyana.fr\/wp-content\/uploads\/2013\/05\/franchiumbertomarmi-presenta-SenSai_immagine_20130508123033.jpg?fit=650%2C823&ssl=1\",\"datePublished\":\"2013-05-10T14:41:13+00:00\",\"breadcrumb\":{\"@id\":\"https:\/\/www.joyana.fr\/en\/installation-sensai-archizero-franchi-umberto-marmi\/113216\/#breadcrumb\"},\"inLanguage\":\"ja\",\"potentialAction\":[{\"@type\":\"ReadAction\",\"target\":[\"https:\/\/www.joyana.fr\/en\/installation-sensai-archizero-franchi-umberto-marmi\/113216\/\"]}]},{\"@type\":\"ImageObject\",\"inLanguage\":\"ja\",\"@id\":\"https:\/\/www.joyana.fr\/en\/installation-sensai-archizero-franchi-umberto-marmi\/113216\/#primaryimage\",\"url\":\"https:\/\/i0.wp.com\/joyana.fr\/wp-content\/uploads\/2013\/05\/franchiumbertomarmi-presenta-SenSai_immagine_20130508123033.jpg?fit=650%2C823&ssl=1\",\"contentUrl\":\"https:\/\/i0.wp.com\/joyana.fr\/wp-content\/uploads\/2013\/05\/franchiumbertomarmi-presenta-SenSai_immagine_20130508123033.jpg?fit=650%2C823&ssl=1\",\"width\":650,\"height\":823},{\"@type\":\"BreadcrumbList\",\"@id\":\"https:\/\/www.joyana.fr\/en\/installation-sensai-archizero-franchi-umberto-marmi\/113216\/#breadcrumb\",\"itemListElement\":[{\"@type\":\"ListItem\",\"position\":1,\"name\":\"Accueil\",\"item\":\"https:\/\/joyana.fr\/\"},{\"@type\":\"ListItem\",\"position\":2,\"name\":\"Installation SENSAI par Archizero x Franchi Umberto Marmi\"}]},{\"@type\":\"WebSite\",\"@id\":\"https:\/\/joyana.fr\/#website\",\"url\":\"https:\/\/joyana.fr\/\",\"name\":\"JO YANA\",\"description\":\"Blog Mode Homme, Lifestyle, D\u00e9co-Design\",\"publisher\":{\"@id\":\"https:\/\/joyana.fr\/#\/schema\/person\/cf2a1ad12a27c12c21801075bf37407c\"},\"potentialAction\":[{\"@type\":\"SearchAction\",\"target\":{\"@type\":\"EntryPoint\",\"urlTemplate\":\"https:\/\/joyana.fr\/?s={search_term_string}\"},\"query-input\":{\"@type\":\"PropertyValueSpecification\",\"valueRequired\":true,\"valueName\":\"search_term_string\"}}],\"inLanguage\":\"ja\"},{\"@type\":[\"Person\",\"Organization\"],\"@id\":\"https:\/\/joyana.fr\/#\/schema\/person\/cf2a1ad12a27c12c21801075bf37407c\",\"name\":\"Jo Yana\",\"image\":{\"@type\":\"ImageObject\",\"inLanguage\":\"ja\",\"@id\":\"https:\/\/joyana.fr\/#\/schema\/person\/image\/\",\"url\":\"https:\/\/i0.wp.com\/joyana.fr\/wp-content\/uploads\/2016\/08\/cropped-joyana-logo-black-360x180.png?fit=343%2C164&ssl=1\",\"contentUrl\":\"https:\/\/i0.wp.com\/joyana.fr\/wp-content\/uploads\/2016\/08\/cropped-joyana-logo-black-360x180.png?fit=343%2C164&ssl=1\",\"width\":343,\"height\":164,\"caption\":\"Jo Yana\"},\"logo\":{\"@id\":\"https:\/\/joyana.fr\/#\/schema\/person\/image\/\"},\"description\":\"Jo Yana est le cr\u00e9ateur et r\u00e9dacteur en chef des sites DECO-DESIGN. Passionn\u00e9 de Design, Mode, Photo, Luxe, Lifestyle, Musique, mais avant tout Blogueur ! Le plaisir de partager l'anime et a comme devise \\\"POUR L'AMOUR DU BEAU\\\". Retrouvez le aussi sur son blog personnel - https:\/\/joyana.fr...\",\"sameAs\":[\"https:\/\/joyana.fr\/\"],\"url\":\"https:\/\/joyana.fr\/ja\/author\/joyana\/\"}]}<\/script>\n<!-- \/ Yoast SEO plugin. -->","yoast_head_json":{"title":"Installation SENSAI par Archizero x Franchi Umberto Marmi - JO YANA","robots":{"index":"index","follow":"follow","max-snippet":"max-snippet:-1","max-image-preview":"max-image-preview:large","max-video-preview":"max-video-preview:-1"},"canonical":"https:\/\/www.joyana.fr\/en\/installation-sensai-archizero-franchi-umberto-marmi\/113216\/","og_locale":"ja_JP","og_type":"article","og_title":"Installation SENSAI par Archizero x Franchi Umberto Marmi - JO YANA","og_description":"Lors du dernier salon de Milan, le studio Archizero pr\u00e9sentait l&#8217;installation SENSAI &#8211; r\u00e9alis\u00e9e av [&hellip;]","og_url":"https:\/\/joyana.fr\/ja\/installation-sensai-archizero-franchi-umberto-marmi\/113216\/","og_site_name":"JO YANA","article_published_time":"2013-05-10T14:41:13+00:00","og_image":[{"width":650,"height":823,"url":"https:\/\/www.joyana.fr\/wp-content\/uploads\/2013\/05\/franchiumbertomarmi-presenta-SenSai_immagine_20130508123033.jpg","type":"image\/jpeg"}],"author":"Jo Yana","twitter_card":"summary_large_image","twitter_creator":"@Jo_Yana","twitter_site":"@Jo_Yana","twitter_misc":{"\u57f7\u7b46\u8005":"Jo Yana","\u63a8\u5b9a\u8aad\u307f\u53d6\u308a\u6642\u9593":"1\u5206"},"schema":{"@context":"https:\/\/schema.org","@graph":[{"@type":"Article","@id":"https:\/\/www.joyana.fr\/en\/installation-sensai-archizero-franchi-umberto-marmi\/113216\/#article","isPartOf":{"@id":"https:\/\/www.joyana.fr\/en\/installation-sensai-archizero-franchi-umberto-marmi\/113216\/"},"author":{"name":"Jo Yana","@id":"https:\/\/joyana.fr\/#\/schema\/person\/cf2a1ad12a27c12c21801075bf37407c"},"headline":"Installation SENSAI par Archizero x Franchi Umberto Marmi","datePublished":"2013-05-10T14:41:13+00:00","mainEntityOfPage":{"@id":"https:\/\/www.joyana.fr\/en\/installation-sensai-archizero-franchi-umberto-marmi\/113216\/"},"wordCount":186,"commentCount":0,"publisher":{"@id":"https:\/\/joyana.fr\/#\/schema\/person\/cf2a1ad12a27c12c21801075bf37407c"},"image":{"@id":"https:\/\/www.joyana.fr\/en\/installation-sensai-archizero-franchi-umberto-marmi\/113216\/#primaryimage"},"thumbnailUrl":"https:\/\/i0.wp.com\/joyana.fr\/wp-content\/uploads\/2013\/05\/franchiumbertomarmi-presenta-SenSai_immagine_20130508123033.jpg?fit=650%2C823&ssl=1","keywords":["Archizero","Installation","marbre","Milan"],"articleSection":["Art Contemporain","DECO-DESIGN","Sculpture"],"inLanguage":"ja","potentialAction":[{"@type":"CommentAction","name":"Comment","target":["https:\/\/www.joyana.fr\/en\/installation-sensai-archizero-franchi-umberto-marmi\/113216\/#respond"]}]},{"@type":"WebPage","@id":"https:\/\/www.joyana.fr\/en\/installation-sensai-archizero-franchi-umberto-marmi\/113216\/","url":"https:\/\/www.joyana.fr\/en\/installation-sensai-archizero-franchi-umberto-marmi\/113216\/","name":"Installation SENSAI par Archizero x Franchi Umberto Marmi - JO YANA","isPartOf":{"@id":"https:\/\/joyana.fr\/#website"},"primaryImageOfPage":{"@id":"https:\/\/www.joyana.fr\/en\/installation-sensai-archizero-franchi-umberto-marmi\/113216\/#primaryimage"},"image":{"@id":"https:\/\/www.joyana.fr\/en\/installation-sensai-archizero-franchi-umberto-marmi\/113216\/#primaryimage"},"thumbnailUrl":"https:\/\/i0.wp.com\/joyana.fr\/wp-content\/uploads\/2013\/05\/franchiumbertomarmi-presenta-SenSai_immagine_20130508123033.jpg?fit=650%2C823&ssl=1","datePublished":"2013-05-10T14:41:13+00:00","breadcrumb":{"@id":"https:\/\/www.joyana.fr\/en\/installation-sensai-archizero-franchi-umberto-marmi\/113216\/#breadcrumb"},"inLanguage":"ja","potentialAction":[{"@type":"ReadAction","target":["https:\/\/www.joyana.fr\/en\/installation-sensai-archizero-franchi-umberto-marmi\/113216\/"]}]},{"@type":"ImageObject","inLanguage":"ja","@id":"https:\/\/www.joyana.fr\/en\/installation-sensai-archizero-franchi-umberto-marmi\/113216\/#primaryimage","url":"https:\/\/i0.wp.com\/joyana.fr\/wp-content\/uploads\/2013\/05\/franchiumbertomarmi-presenta-SenSai_immagine_20130508123033.jpg?fit=650%2C823&ssl=1","contentUrl":"https:\/\/i0.wp.com\/joyana.fr\/wp-content\/uploads\/2013\/05\/franchiumbertomarmi-presenta-SenSai_immagine_20130508123033.jpg?fit=650%2C823&ssl=1","width":650,"height":823},{"@type":"BreadcrumbList","@id":"https:\/\/www.joyana.fr\/en\/installation-sensai-archizero-franchi-umberto-marmi\/113216\/#breadcrumb","itemListElement":[{"@type":"ListItem","position":1,"name":"Accueil","item":"https:\/\/joyana.fr\/"},{"@type":"ListItem","position":2,"name":"Installation SENSAI par Archizero x Franchi Umberto Marmi"}]},{"@type":"WebSite","@id":"https:\/\/joyana.fr\/#website","url":"https:\/\/joyana.fr\/","name":"JO YANA","description":"Blog Mode Homme, Lifestyle, D\u00e9co-Design","publisher":{"@id":"https:\/\/joyana.fr\/#\/schema\/person\/cf2a1ad12a27c12c21801075bf37407c"},"potentialAction":[{"@type":"SearchAction","target":{"@type":"EntryPoint","urlTemplate":"https:\/\/joyana.fr\/?s={search_term_string}"},"query-input":{"@type":"PropertyValueSpecification","valueRequired":true,"valueName":"search_term_string"}}],"inLanguage":"ja"},{"@type":["Person","Organization"],"@id":"https:\/\/joyana.fr\/#\/schema\/person\/cf2a1ad12a27c12c21801075bf37407c","name":"Jo Yana","image":{"@type":"ImageObject","inLanguage":"ja","@id":"https:\/\/joyana.fr\/#\/schema\/person\/image\/","url":"https:\/\/i0.wp.com\/joyana.fr\/wp-content\/uploads\/2016\/08\/cropped-joyana-logo-black-360x180.png?fit=343%2C164&ssl=1","contentUrl":"https:\/\/i0.wp.com\/joyana.fr\/wp-content\/uploads\/2016\/08\/cropped-joyana-logo-black-360x180.png?fit=343%2C164&ssl=1","width":343,"height":164,"caption":"Jo Yana"},"logo":{"@id":"https:\/\/joyana.fr\/#\/schema\/person\/image\/"},"description":"Jo Yana est le cr\u00e9ateur et r\u00e9dacteur en chef des sites DECO-DESIGN. Passionn\u00e9 de Design, Mode, Photo, Luxe, Lifestyle, Musique, mais avant tout Blogueur ! Le plaisir de partager l'anime et a comme devise \"POUR L'AMOUR DU BEAU\". Retrouvez le aussi sur son blog personnel - https:\/\/joyana.fr...","sameAs":["https:\/\/joyana.fr\/"],"url":"https:\/\/joyana.fr\/ja\/author\/joyana\/"}]}},"author_meta":{"display_name":"Jo Yana","author_link":"https:\/\/joyana.fr\/ja\/author\/joyana\/"},"featured_img":"https:\/\/i0.wp.com\/joyana.fr\/wp-content\/uploads\/2013\/05\/franchiumbertomarmi-presenta-SenSai_immagine_20130508123033.jpg?fit=307%2C389&ssl=1","featured_image_src":"https:\/\/i0.wp.com\/joyana.fr\/wp-content\/uploads\/2013\/05\/franchiumbertomarmi-presenta-SenSai_immagine_20130508123033.jpg?resize=600%2C400&ssl=1","featured_image_src_square":"https:\/\/i0.wp.com\/joyana.fr\/wp-content\/uploads\/2013\/05\/franchiumbertomarmi-presenta-SenSai_immagine_20130508123033.jpg?resize=600%2C600&ssl=1","jetpack_featured_media_url":"https:\/\/i0.wp.com\/joyana.fr\/wp-content\/uploads\/2013\/05\/franchiumbertomarmi-presenta-SenSai_immagine_20130508123033.jpg?fit=650%2C823&ssl=1","uagb_featured_image_src":{"full":["https:\/\/i0.wp.com\/joyana.fr\/wp-content\/uploads\/2013\/05\/franchiumbertomarmi-presenta-SenSai_immagine_20130508123033.jpg?fit=650%2C823&ssl=1",650,823,false],"thumbnail":["https:\/\/i0.wp.com\/joyana.fr\/wp-content\/uploads\/2013\/05\/franchiumbertomarmi-presenta-SenSai_immagine_20130508123033.jpg?resize=150%2C150&ssl=1",150,150,true],"medium":["https:\/\/i0.wp.com\/joyana.fr\/wp-content\/uploads\/2013\/05\/franchiumbertomarmi-presenta-SenSai_immagine_20130508123033.jpg?fit=307%2C389&ssl=1",307,389,true],"medium_large":["https:\/\/i0.wp.com\/joyana.fr\/wp-content\/uploads\/2013\/05\/franchiumbertomarmi-presenta-SenSai_immagine_20130508123033.jpg?fit=650%2C823&ssl=1",650,823,true],"large":["https:\/\/i0.wp.com\/joyana.fr\/wp-content\/uploads\/2013\/05\/franchiumbertomarmi-presenta-SenSai_immagine_20130508123033.jpg?fit=650%2C823&ssl=1",650,823,true],"1536x1536":["https:\/\/i0.wp.com\/joyana.fr\/wp-content\/uploads\/2013\/05\/franchiumbertomarmi-presenta-SenSai_immagine_20130508123033.jpg?fit=650%2C823&ssl=1",650,823,true],"2048x2048":["https:\/\/i0.wp.com\/joyana.fr\/wp-content\/uploads\/2013\/05\/franchiumbertomarmi-presenta-SenSai_immagine_20130508123033.jpg?fit=650%2C823&ssl=1",650,823,true],"featured-thumb":["https:\/\/i0.wp.com\/joyana.fr\/wp-content\/uploads\/2013\/05\/franchiumbertomarmi-presenta-SenSai_immagine_20130508123033.jpg?resize=650%2C750&ssl=1",650,750,true],"ab-block-post-grid-landscape":["https:\/\/i0.wp.com\/joyana.fr\/wp-content\/uploads\/2013\/05\/franchiumbertomarmi-presenta-SenSai_immagine_20130508123033.jpg?resize=600%2C400&ssl=1",600,400,true],"ab-block-post-grid-square":["https:\/\/i0.wp.com\/joyana.fr\/wp-content\/uploads\/2013\/05\/franchiumbertomarmi-presenta-SenSai_immagine_20130508123033.jpg?resize=600%2C600&ssl=1",600,600,true],"author-pro-image":["https:\/\/i0.wp.com\/joyana.fr\/wp-content\/uploads\/2013\/05\/franchiumbertomarmi-presenta-SenSai_immagine_20130508123033.jpg?resize=360%2C570&ssl=1",360,570,true],"slider":["https:\/\/i0.wp.com\/joyana.fr\/wp-content\/uploads\/2013\/05\/franchiumbertomarmi-presenta-SenSai_immagine_20130508123033.jpg?resize=650%2C400&ssl=1",650,400,true],"woocommerce_thumbnail":["https:\/\/i0.wp.com\/joyana.fr\/wp-content\/uploads\/2013\/05\/franchiumbertomarmi-presenta-SenSai_immagine_20130508123033.jpg?resize=450%2C450&ssl=1",450,450,true],"woocommerce_single":["https:\/\/i0.wp.com\/joyana.fr\/wp-content\/uploads\/2013\/05\/franchiumbertomarmi-presenta-SenSai_immagine_20130508123033.jpg?fit=650%2C823&ssl=1",650,823,true],"woocommerce_gallery_thumbnail":["https:\/\/i0.wp.com\/joyana.fr\/wp-content\/uploads\/2013\/05\/franchiumbertomarmi-presenta-SenSai_immagine_20130508123033.jpg?resize=180%2C180&ssl=1",180,180,true],"sow-carousel-default":["https:\/\/i0.wp.com\/joyana.fr\/wp-content\/uploads\/2013\/05\/franchiumbertomarmi-presenta-SenSai_immagine_20130508123033.jpg?resize=272%2C182&ssl=1",272,182,true]},"uagb_author_info":{"display_name":"Jo Yana","author_link":"https:\/\/joyana.fr\/ja\/author\/joyana\/"},"uagb_comment_info":0,"uagb_excerpt":"Lors du dernier salon de Milan, le studio Archizero pr\u00e9&hellip;","coauthors":[],"tax_additional":{"categories":{"linked":["<a href=\"https:\/\/joyana.fr\/ja\/category\/deco-design\/actualite\/art-contemporain\/\" class=\"advgb-post-tax-term\">Art Contemporain<\/a>","<a href=\"https:\/\/joyana.fr\/ja\/category\/deco-design\/\" class=\"advgb-post-tax-term\">DECO-DESIGN<\/a>","<a href=\"https:\/\/joyana.fr\/ja\/category\/deco-design\/mobilier\/sculpture\/\" class=\"advgb-post-tax-term\">Sculpture<\/a>"],"unlinked":["<span class=\"advgb-post-tax-term\">Art Contemporain<\/span>","<span class=\"advgb-post-tax-term\">DECO-DESIGN<\/span>","<span class=\"advgb-post-tax-term\">Sculpture<\/span>"]},"tags":{"linked":["<a href=\"https:\/\/joyana.fr\/ja\/category\/deco-design\/mobilier\/sculpture\/\" class=\"advgb-post-tax-term\">Archizero<\/a>","<a href=\"https:\/\/joyana.fr\/ja\/category\/deco-design\/mobilier\/sculpture\/\" class=\"advgb-post-tax-term\">Installation<\/a>","<a href=\"https:\/\/joyana.fr\/ja\/category\/deco-design\/mobilier\/sculpture\/\" class=\"advgb-post-tax-term\">marbre<\/a>","<a href=\"https:\/\/joyana.fr\/ja\/category\/deco-design\/mobilier\/sculpture\/\" class=\"advgb-post-tax-term\">Milan<\/a>"],"unlinked":["<span class=\"advgb-post-tax-term\">Archizero<\/span>","<span class=\"advgb-post-tax-term\">Installation<\/span>","<span class=\"advgb-post-tax-term\">marbre<\/span>","<span class=\"advgb-post-tax-term\">Milan<\/span>"]}},"comment_count":0,"relative_dates":{"created":"Posted 13\u5e74 ago","modified":"Updated 13\u5e74 ago"},"absolute_dates":{"created":"Posted on 10 5\u6708 2013","modified":"Updated on 10 5\u6708 2013"},"absolute_dates_time":{"created":"Posted on 10 5\u6708 2013 15:41","modified":"Updated on 10 5\u6708 2013 15:41"},"featured_img_caption":"","series_order":"","jetpack_sharing_enabled":true,"jetpack_shortlink":"https:\/\/wp.me\/p9bteI-ts4","jetpack-related-posts":[],"_links":{"self":[{"href":"https:\/\/joyana.fr\/ja\/wp-json\/wp\/v2\/posts\/113216","targetHints":{"allow":["GET"]}}],"collection":[{"href":"https:\/\/joyana.fr\/ja\/wp-json\/wp\/v2\/posts"}],"about":[{"href":"https:\/\/joyana.fr\/ja\/wp-json\/wp\/v2\/types\/post"}],"author":[{"embeddable":true,"href":"https:\/\/joyana.fr\/ja\/wp-json\/wp\/v2\/users\/3"}],"replies":[{"embeddable":true,"href":"https:\/\/joyana.fr\/ja\/wp-json\/wp\/v2\/comments?post=113216"}],"version-history":[{"count":0,"href":"https:\/\/joyana.fr\/ja\/wp-json\/wp\/v2\/posts\/113216\/revisions"}],"wp:featuredmedia":[{"embeddable":true,"href":"https:\/\/joyana.fr\/ja\/wp-json\/wp\/v2\/media\/113221"}],"wp:attachment":[{"href":"https:\/\/joyana.fr\/ja\/wp-json\/wp\/v2\/media?parent=113216"}],"wp:term":[{"taxonomy":"category","embeddable":true,"href":"https:\/\/joyana.fr\/ja\/wp-json\/wp\/v2\/categories?post=113216"},{"taxonomy":"post_tag","embeddable":true,"href":"https:\/\/joyana.fr\/ja\/wp-json\/wp\/v2\/tags?post=113216"}],"curies":[{"name":"wp","href":"https:\/\/api.w.org\/{rel}","templated":true}]}}