{"id":113490,"date":"2013-06-09T08:10:21","date_gmt":"2013-06-09T07:10:21","guid":{"rendered":"https:\/\/joyana.fr\/?p=13490"},"modified":"2013-06-09T08:10:21","modified_gmt":"2013-06-09T07:10:21","slug":"ddays-2013-variation-par-franck-magne","status":"publish","type":"post","link":"https:\/\/joyana.fr\/ja\/ddays-2013-variation-par-franck-magne\/113490\/","title":{"rendered":"D&#8217;DAYS 2013 &#8211; VARIATION par Franck MAGNE"},"content":{"rendered":"<p>Coup de coeur pour ce <strong>luminaire VARIATION<\/strong> &#8211; pr\u00e9sent\u00e9 par <strong>Franck Magn\u00e9<\/strong> durant les <strong>Designer&#8217;s Days 2013<\/strong>&#8230;<\/p>\n<p><img data-recalc-dims=\"1\" fetchpriority=\"high\" decoding=\"async\" class=\"alignnone size-large wp-image-13493\" alt=\"D'DAYS 2013 - VARIATION par Franck MAGNE\" src=\"https:\/\/i0.wp.com\/joyana.fr\/wp-content\/uploads\/2013\/06\/DDAYS2013_FRANCKMAGNE_8.jpg?resize=576%2C456&#038;ssl=1\" width=\"576\" height=\"456\" \/><\/p>\n<p><strong>VARIATION<\/strong> accompagne nos usages num\u00e9riques dans l\u2019espace domestique, jusque dans les moments intimes, gr\u00e2ce \u00e7 une lumi\u00e8re \u00e9volutive qui change selon nos activit\u00e9s&#8230; La chambre, le salon sont pens\u00e9s ici comme des cocons \u00e0 l\u2019atmosph\u00e8re lumineuse immersive. La lecture, le visionnage de photos et vid\u00e9os, la navigation sur internet, l\u2019\u00e9coute de musique jusqu\u2019aux activit\u00e9s les plus intimes sont accompagn\u00e9s de lueurs adapt\u00e9es par le <strong>lampadaire VARIATION<\/strong>&#8230;<\/p>\n<p><img data-recalc-dims=\"1\" decoding=\"async\" class=\"alignnone size-large wp-image-13491\" alt=\"D'DAYS 2013 - VARIATION par Franck MAGNE\" src=\"https:\/\/i0.wp.com\/joyana.fr\/wp-content\/uploads\/2013\/06\/DDAYS2013_FRANCKMAGNE_9.jpg?resize=576%2C753&#038;ssl=1\" width=\"576\" height=\"753\" \/><\/p>\n<p><img data-recalc-dims=\"1\" decoding=\"async\" class=\"alignnone size-large wp-image-13492\" alt=\"D'DAYS 2013 - VARIATION par Franck MAGNE\" src=\"https:\/\/i0.wp.com\/joyana.fr\/wp-content\/uploads\/2013\/06\/DDAYS2013_FRANCKMAGNE_5.jpg?resize=576%2C546&#038;ssl=1\" width=\"576\" height=\"546\" \/><\/p>\n<p>L&#8217;id\u00e9e du designer <strong>Franck Magn\u00e9<\/strong> est d&#8217;interagir avec les terminaux num\u00e9riques et effectuer une synth\u00e8se des couleurs en lien avec leur activit\u00e9. Le r\u00e9sultat est de sublimes d\u00e9grad\u00e9s de couleur et des <strong>variations de lumi\u00e8re<\/strong>. Dispos\u00e9e proche d\u2019un mur ou dans un angle de la pi\u00e8ce, elle habille l\u2019espace d\u2019un halo de lumi\u00e8re indirecte. Sa structure filaire porte un \u00e9clairage \u00e0 leds RGB \u00e0 basse consommation qui permet de composer et de restituer des millions de couleurs&#8230;<\/p>\n<p><img data-recalc-dims=\"1\" loading=\"lazy\" decoding=\"async\" class=\"alignnone size-large wp-image-13494\" alt=\"D'DAYS 2013 - VARIATION par Franck MAGNE\" src=\"https:\/\/i0.wp.com\/joyana.fr\/wp-content\/uploads\/2013\/06\/DDAYS2013_FRANCKMAGNE_7.jpg?resize=576%2C421&#038;ssl=1\" width=\"576\" height=\"421\" \/><\/p>\n<p><img data-recalc-dims=\"1\" loading=\"lazy\" decoding=\"async\" class=\"alignnone size-large wp-image-13495\" alt=\"variation-accueil\" src=\"https:\/\/i0.wp.com\/joyana.fr\/wp-content\/uploads\/2013\/06\/variation-accueil.jpg?resize=576%2C282&#038;ssl=1\" width=\"576\" height=\"282\" \/><\/p>\n<p>En savoir + sur <a title=\"FRANCK MAGNE\" href=\"http:\/\/www.franckmagne.com\/presentation\"><strong>Franck MAGNE<\/strong><\/a><\/p>\n","protected":false},"excerpt":{"rendered":"<p>Coup de coeur pour ce luminaire VARIATION &#8211; pr\u00e9sent\u00e9 par Franck Magn\u00e9 durant les Designer&#8217;s Days 2 [&hellip;]<\/p>\n","protected":false},"author":3,"featured_media":113493,"comment_status":"open","ping_status":"open","sticky":false,"template":"","format":"standard","meta":{"_coblocks_attr":"","_coblocks_dimensions":"","_coblocks_responsive_height":"","_coblocks_accordion_ie_support":"","_uag_custom_page_level_css":"","advgb_blocks_editor_width":"","advgb_blocks_columns_visual_guide":"","_genesis_hide_title":false,"_genesis_hide_breadcrumbs":false,"_genesis_hide_singular_image":false,"_genesis_hide_footer_widgets":false,"_genesis_custom_body_class":"","_genesis_custom_post_class":"","_genesis_layout":"","_themeisle_gutenberg_block_has_review":false,"_jetpack_newsletter_access":"","_jetpack_dont_email_post_to_subs":false,"_jetpack_newsletter_tier_id":0,"_jetpack_memberships_contains_paywalled_content":false,"_jetpack_memberships_contains_paid_content":false,"footnotes":""},"categories":[1005,905,958,917],"tags":[1344,1374,78,1375,1387,1276,952,1152],"class_list":{"0":"post-113490","1":"post","2":"type-post","3":"status-publish","4":"format-standard","5":"has-post-thumbnail","7":"category-designers-days","8":"category-deco-design","9":"category-lampadaire","10":"category-luminaire","11":"tag-ddays","12":"tag-ddays-2013","13":"tag-design","14":"tag-designers-days-2013","15":"tag-franck-magne","16":"tag-lampadaire-design","17":"tag-led","18":"tag-luminaire","19":"entry"},"featured_image_urls":{"full":["https:\/\/i0.wp.com\/joyana.fr\/wp-content\/uploads\/2013\/06\/DDAYS2013_FRANCKMAGNE_8.jpg?fit=650%2C515&ssl=1",650,515,false],"thumbnail":["https:\/\/i0.wp.com\/joyana.fr\/wp-content\/uploads\/2013\/06\/DDAYS2013_FRANCKMAGNE_8.jpg?resize=150%2C150&ssl=1",150,150,true],"medium":["https:\/\/i0.wp.com\/joyana.fr\/wp-content\/uploads\/2013\/06\/DDAYS2013_FRANCKMAGNE_8.jpg?fit=389%2C308&ssl=1",389,308,true],"medium_large":["https:\/\/i0.wp.com\/joyana.fr\/wp-content\/uploads\/2013\/06\/DDAYS2013_FRANCKMAGNE_8.jpg?fit=650%2C515&ssl=1",650,515,true],"large":["https:\/\/i0.wp.com\/joyana.fr\/wp-content\/uploads\/2013\/06\/DDAYS2013_FRANCKMAGNE_8.jpg?fit=650%2C515&ssl=1",650,515,true],"1536x1536":["https:\/\/i0.wp.com\/joyana.fr\/wp-content\/uploads\/2013\/06\/DDAYS2013_FRANCKMAGNE_8.jpg?fit=650%2C515&ssl=1",650,515,true],"2048x2048":["https:\/\/i0.wp.com\/joyana.fr\/wp-content\/uploads\/2013\/06\/DDAYS2013_FRANCKMAGNE_8.jpg?fit=650%2C515&ssl=1",650,515,true],"featured-thumb":["https:\/\/i0.wp.com\/joyana.fr\/wp-content\/uploads\/2013\/06\/DDAYS2013_FRANCKMAGNE_8.jpg?resize=650%2C515&ssl=1",650,515,true],"ab-block-post-grid-landscape":["https:\/\/i0.wp.com\/joyana.fr\/wp-content\/uploads\/2013\/06\/DDAYS2013_FRANCKMAGNE_8.jpg?resize=600%2C400&ssl=1",600,400,true],"ab-block-post-grid-square":["https:\/\/i0.wp.com\/joyana.fr\/wp-content\/uploads\/2013\/06\/DDAYS2013_FRANCKMAGNE_8.jpg?resize=600%2C515&ssl=1",600,515,true],"author-pro-image":["https:\/\/i0.wp.com\/joyana.fr\/wp-content\/uploads\/2013\/06\/DDAYS2013_FRANCKMAGNE_8.jpg?resize=360%2C515&ssl=1",360,515,true],"slider":["https:\/\/i0.wp.com\/joyana.fr\/wp-content\/uploads\/2013\/06\/DDAYS2013_FRANCKMAGNE_8.jpg?resize=650%2C400&ssl=1",650,400,true],"woocommerce_thumbnail":["https:\/\/i0.wp.com\/joyana.fr\/wp-content\/uploads\/2013\/06\/DDAYS2013_FRANCKMAGNE_8.jpg?resize=450%2C450&ssl=1",450,450,true],"woocommerce_single":["https:\/\/i0.wp.com\/joyana.fr\/wp-content\/uploads\/2013\/06\/DDAYS2013_FRANCKMAGNE_8.jpg?fit=650%2C515&ssl=1",650,515,true],"woocommerce_gallery_thumbnail":["https:\/\/i0.wp.com\/joyana.fr\/wp-content\/uploads\/2013\/06\/DDAYS2013_FRANCKMAGNE_8.jpg?resize=180%2C180&ssl=1",180,180,true],"sow-carousel-default":["https:\/\/i0.wp.com\/joyana.fr\/wp-content\/uploads\/2013\/06\/DDAYS2013_FRANCKMAGNE_8.jpg?resize=272%2C182&ssl=1",272,182,true]},"post_excerpt_stackable":"<p>Coup de coeur pour ce luminaire VARIATION &#8211; pr\u00e9sent\u00e9 par Franck Magn\u00e9 durant les Designer&#038;#821&hellip;<\/p>\n","category_list":"<a href=\"https:\/\/joyana.fr\/ja\/category\/deco-design\/actualite\/salon\/designers-days\/\" rel=\"category tag\">D'DAYS<\/a>, <a href=\"https:\/\/joyana.fr\/ja\/category\/deco-design\/\" rel=\"category tag\">DECO-DESIGN<\/a>, <a href=\"https:\/\/joyana.fr\/ja\/category\/deco-design\/luminaire\/lampadaire\/\" rel=\"category tag\">Lampadaire<\/a>, <a href=\"https:\/\/joyana.fr\/ja\/category\/deco-design\/luminaire\/\" rel=\"category tag\">Luminaire<\/a>","author_info":{"display_name":"Jo Yana","author_link":"https:\/\/joyana.fr\/ja\/author\/joyana\/"},"comments_num":"1 comment","featured_image_urls_v2":{"full":["https:\/\/i0.wp.com\/joyana.fr\/wp-content\/uploads\/2013\/06\/DDAYS2013_FRANCKMAGNE_8.jpg?fit=650%2C515&ssl=1",650,515,false],"thumbnail":["https:\/\/i0.wp.com\/joyana.fr\/wp-content\/uploads\/2013\/06\/DDAYS2013_FRANCKMAGNE_8.jpg?resize=150%2C150&ssl=1",150,150,true],"medium":["https:\/\/i0.wp.com\/joyana.fr\/wp-content\/uploads\/2013\/06\/DDAYS2013_FRANCKMAGNE_8.jpg?fit=389%2C308&ssl=1",389,308,true],"medium_large":["https:\/\/i0.wp.com\/joyana.fr\/wp-content\/uploads\/2013\/06\/DDAYS2013_FRANCKMAGNE_8.jpg?fit=650%2C515&ssl=1",650,515,true],"large":["https:\/\/i0.wp.com\/joyana.fr\/wp-content\/uploads\/2013\/06\/DDAYS2013_FRANCKMAGNE_8.jpg?fit=650%2C515&ssl=1",650,515,true],"1536x1536":["https:\/\/i0.wp.com\/joyana.fr\/wp-content\/uploads\/2013\/06\/DDAYS2013_FRANCKMAGNE_8.jpg?fit=650%2C515&ssl=1",650,515,true],"2048x2048":["https:\/\/i0.wp.com\/joyana.fr\/wp-content\/uploads\/2013\/06\/DDAYS2013_FRANCKMAGNE_8.jpg?fit=650%2C515&ssl=1",650,515,true],"featured-thumb":["https:\/\/i0.wp.com\/joyana.fr\/wp-content\/uploads\/2013\/06\/DDAYS2013_FRANCKMAGNE_8.jpg?resize=650%2C515&ssl=1",650,515,true],"ab-block-post-grid-landscape":["https:\/\/i0.wp.com\/joyana.fr\/wp-content\/uploads\/2013\/06\/DDAYS2013_FRANCKMAGNE_8.jpg?resize=600%2C400&ssl=1",600,400,true],"ab-block-post-grid-square":["https:\/\/i0.wp.com\/joyana.fr\/wp-content\/uploads\/2013\/06\/DDAYS2013_FRANCKMAGNE_8.jpg?resize=600%2C515&ssl=1",600,515,true],"author-pro-image":["https:\/\/i0.wp.com\/joyana.fr\/wp-content\/uploads\/2013\/06\/DDAYS2013_FRANCKMAGNE_8.jpg?resize=360%2C515&ssl=1",360,515,true],"slider":["https:\/\/i0.wp.com\/joyana.fr\/wp-content\/uploads\/2013\/06\/DDAYS2013_FRANCKMAGNE_8.jpg?resize=650%2C400&ssl=1",650,400,true],"woocommerce_thumbnail":["https:\/\/i0.wp.com\/joyana.fr\/wp-content\/uploads\/2013\/06\/DDAYS2013_FRANCKMAGNE_8.jpg?resize=450%2C450&ssl=1",450,450,true],"woocommerce_single":["https:\/\/i0.wp.com\/joyana.fr\/wp-content\/uploads\/2013\/06\/DDAYS2013_FRANCKMAGNE_8.jpg?fit=650%2C515&ssl=1",650,515,true],"woocommerce_gallery_thumbnail":["https:\/\/i0.wp.com\/joyana.fr\/wp-content\/uploads\/2013\/06\/DDAYS2013_FRANCKMAGNE_8.jpg?resize=180%2C180&ssl=1",180,180,true],"sow-carousel-default":["https:\/\/i0.wp.com\/joyana.fr\/wp-content\/uploads\/2013\/06\/DDAYS2013_FRANCKMAGNE_8.jpg?resize=272%2C182&ssl=1",272,182,true]},"post_excerpt_stackable_v2":"<p>Coup de coeur pour ce luminaire VARIATION &#8211; pr\u00e9sent\u00e9 par Franck Magn\u00e9 durant les Designer&#038;#821&hellip;<\/p>\n","category_list_v2":"<a href=\"https:\/\/joyana.fr\/ja\/category\/deco-design\/actualite\/salon\/designers-days\/\" rel=\"category tag\">D'DAYS<\/a>, <a href=\"https:\/\/joyana.fr\/ja\/category\/deco-design\/\" rel=\"category tag\">DECO-DESIGN<\/a>, <a href=\"https:\/\/joyana.fr\/ja\/category\/deco-design\/luminaire\/lampadaire\/\" rel=\"category tag\">Lampadaire<\/a>, <a href=\"https:\/\/joyana.fr\/ja\/category\/deco-design\/luminaire\/\" rel=\"category tag\">Luminaire<\/a>","author_info_v2":{"name":"Jo Yana","url":"https:\/\/joyana.fr\/ja\/author\/joyana\/"},"comments_num_v2":"1 comment","yoast_head":"<!-- This site is optimized with the Yoast SEO plugin v26.8 - https:\/\/yoast.com\/product\/yoast-seo-wordpress\/ -->\n<title>D&#039;DAYS 2013 - VARIATION par Franck MAGNE - JO YANA<\/title>\n<meta name=\"robots\" content=\"index, follow, max-snippet:-1, max-image-preview:large, max-video-preview:-1\" \/>\n<link rel=\"canonical\" href=\"https:\/\/joyana.fr\/ja\/ddays-2013-variation-par-franck-magne\/113490\/\" \/>\n<meta property=\"og:locale\" content=\"ja_JP\" \/>\n<meta property=\"og:locale:alternate\" content=\"fr_FR\" \/>\n<meta property=\"og:locale:alternate\" content=\"en_US\" \/>\n<meta property=\"og:type\" content=\"article\" \/>\n<meta property=\"og:title\" content=\"D&#039;DAYS 2013 - VARIATION par Franck MAGNE - JO YANA\" \/>\n<meta property=\"og:description\" content=\"Coup de coeur pour ce luminaire VARIATION &#8211; pr\u00e9sent\u00e9 par Franck Magn\u00e9 durant les Designer&#8217;s Days 2 [&hellip;]\" \/>\n<meta property=\"og:url\" content=\"https:\/\/joyana.fr\/ja\/ddays-2013-variation-par-franck-magne\/113490\/\" \/>\n<meta property=\"og:site_name\" content=\"JO YANA\" \/>\n<meta property=\"article:published_time\" content=\"2013-06-09T07:10:21+00:00\" \/>\n<meta property=\"og:image\" content=\"https:\/\/joyana.fr\/wp-content\/uploads\/2013\/06\/DDAYS2013_FRANCKMAGNE_8.jpg\" \/>\n\t<meta property=\"og:image:width\" content=\"650\" \/>\n\t<meta property=\"og:image:height\" content=\"515\" \/>\n\t<meta property=\"og:image:type\" content=\"image\/jpeg\" \/>\n<meta name=\"author\" content=\"Jo Yana\" \/>\n<meta name=\"twitter:card\" content=\"summary_large_image\" \/>\n<meta name=\"twitter:creator\" content=\"@Jo_Yana\" \/>\n<meta name=\"twitter:site\" content=\"@Jo_Yana\" \/>\n<meta name=\"twitter:label1\" content=\"\u57f7\u7b46\u8005\" \/>\n\t<meta name=\"twitter:data1\" content=\"Jo Yana\" \/>\n\t<meta name=\"twitter:label2\" content=\"\u63a8\u5b9a\u8aad\u307f\u53d6\u308a\u6642\u9593\" \/>\n\t<meta name=\"twitter:data2\" content=\"1\u5206\" \/>\n<script type=\"application\/ld+json\" class=\"yoast-schema-graph\">{\"@context\":\"https:\/\/schema.org\",\"@graph\":[{\"@type\":\"Article\",\"@id\":\"https:\/\/joyana.fr\/ddays-2013-variation-par-franck-magne\/113490\/#article\",\"isPartOf\":{\"@id\":\"https:\/\/joyana.fr\/ddays-2013-variation-par-franck-magne\/113490\/\"},\"author\":{\"name\":\"Jo Yana\",\"@id\":\"https:\/\/www.joyana.fr\/ja\/#\/schema\/person\/cf2a1ad12a27c12c21801075bf37407c\"},\"headline\":\"D&#8217;DAYS 2013 &#8211; VARIATION par Franck MAGNE\",\"datePublished\":\"2013-06-09T07:10:21+00:00\",\"mainEntityOfPage\":{\"@id\":\"https:\/\/joyana.fr\/ddays-2013-variation-par-franck-magne\/113490\/\"},\"wordCount\":198,\"commentCount\":1,\"publisher\":{\"@id\":\"https:\/\/www.joyana.fr\/ja\/#\/schema\/person\/cf2a1ad12a27c12c21801075bf37407c\"},\"image\":{\"@id\":\"https:\/\/joyana.fr\/ddays-2013-variation-par-franck-magne\/113490\/#primaryimage\"},\"thumbnailUrl\":\"https:\/\/i0.wp.com\/joyana.fr\/wp-content\/uploads\/2013\/06\/DDAYS2013_FRANCKMAGNE_8.jpg?fit=650%2C515&ssl=1\",\"keywords\":[\"D'DAYS\",\"D'DAYS 2013\",\"DESIGN\",\"Designer's Days 2013\",\"Franck MAGNE\",\"Lampadaire design\",\"LED\",\"Luminaire\"],\"articleSection\":[\"D'DAYS\",\"DECO-DESIGN\",\"Lampadaire\",\"Luminaire\"],\"inLanguage\":\"ja\",\"potentialAction\":[{\"@type\":\"CommentAction\",\"name\":\"Comment\",\"target\":[\"https:\/\/joyana.fr\/ddays-2013-variation-par-franck-magne\/113490\/#respond\"]}]},{\"@type\":\"WebPage\",\"@id\":\"https:\/\/joyana.fr\/ddays-2013-variation-par-franck-magne\/113490\/\",\"url\":\"https:\/\/joyana.fr\/ddays-2013-variation-par-franck-magne\/113490\/\",\"name\":\"D'DAYS 2013 - VARIATION par Franck MAGNE - JO YANA\",\"isPartOf\":{\"@id\":\"https:\/\/www.joyana.fr\/ja\/#website\"},\"primaryImageOfPage\":{\"@id\":\"https:\/\/joyana.fr\/ddays-2013-variation-par-franck-magne\/113490\/#primaryimage\"},\"image\":{\"@id\":\"https:\/\/joyana.fr\/ddays-2013-variation-par-franck-magne\/113490\/#primaryimage\"},\"thumbnailUrl\":\"https:\/\/i0.wp.com\/joyana.fr\/wp-content\/uploads\/2013\/06\/DDAYS2013_FRANCKMAGNE_8.jpg?fit=650%2C515&ssl=1\",\"datePublished\":\"2013-06-09T07:10:21+00:00\",\"breadcrumb\":{\"@id\":\"https:\/\/joyana.fr\/ddays-2013-variation-par-franck-magne\/113490\/#breadcrumb\"},\"inLanguage\":\"ja\",\"potentialAction\":[{\"@type\":\"ReadAction\",\"target\":[\"https:\/\/joyana.fr\/ddays-2013-variation-par-franck-magne\/113490\/\"]}]},{\"@type\":\"ImageObject\",\"inLanguage\":\"ja\",\"@id\":\"https:\/\/joyana.fr\/ddays-2013-variation-par-franck-magne\/113490\/#primaryimage\",\"url\":\"https:\/\/i0.wp.com\/joyana.fr\/wp-content\/uploads\/2013\/06\/DDAYS2013_FRANCKMAGNE_8.jpg?fit=650%2C515&ssl=1\",\"contentUrl\":\"https:\/\/i0.wp.com\/joyana.fr\/wp-content\/uploads\/2013\/06\/DDAYS2013_FRANCKMAGNE_8.jpg?fit=650%2C515&ssl=1\",\"width\":650,\"height\":515},{\"@type\":\"BreadcrumbList\",\"@id\":\"https:\/\/joyana.fr\/ddays-2013-variation-par-franck-magne\/113490\/#breadcrumb\",\"itemListElement\":[{\"@type\":\"ListItem\",\"position\":1,\"name\":\"Accueil\",\"item\":\"https:\/\/www.joyana.fr\/ja\/\"},{\"@type\":\"ListItem\",\"position\":2,\"name\":\"D&rsquo;DAYS 2013 &#8211; VARIATION par Franck MAGNE\"}]},{\"@type\":\"WebSite\",\"@id\":\"https:\/\/www.joyana.fr\/ja\/#website\",\"url\":\"https:\/\/www.joyana.fr\/ja\/\",\"name\":\"JO YANA\",\"description\":\"Blog Mode Homme, Lifestyle, D\u00e9co-Design\",\"publisher\":{\"@id\":\"https:\/\/www.joyana.fr\/ja\/#\/schema\/person\/cf2a1ad12a27c12c21801075bf37407c\"},\"potentialAction\":[{\"@type\":\"SearchAction\",\"target\":{\"@type\":\"EntryPoint\",\"urlTemplate\":\"https:\/\/www.joyana.fr\/ja\/?s={search_term_string}\"},\"query-input\":{\"@type\":\"PropertyValueSpecification\",\"valueRequired\":true,\"valueName\":\"search_term_string\"}}],\"inLanguage\":\"ja\"},{\"@type\":[\"Person\",\"Organization\"],\"@id\":\"https:\/\/www.joyana.fr\/ja\/#\/schema\/person\/cf2a1ad12a27c12c21801075bf37407c\",\"name\":\"Jo Yana\",\"image\":{\"@type\":\"ImageObject\",\"inLanguage\":\"ja\",\"@id\":\"https:\/\/www.joyana.fr\/ja\/#\/schema\/person\/image\/\",\"url\":\"https:\/\/i0.wp.com\/joyana.fr\/wp-content\/uploads\/2016\/08\/cropped-joyana-logo-black-360x180.png?fit=343%2C164&ssl=1\",\"contentUrl\":\"https:\/\/i0.wp.com\/joyana.fr\/wp-content\/uploads\/2016\/08\/cropped-joyana-logo-black-360x180.png?fit=343%2C164&ssl=1\",\"width\":343,\"height\":164,\"caption\":\"Jo Yana\"},\"logo\":{\"@id\":\"https:\/\/www.joyana.fr\/ja\/#\/schema\/person\/image\/\"},\"description\":\"Jo Yana est le cr\u00e9ateur et r\u00e9dacteur en chef des sites DECO-DESIGN. Passionn\u00e9 de Design, Mode, Photo, Luxe, Lifestyle, Musique, mais avant tout Blogueur ! Le plaisir de partager l'anime et a comme devise \\\"POUR L'AMOUR DU BEAU\\\". Retrouvez le aussi sur son blog personnel - https:\/\/joyana.fr...\",\"sameAs\":[\"https:\/\/joyana.fr\/\"],\"url\":\"https:\/\/joyana.fr\/ja\/author\/joyana\/\"}]}<\/script>\n<!-- \/ Yoast SEO plugin. -->","yoast_head_json":{"title":"D'DAYS 2013 - VARIATION par Franck MAGNE - JO YANA","robots":{"index":"index","follow":"follow","max-snippet":"max-snippet:-1","max-image-preview":"max-image-preview:large","max-video-preview":"max-video-preview:-1"},"canonical":"https:\/\/joyana.fr\/ja\/ddays-2013-variation-par-franck-magne\/113490\/","og_locale":"ja_JP","og_type":"article","og_title":"D'DAYS 2013 - VARIATION par Franck MAGNE - JO YANA","og_description":"Coup de coeur pour ce luminaire VARIATION &#8211; pr\u00e9sent\u00e9 par Franck Magn\u00e9 durant les Designer&#8217;s Days 2 [&hellip;]","og_url":"https:\/\/joyana.fr\/ja\/ddays-2013-variation-par-franck-magne\/113490\/","og_site_name":"JO YANA","article_published_time":"2013-06-09T07:10:21+00:00","og_image":[{"width":650,"height":515,"url":"https:\/\/joyana.fr\/wp-content\/uploads\/2013\/06\/DDAYS2013_FRANCKMAGNE_8.jpg","type":"image\/jpeg"}],"author":"Jo Yana","twitter_card":"summary_large_image","twitter_creator":"@Jo_Yana","twitter_site":"@Jo_Yana","twitter_misc":{"\u57f7\u7b46\u8005":"Jo Yana","\u63a8\u5b9a\u8aad\u307f\u53d6\u308a\u6642\u9593":"1\u5206"},"schema":{"@context":"https:\/\/schema.org","@graph":[{"@type":"Article","@id":"https:\/\/joyana.fr\/ddays-2013-variation-par-franck-magne\/113490\/#article","isPartOf":{"@id":"https:\/\/joyana.fr\/ddays-2013-variation-par-franck-magne\/113490\/"},"author":{"name":"Jo Yana","@id":"https:\/\/www.joyana.fr\/ja\/#\/schema\/person\/cf2a1ad12a27c12c21801075bf37407c"},"headline":"D&#8217;DAYS 2013 &#8211; VARIATION par Franck MAGNE","datePublished":"2013-06-09T07:10:21+00:00","mainEntityOfPage":{"@id":"https:\/\/joyana.fr\/ddays-2013-variation-par-franck-magne\/113490\/"},"wordCount":198,"commentCount":1,"publisher":{"@id":"https:\/\/www.joyana.fr\/ja\/#\/schema\/person\/cf2a1ad12a27c12c21801075bf37407c"},"image":{"@id":"https:\/\/joyana.fr\/ddays-2013-variation-par-franck-magne\/113490\/#primaryimage"},"thumbnailUrl":"https:\/\/i0.wp.com\/joyana.fr\/wp-content\/uploads\/2013\/06\/DDAYS2013_FRANCKMAGNE_8.jpg?fit=650%2C515&ssl=1","keywords":["D'DAYS","D'DAYS 2013","DESIGN","Designer's Days 2013","Franck MAGNE","Lampadaire design","LED","Luminaire"],"articleSection":["D'DAYS","DECO-DESIGN","Lampadaire","Luminaire"],"inLanguage":"ja","potentialAction":[{"@type":"CommentAction","name":"Comment","target":["https:\/\/joyana.fr\/ddays-2013-variation-par-franck-magne\/113490\/#respond"]}]},{"@type":"WebPage","@id":"https:\/\/joyana.fr\/ddays-2013-variation-par-franck-magne\/113490\/","url":"https:\/\/joyana.fr\/ddays-2013-variation-par-franck-magne\/113490\/","name":"D'DAYS 2013 - VARIATION par Franck MAGNE - JO YANA","isPartOf":{"@id":"https:\/\/www.joyana.fr\/ja\/#website"},"primaryImageOfPage":{"@id":"https:\/\/joyana.fr\/ddays-2013-variation-par-franck-magne\/113490\/#primaryimage"},"image":{"@id":"https:\/\/joyana.fr\/ddays-2013-variation-par-franck-magne\/113490\/#primaryimage"},"thumbnailUrl":"https:\/\/i0.wp.com\/joyana.fr\/wp-content\/uploads\/2013\/06\/DDAYS2013_FRANCKMAGNE_8.jpg?fit=650%2C515&ssl=1","datePublished":"2013-06-09T07:10:21+00:00","breadcrumb":{"@id":"https:\/\/joyana.fr\/ddays-2013-variation-par-franck-magne\/113490\/#breadcrumb"},"inLanguage":"ja","potentialAction":[{"@type":"ReadAction","target":["https:\/\/joyana.fr\/ddays-2013-variation-par-franck-magne\/113490\/"]}]},{"@type":"ImageObject","inLanguage":"ja","@id":"https:\/\/joyana.fr\/ddays-2013-variation-par-franck-magne\/113490\/#primaryimage","url":"https:\/\/i0.wp.com\/joyana.fr\/wp-content\/uploads\/2013\/06\/DDAYS2013_FRANCKMAGNE_8.jpg?fit=650%2C515&ssl=1","contentUrl":"https:\/\/i0.wp.com\/joyana.fr\/wp-content\/uploads\/2013\/06\/DDAYS2013_FRANCKMAGNE_8.jpg?fit=650%2C515&ssl=1","width":650,"height":515},{"@type":"BreadcrumbList","@id":"https:\/\/joyana.fr\/ddays-2013-variation-par-franck-magne\/113490\/#breadcrumb","itemListElement":[{"@type":"ListItem","position":1,"name":"Accueil","item":"https:\/\/www.joyana.fr\/ja\/"},{"@type":"ListItem","position":2,"name":"D&rsquo;DAYS 2013 &#8211; VARIATION par Franck MAGNE"}]},{"@type":"WebSite","@id":"https:\/\/www.joyana.fr\/ja\/#website","url":"https:\/\/www.joyana.fr\/ja\/","name":"JO YANA","description":"Blog Mode Homme, Lifestyle, D\u00e9co-Design","publisher":{"@id":"https:\/\/www.joyana.fr\/ja\/#\/schema\/person\/cf2a1ad12a27c12c21801075bf37407c"},"potentialAction":[{"@type":"SearchAction","target":{"@type":"EntryPoint","urlTemplate":"https:\/\/www.joyana.fr\/ja\/?s={search_term_string}"},"query-input":{"@type":"PropertyValueSpecification","valueRequired":true,"valueName":"search_term_string"}}],"inLanguage":"ja"},{"@type":["Person","Organization"],"@id":"https:\/\/www.joyana.fr\/ja\/#\/schema\/person\/cf2a1ad12a27c12c21801075bf37407c","name":"Jo Yana","image":{"@type":"ImageObject","inLanguage":"ja","@id":"https:\/\/www.joyana.fr\/ja\/#\/schema\/person\/image\/","url":"https:\/\/i0.wp.com\/joyana.fr\/wp-content\/uploads\/2016\/08\/cropped-joyana-logo-black-360x180.png?fit=343%2C164&ssl=1","contentUrl":"https:\/\/i0.wp.com\/joyana.fr\/wp-content\/uploads\/2016\/08\/cropped-joyana-logo-black-360x180.png?fit=343%2C164&ssl=1","width":343,"height":164,"caption":"Jo Yana"},"logo":{"@id":"https:\/\/www.joyana.fr\/ja\/#\/schema\/person\/image\/"},"description":"Jo Yana est le cr\u00e9ateur et r\u00e9dacteur en chef des sites DECO-DESIGN. Passionn\u00e9 de Design, Mode, Photo, Luxe, Lifestyle, Musique, mais avant tout Blogueur ! Le plaisir de partager l'anime et a comme devise \"POUR L'AMOUR DU BEAU\". Retrouvez le aussi sur son blog personnel - https:\/\/joyana.fr...","sameAs":["https:\/\/joyana.fr\/"],"url":"https:\/\/joyana.fr\/ja\/author\/joyana\/"}]}},"author_meta":{"display_name":"Jo Yana","author_link":"https:\/\/joyana.fr\/ja\/author\/joyana\/"},"featured_img":"https:\/\/i0.wp.com\/joyana.fr\/wp-content\/uploads\/2013\/06\/DDAYS2013_FRANCKMAGNE_8.jpg?fit=389%2C308&ssl=1","featured_image_src":"https:\/\/i0.wp.com\/joyana.fr\/wp-content\/uploads\/2013\/06\/DDAYS2013_FRANCKMAGNE_8.jpg?resize=600%2C400&ssl=1","featured_image_src_square":"https:\/\/i0.wp.com\/joyana.fr\/wp-content\/uploads\/2013\/06\/DDAYS2013_FRANCKMAGNE_8.jpg?resize=600%2C515&ssl=1","jetpack_featured_media_url":"https:\/\/i0.wp.com\/joyana.fr\/wp-content\/uploads\/2013\/06\/DDAYS2013_FRANCKMAGNE_8.jpg?fit=650%2C515&ssl=1","uagb_featured_image_src":{"full":["https:\/\/i0.wp.com\/joyana.fr\/wp-content\/uploads\/2013\/06\/DDAYS2013_FRANCKMAGNE_8.jpg?fit=650%2C515&ssl=1",650,515,false],"thumbnail":["https:\/\/i0.wp.com\/joyana.fr\/wp-content\/uploads\/2013\/06\/DDAYS2013_FRANCKMAGNE_8.jpg?resize=150%2C150&ssl=1",150,150,true],"medium":["https:\/\/i0.wp.com\/joyana.fr\/wp-content\/uploads\/2013\/06\/DDAYS2013_FRANCKMAGNE_8.jpg?fit=389%2C308&ssl=1",389,308,true],"medium_large":["https:\/\/i0.wp.com\/joyana.fr\/wp-content\/uploads\/2013\/06\/DDAYS2013_FRANCKMAGNE_8.jpg?fit=650%2C515&ssl=1",650,515,true],"large":["https:\/\/i0.wp.com\/joyana.fr\/wp-content\/uploads\/2013\/06\/DDAYS2013_FRANCKMAGNE_8.jpg?fit=650%2C515&ssl=1",650,515,true],"1536x1536":["https:\/\/i0.wp.com\/joyana.fr\/wp-content\/uploads\/2013\/06\/DDAYS2013_FRANCKMAGNE_8.jpg?fit=650%2C515&ssl=1",650,515,true],"2048x2048":["https:\/\/i0.wp.com\/joyana.fr\/wp-content\/uploads\/2013\/06\/DDAYS2013_FRANCKMAGNE_8.jpg?fit=650%2C515&ssl=1",650,515,true],"featured-thumb":["https:\/\/i0.wp.com\/joyana.fr\/wp-content\/uploads\/2013\/06\/DDAYS2013_FRANCKMAGNE_8.jpg?resize=650%2C515&ssl=1",650,515,true],"ab-block-post-grid-landscape":["https:\/\/i0.wp.com\/joyana.fr\/wp-content\/uploads\/2013\/06\/DDAYS2013_FRANCKMAGNE_8.jpg?resize=600%2C400&ssl=1",600,400,true],"ab-block-post-grid-square":["https:\/\/i0.wp.com\/joyana.fr\/wp-content\/uploads\/2013\/06\/DDAYS2013_FRANCKMAGNE_8.jpg?resize=600%2C515&ssl=1",600,515,true],"author-pro-image":["https:\/\/i0.wp.com\/joyana.fr\/wp-content\/uploads\/2013\/06\/DDAYS2013_FRANCKMAGNE_8.jpg?resize=360%2C515&ssl=1",360,515,true],"slider":["https:\/\/i0.wp.com\/joyana.fr\/wp-content\/uploads\/2013\/06\/DDAYS2013_FRANCKMAGNE_8.jpg?resize=650%2C400&ssl=1",650,400,true],"woocommerce_thumbnail":["https:\/\/i0.wp.com\/joyana.fr\/wp-content\/uploads\/2013\/06\/DDAYS2013_FRANCKMAGNE_8.jpg?resize=450%2C450&ssl=1",450,450,true],"woocommerce_single":["https:\/\/i0.wp.com\/joyana.fr\/wp-content\/uploads\/2013\/06\/DDAYS2013_FRANCKMAGNE_8.jpg?fit=650%2C515&ssl=1",650,515,true],"woocommerce_gallery_thumbnail":["https:\/\/i0.wp.com\/joyana.fr\/wp-content\/uploads\/2013\/06\/DDAYS2013_FRANCKMAGNE_8.jpg?resize=180%2C180&ssl=1",180,180,true],"sow-carousel-default":["https:\/\/i0.wp.com\/joyana.fr\/wp-content\/uploads\/2013\/06\/DDAYS2013_FRANCKMAGNE_8.jpg?resize=272%2C182&ssl=1",272,182,true]},"uagb_author_info":{"display_name":"Jo Yana","author_link":"https:\/\/joyana.fr\/ja\/author\/joyana\/"},"uagb_comment_info":1,"uagb_excerpt":"Coup de coeur pour ce luminaire VARIATION &#8211; pr\u00e9se&hellip;","coauthors":[],"tax_additional":{"categories":{"linked":["<a href=\"https:\/\/joyana.fr\/ja\/category\/deco-design\/actualite\/salon\/designers-days\/\" class=\"advgb-post-tax-term\">D&#039;DAYS<\/a>","<a href=\"https:\/\/joyana.fr\/ja\/category\/deco-design\/\" class=\"advgb-post-tax-term\">DECO-DESIGN<\/a>","<a href=\"https:\/\/joyana.fr\/ja\/category\/deco-design\/luminaire\/lampadaire\/\" class=\"advgb-post-tax-term\">Lampadaire<\/a>","<a href=\"https:\/\/joyana.fr\/ja\/category\/deco-design\/luminaire\/\" class=\"advgb-post-tax-term\">Luminaire<\/a>"],"unlinked":["<span class=\"advgb-post-tax-term\">D&#039;DAYS<\/span>","<span class=\"advgb-post-tax-term\">DECO-DESIGN<\/span>","<span class=\"advgb-post-tax-term\">Lampadaire<\/span>","<span class=\"advgb-post-tax-term\">Luminaire<\/span>"]},"tags":{"linked":["<a href=\"https:\/\/joyana.fr\/ja\/category\/deco-design\/luminaire\/\" class=\"advgb-post-tax-term\">D&#039;DAYS<\/a>","<a href=\"https:\/\/joyana.fr\/ja\/category\/deco-design\/luminaire\/\" class=\"advgb-post-tax-term\">D&#039;DAYS 2013<\/a>","<a href=\"https:\/\/joyana.fr\/ja\/category\/deco-design\/luminaire\/\" class=\"advgb-post-tax-term\">DESIGN<\/a>","<a href=\"https:\/\/joyana.fr\/ja\/category\/deco-design\/luminaire\/\" class=\"advgb-post-tax-term\">Designer&#039;s Days 2013<\/a>","<a href=\"https:\/\/joyana.fr\/ja\/category\/deco-design\/luminaire\/\" class=\"advgb-post-tax-term\">Franck MAGNE<\/a>","<a href=\"https:\/\/joyana.fr\/ja\/category\/deco-design\/luminaire\/\" class=\"advgb-post-tax-term\">Lampadaire design<\/a>","<a href=\"https:\/\/joyana.fr\/ja\/category\/deco-design\/luminaire\/\" class=\"advgb-post-tax-term\">LED<\/a>","<a href=\"https:\/\/joyana.fr\/ja\/category\/deco-design\/luminaire\/\" class=\"advgb-post-tax-term\">Luminaire<\/a>"],"unlinked":["<span class=\"advgb-post-tax-term\">D&#039;DAYS<\/span>","<span class=\"advgb-post-tax-term\">D&#039;DAYS 2013<\/span>","<span class=\"advgb-post-tax-term\">DESIGN<\/span>","<span class=\"advgb-post-tax-term\">Designer&#039;s Days 2013<\/span>","<span class=\"advgb-post-tax-term\">Franck MAGNE<\/span>","<span class=\"advgb-post-tax-term\">Lampadaire design<\/span>","<span class=\"advgb-post-tax-term\">LED<\/span>","<span class=\"advgb-post-tax-term\">Luminaire<\/span>"]}},"comment_count":1,"relative_dates":{"created":"Posted 13\u5e74 ago","modified":"Updated 13\u5e74 ago"},"absolute_dates":{"created":"Posted on 9 6\u6708 2013","modified":"Updated on 9 6\u6708 2013"},"absolute_dates_time":{"created":"Posted on 9 6\u6708 2013 8:10","modified":"Updated on 9 6\u6708 2013 8:10"},"featured_img_caption":"","series_order":"","jetpack_sharing_enabled":true,"jetpack_shortlink":"https:\/\/wp.me\/p9bteI-twu","jetpack-related-posts":[],"_links":{"self":[{"href":"https:\/\/joyana.fr\/ja\/wp-json\/wp\/v2\/posts\/113490","targetHints":{"allow":["GET"]}}],"collection":[{"href":"https:\/\/joyana.fr\/ja\/wp-json\/wp\/v2\/posts"}],"about":[{"href":"https:\/\/joyana.fr\/ja\/wp-json\/wp\/v2\/types\/post"}],"author":[{"embeddable":true,"href":"https:\/\/joyana.fr\/ja\/wp-json\/wp\/v2\/users\/3"}],"replies":[{"embeddable":true,"href":"https:\/\/joyana.fr\/ja\/wp-json\/wp\/v2\/comments?post=113490"}],"version-history":[{"count":0,"href":"https:\/\/joyana.fr\/ja\/wp-json\/wp\/v2\/posts\/113490\/revisions"}],"wp:featuredmedia":[{"embeddable":true,"href":"https:\/\/joyana.fr\/ja\/wp-json\/wp\/v2\/media\/113493"}],"wp:attachment":[{"href":"https:\/\/joyana.fr\/ja\/wp-json\/wp\/v2\/media?parent=113490"}],"wp:term":[{"taxonomy":"category","embeddable":true,"href":"https:\/\/joyana.fr\/ja\/wp-json\/wp\/v2\/categories?post=113490"},{"taxonomy":"post_tag","embeddable":true,"href":"https:\/\/joyana.fr\/ja\/wp-json\/wp\/v2\/tags?post=113490"}],"curies":[{"name":"wp","href":"https:\/\/api.w.org\/{rel}","templated":true}]}}