{"id":113685,"date":"2013-06-27T16:09:44","date_gmt":"2013-06-27T15:09:44","guid":{"rendered":"https:\/\/joyana.fr\/?p=13685"},"modified":"2013-06-27T16:09:44","modified_gmt":"2013-06-27T15:09:44","slug":"tables-basses-design-nas-sariyer-derin-design","status":"publish","type":"post","link":"https:\/\/joyana.fr\/ja\/tables-basses-design-nas-sariyer-derin-design\/113685\/","title":{"rendered":"Tables basses design NAS par DERIN DESIGN"},"content":{"rendered":"<p><strong>NAS<\/strong> est une s\u00e9rie de petites <strong>tables basses<\/strong> sign\u00e9es par <strong>Derin Sar\u0131yer<\/strong> &#8211; le designer \u00e0 la t\u00eate du d\u00e9partement de d\u00e9veloppement de la soci\u00e9t\u00e9 <strong>Derin Design<\/strong>&#8230;<\/p>\n<p><img data-recalc-dims=\"1\" fetchpriority=\"high\" decoding=\"async\" class=\"alignnone size-large wp-image-13686\" alt=\"NAS-Small-Table-02---Derin-Sar\u00e7yer-copy\" src=\"https:\/\/i0.wp.com\/joyana.fr\/wp-content\/uploads\/2013\/06\/NAS-Small-Table-02-Derin-Sar%C3%A7yer-copy-576x342.jpg?resize=576%2C342&#038;ssl=1\" width=\"576\" height=\"342\" \/><\/p>\n<p>Les <strong>petites tables NAS<\/strong> sont trois versions diff\u00e9rentes de la m\u00eame forme, mais qui dans une attitude microarchitecture, offrent diff\u00e9rentes combinaisons de mise en sc\u00e8ne, et de finitions &#8211; car elles peuvent \u00eatre rev\u00eatus de mat\u00e9riaux diff\u00e9rents&#8230; Le mobilier <strong>Derin Design<\/strong> se caract\u00e9rise par des collections fond\u00e9es sur la simplicit\u00e9 avec des lignes bien d\u00e9finies, donnant une impression de mouvement, qui int\u00e8gre les modes de vie urbains modernes et rapides&#8230;<\/p>\n<p><img data-recalc-dims=\"1\" decoding=\"async\" class=\"alignnone size-large wp-image-13687\" alt=\"Tables basses design NAS par DERIN DESIGN \" src=\"https:\/\/i0.wp.com\/joyana.fr\/wp-content\/uploads\/2013\/06\/NAS-Small-Table-zooom.jpg?resize=576%2C351&#038;ssl=1\" width=\"576\" height=\"351\" \/><\/p>\n<p><img data-recalc-dims=\"1\" decoding=\"async\" class=\"alignnone size-large wp-image-13688\" alt=\"NAS-Small-Table-00---Derin-Sar\u00e7yer-copy\" src=\"https:\/\/i0.wp.com\/joyana.fr\/wp-content\/uploads\/2013\/06\/NAS-Small-Table-00-Derin-Sar%C3%A7yer-copy-576x337.jpg?resize=576%2C337&#038;ssl=1\" width=\"576\" height=\"337\" \/><\/p>\n<p><img data-recalc-dims=\"1\" loading=\"lazy\" decoding=\"async\" class=\"alignnone size-large wp-image-13689\" alt=\"NAS-Small-Table-01---Derin-Sar\u00e7yer-copy\" src=\"https:\/\/i0.wp.com\/joyana.fr\/wp-content\/uploads\/2013\/06\/NAS-Small-Table-01-Derin-Sar%C3%A7yer-copy-576x330.jpg?resize=576%2C330&#038;ssl=1\" width=\"576\" height=\"330\" \/><\/p>\n<p style=\"text-align: center;\">En savoir + sur <a href=\"http:\/\/www.derindesign.com\/en-us\/\" target=\"_blank\"><strong>DERIN DESIGN<\/strong><\/a><\/p>\n","protected":false},"excerpt":{"rendered":"<p>NAS est une s\u00e9rie de petites tables basses sign\u00e9es par Derin Sar\u0131yer &#8211; le designer \u00e0 la t\u00eate du d\u00e9partem [&hellip;]<\/p>\n","protected":false},"author":3,"featured_media":113689,"comment_status":"open","ping_status":"open","sticky":false,"template":"","format":"standard","meta":{"_coblocks_attr":"","_coblocks_dimensions":"","_coblocks_responsive_height":"","_coblocks_accordion_ie_support":"","_uag_custom_page_level_css":"","advgb_blocks_editor_width":"","advgb_blocks_columns_visual_guide":"","_genesis_hide_title":false,"_genesis_hide_breadcrumbs":false,"_genesis_hide_singular_image":false,"_genesis_hide_footer_widgets":false,"_genesis_custom_body_class":"","_genesis_custom_post_class":"","_genesis_layout":"","_themeisle_gutenberg_block_has_review":false,"_jetpack_newsletter_access":"","_jetpack_dont_email_post_to_subs":false,"_jetpack_newsletter_tier_id":0,"_jetpack_memberships_contains_paywalled_content":false,"_jetpack_memberships_contains_paid_content":false,"footnotes":""},"categories":[905,942,974,944],"tags":[1409,78,1359,913,1067],"class_list":{"0":"post-113685","1":"post","2":"type-post","3":"status-publish","4":"format-standard","5":"has-post-thumbnail","7":"category-deco-design","8":"category-mobilier","9":"category-mobilier-modulaire","10":"category-table","11":"tag-derin-design","12":"tag-design","13":"tag-mobilier-modulable","14":"tag-modulable","15":"tag-table-basse-design","16":"entry"},"featured_image_urls":{"full":["https:\/\/i0.wp.com\/joyana.fr\/wp-content\/uploads\/2013\/06\/NAS-Small-Table-01-Derin-Sar%C3%83%C2%A7yer-copy.jpg?fit=%2C&ssl=1",false,false,false],"thumbnail":["https:\/\/i0.wp.com\/joyana.fr\/wp-content\/uploads\/2013\/06\/NAS-Small-Table-01-Derin-Sar%C3%83%C2%A7yer-copy.jpg?resize=150%2C150&ssl=1",false,false,true],"medium":["https:\/\/i0.wp.com\/joyana.fr\/wp-content\/uploads\/2013\/06\/NAS-Small-Table-01-Derin-Sar%C3%83%C2%A7yer-copy.jpg?fit=389%2C389&ssl=1",false,false,true],"medium_large":["https:\/\/i0.wp.com\/joyana.fr\/wp-content\/uploads\/2013\/06\/NAS-Small-Table-01-Derin-Sar%C3%83%C2%A7yer-copy.jpg?w=768&ssl=1",false,false,true],"large":["https:\/\/i0.wp.com\/joyana.fr\/wp-content\/uploads\/2013\/06\/NAS-Small-Table-01-Derin-Sar%C3%83%C2%A7yer-copy.jpg?fit=1024%2C1024&ssl=1",false,false,true],"1536x1536":["https:\/\/i0.wp.com\/joyana.fr\/wp-content\/uploads\/2013\/06\/NAS-Small-Table-01-Derin-Sar%C3%83%C2%A7yer-copy.jpg?fit=1536%2C1536&ssl=1",false,false,true],"2048x2048":["https:\/\/i0.wp.com\/joyana.fr\/wp-content\/uploads\/2013\/06\/NAS-Small-Table-01-Derin-Sar%C3%83%C2%A7yer-copy.jpg?fit=2048%2C2048&ssl=1",false,false,true],"featured-thumb":["https:\/\/i0.wp.com\/joyana.fr\/wp-content\/uploads\/2013\/06\/NAS-Small-Table-01-Derin-Sar%C3%83%C2%A7yer-copy.jpg?resize=1903%2C750&ssl=1",false,false,true],"ab-block-post-grid-landscape":["https:\/\/i0.wp.com\/joyana.fr\/wp-content\/uploads\/2013\/06\/NAS-Small-Table-01-Derin-Sar%C3%83%C2%A7yer-copy.jpg?resize=600%2C400&ssl=1",false,false,true],"ab-block-post-grid-square":["https:\/\/i0.wp.com\/joyana.fr\/wp-content\/uploads\/2013\/06\/NAS-Small-Table-01-Derin-Sar%C3%83%C2%A7yer-copy.jpg?resize=600%2C600&ssl=1",false,false,true],"author-pro-image":["https:\/\/i0.wp.com\/joyana.fr\/wp-content\/uploads\/2013\/06\/NAS-Small-Table-01-Derin-Sar%C3%83%C2%A7yer-copy.jpg?resize=360%2C570&ssl=1",false,false,true],"slider":["https:\/\/i0.wp.com\/joyana.fr\/wp-content\/uploads\/2013\/06\/NAS-Small-Table-01-Derin-Sar%C3%83%C2%A7yer-copy.jpg?resize=920%2C400&ssl=1",false,false,true],"woocommerce_thumbnail":["https:\/\/i0.wp.com\/joyana.fr\/wp-content\/uploads\/2013\/06\/NAS-Small-Table-01-Derin-Sar%C3%83%C2%A7yer-copy.jpg?resize=450%2C450&ssl=1",false,false,true],"woocommerce_single":["https:\/\/i0.wp.com\/joyana.fr\/wp-content\/uploads\/2013\/06\/NAS-Small-Table-01-Derin-Sar%C3%83%C2%A7yer-copy.jpg?w=920&ssl=1",false,false,true],"woocommerce_gallery_thumbnail":["https:\/\/i0.wp.com\/joyana.fr\/wp-content\/uploads\/2013\/06\/NAS-Small-Table-01-Derin-Sar%C3%83%C2%A7yer-copy.jpg?resize=180%2C180&ssl=1",false,false,true],"sow-carousel-default":["https:\/\/i0.wp.com\/joyana.fr\/wp-content\/uploads\/2013\/06\/NAS-Small-Table-01-Derin-Sar%C3%83%C2%A7yer-copy.jpg?resize=272%2C182&ssl=1",false,false,true]},"post_excerpt_stackable":"<p>NAS est une s\u00e9rie de petites tables basses sign\u00e9es par Derin Sar\u0131yer &#8211; le designer \u00e0 la t\u00eate d&hellip;<\/p>\n","category_list":"<a href=\"https:\/\/joyana.fr\/ja\/category\/deco-design\/\" rel=\"category tag\">DECO-DESIGN<\/a>, <a href=\"https:\/\/joyana.fr\/ja\/category\/deco-design\/mobilier\/\" rel=\"category tag\">Mobilier<\/a>, <a href=\"https:\/\/joyana.fr\/ja\/category\/deco-design\/mobilier\/mobilier-modulaire\/\" rel=\"category tag\">Mobilier modulaire<\/a>, <a href=\"https:\/\/joyana.fr\/ja\/category\/deco-design\/mobilier\/table\/\" rel=\"category tag\">Table<\/a>","author_info":{"display_name":"Jo Yana","author_link":"https:\/\/joyana.fr\/ja\/author\/joyana\/"},"comments_num":"0 comments","featured_image_urls_v2":{"full":["https:\/\/i0.wp.com\/joyana.fr\/wp-content\/uploads\/2013\/06\/NAS-Small-Table-01-Derin-Sar%C3%83%C2%A7yer-copy.jpg?fit=%2C&ssl=1",false,false,false],"thumbnail":["https:\/\/i0.wp.com\/joyana.fr\/wp-content\/uploads\/2013\/06\/NAS-Small-Table-01-Derin-Sar%C3%83%C2%A7yer-copy.jpg?resize=150%2C150&ssl=1",false,false,true],"medium":["https:\/\/i0.wp.com\/joyana.fr\/wp-content\/uploads\/2013\/06\/NAS-Small-Table-01-Derin-Sar%C3%83%C2%A7yer-copy.jpg?fit=389%2C389&ssl=1",false,false,true],"medium_large":["https:\/\/i0.wp.com\/joyana.fr\/wp-content\/uploads\/2013\/06\/NAS-Small-Table-01-Derin-Sar%C3%83%C2%A7yer-copy.jpg?w=768&ssl=1",false,false,true],"large":["https:\/\/i0.wp.com\/joyana.fr\/wp-content\/uploads\/2013\/06\/NAS-Small-Table-01-Derin-Sar%C3%83%C2%A7yer-copy.jpg?fit=1024%2C1024&ssl=1",false,false,true],"1536x1536":["https:\/\/i0.wp.com\/joyana.fr\/wp-content\/uploads\/2013\/06\/NAS-Small-Table-01-Derin-Sar%C3%83%C2%A7yer-copy.jpg?fit=1536%2C1536&ssl=1",false,false,true],"2048x2048":["https:\/\/i0.wp.com\/joyana.fr\/wp-content\/uploads\/2013\/06\/NAS-Small-Table-01-Derin-Sar%C3%83%C2%A7yer-copy.jpg?fit=2048%2C2048&ssl=1",false,false,true],"featured-thumb":["https:\/\/i0.wp.com\/joyana.fr\/wp-content\/uploads\/2013\/06\/NAS-Small-Table-01-Derin-Sar%C3%83%C2%A7yer-copy.jpg?resize=1903%2C750&ssl=1",false,false,true],"ab-block-post-grid-landscape":["https:\/\/i0.wp.com\/joyana.fr\/wp-content\/uploads\/2013\/06\/NAS-Small-Table-01-Derin-Sar%C3%83%C2%A7yer-copy.jpg?resize=600%2C400&ssl=1",false,false,true],"ab-block-post-grid-square":["https:\/\/i0.wp.com\/joyana.fr\/wp-content\/uploads\/2013\/06\/NAS-Small-Table-01-Derin-Sar%C3%83%C2%A7yer-copy.jpg?resize=600%2C600&ssl=1",false,false,true],"author-pro-image":["https:\/\/i0.wp.com\/joyana.fr\/wp-content\/uploads\/2013\/06\/NAS-Small-Table-01-Derin-Sar%C3%83%C2%A7yer-copy.jpg?resize=360%2C570&ssl=1",false,false,true],"slider":["https:\/\/i0.wp.com\/joyana.fr\/wp-content\/uploads\/2013\/06\/NAS-Small-Table-01-Derin-Sar%C3%83%C2%A7yer-copy.jpg?resize=920%2C400&ssl=1",false,false,true],"woocommerce_thumbnail":["https:\/\/i0.wp.com\/joyana.fr\/wp-content\/uploads\/2013\/06\/NAS-Small-Table-01-Derin-Sar%C3%83%C2%A7yer-copy.jpg?resize=450%2C450&ssl=1",false,false,true],"woocommerce_single":["https:\/\/i0.wp.com\/joyana.fr\/wp-content\/uploads\/2013\/06\/NAS-Small-Table-01-Derin-Sar%C3%83%C2%A7yer-copy.jpg?w=920&ssl=1",false,false,true],"woocommerce_gallery_thumbnail":["https:\/\/i0.wp.com\/joyana.fr\/wp-content\/uploads\/2013\/06\/NAS-Small-Table-01-Derin-Sar%C3%83%C2%A7yer-copy.jpg?resize=180%2C180&ssl=1",false,false,true],"sow-carousel-default":["https:\/\/i0.wp.com\/joyana.fr\/wp-content\/uploads\/2013\/06\/NAS-Small-Table-01-Derin-Sar%C3%83%C2%A7yer-copy.jpg?resize=272%2C182&ssl=1",false,false,true]},"post_excerpt_stackable_v2":"<p>NAS est une s\u00e9rie de petites tables basses sign\u00e9es par Derin Sar\u0131yer &#8211; le designer \u00e0 la t\u00eate d&hellip;<\/p>\n","category_list_v2":"<a href=\"https:\/\/joyana.fr\/ja\/category\/deco-design\/\" rel=\"category tag\">DECO-DESIGN<\/a>, <a href=\"https:\/\/joyana.fr\/ja\/category\/deco-design\/mobilier\/\" rel=\"category tag\">Mobilier<\/a>, <a href=\"https:\/\/joyana.fr\/ja\/category\/deco-design\/mobilier\/mobilier-modulaire\/\" rel=\"category tag\">Mobilier modulaire<\/a>, <a href=\"https:\/\/joyana.fr\/ja\/category\/deco-design\/mobilier\/table\/\" rel=\"category tag\">Table<\/a>","author_info_v2":{"name":"Jo Yana","url":"https:\/\/joyana.fr\/ja\/author\/joyana\/"},"comments_num_v2":"0 comments","yoast_head":"<!-- This site is optimized with the Yoast SEO plugin v26.8 - https:\/\/yoast.com\/product\/yoast-seo-wordpress\/ -->\n<title>Tables basses design NAS par DERIN DESIGN - JO YANA<\/title>\n<meta name=\"robots\" content=\"index, follow, max-snippet:-1, max-image-preview:large, max-video-preview:-1\" \/>\n<link rel=\"canonical\" href=\"https:\/\/joyana.fr\/ja\/tables-basses-design-nas-sariyer-derin-design\/113685\/\" \/>\n<meta property=\"og:locale\" content=\"ja_JP\" \/>\n<meta property=\"og:locale:alternate\" content=\"fr_FR\" \/>\n<meta property=\"og:locale:alternate\" content=\"en_US\" \/>\n<meta property=\"og:type\" content=\"article\" \/>\n<meta property=\"og:title\" content=\"Tables basses design NAS par DERIN DESIGN - JO YANA\" \/>\n<meta property=\"og:description\" content=\"NAS est une s\u00e9rie de petites tables basses sign\u00e9es par Derin Sar\u0131yer &#8211; le designer \u00e0 la t\u00eate du d\u00e9partem [&hellip;]\" \/>\n<meta property=\"og:url\" content=\"https:\/\/joyana.fr\/ja\/tables-basses-design-nas-sariyer-derin-design\/113685\/\" \/>\n<meta property=\"og:site_name\" content=\"JO YANA\" \/>\n<meta property=\"article:published_time\" content=\"2013-06-27T15:09:44+00:00\" \/>\n<meta property=\"og:image\" content=\"https:\/\/joyana.fr\/wp-content\/uploads\/2013\/06\/NAS-Small-Table-01-Derin-Sar\u00c3\u00a7yer-copy.jpg\" \/>\n\t<meta property=\"og:image:width\" content=\"1\" \/>\n\t<meta property=\"og:image:height\" content=\"1\" \/>\n\t<meta property=\"og:image:type\" content=\"image\/jpeg\" \/>\n<meta name=\"author\" content=\"Jo Yana\" \/>\n<meta name=\"twitter:card\" content=\"summary_large_image\" \/>\n<meta name=\"twitter:creator\" content=\"@Jo_Yana\" \/>\n<meta name=\"twitter:site\" content=\"@Jo_Yana\" \/>\n<meta name=\"twitter:label1\" content=\"\u57f7\u7b46\u8005\" \/>\n\t<meta name=\"twitter:data1\" content=\"Jo Yana\" \/>\n\t<meta name=\"twitter:label2\" content=\"\u63a8\u5b9a\u8aad\u307f\u53d6\u308a\u6642\u9593\" \/>\n\t<meta name=\"twitter:data2\" content=\"1\u5206\" \/>\n<script type=\"application\/ld+json\" class=\"yoast-schema-graph\">{\"@context\":\"https:\/\/schema.org\",\"@graph\":[{\"@type\":\"Article\",\"@id\":\"https:\/\/joyana.fr\/ja\/tables-basses-design-nas-sariyer-derin-design\/113685\/#article\",\"isPartOf\":{\"@id\":\"https:\/\/joyana.fr\/ja\/tables-basses-design-nas-sariyer-derin-design\/113685\/\"},\"author\":{\"name\":\"Jo Yana\",\"@id\":\"https:\/\/joyana.fr\/#\/schema\/person\/cf2a1ad12a27c12c21801075bf37407c\"},\"headline\":\"Tables basses design NAS par DERIN DESIGN\",\"datePublished\":\"2013-06-27T15:09:44+00:00\",\"mainEntityOfPage\":{\"@id\":\"https:\/\/joyana.fr\/ja\/tables-basses-design-nas-sariyer-derin-design\/113685\/\"},\"wordCount\":126,\"commentCount\":0,\"publisher\":{\"@id\":\"https:\/\/joyana.fr\/#\/schema\/person\/cf2a1ad12a27c12c21801075bf37407c\"},\"image\":{\"@id\":\"https:\/\/joyana.fr\/ja\/tables-basses-design-nas-sariyer-derin-design\/113685\/#primaryimage\"},\"thumbnailUrl\":\"https:\/\/i0.wp.com\/joyana.fr\/wp-content\/uploads\/2013\/06\/NAS-Small-Table-01-Derin-Sar%C3%83%C2%A7yer-copy.jpg?fit=%2C&ssl=1\",\"keywords\":[\"Derin Design\",\"DESIGN\",\"Mobilier modulable\",\"Modulable\",\"Table Basse design\"],\"articleSection\":[\"DECO-DESIGN\",\"Mobilier\",\"Mobilier modulaire\",\"Table\"],\"inLanguage\":\"ja\",\"potentialAction\":[{\"@type\":\"CommentAction\",\"name\":\"Comment\",\"target\":[\"https:\/\/joyana.fr\/ja\/tables-basses-design-nas-sariyer-derin-design\/113685\/#respond\"]}]},{\"@type\":\"WebPage\",\"@id\":\"https:\/\/joyana.fr\/ja\/tables-basses-design-nas-sariyer-derin-design\/113685\/\",\"url\":\"https:\/\/joyana.fr\/ja\/tables-basses-design-nas-sariyer-derin-design\/113685\/\",\"name\":\"Tables basses design NAS par DERIN DESIGN - JO YANA\",\"isPartOf\":{\"@id\":\"https:\/\/joyana.fr\/#website\"},\"primaryImageOfPage\":{\"@id\":\"https:\/\/joyana.fr\/ja\/tables-basses-design-nas-sariyer-derin-design\/113685\/#primaryimage\"},\"image\":{\"@id\":\"https:\/\/joyana.fr\/ja\/tables-basses-design-nas-sariyer-derin-design\/113685\/#primaryimage\"},\"thumbnailUrl\":\"https:\/\/i0.wp.com\/joyana.fr\/wp-content\/uploads\/2013\/06\/NAS-Small-Table-01-Derin-Sar%C3%83%C2%A7yer-copy.jpg?fit=%2C&ssl=1\",\"datePublished\":\"2013-06-27T15:09:44+00:00\",\"breadcrumb\":{\"@id\":\"https:\/\/joyana.fr\/ja\/tables-basses-design-nas-sariyer-derin-design\/113685\/#breadcrumb\"},\"inLanguage\":\"ja\",\"potentialAction\":[{\"@type\":\"ReadAction\",\"target\":[\"https:\/\/joyana.fr\/ja\/tables-basses-design-nas-sariyer-derin-design\/113685\/\"]}]},{\"@type\":\"ImageObject\",\"inLanguage\":\"ja\",\"@id\":\"https:\/\/joyana.fr\/ja\/tables-basses-design-nas-sariyer-derin-design\/113685\/#primaryimage\",\"url\":\"https:\/\/i0.wp.com\/joyana.fr\/wp-content\/uploads\/2013\/06\/NAS-Small-Table-01-Derin-Sar%C3%83%C2%A7yer-copy.jpg?fit=%2C&ssl=1\",\"contentUrl\":\"https:\/\/i0.wp.com\/joyana.fr\/wp-content\/uploads\/2013\/06\/NAS-Small-Table-01-Derin-Sar%C3%83%C2%A7yer-copy.jpg?fit=%2C&ssl=1\"},{\"@type\":\"BreadcrumbList\",\"@id\":\"https:\/\/joyana.fr\/ja\/tables-basses-design-nas-sariyer-derin-design\/113685\/#breadcrumb\",\"itemListElement\":[{\"@type\":\"ListItem\",\"position\":1,\"name\":\"Accueil\",\"item\":\"https:\/\/joyana.fr\/\"},{\"@type\":\"ListItem\",\"position\":2,\"name\":\"Tables basses design NAS par DERIN DESIGN\"}]},{\"@type\":\"WebSite\",\"@id\":\"https:\/\/joyana.fr\/#website\",\"url\":\"https:\/\/joyana.fr\/\",\"name\":\"JO YANA\",\"description\":\"Blog Mode Homme, Lifestyle, D\u00e9co-Design\",\"publisher\":{\"@id\":\"https:\/\/joyana.fr\/#\/schema\/person\/cf2a1ad12a27c12c21801075bf37407c\"},\"potentialAction\":[{\"@type\":\"SearchAction\",\"target\":{\"@type\":\"EntryPoint\",\"urlTemplate\":\"https:\/\/joyana.fr\/?s={search_term_string}\"},\"query-input\":{\"@type\":\"PropertyValueSpecification\",\"valueRequired\":true,\"valueName\":\"search_term_string\"}}],\"inLanguage\":\"ja\"},{\"@type\":[\"Person\",\"Organization\"],\"@id\":\"https:\/\/joyana.fr\/#\/schema\/person\/cf2a1ad12a27c12c21801075bf37407c\",\"name\":\"Jo Yana\",\"image\":{\"@type\":\"ImageObject\",\"inLanguage\":\"ja\",\"@id\":\"https:\/\/joyana.fr\/#\/schema\/person\/image\/\",\"url\":\"https:\/\/i0.wp.com\/joyana.fr\/wp-content\/uploads\/2016\/08\/cropped-joyana-logo-black-360x180.png?fit=343%2C164&ssl=1\",\"contentUrl\":\"https:\/\/i0.wp.com\/joyana.fr\/wp-content\/uploads\/2016\/08\/cropped-joyana-logo-black-360x180.png?fit=343%2C164&ssl=1\",\"width\":343,\"height\":164,\"caption\":\"Jo Yana\"},\"logo\":{\"@id\":\"https:\/\/joyana.fr\/#\/schema\/person\/image\/\"},\"description\":\"Jo Yana est le cr\u00e9ateur et r\u00e9dacteur en chef des sites DECO-DESIGN. Passionn\u00e9 de Design, Mode, Photo, Luxe, Lifestyle, Musique, mais avant tout Blogueur ! Le plaisir de partager l'anime et a comme devise \\\"POUR L'AMOUR DU BEAU\\\". Retrouvez le aussi sur son blog personnel - https:\/\/joyana.fr...\",\"sameAs\":[\"https:\/\/joyana.fr\/\"],\"url\":\"https:\/\/joyana.fr\/ja\/author\/joyana\/\"}]}<\/script>\n<!-- \/ Yoast SEO plugin. -->","yoast_head_json":{"title":"Tables basses design NAS par DERIN DESIGN - JO YANA","robots":{"index":"index","follow":"follow","max-snippet":"max-snippet:-1","max-image-preview":"max-image-preview:large","max-video-preview":"max-video-preview:-1"},"canonical":"https:\/\/joyana.fr\/ja\/tables-basses-design-nas-sariyer-derin-design\/113685\/","og_locale":"ja_JP","og_type":"article","og_title":"Tables basses design NAS par DERIN DESIGN - JO YANA","og_description":"NAS est une s\u00e9rie de petites tables basses sign\u00e9es par Derin Sar\u0131yer &#8211; le designer \u00e0 la t\u00eate du d\u00e9partem [&hellip;]","og_url":"https:\/\/joyana.fr\/ja\/tables-basses-design-nas-sariyer-derin-design\/113685\/","og_site_name":"JO YANA","article_published_time":"2013-06-27T15:09:44+00:00","og_image":[{"url":"https:\/\/joyana.fr\/wp-content\/uploads\/2013\/06\/NAS-Small-Table-01-Derin-Sar\u00c3\u00a7yer-copy.jpg","width":1,"height":1,"type":"image\/jpeg"}],"author":"Jo Yana","twitter_card":"summary_large_image","twitter_creator":"@Jo_Yana","twitter_site":"@Jo_Yana","twitter_misc":{"\u57f7\u7b46\u8005":"Jo Yana","\u63a8\u5b9a\u8aad\u307f\u53d6\u308a\u6642\u9593":"1\u5206"},"schema":{"@context":"https:\/\/schema.org","@graph":[{"@type":"Article","@id":"https:\/\/joyana.fr\/ja\/tables-basses-design-nas-sariyer-derin-design\/113685\/#article","isPartOf":{"@id":"https:\/\/joyana.fr\/ja\/tables-basses-design-nas-sariyer-derin-design\/113685\/"},"author":{"name":"Jo Yana","@id":"https:\/\/joyana.fr\/#\/schema\/person\/cf2a1ad12a27c12c21801075bf37407c"},"headline":"Tables basses design NAS par DERIN DESIGN","datePublished":"2013-06-27T15:09:44+00:00","mainEntityOfPage":{"@id":"https:\/\/joyana.fr\/ja\/tables-basses-design-nas-sariyer-derin-design\/113685\/"},"wordCount":126,"commentCount":0,"publisher":{"@id":"https:\/\/joyana.fr\/#\/schema\/person\/cf2a1ad12a27c12c21801075bf37407c"},"image":{"@id":"https:\/\/joyana.fr\/ja\/tables-basses-design-nas-sariyer-derin-design\/113685\/#primaryimage"},"thumbnailUrl":"https:\/\/i0.wp.com\/joyana.fr\/wp-content\/uploads\/2013\/06\/NAS-Small-Table-01-Derin-Sar%C3%83%C2%A7yer-copy.jpg?fit=%2C&ssl=1","keywords":["Derin Design","DESIGN","Mobilier modulable","Modulable","Table Basse design"],"articleSection":["DECO-DESIGN","Mobilier","Mobilier modulaire","Table"],"inLanguage":"ja","potentialAction":[{"@type":"CommentAction","name":"Comment","target":["https:\/\/joyana.fr\/ja\/tables-basses-design-nas-sariyer-derin-design\/113685\/#respond"]}]},{"@type":"WebPage","@id":"https:\/\/joyana.fr\/ja\/tables-basses-design-nas-sariyer-derin-design\/113685\/","url":"https:\/\/joyana.fr\/ja\/tables-basses-design-nas-sariyer-derin-design\/113685\/","name":"Tables basses design NAS par DERIN DESIGN - JO YANA","isPartOf":{"@id":"https:\/\/joyana.fr\/#website"},"primaryImageOfPage":{"@id":"https:\/\/joyana.fr\/ja\/tables-basses-design-nas-sariyer-derin-design\/113685\/#primaryimage"},"image":{"@id":"https:\/\/joyana.fr\/ja\/tables-basses-design-nas-sariyer-derin-design\/113685\/#primaryimage"},"thumbnailUrl":"https:\/\/i0.wp.com\/joyana.fr\/wp-content\/uploads\/2013\/06\/NAS-Small-Table-01-Derin-Sar%C3%83%C2%A7yer-copy.jpg?fit=%2C&ssl=1","datePublished":"2013-06-27T15:09:44+00:00","breadcrumb":{"@id":"https:\/\/joyana.fr\/ja\/tables-basses-design-nas-sariyer-derin-design\/113685\/#breadcrumb"},"inLanguage":"ja","potentialAction":[{"@type":"ReadAction","target":["https:\/\/joyana.fr\/ja\/tables-basses-design-nas-sariyer-derin-design\/113685\/"]}]},{"@type":"ImageObject","inLanguage":"ja","@id":"https:\/\/joyana.fr\/ja\/tables-basses-design-nas-sariyer-derin-design\/113685\/#primaryimage","url":"https:\/\/i0.wp.com\/joyana.fr\/wp-content\/uploads\/2013\/06\/NAS-Small-Table-01-Derin-Sar%C3%83%C2%A7yer-copy.jpg?fit=%2C&ssl=1","contentUrl":"https:\/\/i0.wp.com\/joyana.fr\/wp-content\/uploads\/2013\/06\/NAS-Small-Table-01-Derin-Sar%C3%83%C2%A7yer-copy.jpg?fit=%2C&ssl=1"},{"@type":"BreadcrumbList","@id":"https:\/\/joyana.fr\/ja\/tables-basses-design-nas-sariyer-derin-design\/113685\/#breadcrumb","itemListElement":[{"@type":"ListItem","position":1,"name":"Accueil","item":"https:\/\/joyana.fr\/"},{"@type":"ListItem","position":2,"name":"Tables basses design NAS par DERIN DESIGN"}]},{"@type":"WebSite","@id":"https:\/\/joyana.fr\/#website","url":"https:\/\/joyana.fr\/","name":"JO YANA","description":"Blog Mode Homme, Lifestyle, D\u00e9co-Design","publisher":{"@id":"https:\/\/joyana.fr\/#\/schema\/person\/cf2a1ad12a27c12c21801075bf37407c"},"potentialAction":[{"@type":"SearchAction","target":{"@type":"EntryPoint","urlTemplate":"https:\/\/joyana.fr\/?s={search_term_string}"},"query-input":{"@type":"PropertyValueSpecification","valueRequired":true,"valueName":"search_term_string"}}],"inLanguage":"ja"},{"@type":["Person","Organization"],"@id":"https:\/\/joyana.fr\/#\/schema\/person\/cf2a1ad12a27c12c21801075bf37407c","name":"Jo Yana","image":{"@type":"ImageObject","inLanguage":"ja","@id":"https:\/\/joyana.fr\/#\/schema\/person\/image\/","url":"https:\/\/i0.wp.com\/joyana.fr\/wp-content\/uploads\/2016\/08\/cropped-joyana-logo-black-360x180.png?fit=343%2C164&ssl=1","contentUrl":"https:\/\/i0.wp.com\/joyana.fr\/wp-content\/uploads\/2016\/08\/cropped-joyana-logo-black-360x180.png?fit=343%2C164&ssl=1","width":343,"height":164,"caption":"Jo Yana"},"logo":{"@id":"https:\/\/joyana.fr\/#\/schema\/person\/image\/"},"description":"Jo Yana est le cr\u00e9ateur et r\u00e9dacteur en chef des sites DECO-DESIGN. Passionn\u00e9 de Design, Mode, Photo, Luxe, Lifestyle, Musique, mais avant tout Blogueur ! Le plaisir de partager l'anime et a comme devise \"POUR L'AMOUR DU BEAU\". Retrouvez le aussi sur son blog personnel - https:\/\/joyana.fr...","sameAs":["https:\/\/joyana.fr\/"],"url":"https:\/\/joyana.fr\/ja\/author\/joyana\/"}]}},"author_meta":{"display_name":"Jo Yana","author_link":"https:\/\/joyana.fr\/ja\/author\/joyana\/"},"featured_img":"https:\/\/i0.wp.com\/joyana.fr\/wp-content\/uploads\/2013\/06\/NAS-Small-Table-01-Derin-Sar%C3%83%C2%A7yer-copy.jpg?fit=389%2C389&ssl=1","featured_image_src":"https:\/\/i0.wp.com\/joyana.fr\/wp-content\/uploads\/2013\/06\/NAS-Small-Table-01-Derin-Sar%C3%83%C2%A7yer-copy.jpg?resize=600%2C400&ssl=1","featured_image_src_square":"https:\/\/i0.wp.com\/joyana.fr\/wp-content\/uploads\/2013\/06\/NAS-Small-Table-01-Derin-Sar%C3%83%C2%A7yer-copy.jpg?resize=600%2C600&ssl=1","jetpack_featured_media_url":"https:\/\/i0.wp.com\/joyana.fr\/wp-content\/uploads\/2013\/06\/NAS-Small-Table-01-Derin-Sar%C3%83%C2%A7yer-copy.jpg?fit=%2C&ssl=1","uagb_featured_image_src":{"full":["https:\/\/i0.wp.com\/joyana.fr\/wp-content\/uploads\/2013\/06\/NAS-Small-Table-01-Derin-Sar%C3%83%C2%A7yer-copy.jpg?fit=%2C&ssl=1",false,false,false],"thumbnail":["https:\/\/i0.wp.com\/joyana.fr\/wp-content\/uploads\/2013\/06\/NAS-Small-Table-01-Derin-Sar%C3%83%C2%A7yer-copy.jpg?resize=150%2C150&ssl=1",false,false,true],"medium":["https:\/\/i0.wp.com\/joyana.fr\/wp-content\/uploads\/2013\/06\/NAS-Small-Table-01-Derin-Sar%C3%83%C2%A7yer-copy.jpg?fit=389%2C389&ssl=1",false,false,true],"medium_large":["https:\/\/i0.wp.com\/joyana.fr\/wp-content\/uploads\/2013\/06\/NAS-Small-Table-01-Derin-Sar%C3%83%C2%A7yer-copy.jpg?w=768&ssl=1",false,false,true],"large":["https:\/\/i0.wp.com\/joyana.fr\/wp-content\/uploads\/2013\/06\/NAS-Small-Table-01-Derin-Sar%C3%83%C2%A7yer-copy.jpg?fit=1024%2C1024&ssl=1",false,false,true],"1536x1536":["https:\/\/i0.wp.com\/joyana.fr\/wp-content\/uploads\/2013\/06\/NAS-Small-Table-01-Derin-Sar%C3%83%C2%A7yer-copy.jpg?fit=1536%2C1536&ssl=1",false,false,true],"2048x2048":["https:\/\/i0.wp.com\/joyana.fr\/wp-content\/uploads\/2013\/06\/NAS-Small-Table-01-Derin-Sar%C3%83%C2%A7yer-copy.jpg?fit=2048%2C2048&ssl=1",false,false,true],"featured-thumb":["https:\/\/i0.wp.com\/joyana.fr\/wp-content\/uploads\/2013\/06\/NAS-Small-Table-01-Derin-Sar%C3%83%C2%A7yer-copy.jpg?resize=1903%2C750&ssl=1",false,false,true],"ab-block-post-grid-landscape":["https:\/\/i0.wp.com\/joyana.fr\/wp-content\/uploads\/2013\/06\/NAS-Small-Table-01-Derin-Sar%C3%83%C2%A7yer-copy.jpg?resize=600%2C400&ssl=1",false,false,true],"ab-block-post-grid-square":["https:\/\/i0.wp.com\/joyana.fr\/wp-content\/uploads\/2013\/06\/NAS-Small-Table-01-Derin-Sar%C3%83%C2%A7yer-copy.jpg?resize=600%2C600&ssl=1",false,false,true],"author-pro-image":["https:\/\/i0.wp.com\/joyana.fr\/wp-content\/uploads\/2013\/06\/NAS-Small-Table-01-Derin-Sar%C3%83%C2%A7yer-copy.jpg?resize=360%2C570&ssl=1",false,false,true],"slider":["https:\/\/i0.wp.com\/joyana.fr\/wp-content\/uploads\/2013\/06\/NAS-Small-Table-01-Derin-Sar%C3%83%C2%A7yer-copy.jpg?resize=920%2C400&ssl=1",false,false,true],"woocommerce_thumbnail":["https:\/\/i0.wp.com\/joyana.fr\/wp-content\/uploads\/2013\/06\/NAS-Small-Table-01-Derin-Sar%C3%83%C2%A7yer-copy.jpg?resize=450%2C450&ssl=1",false,false,true],"woocommerce_single":["https:\/\/i0.wp.com\/joyana.fr\/wp-content\/uploads\/2013\/06\/NAS-Small-Table-01-Derin-Sar%C3%83%C2%A7yer-copy.jpg?w=920&ssl=1",false,false,true],"woocommerce_gallery_thumbnail":["https:\/\/i0.wp.com\/joyana.fr\/wp-content\/uploads\/2013\/06\/NAS-Small-Table-01-Derin-Sar%C3%83%C2%A7yer-copy.jpg?resize=180%2C180&ssl=1",false,false,true],"sow-carousel-default":["https:\/\/i0.wp.com\/joyana.fr\/wp-content\/uploads\/2013\/06\/NAS-Small-Table-01-Derin-Sar%C3%83%C2%A7yer-copy.jpg?resize=272%2C182&ssl=1",false,false,true]},"uagb_author_info":{"display_name":"Jo Yana","author_link":"https:\/\/joyana.fr\/ja\/author\/joyana\/"},"uagb_comment_info":0,"uagb_excerpt":"NAS est une s\u00e9rie de petites tables basses sign\u00e9es par &hellip;","coauthors":[],"tax_additional":{"categories":{"linked":["<a href=\"https:\/\/joyana.fr\/ja\/category\/deco-design\/\" class=\"advgb-post-tax-term\">DECO-DESIGN<\/a>","<a href=\"https:\/\/joyana.fr\/ja\/category\/deco-design\/mobilier\/\" class=\"advgb-post-tax-term\">Mobilier<\/a>","<a href=\"https:\/\/joyana.fr\/ja\/category\/deco-design\/mobilier\/mobilier-modulaire\/\" class=\"advgb-post-tax-term\">Mobilier modulaire<\/a>","<a href=\"https:\/\/joyana.fr\/ja\/category\/deco-design\/mobilier\/table\/\" class=\"advgb-post-tax-term\">Table<\/a>"],"unlinked":["<span class=\"advgb-post-tax-term\">DECO-DESIGN<\/span>","<span class=\"advgb-post-tax-term\">Mobilier<\/span>","<span class=\"advgb-post-tax-term\">Mobilier modulaire<\/span>","<span class=\"advgb-post-tax-term\">Table<\/span>"]},"tags":{"linked":["<a href=\"https:\/\/joyana.fr\/ja\/category\/deco-design\/mobilier\/table\/\" class=\"advgb-post-tax-term\">Derin Design<\/a>","<a href=\"https:\/\/joyana.fr\/ja\/category\/deco-design\/mobilier\/table\/\" class=\"advgb-post-tax-term\">DESIGN<\/a>","<a href=\"https:\/\/joyana.fr\/ja\/category\/deco-design\/mobilier\/table\/\" class=\"advgb-post-tax-term\">Mobilier modulable<\/a>","<a href=\"https:\/\/joyana.fr\/ja\/category\/deco-design\/mobilier\/table\/\" class=\"advgb-post-tax-term\">Modulable<\/a>","<a href=\"https:\/\/joyana.fr\/ja\/category\/deco-design\/mobilier\/table\/\" class=\"advgb-post-tax-term\">Table Basse design<\/a>"],"unlinked":["<span class=\"advgb-post-tax-term\">Derin Design<\/span>","<span class=\"advgb-post-tax-term\">DESIGN<\/span>","<span class=\"advgb-post-tax-term\">Mobilier modulable<\/span>","<span class=\"advgb-post-tax-term\">Modulable<\/span>","<span class=\"advgb-post-tax-term\">Table Basse design<\/span>"]}},"comment_count":0,"relative_dates":{"created":"Posted 13\u5e74 ago","modified":"Updated 13\u5e74 ago"},"absolute_dates":{"created":"Posted on 27 6\u6708 2013","modified":"Updated on 27 6\u6708 2013"},"absolute_dates_time":{"created":"Posted on 27 6\u6708 2013 16:09","modified":"Updated on 27 6\u6708 2013 16:09"},"featured_img_caption":"","series_order":"","jetpack_sharing_enabled":true,"jetpack_shortlink":"https:\/\/wp.me\/p9bteI-tzD","jetpack-related-posts":[],"_links":{"self":[{"href":"https:\/\/joyana.fr\/ja\/wp-json\/wp\/v2\/posts\/113685","targetHints":{"allow":["GET"]}}],"collection":[{"href":"https:\/\/joyana.fr\/ja\/wp-json\/wp\/v2\/posts"}],"about":[{"href":"https:\/\/joyana.fr\/ja\/wp-json\/wp\/v2\/types\/post"}],"author":[{"embeddable":true,"href":"https:\/\/joyana.fr\/ja\/wp-json\/wp\/v2\/users\/3"}],"replies":[{"embeddable":true,"href":"https:\/\/joyana.fr\/ja\/wp-json\/wp\/v2\/comments?post=113685"}],"version-history":[{"count":0,"href":"https:\/\/joyana.fr\/ja\/wp-json\/wp\/v2\/posts\/113685\/revisions"}],"wp:featuredmedia":[{"embeddable":true,"href":"https:\/\/joyana.fr\/ja\/wp-json\/wp\/v2\/media\/113689"}],"wp:attachment":[{"href":"https:\/\/joyana.fr\/ja\/wp-json\/wp\/v2\/media?parent=113685"}],"wp:term":[{"taxonomy":"category","embeddable":true,"href":"https:\/\/joyana.fr\/ja\/wp-json\/wp\/v2\/categories?post=113685"},{"taxonomy":"post_tag","embeddable":true,"href":"https:\/\/joyana.fr\/ja\/wp-json\/wp\/v2\/tags?post=113685"}],"curies":[{"name":"wp","href":"https:\/\/api.w.org\/{rel}","templated":true}]}}