{"id":113770,"date":"2013-07-14T10:29:16","date_gmt":"2013-07-14T09:29:16","guid":{"rendered":"https:\/\/joyana.fr\/?p=13770"},"modified":"2013-07-14T10:29:16","modified_gmt":"2013-07-14T09:29:16","slug":"design-parade-8-les-laureats-villa-noailles","status":"publish","type":"post","link":"https:\/\/joyana.fr\/ja\/design-parade-8-les-laureats-villa-noailles\/113770\/","title":{"rendered":"DESIGN PARADE 8 &#8211; Les Laur\u00e9ats"},"content":{"rendered":"<p>La huiti\u00e8me \u00e9dition du festival international de design, <strong>DESIGN PARADE<\/strong>, organis\u00e9e par la villa Noailles vient de s\u2019achever.\u00a0Le jury <strong>DESIGN PARADE 8<\/strong> a rencontr\u00e9 les dix designers en comp\u00e9tition et a d\u00e9cern\u00e9 <strong>les laur\u00e9ats<\/strong>&#8230;<\/p>\n<p><img data-recalc-dims=\"1\" fetchpriority=\"high\" decoding=\"async\" class=\"alignnone size-large wp-image-13781\" alt=\"design-parade-2013-award-designparade8_affiche1\" src=\"https:\/\/i0.wp.com\/joyana.fr\/wp-content\/uploads\/2013\/07\/design-parade-2013-award-designparade8_affiche1.jpg?resize=576%2C843&#038;ssl=1\" width=\"576\" height=\"843\" \/><\/p>\n<p>Le jury a d\u00e9cern\u00e9 le Grand Prix Design Parade 8 \u00e0 :\u00a0MATHIEU PEYROULET GHILINI<\/p>\n<p><img data-recalc-dims=\"1\" decoding=\"async\" alt=\"design parade-2013-award-4\" src=\"https:\/\/i0.wp.com\/joyana.fr\/wp-content\/uploads\/2013\/07\/design-parade-2013-award-4.jpg?resize=576%2C432&#038;ssl=1\" width=\"576\" height=\"432\" \/><\/p>\n<div>\n<p><em>&#8220;Fascin\u00e9 par le travail de Gio Ponti et par sa chaise Superleggera qu\u2019il a construite en retirant de la mati\u00e8re jusqu\u2019\u00e0 \u00e9puisement, j\u2019ai \u00e9galement essay\u00e9 de construire un tr\u00e9teau en acier \u00e0 partir de profils en T. J\u2019ai cr\u00e9\u00e9 des profils sp\u00e9ciaux, r\u00e9duit ou agrandi leurs proportions pour aboutir \u00e0 un strict minimum fonctionnel selon lequel la fonc- tion dicterait la forme, en somme.<\/em><\/p>\n<p><em>Si certaines propositions sont avant tout esth\u00e9- tiques, \u00e0 l\u2019image de joncs volants, d\u2019autres met- tent en avant le difficile rapport entre production industrielle et usinage \u00e0 la main ; en t\u00e9moigne le tr\u00e9teau en t\u00f4le perfor\u00e9e dont les joncs peuvent \u00eatre fabriqu\u00e9s par une machine, mais soud\u00e9s exclusivement \u00e0 la main entre eux&#8230;&#8221; \u00a0<a href=\"http:\/\/www.peyroulet-ghilini.com     \" target=\"_blank\">MATHIEU PEYROULET GHILINI<\/a><\/em><\/p>\n\n<\/div>\n<p>Le jury a d\u00e9cern\u00e9 le Prix du design du Conseil G\u00e9n\u00e9ral du Var \u00e0 :\u00a0LAURELINE GALLIOT<\/p>\n<p><img data-recalc-dims=\"1\" decoding=\"async\" alt=\"design parade-2013-award-2\" src=\"https:\/\/i0.wp.com\/joyana.fr\/wp-content\/uploads\/2013\/07\/design-parade-2013-award-2.jpg?resize=576%2C432&#038;ssl=1\" width=\"576\" height=\"432\" \/><\/p>\n<p><em>&#8220;En principe, l\u2019\u00e9criture du dessin du designer s\u2019adapte au processus de r\u00e9alisation de l\u2019objet. Mais alors ! Ne devrait-il pas y avoir autant de ma- ni\u00e8res de dessiner qu\u2019il existe de processus ? En cr\u00e9ation industrielle, on dessine classiquement les objets au contour, et ce, ind\u00e9pendamment du mode de fabrication. En revanche, dans la pra- tique de la peinture et du modelage, on aborde d\u2019autres m\u00e9thodes pour construire une repr\u00e9- sentation de l\u2019objet. M\u2019int\u00e9resse la pratique du dessin par la masse o\u00f9 l\u2019on monte simultan\u00e9ment la mati\u00e8re et la couleur pour d\u00e9finir une forme.<\/em><br \/>\n<em> Ce moyen de repr\u00e9sentation peut-il aider \u00e0 cibler des ressources inexploit\u00e9es et \u00e0 d\u00e9velopper de nouveaux modes de conception de l\u2019objet ? Apr\u00e8s de multiples recherches parmi les logiciels et<\/em><br \/>\n<em> les m\u00e9thodes de production, j\u2019ai choisi un couple d\u2019outils relatifs \u00e0 l\u2019animation et \u00e0 l\u2019impression 3D. Ce duo me permet de concevoir et reproduire des objets par l\u2019amas simultan\u00e9 de mati\u00e8res, de tex- tures et de couleurs&#8230;&#8221;\u00a0<\/em><a href=\"http:\/\/www.laureline-galliot.fr\" target=\"_blank\">LAURELINE GALLIOT<\/a><\/p>\n\n<p>Le public a vot\u00e9 durant les trois jours du festival et a attribu\u00e9 le Prix du Public et de la Ville d\u2019Hy\u00e8res \u00e0: MUGI YAMAMOTO<\/p>\n<p><img data-recalc-dims=\"1\" loading=\"lazy\" decoding=\"async\" alt=\"design parade-2013-award-3\" src=\"https:\/\/i0.wp.com\/joyana.fr\/wp-content\/uploads\/2013\/07\/design-parade-2013-award-3.jpg?resize=576%2C432&#038;ssl=1\" width=\"576\" height=\"432\" \/><\/p>\n<div>\n<p>&#8220;Lausanne, la terre a pour composante une glaise de tr\u00e8s bonne qualit\u00e9. Aussi, j\u2019ai choisi d\u2019utiliser ce mat\u00e9riau, polyvalent et fascinant, d\u2019en conserver les qualit\u00e9s \u00e9cologiques et recy- clables en m\u00e9langeant uniquement la terre locale \u00e0 des \u00e9l\u00e9ments biod\u00e9gradable sans avoir \u00e0 les cuire.<\/p>\n<p>Pour trouver l\u2019assemblage optimal, j\u2019ai exp\u00e9ri- ment\u00e9 plus d\u2019une cinquantaine de combinaisons compos\u00e9es de vingt-quatre \u00e9l\u00e9ments diff\u00e9rents. Toutes ont \u00e9t\u00e9 press\u00e9es dans le m\u00eame moule, puis s\u00e9ch\u00e9es \u00e0 l\u2019air. Par la suite, j\u2019ai \u00e9prouv\u00e9 leur r\u00e9sistance en exer\u00e7ant une force de mani\u00e8re pro- gressive sur chacune d\u2019entre elles, et en mesu- rant le poids au moment de l\u2019\u00e9croulement.&#8221;\u00a0\u00a0<a href=\"www.mugiyamamoto.com \" target=\"_blank\">MUGI YAMAMOTO<\/a><\/p>\n<\/div>\n\n<p><span style=\"color: #000000;\">.<\/span><\/p>\n<p style=\"text-align: center;\">En savoir + sur le site de <a href=\"http:\/\/www.villanoailles-hyeres.com\/fr\/actualites\" target=\"_blank\"><strong>LA VILLA NOAILLES<\/strong><\/a><\/p>\n","protected":false},"excerpt":{"rendered":"<p>La huiti\u00e8me \u00e9dition du festival international de design, DESIGN PARADE, organis\u00e9e par la villa Noailles vient  [&hellip;]<\/p>\n","protected":false},"author":3,"featured_media":113781,"comment_status":"open","ping_status":"open","sticky":false,"template":"","format":"standard","meta":{"_coblocks_attr":"","_coblocks_dimensions":"","_coblocks_responsive_height":"","_coblocks_accordion_ie_support":"","_uag_custom_page_level_css":"","advgb_blocks_editor_width":"","advgb_blocks_columns_visual_guide":"","_genesis_hide_title":false,"_genesis_hide_breadcrumbs":false,"_genesis_hide_singular_image":false,"_genesis_hide_footer_widgets":false,"_genesis_custom_body_class":"","_genesis_custom_post_class":"","_genesis_layout":"","_themeisle_gutenberg_block_has_review":false,"_jetpack_newsletter_access":"","_jetpack_dont_email_post_to_subs":false,"_jetpack_newsletter_tier_id":0,"_jetpack_memberships_contains_paywalled_content":false,"_jetpack_memberships_contains_paid_content":false,"footnotes":""},"categories":[938,905,1032,1423,911],"tags":[78,1424,540],"class_list":{"0":"post-113770","1":"post","2":"type-post","3":"status-publish","4":"format-standard","5":"has-post-thumbnail","7":"category-actualite-deco-design","8":"category-deco-design","9":"category-design-award","10":"category-design-parade","11":"category-designer","12":"tag-design","13":"tag-design-parade-2","14":"tag-villa-noailles","15":"entry"},"featured_image_urls":{"full":["https:\/\/i0.wp.com\/joyana.fr\/wp-content\/uploads\/2013\/07\/design-parade-2013-award-designparade8_affiche1.jpg?fit=650%2C952&ssl=1",650,952,false],"thumbnail":["https:\/\/i0.wp.com\/joyana.fr\/wp-content\/uploads\/2013\/07\/design-parade-2013-award-designparade8_affiche1.jpg?resize=150%2C150&ssl=1",150,150,true],"medium":["https:\/\/i0.wp.com\/joyana.fr\/wp-content\/uploads\/2013\/07\/design-parade-2013-award-designparade8_affiche1.jpg?fit=266%2C389&ssl=1",266,389,true],"medium_large":["https:\/\/i0.wp.com\/joyana.fr\/wp-content\/uploads\/2013\/07\/design-parade-2013-award-designparade8_affiche1.jpg?fit=650%2C952&ssl=1",650,952,true],"large":["https:\/\/i0.wp.com\/joyana.fr\/wp-content\/uploads\/2013\/07\/design-parade-2013-award-designparade8_affiche1.jpg?fit=650%2C952&ssl=1",650,952,true],"1536x1536":["https:\/\/i0.wp.com\/joyana.fr\/wp-content\/uploads\/2013\/07\/design-parade-2013-award-designparade8_affiche1.jpg?fit=650%2C952&ssl=1",650,952,true],"2048x2048":["https:\/\/i0.wp.com\/joyana.fr\/wp-content\/uploads\/2013\/07\/design-parade-2013-award-designparade8_affiche1.jpg?fit=650%2C952&ssl=1",650,952,true],"featured-thumb":["https:\/\/i0.wp.com\/joyana.fr\/wp-content\/uploads\/2013\/07\/design-parade-2013-award-designparade8_affiche1.jpg?resize=650%2C750&ssl=1",650,750,true],"ab-block-post-grid-landscape":["https:\/\/i0.wp.com\/joyana.fr\/wp-content\/uploads\/2013\/07\/design-parade-2013-award-designparade8_affiche1.jpg?resize=600%2C400&ssl=1",600,400,true],"ab-block-post-grid-square":["https:\/\/i0.wp.com\/joyana.fr\/wp-content\/uploads\/2013\/07\/design-parade-2013-award-designparade8_affiche1.jpg?resize=600%2C600&ssl=1",600,600,true],"author-pro-image":["https:\/\/i0.wp.com\/joyana.fr\/wp-content\/uploads\/2013\/07\/design-parade-2013-award-designparade8_affiche1.jpg?resize=360%2C570&ssl=1",360,570,true],"slider":["https:\/\/i0.wp.com\/joyana.fr\/wp-content\/uploads\/2013\/07\/design-parade-2013-award-designparade8_affiche1.jpg?resize=650%2C400&ssl=1",650,400,true],"woocommerce_thumbnail":["https:\/\/i0.wp.com\/joyana.fr\/wp-content\/uploads\/2013\/07\/design-parade-2013-award-designparade8_affiche1.jpg?resize=450%2C450&ssl=1",450,450,true],"woocommerce_single":["https:\/\/i0.wp.com\/joyana.fr\/wp-content\/uploads\/2013\/07\/design-parade-2013-award-designparade8_affiche1.jpg?fit=650%2C952&ssl=1",650,952,true],"woocommerce_gallery_thumbnail":["https:\/\/i0.wp.com\/joyana.fr\/wp-content\/uploads\/2013\/07\/design-parade-2013-award-designparade8_affiche1.jpg?resize=180%2C180&ssl=1",180,180,true],"sow-carousel-default":["https:\/\/i0.wp.com\/joyana.fr\/wp-content\/uploads\/2013\/07\/design-parade-2013-award-designparade8_affiche1.jpg?resize=272%2C182&ssl=1",272,182,true]},"post_excerpt_stackable":"<p>La huiti\u00e8me \u00e9dition du festival international de design, DESIGN PARADE, organis\u00e9e par la villa Noail&hellip;<\/p>\n","category_list":"<a href=\"https:\/\/joyana.fr\/ja\/category\/deco-design\/actualite\/actualite-deco-design\/\" rel=\"category tag\">Actualit\u00e9 D\u00e9co-Design<\/a>, <a href=\"https:\/\/joyana.fr\/ja\/category\/deco-design\/\" rel=\"category tag\">DECO-DESIGN<\/a>, <a href=\"https:\/\/joyana.fr\/ja\/category\/deco-design\/actualite\/design-award\/\" rel=\"category tag\">Design Award<\/a>, <a href=\"https:\/\/joyana.fr\/ja\/category\/deco-design\/actualite\/salon\/design-parade\/\" rel=\"category tag\">Design Parade<\/a>, <a href=\"https:\/\/joyana.fr\/ja\/category\/deco-design\/designer\/\" rel=\"category tag\">Designer<\/a>","author_info":{"display_name":"Jo Yana","author_link":"https:\/\/joyana.fr\/ja\/author\/joyana\/"},"comments_num":"6 comments","featured_image_urls_v2":{"full":["https:\/\/i0.wp.com\/joyana.fr\/wp-content\/uploads\/2013\/07\/design-parade-2013-award-designparade8_affiche1.jpg?fit=650%2C952&ssl=1",650,952,false],"thumbnail":["https:\/\/i0.wp.com\/joyana.fr\/wp-content\/uploads\/2013\/07\/design-parade-2013-award-designparade8_affiche1.jpg?resize=150%2C150&ssl=1",150,150,true],"medium":["https:\/\/i0.wp.com\/joyana.fr\/wp-content\/uploads\/2013\/07\/design-parade-2013-award-designparade8_affiche1.jpg?fit=266%2C389&ssl=1",266,389,true],"medium_large":["https:\/\/i0.wp.com\/joyana.fr\/wp-content\/uploads\/2013\/07\/design-parade-2013-award-designparade8_affiche1.jpg?fit=650%2C952&ssl=1",650,952,true],"large":["https:\/\/i0.wp.com\/joyana.fr\/wp-content\/uploads\/2013\/07\/design-parade-2013-award-designparade8_affiche1.jpg?fit=650%2C952&ssl=1",650,952,true],"1536x1536":["https:\/\/i0.wp.com\/joyana.fr\/wp-content\/uploads\/2013\/07\/design-parade-2013-award-designparade8_affiche1.jpg?fit=650%2C952&ssl=1",650,952,true],"2048x2048":["https:\/\/i0.wp.com\/joyana.fr\/wp-content\/uploads\/2013\/07\/design-parade-2013-award-designparade8_affiche1.jpg?fit=650%2C952&ssl=1",650,952,true],"featured-thumb":["https:\/\/i0.wp.com\/joyana.fr\/wp-content\/uploads\/2013\/07\/design-parade-2013-award-designparade8_affiche1.jpg?resize=650%2C750&ssl=1",650,750,true],"ab-block-post-grid-landscape":["https:\/\/i0.wp.com\/joyana.fr\/wp-content\/uploads\/2013\/07\/design-parade-2013-award-designparade8_affiche1.jpg?resize=600%2C400&ssl=1",600,400,true],"ab-block-post-grid-square":["https:\/\/i0.wp.com\/joyana.fr\/wp-content\/uploads\/2013\/07\/design-parade-2013-award-designparade8_affiche1.jpg?resize=600%2C600&ssl=1",600,600,true],"author-pro-image":["https:\/\/i0.wp.com\/joyana.fr\/wp-content\/uploads\/2013\/07\/design-parade-2013-award-designparade8_affiche1.jpg?resize=360%2C570&ssl=1",360,570,true],"slider":["https:\/\/i0.wp.com\/joyana.fr\/wp-content\/uploads\/2013\/07\/design-parade-2013-award-designparade8_affiche1.jpg?resize=650%2C400&ssl=1",650,400,true],"woocommerce_thumbnail":["https:\/\/i0.wp.com\/joyana.fr\/wp-content\/uploads\/2013\/07\/design-parade-2013-award-designparade8_affiche1.jpg?resize=450%2C450&ssl=1",450,450,true],"woocommerce_single":["https:\/\/i0.wp.com\/joyana.fr\/wp-content\/uploads\/2013\/07\/design-parade-2013-award-designparade8_affiche1.jpg?fit=650%2C952&ssl=1",650,952,true],"woocommerce_gallery_thumbnail":["https:\/\/i0.wp.com\/joyana.fr\/wp-content\/uploads\/2013\/07\/design-parade-2013-award-designparade8_affiche1.jpg?resize=180%2C180&ssl=1",180,180,true],"sow-carousel-default":["https:\/\/i0.wp.com\/joyana.fr\/wp-content\/uploads\/2013\/07\/design-parade-2013-award-designparade8_affiche1.jpg?resize=272%2C182&ssl=1",272,182,true]},"post_excerpt_stackable_v2":"<p>La huiti\u00e8me \u00e9dition du festival international de design, DESIGN PARADE, organis\u00e9e par la villa Noail&hellip;<\/p>\n","category_list_v2":"<a href=\"https:\/\/joyana.fr\/ja\/category\/deco-design\/actualite\/actualite-deco-design\/\" rel=\"category tag\">Actualit\u00e9 D\u00e9co-Design<\/a>, <a href=\"https:\/\/joyana.fr\/ja\/category\/deco-design\/\" rel=\"category tag\">DECO-DESIGN<\/a>, <a href=\"https:\/\/joyana.fr\/ja\/category\/deco-design\/actualite\/design-award\/\" rel=\"category tag\">Design Award<\/a>, <a href=\"https:\/\/joyana.fr\/ja\/category\/deco-design\/actualite\/salon\/design-parade\/\" rel=\"category tag\">Design Parade<\/a>, <a href=\"https:\/\/joyana.fr\/ja\/category\/deco-design\/designer\/\" rel=\"category tag\">Designer<\/a>","author_info_v2":{"name":"Jo Yana","url":"https:\/\/joyana.fr\/ja\/author\/joyana\/"},"comments_num_v2":"6 comments","yoast_head":"<!-- This site is optimized with the Yoast SEO plugin v26.8 - https:\/\/yoast.com\/product\/yoast-seo-wordpress\/ -->\n<title>DESIGN PARADE 8 - Les Laur\u00e9ats - JO YANA<\/title>\n<meta name=\"robots\" content=\"index, follow, max-snippet:-1, max-image-preview:large, max-video-preview:-1\" \/>\n<link rel=\"canonical\" href=\"https:\/\/joyana.fr\/ja\/design-parade-8-les-laureats-villa-noailles\/113770\/\" \/>\n<meta property=\"og:locale\" content=\"ja_JP\" \/>\n<meta property=\"og:locale:alternate\" content=\"fr_FR\" \/>\n<meta property=\"og:locale:alternate\" content=\"en_US\" \/>\n<meta property=\"og:type\" content=\"article\" \/>\n<meta property=\"og:title\" content=\"DESIGN PARADE 8 - Les Laur\u00e9ats - JO YANA\" \/>\n<meta property=\"og:description\" content=\"La huiti\u00e8me \u00e9dition du festival international de design, DESIGN PARADE, organis\u00e9e par la villa Noailles vient [&hellip;]\" \/>\n<meta property=\"og:url\" content=\"https:\/\/joyana.fr\/ja\/design-parade-8-les-laureats-villa-noailles\/113770\/\" \/>\n<meta property=\"og:site_name\" content=\"JO YANA\" \/>\n<meta property=\"article:published_time\" content=\"2013-07-14T09:29:16+00:00\" \/>\n<meta property=\"og:image\" content=\"https:\/\/joyana.fr\/wp-content\/uploads\/2013\/07\/design-parade-2013-award-designparade8_affiche1.jpg\" \/>\n\t<meta property=\"og:image:width\" content=\"650\" \/>\n\t<meta property=\"og:image:height\" content=\"952\" \/>\n\t<meta property=\"og:image:type\" content=\"image\/jpeg\" \/>\n<meta name=\"author\" content=\"Jo Yana\" \/>\n<meta name=\"twitter:card\" content=\"summary_large_image\" \/>\n<meta name=\"twitter:creator\" content=\"@Jo_Yana\" \/>\n<meta name=\"twitter:site\" content=\"@Jo_Yana\" \/>\n<meta name=\"twitter:label1\" content=\"\u57f7\u7b46\u8005\" \/>\n\t<meta name=\"twitter:data1\" content=\"Jo Yana\" \/>\n\t<meta name=\"twitter:label2\" content=\"\u63a8\u5b9a\u8aad\u307f\u53d6\u308a\u6642\u9593\" \/>\n\t<meta name=\"twitter:data2\" content=\"3\u5206\" \/>\n<script type=\"application\/ld+json\" class=\"yoast-schema-graph\">{\"@context\":\"https:\/\/schema.org\",\"@graph\":[{\"@type\":\"Article\",\"@id\":\"https:\/\/joyana.fr\/en\/design-parade-8-les-laureats-villa-noailles\/113770\/#article\",\"isPartOf\":{\"@id\":\"https:\/\/joyana.fr\/en\/design-parade-8-les-laureats-villa-noailles\/113770\/\"},\"author\":{\"name\":\"Jo Yana\",\"@id\":\"https:\/\/www.joyana.fr\/ja\/#\/schema\/person\/cf2a1ad12a27c12c21801075bf37407c\"},\"headline\":\"DESIGN PARADE 8 &#8211; Les Laur\u00e9ats\",\"datePublished\":\"2013-07-14T09:29:16+00:00\",\"mainEntityOfPage\":{\"@id\":\"https:\/\/joyana.fr\/en\/design-parade-8-les-laureats-villa-noailles\/113770\/\"},\"wordCount\":563,\"commentCount\":2,\"publisher\":{\"@id\":\"https:\/\/www.joyana.fr\/ja\/#\/schema\/person\/cf2a1ad12a27c12c21801075bf37407c\"},\"image\":{\"@id\":\"https:\/\/joyana.fr\/en\/design-parade-8-les-laureats-villa-noailles\/113770\/#primaryimage\"},\"thumbnailUrl\":\"https:\/\/i0.wp.com\/joyana.fr\/wp-content\/uploads\/2013\/07\/design-parade-2013-award-designparade8_affiche1.jpg?fit=650%2C952&ssl=1\",\"keywords\":[\"DESIGN\",\"DESIGN PARADE\",\"Villa Noailles\"],\"articleSection\":[\"Actualit\u00e9 D\u00e9co-Design\",\"DECO-DESIGN\",\"Design Award\",\"Design Parade\",\"Designer\"],\"inLanguage\":\"ja\",\"potentialAction\":[{\"@type\":\"CommentAction\",\"name\":\"Comment\",\"target\":[\"https:\/\/joyana.fr\/en\/design-parade-8-les-laureats-villa-noailles\/113770\/#respond\"]}]},{\"@type\":\"WebPage\",\"@id\":\"https:\/\/joyana.fr\/en\/design-parade-8-les-laureats-villa-noailles\/113770\/\",\"url\":\"https:\/\/joyana.fr\/en\/design-parade-8-les-laureats-villa-noailles\/113770\/\",\"name\":\"DESIGN PARADE 8 - Les Laur\u00e9ats - JO YANA\",\"isPartOf\":{\"@id\":\"https:\/\/www.joyana.fr\/ja\/#website\"},\"primaryImageOfPage\":{\"@id\":\"https:\/\/joyana.fr\/en\/design-parade-8-les-laureats-villa-noailles\/113770\/#primaryimage\"},\"image\":{\"@id\":\"https:\/\/joyana.fr\/en\/design-parade-8-les-laureats-villa-noailles\/113770\/#primaryimage\"},\"thumbnailUrl\":\"https:\/\/i0.wp.com\/joyana.fr\/wp-content\/uploads\/2013\/07\/design-parade-2013-award-designparade8_affiche1.jpg?fit=650%2C952&ssl=1\",\"datePublished\":\"2013-07-14T09:29:16+00:00\",\"breadcrumb\":{\"@id\":\"https:\/\/joyana.fr\/en\/design-parade-8-les-laureats-villa-noailles\/113770\/#breadcrumb\"},\"inLanguage\":\"ja\",\"potentialAction\":[{\"@type\":\"ReadAction\",\"target\":[\"https:\/\/joyana.fr\/en\/design-parade-8-les-laureats-villa-noailles\/113770\/\"]}]},{\"@type\":\"ImageObject\",\"inLanguage\":\"ja\",\"@id\":\"https:\/\/joyana.fr\/en\/design-parade-8-les-laureats-villa-noailles\/113770\/#primaryimage\",\"url\":\"https:\/\/i0.wp.com\/joyana.fr\/wp-content\/uploads\/2013\/07\/design-parade-2013-award-designparade8_affiche1.jpg?fit=650%2C952&ssl=1\",\"contentUrl\":\"https:\/\/i0.wp.com\/joyana.fr\/wp-content\/uploads\/2013\/07\/design-parade-2013-award-designparade8_affiche1.jpg?fit=650%2C952&ssl=1\",\"width\":650,\"height\":952},{\"@type\":\"BreadcrumbList\",\"@id\":\"https:\/\/joyana.fr\/en\/design-parade-8-les-laureats-villa-noailles\/113770\/#breadcrumb\",\"itemListElement\":[{\"@type\":\"ListItem\",\"position\":1,\"name\":\"Accueil\",\"item\":\"https:\/\/www.joyana.fr\/ja\/\"},{\"@type\":\"ListItem\",\"position\":2,\"name\":\"DESIGN PARADE 8 &#8211; Les Laur\u00e9ats\"}]},{\"@type\":\"WebSite\",\"@id\":\"https:\/\/www.joyana.fr\/ja\/#website\",\"url\":\"https:\/\/www.joyana.fr\/ja\/\",\"name\":\"JO YANA\",\"description\":\"Blog Mode Homme, Lifestyle, D\u00e9co-Design\",\"publisher\":{\"@id\":\"https:\/\/www.joyana.fr\/ja\/#\/schema\/person\/cf2a1ad12a27c12c21801075bf37407c\"},\"potentialAction\":[{\"@type\":\"SearchAction\",\"target\":{\"@type\":\"EntryPoint\",\"urlTemplate\":\"https:\/\/www.joyana.fr\/ja\/?s={search_term_string}\"},\"query-input\":{\"@type\":\"PropertyValueSpecification\",\"valueRequired\":true,\"valueName\":\"search_term_string\"}}],\"inLanguage\":\"ja\"},{\"@type\":[\"Person\",\"Organization\"],\"@id\":\"https:\/\/www.joyana.fr\/ja\/#\/schema\/person\/cf2a1ad12a27c12c21801075bf37407c\",\"name\":\"Jo Yana\",\"image\":{\"@type\":\"ImageObject\",\"inLanguage\":\"ja\",\"@id\":\"https:\/\/www.joyana.fr\/ja\/#\/schema\/person\/image\/\",\"url\":\"https:\/\/i0.wp.com\/joyana.fr\/wp-content\/uploads\/2016\/08\/cropped-joyana-logo-black-360x180.png?fit=343%2C164&ssl=1\",\"contentUrl\":\"https:\/\/i0.wp.com\/joyana.fr\/wp-content\/uploads\/2016\/08\/cropped-joyana-logo-black-360x180.png?fit=343%2C164&ssl=1\",\"width\":343,\"height\":164,\"caption\":\"Jo Yana\"},\"logo\":{\"@id\":\"https:\/\/www.joyana.fr\/ja\/#\/schema\/person\/image\/\"},\"description\":\"Jo Yana est le cr\u00e9ateur et r\u00e9dacteur en chef des sites DECO-DESIGN. Passionn\u00e9 de Design, Mode, Photo, Luxe, Lifestyle, Musique, mais avant tout Blogueur ! Le plaisir de partager l'anime et a comme devise \\\"POUR L'AMOUR DU BEAU\\\". Retrouvez le aussi sur son blog personnel - https:\/\/joyana.fr...\",\"sameAs\":[\"https:\/\/joyana.fr\/\"],\"url\":\"https:\/\/joyana.fr\/ja\/author\/joyana\/\"}]}<\/script>\n<!-- \/ Yoast SEO plugin. -->","yoast_head_json":{"title":"DESIGN PARADE 8 - Les Laur\u00e9ats - JO YANA","robots":{"index":"index","follow":"follow","max-snippet":"max-snippet:-1","max-image-preview":"max-image-preview:large","max-video-preview":"max-video-preview:-1"},"canonical":"https:\/\/joyana.fr\/ja\/design-parade-8-les-laureats-villa-noailles\/113770\/","og_locale":"ja_JP","og_type":"article","og_title":"DESIGN PARADE 8 - Les Laur\u00e9ats - JO YANA","og_description":"La huiti\u00e8me \u00e9dition du festival international de design, DESIGN PARADE, organis\u00e9e par la villa Noailles vient [&hellip;]","og_url":"https:\/\/joyana.fr\/ja\/design-parade-8-les-laureats-villa-noailles\/113770\/","og_site_name":"JO YANA","article_published_time":"2013-07-14T09:29:16+00:00","og_image":[{"width":650,"height":952,"url":"https:\/\/joyana.fr\/wp-content\/uploads\/2013\/07\/design-parade-2013-award-designparade8_affiche1.jpg","type":"image\/jpeg"}],"author":"Jo Yana","twitter_card":"summary_large_image","twitter_creator":"@Jo_Yana","twitter_site":"@Jo_Yana","twitter_misc":{"\u57f7\u7b46\u8005":"Jo Yana","\u63a8\u5b9a\u8aad\u307f\u53d6\u308a\u6642\u9593":"3\u5206"},"schema":{"@context":"https:\/\/schema.org","@graph":[{"@type":"Article","@id":"https:\/\/joyana.fr\/en\/design-parade-8-les-laureats-villa-noailles\/113770\/#article","isPartOf":{"@id":"https:\/\/joyana.fr\/en\/design-parade-8-les-laureats-villa-noailles\/113770\/"},"author":{"name":"Jo Yana","@id":"https:\/\/www.joyana.fr\/ja\/#\/schema\/person\/cf2a1ad12a27c12c21801075bf37407c"},"headline":"DESIGN PARADE 8 &#8211; Les Laur\u00e9ats","datePublished":"2013-07-14T09:29:16+00:00","mainEntityOfPage":{"@id":"https:\/\/joyana.fr\/en\/design-parade-8-les-laureats-villa-noailles\/113770\/"},"wordCount":563,"commentCount":2,"publisher":{"@id":"https:\/\/www.joyana.fr\/ja\/#\/schema\/person\/cf2a1ad12a27c12c21801075bf37407c"},"image":{"@id":"https:\/\/joyana.fr\/en\/design-parade-8-les-laureats-villa-noailles\/113770\/#primaryimage"},"thumbnailUrl":"https:\/\/i0.wp.com\/joyana.fr\/wp-content\/uploads\/2013\/07\/design-parade-2013-award-designparade8_affiche1.jpg?fit=650%2C952&ssl=1","keywords":["DESIGN","DESIGN PARADE","Villa Noailles"],"articleSection":["Actualit\u00e9 D\u00e9co-Design","DECO-DESIGN","Design Award","Design Parade","Designer"],"inLanguage":"ja","potentialAction":[{"@type":"CommentAction","name":"Comment","target":["https:\/\/joyana.fr\/en\/design-parade-8-les-laureats-villa-noailles\/113770\/#respond"]}]},{"@type":"WebPage","@id":"https:\/\/joyana.fr\/en\/design-parade-8-les-laureats-villa-noailles\/113770\/","url":"https:\/\/joyana.fr\/en\/design-parade-8-les-laureats-villa-noailles\/113770\/","name":"DESIGN PARADE 8 - Les Laur\u00e9ats - JO YANA","isPartOf":{"@id":"https:\/\/www.joyana.fr\/ja\/#website"},"primaryImageOfPage":{"@id":"https:\/\/joyana.fr\/en\/design-parade-8-les-laureats-villa-noailles\/113770\/#primaryimage"},"image":{"@id":"https:\/\/joyana.fr\/en\/design-parade-8-les-laureats-villa-noailles\/113770\/#primaryimage"},"thumbnailUrl":"https:\/\/i0.wp.com\/joyana.fr\/wp-content\/uploads\/2013\/07\/design-parade-2013-award-designparade8_affiche1.jpg?fit=650%2C952&ssl=1","datePublished":"2013-07-14T09:29:16+00:00","breadcrumb":{"@id":"https:\/\/joyana.fr\/en\/design-parade-8-les-laureats-villa-noailles\/113770\/#breadcrumb"},"inLanguage":"ja","potentialAction":[{"@type":"ReadAction","target":["https:\/\/joyana.fr\/en\/design-parade-8-les-laureats-villa-noailles\/113770\/"]}]},{"@type":"ImageObject","inLanguage":"ja","@id":"https:\/\/joyana.fr\/en\/design-parade-8-les-laureats-villa-noailles\/113770\/#primaryimage","url":"https:\/\/i0.wp.com\/joyana.fr\/wp-content\/uploads\/2013\/07\/design-parade-2013-award-designparade8_affiche1.jpg?fit=650%2C952&ssl=1","contentUrl":"https:\/\/i0.wp.com\/joyana.fr\/wp-content\/uploads\/2013\/07\/design-parade-2013-award-designparade8_affiche1.jpg?fit=650%2C952&ssl=1","width":650,"height":952},{"@type":"BreadcrumbList","@id":"https:\/\/joyana.fr\/en\/design-parade-8-les-laureats-villa-noailles\/113770\/#breadcrumb","itemListElement":[{"@type":"ListItem","position":1,"name":"Accueil","item":"https:\/\/www.joyana.fr\/ja\/"},{"@type":"ListItem","position":2,"name":"DESIGN PARADE 8 &#8211; Les Laur\u00e9ats"}]},{"@type":"WebSite","@id":"https:\/\/www.joyana.fr\/ja\/#website","url":"https:\/\/www.joyana.fr\/ja\/","name":"JO YANA","description":"Blog Mode Homme, Lifestyle, D\u00e9co-Design","publisher":{"@id":"https:\/\/www.joyana.fr\/ja\/#\/schema\/person\/cf2a1ad12a27c12c21801075bf37407c"},"potentialAction":[{"@type":"SearchAction","target":{"@type":"EntryPoint","urlTemplate":"https:\/\/www.joyana.fr\/ja\/?s={search_term_string}"},"query-input":{"@type":"PropertyValueSpecification","valueRequired":true,"valueName":"search_term_string"}}],"inLanguage":"ja"},{"@type":["Person","Organization"],"@id":"https:\/\/www.joyana.fr\/ja\/#\/schema\/person\/cf2a1ad12a27c12c21801075bf37407c","name":"Jo Yana","image":{"@type":"ImageObject","inLanguage":"ja","@id":"https:\/\/www.joyana.fr\/ja\/#\/schema\/person\/image\/","url":"https:\/\/i0.wp.com\/joyana.fr\/wp-content\/uploads\/2016\/08\/cropped-joyana-logo-black-360x180.png?fit=343%2C164&ssl=1","contentUrl":"https:\/\/i0.wp.com\/joyana.fr\/wp-content\/uploads\/2016\/08\/cropped-joyana-logo-black-360x180.png?fit=343%2C164&ssl=1","width":343,"height":164,"caption":"Jo Yana"},"logo":{"@id":"https:\/\/www.joyana.fr\/ja\/#\/schema\/person\/image\/"},"description":"Jo Yana est le cr\u00e9ateur et r\u00e9dacteur en chef des sites DECO-DESIGN. Passionn\u00e9 de Design, Mode, Photo, Luxe, Lifestyle, Musique, mais avant tout Blogueur ! Le plaisir de partager l'anime et a comme devise \"POUR L'AMOUR DU BEAU\". Retrouvez le aussi sur son blog personnel - https:\/\/joyana.fr...","sameAs":["https:\/\/joyana.fr\/"],"url":"https:\/\/joyana.fr\/ja\/author\/joyana\/"}]}},"author_meta":{"display_name":"Jo Yana","author_link":"https:\/\/joyana.fr\/ja\/author\/joyana\/"},"featured_img":"https:\/\/i0.wp.com\/joyana.fr\/wp-content\/uploads\/2013\/07\/design-parade-2013-award-designparade8_affiche1.jpg?fit=266%2C389&ssl=1","featured_image_src":"https:\/\/i0.wp.com\/joyana.fr\/wp-content\/uploads\/2013\/07\/design-parade-2013-award-designparade8_affiche1.jpg?resize=600%2C400&ssl=1","featured_image_src_square":"https:\/\/i0.wp.com\/joyana.fr\/wp-content\/uploads\/2013\/07\/design-parade-2013-award-designparade8_affiche1.jpg?resize=600%2C600&ssl=1","jetpack_featured_media_url":"https:\/\/i0.wp.com\/joyana.fr\/wp-content\/uploads\/2013\/07\/design-parade-2013-award-designparade8_affiche1.jpg?fit=650%2C952&ssl=1","uagb_featured_image_src":{"full":["https:\/\/i0.wp.com\/joyana.fr\/wp-content\/uploads\/2013\/07\/design-parade-2013-award-designparade8_affiche1.jpg?fit=650%2C952&ssl=1",650,952,false],"thumbnail":["https:\/\/i0.wp.com\/joyana.fr\/wp-content\/uploads\/2013\/07\/design-parade-2013-award-designparade8_affiche1.jpg?resize=150%2C150&ssl=1",150,150,true],"medium":["https:\/\/i0.wp.com\/joyana.fr\/wp-content\/uploads\/2013\/07\/design-parade-2013-award-designparade8_affiche1.jpg?fit=266%2C389&ssl=1",266,389,true],"medium_large":["https:\/\/i0.wp.com\/joyana.fr\/wp-content\/uploads\/2013\/07\/design-parade-2013-award-designparade8_affiche1.jpg?fit=650%2C952&ssl=1",650,952,true],"large":["https:\/\/i0.wp.com\/joyana.fr\/wp-content\/uploads\/2013\/07\/design-parade-2013-award-designparade8_affiche1.jpg?fit=650%2C952&ssl=1",650,952,true],"1536x1536":["https:\/\/i0.wp.com\/joyana.fr\/wp-content\/uploads\/2013\/07\/design-parade-2013-award-designparade8_affiche1.jpg?fit=650%2C952&ssl=1",650,952,true],"2048x2048":["https:\/\/i0.wp.com\/joyana.fr\/wp-content\/uploads\/2013\/07\/design-parade-2013-award-designparade8_affiche1.jpg?fit=650%2C952&ssl=1",650,952,true],"featured-thumb":["https:\/\/i0.wp.com\/joyana.fr\/wp-content\/uploads\/2013\/07\/design-parade-2013-award-designparade8_affiche1.jpg?resize=650%2C750&ssl=1",650,750,true],"ab-block-post-grid-landscape":["https:\/\/i0.wp.com\/joyana.fr\/wp-content\/uploads\/2013\/07\/design-parade-2013-award-designparade8_affiche1.jpg?resize=600%2C400&ssl=1",600,400,true],"ab-block-post-grid-square":["https:\/\/i0.wp.com\/joyana.fr\/wp-content\/uploads\/2013\/07\/design-parade-2013-award-designparade8_affiche1.jpg?resize=600%2C600&ssl=1",600,600,true],"author-pro-image":["https:\/\/i0.wp.com\/joyana.fr\/wp-content\/uploads\/2013\/07\/design-parade-2013-award-designparade8_affiche1.jpg?resize=360%2C570&ssl=1",360,570,true],"slider":["https:\/\/i0.wp.com\/joyana.fr\/wp-content\/uploads\/2013\/07\/design-parade-2013-award-designparade8_affiche1.jpg?resize=650%2C400&ssl=1",650,400,true],"woocommerce_thumbnail":["https:\/\/i0.wp.com\/joyana.fr\/wp-content\/uploads\/2013\/07\/design-parade-2013-award-designparade8_affiche1.jpg?resize=450%2C450&ssl=1",450,450,true],"woocommerce_single":["https:\/\/i0.wp.com\/joyana.fr\/wp-content\/uploads\/2013\/07\/design-parade-2013-award-designparade8_affiche1.jpg?fit=650%2C952&ssl=1",650,952,true],"woocommerce_gallery_thumbnail":["https:\/\/i0.wp.com\/joyana.fr\/wp-content\/uploads\/2013\/07\/design-parade-2013-award-designparade8_affiche1.jpg?resize=180%2C180&ssl=1",180,180,true],"sow-carousel-default":["https:\/\/i0.wp.com\/joyana.fr\/wp-content\/uploads\/2013\/07\/design-parade-2013-award-designparade8_affiche1.jpg?resize=272%2C182&ssl=1",272,182,true]},"uagb_author_info":{"display_name":"Jo Yana","author_link":"https:\/\/joyana.fr\/ja\/author\/joyana\/"},"uagb_comment_info":6,"uagb_excerpt":"La huiti\u00e8me \u00e9dition du festival international de design&hellip;","coauthors":[],"tax_additional":{"categories":{"linked":["<a href=\"https:\/\/joyana.fr\/ja\/category\/deco-design\/actualite\/actualite-deco-design\/\" class=\"advgb-post-tax-term\">Actualit\u00e9 D\u00e9co-Design<\/a>","<a href=\"https:\/\/joyana.fr\/ja\/category\/deco-design\/\" class=\"advgb-post-tax-term\">DECO-DESIGN<\/a>","<a href=\"https:\/\/joyana.fr\/ja\/category\/deco-design\/actualite\/design-award\/\" class=\"advgb-post-tax-term\">Design Award<\/a>","<a href=\"https:\/\/joyana.fr\/ja\/category\/deco-design\/actualite\/salon\/design-parade\/\" class=\"advgb-post-tax-term\">Design Parade<\/a>","<a href=\"https:\/\/joyana.fr\/ja\/category\/deco-design\/designer\/\" class=\"advgb-post-tax-term\">Designer<\/a>"],"unlinked":["<span class=\"advgb-post-tax-term\">Actualit\u00e9 D\u00e9co-Design<\/span>","<span class=\"advgb-post-tax-term\">DECO-DESIGN<\/span>","<span class=\"advgb-post-tax-term\">Design Award<\/span>","<span class=\"advgb-post-tax-term\">Design Parade<\/span>","<span class=\"advgb-post-tax-term\">Designer<\/span>"]},"tags":{"linked":["<a href=\"https:\/\/joyana.fr\/ja\/category\/deco-design\/designer\/\" class=\"advgb-post-tax-term\">DESIGN<\/a>","<a href=\"https:\/\/joyana.fr\/ja\/category\/deco-design\/designer\/\" class=\"advgb-post-tax-term\">DESIGN PARADE<\/a>","<a href=\"https:\/\/joyana.fr\/ja\/category\/deco-design\/designer\/\" class=\"advgb-post-tax-term\">Villa Noailles<\/a>"],"unlinked":["<span class=\"advgb-post-tax-term\">DESIGN<\/span>","<span class=\"advgb-post-tax-term\">DESIGN PARADE<\/span>","<span class=\"advgb-post-tax-term\">Villa Noailles<\/span>"]}},"comment_count":6,"relative_dates":{"created":"Posted 13\u5e74 ago","modified":"Updated 13\u5e74 ago"},"absolute_dates":{"created":"Posted on 14 7\u6708 2013","modified":"Updated on 14 7\u6708 2013"},"absolute_dates_time":{"created":"Posted on 14 7\u6708 2013 10:29","modified":"Updated on 14 7\u6708 2013 10:29"},"featured_img_caption":"","series_order":"","jetpack_sharing_enabled":true,"jetpack_shortlink":"https:\/\/wp.me\/p9bteI-tB0","jetpack-related-posts":[],"_links":{"self":[{"href":"https:\/\/joyana.fr\/ja\/wp-json\/wp\/v2\/posts\/113770","targetHints":{"allow":["GET"]}}],"collection":[{"href":"https:\/\/joyana.fr\/ja\/wp-json\/wp\/v2\/posts"}],"about":[{"href":"https:\/\/joyana.fr\/ja\/wp-json\/wp\/v2\/types\/post"}],"author":[{"embeddable":true,"href":"https:\/\/joyana.fr\/ja\/wp-json\/wp\/v2\/users\/3"}],"replies":[{"embeddable":true,"href":"https:\/\/joyana.fr\/ja\/wp-json\/wp\/v2\/comments?post=113770"}],"version-history":[{"count":0,"href":"https:\/\/joyana.fr\/ja\/wp-json\/wp\/v2\/posts\/113770\/revisions"}],"wp:featuredmedia":[{"embeddable":true,"href":"https:\/\/joyana.fr\/ja\/wp-json\/wp\/v2\/media\/113781"}],"wp:attachment":[{"href":"https:\/\/joyana.fr\/ja\/wp-json\/wp\/v2\/media?parent=113770"}],"wp:term":[{"taxonomy":"category","embeddable":true,"href":"https:\/\/joyana.fr\/ja\/wp-json\/wp\/v2\/categories?post=113770"},{"taxonomy":"post_tag","embeddable":true,"href":"https:\/\/joyana.fr\/ja\/wp-json\/wp\/v2\/tags?post=113770"}],"curies":[{"name":"wp","href":"https:\/\/api.w.org\/{rel}","templated":true}]}}