{"id":113787,"date":"2013-07-15T17:50:09","date_gmt":"2013-07-15T16:50:09","guid":{"rendered":"https:\/\/joyana.fr\/?p=13787"},"modified":"2013-07-15T17:50:09","modified_gmt":"2013-07-15T16:50:09","slug":"suspension-design-n-euro-par-davide-groppi-x-beppe-merlano","status":"publish","type":"post","link":"https:\/\/joyana.fr\/ja\/suspension-design-n-euro-par-davide-groppi-x-beppe-merlano\/113787\/","title":{"rendered":"Suspension N-EURO par Davide Groppi x Beppe MERLANO"},"content":{"rendered":"<p>Mettre la lumi\u00e8re o\u00f9 vous voulez, telle est l&#8217;ing\u00e9niosit\u00e9 de cette <strong>suspension N-EURO<\/strong> &#8211; sign\u00e9e par <strong>Beppe Merlano<\/strong> pour <strong>Davide Groppi<\/strong>&#8230;<\/p>\n<p><img data-recalc-dims=\"1\" fetchpriority=\"high\" decoding=\"async\" class=\"alignnone size-large wp-image-13788\" alt=\"Suspension N-EURO par Davide Groppi x Beppe MERLANO\" src=\"https:\/\/i0.wp.com\/joyana.fr\/wp-content\/uploads\/2013\/07\/neuro_4.jpg?resize=576%2C825&#038;ssl=1\" width=\"576\" height=\"825\" \/><\/p>\n<p>Mettre la lumi\u00e8re o\u00f9 je le souhaitais a toujours \u00e9t\u00e9 mon obsession confie le designer <strong>Beppe Merlano<\/strong>. La <strong>suspension N-EURO<\/strong> est un projet <strong>design<\/strong> simple, presque une renaissance de vieux sch\u00e9mas \u00e9lectriques : Une fiche, un long c\u00e2ble, cinq fixations, des mat\u00e9riaux isolants, une douille de lampe et une ampoule&#8230;<\/p>\n<p><img data-recalc-dims=\"1\" decoding=\"async\" class=\"alignnone size-large wp-image-13789\" alt=\"Suspension N-EURO par Davide Groppi x Beppe MERLANO\" src=\"https:\/\/i0.wp.com\/joyana.fr\/wp-content\/uploads\/2013\/07\/neuro_1.jpg?resize=576%2C825&#038;ssl=1\" width=\"576\" height=\"825\" \/><\/p>\n<p><img data-recalc-dims=\"1\" decoding=\"async\" class=\"alignnone size-large wp-image-13790\" alt=\"Suspension N-EURO par Davide Groppi x Beppe MERLANO\" src=\"https:\/\/i0.wp.com\/joyana.fr\/wp-content\/uploads\/2013\/07\/neuro_2.jpg?resize=576%2C801&#038;ssl=1\" width=\"576\" height=\"801\" \/><\/p>\n<p><img data-recalc-dims=\"1\" loading=\"lazy\" decoding=\"async\" class=\"alignnone size-large wp-image-13791\" alt=\"Suspension N-EURO par Davide Groppi x Beppe MERLANO\" src=\"https:\/\/i0.wp.com\/joyana.fr\/wp-content\/uploads\/2013\/07\/neuro_3.jpg?resize=576%2C825&#038;ssl=1\" width=\"576\" height=\"825\" \/><\/p>\n<p><iframe src=\"http:\/\/player.vimeo.com\/video\/65460267?title=0&#038;byline=0&#038;portrait=0&#038;color=ff0179&#038;autoplay=1&#038;loop=1\" height=\"324\" width=\"576\" allowfullscreen=\"\" frameborder=\"0\"><\/iframe><\/p>\n<p style=\"text-align: center;\">En savoir + sur <a title=\"DAVIDE GROPPI\" href=\"http:\/\/www.davidegroppi.com\/site.php?ID_menu=7&#038;language=eng\" target=\"_blank\"><strong>DAVIDE GROPPI<\/strong><\/a><\/p>\n","protected":false},"excerpt":{"rendered":"<p>Mettre la lumi\u00e8re o\u00f9 vous voulez, telle est l&#8217;ing\u00e9niosit\u00e9 de cette suspension N-EURO &#8211; sign\u00e9e par  [&hellip;]<\/p>\n","protected":false},"author":3,"featured_media":113788,"comment_status":"open","ping_status":"open","sticky":false,"template":"","format":"standard","meta":{"_coblocks_attr":"","_coblocks_dimensions":"","_coblocks_responsive_height":"","_coblocks_accordion_ie_support":"","_uag_custom_page_level_css":"","advgb_blocks_editor_width":"","advgb_blocks_columns_visual_guide":"","_genesis_hide_title":false,"_genesis_hide_breadcrumbs":false,"_genesis_hide_singular_image":false,"_genesis_hide_footer_widgets":false,"_genesis_custom_body_class":"","_genesis_custom_post_class":"","_genesis_layout":"","_themeisle_gutenberg_block_has_review":false,"_jetpack_newsletter_access":"","_jetpack_dont_email_post_to_subs":false,"_jetpack_newsletter_tier_id":0,"_jetpack_memberships_contains_paywalled_content":false,"_jetpack_memberships_contains_paid_content":false,"footnotes":""},"categories":[905,917,1023],"tags":[1425,1426,78,1152,1196,910,1328,1318],"class_list":{"0":"post-113787","1":"post","2":"type-post","3":"status-publish","4":"format-standard","5":"has-post-thumbnail","7":"category-deco-design","8":"category-luminaire","9":"category-suspension","10":"tag-beppe-merlano","11":"tag-davide-groppi","12":"tag-design","13":"tag-luminaire","14":"tag-luminaires","15":"tag-noir","16":"tag-suspension","17":"tag-suspension-design","18":"entry"},"featured_image_urls":{"full":["https:\/\/i0.wp.com\/joyana.fr\/wp-content\/uploads\/2013\/07\/neuro_4.jpg?fit=650%2C931&ssl=1",650,931,false],"thumbnail":["https:\/\/i0.wp.com\/joyana.fr\/wp-content\/uploads\/2013\/07\/neuro_4.jpg?resize=150%2C150&ssl=1",150,150,true],"medium":["https:\/\/i0.wp.com\/joyana.fr\/wp-content\/uploads\/2013\/07\/neuro_4.jpg?fit=272%2C389&ssl=1",272,389,true],"medium_large":["https:\/\/i0.wp.com\/joyana.fr\/wp-content\/uploads\/2013\/07\/neuro_4.jpg?fit=650%2C931&ssl=1",650,931,true],"large":["https:\/\/i0.wp.com\/joyana.fr\/wp-content\/uploads\/2013\/07\/neuro_4.jpg?fit=650%2C931&ssl=1",650,931,true],"1536x1536":["https:\/\/i0.wp.com\/joyana.fr\/wp-content\/uploads\/2013\/07\/neuro_4.jpg?fit=650%2C931&ssl=1",650,931,true],"2048x2048":["https:\/\/i0.wp.com\/joyana.fr\/wp-content\/uploads\/2013\/07\/neuro_4.jpg?fit=650%2C931&ssl=1",650,931,true],"featured-thumb":["https:\/\/i0.wp.com\/joyana.fr\/wp-content\/uploads\/2013\/07\/neuro_4.jpg?resize=650%2C750&ssl=1",650,750,true],"ab-block-post-grid-landscape":["https:\/\/i0.wp.com\/joyana.fr\/wp-content\/uploads\/2013\/07\/neuro_4.jpg?resize=600%2C400&ssl=1",600,400,true],"ab-block-post-grid-square":["https:\/\/i0.wp.com\/joyana.fr\/wp-content\/uploads\/2013\/07\/neuro_4.jpg?resize=600%2C600&ssl=1",600,600,true],"author-pro-image":["https:\/\/i0.wp.com\/joyana.fr\/wp-content\/uploads\/2013\/07\/neuro_4.jpg?resize=360%2C570&ssl=1",360,570,true],"slider":["https:\/\/i0.wp.com\/joyana.fr\/wp-content\/uploads\/2013\/07\/neuro_4.jpg?resize=650%2C400&ssl=1",650,400,true],"woocommerce_thumbnail":["https:\/\/i0.wp.com\/joyana.fr\/wp-content\/uploads\/2013\/07\/neuro_4.jpg?resize=450%2C450&ssl=1",450,450,true],"woocommerce_single":["https:\/\/i0.wp.com\/joyana.fr\/wp-content\/uploads\/2013\/07\/neuro_4.jpg?fit=650%2C931&ssl=1",650,931,true],"woocommerce_gallery_thumbnail":["https:\/\/i0.wp.com\/joyana.fr\/wp-content\/uploads\/2013\/07\/neuro_4.jpg?resize=180%2C180&ssl=1",180,180,true],"sow-carousel-default":["https:\/\/i0.wp.com\/joyana.fr\/wp-content\/uploads\/2013\/07\/neuro_4.jpg?resize=272%2C182&ssl=1",272,182,true]},"post_excerpt_stackable":"<p>Mettre la lumi\u00e8re o\u00f9 vous voulez, telle est l&#8217;ing\u00e9niosit\u00e9 de cette suspension N-EURO &#8211; s&hellip;<\/p>\n","category_list":"<a href=\"https:\/\/joyana.fr\/ja\/category\/deco-design\/\" rel=\"category tag\">DECO-DESIGN<\/a>, <a href=\"https:\/\/joyana.fr\/ja\/category\/deco-design\/luminaire\/\" rel=\"category tag\">Luminaire<\/a>, <a href=\"https:\/\/joyana.fr\/ja\/category\/deco-design\/luminaire\/suspension\/\" rel=\"category tag\">Suspension<\/a>","author_info":{"display_name":"Jo Yana","author_link":"https:\/\/joyana.fr\/ja\/author\/joyana\/"},"comments_num":"3 comments","featured_image_urls_v2":{"full":["https:\/\/i0.wp.com\/joyana.fr\/wp-content\/uploads\/2013\/07\/neuro_4.jpg?fit=650%2C931&ssl=1",650,931,false],"thumbnail":["https:\/\/i0.wp.com\/joyana.fr\/wp-content\/uploads\/2013\/07\/neuro_4.jpg?resize=150%2C150&ssl=1",150,150,true],"medium":["https:\/\/i0.wp.com\/joyana.fr\/wp-content\/uploads\/2013\/07\/neuro_4.jpg?fit=272%2C389&ssl=1",272,389,true],"medium_large":["https:\/\/i0.wp.com\/joyana.fr\/wp-content\/uploads\/2013\/07\/neuro_4.jpg?fit=650%2C931&ssl=1",650,931,true],"large":["https:\/\/i0.wp.com\/joyana.fr\/wp-content\/uploads\/2013\/07\/neuro_4.jpg?fit=650%2C931&ssl=1",650,931,true],"1536x1536":["https:\/\/i0.wp.com\/joyana.fr\/wp-content\/uploads\/2013\/07\/neuro_4.jpg?fit=650%2C931&ssl=1",650,931,true],"2048x2048":["https:\/\/i0.wp.com\/joyana.fr\/wp-content\/uploads\/2013\/07\/neuro_4.jpg?fit=650%2C931&ssl=1",650,931,true],"featured-thumb":["https:\/\/i0.wp.com\/joyana.fr\/wp-content\/uploads\/2013\/07\/neuro_4.jpg?resize=650%2C750&ssl=1",650,750,true],"ab-block-post-grid-landscape":["https:\/\/i0.wp.com\/joyana.fr\/wp-content\/uploads\/2013\/07\/neuro_4.jpg?resize=600%2C400&ssl=1",600,400,true],"ab-block-post-grid-square":["https:\/\/i0.wp.com\/joyana.fr\/wp-content\/uploads\/2013\/07\/neuro_4.jpg?resize=600%2C600&ssl=1",600,600,true],"author-pro-image":["https:\/\/i0.wp.com\/joyana.fr\/wp-content\/uploads\/2013\/07\/neuro_4.jpg?resize=360%2C570&ssl=1",360,570,true],"slider":["https:\/\/i0.wp.com\/joyana.fr\/wp-content\/uploads\/2013\/07\/neuro_4.jpg?resize=650%2C400&ssl=1",650,400,true],"woocommerce_thumbnail":["https:\/\/i0.wp.com\/joyana.fr\/wp-content\/uploads\/2013\/07\/neuro_4.jpg?resize=450%2C450&ssl=1",450,450,true],"woocommerce_single":["https:\/\/i0.wp.com\/joyana.fr\/wp-content\/uploads\/2013\/07\/neuro_4.jpg?fit=650%2C931&ssl=1",650,931,true],"woocommerce_gallery_thumbnail":["https:\/\/i0.wp.com\/joyana.fr\/wp-content\/uploads\/2013\/07\/neuro_4.jpg?resize=180%2C180&ssl=1",180,180,true],"sow-carousel-default":["https:\/\/i0.wp.com\/joyana.fr\/wp-content\/uploads\/2013\/07\/neuro_4.jpg?resize=272%2C182&ssl=1",272,182,true]},"post_excerpt_stackable_v2":"<p>Mettre la lumi\u00e8re o\u00f9 vous voulez, telle est l&#8217;ing\u00e9niosit\u00e9 de cette suspension N-EURO &#8211; s&hellip;<\/p>\n","category_list_v2":"<a href=\"https:\/\/joyana.fr\/ja\/category\/deco-design\/\" rel=\"category tag\">DECO-DESIGN<\/a>, <a href=\"https:\/\/joyana.fr\/ja\/category\/deco-design\/luminaire\/\" rel=\"category tag\">Luminaire<\/a>, <a href=\"https:\/\/joyana.fr\/ja\/category\/deco-design\/luminaire\/suspension\/\" rel=\"category tag\">Suspension<\/a>","author_info_v2":{"name":"Jo Yana","url":"https:\/\/joyana.fr\/ja\/author\/joyana\/"},"comments_num_v2":"3 comments","yoast_head":"<!-- This site is optimized with the Yoast SEO plugin v26.8 - https:\/\/yoast.com\/product\/yoast-seo-wordpress\/ -->\n<title>Suspension N-EURO par Davide Groppi x Beppe MERLANO - JO YANA<\/title>\n<meta name=\"robots\" content=\"index, follow, max-snippet:-1, max-image-preview:large, max-video-preview:-1\" \/>\n<link rel=\"canonical\" href=\"https:\/\/joyana.fr\/ja\/suspension-design-n-euro-par-davide-groppi-x-beppe-merlano\/113787\/\" \/>\n<meta property=\"og:locale\" content=\"ja_JP\" \/>\n<meta property=\"og:locale:alternate\" content=\"fr_FR\" \/>\n<meta property=\"og:locale:alternate\" content=\"en_US\" \/>\n<meta property=\"og:type\" content=\"article\" \/>\n<meta property=\"og:title\" content=\"Suspension N-EURO par Davide Groppi x Beppe MERLANO - JO YANA\" \/>\n<meta property=\"og:description\" content=\"Mettre la lumi\u00e8re o\u00f9 vous voulez, telle est l&#8217;ing\u00e9niosit\u00e9 de cette suspension N-EURO &#8211; sign\u00e9e par [&hellip;]\" \/>\n<meta property=\"og:url\" content=\"https:\/\/joyana.fr\/ja\/suspension-design-n-euro-par-davide-groppi-x-beppe-merlano\/113787\/\" \/>\n<meta property=\"og:site_name\" content=\"JO YANA\" \/>\n<meta property=\"article:published_time\" content=\"2013-07-15T16:50:09+00:00\" \/>\n<meta property=\"og:image\" content=\"https:\/\/joyana.fr\/wp-content\/uploads\/2013\/07\/neuro_4.jpg\" \/>\n\t<meta property=\"og:image:width\" content=\"650\" \/>\n\t<meta property=\"og:image:height\" content=\"931\" \/>\n\t<meta property=\"og:image:type\" content=\"image\/jpeg\" \/>\n<meta name=\"author\" content=\"Jo Yana\" \/>\n<meta name=\"twitter:card\" content=\"summary_large_image\" \/>\n<meta name=\"twitter:creator\" content=\"@Jo_Yana\" \/>\n<meta name=\"twitter:site\" content=\"@Jo_Yana\" \/>\n<meta name=\"twitter:label1\" content=\"\u57f7\u7b46\u8005\" \/>\n\t<meta name=\"twitter:data1\" content=\"Jo Yana\" \/>\n<script type=\"application\/ld+json\" class=\"yoast-schema-graph\">{\"@context\":\"https:\/\/schema.org\",\"@graph\":[{\"@type\":\"Article\",\"@id\":\"https:\/\/joyana.fr\/ja\/suspension-design-n-euro-par-davide-groppi-x-beppe-merlano\/113787\/#article\",\"isPartOf\":{\"@id\":\"https:\/\/joyana.fr\/ja\/suspension-design-n-euro-par-davide-groppi-x-beppe-merlano\/113787\/\"},\"author\":{\"name\":\"Jo Yana\",\"@id\":\"https:\/\/joyana.fr\/#\/schema\/person\/cf2a1ad12a27c12c21801075bf37407c\"},\"headline\":\"Suspension N-EURO par Davide Groppi x Beppe MERLANO\",\"datePublished\":\"2013-07-15T16:50:09+00:00\",\"mainEntityOfPage\":{\"@id\":\"https:\/\/joyana.fr\/ja\/suspension-design-n-euro-par-davide-groppi-x-beppe-merlano\/113787\/\"},\"wordCount\":91,\"commentCount\":1,\"publisher\":{\"@id\":\"https:\/\/joyana.fr\/#\/schema\/person\/cf2a1ad12a27c12c21801075bf37407c\"},\"image\":{\"@id\":\"https:\/\/joyana.fr\/ja\/suspension-design-n-euro-par-davide-groppi-x-beppe-merlano\/113787\/#primaryimage\"},\"thumbnailUrl\":\"https:\/\/i0.wp.com\/joyana.fr\/wp-content\/uploads\/2013\/07\/neuro_4.jpg?fit=650%2C931&ssl=1\",\"keywords\":[\"Beppe MERLANO\",\"Davide Groppi\",\"DESIGN\",\"Luminaire\",\"Luminaires\",\"Noir\",\"Suspension\",\"Suspension design\"],\"articleSection\":[\"DECO-DESIGN\",\"Luminaire\",\"Suspension\"],\"inLanguage\":\"ja\",\"potentialAction\":[{\"@type\":\"CommentAction\",\"name\":\"Comment\",\"target\":[\"https:\/\/joyana.fr\/ja\/suspension-design-n-euro-par-davide-groppi-x-beppe-merlano\/113787\/#respond\"]}]},{\"@type\":\"WebPage\",\"@id\":\"https:\/\/joyana.fr\/ja\/suspension-design-n-euro-par-davide-groppi-x-beppe-merlano\/113787\/\",\"url\":\"https:\/\/joyana.fr\/ja\/suspension-design-n-euro-par-davide-groppi-x-beppe-merlano\/113787\/\",\"name\":\"Suspension N-EURO par Davide Groppi x Beppe MERLANO - JO YANA\",\"isPartOf\":{\"@id\":\"https:\/\/joyana.fr\/#website\"},\"primaryImageOfPage\":{\"@id\":\"https:\/\/joyana.fr\/ja\/suspension-design-n-euro-par-davide-groppi-x-beppe-merlano\/113787\/#primaryimage\"},\"image\":{\"@id\":\"https:\/\/joyana.fr\/ja\/suspension-design-n-euro-par-davide-groppi-x-beppe-merlano\/113787\/#primaryimage\"},\"thumbnailUrl\":\"https:\/\/i0.wp.com\/joyana.fr\/wp-content\/uploads\/2013\/07\/neuro_4.jpg?fit=650%2C931&ssl=1\",\"datePublished\":\"2013-07-15T16:50:09+00:00\",\"breadcrumb\":{\"@id\":\"https:\/\/joyana.fr\/ja\/suspension-design-n-euro-par-davide-groppi-x-beppe-merlano\/113787\/#breadcrumb\"},\"inLanguage\":\"ja\",\"potentialAction\":[{\"@type\":\"ReadAction\",\"target\":[\"https:\/\/joyana.fr\/ja\/suspension-design-n-euro-par-davide-groppi-x-beppe-merlano\/113787\/\"]}]},{\"@type\":\"ImageObject\",\"inLanguage\":\"ja\",\"@id\":\"https:\/\/joyana.fr\/ja\/suspension-design-n-euro-par-davide-groppi-x-beppe-merlano\/113787\/#primaryimage\",\"url\":\"https:\/\/i0.wp.com\/joyana.fr\/wp-content\/uploads\/2013\/07\/neuro_4.jpg?fit=650%2C931&ssl=1\",\"contentUrl\":\"https:\/\/i0.wp.com\/joyana.fr\/wp-content\/uploads\/2013\/07\/neuro_4.jpg?fit=650%2C931&ssl=1\",\"width\":650,\"height\":931},{\"@type\":\"BreadcrumbList\",\"@id\":\"https:\/\/joyana.fr\/ja\/suspension-design-n-euro-par-davide-groppi-x-beppe-merlano\/113787\/#breadcrumb\",\"itemListElement\":[{\"@type\":\"ListItem\",\"position\":1,\"name\":\"Accueil\",\"item\":\"https:\/\/joyana.fr\/\"},{\"@type\":\"ListItem\",\"position\":2,\"name\":\"Suspension N-EURO par Davide Groppi x Beppe MERLANO\"}]},{\"@type\":\"WebSite\",\"@id\":\"https:\/\/joyana.fr\/#website\",\"url\":\"https:\/\/joyana.fr\/\",\"name\":\"JO YANA\",\"description\":\"Blog Mode Homme, Lifestyle, D\u00e9co-Design\",\"publisher\":{\"@id\":\"https:\/\/joyana.fr\/#\/schema\/person\/cf2a1ad12a27c12c21801075bf37407c\"},\"potentialAction\":[{\"@type\":\"SearchAction\",\"target\":{\"@type\":\"EntryPoint\",\"urlTemplate\":\"https:\/\/joyana.fr\/?s={search_term_string}\"},\"query-input\":{\"@type\":\"PropertyValueSpecification\",\"valueRequired\":true,\"valueName\":\"search_term_string\"}}],\"inLanguage\":\"ja\"},{\"@type\":[\"Person\",\"Organization\"],\"@id\":\"https:\/\/joyana.fr\/#\/schema\/person\/cf2a1ad12a27c12c21801075bf37407c\",\"name\":\"Jo Yana\",\"image\":{\"@type\":\"ImageObject\",\"inLanguage\":\"ja\",\"@id\":\"https:\/\/joyana.fr\/#\/schema\/person\/image\/\",\"url\":\"https:\/\/i0.wp.com\/joyana.fr\/wp-content\/uploads\/2016\/08\/cropped-joyana-logo-black-360x180.png?fit=343%2C164&ssl=1\",\"contentUrl\":\"https:\/\/i0.wp.com\/joyana.fr\/wp-content\/uploads\/2016\/08\/cropped-joyana-logo-black-360x180.png?fit=343%2C164&ssl=1\",\"width\":343,\"height\":164,\"caption\":\"Jo Yana\"},\"logo\":{\"@id\":\"https:\/\/joyana.fr\/#\/schema\/person\/image\/\"},\"description\":\"Jo Yana est le cr\u00e9ateur et r\u00e9dacteur en chef des sites DECO-DESIGN. Passionn\u00e9 de Design, Mode, Photo, Luxe, Lifestyle, Musique, mais avant tout Blogueur ! Le plaisir de partager l'anime et a comme devise \\\"POUR L'AMOUR DU BEAU\\\". Retrouvez le aussi sur son blog personnel - https:\/\/joyana.fr...\",\"sameAs\":[\"https:\/\/joyana.fr\/\"],\"url\":\"https:\/\/joyana.fr\/ja\/author\/joyana\/\"}]}<\/script>\n<!-- \/ Yoast SEO plugin. -->","yoast_head_json":{"title":"Suspension N-EURO par Davide Groppi x Beppe MERLANO - JO YANA","robots":{"index":"index","follow":"follow","max-snippet":"max-snippet:-1","max-image-preview":"max-image-preview:large","max-video-preview":"max-video-preview:-1"},"canonical":"https:\/\/joyana.fr\/ja\/suspension-design-n-euro-par-davide-groppi-x-beppe-merlano\/113787\/","og_locale":"ja_JP","og_type":"article","og_title":"Suspension N-EURO par Davide Groppi x Beppe MERLANO - JO YANA","og_description":"Mettre la lumi\u00e8re o\u00f9 vous voulez, telle est l&#8217;ing\u00e9niosit\u00e9 de cette suspension N-EURO &#8211; sign\u00e9e par [&hellip;]","og_url":"https:\/\/joyana.fr\/ja\/suspension-design-n-euro-par-davide-groppi-x-beppe-merlano\/113787\/","og_site_name":"JO YANA","article_published_time":"2013-07-15T16:50:09+00:00","og_image":[{"width":650,"height":931,"url":"https:\/\/joyana.fr\/wp-content\/uploads\/2013\/07\/neuro_4.jpg","type":"image\/jpeg"}],"author":"Jo Yana","twitter_card":"summary_large_image","twitter_creator":"@Jo_Yana","twitter_site":"@Jo_Yana","twitter_misc":{"\u57f7\u7b46\u8005":"Jo Yana"},"schema":{"@context":"https:\/\/schema.org","@graph":[{"@type":"Article","@id":"https:\/\/joyana.fr\/ja\/suspension-design-n-euro-par-davide-groppi-x-beppe-merlano\/113787\/#article","isPartOf":{"@id":"https:\/\/joyana.fr\/ja\/suspension-design-n-euro-par-davide-groppi-x-beppe-merlano\/113787\/"},"author":{"name":"Jo Yana","@id":"https:\/\/joyana.fr\/#\/schema\/person\/cf2a1ad12a27c12c21801075bf37407c"},"headline":"Suspension N-EURO par Davide Groppi x Beppe MERLANO","datePublished":"2013-07-15T16:50:09+00:00","mainEntityOfPage":{"@id":"https:\/\/joyana.fr\/ja\/suspension-design-n-euro-par-davide-groppi-x-beppe-merlano\/113787\/"},"wordCount":91,"commentCount":1,"publisher":{"@id":"https:\/\/joyana.fr\/#\/schema\/person\/cf2a1ad12a27c12c21801075bf37407c"},"image":{"@id":"https:\/\/joyana.fr\/ja\/suspension-design-n-euro-par-davide-groppi-x-beppe-merlano\/113787\/#primaryimage"},"thumbnailUrl":"https:\/\/i0.wp.com\/joyana.fr\/wp-content\/uploads\/2013\/07\/neuro_4.jpg?fit=650%2C931&ssl=1","keywords":["Beppe MERLANO","Davide Groppi","DESIGN","Luminaire","Luminaires","Noir","Suspension","Suspension design"],"articleSection":["DECO-DESIGN","Luminaire","Suspension"],"inLanguage":"ja","potentialAction":[{"@type":"CommentAction","name":"Comment","target":["https:\/\/joyana.fr\/ja\/suspension-design-n-euro-par-davide-groppi-x-beppe-merlano\/113787\/#respond"]}]},{"@type":"WebPage","@id":"https:\/\/joyana.fr\/ja\/suspension-design-n-euro-par-davide-groppi-x-beppe-merlano\/113787\/","url":"https:\/\/joyana.fr\/ja\/suspension-design-n-euro-par-davide-groppi-x-beppe-merlano\/113787\/","name":"Suspension N-EURO par Davide Groppi x Beppe MERLANO - JO YANA","isPartOf":{"@id":"https:\/\/joyana.fr\/#website"},"primaryImageOfPage":{"@id":"https:\/\/joyana.fr\/ja\/suspension-design-n-euro-par-davide-groppi-x-beppe-merlano\/113787\/#primaryimage"},"image":{"@id":"https:\/\/joyana.fr\/ja\/suspension-design-n-euro-par-davide-groppi-x-beppe-merlano\/113787\/#primaryimage"},"thumbnailUrl":"https:\/\/i0.wp.com\/joyana.fr\/wp-content\/uploads\/2013\/07\/neuro_4.jpg?fit=650%2C931&ssl=1","datePublished":"2013-07-15T16:50:09+00:00","breadcrumb":{"@id":"https:\/\/joyana.fr\/ja\/suspension-design-n-euro-par-davide-groppi-x-beppe-merlano\/113787\/#breadcrumb"},"inLanguage":"ja","potentialAction":[{"@type":"ReadAction","target":["https:\/\/joyana.fr\/ja\/suspension-design-n-euro-par-davide-groppi-x-beppe-merlano\/113787\/"]}]},{"@type":"ImageObject","inLanguage":"ja","@id":"https:\/\/joyana.fr\/ja\/suspension-design-n-euro-par-davide-groppi-x-beppe-merlano\/113787\/#primaryimage","url":"https:\/\/i0.wp.com\/joyana.fr\/wp-content\/uploads\/2013\/07\/neuro_4.jpg?fit=650%2C931&ssl=1","contentUrl":"https:\/\/i0.wp.com\/joyana.fr\/wp-content\/uploads\/2013\/07\/neuro_4.jpg?fit=650%2C931&ssl=1","width":650,"height":931},{"@type":"BreadcrumbList","@id":"https:\/\/joyana.fr\/ja\/suspension-design-n-euro-par-davide-groppi-x-beppe-merlano\/113787\/#breadcrumb","itemListElement":[{"@type":"ListItem","position":1,"name":"Accueil","item":"https:\/\/joyana.fr\/"},{"@type":"ListItem","position":2,"name":"Suspension N-EURO par Davide Groppi x Beppe MERLANO"}]},{"@type":"WebSite","@id":"https:\/\/joyana.fr\/#website","url":"https:\/\/joyana.fr\/","name":"JO YANA","description":"Blog Mode Homme, Lifestyle, D\u00e9co-Design","publisher":{"@id":"https:\/\/joyana.fr\/#\/schema\/person\/cf2a1ad12a27c12c21801075bf37407c"},"potentialAction":[{"@type":"SearchAction","target":{"@type":"EntryPoint","urlTemplate":"https:\/\/joyana.fr\/?s={search_term_string}"},"query-input":{"@type":"PropertyValueSpecification","valueRequired":true,"valueName":"search_term_string"}}],"inLanguage":"ja"},{"@type":["Person","Organization"],"@id":"https:\/\/joyana.fr\/#\/schema\/person\/cf2a1ad12a27c12c21801075bf37407c","name":"Jo Yana","image":{"@type":"ImageObject","inLanguage":"ja","@id":"https:\/\/joyana.fr\/#\/schema\/person\/image\/","url":"https:\/\/i0.wp.com\/joyana.fr\/wp-content\/uploads\/2016\/08\/cropped-joyana-logo-black-360x180.png?fit=343%2C164&ssl=1","contentUrl":"https:\/\/i0.wp.com\/joyana.fr\/wp-content\/uploads\/2016\/08\/cropped-joyana-logo-black-360x180.png?fit=343%2C164&ssl=1","width":343,"height":164,"caption":"Jo Yana"},"logo":{"@id":"https:\/\/joyana.fr\/#\/schema\/person\/image\/"},"description":"Jo Yana est le cr\u00e9ateur et r\u00e9dacteur en chef des sites DECO-DESIGN. Passionn\u00e9 de Design, Mode, Photo, Luxe, Lifestyle, Musique, mais avant tout Blogueur ! Le plaisir de partager l'anime et a comme devise \"POUR L'AMOUR DU BEAU\". Retrouvez le aussi sur son blog personnel - https:\/\/joyana.fr...","sameAs":["https:\/\/joyana.fr\/"],"url":"https:\/\/joyana.fr\/ja\/author\/joyana\/"}]}},"author_meta":{"display_name":"Jo Yana","author_link":"https:\/\/joyana.fr\/ja\/author\/joyana\/"},"featured_img":"https:\/\/i0.wp.com\/joyana.fr\/wp-content\/uploads\/2013\/07\/neuro_4.jpg?fit=272%2C389&ssl=1","featured_image_src":"https:\/\/i0.wp.com\/joyana.fr\/wp-content\/uploads\/2013\/07\/neuro_4.jpg?resize=600%2C400&ssl=1","featured_image_src_square":"https:\/\/i0.wp.com\/joyana.fr\/wp-content\/uploads\/2013\/07\/neuro_4.jpg?resize=600%2C600&ssl=1","jetpack_featured_media_url":"https:\/\/i0.wp.com\/joyana.fr\/wp-content\/uploads\/2013\/07\/neuro_4.jpg?fit=650%2C931&ssl=1","uagb_featured_image_src":{"full":["https:\/\/i0.wp.com\/joyana.fr\/wp-content\/uploads\/2013\/07\/neuro_4.jpg?fit=650%2C931&ssl=1",650,931,false],"thumbnail":["https:\/\/i0.wp.com\/joyana.fr\/wp-content\/uploads\/2013\/07\/neuro_4.jpg?resize=150%2C150&ssl=1",150,150,true],"medium":["https:\/\/i0.wp.com\/joyana.fr\/wp-content\/uploads\/2013\/07\/neuro_4.jpg?fit=272%2C389&ssl=1",272,389,true],"medium_large":["https:\/\/i0.wp.com\/joyana.fr\/wp-content\/uploads\/2013\/07\/neuro_4.jpg?fit=650%2C931&ssl=1",650,931,true],"large":["https:\/\/i0.wp.com\/joyana.fr\/wp-content\/uploads\/2013\/07\/neuro_4.jpg?fit=650%2C931&ssl=1",650,931,true],"1536x1536":["https:\/\/i0.wp.com\/joyana.fr\/wp-content\/uploads\/2013\/07\/neuro_4.jpg?fit=650%2C931&ssl=1",650,931,true],"2048x2048":["https:\/\/i0.wp.com\/joyana.fr\/wp-content\/uploads\/2013\/07\/neuro_4.jpg?fit=650%2C931&ssl=1",650,931,true],"featured-thumb":["https:\/\/i0.wp.com\/joyana.fr\/wp-content\/uploads\/2013\/07\/neuro_4.jpg?resize=650%2C750&ssl=1",650,750,true],"ab-block-post-grid-landscape":["https:\/\/i0.wp.com\/joyana.fr\/wp-content\/uploads\/2013\/07\/neuro_4.jpg?resize=600%2C400&ssl=1",600,400,true],"ab-block-post-grid-square":["https:\/\/i0.wp.com\/joyana.fr\/wp-content\/uploads\/2013\/07\/neuro_4.jpg?resize=600%2C600&ssl=1",600,600,true],"author-pro-image":["https:\/\/i0.wp.com\/joyana.fr\/wp-content\/uploads\/2013\/07\/neuro_4.jpg?resize=360%2C570&ssl=1",360,570,true],"slider":["https:\/\/i0.wp.com\/joyana.fr\/wp-content\/uploads\/2013\/07\/neuro_4.jpg?resize=650%2C400&ssl=1",650,400,true],"woocommerce_thumbnail":["https:\/\/i0.wp.com\/joyana.fr\/wp-content\/uploads\/2013\/07\/neuro_4.jpg?resize=450%2C450&ssl=1",450,450,true],"woocommerce_single":["https:\/\/i0.wp.com\/joyana.fr\/wp-content\/uploads\/2013\/07\/neuro_4.jpg?fit=650%2C931&ssl=1",650,931,true],"woocommerce_gallery_thumbnail":["https:\/\/i0.wp.com\/joyana.fr\/wp-content\/uploads\/2013\/07\/neuro_4.jpg?resize=180%2C180&ssl=1",180,180,true],"sow-carousel-default":["https:\/\/i0.wp.com\/joyana.fr\/wp-content\/uploads\/2013\/07\/neuro_4.jpg?resize=272%2C182&ssl=1",272,182,true]},"uagb_author_info":{"display_name":"Jo Yana","author_link":"https:\/\/joyana.fr\/ja\/author\/joyana\/"},"uagb_comment_info":3,"uagb_excerpt":"Mettre la lumi\u00e8re o\u00f9 vous voulez, telle est l&#8217;ing&hellip;","coauthors":[],"tax_additional":{"categories":{"linked":["<a href=\"https:\/\/joyana.fr\/ja\/category\/deco-design\/\" class=\"advgb-post-tax-term\">DECO-DESIGN<\/a>","<a href=\"https:\/\/joyana.fr\/ja\/category\/deco-design\/luminaire\/\" class=\"advgb-post-tax-term\">Luminaire<\/a>","<a href=\"https:\/\/joyana.fr\/ja\/category\/deco-design\/luminaire\/suspension\/\" class=\"advgb-post-tax-term\">Suspension<\/a>"],"unlinked":["<span class=\"advgb-post-tax-term\">DECO-DESIGN<\/span>","<span class=\"advgb-post-tax-term\">Luminaire<\/span>","<span class=\"advgb-post-tax-term\">Suspension<\/span>"]},"tags":{"linked":["<a href=\"https:\/\/joyana.fr\/ja\/category\/deco-design\/luminaire\/suspension\/\" class=\"advgb-post-tax-term\">Beppe MERLANO<\/a>","<a href=\"https:\/\/joyana.fr\/ja\/category\/deco-design\/luminaire\/suspension\/\" class=\"advgb-post-tax-term\">Davide Groppi<\/a>","<a href=\"https:\/\/joyana.fr\/ja\/category\/deco-design\/luminaire\/suspension\/\" class=\"advgb-post-tax-term\">DESIGN<\/a>","<a href=\"https:\/\/joyana.fr\/ja\/category\/deco-design\/luminaire\/suspension\/\" class=\"advgb-post-tax-term\">Luminaire<\/a>","<a href=\"https:\/\/joyana.fr\/ja\/category\/deco-design\/luminaire\/suspension\/\" class=\"advgb-post-tax-term\">Luminaires<\/a>","<a href=\"https:\/\/joyana.fr\/ja\/category\/deco-design\/luminaire\/suspension\/\" class=\"advgb-post-tax-term\">Noir<\/a>","<a href=\"https:\/\/joyana.fr\/ja\/category\/deco-design\/luminaire\/suspension\/\" class=\"advgb-post-tax-term\">Suspension<\/a>","<a href=\"https:\/\/joyana.fr\/ja\/category\/deco-design\/luminaire\/suspension\/\" class=\"advgb-post-tax-term\">Suspension design<\/a>"],"unlinked":["<span class=\"advgb-post-tax-term\">Beppe MERLANO<\/span>","<span class=\"advgb-post-tax-term\">Davide Groppi<\/span>","<span class=\"advgb-post-tax-term\">DESIGN<\/span>","<span class=\"advgb-post-tax-term\">Luminaire<\/span>","<span class=\"advgb-post-tax-term\">Luminaires<\/span>","<span class=\"advgb-post-tax-term\">Noir<\/span>","<span class=\"advgb-post-tax-term\">Suspension<\/span>","<span class=\"advgb-post-tax-term\">Suspension design<\/span>"]}},"comment_count":3,"relative_dates":{"created":"Posted 13\u5e74 ago","modified":"Updated 13\u5e74 ago"},"absolute_dates":{"created":"Posted on 15 7\u6708 2013","modified":"Updated on 15 7\u6708 2013"},"absolute_dates_time":{"created":"Posted on 15 7\u6708 2013 17:50","modified":"Updated on 15 7\u6708 2013 17:50"},"featured_img_caption":"","series_order":"","jetpack_sharing_enabled":true,"jetpack_shortlink":"https:\/\/wp.me\/p9bteI-tBh","jetpack-related-posts":[],"_links":{"self":[{"href":"https:\/\/joyana.fr\/ja\/wp-json\/wp\/v2\/posts\/113787","targetHints":{"allow":["GET"]}}],"collection":[{"href":"https:\/\/joyana.fr\/ja\/wp-json\/wp\/v2\/posts"}],"about":[{"href":"https:\/\/joyana.fr\/ja\/wp-json\/wp\/v2\/types\/post"}],"author":[{"embeddable":true,"href":"https:\/\/joyana.fr\/ja\/wp-json\/wp\/v2\/users\/3"}],"replies":[{"embeddable":true,"href":"https:\/\/joyana.fr\/ja\/wp-json\/wp\/v2\/comments?post=113787"}],"version-history":[{"count":0,"href":"https:\/\/joyana.fr\/ja\/wp-json\/wp\/v2\/posts\/113787\/revisions"}],"wp:featuredmedia":[{"embeddable":true,"href":"https:\/\/joyana.fr\/ja\/wp-json\/wp\/v2\/media\/113788"}],"wp:attachment":[{"href":"https:\/\/joyana.fr\/ja\/wp-json\/wp\/v2\/media?parent=113787"}],"wp:term":[{"taxonomy":"category","embeddable":true,"href":"https:\/\/joyana.fr\/ja\/wp-json\/wp\/v2\/categories?post=113787"},{"taxonomy":"post_tag","embeddable":true,"href":"https:\/\/joyana.fr\/ja\/wp-json\/wp\/v2\/tags?post=113787"}],"curies":[{"name":"wp","href":"https:\/\/api.w.org\/{rel}","templated":true}]}}