{"id":114037,"date":"2013-08-27T18:13:31","date_gmt":"2013-08-27T17:13:31","guid":{"rendered":"https:\/\/joyana.fr\/?p=14037"},"modified":"2013-08-27T18:13:31","modified_gmt":"2013-08-27T17:13:31","slug":"barcelona-la-baignoire-genereuse-et-luxueuse-de-victoria-albert","status":"publish","type":"post","link":"https:\/\/joyana.fr\/ja\/barcelona-la-baignoire-genereuse-et-luxueuse-de-victoria-albert\/114037\/","title":{"rendered":"BARCELONA la baignoire g\u00e9n\u00e9reuse et luxueuse de Victoria + Albert"},"content":{"rendered":"<p>Le sp\u00e9cialiste salle de bains <strong>Victoria + Albert<\/strong> nous pr\u00e9sente une<strong> baignoire<\/strong> luxueuse &#8211; intitul\u00e9e <strong>BARCELONA<\/strong> &#8211; \u00a0aux lignes organiques du plus bel effet&#8230;<\/p>\n<p><img data-recalc-dims=\"1\" fetchpriority=\"high\" decoding=\"async\" class=\"alignnone size-large wp-image-14044\" alt=\"Barcelona_bath__email-NEW\" src=\"https:\/\/i0.wp.com\/joyana.fr\/wp-content\/uploads\/2013\/08\/Barcelona_bath__email-NEW1.jpg?resize=576%2C432&#038;ssl=1\" width=\"576\" height=\"432\" \/><\/p>\n<p>Inspir\u00e9 par Barcelone, la ville c\u00e9l\u00e8bre pour son architecture organique, la <strong>baignoire BARCELONA<\/strong> de<strong> Victoria + Albert<\/strong> se caract\u00e9rise par des courbes g\u00e9n\u00e9reuses : ses dimensions harmonieuses et ses dossiers ergonomiques garantissent un confort maximum !<\/p>\n<p>La <strong>baignoire BARCELONA<\/strong> est un savant m\u00e9lange de design contemporain et de style intemporel. Avec sa forme rappelant un galet, ses courbes fluides, sym\u00e9triques et sans rebord, elle s\u2019int\u00e8gre harmonieusement dans toutes les salles de bain, et particuli\u00e8rement dans les grands espaces ouverts&#8230;<\/p>\n<p><img data-recalc-dims=\"1\" decoding=\"async\" class=\"alignnone size-large wp-image-14039\" alt=\"Barcelona_Bath_email\" src=\"https:\/\/i0.wp.com\/joyana.fr\/wp-content\/uploads\/2013\/08\/Barcelona_Bath_email.jpg?resize=576%2C407&#038;ssl=1\" width=\"576\" height=\"407\" \/><\/p>\n<p><img data-recalc-dims=\"1\" decoding=\"async\" alt=\"Barcelona_Collection_email\" src=\"https:\/\/i0.wp.com\/joyana.fr\/wp-content\/uploads\/2013\/08\/Barcelona_Collection_email.jpg?resize=576%2C407&#038;ssl=1\" width=\"576\" height=\"407\" \/><\/p>\n<p>Comme toutes les cr\u00e9ations <strong>Victoria + Albert<\/strong>, la <strong>baignoire design BARCELONA<\/strong> est fabriqu\u00e9e \u00e0 100 % \u00e0 partir de Quarrycast\u00ae, mat\u00e9riau exclusif de la marque constitu\u00e9 de roche calcaire et de r\u00e9sine ultra performantes, qui sont naturellement blanches et brillantes.<\/p>\n<p><img data-recalc-dims=\"1\" loading=\"lazy\" decoding=\"async\" alt=\"Barcelona_Bath_2l\" src=\"https:\/\/i0.wp.com\/joyana.fr\/wp-content\/uploads\/2013\/08\/Barcelona_Bath_2l.jpg?resize=576%2C438&#038;ssl=1\" width=\"576\" height=\"438\" \/><\/p>\n<p style=\"text-align: center;\">En savoir + sur <a href=\"http:\/\/vandabaths.com\/fr\/\" target=\"_blank\"><strong>VICTORIA + ALBERT<\/strong><\/a><\/p>\n","protected":false},"excerpt":{"rendered":"<p>Le sp\u00e9cialiste salle de bains Victoria + Albert nous pr\u00e9sente une baignoire luxueuse &#8211; intitul\u00e9e BARCELO [&hellip;]<\/p>\n","protected":false},"author":3,"featured_media":114039,"comment_status":"open","ping_status":"open","sticky":false,"template":"","format":"standard","meta":{"_coblocks_attr":"","_coblocks_dimensions":"","_coblocks_responsive_height":"","_coblocks_accordion_ie_support":"","_uag_custom_page_level_css":"","advgb_blocks_editor_width":"","advgb_blocks_columns_visual_guide":"","_genesis_hide_title":false,"_genesis_hide_breadcrumbs":false,"_genesis_hide_singular_image":false,"_genesis_hide_footer_widgets":false,"_genesis_custom_body_class":"","_genesis_custom_post_class":"","_genesis_layout":"","_themeisle_gutenberg_block_has_review":false,"_jetpack_newsletter_access":"","_jetpack_dont_email_post_to_subs":false,"_jetpack_newsletter_tier_id":0,"_jetpack_memberships_contains_paywalled_content":false,"_jetpack_memberships_contains_paid_content":false,"footnotes":""},"categories":[905,931,959],"tags":[1136,1466,960,1226,1467],"class_list":{"0":"post-114037","1":"post","2":"type-post","3":"status-publish","4":"format-standard","5":"has-post-thumbnail","7":"category-deco-design","8":"category-luxe","9":"category-salle-deau","10":"tag-baignoire-design","11":"tag-barcelone","12":"tag-salle-deau","13":"tag-salle-de-bains-design","14":"tag-victor-albert","15":"entry"},"featured_image_urls":{"full":["https:\/\/i0.wp.com\/joyana.fr\/wp-content\/uploads\/2013\/08\/Barcelona_Bath_email.jpg?fit=650%2C460&ssl=1",650,460,false],"thumbnail":["https:\/\/i0.wp.com\/joyana.fr\/wp-content\/uploads\/2013\/08\/Barcelona_Bath_email.jpg?resize=150%2C150&ssl=1",150,150,true],"medium":["https:\/\/i0.wp.com\/joyana.fr\/wp-content\/uploads\/2013\/08\/Barcelona_Bath_email.jpg?fit=389%2C275&ssl=1",389,275,true],"medium_large":["https:\/\/i0.wp.com\/joyana.fr\/wp-content\/uploads\/2013\/08\/Barcelona_Bath_email.jpg?fit=650%2C460&ssl=1",650,460,true],"large":["https:\/\/i0.wp.com\/joyana.fr\/wp-content\/uploads\/2013\/08\/Barcelona_Bath_email.jpg?fit=650%2C460&ssl=1",650,460,true],"1536x1536":["https:\/\/i0.wp.com\/joyana.fr\/wp-content\/uploads\/2013\/08\/Barcelona_Bath_email.jpg?fit=650%2C460&ssl=1",650,460,true],"2048x2048":["https:\/\/i0.wp.com\/joyana.fr\/wp-content\/uploads\/2013\/08\/Barcelona_Bath_email.jpg?fit=650%2C460&ssl=1",650,460,true],"featured-thumb":["https:\/\/i0.wp.com\/joyana.fr\/wp-content\/uploads\/2013\/08\/Barcelona_Bath_email.jpg?resize=650%2C460&ssl=1",650,460,true],"ab-block-post-grid-landscape":["https:\/\/i0.wp.com\/joyana.fr\/wp-content\/uploads\/2013\/08\/Barcelona_Bath_email.jpg?resize=600%2C400&ssl=1",600,400,true],"ab-block-post-grid-square":["https:\/\/i0.wp.com\/joyana.fr\/wp-content\/uploads\/2013\/08\/Barcelona_Bath_email.jpg?resize=600%2C460&ssl=1",600,460,true],"author-pro-image":["https:\/\/i0.wp.com\/joyana.fr\/wp-content\/uploads\/2013\/08\/Barcelona_Bath_email.jpg?resize=360%2C460&ssl=1",360,460,true],"slider":["https:\/\/i0.wp.com\/joyana.fr\/wp-content\/uploads\/2013\/08\/Barcelona_Bath_email.jpg?resize=650%2C400&ssl=1",650,400,true],"woocommerce_thumbnail":["https:\/\/i0.wp.com\/joyana.fr\/wp-content\/uploads\/2013\/08\/Barcelona_Bath_email.jpg?resize=450%2C450&ssl=1",450,450,true],"woocommerce_single":["https:\/\/i0.wp.com\/joyana.fr\/wp-content\/uploads\/2013\/08\/Barcelona_Bath_email.jpg?fit=650%2C460&ssl=1",650,460,true],"woocommerce_gallery_thumbnail":["https:\/\/i0.wp.com\/joyana.fr\/wp-content\/uploads\/2013\/08\/Barcelona_Bath_email.jpg?resize=180%2C180&ssl=1",180,180,true],"sow-carousel-default":["https:\/\/i0.wp.com\/joyana.fr\/wp-content\/uploads\/2013\/08\/Barcelona_Bath_email.jpg?resize=272%2C182&ssl=1",272,182,true]},"post_excerpt_stackable":"<p>Le sp\u00e9cialiste salle de bains Victoria + Albert nous pr\u00e9sente une baignoire luxueuse &#8211; intitul&hellip;<\/p>\n","category_list":"<a href=\"https:\/\/joyana.fr\/ja\/category\/deco-design\/\" rel=\"category tag\">DECO-DESIGN<\/a>, <a href=\"https:\/\/joyana.fr\/ja\/category\/deco-design\/decoration\/luxe\/\" rel=\"category tag\">Luxe<\/a>, <a href=\"https:\/\/joyana.fr\/ja\/category\/deco-design\/decoration\/salle-deau\/\" rel=\"category tag\">Salle d'eau<\/a>","author_info":{"display_name":"Jo Yana","author_link":"https:\/\/joyana.fr\/ja\/author\/joyana\/"},"comments_num":"3 comments","featured_image_urls_v2":{"full":["https:\/\/i0.wp.com\/joyana.fr\/wp-content\/uploads\/2013\/08\/Barcelona_Bath_email.jpg?fit=650%2C460&ssl=1",650,460,false],"thumbnail":["https:\/\/i0.wp.com\/joyana.fr\/wp-content\/uploads\/2013\/08\/Barcelona_Bath_email.jpg?resize=150%2C150&ssl=1",150,150,true],"medium":["https:\/\/i0.wp.com\/joyana.fr\/wp-content\/uploads\/2013\/08\/Barcelona_Bath_email.jpg?fit=389%2C275&ssl=1",389,275,true],"medium_large":["https:\/\/i0.wp.com\/joyana.fr\/wp-content\/uploads\/2013\/08\/Barcelona_Bath_email.jpg?fit=650%2C460&ssl=1",650,460,true],"large":["https:\/\/i0.wp.com\/joyana.fr\/wp-content\/uploads\/2013\/08\/Barcelona_Bath_email.jpg?fit=650%2C460&ssl=1",650,460,true],"1536x1536":["https:\/\/i0.wp.com\/joyana.fr\/wp-content\/uploads\/2013\/08\/Barcelona_Bath_email.jpg?fit=650%2C460&ssl=1",650,460,true],"2048x2048":["https:\/\/i0.wp.com\/joyana.fr\/wp-content\/uploads\/2013\/08\/Barcelona_Bath_email.jpg?fit=650%2C460&ssl=1",650,460,true],"featured-thumb":["https:\/\/i0.wp.com\/joyana.fr\/wp-content\/uploads\/2013\/08\/Barcelona_Bath_email.jpg?resize=650%2C460&ssl=1",650,460,true],"ab-block-post-grid-landscape":["https:\/\/i0.wp.com\/joyana.fr\/wp-content\/uploads\/2013\/08\/Barcelona_Bath_email.jpg?resize=600%2C400&ssl=1",600,400,true],"ab-block-post-grid-square":["https:\/\/i0.wp.com\/joyana.fr\/wp-content\/uploads\/2013\/08\/Barcelona_Bath_email.jpg?resize=600%2C460&ssl=1",600,460,true],"author-pro-image":["https:\/\/i0.wp.com\/joyana.fr\/wp-content\/uploads\/2013\/08\/Barcelona_Bath_email.jpg?resize=360%2C460&ssl=1",360,460,true],"slider":["https:\/\/i0.wp.com\/joyana.fr\/wp-content\/uploads\/2013\/08\/Barcelona_Bath_email.jpg?resize=650%2C400&ssl=1",650,400,true],"woocommerce_thumbnail":["https:\/\/i0.wp.com\/joyana.fr\/wp-content\/uploads\/2013\/08\/Barcelona_Bath_email.jpg?resize=450%2C450&ssl=1",450,450,true],"woocommerce_single":["https:\/\/i0.wp.com\/joyana.fr\/wp-content\/uploads\/2013\/08\/Barcelona_Bath_email.jpg?fit=650%2C460&ssl=1",650,460,true],"woocommerce_gallery_thumbnail":["https:\/\/i0.wp.com\/joyana.fr\/wp-content\/uploads\/2013\/08\/Barcelona_Bath_email.jpg?resize=180%2C180&ssl=1",180,180,true],"sow-carousel-default":["https:\/\/i0.wp.com\/joyana.fr\/wp-content\/uploads\/2013\/08\/Barcelona_Bath_email.jpg?resize=272%2C182&ssl=1",272,182,true]},"post_excerpt_stackable_v2":"<p>Le sp\u00e9cialiste salle de bains Victoria + Albert nous pr\u00e9sente une baignoire luxueuse &#8211; intitul&hellip;<\/p>\n","category_list_v2":"<a href=\"https:\/\/joyana.fr\/ja\/category\/deco-design\/\" rel=\"category tag\">DECO-DESIGN<\/a>, <a href=\"https:\/\/joyana.fr\/ja\/category\/deco-design\/decoration\/luxe\/\" rel=\"category tag\">Luxe<\/a>, <a href=\"https:\/\/joyana.fr\/ja\/category\/deco-design\/decoration\/salle-deau\/\" rel=\"category tag\">Salle d'eau<\/a>","author_info_v2":{"name":"Jo Yana","url":"https:\/\/joyana.fr\/ja\/author\/joyana\/"},"comments_num_v2":"3 comments","yoast_head":"<!-- This site is optimized with the Yoast SEO plugin v26.8 - https:\/\/yoast.com\/product\/yoast-seo-wordpress\/ -->\n<title>BARCELONA la baignoire g\u00e9n\u00e9reuse et luxueuse de Victoria + Albert - JO YANA<\/title>\n<meta name=\"robots\" content=\"index, follow, max-snippet:-1, max-image-preview:large, max-video-preview:-1\" \/>\n<link rel=\"canonical\" href=\"https:\/\/www.joyana.fr\/barcelona-la-baignoire-genereuse-et-luxueuse-de-victoria-albert\/114037\/\" \/>\n<meta property=\"og:locale\" content=\"ja_JP\" \/>\n<meta property=\"og:locale:alternate\" content=\"fr_FR\" \/>\n<meta property=\"og:locale:alternate\" content=\"en_US\" \/>\n<meta property=\"og:type\" content=\"article\" \/>\n<meta property=\"og:title\" content=\"BARCELONA la baignoire g\u00e9n\u00e9reuse et luxueuse de Victoria + Albert - JO YANA\" \/>\n<meta property=\"og:description\" content=\"Le sp\u00e9cialiste salle de bains Victoria + Albert nous pr\u00e9sente une baignoire luxueuse &#8211; intitul\u00e9e BARCELO [&hellip;]\" \/>\n<meta property=\"og:url\" content=\"https:\/\/joyana.fr\/ja\/barcelona-la-baignoire-genereuse-et-luxueuse-de-victoria-albert\/114037\/\" \/>\n<meta property=\"og:site_name\" content=\"JO YANA\" \/>\n<meta property=\"article:published_time\" content=\"2013-08-27T17:13:31+00:00\" \/>\n<meta property=\"og:image\" content=\"https:\/\/www.joyana.fr\/wp-content\/uploads\/2013\/08\/Barcelona_Bath_email.jpg\" \/>\n\t<meta property=\"og:image:width\" content=\"650\" \/>\n\t<meta property=\"og:image:height\" content=\"460\" \/>\n\t<meta property=\"og:image:type\" content=\"image\/jpeg\" \/>\n<meta name=\"author\" content=\"Jo Yana\" \/>\n<meta name=\"twitter:card\" content=\"summary_large_image\" \/>\n<meta name=\"twitter:creator\" content=\"@Jo_Yana\" \/>\n<meta name=\"twitter:site\" content=\"@Jo_Yana\" \/>\n<meta name=\"twitter:label1\" content=\"\u57f7\u7b46\u8005\" \/>\n\t<meta name=\"twitter:data1\" content=\"Jo Yana\" \/>\n\t<meta name=\"twitter:label2\" content=\"\u63a8\u5b9a\u8aad\u307f\u53d6\u308a\u6642\u9593\" \/>\n\t<meta name=\"twitter:data2\" content=\"1\u5206\" \/>\n<script type=\"application\/ld+json\" class=\"yoast-schema-graph\">{\"@context\":\"https:\/\/schema.org\",\"@graph\":[{\"@type\":\"Article\",\"@id\":\"https:\/\/www.joyana.fr\/barcelona-la-baignoire-genereuse-et-luxueuse-de-victoria-albert\/114037\/#article\",\"isPartOf\":{\"@id\":\"https:\/\/www.joyana.fr\/barcelona-la-baignoire-genereuse-et-luxueuse-de-victoria-albert\/114037\/\"},\"author\":{\"name\":\"Jo Yana\",\"@id\":\"https:\/\/joyana.fr\/#\/schema\/person\/cf2a1ad12a27c12c21801075bf37407c\"},\"headline\":\"BARCELONA la baignoire g\u00e9n\u00e9reuse et luxueuse de Victoria + Albert\",\"datePublished\":\"2013-08-27T17:13:31+00:00\",\"mainEntityOfPage\":{\"@id\":\"https:\/\/www.joyana.fr\/barcelona-la-baignoire-genereuse-et-luxueuse-de-victoria-albert\/114037\/\"},\"wordCount\":167,\"commentCount\":1,\"publisher\":{\"@id\":\"https:\/\/joyana.fr\/#\/schema\/person\/cf2a1ad12a27c12c21801075bf37407c\"},\"image\":{\"@id\":\"https:\/\/www.joyana.fr\/barcelona-la-baignoire-genereuse-et-luxueuse-de-victoria-albert\/114037\/#primaryimage\"},\"thumbnailUrl\":\"https:\/\/i0.wp.com\/joyana.fr\/wp-content\/uploads\/2013\/08\/Barcelona_Bath_email.jpg?fit=650%2C460&ssl=1\",\"keywords\":[\"Baignoire design\",\"Barcelone\",\"Salle d'eau\",\"Salle de bains design\",\"Victor + Albert\"],\"articleSection\":[\"DECO-DESIGN\",\"Luxe\",\"Salle d'eau\"],\"inLanguage\":\"ja\",\"potentialAction\":[{\"@type\":\"CommentAction\",\"name\":\"Comment\",\"target\":[\"https:\/\/www.joyana.fr\/barcelona-la-baignoire-genereuse-et-luxueuse-de-victoria-albert\/114037\/#respond\"]}]},{\"@type\":\"WebPage\",\"@id\":\"https:\/\/www.joyana.fr\/barcelona-la-baignoire-genereuse-et-luxueuse-de-victoria-albert\/114037\/\",\"url\":\"https:\/\/www.joyana.fr\/barcelona-la-baignoire-genereuse-et-luxueuse-de-victoria-albert\/114037\/\",\"name\":\"BARCELONA la baignoire g\u00e9n\u00e9reuse et luxueuse de Victoria + Albert - JO YANA\",\"isPartOf\":{\"@id\":\"https:\/\/joyana.fr\/#website\"},\"primaryImageOfPage\":{\"@id\":\"https:\/\/www.joyana.fr\/barcelona-la-baignoire-genereuse-et-luxueuse-de-victoria-albert\/114037\/#primaryimage\"},\"image\":{\"@id\":\"https:\/\/www.joyana.fr\/barcelona-la-baignoire-genereuse-et-luxueuse-de-victoria-albert\/114037\/#primaryimage\"},\"thumbnailUrl\":\"https:\/\/i0.wp.com\/joyana.fr\/wp-content\/uploads\/2013\/08\/Barcelona_Bath_email.jpg?fit=650%2C460&ssl=1\",\"datePublished\":\"2013-08-27T17:13:31+00:00\",\"breadcrumb\":{\"@id\":\"https:\/\/www.joyana.fr\/barcelona-la-baignoire-genereuse-et-luxueuse-de-victoria-albert\/114037\/#breadcrumb\"},\"inLanguage\":\"ja\",\"potentialAction\":[{\"@type\":\"ReadAction\",\"target\":[\"https:\/\/www.joyana.fr\/barcelona-la-baignoire-genereuse-et-luxueuse-de-victoria-albert\/114037\/\"]}]},{\"@type\":\"ImageObject\",\"inLanguage\":\"ja\",\"@id\":\"https:\/\/www.joyana.fr\/barcelona-la-baignoire-genereuse-et-luxueuse-de-victoria-albert\/114037\/#primaryimage\",\"url\":\"https:\/\/i0.wp.com\/joyana.fr\/wp-content\/uploads\/2013\/08\/Barcelona_Bath_email.jpg?fit=650%2C460&ssl=1\",\"contentUrl\":\"https:\/\/i0.wp.com\/joyana.fr\/wp-content\/uploads\/2013\/08\/Barcelona_Bath_email.jpg?fit=650%2C460&ssl=1\",\"width\":650,\"height\":460},{\"@type\":\"BreadcrumbList\",\"@id\":\"https:\/\/www.joyana.fr\/barcelona-la-baignoire-genereuse-et-luxueuse-de-victoria-albert\/114037\/#breadcrumb\",\"itemListElement\":[{\"@type\":\"ListItem\",\"position\":1,\"name\":\"Accueil\",\"item\":\"https:\/\/joyana.fr\/\"},{\"@type\":\"ListItem\",\"position\":2,\"name\":\"BARCELONA la baignoire g\u00e9n\u00e9reuse et luxueuse de Victoria + Albert\"}]},{\"@type\":\"WebSite\",\"@id\":\"https:\/\/joyana.fr\/#website\",\"url\":\"https:\/\/joyana.fr\/\",\"name\":\"JO YANA\",\"description\":\"Blog Mode Homme, Lifestyle, D\u00e9co-Design\",\"publisher\":{\"@id\":\"https:\/\/joyana.fr\/#\/schema\/person\/cf2a1ad12a27c12c21801075bf37407c\"},\"potentialAction\":[{\"@type\":\"SearchAction\",\"target\":{\"@type\":\"EntryPoint\",\"urlTemplate\":\"https:\/\/joyana.fr\/?s={search_term_string}\"},\"query-input\":{\"@type\":\"PropertyValueSpecification\",\"valueRequired\":true,\"valueName\":\"search_term_string\"}}],\"inLanguage\":\"ja\"},{\"@type\":[\"Person\",\"Organization\"],\"@id\":\"https:\/\/joyana.fr\/#\/schema\/person\/cf2a1ad12a27c12c21801075bf37407c\",\"name\":\"Jo Yana\",\"image\":{\"@type\":\"ImageObject\",\"inLanguage\":\"ja\",\"@id\":\"https:\/\/joyana.fr\/#\/schema\/person\/image\/\",\"url\":\"https:\/\/i0.wp.com\/joyana.fr\/wp-content\/uploads\/2016\/08\/cropped-joyana-logo-black-360x180.png?fit=343%2C164&ssl=1\",\"contentUrl\":\"https:\/\/i0.wp.com\/joyana.fr\/wp-content\/uploads\/2016\/08\/cropped-joyana-logo-black-360x180.png?fit=343%2C164&ssl=1\",\"width\":343,\"height\":164,\"caption\":\"Jo Yana\"},\"logo\":{\"@id\":\"https:\/\/joyana.fr\/#\/schema\/person\/image\/\"},\"description\":\"Jo Yana est le cr\u00e9ateur et r\u00e9dacteur en chef des sites DECO-DESIGN. Passionn\u00e9 de Design, Mode, Photo, Luxe, Lifestyle, Musique, mais avant tout Blogueur ! Le plaisir de partager l'anime et a comme devise \\\"POUR L'AMOUR DU BEAU\\\". Retrouvez le aussi sur son blog personnel - https:\/\/joyana.fr...\",\"sameAs\":[\"https:\/\/joyana.fr\/\"],\"url\":\"https:\/\/joyana.fr\/ja\/author\/joyana\/\"}]}<\/script>\n<!-- \/ Yoast SEO plugin. -->","yoast_head_json":{"title":"BARCELONA la baignoire g\u00e9n\u00e9reuse et luxueuse de Victoria + Albert - JO YANA","robots":{"index":"index","follow":"follow","max-snippet":"max-snippet:-1","max-image-preview":"max-image-preview:large","max-video-preview":"max-video-preview:-1"},"canonical":"https:\/\/www.joyana.fr\/barcelona-la-baignoire-genereuse-et-luxueuse-de-victoria-albert\/114037\/","og_locale":"ja_JP","og_type":"article","og_title":"BARCELONA la baignoire g\u00e9n\u00e9reuse et luxueuse de Victoria + Albert - JO YANA","og_description":"Le sp\u00e9cialiste salle de bains Victoria + Albert nous pr\u00e9sente une baignoire luxueuse &#8211; intitul\u00e9e BARCELO [&hellip;]","og_url":"https:\/\/joyana.fr\/ja\/barcelona-la-baignoire-genereuse-et-luxueuse-de-victoria-albert\/114037\/","og_site_name":"JO YANA","article_published_time":"2013-08-27T17:13:31+00:00","og_image":[{"width":650,"height":460,"url":"https:\/\/www.joyana.fr\/wp-content\/uploads\/2013\/08\/Barcelona_Bath_email.jpg","type":"image\/jpeg"}],"author":"Jo Yana","twitter_card":"summary_large_image","twitter_creator":"@Jo_Yana","twitter_site":"@Jo_Yana","twitter_misc":{"\u57f7\u7b46\u8005":"Jo Yana","\u63a8\u5b9a\u8aad\u307f\u53d6\u308a\u6642\u9593":"1\u5206"},"schema":{"@context":"https:\/\/schema.org","@graph":[{"@type":"Article","@id":"https:\/\/www.joyana.fr\/barcelona-la-baignoire-genereuse-et-luxueuse-de-victoria-albert\/114037\/#article","isPartOf":{"@id":"https:\/\/www.joyana.fr\/barcelona-la-baignoire-genereuse-et-luxueuse-de-victoria-albert\/114037\/"},"author":{"name":"Jo Yana","@id":"https:\/\/joyana.fr\/#\/schema\/person\/cf2a1ad12a27c12c21801075bf37407c"},"headline":"BARCELONA la baignoire g\u00e9n\u00e9reuse et luxueuse de Victoria + Albert","datePublished":"2013-08-27T17:13:31+00:00","mainEntityOfPage":{"@id":"https:\/\/www.joyana.fr\/barcelona-la-baignoire-genereuse-et-luxueuse-de-victoria-albert\/114037\/"},"wordCount":167,"commentCount":1,"publisher":{"@id":"https:\/\/joyana.fr\/#\/schema\/person\/cf2a1ad12a27c12c21801075bf37407c"},"image":{"@id":"https:\/\/www.joyana.fr\/barcelona-la-baignoire-genereuse-et-luxueuse-de-victoria-albert\/114037\/#primaryimage"},"thumbnailUrl":"https:\/\/i0.wp.com\/joyana.fr\/wp-content\/uploads\/2013\/08\/Barcelona_Bath_email.jpg?fit=650%2C460&ssl=1","keywords":["Baignoire design","Barcelone","Salle d'eau","Salle de bains design","Victor + Albert"],"articleSection":["DECO-DESIGN","Luxe","Salle d'eau"],"inLanguage":"ja","potentialAction":[{"@type":"CommentAction","name":"Comment","target":["https:\/\/www.joyana.fr\/barcelona-la-baignoire-genereuse-et-luxueuse-de-victoria-albert\/114037\/#respond"]}]},{"@type":"WebPage","@id":"https:\/\/www.joyana.fr\/barcelona-la-baignoire-genereuse-et-luxueuse-de-victoria-albert\/114037\/","url":"https:\/\/www.joyana.fr\/barcelona-la-baignoire-genereuse-et-luxueuse-de-victoria-albert\/114037\/","name":"BARCELONA la baignoire g\u00e9n\u00e9reuse et luxueuse de Victoria + Albert - JO YANA","isPartOf":{"@id":"https:\/\/joyana.fr\/#website"},"primaryImageOfPage":{"@id":"https:\/\/www.joyana.fr\/barcelona-la-baignoire-genereuse-et-luxueuse-de-victoria-albert\/114037\/#primaryimage"},"image":{"@id":"https:\/\/www.joyana.fr\/barcelona-la-baignoire-genereuse-et-luxueuse-de-victoria-albert\/114037\/#primaryimage"},"thumbnailUrl":"https:\/\/i0.wp.com\/joyana.fr\/wp-content\/uploads\/2013\/08\/Barcelona_Bath_email.jpg?fit=650%2C460&ssl=1","datePublished":"2013-08-27T17:13:31+00:00","breadcrumb":{"@id":"https:\/\/www.joyana.fr\/barcelona-la-baignoire-genereuse-et-luxueuse-de-victoria-albert\/114037\/#breadcrumb"},"inLanguage":"ja","potentialAction":[{"@type":"ReadAction","target":["https:\/\/www.joyana.fr\/barcelona-la-baignoire-genereuse-et-luxueuse-de-victoria-albert\/114037\/"]}]},{"@type":"ImageObject","inLanguage":"ja","@id":"https:\/\/www.joyana.fr\/barcelona-la-baignoire-genereuse-et-luxueuse-de-victoria-albert\/114037\/#primaryimage","url":"https:\/\/i0.wp.com\/joyana.fr\/wp-content\/uploads\/2013\/08\/Barcelona_Bath_email.jpg?fit=650%2C460&ssl=1","contentUrl":"https:\/\/i0.wp.com\/joyana.fr\/wp-content\/uploads\/2013\/08\/Barcelona_Bath_email.jpg?fit=650%2C460&ssl=1","width":650,"height":460},{"@type":"BreadcrumbList","@id":"https:\/\/www.joyana.fr\/barcelona-la-baignoire-genereuse-et-luxueuse-de-victoria-albert\/114037\/#breadcrumb","itemListElement":[{"@type":"ListItem","position":1,"name":"Accueil","item":"https:\/\/joyana.fr\/"},{"@type":"ListItem","position":2,"name":"BARCELONA la baignoire g\u00e9n\u00e9reuse et luxueuse de Victoria + Albert"}]},{"@type":"WebSite","@id":"https:\/\/joyana.fr\/#website","url":"https:\/\/joyana.fr\/","name":"JO YANA","description":"Blog Mode Homme, Lifestyle, D\u00e9co-Design","publisher":{"@id":"https:\/\/joyana.fr\/#\/schema\/person\/cf2a1ad12a27c12c21801075bf37407c"},"potentialAction":[{"@type":"SearchAction","target":{"@type":"EntryPoint","urlTemplate":"https:\/\/joyana.fr\/?s={search_term_string}"},"query-input":{"@type":"PropertyValueSpecification","valueRequired":true,"valueName":"search_term_string"}}],"inLanguage":"ja"},{"@type":["Person","Organization"],"@id":"https:\/\/joyana.fr\/#\/schema\/person\/cf2a1ad12a27c12c21801075bf37407c","name":"Jo Yana","image":{"@type":"ImageObject","inLanguage":"ja","@id":"https:\/\/joyana.fr\/#\/schema\/person\/image\/","url":"https:\/\/i0.wp.com\/joyana.fr\/wp-content\/uploads\/2016\/08\/cropped-joyana-logo-black-360x180.png?fit=343%2C164&ssl=1","contentUrl":"https:\/\/i0.wp.com\/joyana.fr\/wp-content\/uploads\/2016\/08\/cropped-joyana-logo-black-360x180.png?fit=343%2C164&ssl=1","width":343,"height":164,"caption":"Jo Yana"},"logo":{"@id":"https:\/\/joyana.fr\/#\/schema\/person\/image\/"},"description":"Jo Yana est le cr\u00e9ateur et r\u00e9dacteur en chef des sites DECO-DESIGN. Passionn\u00e9 de Design, Mode, Photo, Luxe, Lifestyle, Musique, mais avant tout Blogueur ! Le plaisir de partager l'anime et a comme devise \"POUR L'AMOUR DU BEAU\". Retrouvez le aussi sur son blog personnel - https:\/\/joyana.fr...","sameAs":["https:\/\/joyana.fr\/"],"url":"https:\/\/joyana.fr\/ja\/author\/joyana\/"}]}},"author_meta":{"display_name":"Jo Yana","author_link":"https:\/\/joyana.fr\/ja\/author\/joyana\/"},"featured_img":"https:\/\/i0.wp.com\/joyana.fr\/wp-content\/uploads\/2013\/08\/Barcelona_Bath_email.jpg?fit=389%2C275&ssl=1","featured_image_src":"https:\/\/i0.wp.com\/joyana.fr\/wp-content\/uploads\/2013\/08\/Barcelona_Bath_email.jpg?resize=600%2C400&ssl=1","featured_image_src_square":"https:\/\/i0.wp.com\/joyana.fr\/wp-content\/uploads\/2013\/08\/Barcelona_Bath_email.jpg?resize=600%2C460&ssl=1","jetpack_featured_media_url":"https:\/\/i0.wp.com\/joyana.fr\/wp-content\/uploads\/2013\/08\/Barcelona_Bath_email.jpg?fit=650%2C460&ssl=1","uagb_featured_image_src":{"full":["https:\/\/i0.wp.com\/joyana.fr\/wp-content\/uploads\/2013\/08\/Barcelona_Bath_email.jpg?fit=650%2C460&ssl=1",650,460,false],"thumbnail":["https:\/\/i0.wp.com\/joyana.fr\/wp-content\/uploads\/2013\/08\/Barcelona_Bath_email.jpg?resize=150%2C150&ssl=1",150,150,true],"medium":["https:\/\/i0.wp.com\/joyana.fr\/wp-content\/uploads\/2013\/08\/Barcelona_Bath_email.jpg?fit=389%2C275&ssl=1",389,275,true],"medium_large":["https:\/\/i0.wp.com\/joyana.fr\/wp-content\/uploads\/2013\/08\/Barcelona_Bath_email.jpg?fit=650%2C460&ssl=1",650,460,true],"large":["https:\/\/i0.wp.com\/joyana.fr\/wp-content\/uploads\/2013\/08\/Barcelona_Bath_email.jpg?fit=650%2C460&ssl=1",650,460,true],"1536x1536":["https:\/\/i0.wp.com\/joyana.fr\/wp-content\/uploads\/2013\/08\/Barcelona_Bath_email.jpg?fit=650%2C460&ssl=1",650,460,true],"2048x2048":["https:\/\/i0.wp.com\/joyana.fr\/wp-content\/uploads\/2013\/08\/Barcelona_Bath_email.jpg?fit=650%2C460&ssl=1",650,460,true],"featured-thumb":["https:\/\/i0.wp.com\/joyana.fr\/wp-content\/uploads\/2013\/08\/Barcelona_Bath_email.jpg?resize=650%2C460&ssl=1",650,460,true],"ab-block-post-grid-landscape":["https:\/\/i0.wp.com\/joyana.fr\/wp-content\/uploads\/2013\/08\/Barcelona_Bath_email.jpg?resize=600%2C400&ssl=1",600,400,true],"ab-block-post-grid-square":["https:\/\/i0.wp.com\/joyana.fr\/wp-content\/uploads\/2013\/08\/Barcelona_Bath_email.jpg?resize=600%2C460&ssl=1",600,460,true],"author-pro-image":["https:\/\/i0.wp.com\/joyana.fr\/wp-content\/uploads\/2013\/08\/Barcelona_Bath_email.jpg?resize=360%2C460&ssl=1",360,460,true],"slider":["https:\/\/i0.wp.com\/joyana.fr\/wp-content\/uploads\/2013\/08\/Barcelona_Bath_email.jpg?resize=650%2C400&ssl=1",650,400,true],"woocommerce_thumbnail":["https:\/\/i0.wp.com\/joyana.fr\/wp-content\/uploads\/2013\/08\/Barcelona_Bath_email.jpg?resize=450%2C450&ssl=1",450,450,true],"woocommerce_single":["https:\/\/i0.wp.com\/joyana.fr\/wp-content\/uploads\/2013\/08\/Barcelona_Bath_email.jpg?fit=650%2C460&ssl=1",650,460,true],"woocommerce_gallery_thumbnail":["https:\/\/i0.wp.com\/joyana.fr\/wp-content\/uploads\/2013\/08\/Barcelona_Bath_email.jpg?resize=180%2C180&ssl=1",180,180,true],"sow-carousel-default":["https:\/\/i0.wp.com\/joyana.fr\/wp-content\/uploads\/2013\/08\/Barcelona_Bath_email.jpg?resize=272%2C182&ssl=1",272,182,true]},"uagb_author_info":{"display_name":"Jo Yana","author_link":"https:\/\/joyana.fr\/ja\/author\/joyana\/"},"uagb_comment_info":3,"uagb_excerpt":"Le sp\u00e9cialiste salle de bains Victoria + Albert nous pr&hellip;","coauthors":[],"tax_additional":{"categories":{"linked":["<a href=\"https:\/\/joyana.fr\/ja\/category\/deco-design\/\" class=\"advgb-post-tax-term\">DECO-DESIGN<\/a>","<a href=\"https:\/\/joyana.fr\/ja\/category\/deco-design\/decoration\/luxe\/\" class=\"advgb-post-tax-term\">Luxe<\/a>","<a href=\"https:\/\/joyana.fr\/ja\/category\/deco-design\/decoration\/salle-deau\/\" class=\"advgb-post-tax-term\">Salle d&#039;eau<\/a>"],"unlinked":["<span class=\"advgb-post-tax-term\">DECO-DESIGN<\/span>","<span class=\"advgb-post-tax-term\">Luxe<\/span>","<span class=\"advgb-post-tax-term\">Salle d&#039;eau<\/span>"]},"tags":{"linked":["<a href=\"https:\/\/joyana.fr\/ja\/category\/deco-design\/decoration\/salle-deau\/\" class=\"advgb-post-tax-term\">Baignoire design<\/a>","<a href=\"https:\/\/joyana.fr\/ja\/category\/deco-design\/decoration\/salle-deau\/\" class=\"advgb-post-tax-term\">Barcelone<\/a>","<a href=\"https:\/\/joyana.fr\/ja\/category\/deco-design\/decoration\/salle-deau\/\" class=\"advgb-post-tax-term\">Salle d&#039;eau<\/a>","<a href=\"https:\/\/joyana.fr\/ja\/category\/deco-design\/decoration\/salle-deau\/\" class=\"advgb-post-tax-term\">Salle de bains design<\/a>","<a href=\"https:\/\/joyana.fr\/ja\/category\/deco-design\/decoration\/salle-deau\/\" class=\"advgb-post-tax-term\">Victor + Albert<\/a>"],"unlinked":["<span class=\"advgb-post-tax-term\">Baignoire design<\/span>","<span class=\"advgb-post-tax-term\">Barcelone<\/span>","<span class=\"advgb-post-tax-term\">Salle d&#039;eau<\/span>","<span class=\"advgb-post-tax-term\">Salle de bains design<\/span>","<span class=\"advgb-post-tax-term\">Victor + Albert<\/span>"]}},"comment_count":3,"relative_dates":{"created":"Posted 13\u5e74 ago","modified":"Updated 13\u5e74 ago"},"absolute_dates":{"created":"Posted on 27 8\u6708 2013","modified":"Updated on 27 8\u6708 2013"},"absolute_dates_time":{"created":"Posted on 27 8\u6708 2013 18:13","modified":"Updated on 27 8\u6708 2013 18:13"},"featured_img_caption":"","series_order":"","jetpack_sharing_enabled":true,"jetpack_shortlink":"https:\/\/wp.me\/p9bteI-tFj","jetpack-related-posts":[],"_links":{"self":[{"href":"https:\/\/joyana.fr\/ja\/wp-json\/wp\/v2\/posts\/114037","targetHints":{"allow":["GET"]}}],"collection":[{"href":"https:\/\/joyana.fr\/ja\/wp-json\/wp\/v2\/posts"}],"about":[{"href":"https:\/\/joyana.fr\/ja\/wp-json\/wp\/v2\/types\/post"}],"author":[{"embeddable":true,"href":"https:\/\/joyana.fr\/ja\/wp-json\/wp\/v2\/users\/3"}],"replies":[{"embeddable":true,"href":"https:\/\/joyana.fr\/ja\/wp-json\/wp\/v2\/comments?post=114037"}],"version-history":[{"count":0,"href":"https:\/\/joyana.fr\/ja\/wp-json\/wp\/v2\/posts\/114037\/revisions"}],"wp:featuredmedia":[{"embeddable":true,"href":"https:\/\/joyana.fr\/ja\/wp-json\/wp\/v2\/media\/114039"}],"wp:attachment":[{"href":"https:\/\/joyana.fr\/ja\/wp-json\/wp\/v2\/media?parent=114037"}],"wp:term":[{"taxonomy":"category","embeddable":true,"href":"https:\/\/joyana.fr\/ja\/wp-json\/wp\/v2\/categories?post=114037"},{"taxonomy":"post_tag","embeddable":true,"href":"https:\/\/joyana.fr\/ja\/wp-json\/wp\/v2\/tags?post=114037"}],"curies":[{"name":"wp","href":"https:\/\/api.w.org\/{rel}","templated":true}]}}