{"id":114186,"date":"2013-09-06T15:02:04","date_gmt":"2013-09-06T14:02:04","guid":{"rendered":"https:\/\/joyana.fr\/?p=14186"},"modified":"2013-09-06T15:02:04","modified_gmt":"2013-09-06T14:02:04","slug":"mo13-table-subduction-prix-les-decouvertes-benoit-chabert-x-altiligne","status":"publish","type":"post","link":"https:\/\/joyana.fr\/ja\/mo13-table-subduction-prix-les-decouvertes-benoit-chabert-x-altiligne\/114186\/","title":{"rendered":"#MO13 &#8211; Table SUBDUCTION par Benoit CHABERT x Altiligne"},"content":{"rendered":"<p>Nous vous en parlions sur notre billet sur <strong>Maison &#038; Objet 2013<\/strong>, <strong>Deco-Design<\/strong> d\u00e9cerne le prix Les D\u00e9couvertes sur le secteur NOW! Design \u00e0 Vivre. Voici notre laur\u00e9at &#8211; <strong>Benoit Chabert<\/strong> et sa <strong>table SUBDUCTION<\/strong> chez <strong>Altiligne<\/strong>&#8230;<\/p>\n<p><img data-recalc-dims=\"1\" fetchpriority=\"high\" decoding=\"async\" alt=\"ALTILIGNE-DSC09325\" src=\"https:\/\/i0.wp.com\/joyana.fr\/wp-content\/uploads\/2013\/09\/ALTILIGNE-DSC09325.jpg?resize=576%2C383&#038;ssl=1\" width=\"576\" height=\"383\" \/><\/p>\n<p>La collection <strong>Altiligne<\/strong> est une ligne de mobiliers et accessoires qui s&#8217;inspirent de l&#8217;univers de la montagne. Le relief montagneux devient courbe de produit design. On adore l&#8217;id\u00e9e !<\/p>\n<p>V\u00e9ritable hymne \u00e0 la gen\u00e8se de nos montagnes, la <strong>table SUBDUCTION<\/strong> reproduit de mani\u00e8re \u00e9pur\u00e9e la naissance d\u2019un massif montagneux. Les tasseaux de bois se compriment et jaillissent du plateau pour former progressivement les premiers reliefs d\u2019une montagne. Cette zone de subduction forme une v\u00e9ritable sculpture contemporaine qui ne perd pas son aspect fonctionnel puisque l\u2019ajout de capots sur les sommets permettent de poser un plat chaud lors du service&#8230;<\/p>\n<p><img data-recalc-dims=\"1\" decoding=\"async\" alt=\"ALTILIGNE-DSC09324\" src=\"https:\/\/i0.wp.com\/joyana.fr\/wp-content\/uploads\/2013\/09\/ALTILIGNE-DSC09324.jpg?resize=576%2C396&#038;ssl=1\" width=\"576\" height=\"396\" \/><\/p>\n<p><img data-recalc-dims=\"1\" decoding=\"async\" class=\"alignnone size-large wp-image-14187\" alt=\"ALTILIGNE-DSC09332\" src=\"https:\/\/i0.wp.com\/joyana.fr\/wp-content\/uploads\/2013\/09\/ALTILIGNE-DSC09332.jpg?resize=576%2C383&#038;ssl=1\" width=\"576\" height=\"383\" \/><\/p>\n<p><img data-recalc-dims=\"1\" loading=\"lazy\" decoding=\"async\" class=\"alignnone size-large wp-image-14188\" alt=\"ALTILIGNE-DSC09330\" src=\"https:\/\/i0.wp.com\/joyana.fr\/wp-content\/uploads\/2013\/09\/ALTILIGNE-DSC09330.jpg?resize=576%2C864&#038;ssl=1\" width=\"576\" height=\"864\" \/><\/p>\n<p><img data-recalc-dims=\"1\" loading=\"lazy\" decoding=\"async\" class=\"alignnone size-large wp-image-14189\" alt=\"ALTILIGNE-DSC09328\" src=\"https:\/\/i0.wp.com\/joyana.fr\/wp-content\/uploads\/2013\/09\/ALTILIGNE-DSC09328.jpg?resize=576%2C382&#038;ssl=1\" width=\"576\" height=\"382\" \/><\/p>\n<p>A d\u00e9couvrir aussi tout le stand de chez Altiligne o\u00f9 la table basse, le miroir, les lampes, ou encore le porte-manteaux valent le d\u00e9tour !<\/p>\n<p><img data-recalc-dims=\"1\" loading=\"lazy\" decoding=\"async\" class=\"alignnone size-large wp-image-14190\" alt=\"ALTILIGNE-DSC09327\" src=\"https:\/\/i0.wp.com\/joyana.fr\/wp-content\/uploads\/2013\/09\/ALTILIGNE-DSC09327.jpg?resize=576%2C383&#038;ssl=1\" width=\"576\" height=\"383\" \/><\/p>\n<p><img data-recalc-dims=\"1\" loading=\"lazy\" decoding=\"async\" class=\"alignnone size-large wp-image-14193\" alt=\"ALTILIGNE-DSC09326\" src=\"https:\/\/i0.wp.com\/joyana.fr\/wp-content\/uploads\/2013\/09\/ALTILIGNE-DSC09326.jpg?resize=576%2C864&#038;ssl=1\" width=\"576\" height=\"864\" \/><\/p>\n<p style=\"text-align: center;\">En savoir + sur <a href=\"http:\/\/chabertbenoit.com\/parcours.php\" target=\"_blank\"><strong>Benoit CHABERT<\/strong><\/a><\/p>\n","protected":false},"excerpt":{"rendered":"<p>Nous vous en parlions sur notre billet sur Maison &#038; Objet 2013, Deco-Design d\u00e9cerne le prix Les D\u00e9couvert [&hellip;]<\/p>\n","protected":false},"author":3,"featured_media":114192,"comment_status":"open","ping_status":"open","sticky":false,"template":"","format":"standard","meta":{"_coblocks_attr":"","_coblocks_dimensions":"","_coblocks_responsive_height":"","_coblocks_accordion_ie_support":"","_uag_custom_page_level_css":"","advgb_blocks_editor_width":"","advgb_blocks_columns_visual_guide":"","_genesis_hide_title":false,"_genesis_hide_breadcrumbs":false,"_genesis_hide_singular_image":false,"_genesis_hide_footer_widgets":false,"_genesis_custom_body_class":"","_genesis_custom_post_class":"","_genesis_layout":"","_themeisle_gutenberg_block_has_review":false,"_jetpack_newsletter_access":"","_jetpack_dont_email_post_to_subs":false,"_jetpack_newsletter_tier_id":0,"_jetpack_memberships_contains_paywalled_content":false,"_jetpack_memberships_contains_paid_content":false,"footnotes":""},"categories":[938,905,1032,961,942,1037,944],"tags":[1480,1481,962,963,1482,1171],"class_list":{"0":"post-114186","1":"post","2":"type-post","3":"status-publish","4":"format-standard","5":"has-post-thumbnail","7":"category-actualite-deco-design","8":"category-deco-design","9":"category-design-award","10":"category-maison-et-objet","11":"category-mobilier","12":"category-sculpture","13":"category-table","14":"tag-altiligne","15":"tag-benoit-chabert","16":"tag-maison-objet","17":"tag-salons-design","18":"tag-table","19":"tag-table-design","20":"entry"},"featured_image_urls":{"full":["https:\/\/i0.wp.com\/joyana.fr\/wp-content\/uploads\/2013\/09\/ALTILIGNE-DSC09325.jpg?fit=650%2C433&ssl=1",650,433,false],"thumbnail":["https:\/\/i0.wp.com\/joyana.fr\/wp-content\/uploads\/2013\/09\/ALTILIGNE-DSC09325.jpg?resize=150%2C150&ssl=1",150,150,true],"medium":["https:\/\/i0.wp.com\/joyana.fr\/wp-content\/uploads\/2013\/09\/ALTILIGNE-DSC09325.jpg?fit=389%2C259&ssl=1",389,259,true],"medium_large":["https:\/\/i0.wp.com\/joyana.fr\/wp-content\/uploads\/2013\/09\/ALTILIGNE-DSC09325.jpg?fit=650%2C433&ssl=1",650,433,true],"large":["https:\/\/i0.wp.com\/joyana.fr\/wp-content\/uploads\/2013\/09\/ALTILIGNE-DSC09325.jpg?fit=650%2C433&ssl=1",650,433,true],"1536x1536":["https:\/\/i0.wp.com\/joyana.fr\/wp-content\/uploads\/2013\/09\/ALTILIGNE-DSC09325.jpg?fit=650%2C433&ssl=1",650,433,true],"2048x2048":["https:\/\/i0.wp.com\/joyana.fr\/wp-content\/uploads\/2013\/09\/ALTILIGNE-DSC09325.jpg?fit=650%2C433&ssl=1",650,433,true],"featured-thumb":["https:\/\/i0.wp.com\/joyana.fr\/wp-content\/uploads\/2013\/09\/ALTILIGNE-DSC09325.jpg?resize=650%2C433&ssl=1",650,433,true],"ab-block-post-grid-landscape":["https:\/\/i0.wp.com\/joyana.fr\/wp-content\/uploads\/2013\/09\/ALTILIGNE-DSC09325.jpg?resize=600%2C400&ssl=1",600,400,true],"ab-block-post-grid-square":["https:\/\/i0.wp.com\/joyana.fr\/wp-content\/uploads\/2013\/09\/ALTILIGNE-DSC09325.jpg?resize=600%2C433&ssl=1",600,433,true],"author-pro-image":["https:\/\/i0.wp.com\/joyana.fr\/wp-content\/uploads\/2013\/09\/ALTILIGNE-DSC09325.jpg?resize=360%2C433&ssl=1",360,433,true],"slider":["https:\/\/i0.wp.com\/joyana.fr\/wp-content\/uploads\/2013\/09\/ALTILIGNE-DSC09325.jpg?resize=650%2C400&ssl=1",650,400,true],"woocommerce_thumbnail":["https:\/\/i0.wp.com\/joyana.fr\/wp-content\/uploads\/2013\/09\/ALTILIGNE-DSC09325.jpg?resize=450%2C433&ssl=1",450,433,true],"woocommerce_single":["https:\/\/i0.wp.com\/joyana.fr\/wp-content\/uploads\/2013\/09\/ALTILIGNE-DSC09325.jpg?fit=650%2C433&ssl=1",650,433,true],"woocommerce_gallery_thumbnail":["https:\/\/i0.wp.com\/joyana.fr\/wp-content\/uploads\/2013\/09\/ALTILIGNE-DSC09325.jpg?resize=180%2C180&ssl=1",180,180,true],"sow-carousel-default":["https:\/\/i0.wp.com\/joyana.fr\/wp-content\/uploads\/2013\/09\/ALTILIGNE-DSC09325.jpg?resize=272%2C182&ssl=1",272,182,true]},"post_excerpt_stackable":"<p>Nous vous en parlions sur notre billet sur Maison &#038; Objet 2013, Deco-Design d\u00e9cerne le prix Les&hellip;<\/p>\n","category_list":"<a href=\"https:\/\/joyana.fr\/ja\/category\/deco-design\/actualite\/actualite-deco-design\/\" rel=\"category tag\">Actualit\u00e9 D\u00e9co-Design<\/a>, <a href=\"https:\/\/joyana.fr\/ja\/category\/deco-design\/\" rel=\"category tag\">DECO-DESIGN<\/a>, <a href=\"https:\/\/joyana.fr\/ja\/category\/deco-design\/actualite\/design-award\/\" rel=\"category tag\">Design Award<\/a>, <a href=\"https:\/\/joyana.fr\/ja\/category\/deco-design\/actualite\/salon\/maison-et-objet\/\" rel=\"category tag\">MAISON &amp; OBJET<\/a>, <a href=\"https:\/\/joyana.fr\/ja\/category\/deco-design\/mobilier\/\" rel=\"category tag\">Mobilier<\/a>, <a href=\"https:\/\/joyana.fr\/ja\/category\/deco-design\/mobilier\/sculpture\/\" rel=\"category tag\">Sculpture<\/a>, <a href=\"https:\/\/joyana.fr\/ja\/category\/deco-design\/mobilier\/table\/\" rel=\"category tag\">Table<\/a>","author_info":{"display_name":"Jo Yana","author_link":"https:\/\/joyana.fr\/ja\/author\/joyana\/"},"comments_num":"1 comment","featured_image_urls_v2":{"full":["https:\/\/i0.wp.com\/joyana.fr\/wp-content\/uploads\/2013\/09\/ALTILIGNE-DSC09325.jpg?fit=650%2C433&ssl=1",650,433,false],"thumbnail":["https:\/\/i0.wp.com\/joyana.fr\/wp-content\/uploads\/2013\/09\/ALTILIGNE-DSC09325.jpg?resize=150%2C150&ssl=1",150,150,true],"medium":["https:\/\/i0.wp.com\/joyana.fr\/wp-content\/uploads\/2013\/09\/ALTILIGNE-DSC09325.jpg?fit=389%2C259&ssl=1",389,259,true],"medium_large":["https:\/\/i0.wp.com\/joyana.fr\/wp-content\/uploads\/2013\/09\/ALTILIGNE-DSC09325.jpg?fit=650%2C433&ssl=1",650,433,true],"large":["https:\/\/i0.wp.com\/joyana.fr\/wp-content\/uploads\/2013\/09\/ALTILIGNE-DSC09325.jpg?fit=650%2C433&ssl=1",650,433,true],"1536x1536":["https:\/\/i0.wp.com\/joyana.fr\/wp-content\/uploads\/2013\/09\/ALTILIGNE-DSC09325.jpg?fit=650%2C433&ssl=1",650,433,true],"2048x2048":["https:\/\/i0.wp.com\/joyana.fr\/wp-content\/uploads\/2013\/09\/ALTILIGNE-DSC09325.jpg?fit=650%2C433&ssl=1",650,433,true],"featured-thumb":["https:\/\/i0.wp.com\/joyana.fr\/wp-content\/uploads\/2013\/09\/ALTILIGNE-DSC09325.jpg?resize=650%2C433&ssl=1",650,433,true],"ab-block-post-grid-landscape":["https:\/\/i0.wp.com\/joyana.fr\/wp-content\/uploads\/2013\/09\/ALTILIGNE-DSC09325.jpg?resize=600%2C400&ssl=1",600,400,true],"ab-block-post-grid-square":["https:\/\/i0.wp.com\/joyana.fr\/wp-content\/uploads\/2013\/09\/ALTILIGNE-DSC09325.jpg?resize=600%2C433&ssl=1",600,433,true],"author-pro-image":["https:\/\/i0.wp.com\/joyana.fr\/wp-content\/uploads\/2013\/09\/ALTILIGNE-DSC09325.jpg?resize=360%2C433&ssl=1",360,433,true],"slider":["https:\/\/i0.wp.com\/joyana.fr\/wp-content\/uploads\/2013\/09\/ALTILIGNE-DSC09325.jpg?resize=650%2C400&ssl=1",650,400,true],"woocommerce_thumbnail":["https:\/\/i0.wp.com\/joyana.fr\/wp-content\/uploads\/2013\/09\/ALTILIGNE-DSC09325.jpg?resize=450%2C433&ssl=1",450,433,true],"woocommerce_single":["https:\/\/i0.wp.com\/joyana.fr\/wp-content\/uploads\/2013\/09\/ALTILIGNE-DSC09325.jpg?fit=650%2C433&ssl=1",650,433,true],"woocommerce_gallery_thumbnail":["https:\/\/i0.wp.com\/joyana.fr\/wp-content\/uploads\/2013\/09\/ALTILIGNE-DSC09325.jpg?resize=180%2C180&ssl=1",180,180,true],"sow-carousel-default":["https:\/\/i0.wp.com\/joyana.fr\/wp-content\/uploads\/2013\/09\/ALTILIGNE-DSC09325.jpg?resize=272%2C182&ssl=1",272,182,true]},"post_excerpt_stackable_v2":"<p>Nous vous en parlions sur notre billet sur Maison &#038; Objet 2013, Deco-Design d\u00e9cerne le prix Les&hellip;<\/p>\n","category_list_v2":"<a href=\"https:\/\/joyana.fr\/ja\/category\/deco-design\/actualite\/actualite-deco-design\/\" rel=\"category tag\">Actualit\u00e9 D\u00e9co-Design<\/a>, <a href=\"https:\/\/joyana.fr\/ja\/category\/deco-design\/\" rel=\"category tag\">DECO-DESIGN<\/a>, <a href=\"https:\/\/joyana.fr\/ja\/category\/deco-design\/actualite\/design-award\/\" rel=\"category tag\">Design Award<\/a>, <a href=\"https:\/\/joyana.fr\/ja\/category\/deco-design\/actualite\/salon\/maison-et-objet\/\" rel=\"category tag\">MAISON &amp; OBJET<\/a>, <a href=\"https:\/\/joyana.fr\/ja\/category\/deco-design\/mobilier\/\" rel=\"category tag\">Mobilier<\/a>, <a href=\"https:\/\/joyana.fr\/ja\/category\/deco-design\/mobilier\/sculpture\/\" rel=\"category tag\">Sculpture<\/a>, <a href=\"https:\/\/joyana.fr\/ja\/category\/deco-design\/mobilier\/table\/\" rel=\"category tag\">Table<\/a>","author_info_v2":{"name":"Jo Yana","url":"https:\/\/joyana.fr\/ja\/author\/joyana\/"},"comments_num_v2":"1 comment","yoast_head":"<!-- This site is optimized with the Yoast SEO plugin v26.8 - https:\/\/yoast.com\/product\/yoast-seo-wordpress\/ -->\n<title>#MO13 - Table SUBDUCTION par Benoit CHABERT x Altiligne - JO YANA<\/title>\n<meta name=\"robots\" content=\"index, follow, max-snippet:-1, max-image-preview:large, max-video-preview:-1\" \/>\n<link rel=\"canonical\" href=\"https:\/\/joyana.fr\/ja\/mo13-table-subduction-prix-les-decouvertes-benoit-chabert-x-altiligne\/114186\/\" \/>\n<meta property=\"og:locale\" content=\"ja_JP\" \/>\n<meta property=\"og:locale:alternate\" content=\"fr_FR\" \/>\n<meta property=\"og:locale:alternate\" content=\"en_US\" \/>\n<meta property=\"og:type\" content=\"article\" \/>\n<meta property=\"og:title\" content=\"#MO13 - Table SUBDUCTION par Benoit CHABERT x Altiligne - JO YANA\" \/>\n<meta property=\"og:description\" content=\"Nous vous en parlions sur notre billet sur Maison &amp; Objet 2013, Deco-Design d\u00e9cerne le prix Les D\u00e9couvert [&hellip;]\" \/>\n<meta property=\"og:url\" content=\"https:\/\/joyana.fr\/ja\/mo13-table-subduction-prix-les-decouvertes-benoit-chabert-x-altiligne\/114186\/\" \/>\n<meta property=\"og:site_name\" content=\"JO YANA\" \/>\n<meta property=\"article:published_time\" content=\"2013-09-06T14:02:04+00:00\" \/>\n<meta property=\"og:image\" content=\"https:\/\/joyana.fr\/wp-content\/uploads\/2013\/09\/ALTILIGNE-DSC09325.jpg\" \/>\n\t<meta property=\"og:image:width\" content=\"650\" \/>\n\t<meta property=\"og:image:height\" content=\"433\" \/>\n\t<meta property=\"og:image:type\" content=\"image\/jpeg\" \/>\n<meta name=\"author\" content=\"Jo Yana\" \/>\n<meta name=\"twitter:card\" content=\"summary_large_image\" \/>\n<meta name=\"twitter:creator\" content=\"@Jo_Yana\" \/>\n<meta name=\"twitter:site\" content=\"@Jo_Yana\" \/>\n<meta name=\"twitter:label1\" content=\"\u57f7\u7b46\u8005\" \/>\n\t<meta name=\"twitter:data1\" content=\"Jo Yana\" \/>\n\t<meta name=\"twitter:label2\" content=\"\u63a8\u5b9a\u8aad\u307f\u53d6\u308a\u6642\u9593\" \/>\n\t<meta name=\"twitter:data2\" content=\"1\u5206\" \/>\n<script type=\"application\/ld+json\" class=\"yoast-schema-graph\">{\"@context\":\"https:\/\/schema.org\",\"@graph\":[{\"@type\":\"Article\",\"@id\":\"https:\/\/joyana.fr\/mo13-table-subduction-prix-les-decouvertes-benoit-chabert-x-altiligne\/114186\/#article\",\"isPartOf\":{\"@id\":\"https:\/\/joyana.fr\/mo13-table-subduction-prix-les-decouvertes-benoit-chabert-x-altiligne\/114186\/\"},\"author\":{\"name\":\"Jo Yana\",\"@id\":\"https:\/\/www.joyana.fr\/ja\/#\/schema\/person\/cf2a1ad12a27c12c21801075bf37407c\"},\"headline\":\"#MO13 &#8211; Table SUBDUCTION par Benoit CHABERT x Altiligne\",\"datePublished\":\"2013-09-06T14:02:04+00:00\",\"mainEntityOfPage\":{\"@id\":\"https:\/\/joyana.fr\/mo13-table-subduction-prix-les-decouvertes-benoit-chabert-x-altiligne\/114186\/\"},\"wordCount\":186,\"commentCount\":1,\"publisher\":{\"@id\":\"https:\/\/www.joyana.fr\/ja\/#\/schema\/person\/cf2a1ad12a27c12c21801075bf37407c\"},\"image\":{\"@id\":\"https:\/\/joyana.fr\/mo13-table-subduction-prix-les-decouvertes-benoit-chabert-x-altiligne\/114186\/#primaryimage\"},\"thumbnailUrl\":\"https:\/\/i0.wp.com\/joyana.fr\/wp-content\/uploads\/2013\/09\/ALTILIGNE-DSC09325.jpg?fit=650%2C433&ssl=1\",\"keywords\":[\"Altiligne\",\"Benoit CHABERT\",\"Maison &amp; Objet\",\"Salons design\",\"Table\",\"Table design\"],\"articleSection\":[\"Actualit\u00e9 D\u00e9co-Design\",\"DECO-DESIGN\",\"Design Award\",\"MAISON &amp; OBJET\",\"Mobilier\",\"Sculpture\",\"Table\"],\"inLanguage\":\"ja\",\"potentialAction\":[{\"@type\":\"CommentAction\",\"name\":\"Comment\",\"target\":[\"https:\/\/joyana.fr\/mo13-table-subduction-prix-les-decouvertes-benoit-chabert-x-altiligne\/114186\/#respond\"]}]},{\"@type\":\"WebPage\",\"@id\":\"https:\/\/joyana.fr\/mo13-table-subduction-prix-les-decouvertes-benoit-chabert-x-altiligne\/114186\/\",\"url\":\"https:\/\/joyana.fr\/mo13-table-subduction-prix-les-decouvertes-benoit-chabert-x-altiligne\/114186\/\",\"name\":\"#MO13 - Table SUBDUCTION par Benoit CHABERT x Altiligne - JO YANA\",\"isPartOf\":{\"@id\":\"https:\/\/www.joyana.fr\/ja\/#website\"},\"primaryImageOfPage\":{\"@id\":\"https:\/\/joyana.fr\/mo13-table-subduction-prix-les-decouvertes-benoit-chabert-x-altiligne\/114186\/#primaryimage\"},\"image\":{\"@id\":\"https:\/\/joyana.fr\/mo13-table-subduction-prix-les-decouvertes-benoit-chabert-x-altiligne\/114186\/#primaryimage\"},\"thumbnailUrl\":\"https:\/\/i0.wp.com\/joyana.fr\/wp-content\/uploads\/2013\/09\/ALTILIGNE-DSC09325.jpg?fit=650%2C433&ssl=1\",\"datePublished\":\"2013-09-06T14:02:04+00:00\",\"breadcrumb\":{\"@id\":\"https:\/\/joyana.fr\/mo13-table-subduction-prix-les-decouvertes-benoit-chabert-x-altiligne\/114186\/#breadcrumb\"},\"inLanguage\":\"ja\",\"potentialAction\":[{\"@type\":\"ReadAction\",\"target\":[\"https:\/\/joyana.fr\/mo13-table-subduction-prix-les-decouvertes-benoit-chabert-x-altiligne\/114186\/\"]}]},{\"@type\":\"ImageObject\",\"inLanguage\":\"ja\",\"@id\":\"https:\/\/joyana.fr\/mo13-table-subduction-prix-les-decouvertes-benoit-chabert-x-altiligne\/114186\/#primaryimage\",\"url\":\"https:\/\/i0.wp.com\/joyana.fr\/wp-content\/uploads\/2013\/09\/ALTILIGNE-DSC09325.jpg?fit=650%2C433&ssl=1\",\"contentUrl\":\"https:\/\/i0.wp.com\/joyana.fr\/wp-content\/uploads\/2013\/09\/ALTILIGNE-DSC09325.jpg?fit=650%2C433&ssl=1\",\"width\":650,\"height\":433},{\"@type\":\"BreadcrumbList\",\"@id\":\"https:\/\/joyana.fr\/mo13-table-subduction-prix-les-decouvertes-benoit-chabert-x-altiligne\/114186\/#breadcrumb\",\"itemListElement\":[{\"@type\":\"ListItem\",\"position\":1,\"name\":\"Accueil\",\"item\":\"https:\/\/www.joyana.fr\/ja\/\"},{\"@type\":\"ListItem\",\"position\":2,\"name\":\"#MO13 &#8211; Table SUBDUCTION par Benoit CHABERT x Altiligne\"}]},{\"@type\":\"WebSite\",\"@id\":\"https:\/\/www.joyana.fr\/ja\/#website\",\"url\":\"https:\/\/www.joyana.fr\/ja\/\",\"name\":\"JO YANA\",\"description\":\"Blog Mode Homme, Lifestyle, D\u00e9co-Design\",\"publisher\":{\"@id\":\"https:\/\/www.joyana.fr\/ja\/#\/schema\/person\/cf2a1ad12a27c12c21801075bf37407c\"},\"potentialAction\":[{\"@type\":\"SearchAction\",\"target\":{\"@type\":\"EntryPoint\",\"urlTemplate\":\"https:\/\/www.joyana.fr\/ja\/?s={search_term_string}\"},\"query-input\":{\"@type\":\"PropertyValueSpecification\",\"valueRequired\":true,\"valueName\":\"search_term_string\"}}],\"inLanguage\":\"ja\"},{\"@type\":[\"Person\",\"Organization\"],\"@id\":\"https:\/\/www.joyana.fr\/ja\/#\/schema\/person\/cf2a1ad12a27c12c21801075bf37407c\",\"name\":\"Jo Yana\",\"image\":{\"@type\":\"ImageObject\",\"inLanguage\":\"ja\",\"@id\":\"https:\/\/www.joyana.fr\/ja\/#\/schema\/person\/image\/\",\"url\":\"https:\/\/i0.wp.com\/joyana.fr\/wp-content\/uploads\/2016\/08\/cropped-joyana-logo-black-360x180.png?fit=343%2C164&ssl=1\",\"contentUrl\":\"https:\/\/i0.wp.com\/joyana.fr\/wp-content\/uploads\/2016\/08\/cropped-joyana-logo-black-360x180.png?fit=343%2C164&ssl=1\",\"width\":343,\"height\":164,\"caption\":\"Jo Yana\"},\"logo\":{\"@id\":\"https:\/\/www.joyana.fr\/ja\/#\/schema\/person\/image\/\"},\"description\":\"Jo Yana est le cr\u00e9ateur et r\u00e9dacteur en chef des sites DECO-DESIGN. Passionn\u00e9 de Design, Mode, Photo, Luxe, Lifestyle, Musique, mais avant tout Blogueur ! Le plaisir de partager l'anime et a comme devise \\\"POUR L'AMOUR DU BEAU\\\". Retrouvez le aussi sur son blog personnel - https:\/\/joyana.fr...\",\"sameAs\":[\"https:\/\/joyana.fr\/\"],\"url\":\"https:\/\/joyana.fr\/ja\/author\/joyana\/\"}]}<\/script>\n<!-- \/ Yoast SEO plugin. -->","yoast_head_json":{"title":"#MO13 - Table SUBDUCTION par Benoit CHABERT x Altiligne - JO YANA","robots":{"index":"index","follow":"follow","max-snippet":"max-snippet:-1","max-image-preview":"max-image-preview:large","max-video-preview":"max-video-preview:-1"},"canonical":"https:\/\/joyana.fr\/ja\/mo13-table-subduction-prix-les-decouvertes-benoit-chabert-x-altiligne\/114186\/","og_locale":"ja_JP","og_type":"article","og_title":"#MO13 - Table SUBDUCTION par Benoit CHABERT x Altiligne - JO YANA","og_description":"Nous vous en parlions sur notre billet sur Maison &#038; Objet 2013, Deco-Design d\u00e9cerne le prix Les D\u00e9couvert [&hellip;]","og_url":"https:\/\/joyana.fr\/ja\/mo13-table-subduction-prix-les-decouvertes-benoit-chabert-x-altiligne\/114186\/","og_site_name":"JO YANA","article_published_time":"2013-09-06T14:02:04+00:00","og_image":[{"width":650,"height":433,"url":"https:\/\/joyana.fr\/wp-content\/uploads\/2013\/09\/ALTILIGNE-DSC09325.jpg","type":"image\/jpeg"}],"author":"Jo Yana","twitter_card":"summary_large_image","twitter_creator":"@Jo_Yana","twitter_site":"@Jo_Yana","twitter_misc":{"\u57f7\u7b46\u8005":"Jo Yana","\u63a8\u5b9a\u8aad\u307f\u53d6\u308a\u6642\u9593":"1\u5206"},"schema":{"@context":"https:\/\/schema.org","@graph":[{"@type":"Article","@id":"https:\/\/joyana.fr\/mo13-table-subduction-prix-les-decouvertes-benoit-chabert-x-altiligne\/114186\/#article","isPartOf":{"@id":"https:\/\/joyana.fr\/mo13-table-subduction-prix-les-decouvertes-benoit-chabert-x-altiligne\/114186\/"},"author":{"name":"Jo Yana","@id":"https:\/\/www.joyana.fr\/ja\/#\/schema\/person\/cf2a1ad12a27c12c21801075bf37407c"},"headline":"#MO13 &#8211; Table SUBDUCTION par Benoit CHABERT x Altiligne","datePublished":"2013-09-06T14:02:04+00:00","mainEntityOfPage":{"@id":"https:\/\/joyana.fr\/mo13-table-subduction-prix-les-decouvertes-benoit-chabert-x-altiligne\/114186\/"},"wordCount":186,"commentCount":1,"publisher":{"@id":"https:\/\/www.joyana.fr\/ja\/#\/schema\/person\/cf2a1ad12a27c12c21801075bf37407c"},"image":{"@id":"https:\/\/joyana.fr\/mo13-table-subduction-prix-les-decouvertes-benoit-chabert-x-altiligne\/114186\/#primaryimage"},"thumbnailUrl":"https:\/\/i0.wp.com\/joyana.fr\/wp-content\/uploads\/2013\/09\/ALTILIGNE-DSC09325.jpg?fit=650%2C433&ssl=1","keywords":["Altiligne","Benoit CHABERT","Maison &amp; Objet","Salons design","Table","Table design"],"articleSection":["Actualit\u00e9 D\u00e9co-Design","DECO-DESIGN","Design Award","MAISON &amp; OBJET","Mobilier","Sculpture","Table"],"inLanguage":"ja","potentialAction":[{"@type":"CommentAction","name":"Comment","target":["https:\/\/joyana.fr\/mo13-table-subduction-prix-les-decouvertes-benoit-chabert-x-altiligne\/114186\/#respond"]}]},{"@type":"WebPage","@id":"https:\/\/joyana.fr\/mo13-table-subduction-prix-les-decouvertes-benoit-chabert-x-altiligne\/114186\/","url":"https:\/\/joyana.fr\/mo13-table-subduction-prix-les-decouvertes-benoit-chabert-x-altiligne\/114186\/","name":"#MO13 - Table SUBDUCTION par Benoit CHABERT x Altiligne - JO YANA","isPartOf":{"@id":"https:\/\/www.joyana.fr\/ja\/#website"},"primaryImageOfPage":{"@id":"https:\/\/joyana.fr\/mo13-table-subduction-prix-les-decouvertes-benoit-chabert-x-altiligne\/114186\/#primaryimage"},"image":{"@id":"https:\/\/joyana.fr\/mo13-table-subduction-prix-les-decouvertes-benoit-chabert-x-altiligne\/114186\/#primaryimage"},"thumbnailUrl":"https:\/\/i0.wp.com\/joyana.fr\/wp-content\/uploads\/2013\/09\/ALTILIGNE-DSC09325.jpg?fit=650%2C433&ssl=1","datePublished":"2013-09-06T14:02:04+00:00","breadcrumb":{"@id":"https:\/\/joyana.fr\/mo13-table-subduction-prix-les-decouvertes-benoit-chabert-x-altiligne\/114186\/#breadcrumb"},"inLanguage":"ja","potentialAction":[{"@type":"ReadAction","target":["https:\/\/joyana.fr\/mo13-table-subduction-prix-les-decouvertes-benoit-chabert-x-altiligne\/114186\/"]}]},{"@type":"ImageObject","inLanguage":"ja","@id":"https:\/\/joyana.fr\/mo13-table-subduction-prix-les-decouvertes-benoit-chabert-x-altiligne\/114186\/#primaryimage","url":"https:\/\/i0.wp.com\/joyana.fr\/wp-content\/uploads\/2013\/09\/ALTILIGNE-DSC09325.jpg?fit=650%2C433&ssl=1","contentUrl":"https:\/\/i0.wp.com\/joyana.fr\/wp-content\/uploads\/2013\/09\/ALTILIGNE-DSC09325.jpg?fit=650%2C433&ssl=1","width":650,"height":433},{"@type":"BreadcrumbList","@id":"https:\/\/joyana.fr\/mo13-table-subduction-prix-les-decouvertes-benoit-chabert-x-altiligne\/114186\/#breadcrumb","itemListElement":[{"@type":"ListItem","position":1,"name":"Accueil","item":"https:\/\/www.joyana.fr\/ja\/"},{"@type":"ListItem","position":2,"name":"#MO13 &#8211; Table SUBDUCTION par Benoit CHABERT x Altiligne"}]},{"@type":"WebSite","@id":"https:\/\/www.joyana.fr\/ja\/#website","url":"https:\/\/www.joyana.fr\/ja\/","name":"JO YANA","description":"Blog Mode Homme, Lifestyle, D\u00e9co-Design","publisher":{"@id":"https:\/\/www.joyana.fr\/ja\/#\/schema\/person\/cf2a1ad12a27c12c21801075bf37407c"},"potentialAction":[{"@type":"SearchAction","target":{"@type":"EntryPoint","urlTemplate":"https:\/\/www.joyana.fr\/ja\/?s={search_term_string}"},"query-input":{"@type":"PropertyValueSpecification","valueRequired":true,"valueName":"search_term_string"}}],"inLanguage":"ja"},{"@type":["Person","Organization"],"@id":"https:\/\/www.joyana.fr\/ja\/#\/schema\/person\/cf2a1ad12a27c12c21801075bf37407c","name":"Jo Yana","image":{"@type":"ImageObject","inLanguage":"ja","@id":"https:\/\/www.joyana.fr\/ja\/#\/schema\/person\/image\/","url":"https:\/\/i0.wp.com\/joyana.fr\/wp-content\/uploads\/2016\/08\/cropped-joyana-logo-black-360x180.png?fit=343%2C164&ssl=1","contentUrl":"https:\/\/i0.wp.com\/joyana.fr\/wp-content\/uploads\/2016\/08\/cropped-joyana-logo-black-360x180.png?fit=343%2C164&ssl=1","width":343,"height":164,"caption":"Jo Yana"},"logo":{"@id":"https:\/\/www.joyana.fr\/ja\/#\/schema\/person\/image\/"},"description":"Jo Yana est le cr\u00e9ateur et r\u00e9dacteur en chef des sites DECO-DESIGN. Passionn\u00e9 de Design, Mode, Photo, Luxe, Lifestyle, Musique, mais avant tout Blogueur ! Le plaisir de partager l'anime et a comme devise \"POUR L'AMOUR DU BEAU\". Retrouvez le aussi sur son blog personnel - https:\/\/joyana.fr...","sameAs":["https:\/\/joyana.fr\/"],"url":"https:\/\/joyana.fr\/ja\/author\/joyana\/"}]}},"author_meta":{"display_name":"Jo Yana","author_link":"https:\/\/joyana.fr\/ja\/author\/joyana\/"},"featured_img":"https:\/\/i0.wp.com\/joyana.fr\/wp-content\/uploads\/2013\/09\/ALTILIGNE-DSC09325.jpg?fit=389%2C259&ssl=1","featured_image_src":"https:\/\/i0.wp.com\/joyana.fr\/wp-content\/uploads\/2013\/09\/ALTILIGNE-DSC09325.jpg?resize=600%2C400&ssl=1","featured_image_src_square":"https:\/\/i0.wp.com\/joyana.fr\/wp-content\/uploads\/2013\/09\/ALTILIGNE-DSC09325.jpg?resize=600%2C433&ssl=1","jetpack_featured_media_url":"https:\/\/i0.wp.com\/joyana.fr\/wp-content\/uploads\/2013\/09\/ALTILIGNE-DSC09325.jpg?fit=650%2C433&ssl=1","uagb_featured_image_src":{"full":["https:\/\/i0.wp.com\/joyana.fr\/wp-content\/uploads\/2013\/09\/ALTILIGNE-DSC09325.jpg?fit=650%2C433&ssl=1",650,433,false],"thumbnail":["https:\/\/i0.wp.com\/joyana.fr\/wp-content\/uploads\/2013\/09\/ALTILIGNE-DSC09325.jpg?resize=150%2C150&ssl=1",150,150,true],"medium":["https:\/\/i0.wp.com\/joyana.fr\/wp-content\/uploads\/2013\/09\/ALTILIGNE-DSC09325.jpg?fit=389%2C259&ssl=1",389,259,true],"medium_large":["https:\/\/i0.wp.com\/joyana.fr\/wp-content\/uploads\/2013\/09\/ALTILIGNE-DSC09325.jpg?fit=650%2C433&ssl=1",650,433,true],"large":["https:\/\/i0.wp.com\/joyana.fr\/wp-content\/uploads\/2013\/09\/ALTILIGNE-DSC09325.jpg?fit=650%2C433&ssl=1",650,433,true],"1536x1536":["https:\/\/i0.wp.com\/joyana.fr\/wp-content\/uploads\/2013\/09\/ALTILIGNE-DSC09325.jpg?fit=650%2C433&ssl=1",650,433,true],"2048x2048":["https:\/\/i0.wp.com\/joyana.fr\/wp-content\/uploads\/2013\/09\/ALTILIGNE-DSC09325.jpg?fit=650%2C433&ssl=1",650,433,true],"featured-thumb":["https:\/\/i0.wp.com\/joyana.fr\/wp-content\/uploads\/2013\/09\/ALTILIGNE-DSC09325.jpg?resize=650%2C433&ssl=1",650,433,true],"ab-block-post-grid-landscape":["https:\/\/i0.wp.com\/joyana.fr\/wp-content\/uploads\/2013\/09\/ALTILIGNE-DSC09325.jpg?resize=600%2C400&ssl=1",600,400,true],"ab-block-post-grid-square":["https:\/\/i0.wp.com\/joyana.fr\/wp-content\/uploads\/2013\/09\/ALTILIGNE-DSC09325.jpg?resize=600%2C433&ssl=1",600,433,true],"author-pro-image":["https:\/\/i0.wp.com\/joyana.fr\/wp-content\/uploads\/2013\/09\/ALTILIGNE-DSC09325.jpg?resize=360%2C433&ssl=1",360,433,true],"slider":["https:\/\/i0.wp.com\/joyana.fr\/wp-content\/uploads\/2013\/09\/ALTILIGNE-DSC09325.jpg?resize=650%2C400&ssl=1",650,400,true],"woocommerce_thumbnail":["https:\/\/i0.wp.com\/joyana.fr\/wp-content\/uploads\/2013\/09\/ALTILIGNE-DSC09325.jpg?resize=450%2C433&ssl=1",450,433,true],"woocommerce_single":["https:\/\/i0.wp.com\/joyana.fr\/wp-content\/uploads\/2013\/09\/ALTILIGNE-DSC09325.jpg?fit=650%2C433&ssl=1",650,433,true],"woocommerce_gallery_thumbnail":["https:\/\/i0.wp.com\/joyana.fr\/wp-content\/uploads\/2013\/09\/ALTILIGNE-DSC09325.jpg?resize=180%2C180&ssl=1",180,180,true],"sow-carousel-default":["https:\/\/i0.wp.com\/joyana.fr\/wp-content\/uploads\/2013\/09\/ALTILIGNE-DSC09325.jpg?resize=272%2C182&ssl=1",272,182,true]},"uagb_author_info":{"display_name":"Jo Yana","author_link":"https:\/\/joyana.fr\/ja\/author\/joyana\/"},"uagb_comment_info":1,"uagb_excerpt":"Nous vous en parlions sur notre billet sur Maison &#038&hellip;","coauthors":[],"tax_additional":{"categories":{"linked":["<a href=\"https:\/\/joyana.fr\/ja\/category\/deco-design\/actualite\/actualite-deco-design\/\" class=\"advgb-post-tax-term\">Actualit\u00e9 D\u00e9co-Design<\/a>","<a href=\"https:\/\/joyana.fr\/ja\/category\/deco-design\/\" class=\"advgb-post-tax-term\">DECO-DESIGN<\/a>","<a href=\"https:\/\/joyana.fr\/ja\/category\/deco-design\/actualite\/design-award\/\" class=\"advgb-post-tax-term\">Design Award<\/a>","<a href=\"https:\/\/joyana.fr\/ja\/category\/deco-design\/actualite\/salon\/maison-et-objet\/\" class=\"advgb-post-tax-term\">MAISON &amp; OBJET<\/a>","<a href=\"https:\/\/joyana.fr\/ja\/category\/deco-design\/mobilier\/\" class=\"advgb-post-tax-term\">Mobilier<\/a>","<a href=\"https:\/\/joyana.fr\/ja\/category\/deco-design\/mobilier\/sculpture\/\" class=\"advgb-post-tax-term\">Sculpture<\/a>","<a href=\"https:\/\/joyana.fr\/ja\/category\/deco-design\/mobilier\/table\/\" class=\"advgb-post-tax-term\">Table<\/a>"],"unlinked":["<span class=\"advgb-post-tax-term\">Actualit\u00e9 D\u00e9co-Design<\/span>","<span class=\"advgb-post-tax-term\">DECO-DESIGN<\/span>","<span class=\"advgb-post-tax-term\">Design Award<\/span>","<span class=\"advgb-post-tax-term\">MAISON &amp; OBJET<\/span>","<span class=\"advgb-post-tax-term\">Mobilier<\/span>","<span class=\"advgb-post-tax-term\">Sculpture<\/span>","<span class=\"advgb-post-tax-term\">Table<\/span>"]},"tags":{"linked":["<a href=\"https:\/\/joyana.fr\/ja\/category\/deco-design\/mobilier\/table\/\" class=\"advgb-post-tax-term\">Altiligne<\/a>","<a href=\"https:\/\/joyana.fr\/ja\/category\/deco-design\/mobilier\/table\/\" class=\"advgb-post-tax-term\">Benoit CHABERT<\/a>","<a href=\"https:\/\/joyana.fr\/ja\/category\/deco-design\/mobilier\/table\/\" class=\"advgb-post-tax-term\">Maison &amp; Objet<\/a>","<a href=\"https:\/\/joyana.fr\/ja\/category\/deco-design\/mobilier\/table\/\" class=\"advgb-post-tax-term\">Salons design<\/a>","<a href=\"https:\/\/joyana.fr\/ja\/category\/deco-design\/mobilier\/table\/\" class=\"advgb-post-tax-term\">Table<\/a>","<a href=\"https:\/\/joyana.fr\/ja\/category\/deco-design\/mobilier\/table\/\" class=\"advgb-post-tax-term\">Table design<\/a>"],"unlinked":["<span class=\"advgb-post-tax-term\">Altiligne<\/span>","<span class=\"advgb-post-tax-term\">Benoit CHABERT<\/span>","<span class=\"advgb-post-tax-term\">Maison &amp; Objet<\/span>","<span class=\"advgb-post-tax-term\">Salons design<\/span>","<span class=\"advgb-post-tax-term\">Table<\/span>","<span class=\"advgb-post-tax-term\">Table design<\/span>"]}},"comment_count":1,"relative_dates":{"created":"Posted 13\u5e74 ago","modified":"Updated 13\u5e74 ago"},"absolute_dates":{"created":"Posted on 6 9\u6708 2013","modified":"Updated on 6 9\u6708 2013"},"absolute_dates_time":{"created":"Posted on 6 9\u6708 2013 15:02","modified":"Updated on 6 9\u6708 2013 15:02"},"featured_img_caption":"","series_order":"","jetpack_sharing_enabled":true,"jetpack_shortlink":"https:\/\/wp.me\/p9bteI-tHI","jetpack-related-posts":[],"_links":{"self":[{"href":"https:\/\/joyana.fr\/ja\/wp-json\/wp\/v2\/posts\/114186","targetHints":{"allow":["GET"]}}],"collection":[{"href":"https:\/\/joyana.fr\/ja\/wp-json\/wp\/v2\/posts"}],"about":[{"href":"https:\/\/joyana.fr\/ja\/wp-json\/wp\/v2\/types\/post"}],"author":[{"embeddable":true,"href":"https:\/\/joyana.fr\/ja\/wp-json\/wp\/v2\/users\/3"}],"replies":[{"embeddable":true,"href":"https:\/\/joyana.fr\/ja\/wp-json\/wp\/v2\/comments?post=114186"}],"version-history":[{"count":0,"href":"https:\/\/joyana.fr\/ja\/wp-json\/wp\/v2\/posts\/114186\/revisions"}],"wp:featuredmedia":[{"embeddable":true,"href":"https:\/\/joyana.fr\/ja\/wp-json\/wp\/v2\/media\/114192"}],"wp:attachment":[{"href":"https:\/\/joyana.fr\/ja\/wp-json\/wp\/v2\/media?parent=114186"}],"wp:term":[{"taxonomy":"category","embeddable":true,"href":"https:\/\/joyana.fr\/ja\/wp-json\/wp\/v2\/categories?post=114186"},{"taxonomy":"post_tag","embeddable":true,"href":"https:\/\/joyana.fr\/ja\/wp-json\/wp\/v2\/tags?post=114186"}],"curies":[{"name":"wp","href":"https:\/\/api.w.org\/{rel}","templated":true}]}}