{"id":114224,"date":"2013-09-08T18:46:09","date_gmt":"2013-09-08T17:46:09","guid":{"rendered":"https:\/\/joyana.fr\/?p=14224"},"modified":"2013-09-08T18:46:09","modified_gmt":"2013-09-08T17:46:09","slug":"mo13-collection-shine-par-emu-x-arik-levy","status":"publish","type":"post","link":"https:\/\/joyana.fr\/ja\/mo13-collection-shine-par-emu-x-arik-levy\/114224\/","title":{"rendered":"#MO13 &#8211; Collection SHINE par EMU x Arik LEVY"},"content":{"rendered":"<p><strong>Arik Levy<\/strong> et <strong>Emu<\/strong> pr\u00e9sentent le fruit de leur collaboration &#8211; une collection de <strong>mobilier<\/strong> pour l&#8217;ext\u00e9rieur intitul\u00e9e <strong>SHINE<\/strong> &#8211; dans le hall NOW! Design \u00e0 Vivre de <strong>Maison &#038; Objet<\/strong>&#8230;<\/p>\n<p><img data-recalc-dims=\"1\" fetchpriority=\"high\" decoding=\"async\" class=\"alignnone size-large wp-image-14225\" alt=\"EMU-ARIK-LEVY_1\" src=\"https:\/\/i0.wp.com\/joyana.fr\/wp-content\/uploads\/2013\/09\/EMU-ARIK-LEVY_1.jpg?resize=576%2C464&#038;ssl=1\" width=\"576\" height=\"464\" \/><\/p>\n<p>La collection <strong>SHINE<\/strong> est enti\u00e8rement fabriqu\u00e9e en aluminium, <strong>Arik Levy<\/strong> la voulu \u00e9l\u00e9gante et versatile, s\u2019adaptant aux nombreux environnements, que ce soit pour le secteur r\u00e9sidentiel comme pour le Contract hospitality. Gr\u00e2ce \u00e0 l&#8217;aluminium cette collection a des qualit\u00e9s de l\u00e9g\u00e8ret\u00e9, qui la rendent tr\u00e8s fonctionnelle, et r\u00e9sistante, notamment envers les agents atmosph\u00e9riques&#8230;<\/p>\n<p><img data-recalc-dims=\"1\" decoding=\"async\" class=\"alignnone size-large wp-image-14226\" alt=\"EMU-ARIK-LEVY_2\" src=\"https:\/\/i0.wp.com\/joyana.fr\/wp-content\/uploads\/2013\/09\/EMU-ARIK-LEVY_2.jpg?resize=576%2C383&#038;ssl=1\" width=\"576\" height=\"383\" \/><\/p>\n<p><img data-recalc-dims=\"1\" decoding=\"async\" class=\"alignnone size-large wp-image-14228\" alt=\"EMU-ARIK-LEVY-3\" src=\"https:\/\/i0.wp.com\/joyana.fr\/wp-content\/uploads\/2013\/09\/EMU-ARIK-LEVY-31.jpg?resize=576%2C383&#038;ssl=1\" width=\"576\" height=\"383\" \/><\/p>\n<p>La collection <strong>SHINE<\/strong> par <strong>EMU x Arik Levy<\/strong> se compose de fauteuils, chaises, tabouret haut, mange debout et lounges empilables, comportant des bras en teck, et les tables sont \u00e9quip\u00e9es d\u2019un plateau en teck&#8230;<\/p>\n<p>Disponible en : blanc, marron d\u2019Inde, moutarde, gris colombe, bleu oc\u00e9an.<\/p>\n<p><img data-recalc-dims=\"1\" loading=\"lazy\" decoding=\"async\" class=\"alignnone size-large wp-image-14229\" alt=\"EMU-ARIK-LEVY-DSC09392\" src=\"https:\/\/i0.wp.com\/joyana.fr\/wp-content\/uploads\/2013\/09\/EMU-ARIK-LEVY-DSC09392.jpg?resize=576%2C789&#038;ssl=1\" width=\"576\" height=\"789\" \/><\/p>\n<p><img data-recalc-dims=\"1\" loading=\"lazy\" decoding=\"async\" class=\"alignnone size-large wp-image-14231\" alt=\"EMU-ARIK-LEVY-DSC09393\" src=\"https:\/\/i0.wp.com\/joyana.fr\/wp-content\/uploads\/2013\/09\/EMU-ARIK-LEVY-DSC093931.jpg?resize=576%2C383&#038;ssl=1\" width=\"576\" height=\"383\" \/><\/p>\n<p><img data-recalc-dims=\"1\" loading=\"lazy\" decoding=\"async\" class=\"alignnone size-large wp-image-14232\" alt=\"EMU-ARIK-LEVY-DSC09394\" src=\"https:\/\/i0.wp.com\/joyana.fr\/wp-content\/uploads\/2013\/09\/EMU-ARIK-LEVY-DSC09394.jpg?resize=576%2C383&#038;ssl=1\" width=\"576\" height=\"383\" \/><\/p>\n<p style=\"text-align: center;\">En savoir + sur <a href=\"http:\/\/me.emu.it\/fr\/\" target=\"_blank\">EMU<\/a> &#038; <a title=\"ARIK LEVY\" href=\"http:\/\/www.ariklevy.fr\" target=\"_blank\">Arik LEVY<\/a><\/p>\n","protected":false},"excerpt":{"rendered":"<p>Arik Levy et Emu pr\u00e9sentent le fruit de leur collaboration &#8211; une collection de mobilier pour l&#8217;ext [&hellip;]<\/p>\n","protected":false},"author":3,"featured_media":114225,"comment_status":"open","ping_status":"open","sticky":false,"template":"","format":"standard","meta":{"_coblocks_attr":"","_coblocks_dimensions":"","_coblocks_responsive_height":"","_coblocks_accordion_ie_support":"","_uag_custom_page_level_css":"","advgb_blocks_editor_width":"","advgb_blocks_columns_visual_guide":"","_genesis_hide_title":false,"_genesis_hide_breadcrumbs":false,"_genesis_hide_singular_image":false,"_genesis_hide_footer_widgets":false,"_genesis_custom_body_class":"","_genesis_custom_post_class":"","_genesis_layout":"","_themeisle_gutenberg_block_has_review":false,"_jetpack_newsletter_access":"","_jetpack_dont_email_post_to_subs":false,"_jetpack_newsletter_tier_id":0,"_jetpack_memberships_contains_paywalled_content":false,"_jetpack_memberships_contains_paid_content":false,"footnotes":""},"categories":[987,948,905,961,942,944],"tags":[1484,1144,1127,78,922,1486,1171,1329],"class_list":{"0":"post-114224","1":"post","2":"type-post","3":"status-publish","4":"format-standard","5":"has-post-thumbnail","7":"category-arik-levy","8":"category-assise","9":"category-deco-design","10":"category-maison-et-objet","11":"category-mobilier","12":"category-table","13":"tag-mo13","14":"tag-arik-levy","15":"tag-chaise-design","16":"tag-design","17":"tag-design-outdoor","18":"tag-emu","19":"tag-table-design","20":"tag-tabouret-design","21":"entry"},"featured_image_urls":{"full":["https:\/\/i0.wp.com\/joyana.fr\/wp-content\/uploads\/2013\/09\/EMU-ARIK-LEVY_1.jpg?fit=650%2C524&ssl=1",650,524,false],"thumbnail":["https:\/\/i0.wp.com\/joyana.fr\/wp-content\/uploads\/2013\/09\/EMU-ARIK-LEVY_1.jpg?resize=150%2C150&ssl=1",150,150,true],"medium":["https:\/\/i0.wp.com\/joyana.fr\/wp-content\/uploads\/2013\/09\/EMU-ARIK-LEVY_1.jpg?fit=389%2C314&ssl=1",389,314,true],"medium_large":["https:\/\/i0.wp.com\/joyana.fr\/wp-content\/uploads\/2013\/09\/EMU-ARIK-LEVY_1.jpg?fit=650%2C524&ssl=1",650,524,true],"large":["https:\/\/i0.wp.com\/joyana.fr\/wp-content\/uploads\/2013\/09\/EMU-ARIK-LEVY_1.jpg?fit=650%2C524&ssl=1",650,524,true],"1536x1536":["https:\/\/i0.wp.com\/joyana.fr\/wp-content\/uploads\/2013\/09\/EMU-ARIK-LEVY_1.jpg?fit=650%2C524&ssl=1",650,524,true],"2048x2048":["https:\/\/i0.wp.com\/joyana.fr\/wp-content\/uploads\/2013\/09\/EMU-ARIK-LEVY_1.jpg?fit=650%2C524&ssl=1",650,524,true],"featured-thumb":["https:\/\/i0.wp.com\/joyana.fr\/wp-content\/uploads\/2013\/09\/EMU-ARIK-LEVY_1.jpg?resize=650%2C524&ssl=1",650,524,true],"ab-block-post-grid-landscape":["https:\/\/i0.wp.com\/joyana.fr\/wp-content\/uploads\/2013\/09\/EMU-ARIK-LEVY_1.jpg?resize=600%2C400&ssl=1",600,400,true],"ab-block-post-grid-square":["https:\/\/i0.wp.com\/joyana.fr\/wp-content\/uploads\/2013\/09\/EMU-ARIK-LEVY_1.jpg?resize=600%2C524&ssl=1",600,524,true],"author-pro-image":["https:\/\/i0.wp.com\/joyana.fr\/wp-content\/uploads\/2013\/09\/EMU-ARIK-LEVY_1.jpg?resize=360%2C524&ssl=1",360,524,true],"slider":["https:\/\/i0.wp.com\/joyana.fr\/wp-content\/uploads\/2013\/09\/EMU-ARIK-LEVY_1.jpg?resize=650%2C400&ssl=1",650,400,true],"woocommerce_thumbnail":["https:\/\/i0.wp.com\/joyana.fr\/wp-content\/uploads\/2013\/09\/EMU-ARIK-LEVY_1.jpg?resize=450%2C450&ssl=1",450,450,true],"woocommerce_single":["https:\/\/i0.wp.com\/joyana.fr\/wp-content\/uploads\/2013\/09\/EMU-ARIK-LEVY_1.jpg?fit=650%2C524&ssl=1",650,524,true],"woocommerce_gallery_thumbnail":["https:\/\/i0.wp.com\/joyana.fr\/wp-content\/uploads\/2013\/09\/EMU-ARIK-LEVY_1.jpg?resize=180%2C180&ssl=1",180,180,true],"sow-carousel-default":["https:\/\/i0.wp.com\/joyana.fr\/wp-content\/uploads\/2013\/09\/EMU-ARIK-LEVY_1.jpg?resize=272%2C182&ssl=1",272,182,true]},"post_excerpt_stackable":"<p>Arik Levy et Emu pr\u00e9sentent le fruit de leur collaboration &#8211; une collection de mobilier pour l&hellip;<\/p>\n","category_list":"<a href=\"https:\/\/joyana.fr\/ja\/category\/deco-design\/designer\/arik-levy\/\" rel=\"category tag\">Arik LEVY<\/a>, <a href=\"https:\/\/joyana.fr\/ja\/category\/deco-design\/mobilier\/assise\/\" rel=\"category tag\">Assise<\/a>, <a href=\"https:\/\/joyana.fr\/ja\/category\/deco-design\/\" rel=\"category tag\">DECO-DESIGN<\/a>, <a href=\"https:\/\/joyana.fr\/ja\/category\/deco-design\/actualite\/salon\/maison-et-objet\/\" rel=\"category tag\">MAISON &amp; OBJET<\/a>, <a href=\"https:\/\/joyana.fr\/ja\/category\/deco-design\/mobilier\/\" rel=\"category tag\">Mobilier<\/a>, <a href=\"https:\/\/joyana.fr\/ja\/category\/deco-design\/mobilier\/table\/\" rel=\"category tag\">Table<\/a>","author_info":{"display_name":"Jo Yana","author_link":"https:\/\/joyana.fr\/ja\/author\/joyana\/"},"comments_num":"1 comment","featured_image_urls_v2":{"full":["https:\/\/i0.wp.com\/joyana.fr\/wp-content\/uploads\/2013\/09\/EMU-ARIK-LEVY_1.jpg?fit=650%2C524&ssl=1",650,524,false],"thumbnail":["https:\/\/i0.wp.com\/joyana.fr\/wp-content\/uploads\/2013\/09\/EMU-ARIK-LEVY_1.jpg?resize=150%2C150&ssl=1",150,150,true],"medium":["https:\/\/i0.wp.com\/joyana.fr\/wp-content\/uploads\/2013\/09\/EMU-ARIK-LEVY_1.jpg?fit=389%2C314&ssl=1",389,314,true],"medium_large":["https:\/\/i0.wp.com\/joyana.fr\/wp-content\/uploads\/2013\/09\/EMU-ARIK-LEVY_1.jpg?fit=650%2C524&ssl=1",650,524,true],"large":["https:\/\/i0.wp.com\/joyana.fr\/wp-content\/uploads\/2013\/09\/EMU-ARIK-LEVY_1.jpg?fit=650%2C524&ssl=1",650,524,true],"1536x1536":["https:\/\/i0.wp.com\/joyana.fr\/wp-content\/uploads\/2013\/09\/EMU-ARIK-LEVY_1.jpg?fit=650%2C524&ssl=1",650,524,true],"2048x2048":["https:\/\/i0.wp.com\/joyana.fr\/wp-content\/uploads\/2013\/09\/EMU-ARIK-LEVY_1.jpg?fit=650%2C524&ssl=1",650,524,true],"featured-thumb":["https:\/\/i0.wp.com\/joyana.fr\/wp-content\/uploads\/2013\/09\/EMU-ARIK-LEVY_1.jpg?resize=650%2C524&ssl=1",650,524,true],"ab-block-post-grid-landscape":["https:\/\/i0.wp.com\/joyana.fr\/wp-content\/uploads\/2013\/09\/EMU-ARIK-LEVY_1.jpg?resize=600%2C400&ssl=1",600,400,true],"ab-block-post-grid-square":["https:\/\/i0.wp.com\/joyana.fr\/wp-content\/uploads\/2013\/09\/EMU-ARIK-LEVY_1.jpg?resize=600%2C524&ssl=1",600,524,true],"author-pro-image":["https:\/\/i0.wp.com\/joyana.fr\/wp-content\/uploads\/2013\/09\/EMU-ARIK-LEVY_1.jpg?resize=360%2C524&ssl=1",360,524,true],"slider":["https:\/\/i0.wp.com\/joyana.fr\/wp-content\/uploads\/2013\/09\/EMU-ARIK-LEVY_1.jpg?resize=650%2C400&ssl=1",650,400,true],"woocommerce_thumbnail":["https:\/\/i0.wp.com\/joyana.fr\/wp-content\/uploads\/2013\/09\/EMU-ARIK-LEVY_1.jpg?resize=450%2C450&ssl=1",450,450,true],"woocommerce_single":["https:\/\/i0.wp.com\/joyana.fr\/wp-content\/uploads\/2013\/09\/EMU-ARIK-LEVY_1.jpg?fit=650%2C524&ssl=1",650,524,true],"woocommerce_gallery_thumbnail":["https:\/\/i0.wp.com\/joyana.fr\/wp-content\/uploads\/2013\/09\/EMU-ARIK-LEVY_1.jpg?resize=180%2C180&ssl=1",180,180,true],"sow-carousel-default":["https:\/\/i0.wp.com\/joyana.fr\/wp-content\/uploads\/2013\/09\/EMU-ARIK-LEVY_1.jpg?resize=272%2C182&ssl=1",272,182,true]},"post_excerpt_stackable_v2":"<p>Arik Levy et Emu pr\u00e9sentent le fruit de leur collaboration &#8211; une collection de mobilier pour l&hellip;<\/p>\n","category_list_v2":"<a href=\"https:\/\/joyana.fr\/ja\/category\/deco-design\/designer\/arik-levy\/\" rel=\"category tag\">Arik LEVY<\/a>, <a href=\"https:\/\/joyana.fr\/ja\/category\/deco-design\/mobilier\/assise\/\" rel=\"category tag\">Assise<\/a>, <a href=\"https:\/\/joyana.fr\/ja\/category\/deco-design\/\" rel=\"category tag\">DECO-DESIGN<\/a>, <a href=\"https:\/\/joyana.fr\/ja\/category\/deco-design\/actualite\/salon\/maison-et-objet\/\" rel=\"category tag\">MAISON &amp; OBJET<\/a>, <a href=\"https:\/\/joyana.fr\/ja\/category\/deco-design\/mobilier\/\" rel=\"category tag\">Mobilier<\/a>, <a href=\"https:\/\/joyana.fr\/ja\/category\/deco-design\/mobilier\/table\/\" rel=\"category tag\">Table<\/a>","author_info_v2":{"name":"Jo Yana","url":"https:\/\/joyana.fr\/ja\/author\/joyana\/"},"comments_num_v2":"1 comment","yoast_head":"<!-- This site is optimized with the Yoast SEO plugin v26.8 - https:\/\/yoast.com\/product\/yoast-seo-wordpress\/ -->\n<title>#MO13 - Collection SHINE par EMU x Arik LEVY - JO YANA<\/title>\n<meta name=\"robots\" content=\"index, follow, max-snippet:-1, max-image-preview:large, max-video-preview:-1\" \/>\n<link rel=\"canonical\" href=\"https:\/\/joyana.fr\/ja\/mo13-collection-shine-par-emu-x-arik-levy\/114224\/\" \/>\n<meta property=\"og:locale\" content=\"ja_JP\" \/>\n<meta property=\"og:locale:alternate\" content=\"fr_FR\" \/>\n<meta property=\"og:locale:alternate\" content=\"en_US\" \/>\n<meta property=\"og:type\" content=\"article\" \/>\n<meta property=\"og:title\" content=\"#MO13 - Collection SHINE par EMU x Arik LEVY - JO YANA\" \/>\n<meta property=\"og:description\" content=\"Arik Levy et Emu pr\u00e9sentent le fruit de leur collaboration &#8211; une collection de mobilier pour l&#8217;ext [&hellip;]\" \/>\n<meta property=\"og:url\" content=\"https:\/\/joyana.fr\/ja\/mo13-collection-shine-par-emu-x-arik-levy\/114224\/\" \/>\n<meta property=\"og:site_name\" content=\"JO YANA\" \/>\n<meta property=\"article:published_time\" content=\"2013-09-08T17:46:09+00:00\" \/>\n<meta property=\"og:image\" content=\"https:\/\/joyana.fr\/wp-content\/uploads\/2013\/09\/EMU-ARIK-LEVY_1.jpg\" \/>\n\t<meta property=\"og:image:width\" content=\"650\" \/>\n\t<meta property=\"og:image:height\" content=\"524\" \/>\n\t<meta property=\"og:image:type\" content=\"image\/jpeg\" \/>\n<meta name=\"author\" content=\"Jo Yana\" \/>\n<meta name=\"twitter:card\" content=\"summary_large_image\" \/>\n<meta name=\"twitter:creator\" content=\"@Jo_Yana\" \/>\n<meta name=\"twitter:site\" content=\"@Jo_Yana\" \/>\n<meta name=\"twitter:label1\" content=\"\u57f7\u7b46\u8005\" \/>\n\t<meta name=\"twitter:data1\" content=\"Jo Yana\" \/>\n\t<meta name=\"twitter:label2\" content=\"\u63a8\u5b9a\u8aad\u307f\u53d6\u308a\u6642\u9593\" \/>\n\t<meta name=\"twitter:data2\" content=\"1\u5206\" \/>\n<script type=\"application\/ld+json\" class=\"yoast-schema-graph\">{\"@context\":\"https:\/\/schema.org\",\"@graph\":[{\"@type\":\"Article\",\"@id\":\"https:\/\/joyana.fr\/ja\/mo13-collection-shine-par-emu-x-arik-levy\/114224\/#article\",\"isPartOf\":{\"@id\":\"https:\/\/joyana.fr\/ja\/mo13-collection-shine-par-emu-x-arik-levy\/114224\/\"},\"author\":{\"name\":\"Jo Yana\",\"@id\":\"https:\/\/joyana.fr\/#\/schema\/person\/cf2a1ad12a27c12c21801075bf37407c\"},\"headline\":\"#MO13 &#8211; Collection SHINE par EMU x Arik LEVY\",\"datePublished\":\"2013-09-08T17:46:09+00:00\",\"mainEntityOfPage\":{\"@id\":\"https:\/\/joyana.fr\/ja\/mo13-collection-shine-par-emu-x-arik-levy\/114224\/\"},\"wordCount\":161,\"commentCount\":1,\"publisher\":{\"@id\":\"https:\/\/joyana.fr\/#\/schema\/person\/cf2a1ad12a27c12c21801075bf37407c\"},\"image\":{\"@id\":\"https:\/\/joyana.fr\/ja\/mo13-collection-shine-par-emu-x-arik-levy\/114224\/#primaryimage\"},\"thumbnailUrl\":\"https:\/\/i0.wp.com\/joyana.fr\/wp-content\/uploads\/2013\/09\/EMU-ARIK-LEVY_1.jpg?fit=650%2C524&ssl=1\",\"keywords\":[\"#MO13\",\"Arik LEVY\",\"Chaise design\",\"DESIGN\",\"Design Outdoor\",\"EMU\",\"Table design\",\"Tabouret design\"],\"articleSection\":[\"Arik LEVY\",\"Assise\",\"DECO-DESIGN\",\"MAISON &amp; OBJET\",\"Mobilier\",\"Table\"],\"inLanguage\":\"ja\",\"potentialAction\":[{\"@type\":\"CommentAction\",\"name\":\"Comment\",\"target\":[\"https:\/\/joyana.fr\/ja\/mo13-collection-shine-par-emu-x-arik-levy\/114224\/#respond\"]}]},{\"@type\":\"WebPage\",\"@id\":\"https:\/\/joyana.fr\/ja\/mo13-collection-shine-par-emu-x-arik-levy\/114224\/\",\"url\":\"https:\/\/joyana.fr\/ja\/mo13-collection-shine-par-emu-x-arik-levy\/114224\/\",\"name\":\"#MO13 - Collection SHINE par EMU x Arik LEVY - JO YANA\",\"isPartOf\":{\"@id\":\"https:\/\/joyana.fr\/#website\"},\"primaryImageOfPage\":{\"@id\":\"https:\/\/joyana.fr\/ja\/mo13-collection-shine-par-emu-x-arik-levy\/114224\/#primaryimage\"},\"image\":{\"@id\":\"https:\/\/joyana.fr\/ja\/mo13-collection-shine-par-emu-x-arik-levy\/114224\/#primaryimage\"},\"thumbnailUrl\":\"https:\/\/i0.wp.com\/joyana.fr\/wp-content\/uploads\/2013\/09\/EMU-ARIK-LEVY_1.jpg?fit=650%2C524&ssl=1\",\"datePublished\":\"2013-09-08T17:46:09+00:00\",\"breadcrumb\":{\"@id\":\"https:\/\/joyana.fr\/ja\/mo13-collection-shine-par-emu-x-arik-levy\/114224\/#breadcrumb\"},\"inLanguage\":\"ja\",\"potentialAction\":[{\"@type\":\"ReadAction\",\"target\":[\"https:\/\/joyana.fr\/ja\/mo13-collection-shine-par-emu-x-arik-levy\/114224\/\"]}]},{\"@type\":\"ImageObject\",\"inLanguage\":\"ja\",\"@id\":\"https:\/\/joyana.fr\/ja\/mo13-collection-shine-par-emu-x-arik-levy\/114224\/#primaryimage\",\"url\":\"https:\/\/i0.wp.com\/joyana.fr\/wp-content\/uploads\/2013\/09\/EMU-ARIK-LEVY_1.jpg?fit=650%2C524&ssl=1\",\"contentUrl\":\"https:\/\/i0.wp.com\/joyana.fr\/wp-content\/uploads\/2013\/09\/EMU-ARIK-LEVY_1.jpg?fit=650%2C524&ssl=1\",\"width\":650,\"height\":524},{\"@type\":\"BreadcrumbList\",\"@id\":\"https:\/\/joyana.fr\/ja\/mo13-collection-shine-par-emu-x-arik-levy\/114224\/#breadcrumb\",\"itemListElement\":[{\"@type\":\"ListItem\",\"position\":1,\"name\":\"Accueil\",\"item\":\"https:\/\/joyana.fr\/\"},{\"@type\":\"ListItem\",\"position\":2,\"name\":\"#MO13 &#8211; Collection SHINE par EMU x Arik LEVY\"}]},{\"@type\":\"WebSite\",\"@id\":\"https:\/\/joyana.fr\/#website\",\"url\":\"https:\/\/joyana.fr\/\",\"name\":\"JO YANA\",\"description\":\"Blog Mode Homme, Lifestyle, D\u00e9co-Design\",\"publisher\":{\"@id\":\"https:\/\/joyana.fr\/#\/schema\/person\/cf2a1ad12a27c12c21801075bf37407c\"},\"potentialAction\":[{\"@type\":\"SearchAction\",\"target\":{\"@type\":\"EntryPoint\",\"urlTemplate\":\"https:\/\/joyana.fr\/?s={search_term_string}\"},\"query-input\":{\"@type\":\"PropertyValueSpecification\",\"valueRequired\":true,\"valueName\":\"search_term_string\"}}],\"inLanguage\":\"ja\"},{\"@type\":[\"Person\",\"Organization\"],\"@id\":\"https:\/\/joyana.fr\/#\/schema\/person\/cf2a1ad12a27c12c21801075bf37407c\",\"name\":\"Jo Yana\",\"image\":{\"@type\":\"ImageObject\",\"inLanguage\":\"ja\",\"@id\":\"https:\/\/joyana.fr\/#\/schema\/person\/image\/\",\"url\":\"https:\/\/i0.wp.com\/joyana.fr\/wp-content\/uploads\/2016\/08\/cropped-joyana-logo-black-360x180.png?fit=343%2C164&ssl=1\",\"contentUrl\":\"https:\/\/i0.wp.com\/joyana.fr\/wp-content\/uploads\/2016\/08\/cropped-joyana-logo-black-360x180.png?fit=343%2C164&ssl=1\",\"width\":343,\"height\":164,\"caption\":\"Jo Yana\"},\"logo\":{\"@id\":\"https:\/\/joyana.fr\/#\/schema\/person\/image\/\"},\"description\":\"Jo Yana est le cr\u00e9ateur et r\u00e9dacteur en chef des sites DECO-DESIGN. Passionn\u00e9 de Design, Mode, Photo, Luxe, Lifestyle, Musique, mais avant tout Blogueur ! Le plaisir de partager l'anime et a comme devise \\\"POUR L'AMOUR DU BEAU\\\". Retrouvez le aussi sur son blog personnel - https:\/\/joyana.fr...\",\"sameAs\":[\"https:\/\/joyana.fr\/\"],\"url\":\"https:\/\/joyana.fr\/ja\/author\/joyana\/\"}]}<\/script>\n<!-- \/ Yoast SEO plugin. -->","yoast_head_json":{"title":"#MO13 - Collection SHINE par EMU x Arik LEVY - JO YANA","robots":{"index":"index","follow":"follow","max-snippet":"max-snippet:-1","max-image-preview":"max-image-preview:large","max-video-preview":"max-video-preview:-1"},"canonical":"https:\/\/joyana.fr\/ja\/mo13-collection-shine-par-emu-x-arik-levy\/114224\/","og_locale":"ja_JP","og_type":"article","og_title":"#MO13 - Collection SHINE par EMU x Arik LEVY - JO YANA","og_description":"Arik Levy et Emu pr\u00e9sentent le fruit de leur collaboration &#8211; une collection de mobilier pour l&#8217;ext [&hellip;]","og_url":"https:\/\/joyana.fr\/ja\/mo13-collection-shine-par-emu-x-arik-levy\/114224\/","og_site_name":"JO YANA","article_published_time":"2013-09-08T17:46:09+00:00","og_image":[{"width":650,"height":524,"url":"https:\/\/joyana.fr\/wp-content\/uploads\/2013\/09\/EMU-ARIK-LEVY_1.jpg","type":"image\/jpeg"}],"author":"Jo Yana","twitter_card":"summary_large_image","twitter_creator":"@Jo_Yana","twitter_site":"@Jo_Yana","twitter_misc":{"\u57f7\u7b46\u8005":"Jo Yana","\u63a8\u5b9a\u8aad\u307f\u53d6\u308a\u6642\u9593":"1\u5206"},"schema":{"@context":"https:\/\/schema.org","@graph":[{"@type":"Article","@id":"https:\/\/joyana.fr\/ja\/mo13-collection-shine-par-emu-x-arik-levy\/114224\/#article","isPartOf":{"@id":"https:\/\/joyana.fr\/ja\/mo13-collection-shine-par-emu-x-arik-levy\/114224\/"},"author":{"name":"Jo Yana","@id":"https:\/\/joyana.fr\/#\/schema\/person\/cf2a1ad12a27c12c21801075bf37407c"},"headline":"#MO13 &#8211; Collection SHINE par EMU x Arik LEVY","datePublished":"2013-09-08T17:46:09+00:00","mainEntityOfPage":{"@id":"https:\/\/joyana.fr\/ja\/mo13-collection-shine-par-emu-x-arik-levy\/114224\/"},"wordCount":161,"commentCount":1,"publisher":{"@id":"https:\/\/joyana.fr\/#\/schema\/person\/cf2a1ad12a27c12c21801075bf37407c"},"image":{"@id":"https:\/\/joyana.fr\/ja\/mo13-collection-shine-par-emu-x-arik-levy\/114224\/#primaryimage"},"thumbnailUrl":"https:\/\/i0.wp.com\/joyana.fr\/wp-content\/uploads\/2013\/09\/EMU-ARIK-LEVY_1.jpg?fit=650%2C524&ssl=1","keywords":["#MO13","Arik LEVY","Chaise design","DESIGN","Design Outdoor","EMU","Table design","Tabouret design"],"articleSection":["Arik LEVY","Assise","DECO-DESIGN","MAISON &amp; OBJET","Mobilier","Table"],"inLanguage":"ja","potentialAction":[{"@type":"CommentAction","name":"Comment","target":["https:\/\/joyana.fr\/ja\/mo13-collection-shine-par-emu-x-arik-levy\/114224\/#respond"]}]},{"@type":"WebPage","@id":"https:\/\/joyana.fr\/ja\/mo13-collection-shine-par-emu-x-arik-levy\/114224\/","url":"https:\/\/joyana.fr\/ja\/mo13-collection-shine-par-emu-x-arik-levy\/114224\/","name":"#MO13 - Collection SHINE par EMU x Arik LEVY - JO YANA","isPartOf":{"@id":"https:\/\/joyana.fr\/#website"},"primaryImageOfPage":{"@id":"https:\/\/joyana.fr\/ja\/mo13-collection-shine-par-emu-x-arik-levy\/114224\/#primaryimage"},"image":{"@id":"https:\/\/joyana.fr\/ja\/mo13-collection-shine-par-emu-x-arik-levy\/114224\/#primaryimage"},"thumbnailUrl":"https:\/\/i0.wp.com\/joyana.fr\/wp-content\/uploads\/2013\/09\/EMU-ARIK-LEVY_1.jpg?fit=650%2C524&ssl=1","datePublished":"2013-09-08T17:46:09+00:00","breadcrumb":{"@id":"https:\/\/joyana.fr\/ja\/mo13-collection-shine-par-emu-x-arik-levy\/114224\/#breadcrumb"},"inLanguage":"ja","potentialAction":[{"@type":"ReadAction","target":["https:\/\/joyana.fr\/ja\/mo13-collection-shine-par-emu-x-arik-levy\/114224\/"]}]},{"@type":"ImageObject","inLanguage":"ja","@id":"https:\/\/joyana.fr\/ja\/mo13-collection-shine-par-emu-x-arik-levy\/114224\/#primaryimage","url":"https:\/\/i0.wp.com\/joyana.fr\/wp-content\/uploads\/2013\/09\/EMU-ARIK-LEVY_1.jpg?fit=650%2C524&ssl=1","contentUrl":"https:\/\/i0.wp.com\/joyana.fr\/wp-content\/uploads\/2013\/09\/EMU-ARIK-LEVY_1.jpg?fit=650%2C524&ssl=1","width":650,"height":524},{"@type":"BreadcrumbList","@id":"https:\/\/joyana.fr\/ja\/mo13-collection-shine-par-emu-x-arik-levy\/114224\/#breadcrumb","itemListElement":[{"@type":"ListItem","position":1,"name":"Accueil","item":"https:\/\/joyana.fr\/"},{"@type":"ListItem","position":2,"name":"#MO13 &#8211; Collection SHINE par EMU x Arik LEVY"}]},{"@type":"WebSite","@id":"https:\/\/joyana.fr\/#website","url":"https:\/\/joyana.fr\/","name":"JO YANA","description":"Blog Mode Homme, Lifestyle, D\u00e9co-Design","publisher":{"@id":"https:\/\/joyana.fr\/#\/schema\/person\/cf2a1ad12a27c12c21801075bf37407c"},"potentialAction":[{"@type":"SearchAction","target":{"@type":"EntryPoint","urlTemplate":"https:\/\/joyana.fr\/?s={search_term_string}"},"query-input":{"@type":"PropertyValueSpecification","valueRequired":true,"valueName":"search_term_string"}}],"inLanguage":"ja"},{"@type":["Person","Organization"],"@id":"https:\/\/joyana.fr\/#\/schema\/person\/cf2a1ad12a27c12c21801075bf37407c","name":"Jo Yana","image":{"@type":"ImageObject","inLanguage":"ja","@id":"https:\/\/joyana.fr\/#\/schema\/person\/image\/","url":"https:\/\/i0.wp.com\/joyana.fr\/wp-content\/uploads\/2016\/08\/cropped-joyana-logo-black-360x180.png?fit=343%2C164&ssl=1","contentUrl":"https:\/\/i0.wp.com\/joyana.fr\/wp-content\/uploads\/2016\/08\/cropped-joyana-logo-black-360x180.png?fit=343%2C164&ssl=1","width":343,"height":164,"caption":"Jo Yana"},"logo":{"@id":"https:\/\/joyana.fr\/#\/schema\/person\/image\/"},"description":"Jo Yana est le cr\u00e9ateur et r\u00e9dacteur en chef des sites DECO-DESIGN. Passionn\u00e9 de Design, Mode, Photo, Luxe, Lifestyle, Musique, mais avant tout Blogueur ! Le plaisir de partager l'anime et a comme devise \"POUR L'AMOUR DU BEAU\". Retrouvez le aussi sur son blog personnel - https:\/\/joyana.fr...","sameAs":["https:\/\/joyana.fr\/"],"url":"https:\/\/joyana.fr\/ja\/author\/joyana\/"}]}},"author_meta":{"display_name":"Jo Yana","author_link":"https:\/\/joyana.fr\/ja\/author\/joyana\/"},"featured_img":"https:\/\/i0.wp.com\/joyana.fr\/wp-content\/uploads\/2013\/09\/EMU-ARIK-LEVY_1.jpg?fit=389%2C314&ssl=1","featured_image_src":"https:\/\/i0.wp.com\/joyana.fr\/wp-content\/uploads\/2013\/09\/EMU-ARIK-LEVY_1.jpg?resize=600%2C400&ssl=1","featured_image_src_square":"https:\/\/i0.wp.com\/joyana.fr\/wp-content\/uploads\/2013\/09\/EMU-ARIK-LEVY_1.jpg?resize=600%2C524&ssl=1","jetpack_featured_media_url":"https:\/\/i0.wp.com\/joyana.fr\/wp-content\/uploads\/2013\/09\/EMU-ARIK-LEVY_1.jpg?fit=650%2C524&ssl=1","uagb_featured_image_src":{"full":["https:\/\/i0.wp.com\/joyana.fr\/wp-content\/uploads\/2013\/09\/EMU-ARIK-LEVY_1.jpg?fit=650%2C524&ssl=1",650,524,false],"thumbnail":["https:\/\/i0.wp.com\/joyana.fr\/wp-content\/uploads\/2013\/09\/EMU-ARIK-LEVY_1.jpg?resize=150%2C150&ssl=1",150,150,true],"medium":["https:\/\/i0.wp.com\/joyana.fr\/wp-content\/uploads\/2013\/09\/EMU-ARIK-LEVY_1.jpg?fit=389%2C314&ssl=1",389,314,true],"medium_large":["https:\/\/i0.wp.com\/joyana.fr\/wp-content\/uploads\/2013\/09\/EMU-ARIK-LEVY_1.jpg?fit=650%2C524&ssl=1",650,524,true],"large":["https:\/\/i0.wp.com\/joyana.fr\/wp-content\/uploads\/2013\/09\/EMU-ARIK-LEVY_1.jpg?fit=650%2C524&ssl=1",650,524,true],"1536x1536":["https:\/\/i0.wp.com\/joyana.fr\/wp-content\/uploads\/2013\/09\/EMU-ARIK-LEVY_1.jpg?fit=650%2C524&ssl=1",650,524,true],"2048x2048":["https:\/\/i0.wp.com\/joyana.fr\/wp-content\/uploads\/2013\/09\/EMU-ARIK-LEVY_1.jpg?fit=650%2C524&ssl=1",650,524,true],"featured-thumb":["https:\/\/i0.wp.com\/joyana.fr\/wp-content\/uploads\/2013\/09\/EMU-ARIK-LEVY_1.jpg?resize=650%2C524&ssl=1",650,524,true],"ab-block-post-grid-landscape":["https:\/\/i0.wp.com\/joyana.fr\/wp-content\/uploads\/2013\/09\/EMU-ARIK-LEVY_1.jpg?resize=600%2C400&ssl=1",600,400,true],"ab-block-post-grid-square":["https:\/\/i0.wp.com\/joyana.fr\/wp-content\/uploads\/2013\/09\/EMU-ARIK-LEVY_1.jpg?resize=600%2C524&ssl=1",600,524,true],"author-pro-image":["https:\/\/i0.wp.com\/joyana.fr\/wp-content\/uploads\/2013\/09\/EMU-ARIK-LEVY_1.jpg?resize=360%2C524&ssl=1",360,524,true],"slider":["https:\/\/i0.wp.com\/joyana.fr\/wp-content\/uploads\/2013\/09\/EMU-ARIK-LEVY_1.jpg?resize=650%2C400&ssl=1",650,400,true],"woocommerce_thumbnail":["https:\/\/i0.wp.com\/joyana.fr\/wp-content\/uploads\/2013\/09\/EMU-ARIK-LEVY_1.jpg?resize=450%2C450&ssl=1",450,450,true],"woocommerce_single":["https:\/\/i0.wp.com\/joyana.fr\/wp-content\/uploads\/2013\/09\/EMU-ARIK-LEVY_1.jpg?fit=650%2C524&ssl=1",650,524,true],"woocommerce_gallery_thumbnail":["https:\/\/i0.wp.com\/joyana.fr\/wp-content\/uploads\/2013\/09\/EMU-ARIK-LEVY_1.jpg?resize=180%2C180&ssl=1",180,180,true],"sow-carousel-default":["https:\/\/i0.wp.com\/joyana.fr\/wp-content\/uploads\/2013\/09\/EMU-ARIK-LEVY_1.jpg?resize=272%2C182&ssl=1",272,182,true]},"uagb_author_info":{"display_name":"Jo Yana","author_link":"https:\/\/joyana.fr\/ja\/author\/joyana\/"},"uagb_comment_info":1,"uagb_excerpt":"Arik Levy et Emu pr\u00e9sentent le fruit de leur collaborat&hellip;","coauthors":[],"tax_additional":{"categories":{"linked":["<a href=\"https:\/\/joyana.fr\/ja\/category\/deco-design\/designer\/arik-levy\/\" class=\"advgb-post-tax-term\">Arik LEVY<\/a>","<a href=\"https:\/\/joyana.fr\/ja\/category\/deco-design\/mobilier\/assise\/\" class=\"advgb-post-tax-term\">Assise<\/a>","<a href=\"https:\/\/joyana.fr\/ja\/category\/deco-design\/\" class=\"advgb-post-tax-term\">DECO-DESIGN<\/a>","<a href=\"https:\/\/joyana.fr\/ja\/category\/deco-design\/actualite\/salon\/maison-et-objet\/\" class=\"advgb-post-tax-term\">MAISON &amp; OBJET<\/a>","<a href=\"https:\/\/joyana.fr\/ja\/category\/deco-design\/mobilier\/\" class=\"advgb-post-tax-term\">Mobilier<\/a>","<a href=\"https:\/\/joyana.fr\/ja\/category\/deco-design\/mobilier\/table\/\" class=\"advgb-post-tax-term\">Table<\/a>"],"unlinked":["<span class=\"advgb-post-tax-term\">Arik LEVY<\/span>","<span class=\"advgb-post-tax-term\">Assise<\/span>","<span class=\"advgb-post-tax-term\">DECO-DESIGN<\/span>","<span class=\"advgb-post-tax-term\">MAISON &amp; OBJET<\/span>","<span class=\"advgb-post-tax-term\">Mobilier<\/span>","<span class=\"advgb-post-tax-term\">Table<\/span>"]},"tags":{"linked":["<a href=\"https:\/\/joyana.fr\/ja\/category\/deco-design\/mobilier\/table\/\" class=\"advgb-post-tax-term\">#MO13<\/a>","<a href=\"https:\/\/joyana.fr\/ja\/category\/deco-design\/mobilier\/table\/\" class=\"advgb-post-tax-term\">Arik LEVY<\/a>","<a href=\"https:\/\/joyana.fr\/ja\/category\/deco-design\/mobilier\/table\/\" class=\"advgb-post-tax-term\">Chaise design<\/a>","<a href=\"https:\/\/joyana.fr\/ja\/category\/deco-design\/mobilier\/table\/\" class=\"advgb-post-tax-term\">DESIGN<\/a>","<a href=\"https:\/\/joyana.fr\/ja\/category\/deco-design\/mobilier\/table\/\" class=\"advgb-post-tax-term\">Design Outdoor<\/a>","<a href=\"https:\/\/joyana.fr\/ja\/category\/deco-design\/mobilier\/table\/\" class=\"advgb-post-tax-term\">EMU<\/a>","<a href=\"https:\/\/joyana.fr\/ja\/category\/deco-design\/mobilier\/table\/\" class=\"advgb-post-tax-term\">Table design<\/a>","<a href=\"https:\/\/joyana.fr\/ja\/category\/deco-design\/mobilier\/table\/\" class=\"advgb-post-tax-term\">Tabouret design<\/a>"],"unlinked":["<span class=\"advgb-post-tax-term\">#MO13<\/span>","<span class=\"advgb-post-tax-term\">Arik LEVY<\/span>","<span class=\"advgb-post-tax-term\">Chaise design<\/span>","<span class=\"advgb-post-tax-term\">DESIGN<\/span>","<span class=\"advgb-post-tax-term\">Design Outdoor<\/span>","<span class=\"advgb-post-tax-term\">EMU<\/span>","<span class=\"advgb-post-tax-term\">Table design<\/span>","<span class=\"advgb-post-tax-term\">Tabouret design<\/span>"]}},"comment_count":1,"relative_dates":{"created":"Posted 13\u5e74 ago","modified":"Updated 13\u5e74 ago"},"absolute_dates":{"created":"Posted on 8 9\u6708 2013","modified":"Updated on 8 9\u6708 2013"},"absolute_dates_time":{"created":"Posted on 8 9\u6708 2013 18:46","modified":"Updated on 8 9\u6708 2013 18:46"},"featured_img_caption":"","series_order":"","jetpack_sharing_enabled":true,"jetpack_shortlink":"https:\/\/wp.me\/p9bteI-tIk","jetpack-related-posts":[],"_links":{"self":[{"href":"https:\/\/joyana.fr\/ja\/wp-json\/wp\/v2\/posts\/114224","targetHints":{"allow":["GET"]}}],"collection":[{"href":"https:\/\/joyana.fr\/ja\/wp-json\/wp\/v2\/posts"}],"about":[{"href":"https:\/\/joyana.fr\/ja\/wp-json\/wp\/v2\/types\/post"}],"author":[{"embeddable":true,"href":"https:\/\/joyana.fr\/ja\/wp-json\/wp\/v2\/users\/3"}],"replies":[{"embeddable":true,"href":"https:\/\/joyana.fr\/ja\/wp-json\/wp\/v2\/comments?post=114224"}],"version-history":[{"count":0,"href":"https:\/\/joyana.fr\/ja\/wp-json\/wp\/v2\/posts\/114224\/revisions"}],"wp:featuredmedia":[{"embeddable":true,"href":"https:\/\/joyana.fr\/ja\/wp-json\/wp\/v2\/media\/114225"}],"wp:attachment":[{"href":"https:\/\/joyana.fr\/ja\/wp-json\/wp\/v2\/media?parent=114224"}],"wp:term":[{"taxonomy":"category","embeddable":true,"href":"https:\/\/joyana.fr\/ja\/wp-json\/wp\/v2\/categories?post=114224"},{"taxonomy":"post_tag","embeddable":true,"href":"https:\/\/joyana.fr\/ja\/wp-json\/wp\/v2\/tags?post=114224"}],"curies":[{"name":"wp","href":"https:\/\/api.w.org\/{rel}","templated":true}]}}