{"id":114311,"date":"2013-09-12T07:39:02","date_gmt":"2013-09-12T06:39:02","guid":{"rendered":"https:\/\/joyana.fr\/?p=14311"},"modified":"2013-09-12T07:39:02","modified_gmt":"2013-09-12T06:39:02","slug":"pdw13-tables-basses-sur-le-fil-par-pawel-grobelny","status":"publish","type":"post","link":"https:\/\/joyana.fr\/ja\/pdw13-tables-basses-sur-le-fil-par-pawel-grobelny\/114311\/","title":{"rendered":"#PDW13 &#8211; Tables basses SUR LE FIL par Pawel GROBELNY"},"content":{"rendered":"<p>Le designer polonais <strong>Pawel Grobelny<\/strong> pr\u00e9sentait durant la <a title=\"PARIS DESIGN WEEK 2013\" href=\"https:\/\/joyana.fr\/category\/actualite\/salon\/paris-design-week\/\" target=\"_blank\"><strong>Paris Design Week<\/strong><\/a>, ses <strong>tables basses<\/strong> intitul\u00e9es <strong>SUR LE FIL<\/strong> &#8211; qui arborent une construction minimaliste&#8230;<\/p>\n<p><img data-recalc-dims=\"1\" fetchpriority=\"high\" decoding=\"async\" class=\"alignnone size-large wp-image-14316\" alt=\"PAWEL-GROBELNY_1\" src=\"https:\/\/i0.wp.com\/joyana.fr\/wp-content\/uploads\/2013\/09\/PAWEL-GROBELNY_1.jpg?resize=576%2C380&#038;ssl=1\" width=\"576\" height=\"380\" \/><\/p>\n<p>Les <strong>tables basses SUR LE FIL<\/strong> se composent d\u2019une structure en acier surmont\u00e9e d\u2019un plateau en bois massif. Sous ce plateau en noyer se trouvent trois rainures usin\u00e9es tr\u00e8s pr\u00e9cis\u00e9ment et qui permettent d\u2019ins\u00e9rer la pi\u00e8ce de bois sur la tranche en acier (d&#8217;o\u00f9 son nom SUR LE FIL). La position peut donc \u00eatre modifi\u00e9e ; le plateau restant toujours en \u00e9quilibre !<\/p>\n<p>Ce projet bas\u00e9 sur des formes g\u00e9om\u00e9triques tr\u00e8s simples \u00e9voque une forme de modernisme radical et pr\u00e9sente une stabilit\u00e9 caract\u00e9ristique au modernisme&#8230;<\/p>\n<p><img data-recalc-dims=\"1\" decoding=\"async\" class=\"alignnone size-large wp-image-14317\" alt=\"PAWEL-GROBELNY-DSC09566\" src=\"https:\/\/i0.wp.com\/joyana.fr\/wp-content\/uploads\/2013\/09\/PAWEL-GROBELNY-DSC09566.jpg?resize=576%2C373&#038;ssl=1\" width=\"576\" height=\"373\" \/><\/p>\n<p><img data-recalc-dims=\"1\" decoding=\"async\" class=\"alignnone size-large wp-image-14318\" alt=\"PAWEL-GROBELNY-DSC09567\" src=\"https:\/\/i0.wp.com\/joyana.fr\/wp-content\/uploads\/2013\/09\/PAWEL-GROBELNY-DSC09567.jpg?resize=576%2C383&#038;ssl=1\" width=\"576\" height=\"383\" \/><\/p>\n<p><img data-recalc-dims=\"1\" loading=\"lazy\" decoding=\"async\" class=\"alignnone size-large wp-image-14319\" alt=\"PAWEL-GROBELNY-DSC09569\" src=\"https:\/\/i0.wp.com\/joyana.fr\/wp-content\/uploads\/2013\/09\/PAWEL-GROBELNY-DSC09569.jpg?resize=576%2C818&#038;ssl=1\" width=\"576\" height=\"818\" \/><\/p>\n<p>Le <strong>designer Pawel Grobelny<\/strong> confie qu&#8217;une caract\u00e9ristique importante de ce projet a \u00e9t\u00e9 l\u2019analyse des propri\u00e9t\u00e9s des mat\u00e9riaux utilis\u00e9s. L\u2019\u00e9quilibre r\u00e9sulte de ces propri\u00e9t\u00e9s. L\u2019\u00e9paisseur, la pr\u00e9cision du rainurage et la duret\u00e9 des deux mat\u00e9riaux permettent de placer le plateau sur le bord, ce qui donne l\u2019impression visuelle qu\u2019il ne tient qu\u2019\u00e0 un fil, alors m\u00eame qu\u2019il reste tr\u00e8s stable&#8230;<\/p>\n<p><img data-recalc-dims=\"1\" loading=\"lazy\" decoding=\"async\" class=\"alignnone size-large wp-image-14312\" alt=\"pawel_grobelny_sur_le_fil_02\" src=\"https:\/\/i0.wp.com\/joyana.fr\/wp-content\/uploads\/2013\/09\/pawel_grobelny_sur_le_fil_02.jpg?resize=576%2C386&#038;ssl=1\" width=\"576\" height=\"386\" \/><\/p>\n<p><img data-recalc-dims=\"1\" loading=\"lazy\" decoding=\"async\" alt=\"pawel_grobelny_sur_le_fil_07\" src=\"https:\/\/i0.wp.com\/joyana.fr\/wp-content\/uploads\/2013\/09\/pawel_grobelny_sur_le_fil_07.jpg?resize=576%2C386&#038;ssl=1\" width=\"576\" height=\"386\" \/><\/p>\n<p><img data-recalc-dims=\"1\" loading=\"lazy\" decoding=\"async\" alt=\"Pawel_grobelny_sur_le_fil_03\" src=\"https:\/\/i0.wp.com\/joyana.fr\/wp-content\/uploads\/2013\/09\/Pawel_grobelny_sur_le_fil_03.jpg?resize=576%2C391&#038;ssl=1\" width=\"576\" height=\"391\" \/><\/p>\n<p style=\"text-align: center;\">En savoir + sur <strong><a href=\"http:\/\/www.parisdesignweek.fr\/fr\/accueil\/\" target=\"_blank\">NOW! le off<\/a><\/strong><\/p>\n","protected":false},"excerpt":{"rendered":"<p>Le designer polonais Pawel Grobelny pr\u00e9sentait durant la Paris Design Week, ses tables basses intitul\u00e9es SUR L [&hellip;]<\/p>\n","protected":false},"author":3,"featured_media":114318,"comment_status":"open","ping_status":"open","sticky":false,"template":"","format":"standard","meta":{"_coblocks_attr":"","_coblocks_dimensions":"","_coblocks_responsive_height":"","_coblocks_accordion_ie_support":"","_uag_custom_page_level_css":"","advgb_blocks_editor_width":"","advgb_blocks_columns_visual_guide":"","_genesis_hide_title":false,"_genesis_hide_breadcrumbs":false,"_genesis_hide_singular_image":false,"_genesis_hide_footer_widgets":false,"_genesis_custom_body_class":"","_genesis_custom_post_class":"","_genesis_layout":"","_themeisle_gutenberg_block_has_review":false,"_jetpack_newsletter_access":"","_jetpack_dont_email_post_to_subs":false,"_jetpack_newsletter_tier_id":0,"_jetpack_memberships_contains_paywalled_content":false,"_jetpack_memberships_contains_paid_content":false,"footnotes":""},"categories":[905,942,974,1080,944],"tags":[1495,908,482,78,1447,1499,1150,1067],"class_list":{"0":"post-114311","1":"post","2":"type-post","3":"status-publish","4":"format-standard","5":"has-post-thumbnail","7":"category-deco-design","8":"category-mobilier","9":"category-mobilier-modulaire","10":"category-paris-design-week","11":"category-table","12":"tag-pdw13","13":"tag-blanc","14":"tag-bois","15":"tag-design","16":"tag-paris-design-week","17":"tag-pawel-grobelny","18":"tag-table-basse","19":"tag-table-basse-design","20":"entry"},"featured_image_urls":{"full":["https:\/\/i0.wp.com\/joyana.fr\/wp-content\/uploads\/2013\/09\/PAWEL-GROBELNY-DSC09567.jpg?fit=650%2C433&ssl=1",650,433,false],"thumbnail":["https:\/\/i0.wp.com\/joyana.fr\/wp-content\/uploads\/2013\/09\/PAWEL-GROBELNY-DSC09567.jpg?resize=150%2C150&ssl=1",150,150,true],"medium":["https:\/\/i0.wp.com\/joyana.fr\/wp-content\/uploads\/2013\/09\/PAWEL-GROBELNY-DSC09567.jpg?fit=389%2C259&ssl=1",389,259,true],"medium_large":["https:\/\/i0.wp.com\/joyana.fr\/wp-content\/uploads\/2013\/09\/PAWEL-GROBELNY-DSC09567.jpg?fit=650%2C433&ssl=1",650,433,true],"large":["https:\/\/i0.wp.com\/joyana.fr\/wp-content\/uploads\/2013\/09\/PAWEL-GROBELNY-DSC09567.jpg?fit=650%2C433&ssl=1",650,433,true],"1536x1536":["https:\/\/i0.wp.com\/joyana.fr\/wp-content\/uploads\/2013\/09\/PAWEL-GROBELNY-DSC09567.jpg?fit=650%2C433&ssl=1",650,433,true],"2048x2048":["https:\/\/i0.wp.com\/joyana.fr\/wp-content\/uploads\/2013\/09\/PAWEL-GROBELNY-DSC09567.jpg?fit=650%2C433&ssl=1",650,433,true],"featured-thumb":["https:\/\/i0.wp.com\/joyana.fr\/wp-content\/uploads\/2013\/09\/PAWEL-GROBELNY-DSC09567.jpg?resize=650%2C433&ssl=1",650,433,true],"ab-block-post-grid-landscape":["https:\/\/i0.wp.com\/joyana.fr\/wp-content\/uploads\/2013\/09\/PAWEL-GROBELNY-DSC09567.jpg?resize=600%2C400&ssl=1",600,400,true],"ab-block-post-grid-square":["https:\/\/i0.wp.com\/joyana.fr\/wp-content\/uploads\/2013\/09\/PAWEL-GROBELNY-DSC09567.jpg?resize=600%2C433&ssl=1",600,433,true],"author-pro-image":["https:\/\/i0.wp.com\/joyana.fr\/wp-content\/uploads\/2013\/09\/PAWEL-GROBELNY-DSC09567.jpg?resize=360%2C433&ssl=1",360,433,true],"slider":["https:\/\/i0.wp.com\/joyana.fr\/wp-content\/uploads\/2013\/09\/PAWEL-GROBELNY-DSC09567.jpg?resize=650%2C400&ssl=1",650,400,true],"woocommerce_thumbnail":["https:\/\/i0.wp.com\/joyana.fr\/wp-content\/uploads\/2013\/09\/PAWEL-GROBELNY-DSC09567.jpg?resize=450%2C433&ssl=1",450,433,true],"woocommerce_single":["https:\/\/i0.wp.com\/joyana.fr\/wp-content\/uploads\/2013\/09\/PAWEL-GROBELNY-DSC09567.jpg?fit=650%2C433&ssl=1",650,433,true],"woocommerce_gallery_thumbnail":["https:\/\/i0.wp.com\/joyana.fr\/wp-content\/uploads\/2013\/09\/PAWEL-GROBELNY-DSC09567.jpg?resize=180%2C180&ssl=1",180,180,true],"sow-carousel-default":["https:\/\/i0.wp.com\/joyana.fr\/wp-content\/uploads\/2013\/09\/PAWEL-GROBELNY-DSC09567.jpg?resize=272%2C182&ssl=1",272,182,true]},"post_excerpt_stackable":"<p>Le designer polonais Pawel Grobelny pr\u00e9sentait durant la Paris Design Week, ses tables basses intitu&hellip;<\/p>\n","category_list":"<a href=\"https:\/\/joyana.fr\/ja\/category\/deco-design\/\" rel=\"category tag\">DECO-DESIGN<\/a>, <a href=\"https:\/\/joyana.fr\/ja\/category\/deco-design\/mobilier\/\" rel=\"category tag\">Mobilier<\/a>, <a href=\"https:\/\/joyana.fr\/ja\/category\/deco-design\/mobilier\/mobilier-modulaire\/\" rel=\"category tag\">Mobilier modulaire<\/a>, <a href=\"https:\/\/joyana.fr\/ja\/category\/deco-design\/actualite\/salon\/paris-design-week\/\" rel=\"category tag\">Paris Design Week<\/a>, <a href=\"https:\/\/joyana.fr\/ja\/category\/deco-design\/mobilier\/table\/\" rel=\"category tag\">Table<\/a>","author_info":{"display_name":"Jo Yana","author_link":"https:\/\/joyana.fr\/ja\/author\/joyana\/"},"comments_num":"19 comments","featured_image_urls_v2":{"full":["https:\/\/i0.wp.com\/joyana.fr\/wp-content\/uploads\/2013\/09\/PAWEL-GROBELNY-DSC09567.jpg?fit=650%2C433&ssl=1",650,433,false],"thumbnail":["https:\/\/i0.wp.com\/joyana.fr\/wp-content\/uploads\/2013\/09\/PAWEL-GROBELNY-DSC09567.jpg?resize=150%2C150&ssl=1",150,150,true],"medium":["https:\/\/i0.wp.com\/joyana.fr\/wp-content\/uploads\/2013\/09\/PAWEL-GROBELNY-DSC09567.jpg?fit=389%2C259&ssl=1",389,259,true],"medium_large":["https:\/\/i0.wp.com\/joyana.fr\/wp-content\/uploads\/2013\/09\/PAWEL-GROBELNY-DSC09567.jpg?fit=650%2C433&ssl=1",650,433,true],"large":["https:\/\/i0.wp.com\/joyana.fr\/wp-content\/uploads\/2013\/09\/PAWEL-GROBELNY-DSC09567.jpg?fit=650%2C433&ssl=1",650,433,true],"1536x1536":["https:\/\/i0.wp.com\/joyana.fr\/wp-content\/uploads\/2013\/09\/PAWEL-GROBELNY-DSC09567.jpg?fit=650%2C433&ssl=1",650,433,true],"2048x2048":["https:\/\/i0.wp.com\/joyana.fr\/wp-content\/uploads\/2013\/09\/PAWEL-GROBELNY-DSC09567.jpg?fit=650%2C433&ssl=1",650,433,true],"featured-thumb":["https:\/\/i0.wp.com\/joyana.fr\/wp-content\/uploads\/2013\/09\/PAWEL-GROBELNY-DSC09567.jpg?resize=650%2C433&ssl=1",650,433,true],"ab-block-post-grid-landscape":["https:\/\/i0.wp.com\/joyana.fr\/wp-content\/uploads\/2013\/09\/PAWEL-GROBELNY-DSC09567.jpg?resize=600%2C400&ssl=1",600,400,true],"ab-block-post-grid-square":["https:\/\/i0.wp.com\/joyana.fr\/wp-content\/uploads\/2013\/09\/PAWEL-GROBELNY-DSC09567.jpg?resize=600%2C433&ssl=1",600,433,true],"author-pro-image":["https:\/\/i0.wp.com\/joyana.fr\/wp-content\/uploads\/2013\/09\/PAWEL-GROBELNY-DSC09567.jpg?resize=360%2C433&ssl=1",360,433,true],"slider":["https:\/\/i0.wp.com\/joyana.fr\/wp-content\/uploads\/2013\/09\/PAWEL-GROBELNY-DSC09567.jpg?resize=650%2C400&ssl=1",650,400,true],"woocommerce_thumbnail":["https:\/\/i0.wp.com\/joyana.fr\/wp-content\/uploads\/2013\/09\/PAWEL-GROBELNY-DSC09567.jpg?resize=450%2C433&ssl=1",450,433,true],"woocommerce_single":["https:\/\/i0.wp.com\/joyana.fr\/wp-content\/uploads\/2013\/09\/PAWEL-GROBELNY-DSC09567.jpg?fit=650%2C433&ssl=1",650,433,true],"woocommerce_gallery_thumbnail":["https:\/\/i0.wp.com\/joyana.fr\/wp-content\/uploads\/2013\/09\/PAWEL-GROBELNY-DSC09567.jpg?resize=180%2C180&ssl=1",180,180,true],"sow-carousel-default":["https:\/\/i0.wp.com\/joyana.fr\/wp-content\/uploads\/2013\/09\/PAWEL-GROBELNY-DSC09567.jpg?resize=272%2C182&ssl=1",272,182,true]},"post_excerpt_stackable_v2":"<p>Le designer polonais Pawel Grobelny pr\u00e9sentait durant la Paris Design Week, ses tables basses intitu&hellip;<\/p>\n","category_list_v2":"<a href=\"https:\/\/joyana.fr\/ja\/category\/deco-design\/\" rel=\"category tag\">DECO-DESIGN<\/a>, <a href=\"https:\/\/joyana.fr\/ja\/category\/deco-design\/mobilier\/\" rel=\"category tag\">Mobilier<\/a>, <a href=\"https:\/\/joyana.fr\/ja\/category\/deco-design\/mobilier\/mobilier-modulaire\/\" rel=\"category tag\">Mobilier modulaire<\/a>, <a href=\"https:\/\/joyana.fr\/ja\/category\/deco-design\/actualite\/salon\/paris-design-week\/\" rel=\"category tag\">Paris Design Week<\/a>, <a href=\"https:\/\/joyana.fr\/ja\/category\/deco-design\/mobilier\/table\/\" rel=\"category tag\">Table<\/a>","author_info_v2":{"name":"Jo Yana","url":"https:\/\/joyana.fr\/ja\/author\/joyana\/"},"comments_num_v2":"19 comments","yoast_head":"<!-- This site is optimized with the Yoast SEO plugin v26.8 - https:\/\/yoast.com\/product\/yoast-seo-wordpress\/ -->\n<title>#PDW13 - Tables basses SUR LE FIL par Pawel GROBELNY - JO YANA<\/title>\n<meta name=\"robots\" content=\"index, follow, max-snippet:-1, max-image-preview:large, max-video-preview:-1\" \/>\n<link rel=\"canonical\" href=\"https:\/\/joyana.fr\/ja\/pdw13-tables-basses-sur-le-fil-par-pawel-grobelny\/114311\/\" \/>\n<meta property=\"og:locale\" content=\"ja_JP\" \/>\n<meta property=\"og:locale:alternate\" content=\"fr_FR\" \/>\n<meta property=\"og:locale:alternate\" content=\"en_US\" \/>\n<meta property=\"og:type\" content=\"article\" \/>\n<meta property=\"og:title\" content=\"#PDW13 - Tables basses SUR LE FIL par Pawel GROBELNY - JO YANA\" \/>\n<meta property=\"og:description\" content=\"Le designer polonais Pawel Grobelny pr\u00e9sentait durant la Paris Design Week, ses tables basses intitul\u00e9es SUR L [&hellip;]\" \/>\n<meta property=\"og:url\" content=\"https:\/\/joyana.fr\/ja\/pdw13-tables-basses-sur-le-fil-par-pawel-grobelny\/114311\/\" \/>\n<meta property=\"og:site_name\" content=\"JO YANA\" \/>\n<meta property=\"article:published_time\" content=\"2013-09-12T06:39:02+00:00\" \/>\n<meta property=\"og:image\" content=\"https:\/\/i0.wp.com\/joyana.fr\/wp-content\/uploads\/2013\/09\/PAWEL-GROBELNY-DSC09567.jpg?fit=650%2C433&ssl=1\" \/>\n\t<meta property=\"og:image:width\" content=\"650\" \/>\n\t<meta property=\"og:image:height\" content=\"433\" \/>\n\t<meta property=\"og:image:type\" content=\"image\/jpeg\" \/>\n<meta name=\"author\" content=\"Jo Yana\" \/>\n<meta name=\"twitter:card\" content=\"summary_large_image\" \/>\n<meta name=\"twitter:creator\" content=\"@Jo_Yana\" \/>\n<meta name=\"twitter:site\" content=\"@Jo_Yana\" \/>\n<meta name=\"twitter:label1\" content=\"\u57f7\u7b46\u8005\" \/>\n\t<meta name=\"twitter:data1\" content=\"Jo Yana\" \/>\n\t<meta name=\"twitter:label2\" content=\"\u63a8\u5b9a\u8aad\u307f\u53d6\u308a\u6642\u9593\" \/>\n\t<meta name=\"twitter:data2\" content=\"1\u5206\" \/>\n<script type=\"application\/ld+json\" class=\"yoast-schema-graph\">{\"@context\":\"https:\/\/schema.org\",\"@graph\":[{\"@type\":\"Article\",\"@id\":\"https:\/\/joyana.fr\/ja\/pdw13-tables-basses-sur-le-fil-par-pawel-grobelny\/114311\/#article\",\"isPartOf\":{\"@id\":\"https:\/\/joyana.fr\/ja\/pdw13-tables-basses-sur-le-fil-par-pawel-grobelny\/114311\/\"},\"author\":{\"name\":\"Jo Yana\",\"@id\":\"https:\/\/joyana.fr\/#\/schema\/person\/cf2a1ad12a27c12c21801075bf37407c\"},\"headline\":\"#PDW13 &#8211; Tables basses SUR LE FIL par Pawel GROBELNY\",\"datePublished\":\"2013-09-12T06:39:02+00:00\",\"mainEntityOfPage\":{\"@id\":\"https:\/\/joyana.fr\/ja\/pdw13-tables-basses-sur-le-fil-par-pawel-grobelny\/114311\/\"},\"wordCount\":221,\"commentCount\":9,\"publisher\":{\"@id\":\"https:\/\/joyana.fr\/#\/schema\/person\/cf2a1ad12a27c12c21801075bf37407c\"},\"image\":{\"@id\":\"https:\/\/joyana.fr\/ja\/pdw13-tables-basses-sur-le-fil-par-pawel-grobelny\/114311\/#primaryimage\"},\"thumbnailUrl\":\"https:\/\/i0.wp.com\/joyana.fr\/wp-content\/uploads\/2013\/09\/PAWEL-GROBELNY-DSC09567.jpg?fit=650%2C433&ssl=1\",\"keywords\":[\"#PDW13\",\"Blanc\",\"Bois\",\"DESIGN\",\"Paris Design Week\",\"Pawel GROBELNY\",\"Table basse\",\"Table Basse design\"],\"articleSection\":[\"DECO-DESIGN\",\"Mobilier\",\"Mobilier modulaire\",\"Paris Design Week\",\"Table\"],\"inLanguage\":\"ja\",\"potentialAction\":[{\"@type\":\"CommentAction\",\"name\":\"Comment\",\"target\":[\"https:\/\/joyana.fr\/ja\/pdw13-tables-basses-sur-le-fil-par-pawel-grobelny\/114311\/#respond\"]}]},{\"@type\":\"WebPage\",\"@id\":\"https:\/\/joyana.fr\/ja\/pdw13-tables-basses-sur-le-fil-par-pawel-grobelny\/114311\/\",\"url\":\"https:\/\/joyana.fr\/ja\/pdw13-tables-basses-sur-le-fil-par-pawel-grobelny\/114311\/\",\"name\":\"#PDW13 - Tables basses SUR LE FIL par Pawel GROBELNY - JO YANA\",\"isPartOf\":{\"@id\":\"https:\/\/joyana.fr\/#website\"},\"primaryImageOfPage\":{\"@id\":\"https:\/\/joyana.fr\/ja\/pdw13-tables-basses-sur-le-fil-par-pawel-grobelny\/114311\/#primaryimage\"},\"image\":{\"@id\":\"https:\/\/joyana.fr\/ja\/pdw13-tables-basses-sur-le-fil-par-pawel-grobelny\/114311\/#primaryimage\"},\"thumbnailUrl\":\"https:\/\/i0.wp.com\/joyana.fr\/wp-content\/uploads\/2013\/09\/PAWEL-GROBELNY-DSC09567.jpg?fit=650%2C433&ssl=1\",\"datePublished\":\"2013-09-12T06:39:02+00:00\",\"breadcrumb\":{\"@id\":\"https:\/\/joyana.fr\/ja\/pdw13-tables-basses-sur-le-fil-par-pawel-grobelny\/114311\/#breadcrumb\"},\"inLanguage\":\"ja\",\"potentialAction\":[{\"@type\":\"ReadAction\",\"target\":[\"https:\/\/joyana.fr\/ja\/pdw13-tables-basses-sur-le-fil-par-pawel-grobelny\/114311\/\"]}]},{\"@type\":\"ImageObject\",\"inLanguage\":\"ja\",\"@id\":\"https:\/\/joyana.fr\/ja\/pdw13-tables-basses-sur-le-fil-par-pawel-grobelny\/114311\/#primaryimage\",\"url\":\"https:\/\/i0.wp.com\/joyana.fr\/wp-content\/uploads\/2013\/09\/PAWEL-GROBELNY-DSC09567.jpg?fit=650%2C433&ssl=1\",\"contentUrl\":\"https:\/\/i0.wp.com\/joyana.fr\/wp-content\/uploads\/2013\/09\/PAWEL-GROBELNY-DSC09567.jpg?fit=650%2C433&ssl=1\",\"width\":650,\"height\":433},{\"@type\":\"BreadcrumbList\",\"@id\":\"https:\/\/joyana.fr\/ja\/pdw13-tables-basses-sur-le-fil-par-pawel-grobelny\/114311\/#breadcrumb\",\"itemListElement\":[{\"@type\":\"ListItem\",\"position\":1,\"name\":\"Accueil\",\"item\":\"https:\/\/joyana.fr\/\"},{\"@type\":\"ListItem\",\"position\":2,\"name\":\"#PDW13 &#8211; Tables basses SUR LE FIL par Pawel GROBELNY\"}]},{\"@type\":\"WebSite\",\"@id\":\"https:\/\/joyana.fr\/#website\",\"url\":\"https:\/\/joyana.fr\/\",\"name\":\"JO YANA\",\"description\":\"Blog Mode Homme, Lifestyle, D\u00e9co-Design\",\"publisher\":{\"@id\":\"https:\/\/joyana.fr\/#\/schema\/person\/cf2a1ad12a27c12c21801075bf37407c\"},\"potentialAction\":[{\"@type\":\"SearchAction\",\"target\":{\"@type\":\"EntryPoint\",\"urlTemplate\":\"https:\/\/joyana.fr\/?s={search_term_string}\"},\"query-input\":{\"@type\":\"PropertyValueSpecification\",\"valueRequired\":true,\"valueName\":\"search_term_string\"}}],\"inLanguage\":\"ja\"},{\"@type\":[\"Person\",\"Organization\"],\"@id\":\"https:\/\/joyana.fr\/#\/schema\/person\/cf2a1ad12a27c12c21801075bf37407c\",\"name\":\"Jo Yana\",\"image\":{\"@type\":\"ImageObject\",\"inLanguage\":\"ja\",\"@id\":\"https:\/\/joyana.fr\/#\/schema\/person\/image\/\",\"url\":\"https:\/\/i0.wp.com\/joyana.fr\/wp-content\/uploads\/2016\/08\/cropped-joyana-logo-black-360x180.png?fit=343%2C164&ssl=1\",\"contentUrl\":\"https:\/\/i0.wp.com\/joyana.fr\/wp-content\/uploads\/2016\/08\/cropped-joyana-logo-black-360x180.png?fit=343%2C164&ssl=1\",\"width\":343,\"height\":164,\"caption\":\"Jo Yana\"},\"logo\":{\"@id\":\"https:\/\/joyana.fr\/#\/schema\/person\/image\/\"},\"description\":\"Jo Yana est le cr\u00e9ateur et r\u00e9dacteur en chef des sites DECO-DESIGN. Passionn\u00e9 de Design, Mode, Photo, Luxe, Lifestyle, Musique, mais avant tout Blogueur ! Le plaisir de partager l'anime et a comme devise \\\"POUR L'AMOUR DU BEAU\\\". Retrouvez le aussi sur son blog personnel - https:\/\/joyana.fr...\",\"sameAs\":[\"https:\/\/joyana.fr\/\"],\"url\":\"https:\/\/joyana.fr\/ja\/author\/joyana\/\"}]}<\/script>\n<!-- \/ Yoast SEO plugin. -->","yoast_head_json":{"title":"#PDW13 - Tables basses SUR LE FIL par Pawel GROBELNY - JO YANA","robots":{"index":"index","follow":"follow","max-snippet":"max-snippet:-1","max-image-preview":"max-image-preview:large","max-video-preview":"max-video-preview:-1"},"canonical":"https:\/\/joyana.fr\/ja\/pdw13-tables-basses-sur-le-fil-par-pawel-grobelny\/114311\/","og_locale":"ja_JP","og_type":"article","og_title":"#PDW13 - Tables basses SUR LE FIL par Pawel GROBELNY - JO YANA","og_description":"Le designer polonais Pawel Grobelny pr\u00e9sentait durant la Paris Design Week, ses tables basses intitul\u00e9es SUR L [&hellip;]","og_url":"https:\/\/joyana.fr\/ja\/pdw13-tables-basses-sur-le-fil-par-pawel-grobelny\/114311\/","og_site_name":"JO YANA","article_published_time":"2013-09-12T06:39:02+00:00","og_image":[{"width":650,"height":433,"url":"https:\/\/i0.wp.com\/joyana.fr\/wp-content\/uploads\/2013\/09\/PAWEL-GROBELNY-DSC09567.jpg?fit=650%2C433&ssl=1","type":"image\/jpeg"}],"author":"Jo Yana","twitter_card":"summary_large_image","twitter_creator":"@Jo_Yana","twitter_site":"@Jo_Yana","twitter_misc":{"\u57f7\u7b46\u8005":"Jo Yana","\u63a8\u5b9a\u8aad\u307f\u53d6\u308a\u6642\u9593":"1\u5206"},"schema":{"@context":"https:\/\/schema.org","@graph":[{"@type":"Article","@id":"https:\/\/joyana.fr\/ja\/pdw13-tables-basses-sur-le-fil-par-pawel-grobelny\/114311\/#article","isPartOf":{"@id":"https:\/\/joyana.fr\/ja\/pdw13-tables-basses-sur-le-fil-par-pawel-grobelny\/114311\/"},"author":{"name":"Jo Yana","@id":"https:\/\/joyana.fr\/#\/schema\/person\/cf2a1ad12a27c12c21801075bf37407c"},"headline":"#PDW13 &#8211; Tables basses SUR LE FIL par Pawel GROBELNY","datePublished":"2013-09-12T06:39:02+00:00","mainEntityOfPage":{"@id":"https:\/\/joyana.fr\/ja\/pdw13-tables-basses-sur-le-fil-par-pawel-grobelny\/114311\/"},"wordCount":221,"commentCount":9,"publisher":{"@id":"https:\/\/joyana.fr\/#\/schema\/person\/cf2a1ad12a27c12c21801075bf37407c"},"image":{"@id":"https:\/\/joyana.fr\/ja\/pdw13-tables-basses-sur-le-fil-par-pawel-grobelny\/114311\/#primaryimage"},"thumbnailUrl":"https:\/\/i0.wp.com\/joyana.fr\/wp-content\/uploads\/2013\/09\/PAWEL-GROBELNY-DSC09567.jpg?fit=650%2C433&ssl=1","keywords":["#PDW13","Blanc","Bois","DESIGN","Paris Design Week","Pawel GROBELNY","Table basse","Table Basse design"],"articleSection":["DECO-DESIGN","Mobilier","Mobilier modulaire","Paris Design Week","Table"],"inLanguage":"ja","potentialAction":[{"@type":"CommentAction","name":"Comment","target":["https:\/\/joyana.fr\/ja\/pdw13-tables-basses-sur-le-fil-par-pawel-grobelny\/114311\/#respond"]}]},{"@type":"WebPage","@id":"https:\/\/joyana.fr\/ja\/pdw13-tables-basses-sur-le-fil-par-pawel-grobelny\/114311\/","url":"https:\/\/joyana.fr\/ja\/pdw13-tables-basses-sur-le-fil-par-pawel-grobelny\/114311\/","name":"#PDW13 - Tables basses SUR LE FIL par Pawel GROBELNY - JO YANA","isPartOf":{"@id":"https:\/\/joyana.fr\/#website"},"primaryImageOfPage":{"@id":"https:\/\/joyana.fr\/ja\/pdw13-tables-basses-sur-le-fil-par-pawel-grobelny\/114311\/#primaryimage"},"image":{"@id":"https:\/\/joyana.fr\/ja\/pdw13-tables-basses-sur-le-fil-par-pawel-grobelny\/114311\/#primaryimage"},"thumbnailUrl":"https:\/\/i0.wp.com\/joyana.fr\/wp-content\/uploads\/2013\/09\/PAWEL-GROBELNY-DSC09567.jpg?fit=650%2C433&ssl=1","datePublished":"2013-09-12T06:39:02+00:00","breadcrumb":{"@id":"https:\/\/joyana.fr\/ja\/pdw13-tables-basses-sur-le-fil-par-pawel-grobelny\/114311\/#breadcrumb"},"inLanguage":"ja","potentialAction":[{"@type":"ReadAction","target":["https:\/\/joyana.fr\/ja\/pdw13-tables-basses-sur-le-fil-par-pawel-grobelny\/114311\/"]}]},{"@type":"ImageObject","inLanguage":"ja","@id":"https:\/\/joyana.fr\/ja\/pdw13-tables-basses-sur-le-fil-par-pawel-grobelny\/114311\/#primaryimage","url":"https:\/\/i0.wp.com\/joyana.fr\/wp-content\/uploads\/2013\/09\/PAWEL-GROBELNY-DSC09567.jpg?fit=650%2C433&ssl=1","contentUrl":"https:\/\/i0.wp.com\/joyana.fr\/wp-content\/uploads\/2013\/09\/PAWEL-GROBELNY-DSC09567.jpg?fit=650%2C433&ssl=1","width":650,"height":433},{"@type":"BreadcrumbList","@id":"https:\/\/joyana.fr\/ja\/pdw13-tables-basses-sur-le-fil-par-pawel-grobelny\/114311\/#breadcrumb","itemListElement":[{"@type":"ListItem","position":1,"name":"Accueil","item":"https:\/\/joyana.fr\/"},{"@type":"ListItem","position":2,"name":"#PDW13 &#8211; Tables basses SUR LE FIL par Pawel GROBELNY"}]},{"@type":"WebSite","@id":"https:\/\/joyana.fr\/#website","url":"https:\/\/joyana.fr\/","name":"JO YANA","description":"Blog Mode Homme, Lifestyle, D\u00e9co-Design","publisher":{"@id":"https:\/\/joyana.fr\/#\/schema\/person\/cf2a1ad12a27c12c21801075bf37407c"},"potentialAction":[{"@type":"SearchAction","target":{"@type":"EntryPoint","urlTemplate":"https:\/\/joyana.fr\/?s={search_term_string}"},"query-input":{"@type":"PropertyValueSpecification","valueRequired":true,"valueName":"search_term_string"}}],"inLanguage":"ja"},{"@type":["Person","Organization"],"@id":"https:\/\/joyana.fr\/#\/schema\/person\/cf2a1ad12a27c12c21801075bf37407c","name":"Jo Yana","image":{"@type":"ImageObject","inLanguage":"ja","@id":"https:\/\/joyana.fr\/#\/schema\/person\/image\/","url":"https:\/\/i0.wp.com\/joyana.fr\/wp-content\/uploads\/2016\/08\/cropped-joyana-logo-black-360x180.png?fit=343%2C164&ssl=1","contentUrl":"https:\/\/i0.wp.com\/joyana.fr\/wp-content\/uploads\/2016\/08\/cropped-joyana-logo-black-360x180.png?fit=343%2C164&ssl=1","width":343,"height":164,"caption":"Jo Yana"},"logo":{"@id":"https:\/\/joyana.fr\/#\/schema\/person\/image\/"},"description":"Jo Yana est le cr\u00e9ateur et r\u00e9dacteur en chef des sites DECO-DESIGN. Passionn\u00e9 de Design, Mode, Photo, Luxe, Lifestyle, Musique, mais avant tout Blogueur ! Le plaisir de partager l'anime et a comme devise \"POUR L'AMOUR DU BEAU\". Retrouvez le aussi sur son blog personnel - https:\/\/joyana.fr...","sameAs":["https:\/\/joyana.fr\/"],"url":"https:\/\/joyana.fr\/ja\/author\/joyana\/"}]}},"author_meta":{"display_name":"Jo Yana","author_link":"https:\/\/joyana.fr\/ja\/author\/joyana\/"},"featured_img":"https:\/\/i0.wp.com\/joyana.fr\/wp-content\/uploads\/2013\/09\/PAWEL-GROBELNY-DSC09567.jpg?fit=389%2C259&ssl=1","featured_image_src":"https:\/\/i0.wp.com\/joyana.fr\/wp-content\/uploads\/2013\/09\/PAWEL-GROBELNY-DSC09567.jpg?resize=600%2C400&ssl=1","featured_image_src_square":"https:\/\/i0.wp.com\/joyana.fr\/wp-content\/uploads\/2013\/09\/PAWEL-GROBELNY-DSC09567.jpg?resize=600%2C433&ssl=1","jetpack_featured_media_url":"https:\/\/i0.wp.com\/joyana.fr\/wp-content\/uploads\/2013\/09\/PAWEL-GROBELNY-DSC09567.jpg?fit=650%2C433&ssl=1","uagb_featured_image_src":{"full":["https:\/\/i0.wp.com\/joyana.fr\/wp-content\/uploads\/2013\/09\/PAWEL-GROBELNY-DSC09567.jpg?fit=650%2C433&ssl=1",650,433,false],"thumbnail":["https:\/\/i0.wp.com\/joyana.fr\/wp-content\/uploads\/2013\/09\/PAWEL-GROBELNY-DSC09567.jpg?resize=150%2C150&ssl=1",150,150,true],"medium":["https:\/\/i0.wp.com\/joyana.fr\/wp-content\/uploads\/2013\/09\/PAWEL-GROBELNY-DSC09567.jpg?fit=389%2C259&ssl=1",389,259,true],"medium_large":["https:\/\/i0.wp.com\/joyana.fr\/wp-content\/uploads\/2013\/09\/PAWEL-GROBELNY-DSC09567.jpg?fit=650%2C433&ssl=1",650,433,true],"large":["https:\/\/i0.wp.com\/joyana.fr\/wp-content\/uploads\/2013\/09\/PAWEL-GROBELNY-DSC09567.jpg?fit=650%2C433&ssl=1",650,433,true],"1536x1536":["https:\/\/i0.wp.com\/joyana.fr\/wp-content\/uploads\/2013\/09\/PAWEL-GROBELNY-DSC09567.jpg?fit=650%2C433&ssl=1",650,433,true],"2048x2048":["https:\/\/i0.wp.com\/joyana.fr\/wp-content\/uploads\/2013\/09\/PAWEL-GROBELNY-DSC09567.jpg?fit=650%2C433&ssl=1",650,433,true],"featured-thumb":["https:\/\/i0.wp.com\/joyana.fr\/wp-content\/uploads\/2013\/09\/PAWEL-GROBELNY-DSC09567.jpg?resize=650%2C433&ssl=1",650,433,true],"ab-block-post-grid-landscape":["https:\/\/i0.wp.com\/joyana.fr\/wp-content\/uploads\/2013\/09\/PAWEL-GROBELNY-DSC09567.jpg?resize=600%2C400&ssl=1",600,400,true],"ab-block-post-grid-square":["https:\/\/i0.wp.com\/joyana.fr\/wp-content\/uploads\/2013\/09\/PAWEL-GROBELNY-DSC09567.jpg?resize=600%2C433&ssl=1",600,433,true],"author-pro-image":["https:\/\/i0.wp.com\/joyana.fr\/wp-content\/uploads\/2013\/09\/PAWEL-GROBELNY-DSC09567.jpg?resize=360%2C433&ssl=1",360,433,true],"slider":["https:\/\/i0.wp.com\/joyana.fr\/wp-content\/uploads\/2013\/09\/PAWEL-GROBELNY-DSC09567.jpg?resize=650%2C400&ssl=1",650,400,true],"woocommerce_thumbnail":["https:\/\/i0.wp.com\/joyana.fr\/wp-content\/uploads\/2013\/09\/PAWEL-GROBELNY-DSC09567.jpg?resize=450%2C433&ssl=1",450,433,true],"woocommerce_single":["https:\/\/i0.wp.com\/joyana.fr\/wp-content\/uploads\/2013\/09\/PAWEL-GROBELNY-DSC09567.jpg?fit=650%2C433&ssl=1",650,433,true],"woocommerce_gallery_thumbnail":["https:\/\/i0.wp.com\/joyana.fr\/wp-content\/uploads\/2013\/09\/PAWEL-GROBELNY-DSC09567.jpg?resize=180%2C180&ssl=1",180,180,true],"sow-carousel-default":["https:\/\/i0.wp.com\/joyana.fr\/wp-content\/uploads\/2013\/09\/PAWEL-GROBELNY-DSC09567.jpg?resize=272%2C182&ssl=1",272,182,true]},"uagb_author_info":{"display_name":"Jo Yana","author_link":"https:\/\/joyana.fr\/ja\/author\/joyana\/"},"uagb_comment_info":19,"uagb_excerpt":"Le designer polonais Pawel Grobelny pr\u00e9sentait durant l&hellip;","coauthors":[],"tax_additional":{"categories":{"linked":["<a href=\"https:\/\/joyana.fr\/ja\/category\/deco-design\/\" class=\"advgb-post-tax-term\">DECO-DESIGN<\/a>","<a href=\"https:\/\/joyana.fr\/ja\/category\/deco-design\/mobilier\/\" class=\"advgb-post-tax-term\">Mobilier<\/a>","<a href=\"https:\/\/joyana.fr\/ja\/category\/deco-design\/mobilier\/mobilier-modulaire\/\" class=\"advgb-post-tax-term\">Mobilier modulaire<\/a>","<a href=\"https:\/\/joyana.fr\/ja\/category\/deco-design\/actualite\/salon\/paris-design-week\/\" class=\"advgb-post-tax-term\">Paris Design Week<\/a>","<a href=\"https:\/\/joyana.fr\/ja\/category\/deco-design\/mobilier\/table\/\" class=\"advgb-post-tax-term\">Table<\/a>"],"unlinked":["<span class=\"advgb-post-tax-term\">DECO-DESIGN<\/span>","<span class=\"advgb-post-tax-term\">Mobilier<\/span>","<span class=\"advgb-post-tax-term\">Mobilier modulaire<\/span>","<span class=\"advgb-post-tax-term\">Paris Design Week<\/span>","<span class=\"advgb-post-tax-term\">Table<\/span>"]},"tags":{"linked":["<a href=\"https:\/\/joyana.fr\/ja\/category\/deco-design\/mobilier\/table\/\" class=\"advgb-post-tax-term\">#PDW13<\/a>","<a href=\"https:\/\/joyana.fr\/ja\/category\/deco-design\/mobilier\/table\/\" class=\"advgb-post-tax-term\">Blanc<\/a>","<a href=\"https:\/\/joyana.fr\/ja\/category\/deco-design\/mobilier\/table\/\" class=\"advgb-post-tax-term\">Bois<\/a>","<a href=\"https:\/\/joyana.fr\/ja\/category\/deco-design\/mobilier\/table\/\" class=\"advgb-post-tax-term\">DESIGN<\/a>","<a href=\"https:\/\/joyana.fr\/ja\/category\/deco-design\/mobilier\/table\/\" class=\"advgb-post-tax-term\">Paris Design Week<\/a>","<a href=\"https:\/\/joyana.fr\/ja\/category\/deco-design\/mobilier\/table\/\" class=\"advgb-post-tax-term\">Pawel GROBELNY<\/a>","<a href=\"https:\/\/joyana.fr\/ja\/category\/deco-design\/mobilier\/table\/\" class=\"advgb-post-tax-term\">Table basse<\/a>","<a href=\"https:\/\/joyana.fr\/ja\/category\/deco-design\/mobilier\/table\/\" class=\"advgb-post-tax-term\">Table Basse design<\/a>"],"unlinked":["<span class=\"advgb-post-tax-term\">#PDW13<\/span>","<span class=\"advgb-post-tax-term\">Blanc<\/span>","<span class=\"advgb-post-tax-term\">Bois<\/span>","<span class=\"advgb-post-tax-term\">DESIGN<\/span>","<span class=\"advgb-post-tax-term\">Paris Design Week<\/span>","<span class=\"advgb-post-tax-term\">Pawel GROBELNY<\/span>","<span class=\"advgb-post-tax-term\">Table basse<\/span>","<span class=\"advgb-post-tax-term\">Table Basse design<\/span>"]}},"comment_count":19,"relative_dates":{"created":"Posted 13\u5e74 ago","modified":"Updated 13\u5e74 ago"},"absolute_dates":{"created":"Posted on 12 9\u6708 2013","modified":"Updated on 12 9\u6708 2013"},"absolute_dates_time":{"created":"Posted on 12 9\u6708 2013 7:39","modified":"Updated on 12 9\u6708 2013 7:39"},"featured_img_caption":"","series_order":"","jetpack_sharing_enabled":true,"jetpack_shortlink":"https:\/\/wp.me\/p9bteI-tJJ","jetpack-related-posts":[],"_links":{"self":[{"href":"https:\/\/joyana.fr\/ja\/wp-json\/wp\/v2\/posts\/114311","targetHints":{"allow":["GET"]}}],"collection":[{"href":"https:\/\/joyana.fr\/ja\/wp-json\/wp\/v2\/posts"}],"about":[{"href":"https:\/\/joyana.fr\/ja\/wp-json\/wp\/v2\/types\/post"}],"author":[{"embeddable":true,"href":"https:\/\/joyana.fr\/ja\/wp-json\/wp\/v2\/users\/3"}],"replies":[{"embeddable":true,"href":"https:\/\/joyana.fr\/ja\/wp-json\/wp\/v2\/comments?post=114311"}],"version-history":[{"count":0,"href":"https:\/\/joyana.fr\/ja\/wp-json\/wp\/v2\/posts\/114311\/revisions"}],"wp:featuredmedia":[{"embeddable":true,"href":"https:\/\/joyana.fr\/ja\/wp-json\/wp\/v2\/media\/114318"}],"wp:attachment":[{"href":"https:\/\/joyana.fr\/ja\/wp-json\/wp\/v2\/media?parent=114311"}],"wp:term":[{"taxonomy":"category","embeddable":true,"href":"https:\/\/joyana.fr\/ja\/wp-json\/wp\/v2\/categories?post=114311"},{"taxonomy":"post_tag","embeddable":true,"href":"https:\/\/joyana.fr\/ja\/wp-json\/wp\/v2\/tags?post=114311"}],"curies":[{"name":"wp","href":"https:\/\/api.w.org\/{rel}","templated":true}]}}