{"id":114690,"date":"2013-10-29T16:55:26","date_gmt":"2013-10-29T15:55:26","guid":{"rendered":"https:\/\/joyana.fr\/?p=14690"},"modified":"2013-10-29T16:55:26","modified_gmt":"2013-10-29T15:55:26","slug":"lampadaire-elisabeth-harto-julien-phedyaeff","status":"publish","type":"post","link":"https:\/\/joyana.fr\/ja\/lampadaire-elisabeth-harto-julien-phedyaeff\/114690\/","title":{"rendered":"Lampadaire ELISABETH par HART\u00d4 x Julien PHEDYAEFF"},"content":{"rendered":"<p>D\u00e9couvert chez l&#8217;\u00e9diteur <strong>HART\u00d4<\/strong>, le <strong>lampadaire ELISABETH<\/strong> &#8211; sign\u00e9 par <strong>Julien Phedyaeff<\/strong> &#8211; nous a imm\u00e9diatement par sa forme et son allure &#8230;<\/p>\n<p><img data-recalc-dims=\"1\" fetchpriority=\"high\" decoding=\"async\" class=\"alignnone size-large wp-image-14691\" alt=\"Lampadaire ELISABETH par Julien PHEDYAEFF \" src=\"https:\/\/i0.wp.com\/joyana.fr\/wp-content\/uploads\/2013\/10\/Image-1-web-960x550.jpg?resize=576%2C329&#038;ssl=1\" width=\"576\" height=\"329\" \/><\/p>\n<p>Le <strong>lampadaire ELISABETH<\/strong> par <strong>HART\u00d4 x Julien Phedyaeff<\/strong> arbore une structure filaire qui lui conf\u00e8re une \u00e9l\u00e9gance l\u00e9g\u00e8re. Discr\u00e8te mais dot\u00e9e d\u2019un fort caract\u00e8re, il joue de son aspect g\u00e9om\u00e9trique et de sa finesse pour vous s\u00e9duire&#8230; Culminant \u00e0 159 cm du sol, il est con\u00e7u \u00e0 partir de toile de coton pour l&#8217;abat-jour, et de tubes d&#8217;acier finition laque mate pour la structure&#8230;<\/p>\n<p><img data-recalc-dims=\"1\" decoding=\"async\" class=\"alignnone size-large wp-image-14694\" alt=\"Lampadaire ELISABETH par Julien PHEDYAEFF \" src=\"https:\/\/i0.wp.com\/joyana.fr\/wp-content\/uploads\/2013\/10\/Hart%C3%B4-ElizabethHD1-576x864.jpg?resize=576%2C864&#038;ssl=1\" width=\"576\" height=\"864\" \/><\/p>\n<p><img data-recalc-dims=\"1\" decoding=\"async\" class=\"alignnone size-large wp-image-14695\" alt=\"elisabethhd_de_tail1_jaune_citron1016-web\" src=\"https:\/\/i0.wp.com\/joyana.fr\/wp-content\/uploads\/2013\/10\/elisabethhd_de_tail1_jaune_citron1016-web.jpg?resize=576%2C263&#038;ssl=1\" width=\"576\" height=\"263\" \/><\/p>\n<p><img data-recalc-dims=\"1\" loading=\"lazy\" decoding=\"async\" class=\"alignnone size-large wp-image-14696\" alt=\"elisabethhd_de_tail2_jaune_citron1016-web\" src=\"https:\/\/i0.wp.com\/joyana.fr\/wp-content\/uploads\/2013\/10\/elisabethhd_de_tail2_jaune_citron1016-web.jpg?resize=576%2C263&#038;ssl=1\" width=\"576\" height=\"263\" \/><\/p>\n<p><img data-recalc-dims=\"1\" loading=\"lazy\" decoding=\"async\" alt=\"Lampadaire ELISABETH par Julien PHEDYAEFF \" src=\"https:\/\/i0.wp.com\/joyana.fr\/wp-content\/uploads\/2013\/10\/Image-4-web-960x550.jpg?resize=576%2C329&#038;ssl=1\" width=\"576\" height=\"329\" \/><\/p>\n<p style=\"text-align: center;\">550\u20ac chez <strong><a href=\"http:\/\/www.hartodesign.fr\/luminaires-deco\/lampe-elisabeth.html\">HART\u00d4<\/a><\/strong><\/p>\n","protected":false},"excerpt":{"rendered":"<p>D\u00e9couvert chez l&#8217;\u00e9diteur HART\u00d4, le lampadaire ELISABETH &#8211; sign\u00e9 par Julien Phedyaeff &#8211; nous  [&hellip;]<\/p>\n","protected":false},"author":3,"featured_media":114691,"comment_status":"open","ping_status":"open","sticky":false,"template":"","format":"standard","meta":{"_coblocks_attr":"","_coblocks_dimensions":"","_coblocks_responsive_height":"","_coblocks_accordion_ie_support":"","_uag_custom_page_level_css":"","advgb_blocks_editor_width":"","advgb_blocks_columns_visual_guide":"","_genesis_hide_title":false,"_genesis_hide_breadcrumbs":false,"_genesis_hide_singular_image":false,"_genesis_hide_footer_widgets":false,"_genesis_custom_body_class":"","_genesis_custom_post_class":"","_genesis_layout":"","_themeisle_gutenberg_block_has_review":false,"_jetpack_newsletter_access":"","_jetpack_dont_email_post_to_subs":false,"_jetpack_newsletter_tier_id":0,"_jetpack_memberships_contains_paywalled_content":false,"_jetpack_memberships_contains_paid_content":false,"footnotes":""},"categories":[905,958,927,917],"tags":[78,1558,1559,1276,1152],"class_list":{"0":"post-114690","1":"post","2":"type-post","3":"status-publish","4":"format-standard","5":"has-post-thumbnail","7":"category-deco-design","8":"category-lampadaire","9":"category-lampe","10":"category-luminaire","11":"tag-design","12":"tag-harto","13":"tag-julien-phedyaeff","14":"tag-lampadaire-design","15":"tag-luminaire","16":"entry"},"featured_image_urls":{"full":["https:\/\/i0.wp.com\/joyana.fr\/wp-content\/uploads\/2013\/10\/Image-1-web-960x550.jpg?fit=650%2C372&ssl=1",650,372,false],"thumbnail":["https:\/\/i0.wp.com\/joyana.fr\/wp-content\/uploads\/2013\/10\/Image-1-web-960x550.jpg?resize=150%2C150&ssl=1",150,150,true],"medium":["https:\/\/i0.wp.com\/joyana.fr\/wp-content\/uploads\/2013\/10\/Image-1-web-960x550.jpg?fit=389%2C223&ssl=1",389,223,true],"medium_large":["https:\/\/i0.wp.com\/joyana.fr\/wp-content\/uploads\/2013\/10\/Image-1-web-960x550.jpg?fit=650%2C372&ssl=1",650,372,true],"large":["https:\/\/i0.wp.com\/joyana.fr\/wp-content\/uploads\/2013\/10\/Image-1-web-960x550.jpg?fit=650%2C372&ssl=1",650,372,true],"1536x1536":["https:\/\/i0.wp.com\/joyana.fr\/wp-content\/uploads\/2013\/10\/Image-1-web-960x550.jpg?fit=650%2C372&ssl=1",650,372,true],"2048x2048":["https:\/\/i0.wp.com\/joyana.fr\/wp-content\/uploads\/2013\/10\/Image-1-web-960x550.jpg?fit=650%2C372&ssl=1",650,372,true],"featured-thumb":["https:\/\/i0.wp.com\/joyana.fr\/wp-content\/uploads\/2013\/10\/Image-1-web-960x550.jpg?resize=650%2C372&ssl=1",650,372,true],"ab-block-post-grid-landscape":["https:\/\/i0.wp.com\/joyana.fr\/wp-content\/uploads\/2013\/10\/Image-1-web-960x550.jpg?resize=600%2C372&ssl=1",600,372,true],"ab-block-post-grid-square":["https:\/\/i0.wp.com\/joyana.fr\/wp-content\/uploads\/2013\/10\/Image-1-web-960x550.jpg?resize=600%2C372&ssl=1",600,372,true],"author-pro-image":["https:\/\/i0.wp.com\/joyana.fr\/wp-content\/uploads\/2013\/10\/Image-1-web-960x550.jpg?resize=360%2C372&ssl=1",360,372,true],"slider":["https:\/\/i0.wp.com\/joyana.fr\/wp-content\/uploads\/2013\/10\/Image-1-web-960x550.jpg?resize=650%2C372&ssl=1",650,372,true],"woocommerce_thumbnail":["https:\/\/i0.wp.com\/joyana.fr\/wp-content\/uploads\/2013\/10\/Image-1-web-960x550.jpg?resize=450%2C372&ssl=1",450,372,true],"woocommerce_single":["https:\/\/i0.wp.com\/joyana.fr\/wp-content\/uploads\/2013\/10\/Image-1-web-960x550.jpg?fit=650%2C372&ssl=1",650,372,true],"woocommerce_gallery_thumbnail":["https:\/\/i0.wp.com\/joyana.fr\/wp-content\/uploads\/2013\/10\/Image-1-web-960x550.jpg?resize=180%2C180&ssl=1",180,180,true],"sow-carousel-default":["https:\/\/i0.wp.com\/joyana.fr\/wp-content\/uploads\/2013\/10\/Image-1-web-960x550.jpg?resize=272%2C182&ssl=1",272,182,true]},"post_excerpt_stackable":"<p>D\u00e9couvert chez l&#8217;\u00e9diteur HART\u00d4, le lampadaire ELISABETH &#8211; sign\u00e9 par Julien Phedyaeff &#038;#8&hellip;<\/p>\n","category_list":"<a href=\"https:\/\/joyana.fr\/ja\/category\/deco-design\/\" rel=\"category tag\">DECO-DESIGN<\/a>, <a href=\"https:\/\/joyana.fr\/ja\/category\/deco-design\/luminaire\/lampadaire\/\" rel=\"category tag\">Lampadaire<\/a>, <a href=\"https:\/\/joyana.fr\/ja\/category\/deco-design\/luminaire\/lampe\/\" rel=\"category tag\">Lampe<\/a>, <a href=\"https:\/\/joyana.fr\/ja\/category\/deco-design\/luminaire\/\" rel=\"category tag\">Luminaire<\/a>","author_info":{"display_name":"Jo Yana","author_link":"https:\/\/joyana.fr\/ja\/author\/joyana\/"},"comments_num":"1 comment","featured_image_urls_v2":{"full":["https:\/\/i0.wp.com\/joyana.fr\/wp-content\/uploads\/2013\/10\/Image-1-web-960x550.jpg?fit=650%2C372&ssl=1",650,372,false],"thumbnail":["https:\/\/i0.wp.com\/joyana.fr\/wp-content\/uploads\/2013\/10\/Image-1-web-960x550.jpg?resize=150%2C150&ssl=1",150,150,true],"medium":["https:\/\/i0.wp.com\/joyana.fr\/wp-content\/uploads\/2013\/10\/Image-1-web-960x550.jpg?fit=389%2C223&ssl=1",389,223,true],"medium_large":["https:\/\/i0.wp.com\/joyana.fr\/wp-content\/uploads\/2013\/10\/Image-1-web-960x550.jpg?fit=650%2C372&ssl=1",650,372,true],"large":["https:\/\/i0.wp.com\/joyana.fr\/wp-content\/uploads\/2013\/10\/Image-1-web-960x550.jpg?fit=650%2C372&ssl=1",650,372,true],"1536x1536":["https:\/\/i0.wp.com\/joyana.fr\/wp-content\/uploads\/2013\/10\/Image-1-web-960x550.jpg?fit=650%2C372&ssl=1",650,372,true],"2048x2048":["https:\/\/i0.wp.com\/joyana.fr\/wp-content\/uploads\/2013\/10\/Image-1-web-960x550.jpg?fit=650%2C372&ssl=1",650,372,true],"featured-thumb":["https:\/\/i0.wp.com\/joyana.fr\/wp-content\/uploads\/2013\/10\/Image-1-web-960x550.jpg?resize=650%2C372&ssl=1",650,372,true],"ab-block-post-grid-landscape":["https:\/\/i0.wp.com\/joyana.fr\/wp-content\/uploads\/2013\/10\/Image-1-web-960x550.jpg?resize=600%2C372&ssl=1",600,372,true],"ab-block-post-grid-square":["https:\/\/i0.wp.com\/joyana.fr\/wp-content\/uploads\/2013\/10\/Image-1-web-960x550.jpg?resize=600%2C372&ssl=1",600,372,true],"author-pro-image":["https:\/\/i0.wp.com\/joyana.fr\/wp-content\/uploads\/2013\/10\/Image-1-web-960x550.jpg?resize=360%2C372&ssl=1",360,372,true],"slider":["https:\/\/i0.wp.com\/joyana.fr\/wp-content\/uploads\/2013\/10\/Image-1-web-960x550.jpg?resize=650%2C372&ssl=1",650,372,true],"woocommerce_thumbnail":["https:\/\/i0.wp.com\/joyana.fr\/wp-content\/uploads\/2013\/10\/Image-1-web-960x550.jpg?resize=450%2C372&ssl=1",450,372,true],"woocommerce_single":["https:\/\/i0.wp.com\/joyana.fr\/wp-content\/uploads\/2013\/10\/Image-1-web-960x550.jpg?fit=650%2C372&ssl=1",650,372,true],"woocommerce_gallery_thumbnail":["https:\/\/i0.wp.com\/joyana.fr\/wp-content\/uploads\/2013\/10\/Image-1-web-960x550.jpg?resize=180%2C180&ssl=1",180,180,true],"sow-carousel-default":["https:\/\/i0.wp.com\/joyana.fr\/wp-content\/uploads\/2013\/10\/Image-1-web-960x550.jpg?resize=272%2C182&ssl=1",272,182,true]},"post_excerpt_stackable_v2":"<p>D\u00e9couvert chez l&#8217;\u00e9diteur HART\u00d4, le lampadaire ELISABETH &#8211; sign\u00e9 par Julien Phedyaeff &#038;#8&hellip;<\/p>\n","category_list_v2":"<a href=\"https:\/\/joyana.fr\/ja\/category\/deco-design\/\" rel=\"category tag\">DECO-DESIGN<\/a>, <a href=\"https:\/\/joyana.fr\/ja\/category\/deco-design\/luminaire\/lampadaire\/\" rel=\"category tag\">Lampadaire<\/a>, <a href=\"https:\/\/joyana.fr\/ja\/category\/deco-design\/luminaire\/lampe\/\" rel=\"category tag\">Lampe<\/a>, <a href=\"https:\/\/joyana.fr\/ja\/category\/deco-design\/luminaire\/\" rel=\"category tag\">Luminaire<\/a>","author_info_v2":{"name":"Jo Yana","url":"https:\/\/joyana.fr\/ja\/author\/joyana\/"},"comments_num_v2":"1 comment","yoast_head":"<!-- This site is optimized with the Yoast SEO plugin v26.8 - https:\/\/yoast.com\/product\/yoast-seo-wordpress\/ -->\n<title>Lampadaire ELISABETH par HART\u00d4 x Julien PHEDYAEFF - JO YANA<\/title>\n<meta name=\"robots\" content=\"index, follow, max-snippet:-1, max-image-preview:large, max-video-preview:-1\" \/>\n<link rel=\"canonical\" href=\"https:\/\/www.joyana.fr\/lampadaire-elisabeth-harto-julien-phedyaeff\/114690\/\" \/>\n<meta property=\"og:locale\" content=\"ja_JP\" \/>\n<meta property=\"og:locale:alternate\" content=\"fr_FR\" \/>\n<meta property=\"og:locale:alternate\" content=\"en_US\" \/>\n<meta property=\"og:type\" content=\"article\" \/>\n<meta property=\"og:title\" content=\"Lampadaire ELISABETH par HART\u00d4 x Julien PHEDYAEFF - JO YANA\" \/>\n<meta property=\"og:description\" content=\"D\u00e9couvert chez l&#8217;\u00e9diteur HART\u00d4, le lampadaire ELISABETH &#8211; sign\u00e9 par Julien Phedyaeff &#8211; nous [&hellip;]\" \/>\n<meta property=\"og:url\" content=\"https:\/\/joyana.fr\/ja\/lampadaire-elisabeth-harto-julien-phedyaeff\/114690\/\" \/>\n<meta property=\"og:site_name\" content=\"JO YANA\" \/>\n<meta property=\"article:published_time\" content=\"2013-10-29T15:55:26+00:00\" \/>\n<meta property=\"og:image\" content=\"https:\/\/www.joyana.fr\/wp-content\/uploads\/2013\/10\/Image-1-web-960x550.jpg\" \/>\n\t<meta property=\"og:image:width\" content=\"650\" \/>\n\t<meta property=\"og:image:height\" content=\"372\" \/>\n\t<meta property=\"og:image:type\" content=\"image\/jpeg\" \/>\n<meta name=\"author\" content=\"Jo Yana\" \/>\n<meta name=\"twitter:card\" content=\"summary_large_image\" \/>\n<meta name=\"twitter:creator\" content=\"@Jo_Yana\" \/>\n<meta name=\"twitter:site\" content=\"@Jo_Yana\" \/>\n<meta name=\"twitter:label1\" content=\"\u57f7\u7b46\u8005\" \/>\n\t<meta name=\"twitter:data1\" content=\"Jo Yana\" \/>\n\t<meta name=\"twitter:label2\" content=\"\u63a8\u5b9a\u8aad\u307f\u53d6\u308a\u6642\u9593\" \/>\n\t<meta name=\"twitter:data2\" content=\"1\u5206\" \/>\n<script type=\"application\/ld+json\" class=\"yoast-schema-graph\">{\"@context\":\"https:\/\/schema.org\",\"@graph\":[{\"@type\":\"Article\",\"@id\":\"https:\/\/www.joyana.fr\/lampadaire-elisabeth-harto-julien-phedyaeff\/114690\/#article\",\"isPartOf\":{\"@id\":\"https:\/\/www.joyana.fr\/lampadaire-elisabeth-harto-julien-phedyaeff\/114690\/\"},\"author\":{\"name\":\"Jo Yana\",\"@id\":\"https:\/\/joyana.fr\/#\/schema\/person\/cf2a1ad12a27c12c21801075bf37407c\"},\"headline\":\"Lampadaire ELISABETH par HART\u00d4 x Julien PHEDYAEFF\",\"datePublished\":\"2013-10-29T15:55:26+00:00\",\"mainEntityOfPage\":{\"@id\":\"https:\/\/www.joyana.fr\/lampadaire-elisabeth-harto-julien-phedyaeff\/114690\/\"},\"wordCount\":109,\"commentCount\":1,\"publisher\":{\"@id\":\"https:\/\/joyana.fr\/#\/schema\/person\/cf2a1ad12a27c12c21801075bf37407c\"},\"image\":{\"@id\":\"https:\/\/www.joyana.fr\/lampadaire-elisabeth-harto-julien-phedyaeff\/114690\/#primaryimage\"},\"thumbnailUrl\":\"https:\/\/i0.wp.com\/joyana.fr\/wp-content\/uploads\/2013\/10\/Image-1-web-960x550.jpg?fit=650%2C372&ssl=1\",\"keywords\":[\"DESIGN\",\"HART\u00d4\",\"Julien PHEDYAEFF\",\"Lampadaire design\",\"Luminaire\"],\"articleSection\":[\"DECO-DESIGN\",\"Lampadaire\",\"Lampe\",\"Luminaire\"],\"inLanguage\":\"ja\",\"potentialAction\":[{\"@type\":\"CommentAction\",\"name\":\"Comment\",\"target\":[\"https:\/\/www.joyana.fr\/lampadaire-elisabeth-harto-julien-phedyaeff\/114690\/#respond\"]}]},{\"@type\":\"WebPage\",\"@id\":\"https:\/\/www.joyana.fr\/lampadaire-elisabeth-harto-julien-phedyaeff\/114690\/\",\"url\":\"https:\/\/www.joyana.fr\/lampadaire-elisabeth-harto-julien-phedyaeff\/114690\/\",\"name\":\"Lampadaire ELISABETH par HART\u00d4 x Julien PHEDYAEFF - JO YANA\",\"isPartOf\":{\"@id\":\"https:\/\/joyana.fr\/#website\"},\"primaryImageOfPage\":{\"@id\":\"https:\/\/www.joyana.fr\/lampadaire-elisabeth-harto-julien-phedyaeff\/114690\/#primaryimage\"},\"image\":{\"@id\":\"https:\/\/www.joyana.fr\/lampadaire-elisabeth-harto-julien-phedyaeff\/114690\/#primaryimage\"},\"thumbnailUrl\":\"https:\/\/i0.wp.com\/joyana.fr\/wp-content\/uploads\/2013\/10\/Image-1-web-960x550.jpg?fit=650%2C372&ssl=1\",\"datePublished\":\"2013-10-29T15:55:26+00:00\",\"breadcrumb\":{\"@id\":\"https:\/\/www.joyana.fr\/lampadaire-elisabeth-harto-julien-phedyaeff\/114690\/#breadcrumb\"},\"inLanguage\":\"ja\",\"potentialAction\":[{\"@type\":\"ReadAction\",\"target\":[\"https:\/\/www.joyana.fr\/lampadaire-elisabeth-harto-julien-phedyaeff\/114690\/\"]}]},{\"@type\":\"ImageObject\",\"inLanguage\":\"ja\",\"@id\":\"https:\/\/www.joyana.fr\/lampadaire-elisabeth-harto-julien-phedyaeff\/114690\/#primaryimage\",\"url\":\"https:\/\/i0.wp.com\/joyana.fr\/wp-content\/uploads\/2013\/10\/Image-1-web-960x550.jpg?fit=650%2C372&ssl=1\",\"contentUrl\":\"https:\/\/i0.wp.com\/joyana.fr\/wp-content\/uploads\/2013\/10\/Image-1-web-960x550.jpg?fit=650%2C372&ssl=1\",\"width\":650,\"height\":372},{\"@type\":\"BreadcrumbList\",\"@id\":\"https:\/\/www.joyana.fr\/lampadaire-elisabeth-harto-julien-phedyaeff\/114690\/#breadcrumb\",\"itemListElement\":[{\"@type\":\"ListItem\",\"position\":1,\"name\":\"Accueil\",\"item\":\"https:\/\/joyana.fr\/\"},{\"@type\":\"ListItem\",\"position\":2,\"name\":\"Lampadaire ELISABETH par HART\u00d4 x Julien PHEDYAEFF\"}]},{\"@type\":\"WebSite\",\"@id\":\"https:\/\/joyana.fr\/#website\",\"url\":\"https:\/\/joyana.fr\/\",\"name\":\"JO YANA\",\"description\":\"Blog Mode Homme, Lifestyle, D\u00e9co-Design\",\"publisher\":{\"@id\":\"https:\/\/joyana.fr\/#\/schema\/person\/cf2a1ad12a27c12c21801075bf37407c\"},\"potentialAction\":[{\"@type\":\"SearchAction\",\"target\":{\"@type\":\"EntryPoint\",\"urlTemplate\":\"https:\/\/joyana.fr\/?s={search_term_string}\"},\"query-input\":{\"@type\":\"PropertyValueSpecification\",\"valueRequired\":true,\"valueName\":\"search_term_string\"}}],\"inLanguage\":\"ja\"},{\"@type\":[\"Person\",\"Organization\"],\"@id\":\"https:\/\/joyana.fr\/#\/schema\/person\/cf2a1ad12a27c12c21801075bf37407c\",\"name\":\"Jo Yana\",\"image\":{\"@type\":\"ImageObject\",\"inLanguage\":\"ja\",\"@id\":\"https:\/\/joyana.fr\/#\/schema\/person\/image\/\",\"url\":\"https:\/\/i0.wp.com\/joyana.fr\/wp-content\/uploads\/2016\/08\/cropped-joyana-logo-black-360x180.png?fit=343%2C164&ssl=1\",\"contentUrl\":\"https:\/\/i0.wp.com\/joyana.fr\/wp-content\/uploads\/2016\/08\/cropped-joyana-logo-black-360x180.png?fit=343%2C164&ssl=1\",\"width\":343,\"height\":164,\"caption\":\"Jo Yana\"},\"logo\":{\"@id\":\"https:\/\/joyana.fr\/#\/schema\/person\/image\/\"},\"description\":\"Jo Yana est le cr\u00e9ateur et r\u00e9dacteur en chef des sites DECO-DESIGN. Passionn\u00e9 de Design, Mode, Photo, Luxe, Lifestyle, Musique, mais avant tout Blogueur ! Le plaisir de partager l'anime et a comme devise \\\"POUR L'AMOUR DU BEAU\\\". Retrouvez le aussi sur son blog personnel - https:\/\/joyana.fr...\",\"sameAs\":[\"https:\/\/joyana.fr\/\"],\"url\":\"https:\/\/joyana.fr\/ja\/author\/joyana\/\"}]}<\/script>\n<!-- \/ Yoast SEO plugin. -->","yoast_head_json":{"title":"Lampadaire ELISABETH par HART\u00d4 x Julien PHEDYAEFF - JO YANA","robots":{"index":"index","follow":"follow","max-snippet":"max-snippet:-1","max-image-preview":"max-image-preview:large","max-video-preview":"max-video-preview:-1"},"canonical":"https:\/\/www.joyana.fr\/lampadaire-elisabeth-harto-julien-phedyaeff\/114690\/","og_locale":"ja_JP","og_type":"article","og_title":"Lampadaire ELISABETH par HART\u00d4 x Julien PHEDYAEFF - JO YANA","og_description":"D\u00e9couvert chez l&#8217;\u00e9diteur HART\u00d4, le lampadaire ELISABETH &#8211; sign\u00e9 par Julien Phedyaeff &#8211; nous [&hellip;]","og_url":"https:\/\/joyana.fr\/ja\/lampadaire-elisabeth-harto-julien-phedyaeff\/114690\/","og_site_name":"JO YANA","article_published_time":"2013-10-29T15:55:26+00:00","og_image":[{"width":650,"height":372,"url":"https:\/\/www.joyana.fr\/wp-content\/uploads\/2013\/10\/Image-1-web-960x550.jpg","type":"image\/jpeg"}],"author":"Jo Yana","twitter_card":"summary_large_image","twitter_creator":"@Jo_Yana","twitter_site":"@Jo_Yana","twitter_misc":{"\u57f7\u7b46\u8005":"Jo Yana","\u63a8\u5b9a\u8aad\u307f\u53d6\u308a\u6642\u9593":"1\u5206"},"schema":{"@context":"https:\/\/schema.org","@graph":[{"@type":"Article","@id":"https:\/\/www.joyana.fr\/lampadaire-elisabeth-harto-julien-phedyaeff\/114690\/#article","isPartOf":{"@id":"https:\/\/www.joyana.fr\/lampadaire-elisabeth-harto-julien-phedyaeff\/114690\/"},"author":{"name":"Jo Yana","@id":"https:\/\/joyana.fr\/#\/schema\/person\/cf2a1ad12a27c12c21801075bf37407c"},"headline":"Lampadaire ELISABETH par HART\u00d4 x Julien PHEDYAEFF","datePublished":"2013-10-29T15:55:26+00:00","mainEntityOfPage":{"@id":"https:\/\/www.joyana.fr\/lampadaire-elisabeth-harto-julien-phedyaeff\/114690\/"},"wordCount":109,"commentCount":1,"publisher":{"@id":"https:\/\/joyana.fr\/#\/schema\/person\/cf2a1ad12a27c12c21801075bf37407c"},"image":{"@id":"https:\/\/www.joyana.fr\/lampadaire-elisabeth-harto-julien-phedyaeff\/114690\/#primaryimage"},"thumbnailUrl":"https:\/\/i0.wp.com\/joyana.fr\/wp-content\/uploads\/2013\/10\/Image-1-web-960x550.jpg?fit=650%2C372&ssl=1","keywords":["DESIGN","HART\u00d4","Julien PHEDYAEFF","Lampadaire design","Luminaire"],"articleSection":["DECO-DESIGN","Lampadaire","Lampe","Luminaire"],"inLanguage":"ja","potentialAction":[{"@type":"CommentAction","name":"Comment","target":["https:\/\/www.joyana.fr\/lampadaire-elisabeth-harto-julien-phedyaeff\/114690\/#respond"]}]},{"@type":"WebPage","@id":"https:\/\/www.joyana.fr\/lampadaire-elisabeth-harto-julien-phedyaeff\/114690\/","url":"https:\/\/www.joyana.fr\/lampadaire-elisabeth-harto-julien-phedyaeff\/114690\/","name":"Lampadaire ELISABETH par HART\u00d4 x Julien PHEDYAEFF - JO YANA","isPartOf":{"@id":"https:\/\/joyana.fr\/#website"},"primaryImageOfPage":{"@id":"https:\/\/www.joyana.fr\/lampadaire-elisabeth-harto-julien-phedyaeff\/114690\/#primaryimage"},"image":{"@id":"https:\/\/www.joyana.fr\/lampadaire-elisabeth-harto-julien-phedyaeff\/114690\/#primaryimage"},"thumbnailUrl":"https:\/\/i0.wp.com\/joyana.fr\/wp-content\/uploads\/2013\/10\/Image-1-web-960x550.jpg?fit=650%2C372&ssl=1","datePublished":"2013-10-29T15:55:26+00:00","breadcrumb":{"@id":"https:\/\/www.joyana.fr\/lampadaire-elisabeth-harto-julien-phedyaeff\/114690\/#breadcrumb"},"inLanguage":"ja","potentialAction":[{"@type":"ReadAction","target":["https:\/\/www.joyana.fr\/lampadaire-elisabeth-harto-julien-phedyaeff\/114690\/"]}]},{"@type":"ImageObject","inLanguage":"ja","@id":"https:\/\/www.joyana.fr\/lampadaire-elisabeth-harto-julien-phedyaeff\/114690\/#primaryimage","url":"https:\/\/i0.wp.com\/joyana.fr\/wp-content\/uploads\/2013\/10\/Image-1-web-960x550.jpg?fit=650%2C372&ssl=1","contentUrl":"https:\/\/i0.wp.com\/joyana.fr\/wp-content\/uploads\/2013\/10\/Image-1-web-960x550.jpg?fit=650%2C372&ssl=1","width":650,"height":372},{"@type":"BreadcrumbList","@id":"https:\/\/www.joyana.fr\/lampadaire-elisabeth-harto-julien-phedyaeff\/114690\/#breadcrumb","itemListElement":[{"@type":"ListItem","position":1,"name":"Accueil","item":"https:\/\/joyana.fr\/"},{"@type":"ListItem","position":2,"name":"Lampadaire ELISABETH par HART\u00d4 x Julien PHEDYAEFF"}]},{"@type":"WebSite","@id":"https:\/\/joyana.fr\/#website","url":"https:\/\/joyana.fr\/","name":"JO YANA","description":"Blog Mode Homme, Lifestyle, D\u00e9co-Design","publisher":{"@id":"https:\/\/joyana.fr\/#\/schema\/person\/cf2a1ad12a27c12c21801075bf37407c"},"potentialAction":[{"@type":"SearchAction","target":{"@type":"EntryPoint","urlTemplate":"https:\/\/joyana.fr\/?s={search_term_string}"},"query-input":{"@type":"PropertyValueSpecification","valueRequired":true,"valueName":"search_term_string"}}],"inLanguage":"ja"},{"@type":["Person","Organization"],"@id":"https:\/\/joyana.fr\/#\/schema\/person\/cf2a1ad12a27c12c21801075bf37407c","name":"Jo Yana","image":{"@type":"ImageObject","inLanguage":"ja","@id":"https:\/\/joyana.fr\/#\/schema\/person\/image\/","url":"https:\/\/i0.wp.com\/joyana.fr\/wp-content\/uploads\/2016\/08\/cropped-joyana-logo-black-360x180.png?fit=343%2C164&ssl=1","contentUrl":"https:\/\/i0.wp.com\/joyana.fr\/wp-content\/uploads\/2016\/08\/cropped-joyana-logo-black-360x180.png?fit=343%2C164&ssl=1","width":343,"height":164,"caption":"Jo Yana"},"logo":{"@id":"https:\/\/joyana.fr\/#\/schema\/person\/image\/"},"description":"Jo Yana est le cr\u00e9ateur et r\u00e9dacteur en chef des sites DECO-DESIGN. Passionn\u00e9 de Design, Mode, Photo, Luxe, Lifestyle, Musique, mais avant tout Blogueur ! Le plaisir de partager l'anime et a comme devise \"POUR L'AMOUR DU BEAU\". Retrouvez le aussi sur son blog personnel - https:\/\/joyana.fr...","sameAs":["https:\/\/joyana.fr\/"],"url":"https:\/\/joyana.fr\/ja\/author\/joyana\/"}]}},"author_meta":{"display_name":"Jo Yana","author_link":"https:\/\/joyana.fr\/ja\/author\/joyana\/"},"featured_img":"https:\/\/i0.wp.com\/joyana.fr\/wp-content\/uploads\/2013\/10\/Image-1-web-960x550.jpg?fit=389%2C223&ssl=1","featured_image_src":"https:\/\/i0.wp.com\/joyana.fr\/wp-content\/uploads\/2013\/10\/Image-1-web-960x550.jpg?resize=600%2C372&ssl=1","featured_image_src_square":"https:\/\/i0.wp.com\/joyana.fr\/wp-content\/uploads\/2013\/10\/Image-1-web-960x550.jpg?resize=600%2C372&ssl=1","jetpack_featured_media_url":"https:\/\/i0.wp.com\/joyana.fr\/wp-content\/uploads\/2013\/10\/Image-1-web-960x550.jpg?fit=650%2C372&ssl=1","uagb_featured_image_src":{"full":["https:\/\/i0.wp.com\/joyana.fr\/wp-content\/uploads\/2013\/10\/Image-1-web-960x550.jpg?fit=650%2C372&ssl=1",650,372,false],"thumbnail":["https:\/\/i0.wp.com\/joyana.fr\/wp-content\/uploads\/2013\/10\/Image-1-web-960x550.jpg?resize=150%2C150&ssl=1",150,150,true],"medium":["https:\/\/i0.wp.com\/joyana.fr\/wp-content\/uploads\/2013\/10\/Image-1-web-960x550.jpg?fit=389%2C223&ssl=1",389,223,true],"medium_large":["https:\/\/i0.wp.com\/joyana.fr\/wp-content\/uploads\/2013\/10\/Image-1-web-960x550.jpg?fit=650%2C372&ssl=1",650,372,true],"large":["https:\/\/i0.wp.com\/joyana.fr\/wp-content\/uploads\/2013\/10\/Image-1-web-960x550.jpg?fit=650%2C372&ssl=1",650,372,true],"1536x1536":["https:\/\/i0.wp.com\/joyana.fr\/wp-content\/uploads\/2013\/10\/Image-1-web-960x550.jpg?fit=650%2C372&ssl=1",650,372,true],"2048x2048":["https:\/\/i0.wp.com\/joyana.fr\/wp-content\/uploads\/2013\/10\/Image-1-web-960x550.jpg?fit=650%2C372&ssl=1",650,372,true],"featured-thumb":["https:\/\/i0.wp.com\/joyana.fr\/wp-content\/uploads\/2013\/10\/Image-1-web-960x550.jpg?resize=650%2C372&ssl=1",650,372,true],"ab-block-post-grid-landscape":["https:\/\/i0.wp.com\/joyana.fr\/wp-content\/uploads\/2013\/10\/Image-1-web-960x550.jpg?resize=600%2C372&ssl=1",600,372,true],"ab-block-post-grid-square":["https:\/\/i0.wp.com\/joyana.fr\/wp-content\/uploads\/2013\/10\/Image-1-web-960x550.jpg?resize=600%2C372&ssl=1",600,372,true],"author-pro-image":["https:\/\/i0.wp.com\/joyana.fr\/wp-content\/uploads\/2013\/10\/Image-1-web-960x550.jpg?resize=360%2C372&ssl=1",360,372,true],"slider":["https:\/\/i0.wp.com\/joyana.fr\/wp-content\/uploads\/2013\/10\/Image-1-web-960x550.jpg?resize=650%2C372&ssl=1",650,372,true],"woocommerce_thumbnail":["https:\/\/i0.wp.com\/joyana.fr\/wp-content\/uploads\/2013\/10\/Image-1-web-960x550.jpg?resize=450%2C372&ssl=1",450,372,true],"woocommerce_single":["https:\/\/i0.wp.com\/joyana.fr\/wp-content\/uploads\/2013\/10\/Image-1-web-960x550.jpg?fit=650%2C372&ssl=1",650,372,true],"woocommerce_gallery_thumbnail":["https:\/\/i0.wp.com\/joyana.fr\/wp-content\/uploads\/2013\/10\/Image-1-web-960x550.jpg?resize=180%2C180&ssl=1",180,180,true],"sow-carousel-default":["https:\/\/i0.wp.com\/joyana.fr\/wp-content\/uploads\/2013\/10\/Image-1-web-960x550.jpg?resize=272%2C182&ssl=1",272,182,true]},"uagb_author_info":{"display_name":"Jo Yana","author_link":"https:\/\/joyana.fr\/ja\/author\/joyana\/"},"uagb_comment_info":1,"uagb_excerpt":"D\u00e9couvert chez l&#8217;\u00e9diteur HART\u00d4, le lampadaire ELI&hellip;","coauthors":[],"tax_additional":{"categories":{"linked":["<a href=\"https:\/\/joyana.fr\/ja\/category\/deco-design\/\" class=\"advgb-post-tax-term\">DECO-DESIGN<\/a>","<a href=\"https:\/\/joyana.fr\/ja\/category\/deco-design\/luminaire\/lampadaire\/\" class=\"advgb-post-tax-term\">Lampadaire<\/a>","<a href=\"https:\/\/joyana.fr\/ja\/category\/deco-design\/luminaire\/lampe\/\" class=\"advgb-post-tax-term\">Lampe<\/a>","<a href=\"https:\/\/joyana.fr\/ja\/category\/deco-design\/luminaire\/\" class=\"advgb-post-tax-term\">Luminaire<\/a>"],"unlinked":["<span class=\"advgb-post-tax-term\">DECO-DESIGN<\/span>","<span class=\"advgb-post-tax-term\">Lampadaire<\/span>","<span class=\"advgb-post-tax-term\">Lampe<\/span>","<span class=\"advgb-post-tax-term\">Luminaire<\/span>"]},"tags":{"linked":["<a href=\"https:\/\/joyana.fr\/ja\/category\/deco-design\/luminaire\/\" class=\"advgb-post-tax-term\">DESIGN<\/a>","<a href=\"https:\/\/joyana.fr\/ja\/category\/deco-design\/luminaire\/\" class=\"advgb-post-tax-term\">HART\u00d4<\/a>","<a href=\"https:\/\/joyana.fr\/ja\/category\/deco-design\/luminaire\/\" class=\"advgb-post-tax-term\">Julien PHEDYAEFF<\/a>","<a href=\"https:\/\/joyana.fr\/ja\/category\/deco-design\/luminaire\/\" class=\"advgb-post-tax-term\">Lampadaire design<\/a>","<a href=\"https:\/\/joyana.fr\/ja\/category\/deco-design\/luminaire\/\" class=\"advgb-post-tax-term\">Luminaire<\/a>"],"unlinked":["<span class=\"advgb-post-tax-term\">DESIGN<\/span>","<span class=\"advgb-post-tax-term\">HART\u00d4<\/span>","<span class=\"advgb-post-tax-term\">Julien PHEDYAEFF<\/span>","<span class=\"advgb-post-tax-term\">Lampadaire design<\/span>","<span class=\"advgb-post-tax-term\">Luminaire<\/span>"]}},"comment_count":1,"relative_dates":{"created":"Posted 13\u5e74 ago","modified":"Updated 13\u5e74 ago"},"absolute_dates":{"created":"Posted on 29 10\u6708 2013","modified":"Updated on 29 10\u6708 2013"},"absolute_dates_time":{"created":"Posted on 29 10\u6708 2013 16:55","modified":"Updated on 29 10\u6708 2013 16:55"},"featured_img_caption":"","series_order":"","jetpack_sharing_enabled":true,"jetpack_shortlink":"https:\/\/wp.me\/p9bteI-tPQ","jetpack-related-posts":[],"_links":{"self":[{"href":"https:\/\/joyana.fr\/ja\/wp-json\/wp\/v2\/posts\/114690","targetHints":{"allow":["GET"]}}],"collection":[{"href":"https:\/\/joyana.fr\/ja\/wp-json\/wp\/v2\/posts"}],"about":[{"href":"https:\/\/joyana.fr\/ja\/wp-json\/wp\/v2\/types\/post"}],"author":[{"embeddable":true,"href":"https:\/\/joyana.fr\/ja\/wp-json\/wp\/v2\/users\/3"}],"replies":[{"embeddable":true,"href":"https:\/\/joyana.fr\/ja\/wp-json\/wp\/v2\/comments?post=114690"}],"version-history":[{"count":0,"href":"https:\/\/joyana.fr\/ja\/wp-json\/wp\/v2\/posts\/114690\/revisions"}],"wp:featuredmedia":[{"embeddable":true,"href":"https:\/\/joyana.fr\/ja\/wp-json\/wp\/v2\/media\/114691"}],"wp:attachment":[{"href":"https:\/\/joyana.fr\/ja\/wp-json\/wp\/v2\/media?parent=114690"}],"wp:term":[{"taxonomy":"category","embeddable":true,"href":"https:\/\/joyana.fr\/ja\/wp-json\/wp\/v2\/categories?post=114690"},{"taxonomy":"post_tag","embeddable":true,"href":"https:\/\/joyana.fr\/ja\/wp-json\/wp\/v2\/tags?post=114690"}],"curies":[{"name":"wp","href":"https:\/\/api.w.org\/{rel}","templated":true}]}}