{"id":114816,"date":"2013-11-19T17:24:27","date_gmt":"2013-11-19T16:24:27","guid":{"rendered":"https:\/\/joyana.fr\/?p=14816"},"modified":"2013-11-19T17:24:27","modified_gmt":"2013-11-19T16:24:27","slug":"side-table-2-par-konstantin-grcic-x-b-d-barcelona","status":"publish","type":"post","link":"https:\/\/joyana.fr\/ja\/side-table-2-par-konstantin-grcic-x-b-d-barcelona\/114816\/","title":{"rendered":"SIDE TABLE 2 par Konstantin GRCIC x BD Barcelona"},"content":{"rendered":"<p>Le designer <strong>Konstantin Grcic<\/strong> signe pour <strong>BD Barcelona<\/strong> la <strong>table d&#8217;appoint SIDE TABLE 2<\/strong> &#8211; qui arborer un sublime aspect brut gr\u00e2ce \u00e0 sa finition b\u00e9ton&#8230;<\/p>\n<p><img data-recalc-dims=\"1\" fetchpriority=\"high\" decoding=\"async\" alt=\"Side Table B 1\" src=\"https:\/\/i0.wp.com\/joyana.fr\/wp-content\/uploads\/2013\/11\/Side-Table-B-1.jpg?resize=576%2C767&#038;ssl=1\" width=\"576\" height=\"767\" \/><\/p>\n<p>Elle est \u00e9l\u00e9gante, solide et utile, la <strong>SIDE TABLE 2<\/strong> est sign\u00e9e Konstantin <strong>Grcic<\/strong> &#8211; qui a con\u00e7u cette table d&#8217;appoint comme un compl\u00e9ment naturel au <a title=\"BENCH B B.D BARCELONA\" href=\"https:\/\/joyana.fr\/banc-design-bench-b-par-bd-barcelona-konstantin-grcic\/11653\/\" target=\"_blank\">BENCH B<\/a>, dans la collection Extrusions, mais au-del\u00e0 de cette fonction la <strong>SIDE TABLE B<\/strong> a une vie propre. Elle est r\u00e9alis\u00e9e en une seule pi\u00e8ce de b\u00e9ton architectural, et a la personnalit\u00e9 d&#8217;une petite sculpture&#8230;<\/p>\n<p>&nbsp;<\/p>\n<p><img data-recalc-dims=\"1\" decoding=\"async\" class=\"alignnone size-large wp-image-14825\" alt=\"SIDE-TABLE-BARCELONA-\" src=\"https:\/\/i0.wp.com\/joyana.fr\/wp-content\/uploads\/2013\/11\/SIDE-TABLE-BARCELONA-.jpg?resize=576%2C576&#038;ssl=1\" width=\"576\" height=\"576\" \/><\/p>\n<p><img data-recalc-dims=\"1\" decoding=\"async\" class=\"alignnone size-large wp-image-14826\" alt=\"Side-Table-B-5\" src=\"https:\/\/i0.wp.com\/joyana.fr\/wp-content\/uploads\/2013\/11\/Side-Table-B-5.jpg?resize=576%2C767&#038;ssl=1\" width=\"576\" height=\"767\" \/><\/p>\n<p><img data-recalc-dims=\"1\" loading=\"lazy\" decoding=\"async\" alt=\"SIDE-TABLE-BD-BARCELONA\" src=\"https:\/\/i0.wp.com\/joyana.fr\/wp-content\/uploads\/2013\/11\/SIDE-TABLE-BD-BARCELONA.jpg?resize=576%2C277&#038;ssl=1\" width=\"576\" height=\"277\" \/><\/p>\n<p style=\"text-align: center;\">En savoir + sur <a href=\"http:\/\/www.bdbarcelona.com\/\" target=\"_blank\"><strong>BD BARCELONA DESIGN<\/strong><\/a> &#038; <a href=\"http:\/\/konstantin-grcic.com\/\" target=\"_blank\"><strong>Konstantin GRCIC<\/strong><\/a><\/p>\n","protected":false},"excerpt":{"rendered":"<p>Le designer Konstantin Grcic signe pour BD Barcelona la table d&#8217;appoint SIDE TABLE 2 &#8211; qui arborer [&hellip;]<\/p>\n","protected":false},"author":3,"featured_media":114825,"comment_status":"open","ping_status":"open","sticky":false,"template":"","format":"standard","meta":{"_coblocks_attr":"","_coblocks_dimensions":"","_coblocks_responsive_height":"","_coblocks_accordion_ie_support":"","_uag_custom_page_level_css":"","advgb_blocks_editor_width":"","advgb_blocks_columns_visual_guide":"","_genesis_hide_title":false,"_genesis_hide_breadcrumbs":false,"_genesis_hide_singular_image":false,"_genesis_hide_footer_widgets":false,"_genesis_custom_body_class":"","_genesis_custom_post_class":"","_genesis_layout":"","_themeisle_gutenberg_block_has_review":false,"_jetpack_newsletter_access":"","_jetpack_dont_email_post_to_subs":false,"_jetpack_newsletter_tier_id":0,"_jetpack_memberships_contains_paywalled_content":false,"_jetpack_memberships_contains_paid_content":false,"footnotes":""},"categories":[969,905,1219,942,944,998],"tags":[1218,78,1220,1482,1429],"class_list":{"0":"post-114816","1":"post","2":"type-post","3":"status-publish","4":"format-standard","5":"has-post-thumbnail","7":"category-bd-barcelona","8":"category-deco-design","9":"category-konstantin-grcic","10":"category-mobilier","11":"category-table","12":"category-tabouret","13":"tag-bd-barcelona","14":"tag-design","15":"tag-konstantin-grcic","16":"tag-table","17":"tag-table-dappoint-design","18":"entry"},"featured_image_urls":{"full":["https:\/\/i0.wp.com\/joyana.fr\/wp-content\/uploads\/2013\/11\/SIDE-TABLE-BARCELONA-.jpg?fit=650%2C650&ssl=1",650,650,false],"thumbnail":["https:\/\/i0.wp.com\/joyana.fr\/wp-content\/uploads\/2013\/11\/SIDE-TABLE-BARCELONA-.jpg?resize=150%2C150&ssl=1",150,150,true],"medium":["https:\/\/i0.wp.com\/joyana.fr\/wp-content\/uploads\/2013\/11\/SIDE-TABLE-BARCELONA-.jpg?fit=389%2C389&ssl=1",389,389,true],"medium_large":["https:\/\/i0.wp.com\/joyana.fr\/wp-content\/uploads\/2013\/11\/SIDE-TABLE-BARCELONA-.jpg?fit=650%2C650&ssl=1",650,650,true],"large":["https:\/\/i0.wp.com\/joyana.fr\/wp-content\/uploads\/2013\/11\/SIDE-TABLE-BARCELONA-.jpg?fit=650%2C650&ssl=1",650,650,true],"1536x1536":["https:\/\/i0.wp.com\/joyana.fr\/wp-content\/uploads\/2013\/11\/SIDE-TABLE-BARCELONA-.jpg?fit=650%2C650&ssl=1",650,650,true],"2048x2048":["https:\/\/i0.wp.com\/joyana.fr\/wp-content\/uploads\/2013\/11\/SIDE-TABLE-BARCELONA-.jpg?fit=650%2C650&ssl=1",650,650,true],"featured-thumb":["https:\/\/i0.wp.com\/joyana.fr\/wp-content\/uploads\/2013\/11\/SIDE-TABLE-BARCELONA-.jpg?resize=650%2C650&ssl=1",650,650,true],"ab-block-post-grid-landscape":["https:\/\/i0.wp.com\/joyana.fr\/wp-content\/uploads\/2013\/11\/SIDE-TABLE-BARCELONA-.jpg?resize=600%2C400&ssl=1",600,400,true],"ab-block-post-grid-square":["https:\/\/i0.wp.com\/joyana.fr\/wp-content\/uploads\/2013\/11\/SIDE-TABLE-BARCELONA-.jpg?resize=600%2C600&ssl=1",600,600,true],"author-pro-image":["https:\/\/i0.wp.com\/joyana.fr\/wp-content\/uploads\/2013\/11\/SIDE-TABLE-BARCELONA-.jpg?resize=360%2C570&ssl=1",360,570,true],"slider":["https:\/\/i0.wp.com\/joyana.fr\/wp-content\/uploads\/2013\/11\/SIDE-TABLE-BARCELONA-.jpg?resize=650%2C400&ssl=1",650,400,true],"woocommerce_thumbnail":["https:\/\/i0.wp.com\/joyana.fr\/wp-content\/uploads\/2013\/11\/SIDE-TABLE-BARCELONA-.jpg?resize=450%2C450&ssl=1",450,450,true],"woocommerce_single":["https:\/\/i0.wp.com\/joyana.fr\/wp-content\/uploads\/2013\/11\/SIDE-TABLE-BARCELONA-.jpg?fit=650%2C650&ssl=1",650,650,true],"woocommerce_gallery_thumbnail":["https:\/\/i0.wp.com\/joyana.fr\/wp-content\/uploads\/2013\/11\/SIDE-TABLE-BARCELONA-.jpg?resize=180%2C180&ssl=1",180,180,true],"sow-carousel-default":["https:\/\/i0.wp.com\/joyana.fr\/wp-content\/uploads\/2013\/11\/SIDE-TABLE-BARCELONA-.jpg?resize=272%2C182&ssl=1",272,182,true]},"post_excerpt_stackable":"<p>Le designer Konstantin Grcic signe pour BD Barcelona la table d&#8217;appoint SIDE TABLE 2 &#8211; q&hellip;<\/p>\n","category_list":"<a href=\"https:\/\/joyana.fr\/ja\/category\/marques\/bd-barcelona\/\" rel=\"category tag\">BD Barcelona<\/a>, <a href=\"https:\/\/joyana.fr\/ja\/category\/deco-design\/\" rel=\"category tag\">DECO-DESIGN<\/a>, <a href=\"https:\/\/joyana.fr\/ja\/category\/deco-design\/designer\/konstantin-grcic\/\" rel=\"category tag\">Konstantin GRCIC<\/a>, <a href=\"https:\/\/joyana.fr\/ja\/category\/deco-design\/mobilier\/\" rel=\"category tag\">Mobilier<\/a>, <a href=\"https:\/\/joyana.fr\/ja\/category\/deco-design\/mobilier\/table\/\" rel=\"category tag\">Table<\/a>, <a href=\"https:\/\/joyana.fr\/ja\/category\/deco-design\/mobilier\/assise\/tabouret\/\" rel=\"category tag\">Tabouret<\/a>","author_info":{"display_name":"Jo Yana","author_link":"https:\/\/joyana.fr\/ja\/author\/joyana\/"},"comments_num":"0 comments","featured_image_urls_v2":{"full":["https:\/\/i0.wp.com\/joyana.fr\/wp-content\/uploads\/2013\/11\/SIDE-TABLE-BARCELONA-.jpg?fit=650%2C650&ssl=1",650,650,false],"thumbnail":["https:\/\/i0.wp.com\/joyana.fr\/wp-content\/uploads\/2013\/11\/SIDE-TABLE-BARCELONA-.jpg?resize=150%2C150&ssl=1",150,150,true],"medium":["https:\/\/i0.wp.com\/joyana.fr\/wp-content\/uploads\/2013\/11\/SIDE-TABLE-BARCELONA-.jpg?fit=389%2C389&ssl=1",389,389,true],"medium_large":["https:\/\/i0.wp.com\/joyana.fr\/wp-content\/uploads\/2013\/11\/SIDE-TABLE-BARCELONA-.jpg?fit=650%2C650&ssl=1",650,650,true],"large":["https:\/\/i0.wp.com\/joyana.fr\/wp-content\/uploads\/2013\/11\/SIDE-TABLE-BARCELONA-.jpg?fit=650%2C650&ssl=1",650,650,true],"1536x1536":["https:\/\/i0.wp.com\/joyana.fr\/wp-content\/uploads\/2013\/11\/SIDE-TABLE-BARCELONA-.jpg?fit=650%2C650&ssl=1",650,650,true],"2048x2048":["https:\/\/i0.wp.com\/joyana.fr\/wp-content\/uploads\/2013\/11\/SIDE-TABLE-BARCELONA-.jpg?fit=650%2C650&ssl=1",650,650,true],"featured-thumb":["https:\/\/i0.wp.com\/joyana.fr\/wp-content\/uploads\/2013\/11\/SIDE-TABLE-BARCELONA-.jpg?resize=650%2C650&ssl=1",650,650,true],"ab-block-post-grid-landscape":["https:\/\/i0.wp.com\/joyana.fr\/wp-content\/uploads\/2013\/11\/SIDE-TABLE-BARCELONA-.jpg?resize=600%2C400&ssl=1",600,400,true],"ab-block-post-grid-square":["https:\/\/i0.wp.com\/joyana.fr\/wp-content\/uploads\/2013\/11\/SIDE-TABLE-BARCELONA-.jpg?resize=600%2C600&ssl=1",600,600,true],"author-pro-image":["https:\/\/i0.wp.com\/joyana.fr\/wp-content\/uploads\/2013\/11\/SIDE-TABLE-BARCELONA-.jpg?resize=360%2C570&ssl=1",360,570,true],"slider":["https:\/\/i0.wp.com\/joyana.fr\/wp-content\/uploads\/2013\/11\/SIDE-TABLE-BARCELONA-.jpg?resize=650%2C400&ssl=1",650,400,true],"woocommerce_thumbnail":["https:\/\/i0.wp.com\/joyana.fr\/wp-content\/uploads\/2013\/11\/SIDE-TABLE-BARCELONA-.jpg?resize=450%2C450&ssl=1",450,450,true],"woocommerce_single":["https:\/\/i0.wp.com\/joyana.fr\/wp-content\/uploads\/2013\/11\/SIDE-TABLE-BARCELONA-.jpg?fit=650%2C650&ssl=1",650,650,true],"woocommerce_gallery_thumbnail":["https:\/\/i0.wp.com\/joyana.fr\/wp-content\/uploads\/2013\/11\/SIDE-TABLE-BARCELONA-.jpg?resize=180%2C180&ssl=1",180,180,true],"sow-carousel-default":["https:\/\/i0.wp.com\/joyana.fr\/wp-content\/uploads\/2013\/11\/SIDE-TABLE-BARCELONA-.jpg?resize=272%2C182&ssl=1",272,182,true]},"post_excerpt_stackable_v2":"<p>Le designer Konstantin Grcic signe pour BD Barcelona la table d&#8217;appoint SIDE TABLE 2 &#8211; q&hellip;<\/p>\n","category_list_v2":"<a href=\"https:\/\/joyana.fr\/ja\/category\/marques\/bd-barcelona\/\" rel=\"category tag\">BD Barcelona<\/a>, <a href=\"https:\/\/joyana.fr\/ja\/category\/deco-design\/\" rel=\"category tag\">DECO-DESIGN<\/a>, <a href=\"https:\/\/joyana.fr\/ja\/category\/deco-design\/designer\/konstantin-grcic\/\" rel=\"category tag\">Konstantin GRCIC<\/a>, <a href=\"https:\/\/joyana.fr\/ja\/category\/deco-design\/mobilier\/\" rel=\"category tag\">Mobilier<\/a>, <a href=\"https:\/\/joyana.fr\/ja\/category\/deco-design\/mobilier\/table\/\" rel=\"category tag\">Table<\/a>, <a href=\"https:\/\/joyana.fr\/ja\/category\/deco-design\/mobilier\/assise\/tabouret\/\" rel=\"category tag\">Tabouret<\/a>","author_info_v2":{"name":"Jo Yana","url":"https:\/\/joyana.fr\/ja\/author\/joyana\/"},"comments_num_v2":"0 comments","yoast_head":"<!-- This site is optimized with the Yoast SEO plugin v26.8 - https:\/\/yoast.com\/product\/yoast-seo-wordpress\/ -->\n<title>SIDE TABLE 2 par Konstantin GRCIC x BD Barcelona - JO YANA<\/title>\n<meta name=\"robots\" content=\"index, follow, max-snippet:-1, max-image-preview:large, max-video-preview:-1\" \/>\n<link rel=\"canonical\" href=\"https:\/\/www.joyana.fr\/ja\/side-table-2-par-konstantin-grcic-x-b-d-barcelona\/114816\/\" \/>\n<meta property=\"og:locale\" content=\"ja_JP\" \/>\n<meta property=\"og:locale:alternate\" content=\"fr_FR\" \/>\n<meta property=\"og:locale:alternate\" content=\"en_US\" \/>\n<meta property=\"og:type\" content=\"article\" \/>\n<meta property=\"og:title\" content=\"SIDE TABLE 2 par Konstantin GRCIC x BD Barcelona - JO YANA\" \/>\n<meta property=\"og:description\" content=\"Le designer Konstantin Grcic signe pour BD Barcelona la table d&#8217;appoint SIDE TABLE 2 &#8211; qui arborer [&hellip;]\" \/>\n<meta property=\"og:url\" content=\"https:\/\/joyana.fr\/ja\/side-table-2-par-konstantin-grcic-x-b-d-barcelona\/114816\/\" \/>\n<meta property=\"og:site_name\" content=\"JO YANA\" \/>\n<meta property=\"article:published_time\" content=\"2013-11-19T16:24:27+00:00\" \/>\n<meta property=\"og:image\" content=\"https:\/\/www.joyana.fr\/wp-content\/uploads\/2013\/11\/SIDE-TABLE-BARCELONA-.jpg\" \/>\n\t<meta property=\"og:image:width\" content=\"650\" \/>\n\t<meta property=\"og:image:height\" content=\"650\" \/>\n\t<meta property=\"og:image:type\" content=\"image\/jpeg\" \/>\n<meta name=\"author\" content=\"Jo Yana\" \/>\n<meta name=\"twitter:card\" content=\"summary_large_image\" \/>\n<meta name=\"twitter:creator\" content=\"@Jo_Yana\" \/>\n<meta name=\"twitter:site\" content=\"@Jo_Yana\" \/>\n<meta name=\"twitter:label1\" content=\"\u57f7\u7b46\u8005\" \/>\n\t<meta name=\"twitter:data1\" content=\"Jo Yana\" \/>\n\t<meta name=\"twitter:label2\" content=\"\u63a8\u5b9a\u8aad\u307f\u53d6\u308a\u6642\u9593\" \/>\n\t<meta name=\"twitter:data2\" content=\"1\u5206\" \/>\n<script type=\"application\/ld+json\" class=\"yoast-schema-graph\">{\"@context\":\"https:\/\/schema.org\",\"@graph\":[{\"@type\":\"Article\",\"@id\":\"https:\/\/www.joyana.fr\/ja\/side-table-2-par-konstantin-grcic-x-b-d-barcelona\/114816\/#article\",\"isPartOf\":{\"@id\":\"https:\/\/www.joyana.fr\/ja\/side-table-2-par-konstantin-grcic-x-b-d-barcelona\/114816\/\"},\"author\":{\"name\":\"Jo Yana\",\"@id\":\"https:\/\/www.joyana.fr\/ja\/#\/schema\/person\/cf2a1ad12a27c12c21801075bf37407c\"},\"headline\":\"SIDE TABLE 2 par Konstantin GRCIC x BD Barcelona\",\"datePublished\":\"2013-11-19T16:24:27+00:00\",\"mainEntityOfPage\":{\"@id\":\"https:\/\/www.joyana.fr\/ja\/side-table-2-par-konstantin-grcic-x-b-d-barcelona\/114816\/\"},\"wordCount\":115,\"commentCount\":0,\"publisher\":{\"@id\":\"https:\/\/www.joyana.fr\/ja\/#\/schema\/person\/cf2a1ad12a27c12c21801075bf37407c\"},\"image\":{\"@id\":\"https:\/\/www.joyana.fr\/ja\/side-table-2-par-konstantin-grcic-x-b-d-barcelona\/114816\/#primaryimage\"},\"thumbnailUrl\":\"https:\/\/i0.wp.com\/joyana.fr\/wp-content\/uploads\/2013\/11\/SIDE-TABLE-BARCELONA-.jpg?fit=650%2C650&ssl=1\",\"keywords\":[\"BD Barcelona\",\"DESIGN\",\"Konstantin GRCIC\",\"Table\",\"Table d'Appoint design\"],\"articleSection\":[\"BD Barcelona\",\"DECO-DESIGN\",\"Konstantin GRCIC\",\"Mobilier\",\"Table\",\"Tabouret\"],\"inLanguage\":\"ja\",\"potentialAction\":[{\"@type\":\"CommentAction\",\"name\":\"Comment\",\"target\":[\"https:\/\/www.joyana.fr\/ja\/side-table-2-par-konstantin-grcic-x-b-d-barcelona\/114816\/#respond\"]}]},{\"@type\":\"WebPage\",\"@id\":\"https:\/\/www.joyana.fr\/ja\/side-table-2-par-konstantin-grcic-x-b-d-barcelona\/114816\/\",\"url\":\"https:\/\/www.joyana.fr\/ja\/side-table-2-par-konstantin-grcic-x-b-d-barcelona\/114816\/\",\"name\":\"SIDE TABLE 2 par Konstantin GRCIC x BD Barcelona - JO YANA\",\"isPartOf\":{\"@id\":\"https:\/\/www.joyana.fr\/ja\/#website\"},\"primaryImageOfPage\":{\"@id\":\"https:\/\/www.joyana.fr\/ja\/side-table-2-par-konstantin-grcic-x-b-d-barcelona\/114816\/#primaryimage\"},\"image\":{\"@id\":\"https:\/\/www.joyana.fr\/ja\/side-table-2-par-konstantin-grcic-x-b-d-barcelona\/114816\/#primaryimage\"},\"thumbnailUrl\":\"https:\/\/i0.wp.com\/joyana.fr\/wp-content\/uploads\/2013\/11\/SIDE-TABLE-BARCELONA-.jpg?fit=650%2C650&ssl=1\",\"datePublished\":\"2013-11-19T16:24:27+00:00\",\"breadcrumb\":{\"@id\":\"https:\/\/www.joyana.fr\/ja\/side-table-2-par-konstantin-grcic-x-b-d-barcelona\/114816\/#breadcrumb\"},\"inLanguage\":\"ja\",\"potentialAction\":[{\"@type\":\"ReadAction\",\"target\":[\"https:\/\/www.joyana.fr\/ja\/side-table-2-par-konstantin-grcic-x-b-d-barcelona\/114816\/\"]}]},{\"@type\":\"ImageObject\",\"inLanguage\":\"ja\",\"@id\":\"https:\/\/www.joyana.fr\/ja\/side-table-2-par-konstantin-grcic-x-b-d-barcelona\/114816\/#primaryimage\",\"url\":\"https:\/\/i0.wp.com\/joyana.fr\/wp-content\/uploads\/2013\/11\/SIDE-TABLE-BARCELONA-.jpg?fit=650%2C650&ssl=1\",\"contentUrl\":\"https:\/\/i0.wp.com\/joyana.fr\/wp-content\/uploads\/2013\/11\/SIDE-TABLE-BARCELONA-.jpg?fit=650%2C650&ssl=1\",\"width\":650,\"height\":650},{\"@type\":\"BreadcrumbList\",\"@id\":\"https:\/\/www.joyana.fr\/ja\/side-table-2-par-konstantin-grcic-x-b-d-barcelona\/114816\/#breadcrumb\",\"itemListElement\":[{\"@type\":\"ListItem\",\"position\":1,\"name\":\"Accueil\",\"item\":\"https:\/\/www.joyana.fr\/ja\/\"},{\"@type\":\"ListItem\",\"position\":2,\"name\":\"SIDE TABLE 2 par Konstantin GRCIC x BD Barcelona\"}]},{\"@type\":\"WebSite\",\"@id\":\"https:\/\/www.joyana.fr\/ja\/#website\",\"url\":\"https:\/\/www.joyana.fr\/ja\/\",\"name\":\"JO YANA\",\"description\":\"Blog Mode Homme, Lifestyle, D\u00e9co-Design\",\"publisher\":{\"@id\":\"https:\/\/www.joyana.fr\/ja\/#\/schema\/person\/cf2a1ad12a27c12c21801075bf37407c\"},\"potentialAction\":[{\"@type\":\"SearchAction\",\"target\":{\"@type\":\"EntryPoint\",\"urlTemplate\":\"https:\/\/www.joyana.fr\/ja\/?s={search_term_string}\"},\"query-input\":{\"@type\":\"PropertyValueSpecification\",\"valueRequired\":true,\"valueName\":\"search_term_string\"}}],\"inLanguage\":\"ja\"},{\"@type\":[\"Person\",\"Organization\"],\"@id\":\"https:\/\/www.joyana.fr\/ja\/#\/schema\/person\/cf2a1ad12a27c12c21801075bf37407c\",\"name\":\"Jo Yana\",\"image\":{\"@type\":\"ImageObject\",\"inLanguage\":\"ja\",\"@id\":\"https:\/\/www.joyana.fr\/ja\/#\/schema\/person\/image\/\",\"url\":\"https:\/\/i0.wp.com\/joyana.fr\/wp-content\/uploads\/2016\/08\/cropped-joyana-logo-black-360x180.png?fit=343%2C164&ssl=1\",\"contentUrl\":\"https:\/\/i0.wp.com\/joyana.fr\/wp-content\/uploads\/2016\/08\/cropped-joyana-logo-black-360x180.png?fit=343%2C164&ssl=1\",\"width\":343,\"height\":164,\"caption\":\"Jo Yana\"},\"logo\":{\"@id\":\"https:\/\/www.joyana.fr\/ja\/#\/schema\/person\/image\/\"},\"description\":\"Jo Yana est le cr\u00e9ateur et r\u00e9dacteur en chef des sites DECO-DESIGN. Passionn\u00e9 de Design, Mode, Photo, Luxe, Lifestyle, Musique, mais avant tout Blogueur ! Le plaisir de partager l'anime et a comme devise \\\"POUR L'AMOUR DU BEAU\\\". Retrouvez le aussi sur son blog personnel - https:\/\/joyana.fr...\",\"sameAs\":[\"https:\/\/joyana.fr\/\"],\"url\":\"https:\/\/joyana.fr\/ja\/author\/joyana\/\"}]}<\/script>\n<!-- \/ Yoast SEO plugin. -->","yoast_head_json":{"title":"SIDE TABLE 2 par Konstantin GRCIC x BD Barcelona - JO YANA","robots":{"index":"index","follow":"follow","max-snippet":"max-snippet:-1","max-image-preview":"max-image-preview:large","max-video-preview":"max-video-preview:-1"},"canonical":"https:\/\/www.joyana.fr\/ja\/side-table-2-par-konstantin-grcic-x-b-d-barcelona\/114816\/","og_locale":"ja_JP","og_type":"article","og_title":"SIDE TABLE 2 par Konstantin GRCIC x BD Barcelona - JO YANA","og_description":"Le designer Konstantin Grcic signe pour BD Barcelona la table d&#8217;appoint SIDE TABLE 2 &#8211; qui arborer [&hellip;]","og_url":"https:\/\/joyana.fr\/ja\/side-table-2-par-konstantin-grcic-x-b-d-barcelona\/114816\/","og_site_name":"JO YANA","article_published_time":"2013-11-19T16:24:27+00:00","og_image":[{"width":650,"height":650,"url":"https:\/\/www.joyana.fr\/wp-content\/uploads\/2013\/11\/SIDE-TABLE-BARCELONA-.jpg","type":"image\/jpeg"}],"author":"Jo Yana","twitter_card":"summary_large_image","twitter_creator":"@Jo_Yana","twitter_site":"@Jo_Yana","twitter_misc":{"\u57f7\u7b46\u8005":"Jo Yana","\u63a8\u5b9a\u8aad\u307f\u53d6\u308a\u6642\u9593":"1\u5206"},"schema":{"@context":"https:\/\/schema.org","@graph":[{"@type":"Article","@id":"https:\/\/www.joyana.fr\/ja\/side-table-2-par-konstantin-grcic-x-b-d-barcelona\/114816\/#article","isPartOf":{"@id":"https:\/\/www.joyana.fr\/ja\/side-table-2-par-konstantin-grcic-x-b-d-barcelona\/114816\/"},"author":{"name":"Jo Yana","@id":"https:\/\/www.joyana.fr\/ja\/#\/schema\/person\/cf2a1ad12a27c12c21801075bf37407c"},"headline":"SIDE TABLE 2 par Konstantin GRCIC x BD Barcelona","datePublished":"2013-11-19T16:24:27+00:00","mainEntityOfPage":{"@id":"https:\/\/www.joyana.fr\/ja\/side-table-2-par-konstantin-grcic-x-b-d-barcelona\/114816\/"},"wordCount":115,"commentCount":0,"publisher":{"@id":"https:\/\/www.joyana.fr\/ja\/#\/schema\/person\/cf2a1ad12a27c12c21801075bf37407c"},"image":{"@id":"https:\/\/www.joyana.fr\/ja\/side-table-2-par-konstantin-grcic-x-b-d-barcelona\/114816\/#primaryimage"},"thumbnailUrl":"https:\/\/i0.wp.com\/joyana.fr\/wp-content\/uploads\/2013\/11\/SIDE-TABLE-BARCELONA-.jpg?fit=650%2C650&ssl=1","keywords":["BD Barcelona","DESIGN","Konstantin GRCIC","Table","Table d'Appoint design"],"articleSection":["BD Barcelona","DECO-DESIGN","Konstantin GRCIC","Mobilier","Table","Tabouret"],"inLanguage":"ja","potentialAction":[{"@type":"CommentAction","name":"Comment","target":["https:\/\/www.joyana.fr\/ja\/side-table-2-par-konstantin-grcic-x-b-d-barcelona\/114816\/#respond"]}]},{"@type":"WebPage","@id":"https:\/\/www.joyana.fr\/ja\/side-table-2-par-konstantin-grcic-x-b-d-barcelona\/114816\/","url":"https:\/\/www.joyana.fr\/ja\/side-table-2-par-konstantin-grcic-x-b-d-barcelona\/114816\/","name":"SIDE TABLE 2 par Konstantin GRCIC x BD Barcelona - JO YANA","isPartOf":{"@id":"https:\/\/www.joyana.fr\/ja\/#website"},"primaryImageOfPage":{"@id":"https:\/\/www.joyana.fr\/ja\/side-table-2-par-konstantin-grcic-x-b-d-barcelona\/114816\/#primaryimage"},"image":{"@id":"https:\/\/www.joyana.fr\/ja\/side-table-2-par-konstantin-grcic-x-b-d-barcelona\/114816\/#primaryimage"},"thumbnailUrl":"https:\/\/i0.wp.com\/joyana.fr\/wp-content\/uploads\/2013\/11\/SIDE-TABLE-BARCELONA-.jpg?fit=650%2C650&ssl=1","datePublished":"2013-11-19T16:24:27+00:00","breadcrumb":{"@id":"https:\/\/www.joyana.fr\/ja\/side-table-2-par-konstantin-grcic-x-b-d-barcelona\/114816\/#breadcrumb"},"inLanguage":"ja","potentialAction":[{"@type":"ReadAction","target":["https:\/\/www.joyana.fr\/ja\/side-table-2-par-konstantin-grcic-x-b-d-barcelona\/114816\/"]}]},{"@type":"ImageObject","inLanguage":"ja","@id":"https:\/\/www.joyana.fr\/ja\/side-table-2-par-konstantin-grcic-x-b-d-barcelona\/114816\/#primaryimage","url":"https:\/\/i0.wp.com\/joyana.fr\/wp-content\/uploads\/2013\/11\/SIDE-TABLE-BARCELONA-.jpg?fit=650%2C650&ssl=1","contentUrl":"https:\/\/i0.wp.com\/joyana.fr\/wp-content\/uploads\/2013\/11\/SIDE-TABLE-BARCELONA-.jpg?fit=650%2C650&ssl=1","width":650,"height":650},{"@type":"BreadcrumbList","@id":"https:\/\/www.joyana.fr\/ja\/side-table-2-par-konstantin-grcic-x-b-d-barcelona\/114816\/#breadcrumb","itemListElement":[{"@type":"ListItem","position":1,"name":"Accueil","item":"https:\/\/www.joyana.fr\/ja\/"},{"@type":"ListItem","position":2,"name":"SIDE TABLE 2 par Konstantin GRCIC x BD Barcelona"}]},{"@type":"WebSite","@id":"https:\/\/www.joyana.fr\/ja\/#website","url":"https:\/\/www.joyana.fr\/ja\/","name":"JO YANA","description":"Blog Mode Homme, Lifestyle, D\u00e9co-Design","publisher":{"@id":"https:\/\/www.joyana.fr\/ja\/#\/schema\/person\/cf2a1ad12a27c12c21801075bf37407c"},"potentialAction":[{"@type":"SearchAction","target":{"@type":"EntryPoint","urlTemplate":"https:\/\/www.joyana.fr\/ja\/?s={search_term_string}"},"query-input":{"@type":"PropertyValueSpecification","valueRequired":true,"valueName":"search_term_string"}}],"inLanguage":"ja"},{"@type":["Person","Organization"],"@id":"https:\/\/www.joyana.fr\/ja\/#\/schema\/person\/cf2a1ad12a27c12c21801075bf37407c","name":"Jo Yana","image":{"@type":"ImageObject","inLanguage":"ja","@id":"https:\/\/www.joyana.fr\/ja\/#\/schema\/person\/image\/","url":"https:\/\/i0.wp.com\/joyana.fr\/wp-content\/uploads\/2016\/08\/cropped-joyana-logo-black-360x180.png?fit=343%2C164&ssl=1","contentUrl":"https:\/\/i0.wp.com\/joyana.fr\/wp-content\/uploads\/2016\/08\/cropped-joyana-logo-black-360x180.png?fit=343%2C164&ssl=1","width":343,"height":164,"caption":"Jo Yana"},"logo":{"@id":"https:\/\/www.joyana.fr\/ja\/#\/schema\/person\/image\/"},"description":"Jo Yana est le cr\u00e9ateur et r\u00e9dacteur en chef des sites DECO-DESIGN. Passionn\u00e9 de Design, Mode, Photo, Luxe, Lifestyle, Musique, mais avant tout Blogueur ! Le plaisir de partager l'anime et a comme devise \"POUR L'AMOUR DU BEAU\". Retrouvez le aussi sur son blog personnel - https:\/\/joyana.fr...","sameAs":["https:\/\/joyana.fr\/"],"url":"https:\/\/joyana.fr\/ja\/author\/joyana\/"}]}},"author_meta":{"display_name":"Jo Yana","author_link":"https:\/\/joyana.fr\/ja\/author\/joyana\/"},"featured_img":"https:\/\/i0.wp.com\/joyana.fr\/wp-content\/uploads\/2013\/11\/SIDE-TABLE-BARCELONA-.jpg?fit=389%2C389&ssl=1","featured_image_src":"https:\/\/i0.wp.com\/joyana.fr\/wp-content\/uploads\/2013\/11\/SIDE-TABLE-BARCELONA-.jpg?resize=600%2C400&ssl=1","featured_image_src_square":"https:\/\/i0.wp.com\/joyana.fr\/wp-content\/uploads\/2013\/11\/SIDE-TABLE-BARCELONA-.jpg?resize=600%2C600&ssl=1","jetpack_featured_media_url":"https:\/\/i0.wp.com\/joyana.fr\/wp-content\/uploads\/2013\/11\/SIDE-TABLE-BARCELONA-.jpg?fit=650%2C650&ssl=1","uagb_featured_image_src":{"full":["https:\/\/i0.wp.com\/joyana.fr\/wp-content\/uploads\/2013\/11\/SIDE-TABLE-BARCELONA-.jpg?fit=650%2C650&ssl=1",650,650,false],"thumbnail":["https:\/\/i0.wp.com\/joyana.fr\/wp-content\/uploads\/2013\/11\/SIDE-TABLE-BARCELONA-.jpg?resize=150%2C150&ssl=1",150,150,true],"medium":["https:\/\/i0.wp.com\/joyana.fr\/wp-content\/uploads\/2013\/11\/SIDE-TABLE-BARCELONA-.jpg?fit=389%2C389&ssl=1",389,389,true],"medium_large":["https:\/\/i0.wp.com\/joyana.fr\/wp-content\/uploads\/2013\/11\/SIDE-TABLE-BARCELONA-.jpg?fit=650%2C650&ssl=1",650,650,true],"large":["https:\/\/i0.wp.com\/joyana.fr\/wp-content\/uploads\/2013\/11\/SIDE-TABLE-BARCELONA-.jpg?fit=650%2C650&ssl=1",650,650,true],"1536x1536":["https:\/\/i0.wp.com\/joyana.fr\/wp-content\/uploads\/2013\/11\/SIDE-TABLE-BARCELONA-.jpg?fit=650%2C650&ssl=1",650,650,true],"2048x2048":["https:\/\/i0.wp.com\/joyana.fr\/wp-content\/uploads\/2013\/11\/SIDE-TABLE-BARCELONA-.jpg?fit=650%2C650&ssl=1",650,650,true],"featured-thumb":["https:\/\/i0.wp.com\/joyana.fr\/wp-content\/uploads\/2013\/11\/SIDE-TABLE-BARCELONA-.jpg?resize=650%2C650&ssl=1",650,650,true],"ab-block-post-grid-landscape":["https:\/\/i0.wp.com\/joyana.fr\/wp-content\/uploads\/2013\/11\/SIDE-TABLE-BARCELONA-.jpg?resize=600%2C400&ssl=1",600,400,true],"ab-block-post-grid-square":["https:\/\/i0.wp.com\/joyana.fr\/wp-content\/uploads\/2013\/11\/SIDE-TABLE-BARCELONA-.jpg?resize=600%2C600&ssl=1",600,600,true],"author-pro-image":["https:\/\/i0.wp.com\/joyana.fr\/wp-content\/uploads\/2013\/11\/SIDE-TABLE-BARCELONA-.jpg?resize=360%2C570&ssl=1",360,570,true],"slider":["https:\/\/i0.wp.com\/joyana.fr\/wp-content\/uploads\/2013\/11\/SIDE-TABLE-BARCELONA-.jpg?resize=650%2C400&ssl=1",650,400,true],"woocommerce_thumbnail":["https:\/\/i0.wp.com\/joyana.fr\/wp-content\/uploads\/2013\/11\/SIDE-TABLE-BARCELONA-.jpg?resize=450%2C450&ssl=1",450,450,true],"woocommerce_single":["https:\/\/i0.wp.com\/joyana.fr\/wp-content\/uploads\/2013\/11\/SIDE-TABLE-BARCELONA-.jpg?fit=650%2C650&ssl=1",650,650,true],"woocommerce_gallery_thumbnail":["https:\/\/i0.wp.com\/joyana.fr\/wp-content\/uploads\/2013\/11\/SIDE-TABLE-BARCELONA-.jpg?resize=180%2C180&ssl=1",180,180,true],"sow-carousel-default":["https:\/\/i0.wp.com\/joyana.fr\/wp-content\/uploads\/2013\/11\/SIDE-TABLE-BARCELONA-.jpg?resize=272%2C182&ssl=1",272,182,true]},"uagb_author_info":{"display_name":"Jo Yana","author_link":"https:\/\/joyana.fr\/ja\/author\/joyana\/"},"uagb_comment_info":0,"uagb_excerpt":"Le designer Konstantin Grcic signe pour BD Barcelona la&hellip;","coauthors":[],"tax_additional":{"categories":{"linked":["<a href=\"https:\/\/joyana.fr\/ja\/category\/marques\/bd-barcelona\/\" class=\"advgb-post-tax-term\">BD Barcelona<\/a>","<a href=\"https:\/\/joyana.fr\/ja\/category\/deco-design\/\" class=\"advgb-post-tax-term\">DECO-DESIGN<\/a>","<a href=\"https:\/\/joyana.fr\/ja\/category\/deco-design\/designer\/konstantin-grcic\/\" class=\"advgb-post-tax-term\">Konstantin GRCIC<\/a>","<a href=\"https:\/\/joyana.fr\/ja\/category\/deco-design\/mobilier\/\" class=\"advgb-post-tax-term\">Mobilier<\/a>","<a href=\"https:\/\/joyana.fr\/ja\/category\/deco-design\/mobilier\/table\/\" class=\"advgb-post-tax-term\">Table<\/a>","<a href=\"https:\/\/joyana.fr\/ja\/category\/deco-design\/mobilier\/assise\/tabouret\/\" class=\"advgb-post-tax-term\">Tabouret<\/a>"],"unlinked":["<span class=\"advgb-post-tax-term\">BD Barcelona<\/span>","<span class=\"advgb-post-tax-term\">DECO-DESIGN<\/span>","<span class=\"advgb-post-tax-term\">Konstantin GRCIC<\/span>","<span class=\"advgb-post-tax-term\">Mobilier<\/span>","<span class=\"advgb-post-tax-term\">Table<\/span>","<span class=\"advgb-post-tax-term\">Tabouret<\/span>"]},"tags":{"linked":["<a href=\"https:\/\/joyana.fr\/ja\/category\/deco-design\/mobilier\/assise\/tabouret\/\" class=\"advgb-post-tax-term\">BD Barcelona<\/a>","<a href=\"https:\/\/joyana.fr\/ja\/category\/deco-design\/mobilier\/assise\/tabouret\/\" class=\"advgb-post-tax-term\">DESIGN<\/a>","<a href=\"https:\/\/joyana.fr\/ja\/category\/deco-design\/mobilier\/assise\/tabouret\/\" class=\"advgb-post-tax-term\">Konstantin GRCIC<\/a>","<a href=\"https:\/\/joyana.fr\/ja\/category\/deco-design\/mobilier\/assise\/tabouret\/\" class=\"advgb-post-tax-term\">Table<\/a>","<a href=\"https:\/\/joyana.fr\/ja\/category\/deco-design\/mobilier\/assise\/tabouret\/\" class=\"advgb-post-tax-term\">Table d&#039;Appoint design<\/a>"],"unlinked":["<span class=\"advgb-post-tax-term\">BD Barcelona<\/span>","<span class=\"advgb-post-tax-term\">DESIGN<\/span>","<span class=\"advgb-post-tax-term\">Konstantin GRCIC<\/span>","<span class=\"advgb-post-tax-term\">Table<\/span>","<span class=\"advgb-post-tax-term\">Table d&#039;Appoint design<\/span>"]}},"comment_count":0,"relative_dates":{"created":"Posted 12\u5e74 ago","modified":"Updated 12\u5e74 ago"},"absolute_dates":{"created":"Posted on 19 11\u6708 2013","modified":"Updated on 19 11\u6708 2013"},"absolute_dates_time":{"created":"Posted on 19 11\u6708 2013 17:24","modified":"Updated on 19 11\u6708 2013 17:24"},"featured_img_caption":"","series_order":"","jetpack_sharing_enabled":true,"jetpack_shortlink":"https:\/\/wp.me\/p9bteI-tRS","jetpack-related-posts":[],"_links":{"self":[{"href":"https:\/\/joyana.fr\/ja\/wp-json\/wp\/v2\/posts\/114816","targetHints":{"allow":["GET"]}}],"collection":[{"href":"https:\/\/joyana.fr\/ja\/wp-json\/wp\/v2\/posts"}],"about":[{"href":"https:\/\/joyana.fr\/ja\/wp-json\/wp\/v2\/types\/post"}],"author":[{"embeddable":true,"href":"https:\/\/joyana.fr\/ja\/wp-json\/wp\/v2\/users\/3"}],"replies":[{"embeddable":true,"href":"https:\/\/joyana.fr\/ja\/wp-json\/wp\/v2\/comments?post=114816"}],"version-history":[{"count":0,"href":"https:\/\/joyana.fr\/ja\/wp-json\/wp\/v2\/posts\/114816\/revisions"}],"wp:featuredmedia":[{"embeddable":true,"href":"https:\/\/joyana.fr\/ja\/wp-json\/wp\/v2\/media\/114825"}],"wp:attachment":[{"href":"https:\/\/joyana.fr\/ja\/wp-json\/wp\/v2\/media?parent=114816"}],"wp:term":[{"taxonomy":"category","embeddable":true,"href":"https:\/\/joyana.fr\/ja\/wp-json\/wp\/v2\/categories?post=114816"},{"taxonomy":"post_tag","embeddable":true,"href":"https:\/\/joyana.fr\/ja\/wp-json\/wp\/v2\/tags?post=114816"}],"curies":[{"name":"wp","href":"https:\/\/api.w.org\/{rel}","templated":true}]}}