{"id":115242,"date":"2014-01-24T16:00:50","date_gmt":"2014-01-24T15:00:50","guid":{"rendered":"https:\/\/joyana.fr\/?p=15242"},"modified":"2014-01-24T16:00:50","modified_gmt":"2014-01-24T15:00:50","slug":"mo14-photophores-et-lampe-forestier-x-christian-ghion","status":"publish","type":"post","link":"https:\/\/joyana.fr\/ja\/mo14-photophores-et-lampe-forestier-x-christian-ghion\/115242\/","title":{"rendered":"#MO14 &#8211; Photophores et Lampe FORESTIER x Christian GHION"},"content":{"rendered":"<p>Sur leur stand \u00e0 <strong>Maison &#038; Objet 2014<\/strong>,\u00a0<strong>Forestier<\/strong> pr\u00e9sente sa collaboration &#8211; une collection de <strong>lampe et bougeoirs<\/strong> &#8211; avec le designer Christian Ghion &#8230;<\/p>\n<p><img data-recalc-dims=\"1\" fetchpriority=\"high\" decoding=\"async\" alt=\"forestier-DSC_6986\" src=\"https:\/\/i0.wp.com\/joyana.fr\/wp-content\/uploads\/2014\/01\/forestier-DSC_6986.jpg?resize=576%2C456&#038;ssl=1\" width=\"576\" height=\"456\" \/><\/p>\n<p>Cette collection <strong>Forestier<\/strong> x <strong>Christian Ghion<\/strong> c&#8217;est une lampe \u00e0 poser GELLULE blanche, en m\u00e9tal et verre, hauteur 60 cm. Et une collection de trois photophores d\u2019ornement en verre avec socles en inox, marbre ou verre de 20 \u00e0 40 cm de hauteur&#8230;<\/p>\n<p><img data-recalc-dims=\"1\" decoding=\"async\" class=\"alignnone size-large wp-image-15243\" alt=\"CHRISTIAN-GHION-FORESTIER-Photophore-Gellule\" src=\"https:\/\/i0.wp.com\/joyana.fr\/wp-content\/uploads\/2014\/01\/CHRISTIAN-GHION-FORESTIER-Photophore-Gellule.jpg?resize=576%2C815&#038;ssl=1\" width=\"576\" height=\"815\" \/><\/p>\n<p><img data-recalc-dims=\"1\" decoding=\"async\" class=\"alignnone size-large wp-image-15244\" alt=\"CHRISTIAN-GHION-FORESTIER-Photophore-Hulk\" src=\"https:\/\/i0.wp.com\/joyana.fr\/wp-content\/uploads\/2014\/01\/CHRISTIAN-GHION-FORESTIER-Photophore-Hulk.jpg?resize=576%2C815&#038;ssl=1\" width=\"576\" height=\"815\" \/><\/p>\n<p><img data-recalc-dims=\"1\" loading=\"lazy\" decoding=\"async\" class=\"alignnone size-large wp-image-15245\" alt=\"CHRISTIAN-GHION-FORESTIERLampe-Capsule\" src=\"https:\/\/i0.wp.com\/joyana.fr\/wp-content\/uploads\/2014\/01\/CHRISTIAN-GHION-FORESTIERLampe-Capsule.jpg?resize=576%2C815&#038;ssl=1\" width=\"576\" height=\"815\" \/><\/p>\n<p><img data-recalc-dims=\"1\" loading=\"lazy\" decoding=\"async\" class=\"alignnone size-large wp-image-15247\" alt=\"forestier-DSC_6983\" src=\"https:\/\/i0.wp.com\/joyana.fr\/wp-content\/uploads\/2014\/01\/forestier-DSC_6983.jpg?resize=576%2C412&#038;ssl=1\" width=\"576\" height=\"412\" \/><\/p>\n<p><img data-recalc-dims=\"1\" loading=\"lazy\" decoding=\"async\" class=\"alignnone size-large wp-image-15248\" alt=\"forestier-DSC_6985\" src=\"https:\/\/i0.wp.com\/joyana.fr\/wp-content\/uploads\/2014\/01\/forestier-DSC_6985.jpg?resize=576%2C359&#038;ssl=1\" width=\"576\" height=\"359\" \/><\/p>\n<p style=\"text-align: center;\">En savoir + sur <a href=\"http:\/\/www.forestier.fr\" target=\"_blank\"><strong>FORESTIER<\/strong><\/a> &#038; <a href=\"http:\/\/ghion.free.fr\" target=\"_blank\"><strong>Christian GHION<\/strong><\/a><\/p>\n<p><span style=\"color: #000000;\">.<\/span><\/p>\n<h3 style=\"text-align: center;\">D\u00e9couvrez tous nos reportages durant <a title=\"MAISON &#038; OBJET\" href=\"https:\/\/joyana.fr\/category\/actualite\/salon\/maison-et-objet\/\" target=\"_blank\">MAISON &#038; OBJET &#8211; Janvier 2014<\/a><\/h3>\n","protected":false},"excerpt":{"rendered":"<p>Sur leur stand \u00e0 Maison &#038; Objet 2014,\u00a0Forestier pr\u00e9sente sa collaboration &#8211; une collection de lampe [&hellip;]<\/p>\n","protected":false},"author":3,"featured_media":115245,"comment_status":"open","ping_status":"open","sticky":false,"template":"","format":"standard","meta":{"_coblocks_attr":"","_coblocks_dimensions":"","_coblocks_responsive_height":"","_coblocks_accordion_ie_support":"","_uag_custom_page_level_css":"","advgb_blocks_editor_width":"","advgb_blocks_columns_visual_guide":"","_genesis_hide_title":false,"_genesis_hide_breadcrumbs":false,"_genesis_hide_singular_image":false,"_genesis_hide_footer_widgets":false,"_genesis_custom_body_class":"","_genesis_custom_post_class":"","_genesis_layout":"","_themeisle_gutenberg_block_has_review":false,"_jetpack_newsletter_access":"","_jetpack_dont_email_post_to_subs":false,"_jetpack_newsletter_tier_id":0,"_jetpack_memberships_contains_paywalled_content":false,"_jetpack_memberships_contains_paid_content":false,"footnotes":""},"categories":[906,1233,905,935,927,961,1037],"tags":[1616,1617,1618,1133,962,1615,1619],"class_list":{"0":"post-115242","1":"post","2":"type-post","3":"status-publish","4":"format-standard","5":"has-post-thumbnail","7":"category-accessoires","8":"category-christian-ghion","9":"category-deco-design","10":"category-decoration","11":"category-lampe","12":"category-maison-et-objet","13":"category-sculpture","14":"tag-mo14","15":"tag-christian-ghion","16":"tag-forestier","17":"tag-lampe-design","18":"tag-maison-objet","19":"tag-maison-objet-janvier-2014","20":"tag-photophore-design","21":"entry"},"featured_image_urls":{"full":["https:\/\/i0.wp.com\/joyana.fr\/wp-content\/uploads\/2014\/01\/CHRISTIAN-GHION-FORESTIERLampe-Capsule.jpg?fit=650%2C920&ssl=1",650,920,false],"thumbnail":["https:\/\/i0.wp.com\/joyana.fr\/wp-content\/uploads\/2014\/01\/CHRISTIAN-GHION-FORESTIERLampe-Capsule.jpg?resize=150%2C150&ssl=1",150,150,true],"medium":["https:\/\/i0.wp.com\/joyana.fr\/wp-content\/uploads\/2014\/01\/CHRISTIAN-GHION-FORESTIERLampe-Capsule.jpg?fit=275%2C389&ssl=1",275,389,true],"medium_large":["https:\/\/i0.wp.com\/joyana.fr\/wp-content\/uploads\/2014\/01\/CHRISTIAN-GHION-FORESTIERLampe-Capsule.jpg?fit=650%2C920&ssl=1",650,920,true],"large":["https:\/\/i0.wp.com\/joyana.fr\/wp-content\/uploads\/2014\/01\/CHRISTIAN-GHION-FORESTIERLampe-Capsule.jpg?fit=650%2C920&ssl=1",650,920,true],"1536x1536":["https:\/\/i0.wp.com\/joyana.fr\/wp-content\/uploads\/2014\/01\/CHRISTIAN-GHION-FORESTIERLampe-Capsule.jpg?fit=650%2C920&ssl=1",650,920,true],"2048x2048":["https:\/\/i0.wp.com\/joyana.fr\/wp-content\/uploads\/2014\/01\/CHRISTIAN-GHION-FORESTIERLampe-Capsule.jpg?fit=650%2C920&ssl=1",650,920,true],"featured-thumb":["https:\/\/i0.wp.com\/joyana.fr\/wp-content\/uploads\/2014\/01\/CHRISTIAN-GHION-FORESTIERLampe-Capsule.jpg?resize=650%2C750&ssl=1",650,750,true],"ab-block-post-grid-landscape":["https:\/\/i0.wp.com\/joyana.fr\/wp-content\/uploads\/2014\/01\/CHRISTIAN-GHION-FORESTIERLampe-Capsule.jpg?resize=600%2C400&ssl=1",600,400,true],"ab-block-post-grid-square":["https:\/\/i0.wp.com\/joyana.fr\/wp-content\/uploads\/2014\/01\/CHRISTIAN-GHION-FORESTIERLampe-Capsule.jpg?resize=600%2C600&ssl=1",600,600,true],"author-pro-image":["https:\/\/i0.wp.com\/joyana.fr\/wp-content\/uploads\/2014\/01\/CHRISTIAN-GHION-FORESTIERLampe-Capsule.jpg?resize=360%2C570&ssl=1",360,570,true],"slider":["https:\/\/i0.wp.com\/joyana.fr\/wp-content\/uploads\/2014\/01\/CHRISTIAN-GHION-FORESTIERLampe-Capsule.jpg?resize=650%2C400&ssl=1",650,400,true],"woocommerce_thumbnail":["https:\/\/i0.wp.com\/joyana.fr\/wp-content\/uploads\/2014\/01\/CHRISTIAN-GHION-FORESTIERLampe-Capsule.jpg?resize=450%2C450&ssl=1",450,450,true],"woocommerce_single":["https:\/\/i0.wp.com\/joyana.fr\/wp-content\/uploads\/2014\/01\/CHRISTIAN-GHION-FORESTIERLampe-Capsule.jpg?fit=650%2C920&ssl=1",650,920,true],"woocommerce_gallery_thumbnail":["https:\/\/i0.wp.com\/joyana.fr\/wp-content\/uploads\/2014\/01\/CHRISTIAN-GHION-FORESTIERLampe-Capsule.jpg?resize=180%2C180&ssl=1",180,180,true],"sow-carousel-default":["https:\/\/i0.wp.com\/joyana.fr\/wp-content\/uploads\/2014\/01\/CHRISTIAN-GHION-FORESTIERLampe-Capsule.jpg?resize=272%2C182&ssl=1",272,182,true]},"post_excerpt_stackable":"<p>Sur leur stand \u00e0 Maison &#038; Objet 2014,\u00a0Forestier pr\u00e9sente sa collaboration &#8211; une collectio&hellip;<\/p>\n","category_list":"<a href=\"https:\/\/joyana.fr\/ja\/category\/deco-design\/decoration\/accessoires\/\" rel=\"category tag\">Accessoires<\/a>, <a href=\"https:\/\/joyana.fr\/ja\/category\/deco-design\/designer\/christian-ghion\/\" rel=\"category tag\">Christian GHION<\/a>, <a href=\"https:\/\/joyana.fr\/ja\/category\/deco-design\/\" rel=\"category tag\">DECO-DESIGN<\/a>, <a href=\"https:\/\/joyana.fr\/ja\/category\/deco-design\/decoration\/\" rel=\"category tag\">D\u00e9coration<\/a>, <a href=\"https:\/\/joyana.fr\/ja\/category\/deco-design\/luminaire\/lampe\/\" rel=\"category tag\">Lampe<\/a>, <a href=\"https:\/\/joyana.fr\/ja\/category\/deco-design\/actualite\/salon\/maison-et-objet\/\" rel=\"category tag\">MAISON &amp; OBJET<\/a>, <a href=\"https:\/\/joyana.fr\/ja\/category\/deco-design\/mobilier\/sculpture\/\" rel=\"category tag\">Sculpture<\/a>","author_info":{"display_name":"Jo Yana","author_link":"https:\/\/joyana.fr\/ja\/author\/joyana\/"},"comments_num":"1 comment","featured_image_urls_v2":{"full":["https:\/\/i0.wp.com\/joyana.fr\/wp-content\/uploads\/2014\/01\/CHRISTIAN-GHION-FORESTIERLampe-Capsule.jpg?fit=650%2C920&ssl=1",650,920,false],"thumbnail":["https:\/\/i0.wp.com\/joyana.fr\/wp-content\/uploads\/2014\/01\/CHRISTIAN-GHION-FORESTIERLampe-Capsule.jpg?resize=150%2C150&ssl=1",150,150,true],"medium":["https:\/\/i0.wp.com\/joyana.fr\/wp-content\/uploads\/2014\/01\/CHRISTIAN-GHION-FORESTIERLampe-Capsule.jpg?fit=275%2C389&ssl=1",275,389,true],"medium_large":["https:\/\/i0.wp.com\/joyana.fr\/wp-content\/uploads\/2014\/01\/CHRISTIAN-GHION-FORESTIERLampe-Capsule.jpg?fit=650%2C920&ssl=1",650,920,true],"large":["https:\/\/i0.wp.com\/joyana.fr\/wp-content\/uploads\/2014\/01\/CHRISTIAN-GHION-FORESTIERLampe-Capsule.jpg?fit=650%2C920&ssl=1",650,920,true],"1536x1536":["https:\/\/i0.wp.com\/joyana.fr\/wp-content\/uploads\/2014\/01\/CHRISTIAN-GHION-FORESTIERLampe-Capsule.jpg?fit=650%2C920&ssl=1",650,920,true],"2048x2048":["https:\/\/i0.wp.com\/joyana.fr\/wp-content\/uploads\/2014\/01\/CHRISTIAN-GHION-FORESTIERLampe-Capsule.jpg?fit=650%2C920&ssl=1",650,920,true],"featured-thumb":["https:\/\/i0.wp.com\/joyana.fr\/wp-content\/uploads\/2014\/01\/CHRISTIAN-GHION-FORESTIERLampe-Capsule.jpg?resize=650%2C750&ssl=1",650,750,true],"ab-block-post-grid-landscape":["https:\/\/i0.wp.com\/joyana.fr\/wp-content\/uploads\/2014\/01\/CHRISTIAN-GHION-FORESTIERLampe-Capsule.jpg?resize=600%2C400&ssl=1",600,400,true],"ab-block-post-grid-square":["https:\/\/i0.wp.com\/joyana.fr\/wp-content\/uploads\/2014\/01\/CHRISTIAN-GHION-FORESTIERLampe-Capsule.jpg?resize=600%2C600&ssl=1",600,600,true],"author-pro-image":["https:\/\/i0.wp.com\/joyana.fr\/wp-content\/uploads\/2014\/01\/CHRISTIAN-GHION-FORESTIERLampe-Capsule.jpg?resize=360%2C570&ssl=1",360,570,true],"slider":["https:\/\/i0.wp.com\/joyana.fr\/wp-content\/uploads\/2014\/01\/CHRISTIAN-GHION-FORESTIERLampe-Capsule.jpg?resize=650%2C400&ssl=1",650,400,true],"woocommerce_thumbnail":["https:\/\/i0.wp.com\/joyana.fr\/wp-content\/uploads\/2014\/01\/CHRISTIAN-GHION-FORESTIERLampe-Capsule.jpg?resize=450%2C450&ssl=1",450,450,true],"woocommerce_single":["https:\/\/i0.wp.com\/joyana.fr\/wp-content\/uploads\/2014\/01\/CHRISTIAN-GHION-FORESTIERLampe-Capsule.jpg?fit=650%2C920&ssl=1",650,920,true],"woocommerce_gallery_thumbnail":["https:\/\/i0.wp.com\/joyana.fr\/wp-content\/uploads\/2014\/01\/CHRISTIAN-GHION-FORESTIERLampe-Capsule.jpg?resize=180%2C180&ssl=1",180,180,true],"sow-carousel-default":["https:\/\/i0.wp.com\/joyana.fr\/wp-content\/uploads\/2014\/01\/CHRISTIAN-GHION-FORESTIERLampe-Capsule.jpg?resize=272%2C182&ssl=1",272,182,true]},"post_excerpt_stackable_v2":"<p>Sur leur stand \u00e0 Maison &#038; Objet 2014,\u00a0Forestier pr\u00e9sente sa collaboration &#8211; une collectio&hellip;<\/p>\n","category_list_v2":"<a href=\"https:\/\/joyana.fr\/ja\/category\/deco-design\/decoration\/accessoires\/\" rel=\"category tag\">Accessoires<\/a>, <a href=\"https:\/\/joyana.fr\/ja\/category\/deco-design\/designer\/christian-ghion\/\" rel=\"category tag\">Christian GHION<\/a>, <a href=\"https:\/\/joyana.fr\/ja\/category\/deco-design\/\" rel=\"category tag\">DECO-DESIGN<\/a>, <a href=\"https:\/\/joyana.fr\/ja\/category\/deco-design\/decoration\/\" rel=\"category tag\">D\u00e9coration<\/a>, <a href=\"https:\/\/joyana.fr\/ja\/category\/deco-design\/luminaire\/lampe\/\" rel=\"category tag\">Lampe<\/a>, <a href=\"https:\/\/joyana.fr\/ja\/category\/deco-design\/actualite\/salon\/maison-et-objet\/\" rel=\"category tag\">MAISON &amp; OBJET<\/a>, <a href=\"https:\/\/joyana.fr\/ja\/category\/deco-design\/mobilier\/sculpture\/\" rel=\"category tag\">Sculpture<\/a>","author_info_v2":{"name":"Jo Yana","url":"https:\/\/joyana.fr\/ja\/author\/joyana\/"},"comments_num_v2":"1 comment","yoast_head":"<!-- This site is optimized with the Yoast SEO plugin v26.8 - https:\/\/yoast.com\/product\/yoast-seo-wordpress\/ -->\n<title>#MO14 - Photophores et Lampe FORESTIER x Christian GHION - JO YANA<\/title>\n<meta name=\"robots\" content=\"index, follow, max-snippet:-1, max-image-preview:large, max-video-preview:-1\" \/>\n<link rel=\"canonical\" href=\"https:\/\/joyana.fr\/ja\/mo14-photophores-et-lampe-forestier-x-christian-ghion\/115242\/\" \/>\n<meta property=\"og:locale\" content=\"ja_JP\" \/>\n<meta property=\"og:locale:alternate\" content=\"fr_FR\" \/>\n<meta property=\"og:locale:alternate\" content=\"en_US\" \/>\n<meta property=\"og:type\" content=\"article\" \/>\n<meta property=\"og:title\" content=\"#MO14 - Photophores et Lampe FORESTIER x Christian GHION - JO YANA\" \/>\n<meta property=\"og:description\" content=\"Sur leur stand \u00e0 Maison &amp; Objet 2014,\u00a0Forestier pr\u00e9sente sa collaboration &#8211; une collection de lampe [&hellip;]\" \/>\n<meta property=\"og:url\" content=\"https:\/\/joyana.fr\/ja\/mo14-photophores-et-lampe-forestier-x-christian-ghion\/115242\/\" \/>\n<meta property=\"og:site_name\" content=\"JO YANA\" \/>\n<meta property=\"article:published_time\" content=\"2014-01-24T15:00:50+00:00\" \/>\n<meta property=\"og:image\" content=\"https:\/\/joyana.fr\/wp-content\/uploads\/2014\/01\/CHRISTIAN-GHION-FORESTIERLampe-Capsule.jpg\" \/>\n\t<meta property=\"og:image:width\" content=\"650\" \/>\n\t<meta property=\"og:image:height\" content=\"920\" \/>\n\t<meta property=\"og:image:type\" content=\"image\/jpeg\" \/>\n<meta name=\"author\" content=\"Jo Yana\" \/>\n<meta name=\"twitter:card\" content=\"summary_large_image\" \/>\n<meta name=\"twitter:creator\" content=\"@Jo_Yana\" \/>\n<meta name=\"twitter:site\" content=\"@Jo_Yana\" \/>\n<meta name=\"twitter:label1\" content=\"\u57f7\u7b46\u8005\" \/>\n\t<meta name=\"twitter:data1\" content=\"Jo Yana\" \/>\n<script type=\"application\/ld+json\" class=\"yoast-schema-graph\">{\"@context\":\"https:\/\/schema.org\",\"@graph\":[{\"@type\":\"Article\",\"@id\":\"https:\/\/joyana.fr\/ja\/mo14-photophores-et-lampe-forestier-x-christian-ghion\/115242\/#article\",\"isPartOf\":{\"@id\":\"https:\/\/joyana.fr\/ja\/mo14-photophores-et-lampe-forestier-x-christian-ghion\/115242\/\"},\"author\":{\"name\":\"Jo Yana\",\"@id\":\"https:\/\/joyana.fr\/#\/schema\/person\/cf2a1ad12a27c12c21801075bf37407c\"},\"headline\":\"#MO14 &#8211; Photophores et Lampe FORESTIER x Christian GHION\",\"datePublished\":\"2014-01-24T15:00:50+00:00\",\"mainEntityOfPage\":{\"@id\":\"https:\/\/joyana.fr\/ja\/mo14-photophores-et-lampe-forestier-x-christian-ghion\/115242\/\"},\"wordCount\":89,\"commentCount\":1,\"publisher\":{\"@id\":\"https:\/\/joyana.fr\/#\/schema\/person\/cf2a1ad12a27c12c21801075bf37407c\"},\"image\":{\"@id\":\"https:\/\/joyana.fr\/ja\/mo14-photophores-et-lampe-forestier-x-christian-ghion\/115242\/#primaryimage\"},\"thumbnailUrl\":\"https:\/\/i0.wp.com\/joyana.fr\/wp-content\/uploads\/2014\/01\/CHRISTIAN-GHION-FORESTIERLampe-Capsule.jpg?fit=650%2C920&ssl=1\",\"keywords\":[\"#MO14\",\"Christian GHION\",\"Forestier\",\"Lampe design\",\"Maison &amp; Objet\",\"Maison &amp; Objet - Janvier 2014\",\"Photophore design\"],\"articleSection\":[\"Accessoires\",\"Christian GHION\",\"DECO-DESIGN\",\"D\u00e9coration\",\"Lampe\",\"MAISON &amp; OBJET\",\"Sculpture\"],\"inLanguage\":\"ja\",\"potentialAction\":[{\"@type\":\"CommentAction\",\"name\":\"Comment\",\"target\":[\"https:\/\/joyana.fr\/ja\/mo14-photophores-et-lampe-forestier-x-christian-ghion\/115242\/#respond\"]}]},{\"@type\":\"WebPage\",\"@id\":\"https:\/\/joyana.fr\/ja\/mo14-photophores-et-lampe-forestier-x-christian-ghion\/115242\/\",\"url\":\"https:\/\/joyana.fr\/ja\/mo14-photophores-et-lampe-forestier-x-christian-ghion\/115242\/\",\"name\":\"#MO14 - Photophores et Lampe FORESTIER x Christian GHION - JO YANA\",\"isPartOf\":{\"@id\":\"https:\/\/joyana.fr\/#website\"},\"primaryImageOfPage\":{\"@id\":\"https:\/\/joyana.fr\/ja\/mo14-photophores-et-lampe-forestier-x-christian-ghion\/115242\/#primaryimage\"},\"image\":{\"@id\":\"https:\/\/joyana.fr\/ja\/mo14-photophores-et-lampe-forestier-x-christian-ghion\/115242\/#primaryimage\"},\"thumbnailUrl\":\"https:\/\/i0.wp.com\/joyana.fr\/wp-content\/uploads\/2014\/01\/CHRISTIAN-GHION-FORESTIERLampe-Capsule.jpg?fit=650%2C920&ssl=1\",\"datePublished\":\"2014-01-24T15:00:50+00:00\",\"breadcrumb\":{\"@id\":\"https:\/\/joyana.fr\/ja\/mo14-photophores-et-lampe-forestier-x-christian-ghion\/115242\/#breadcrumb\"},\"inLanguage\":\"ja\",\"potentialAction\":[{\"@type\":\"ReadAction\",\"target\":[\"https:\/\/joyana.fr\/ja\/mo14-photophores-et-lampe-forestier-x-christian-ghion\/115242\/\"]}]},{\"@type\":\"ImageObject\",\"inLanguage\":\"ja\",\"@id\":\"https:\/\/joyana.fr\/ja\/mo14-photophores-et-lampe-forestier-x-christian-ghion\/115242\/#primaryimage\",\"url\":\"https:\/\/i0.wp.com\/joyana.fr\/wp-content\/uploads\/2014\/01\/CHRISTIAN-GHION-FORESTIERLampe-Capsule.jpg?fit=650%2C920&ssl=1\",\"contentUrl\":\"https:\/\/i0.wp.com\/joyana.fr\/wp-content\/uploads\/2014\/01\/CHRISTIAN-GHION-FORESTIERLampe-Capsule.jpg?fit=650%2C920&ssl=1\",\"width\":650,\"height\":920},{\"@type\":\"BreadcrumbList\",\"@id\":\"https:\/\/joyana.fr\/ja\/mo14-photophores-et-lampe-forestier-x-christian-ghion\/115242\/#breadcrumb\",\"itemListElement\":[{\"@type\":\"ListItem\",\"position\":1,\"name\":\"Accueil\",\"item\":\"https:\/\/joyana.fr\/\"},{\"@type\":\"ListItem\",\"position\":2,\"name\":\"#MO14 &#8211; Photophores et Lampe FORESTIER x Christian GHION\"}]},{\"@type\":\"WebSite\",\"@id\":\"https:\/\/joyana.fr\/#website\",\"url\":\"https:\/\/joyana.fr\/\",\"name\":\"JO YANA\",\"description\":\"Blog Mode Homme, Lifestyle, D\u00e9co-Design\",\"publisher\":{\"@id\":\"https:\/\/joyana.fr\/#\/schema\/person\/cf2a1ad12a27c12c21801075bf37407c\"},\"potentialAction\":[{\"@type\":\"SearchAction\",\"target\":{\"@type\":\"EntryPoint\",\"urlTemplate\":\"https:\/\/joyana.fr\/?s={search_term_string}\"},\"query-input\":{\"@type\":\"PropertyValueSpecification\",\"valueRequired\":true,\"valueName\":\"search_term_string\"}}],\"inLanguage\":\"ja\"},{\"@type\":[\"Person\",\"Organization\"],\"@id\":\"https:\/\/joyana.fr\/#\/schema\/person\/cf2a1ad12a27c12c21801075bf37407c\",\"name\":\"Jo Yana\",\"image\":{\"@type\":\"ImageObject\",\"inLanguage\":\"ja\",\"@id\":\"https:\/\/joyana.fr\/#\/schema\/person\/image\/\",\"url\":\"https:\/\/i0.wp.com\/joyana.fr\/wp-content\/uploads\/2016\/08\/cropped-joyana-logo-black-360x180.png?fit=343%2C164&ssl=1\",\"contentUrl\":\"https:\/\/i0.wp.com\/joyana.fr\/wp-content\/uploads\/2016\/08\/cropped-joyana-logo-black-360x180.png?fit=343%2C164&ssl=1\",\"width\":343,\"height\":164,\"caption\":\"Jo Yana\"},\"logo\":{\"@id\":\"https:\/\/joyana.fr\/#\/schema\/person\/image\/\"},\"description\":\"Jo Yana est le cr\u00e9ateur et r\u00e9dacteur en chef des sites DECO-DESIGN. Passionn\u00e9 de Design, Mode, Photo, Luxe, Lifestyle, Musique, mais avant tout Blogueur ! Le plaisir de partager l'anime et a comme devise \\\"POUR L'AMOUR DU BEAU\\\". Retrouvez le aussi sur son blog personnel - https:\/\/joyana.fr...\",\"sameAs\":[\"https:\/\/joyana.fr\/\"],\"url\":\"https:\/\/joyana.fr\/ja\/author\/joyana\/\"}]}<\/script>\n<!-- \/ Yoast SEO plugin. -->","yoast_head_json":{"title":"#MO14 - Photophores et Lampe FORESTIER x Christian GHION - JO YANA","robots":{"index":"index","follow":"follow","max-snippet":"max-snippet:-1","max-image-preview":"max-image-preview:large","max-video-preview":"max-video-preview:-1"},"canonical":"https:\/\/joyana.fr\/ja\/mo14-photophores-et-lampe-forestier-x-christian-ghion\/115242\/","og_locale":"ja_JP","og_type":"article","og_title":"#MO14 - Photophores et Lampe FORESTIER x Christian GHION - JO YANA","og_description":"Sur leur stand \u00e0 Maison &#038; Objet 2014,\u00a0Forestier pr\u00e9sente sa collaboration &#8211; une collection de lampe [&hellip;]","og_url":"https:\/\/joyana.fr\/ja\/mo14-photophores-et-lampe-forestier-x-christian-ghion\/115242\/","og_site_name":"JO YANA","article_published_time":"2014-01-24T15:00:50+00:00","og_image":[{"width":650,"height":920,"url":"https:\/\/joyana.fr\/wp-content\/uploads\/2014\/01\/CHRISTIAN-GHION-FORESTIERLampe-Capsule.jpg","type":"image\/jpeg"}],"author":"Jo Yana","twitter_card":"summary_large_image","twitter_creator":"@Jo_Yana","twitter_site":"@Jo_Yana","twitter_misc":{"\u57f7\u7b46\u8005":"Jo Yana"},"schema":{"@context":"https:\/\/schema.org","@graph":[{"@type":"Article","@id":"https:\/\/joyana.fr\/ja\/mo14-photophores-et-lampe-forestier-x-christian-ghion\/115242\/#article","isPartOf":{"@id":"https:\/\/joyana.fr\/ja\/mo14-photophores-et-lampe-forestier-x-christian-ghion\/115242\/"},"author":{"name":"Jo Yana","@id":"https:\/\/joyana.fr\/#\/schema\/person\/cf2a1ad12a27c12c21801075bf37407c"},"headline":"#MO14 &#8211; Photophores et Lampe FORESTIER x Christian GHION","datePublished":"2014-01-24T15:00:50+00:00","mainEntityOfPage":{"@id":"https:\/\/joyana.fr\/ja\/mo14-photophores-et-lampe-forestier-x-christian-ghion\/115242\/"},"wordCount":89,"commentCount":1,"publisher":{"@id":"https:\/\/joyana.fr\/#\/schema\/person\/cf2a1ad12a27c12c21801075bf37407c"},"image":{"@id":"https:\/\/joyana.fr\/ja\/mo14-photophores-et-lampe-forestier-x-christian-ghion\/115242\/#primaryimage"},"thumbnailUrl":"https:\/\/i0.wp.com\/joyana.fr\/wp-content\/uploads\/2014\/01\/CHRISTIAN-GHION-FORESTIERLampe-Capsule.jpg?fit=650%2C920&ssl=1","keywords":["#MO14","Christian GHION","Forestier","Lampe design","Maison &amp; Objet","Maison &amp; Objet - Janvier 2014","Photophore design"],"articleSection":["Accessoires","Christian GHION","DECO-DESIGN","D\u00e9coration","Lampe","MAISON &amp; OBJET","Sculpture"],"inLanguage":"ja","potentialAction":[{"@type":"CommentAction","name":"Comment","target":["https:\/\/joyana.fr\/ja\/mo14-photophores-et-lampe-forestier-x-christian-ghion\/115242\/#respond"]}]},{"@type":"WebPage","@id":"https:\/\/joyana.fr\/ja\/mo14-photophores-et-lampe-forestier-x-christian-ghion\/115242\/","url":"https:\/\/joyana.fr\/ja\/mo14-photophores-et-lampe-forestier-x-christian-ghion\/115242\/","name":"#MO14 - Photophores et Lampe FORESTIER x Christian GHION - JO YANA","isPartOf":{"@id":"https:\/\/joyana.fr\/#website"},"primaryImageOfPage":{"@id":"https:\/\/joyana.fr\/ja\/mo14-photophores-et-lampe-forestier-x-christian-ghion\/115242\/#primaryimage"},"image":{"@id":"https:\/\/joyana.fr\/ja\/mo14-photophores-et-lampe-forestier-x-christian-ghion\/115242\/#primaryimage"},"thumbnailUrl":"https:\/\/i0.wp.com\/joyana.fr\/wp-content\/uploads\/2014\/01\/CHRISTIAN-GHION-FORESTIERLampe-Capsule.jpg?fit=650%2C920&ssl=1","datePublished":"2014-01-24T15:00:50+00:00","breadcrumb":{"@id":"https:\/\/joyana.fr\/ja\/mo14-photophores-et-lampe-forestier-x-christian-ghion\/115242\/#breadcrumb"},"inLanguage":"ja","potentialAction":[{"@type":"ReadAction","target":["https:\/\/joyana.fr\/ja\/mo14-photophores-et-lampe-forestier-x-christian-ghion\/115242\/"]}]},{"@type":"ImageObject","inLanguage":"ja","@id":"https:\/\/joyana.fr\/ja\/mo14-photophores-et-lampe-forestier-x-christian-ghion\/115242\/#primaryimage","url":"https:\/\/i0.wp.com\/joyana.fr\/wp-content\/uploads\/2014\/01\/CHRISTIAN-GHION-FORESTIERLampe-Capsule.jpg?fit=650%2C920&ssl=1","contentUrl":"https:\/\/i0.wp.com\/joyana.fr\/wp-content\/uploads\/2014\/01\/CHRISTIAN-GHION-FORESTIERLampe-Capsule.jpg?fit=650%2C920&ssl=1","width":650,"height":920},{"@type":"BreadcrumbList","@id":"https:\/\/joyana.fr\/ja\/mo14-photophores-et-lampe-forestier-x-christian-ghion\/115242\/#breadcrumb","itemListElement":[{"@type":"ListItem","position":1,"name":"Accueil","item":"https:\/\/joyana.fr\/"},{"@type":"ListItem","position":2,"name":"#MO14 &#8211; Photophores et Lampe FORESTIER x Christian GHION"}]},{"@type":"WebSite","@id":"https:\/\/joyana.fr\/#website","url":"https:\/\/joyana.fr\/","name":"JO YANA","description":"Blog Mode Homme, Lifestyle, D\u00e9co-Design","publisher":{"@id":"https:\/\/joyana.fr\/#\/schema\/person\/cf2a1ad12a27c12c21801075bf37407c"},"potentialAction":[{"@type":"SearchAction","target":{"@type":"EntryPoint","urlTemplate":"https:\/\/joyana.fr\/?s={search_term_string}"},"query-input":{"@type":"PropertyValueSpecification","valueRequired":true,"valueName":"search_term_string"}}],"inLanguage":"ja"},{"@type":["Person","Organization"],"@id":"https:\/\/joyana.fr\/#\/schema\/person\/cf2a1ad12a27c12c21801075bf37407c","name":"Jo Yana","image":{"@type":"ImageObject","inLanguage":"ja","@id":"https:\/\/joyana.fr\/#\/schema\/person\/image\/","url":"https:\/\/i0.wp.com\/joyana.fr\/wp-content\/uploads\/2016\/08\/cropped-joyana-logo-black-360x180.png?fit=343%2C164&ssl=1","contentUrl":"https:\/\/i0.wp.com\/joyana.fr\/wp-content\/uploads\/2016\/08\/cropped-joyana-logo-black-360x180.png?fit=343%2C164&ssl=1","width":343,"height":164,"caption":"Jo Yana"},"logo":{"@id":"https:\/\/joyana.fr\/#\/schema\/person\/image\/"},"description":"Jo Yana est le cr\u00e9ateur et r\u00e9dacteur en chef des sites DECO-DESIGN. Passionn\u00e9 de Design, Mode, Photo, Luxe, Lifestyle, Musique, mais avant tout Blogueur ! Le plaisir de partager l'anime et a comme devise \"POUR L'AMOUR DU BEAU\". Retrouvez le aussi sur son blog personnel - https:\/\/joyana.fr...","sameAs":["https:\/\/joyana.fr\/"],"url":"https:\/\/joyana.fr\/ja\/author\/joyana\/"}]}},"author_meta":{"display_name":"Jo Yana","author_link":"https:\/\/joyana.fr\/ja\/author\/joyana\/"},"featured_img":"https:\/\/i0.wp.com\/joyana.fr\/wp-content\/uploads\/2014\/01\/CHRISTIAN-GHION-FORESTIERLampe-Capsule.jpg?fit=275%2C389&ssl=1","featured_image_src":"https:\/\/i0.wp.com\/joyana.fr\/wp-content\/uploads\/2014\/01\/CHRISTIAN-GHION-FORESTIERLampe-Capsule.jpg?resize=600%2C400&ssl=1","featured_image_src_square":"https:\/\/i0.wp.com\/joyana.fr\/wp-content\/uploads\/2014\/01\/CHRISTIAN-GHION-FORESTIERLampe-Capsule.jpg?resize=600%2C600&ssl=1","jetpack_featured_media_url":"https:\/\/i0.wp.com\/joyana.fr\/wp-content\/uploads\/2014\/01\/CHRISTIAN-GHION-FORESTIERLampe-Capsule.jpg?fit=650%2C920&ssl=1","uagb_featured_image_src":{"full":["https:\/\/i0.wp.com\/joyana.fr\/wp-content\/uploads\/2014\/01\/CHRISTIAN-GHION-FORESTIERLampe-Capsule.jpg?fit=650%2C920&ssl=1",650,920,false],"thumbnail":["https:\/\/i0.wp.com\/joyana.fr\/wp-content\/uploads\/2014\/01\/CHRISTIAN-GHION-FORESTIERLampe-Capsule.jpg?resize=150%2C150&ssl=1",150,150,true],"medium":["https:\/\/i0.wp.com\/joyana.fr\/wp-content\/uploads\/2014\/01\/CHRISTIAN-GHION-FORESTIERLampe-Capsule.jpg?fit=275%2C389&ssl=1",275,389,true],"medium_large":["https:\/\/i0.wp.com\/joyana.fr\/wp-content\/uploads\/2014\/01\/CHRISTIAN-GHION-FORESTIERLampe-Capsule.jpg?fit=650%2C920&ssl=1",650,920,true],"large":["https:\/\/i0.wp.com\/joyana.fr\/wp-content\/uploads\/2014\/01\/CHRISTIAN-GHION-FORESTIERLampe-Capsule.jpg?fit=650%2C920&ssl=1",650,920,true],"1536x1536":["https:\/\/i0.wp.com\/joyana.fr\/wp-content\/uploads\/2014\/01\/CHRISTIAN-GHION-FORESTIERLampe-Capsule.jpg?fit=650%2C920&ssl=1",650,920,true],"2048x2048":["https:\/\/i0.wp.com\/joyana.fr\/wp-content\/uploads\/2014\/01\/CHRISTIAN-GHION-FORESTIERLampe-Capsule.jpg?fit=650%2C920&ssl=1",650,920,true],"featured-thumb":["https:\/\/i0.wp.com\/joyana.fr\/wp-content\/uploads\/2014\/01\/CHRISTIAN-GHION-FORESTIERLampe-Capsule.jpg?resize=650%2C750&ssl=1",650,750,true],"ab-block-post-grid-landscape":["https:\/\/i0.wp.com\/joyana.fr\/wp-content\/uploads\/2014\/01\/CHRISTIAN-GHION-FORESTIERLampe-Capsule.jpg?resize=600%2C400&ssl=1",600,400,true],"ab-block-post-grid-square":["https:\/\/i0.wp.com\/joyana.fr\/wp-content\/uploads\/2014\/01\/CHRISTIAN-GHION-FORESTIERLampe-Capsule.jpg?resize=600%2C600&ssl=1",600,600,true],"author-pro-image":["https:\/\/i0.wp.com\/joyana.fr\/wp-content\/uploads\/2014\/01\/CHRISTIAN-GHION-FORESTIERLampe-Capsule.jpg?resize=360%2C570&ssl=1",360,570,true],"slider":["https:\/\/i0.wp.com\/joyana.fr\/wp-content\/uploads\/2014\/01\/CHRISTIAN-GHION-FORESTIERLampe-Capsule.jpg?resize=650%2C400&ssl=1",650,400,true],"woocommerce_thumbnail":["https:\/\/i0.wp.com\/joyana.fr\/wp-content\/uploads\/2014\/01\/CHRISTIAN-GHION-FORESTIERLampe-Capsule.jpg?resize=450%2C450&ssl=1",450,450,true],"woocommerce_single":["https:\/\/i0.wp.com\/joyana.fr\/wp-content\/uploads\/2014\/01\/CHRISTIAN-GHION-FORESTIERLampe-Capsule.jpg?fit=650%2C920&ssl=1",650,920,true],"woocommerce_gallery_thumbnail":["https:\/\/i0.wp.com\/joyana.fr\/wp-content\/uploads\/2014\/01\/CHRISTIAN-GHION-FORESTIERLampe-Capsule.jpg?resize=180%2C180&ssl=1",180,180,true],"sow-carousel-default":["https:\/\/i0.wp.com\/joyana.fr\/wp-content\/uploads\/2014\/01\/CHRISTIAN-GHION-FORESTIERLampe-Capsule.jpg?resize=272%2C182&ssl=1",272,182,true]},"uagb_author_info":{"display_name":"Jo Yana","author_link":"https:\/\/joyana.fr\/ja\/author\/joyana\/"},"uagb_comment_info":1,"uagb_excerpt":"Sur leur stand \u00e0 Maison &#038; Objet 2014,\u00a0Forestier pr&hellip;","coauthors":[],"tax_additional":{"categories":{"linked":["<a href=\"https:\/\/joyana.fr\/ja\/category\/deco-design\/decoration\/accessoires\/\" class=\"advgb-post-tax-term\">Accessoires<\/a>","<a href=\"https:\/\/joyana.fr\/ja\/category\/deco-design\/designer\/christian-ghion\/\" class=\"advgb-post-tax-term\">Christian GHION<\/a>","<a href=\"https:\/\/joyana.fr\/ja\/category\/deco-design\/\" class=\"advgb-post-tax-term\">DECO-DESIGN<\/a>","<a href=\"https:\/\/joyana.fr\/ja\/category\/deco-design\/decoration\/\" class=\"advgb-post-tax-term\">D\u00e9coration<\/a>","<a href=\"https:\/\/joyana.fr\/ja\/category\/deco-design\/luminaire\/lampe\/\" class=\"advgb-post-tax-term\">Lampe<\/a>","<a href=\"https:\/\/joyana.fr\/ja\/category\/deco-design\/actualite\/salon\/maison-et-objet\/\" class=\"advgb-post-tax-term\">MAISON &amp; OBJET<\/a>","<a href=\"https:\/\/joyana.fr\/ja\/category\/deco-design\/mobilier\/sculpture\/\" class=\"advgb-post-tax-term\">Sculpture<\/a>"],"unlinked":["<span class=\"advgb-post-tax-term\">Accessoires<\/span>","<span class=\"advgb-post-tax-term\">Christian GHION<\/span>","<span class=\"advgb-post-tax-term\">DECO-DESIGN<\/span>","<span class=\"advgb-post-tax-term\">D\u00e9coration<\/span>","<span class=\"advgb-post-tax-term\">Lampe<\/span>","<span class=\"advgb-post-tax-term\">MAISON &amp; OBJET<\/span>","<span class=\"advgb-post-tax-term\">Sculpture<\/span>"]},"tags":{"linked":["<a href=\"https:\/\/joyana.fr\/ja\/category\/deco-design\/mobilier\/sculpture\/\" class=\"advgb-post-tax-term\">#MO14<\/a>","<a href=\"https:\/\/joyana.fr\/ja\/category\/deco-design\/mobilier\/sculpture\/\" class=\"advgb-post-tax-term\">Christian GHION<\/a>","<a href=\"https:\/\/joyana.fr\/ja\/category\/deco-design\/mobilier\/sculpture\/\" class=\"advgb-post-tax-term\">Forestier<\/a>","<a href=\"https:\/\/joyana.fr\/ja\/category\/deco-design\/mobilier\/sculpture\/\" class=\"advgb-post-tax-term\">Lampe design<\/a>","<a href=\"https:\/\/joyana.fr\/ja\/category\/deco-design\/mobilier\/sculpture\/\" class=\"advgb-post-tax-term\">Maison &amp; Objet<\/a>","<a href=\"https:\/\/joyana.fr\/ja\/category\/deco-design\/mobilier\/sculpture\/\" class=\"advgb-post-tax-term\">Maison &amp; Objet - Janvier 2014<\/a>","<a href=\"https:\/\/joyana.fr\/ja\/category\/deco-design\/mobilier\/sculpture\/\" class=\"advgb-post-tax-term\">Photophore design<\/a>"],"unlinked":["<span class=\"advgb-post-tax-term\">#MO14<\/span>","<span class=\"advgb-post-tax-term\">Christian GHION<\/span>","<span class=\"advgb-post-tax-term\">Forestier<\/span>","<span class=\"advgb-post-tax-term\">Lampe design<\/span>","<span class=\"advgb-post-tax-term\">Maison &amp; Objet<\/span>","<span class=\"advgb-post-tax-term\">Maison &amp; Objet - Janvier 2014<\/span>","<span class=\"advgb-post-tax-term\">Photophore design<\/span>"]}},"comment_count":1,"relative_dates":{"created":"Posted 12\u5e74 ago","modified":"Updated 12\u5e74 ago"},"absolute_dates":{"created":"Posted on 24 1\u6708 2014","modified":"Updated on 24 1\u6708 2014"},"absolute_dates_time":{"created":"Posted on 24 1\u6708 2014 16:00","modified":"Updated on 24 1\u6708 2014 16:00"},"featured_img_caption":"","series_order":"","jetpack_sharing_enabled":true,"jetpack_shortlink":"https:\/\/wp.me\/p9bteI-tYK","jetpack-related-posts":[],"_links":{"self":[{"href":"https:\/\/joyana.fr\/ja\/wp-json\/wp\/v2\/posts\/115242","targetHints":{"allow":["GET"]}}],"collection":[{"href":"https:\/\/joyana.fr\/ja\/wp-json\/wp\/v2\/posts"}],"about":[{"href":"https:\/\/joyana.fr\/ja\/wp-json\/wp\/v2\/types\/post"}],"author":[{"embeddable":true,"href":"https:\/\/joyana.fr\/ja\/wp-json\/wp\/v2\/users\/3"}],"replies":[{"embeddable":true,"href":"https:\/\/joyana.fr\/ja\/wp-json\/wp\/v2\/comments?post=115242"}],"version-history":[{"count":0,"href":"https:\/\/joyana.fr\/ja\/wp-json\/wp\/v2\/posts\/115242\/revisions"}],"wp:featuredmedia":[{"embeddable":true,"href":"https:\/\/joyana.fr\/ja\/wp-json\/wp\/v2\/media\/115245"}],"wp:attachment":[{"href":"https:\/\/joyana.fr\/ja\/wp-json\/wp\/v2\/media?parent=115242"}],"wp:term":[{"taxonomy":"category","embeddable":true,"href":"https:\/\/joyana.fr\/ja\/wp-json\/wp\/v2\/categories?post=115242"},{"taxonomy":"post_tag","embeddable":true,"href":"https:\/\/joyana.fr\/ja\/wp-json\/wp\/v2\/tags?post=115242"}],"curies":[{"name":"wp","href":"https:\/\/api.w.org\/{rel}","templated":true}]}}