{"id":115621,"date":"2014-02-28T00:01:23","date_gmt":"2014-02-27T23:01:23","guid":{"rendered":"https:\/\/joyana.fr\/?p=15621"},"modified":"2014-02-28T00:01:23","modified_gmt":"2014-02-27T23:01:23","slug":"la-designerbox-se-met-en-scene","status":"publish","type":"post","link":"https:\/\/joyana.fr\/ja\/la-designerbox-se-met-en-scene\/115621\/","title":{"rendered":"La DESIGNERBOX se met en sc\u00e8ne !"},"content":{"rendered":"<p>On ne pr\u00e9sente plus le concept de la<strong> DESIGNERBOX<\/strong> qui est un r\u00e9el succ\u00e8s dans le petit monde du design, allez,pour les derniers retardataires nous allons faire un effort&#8230;<\/p>\n<p><img data-recalc-dims=\"1\" fetchpriority=\"high\" decoding=\"async\" class=\"alignnone size-large wp-image-15638\" alt=\"DSC_7326\" src=\"https:\/\/i0.wp.com\/joyana.fr\/wp-content\/uploads\/2014\/02\/DSC_7326.jpg?resize=576%2C382&#038;ssl=1\" width=\"576\" height=\"382\" \/><\/p>\n<p>Chaque mois, les stars internationales du design se mettent en bo\u00eete pour cr\u00e9er exclusivement pour vous un objet unique et in\u00e9dit que vous recevez directement \u00e0 domicile avec la surprise de d\u00e9couvrir le jour J un objet &#8220;collector&#8221; en s\u00e9rie limit\u00e9 avec son certificat d&#8217;authenticit\u00e9.\u00a0Nous sommes tomb\u00e9s sous le charme du concept et de ses objets tr\u00e8s typ\u00e9s scandinaves. Chaque mois c&#8217;est toujours une belle surprise lorsque nous ouvrons la boite pour d\u00e9couvrir ce qu&#8217;elle nous r\u00e9serve. Nous avons donc d\u00e9cid\u00e9 de mettre en sc\u00e8ne les diff\u00e9rents objets afin de vous faire d\u00e9couvrir ou red\u00e9couvrir ce concept \u00e0 travers la d\u00e9coration de l&#8217;appartement d&#8217;un membre de notre \u00e9quipe.<\/p>\n<p style=\"text-align: left;\"><img data-recalc-dims=\"1\" decoding=\"async\" class=\"alignnone size-large wp-image-15659\" alt=\"DSC_7221\" src=\"https:\/\/i0.wp.com\/joyana.fr\/wp-content\/uploads\/2014\/02\/DSC_7221.jpg?resize=576%2C382&#038;ssl=1\" width=\"576\" height=\"382\" \/><\/p>\n<p style=\"text-align: left;\"><img data-recalc-dims=\"1\" decoding=\"async\" class=\"alignnone size-large wp-image-15655\" alt=\"DSC_7251\" src=\"https:\/\/i0.wp.com\/joyana.fr\/wp-content\/uploads\/2014\/02\/DSC_7251.jpg?resize=576%2C382&#038;ssl=1\" width=\"576\" height=\"382\" \/><\/p>\n<p style=\"text-align: left;\"><strong>TREE FOR 2<\/strong>, la carafe de <strong>Mariane Guedin<\/strong>\u00a0et le soliflore en porcelaine d&#8217;<strong>Aldo Bakker<\/strong>\u00a0mise en sc\u00e8ne pour donner une touche &#8220;SO SCANDINAVE&#8221; \u00a0\u00e0 l&#8217;ambiance de l&#8217;appartement.<\/p>\n<p style=\"text-align: left;\"><img data-recalc-dims=\"1\" loading=\"lazy\" decoding=\"async\" class=\"alignnone size-large wp-image-15651\" alt=\"DSC_7267\" src=\"https:\/\/i0.wp.com\/joyana.fr\/wp-content\/uploads\/2014\/02\/DSC_7267.jpg?resize=576%2C382&#038;ssl=1\" width=\"576\" height=\"382\" \/><\/p>\n<p style=\"text-align: left;\">La <strong>LUX BOX<\/strong>, luminaire-vitrine des designers franco-japonais <strong>Aki &#038; Arno Cooren<\/strong>\u00a0rajoute de la lumi\u00e8re et du bois \u00e0 l&#8217;ambiance assez froide du banc tv.<\/p>\n\n<p><img data-recalc-dims=\"1\" loading=\"lazy\" decoding=\"async\" class=\"alignnone size-large wp-image-15640\" alt=\"DSC_7314\" src=\"https:\/\/i0.wp.com\/joyana.fr\/wp-content\/uploads\/2014\/02\/DSC_7314.jpg?resize=576%2C867&#038;ssl=1\" width=\"576\" height=\"867\" \/><\/p>\n<p>Inspir\u00e9 de ses sculptures <strong>SOLID LIQUID<\/strong>, le bougeoir\u00a0d&#8217;<strong>Arik Levy\u00a0<\/strong>prendra place \u00e0 merveille sur votre table de salon.<\/p>\n<p><img data-recalc-dims=\"1\" loading=\"lazy\" decoding=\"async\" class=\"alignnone size-large wp-image-15649\" alt=\"DSC_7273\" src=\"https:\/\/i0.wp.com\/joyana.fr\/wp-content\/uploads\/2014\/02\/DSC_7273.jpg?resize=576%2C867&#038;ssl=1\" width=\"576\" height=\"867\" \/><\/p>\n<p><strong>DESIGNERBOX<\/strong> c&#8217;est aussi des accessoires pour votre bureau comme le porte stylo\/porte carte de\u00a0<strong>Pauline Deltour<\/strong>\u00a0et ceux en bois du\u00a0collectif de designers <strong>OUTOFSTOCK<\/strong>. Le miroir imprim\u00e9 de <strong>Sam Baron<\/strong>\u00a0prend place en arri\u00e8re plan sur l&#8217;\u00e9tag\u00e8re.<\/p>\n\n<p>Pour terminer cette r\u00e9trospective, nous nous dirigeons vers la chambre ou nous rencontrons\u00a0<strong>CANDLE IN THE WIND<\/strong>, p\u00e9pite de l\u00e9g\u00e8ret\u00e9 cr\u00e9\u00e9e par le designer\u00a0<strong>Kazuhiro Yamanaka<\/strong>, un objet, inspir\u00e9 par le mouvement d\u2019une feuille de papier souffl\u00e9e par le vent&#8230;<\/p>\n<p><img data-recalc-dims=\"1\" loading=\"lazy\" decoding=\"async\" class=\"alignnone size-large wp-image-15660\" alt=\"DSC_7187\" src=\"https:\/\/i0.wp.com\/joyana.fr\/wp-content\/uploads\/2014\/02\/DSC_7187.jpg?resize=576%2C867&#038;ssl=1\" width=\"576\" height=\"867\" \/><\/p>\n<p style=\"text-align: center;\">En savoir + sur<strong> <a href=\"http:\/\/www.designerbox.com\">DESIGNERBOX<\/a><\/strong><\/p>\n<p style=\"text-align: center;\"><span style=\"color: #000000;\">.<\/span><\/p>\n","protected":false},"excerpt":{"rendered":"<p>On ne pr\u00e9sente plus le concept de la DESIGNERBOX qui est un r\u00e9el succ\u00e8s dans le petit monde du design, allez,p [&hellip;]<\/p>\n","protected":false},"author":2,"featured_media":115652,"comment_status":"open","ping_status":"open","sticky":false,"template":"","format":"standard","meta":{"_coblocks_attr":"","_coblocks_dimensions":"","_coblocks_responsive_height":"","_coblocks_accordion_ie_support":"","_uag_custom_page_level_css":"","advgb_blocks_editor_width":"","advgb_blocks_columns_visual_guide":"","_genesis_hide_title":false,"_genesis_hide_breadcrumbs":false,"_genesis_hide_singular_image":false,"_genesis_hide_footer_widgets":false,"_genesis_custom_body_class":"","_genesis_custom_post_class":"","_genesis_layout":"","_themeisle_gutenberg_block_has_review":false,"_jetpack_newsletter_access":"","_jetpack_dont_email_post_to_subs":false,"_jetpack_newsletter_tier_id":0,"_jetpack_memberships_contains_paywalled_content":false,"_jetpack_memberships_contains_paid_content":false,"footnotes":""},"categories":[906,938,905,935],"tags":[1656,1657,1144,934,78,1395,1658,1659,1660,1661,1662,1244,1663],"class_list":{"0":"post-115621","1":"post","2":"type-post","3":"status-publish","4":"format-standard","5":"has-post-thumbnail","7":"category-accessoires","8":"category-actualite-deco-design","9":"category-deco-design","10":"category-decoration","11":"tag-aa-cooren","12":"tag-aldo-bakker","13":"tag-arik-levy","14":"tag-deco","15":"tag-design","16":"tag-designerbox","17":"tag-kazuhiro-yamanaka","18":"tag-marianne-guedin","19":"tag-outofstock","20":"tag-pauline-deltour","21":"tag-sam-baron","22":"tag-scandinave","23":"tag-vendredi-scandinave","24":"entry"},"featured_image_urls":{"full":"","thumbnail":"","medium":"","medium_large":"","large":"","1536x1536":"","2048x2048":"","featured-thumb":"","ab-block-post-grid-landscape":"","ab-block-post-grid-square":"","author-pro-image":"","slider":"","woocommerce_thumbnail":"","woocommerce_single":"","woocommerce_gallery_thumbnail":"","sow-carousel-default":""},"post_excerpt_stackable":"<p>On ne pr\u00e9sente plus le concept de la DESIGNERBOX qui est un r\u00e9el succ\u00e8s dans le petit monde du desig&hellip;<\/p>\n","category_list":"<a href=\"https:\/\/joyana.fr\/ja\/category\/deco-design\/decoration\/accessoires\/\" rel=\"category tag\">Accessoires<\/a>, <a href=\"https:\/\/joyana.fr\/ja\/category\/deco-design\/actualite\/actualite-deco-design\/\" rel=\"category tag\">Actualit\u00e9 D\u00e9co-Design<\/a>, <a href=\"https:\/\/joyana.fr\/ja\/category\/deco-design\/\" rel=\"category tag\">DECO-DESIGN<\/a>, <a href=\"https:\/\/joyana.fr\/ja\/category\/deco-design\/decoration\/\" rel=\"category tag\">D\u00e9coration<\/a>","author_info":{"display_name":"J\u00e9r\u00e9my Frob\u00e9nius","author_link":"https:\/\/joyana.fr\/ja\/author\/influence\/"},"comments_num":"0 comments","featured_image_urls_v2":{"full":"","thumbnail":"","medium":"","medium_large":"","large":"","1536x1536":"","2048x2048":"","featured-thumb":"","ab-block-post-grid-landscape":"","ab-block-post-grid-square":"","author-pro-image":"","slider":"","woocommerce_thumbnail":"","woocommerce_single":"","woocommerce_gallery_thumbnail":"","sow-carousel-default":""},"post_excerpt_stackable_v2":"<p>On ne pr\u00e9sente plus le concept de la DESIGNERBOX qui est un r\u00e9el succ\u00e8s dans le petit monde du desig&hellip;<\/p>\n","category_list_v2":"<a href=\"https:\/\/joyana.fr\/ja\/category\/deco-design\/decoration\/accessoires\/\" rel=\"category tag\">Accessoires<\/a>, <a href=\"https:\/\/joyana.fr\/ja\/category\/deco-design\/actualite\/actualite-deco-design\/\" rel=\"category tag\">Actualit\u00e9 D\u00e9co-Design<\/a>, <a href=\"https:\/\/joyana.fr\/ja\/category\/deco-design\/\" rel=\"category tag\">DECO-DESIGN<\/a>, <a href=\"https:\/\/joyana.fr\/ja\/category\/deco-design\/decoration\/\" rel=\"category tag\">D\u00e9coration<\/a>","author_info_v2":{"name":"J\u00e9r\u00e9my Frob\u00e9nius","url":"https:\/\/joyana.fr\/ja\/author\/influence\/"},"comments_num_v2":"0 comments","yoast_head":"<!-- This site is optimized with the Yoast SEO plugin v26.8 - https:\/\/yoast.com\/product\/yoast-seo-wordpress\/ -->\n<title>La DESIGNERBOX se met en sc\u00e8ne ! - JO YANA<\/title>\n<meta name=\"robots\" content=\"index, follow, max-snippet:-1, max-image-preview:large, max-video-preview:-1\" \/>\n<link rel=\"canonical\" href=\"https:\/\/joyana.fr\/ja\/la-designerbox-se-met-en-scene\/115621\/\" \/>\n<meta property=\"og:locale\" content=\"ja_JP\" \/>\n<meta property=\"og:locale:alternate\" content=\"fr_FR\" \/>\n<meta property=\"og:locale:alternate\" content=\"en_US\" \/>\n<meta property=\"og:type\" content=\"article\" \/>\n<meta property=\"og:title\" content=\"La DESIGNERBOX se met en sc\u00e8ne ! - JO YANA\" \/>\n<meta property=\"og:description\" content=\"On ne pr\u00e9sente plus le concept de la DESIGNERBOX qui est un r\u00e9el succ\u00e8s dans le petit monde du design, allez,p [&hellip;]\" \/>\n<meta property=\"og:url\" content=\"https:\/\/joyana.fr\/ja\/la-designerbox-se-met-en-scene\/115621\/\" \/>\n<meta property=\"og:site_name\" content=\"JO YANA\" \/>\n<meta property=\"article:published_time\" content=\"2014-02-27T23:01:23+00:00\" \/>\n<meta name=\"author\" content=\"J\u00e9r\u00e9my Frob\u00e9nius\" \/>\n<meta name=\"twitter:card\" content=\"summary_large_image\" \/>\n<meta name=\"twitter:creator\" content=\"@Jo_Yana\" \/>\n<meta name=\"twitter:site\" content=\"@Jo_Yana\" \/>\n<meta name=\"twitter:label1\" content=\"\u57f7\u7b46\u8005\" \/>\n\t<meta name=\"twitter:data1\" content=\"J\u00e9r\u00e9my Frob\u00e9nius\" \/>\n\t<meta name=\"twitter:label2\" content=\"\u63a8\u5b9a\u8aad\u307f\u53d6\u308a\u6642\u9593\" \/>\n\t<meta name=\"twitter:data2\" content=\"2\u5206\" \/>\n<script type=\"application\/ld+json\" class=\"yoast-schema-graph\">{\"@context\":\"https:\/\/schema.org\",\"@graph\":[{\"@type\":\"Article\",\"@id\":\"https:\/\/joyana.fr\/ja\/la-designerbox-se-met-en-scene\/115621\/#article\",\"isPartOf\":{\"@id\":\"https:\/\/joyana.fr\/ja\/la-designerbox-se-met-en-scene\/115621\/\"},\"author\":{\"name\":\"J\u00e9r\u00e9my Frob\u00e9nius\",\"@id\":\"https:\/\/www.joyana.fr\/ja\/#\/schema\/person\/30e35bdb5bc60b25602df18045191b72\"},\"headline\":\"La DESIGNERBOX se met en sc\u00e8ne !\",\"datePublished\":\"2014-02-27T23:01:23+00:00\",\"mainEntityOfPage\":{\"@id\":\"https:\/\/joyana.fr\/ja\/la-designerbox-se-met-en-scene\/115621\/\"},\"wordCount\":341,\"commentCount\":0,\"publisher\":{\"@id\":\"https:\/\/www.joyana.fr\/ja\/#\/schema\/person\/cf2a1ad12a27c12c21801075bf37407c\"},\"image\":{\"@id\":\"https:\/\/joyana.fr\/ja\/la-designerbox-se-met-en-scene\/115621\/#primaryimage\"},\"thumbnailUrl\":\"\",\"keywords\":[\"A+A COOREN\",\"ALDO BAKKER\",\"Arik LEVY\",\"D\u00e9co\",\"DESIGN\",\"DESIGNERBOX\",\"KAZUHIRO YAMANAKA\",\"Marianne GUEDIN\",\"OUTOFSTOCK\",\"Pauline DELTOUR\",\"Sam BARON\",\"scandinave\",\"vendredi scandinave\"],\"articleSection\":[\"Accessoires\",\"Actualit\u00e9 D\u00e9co-Design\",\"DECO-DESIGN\",\"D\u00e9coration\"],\"inLanguage\":\"ja\",\"potentialAction\":[{\"@type\":\"CommentAction\",\"name\":\"Comment\",\"target\":[\"https:\/\/joyana.fr\/ja\/la-designerbox-se-met-en-scene\/115621\/#respond\"]}]},{\"@type\":\"WebPage\",\"@id\":\"https:\/\/joyana.fr\/ja\/la-designerbox-se-met-en-scene\/115621\/\",\"url\":\"https:\/\/joyana.fr\/ja\/la-designerbox-se-met-en-scene\/115621\/\",\"name\":\"La DESIGNERBOX se met en sc\u00e8ne ! - JO YANA\",\"isPartOf\":{\"@id\":\"https:\/\/www.joyana.fr\/ja\/#website\"},\"primaryImageOfPage\":{\"@id\":\"https:\/\/joyana.fr\/ja\/la-designerbox-se-met-en-scene\/115621\/#primaryimage\"},\"image\":{\"@id\":\"https:\/\/joyana.fr\/ja\/la-designerbox-se-met-en-scene\/115621\/#primaryimage\"},\"thumbnailUrl\":\"\",\"datePublished\":\"2014-02-27T23:01:23+00:00\",\"breadcrumb\":{\"@id\":\"https:\/\/joyana.fr\/ja\/la-designerbox-se-met-en-scene\/115621\/#breadcrumb\"},\"inLanguage\":\"ja\",\"potentialAction\":[{\"@type\":\"ReadAction\",\"target\":[\"https:\/\/joyana.fr\/ja\/la-designerbox-se-met-en-scene\/115621\/\"]}]},{\"@type\":\"ImageObject\",\"inLanguage\":\"ja\",\"@id\":\"https:\/\/joyana.fr\/ja\/la-designerbox-se-met-en-scene\/115621\/#primaryimage\",\"url\":\"\",\"contentUrl\":\"\"},{\"@type\":\"BreadcrumbList\",\"@id\":\"https:\/\/joyana.fr\/ja\/la-designerbox-se-met-en-scene\/115621\/#breadcrumb\",\"itemListElement\":[{\"@type\":\"ListItem\",\"position\":1,\"name\":\"Accueil\",\"item\":\"https:\/\/www.joyana.fr\/ja\/\"},{\"@type\":\"ListItem\",\"position\":2,\"name\":\"La DESIGNERBOX se met en sc\u00e8ne !\"}]},{\"@type\":\"WebSite\",\"@id\":\"https:\/\/www.joyana.fr\/ja\/#website\",\"url\":\"https:\/\/www.joyana.fr\/ja\/\",\"name\":\"JO YANA\",\"description\":\"Blog Mode Homme, Lifestyle, D\u00e9co-Design\",\"publisher\":{\"@id\":\"https:\/\/www.joyana.fr\/ja\/#\/schema\/person\/cf2a1ad12a27c12c21801075bf37407c\"},\"potentialAction\":[{\"@type\":\"SearchAction\",\"target\":{\"@type\":\"EntryPoint\",\"urlTemplate\":\"https:\/\/www.joyana.fr\/ja\/?s={search_term_string}\"},\"query-input\":{\"@type\":\"PropertyValueSpecification\",\"valueRequired\":true,\"valueName\":\"search_term_string\"}}],\"inLanguage\":\"ja\"},{\"@type\":[\"Person\",\"Organization\"],\"@id\":\"https:\/\/www.joyana.fr\/ja\/#\/schema\/person\/cf2a1ad12a27c12c21801075bf37407c\",\"name\":\"Jo Yana\",\"image\":{\"@type\":\"ImageObject\",\"inLanguage\":\"ja\",\"@id\":\"https:\/\/www.joyana.fr\/ja\/#\/schema\/person\/image\/\",\"url\":\"https:\/\/i0.wp.com\/joyana.fr\/wp-content\/uploads\/2016\/08\/cropped-joyana-logo-black-360x180.png?fit=343%2C164&ssl=1\",\"contentUrl\":\"https:\/\/i0.wp.com\/joyana.fr\/wp-content\/uploads\/2016\/08\/cropped-joyana-logo-black-360x180.png?fit=343%2C164&ssl=1\",\"width\":343,\"height\":164,\"caption\":\"Jo Yana\"},\"logo\":{\"@id\":\"https:\/\/www.joyana.fr\/ja\/#\/schema\/person\/image\/\"},\"description\":\"Jo Yana est le cr\u00e9ateur et r\u00e9dacteur en chef des sites DECO-DESIGN. Passionn\u00e9 de Design, Mode, Photo, Luxe, Lifestyle, Musique, mais avant tout Blogueur ! Le plaisir de partager l'anime et a comme devise \\\"POUR L'AMOUR DU BEAU\\\". Retrouvez le aussi sur son blog personnel - https:\/\/joyana.fr...\",\"sameAs\":[\"https:\/\/joyana.fr\/\"]},{\"@type\":\"Person\",\"@id\":\"https:\/\/www.joyana.fr\/ja\/#\/schema\/person\/30e35bdb5bc60b25602df18045191b72\",\"name\":\"J\u00e9r\u00e9my Frob\u00e9nius\",\"image\":{\"@type\":\"ImageObject\",\"inLanguage\":\"ja\",\"@id\":\"https:\/\/www.joyana.fr\/ja\/#\/schema\/person\/image\/\",\"url\":\"https:\/\/secure.gravatar.com\/avatar\/b53fa5515b55c193a883253e48e39765?s=96&d=retro&r=g\",\"contentUrl\":\"https:\/\/secure.gravatar.com\/avatar\/b53fa5515b55c193a883253e48e39765?s=96&d=retro&r=g\",\"caption\":\"J\u00e9r\u00e9my Frob\u00e9nius\"},\"description\":\"Jeremy Frobenius est un amateur d\u2019architecture et de design depuis de nombreuses ann\u00e9es. Il a rejoint le Forum Deco-Design en 2007 en int\u00e9grant l\u2019\u00e9quipe de mod\u00e9rateurs, et depuis il couvre certains \u00e9v\u00e8nements comme Maison &amp; Objet, ou les Designer's Days... Passionn\u00e9 d\u2019automobiles, il s\u2019exerce aussi \u00e0 la photographie lors de ses voyages et d\u00e9ambulations urbaine.\",\"url\":\"https:\/\/joyana.fr\/ja\/author\/influence\/\"}]}<\/script>\n<!-- \/ Yoast SEO plugin. -->","yoast_head_json":{"title":"La DESIGNERBOX se met en sc\u00e8ne ! - JO YANA","robots":{"index":"index","follow":"follow","max-snippet":"max-snippet:-1","max-image-preview":"max-image-preview:large","max-video-preview":"max-video-preview:-1"},"canonical":"https:\/\/joyana.fr\/ja\/la-designerbox-se-met-en-scene\/115621\/","og_locale":"ja_JP","og_type":"article","og_title":"La DESIGNERBOX se met en sc\u00e8ne ! - JO YANA","og_description":"On ne pr\u00e9sente plus le concept de la DESIGNERBOX qui est un r\u00e9el succ\u00e8s dans le petit monde du design, allez,p [&hellip;]","og_url":"https:\/\/joyana.fr\/ja\/la-designerbox-se-met-en-scene\/115621\/","og_site_name":"JO YANA","article_published_time":"2014-02-27T23:01:23+00:00","author":"J\u00e9r\u00e9my Frob\u00e9nius","twitter_card":"summary_large_image","twitter_creator":"@Jo_Yana","twitter_site":"@Jo_Yana","twitter_misc":{"\u57f7\u7b46\u8005":"J\u00e9r\u00e9my Frob\u00e9nius","\u63a8\u5b9a\u8aad\u307f\u53d6\u308a\u6642\u9593":"2\u5206"},"schema":{"@context":"https:\/\/schema.org","@graph":[{"@type":"Article","@id":"https:\/\/joyana.fr\/ja\/la-designerbox-se-met-en-scene\/115621\/#article","isPartOf":{"@id":"https:\/\/joyana.fr\/ja\/la-designerbox-se-met-en-scene\/115621\/"},"author":{"name":"J\u00e9r\u00e9my Frob\u00e9nius","@id":"https:\/\/www.joyana.fr\/ja\/#\/schema\/person\/30e35bdb5bc60b25602df18045191b72"},"headline":"La DESIGNERBOX se met en sc\u00e8ne !","datePublished":"2014-02-27T23:01:23+00:00","mainEntityOfPage":{"@id":"https:\/\/joyana.fr\/ja\/la-designerbox-se-met-en-scene\/115621\/"},"wordCount":341,"commentCount":0,"publisher":{"@id":"https:\/\/www.joyana.fr\/ja\/#\/schema\/person\/cf2a1ad12a27c12c21801075bf37407c"},"image":{"@id":"https:\/\/joyana.fr\/ja\/la-designerbox-se-met-en-scene\/115621\/#primaryimage"},"thumbnailUrl":"","keywords":["A+A COOREN","ALDO BAKKER","Arik LEVY","D\u00e9co","DESIGN","DESIGNERBOX","KAZUHIRO YAMANAKA","Marianne GUEDIN","OUTOFSTOCK","Pauline DELTOUR","Sam BARON","scandinave","vendredi scandinave"],"articleSection":["Accessoires","Actualit\u00e9 D\u00e9co-Design","DECO-DESIGN","D\u00e9coration"],"inLanguage":"ja","potentialAction":[{"@type":"CommentAction","name":"Comment","target":["https:\/\/joyana.fr\/ja\/la-designerbox-se-met-en-scene\/115621\/#respond"]}]},{"@type":"WebPage","@id":"https:\/\/joyana.fr\/ja\/la-designerbox-se-met-en-scene\/115621\/","url":"https:\/\/joyana.fr\/ja\/la-designerbox-se-met-en-scene\/115621\/","name":"La DESIGNERBOX se met en sc\u00e8ne ! - JO YANA","isPartOf":{"@id":"https:\/\/www.joyana.fr\/ja\/#website"},"primaryImageOfPage":{"@id":"https:\/\/joyana.fr\/ja\/la-designerbox-se-met-en-scene\/115621\/#primaryimage"},"image":{"@id":"https:\/\/joyana.fr\/ja\/la-designerbox-se-met-en-scene\/115621\/#primaryimage"},"thumbnailUrl":"","datePublished":"2014-02-27T23:01:23+00:00","breadcrumb":{"@id":"https:\/\/joyana.fr\/ja\/la-designerbox-se-met-en-scene\/115621\/#breadcrumb"},"inLanguage":"ja","potentialAction":[{"@type":"ReadAction","target":["https:\/\/joyana.fr\/ja\/la-designerbox-se-met-en-scene\/115621\/"]}]},{"@type":"ImageObject","inLanguage":"ja","@id":"https:\/\/joyana.fr\/ja\/la-designerbox-se-met-en-scene\/115621\/#primaryimage","url":"","contentUrl":""},{"@type":"BreadcrumbList","@id":"https:\/\/joyana.fr\/ja\/la-designerbox-se-met-en-scene\/115621\/#breadcrumb","itemListElement":[{"@type":"ListItem","position":1,"name":"Accueil","item":"https:\/\/www.joyana.fr\/ja\/"},{"@type":"ListItem","position":2,"name":"La DESIGNERBOX se met en sc\u00e8ne !"}]},{"@type":"WebSite","@id":"https:\/\/www.joyana.fr\/ja\/#website","url":"https:\/\/www.joyana.fr\/ja\/","name":"JO YANA","description":"Blog Mode Homme, Lifestyle, D\u00e9co-Design","publisher":{"@id":"https:\/\/www.joyana.fr\/ja\/#\/schema\/person\/cf2a1ad12a27c12c21801075bf37407c"},"potentialAction":[{"@type":"SearchAction","target":{"@type":"EntryPoint","urlTemplate":"https:\/\/www.joyana.fr\/ja\/?s={search_term_string}"},"query-input":{"@type":"PropertyValueSpecification","valueRequired":true,"valueName":"search_term_string"}}],"inLanguage":"ja"},{"@type":["Person","Organization"],"@id":"https:\/\/www.joyana.fr\/ja\/#\/schema\/person\/cf2a1ad12a27c12c21801075bf37407c","name":"Jo Yana","image":{"@type":"ImageObject","inLanguage":"ja","@id":"https:\/\/www.joyana.fr\/ja\/#\/schema\/person\/image\/","url":"https:\/\/i0.wp.com\/joyana.fr\/wp-content\/uploads\/2016\/08\/cropped-joyana-logo-black-360x180.png?fit=343%2C164&ssl=1","contentUrl":"https:\/\/i0.wp.com\/joyana.fr\/wp-content\/uploads\/2016\/08\/cropped-joyana-logo-black-360x180.png?fit=343%2C164&ssl=1","width":343,"height":164,"caption":"Jo Yana"},"logo":{"@id":"https:\/\/www.joyana.fr\/ja\/#\/schema\/person\/image\/"},"description":"Jo Yana est le cr\u00e9ateur et r\u00e9dacteur en chef des sites DECO-DESIGN. Passionn\u00e9 de Design, Mode, Photo, Luxe, Lifestyle, Musique, mais avant tout Blogueur ! Le plaisir de partager l'anime et a comme devise \"POUR L'AMOUR DU BEAU\". Retrouvez le aussi sur son blog personnel - https:\/\/joyana.fr...","sameAs":["https:\/\/joyana.fr\/"]},{"@type":"Person","@id":"https:\/\/www.joyana.fr\/ja\/#\/schema\/person\/30e35bdb5bc60b25602df18045191b72","name":"J\u00e9r\u00e9my Frob\u00e9nius","image":{"@type":"ImageObject","inLanguage":"ja","@id":"https:\/\/www.joyana.fr\/ja\/#\/schema\/person\/image\/","url":"https:\/\/secure.gravatar.com\/avatar\/b53fa5515b55c193a883253e48e39765?s=96&d=retro&r=g","contentUrl":"https:\/\/secure.gravatar.com\/avatar\/b53fa5515b55c193a883253e48e39765?s=96&d=retro&r=g","caption":"J\u00e9r\u00e9my Frob\u00e9nius"},"description":"Jeremy Frobenius est un amateur d\u2019architecture et de design depuis de nombreuses ann\u00e9es. Il a rejoint le Forum Deco-Design en 2007 en int\u00e9grant l\u2019\u00e9quipe de mod\u00e9rateurs, et depuis il couvre certains \u00e9v\u00e8nements comme Maison &amp; Objet, ou les Designer's Days... Passionn\u00e9 d\u2019automobiles, il s\u2019exerce aussi \u00e0 la photographie lors de ses voyages et d\u00e9ambulations urbaine.","url":"https:\/\/joyana.fr\/ja\/author\/influence\/"}]}},"author_meta":{"display_name":"J\u00e9r\u00e9my Frob\u00e9nius","author_link":"https:\/\/joyana.fr\/ja\/author\/influence\/"},"featured_img":null,"featured_image_src":null,"featured_image_src_square":null,"jetpack_featured_media_url":"","uagb_featured_image_src":{"full":false,"thumbnail":false,"medium":false,"medium_large":false,"large":false,"1536x1536":false,"2048x2048":false,"featured-thumb":false,"ab-block-post-grid-landscape":false,"ab-block-post-grid-square":false,"author-pro-image":false,"slider":false,"woocommerce_thumbnail":false,"woocommerce_single":false,"woocommerce_gallery_thumbnail":false,"sow-carousel-default":false},"uagb_author_info":{"display_name":"J\u00e9r\u00e9my Frob\u00e9nius","author_link":"https:\/\/joyana.fr\/ja\/author\/influence\/"},"uagb_comment_info":0,"uagb_excerpt":"On ne pr\u00e9sente plus le concept de la DESIGNERBOX qui es&hellip;","coauthors":[],"tax_additional":{"categories":{"linked":["<a href=\"https:\/\/joyana.fr\/ja\/category\/deco-design\/decoration\/accessoires\/\" class=\"advgb-post-tax-term\">Accessoires<\/a>","<a href=\"https:\/\/joyana.fr\/ja\/category\/deco-design\/actualite\/actualite-deco-design\/\" class=\"advgb-post-tax-term\">Actualit\u00e9 D\u00e9co-Design<\/a>","<a href=\"https:\/\/joyana.fr\/ja\/category\/deco-design\/\" class=\"advgb-post-tax-term\">DECO-DESIGN<\/a>","<a href=\"https:\/\/joyana.fr\/ja\/category\/deco-design\/decoration\/\" class=\"advgb-post-tax-term\">D\u00e9coration<\/a>"],"unlinked":["<span class=\"advgb-post-tax-term\">Accessoires<\/span>","<span class=\"advgb-post-tax-term\">Actualit\u00e9 D\u00e9co-Design<\/span>","<span class=\"advgb-post-tax-term\">DECO-DESIGN<\/span>","<span class=\"advgb-post-tax-term\">D\u00e9coration<\/span>"]},"tags":{"linked":["<a href=\"https:\/\/joyana.fr\/ja\/category\/deco-design\/decoration\/\" class=\"advgb-post-tax-term\">A+A COOREN<\/a>","<a href=\"https:\/\/joyana.fr\/ja\/category\/deco-design\/decoration\/\" class=\"advgb-post-tax-term\">ALDO BAKKER<\/a>","<a href=\"https:\/\/joyana.fr\/ja\/category\/deco-design\/decoration\/\" class=\"advgb-post-tax-term\">Arik LEVY<\/a>","<a href=\"https:\/\/joyana.fr\/ja\/category\/deco-design\/decoration\/\" class=\"advgb-post-tax-term\">D\u00e9co<\/a>","<a href=\"https:\/\/joyana.fr\/ja\/category\/deco-design\/decoration\/\" class=\"advgb-post-tax-term\">DESIGN<\/a>","<a href=\"https:\/\/joyana.fr\/ja\/category\/deco-design\/decoration\/\" class=\"advgb-post-tax-term\">DESIGNERBOX<\/a>","<a href=\"https:\/\/joyana.fr\/ja\/category\/deco-design\/decoration\/\" class=\"advgb-post-tax-term\">KAZUHIRO YAMANAKA<\/a>","<a href=\"https:\/\/joyana.fr\/ja\/category\/deco-design\/decoration\/\" class=\"advgb-post-tax-term\">Marianne GUEDIN<\/a>","<a href=\"https:\/\/joyana.fr\/ja\/category\/deco-design\/decoration\/\" class=\"advgb-post-tax-term\">OUTOFSTOCK<\/a>","<a href=\"https:\/\/joyana.fr\/ja\/category\/deco-design\/decoration\/\" class=\"advgb-post-tax-term\">Pauline DELTOUR<\/a>","<a href=\"https:\/\/joyana.fr\/ja\/category\/deco-design\/decoration\/\" class=\"advgb-post-tax-term\">Sam BARON<\/a>","<a href=\"https:\/\/joyana.fr\/ja\/category\/deco-design\/decoration\/\" class=\"advgb-post-tax-term\">scandinave<\/a>","<a href=\"https:\/\/joyana.fr\/ja\/category\/deco-design\/decoration\/\" class=\"advgb-post-tax-term\">vendredi scandinave<\/a>"],"unlinked":["<span class=\"advgb-post-tax-term\">A+A COOREN<\/span>","<span class=\"advgb-post-tax-term\">ALDO BAKKER<\/span>","<span class=\"advgb-post-tax-term\">Arik LEVY<\/span>","<span class=\"advgb-post-tax-term\">D\u00e9co<\/span>","<span class=\"advgb-post-tax-term\">DESIGN<\/span>","<span class=\"advgb-post-tax-term\">DESIGNERBOX<\/span>","<span class=\"advgb-post-tax-term\">KAZUHIRO YAMANAKA<\/span>","<span class=\"advgb-post-tax-term\">Marianne GUEDIN<\/span>","<span class=\"advgb-post-tax-term\">OUTOFSTOCK<\/span>","<span class=\"advgb-post-tax-term\">Pauline DELTOUR<\/span>","<span class=\"advgb-post-tax-term\">Sam BARON<\/span>","<span class=\"advgb-post-tax-term\">scandinave<\/span>","<span class=\"advgb-post-tax-term\">vendredi scandinave<\/span>"]}},"comment_count":0,"relative_dates":{"created":"Posted 12\u5e74 ago","modified":"Updated 12\u5e74 ago"},"absolute_dates":{"created":"Posted on 28 2\u6708 2014","modified":"Updated on 28 2\u6708 2014"},"absolute_dates_time":{"created":"Posted on 28 2\u6708 2014 0:01","modified":"Updated on 28 2\u6708 2014 0:01"},"featured_img_caption":"","series_order":"","jetpack_sharing_enabled":true,"jetpack_shortlink":"https:\/\/wp.me\/p9bteI-u4R","jetpack-related-posts":[],"_links":{"self":[{"href":"https:\/\/joyana.fr\/ja\/wp-json\/wp\/v2\/posts\/115621","targetHints":{"allow":["GET"]}}],"collection":[{"href":"https:\/\/joyana.fr\/ja\/wp-json\/wp\/v2\/posts"}],"about":[{"href":"https:\/\/joyana.fr\/ja\/wp-json\/wp\/v2\/types\/post"}],"author":[{"embeddable":true,"href":"https:\/\/joyana.fr\/ja\/wp-json\/wp\/v2\/users\/2"}],"replies":[{"embeddable":true,"href":"https:\/\/joyana.fr\/ja\/wp-json\/wp\/v2\/comments?post=115621"}],"version-history":[{"count":0,"href":"https:\/\/joyana.fr\/ja\/wp-json\/wp\/v2\/posts\/115621\/revisions"}],"wp:featuredmedia":[{"embeddable":true,"href":"https:\/\/joyana.fr\/ja\/wp-json\/"}],"wp:attachment":[{"href":"https:\/\/joyana.fr\/ja\/wp-json\/wp\/v2\/media?parent=115621"}],"wp:term":[{"taxonomy":"category","embeddable":true,"href":"https:\/\/joyana.fr\/ja\/wp-json\/wp\/v2\/categories?post=115621"},{"taxonomy":"post_tag","embeddable":true,"href":"https:\/\/joyana.fr\/ja\/wp-json\/wp\/v2\/tags?post=115621"}],"curies":[{"name":"wp","href":"https:\/\/api.w.org\/{rel}","templated":true}]}}