{"id":115880,"date":"2014-03-24T15:51:54","date_gmt":"2014-03-24T14:51:54","guid":{"rendered":"https:\/\/joyana.fr\/?p=15880"},"modified":"2014-03-24T15:51:54","modified_gmt":"2014-03-24T14:51:54","slug":"suspension-ikea-ps-2014-par-david-wahl","status":"publish","type":"post","link":"https:\/\/joyana.fr\/ja\/suspension-ikea-ps-2014-par-david-wahl\/115880\/","title":{"rendered":"Suspension IKEA PS 2014 par David WAHL"},"content":{"rendered":"<p>Apr\u00e8s vous avoir pr\u00e9sent\u00e9 la collection <a title=\"IKEA PS 2014\" href=\"https:\/\/joyana.fr\/ikea-ps-2014-preview\/15727\/\" target=\"_blank\"><strong>IKEA PS 2014<\/strong><\/a>, nous vous d\u00e9voilons aujourd&#8217;hui notre coup de coeur &#8211; la <strong>suspension IKEA PS 2014<\/strong> par <strong>David Wahl<\/strong>&#8230;<\/p>\n<p><img data-recalc-dims=\"1\" fetchpriority=\"high\" decoding=\"async\" class=\"alignnone size-large wp-image-15882\" title=\"IKEA-PS-2014-DSC02470\" src=\"https:\/\/i0.wp.com\/joyana.fr\/wp-content\/uploads\/2014\/03\/IKEA-PS-2014-DSC02470.jpg?resize=576%2C387&#038;ssl=1\" alt=\"\" width=\"576\" height=\"387\" \/><\/p>\n<p>Cette <strong>suspension IKEA PS 2014<\/strong> nous a s\u00e9duit par son syst\u00e8me d&#8217;ouverture et fermeture tr\u00e8s simple, mais visuellement impressionnant. R\u00e9alis\u00e9e en plastique ABS et polyamide, d&#8217;une dimension de \u00d835cm, elle est propos\u00e9e en blanc\/orange et blanc\/vert. Inconsciemment on ne peut s&#8217;emp\u00eacher de penser \u00e0 l&#8217;\u00e9toile noire de Star Wars, mais tout s&#8217;explique :<\/p>\n<p><em>&#8220;Je suis un grand fan de science fiction et de jeux vid\u00e9o. L\u2019id\u00e9e est de laisser le client changer la forme de la suspension et varier les ombres et la lumi\u00e8re en tirant sur la cordelette. La station de travail accueille smartphone, tablette, ordinateur portable\u2026 Mon id\u00e9e \u00e9tait de combiner des fonctions modernes \u00e0 la forme traditionnelle d\u2019un pi\u00e9destal. J\u2019ai aussi voulu cr\u00e9er un support pour les plantes, objet \u00e0 utiliser \u00e0 l\u2019int\u00e9rieur ou sur un balcon.&#8221; <strong>David Wahl<\/strong><\/em><\/p>\n<p><img data-recalc-dims=\"1\" decoding=\"async\" class=\"alignnone size-large wp-image-15881\" title=\"IKEA-PS-2014-DSC02469\" src=\"https:\/\/i0.wp.com\/joyana.fr\/wp-content\/uploads\/2014\/03\/IKEA-PS-2014-DSC02469.jpg?resize=576%2C594&#038;ssl=1\" alt=\"\" width=\"576\" height=\"594\" \/><\/p>\n<p><img data-recalc-dims=\"1\" decoding=\"async\" class=\"alignnone size-large wp-image-15883\" title=\"ikea-ps-2014-DSC02472\" src=\"https:\/\/i0.wp.com\/joyana.fr\/wp-content\/uploads\/2014\/03\/ikea-ps-2014-DSC02472.jpg?resize=576%2C383&#038;ssl=1\" alt=\"\" width=\"576\" height=\"383\" \/><\/p>\n<p><img data-recalc-dims=\"1\" loading=\"lazy\" decoding=\"async\" class=\"alignnone size-large wp-image-15885\" title=\"ColourCheck: No info Per A\" src=\"https:\/\/i0.wp.com\/joyana.fr\/wp-content\/uploads\/2014\/03\/IKEA-PS-2014-suspension-ferm%C3%A9e-orange-PE412688-576x971.jpg?resize=576%2C971&#038;ssl=1\" alt=\"\" width=\"576\" height=\"971\" \/><\/p>\n<p><img data-recalc-dims=\"1\" loading=\"lazy\" decoding=\"async\" class=\"alignnone size-large wp-image-15884\" title=\"ColourCheck: No info Per A\" src=\"https:\/\/i0.wp.com\/joyana.fr\/wp-content\/uploads\/2014\/03\/IKEA-PS-2014-supension-ouverte-verte-PE412689.jpg?resize=576%2C864&#038;ssl=1\" alt=\"\" width=\"576\" height=\"864\" \/><\/p>\n<p>Rendez-vous \u00e0 2:40 pour voir notre r\u00e9dacteur en chef, Jo Yana, nous d\u00e9voiler son coup de coeur&#8230;<\/p>\n<p><iframe src=\"\/\/www.youtube.com\/embed\/LZ0dQISD_4E?rel=0\" frameborder=\"0\" width=\"576\" height=\"324\"><\/iframe><\/p>\n<p style=\"text-align: center;\">Disponible le 04 Avril chez <a title=\"IKEA\" href=\"http:\/\/www.ikea.com\/fr\/fr\/\" target=\"_blank\"><strong>IKEA<\/strong><\/a><\/p>\n","protected":false},"excerpt":{"rendered":"<p>Apr\u00e8s vous avoir pr\u00e9sent\u00e9 la collection IKEA PS 2014, nous vous d\u00e9voilons aujourd&#8217;hui notre coup de coeu [&hellip;]<\/p>\n","protected":false},"author":2,"featured_media":115882,"comment_status":"open","ping_status":"open","sticky":false,"template":"","format":"standard","meta":{"_coblocks_attr":"","_coblocks_dimensions":"","_coblocks_responsive_height":"","_coblocks_accordion_ie_support":"","_uag_custom_page_level_css":"","advgb_blocks_editor_width":"","advgb_blocks_columns_visual_guide":"","_genesis_hide_title":false,"_genesis_hide_breadcrumbs":false,"_genesis_hide_singular_image":false,"_genesis_hide_footer_widgets":false,"_genesis_custom_body_class":"","_genesis_custom_post_class":"","_genesis_layout":"","_themeisle_gutenberg_block_has_review":false,"_jetpack_newsletter_access":"","_jetpack_dont_email_post_to_subs":false,"_jetpack_newsletter_tier_id":0,"_jetpack_memberships_contains_paywalled_content":false,"_jetpack_memberships_contains_paid_content":false,"footnotes":""},"categories":[905,928,1023],"tags":[78,1010,1500,1318],"class_list":{"0":"post-115880","1":"post","2":"type-post","3":"status-publish","4":"format-standard","5":"has-post-thumbnail","7":"category-deco-design","8":"category-ikea","9":"category-suspension","10":"tag-design","11":"tag-ikea","12":"tag-luminaire-design","13":"tag-suspension-design","14":"entry"},"featured_image_urls":{"full":["https:\/\/i0.wp.com\/joyana.fr\/wp-content\/uploads\/2014\/03\/IKEA-PS-2014-DSC02470.jpg?fit=650%2C437&ssl=1",650,437,false],"thumbnail":["https:\/\/i0.wp.com\/joyana.fr\/wp-content\/uploads\/2014\/03\/IKEA-PS-2014-DSC02470.jpg?resize=150%2C150&ssl=1",150,150,true],"medium":["https:\/\/i0.wp.com\/joyana.fr\/wp-content\/uploads\/2014\/03\/IKEA-PS-2014-DSC02470.jpg?fit=389%2C262&ssl=1",389,262,true],"medium_large":["https:\/\/i0.wp.com\/joyana.fr\/wp-content\/uploads\/2014\/03\/IKEA-PS-2014-DSC02470.jpg?fit=650%2C437&ssl=1",650,437,true],"large":["https:\/\/i0.wp.com\/joyana.fr\/wp-content\/uploads\/2014\/03\/IKEA-PS-2014-DSC02470.jpg?fit=650%2C437&ssl=1",650,437,true],"1536x1536":["https:\/\/i0.wp.com\/joyana.fr\/wp-content\/uploads\/2014\/03\/IKEA-PS-2014-DSC02470.jpg?fit=650%2C437&ssl=1",650,437,true],"2048x2048":["https:\/\/i0.wp.com\/joyana.fr\/wp-content\/uploads\/2014\/03\/IKEA-PS-2014-DSC02470.jpg?fit=650%2C437&ssl=1",650,437,true],"featured-thumb":["https:\/\/i0.wp.com\/joyana.fr\/wp-content\/uploads\/2014\/03\/IKEA-PS-2014-DSC02470.jpg?resize=650%2C437&ssl=1",650,437,true],"ab-block-post-grid-landscape":["https:\/\/i0.wp.com\/joyana.fr\/wp-content\/uploads\/2014\/03\/IKEA-PS-2014-DSC02470.jpg?resize=600%2C400&ssl=1",600,400,true],"ab-block-post-grid-square":["https:\/\/i0.wp.com\/joyana.fr\/wp-content\/uploads\/2014\/03\/IKEA-PS-2014-DSC02470.jpg?resize=600%2C437&ssl=1",600,437,true],"author-pro-image":["https:\/\/i0.wp.com\/joyana.fr\/wp-content\/uploads\/2014\/03\/IKEA-PS-2014-DSC02470.jpg?resize=360%2C437&ssl=1",360,437,true],"slider":["https:\/\/i0.wp.com\/joyana.fr\/wp-content\/uploads\/2014\/03\/IKEA-PS-2014-DSC02470.jpg?resize=650%2C400&ssl=1",650,400,true],"woocommerce_thumbnail":["https:\/\/i0.wp.com\/joyana.fr\/wp-content\/uploads\/2014\/03\/IKEA-PS-2014-DSC02470.jpg?resize=450%2C437&ssl=1",450,437,true],"woocommerce_single":["https:\/\/i0.wp.com\/joyana.fr\/wp-content\/uploads\/2014\/03\/IKEA-PS-2014-DSC02470.jpg?fit=650%2C437&ssl=1",650,437,true],"woocommerce_gallery_thumbnail":["https:\/\/i0.wp.com\/joyana.fr\/wp-content\/uploads\/2014\/03\/IKEA-PS-2014-DSC02470.jpg?resize=180%2C180&ssl=1",180,180,true],"sow-carousel-default":["https:\/\/i0.wp.com\/joyana.fr\/wp-content\/uploads\/2014\/03\/IKEA-PS-2014-DSC02470.jpg?resize=272%2C182&ssl=1",272,182,true]},"post_excerpt_stackable":"<p>Apr\u00e8s vous avoir pr\u00e9sent\u00e9 la collection IKEA PS 2014, nous vous d\u00e9voilons aujourd&#8217;hui notre co&hellip;<\/p>\n","category_list":"<a href=\"https:\/\/joyana.fr\/ja\/category\/deco-design\/\" rel=\"category tag\">DECO-DESIGN<\/a>, <a href=\"https:\/\/joyana.fr\/ja\/category\/marques\/ikea\/\" rel=\"category tag\">IKEA<\/a>, <a href=\"https:\/\/joyana.fr\/ja\/category\/deco-design\/luminaire\/suspension\/\" rel=\"category tag\">Suspension<\/a>","author_info":{"display_name":"J\u00e9r\u00e9my Frob\u00e9nius","author_link":"https:\/\/joyana.fr\/ja\/author\/influence\/"},"comments_num":"2 comments","featured_image_urls_v2":{"full":["https:\/\/i0.wp.com\/joyana.fr\/wp-content\/uploads\/2014\/03\/IKEA-PS-2014-DSC02470.jpg?fit=650%2C437&ssl=1",650,437,false],"thumbnail":["https:\/\/i0.wp.com\/joyana.fr\/wp-content\/uploads\/2014\/03\/IKEA-PS-2014-DSC02470.jpg?resize=150%2C150&ssl=1",150,150,true],"medium":["https:\/\/i0.wp.com\/joyana.fr\/wp-content\/uploads\/2014\/03\/IKEA-PS-2014-DSC02470.jpg?fit=389%2C262&ssl=1",389,262,true],"medium_large":["https:\/\/i0.wp.com\/joyana.fr\/wp-content\/uploads\/2014\/03\/IKEA-PS-2014-DSC02470.jpg?fit=650%2C437&ssl=1",650,437,true],"large":["https:\/\/i0.wp.com\/joyana.fr\/wp-content\/uploads\/2014\/03\/IKEA-PS-2014-DSC02470.jpg?fit=650%2C437&ssl=1",650,437,true],"1536x1536":["https:\/\/i0.wp.com\/joyana.fr\/wp-content\/uploads\/2014\/03\/IKEA-PS-2014-DSC02470.jpg?fit=650%2C437&ssl=1",650,437,true],"2048x2048":["https:\/\/i0.wp.com\/joyana.fr\/wp-content\/uploads\/2014\/03\/IKEA-PS-2014-DSC02470.jpg?fit=650%2C437&ssl=1",650,437,true],"featured-thumb":["https:\/\/i0.wp.com\/joyana.fr\/wp-content\/uploads\/2014\/03\/IKEA-PS-2014-DSC02470.jpg?resize=650%2C437&ssl=1",650,437,true],"ab-block-post-grid-landscape":["https:\/\/i0.wp.com\/joyana.fr\/wp-content\/uploads\/2014\/03\/IKEA-PS-2014-DSC02470.jpg?resize=600%2C400&ssl=1",600,400,true],"ab-block-post-grid-square":["https:\/\/i0.wp.com\/joyana.fr\/wp-content\/uploads\/2014\/03\/IKEA-PS-2014-DSC02470.jpg?resize=600%2C437&ssl=1",600,437,true],"author-pro-image":["https:\/\/i0.wp.com\/joyana.fr\/wp-content\/uploads\/2014\/03\/IKEA-PS-2014-DSC02470.jpg?resize=360%2C437&ssl=1",360,437,true],"slider":["https:\/\/i0.wp.com\/joyana.fr\/wp-content\/uploads\/2014\/03\/IKEA-PS-2014-DSC02470.jpg?resize=650%2C400&ssl=1",650,400,true],"woocommerce_thumbnail":["https:\/\/i0.wp.com\/joyana.fr\/wp-content\/uploads\/2014\/03\/IKEA-PS-2014-DSC02470.jpg?resize=450%2C437&ssl=1",450,437,true],"woocommerce_single":["https:\/\/i0.wp.com\/joyana.fr\/wp-content\/uploads\/2014\/03\/IKEA-PS-2014-DSC02470.jpg?fit=650%2C437&ssl=1",650,437,true],"woocommerce_gallery_thumbnail":["https:\/\/i0.wp.com\/joyana.fr\/wp-content\/uploads\/2014\/03\/IKEA-PS-2014-DSC02470.jpg?resize=180%2C180&ssl=1",180,180,true],"sow-carousel-default":["https:\/\/i0.wp.com\/joyana.fr\/wp-content\/uploads\/2014\/03\/IKEA-PS-2014-DSC02470.jpg?resize=272%2C182&ssl=1",272,182,true]},"post_excerpt_stackable_v2":"<p>Apr\u00e8s vous avoir pr\u00e9sent\u00e9 la collection IKEA PS 2014, nous vous d\u00e9voilons aujourd&#8217;hui notre co&hellip;<\/p>\n","category_list_v2":"<a href=\"https:\/\/joyana.fr\/ja\/category\/deco-design\/\" rel=\"category tag\">DECO-DESIGN<\/a>, <a href=\"https:\/\/joyana.fr\/ja\/category\/marques\/ikea\/\" rel=\"category tag\">IKEA<\/a>, <a href=\"https:\/\/joyana.fr\/ja\/category\/deco-design\/luminaire\/suspension\/\" rel=\"category tag\">Suspension<\/a>","author_info_v2":{"name":"J\u00e9r\u00e9my Frob\u00e9nius","url":"https:\/\/joyana.fr\/ja\/author\/influence\/"},"comments_num_v2":"2 comments","yoast_head":"<!-- This site is optimized with the Yoast SEO plugin v26.8 - https:\/\/yoast.com\/product\/yoast-seo-wordpress\/ -->\n<title>Suspension IKEA PS 2014 par David WAHL - JO YANA<\/title>\n<meta name=\"robots\" content=\"index, follow, max-snippet:-1, max-image-preview:large, max-video-preview:-1\" \/>\n<link rel=\"canonical\" href=\"https:\/\/joyana.fr\/ja\/suspension-ikea-ps-2014-par-david-wahl\/115880\/\" \/>\n<meta property=\"og:locale\" content=\"ja_JP\" \/>\n<meta property=\"og:locale:alternate\" content=\"fr_FR\" \/>\n<meta property=\"og:locale:alternate\" content=\"en_US\" \/>\n<meta property=\"og:type\" content=\"article\" \/>\n<meta property=\"og:title\" content=\"Suspension IKEA PS 2014 par David WAHL - JO YANA\" \/>\n<meta property=\"og:description\" content=\"Apr\u00e8s vous avoir pr\u00e9sent\u00e9 la collection IKEA PS 2014, nous vous d\u00e9voilons aujourd&#8217;hui notre coup de coeu [&hellip;]\" \/>\n<meta property=\"og:url\" content=\"https:\/\/joyana.fr\/ja\/suspension-ikea-ps-2014-par-david-wahl\/115880\/\" \/>\n<meta property=\"og:site_name\" content=\"JO YANA\" \/>\n<meta property=\"article:published_time\" content=\"2014-03-24T14:51:54+00:00\" \/>\n<meta property=\"og:image\" content=\"https:\/\/joyana.fr\/wp-content\/uploads\/2014\/03\/IKEA-PS-2014-DSC02470.jpg\" \/>\n\t<meta property=\"og:image:width\" content=\"650\" \/>\n\t<meta property=\"og:image:height\" content=\"437\" \/>\n\t<meta property=\"og:image:type\" content=\"image\/jpeg\" \/>\n<meta name=\"author\" content=\"J\u00e9r\u00e9my Frob\u00e9nius\" \/>\n<meta name=\"twitter:card\" content=\"summary_large_image\" \/>\n<meta name=\"twitter:creator\" content=\"@Jo_Yana\" \/>\n<meta name=\"twitter:site\" content=\"@Jo_Yana\" \/>\n<meta name=\"twitter:label1\" content=\"\u57f7\u7b46\u8005\" \/>\n\t<meta name=\"twitter:data1\" content=\"J\u00e9r\u00e9my Frob\u00e9nius\" \/>\n\t<meta name=\"twitter:label2\" content=\"\u63a8\u5b9a\u8aad\u307f\u53d6\u308a\u6642\u9593\" \/>\n\t<meta name=\"twitter:data2\" content=\"1\u5206\" \/>\n<script type=\"application\/ld+json\" class=\"yoast-schema-graph\">{\"@context\":\"https:\/\/schema.org\",\"@graph\":[{\"@type\":\"Article\",\"@id\":\"https:\/\/joyana.fr\/suspension-ikea-ps-2014-par-david-wahl\/115880\/#article\",\"isPartOf\":{\"@id\":\"https:\/\/joyana.fr\/suspension-ikea-ps-2014-par-david-wahl\/115880\/\"},\"author\":{\"name\":\"J\u00e9r\u00e9my Frob\u00e9nius\",\"@id\":\"https:\/\/www.joyana.fr\/ja\/#\/schema\/person\/30e35bdb5bc60b25602df18045191b72\"},\"headline\":\"Suspension IKEA PS 2014 par David WAHL\",\"datePublished\":\"2014-03-24T14:51:54+00:00\",\"mainEntityOfPage\":{\"@id\":\"https:\/\/joyana.fr\/suspension-ikea-ps-2014-par-david-wahl\/115880\/\"},\"wordCount\":207,\"commentCount\":1,\"publisher\":{\"@id\":\"https:\/\/www.joyana.fr\/ja\/#\/schema\/person\/cf2a1ad12a27c12c21801075bf37407c\"},\"image\":{\"@id\":\"https:\/\/joyana.fr\/suspension-ikea-ps-2014-par-david-wahl\/115880\/#primaryimage\"},\"thumbnailUrl\":\"https:\/\/i0.wp.com\/joyana.fr\/wp-content\/uploads\/2014\/03\/IKEA-PS-2014-DSC02470.jpg?fit=650%2C437&ssl=1\",\"keywords\":[\"DESIGN\",\"IKEA\",\"Luminaire design\",\"Suspension design\"],\"articleSection\":[\"DECO-DESIGN\",\"IKEA\",\"Suspension\"],\"inLanguage\":\"ja\",\"potentialAction\":[{\"@type\":\"CommentAction\",\"name\":\"Comment\",\"target\":[\"https:\/\/joyana.fr\/suspension-ikea-ps-2014-par-david-wahl\/115880\/#respond\"]}]},{\"@type\":\"WebPage\",\"@id\":\"https:\/\/joyana.fr\/suspension-ikea-ps-2014-par-david-wahl\/115880\/\",\"url\":\"https:\/\/joyana.fr\/suspension-ikea-ps-2014-par-david-wahl\/115880\/\",\"name\":\"Suspension IKEA PS 2014 par David WAHL - JO YANA\",\"isPartOf\":{\"@id\":\"https:\/\/www.joyana.fr\/ja\/#website\"},\"primaryImageOfPage\":{\"@id\":\"https:\/\/joyana.fr\/suspension-ikea-ps-2014-par-david-wahl\/115880\/#primaryimage\"},\"image\":{\"@id\":\"https:\/\/joyana.fr\/suspension-ikea-ps-2014-par-david-wahl\/115880\/#primaryimage\"},\"thumbnailUrl\":\"https:\/\/i0.wp.com\/joyana.fr\/wp-content\/uploads\/2014\/03\/IKEA-PS-2014-DSC02470.jpg?fit=650%2C437&ssl=1\",\"datePublished\":\"2014-03-24T14:51:54+00:00\",\"breadcrumb\":{\"@id\":\"https:\/\/joyana.fr\/suspension-ikea-ps-2014-par-david-wahl\/115880\/#breadcrumb\"},\"inLanguage\":\"ja\",\"potentialAction\":[{\"@type\":\"ReadAction\",\"target\":[\"https:\/\/joyana.fr\/suspension-ikea-ps-2014-par-david-wahl\/115880\/\"]}]},{\"@type\":\"ImageObject\",\"inLanguage\":\"ja\",\"@id\":\"https:\/\/joyana.fr\/suspension-ikea-ps-2014-par-david-wahl\/115880\/#primaryimage\",\"url\":\"https:\/\/i0.wp.com\/joyana.fr\/wp-content\/uploads\/2014\/03\/IKEA-PS-2014-DSC02470.jpg?fit=650%2C437&ssl=1\",\"contentUrl\":\"https:\/\/i0.wp.com\/joyana.fr\/wp-content\/uploads\/2014\/03\/IKEA-PS-2014-DSC02470.jpg?fit=650%2C437&ssl=1\",\"width\":650,\"height\":437},{\"@type\":\"BreadcrumbList\",\"@id\":\"https:\/\/joyana.fr\/suspension-ikea-ps-2014-par-david-wahl\/115880\/#breadcrumb\",\"itemListElement\":[{\"@type\":\"ListItem\",\"position\":1,\"name\":\"Accueil\",\"item\":\"https:\/\/www.joyana.fr\/ja\/\"},{\"@type\":\"ListItem\",\"position\":2,\"name\":\"Suspension IKEA PS 2014 par David WAHL\"}]},{\"@type\":\"WebSite\",\"@id\":\"https:\/\/www.joyana.fr\/ja\/#website\",\"url\":\"https:\/\/www.joyana.fr\/ja\/\",\"name\":\"JO YANA\",\"description\":\"Blog Mode Homme, Lifestyle, D\u00e9co-Design\",\"publisher\":{\"@id\":\"https:\/\/www.joyana.fr\/ja\/#\/schema\/person\/cf2a1ad12a27c12c21801075bf37407c\"},\"potentialAction\":[{\"@type\":\"SearchAction\",\"target\":{\"@type\":\"EntryPoint\",\"urlTemplate\":\"https:\/\/www.joyana.fr\/ja\/?s={search_term_string}\"},\"query-input\":{\"@type\":\"PropertyValueSpecification\",\"valueRequired\":true,\"valueName\":\"search_term_string\"}}],\"inLanguage\":\"ja\"},{\"@type\":[\"Person\",\"Organization\"],\"@id\":\"https:\/\/www.joyana.fr\/ja\/#\/schema\/person\/cf2a1ad12a27c12c21801075bf37407c\",\"name\":\"Jo Yana\",\"image\":{\"@type\":\"ImageObject\",\"inLanguage\":\"ja\",\"@id\":\"https:\/\/www.joyana.fr\/ja\/#\/schema\/person\/image\/\",\"url\":\"https:\/\/i0.wp.com\/joyana.fr\/wp-content\/uploads\/2016\/08\/cropped-joyana-logo-black-360x180.png?fit=343%2C164&ssl=1\",\"contentUrl\":\"https:\/\/i0.wp.com\/joyana.fr\/wp-content\/uploads\/2016\/08\/cropped-joyana-logo-black-360x180.png?fit=343%2C164&ssl=1\",\"width\":343,\"height\":164,\"caption\":\"Jo Yana\"},\"logo\":{\"@id\":\"https:\/\/www.joyana.fr\/ja\/#\/schema\/person\/image\/\"},\"description\":\"Jo Yana est le cr\u00e9ateur et r\u00e9dacteur en chef des sites DECO-DESIGN. Passionn\u00e9 de Design, Mode, Photo, Luxe, Lifestyle, Musique, mais avant tout Blogueur ! Le plaisir de partager l'anime et a comme devise \\\"POUR L'AMOUR DU BEAU\\\". Retrouvez le aussi sur son blog personnel - https:\/\/joyana.fr...\",\"sameAs\":[\"https:\/\/joyana.fr\/\"]},{\"@type\":\"Person\",\"@id\":\"https:\/\/www.joyana.fr\/ja\/#\/schema\/person\/30e35bdb5bc60b25602df18045191b72\",\"name\":\"J\u00e9r\u00e9my Frob\u00e9nius\",\"image\":{\"@type\":\"ImageObject\",\"inLanguage\":\"ja\",\"@id\":\"https:\/\/www.joyana.fr\/ja\/#\/schema\/person\/image\/\",\"url\":\"https:\/\/secure.gravatar.com\/avatar\/b53fa5515b55c193a883253e48e39765?s=96&d=retro&r=g\",\"contentUrl\":\"https:\/\/secure.gravatar.com\/avatar\/b53fa5515b55c193a883253e48e39765?s=96&d=retro&r=g\",\"caption\":\"J\u00e9r\u00e9my Frob\u00e9nius\"},\"description\":\"Jeremy Frobenius est un amateur d\u2019architecture et de design depuis de nombreuses ann\u00e9es. Il a rejoint le Forum Deco-Design en 2007 en int\u00e9grant l\u2019\u00e9quipe de mod\u00e9rateurs, et depuis il couvre certains \u00e9v\u00e8nements comme Maison &amp; Objet, ou les Designer's Days... Passionn\u00e9 d\u2019automobiles, il s\u2019exerce aussi \u00e0 la photographie lors de ses voyages et d\u00e9ambulations urbaine.\",\"url\":\"https:\/\/joyana.fr\/ja\/author\/influence\/\"}]}<\/script>\n<!-- \/ Yoast SEO plugin. -->","yoast_head_json":{"title":"Suspension IKEA PS 2014 par David WAHL - JO YANA","robots":{"index":"index","follow":"follow","max-snippet":"max-snippet:-1","max-image-preview":"max-image-preview:large","max-video-preview":"max-video-preview:-1"},"canonical":"https:\/\/joyana.fr\/ja\/suspension-ikea-ps-2014-par-david-wahl\/115880\/","og_locale":"ja_JP","og_type":"article","og_title":"Suspension IKEA PS 2014 par David WAHL - JO YANA","og_description":"Apr\u00e8s vous avoir pr\u00e9sent\u00e9 la collection IKEA PS 2014, nous vous d\u00e9voilons aujourd&#8217;hui notre coup de coeu [&hellip;]","og_url":"https:\/\/joyana.fr\/ja\/suspension-ikea-ps-2014-par-david-wahl\/115880\/","og_site_name":"JO YANA","article_published_time":"2014-03-24T14:51:54+00:00","og_image":[{"width":650,"height":437,"url":"https:\/\/joyana.fr\/wp-content\/uploads\/2014\/03\/IKEA-PS-2014-DSC02470.jpg","type":"image\/jpeg"}],"author":"J\u00e9r\u00e9my Frob\u00e9nius","twitter_card":"summary_large_image","twitter_creator":"@Jo_Yana","twitter_site":"@Jo_Yana","twitter_misc":{"\u57f7\u7b46\u8005":"J\u00e9r\u00e9my Frob\u00e9nius","\u63a8\u5b9a\u8aad\u307f\u53d6\u308a\u6642\u9593":"1\u5206"},"schema":{"@context":"https:\/\/schema.org","@graph":[{"@type":"Article","@id":"https:\/\/joyana.fr\/suspension-ikea-ps-2014-par-david-wahl\/115880\/#article","isPartOf":{"@id":"https:\/\/joyana.fr\/suspension-ikea-ps-2014-par-david-wahl\/115880\/"},"author":{"name":"J\u00e9r\u00e9my Frob\u00e9nius","@id":"https:\/\/www.joyana.fr\/ja\/#\/schema\/person\/30e35bdb5bc60b25602df18045191b72"},"headline":"Suspension IKEA PS 2014 par David WAHL","datePublished":"2014-03-24T14:51:54+00:00","mainEntityOfPage":{"@id":"https:\/\/joyana.fr\/suspension-ikea-ps-2014-par-david-wahl\/115880\/"},"wordCount":207,"commentCount":1,"publisher":{"@id":"https:\/\/www.joyana.fr\/ja\/#\/schema\/person\/cf2a1ad12a27c12c21801075bf37407c"},"image":{"@id":"https:\/\/joyana.fr\/suspension-ikea-ps-2014-par-david-wahl\/115880\/#primaryimage"},"thumbnailUrl":"https:\/\/i0.wp.com\/joyana.fr\/wp-content\/uploads\/2014\/03\/IKEA-PS-2014-DSC02470.jpg?fit=650%2C437&ssl=1","keywords":["DESIGN","IKEA","Luminaire design","Suspension design"],"articleSection":["DECO-DESIGN","IKEA","Suspension"],"inLanguage":"ja","potentialAction":[{"@type":"CommentAction","name":"Comment","target":["https:\/\/joyana.fr\/suspension-ikea-ps-2014-par-david-wahl\/115880\/#respond"]}]},{"@type":"WebPage","@id":"https:\/\/joyana.fr\/suspension-ikea-ps-2014-par-david-wahl\/115880\/","url":"https:\/\/joyana.fr\/suspension-ikea-ps-2014-par-david-wahl\/115880\/","name":"Suspension IKEA PS 2014 par David WAHL - JO YANA","isPartOf":{"@id":"https:\/\/www.joyana.fr\/ja\/#website"},"primaryImageOfPage":{"@id":"https:\/\/joyana.fr\/suspension-ikea-ps-2014-par-david-wahl\/115880\/#primaryimage"},"image":{"@id":"https:\/\/joyana.fr\/suspension-ikea-ps-2014-par-david-wahl\/115880\/#primaryimage"},"thumbnailUrl":"https:\/\/i0.wp.com\/joyana.fr\/wp-content\/uploads\/2014\/03\/IKEA-PS-2014-DSC02470.jpg?fit=650%2C437&ssl=1","datePublished":"2014-03-24T14:51:54+00:00","breadcrumb":{"@id":"https:\/\/joyana.fr\/suspension-ikea-ps-2014-par-david-wahl\/115880\/#breadcrumb"},"inLanguage":"ja","potentialAction":[{"@type":"ReadAction","target":["https:\/\/joyana.fr\/suspension-ikea-ps-2014-par-david-wahl\/115880\/"]}]},{"@type":"ImageObject","inLanguage":"ja","@id":"https:\/\/joyana.fr\/suspension-ikea-ps-2014-par-david-wahl\/115880\/#primaryimage","url":"https:\/\/i0.wp.com\/joyana.fr\/wp-content\/uploads\/2014\/03\/IKEA-PS-2014-DSC02470.jpg?fit=650%2C437&ssl=1","contentUrl":"https:\/\/i0.wp.com\/joyana.fr\/wp-content\/uploads\/2014\/03\/IKEA-PS-2014-DSC02470.jpg?fit=650%2C437&ssl=1","width":650,"height":437},{"@type":"BreadcrumbList","@id":"https:\/\/joyana.fr\/suspension-ikea-ps-2014-par-david-wahl\/115880\/#breadcrumb","itemListElement":[{"@type":"ListItem","position":1,"name":"Accueil","item":"https:\/\/www.joyana.fr\/ja\/"},{"@type":"ListItem","position":2,"name":"Suspension IKEA PS 2014 par David WAHL"}]},{"@type":"WebSite","@id":"https:\/\/www.joyana.fr\/ja\/#website","url":"https:\/\/www.joyana.fr\/ja\/","name":"JO YANA","description":"Blog Mode Homme, Lifestyle, D\u00e9co-Design","publisher":{"@id":"https:\/\/www.joyana.fr\/ja\/#\/schema\/person\/cf2a1ad12a27c12c21801075bf37407c"},"potentialAction":[{"@type":"SearchAction","target":{"@type":"EntryPoint","urlTemplate":"https:\/\/www.joyana.fr\/ja\/?s={search_term_string}"},"query-input":{"@type":"PropertyValueSpecification","valueRequired":true,"valueName":"search_term_string"}}],"inLanguage":"ja"},{"@type":["Person","Organization"],"@id":"https:\/\/www.joyana.fr\/ja\/#\/schema\/person\/cf2a1ad12a27c12c21801075bf37407c","name":"Jo Yana","image":{"@type":"ImageObject","inLanguage":"ja","@id":"https:\/\/www.joyana.fr\/ja\/#\/schema\/person\/image\/","url":"https:\/\/i0.wp.com\/joyana.fr\/wp-content\/uploads\/2016\/08\/cropped-joyana-logo-black-360x180.png?fit=343%2C164&ssl=1","contentUrl":"https:\/\/i0.wp.com\/joyana.fr\/wp-content\/uploads\/2016\/08\/cropped-joyana-logo-black-360x180.png?fit=343%2C164&ssl=1","width":343,"height":164,"caption":"Jo Yana"},"logo":{"@id":"https:\/\/www.joyana.fr\/ja\/#\/schema\/person\/image\/"},"description":"Jo Yana est le cr\u00e9ateur et r\u00e9dacteur en chef des sites DECO-DESIGN. Passionn\u00e9 de Design, Mode, Photo, Luxe, Lifestyle, Musique, mais avant tout Blogueur ! Le plaisir de partager l'anime et a comme devise \"POUR L'AMOUR DU BEAU\". Retrouvez le aussi sur son blog personnel - https:\/\/joyana.fr...","sameAs":["https:\/\/joyana.fr\/"]},{"@type":"Person","@id":"https:\/\/www.joyana.fr\/ja\/#\/schema\/person\/30e35bdb5bc60b25602df18045191b72","name":"J\u00e9r\u00e9my Frob\u00e9nius","image":{"@type":"ImageObject","inLanguage":"ja","@id":"https:\/\/www.joyana.fr\/ja\/#\/schema\/person\/image\/","url":"https:\/\/secure.gravatar.com\/avatar\/b53fa5515b55c193a883253e48e39765?s=96&d=retro&r=g","contentUrl":"https:\/\/secure.gravatar.com\/avatar\/b53fa5515b55c193a883253e48e39765?s=96&d=retro&r=g","caption":"J\u00e9r\u00e9my Frob\u00e9nius"},"description":"Jeremy Frobenius est un amateur d\u2019architecture et de design depuis de nombreuses ann\u00e9es. Il a rejoint le Forum Deco-Design en 2007 en int\u00e9grant l\u2019\u00e9quipe de mod\u00e9rateurs, et depuis il couvre certains \u00e9v\u00e8nements comme Maison &amp; Objet, ou les Designer's Days... Passionn\u00e9 d\u2019automobiles, il s\u2019exerce aussi \u00e0 la photographie lors de ses voyages et d\u00e9ambulations urbaine.","url":"https:\/\/joyana.fr\/ja\/author\/influence\/"}]}},"author_meta":{"display_name":"J\u00e9r\u00e9my Frob\u00e9nius","author_link":"https:\/\/joyana.fr\/ja\/author\/influence\/"},"featured_img":"https:\/\/i0.wp.com\/joyana.fr\/wp-content\/uploads\/2014\/03\/IKEA-PS-2014-DSC02470.jpg?fit=389%2C262&ssl=1","featured_image_src":"https:\/\/i0.wp.com\/joyana.fr\/wp-content\/uploads\/2014\/03\/IKEA-PS-2014-DSC02470.jpg?resize=600%2C400&ssl=1","featured_image_src_square":"https:\/\/i0.wp.com\/joyana.fr\/wp-content\/uploads\/2014\/03\/IKEA-PS-2014-DSC02470.jpg?resize=600%2C437&ssl=1","jetpack_featured_media_url":"https:\/\/i0.wp.com\/joyana.fr\/wp-content\/uploads\/2014\/03\/IKEA-PS-2014-DSC02470.jpg?fit=650%2C437&ssl=1","uagb_featured_image_src":{"full":["https:\/\/i0.wp.com\/joyana.fr\/wp-content\/uploads\/2014\/03\/IKEA-PS-2014-DSC02470.jpg?fit=650%2C437&ssl=1",650,437,false],"thumbnail":["https:\/\/i0.wp.com\/joyana.fr\/wp-content\/uploads\/2014\/03\/IKEA-PS-2014-DSC02470.jpg?resize=150%2C150&ssl=1",150,150,true],"medium":["https:\/\/i0.wp.com\/joyana.fr\/wp-content\/uploads\/2014\/03\/IKEA-PS-2014-DSC02470.jpg?fit=389%2C262&ssl=1",389,262,true],"medium_large":["https:\/\/i0.wp.com\/joyana.fr\/wp-content\/uploads\/2014\/03\/IKEA-PS-2014-DSC02470.jpg?fit=650%2C437&ssl=1",650,437,true],"large":["https:\/\/i0.wp.com\/joyana.fr\/wp-content\/uploads\/2014\/03\/IKEA-PS-2014-DSC02470.jpg?fit=650%2C437&ssl=1",650,437,true],"1536x1536":["https:\/\/i0.wp.com\/joyana.fr\/wp-content\/uploads\/2014\/03\/IKEA-PS-2014-DSC02470.jpg?fit=650%2C437&ssl=1",650,437,true],"2048x2048":["https:\/\/i0.wp.com\/joyana.fr\/wp-content\/uploads\/2014\/03\/IKEA-PS-2014-DSC02470.jpg?fit=650%2C437&ssl=1",650,437,true],"featured-thumb":["https:\/\/i0.wp.com\/joyana.fr\/wp-content\/uploads\/2014\/03\/IKEA-PS-2014-DSC02470.jpg?resize=650%2C437&ssl=1",650,437,true],"ab-block-post-grid-landscape":["https:\/\/i0.wp.com\/joyana.fr\/wp-content\/uploads\/2014\/03\/IKEA-PS-2014-DSC02470.jpg?resize=600%2C400&ssl=1",600,400,true],"ab-block-post-grid-square":["https:\/\/i0.wp.com\/joyana.fr\/wp-content\/uploads\/2014\/03\/IKEA-PS-2014-DSC02470.jpg?resize=600%2C437&ssl=1",600,437,true],"author-pro-image":["https:\/\/i0.wp.com\/joyana.fr\/wp-content\/uploads\/2014\/03\/IKEA-PS-2014-DSC02470.jpg?resize=360%2C437&ssl=1",360,437,true],"slider":["https:\/\/i0.wp.com\/joyana.fr\/wp-content\/uploads\/2014\/03\/IKEA-PS-2014-DSC02470.jpg?resize=650%2C400&ssl=1",650,400,true],"woocommerce_thumbnail":["https:\/\/i0.wp.com\/joyana.fr\/wp-content\/uploads\/2014\/03\/IKEA-PS-2014-DSC02470.jpg?resize=450%2C437&ssl=1",450,437,true],"woocommerce_single":["https:\/\/i0.wp.com\/joyana.fr\/wp-content\/uploads\/2014\/03\/IKEA-PS-2014-DSC02470.jpg?fit=650%2C437&ssl=1",650,437,true],"woocommerce_gallery_thumbnail":["https:\/\/i0.wp.com\/joyana.fr\/wp-content\/uploads\/2014\/03\/IKEA-PS-2014-DSC02470.jpg?resize=180%2C180&ssl=1",180,180,true],"sow-carousel-default":["https:\/\/i0.wp.com\/joyana.fr\/wp-content\/uploads\/2014\/03\/IKEA-PS-2014-DSC02470.jpg?resize=272%2C182&ssl=1",272,182,true]},"uagb_author_info":{"display_name":"J\u00e9r\u00e9my Frob\u00e9nius","author_link":"https:\/\/joyana.fr\/ja\/author\/influence\/"},"uagb_comment_info":6,"uagb_excerpt":"Apr\u00e8s vous avoir pr\u00e9sent\u00e9 la collection IKEA PS 2014, n&hellip;","coauthors":[],"tax_additional":{"categories":{"linked":["<a href=\"https:\/\/joyana.fr\/ja\/category\/deco-design\/\" class=\"advgb-post-tax-term\">DECO-DESIGN<\/a>","<a href=\"https:\/\/joyana.fr\/ja\/category\/marques\/ikea\/\" class=\"advgb-post-tax-term\">IKEA<\/a>","<a href=\"https:\/\/joyana.fr\/ja\/category\/deco-design\/luminaire\/suspension\/\" class=\"advgb-post-tax-term\">Suspension<\/a>"],"unlinked":["<span class=\"advgb-post-tax-term\">DECO-DESIGN<\/span>","<span class=\"advgb-post-tax-term\">IKEA<\/span>","<span class=\"advgb-post-tax-term\">Suspension<\/span>"]},"tags":{"linked":["<a href=\"https:\/\/joyana.fr\/ja\/category\/deco-design\/luminaire\/suspension\/\" class=\"advgb-post-tax-term\">DESIGN<\/a>","<a href=\"https:\/\/joyana.fr\/ja\/category\/deco-design\/luminaire\/suspension\/\" class=\"advgb-post-tax-term\">IKEA<\/a>","<a href=\"https:\/\/joyana.fr\/ja\/category\/deco-design\/luminaire\/suspension\/\" class=\"advgb-post-tax-term\">Luminaire design<\/a>","<a href=\"https:\/\/joyana.fr\/ja\/category\/deco-design\/luminaire\/suspension\/\" class=\"advgb-post-tax-term\">Suspension design<\/a>"],"unlinked":["<span class=\"advgb-post-tax-term\">DESIGN<\/span>","<span class=\"advgb-post-tax-term\">IKEA<\/span>","<span class=\"advgb-post-tax-term\">Luminaire design<\/span>","<span class=\"advgb-post-tax-term\">Suspension design<\/span>"]}},"comment_count":2,"relative_dates":{"created":"Posted 12\u5e74 ago","modified":"Updated 12\u5e74 ago"},"absolute_dates":{"created":"Posted on 24 3\u6708 2014","modified":"Updated on 24 3\u6708 2014"},"absolute_dates_time":{"created":"Posted on 24 3\u6708 2014 15:51","modified":"Updated on 24 3\u6708 2014 15:51"},"featured_img_caption":"","series_order":"","jetpack_sharing_enabled":true,"jetpack_shortlink":"https:\/\/wp.me\/p9bteI-u92","jetpack-related-posts":[],"_links":{"self":[{"href":"https:\/\/joyana.fr\/ja\/wp-json\/wp\/v2\/posts\/115880","targetHints":{"allow":["GET"]}}],"collection":[{"href":"https:\/\/joyana.fr\/ja\/wp-json\/wp\/v2\/posts"}],"about":[{"href":"https:\/\/joyana.fr\/ja\/wp-json\/wp\/v2\/types\/post"}],"author":[{"embeddable":true,"href":"https:\/\/joyana.fr\/ja\/wp-json\/wp\/v2\/users\/2"}],"replies":[{"embeddable":true,"href":"https:\/\/joyana.fr\/ja\/wp-json\/wp\/v2\/comments?post=115880"}],"version-history":[{"count":0,"href":"https:\/\/joyana.fr\/ja\/wp-json\/wp\/v2\/posts\/115880\/revisions"}],"wp:featuredmedia":[{"embeddable":true,"href":"https:\/\/joyana.fr\/ja\/wp-json\/wp\/v2\/media\/115882"}],"wp:attachment":[{"href":"https:\/\/joyana.fr\/ja\/wp-json\/wp\/v2\/media?parent=115880"}],"wp:term":[{"taxonomy":"category","embeddable":true,"href":"https:\/\/joyana.fr\/ja\/wp-json\/wp\/v2\/categories?post=115880"},{"taxonomy":"post_tag","embeddable":true,"href":"https:\/\/joyana.fr\/ja\/wp-json\/wp\/v2\/tags?post=115880"}],"curies":[{"name":"wp","href":"https:\/\/api.w.org\/{rel}","templated":true}]}}