{"id":115904,"date":"2014-03-26T13:40:46","date_gmt":"2014-03-26T12:40:46","guid":{"rendered":"https:\/\/joyana.fr\/?p=15904"},"modified":"2014-03-26T13:40:46","modified_gmt":"2014-03-26T12:40:46","slug":"sofa-onyx-peugeot-design-lab-x-pierre-gimbergues","status":"publish","type":"post","link":"https:\/\/joyana.fr\/ja\/sofa-onyx-peugeot-design-lab-x-pierre-gimbergues\/115904\/","title":{"rendered":"Sofa ONYX Peugeot Design Lab x Pierre GIMBERGUES"},"content":{"rendered":"<p style=\"text-align: justify;\">Le <strong>Peugeot Design Lab<\/strong> &#8211; en association avec le designer <strong>Pierre Gimbergues<\/strong> &#8211; nous pr\u00e9sentera le <strong>sofa ONYX<\/strong>, dans quelques jours \u00e0 la <strong>Milan Design Week 2014<\/strong>&#8230;<\/p>\n<p><img data-recalc-dims=\"1\" fetchpriority=\"high\" decoding=\"async\" class=\"alignnone size-large wp-image-15906\" title=\"Peugeot Design Lab Meuble ONYX 001\" alt=\"\" src=\"https:\/\/i0.wp.com\/joyana.fr\/wp-content\/uploads\/2014\/03\/Peugeot-Design-Lab-Meuble-ONYX-001.jpg?resize=576%2C323&#038;ssl=1\" width=\"576\" height=\"323\" \/><\/p>\n<p style=\"text-align: justify;\">70 jours de travail sont n\u00e9cessaire pour sculpter le <strong>sofa ONYX<\/strong>, dans 3 m\u00e8tres de long de pierre compos\u00e9e de carbone et de lave de Volvic. C\u2019est le premier \u00e9l\u00e9ment d\u2019une s\u00e9rie de mobilier unique, fait sur mesure.<\/p>\n<p style=\"text-align: justify;\">D\u00e9coup\u00e9e par une coupe franche, la pierre de Volvic a pass\u00e9 des milliers d\u2019ann\u00e9es \u00e0 filtrer l\u2019eau de source avant d\u2019\u00eatre taill\u00e9e \u00e0 la main et unie au carbone hi-tech qui poss\u00e8de une trame tr\u00e8s structur\u00e9e et technique.<\/p>\n<p><img data-recalc-dims=\"1\" decoding=\"async\" class=\"alignnone size-large wp-image-15907\" title=\"Peugeot Design Lab Meuble ONYX 002\" alt=\"\" src=\"https:\/\/i0.wp.com\/joyana.fr\/wp-content\/uploads\/2014\/03\/Peugeot-Design-Lab-Meuble-ONYX-002.jpg?resize=576%2C323&#038;ssl=1\" width=\"576\" height=\"323\" \/><\/p>\n<p><img data-recalc-dims=\"1\" decoding=\"async\" class=\"alignnone size-large wp-image-15909\" title=\"Peugeot Design Lab Meuble ONYX 003\" alt=\"\" src=\"https:\/\/i0.wp.com\/joyana.fr\/wp-content\/uploads\/2014\/03\/Peugeot-Design-Lab-Meuble-ONYX-003.jpg?resize=576%2C323&#038;ssl=1\" width=\"576\" height=\"323\" \/><\/p>\n<p><img data-recalc-dims=\"1\" loading=\"lazy\" decoding=\"async\" class=\"alignnone size-large wp-image-15913\" title=\"Peugeot Design Lab Meuble ONYX 007\" alt=\"\" src=\"https:\/\/i0.wp.com\/joyana.fr\/wp-content\/uploads\/2014\/03\/Peugeot-Design-Lab-Meuble-ONYX-007.jpg?resize=576%2C323&#038;ssl=1\" width=\"576\" height=\"323\" \/><\/p>\n<div data-carousel-extra='{\"blog_id\":1,\"permalink\":\"https:\\\/\\\/joyana.fr\\\/ja\\\/sofa-onyx-peugeot-design-lab-x-pierre-gimbergues\\\/115904\\\/\"}' id='gallery-1' class='gallery galleryid-115904 gallery-columns-4 gallery-size-thumbnail'><figure class='gallery-item'>\r\n\t\t\t<div class='gallery-icon landscape'>\r\n\t\t\t\t<a href=\"https:\/\/i0.wp.com\/joyana.fr\/wp-content\/uploads\/2014\/03\/Peugeot-Design-Lab-Meuble-ONYX-011.jpg?ssl=1\"><img loading=\"lazy\" decoding=\"async\" width=\"150\" height=\"150\" src=\"https:\/\/i0.wp.com\/joyana.fr\/wp-content\/uploads\/2014\/03\/Peugeot-Design-Lab-Meuble-ONYX-011.jpg?resize=150%2C150&amp;ssl=1\" class=\"attachment-thumbnail size-thumbnail\" alt=\"\" srcset=\"https:\/\/i0.wp.com\/joyana.fr\/wp-content\/uploads\/2014\/03\/Peugeot-Design-Lab-Meuble-ONYX-011.jpg?resize=300%2C300&amp;ssl=1 300w, https:\/\/i0.wp.com\/joyana.fr\/wp-content\/uploads\/2014\/03\/Peugeot-Design-Lab-Meuble-ONYX-011.jpg?resize=100%2C100&amp;ssl=1 100w, https:\/\/i0.wp.com\/joyana.fr\/wp-content\/uploads\/2014\/03\/Peugeot-Design-Lab-Meuble-ONYX-011.jpg?zoom=3&amp;resize=150%2C150&amp;ssl=1 450w\" sizes=\"(max-width: 150px) 100vw, 150px\" data-attachment-id=\"115917\" data-permalink=\"https:\/\/joyana.fr\/ja\/sofa-onyx-peugeot-design-lab-x-pierre-gimbergues\/115904\/peugeot-design-lab-meuble-onyx-011\/\" data-orig-file=\"https:\/\/i0.wp.com\/joyana.fr\/wp-content\/uploads\/2014\/03\/Peugeot-Design-Lab-Meuble-ONYX-011.jpg?fit=650%2C365&amp;ssl=1\" data-orig-size=\"650,365\" data-comments-opened=\"1\" data-image-meta=\"{&quot;aperture&quot;:&quot;0&quot;,&quot;credit&quot;:&quot;&quot;,&quot;camera&quot;:&quot;&quot;,&quot;caption&quot;:&quot;&quot;,&quot;created_timestamp&quot;:&quot;0&quot;,&quot;copyright&quot;:&quot;&quot;,&quot;focal_length&quot;:&quot;0&quot;,&quot;iso&quot;:&quot;0&quot;,&quot;shutter_speed&quot;:&quot;0&quot;,&quot;title&quot;:&quot;&quot;,&quot;orientation&quot;:&quot;1&quot;}\" data-image-title=\"Peugeot Design Lab Meuble ONYX 011\" data-image-description=\"\" data-image-caption=\"\" data-medium-file=\"https:\/\/i0.wp.com\/joyana.fr\/wp-content\/uploads\/2014\/03\/Peugeot-Design-Lab-Meuble-ONYX-011.jpg?fit=389%2C218&amp;ssl=1\" data-large-file=\"https:\/\/i0.wp.com\/joyana.fr\/wp-content\/uploads\/2014\/03\/Peugeot-Design-Lab-Meuble-ONYX-011.jpg?fit=650%2C365&amp;ssl=1\" \/><\/a>\r\n\t\t\t<\/div><\/figure><figure class='gallery-item'>\r\n\t\t\t<div class='gallery-icon landscape'>\r\n\t\t\t\t<a href=\"https:\/\/i0.wp.com\/joyana.fr\/wp-content\/uploads\/2014\/03\/Peugeot-Design-Lab-Meuble-ONYX-010.jpg?ssl=1\"><img loading=\"lazy\" decoding=\"async\" width=\"150\" height=\"150\" src=\"https:\/\/i0.wp.com\/joyana.fr\/wp-content\/uploads\/2014\/03\/Peugeot-Design-Lab-Meuble-ONYX-010.jpg?resize=150%2C150&amp;ssl=1\" class=\"attachment-thumbnail size-thumbnail\" alt=\"\" srcset=\"https:\/\/i0.wp.com\/joyana.fr\/wp-content\/uploads\/2014\/03\/Peugeot-Design-Lab-Meuble-ONYX-010.jpg?resize=300%2C300&amp;ssl=1 300w, https:\/\/i0.wp.com\/joyana.fr\/wp-content\/uploads\/2014\/03\/Peugeot-Design-Lab-Meuble-ONYX-010.jpg?resize=100%2C100&amp;ssl=1 100w, https:\/\/i0.wp.com\/joyana.fr\/wp-content\/uploads\/2014\/03\/Peugeot-Design-Lab-Meuble-ONYX-010.jpg?zoom=3&amp;resize=150%2C150&amp;ssl=1 450w\" sizes=\"(max-width: 150px) 100vw, 150px\" data-attachment-id=\"115916\" data-permalink=\"https:\/\/joyana.fr\/ja\/sofa-onyx-peugeot-design-lab-x-pierre-gimbergues\/115904\/peugeot-design-lab-meuble-onyx-010\/\" data-orig-file=\"https:\/\/i0.wp.com\/joyana.fr\/wp-content\/uploads\/2014\/03\/Peugeot-Design-Lab-Meuble-ONYX-010.jpg?fit=650%2C365&amp;ssl=1\" data-orig-size=\"650,365\" data-comments-opened=\"1\" data-image-meta=\"{&quot;aperture&quot;:&quot;0&quot;,&quot;credit&quot;:&quot;&quot;,&quot;camera&quot;:&quot;&quot;,&quot;caption&quot;:&quot;&quot;,&quot;created_timestamp&quot;:&quot;0&quot;,&quot;copyright&quot;:&quot;&quot;,&quot;focal_length&quot;:&quot;0&quot;,&quot;iso&quot;:&quot;0&quot;,&quot;shutter_speed&quot;:&quot;0&quot;,&quot;title&quot;:&quot;&quot;,&quot;orientation&quot;:&quot;1&quot;}\" data-image-title=\"Peugeot Design Lab Meuble ONYX 010\" data-image-description=\"\" data-image-caption=\"\" data-medium-file=\"https:\/\/i0.wp.com\/joyana.fr\/wp-content\/uploads\/2014\/03\/Peugeot-Design-Lab-Meuble-ONYX-010.jpg?fit=389%2C218&amp;ssl=1\" data-large-file=\"https:\/\/i0.wp.com\/joyana.fr\/wp-content\/uploads\/2014\/03\/Peugeot-Design-Lab-Meuble-ONYX-010.jpg?fit=650%2C365&amp;ssl=1\" \/><\/a>\r\n\t\t\t<\/div><\/figure><figure class='gallery-item'>\r\n\t\t\t<div class='gallery-icon landscape'>\r\n\t\t\t\t<a href=\"https:\/\/i0.wp.com\/joyana.fr\/wp-content\/uploads\/2014\/03\/Peugeot-Design-Lab-Meuble-ONYX-009.jpg?ssl=1\"><img loading=\"lazy\" decoding=\"async\" width=\"150\" height=\"150\" src=\"https:\/\/i0.wp.com\/joyana.fr\/wp-content\/uploads\/2014\/03\/Peugeot-Design-Lab-Meuble-ONYX-009.jpg?resize=150%2C150&amp;ssl=1\" class=\"attachment-thumbnail size-thumbnail\" alt=\"\" srcset=\"https:\/\/i0.wp.com\/joyana.fr\/wp-content\/uploads\/2014\/03\/Peugeot-Design-Lab-Meuble-ONYX-009.jpg?resize=300%2C300&amp;ssl=1 300w, https:\/\/i0.wp.com\/joyana.fr\/wp-content\/uploads\/2014\/03\/Peugeot-Design-Lab-Meuble-ONYX-009.jpg?resize=100%2C100&amp;ssl=1 100w, https:\/\/i0.wp.com\/joyana.fr\/wp-content\/uploads\/2014\/03\/Peugeot-Design-Lab-Meuble-ONYX-009.jpg?zoom=3&amp;resize=150%2C150&amp;ssl=1 450w\" sizes=\"(max-width: 150px) 100vw, 150px\" data-attachment-id=\"115915\" data-permalink=\"https:\/\/joyana.fr\/ja\/sofa-onyx-peugeot-design-lab-x-pierre-gimbergues\/115904\/peugeot-design-lab-meuble-onyx-009\/\" data-orig-file=\"https:\/\/i0.wp.com\/joyana.fr\/wp-content\/uploads\/2014\/03\/Peugeot-Design-Lab-Meuble-ONYX-009.jpg?fit=650%2C365&amp;ssl=1\" data-orig-size=\"650,365\" data-comments-opened=\"1\" data-image-meta=\"{&quot;aperture&quot;:&quot;0&quot;,&quot;credit&quot;:&quot;&quot;,&quot;camera&quot;:&quot;&quot;,&quot;caption&quot;:&quot;&quot;,&quot;created_timestamp&quot;:&quot;0&quot;,&quot;copyright&quot;:&quot;&quot;,&quot;focal_length&quot;:&quot;0&quot;,&quot;iso&quot;:&quot;0&quot;,&quot;shutter_speed&quot;:&quot;0&quot;,&quot;title&quot;:&quot;&quot;,&quot;orientation&quot;:&quot;1&quot;}\" data-image-title=\"Peugeot Design Lab Meuble ONYX 009\" data-image-description=\"\" data-image-caption=\"\" data-medium-file=\"https:\/\/i0.wp.com\/joyana.fr\/wp-content\/uploads\/2014\/03\/Peugeot-Design-Lab-Meuble-ONYX-009.jpg?fit=389%2C218&amp;ssl=1\" data-large-file=\"https:\/\/i0.wp.com\/joyana.fr\/wp-content\/uploads\/2014\/03\/Peugeot-Design-Lab-Meuble-ONYX-009.jpg?fit=650%2C365&amp;ssl=1\" \/><\/a>\r\n\t\t\t<\/div><\/figure><figure class='gallery-item'>\r\n\t\t\t<div class='gallery-icon landscape'>\r\n\t\t\t\t<a href=\"https:\/\/i0.wp.com\/joyana.fr\/wp-content\/uploads\/2014\/03\/Peugeot-Design-Lab-Meuble-ONYX-008.jpg?ssl=1\"><img loading=\"lazy\" decoding=\"async\" width=\"150\" height=\"150\" src=\"https:\/\/i0.wp.com\/joyana.fr\/wp-content\/uploads\/2014\/03\/Peugeot-Design-Lab-Meuble-ONYX-008.jpg?resize=150%2C150&amp;ssl=1\" class=\"attachment-thumbnail size-thumbnail\" alt=\"\" srcset=\"https:\/\/i0.wp.com\/joyana.fr\/wp-content\/uploads\/2014\/03\/Peugeot-Design-Lab-Meuble-ONYX-008.jpg?resize=300%2C300&amp;ssl=1 300w, https:\/\/i0.wp.com\/joyana.fr\/wp-content\/uploads\/2014\/03\/Peugeot-Design-Lab-Meuble-ONYX-008.jpg?resize=100%2C100&amp;ssl=1 100w, https:\/\/i0.wp.com\/joyana.fr\/wp-content\/uploads\/2014\/03\/Peugeot-Design-Lab-Meuble-ONYX-008.jpg?zoom=3&amp;resize=150%2C150&amp;ssl=1 450w\" sizes=\"(max-width: 150px) 100vw, 150px\" data-attachment-id=\"115914\" data-permalink=\"https:\/\/joyana.fr\/ja\/sofa-onyx-peugeot-design-lab-x-pierre-gimbergues\/115904\/peugeot-design-lab-meuble-onyx-008\/\" data-orig-file=\"https:\/\/i0.wp.com\/joyana.fr\/wp-content\/uploads\/2014\/03\/Peugeot-Design-Lab-Meuble-ONYX-008.jpg?fit=650%2C365&amp;ssl=1\" data-orig-size=\"650,365\" data-comments-opened=\"1\" data-image-meta=\"{&quot;aperture&quot;:&quot;0&quot;,&quot;credit&quot;:&quot;&quot;,&quot;camera&quot;:&quot;&quot;,&quot;caption&quot;:&quot;&quot;,&quot;created_timestamp&quot;:&quot;0&quot;,&quot;copyright&quot;:&quot;&quot;,&quot;focal_length&quot;:&quot;0&quot;,&quot;iso&quot;:&quot;0&quot;,&quot;shutter_speed&quot;:&quot;0&quot;,&quot;title&quot;:&quot;&quot;,&quot;orientation&quot;:&quot;1&quot;}\" data-image-title=\"Peugeot Design Lab Meuble ONYX 008\" data-image-description=\"\" data-image-caption=\"\" data-medium-file=\"https:\/\/i0.wp.com\/joyana.fr\/wp-content\/uploads\/2014\/03\/Peugeot-Design-Lab-Meuble-ONYX-008.jpg?fit=389%2C218&amp;ssl=1\" data-large-file=\"https:\/\/i0.wp.com\/joyana.fr\/wp-content\/uploads\/2014\/03\/Peugeot-Design-Lab-Meuble-ONYX-008.jpg?fit=650%2C365&amp;ssl=1\" \/><\/a>\r\n\t\t\t<\/div><\/figure><figure class='gallery-item'>\r\n\t\t\t<div class='gallery-icon landscape'>\r\n\t\t\t\t<a href=\"https:\/\/i0.wp.com\/joyana.fr\/wp-content\/uploads\/2014\/03\/Peugeot-Design-Lab-Meuble-ONYX-007.jpg?ssl=1\"><img loading=\"lazy\" decoding=\"async\" width=\"150\" height=\"150\" src=\"https:\/\/i0.wp.com\/joyana.fr\/wp-content\/uploads\/2014\/03\/Peugeot-Design-Lab-Meuble-ONYX-007.jpg?resize=150%2C150&amp;ssl=1\" class=\"attachment-thumbnail size-thumbnail\" alt=\"\" srcset=\"https:\/\/i0.wp.com\/joyana.fr\/wp-content\/uploads\/2014\/03\/Peugeot-Design-Lab-Meuble-ONYX-007.jpg?resize=300%2C300&amp;ssl=1 300w, https:\/\/i0.wp.com\/joyana.fr\/wp-content\/uploads\/2014\/03\/Peugeot-Design-Lab-Meuble-ONYX-007.jpg?resize=100%2C100&amp;ssl=1 100w, https:\/\/i0.wp.com\/joyana.fr\/wp-content\/uploads\/2014\/03\/Peugeot-Design-Lab-Meuble-ONYX-007.jpg?zoom=3&amp;resize=150%2C150&amp;ssl=1 450w\" sizes=\"(max-width: 150px) 100vw, 150px\" data-attachment-id=\"115913\" data-permalink=\"https:\/\/joyana.fr\/ja\/sofa-onyx-peugeot-design-lab-x-pierre-gimbergues\/115904\/peugeot-design-lab-meuble-onyx-007\/\" data-orig-file=\"https:\/\/i0.wp.com\/joyana.fr\/wp-content\/uploads\/2014\/03\/Peugeot-Design-Lab-Meuble-ONYX-007.jpg?fit=650%2C365&amp;ssl=1\" data-orig-size=\"650,365\" data-comments-opened=\"1\" data-image-meta=\"{&quot;aperture&quot;:&quot;0&quot;,&quot;credit&quot;:&quot;&quot;,&quot;camera&quot;:&quot;&quot;,&quot;caption&quot;:&quot;&quot;,&quot;created_timestamp&quot;:&quot;0&quot;,&quot;copyright&quot;:&quot;&quot;,&quot;focal_length&quot;:&quot;0&quot;,&quot;iso&quot;:&quot;0&quot;,&quot;shutter_speed&quot;:&quot;0&quot;,&quot;title&quot;:&quot;&quot;,&quot;orientation&quot;:&quot;1&quot;}\" data-image-title=\"Peugeot Design Lab Meuble ONYX 007\" data-image-description=\"\" data-image-caption=\"\" data-medium-file=\"https:\/\/i0.wp.com\/joyana.fr\/wp-content\/uploads\/2014\/03\/Peugeot-Design-Lab-Meuble-ONYX-007.jpg?fit=389%2C218&amp;ssl=1\" data-large-file=\"https:\/\/i0.wp.com\/joyana.fr\/wp-content\/uploads\/2014\/03\/Peugeot-Design-Lab-Meuble-ONYX-007.jpg?fit=650%2C365&amp;ssl=1\" \/><\/a>\r\n\t\t\t<\/div><\/figure><figure class='gallery-item'>\r\n\t\t\t<div class='gallery-icon landscape'>\r\n\t\t\t\t<a href=\"https:\/\/i0.wp.com\/joyana.fr\/wp-content\/uploads\/2014\/03\/Peugeot-Design-Lab-Meuble-ONYX-006.jpg?ssl=1\"><img loading=\"lazy\" decoding=\"async\" width=\"150\" height=\"150\" src=\"https:\/\/i0.wp.com\/joyana.fr\/wp-content\/uploads\/2014\/03\/Peugeot-Design-Lab-Meuble-ONYX-006.jpg?resize=150%2C150&amp;ssl=1\" class=\"attachment-thumbnail size-thumbnail\" alt=\"\" srcset=\"https:\/\/i0.wp.com\/joyana.fr\/wp-content\/uploads\/2014\/03\/Peugeot-Design-Lab-Meuble-ONYX-006.jpg?resize=300%2C300&amp;ssl=1 300w, https:\/\/i0.wp.com\/joyana.fr\/wp-content\/uploads\/2014\/03\/Peugeot-Design-Lab-Meuble-ONYX-006.jpg?resize=100%2C100&amp;ssl=1 100w, https:\/\/i0.wp.com\/joyana.fr\/wp-content\/uploads\/2014\/03\/Peugeot-Design-Lab-Meuble-ONYX-006.jpg?zoom=3&amp;resize=150%2C150&amp;ssl=1 450w\" sizes=\"(max-width: 150px) 100vw, 150px\" data-attachment-id=\"115912\" data-permalink=\"https:\/\/joyana.fr\/ja\/sofa-onyx-peugeot-design-lab-x-pierre-gimbergues\/115904\/peugeot-design-lab-meuble-onyx-006\/\" data-orig-file=\"https:\/\/i0.wp.com\/joyana.fr\/wp-content\/uploads\/2014\/03\/Peugeot-Design-Lab-Meuble-ONYX-006.jpg?fit=650%2C365&amp;ssl=1\" data-orig-size=\"650,365\" data-comments-opened=\"1\" data-image-meta=\"{&quot;aperture&quot;:&quot;0&quot;,&quot;credit&quot;:&quot;&quot;,&quot;camera&quot;:&quot;&quot;,&quot;caption&quot;:&quot;&quot;,&quot;created_timestamp&quot;:&quot;0&quot;,&quot;copyright&quot;:&quot;&quot;,&quot;focal_length&quot;:&quot;0&quot;,&quot;iso&quot;:&quot;0&quot;,&quot;shutter_speed&quot;:&quot;0&quot;,&quot;title&quot;:&quot;&quot;,&quot;orientation&quot;:&quot;1&quot;}\" data-image-title=\"Peugeot Design Lab Meuble ONYX 006\" data-image-description=\"\" data-image-caption=\"\" data-medium-file=\"https:\/\/i0.wp.com\/joyana.fr\/wp-content\/uploads\/2014\/03\/Peugeot-Design-Lab-Meuble-ONYX-006.jpg?fit=389%2C218&amp;ssl=1\" data-large-file=\"https:\/\/i0.wp.com\/joyana.fr\/wp-content\/uploads\/2014\/03\/Peugeot-Design-Lab-Meuble-ONYX-006.jpg?fit=650%2C365&amp;ssl=1\" \/><\/a>\r\n\t\t\t<\/div><\/figure><figure class='gallery-item'>\r\n\t\t\t<div class='gallery-icon landscape'>\r\n\t\t\t\t<a href=\"https:\/\/i0.wp.com\/joyana.fr\/wp-content\/uploads\/2014\/03\/Peugeot-Design-Lab-Meuble-ONYX-005.jpg?ssl=1\"><img loading=\"lazy\" decoding=\"async\" width=\"150\" height=\"150\" src=\"https:\/\/i0.wp.com\/joyana.fr\/wp-content\/uploads\/2014\/03\/Peugeot-Design-Lab-Meuble-ONYX-005.jpg?resize=150%2C150&amp;ssl=1\" class=\"attachment-thumbnail size-thumbnail\" alt=\"\" srcset=\"https:\/\/i0.wp.com\/joyana.fr\/wp-content\/uploads\/2014\/03\/Peugeot-Design-Lab-Meuble-ONYX-005.jpg?resize=300%2C300&amp;ssl=1 300w, https:\/\/i0.wp.com\/joyana.fr\/wp-content\/uploads\/2014\/03\/Peugeot-Design-Lab-Meuble-ONYX-005.jpg?resize=100%2C100&amp;ssl=1 100w, https:\/\/i0.wp.com\/joyana.fr\/wp-content\/uploads\/2014\/03\/Peugeot-Design-Lab-Meuble-ONYX-005.jpg?zoom=3&amp;resize=150%2C150&amp;ssl=1 450w\" sizes=\"(max-width: 150px) 100vw, 150px\" data-attachment-id=\"115911\" data-permalink=\"https:\/\/joyana.fr\/ja\/sofa-onyx-peugeot-design-lab-x-pierre-gimbergues\/115904\/peugeot-design-lab-meuble-onyx-005\/\" data-orig-file=\"https:\/\/i0.wp.com\/joyana.fr\/wp-content\/uploads\/2014\/03\/Peugeot-Design-Lab-Meuble-ONYX-005.jpg?fit=650%2C365&amp;ssl=1\" data-orig-size=\"650,365\" data-comments-opened=\"1\" data-image-meta=\"{&quot;aperture&quot;:&quot;0&quot;,&quot;credit&quot;:&quot;&quot;,&quot;camera&quot;:&quot;&quot;,&quot;caption&quot;:&quot;&quot;,&quot;created_timestamp&quot;:&quot;0&quot;,&quot;copyright&quot;:&quot;&quot;,&quot;focal_length&quot;:&quot;0&quot;,&quot;iso&quot;:&quot;0&quot;,&quot;shutter_speed&quot;:&quot;0&quot;,&quot;title&quot;:&quot;&quot;,&quot;orientation&quot;:&quot;1&quot;}\" data-image-title=\"Peugeot Design Lab Meuble ONYX 005\" data-image-description=\"\" data-image-caption=\"\" data-medium-file=\"https:\/\/i0.wp.com\/joyana.fr\/wp-content\/uploads\/2014\/03\/Peugeot-Design-Lab-Meuble-ONYX-005.jpg?fit=389%2C218&amp;ssl=1\" data-large-file=\"https:\/\/i0.wp.com\/joyana.fr\/wp-content\/uploads\/2014\/03\/Peugeot-Design-Lab-Meuble-ONYX-005.jpg?fit=650%2C365&amp;ssl=1\" \/><\/a>\r\n\t\t\t<\/div><\/figure><figure class='gallery-item'>\r\n\t\t\t<div class='gallery-icon landscape'>\r\n\t\t\t\t<a href=\"https:\/\/i0.wp.com\/joyana.fr\/wp-content\/uploads\/2014\/03\/Peugeot-Design-Lab-Meuble-ONYX-004.jpg?ssl=1\"><img loading=\"lazy\" decoding=\"async\" width=\"150\" height=\"150\" src=\"https:\/\/i0.wp.com\/joyana.fr\/wp-content\/uploads\/2014\/03\/Peugeot-Design-Lab-Meuble-ONYX-004.jpg?resize=150%2C150&amp;ssl=1\" class=\"attachment-thumbnail size-thumbnail\" alt=\"\" srcset=\"https:\/\/i0.wp.com\/joyana.fr\/wp-content\/uploads\/2014\/03\/Peugeot-Design-Lab-Meuble-ONYX-004.jpg?resize=300%2C300&amp;ssl=1 300w, https:\/\/i0.wp.com\/joyana.fr\/wp-content\/uploads\/2014\/03\/Peugeot-Design-Lab-Meuble-ONYX-004.jpg?resize=100%2C100&amp;ssl=1 100w, https:\/\/i0.wp.com\/joyana.fr\/wp-content\/uploads\/2014\/03\/Peugeot-Design-Lab-Meuble-ONYX-004.jpg?zoom=3&amp;resize=150%2C150&amp;ssl=1 450w\" sizes=\"(max-width: 150px) 100vw, 150px\" data-attachment-id=\"115910\" data-permalink=\"https:\/\/joyana.fr\/ja\/sofa-onyx-peugeot-design-lab-x-pierre-gimbergues\/115904\/peugeot-design-lab-meuble-onyx-004\/\" data-orig-file=\"https:\/\/i0.wp.com\/joyana.fr\/wp-content\/uploads\/2014\/03\/Peugeot-Design-Lab-Meuble-ONYX-004.jpg?fit=650%2C365&amp;ssl=1\" data-orig-size=\"650,365\" data-comments-opened=\"1\" data-image-meta=\"{&quot;aperture&quot;:&quot;0&quot;,&quot;credit&quot;:&quot;&quot;,&quot;camera&quot;:&quot;&quot;,&quot;caption&quot;:&quot;&quot;,&quot;created_timestamp&quot;:&quot;0&quot;,&quot;copyright&quot;:&quot;&quot;,&quot;focal_length&quot;:&quot;0&quot;,&quot;iso&quot;:&quot;0&quot;,&quot;shutter_speed&quot;:&quot;0&quot;,&quot;title&quot;:&quot;&quot;,&quot;orientation&quot;:&quot;1&quot;}\" data-image-title=\"Peugeot Design Lab Meuble ONYX 004\" data-image-description=\"\" data-image-caption=\"\" data-medium-file=\"https:\/\/i0.wp.com\/joyana.fr\/wp-content\/uploads\/2014\/03\/Peugeot-Design-Lab-Meuble-ONYX-004.jpg?fit=389%2C218&amp;ssl=1\" data-large-file=\"https:\/\/i0.wp.com\/joyana.fr\/wp-content\/uploads\/2014\/03\/Peugeot-Design-Lab-Meuble-ONYX-004.jpg?fit=650%2C365&amp;ssl=1\" \/><\/a>\r\n\t\t\t<\/div><\/figure><figure class='gallery-item'>\r\n\t\t\t<div class='gallery-icon landscape'>\r\n\t\t\t\t<a href=\"https:\/\/i0.wp.com\/joyana.fr\/wp-content\/uploads\/2014\/03\/Peugeot-Design-Lab-Meuble-ONYX-003-LR.jpg?ssl=1\"><img loading=\"lazy\" decoding=\"async\" width=\"150\" height=\"150\" src=\"https:\/\/i0.wp.com\/joyana.fr\/wp-content\/uploads\/2014\/03\/Peugeot-Design-Lab-Meuble-ONYX-003-LR.jpg?resize=150%2C150&amp;ssl=1\" class=\"attachment-thumbnail size-thumbnail\" alt=\"\" srcset=\"https:\/\/i0.wp.com\/joyana.fr\/wp-content\/uploads\/2014\/03\/Peugeot-Design-Lab-Meuble-ONYX-003-LR.jpg?resize=300%2C300&amp;ssl=1 300w, https:\/\/i0.wp.com\/joyana.fr\/wp-content\/uploads\/2014\/03\/Peugeot-Design-Lab-Meuble-ONYX-003-LR.jpg?resize=100%2C100&amp;ssl=1 100w, https:\/\/i0.wp.com\/joyana.fr\/wp-content\/uploads\/2014\/03\/Peugeot-Design-Lab-Meuble-ONYX-003-LR.jpg?zoom=3&amp;resize=150%2C150&amp;ssl=1 450w\" sizes=\"(max-width: 150px) 100vw, 150px\" data-attachment-id=\"115908\" data-permalink=\"https:\/\/joyana.fr\/ja\/sofa-onyx-peugeot-design-lab-x-pierre-gimbergues\/115904\/peugeot-design-lab-meuble-onyx-003-lr\/\" data-orig-file=\"https:\/\/i0.wp.com\/joyana.fr\/wp-content\/uploads\/2014\/03\/Peugeot-Design-Lab-Meuble-ONYX-003-LR.jpg?fit=650%2C365&amp;ssl=1\" data-orig-size=\"650,365\" data-comments-opened=\"1\" data-image-meta=\"{&quot;aperture&quot;:&quot;0&quot;,&quot;credit&quot;:&quot;&quot;,&quot;camera&quot;:&quot;&quot;,&quot;caption&quot;:&quot;&quot;,&quot;created_timestamp&quot;:&quot;1394195043&quot;,&quot;copyright&quot;:&quot;&quot;,&quot;focal_length&quot;:&quot;0&quot;,&quot;iso&quot;:&quot;0&quot;,&quot;shutter_speed&quot;:&quot;0&quot;,&quot;title&quot;:&quot;&quot;,&quot;orientation&quot;:&quot;1&quot;}\" data-image-title=\"Peugeot Design Lab Meuble ONYX 003 LR\" data-image-description=\"\" data-image-caption=\"\" data-medium-file=\"https:\/\/i0.wp.com\/joyana.fr\/wp-content\/uploads\/2014\/03\/Peugeot-Design-Lab-Meuble-ONYX-003-LR.jpg?fit=389%2C218&amp;ssl=1\" data-large-file=\"https:\/\/i0.wp.com\/joyana.fr\/wp-content\/uploads\/2014\/03\/Peugeot-Design-Lab-Meuble-ONYX-003-LR.jpg?fit=650%2C365&amp;ssl=1\" \/><\/a>\r\n\t\t\t<\/div><\/figure><figure class='gallery-item'>\r\n\t\t\t<div class='gallery-icon landscape'>\r\n\t\t\t\t<a href=\"https:\/\/i0.wp.com\/joyana.fr\/wp-content\/uploads\/2014\/03\/Peugeot-Design-Lab-Meuble-ONYX-003.jpg?ssl=1\"><img loading=\"lazy\" decoding=\"async\" width=\"150\" height=\"150\" src=\"https:\/\/i0.wp.com\/joyana.fr\/wp-content\/uploads\/2014\/03\/Peugeot-Design-Lab-Meuble-ONYX-003.jpg?resize=150%2C150&amp;ssl=1\" class=\"attachment-thumbnail size-thumbnail\" alt=\"\" srcset=\"https:\/\/i0.wp.com\/joyana.fr\/wp-content\/uploads\/2014\/03\/Peugeot-Design-Lab-Meuble-ONYX-003.jpg?resize=300%2C300&amp;ssl=1 300w, https:\/\/i0.wp.com\/joyana.fr\/wp-content\/uploads\/2014\/03\/Peugeot-Design-Lab-Meuble-ONYX-003.jpg?resize=100%2C100&amp;ssl=1 100w, https:\/\/i0.wp.com\/joyana.fr\/wp-content\/uploads\/2014\/03\/Peugeot-Design-Lab-Meuble-ONYX-003.jpg?zoom=3&amp;resize=150%2C150&amp;ssl=1 450w\" sizes=\"(max-width: 150px) 100vw, 150px\" data-attachment-id=\"115909\" data-permalink=\"https:\/\/joyana.fr\/ja\/sofa-onyx-peugeot-design-lab-x-pierre-gimbergues\/115904\/peugeot-design-lab-meuble-onyx-003\/\" data-orig-file=\"https:\/\/i0.wp.com\/joyana.fr\/wp-content\/uploads\/2014\/03\/Peugeot-Design-Lab-Meuble-ONYX-003.jpg?fit=650%2C365&amp;ssl=1\" data-orig-size=\"650,365\" data-comments-opened=\"1\" data-image-meta=\"{&quot;aperture&quot;:&quot;0&quot;,&quot;credit&quot;:&quot;&quot;,&quot;camera&quot;:&quot;&quot;,&quot;caption&quot;:&quot;&quot;,&quot;created_timestamp&quot;:&quot;0&quot;,&quot;copyright&quot;:&quot;&quot;,&quot;focal_length&quot;:&quot;0&quot;,&quot;iso&quot;:&quot;0&quot;,&quot;shutter_speed&quot;:&quot;0&quot;,&quot;title&quot;:&quot;&quot;,&quot;orientation&quot;:&quot;1&quot;}\" data-image-title=\"Peugeot Design Lab Meuble ONYX 003\" data-image-description=\"\" data-image-caption=\"\" data-medium-file=\"https:\/\/i0.wp.com\/joyana.fr\/wp-content\/uploads\/2014\/03\/Peugeot-Design-Lab-Meuble-ONYX-003.jpg?fit=389%2C218&amp;ssl=1\" data-large-file=\"https:\/\/i0.wp.com\/joyana.fr\/wp-content\/uploads\/2014\/03\/Peugeot-Design-Lab-Meuble-ONYX-003.jpg?fit=650%2C365&amp;ssl=1\" \/><\/a>\r\n\t\t\t<\/div><\/figure><figure class='gallery-item'>\r\n\t\t\t<div class='gallery-icon landscape'>\r\n\t\t\t\t<a href=\"https:\/\/i0.wp.com\/joyana.fr\/wp-content\/uploads\/2014\/03\/Peugeot-Design-Lab-Meuble-ONYX-002.jpg?ssl=1\"><img loading=\"lazy\" decoding=\"async\" width=\"150\" height=\"150\" src=\"https:\/\/i0.wp.com\/joyana.fr\/wp-content\/uploads\/2014\/03\/Peugeot-Design-Lab-Meuble-ONYX-002.jpg?resize=150%2C150&amp;ssl=1\" class=\"attachment-thumbnail size-thumbnail\" alt=\"\" srcset=\"https:\/\/i0.wp.com\/joyana.fr\/wp-content\/uploads\/2014\/03\/Peugeot-Design-Lab-Meuble-ONYX-002.jpg?resize=300%2C300&amp;ssl=1 300w, https:\/\/i0.wp.com\/joyana.fr\/wp-content\/uploads\/2014\/03\/Peugeot-Design-Lab-Meuble-ONYX-002.jpg?resize=100%2C100&amp;ssl=1 100w, https:\/\/i0.wp.com\/joyana.fr\/wp-content\/uploads\/2014\/03\/Peugeot-Design-Lab-Meuble-ONYX-002.jpg?zoom=3&amp;resize=150%2C150&amp;ssl=1 450w\" sizes=\"(max-width: 150px) 100vw, 150px\" data-attachment-id=\"115907\" data-permalink=\"https:\/\/joyana.fr\/ja\/sofa-onyx-peugeot-design-lab-x-pierre-gimbergues\/115904\/peugeot-design-lab-meuble-onyx-002\/\" data-orig-file=\"https:\/\/i0.wp.com\/joyana.fr\/wp-content\/uploads\/2014\/03\/Peugeot-Design-Lab-Meuble-ONYX-002.jpg?fit=650%2C365&amp;ssl=1\" data-orig-size=\"650,365\" data-comments-opened=\"1\" data-image-meta=\"{&quot;aperture&quot;:&quot;0&quot;,&quot;credit&quot;:&quot;&quot;,&quot;camera&quot;:&quot;&quot;,&quot;caption&quot;:&quot;&quot;,&quot;created_timestamp&quot;:&quot;0&quot;,&quot;copyright&quot;:&quot;&quot;,&quot;focal_length&quot;:&quot;0&quot;,&quot;iso&quot;:&quot;0&quot;,&quot;shutter_speed&quot;:&quot;0&quot;,&quot;title&quot;:&quot;&quot;,&quot;orientation&quot;:&quot;1&quot;}\" data-image-title=\"Peugeot Design Lab Meuble ONYX 002\" data-image-description=\"\" data-image-caption=\"\" data-medium-file=\"https:\/\/i0.wp.com\/joyana.fr\/wp-content\/uploads\/2014\/03\/Peugeot-Design-Lab-Meuble-ONYX-002.jpg?fit=389%2C218&amp;ssl=1\" data-large-file=\"https:\/\/i0.wp.com\/joyana.fr\/wp-content\/uploads\/2014\/03\/Peugeot-Design-Lab-Meuble-ONYX-002.jpg?fit=650%2C365&amp;ssl=1\" \/><\/a>\r\n\t\t\t<\/div><\/figure><figure class='gallery-item'>\r\n\t\t\t<div class='gallery-icon landscape'>\r\n\t\t\t\t<a href=\"https:\/\/i0.wp.com\/joyana.fr\/wp-content\/uploads\/2014\/03\/Peugeot-Design-Lab-Meuble-ONYX-001.jpg?ssl=1\"><img loading=\"lazy\" decoding=\"async\" width=\"150\" height=\"150\" src=\"https:\/\/i0.wp.com\/joyana.fr\/wp-content\/uploads\/2014\/03\/Peugeot-Design-Lab-Meuble-ONYX-001.jpg?resize=150%2C150&amp;ssl=1\" class=\"attachment-thumbnail size-thumbnail\" alt=\"\" srcset=\"https:\/\/i0.wp.com\/joyana.fr\/wp-content\/uploads\/2014\/03\/Peugeot-Design-Lab-Meuble-ONYX-001.jpg?resize=300%2C300&amp;ssl=1 300w, https:\/\/i0.wp.com\/joyana.fr\/wp-content\/uploads\/2014\/03\/Peugeot-Design-Lab-Meuble-ONYX-001.jpg?resize=100%2C100&amp;ssl=1 100w, https:\/\/i0.wp.com\/joyana.fr\/wp-content\/uploads\/2014\/03\/Peugeot-Design-Lab-Meuble-ONYX-001.jpg?zoom=3&amp;resize=150%2C150&amp;ssl=1 450w\" sizes=\"(max-width: 150px) 100vw, 150px\" data-attachment-id=\"115906\" data-permalink=\"https:\/\/joyana.fr\/ja\/sofa-onyx-peugeot-design-lab-x-pierre-gimbergues\/115904\/peugeot-design-lab-meuble-onyx-001\/\" data-orig-file=\"https:\/\/i0.wp.com\/joyana.fr\/wp-content\/uploads\/2014\/03\/Peugeot-Design-Lab-Meuble-ONYX-001.jpg?fit=650%2C365&amp;ssl=1\" data-orig-size=\"650,365\" data-comments-opened=\"1\" data-image-meta=\"{&quot;aperture&quot;:&quot;0&quot;,&quot;credit&quot;:&quot;&quot;,&quot;camera&quot;:&quot;&quot;,&quot;caption&quot;:&quot;&quot;,&quot;created_timestamp&quot;:&quot;0&quot;,&quot;copyright&quot;:&quot;&quot;,&quot;focal_length&quot;:&quot;0&quot;,&quot;iso&quot;:&quot;0&quot;,&quot;shutter_speed&quot;:&quot;0&quot;,&quot;title&quot;:&quot;&quot;,&quot;orientation&quot;:&quot;1&quot;}\" data-image-title=\"Peugeot Design Lab Meuble ONYX 001\" data-image-description=\"\" data-image-caption=\"\" data-medium-file=\"https:\/\/i0.wp.com\/joyana.fr\/wp-content\/uploads\/2014\/03\/Peugeot-Design-Lab-Meuble-ONYX-001.jpg?fit=389%2C218&amp;ssl=1\" data-large-file=\"https:\/\/i0.wp.com\/joyana.fr\/wp-content\/uploads\/2014\/03\/Peugeot-Design-Lab-Meuble-ONYX-001.jpg?fit=650%2C365&amp;ssl=1\" \/><\/a>\r\n\t\t\t<\/div><\/figure><figure class='gallery-item'>\r\n\t\t\t<div class='gallery-icon landscape'>\r\n\t\t\t\t<a href=\"https:\/\/i0.wp.com\/joyana.fr\/wp-content\/uploads\/2014\/03\/a-la-une-V3-Peugeot-Design-Lab-Meuble-ONYX-003.jpg?ssl=1\"><img loading=\"lazy\" decoding=\"async\" width=\"150\" height=\"150\" src=\"https:\/\/i0.wp.com\/joyana.fr\/wp-content\/uploads\/2014\/03\/a-la-une-V3-Peugeot-Design-Lab-Meuble-ONYX-003.jpg?resize=150%2C150&amp;ssl=1\" class=\"attachment-thumbnail size-thumbnail\" alt=\"\" srcset=\"https:\/\/i0.wp.com\/joyana.fr\/wp-content\/uploads\/2014\/03\/a-la-une-V3-Peugeot-Design-Lab-Meuble-ONYX-003.jpg?resize=150%2C150&amp;ssl=1 150w, https:\/\/i0.wp.com\/joyana.fr\/wp-content\/uploads\/2014\/03\/a-la-une-V3-Peugeot-Design-Lab-Meuble-ONYX-003.jpg?resize=600%2C600&amp;ssl=1 600w, https:\/\/i0.wp.com\/joyana.fr\/wp-content\/uploads\/2014\/03\/a-la-une-V3-Peugeot-Design-Lab-Meuble-ONYX-003.jpg?resize=450%2C450&amp;ssl=1 450w, https:\/\/i0.wp.com\/joyana.fr\/wp-content\/uploads\/2014\/03\/a-la-une-V3-Peugeot-Design-Lab-Meuble-ONYX-003.jpg?resize=180%2C180&amp;ssl=1 180w, https:\/\/i0.wp.com\/joyana.fr\/wp-content\/uploads\/2014\/03\/a-la-une-V3-Peugeot-Design-Lab-Meuble-ONYX-003.jpg?resize=300%2C300&amp;ssl=1 300w, https:\/\/i0.wp.com\/joyana.fr\/wp-content\/uploads\/2014\/03\/a-la-une-V3-Peugeot-Design-Lab-Meuble-ONYX-003.jpg?resize=100%2C100&amp;ssl=1 100w\" sizes=\"(max-width: 150px) 100vw, 150px\" data-attachment-id=\"116221\" data-permalink=\"https:\/\/joyana.fr\/ja\/sofa-onyx-peugeot-design-lab-x-pierre-gimbergues\/115904\/a-la-une-v3-peugeot-design-lab-meuble-onyx-003\/\" data-orig-file=\"https:\/\/i0.wp.com\/joyana.fr\/wp-content\/uploads\/2014\/03\/a-la-une-V3-Peugeot-Design-Lab-Meuble-ONYX-003.jpg?fit=1600%2C900&amp;ssl=1\" data-orig-size=\"1600,900\" data-comments-opened=\"1\" data-image-meta=\"{&quot;aperture&quot;:&quot;0&quot;,&quot;credit&quot;:&quot;&quot;,&quot;camera&quot;:&quot;&quot;,&quot;caption&quot;:&quot;&quot;,&quot;created_timestamp&quot;:&quot;0&quot;,&quot;copyright&quot;:&quot;&quot;,&quot;focal_length&quot;:&quot;0&quot;,&quot;iso&quot;:&quot;0&quot;,&quot;shutter_speed&quot;:&quot;0&quot;,&quot;title&quot;:&quot;&quot;,&quot;orientation&quot;:&quot;1&quot;}\" data-image-title=\"a la une V3 Peugeot Design Lab Meuble ONYX 003\" data-image-description=\"\" data-image-caption=\"\" data-medium-file=\"https:\/\/i0.wp.com\/joyana.fr\/wp-content\/uploads\/2014\/03\/a-la-une-V3-Peugeot-Design-Lab-Meuble-ONYX-003.jpg?fit=389%2C219&amp;ssl=1\" data-large-file=\"https:\/\/i0.wp.com\/joyana.fr\/wp-content\/uploads\/2014\/03\/a-la-une-V3-Peugeot-Design-Lab-Meuble-ONYX-003.jpg?fit=1024%2C576&amp;ssl=1\" \/><\/a>\r\n\t\t\t<\/div><\/figure><\/div>\n\n<p style=\"text-align: justify;\">Le <strong>Sofa ONYX<\/strong> du <strong>Peugeot Design Lab<\/strong> c&#8217;est l\u2019union, via une coupe franche exacerb\u00e9e, de mati\u00e8res hyper technologiques \u2013 carbone, fibre de verre, aluminium,\u2026 &#8211; \u00e0 des mati\u00e8res brutes et naturelles &#8211; roches, bois, cristaux de pierres. Pour le plaisir des yeux ! A d\u00e9couvrir dans la zone Tortona de Milan dans quelques jours&#8230;<\/p>\n<p style=\"text-align: justify;\"><img data-recalc-dims=\"1\" loading=\"lazy\" decoding=\"async\" class=\"alignnone size-large wp-image-15914\" title=\"Peugeot Design Lab Meuble ONYX 008\" alt=\"\" src=\"https:\/\/i0.wp.com\/joyana.fr\/wp-content\/uploads\/2014\/03\/Peugeot-Design-Lab-Meuble-ONYX-008.jpg?resize=576%2C323&#038;ssl=1\" width=\"576\" height=\"323\" \/><\/p>\n<p style=\"text-align: center;\">En savoir + sur le <strong><a href=\"http:\/\/www.peugeotdesignlab.com\" target=\"_blank\">PEUGEOT DESIGN LAB<\/a><\/strong><\/p>\n<p><span style=\"color: #000000;\">.<\/span><\/p>\n","protected":false},"excerpt":{"rendered":"<p>Le Peugeot Design Lab &#8211; en association avec le designer Pierre Gimbergues &#8211; nous pr\u00e9sentera le sof [&hellip;]<\/p>\n","protected":false},"author":3,"featured_media":116221,"comment_status":"open","ping_status":"open","sticky":false,"template":"","format":"standard","meta":{"_coblocks_attr":"","_coblocks_dimensions":"","_coblocks_responsive_height":"","_coblocks_accordion_ie_support":"","_uag_custom_page_level_css":"","advgb_blocks_editor_width":"","advgb_blocks_columns_visual_guide":"","_genesis_hide_title":false,"_genesis_hide_breadcrumbs":false,"_genesis_hide_singular_image":false,"_genesis_hide_footer_widgets":false,"_genesis_custom_body_class":"","_genesis_custom_post_class":"","_genesis_layout":"","_themeisle_gutenberg_block_has_review":false,"_jetpack_newsletter_access":"","_jetpack_dont_email_post_to_subs":false,"_jetpack_newsletter_tier_id":0,"_jetpack_memberships_contains_paywalled_content":false,"_jetpack_memberships_contains_paid_content":false,"footnotes":""},"categories":[1036,948,1216,949,905,931,993],"tags":[78,1669,1681,1682,1413],"class_list":{"0":"post-115904","1":"post","2":"type-post","3":"status-publish","4":"format-standard","5":"has-post-thumbnail","7":"category-a-la-une","8":"category-assise","9":"category-banc","10":"category-canape","11":"category-deco-design","12":"category-luxe","13":"category-milan-design-week","14":"tag-design","15":"tag-milan-design-week-2014","16":"tag-peugeot-design-lab","17":"tag-pierre-gimbergues","18":"tag-sofa-design","19":"entry"},"featured_image_urls":{"full":["https:\/\/i0.wp.com\/joyana.fr\/wp-content\/uploads\/2014\/03\/a-la-une-V3-Peugeot-Design-Lab-Meuble-ONYX-003.jpg?fit=1600%2C900&ssl=1",1600,900,false],"thumbnail":["https:\/\/i0.wp.com\/joyana.fr\/wp-content\/uploads\/2014\/03\/a-la-une-V3-Peugeot-Design-Lab-Meuble-ONYX-003.jpg?resize=150%2C150&ssl=1",150,150,true],"medium":["https:\/\/i0.wp.com\/joyana.fr\/wp-content\/uploads\/2014\/03\/a-la-une-V3-Peugeot-Design-Lab-Meuble-ONYX-003.jpg?fit=389%2C219&ssl=1",389,219,true],"medium_large":["https:\/\/i0.wp.com\/joyana.fr\/wp-content\/uploads\/2014\/03\/a-la-une-V3-Peugeot-Design-Lab-Meuble-ONYX-003.jpg?fit=768%2C432&ssl=1",768,432,true],"large":["https:\/\/i0.wp.com\/joyana.fr\/wp-content\/uploads\/2014\/03\/a-la-une-V3-Peugeot-Design-Lab-Meuble-ONYX-003.jpg?fit=1024%2C576&ssl=1",1024,576,true],"1536x1536":["https:\/\/i0.wp.com\/joyana.fr\/wp-content\/uploads\/2014\/03\/a-la-une-V3-Peugeot-Design-Lab-Meuble-ONYX-003.jpg?fit=1536%2C864&ssl=1",1536,864,true],"2048x2048":["https:\/\/i0.wp.com\/joyana.fr\/wp-content\/uploads\/2014\/03\/a-la-une-V3-Peugeot-Design-Lab-Meuble-ONYX-003.jpg?fit=1600%2C900&ssl=1",1600,900,true],"featured-thumb":["https:\/\/i0.wp.com\/joyana.fr\/wp-content\/uploads\/2014\/03\/a-la-une-V3-Peugeot-Design-Lab-Meuble-ONYX-003.jpg?resize=1600%2C750&ssl=1",1600,750,true],"ab-block-post-grid-landscape":["https:\/\/i0.wp.com\/joyana.fr\/wp-content\/uploads\/2014\/03\/a-la-une-V3-Peugeot-Design-Lab-Meuble-ONYX-003.jpg?resize=600%2C400&ssl=1",600,400,true],"ab-block-post-grid-square":["https:\/\/i0.wp.com\/joyana.fr\/wp-content\/uploads\/2014\/03\/a-la-une-V3-Peugeot-Design-Lab-Meuble-ONYX-003.jpg?resize=600%2C600&ssl=1",600,600,true],"author-pro-image":["https:\/\/i0.wp.com\/joyana.fr\/wp-content\/uploads\/2014\/03\/a-la-une-V3-Peugeot-Design-Lab-Meuble-ONYX-003.jpg?resize=360%2C570&ssl=1",360,570,true],"slider":["https:\/\/i0.wp.com\/joyana.fr\/wp-content\/uploads\/2014\/03\/a-la-une-V3-Peugeot-Design-Lab-Meuble-ONYX-003.jpg?resize=920%2C400&ssl=1",920,400,true],"woocommerce_thumbnail":["https:\/\/i0.wp.com\/joyana.fr\/wp-content\/uploads\/2014\/03\/a-la-une-V3-Peugeot-Design-Lab-Meuble-ONYX-003.jpg?resize=450%2C450&ssl=1",450,450,true],"woocommerce_single":["https:\/\/i0.wp.com\/joyana.fr\/wp-content\/uploads\/2014\/03\/a-la-une-V3-Peugeot-Design-Lab-Meuble-ONYX-003.jpg?fit=920%2C518&ssl=1",920,518,true],"woocommerce_gallery_thumbnail":["https:\/\/i0.wp.com\/joyana.fr\/wp-content\/uploads\/2014\/03\/a-la-une-V3-Peugeot-Design-Lab-Meuble-ONYX-003.jpg?resize=180%2C180&ssl=1",180,180,true],"sow-carousel-default":["https:\/\/i0.wp.com\/joyana.fr\/wp-content\/uploads\/2014\/03\/a-la-une-V3-Peugeot-Design-Lab-Meuble-ONYX-003.jpg?resize=272%2C182&ssl=1",272,182,true]},"post_excerpt_stackable":"<p>Le Peugeot Design Lab &#8211; en association avec le designer Pierre Gimbergues &#8211; nous pr\u00e9sent&hellip;<\/p>\n","category_list":"<a href=\"https:\/\/joyana.fr\/ja\/category\/a-la-une\/\" rel=\"category tag\">A la une !!!<\/a>, <a href=\"https:\/\/joyana.fr\/ja\/category\/deco-design\/mobilier\/assise\/\" rel=\"category tag\">Assise<\/a>, <a href=\"https:\/\/joyana.fr\/ja\/category\/deco-design\/mobilier\/assise\/banc\/\" rel=\"category tag\">Banc<\/a>, <a href=\"https:\/\/joyana.fr\/ja\/category\/deco-design\/mobilier\/assise\/canape\/\" rel=\"category tag\">Canap\u00e9<\/a>, <a href=\"https:\/\/joyana.fr\/ja\/category\/deco-design\/\" rel=\"category tag\">DECO-DESIGN<\/a>, <a href=\"https:\/\/joyana.fr\/ja\/category\/deco-design\/decoration\/luxe\/\" rel=\"category tag\">Luxe<\/a>, <a href=\"https:\/\/joyana.fr\/ja\/category\/deco-design\/actualite\/salon\/milan-design-week\/\" rel=\"category tag\">Milan Design Week<\/a>","author_info":{"display_name":"Jo Yana","author_link":"https:\/\/joyana.fr\/ja\/author\/joyana\/"},"comments_num":"0 comments","featured_image_urls_v2":{"full":["https:\/\/i0.wp.com\/joyana.fr\/wp-content\/uploads\/2014\/03\/a-la-une-V3-Peugeot-Design-Lab-Meuble-ONYX-003.jpg?fit=1600%2C900&ssl=1",1600,900,false],"thumbnail":["https:\/\/i0.wp.com\/joyana.fr\/wp-content\/uploads\/2014\/03\/a-la-une-V3-Peugeot-Design-Lab-Meuble-ONYX-003.jpg?resize=150%2C150&ssl=1",150,150,true],"medium":["https:\/\/i0.wp.com\/joyana.fr\/wp-content\/uploads\/2014\/03\/a-la-une-V3-Peugeot-Design-Lab-Meuble-ONYX-003.jpg?fit=389%2C219&ssl=1",389,219,true],"medium_large":["https:\/\/i0.wp.com\/joyana.fr\/wp-content\/uploads\/2014\/03\/a-la-une-V3-Peugeot-Design-Lab-Meuble-ONYX-003.jpg?fit=768%2C432&ssl=1",768,432,true],"large":["https:\/\/i0.wp.com\/joyana.fr\/wp-content\/uploads\/2014\/03\/a-la-une-V3-Peugeot-Design-Lab-Meuble-ONYX-003.jpg?fit=1024%2C576&ssl=1",1024,576,true],"1536x1536":["https:\/\/i0.wp.com\/joyana.fr\/wp-content\/uploads\/2014\/03\/a-la-une-V3-Peugeot-Design-Lab-Meuble-ONYX-003.jpg?fit=1536%2C864&ssl=1",1536,864,true],"2048x2048":["https:\/\/i0.wp.com\/joyana.fr\/wp-content\/uploads\/2014\/03\/a-la-une-V3-Peugeot-Design-Lab-Meuble-ONYX-003.jpg?fit=1600%2C900&ssl=1",1600,900,true],"featured-thumb":["https:\/\/i0.wp.com\/joyana.fr\/wp-content\/uploads\/2014\/03\/a-la-une-V3-Peugeot-Design-Lab-Meuble-ONYX-003.jpg?resize=1600%2C750&ssl=1",1600,750,true],"ab-block-post-grid-landscape":["https:\/\/i0.wp.com\/joyana.fr\/wp-content\/uploads\/2014\/03\/a-la-une-V3-Peugeot-Design-Lab-Meuble-ONYX-003.jpg?resize=600%2C400&ssl=1",600,400,true],"ab-block-post-grid-square":["https:\/\/i0.wp.com\/joyana.fr\/wp-content\/uploads\/2014\/03\/a-la-une-V3-Peugeot-Design-Lab-Meuble-ONYX-003.jpg?resize=600%2C600&ssl=1",600,600,true],"author-pro-image":["https:\/\/i0.wp.com\/joyana.fr\/wp-content\/uploads\/2014\/03\/a-la-une-V3-Peugeot-Design-Lab-Meuble-ONYX-003.jpg?resize=360%2C570&ssl=1",360,570,true],"slider":["https:\/\/i0.wp.com\/joyana.fr\/wp-content\/uploads\/2014\/03\/a-la-une-V3-Peugeot-Design-Lab-Meuble-ONYX-003.jpg?resize=920%2C400&ssl=1",920,400,true],"woocommerce_thumbnail":["https:\/\/i0.wp.com\/joyana.fr\/wp-content\/uploads\/2014\/03\/a-la-une-V3-Peugeot-Design-Lab-Meuble-ONYX-003.jpg?resize=450%2C450&ssl=1",450,450,true],"woocommerce_single":["https:\/\/i0.wp.com\/joyana.fr\/wp-content\/uploads\/2014\/03\/a-la-une-V3-Peugeot-Design-Lab-Meuble-ONYX-003.jpg?fit=920%2C518&ssl=1",920,518,true],"woocommerce_gallery_thumbnail":["https:\/\/i0.wp.com\/joyana.fr\/wp-content\/uploads\/2014\/03\/a-la-une-V3-Peugeot-Design-Lab-Meuble-ONYX-003.jpg?resize=180%2C180&ssl=1",180,180,true],"sow-carousel-default":["https:\/\/i0.wp.com\/joyana.fr\/wp-content\/uploads\/2014\/03\/a-la-une-V3-Peugeot-Design-Lab-Meuble-ONYX-003.jpg?resize=272%2C182&ssl=1",272,182,true]},"post_excerpt_stackable_v2":"<p>Le Peugeot Design Lab &#8211; en association avec le designer Pierre Gimbergues &#8211; nous pr\u00e9sent&hellip;<\/p>\n","category_list_v2":"<a href=\"https:\/\/joyana.fr\/ja\/category\/a-la-une\/\" rel=\"category tag\">A la une !!!<\/a>, <a href=\"https:\/\/joyana.fr\/ja\/category\/deco-design\/mobilier\/assise\/\" rel=\"category tag\">Assise<\/a>, <a href=\"https:\/\/joyana.fr\/ja\/category\/deco-design\/mobilier\/assise\/banc\/\" rel=\"category tag\">Banc<\/a>, <a href=\"https:\/\/joyana.fr\/ja\/category\/deco-design\/mobilier\/assise\/canape\/\" rel=\"category tag\">Canap\u00e9<\/a>, <a href=\"https:\/\/joyana.fr\/ja\/category\/deco-design\/\" rel=\"category tag\">DECO-DESIGN<\/a>, <a href=\"https:\/\/joyana.fr\/ja\/category\/deco-design\/decoration\/luxe\/\" rel=\"category tag\">Luxe<\/a>, <a href=\"https:\/\/joyana.fr\/ja\/category\/deco-design\/actualite\/salon\/milan-design-week\/\" rel=\"category tag\">Milan Design Week<\/a>","author_info_v2":{"name":"Jo Yana","url":"https:\/\/joyana.fr\/ja\/author\/joyana\/"},"comments_num_v2":"0 comments","yoast_head":"<!-- This site is optimized with the Yoast SEO plugin v26.8 - https:\/\/yoast.com\/product\/yoast-seo-wordpress\/ -->\n<title>Sofa ONYX Peugeot Design Lab x Pierre GIMBERGUES - JO YANA<\/title>\n<meta name=\"robots\" content=\"index, follow, max-snippet:-1, max-image-preview:large, max-video-preview:-1\" \/>\n<link rel=\"canonical\" href=\"https:\/\/www.joyana.fr\/ja\/sofa-onyx-peugeot-design-lab-x-pierre-gimbergues\/115904\/\" \/>\n<meta property=\"og:locale\" content=\"ja_JP\" \/>\n<meta property=\"og:locale:alternate\" content=\"fr_FR\" \/>\n<meta property=\"og:locale:alternate\" content=\"en_US\" \/>\n<meta property=\"og:type\" content=\"article\" \/>\n<meta property=\"og:title\" content=\"Sofa ONYX Peugeot Design Lab x Pierre GIMBERGUES - JO YANA\" \/>\n<meta property=\"og:description\" content=\"Le Peugeot Design Lab &#8211; en association avec le designer Pierre Gimbergues &#8211; nous pr\u00e9sentera le sof [&hellip;]\" \/>\n<meta property=\"og:url\" content=\"https:\/\/joyana.fr\/ja\/sofa-onyx-peugeot-design-lab-x-pierre-gimbergues\/115904\/\" \/>\n<meta property=\"og:site_name\" content=\"JO YANA\" \/>\n<meta property=\"article:published_time\" content=\"2014-03-26T12:40:46+00:00\" \/>\n<meta property=\"og:image\" content=\"https:\/\/www.joyana.fr\/wp-content\/uploads\/2014\/03\/a-la-une-V3-Peugeot-Design-Lab-Meuble-ONYX-003.jpg\" \/>\n\t<meta property=\"og:image:width\" content=\"1600\" \/>\n\t<meta property=\"og:image:height\" content=\"900\" \/>\n\t<meta property=\"og:image:type\" content=\"image\/jpeg\" \/>\n<meta name=\"author\" content=\"Jo Yana\" \/>\n<meta name=\"twitter:card\" content=\"summary_large_image\" \/>\n<meta name=\"twitter:creator\" content=\"@Jo_Yana\" \/>\n<meta name=\"twitter:site\" content=\"@Jo_Yana\" \/>\n<meta name=\"twitter:label1\" content=\"\u57f7\u7b46\u8005\" \/>\n\t<meta name=\"twitter:data1\" content=\"Jo Yana\" \/>\n\t<meta name=\"twitter:label2\" content=\"\u63a8\u5b9a\u8aad\u307f\u53d6\u308a\u6642\u9593\" \/>\n\t<meta name=\"twitter:data2\" content=\"1\u5206\" \/>\n<script type=\"application\/ld+json\" class=\"yoast-schema-graph\">{\"@context\":\"https:\/\/schema.org\",\"@graph\":[{\"@type\":\"Article\",\"@id\":\"https:\/\/www.joyana.fr\/ja\/sofa-onyx-peugeot-design-lab-x-pierre-gimbergues\/115904\/#article\",\"isPartOf\":{\"@id\":\"https:\/\/www.joyana.fr\/ja\/sofa-onyx-peugeot-design-lab-x-pierre-gimbergues\/115904\/\"},\"author\":{\"name\":\"Jo Yana\",\"@id\":\"https:\/\/www.joyana.fr\/ja\/#\/schema\/person\/cf2a1ad12a27c12c21801075bf37407c\"},\"headline\":\"Sofa ONYX Peugeot Design Lab x Pierre GIMBERGUES\",\"datePublished\":\"2014-03-26T12:40:46+00:00\",\"mainEntityOfPage\":{\"@id\":\"https:\/\/www.joyana.fr\/ja\/sofa-onyx-peugeot-design-lab-x-pierre-gimbergues\/115904\/\"},\"wordCount\":195,\"commentCount\":0,\"publisher\":{\"@id\":\"https:\/\/www.joyana.fr\/ja\/#\/schema\/person\/cf2a1ad12a27c12c21801075bf37407c\"},\"image\":{\"@id\":\"https:\/\/www.joyana.fr\/ja\/sofa-onyx-peugeot-design-lab-x-pierre-gimbergues\/115904\/#primaryimage\"},\"thumbnailUrl\":\"https:\/\/i0.wp.com\/joyana.fr\/wp-content\/uploads\/2014\/03\/a-la-une-V3-Peugeot-Design-Lab-Meuble-ONYX-003.jpg?fit=1600%2C900&ssl=1\",\"keywords\":[\"DESIGN\",\"Milan Design Week 2014\",\"Peugeot Design Lab\",\"Pierre GIMBERGUES\",\"Sofa design\"],\"articleSection\":[\"A la une !!!\",\"Assise\",\"Banc\",\"Canap\u00e9\",\"DECO-DESIGN\",\"Luxe\",\"Milan Design Week\"],\"inLanguage\":\"ja\",\"potentialAction\":[{\"@type\":\"CommentAction\",\"name\":\"Comment\",\"target\":[\"https:\/\/www.joyana.fr\/ja\/sofa-onyx-peugeot-design-lab-x-pierre-gimbergues\/115904\/#respond\"]}]},{\"@type\":\"WebPage\",\"@id\":\"https:\/\/www.joyana.fr\/ja\/sofa-onyx-peugeot-design-lab-x-pierre-gimbergues\/115904\/\",\"url\":\"https:\/\/www.joyana.fr\/ja\/sofa-onyx-peugeot-design-lab-x-pierre-gimbergues\/115904\/\",\"name\":\"Sofa ONYX Peugeot Design Lab x Pierre GIMBERGUES - JO YANA\",\"isPartOf\":{\"@id\":\"https:\/\/www.joyana.fr\/ja\/#website\"},\"primaryImageOfPage\":{\"@id\":\"https:\/\/www.joyana.fr\/ja\/sofa-onyx-peugeot-design-lab-x-pierre-gimbergues\/115904\/#primaryimage\"},\"image\":{\"@id\":\"https:\/\/www.joyana.fr\/ja\/sofa-onyx-peugeot-design-lab-x-pierre-gimbergues\/115904\/#primaryimage\"},\"thumbnailUrl\":\"https:\/\/i0.wp.com\/joyana.fr\/wp-content\/uploads\/2014\/03\/a-la-une-V3-Peugeot-Design-Lab-Meuble-ONYX-003.jpg?fit=1600%2C900&ssl=1\",\"datePublished\":\"2014-03-26T12:40:46+00:00\",\"breadcrumb\":{\"@id\":\"https:\/\/www.joyana.fr\/ja\/sofa-onyx-peugeot-design-lab-x-pierre-gimbergues\/115904\/#breadcrumb\"},\"inLanguage\":\"ja\",\"potentialAction\":[{\"@type\":\"ReadAction\",\"target\":[\"https:\/\/www.joyana.fr\/ja\/sofa-onyx-peugeot-design-lab-x-pierre-gimbergues\/115904\/\"]}]},{\"@type\":\"ImageObject\",\"inLanguage\":\"ja\",\"@id\":\"https:\/\/www.joyana.fr\/ja\/sofa-onyx-peugeot-design-lab-x-pierre-gimbergues\/115904\/#primaryimage\",\"url\":\"https:\/\/i0.wp.com\/joyana.fr\/wp-content\/uploads\/2014\/03\/a-la-une-V3-Peugeot-Design-Lab-Meuble-ONYX-003.jpg?fit=1600%2C900&ssl=1\",\"contentUrl\":\"https:\/\/i0.wp.com\/joyana.fr\/wp-content\/uploads\/2014\/03\/a-la-une-V3-Peugeot-Design-Lab-Meuble-ONYX-003.jpg?fit=1600%2C900&ssl=1\",\"width\":1600,\"height\":900},{\"@type\":\"BreadcrumbList\",\"@id\":\"https:\/\/www.joyana.fr\/ja\/sofa-onyx-peugeot-design-lab-x-pierre-gimbergues\/115904\/#breadcrumb\",\"itemListElement\":[{\"@type\":\"ListItem\",\"position\":1,\"name\":\"Accueil\",\"item\":\"https:\/\/www.joyana.fr\/ja\/\"},{\"@type\":\"ListItem\",\"position\":2,\"name\":\"Sofa ONYX Peugeot Design Lab x Pierre GIMBERGUES\"}]},{\"@type\":\"WebSite\",\"@id\":\"https:\/\/www.joyana.fr\/ja\/#website\",\"url\":\"https:\/\/www.joyana.fr\/ja\/\",\"name\":\"JO YANA\",\"description\":\"Blog Mode Homme, Lifestyle, D\u00e9co-Design\",\"publisher\":{\"@id\":\"https:\/\/www.joyana.fr\/ja\/#\/schema\/person\/cf2a1ad12a27c12c21801075bf37407c\"},\"potentialAction\":[{\"@type\":\"SearchAction\",\"target\":{\"@type\":\"EntryPoint\",\"urlTemplate\":\"https:\/\/www.joyana.fr\/ja\/?s={search_term_string}\"},\"query-input\":{\"@type\":\"PropertyValueSpecification\",\"valueRequired\":true,\"valueName\":\"search_term_string\"}}],\"inLanguage\":\"ja\"},{\"@type\":[\"Person\",\"Organization\"],\"@id\":\"https:\/\/www.joyana.fr\/ja\/#\/schema\/person\/cf2a1ad12a27c12c21801075bf37407c\",\"name\":\"Jo Yana\",\"image\":{\"@type\":\"ImageObject\",\"inLanguage\":\"ja\",\"@id\":\"https:\/\/www.joyana.fr\/ja\/#\/schema\/person\/image\/\",\"url\":\"https:\/\/i0.wp.com\/joyana.fr\/wp-content\/uploads\/2016\/08\/cropped-joyana-logo-black-360x180.png?fit=343%2C164&ssl=1\",\"contentUrl\":\"https:\/\/i0.wp.com\/joyana.fr\/wp-content\/uploads\/2016\/08\/cropped-joyana-logo-black-360x180.png?fit=343%2C164&ssl=1\",\"width\":343,\"height\":164,\"caption\":\"Jo Yana\"},\"logo\":{\"@id\":\"https:\/\/www.joyana.fr\/ja\/#\/schema\/person\/image\/\"},\"description\":\"Jo Yana est le cr\u00e9ateur et r\u00e9dacteur en chef des sites DECO-DESIGN. Passionn\u00e9 de Design, Mode, Photo, Luxe, Lifestyle, Musique, mais avant tout Blogueur ! Le plaisir de partager l'anime et a comme devise \\\"POUR L'AMOUR DU BEAU\\\". Retrouvez le aussi sur son blog personnel - https:\/\/joyana.fr...\",\"sameAs\":[\"https:\/\/joyana.fr\/\"],\"url\":\"https:\/\/joyana.fr\/ja\/author\/joyana\/\"}]}<\/script>\n<!-- \/ Yoast SEO plugin. -->","yoast_head_json":{"title":"Sofa ONYX Peugeot Design Lab x Pierre GIMBERGUES - JO YANA","robots":{"index":"index","follow":"follow","max-snippet":"max-snippet:-1","max-image-preview":"max-image-preview:large","max-video-preview":"max-video-preview:-1"},"canonical":"https:\/\/www.joyana.fr\/ja\/sofa-onyx-peugeot-design-lab-x-pierre-gimbergues\/115904\/","og_locale":"ja_JP","og_type":"article","og_title":"Sofa ONYX Peugeot Design Lab x Pierre GIMBERGUES - JO YANA","og_description":"Le Peugeot Design Lab &#8211; en association avec le designer Pierre Gimbergues &#8211; nous pr\u00e9sentera le sof [&hellip;]","og_url":"https:\/\/joyana.fr\/ja\/sofa-onyx-peugeot-design-lab-x-pierre-gimbergues\/115904\/","og_site_name":"JO YANA","article_published_time":"2014-03-26T12:40:46+00:00","og_image":[{"width":1600,"height":900,"url":"https:\/\/www.joyana.fr\/wp-content\/uploads\/2014\/03\/a-la-une-V3-Peugeot-Design-Lab-Meuble-ONYX-003.jpg","type":"image\/jpeg"}],"author":"Jo Yana","twitter_card":"summary_large_image","twitter_creator":"@Jo_Yana","twitter_site":"@Jo_Yana","twitter_misc":{"\u57f7\u7b46\u8005":"Jo Yana","\u63a8\u5b9a\u8aad\u307f\u53d6\u308a\u6642\u9593":"1\u5206"},"schema":{"@context":"https:\/\/schema.org","@graph":[{"@type":"Article","@id":"https:\/\/www.joyana.fr\/ja\/sofa-onyx-peugeot-design-lab-x-pierre-gimbergues\/115904\/#article","isPartOf":{"@id":"https:\/\/www.joyana.fr\/ja\/sofa-onyx-peugeot-design-lab-x-pierre-gimbergues\/115904\/"},"author":{"name":"Jo Yana","@id":"https:\/\/www.joyana.fr\/ja\/#\/schema\/person\/cf2a1ad12a27c12c21801075bf37407c"},"headline":"Sofa ONYX Peugeot Design Lab x Pierre GIMBERGUES","datePublished":"2014-03-26T12:40:46+00:00","mainEntityOfPage":{"@id":"https:\/\/www.joyana.fr\/ja\/sofa-onyx-peugeot-design-lab-x-pierre-gimbergues\/115904\/"},"wordCount":195,"commentCount":0,"publisher":{"@id":"https:\/\/www.joyana.fr\/ja\/#\/schema\/person\/cf2a1ad12a27c12c21801075bf37407c"},"image":{"@id":"https:\/\/www.joyana.fr\/ja\/sofa-onyx-peugeot-design-lab-x-pierre-gimbergues\/115904\/#primaryimage"},"thumbnailUrl":"https:\/\/i0.wp.com\/joyana.fr\/wp-content\/uploads\/2014\/03\/a-la-une-V3-Peugeot-Design-Lab-Meuble-ONYX-003.jpg?fit=1600%2C900&ssl=1","keywords":["DESIGN","Milan Design Week 2014","Peugeot Design Lab","Pierre GIMBERGUES","Sofa design"],"articleSection":["A la une !!!","Assise","Banc","Canap\u00e9","DECO-DESIGN","Luxe","Milan Design Week"],"inLanguage":"ja","potentialAction":[{"@type":"CommentAction","name":"Comment","target":["https:\/\/www.joyana.fr\/ja\/sofa-onyx-peugeot-design-lab-x-pierre-gimbergues\/115904\/#respond"]}]},{"@type":"WebPage","@id":"https:\/\/www.joyana.fr\/ja\/sofa-onyx-peugeot-design-lab-x-pierre-gimbergues\/115904\/","url":"https:\/\/www.joyana.fr\/ja\/sofa-onyx-peugeot-design-lab-x-pierre-gimbergues\/115904\/","name":"Sofa ONYX Peugeot Design Lab x Pierre GIMBERGUES - JO YANA","isPartOf":{"@id":"https:\/\/www.joyana.fr\/ja\/#website"},"primaryImageOfPage":{"@id":"https:\/\/www.joyana.fr\/ja\/sofa-onyx-peugeot-design-lab-x-pierre-gimbergues\/115904\/#primaryimage"},"image":{"@id":"https:\/\/www.joyana.fr\/ja\/sofa-onyx-peugeot-design-lab-x-pierre-gimbergues\/115904\/#primaryimage"},"thumbnailUrl":"https:\/\/i0.wp.com\/joyana.fr\/wp-content\/uploads\/2014\/03\/a-la-une-V3-Peugeot-Design-Lab-Meuble-ONYX-003.jpg?fit=1600%2C900&ssl=1","datePublished":"2014-03-26T12:40:46+00:00","breadcrumb":{"@id":"https:\/\/www.joyana.fr\/ja\/sofa-onyx-peugeot-design-lab-x-pierre-gimbergues\/115904\/#breadcrumb"},"inLanguage":"ja","potentialAction":[{"@type":"ReadAction","target":["https:\/\/www.joyana.fr\/ja\/sofa-onyx-peugeot-design-lab-x-pierre-gimbergues\/115904\/"]}]},{"@type":"ImageObject","inLanguage":"ja","@id":"https:\/\/www.joyana.fr\/ja\/sofa-onyx-peugeot-design-lab-x-pierre-gimbergues\/115904\/#primaryimage","url":"https:\/\/i0.wp.com\/joyana.fr\/wp-content\/uploads\/2014\/03\/a-la-une-V3-Peugeot-Design-Lab-Meuble-ONYX-003.jpg?fit=1600%2C900&ssl=1","contentUrl":"https:\/\/i0.wp.com\/joyana.fr\/wp-content\/uploads\/2014\/03\/a-la-une-V3-Peugeot-Design-Lab-Meuble-ONYX-003.jpg?fit=1600%2C900&ssl=1","width":1600,"height":900},{"@type":"BreadcrumbList","@id":"https:\/\/www.joyana.fr\/ja\/sofa-onyx-peugeot-design-lab-x-pierre-gimbergues\/115904\/#breadcrumb","itemListElement":[{"@type":"ListItem","position":1,"name":"Accueil","item":"https:\/\/www.joyana.fr\/ja\/"},{"@type":"ListItem","position":2,"name":"Sofa ONYX Peugeot Design Lab x Pierre GIMBERGUES"}]},{"@type":"WebSite","@id":"https:\/\/www.joyana.fr\/ja\/#website","url":"https:\/\/www.joyana.fr\/ja\/","name":"JO YANA","description":"Blog Mode Homme, Lifestyle, D\u00e9co-Design","publisher":{"@id":"https:\/\/www.joyana.fr\/ja\/#\/schema\/person\/cf2a1ad12a27c12c21801075bf37407c"},"potentialAction":[{"@type":"SearchAction","target":{"@type":"EntryPoint","urlTemplate":"https:\/\/www.joyana.fr\/ja\/?s={search_term_string}"},"query-input":{"@type":"PropertyValueSpecification","valueRequired":true,"valueName":"search_term_string"}}],"inLanguage":"ja"},{"@type":["Person","Organization"],"@id":"https:\/\/www.joyana.fr\/ja\/#\/schema\/person\/cf2a1ad12a27c12c21801075bf37407c","name":"Jo Yana","image":{"@type":"ImageObject","inLanguage":"ja","@id":"https:\/\/www.joyana.fr\/ja\/#\/schema\/person\/image\/","url":"https:\/\/i0.wp.com\/joyana.fr\/wp-content\/uploads\/2016\/08\/cropped-joyana-logo-black-360x180.png?fit=343%2C164&ssl=1","contentUrl":"https:\/\/i0.wp.com\/joyana.fr\/wp-content\/uploads\/2016\/08\/cropped-joyana-logo-black-360x180.png?fit=343%2C164&ssl=1","width":343,"height":164,"caption":"Jo Yana"},"logo":{"@id":"https:\/\/www.joyana.fr\/ja\/#\/schema\/person\/image\/"},"description":"Jo Yana est le cr\u00e9ateur et r\u00e9dacteur en chef des sites DECO-DESIGN. Passionn\u00e9 de Design, Mode, Photo, Luxe, Lifestyle, Musique, mais avant tout Blogueur ! Le plaisir de partager l'anime et a comme devise \"POUR L'AMOUR DU BEAU\". Retrouvez le aussi sur son blog personnel - https:\/\/joyana.fr...","sameAs":["https:\/\/joyana.fr\/"],"url":"https:\/\/joyana.fr\/ja\/author\/joyana\/"}]}},"author_meta":{"display_name":"Jo Yana","author_link":"https:\/\/joyana.fr\/ja\/author\/joyana\/"},"featured_img":"https:\/\/i0.wp.com\/joyana.fr\/wp-content\/uploads\/2014\/03\/a-la-une-V3-Peugeot-Design-Lab-Meuble-ONYX-003.jpg?fit=389%2C219&ssl=1","featured_image_src":"https:\/\/i0.wp.com\/joyana.fr\/wp-content\/uploads\/2014\/03\/a-la-une-V3-Peugeot-Design-Lab-Meuble-ONYX-003.jpg?resize=600%2C400&ssl=1","featured_image_src_square":"https:\/\/i0.wp.com\/joyana.fr\/wp-content\/uploads\/2014\/03\/a-la-une-V3-Peugeot-Design-Lab-Meuble-ONYX-003.jpg?resize=600%2C600&ssl=1","jetpack_featured_media_url":"https:\/\/i0.wp.com\/joyana.fr\/wp-content\/uploads\/2014\/03\/a-la-une-V3-Peugeot-Design-Lab-Meuble-ONYX-003.jpg?fit=1600%2C900&ssl=1","uagb_featured_image_src":{"full":["https:\/\/i0.wp.com\/joyana.fr\/wp-content\/uploads\/2014\/03\/a-la-une-V3-Peugeot-Design-Lab-Meuble-ONYX-003.jpg?fit=1600%2C900&ssl=1",1600,900,false],"thumbnail":["https:\/\/i0.wp.com\/joyana.fr\/wp-content\/uploads\/2014\/03\/a-la-une-V3-Peugeot-Design-Lab-Meuble-ONYX-003.jpg?resize=150%2C150&ssl=1",150,150,true],"medium":["https:\/\/i0.wp.com\/joyana.fr\/wp-content\/uploads\/2014\/03\/a-la-une-V3-Peugeot-Design-Lab-Meuble-ONYX-003.jpg?fit=389%2C219&ssl=1",389,219,true],"medium_large":["https:\/\/i0.wp.com\/joyana.fr\/wp-content\/uploads\/2014\/03\/a-la-une-V3-Peugeot-Design-Lab-Meuble-ONYX-003.jpg?fit=768%2C432&ssl=1",768,432,true],"large":["https:\/\/i0.wp.com\/joyana.fr\/wp-content\/uploads\/2014\/03\/a-la-une-V3-Peugeot-Design-Lab-Meuble-ONYX-003.jpg?fit=1024%2C576&ssl=1",1024,576,true],"1536x1536":["https:\/\/i0.wp.com\/joyana.fr\/wp-content\/uploads\/2014\/03\/a-la-une-V3-Peugeot-Design-Lab-Meuble-ONYX-003.jpg?fit=1536%2C864&ssl=1",1536,864,true],"2048x2048":["https:\/\/i0.wp.com\/joyana.fr\/wp-content\/uploads\/2014\/03\/a-la-une-V3-Peugeot-Design-Lab-Meuble-ONYX-003.jpg?fit=1600%2C900&ssl=1",1600,900,true],"featured-thumb":["https:\/\/i0.wp.com\/joyana.fr\/wp-content\/uploads\/2014\/03\/a-la-une-V3-Peugeot-Design-Lab-Meuble-ONYX-003.jpg?resize=1600%2C750&ssl=1",1600,750,true],"ab-block-post-grid-landscape":["https:\/\/i0.wp.com\/joyana.fr\/wp-content\/uploads\/2014\/03\/a-la-une-V3-Peugeot-Design-Lab-Meuble-ONYX-003.jpg?resize=600%2C400&ssl=1",600,400,true],"ab-block-post-grid-square":["https:\/\/i0.wp.com\/joyana.fr\/wp-content\/uploads\/2014\/03\/a-la-une-V3-Peugeot-Design-Lab-Meuble-ONYX-003.jpg?resize=600%2C600&ssl=1",600,600,true],"author-pro-image":["https:\/\/i0.wp.com\/joyana.fr\/wp-content\/uploads\/2014\/03\/a-la-une-V3-Peugeot-Design-Lab-Meuble-ONYX-003.jpg?resize=360%2C570&ssl=1",360,570,true],"slider":["https:\/\/i0.wp.com\/joyana.fr\/wp-content\/uploads\/2014\/03\/a-la-une-V3-Peugeot-Design-Lab-Meuble-ONYX-003.jpg?resize=920%2C400&ssl=1",920,400,true],"woocommerce_thumbnail":["https:\/\/i0.wp.com\/joyana.fr\/wp-content\/uploads\/2014\/03\/a-la-une-V3-Peugeot-Design-Lab-Meuble-ONYX-003.jpg?resize=450%2C450&ssl=1",450,450,true],"woocommerce_single":["https:\/\/i0.wp.com\/joyana.fr\/wp-content\/uploads\/2014\/03\/a-la-une-V3-Peugeot-Design-Lab-Meuble-ONYX-003.jpg?fit=920%2C518&ssl=1",920,518,true],"woocommerce_gallery_thumbnail":["https:\/\/i0.wp.com\/joyana.fr\/wp-content\/uploads\/2014\/03\/a-la-une-V3-Peugeot-Design-Lab-Meuble-ONYX-003.jpg?resize=180%2C180&ssl=1",180,180,true],"sow-carousel-default":["https:\/\/i0.wp.com\/joyana.fr\/wp-content\/uploads\/2014\/03\/a-la-une-V3-Peugeot-Design-Lab-Meuble-ONYX-003.jpg?resize=272%2C182&ssl=1",272,182,true]},"uagb_author_info":{"display_name":"Jo Yana","author_link":"https:\/\/joyana.fr\/ja\/author\/joyana\/"},"uagb_comment_info":1,"uagb_excerpt":"Le Peugeot Design Lab &#8211; en association avec le de&hellip;","coauthors":[],"tax_additional":{"categories":{"linked":["<a href=\"https:\/\/joyana.fr\/ja\/category\/a-la-une\/\" class=\"advgb-post-tax-term\">A la une !!!<\/a>","<a href=\"https:\/\/joyana.fr\/ja\/category\/deco-design\/mobilier\/assise\/\" class=\"advgb-post-tax-term\">Assise<\/a>","<a href=\"https:\/\/joyana.fr\/ja\/category\/deco-design\/mobilier\/assise\/banc\/\" class=\"advgb-post-tax-term\">Banc<\/a>","<a href=\"https:\/\/joyana.fr\/ja\/category\/deco-design\/mobilier\/assise\/canape\/\" class=\"advgb-post-tax-term\">Canap\u00e9<\/a>","<a href=\"https:\/\/joyana.fr\/ja\/category\/deco-design\/\" class=\"advgb-post-tax-term\">DECO-DESIGN<\/a>","<a href=\"https:\/\/joyana.fr\/ja\/category\/deco-design\/decoration\/luxe\/\" class=\"advgb-post-tax-term\">Luxe<\/a>","<a href=\"https:\/\/joyana.fr\/ja\/category\/deco-design\/actualite\/salon\/milan-design-week\/\" class=\"advgb-post-tax-term\">Milan Design Week<\/a>"],"unlinked":["<span class=\"advgb-post-tax-term\">A la une !!!<\/span>","<span class=\"advgb-post-tax-term\">Assise<\/span>","<span class=\"advgb-post-tax-term\">Banc<\/span>","<span class=\"advgb-post-tax-term\">Canap\u00e9<\/span>","<span class=\"advgb-post-tax-term\">DECO-DESIGN<\/span>","<span class=\"advgb-post-tax-term\">Luxe<\/span>","<span class=\"advgb-post-tax-term\">Milan Design Week<\/span>"]},"tags":{"linked":["<a href=\"https:\/\/joyana.fr\/ja\/category\/deco-design\/actualite\/salon\/milan-design-week\/\" class=\"advgb-post-tax-term\">DESIGN<\/a>","<a href=\"https:\/\/joyana.fr\/ja\/category\/deco-design\/actualite\/salon\/milan-design-week\/\" class=\"advgb-post-tax-term\">Milan Design Week 2014<\/a>","<a href=\"https:\/\/joyana.fr\/ja\/category\/deco-design\/actualite\/salon\/milan-design-week\/\" class=\"advgb-post-tax-term\">Peugeot Design Lab<\/a>","<a href=\"https:\/\/joyana.fr\/ja\/category\/deco-design\/actualite\/salon\/milan-design-week\/\" class=\"advgb-post-tax-term\">Pierre GIMBERGUES<\/a>","<a href=\"https:\/\/joyana.fr\/ja\/category\/deco-design\/actualite\/salon\/milan-design-week\/\" class=\"advgb-post-tax-term\">Sofa design<\/a>"],"unlinked":["<span class=\"advgb-post-tax-term\">DESIGN<\/span>","<span class=\"advgb-post-tax-term\">Milan Design Week 2014<\/span>","<span class=\"advgb-post-tax-term\">Peugeot Design Lab<\/span>","<span class=\"advgb-post-tax-term\">Pierre GIMBERGUES<\/span>","<span class=\"advgb-post-tax-term\">Sofa design<\/span>"]}},"comment_count":0,"relative_dates":{"created":"Posted 12\u5e74 ago","modified":"Updated 12\u5e74 ago"},"absolute_dates":{"created":"Posted on 26 3\u6708 2014","modified":"Updated on 26 3\u6708 2014"},"absolute_dates_time":{"created":"Posted on 26 3\u6708 2014 13:40","modified":"Updated on 26 3\u6708 2014 13:40"},"featured_img_caption":"","series_order":"","jetpack_sharing_enabled":true,"jetpack_shortlink":"https:\/\/wp.me\/p9bteI-u9q","jetpack-related-posts":[],"_links":{"self":[{"href":"https:\/\/joyana.fr\/ja\/wp-json\/wp\/v2\/posts\/115904","targetHints":{"allow":["GET"]}}],"collection":[{"href":"https:\/\/joyana.fr\/ja\/wp-json\/wp\/v2\/posts"}],"about":[{"href":"https:\/\/joyana.fr\/ja\/wp-json\/wp\/v2\/types\/post"}],"author":[{"embeddable":true,"href":"https:\/\/joyana.fr\/ja\/wp-json\/wp\/v2\/users\/3"}],"replies":[{"embeddable":true,"href":"https:\/\/joyana.fr\/ja\/wp-json\/wp\/v2\/comments?post=115904"}],"version-history":[{"count":0,"href":"https:\/\/joyana.fr\/ja\/wp-json\/wp\/v2\/posts\/115904\/revisions"}],"wp:featuredmedia":[{"embeddable":true,"href":"https:\/\/joyana.fr\/ja\/wp-json\/wp\/v2\/media\/116221"}],"wp:attachment":[{"href":"https:\/\/joyana.fr\/ja\/wp-json\/wp\/v2\/media?parent=115904"}],"wp:term":[{"taxonomy":"category","embeddable":true,"href":"https:\/\/joyana.fr\/ja\/wp-json\/wp\/v2\/categories?post=115904"},{"taxonomy":"post_tag","embeddable":true,"href":"https:\/\/joyana.fr\/ja\/wp-json\/wp\/v2\/tags?post=115904"}],"curies":[{"name":"wp","href":"https:\/\/api.w.org\/{rel}","templated":true}]}}