{"id":116692,"date":"2014-04-10T16:47:27","date_gmt":"2014-04-10T15:47:27","guid":{"rendered":"https:\/\/joyana.fr\/?p=16692"},"modified":"2014-04-10T16:47:27","modified_gmt":"2014-04-10T15:47:27","slug":"tabouret-design-su-milan-design-week-2014-emeco-x-nendo","status":"publish","type":"post","link":"https:\/\/joyana.fr\/ja\/tabouret-design-su-milan-design-week-2014-emeco-x-nendo\/116692\/","title":{"rendered":"Tabouret EMECO x NENDO"},"content":{"rendered":"<p style=\"text-align: justify;\"><strong>Emeco<\/strong> a confi\u00e9 \u00e0 <strong>Nendo<\/strong> la responsabilit\u00e9 de cr\u00e9er une nouvelle <strong>assise<\/strong> &#8211; qui nous pensons deviendra prochainement culte &#8211; le <strong>tabouret SU<\/strong>. A d\u00e9couvrir en avant premi\u00e8re dans les all\u00e9es de la <strong>Milan Design Week<\/strong>&#8230;<\/p>\n<p><a href=\"https:\/\/i0.wp.com\/joyana.fr\/wp-content\/uploads\/2014\/04\/nendo-emeco-64.jpg?ssl=1\"><img data-recalc-dims=\"1\" fetchpriority=\"high\" decoding=\"async\" alt=\"nendo emeco 64\" src=\"https:\/\/i0.wp.com\/joyana.fr\/wp-content\/uploads\/2014\/04\/nendo-emeco-64.jpg?resize=650%2C433&#038;ssl=1\" width=\"650\" height=\"433\" \/><\/a><\/p>\n<p style=\"text-align: justify;\"><strong>Emeco<\/strong> d\u00e9voile la collection de tabourets et tables <strong>SU<\/strong> con\u00e7ue en collaboration avec Nendo.\u00a0<span style=\"line-height: 1.5em;\">La collection SU r\u00e9alis\u00e9e avec des mat\u00e9riaux recycl\u00e9s et r\u00e9cup\u00e9r\u00e9s incarne la c\u00e9l\u00e8bre conception d&#8217;<strong>Emeco<\/strong> en mati\u00e8re de design, de fabrication, de r\u00e9sistance et de durabilit\u00e9.<\/span><\/p>\n<p style=\"text-align: justify;\">L&#8217;origine du concept japonais \u00ab <strong>SU<\/strong> \u00bb prend sa source dans la culture japonaise traditionnelle, il signifie simple, naturel et minimal. <strong>Nendo<\/strong> transpose le principe esth\u00e9tique du \u00ab <strong>SU<\/strong> \u00bb dans cette collaboration avec Emeco, et baptize ainsi la collection compl\u00e8te.<br \/>\nSU se caract\u00e9rise par une fabrication tr\u00e8s precise alli\u00e9e \u00e0 l&#8217;utilisation de mat\u00e9riaux nouveaux, surprenants et \u00e9coresponsables. <strong>SU<\/strong> reprend les fondamentaux d\u2019 Emeco , l\u2019assise embl\u00e9matique des chaises Emeco depuis 1944 avec son empreinte si caract\u00e9ristique. Elle est ici fabriqu\u00e9e \u00e0 partir de mat\u00e9riaux recycl\u00e9s et r\u00e9cup\u00e9r\u00e9s d\u00e9couverts gr\u00e2ce \u00e0 l&#8217;exploration continue des ressources \u00e9coresponsables par le team <strong>Emeco<\/strong>&#8230;<\/p>\n<p><a href=\"https:\/\/i0.wp.com\/joyana.fr\/wp-content\/uploads\/2014\/04\/nendo-emeco-5.jpg?ssl=1\"><img data-recalc-dims=\"1\" decoding=\"async\" data-attachment-id=\"16693\" data-permalink=\"https:\/\/joyana.fr\/ja\/100-accounts-to-inspire-you-on-instagram\/16654\/capture-decran-2015-02-24-a-10-46-35\/\" data-orig-file=\"https:\/\/i0.wp.com\/joyana.fr\/wp-content\/uploads\/2015\/02\/Capture-d%E2%80%99%C3%A9cran-2015-02-24-%C3%A0-10.46.35.png?fit=1019%2C506&amp;ssl=1\" data-orig-size=\"1019,506\" data-comments-opened=\"1\" data-image-meta=\"{&quot;aperture&quot;:&quot;0&quot;,&quot;credit&quot;:&quot;&quot;,&quot;camera&quot;:&quot;&quot;,&quot;caption&quot;:&quot;&quot;,&quot;created_timestamp&quot;:&quot;0&quot;,&quot;copyright&quot;:&quot;&quot;,&quot;focal_length&quot;:&quot;0&quot;,&quot;iso&quot;:&quot;0&quot;,&quot;shutter_speed&quot;:&quot;0&quot;,&quot;title&quot;:&quot;&quot;,&quot;orientation&quot;:&quot;0&quot;}\" data-image-title=\"Capture d\u2019\u00e9cran 2015-02-24 \u00e0 10.46.35\" data-image-description=\"\" data-image-caption=\"\" data-medium-file=\"https:\/\/i0.wp.com\/joyana.fr\/wp-content\/uploads\/2015\/02\/Capture-d%E2%80%99%C3%A9cran-2015-02-24-%C3%A0-10.46.35.png?fit=389%2C193&amp;ssl=1\" data-large-file=\"https:\/\/i0.wp.com\/joyana.fr\/wp-content\/uploads\/2015\/02\/Capture-d%E2%80%99%C3%A9cran-2015-02-24-%C3%A0-10.46.35.png?fit=1019%2C506&amp;ssl=1\" class=\"alignnone size-full wp-image-16693\" alt=\"nendo emeco 5\" src=\"https:\/\/i0.wp.com\/joyana.fr\/wp-content\/uploads\/2014\/04\/nendo-emeco-5.jpg?resize=650%2C433&#038;ssl=1\" width=\"650\" height=\"433\" \/><\/a><\/p>\n<p><a href=\"https:\/\/i0.wp.com\/joyana.fr\/wp-content\/uploads\/2014\/04\/NENDO-EMECO-2767.jpg?ssl=1\"><img data-recalc-dims=\"1\" decoding=\"async\" data-attachment-id=\"16695\" data-permalink=\"https:\/\/joyana.fr\/ja\/100-accounts-to-inspire-you-on-instagram\/16654\/capture-decran-2015-02-24-a-10-47-27\/\" data-orig-file=\"https:\/\/i0.wp.com\/joyana.fr\/wp-content\/uploads\/2015\/02\/Capture-d%E2%80%99%C3%A9cran-2015-02-24-%C3%A0-10.47.27.png?fit=1020%2C507&amp;ssl=1\" data-orig-size=\"1020,507\" data-comments-opened=\"1\" data-image-meta=\"{&quot;aperture&quot;:&quot;0&quot;,&quot;credit&quot;:&quot;&quot;,&quot;camera&quot;:&quot;&quot;,&quot;caption&quot;:&quot;&quot;,&quot;created_timestamp&quot;:&quot;0&quot;,&quot;copyright&quot;:&quot;&quot;,&quot;focal_length&quot;:&quot;0&quot;,&quot;iso&quot;:&quot;0&quot;,&quot;shutter_speed&quot;:&quot;0&quot;,&quot;title&quot;:&quot;&quot;,&quot;orientation&quot;:&quot;0&quot;}\" data-image-title=\"Capture d\u2019\u00e9cran 2015-02-24 \u00e0 10.47.27\" data-image-description=\"\" data-image-caption=\"\" data-medium-file=\"https:\/\/i0.wp.com\/joyana.fr\/wp-content\/uploads\/2015\/02\/Capture-d%E2%80%99%C3%A9cran-2015-02-24-%C3%A0-10.47.27.png?fit=389%2C193&amp;ssl=1\" data-large-file=\"https:\/\/i0.wp.com\/joyana.fr\/wp-content\/uploads\/2015\/02\/Capture-d%E2%80%99%C3%A9cran-2015-02-24-%C3%A0-10.47.27.png?fit=1020%2C507&amp;ssl=1\" class=\"alignnone size-large wp-image-16695\" alt=\"NENDO EMECO 2767\" src=\"https:\/\/i0.wp.com\/joyana.fr\/wp-content\/uploads\/2014\/04\/NENDO-EMECO-2767.jpg?resize=650%2C434&#038;ssl=1\" width=\"650\" height=\"434\" \/><\/a><\/p>\n<p>&nbsp;<\/p>\n<p style=\"text-align: center;\">En savoir + sur <a href=\"http:\/\/www.emeco.net\" target=\"_blank\"><strong>EMECO<\/strong><\/a> &#038; <a href=\"http:\/\/www.nendo.jp\" target=\"_blank\"><strong>NENDO<\/strong><\/a><\/p>\n","protected":false},"excerpt":{"rendered":"<p>Emeco a confi\u00e9 \u00e0 Nendo la responsabilit\u00e9 de cr\u00e9er une nouvelle assise &#8211; qui nous pensons deviendra prochainement culte &#8211; le tabouret SU. A d\u00e9couvrir en avant premi\u00e8re dans les all\u00e9es de la Milan Design Week&#8230;<\/p>\n","protected":false},"author":3,"featured_media":116696,"comment_status":"open","ping_status":"open","sticky":false,"template":"","format":"standard","meta":{"_coblocks_attr":"","_coblocks_dimensions":"","_coblocks_responsive_height":"","_coblocks_accordion_ie_support":"","_uag_custom_page_level_css":"","advgb_blocks_editor_width":"","advgb_blocks_columns_visual_guide":"","_genesis_hide_title":false,"_genesis_hide_breadcrumbs":false,"_genesis_hide_singular_image":false,"_genesis_hide_footer_widgets":false,"_genesis_custom_body_class":"","_genesis_custom_post_class":"","_genesis_layout":"","_themeisle_gutenberg_block_has_review":false,"_jetpack_newsletter_access":"","_jetpack_dont_email_post_to_subs":false,"_jetpack_newsletter_tier_id":0,"_jetpack_memberships_contains_paywalled_content":false,"_jetpack_memberships_contains_paid_content":false,"footnotes":""},"categories":[948,905,993,1101,998],"tags":[1692,1669,1199,1329],"class_list":{"0":"post-116692","1":"post","2":"type-post","3":"status-publish","4":"format-standard","5":"has-post-thumbnail","7":"category-assise","8":"category-deco-design","9":"category-milan-design-week","10":"category-nendo","11":"category-tabouret","12":"tag-emeco","13":"tag-milan-design-week-2014","14":"tag-nendo-2","15":"tag-tabouret-design","16":"entry"},"featured_image_urls":{"full":["https:\/\/i0.wp.com\/joyana.fr\/wp-content\/uploads\/2014\/04\/nendo-emeco.jpg?fit=650%2C428&ssl=1",650,428,false],"thumbnail":["https:\/\/i0.wp.com\/joyana.fr\/wp-content\/uploads\/2014\/04\/nendo-emeco.jpg?resize=150%2C150&ssl=1",150,150,true],"medium":["https:\/\/i0.wp.com\/joyana.fr\/wp-content\/uploads\/2014\/04\/nendo-emeco.jpg?fit=389%2C256&ssl=1",389,256,true],"medium_large":["https:\/\/i0.wp.com\/joyana.fr\/wp-content\/uploads\/2014\/04\/nendo-emeco.jpg?fit=650%2C428&ssl=1",650,428,true],"large":["https:\/\/i0.wp.com\/joyana.fr\/wp-content\/uploads\/2014\/04\/nendo-emeco.jpg?fit=650%2C428&ssl=1",650,428,true],"1536x1536":["https:\/\/i0.wp.com\/joyana.fr\/wp-content\/uploads\/2014\/04\/nendo-emeco.jpg?fit=650%2C428&ssl=1",650,428,true],"2048x2048":["https:\/\/i0.wp.com\/joyana.fr\/wp-content\/uploads\/2014\/04\/nendo-emeco.jpg?fit=650%2C428&ssl=1",650,428,true],"featured-thumb":["https:\/\/i0.wp.com\/joyana.fr\/wp-content\/uploads\/2014\/04\/nendo-emeco.jpg?resize=650%2C428&ssl=1",650,428,true],"ab-block-post-grid-landscape":["https:\/\/i0.wp.com\/joyana.fr\/wp-content\/uploads\/2014\/04\/nendo-emeco.jpg?resize=600%2C400&ssl=1",600,400,true],"ab-block-post-grid-square":["https:\/\/i0.wp.com\/joyana.fr\/wp-content\/uploads\/2014\/04\/nendo-emeco.jpg?resize=600%2C428&ssl=1",600,428,true],"author-pro-image":["https:\/\/i0.wp.com\/joyana.fr\/wp-content\/uploads\/2014\/04\/nendo-emeco.jpg?resize=360%2C428&ssl=1",360,428,true],"slider":["https:\/\/i0.wp.com\/joyana.fr\/wp-content\/uploads\/2014\/04\/nendo-emeco.jpg?resize=650%2C400&ssl=1",650,400,true],"woocommerce_thumbnail":["https:\/\/i0.wp.com\/joyana.fr\/wp-content\/uploads\/2014\/04\/nendo-emeco.jpg?resize=450%2C428&ssl=1",450,428,true],"woocommerce_single":["https:\/\/i0.wp.com\/joyana.fr\/wp-content\/uploads\/2014\/04\/nendo-emeco.jpg?fit=650%2C428&ssl=1",650,428,true],"woocommerce_gallery_thumbnail":["https:\/\/i0.wp.com\/joyana.fr\/wp-content\/uploads\/2014\/04\/nendo-emeco.jpg?resize=180%2C180&ssl=1",180,180,true],"sow-carousel-default":["https:\/\/i0.wp.com\/joyana.fr\/wp-content\/uploads\/2014\/04\/nendo-emeco.jpg?resize=272%2C182&ssl=1",272,182,true]},"post_excerpt_stackable":"<p>Emeco a confi\u00e9 \u00e0 Nendo la responsabilit\u00e9 de cr\u00e9er une nouvelle assise &#8211; qui nous pensons deviendra prochainement culte &#8211; le tabouret SU. A d\u00e9couvrir en avant premi\u00e8re dans les all\u00e9es de la Milan Design Week&#8230;<\/p>\n","category_list":"<a href=\"https:\/\/joyana.fr\/ja\/category\/deco-design\/mobilier\/assise\/\" rel=\"category tag\">Assise<\/a>, <a href=\"https:\/\/joyana.fr\/ja\/category\/deco-design\/\" rel=\"category tag\">DECO-DESIGN<\/a>, <a href=\"https:\/\/joyana.fr\/ja\/category\/deco-design\/actualite\/salon\/milan-design-week\/\" rel=\"category tag\">Milan Design Week<\/a>, <a href=\"https:\/\/joyana.fr\/ja\/category\/deco-design\/designer\/nendo\/\" rel=\"category tag\">NENDO<\/a>, <a href=\"https:\/\/joyana.fr\/ja\/category\/deco-design\/mobilier\/assise\/tabouret\/\" rel=\"category tag\">Tabouret<\/a>","author_info":{"display_name":"Jo Yana","author_link":"https:\/\/joyana.fr\/ja\/author\/joyana\/"},"comments_num":"0 comments","featured_image_urls_v2":{"full":["https:\/\/i0.wp.com\/joyana.fr\/wp-content\/uploads\/2014\/04\/nendo-emeco.jpg?fit=650%2C428&ssl=1",650,428,false],"thumbnail":["https:\/\/i0.wp.com\/joyana.fr\/wp-content\/uploads\/2014\/04\/nendo-emeco.jpg?resize=150%2C150&ssl=1",150,150,true],"medium":["https:\/\/i0.wp.com\/joyana.fr\/wp-content\/uploads\/2014\/04\/nendo-emeco.jpg?fit=389%2C256&ssl=1",389,256,true],"medium_large":["https:\/\/i0.wp.com\/joyana.fr\/wp-content\/uploads\/2014\/04\/nendo-emeco.jpg?fit=650%2C428&ssl=1",650,428,true],"large":["https:\/\/i0.wp.com\/joyana.fr\/wp-content\/uploads\/2014\/04\/nendo-emeco.jpg?fit=650%2C428&ssl=1",650,428,true],"1536x1536":["https:\/\/i0.wp.com\/joyana.fr\/wp-content\/uploads\/2014\/04\/nendo-emeco.jpg?fit=650%2C428&ssl=1",650,428,true],"2048x2048":["https:\/\/i0.wp.com\/joyana.fr\/wp-content\/uploads\/2014\/04\/nendo-emeco.jpg?fit=650%2C428&ssl=1",650,428,true],"featured-thumb":["https:\/\/i0.wp.com\/joyana.fr\/wp-content\/uploads\/2014\/04\/nendo-emeco.jpg?resize=650%2C428&ssl=1",650,428,true],"ab-block-post-grid-landscape":["https:\/\/i0.wp.com\/joyana.fr\/wp-content\/uploads\/2014\/04\/nendo-emeco.jpg?resize=600%2C400&ssl=1",600,400,true],"ab-block-post-grid-square":["https:\/\/i0.wp.com\/joyana.fr\/wp-content\/uploads\/2014\/04\/nendo-emeco.jpg?resize=600%2C428&ssl=1",600,428,true],"author-pro-image":["https:\/\/i0.wp.com\/joyana.fr\/wp-content\/uploads\/2014\/04\/nendo-emeco.jpg?resize=360%2C428&ssl=1",360,428,true],"slider":["https:\/\/i0.wp.com\/joyana.fr\/wp-content\/uploads\/2014\/04\/nendo-emeco.jpg?resize=650%2C400&ssl=1",650,400,true],"woocommerce_thumbnail":["https:\/\/i0.wp.com\/joyana.fr\/wp-content\/uploads\/2014\/04\/nendo-emeco.jpg?resize=450%2C428&ssl=1",450,428,true],"woocommerce_single":["https:\/\/i0.wp.com\/joyana.fr\/wp-content\/uploads\/2014\/04\/nendo-emeco.jpg?fit=650%2C428&ssl=1",650,428,true],"woocommerce_gallery_thumbnail":["https:\/\/i0.wp.com\/joyana.fr\/wp-content\/uploads\/2014\/04\/nendo-emeco.jpg?resize=180%2C180&ssl=1",180,180,true],"sow-carousel-default":["https:\/\/i0.wp.com\/joyana.fr\/wp-content\/uploads\/2014\/04\/nendo-emeco.jpg?resize=272%2C182&ssl=1",272,182,true]},"post_excerpt_stackable_v2":"<p>Emeco a confi\u00e9 \u00e0 Nendo la responsabilit\u00e9 de cr\u00e9er une nouvelle assise &#8211; qui nous pensons deviendra prochainement culte &#8211; le tabouret SU. A d\u00e9couvrir en avant premi\u00e8re dans les all\u00e9es de la Milan Design Week&#8230;<\/p>\n","category_list_v2":"<a href=\"https:\/\/joyana.fr\/ja\/category\/deco-design\/mobilier\/assise\/\" rel=\"category tag\">Assise<\/a>, <a href=\"https:\/\/joyana.fr\/ja\/category\/deco-design\/\" rel=\"category tag\">DECO-DESIGN<\/a>, <a href=\"https:\/\/joyana.fr\/ja\/category\/deco-design\/actualite\/salon\/milan-design-week\/\" rel=\"category tag\">Milan Design Week<\/a>, <a href=\"https:\/\/joyana.fr\/ja\/category\/deco-design\/designer\/nendo\/\" rel=\"category tag\">NENDO<\/a>, <a href=\"https:\/\/joyana.fr\/ja\/category\/deco-design\/mobilier\/assise\/tabouret\/\" rel=\"category tag\">Tabouret<\/a>","author_info_v2":{"name":"Jo Yana","url":"https:\/\/joyana.fr\/ja\/author\/joyana\/"},"comments_num_v2":"0 comments","yoast_head":"<!-- This site is optimized with the Yoast SEO plugin v26.8 - https:\/\/yoast.com\/product\/yoast-seo-wordpress\/ -->\n<title>Tabouret EMECO x NENDO - JO YANA<\/title>\n<meta name=\"robots\" content=\"index, follow, max-snippet:-1, max-image-preview:large, max-video-preview:-1\" \/>\n<link rel=\"canonical\" href=\"https:\/\/www.joyana.fr\/en\/tabouret-design-su-milan-design-week-2014-emeco-x-nendo\/116692\/\" \/>\n<meta property=\"og:locale\" content=\"ja_JP\" \/>\n<meta property=\"og:locale:alternate\" content=\"fr_FR\" \/>\n<meta property=\"og:locale:alternate\" content=\"en_US\" \/>\n<meta property=\"og:type\" content=\"article\" \/>\n<meta property=\"og:title\" content=\"Tabouret EMECO x NENDO - JO YANA\" \/>\n<meta property=\"og:description\" content=\"Emeco a confi\u00e9 \u00e0 Nendo la responsabilit\u00e9 de cr\u00e9er une nouvelle assise - qui nous pensons deviendra prochainement culte - le tabouret SU. A d\u00e9couvrir en avant premi\u00e8re dans les all\u00e9es de la Milan Design Week...\" \/>\n<meta property=\"og:url\" content=\"https:\/\/joyana.fr\/ja\/tabouret-design-su-milan-design-week-2014-emeco-x-nendo\/116692\/\" \/>\n<meta property=\"og:site_name\" content=\"JO YANA\" \/>\n<meta property=\"article:published_time\" content=\"2014-04-10T15:47:27+00:00\" \/>\n<meta property=\"og:image\" content=\"https:\/\/www.joyana.fr\/wp-content\/uploads\/2014\/04\/nendo-emeco.jpg\" \/>\n\t<meta property=\"og:image:width\" content=\"650\" \/>\n\t<meta property=\"og:image:height\" content=\"428\" \/>\n\t<meta property=\"og:image:type\" content=\"image\/jpeg\" \/>\n<meta name=\"author\" content=\"Jo Yana\" \/>\n<meta name=\"twitter:card\" content=\"summary_large_image\" \/>\n<meta name=\"twitter:creator\" content=\"@Jo_Yana\" \/>\n<meta name=\"twitter:site\" content=\"@Jo_Yana\" \/>\n<meta name=\"twitter:label1\" content=\"\u57f7\u7b46\u8005\" \/>\n\t<meta name=\"twitter:data1\" content=\"Jo Yana\" \/>\n\t<meta name=\"twitter:label2\" content=\"\u63a8\u5b9a\u8aad\u307f\u53d6\u308a\u6642\u9593\" \/>\n\t<meta name=\"twitter:data2\" content=\"1\u5206\" \/>\n<script type=\"application\/ld+json\" class=\"yoast-schema-graph\">{\"@context\":\"https:\/\/schema.org\",\"@graph\":[{\"@type\":\"Article\",\"@id\":\"https:\/\/www.joyana.fr\/en\/tabouret-design-su-milan-design-week-2014-emeco-x-nendo\/116692\/#article\",\"isPartOf\":{\"@id\":\"https:\/\/www.joyana.fr\/en\/tabouret-design-su-milan-design-week-2014-emeco-x-nendo\/116692\/\"},\"author\":{\"name\":\"Jo Yana\",\"@id\":\"https:\/\/www.joyana.fr\/ja\/#\/schema\/person\/cf2a1ad12a27c12c21801075bf37407c\"},\"headline\":\"Tabouret EMECO x NENDO\",\"datePublished\":\"2014-04-10T15:47:27+00:00\",\"mainEntityOfPage\":{\"@id\":\"https:\/\/www.joyana.fr\/en\/tabouret-design-su-milan-design-week-2014-emeco-x-nendo\/116692\/\"},\"wordCount\":214,\"commentCount\":0,\"publisher\":{\"@id\":\"https:\/\/www.joyana.fr\/ja\/#\/schema\/person\/cf2a1ad12a27c12c21801075bf37407c\"},\"image\":{\"@id\":\"https:\/\/www.joyana.fr\/en\/tabouret-design-su-milan-design-week-2014-emeco-x-nendo\/116692\/#primaryimage\"},\"thumbnailUrl\":\"https:\/\/i0.wp.com\/joyana.fr\/wp-content\/uploads\/2014\/04\/nendo-emeco.jpg?fit=650%2C428&ssl=1\",\"keywords\":[\"Emeco\",\"Milan Design Week 2014\",\"NENDO\",\"Tabouret design\"],\"articleSection\":[\"Assise\",\"DECO-DESIGN\",\"Milan Design Week\",\"NENDO\",\"Tabouret\"],\"inLanguage\":\"ja\",\"potentialAction\":[{\"@type\":\"CommentAction\",\"name\":\"Comment\",\"target\":[\"https:\/\/www.joyana.fr\/en\/tabouret-design-su-milan-design-week-2014-emeco-x-nendo\/116692\/#respond\"]}]},{\"@type\":\"WebPage\",\"@id\":\"https:\/\/www.joyana.fr\/en\/tabouret-design-su-milan-design-week-2014-emeco-x-nendo\/116692\/\",\"url\":\"https:\/\/www.joyana.fr\/en\/tabouret-design-su-milan-design-week-2014-emeco-x-nendo\/116692\/\",\"name\":\"Tabouret EMECO x NENDO - JO YANA\",\"isPartOf\":{\"@id\":\"https:\/\/www.joyana.fr\/ja\/#website\"},\"primaryImageOfPage\":{\"@id\":\"https:\/\/www.joyana.fr\/en\/tabouret-design-su-milan-design-week-2014-emeco-x-nendo\/116692\/#primaryimage\"},\"image\":{\"@id\":\"https:\/\/www.joyana.fr\/en\/tabouret-design-su-milan-design-week-2014-emeco-x-nendo\/116692\/#primaryimage\"},\"thumbnailUrl\":\"https:\/\/i0.wp.com\/joyana.fr\/wp-content\/uploads\/2014\/04\/nendo-emeco.jpg?fit=650%2C428&ssl=1\",\"datePublished\":\"2014-04-10T15:47:27+00:00\",\"breadcrumb\":{\"@id\":\"https:\/\/www.joyana.fr\/en\/tabouret-design-su-milan-design-week-2014-emeco-x-nendo\/116692\/#breadcrumb\"},\"inLanguage\":\"ja\",\"potentialAction\":[{\"@type\":\"ReadAction\",\"target\":[\"https:\/\/www.joyana.fr\/en\/tabouret-design-su-milan-design-week-2014-emeco-x-nendo\/116692\/\"]}]},{\"@type\":\"ImageObject\",\"inLanguage\":\"ja\",\"@id\":\"https:\/\/www.joyana.fr\/en\/tabouret-design-su-milan-design-week-2014-emeco-x-nendo\/116692\/#primaryimage\",\"url\":\"https:\/\/i0.wp.com\/joyana.fr\/wp-content\/uploads\/2014\/04\/nendo-emeco.jpg?fit=650%2C428&ssl=1\",\"contentUrl\":\"https:\/\/i0.wp.com\/joyana.fr\/wp-content\/uploads\/2014\/04\/nendo-emeco.jpg?fit=650%2C428&ssl=1\",\"width\":650,\"height\":428},{\"@type\":\"BreadcrumbList\",\"@id\":\"https:\/\/www.joyana.fr\/en\/tabouret-design-su-milan-design-week-2014-emeco-x-nendo\/116692\/#breadcrumb\",\"itemListElement\":[{\"@type\":\"ListItem\",\"position\":1,\"name\":\"Accueil\",\"item\":\"https:\/\/www.joyana.fr\/ja\/\"},{\"@type\":\"ListItem\",\"position\":2,\"name\":\"Tabouret EMECO x NENDO\"}]},{\"@type\":\"WebSite\",\"@id\":\"https:\/\/www.joyana.fr\/ja\/#website\",\"url\":\"https:\/\/www.joyana.fr\/ja\/\",\"name\":\"JO YANA\",\"description\":\"Blog Mode Homme, Lifestyle, D\u00e9co-Design\",\"publisher\":{\"@id\":\"https:\/\/www.joyana.fr\/ja\/#\/schema\/person\/cf2a1ad12a27c12c21801075bf37407c\"},\"potentialAction\":[{\"@type\":\"SearchAction\",\"target\":{\"@type\":\"EntryPoint\",\"urlTemplate\":\"https:\/\/www.joyana.fr\/ja\/?s={search_term_string}\"},\"query-input\":{\"@type\":\"PropertyValueSpecification\",\"valueRequired\":true,\"valueName\":\"search_term_string\"}}],\"inLanguage\":\"ja\"},{\"@type\":[\"Person\",\"Organization\"],\"@id\":\"https:\/\/www.joyana.fr\/ja\/#\/schema\/person\/cf2a1ad12a27c12c21801075bf37407c\",\"name\":\"Jo Yana\",\"image\":{\"@type\":\"ImageObject\",\"inLanguage\":\"ja\",\"@id\":\"https:\/\/www.joyana.fr\/ja\/#\/schema\/person\/image\/\",\"url\":\"https:\/\/i0.wp.com\/joyana.fr\/wp-content\/uploads\/2016\/08\/cropped-joyana-logo-black-360x180.png?fit=343%2C164&ssl=1\",\"contentUrl\":\"https:\/\/i0.wp.com\/joyana.fr\/wp-content\/uploads\/2016\/08\/cropped-joyana-logo-black-360x180.png?fit=343%2C164&ssl=1\",\"width\":343,\"height\":164,\"caption\":\"Jo Yana\"},\"logo\":{\"@id\":\"https:\/\/www.joyana.fr\/ja\/#\/schema\/person\/image\/\"},\"description\":\"Jo Yana est le cr\u00e9ateur et r\u00e9dacteur en chef des sites DECO-DESIGN. Passionn\u00e9 de Design, Mode, Photo, Luxe, Lifestyle, Musique, mais avant tout Blogueur ! Le plaisir de partager l'anime et a comme devise \\\"POUR L'AMOUR DU BEAU\\\". Retrouvez le aussi sur son blog personnel - https:\/\/joyana.fr...\",\"sameAs\":[\"https:\/\/joyana.fr\/\"],\"url\":\"https:\/\/joyana.fr\/ja\/author\/joyana\/\"}]}<\/script>\n<!-- \/ Yoast SEO plugin. -->","yoast_head_json":{"title":"Tabouret EMECO x NENDO - JO YANA","robots":{"index":"index","follow":"follow","max-snippet":"max-snippet:-1","max-image-preview":"max-image-preview:large","max-video-preview":"max-video-preview:-1"},"canonical":"https:\/\/www.joyana.fr\/en\/tabouret-design-su-milan-design-week-2014-emeco-x-nendo\/116692\/","og_locale":"ja_JP","og_type":"article","og_title":"Tabouret EMECO x NENDO - JO YANA","og_description":"Emeco a confi\u00e9 \u00e0 Nendo la responsabilit\u00e9 de cr\u00e9er une nouvelle assise - qui nous pensons deviendra prochainement culte - le tabouret SU. A d\u00e9couvrir en avant premi\u00e8re dans les all\u00e9es de la Milan Design Week...","og_url":"https:\/\/joyana.fr\/ja\/tabouret-design-su-milan-design-week-2014-emeco-x-nendo\/116692\/","og_site_name":"JO YANA","article_published_time":"2014-04-10T15:47:27+00:00","og_image":[{"width":650,"height":428,"url":"https:\/\/www.joyana.fr\/wp-content\/uploads\/2014\/04\/nendo-emeco.jpg","type":"image\/jpeg"}],"author":"Jo Yana","twitter_card":"summary_large_image","twitter_creator":"@Jo_Yana","twitter_site":"@Jo_Yana","twitter_misc":{"\u57f7\u7b46\u8005":"Jo Yana","\u63a8\u5b9a\u8aad\u307f\u53d6\u308a\u6642\u9593":"1\u5206"},"schema":{"@context":"https:\/\/schema.org","@graph":[{"@type":"Article","@id":"https:\/\/www.joyana.fr\/en\/tabouret-design-su-milan-design-week-2014-emeco-x-nendo\/116692\/#article","isPartOf":{"@id":"https:\/\/www.joyana.fr\/en\/tabouret-design-su-milan-design-week-2014-emeco-x-nendo\/116692\/"},"author":{"name":"Jo Yana","@id":"https:\/\/www.joyana.fr\/ja\/#\/schema\/person\/cf2a1ad12a27c12c21801075bf37407c"},"headline":"Tabouret EMECO x NENDO","datePublished":"2014-04-10T15:47:27+00:00","mainEntityOfPage":{"@id":"https:\/\/www.joyana.fr\/en\/tabouret-design-su-milan-design-week-2014-emeco-x-nendo\/116692\/"},"wordCount":214,"commentCount":0,"publisher":{"@id":"https:\/\/www.joyana.fr\/ja\/#\/schema\/person\/cf2a1ad12a27c12c21801075bf37407c"},"image":{"@id":"https:\/\/www.joyana.fr\/en\/tabouret-design-su-milan-design-week-2014-emeco-x-nendo\/116692\/#primaryimage"},"thumbnailUrl":"https:\/\/i0.wp.com\/joyana.fr\/wp-content\/uploads\/2014\/04\/nendo-emeco.jpg?fit=650%2C428&ssl=1","keywords":["Emeco","Milan Design Week 2014","NENDO","Tabouret design"],"articleSection":["Assise","DECO-DESIGN","Milan Design Week","NENDO","Tabouret"],"inLanguage":"ja","potentialAction":[{"@type":"CommentAction","name":"Comment","target":["https:\/\/www.joyana.fr\/en\/tabouret-design-su-milan-design-week-2014-emeco-x-nendo\/116692\/#respond"]}]},{"@type":"WebPage","@id":"https:\/\/www.joyana.fr\/en\/tabouret-design-su-milan-design-week-2014-emeco-x-nendo\/116692\/","url":"https:\/\/www.joyana.fr\/en\/tabouret-design-su-milan-design-week-2014-emeco-x-nendo\/116692\/","name":"Tabouret EMECO x NENDO - JO YANA","isPartOf":{"@id":"https:\/\/www.joyana.fr\/ja\/#website"},"primaryImageOfPage":{"@id":"https:\/\/www.joyana.fr\/en\/tabouret-design-su-milan-design-week-2014-emeco-x-nendo\/116692\/#primaryimage"},"image":{"@id":"https:\/\/www.joyana.fr\/en\/tabouret-design-su-milan-design-week-2014-emeco-x-nendo\/116692\/#primaryimage"},"thumbnailUrl":"https:\/\/i0.wp.com\/joyana.fr\/wp-content\/uploads\/2014\/04\/nendo-emeco.jpg?fit=650%2C428&ssl=1","datePublished":"2014-04-10T15:47:27+00:00","breadcrumb":{"@id":"https:\/\/www.joyana.fr\/en\/tabouret-design-su-milan-design-week-2014-emeco-x-nendo\/116692\/#breadcrumb"},"inLanguage":"ja","potentialAction":[{"@type":"ReadAction","target":["https:\/\/www.joyana.fr\/en\/tabouret-design-su-milan-design-week-2014-emeco-x-nendo\/116692\/"]}]},{"@type":"ImageObject","inLanguage":"ja","@id":"https:\/\/www.joyana.fr\/en\/tabouret-design-su-milan-design-week-2014-emeco-x-nendo\/116692\/#primaryimage","url":"https:\/\/i0.wp.com\/joyana.fr\/wp-content\/uploads\/2014\/04\/nendo-emeco.jpg?fit=650%2C428&ssl=1","contentUrl":"https:\/\/i0.wp.com\/joyana.fr\/wp-content\/uploads\/2014\/04\/nendo-emeco.jpg?fit=650%2C428&ssl=1","width":650,"height":428},{"@type":"BreadcrumbList","@id":"https:\/\/www.joyana.fr\/en\/tabouret-design-su-milan-design-week-2014-emeco-x-nendo\/116692\/#breadcrumb","itemListElement":[{"@type":"ListItem","position":1,"name":"Accueil","item":"https:\/\/www.joyana.fr\/ja\/"},{"@type":"ListItem","position":2,"name":"Tabouret EMECO x NENDO"}]},{"@type":"WebSite","@id":"https:\/\/www.joyana.fr\/ja\/#website","url":"https:\/\/www.joyana.fr\/ja\/","name":"JO YANA","description":"Blog Mode Homme, Lifestyle, D\u00e9co-Design","publisher":{"@id":"https:\/\/www.joyana.fr\/ja\/#\/schema\/person\/cf2a1ad12a27c12c21801075bf37407c"},"potentialAction":[{"@type":"SearchAction","target":{"@type":"EntryPoint","urlTemplate":"https:\/\/www.joyana.fr\/ja\/?s={search_term_string}"},"query-input":{"@type":"PropertyValueSpecification","valueRequired":true,"valueName":"search_term_string"}}],"inLanguage":"ja"},{"@type":["Person","Organization"],"@id":"https:\/\/www.joyana.fr\/ja\/#\/schema\/person\/cf2a1ad12a27c12c21801075bf37407c","name":"Jo Yana","image":{"@type":"ImageObject","inLanguage":"ja","@id":"https:\/\/www.joyana.fr\/ja\/#\/schema\/person\/image\/","url":"https:\/\/i0.wp.com\/joyana.fr\/wp-content\/uploads\/2016\/08\/cropped-joyana-logo-black-360x180.png?fit=343%2C164&ssl=1","contentUrl":"https:\/\/i0.wp.com\/joyana.fr\/wp-content\/uploads\/2016\/08\/cropped-joyana-logo-black-360x180.png?fit=343%2C164&ssl=1","width":343,"height":164,"caption":"Jo Yana"},"logo":{"@id":"https:\/\/www.joyana.fr\/ja\/#\/schema\/person\/image\/"},"description":"Jo Yana est le cr\u00e9ateur et r\u00e9dacteur en chef des sites DECO-DESIGN. Passionn\u00e9 de Design, Mode, Photo, Luxe, Lifestyle, Musique, mais avant tout Blogueur ! Le plaisir de partager l'anime et a comme devise \"POUR L'AMOUR DU BEAU\". Retrouvez le aussi sur son blog personnel - https:\/\/joyana.fr...","sameAs":["https:\/\/joyana.fr\/"],"url":"https:\/\/joyana.fr\/ja\/author\/joyana\/"}]}},"author_meta":{"display_name":"Jo Yana","author_link":"https:\/\/joyana.fr\/ja\/author\/joyana\/"},"featured_img":"https:\/\/i0.wp.com\/joyana.fr\/wp-content\/uploads\/2014\/04\/nendo-emeco.jpg?fit=389%2C256&ssl=1","featured_image_src":"https:\/\/i0.wp.com\/joyana.fr\/wp-content\/uploads\/2014\/04\/nendo-emeco.jpg?resize=600%2C400&ssl=1","featured_image_src_square":"https:\/\/i0.wp.com\/joyana.fr\/wp-content\/uploads\/2014\/04\/nendo-emeco.jpg?resize=600%2C428&ssl=1","jetpack_featured_media_url":"https:\/\/i0.wp.com\/joyana.fr\/wp-content\/uploads\/2014\/04\/nendo-emeco.jpg?fit=650%2C428&ssl=1","uagb_featured_image_src":{"full":["https:\/\/i0.wp.com\/joyana.fr\/wp-content\/uploads\/2014\/04\/nendo-emeco.jpg?fit=650%2C428&ssl=1",650,428,false],"thumbnail":["https:\/\/i0.wp.com\/joyana.fr\/wp-content\/uploads\/2014\/04\/nendo-emeco.jpg?resize=150%2C150&ssl=1",150,150,true],"medium":["https:\/\/i0.wp.com\/joyana.fr\/wp-content\/uploads\/2014\/04\/nendo-emeco.jpg?fit=389%2C256&ssl=1",389,256,true],"medium_large":["https:\/\/i0.wp.com\/joyana.fr\/wp-content\/uploads\/2014\/04\/nendo-emeco.jpg?fit=650%2C428&ssl=1",650,428,true],"large":["https:\/\/i0.wp.com\/joyana.fr\/wp-content\/uploads\/2014\/04\/nendo-emeco.jpg?fit=650%2C428&ssl=1",650,428,true],"1536x1536":["https:\/\/i0.wp.com\/joyana.fr\/wp-content\/uploads\/2014\/04\/nendo-emeco.jpg?fit=650%2C428&ssl=1",650,428,true],"2048x2048":["https:\/\/i0.wp.com\/joyana.fr\/wp-content\/uploads\/2014\/04\/nendo-emeco.jpg?fit=650%2C428&ssl=1",650,428,true],"featured-thumb":["https:\/\/i0.wp.com\/joyana.fr\/wp-content\/uploads\/2014\/04\/nendo-emeco.jpg?resize=650%2C428&ssl=1",650,428,true],"ab-block-post-grid-landscape":["https:\/\/i0.wp.com\/joyana.fr\/wp-content\/uploads\/2014\/04\/nendo-emeco.jpg?resize=600%2C400&ssl=1",600,400,true],"ab-block-post-grid-square":["https:\/\/i0.wp.com\/joyana.fr\/wp-content\/uploads\/2014\/04\/nendo-emeco.jpg?resize=600%2C428&ssl=1",600,428,true],"author-pro-image":["https:\/\/i0.wp.com\/joyana.fr\/wp-content\/uploads\/2014\/04\/nendo-emeco.jpg?resize=360%2C428&ssl=1",360,428,true],"slider":["https:\/\/i0.wp.com\/joyana.fr\/wp-content\/uploads\/2014\/04\/nendo-emeco.jpg?resize=650%2C400&ssl=1",650,400,true],"woocommerce_thumbnail":["https:\/\/i0.wp.com\/joyana.fr\/wp-content\/uploads\/2014\/04\/nendo-emeco.jpg?resize=450%2C428&ssl=1",450,428,true],"woocommerce_single":["https:\/\/i0.wp.com\/joyana.fr\/wp-content\/uploads\/2014\/04\/nendo-emeco.jpg?fit=650%2C428&ssl=1",650,428,true],"woocommerce_gallery_thumbnail":["https:\/\/i0.wp.com\/joyana.fr\/wp-content\/uploads\/2014\/04\/nendo-emeco.jpg?resize=180%2C180&ssl=1",180,180,true],"sow-carousel-default":["https:\/\/i0.wp.com\/joyana.fr\/wp-content\/uploads\/2014\/04\/nendo-emeco.jpg?resize=272%2C182&ssl=1",272,182,true]},"uagb_author_info":{"display_name":"Jo Yana","author_link":"https:\/\/joyana.fr\/ja\/author\/joyana\/"},"uagb_comment_info":0,"uagb_excerpt":"Emeco a confi\u00e9 \u00e0 Nendo la responsabilit\u00e9 de cr\u00e9er une n&hellip;","coauthors":[],"tax_additional":{"categories":{"linked":["<a href=\"https:\/\/joyana.fr\/ja\/category\/deco-design\/mobilier\/assise\/\" class=\"advgb-post-tax-term\">Assise<\/a>","<a href=\"https:\/\/joyana.fr\/ja\/category\/deco-design\/\" class=\"advgb-post-tax-term\">DECO-DESIGN<\/a>","<a href=\"https:\/\/joyana.fr\/ja\/category\/deco-design\/actualite\/salon\/milan-design-week\/\" class=\"advgb-post-tax-term\">Milan Design Week<\/a>","<a href=\"https:\/\/joyana.fr\/ja\/category\/deco-design\/designer\/nendo\/\" class=\"advgb-post-tax-term\">NENDO<\/a>","<a href=\"https:\/\/joyana.fr\/ja\/category\/deco-design\/mobilier\/assise\/tabouret\/\" class=\"advgb-post-tax-term\">Tabouret<\/a>"],"unlinked":["<span class=\"advgb-post-tax-term\">Assise<\/span>","<span class=\"advgb-post-tax-term\">DECO-DESIGN<\/span>","<span class=\"advgb-post-tax-term\">Milan Design Week<\/span>","<span class=\"advgb-post-tax-term\">NENDO<\/span>","<span class=\"advgb-post-tax-term\">Tabouret<\/span>"]},"tags":{"linked":["<a href=\"https:\/\/joyana.fr\/ja\/category\/deco-design\/mobilier\/assise\/tabouret\/\" class=\"advgb-post-tax-term\">Emeco<\/a>","<a href=\"https:\/\/joyana.fr\/ja\/category\/deco-design\/mobilier\/assise\/tabouret\/\" class=\"advgb-post-tax-term\">Milan Design Week 2014<\/a>","<a href=\"https:\/\/joyana.fr\/ja\/category\/deco-design\/mobilier\/assise\/tabouret\/\" class=\"advgb-post-tax-term\">NENDO<\/a>","<a href=\"https:\/\/joyana.fr\/ja\/category\/deco-design\/mobilier\/assise\/tabouret\/\" class=\"advgb-post-tax-term\">Tabouret design<\/a>"],"unlinked":["<span class=\"advgb-post-tax-term\">Emeco<\/span>","<span class=\"advgb-post-tax-term\">Milan Design Week 2014<\/span>","<span class=\"advgb-post-tax-term\">NENDO<\/span>","<span class=\"advgb-post-tax-term\">Tabouret design<\/span>"]}},"comment_count":0,"relative_dates":{"created":"Posted 12\u5e74 ago","modified":"Updated 12\u5e74 ago"},"absolute_dates":{"created":"Posted on 10 4\u6708 2014","modified":"Updated on 10 4\u6708 2014"},"absolute_dates_time":{"created":"Posted on 10 4\u6708 2014 16:47","modified":"Updated on 10 4\u6708 2014 16:47"},"featured_img_caption":"","series_order":"","jetpack_sharing_enabled":true,"jetpack_shortlink":"https:\/\/wp.me\/p9bteI-um8","jetpack-related-posts":[],"_links":{"self":[{"href":"https:\/\/joyana.fr\/ja\/wp-json\/wp\/v2\/posts\/116692","targetHints":{"allow":["GET"]}}],"collection":[{"href":"https:\/\/joyana.fr\/ja\/wp-json\/wp\/v2\/posts"}],"about":[{"href":"https:\/\/joyana.fr\/ja\/wp-json\/wp\/v2\/types\/post"}],"author":[{"embeddable":true,"href":"https:\/\/joyana.fr\/ja\/wp-json\/wp\/v2\/users\/3"}],"replies":[{"embeddable":true,"href":"https:\/\/joyana.fr\/ja\/wp-json\/wp\/v2\/comments?post=116692"}],"version-history":[{"count":0,"href":"https:\/\/joyana.fr\/ja\/wp-json\/wp\/v2\/posts\/116692\/revisions"}],"wp:featuredmedia":[{"embeddable":true,"href":"https:\/\/joyana.fr\/ja\/wp-json\/wp\/v2\/media\/116696"}],"wp:attachment":[{"href":"https:\/\/joyana.fr\/ja\/wp-json\/wp\/v2\/media?parent=116692"}],"wp:term":[{"taxonomy":"category","embeddable":true,"href":"https:\/\/joyana.fr\/ja\/wp-json\/wp\/v2\/categories?post=116692"},{"taxonomy":"post_tag","embeddable":true,"href":"https:\/\/joyana.fr\/ja\/wp-json\/wp\/v2\/tags?post=116692"}],"curies":[{"name":"wp","href":"https:\/\/api.w.org\/{rel}","templated":true}]}}