{"id":116772,"date":"2014-04-14T13:04:06","date_gmt":"2014-04-14T12:04:06","guid":{"rendered":"https:\/\/joyana.fr\/?p=16772"},"modified":"2014-04-14T13:04:06","modified_gmt":"2014-04-14T12:04:06","slug":"morten-jonas-milan-design-week-2014","status":"publish","type":"post","link":"https:\/\/joyana.fr\/ja\/morten-jonas-milan-design-week-2014\/116772\/","title":{"rendered":"MORTEN &#038; JONAS &#8211; MILAN DESIGN WEEK 2014"},"content":{"rendered":"<p style=\"text-align: justify;\">Belle surprise au <strong>Salone Satellite 2014 de Milan<\/strong> o\u00f9 nous d\u00e9couvrons la tr\u00e8s r\u00e9ussie collection de <strong>Morten &#038; Jonas<\/strong> &#8211; un duo de designers norv\u00e9giens&#8230;<\/p>\n<p><a href=\"https:\/\/i0.wp.com\/joyana.fr\/wp-content\/uploads\/2014\/04\/MJ-DSC03062.jpg?ssl=1\"><img data-recalc-dims=\"1\" fetchpriority=\"high\" decoding=\"async\" alt=\"M&#038;J DSC03062\" src=\"https:\/\/i0.wp.com\/joyana.fr\/wp-content\/uploads\/2014\/04\/MJ-DSC03062.jpg?resize=650%2C489&#038;ssl=1\" width=\"650\" height=\"489\" \/><\/a><\/p>\n<p style=\"text-align: justify;\"><strong>Morten &#038; Jonas<\/strong> ont \u00e9tudi\u00e9 ensemble pendant cinq ans \u00e0 la Bergen Acad\u00e9mie de l&#8217;art et du design, o\u00f9 ils ont termin\u00e9 leur ma\u00eetrise en design, sp\u00e9cialis\u00e9e dans le mobilier et la conception spatiale en mai 2011&#8230; Il signe ici leur premi\u00e8re collection qu&#8217;ils pr\u00e9sentent au\u00a0<strong>Salone Satellite 2014 de Milan.<\/strong> Mobilier, luminaire et accessoires au design intelligent, organique, et lignes d&#8217;inspiration scandinave&#8230;<\/p>\n<p><a href=\"https:\/\/i0.wp.com\/joyana.fr\/wp-content\/uploads\/2014\/04\/MJ-DSC03063.jpg?ssl=1\"><img data-recalc-dims=\"1\" decoding=\"async\" class=\"alignnone size-large wp-image-16777\" alt=\"M&#038;J DSC03063\" src=\"https:\/\/i0.wp.com\/joyana.fr\/wp-content\/uploads\/2014\/04\/MJ-DSC03063.jpg?resize=650%2C456&#038;ssl=1\" width=\"650\" height=\"456\" \/><\/a><\/p>\n<p><a href=\"https:\/\/i0.wp.com\/joyana.fr\/wp-content\/uploads\/2014\/04\/MJ-DSC03064.jpg?ssl=1\"><img data-recalc-dims=\"1\" decoding=\"async\" class=\"alignnone size-large wp-image-16778\" alt=\"M&#038;J DSC03064\" src=\"https:\/\/i0.wp.com\/joyana.fr\/wp-content\/uploads\/2014\/04\/MJ-DSC03064.jpg?resize=650%2C461&#038;ssl=1\" width=\"650\" height=\"461\" \/><\/a><\/p>\n<p><a href=\"https:\/\/i0.wp.com\/joyana.fr\/wp-content\/uploads\/2014\/04\/MJ-DSC03059.jpg?ssl=1\"><img data-recalc-dims=\"1\" loading=\"lazy\" decoding=\"async\" alt=\"M&#038;J DSC03059\" src=\"https:\/\/i0.wp.com\/joyana.fr\/wp-content\/uploads\/2014\/04\/MJ-DSC03059.jpg?resize=650%2C469&#038;ssl=1\" width=\"650\" height=\"469\" \/><\/a><\/p>\n<p><a href=\"https:\/\/i0.wp.com\/joyana.fr\/wp-content\/uploads\/2014\/04\/morten-jonas-Prototypes-overview_o.jpg?ssl=1\"><img data-recalc-dims=\"1\" loading=\"lazy\" decoding=\"async\" class=\"alignnone size-large wp-image-16779\" alt=\"morten jonas Prototypes-overview_o\" src=\"https:\/\/i0.wp.com\/joyana.fr\/wp-content\/uploads\/2014\/04\/morten-jonas-Prototypes-overview_o.jpg?resize=650%2C650&#038;ssl=1\" width=\"650\" height=\"650\" \/><\/a><\/p>\n<p style=\"text-align: center;\">En savoir + sur <a href=\"http:\/\/www.morten-jonas.no\/About\" target=\"_blank\"><strong>MORTEN &#038; JONAS<\/strong><\/a><\/p>\n","protected":false},"excerpt":{"rendered":"<p>Belle surprise au Salone Satellite 2014 de Milan o\u00f9 nous d\u00e9couvrons la tr\u00e8s r\u00e9ussie collection de Morten &#038;#038 [&hellip;]<\/p>\n","protected":false},"author":3,"featured_media":116775,"comment_status":"open","ping_status":"open","sticky":false,"template":"","format":"aside","meta":{"_coblocks_attr":"","_coblocks_dimensions":"","_coblocks_responsive_height":"","_coblocks_accordion_ie_support":"","_uag_custom_page_level_css":"","advgb_blocks_editor_width":"","advgb_blocks_columns_visual_guide":"","_genesis_hide_title":false,"_genesis_hide_breadcrumbs":false,"_genesis_hide_singular_image":false,"_genesis_hide_footer_widgets":false,"_genesis_custom_body_class":"","_genesis_custom_post_class":"","_genesis_layout":"","_themeisle_gutenberg_block_has_review":false,"_jetpack_newsletter_access":"","_jetpack_dont_email_post_to_subs":false,"_jetpack_newsletter_tier_id":0,"_jetpack_memberships_contains_paywalled_content":false,"_jetpack_memberships_contains_paid_content":false,"footnotes":""},"categories":[906,905,917,993,942,1702],"tags":[1266,1669,1703],"class_list":{"0":"post-116772","1":"post","2":"type-post","3":"status-publish","4":"format-aside","5":"has-post-thumbnail","7":"category-accessoires","8":"category-deco-design","9":"category-luminaire","10":"category-milan-design-week","11":"category-mobilier","12":"category-morten-jonas","13":"tag-design-scandinave","14":"tag-milan-design-week-2014","15":"tag-morten-jonas","16":"post_format-post-format-aside","17":"entry"},"featured_image_urls":{"full":["https:\/\/i0.wp.com\/joyana.fr\/wp-content\/uploads\/2014\/04\/MJ-DSC03061.jpg?fit=650%2C822&ssl=1",650,822,false],"thumbnail":["https:\/\/i0.wp.com\/joyana.fr\/wp-content\/uploads\/2014\/04\/MJ-DSC03061.jpg?resize=150%2C150&ssl=1",150,150,true],"medium":["https:\/\/i0.wp.com\/joyana.fr\/wp-content\/uploads\/2014\/04\/MJ-DSC03061.jpg?fit=308%2C389&ssl=1",308,389,true],"medium_large":["https:\/\/i0.wp.com\/joyana.fr\/wp-content\/uploads\/2014\/04\/MJ-DSC03061.jpg?fit=650%2C822&ssl=1",650,822,true],"large":["https:\/\/i0.wp.com\/joyana.fr\/wp-content\/uploads\/2014\/04\/MJ-DSC03061.jpg?fit=650%2C822&ssl=1",650,822,true],"1536x1536":["https:\/\/i0.wp.com\/joyana.fr\/wp-content\/uploads\/2014\/04\/MJ-DSC03061.jpg?fit=650%2C822&ssl=1",650,822,true],"2048x2048":["https:\/\/i0.wp.com\/joyana.fr\/wp-content\/uploads\/2014\/04\/MJ-DSC03061.jpg?fit=650%2C822&ssl=1",650,822,true],"featured-thumb":["https:\/\/i0.wp.com\/joyana.fr\/wp-content\/uploads\/2014\/04\/MJ-DSC03061.jpg?resize=650%2C750&ssl=1",650,750,true],"ab-block-post-grid-landscape":["https:\/\/i0.wp.com\/joyana.fr\/wp-content\/uploads\/2014\/04\/MJ-DSC03061.jpg?resize=600%2C400&ssl=1",600,400,true],"ab-block-post-grid-square":["https:\/\/i0.wp.com\/joyana.fr\/wp-content\/uploads\/2014\/04\/MJ-DSC03061.jpg?resize=600%2C600&ssl=1",600,600,true],"author-pro-image":["https:\/\/i0.wp.com\/joyana.fr\/wp-content\/uploads\/2014\/04\/MJ-DSC03061.jpg?resize=360%2C570&ssl=1",360,570,true],"slider":["https:\/\/i0.wp.com\/joyana.fr\/wp-content\/uploads\/2014\/04\/MJ-DSC03061.jpg?resize=650%2C400&ssl=1",650,400,true],"woocommerce_thumbnail":["https:\/\/i0.wp.com\/joyana.fr\/wp-content\/uploads\/2014\/04\/MJ-DSC03061.jpg?resize=450%2C450&ssl=1",450,450,true],"woocommerce_single":["https:\/\/i0.wp.com\/joyana.fr\/wp-content\/uploads\/2014\/04\/MJ-DSC03061.jpg?fit=650%2C822&ssl=1",650,822,true],"woocommerce_gallery_thumbnail":["https:\/\/i0.wp.com\/joyana.fr\/wp-content\/uploads\/2014\/04\/MJ-DSC03061.jpg?resize=180%2C180&ssl=1",180,180,true],"sow-carousel-default":["https:\/\/i0.wp.com\/joyana.fr\/wp-content\/uploads\/2014\/04\/MJ-DSC03061.jpg?resize=272%2C182&ssl=1",272,182,true]},"post_excerpt_stackable":"<p>Belle surprise au Salone Satellite 2014 de Milan o\u00f9 nous d\u00e9couvrons la tr\u00e8s r\u00e9ussie collection de Mo&hellip;<\/p>\n","category_list":"<a href=\"https:\/\/joyana.fr\/ja\/category\/deco-design\/decoration\/accessoires\/\" rel=\"category tag\">Accessoires<\/a>, <a href=\"https:\/\/joyana.fr\/ja\/category\/deco-design\/\" rel=\"category tag\">DECO-DESIGN<\/a>, <a href=\"https:\/\/joyana.fr\/ja\/category\/deco-design\/luminaire\/\" rel=\"category tag\">Luminaire<\/a>, <a href=\"https:\/\/joyana.fr\/ja\/category\/deco-design\/actualite\/salon\/milan-design-week\/\" rel=\"category tag\">Milan Design Week<\/a>, <a href=\"https:\/\/joyana.fr\/ja\/category\/deco-design\/mobilier\/\" rel=\"category tag\">Mobilier<\/a>, <a href=\"https:\/\/joyana.fr\/ja\/category\/deco-design\/designer\/morten-jonas\/\" rel=\"category tag\">Morten &amp; Jonas<\/a>","author_info":{"display_name":"Jo Yana","author_link":"https:\/\/joyana.fr\/ja\/author\/joyana\/"},"comments_num":"3 comments","featured_image_urls_v2":{"full":["https:\/\/i0.wp.com\/joyana.fr\/wp-content\/uploads\/2014\/04\/MJ-DSC03061.jpg?fit=650%2C822&ssl=1",650,822,false],"thumbnail":["https:\/\/i0.wp.com\/joyana.fr\/wp-content\/uploads\/2014\/04\/MJ-DSC03061.jpg?resize=150%2C150&ssl=1",150,150,true],"medium":["https:\/\/i0.wp.com\/joyana.fr\/wp-content\/uploads\/2014\/04\/MJ-DSC03061.jpg?fit=308%2C389&ssl=1",308,389,true],"medium_large":["https:\/\/i0.wp.com\/joyana.fr\/wp-content\/uploads\/2014\/04\/MJ-DSC03061.jpg?fit=650%2C822&ssl=1",650,822,true],"large":["https:\/\/i0.wp.com\/joyana.fr\/wp-content\/uploads\/2014\/04\/MJ-DSC03061.jpg?fit=650%2C822&ssl=1",650,822,true],"1536x1536":["https:\/\/i0.wp.com\/joyana.fr\/wp-content\/uploads\/2014\/04\/MJ-DSC03061.jpg?fit=650%2C822&ssl=1",650,822,true],"2048x2048":["https:\/\/i0.wp.com\/joyana.fr\/wp-content\/uploads\/2014\/04\/MJ-DSC03061.jpg?fit=650%2C822&ssl=1",650,822,true],"featured-thumb":["https:\/\/i0.wp.com\/joyana.fr\/wp-content\/uploads\/2014\/04\/MJ-DSC03061.jpg?resize=650%2C750&ssl=1",650,750,true],"ab-block-post-grid-landscape":["https:\/\/i0.wp.com\/joyana.fr\/wp-content\/uploads\/2014\/04\/MJ-DSC03061.jpg?resize=600%2C400&ssl=1",600,400,true],"ab-block-post-grid-square":["https:\/\/i0.wp.com\/joyana.fr\/wp-content\/uploads\/2014\/04\/MJ-DSC03061.jpg?resize=600%2C600&ssl=1",600,600,true],"author-pro-image":["https:\/\/i0.wp.com\/joyana.fr\/wp-content\/uploads\/2014\/04\/MJ-DSC03061.jpg?resize=360%2C570&ssl=1",360,570,true],"slider":["https:\/\/i0.wp.com\/joyana.fr\/wp-content\/uploads\/2014\/04\/MJ-DSC03061.jpg?resize=650%2C400&ssl=1",650,400,true],"woocommerce_thumbnail":["https:\/\/i0.wp.com\/joyana.fr\/wp-content\/uploads\/2014\/04\/MJ-DSC03061.jpg?resize=450%2C450&ssl=1",450,450,true],"woocommerce_single":["https:\/\/i0.wp.com\/joyana.fr\/wp-content\/uploads\/2014\/04\/MJ-DSC03061.jpg?fit=650%2C822&ssl=1",650,822,true],"woocommerce_gallery_thumbnail":["https:\/\/i0.wp.com\/joyana.fr\/wp-content\/uploads\/2014\/04\/MJ-DSC03061.jpg?resize=180%2C180&ssl=1",180,180,true],"sow-carousel-default":["https:\/\/i0.wp.com\/joyana.fr\/wp-content\/uploads\/2014\/04\/MJ-DSC03061.jpg?resize=272%2C182&ssl=1",272,182,true]},"post_excerpt_stackable_v2":"<p>Belle surprise au Salone Satellite 2014 de Milan o\u00f9 nous d\u00e9couvrons la tr\u00e8s r\u00e9ussie collection de Mo&hellip;<\/p>\n","category_list_v2":"<a href=\"https:\/\/joyana.fr\/ja\/category\/deco-design\/decoration\/accessoires\/\" rel=\"category tag\">Accessoires<\/a>, <a href=\"https:\/\/joyana.fr\/ja\/category\/deco-design\/\" rel=\"category tag\">DECO-DESIGN<\/a>, <a href=\"https:\/\/joyana.fr\/ja\/category\/deco-design\/luminaire\/\" rel=\"category tag\">Luminaire<\/a>, <a href=\"https:\/\/joyana.fr\/ja\/category\/deco-design\/actualite\/salon\/milan-design-week\/\" rel=\"category tag\">Milan Design Week<\/a>, <a href=\"https:\/\/joyana.fr\/ja\/category\/deco-design\/mobilier\/\" rel=\"category tag\">Mobilier<\/a>, <a href=\"https:\/\/joyana.fr\/ja\/category\/deco-design\/designer\/morten-jonas\/\" rel=\"category tag\">Morten &amp; Jonas<\/a>","author_info_v2":{"name":"Jo Yana","url":"https:\/\/joyana.fr\/ja\/author\/joyana\/"},"comments_num_v2":"3 comments","yoast_head":"<!-- This site is optimized with the Yoast SEO plugin v26.8 - https:\/\/yoast.com\/product\/yoast-seo-wordpress\/ -->\n<title>MORTEN &amp; JONAS - MILAN DESIGN WEEK 2014 - JO YANA<\/title>\n<meta name=\"robots\" content=\"index, follow, max-snippet:-1, max-image-preview:large, max-video-preview:-1\" \/>\n<link rel=\"canonical\" href=\"https:\/\/joyana.fr\/ja\/morten-jonas-milan-design-week-2014\/116772\/\" \/>\n<meta property=\"og:locale\" content=\"ja_JP\" \/>\n<meta property=\"og:locale:alternate\" content=\"fr_FR\" \/>\n<meta property=\"og:locale:alternate\" content=\"en_US\" \/>\n<meta property=\"og:type\" content=\"article\" \/>\n<meta property=\"og:title\" content=\"MORTEN &amp; JONAS - MILAN DESIGN WEEK 2014 - JO YANA\" \/>\n<meta property=\"og:description\" content=\"Belle surprise au Salone Satellite 2014 de Milan o\u00f9 nous d\u00e9couvrons la tr\u00e8s r\u00e9ussie collection de Morten &amp;#038 [&hellip;]\" \/>\n<meta property=\"og:url\" content=\"https:\/\/joyana.fr\/ja\/morten-jonas-milan-design-week-2014\/116772\/\" \/>\n<meta property=\"og:site_name\" content=\"JO YANA\" \/>\n<meta property=\"article:published_time\" content=\"2014-04-14T12:04:06+00:00\" \/>\n<meta property=\"og:image\" content=\"https:\/\/i0.wp.com\/joyana.fr\/wp-content\/uploads\/2014\/04\/MJ-DSC03061.jpg?fit=650%2C822&ssl=1\" \/>\n\t<meta property=\"og:image:width\" content=\"650\" \/>\n\t<meta property=\"og:image:height\" content=\"822\" \/>\n\t<meta property=\"og:image:type\" content=\"image\/jpeg\" \/>\n<meta name=\"author\" content=\"Jo Yana\" \/>\n<meta name=\"twitter:card\" content=\"summary_large_image\" \/>\n<meta name=\"twitter:creator\" content=\"@Jo_Yana\" \/>\n<meta name=\"twitter:site\" content=\"@Jo_Yana\" \/>\n<meta name=\"twitter:label1\" content=\"\u57f7\u7b46\u8005\" \/>\n\t<meta name=\"twitter:data1\" content=\"Jo Yana\" \/>\n<script type=\"application\/ld+json\" class=\"yoast-schema-graph\">{\"@context\":\"https:\/\/schema.org\",\"@graph\":[{\"@type\":\"Article\",\"@id\":\"https:\/\/joyana.fr\/ja\/morten-jonas-milan-design-week-2014\/116772\/#article\",\"isPartOf\":{\"@id\":\"https:\/\/joyana.fr\/ja\/morten-jonas-milan-design-week-2014\/116772\/\"},\"author\":{\"name\":\"Jo Yana\",\"@id\":\"https:\/\/joyana.fr\/#\/schema\/person\/cf2a1ad12a27c12c21801075bf37407c\"},\"headline\":\"MORTEN &#038; JONAS &#8211; MILAN DESIGN WEEK 2014\",\"datePublished\":\"2014-04-14T12:04:06+00:00\",\"mainEntityOfPage\":{\"@id\":\"https:\/\/joyana.fr\/ja\/morten-jonas-milan-design-week-2014\/116772\/\"},\"wordCount\":106,\"commentCount\":1,\"publisher\":{\"@id\":\"https:\/\/joyana.fr\/#\/schema\/person\/cf2a1ad12a27c12c21801075bf37407c\"},\"image\":{\"@id\":\"https:\/\/joyana.fr\/ja\/morten-jonas-milan-design-week-2014\/116772\/#primaryimage\"},\"thumbnailUrl\":\"https:\/\/i0.wp.com\/joyana.fr\/wp-content\/uploads\/2014\/04\/MJ-DSC03061.jpg?fit=650%2C822&ssl=1\",\"keywords\":[\"Design Scandinave\",\"Milan Design Week 2014\",\"Morten &amp; Jonas\"],\"articleSection\":[\"Accessoires\",\"DECO-DESIGN\",\"Luminaire\",\"Milan Design Week\",\"Mobilier\",\"Morten &amp; Jonas\"],\"inLanguage\":\"ja\",\"potentialAction\":[{\"@type\":\"CommentAction\",\"name\":\"Comment\",\"target\":[\"https:\/\/joyana.fr\/ja\/morten-jonas-milan-design-week-2014\/116772\/#respond\"]}]},{\"@type\":\"WebPage\",\"@id\":\"https:\/\/joyana.fr\/ja\/morten-jonas-milan-design-week-2014\/116772\/\",\"url\":\"https:\/\/joyana.fr\/ja\/morten-jonas-milan-design-week-2014\/116772\/\",\"name\":\"MORTEN & JONAS - MILAN DESIGN WEEK 2014 - JO YANA\",\"isPartOf\":{\"@id\":\"https:\/\/joyana.fr\/#website\"},\"primaryImageOfPage\":{\"@id\":\"https:\/\/joyana.fr\/ja\/morten-jonas-milan-design-week-2014\/116772\/#primaryimage\"},\"image\":{\"@id\":\"https:\/\/joyana.fr\/ja\/morten-jonas-milan-design-week-2014\/116772\/#primaryimage\"},\"thumbnailUrl\":\"https:\/\/i0.wp.com\/joyana.fr\/wp-content\/uploads\/2014\/04\/MJ-DSC03061.jpg?fit=650%2C822&ssl=1\",\"datePublished\":\"2014-04-14T12:04:06+00:00\",\"breadcrumb\":{\"@id\":\"https:\/\/joyana.fr\/ja\/morten-jonas-milan-design-week-2014\/116772\/#breadcrumb\"},\"inLanguage\":\"ja\",\"potentialAction\":[{\"@type\":\"ReadAction\",\"target\":[\"https:\/\/joyana.fr\/ja\/morten-jonas-milan-design-week-2014\/116772\/\"]}]},{\"@type\":\"ImageObject\",\"inLanguage\":\"ja\",\"@id\":\"https:\/\/joyana.fr\/ja\/morten-jonas-milan-design-week-2014\/116772\/#primaryimage\",\"url\":\"https:\/\/i0.wp.com\/joyana.fr\/wp-content\/uploads\/2014\/04\/MJ-DSC03061.jpg?fit=650%2C822&ssl=1\",\"contentUrl\":\"https:\/\/i0.wp.com\/joyana.fr\/wp-content\/uploads\/2014\/04\/MJ-DSC03061.jpg?fit=650%2C822&ssl=1\",\"width\":650,\"height\":822},{\"@type\":\"BreadcrumbList\",\"@id\":\"https:\/\/joyana.fr\/ja\/morten-jonas-milan-design-week-2014\/116772\/#breadcrumb\",\"itemListElement\":[{\"@type\":\"ListItem\",\"position\":1,\"name\":\"Accueil\",\"item\":\"https:\/\/joyana.fr\/\"},{\"@type\":\"ListItem\",\"position\":2,\"name\":\"MORTEN &#038; JONAS &#8211; MILAN DESIGN WEEK 2014\"}]},{\"@type\":\"WebSite\",\"@id\":\"https:\/\/joyana.fr\/#website\",\"url\":\"https:\/\/joyana.fr\/\",\"name\":\"JO YANA\",\"description\":\"Blog Mode Homme, Lifestyle, D\u00e9co-Design\",\"publisher\":{\"@id\":\"https:\/\/joyana.fr\/#\/schema\/person\/cf2a1ad12a27c12c21801075bf37407c\"},\"potentialAction\":[{\"@type\":\"SearchAction\",\"target\":{\"@type\":\"EntryPoint\",\"urlTemplate\":\"https:\/\/joyana.fr\/?s={search_term_string}\"},\"query-input\":{\"@type\":\"PropertyValueSpecification\",\"valueRequired\":true,\"valueName\":\"search_term_string\"}}],\"inLanguage\":\"ja\"},{\"@type\":[\"Person\",\"Organization\"],\"@id\":\"https:\/\/joyana.fr\/#\/schema\/person\/cf2a1ad12a27c12c21801075bf37407c\",\"name\":\"Jo Yana\",\"image\":{\"@type\":\"ImageObject\",\"inLanguage\":\"ja\",\"@id\":\"https:\/\/joyana.fr\/#\/schema\/person\/image\/\",\"url\":\"https:\/\/i0.wp.com\/joyana.fr\/wp-content\/uploads\/2016\/08\/cropped-joyana-logo-black-360x180.png?fit=343%2C164&ssl=1\",\"contentUrl\":\"https:\/\/i0.wp.com\/joyana.fr\/wp-content\/uploads\/2016\/08\/cropped-joyana-logo-black-360x180.png?fit=343%2C164&ssl=1\",\"width\":343,\"height\":164,\"caption\":\"Jo Yana\"},\"logo\":{\"@id\":\"https:\/\/joyana.fr\/#\/schema\/person\/image\/\"},\"description\":\"Jo Yana est le cr\u00e9ateur et r\u00e9dacteur en chef des sites DECO-DESIGN. Passionn\u00e9 de Design, Mode, Photo, Luxe, Lifestyle, Musique, mais avant tout Blogueur ! Le plaisir de partager l'anime et a comme devise \\\"POUR L'AMOUR DU BEAU\\\". Retrouvez le aussi sur son blog personnel - https:\/\/joyana.fr...\",\"sameAs\":[\"https:\/\/joyana.fr\/\"],\"url\":\"https:\/\/joyana.fr\/ja\/author\/joyana\/\"}]}<\/script>\n<!-- \/ Yoast SEO plugin. -->","yoast_head_json":{"title":"MORTEN & JONAS - MILAN DESIGN WEEK 2014 - JO YANA","robots":{"index":"index","follow":"follow","max-snippet":"max-snippet:-1","max-image-preview":"max-image-preview:large","max-video-preview":"max-video-preview:-1"},"canonical":"https:\/\/joyana.fr\/ja\/morten-jonas-milan-design-week-2014\/116772\/","og_locale":"ja_JP","og_type":"article","og_title":"MORTEN & JONAS - MILAN DESIGN WEEK 2014 - JO YANA","og_description":"Belle surprise au Salone Satellite 2014 de Milan o\u00f9 nous d\u00e9couvrons la tr\u00e8s r\u00e9ussie collection de Morten &#038 [&hellip;]","og_url":"https:\/\/joyana.fr\/ja\/morten-jonas-milan-design-week-2014\/116772\/","og_site_name":"JO YANA","article_published_time":"2014-04-14T12:04:06+00:00","og_image":[{"width":650,"height":822,"url":"https:\/\/i0.wp.com\/joyana.fr\/wp-content\/uploads\/2014\/04\/MJ-DSC03061.jpg?fit=650%2C822&ssl=1","type":"image\/jpeg"}],"author":"Jo Yana","twitter_card":"summary_large_image","twitter_creator":"@Jo_Yana","twitter_site":"@Jo_Yana","twitter_misc":{"\u57f7\u7b46\u8005":"Jo Yana"},"schema":{"@context":"https:\/\/schema.org","@graph":[{"@type":"Article","@id":"https:\/\/joyana.fr\/ja\/morten-jonas-milan-design-week-2014\/116772\/#article","isPartOf":{"@id":"https:\/\/joyana.fr\/ja\/morten-jonas-milan-design-week-2014\/116772\/"},"author":{"name":"Jo Yana","@id":"https:\/\/joyana.fr\/#\/schema\/person\/cf2a1ad12a27c12c21801075bf37407c"},"headline":"MORTEN &#038; JONAS &#8211; MILAN DESIGN WEEK 2014","datePublished":"2014-04-14T12:04:06+00:00","mainEntityOfPage":{"@id":"https:\/\/joyana.fr\/ja\/morten-jonas-milan-design-week-2014\/116772\/"},"wordCount":106,"commentCount":1,"publisher":{"@id":"https:\/\/joyana.fr\/#\/schema\/person\/cf2a1ad12a27c12c21801075bf37407c"},"image":{"@id":"https:\/\/joyana.fr\/ja\/morten-jonas-milan-design-week-2014\/116772\/#primaryimage"},"thumbnailUrl":"https:\/\/i0.wp.com\/joyana.fr\/wp-content\/uploads\/2014\/04\/MJ-DSC03061.jpg?fit=650%2C822&ssl=1","keywords":["Design Scandinave","Milan Design Week 2014","Morten &amp; Jonas"],"articleSection":["Accessoires","DECO-DESIGN","Luminaire","Milan Design Week","Mobilier","Morten &amp; Jonas"],"inLanguage":"ja","potentialAction":[{"@type":"CommentAction","name":"Comment","target":["https:\/\/joyana.fr\/ja\/morten-jonas-milan-design-week-2014\/116772\/#respond"]}]},{"@type":"WebPage","@id":"https:\/\/joyana.fr\/ja\/morten-jonas-milan-design-week-2014\/116772\/","url":"https:\/\/joyana.fr\/ja\/morten-jonas-milan-design-week-2014\/116772\/","name":"MORTEN & JONAS - MILAN DESIGN WEEK 2014 - JO YANA","isPartOf":{"@id":"https:\/\/joyana.fr\/#website"},"primaryImageOfPage":{"@id":"https:\/\/joyana.fr\/ja\/morten-jonas-milan-design-week-2014\/116772\/#primaryimage"},"image":{"@id":"https:\/\/joyana.fr\/ja\/morten-jonas-milan-design-week-2014\/116772\/#primaryimage"},"thumbnailUrl":"https:\/\/i0.wp.com\/joyana.fr\/wp-content\/uploads\/2014\/04\/MJ-DSC03061.jpg?fit=650%2C822&ssl=1","datePublished":"2014-04-14T12:04:06+00:00","breadcrumb":{"@id":"https:\/\/joyana.fr\/ja\/morten-jonas-milan-design-week-2014\/116772\/#breadcrumb"},"inLanguage":"ja","potentialAction":[{"@type":"ReadAction","target":["https:\/\/joyana.fr\/ja\/morten-jonas-milan-design-week-2014\/116772\/"]}]},{"@type":"ImageObject","inLanguage":"ja","@id":"https:\/\/joyana.fr\/ja\/morten-jonas-milan-design-week-2014\/116772\/#primaryimage","url":"https:\/\/i0.wp.com\/joyana.fr\/wp-content\/uploads\/2014\/04\/MJ-DSC03061.jpg?fit=650%2C822&ssl=1","contentUrl":"https:\/\/i0.wp.com\/joyana.fr\/wp-content\/uploads\/2014\/04\/MJ-DSC03061.jpg?fit=650%2C822&ssl=1","width":650,"height":822},{"@type":"BreadcrumbList","@id":"https:\/\/joyana.fr\/ja\/morten-jonas-milan-design-week-2014\/116772\/#breadcrumb","itemListElement":[{"@type":"ListItem","position":1,"name":"Accueil","item":"https:\/\/joyana.fr\/"},{"@type":"ListItem","position":2,"name":"MORTEN &#038; JONAS &#8211; MILAN DESIGN WEEK 2014"}]},{"@type":"WebSite","@id":"https:\/\/joyana.fr\/#website","url":"https:\/\/joyana.fr\/","name":"JO YANA","description":"Blog Mode Homme, Lifestyle, D\u00e9co-Design","publisher":{"@id":"https:\/\/joyana.fr\/#\/schema\/person\/cf2a1ad12a27c12c21801075bf37407c"},"potentialAction":[{"@type":"SearchAction","target":{"@type":"EntryPoint","urlTemplate":"https:\/\/joyana.fr\/?s={search_term_string}"},"query-input":{"@type":"PropertyValueSpecification","valueRequired":true,"valueName":"search_term_string"}}],"inLanguage":"ja"},{"@type":["Person","Organization"],"@id":"https:\/\/joyana.fr\/#\/schema\/person\/cf2a1ad12a27c12c21801075bf37407c","name":"Jo Yana","image":{"@type":"ImageObject","inLanguage":"ja","@id":"https:\/\/joyana.fr\/#\/schema\/person\/image\/","url":"https:\/\/i0.wp.com\/joyana.fr\/wp-content\/uploads\/2016\/08\/cropped-joyana-logo-black-360x180.png?fit=343%2C164&ssl=1","contentUrl":"https:\/\/i0.wp.com\/joyana.fr\/wp-content\/uploads\/2016\/08\/cropped-joyana-logo-black-360x180.png?fit=343%2C164&ssl=1","width":343,"height":164,"caption":"Jo Yana"},"logo":{"@id":"https:\/\/joyana.fr\/#\/schema\/person\/image\/"},"description":"Jo Yana est le cr\u00e9ateur et r\u00e9dacteur en chef des sites DECO-DESIGN. Passionn\u00e9 de Design, Mode, Photo, Luxe, Lifestyle, Musique, mais avant tout Blogueur ! Le plaisir de partager l'anime et a comme devise \"POUR L'AMOUR DU BEAU\". Retrouvez le aussi sur son blog personnel - https:\/\/joyana.fr...","sameAs":["https:\/\/joyana.fr\/"],"url":"https:\/\/joyana.fr\/ja\/author\/joyana\/"}]}},"author_meta":{"display_name":"Jo Yana","author_link":"https:\/\/joyana.fr\/ja\/author\/joyana\/"},"featured_img":"https:\/\/i0.wp.com\/joyana.fr\/wp-content\/uploads\/2014\/04\/MJ-DSC03061.jpg?fit=308%2C389&ssl=1","featured_image_src":"https:\/\/i0.wp.com\/joyana.fr\/wp-content\/uploads\/2014\/04\/MJ-DSC03061.jpg?resize=600%2C400&ssl=1","featured_image_src_square":"https:\/\/i0.wp.com\/joyana.fr\/wp-content\/uploads\/2014\/04\/MJ-DSC03061.jpg?resize=600%2C600&ssl=1","jetpack_featured_media_url":"https:\/\/i0.wp.com\/joyana.fr\/wp-content\/uploads\/2014\/04\/MJ-DSC03061.jpg?fit=650%2C822&ssl=1","uagb_featured_image_src":{"full":["https:\/\/i0.wp.com\/joyana.fr\/wp-content\/uploads\/2014\/04\/MJ-DSC03061.jpg?fit=650%2C822&ssl=1",650,822,false],"thumbnail":["https:\/\/i0.wp.com\/joyana.fr\/wp-content\/uploads\/2014\/04\/MJ-DSC03061.jpg?resize=150%2C150&ssl=1",150,150,true],"medium":["https:\/\/i0.wp.com\/joyana.fr\/wp-content\/uploads\/2014\/04\/MJ-DSC03061.jpg?fit=308%2C389&ssl=1",308,389,true],"medium_large":["https:\/\/i0.wp.com\/joyana.fr\/wp-content\/uploads\/2014\/04\/MJ-DSC03061.jpg?fit=650%2C822&ssl=1",650,822,true],"large":["https:\/\/i0.wp.com\/joyana.fr\/wp-content\/uploads\/2014\/04\/MJ-DSC03061.jpg?fit=650%2C822&ssl=1",650,822,true],"1536x1536":["https:\/\/i0.wp.com\/joyana.fr\/wp-content\/uploads\/2014\/04\/MJ-DSC03061.jpg?fit=650%2C822&ssl=1",650,822,true],"2048x2048":["https:\/\/i0.wp.com\/joyana.fr\/wp-content\/uploads\/2014\/04\/MJ-DSC03061.jpg?fit=650%2C822&ssl=1",650,822,true],"featured-thumb":["https:\/\/i0.wp.com\/joyana.fr\/wp-content\/uploads\/2014\/04\/MJ-DSC03061.jpg?resize=650%2C750&ssl=1",650,750,true],"ab-block-post-grid-landscape":["https:\/\/i0.wp.com\/joyana.fr\/wp-content\/uploads\/2014\/04\/MJ-DSC03061.jpg?resize=600%2C400&ssl=1",600,400,true],"ab-block-post-grid-square":["https:\/\/i0.wp.com\/joyana.fr\/wp-content\/uploads\/2014\/04\/MJ-DSC03061.jpg?resize=600%2C600&ssl=1",600,600,true],"author-pro-image":["https:\/\/i0.wp.com\/joyana.fr\/wp-content\/uploads\/2014\/04\/MJ-DSC03061.jpg?resize=360%2C570&ssl=1",360,570,true],"slider":["https:\/\/i0.wp.com\/joyana.fr\/wp-content\/uploads\/2014\/04\/MJ-DSC03061.jpg?resize=650%2C400&ssl=1",650,400,true],"woocommerce_thumbnail":["https:\/\/i0.wp.com\/joyana.fr\/wp-content\/uploads\/2014\/04\/MJ-DSC03061.jpg?resize=450%2C450&ssl=1",450,450,true],"woocommerce_single":["https:\/\/i0.wp.com\/joyana.fr\/wp-content\/uploads\/2014\/04\/MJ-DSC03061.jpg?fit=650%2C822&ssl=1",650,822,true],"woocommerce_gallery_thumbnail":["https:\/\/i0.wp.com\/joyana.fr\/wp-content\/uploads\/2014\/04\/MJ-DSC03061.jpg?resize=180%2C180&ssl=1",180,180,true],"sow-carousel-default":["https:\/\/i0.wp.com\/joyana.fr\/wp-content\/uploads\/2014\/04\/MJ-DSC03061.jpg?resize=272%2C182&ssl=1",272,182,true]},"uagb_author_info":{"display_name":"Jo Yana","author_link":"https:\/\/joyana.fr\/ja\/author\/joyana\/"},"uagb_comment_info":3,"uagb_excerpt":"Belle surprise au Salone Satellite 2014 de Milan o\u00f9 nou&hellip;","coauthors":[],"tax_additional":{"categories":{"linked":["<a href=\"https:\/\/joyana.fr\/ja\/category\/deco-design\/decoration\/accessoires\/\" class=\"advgb-post-tax-term\">Accessoires<\/a>","<a href=\"https:\/\/joyana.fr\/ja\/category\/deco-design\/\" class=\"advgb-post-tax-term\">DECO-DESIGN<\/a>","<a href=\"https:\/\/joyana.fr\/ja\/category\/deco-design\/luminaire\/\" class=\"advgb-post-tax-term\">Luminaire<\/a>","<a href=\"https:\/\/joyana.fr\/ja\/category\/deco-design\/actualite\/salon\/milan-design-week\/\" class=\"advgb-post-tax-term\">Milan Design Week<\/a>","<a href=\"https:\/\/joyana.fr\/ja\/category\/deco-design\/mobilier\/\" class=\"advgb-post-tax-term\">Mobilier<\/a>","<a href=\"https:\/\/joyana.fr\/ja\/category\/deco-design\/designer\/morten-jonas\/\" class=\"advgb-post-tax-term\">Morten &amp; Jonas<\/a>"],"unlinked":["<span class=\"advgb-post-tax-term\">Accessoires<\/span>","<span class=\"advgb-post-tax-term\">DECO-DESIGN<\/span>","<span class=\"advgb-post-tax-term\">Luminaire<\/span>","<span class=\"advgb-post-tax-term\">Milan Design Week<\/span>","<span class=\"advgb-post-tax-term\">Mobilier<\/span>","<span class=\"advgb-post-tax-term\">Morten &amp; Jonas<\/span>"]},"tags":{"linked":["<a href=\"https:\/\/joyana.fr\/ja\/category\/deco-design\/designer\/morten-jonas\/\" class=\"advgb-post-tax-term\">Design Scandinave<\/a>","<a href=\"https:\/\/joyana.fr\/ja\/category\/deco-design\/designer\/morten-jonas\/\" class=\"advgb-post-tax-term\">Milan Design Week 2014<\/a>","<a href=\"https:\/\/joyana.fr\/ja\/category\/deco-design\/designer\/morten-jonas\/\" class=\"advgb-post-tax-term\">Morten &amp; Jonas<\/a>"],"unlinked":["<span class=\"advgb-post-tax-term\">Design Scandinave<\/span>","<span class=\"advgb-post-tax-term\">Milan Design Week 2014<\/span>","<span class=\"advgb-post-tax-term\">Morten &amp; Jonas<\/span>"]}},"comment_count":3,"relative_dates":{"created":"Posted 12\u5e74 ago","modified":"Updated 12\u5e74 ago"},"absolute_dates":{"created":"Posted on 14 4\u6708 2014","modified":"Updated on 14 4\u6708 2014"},"absolute_dates_time":{"created":"Posted on 14 4\u6708 2014 13:04","modified":"Updated on 14 4\u6708 2014 13:04"},"featured_img_caption":"","series_order":"","jetpack_sharing_enabled":true,"jetpack_shortlink":"https:\/\/wp.me\/p9bteI-unq","jetpack-related-posts":[],"_links":{"self":[{"href":"https:\/\/joyana.fr\/ja\/wp-json\/wp\/v2\/posts\/116772","targetHints":{"allow":["GET"]}}],"collection":[{"href":"https:\/\/joyana.fr\/ja\/wp-json\/wp\/v2\/posts"}],"about":[{"href":"https:\/\/joyana.fr\/ja\/wp-json\/wp\/v2\/types\/post"}],"author":[{"embeddable":true,"href":"https:\/\/joyana.fr\/ja\/wp-json\/wp\/v2\/users\/3"}],"replies":[{"embeddable":true,"href":"https:\/\/joyana.fr\/ja\/wp-json\/wp\/v2\/comments?post=116772"}],"version-history":[{"count":0,"href":"https:\/\/joyana.fr\/ja\/wp-json\/wp\/v2\/posts\/116772\/revisions"}],"wp:featuredmedia":[{"embeddable":true,"href":"https:\/\/joyana.fr\/ja\/wp-json\/wp\/v2\/media\/116775"}],"wp:attachment":[{"href":"https:\/\/joyana.fr\/ja\/wp-json\/wp\/v2\/media?parent=116772"}],"wp:term":[{"taxonomy":"category","embeddable":true,"href":"https:\/\/joyana.fr\/ja\/wp-json\/wp\/v2\/categories?post=116772"},{"taxonomy":"post_tag","embeddable":true,"href":"https:\/\/joyana.fr\/ja\/wp-json\/wp\/v2\/tags?post=116772"}],"curies":[{"name":"wp","href":"https:\/\/api.w.org\/{rel}","templated":true}]}}