{"id":117220,"date":"2014-05-20T16:24:48","date_gmt":"2014-05-20T15:24:48","guid":{"rendered":"https:\/\/joyana.fr\/?p=17220"},"modified":"2014-05-20T16:24:48","modified_gmt":"2014-05-20T15:24:48","slug":"ddays-2014-hamac-hut-laurent-corio","status":"publish","type":"post","link":"https:\/\/joyana.fr\/ja\/ddays-2014-hamac-hut-laurent-corio\/117220\/","title":{"rendered":"D&#8217;DAYS 2014 &#8211; Hamac DISSIDENCE par Laurent CORIO"},"content":{"rendered":"<p style=\"text-align: justify;\"><strong>Laurent Corio<\/strong>\u00a0nous pr\u00e9sente son <strong>Hamac<\/strong> <span style=\"color: #141823;\"><strong>DISSIDENCE<\/strong>\u00a0<\/span>&#8211; expos\u00e9 aux Ateliers de Paris durant les\u00a0<strong>D&#8217;DAYS 2014<\/strong>&#8230;<\/p>\n<p style=\"text-align: justify;\">En deux temps, trois mouvements, tel veut l\u2019expression qui encourage \u00e0 tout faire le plus rapidement possible.<br \/>\n\u00c0 contretemps, les r\u00e9sidents des Ateliers de Paris s\u2019interrogent sur le mouvement li\u00e9 au ralentissement ou tout du moins dans une logique de temps moins fr\u00e9n\u00e9tique. On glisse donc dans un hamac pour se balancer avec lenteur et on se laisse bercer par les oscillations du Pendule de Foucault dont les ellipses dessinent des courbes inspirantes&#8230;<\/p>\n<p><a href=\"https:\/\/i0.wp.com\/joyana.fr\/wp-content\/uploads\/2014\/05\/image4.jpg?ssl=1\"><img data-recalc-dims=\"1\" fetchpriority=\"high\" decoding=\"async\" class=\"alignnone size-full wp-image-17225\" src=\"https:\/\/i0.wp.com\/joyana.fr\/wp-content\/uploads\/2014\/05\/image4.jpg?resize=992%2C1403&#038;ssl=1\" alt=\"image\" width=\"992\" height=\"1403\" \/><\/a><\/p>\n<p><a href=\"https:\/\/i0.wp.com\/joyana.fr\/wp-content\/uploads\/2014\/05\/image3.jpg?ssl=1\"><img data-recalc-dims=\"1\" decoding=\"async\" data-attachment-id=\"17224\" data-permalink=\"https:\/\/joyana.fr\/ja\/mint-bexley-mocassin-biscayne\/17219\/blog_bexley_mint-copie-2\/\" data-orig-file=\"https:\/\/i0.wp.com\/joyana.fr\/wp-content\/uploads\/2015\/05\/BLOG_BEXLEY_MINT-copie1.jpg?fit=1700%2C1700&amp;ssl=1\" data-orig-size=\"1700,1700\" data-comments-opened=\"1\" data-image-meta=\"{&quot;aperture&quot;:&quot;0&quot;,&quot;credit&quot;:&quot;&quot;,&quot;camera&quot;:&quot;&quot;,&quot;caption&quot;:&quot;&quot;,&quot;created_timestamp&quot;:&quot;0&quot;,&quot;copyright&quot;:&quot;&quot;,&quot;focal_length&quot;:&quot;0&quot;,&quot;iso&quot;:&quot;0&quot;,&quot;shutter_speed&quot;:&quot;0&quot;,&quot;title&quot;:&quot;&quot;,&quot;orientation&quot;:&quot;1&quot;}\" data-image-title=\"BLOG_BEXLEY_MINT copie\" data-image-description=\"\" data-image-caption=\"\" data-medium-file=\"https:\/\/i0.wp.com\/joyana.fr\/wp-content\/uploads\/2015\/05\/BLOG_BEXLEY_MINT-copie1.jpg?fit=389%2C389&amp;ssl=1\" data-large-file=\"https:\/\/i0.wp.com\/joyana.fr\/wp-content\/uploads\/2015\/05\/BLOG_BEXLEY_MINT-copie1.jpg?fit=1024%2C1024&amp;ssl=1\" class=\"alignnone size-full wp-image-17224\" src=\"https:\/\/i0.wp.com\/joyana.fr\/wp-content\/uploads\/2014\/05\/image3.jpg?resize=982%2C1383&#038;ssl=1\" alt=\"image\" width=\"982\" height=\"1383\" \/><\/a><\/p>\n<p><a href=\"https:\/\/i0.wp.com\/joyana.fr\/wp-content\/uploads\/2014\/05\/image1.jpg?ssl=1\"><img data-recalc-dims=\"1\" decoding=\"async\" class=\"alignnone size-full wp-image-17222\" src=\"https:\/\/i0.wp.com\/joyana.fr\/wp-content\/uploads\/2014\/05\/image1.jpg?resize=2302%2C1534&#038;ssl=1\" alt=\"image\" width=\"2302\" height=\"1534\" \/><\/a><\/p>\n<p><a href=\"https:\/\/i0.wp.com\/joyana.fr\/wp-content\/uploads\/2014\/05\/image.jpg?ssl=1\"><img data-recalc-dims=\"1\" loading=\"lazy\" decoding=\"async\" class=\"alignnone size-full wp-image-17221\" src=\"https:\/\/i0.wp.com\/joyana.fr\/wp-content\/uploads\/2014\/05\/image.jpg?resize=2048%2C1706&#038;ssl=1\" alt=\"image\" width=\"2048\" height=\"1706\" \/><\/a><\/p>\n<p>&nbsp;<\/p>\n<p><img data-recalc-dims=\"1\" loading=\"lazy\" decoding=\"async\" data-attachment-id=\"17229\" data-permalink=\"https:\/\/joyana.fr\/ja\/quel-sneakers-addict-etes-vous\/17199\/infographie_baskets-ok\/\" data-orig-file=\"https:\/\/i0.wp.com\/joyana.fr\/wp-content\/uploads\/2015\/05\/Infographie_Baskets-ok.jpg?fit=321%2C2048&amp;ssl=1\" data-orig-size=\"321,2048\" data-comments-opened=\"1\" data-image-meta=\"{&quot;aperture&quot;:&quot;0&quot;,&quot;credit&quot;:&quot;&quot;,&quot;camera&quot;:&quot;&quot;,&quot;caption&quot;:&quot;&quot;,&quot;created_timestamp&quot;:&quot;0&quot;,&quot;copyright&quot;:&quot;&quot;,&quot;focal_length&quot;:&quot;0&quot;,&quot;iso&quot;:&quot;0&quot;,&quot;shutter_speed&quot;:&quot;0&quot;,&quot;title&quot;:&quot;&quot;,&quot;orientation&quot;:&quot;1&quot;}\" data-image-title=\"Infographie_Baskets ok\" data-image-description=\"\" data-image-caption=\"\" data-medium-file=\"https:\/\/i0.wp.com\/joyana.fr\/wp-content\/uploads\/2015\/05\/Infographie_Baskets-ok.jpg?fit=61%2C389&amp;ssl=1\" data-large-file=\"https:\/\/i0.wp.com\/joyana.fr\/wp-content\/uploads\/2015\/05\/Infographie_Baskets-ok.jpg?fit=161%2C1024&amp;ssl=1\" class=\"alignnone size-full wp-image-17229\" src=\"https:\/\/i0.wp.com\/joyana.fr\/wp-content\/uploads\/2014\/05\/hamac-ddays-2014.jpg?resize=650%2C471&#038;ssl=1\" alt=\"hamac-ddays-2014\" width=\"650\" height=\"471\" \/><\/p>\n<p><img data-recalc-dims=\"1\" loading=\"lazy\" decoding=\"async\" class=\"alignnone size-full wp-image-17230\" src=\"https:\/\/i0.wp.com\/joyana.fr\/wp-content\/uploads\/2014\/05\/HAMAC-SANS-NOM-DDAYS-2014.jpg?resize=650%2C500&#038;ssl=1\" alt=\"HAMAC-SANS-NOM-DDAYS-2014\" width=\"650\" height=\"500\" \/><\/p>\n<p style=\"text-align: center;\">En savoir + sur <a title=\"LAURENT CORIO\" href=\"http:\/\/laurent-corio.com\/\" target=\"_blank\">Laurent CORIO<\/a><\/p>\n","protected":false},"excerpt":{"rendered":"<p>Laurent Corio\u00a0nous pr\u00e9sente son Hamac DISSIDENCE\u00a0&#8211; expos\u00e9 aux Ateliers de Paris durant les\u00a0D&#8217;DAYS  [&hellip;]<\/p>\n","protected":false},"author":3,"featured_media":117223,"comment_status":"open","ping_status":"open","sticky":false,"template":"","format":"aside","meta":{"_coblocks_attr":"","_coblocks_dimensions":"","_coblocks_responsive_height":"","_coblocks_accordion_ie_support":"","_uag_custom_page_level_css":"","advgb_blocks_editor_width":"","advgb_blocks_columns_visual_guide":"","_genesis_hide_title":false,"_genesis_hide_breadcrumbs":false,"_genesis_hide_singular_image":false,"_genesis_hide_footer_widgets":false,"_genesis_custom_body_class":"","_genesis_custom_post_class":"","_genesis_layout":"","_themeisle_gutenberg_block_has_review":false,"_jetpack_newsletter_access":"","_jetpack_dont_email_post_to_subs":false,"_jetpack_newsletter_tier_id":0,"_jetpack_memberships_contains_paywalled_content":false,"_jetpack_memberships_contains_paid_content":false,"footnotes":""},"categories":[948,1005,905,1402],"tags":[1371,1729,1403,1730],"class_list":{"0":"post-117220","1":"post","2":"type-post","3":"status-publish","4":"format-aside","5":"has-post-thumbnail","7":"category-assise","8":"category-designers-days","9":"category-deco-design","10":"category-hamac","11":"tag-d-days","12":"tag-ddays-2014","13":"tag-hamac-design","14":"tag-laurent-corio","15":"post_format-post-format-aside","16":"entry"},"featured_image_urls":{"full":["https:\/\/i0.wp.com\/joyana.fr\/wp-content\/uploads\/2014\/05\/image2.jpg?fit=1781%2C2048&ssl=1",1781,2048,false],"thumbnail":["https:\/\/i0.wp.com\/joyana.fr\/wp-content\/uploads\/2014\/05\/image2.jpg?resize=150%2C150&ssl=1",150,150,true],"medium":["https:\/\/i0.wp.com\/joyana.fr\/wp-content\/uploads\/2014\/05\/image2.jpg?fit=338%2C389&ssl=1",338,389,true],"medium_large":["https:\/\/i0.wp.com\/joyana.fr\/wp-content\/uploads\/2014\/05\/image2.jpg?fit=768%2C883&ssl=1",768,883,true],"large":["https:\/\/i0.wp.com\/joyana.fr\/wp-content\/uploads\/2014\/05\/image2.jpg?fit=891%2C1024&ssl=1",891,1024,true],"1536x1536":["https:\/\/i0.wp.com\/joyana.fr\/wp-content\/uploads\/2014\/05\/image2.jpg?fit=1336%2C1536&ssl=1",1336,1536,true],"2048x2048":["https:\/\/i0.wp.com\/joyana.fr\/wp-content\/uploads\/2014\/05\/image2.jpg?fit=1781%2C2048&ssl=1",1781,2048,true],"featured-thumb":["https:\/\/i0.wp.com\/joyana.fr\/wp-content\/uploads\/2014\/05\/image2.jpg?resize=1781%2C750&ssl=1",1781,750,true],"ab-block-post-grid-landscape":["https:\/\/i0.wp.com\/joyana.fr\/wp-content\/uploads\/2014\/05\/image2.jpg?resize=600%2C400&ssl=1",600,400,true],"ab-block-post-grid-square":["https:\/\/i0.wp.com\/joyana.fr\/wp-content\/uploads\/2014\/05\/image2.jpg?resize=600%2C600&ssl=1",600,600,true],"author-pro-image":["https:\/\/i0.wp.com\/joyana.fr\/wp-content\/uploads\/2014\/05\/image2.jpg?resize=360%2C570&ssl=1",360,570,true],"slider":["https:\/\/i0.wp.com\/joyana.fr\/wp-content\/uploads\/2014\/05\/image2.jpg?resize=920%2C400&ssl=1",920,400,true],"woocommerce_thumbnail":["https:\/\/i0.wp.com\/joyana.fr\/wp-content\/uploads\/2014\/05\/image2.jpg?resize=450%2C450&ssl=1",450,450,true],"woocommerce_single":["https:\/\/i0.wp.com\/joyana.fr\/wp-content\/uploads\/2014\/05\/image2.jpg?fit=920%2C1058&ssl=1",920,1058,true],"woocommerce_gallery_thumbnail":["https:\/\/i0.wp.com\/joyana.fr\/wp-content\/uploads\/2014\/05\/image2.jpg?resize=180%2C180&ssl=1",180,180,true],"sow-carousel-default":["https:\/\/i0.wp.com\/joyana.fr\/wp-content\/uploads\/2014\/05\/image2.jpg?resize=272%2C182&ssl=1",272,182,true]},"post_excerpt_stackable":"<p>Laurent Corio\u00a0nous pr\u00e9sente son Hamac DISSIDENCE\u00a0&#8211; expos\u00e9 aux Ateliers de Paris durant les\u00a0D&#038;#&hellip;<\/p>\n","category_list":"<a href=\"https:\/\/joyana.fr\/ja\/category\/deco-design\/mobilier\/assise\/\" rel=\"category tag\">Assise<\/a>, <a href=\"https:\/\/joyana.fr\/ja\/category\/deco-design\/actualite\/salon\/designers-days\/\" rel=\"category tag\">D'DAYS<\/a>, <a href=\"https:\/\/joyana.fr\/ja\/category\/deco-design\/\" rel=\"category tag\">DECO-DESIGN<\/a>, <a href=\"https:\/\/joyana.fr\/ja\/category\/deco-design\/mobilier\/assise\/hamac\/\" rel=\"category tag\">Hamac<\/a>","author_info":{"display_name":"Jo Yana","author_link":"https:\/\/joyana.fr\/ja\/author\/joyana\/"},"comments_num":"6 comments","featured_image_urls_v2":{"full":["https:\/\/i0.wp.com\/joyana.fr\/wp-content\/uploads\/2014\/05\/image2.jpg?fit=1781%2C2048&ssl=1",1781,2048,false],"thumbnail":["https:\/\/i0.wp.com\/joyana.fr\/wp-content\/uploads\/2014\/05\/image2.jpg?resize=150%2C150&ssl=1",150,150,true],"medium":["https:\/\/i0.wp.com\/joyana.fr\/wp-content\/uploads\/2014\/05\/image2.jpg?fit=338%2C389&ssl=1",338,389,true],"medium_large":["https:\/\/i0.wp.com\/joyana.fr\/wp-content\/uploads\/2014\/05\/image2.jpg?fit=768%2C883&ssl=1",768,883,true],"large":["https:\/\/i0.wp.com\/joyana.fr\/wp-content\/uploads\/2014\/05\/image2.jpg?fit=891%2C1024&ssl=1",891,1024,true],"1536x1536":["https:\/\/i0.wp.com\/joyana.fr\/wp-content\/uploads\/2014\/05\/image2.jpg?fit=1336%2C1536&ssl=1",1336,1536,true],"2048x2048":["https:\/\/i0.wp.com\/joyana.fr\/wp-content\/uploads\/2014\/05\/image2.jpg?fit=1781%2C2048&ssl=1",1781,2048,true],"featured-thumb":["https:\/\/i0.wp.com\/joyana.fr\/wp-content\/uploads\/2014\/05\/image2.jpg?resize=1781%2C750&ssl=1",1781,750,true],"ab-block-post-grid-landscape":["https:\/\/i0.wp.com\/joyana.fr\/wp-content\/uploads\/2014\/05\/image2.jpg?resize=600%2C400&ssl=1",600,400,true],"ab-block-post-grid-square":["https:\/\/i0.wp.com\/joyana.fr\/wp-content\/uploads\/2014\/05\/image2.jpg?resize=600%2C600&ssl=1",600,600,true],"author-pro-image":["https:\/\/i0.wp.com\/joyana.fr\/wp-content\/uploads\/2014\/05\/image2.jpg?resize=360%2C570&ssl=1",360,570,true],"slider":["https:\/\/i0.wp.com\/joyana.fr\/wp-content\/uploads\/2014\/05\/image2.jpg?resize=920%2C400&ssl=1",920,400,true],"woocommerce_thumbnail":["https:\/\/i0.wp.com\/joyana.fr\/wp-content\/uploads\/2014\/05\/image2.jpg?resize=450%2C450&ssl=1",450,450,true],"woocommerce_single":["https:\/\/i0.wp.com\/joyana.fr\/wp-content\/uploads\/2014\/05\/image2.jpg?fit=920%2C1058&ssl=1",920,1058,true],"woocommerce_gallery_thumbnail":["https:\/\/i0.wp.com\/joyana.fr\/wp-content\/uploads\/2014\/05\/image2.jpg?resize=180%2C180&ssl=1",180,180,true],"sow-carousel-default":["https:\/\/i0.wp.com\/joyana.fr\/wp-content\/uploads\/2014\/05\/image2.jpg?resize=272%2C182&ssl=1",272,182,true]},"post_excerpt_stackable_v2":"<p>Laurent Corio\u00a0nous pr\u00e9sente son Hamac DISSIDENCE\u00a0&#8211; expos\u00e9 aux Ateliers de Paris durant les\u00a0D&#038;#&hellip;<\/p>\n","category_list_v2":"<a href=\"https:\/\/joyana.fr\/ja\/category\/deco-design\/mobilier\/assise\/\" rel=\"category tag\">Assise<\/a>, <a href=\"https:\/\/joyana.fr\/ja\/category\/deco-design\/actualite\/salon\/designers-days\/\" rel=\"category tag\">D'DAYS<\/a>, <a href=\"https:\/\/joyana.fr\/ja\/category\/deco-design\/\" rel=\"category tag\">DECO-DESIGN<\/a>, <a href=\"https:\/\/joyana.fr\/ja\/category\/deco-design\/mobilier\/assise\/hamac\/\" rel=\"category tag\">Hamac<\/a>","author_info_v2":{"name":"Jo Yana","url":"https:\/\/joyana.fr\/ja\/author\/joyana\/"},"comments_num_v2":"6 comments","yoast_head":"<!-- This site is optimized with the Yoast SEO plugin v26.8 - https:\/\/yoast.com\/product\/yoast-seo-wordpress\/ -->\n<title>D&#039;DAYS 2014 - Hamac DISSIDENCE par Laurent CORIO - JO YANA<\/title>\n<meta name=\"robots\" content=\"index, follow, max-snippet:-1, max-image-preview:large, max-video-preview:-1\" \/>\n<link rel=\"canonical\" href=\"https:\/\/joyana.fr\/ja\/ddays-2014-hamac-hut-laurent-corio\/117220\/\" \/>\n<meta property=\"og:locale\" content=\"ja_JP\" \/>\n<meta property=\"og:locale:alternate\" content=\"fr_FR\" \/>\n<meta property=\"og:locale:alternate\" content=\"en_US\" \/>\n<meta property=\"og:type\" content=\"article\" \/>\n<meta property=\"og:title\" content=\"D&#039;DAYS 2014 - Hamac DISSIDENCE par Laurent CORIO - JO YANA\" \/>\n<meta property=\"og:description\" content=\"Laurent Corio\u00a0nous pr\u00e9sente son Hamac DISSIDENCE\u00a0&#8211; expos\u00e9 aux Ateliers de Paris durant les\u00a0D&#8217;DAYS [&hellip;]\" \/>\n<meta property=\"og:url\" content=\"https:\/\/joyana.fr\/ja\/ddays-2014-hamac-hut-laurent-corio\/117220\/\" \/>\n<meta property=\"og:site_name\" content=\"JO YANA\" \/>\n<meta property=\"article:published_time\" content=\"2014-05-20T15:24:48+00:00\" \/>\n<meta property=\"og:image\" content=\"https:\/\/joyana.fr\/wp-content\/uploads\/2014\/05\/image2.jpg\" \/>\n\t<meta property=\"og:image:width\" content=\"1781\" \/>\n\t<meta property=\"og:image:height\" content=\"2048\" \/>\n\t<meta property=\"og:image:type\" content=\"image\/jpeg\" \/>\n<meta name=\"author\" content=\"Jo Yana\" \/>\n<meta name=\"twitter:card\" content=\"summary_large_image\" \/>\n<meta name=\"twitter:creator\" content=\"@Jo_Yana\" \/>\n<meta name=\"twitter:site\" content=\"@Jo_Yana\" \/>\n<meta name=\"twitter:label1\" content=\"\u57f7\u7b46\u8005\" \/>\n\t<meta name=\"twitter:data1\" content=\"Jo Yana\" \/>\n<script type=\"application\/ld+json\" class=\"yoast-schema-graph\">{\"@context\":\"https:\/\/schema.org\",\"@graph\":[{\"@type\":\"Article\",\"@id\":\"https:\/\/joyana.fr\/ja\/ddays-2014-hamac-hut-laurent-corio\/117220\/#article\",\"isPartOf\":{\"@id\":\"https:\/\/joyana.fr\/ja\/ddays-2014-hamac-hut-laurent-corio\/117220\/\"},\"author\":{\"name\":\"Jo Yana\",\"@id\":\"https:\/\/www.joyana.fr\/ja\/#\/schema\/person\/cf2a1ad12a27c12c21801075bf37407c\"},\"headline\":\"D&#8217;DAYS 2014 &#8211; Hamac DISSIDENCE par Laurent CORIO\",\"datePublished\":\"2014-05-20T15:24:48+00:00\",\"mainEntityOfPage\":{\"@id\":\"https:\/\/joyana.fr\/ja\/ddays-2014-hamac-hut-laurent-corio\/117220\/\"},\"wordCount\":108,\"commentCount\":2,\"publisher\":{\"@id\":\"https:\/\/www.joyana.fr\/ja\/#\/schema\/person\/cf2a1ad12a27c12c21801075bf37407c\"},\"image\":{\"@id\":\"https:\/\/joyana.fr\/ja\/ddays-2014-hamac-hut-laurent-corio\/117220\/#primaryimage\"},\"thumbnailUrl\":\"https:\/\/i0.wp.com\/joyana.fr\/wp-content\/uploads\/2014\/05\/image2.jpg?fit=1781%2C2048&ssl=1\",\"keywords\":[\"D' DAYS\",\"D'DAYS 2014\",\"Hamac design\",\"Laurent CORIO\"],\"articleSection\":[\"Assise\",\"D'DAYS\",\"DECO-DESIGN\",\"Hamac\"],\"inLanguage\":\"ja\",\"potentialAction\":[{\"@type\":\"CommentAction\",\"name\":\"Comment\",\"target\":[\"https:\/\/joyana.fr\/ja\/ddays-2014-hamac-hut-laurent-corio\/117220\/#respond\"]}]},{\"@type\":\"WebPage\",\"@id\":\"https:\/\/joyana.fr\/ja\/ddays-2014-hamac-hut-laurent-corio\/117220\/\",\"url\":\"https:\/\/joyana.fr\/ja\/ddays-2014-hamac-hut-laurent-corio\/117220\/\",\"name\":\"D'DAYS 2014 - Hamac DISSIDENCE par Laurent CORIO - JO YANA\",\"isPartOf\":{\"@id\":\"https:\/\/www.joyana.fr\/ja\/#website\"},\"primaryImageOfPage\":{\"@id\":\"https:\/\/joyana.fr\/ja\/ddays-2014-hamac-hut-laurent-corio\/117220\/#primaryimage\"},\"image\":{\"@id\":\"https:\/\/joyana.fr\/ja\/ddays-2014-hamac-hut-laurent-corio\/117220\/#primaryimage\"},\"thumbnailUrl\":\"https:\/\/i0.wp.com\/joyana.fr\/wp-content\/uploads\/2014\/05\/image2.jpg?fit=1781%2C2048&ssl=1\",\"datePublished\":\"2014-05-20T15:24:48+00:00\",\"breadcrumb\":{\"@id\":\"https:\/\/joyana.fr\/ja\/ddays-2014-hamac-hut-laurent-corio\/117220\/#breadcrumb\"},\"inLanguage\":\"ja\",\"potentialAction\":[{\"@type\":\"ReadAction\",\"target\":[\"https:\/\/joyana.fr\/ja\/ddays-2014-hamac-hut-laurent-corio\/117220\/\"]}]},{\"@type\":\"ImageObject\",\"inLanguage\":\"ja\",\"@id\":\"https:\/\/joyana.fr\/ja\/ddays-2014-hamac-hut-laurent-corio\/117220\/#primaryimage\",\"url\":\"https:\/\/i0.wp.com\/joyana.fr\/wp-content\/uploads\/2014\/05\/image2.jpg?fit=1781%2C2048&ssl=1\",\"contentUrl\":\"https:\/\/i0.wp.com\/joyana.fr\/wp-content\/uploads\/2014\/05\/image2.jpg?fit=1781%2C2048&ssl=1\",\"width\":1781,\"height\":2048},{\"@type\":\"BreadcrumbList\",\"@id\":\"https:\/\/joyana.fr\/ja\/ddays-2014-hamac-hut-laurent-corio\/117220\/#breadcrumb\",\"itemListElement\":[{\"@type\":\"ListItem\",\"position\":1,\"name\":\"Accueil\",\"item\":\"https:\/\/www.joyana.fr\/ja\/\"},{\"@type\":\"ListItem\",\"position\":2,\"name\":\"D&#8217;DAYS 2014 &#8211; Hamac DISSIDENCE par Laurent CORIO\"}]},{\"@type\":\"WebSite\",\"@id\":\"https:\/\/www.joyana.fr\/ja\/#website\",\"url\":\"https:\/\/www.joyana.fr\/ja\/\",\"name\":\"JO YANA\",\"description\":\"Blog Mode Homme, Lifestyle, D\u00e9co-Design\",\"publisher\":{\"@id\":\"https:\/\/www.joyana.fr\/ja\/#\/schema\/person\/cf2a1ad12a27c12c21801075bf37407c\"},\"potentialAction\":[{\"@type\":\"SearchAction\",\"target\":{\"@type\":\"EntryPoint\",\"urlTemplate\":\"https:\/\/www.joyana.fr\/ja\/?s={search_term_string}\"},\"query-input\":{\"@type\":\"PropertyValueSpecification\",\"valueRequired\":true,\"valueName\":\"search_term_string\"}}],\"inLanguage\":\"ja\"},{\"@type\":[\"Person\",\"Organization\"],\"@id\":\"https:\/\/www.joyana.fr\/ja\/#\/schema\/person\/cf2a1ad12a27c12c21801075bf37407c\",\"name\":\"Jo Yana\",\"image\":{\"@type\":\"ImageObject\",\"inLanguage\":\"ja\",\"@id\":\"https:\/\/www.joyana.fr\/ja\/#\/schema\/person\/image\/\",\"url\":\"https:\/\/i0.wp.com\/joyana.fr\/wp-content\/uploads\/2016\/08\/cropped-joyana-logo-black-360x180.png?fit=343%2C164&ssl=1\",\"contentUrl\":\"https:\/\/i0.wp.com\/joyana.fr\/wp-content\/uploads\/2016\/08\/cropped-joyana-logo-black-360x180.png?fit=343%2C164&ssl=1\",\"width\":343,\"height\":164,\"caption\":\"Jo Yana\"},\"logo\":{\"@id\":\"https:\/\/www.joyana.fr\/ja\/#\/schema\/person\/image\/\"},\"description\":\"Jo Yana est le cr\u00e9ateur et r\u00e9dacteur en chef des sites DECO-DESIGN. Passionn\u00e9 de Design, Mode, Photo, Luxe, Lifestyle, Musique, mais avant tout Blogueur ! Le plaisir de partager l'anime et a comme devise \\\"POUR L'AMOUR DU BEAU\\\". Retrouvez le aussi sur son blog personnel - https:\/\/joyana.fr...\",\"sameAs\":[\"https:\/\/joyana.fr\/\"],\"url\":\"https:\/\/joyana.fr\/ja\/author\/joyana\/\"}]}<\/script>\n<!-- \/ Yoast SEO plugin. -->","yoast_head_json":{"title":"D'DAYS 2014 - Hamac DISSIDENCE par Laurent CORIO - JO YANA","robots":{"index":"index","follow":"follow","max-snippet":"max-snippet:-1","max-image-preview":"max-image-preview:large","max-video-preview":"max-video-preview:-1"},"canonical":"https:\/\/joyana.fr\/ja\/ddays-2014-hamac-hut-laurent-corio\/117220\/","og_locale":"ja_JP","og_type":"article","og_title":"D'DAYS 2014 - Hamac DISSIDENCE par Laurent CORIO - JO YANA","og_description":"Laurent Corio\u00a0nous pr\u00e9sente son Hamac DISSIDENCE\u00a0&#8211; expos\u00e9 aux Ateliers de Paris durant les\u00a0D&#8217;DAYS [&hellip;]","og_url":"https:\/\/joyana.fr\/ja\/ddays-2014-hamac-hut-laurent-corio\/117220\/","og_site_name":"JO YANA","article_published_time":"2014-05-20T15:24:48+00:00","og_image":[{"width":1781,"height":2048,"url":"https:\/\/joyana.fr\/wp-content\/uploads\/2014\/05\/image2.jpg","type":"image\/jpeg"}],"author":"Jo Yana","twitter_card":"summary_large_image","twitter_creator":"@Jo_Yana","twitter_site":"@Jo_Yana","twitter_misc":{"\u57f7\u7b46\u8005":"Jo Yana"},"schema":{"@context":"https:\/\/schema.org","@graph":[{"@type":"Article","@id":"https:\/\/joyana.fr\/ja\/ddays-2014-hamac-hut-laurent-corio\/117220\/#article","isPartOf":{"@id":"https:\/\/joyana.fr\/ja\/ddays-2014-hamac-hut-laurent-corio\/117220\/"},"author":{"name":"Jo Yana","@id":"https:\/\/www.joyana.fr\/ja\/#\/schema\/person\/cf2a1ad12a27c12c21801075bf37407c"},"headline":"D&#8217;DAYS 2014 &#8211; Hamac DISSIDENCE par Laurent CORIO","datePublished":"2014-05-20T15:24:48+00:00","mainEntityOfPage":{"@id":"https:\/\/joyana.fr\/ja\/ddays-2014-hamac-hut-laurent-corio\/117220\/"},"wordCount":108,"commentCount":2,"publisher":{"@id":"https:\/\/www.joyana.fr\/ja\/#\/schema\/person\/cf2a1ad12a27c12c21801075bf37407c"},"image":{"@id":"https:\/\/joyana.fr\/ja\/ddays-2014-hamac-hut-laurent-corio\/117220\/#primaryimage"},"thumbnailUrl":"https:\/\/i0.wp.com\/joyana.fr\/wp-content\/uploads\/2014\/05\/image2.jpg?fit=1781%2C2048&ssl=1","keywords":["D' DAYS","D'DAYS 2014","Hamac design","Laurent CORIO"],"articleSection":["Assise","D'DAYS","DECO-DESIGN","Hamac"],"inLanguage":"ja","potentialAction":[{"@type":"CommentAction","name":"Comment","target":["https:\/\/joyana.fr\/ja\/ddays-2014-hamac-hut-laurent-corio\/117220\/#respond"]}]},{"@type":"WebPage","@id":"https:\/\/joyana.fr\/ja\/ddays-2014-hamac-hut-laurent-corio\/117220\/","url":"https:\/\/joyana.fr\/ja\/ddays-2014-hamac-hut-laurent-corio\/117220\/","name":"D'DAYS 2014 - Hamac DISSIDENCE par Laurent CORIO - JO YANA","isPartOf":{"@id":"https:\/\/www.joyana.fr\/ja\/#website"},"primaryImageOfPage":{"@id":"https:\/\/joyana.fr\/ja\/ddays-2014-hamac-hut-laurent-corio\/117220\/#primaryimage"},"image":{"@id":"https:\/\/joyana.fr\/ja\/ddays-2014-hamac-hut-laurent-corio\/117220\/#primaryimage"},"thumbnailUrl":"https:\/\/i0.wp.com\/joyana.fr\/wp-content\/uploads\/2014\/05\/image2.jpg?fit=1781%2C2048&ssl=1","datePublished":"2014-05-20T15:24:48+00:00","breadcrumb":{"@id":"https:\/\/joyana.fr\/ja\/ddays-2014-hamac-hut-laurent-corio\/117220\/#breadcrumb"},"inLanguage":"ja","potentialAction":[{"@type":"ReadAction","target":["https:\/\/joyana.fr\/ja\/ddays-2014-hamac-hut-laurent-corio\/117220\/"]}]},{"@type":"ImageObject","inLanguage":"ja","@id":"https:\/\/joyana.fr\/ja\/ddays-2014-hamac-hut-laurent-corio\/117220\/#primaryimage","url":"https:\/\/i0.wp.com\/joyana.fr\/wp-content\/uploads\/2014\/05\/image2.jpg?fit=1781%2C2048&ssl=1","contentUrl":"https:\/\/i0.wp.com\/joyana.fr\/wp-content\/uploads\/2014\/05\/image2.jpg?fit=1781%2C2048&ssl=1","width":1781,"height":2048},{"@type":"BreadcrumbList","@id":"https:\/\/joyana.fr\/ja\/ddays-2014-hamac-hut-laurent-corio\/117220\/#breadcrumb","itemListElement":[{"@type":"ListItem","position":1,"name":"Accueil","item":"https:\/\/www.joyana.fr\/ja\/"},{"@type":"ListItem","position":2,"name":"D&#8217;DAYS 2014 &#8211; Hamac DISSIDENCE par Laurent CORIO"}]},{"@type":"WebSite","@id":"https:\/\/www.joyana.fr\/ja\/#website","url":"https:\/\/www.joyana.fr\/ja\/","name":"JO YANA","description":"Blog Mode Homme, Lifestyle, D\u00e9co-Design","publisher":{"@id":"https:\/\/www.joyana.fr\/ja\/#\/schema\/person\/cf2a1ad12a27c12c21801075bf37407c"},"potentialAction":[{"@type":"SearchAction","target":{"@type":"EntryPoint","urlTemplate":"https:\/\/www.joyana.fr\/ja\/?s={search_term_string}"},"query-input":{"@type":"PropertyValueSpecification","valueRequired":true,"valueName":"search_term_string"}}],"inLanguage":"ja"},{"@type":["Person","Organization"],"@id":"https:\/\/www.joyana.fr\/ja\/#\/schema\/person\/cf2a1ad12a27c12c21801075bf37407c","name":"Jo Yana","image":{"@type":"ImageObject","inLanguage":"ja","@id":"https:\/\/www.joyana.fr\/ja\/#\/schema\/person\/image\/","url":"https:\/\/i0.wp.com\/joyana.fr\/wp-content\/uploads\/2016\/08\/cropped-joyana-logo-black-360x180.png?fit=343%2C164&ssl=1","contentUrl":"https:\/\/i0.wp.com\/joyana.fr\/wp-content\/uploads\/2016\/08\/cropped-joyana-logo-black-360x180.png?fit=343%2C164&ssl=1","width":343,"height":164,"caption":"Jo Yana"},"logo":{"@id":"https:\/\/www.joyana.fr\/ja\/#\/schema\/person\/image\/"},"description":"Jo Yana est le cr\u00e9ateur et r\u00e9dacteur en chef des sites DECO-DESIGN. Passionn\u00e9 de Design, Mode, Photo, Luxe, Lifestyle, Musique, mais avant tout Blogueur ! Le plaisir de partager l'anime et a comme devise \"POUR L'AMOUR DU BEAU\". Retrouvez le aussi sur son blog personnel - https:\/\/joyana.fr...","sameAs":["https:\/\/joyana.fr\/"],"url":"https:\/\/joyana.fr\/ja\/author\/joyana\/"}]}},"author_meta":{"display_name":"Jo Yana","author_link":"https:\/\/joyana.fr\/ja\/author\/joyana\/"},"featured_img":"https:\/\/i0.wp.com\/joyana.fr\/wp-content\/uploads\/2014\/05\/image2.jpg?fit=338%2C389&ssl=1","featured_image_src":"https:\/\/i0.wp.com\/joyana.fr\/wp-content\/uploads\/2014\/05\/image2.jpg?resize=600%2C400&ssl=1","featured_image_src_square":"https:\/\/i0.wp.com\/joyana.fr\/wp-content\/uploads\/2014\/05\/image2.jpg?resize=600%2C600&ssl=1","jetpack_featured_media_url":"https:\/\/i0.wp.com\/joyana.fr\/wp-content\/uploads\/2014\/05\/image2.jpg?fit=1781%2C2048&ssl=1","uagb_featured_image_src":{"full":["https:\/\/i0.wp.com\/joyana.fr\/wp-content\/uploads\/2014\/05\/image2.jpg?fit=1781%2C2048&ssl=1",1781,2048,false],"thumbnail":["https:\/\/i0.wp.com\/joyana.fr\/wp-content\/uploads\/2014\/05\/image2.jpg?resize=150%2C150&ssl=1",150,150,true],"medium":["https:\/\/i0.wp.com\/joyana.fr\/wp-content\/uploads\/2014\/05\/image2.jpg?fit=338%2C389&ssl=1",338,389,true],"medium_large":["https:\/\/i0.wp.com\/joyana.fr\/wp-content\/uploads\/2014\/05\/image2.jpg?fit=768%2C883&ssl=1",768,883,true],"large":["https:\/\/i0.wp.com\/joyana.fr\/wp-content\/uploads\/2014\/05\/image2.jpg?fit=891%2C1024&ssl=1",891,1024,true],"1536x1536":["https:\/\/i0.wp.com\/joyana.fr\/wp-content\/uploads\/2014\/05\/image2.jpg?fit=1336%2C1536&ssl=1",1336,1536,true],"2048x2048":["https:\/\/i0.wp.com\/joyana.fr\/wp-content\/uploads\/2014\/05\/image2.jpg?fit=1781%2C2048&ssl=1",1781,2048,true],"featured-thumb":["https:\/\/i0.wp.com\/joyana.fr\/wp-content\/uploads\/2014\/05\/image2.jpg?resize=1781%2C750&ssl=1",1781,750,true],"ab-block-post-grid-landscape":["https:\/\/i0.wp.com\/joyana.fr\/wp-content\/uploads\/2014\/05\/image2.jpg?resize=600%2C400&ssl=1",600,400,true],"ab-block-post-grid-square":["https:\/\/i0.wp.com\/joyana.fr\/wp-content\/uploads\/2014\/05\/image2.jpg?resize=600%2C600&ssl=1",600,600,true],"author-pro-image":["https:\/\/i0.wp.com\/joyana.fr\/wp-content\/uploads\/2014\/05\/image2.jpg?resize=360%2C570&ssl=1",360,570,true],"slider":["https:\/\/i0.wp.com\/joyana.fr\/wp-content\/uploads\/2014\/05\/image2.jpg?resize=920%2C400&ssl=1",920,400,true],"woocommerce_thumbnail":["https:\/\/i0.wp.com\/joyana.fr\/wp-content\/uploads\/2014\/05\/image2.jpg?resize=450%2C450&ssl=1",450,450,true],"woocommerce_single":["https:\/\/i0.wp.com\/joyana.fr\/wp-content\/uploads\/2014\/05\/image2.jpg?fit=920%2C1058&ssl=1",920,1058,true],"woocommerce_gallery_thumbnail":["https:\/\/i0.wp.com\/joyana.fr\/wp-content\/uploads\/2014\/05\/image2.jpg?resize=180%2C180&ssl=1",180,180,true],"sow-carousel-default":["https:\/\/i0.wp.com\/joyana.fr\/wp-content\/uploads\/2014\/05\/image2.jpg?resize=272%2C182&ssl=1",272,182,true]},"uagb_author_info":{"display_name":"Jo Yana","author_link":"https:\/\/joyana.fr\/ja\/author\/joyana\/"},"uagb_comment_info":6,"uagb_excerpt":"Laurent Corio\u00a0nous pr\u00e9sente son Hamac DISSIDENCE\u00a0&#8211&hellip;","coauthors":[],"tax_additional":{"categories":{"linked":["<a href=\"https:\/\/joyana.fr\/ja\/category\/deco-design\/mobilier\/assise\/\" class=\"advgb-post-tax-term\">Assise<\/a>","<a href=\"https:\/\/joyana.fr\/ja\/category\/deco-design\/actualite\/salon\/designers-days\/\" class=\"advgb-post-tax-term\">D&#039;DAYS<\/a>","<a href=\"https:\/\/joyana.fr\/ja\/category\/deco-design\/\" class=\"advgb-post-tax-term\">DECO-DESIGN<\/a>","<a href=\"https:\/\/joyana.fr\/ja\/category\/deco-design\/mobilier\/assise\/hamac\/\" class=\"advgb-post-tax-term\">Hamac<\/a>"],"unlinked":["<span class=\"advgb-post-tax-term\">Assise<\/span>","<span class=\"advgb-post-tax-term\">D&#039;DAYS<\/span>","<span class=\"advgb-post-tax-term\">DECO-DESIGN<\/span>","<span class=\"advgb-post-tax-term\">Hamac<\/span>"]},"tags":{"linked":["<a href=\"https:\/\/joyana.fr\/ja\/category\/deco-design\/mobilier\/assise\/hamac\/\" class=\"advgb-post-tax-term\">D&#039; DAYS<\/a>","<a href=\"https:\/\/joyana.fr\/ja\/category\/deco-design\/mobilier\/assise\/hamac\/\" class=\"advgb-post-tax-term\">D&#039;DAYS 2014<\/a>","<a href=\"https:\/\/joyana.fr\/ja\/category\/deco-design\/mobilier\/assise\/hamac\/\" class=\"advgb-post-tax-term\">Hamac design<\/a>","<a href=\"https:\/\/joyana.fr\/ja\/category\/deco-design\/mobilier\/assise\/hamac\/\" class=\"advgb-post-tax-term\">Laurent CORIO<\/a>"],"unlinked":["<span class=\"advgb-post-tax-term\">D&#039; DAYS<\/span>","<span class=\"advgb-post-tax-term\">D&#039;DAYS 2014<\/span>","<span class=\"advgb-post-tax-term\">Hamac design<\/span>","<span class=\"advgb-post-tax-term\">Laurent CORIO<\/span>"]}},"comment_count":6,"relative_dates":{"created":"Posted 12\u5e74 ago","modified":"Updated 12\u5e74 ago"},"absolute_dates":{"created":"Posted on 20 5\u6708 2014","modified":"Updated on 20 5\u6708 2014"},"absolute_dates_time":{"created":"Posted on 20 5\u6708 2014 16:24","modified":"Updated on 20 5\u6708 2014 16:24"},"featured_img_caption":"","series_order":"","jetpack_sharing_enabled":true,"jetpack_shortlink":"https:\/\/wp.me\/p9bteI-uuE","jetpack-related-posts":[],"_links":{"self":[{"href":"https:\/\/joyana.fr\/ja\/wp-json\/wp\/v2\/posts\/117220","targetHints":{"allow":["GET"]}}],"collection":[{"href":"https:\/\/joyana.fr\/ja\/wp-json\/wp\/v2\/posts"}],"about":[{"href":"https:\/\/joyana.fr\/ja\/wp-json\/wp\/v2\/types\/post"}],"author":[{"embeddable":true,"href":"https:\/\/joyana.fr\/ja\/wp-json\/wp\/v2\/users\/3"}],"replies":[{"embeddable":true,"href":"https:\/\/joyana.fr\/ja\/wp-json\/wp\/v2\/comments?post=117220"}],"version-history":[{"count":0,"href":"https:\/\/joyana.fr\/ja\/wp-json\/wp\/v2\/posts\/117220\/revisions"}],"wp:featuredmedia":[{"embeddable":true,"href":"https:\/\/joyana.fr\/ja\/wp-json\/wp\/v2\/media\/117223"}],"wp:attachment":[{"href":"https:\/\/joyana.fr\/ja\/wp-json\/wp\/v2\/media?parent=117220"}],"wp:term":[{"taxonomy":"category","embeddable":true,"href":"https:\/\/joyana.fr\/ja\/wp-json\/wp\/v2\/categories?post=117220"},{"taxonomy":"post_tag","embeddable":true,"href":"https:\/\/joyana.fr\/ja\/wp-json\/wp\/v2\/tags?post=117220"}],"curies":[{"name":"wp","href":"https:\/\/api.w.org\/{rel}","templated":true}]}}