{"id":117300,"date":"2014-05-28T09:35:49","date_gmt":"2014-05-28T08:35:49","guid":{"rendered":"https:\/\/joyana.fr\/?p=17300"},"modified":"2014-05-28T09:35:49","modified_gmt":"2014-05-28T08:35:49","slug":"coiffeur-pascal-lancien-margaux-keller","status":"publish","type":"post","link":"https:\/\/joyana.fr\/ja\/coiffeur-pascal-lancien-margaux-keller\/117300\/","title":{"rendered":"LE COIFFEUR Pascal Lancien par Margaux KELLER"},"content":{"rendered":"<p style=\"text-align: justify;\">Marseille a inaugur\u00e9 depuis peu <a title=\"LES TERRASSES DU PORT\" href=\"https:\/\/joyana.fr\/tag\/les-terrasses-du-port\/\" target=\"_blank\">Les Terrasses du Port<\/a> &#8211; un nouveau centre commercial o\u00f9 de nombreuses boutiques pr\u00e9sentent une d\u00e9coration soign\u00e9e. Notre favorite ? <strong>LE COIFFEUR Pascal Lancien<\/strong>, dont le design a \u00e9t\u00e9 enti\u00e8rement r\u00e9alis\u00e9 par <strong>Margaux Keller<\/strong> &#8211; Marseillaise d&#8217;origine&#8230;<\/p>\n<p><a href=\"https:\/\/i0.wp.com\/joyana.fr\/wp-content\/uploads\/2014\/05\/LECOIFFEUR-9LOGO.jpg?ssl=1\"><img data-recalc-dims=\"1\" fetchpriority=\"high\" decoding=\"async\" data-attachment-id=\"17313\" data-permalink=\"https:\/\/joyana.fr\/ja\/misuperstar-superstar-x-joyana\/17310\/blog_misuperstar_4\/\" data-orig-file=\"https:\/\/i0.wp.com\/joyana.fr\/wp-content\/uploads\/2015\/05\/BLOG_MISUPERSTAR_4.jpg?fit=1700%2C1700&amp;ssl=1\" data-orig-size=\"1700,1700\" data-comments-opened=\"1\" data-image-meta=\"{&quot;aperture&quot;:&quot;0&quot;,&quot;credit&quot;:&quot;&quot;,&quot;camera&quot;:&quot;&quot;,&quot;caption&quot;:&quot;&quot;,&quot;created_timestamp&quot;:&quot;0&quot;,&quot;copyright&quot;:&quot;&quot;,&quot;focal_length&quot;:&quot;0&quot;,&quot;iso&quot;:&quot;0&quot;,&quot;shutter_speed&quot;:&quot;0&quot;,&quot;title&quot;:&quot;&quot;,&quot;orientation&quot;:&quot;1&quot;}\" data-image-title=\"BLOG_MISUPERSTAR_4\" data-image-description=\"\" data-image-caption=\"\" data-medium-file=\"https:\/\/i0.wp.com\/joyana.fr\/wp-content\/uploads\/2015\/05\/BLOG_MISUPERSTAR_4.jpg?fit=389%2C389&amp;ssl=1\" data-large-file=\"https:\/\/i0.wp.com\/joyana.fr\/wp-content\/uploads\/2015\/05\/BLOG_MISUPERSTAR_4.jpg?fit=1024%2C1024&amp;ssl=1\" class=\"alignnone size-full wp-image-17313\" src=\"https:\/\/i0.wp.com\/joyana.fr\/wp-content\/uploads\/2014\/05\/LECOIFFEUR-9LOGO.jpg?resize=650%2C974&#038;ssl=1\" alt=\"LECOIFFEUR-9LOGO\" width=\"650\" height=\"974\" \/><\/a><\/p>\n<p style=\"text-align: justify;\">La designer <strong>Margaux Keller<\/strong> repense ici notre vision du <strong>salon de coiffure<\/strong>. Elle y\u00a0signe la totalit\u00e9 du design, de l\u2019architecture int\u00e9rieure globale, aux \u00e9l\u00e9ments mobiliers en collaboration avec l\u2019architecte marseillais lui aussi Bertrand Guillon.<\/p>\n<p style=\"text-align: justify;\">Chaque espace, chaque meuble, chaque mat\u00e9riau est soigneusement pens\u00e9 afin de cr\u00e9er un lieu v\u00e9ritablement adapt\u00e9 au moment de la coiffure.<\/p>\n<p style=\"text-align: justify;\"><strong>Margaux Keller<\/strong> a puis\u00e9 son inspiration directement dans sa ville natale : <strong>Marseille<\/strong>. Les couleurs, les formes, les mat\u00e9riaux proviennent de la cit\u00e9 phoc\u00e9enne. Le bleu de l\u2019eau des calanques, le jaune de la lumi\u00e8re, le bois clair naturel, le cabanon des p\u00eacheurs, les tommettes de Provence, etc.. Le mobilier r\u00e9alis\u00e9 sur-mesure a aussi attir\u00e9 notre attention tant il est r\u00e9ussi ; mais pas que le notre&#8230; En effet un \u00e9diteur italien serait en pourparler avec la designer pour l&#8217;\u00e9diter&#8230;<\/p>\n<p><a href=\"https:\/\/i0.wp.com\/joyana.fr\/wp-content\/uploads\/2014\/05\/LECOIFFEUR-8FACADE.jpg?ssl=1\"><img data-recalc-dims=\"1\" decoding=\"async\" data-attachment-id=\"17312\" data-permalink=\"https:\/\/joyana.fr\/ja\/misuperstar-superstar-x-joyana\/17310\/blog_misuperstar_3-copie\/\" data-orig-file=\"https:\/\/i0.wp.com\/joyana.fr\/wp-content\/uploads\/2015\/05\/BLOG_MISUPERSTAR_3-copie.jpg?fit=1700%2C1700&amp;ssl=1\" data-orig-size=\"1700,1700\" data-comments-opened=\"1\" data-image-meta=\"{&quot;aperture&quot;:&quot;0&quot;,&quot;credit&quot;:&quot;&quot;,&quot;camera&quot;:&quot;&quot;,&quot;caption&quot;:&quot;&quot;,&quot;created_timestamp&quot;:&quot;0&quot;,&quot;copyright&quot;:&quot;&quot;,&quot;focal_length&quot;:&quot;0&quot;,&quot;iso&quot;:&quot;0&quot;,&quot;shutter_speed&quot;:&quot;0&quot;,&quot;title&quot;:&quot;&quot;,&quot;orientation&quot;:&quot;1&quot;}\" data-image-title=\"BLOG_MISUPERSTAR_3 copie\" data-image-description=\"\" data-image-caption=\"\" data-medium-file=\"https:\/\/i0.wp.com\/joyana.fr\/wp-content\/uploads\/2015\/05\/BLOG_MISUPERSTAR_3-copie.jpg?fit=389%2C389&amp;ssl=1\" data-large-file=\"https:\/\/i0.wp.com\/joyana.fr\/wp-content\/uploads\/2015\/05\/BLOG_MISUPERSTAR_3-copie.jpg?fit=1024%2C1024&amp;ssl=1\" class=\"alignnone size-full wp-image-17312\" src=\"https:\/\/i0.wp.com\/joyana.fr\/wp-content\/uploads\/2014\/05\/LECOIFFEUR-8FACADE.jpg?resize=650%2C543&#038;ssl=1\" alt=\"LECOIFFEUR-8FACADE\" width=\"650\" height=\"543\" \/><\/a><\/p>\n<p><a href=\"https:\/\/i0.wp.com\/joyana.fr\/wp-content\/uploads\/2014\/05\/LECOIFFEUR-7-ATTENTE-CORNER.jpg?ssl=1\"><img data-recalc-dims=\"1\" decoding=\"async\" data-attachment-id=\"17311\" data-permalink=\"https:\/\/joyana.fr\/ja\/misuperstar-superstar-x-joyana\/17310\/blog_misuperstar_2-copie\/\" data-orig-file=\"https:\/\/i0.wp.com\/joyana.fr\/wp-content\/uploads\/2015\/05\/BLOG_MISUPERSTAR_2-copie.jpg?fit=1700%2C1700&amp;ssl=1\" data-orig-size=\"1700,1700\" data-comments-opened=\"1\" data-image-meta=\"{&quot;aperture&quot;:&quot;0&quot;,&quot;credit&quot;:&quot;&quot;,&quot;camera&quot;:&quot;&quot;,&quot;caption&quot;:&quot;&quot;,&quot;created_timestamp&quot;:&quot;0&quot;,&quot;copyright&quot;:&quot;&quot;,&quot;focal_length&quot;:&quot;0&quot;,&quot;iso&quot;:&quot;0&quot;,&quot;shutter_speed&quot;:&quot;0&quot;,&quot;title&quot;:&quot;&quot;,&quot;orientation&quot;:&quot;1&quot;}\" data-image-title=\"BLOG_MISUPERSTAR_2 copie\" data-image-description=\"\" data-image-caption=\"\" data-medium-file=\"https:\/\/i0.wp.com\/joyana.fr\/wp-content\/uploads\/2015\/05\/BLOG_MISUPERSTAR_2-copie.jpg?fit=389%2C389&amp;ssl=1\" data-large-file=\"https:\/\/i0.wp.com\/joyana.fr\/wp-content\/uploads\/2015\/05\/BLOG_MISUPERSTAR_2-copie.jpg?fit=1024%2C1024&amp;ssl=1\" class=\"alignnone size-full wp-image-17311\" src=\"https:\/\/i0.wp.com\/joyana.fr\/wp-content\/uploads\/2014\/05\/LECOIFFEUR-7-ATTENTE-CORNER.jpg?resize=650%2C433&#038;ssl=1\" alt=\"LECOIFFEUR-7-ATTENTE-CORNER\" width=\"650\" height=\"433\" \/><\/a><\/p>\n<p><a href=\"https:\/\/i0.wp.com\/joyana.fr\/wp-content\/uploads\/2014\/05\/LECOIFFEUR-6ENSEMBLE.jpg?ssl=1\"><img data-recalc-dims=\"1\" loading=\"lazy\" decoding=\"async\" class=\"alignnone size-full wp-image-17310\" src=\"https:\/\/i0.wp.com\/joyana.fr\/wp-content\/uploads\/2014\/05\/LECOIFFEUR-6ENSEMBLE.jpg?resize=650%2C433&#038;ssl=1\" alt=\"LECOIFFEUR-6ENSEMBLE\" width=\"650\" height=\"433\" \/><\/a><\/p>\n<p><a href=\"https:\/\/i0.wp.com\/joyana.fr\/wp-content\/uploads\/2014\/05\/LECOIFFEUR-6COIFFEUSE.jpg?ssl=1\"><img data-recalc-dims=\"1\" loading=\"lazy\" decoding=\"async\" class=\"alignnone size-full wp-image-17309\" src=\"https:\/\/i0.wp.com\/joyana.fr\/wp-content\/uploads\/2014\/05\/LECOIFFEUR-6COIFFEUSE.jpg?resize=650%2C974&#038;ssl=1\" alt=\"LECOIFFEUR-6COIFFEUSE\" width=\"650\" height=\"974\" \/><\/a><\/p>\n<p><a href=\"https:\/\/i0.wp.com\/joyana.fr\/wp-content\/uploads\/2014\/05\/LECOIFFEUR-5ENSEMBLE.jpg?ssl=1\"><img data-recalc-dims=\"1\" loading=\"lazy\" decoding=\"async\" class=\"alignnone size-full wp-image-17308\" src=\"https:\/\/i0.wp.com\/joyana.fr\/wp-content\/uploads\/2014\/05\/LECOIFFEUR-5ENSEMBLE.jpg?resize=650%2C974&#038;ssl=1\" alt=\"LECOIFFEUR-5ENSEMBLE\" width=\"650\" height=\"974\" \/><\/a><\/p>\n<p><a href=\"https:\/\/i0.wp.com\/joyana.fr\/wp-content\/uploads\/2014\/05\/LECOIFFEUR-4-CABANON.jpg?ssl=1\"><img data-recalc-dims=\"1\" loading=\"lazy\" decoding=\"async\" class=\"alignnone size-full wp-image-17307\" src=\"https:\/\/i0.wp.com\/joyana.fr\/wp-content\/uploads\/2014\/05\/LECOIFFEUR-4-CABANON.jpg?resize=650%2C433&#038;ssl=1\" alt=\"LECOIFFEUR-4-CABANON\" width=\"650\" height=\"433\" \/><\/a><\/p>\n<p><a href=\"https:\/\/i0.wp.com\/joyana.fr\/wp-content\/uploads\/2014\/05\/LECOIFFEUR-2ENSEMBLE.jpg?ssl=1\"><img data-recalc-dims=\"1\" loading=\"lazy\" decoding=\"async\" class=\"alignnone size-full wp-image-17305\" src=\"https:\/\/i0.wp.com\/joyana.fr\/wp-content\/uploads\/2014\/05\/LECOIFFEUR-2ENSEMBLE.jpg?resize=650%2C433&#038;ssl=1\" alt=\"LECOIFFEUR-2ENSEMBLE\" width=\"650\" height=\"433\" \/><\/a><\/p>\n<div data-carousel-extra='{\"blog_id\":1,\"permalink\":\"https:\\\/\\\/joyana.fr\\\/ja\\\/coiffeur-pascal-lancien-margaux-keller\\\/117300\\\/\"}' id='gallery-1' class='gallery galleryid-117300 gallery-columns-4 gallery-size-thumbnail'><figure class='gallery-item'>\r\n\t\t\t<div class='gallery-icon landscape'>\r\n\t\t\t\t<a href=\"https:\/\/i0.wp.com\/joyana.fr\/wp-content\/uploads\/2015\/05\/BLOG_MISUPERSTAR_51.jpg?ssl=1\"><img loading=\"lazy\" decoding=\"async\" width=\"150\" height=\"150\" src=\"https:\/\/i0.wp.com\/joyana.fr\/wp-content\/uploads\/2015\/05\/BLOG_MISUPERSTAR_51.jpg?resize=150%2C150&amp;ssl=1\" class=\"attachment-thumbnail size-thumbnail\" alt=\"\" srcset=\"https:\/\/i0.wp.com\/joyana.fr\/wp-content\/uploads\/2015\/05\/BLOG_MISUPERSTAR_51.jpg?w=1700&amp;ssl=1 1700w, https:\/\/i0.wp.com\/joyana.fr\/wp-content\/uploads\/2015\/05\/BLOG_MISUPERSTAR_51.jpg?resize=389%2C389&amp;ssl=1 389w, https:\/\/i0.wp.com\/joyana.fr\/wp-content\/uploads\/2015\/05\/BLOG_MISUPERSTAR_51.jpg?resize=1024%2C1024&amp;ssl=1 1024w, https:\/\/i0.wp.com\/joyana.fr\/wp-content\/uploads\/2015\/05\/BLOG_MISUPERSTAR_51.jpg?resize=150%2C150&amp;ssl=1 150w, https:\/\/i0.wp.com\/joyana.fr\/wp-content\/uploads\/2015\/05\/BLOG_MISUPERSTAR_51.jpg?resize=768%2C768&amp;ssl=1 768w, https:\/\/i0.wp.com\/joyana.fr\/wp-content\/uploads\/2015\/05\/BLOG_MISUPERSTAR_51.jpg?resize=1536%2C1536&amp;ssl=1 1536w, https:\/\/i0.wp.com\/joyana.fr\/wp-content\/uploads\/2015\/05\/BLOG_MISUPERSTAR_51.jpg?resize=600%2C600&amp;ssl=1 600w, https:\/\/i0.wp.com\/joyana.fr\/wp-content\/uploads\/2015\/05\/BLOG_MISUPERSTAR_51.jpg?resize=450%2C450&amp;ssl=1 450w, https:\/\/i0.wp.com\/joyana.fr\/wp-content\/uploads\/2015\/05\/BLOG_MISUPERSTAR_51.jpg?resize=920%2C920&amp;ssl=1 920w, https:\/\/i0.wp.com\/joyana.fr\/wp-content\/uploads\/2015\/05\/BLOG_MISUPERSTAR_51.jpg?resize=180%2C180&amp;ssl=1 180w, https:\/\/i0.wp.com\/joyana.fr\/wp-content\/uploads\/2015\/05\/BLOG_MISUPERSTAR_51.jpg?resize=300%2C300&amp;ssl=1 300w, https:\/\/i0.wp.com\/joyana.fr\/wp-content\/uploads\/2015\/05\/BLOG_MISUPERSTAR_51.jpg?resize=100%2C100&amp;ssl=1 100w\" sizes=\"(max-width: 150px) 100vw, 150px\" data-attachment-id=\"17315\" data-permalink=\"https:\/\/joyana.fr\/ja\/misuperstar-superstar-x-joyana\/17310\/blog_misuperstar_5-2\/\" data-orig-file=\"https:\/\/i0.wp.com\/joyana.fr\/wp-content\/uploads\/2015\/05\/BLOG_MISUPERSTAR_51.jpg?fit=1700%2C1700&amp;ssl=1\" data-orig-size=\"1700,1700\" data-comments-opened=\"1\" data-image-meta=\"{&quot;aperture&quot;:&quot;0&quot;,&quot;credit&quot;:&quot;&quot;,&quot;camera&quot;:&quot;&quot;,&quot;caption&quot;:&quot;&quot;,&quot;created_timestamp&quot;:&quot;0&quot;,&quot;copyright&quot;:&quot;&quot;,&quot;focal_length&quot;:&quot;0&quot;,&quot;iso&quot;:&quot;0&quot;,&quot;shutter_speed&quot;:&quot;0&quot;,&quot;title&quot;:&quot;&quot;,&quot;orientation&quot;:&quot;1&quot;}\" data-image-title=\"BLOG_MISUPERSTAR_5\" data-image-description=\"\" data-image-caption=\"\" data-medium-file=\"https:\/\/i0.wp.com\/joyana.fr\/wp-content\/uploads\/2015\/05\/BLOG_MISUPERSTAR_51.jpg?fit=389%2C389&amp;ssl=1\" data-large-file=\"https:\/\/i0.wp.com\/joyana.fr\/wp-content\/uploads\/2015\/05\/BLOG_MISUPERSTAR_51.jpg?fit=1024%2C1024&amp;ssl=1\" \/><\/a>\r\n\t\t\t<\/div><\/figure><figure class='gallery-item'>\r\n\t\t\t<div class='gallery-icon landscape'>\r\n\t\t\t\t<a href=\"https:\/\/i0.wp.com\/joyana.fr\/wp-content\/uploads\/2015\/05\/BLOG_MISUPERSTAR_5.jpg?ssl=1\"><img loading=\"lazy\" decoding=\"async\" width=\"150\" height=\"150\" src=\"https:\/\/i0.wp.com\/joyana.fr\/wp-content\/uploads\/2015\/05\/BLOG_MISUPERSTAR_5.jpg?resize=150%2C150&amp;ssl=1\" class=\"attachment-thumbnail size-thumbnail\" alt=\"\" srcset=\"https:\/\/i0.wp.com\/joyana.fr\/wp-content\/uploads\/2015\/05\/BLOG_MISUPERSTAR_5.jpg?w=1700&amp;ssl=1 1700w, https:\/\/i0.wp.com\/joyana.fr\/wp-content\/uploads\/2015\/05\/BLOG_MISUPERSTAR_5.jpg?resize=300%2C300&amp;ssl=1 300w, https:\/\/i0.wp.com\/joyana.fr\/wp-content\/uploads\/2015\/05\/BLOG_MISUPERSTAR_5.jpg?resize=100%2C100&amp;ssl=1 100w, https:\/\/i0.wp.com\/joyana.fr\/wp-content\/uploads\/2015\/05\/BLOG_MISUPERSTAR_5.jpg?resize=600%2C600&amp;ssl=1 600w\" sizes=\"(max-width: 150px) 100vw, 150px\" data-attachment-id=\"17314\" data-permalink=\"https:\/\/joyana.fr\/ja\/misuperstar-superstar-x-joyana\/17310\/blog_misuperstar_5\/\" data-orig-file=\"https:\/\/i0.wp.com\/joyana.fr\/wp-content\/uploads\/2015\/05\/BLOG_MISUPERSTAR_5.jpg?fit=1700%2C1700&amp;ssl=1\" data-orig-size=\"1700,1700\" data-comments-opened=\"1\" data-image-meta=\"{&quot;aperture&quot;:&quot;0&quot;,&quot;credit&quot;:&quot;&quot;,&quot;camera&quot;:&quot;&quot;,&quot;caption&quot;:&quot;&quot;,&quot;created_timestamp&quot;:&quot;0&quot;,&quot;copyright&quot;:&quot;&quot;,&quot;focal_length&quot;:&quot;0&quot;,&quot;iso&quot;:&quot;0&quot;,&quot;shutter_speed&quot;:&quot;0&quot;,&quot;title&quot;:&quot;&quot;,&quot;orientation&quot;:&quot;1&quot;}\" data-image-title=\"BLOG_MISUPERSTAR_5\" data-image-description=\"\" data-image-caption=\"\" data-medium-file=\"https:\/\/i0.wp.com\/joyana.fr\/wp-content\/uploads\/2015\/05\/BLOG_MISUPERSTAR_5.jpg?fit=389%2C389&amp;ssl=1\" data-large-file=\"https:\/\/i0.wp.com\/joyana.fr\/wp-content\/uploads\/2015\/05\/BLOG_MISUPERSTAR_5.jpg?fit=1024%2C1024&amp;ssl=1\" \/><\/a>\r\n\t\t\t<\/div><\/figure><figure class='gallery-item'>\r\n\t\t\t<div class='gallery-icon landscape'>\r\n\t\t\t\t<a href=\"https:\/\/i0.wp.com\/joyana.fr\/wp-content\/uploads\/2015\/05\/BLOG_MISUPERSTAR_4.jpg?ssl=1\"><img loading=\"lazy\" decoding=\"async\" width=\"150\" height=\"150\" src=\"https:\/\/i0.wp.com\/joyana.fr\/wp-content\/uploads\/2015\/05\/BLOG_MISUPERSTAR_4.jpg?resize=150%2C150&amp;ssl=1\" class=\"attachment-thumbnail size-thumbnail\" alt=\"\" srcset=\"https:\/\/i0.wp.com\/joyana.fr\/wp-content\/uploads\/2015\/05\/BLOG_MISUPERSTAR_4.jpg?w=1700&amp;ssl=1 1700w, https:\/\/i0.wp.com\/joyana.fr\/wp-content\/uploads\/2015\/05\/BLOG_MISUPERSTAR_4.jpg?resize=300%2C300&amp;ssl=1 300w, https:\/\/i0.wp.com\/joyana.fr\/wp-content\/uploads\/2015\/05\/BLOG_MISUPERSTAR_4.jpg?resize=100%2C100&amp;ssl=1 100w, https:\/\/i0.wp.com\/joyana.fr\/wp-content\/uploads\/2015\/05\/BLOG_MISUPERSTAR_4.jpg?resize=600%2C600&amp;ssl=1 600w\" sizes=\"(max-width: 150px) 100vw, 150px\" data-attachment-id=\"17313\" data-permalink=\"https:\/\/joyana.fr\/ja\/misuperstar-superstar-x-joyana\/17310\/blog_misuperstar_4\/\" data-orig-file=\"https:\/\/i0.wp.com\/joyana.fr\/wp-content\/uploads\/2015\/05\/BLOG_MISUPERSTAR_4.jpg?fit=1700%2C1700&amp;ssl=1\" data-orig-size=\"1700,1700\" data-comments-opened=\"1\" data-image-meta=\"{&quot;aperture&quot;:&quot;0&quot;,&quot;credit&quot;:&quot;&quot;,&quot;camera&quot;:&quot;&quot;,&quot;caption&quot;:&quot;&quot;,&quot;created_timestamp&quot;:&quot;0&quot;,&quot;copyright&quot;:&quot;&quot;,&quot;focal_length&quot;:&quot;0&quot;,&quot;iso&quot;:&quot;0&quot;,&quot;shutter_speed&quot;:&quot;0&quot;,&quot;title&quot;:&quot;&quot;,&quot;orientation&quot;:&quot;1&quot;}\" data-image-title=\"BLOG_MISUPERSTAR_4\" data-image-description=\"\" data-image-caption=\"\" data-medium-file=\"https:\/\/i0.wp.com\/joyana.fr\/wp-content\/uploads\/2015\/05\/BLOG_MISUPERSTAR_4.jpg?fit=389%2C389&amp;ssl=1\" data-large-file=\"https:\/\/i0.wp.com\/joyana.fr\/wp-content\/uploads\/2015\/05\/BLOG_MISUPERSTAR_4.jpg?fit=1024%2C1024&amp;ssl=1\" \/><\/a>\r\n\t\t\t<\/div><\/figure><figure class='gallery-item'>\r\n\t\t\t<div class='gallery-icon landscape'>\r\n\t\t\t\t<a href=\"https:\/\/i0.wp.com\/joyana.fr\/wp-content\/uploads\/2015\/05\/BLOG_MISUPERSTAR_3-copie.jpg?ssl=1\"><img loading=\"lazy\" decoding=\"async\" width=\"150\" height=\"150\" src=\"https:\/\/i0.wp.com\/joyana.fr\/wp-content\/uploads\/2015\/05\/BLOG_MISUPERSTAR_3-copie.jpg?resize=150%2C150&amp;ssl=1\" class=\"attachment-thumbnail size-thumbnail\" alt=\"\" srcset=\"https:\/\/i0.wp.com\/joyana.fr\/wp-content\/uploads\/2015\/05\/BLOG_MISUPERSTAR_3-copie.jpg?w=1700&amp;ssl=1 1700w, https:\/\/i0.wp.com\/joyana.fr\/wp-content\/uploads\/2015\/05\/BLOG_MISUPERSTAR_3-copie.jpg?resize=300%2C300&amp;ssl=1 300w, https:\/\/i0.wp.com\/joyana.fr\/wp-content\/uploads\/2015\/05\/BLOG_MISUPERSTAR_3-copie.jpg?resize=100%2C100&amp;ssl=1 100w, https:\/\/i0.wp.com\/joyana.fr\/wp-content\/uploads\/2015\/05\/BLOG_MISUPERSTAR_3-copie.jpg?resize=600%2C600&amp;ssl=1 600w\" sizes=\"(max-width: 150px) 100vw, 150px\" data-attachment-id=\"17312\" data-permalink=\"https:\/\/joyana.fr\/ja\/misuperstar-superstar-x-joyana\/17310\/blog_misuperstar_3-copie\/\" data-orig-file=\"https:\/\/i0.wp.com\/joyana.fr\/wp-content\/uploads\/2015\/05\/BLOG_MISUPERSTAR_3-copie.jpg?fit=1700%2C1700&amp;ssl=1\" data-orig-size=\"1700,1700\" data-comments-opened=\"1\" data-image-meta=\"{&quot;aperture&quot;:&quot;0&quot;,&quot;credit&quot;:&quot;&quot;,&quot;camera&quot;:&quot;&quot;,&quot;caption&quot;:&quot;&quot;,&quot;created_timestamp&quot;:&quot;0&quot;,&quot;copyright&quot;:&quot;&quot;,&quot;focal_length&quot;:&quot;0&quot;,&quot;iso&quot;:&quot;0&quot;,&quot;shutter_speed&quot;:&quot;0&quot;,&quot;title&quot;:&quot;&quot;,&quot;orientation&quot;:&quot;1&quot;}\" data-image-title=\"BLOG_MISUPERSTAR_3 copie\" data-image-description=\"\" data-image-caption=\"\" data-medium-file=\"https:\/\/i0.wp.com\/joyana.fr\/wp-content\/uploads\/2015\/05\/BLOG_MISUPERSTAR_3-copie.jpg?fit=389%2C389&amp;ssl=1\" data-large-file=\"https:\/\/i0.wp.com\/joyana.fr\/wp-content\/uploads\/2015\/05\/BLOG_MISUPERSTAR_3-copie.jpg?fit=1024%2C1024&amp;ssl=1\" \/><\/a>\r\n\t\t\t<\/div><\/figure><figure class='gallery-item'>\r\n\t\t\t<div class='gallery-icon landscape'>\r\n\t\t\t\t<a href=\"https:\/\/i0.wp.com\/joyana.fr\/wp-content\/uploads\/2015\/05\/BLOG_MISUPERSTAR_2-copie.jpg?ssl=1\"><img loading=\"lazy\" decoding=\"async\" width=\"150\" height=\"150\" src=\"https:\/\/i0.wp.com\/joyana.fr\/wp-content\/uploads\/2015\/05\/BLOG_MISUPERSTAR_2-copie.jpg?resize=150%2C150&amp;ssl=1\" class=\"attachment-thumbnail size-thumbnail\" alt=\"\" srcset=\"https:\/\/i0.wp.com\/joyana.fr\/wp-content\/uploads\/2015\/05\/BLOG_MISUPERSTAR_2-copie.jpg?w=1700&amp;ssl=1 1700w, https:\/\/i0.wp.com\/joyana.fr\/wp-content\/uploads\/2015\/05\/BLOG_MISUPERSTAR_2-copie.jpg?resize=300%2C300&amp;ssl=1 300w, https:\/\/i0.wp.com\/joyana.fr\/wp-content\/uploads\/2015\/05\/BLOG_MISUPERSTAR_2-copie.jpg?resize=100%2C100&amp;ssl=1 100w, https:\/\/i0.wp.com\/joyana.fr\/wp-content\/uploads\/2015\/05\/BLOG_MISUPERSTAR_2-copie.jpg?resize=600%2C600&amp;ssl=1 600w\" sizes=\"(max-width: 150px) 100vw, 150px\" data-attachment-id=\"17311\" data-permalink=\"https:\/\/joyana.fr\/ja\/misuperstar-superstar-x-joyana\/17310\/blog_misuperstar_2-copie\/\" data-orig-file=\"https:\/\/i0.wp.com\/joyana.fr\/wp-content\/uploads\/2015\/05\/BLOG_MISUPERSTAR_2-copie.jpg?fit=1700%2C1700&amp;ssl=1\" data-orig-size=\"1700,1700\" data-comments-opened=\"1\" data-image-meta=\"{&quot;aperture&quot;:&quot;0&quot;,&quot;credit&quot;:&quot;&quot;,&quot;camera&quot;:&quot;&quot;,&quot;caption&quot;:&quot;&quot;,&quot;created_timestamp&quot;:&quot;0&quot;,&quot;copyright&quot;:&quot;&quot;,&quot;focal_length&quot;:&quot;0&quot;,&quot;iso&quot;:&quot;0&quot;,&quot;shutter_speed&quot;:&quot;0&quot;,&quot;title&quot;:&quot;&quot;,&quot;orientation&quot;:&quot;1&quot;}\" data-image-title=\"BLOG_MISUPERSTAR_2 copie\" data-image-description=\"\" data-image-caption=\"\" data-medium-file=\"https:\/\/i0.wp.com\/joyana.fr\/wp-content\/uploads\/2015\/05\/BLOG_MISUPERSTAR_2-copie.jpg?fit=389%2C389&amp;ssl=1\" data-large-file=\"https:\/\/i0.wp.com\/joyana.fr\/wp-content\/uploads\/2015\/05\/BLOG_MISUPERSTAR_2-copie.jpg?fit=1024%2C1024&amp;ssl=1\" \/><\/a>\r\n\t\t\t<\/div><\/figure><figure class='gallery-item'>\r\n\t\t\t<div class='gallery-icon landscape'>\r\n\t\t\t\t<a href=\"https:\/\/i0.wp.com\/joyana.fr\/wp-content\/uploads\/2015\/05\/BLOG_KITH-NYC-copie.jpg?ssl=1\"><img loading=\"lazy\" decoding=\"async\" width=\"150\" height=\"150\" src=\"https:\/\/i0.wp.com\/joyana.fr\/wp-content\/uploads\/2015\/05\/BLOG_KITH-NYC-copie.jpg?resize=150%2C150&amp;ssl=1\" class=\"attachment-thumbnail size-thumbnail\" alt=\"\" srcset=\"https:\/\/i0.wp.com\/joyana.fr\/wp-content\/uploads\/2015\/05\/BLOG_KITH-NYC-copie.jpg?w=1700&amp;ssl=1 1700w, https:\/\/i0.wp.com\/joyana.fr\/wp-content\/uploads\/2015\/05\/BLOG_KITH-NYC-copie.jpg?resize=300%2C300&amp;ssl=1 300w, https:\/\/i0.wp.com\/joyana.fr\/wp-content\/uploads\/2015\/05\/BLOG_KITH-NYC-copie.jpg?resize=100%2C100&amp;ssl=1 100w, https:\/\/i0.wp.com\/joyana.fr\/wp-content\/uploads\/2015\/05\/BLOG_KITH-NYC-copie.jpg?resize=600%2C600&amp;ssl=1 600w\" sizes=\"(max-width: 150px) 100vw, 150px\" data-attachment-id=\"17301\" data-permalink=\"https:\/\/joyana.fr\/ja\/kith-nyc-new-york\/17289\/blog_kith-nyc-copie\/\" data-orig-file=\"https:\/\/i0.wp.com\/joyana.fr\/wp-content\/uploads\/2015\/05\/BLOG_KITH-NYC-copie.jpg?fit=1700%2C1700&amp;ssl=1\" data-orig-size=\"1700,1700\" data-comments-opened=\"1\" data-image-meta=\"{&quot;aperture&quot;:&quot;0&quot;,&quot;credit&quot;:&quot;&quot;,&quot;camera&quot;:&quot;&quot;,&quot;caption&quot;:&quot;&quot;,&quot;created_timestamp&quot;:&quot;0&quot;,&quot;copyright&quot;:&quot;&quot;,&quot;focal_length&quot;:&quot;0&quot;,&quot;iso&quot;:&quot;0&quot;,&quot;shutter_speed&quot;:&quot;0&quot;,&quot;title&quot;:&quot;&quot;,&quot;orientation&quot;:&quot;1&quot;}\" data-image-title=\"BLOG_KITH NYC copie\" data-image-description=\"\" data-image-caption=\"\" data-medium-file=\"https:\/\/i0.wp.com\/joyana.fr\/wp-content\/uploads\/2015\/05\/BLOG_KITH-NYC-copie.jpg?fit=389%2C389&amp;ssl=1\" data-large-file=\"https:\/\/i0.wp.com\/joyana.fr\/wp-content\/uploads\/2015\/05\/BLOG_KITH-NYC-copie.jpg?fit=1024%2C1024&amp;ssl=1\" \/><\/a>\r\n\t\t\t<\/div><\/figure><\/div>\n\n<p style=\"text-align: center;\"><strong><em><a href=\"http:\/\/www.lecoiffeur-pascallancien.fr\" target=\"_blank\">LE COIFFEUR Pascal Lancien<\/a><\/em><\/strong><br \/>\n<em> Les Terrasses du Port<\/em><br \/>\n<em> 9 Quai du Lazaret, 13002 Marseille<\/em><\/p>\n<p style=\"text-align: center;\"><em>Cr\u00e9dit photo : Laure M\u00e9lone<\/em><\/p>\n<p><a href=\"https:\/\/i0.wp.com\/joyana.fr\/wp-content\/uploads\/2014\/05\/LECOIFFEUR-1ENSEMBLE-low.jpg?ssl=1\"><img data-recalc-dims=\"1\" loading=\"lazy\" decoding=\"async\" class=\"alignnone size-full wp-image-17304\" src=\"https:\/\/i0.wp.com\/joyana.fr\/wp-content\/uploads\/2014\/05\/LECOIFFEUR-1ENSEMBLE-low.jpg?resize=650%2C434&#038;ssl=1\" alt=\"LECOIFFEUR-1ENSEMBLE-low\" width=\"650\" height=\"434\" \/><\/a><\/p>\n<p style=\"text-align: center;\">En savoir + sur <strong><a title=\"MARGAUX KELLER\" href=\"http:\/\/www.margauxkeller.com \" target=\"_blank\">Margaux KELLER<\/a><\/strong><\/p>\n","protected":false},"excerpt":{"rendered":"<p>LE COIFFEUR Pascal Lancien, dont le design a \u00e9t\u00e9 enti\u00e8rement r\u00e9alis\u00e9 par Margaux Keller &#8211; Marseillaise d&#8217;origine&#8230;<\/p>\n","protected":false},"author":3,"featured_media":117316,"comment_status":"open","ping_status":"open","sticky":false,"template":"","format":"aside","meta":{"_coblocks_attr":"","_coblocks_dimensions":"","_coblocks_responsive_height":"","_coblocks_accordion_ie_support":"","_uag_custom_page_level_css":"","advgb_blocks_editor_width":"","advgb_blocks_columns_visual_guide":"","_genesis_hide_title":false,"_genesis_hide_breadcrumbs":false,"_genesis_hide_singular_image":false,"_genesis_hide_footer_widgets":false,"_genesis_custom_body_class":"","_genesis_custom_post_class":"","_genesis_layout":"","_themeisle_gutenberg_block_has_review":false,"_jetpack_newsletter_access":"","_jetpack_dont_email_post_to_subs":false,"_jetpack_newsletter_tier_id":0,"_jetpack_memberships_contains_paywalled_content":false,"_jetpack_memberships_contains_paid_content":false,"footnotes":""},"categories":[1036,71,1018,905,1039,1739],"tags":[501,1740,31,1741],"class_list":{"0":"post-117300","1":"post","2":"type-post","3":"status-publish","4":"format-aside","5":"has-post-thumbnail","7":"category-a-la-une","8":"category-architecture","9":"category-boutique","10":"category-deco-design","11":"category-france","12":"category-margaux-keller","13":"tag-architecture-2","14":"tag-margaux-keller","15":"tag-marseille","16":"tag-salon-de-coiffure-design","17":"post_format-post-format-aside","18":"entry"},"featured_image_urls":{"full":["https:\/\/i0.wp.com\/joyana.fr\/wp-content\/uploads\/2014\/05\/LECOIFFEUR-1ENSEMBLE-c.jpg?fit=1600%2C846&ssl=1",1600,846,false],"thumbnail":["https:\/\/i0.wp.com\/joyana.fr\/wp-content\/uploads\/2014\/05\/LECOIFFEUR-1ENSEMBLE-c.jpg?resize=150%2C150&ssl=1",150,150,true],"medium":["https:\/\/i0.wp.com\/joyana.fr\/wp-content\/uploads\/2014\/05\/LECOIFFEUR-1ENSEMBLE-c.jpg?fit=389%2C206&ssl=1",389,206,true],"medium_large":["https:\/\/i0.wp.com\/joyana.fr\/wp-content\/uploads\/2014\/05\/LECOIFFEUR-1ENSEMBLE-c.jpg?fit=768%2C406&ssl=1",768,406,true],"large":["https:\/\/i0.wp.com\/joyana.fr\/wp-content\/uploads\/2014\/05\/LECOIFFEUR-1ENSEMBLE-c.jpg?fit=1024%2C541&ssl=1",1024,541,true],"1536x1536":["https:\/\/i0.wp.com\/joyana.fr\/wp-content\/uploads\/2014\/05\/LECOIFFEUR-1ENSEMBLE-c.jpg?fit=1536%2C812&ssl=1",1536,812,true],"2048x2048":["https:\/\/i0.wp.com\/joyana.fr\/wp-content\/uploads\/2014\/05\/LECOIFFEUR-1ENSEMBLE-c.jpg?fit=1600%2C846&ssl=1",1600,846,true],"featured-thumb":["https:\/\/i0.wp.com\/joyana.fr\/wp-content\/uploads\/2014\/05\/LECOIFFEUR-1ENSEMBLE-c.jpg?resize=1600%2C750&ssl=1",1600,750,true],"ab-block-post-grid-landscape":["https:\/\/i0.wp.com\/joyana.fr\/wp-content\/uploads\/2014\/05\/LECOIFFEUR-1ENSEMBLE-c.jpg?resize=600%2C400&ssl=1",600,400,true],"ab-block-post-grid-square":["https:\/\/i0.wp.com\/joyana.fr\/wp-content\/uploads\/2014\/05\/LECOIFFEUR-1ENSEMBLE-c.jpg?resize=600%2C600&ssl=1",600,600,true],"author-pro-image":["https:\/\/i0.wp.com\/joyana.fr\/wp-content\/uploads\/2014\/05\/LECOIFFEUR-1ENSEMBLE-c.jpg?resize=360%2C570&ssl=1",360,570,true],"slider":["https:\/\/i0.wp.com\/joyana.fr\/wp-content\/uploads\/2014\/05\/LECOIFFEUR-1ENSEMBLE-c.jpg?resize=920%2C400&ssl=1",920,400,true],"woocommerce_thumbnail":["https:\/\/i0.wp.com\/joyana.fr\/wp-content\/uploads\/2014\/05\/LECOIFFEUR-1ENSEMBLE-c.jpg?resize=450%2C450&ssl=1",450,450,true],"woocommerce_single":["https:\/\/i0.wp.com\/joyana.fr\/wp-content\/uploads\/2014\/05\/LECOIFFEUR-1ENSEMBLE-c.jpg?fit=920%2C486&ssl=1",920,486,true],"woocommerce_gallery_thumbnail":["https:\/\/i0.wp.com\/joyana.fr\/wp-content\/uploads\/2014\/05\/LECOIFFEUR-1ENSEMBLE-c.jpg?resize=180%2C180&ssl=1",180,180,true],"sow-carousel-default":["https:\/\/i0.wp.com\/joyana.fr\/wp-content\/uploads\/2014\/05\/LECOIFFEUR-1ENSEMBLE-c.jpg?resize=272%2C182&ssl=1",272,182,true]},"post_excerpt_stackable":"<p>LE COIFFEUR Pascal Lancien, dont le design a \u00e9t\u00e9 enti\u00e8rement r\u00e9alis\u00e9 par Margaux Keller &#8211; Marseillaise d&#8217;origine&#8230;<\/p>\n","category_list":"<a href=\"https:\/\/joyana.fr\/ja\/category\/a-la-une\/\" rel=\"category tag\">A la une !!!<\/a>, <a href=\"https:\/\/joyana.fr\/ja\/category\/portfolio\/architecture\/\" rel=\"category tag\">ARCHITECTURE<\/a>, <a href=\"https:\/\/joyana.fr\/ja\/category\/deco-design\/architecture-deco-design\/lieux-design\/boutique\/\" rel=\"category tag\">Boutique<\/a>, <a href=\"https:\/\/joyana.fr\/ja\/category\/deco-design\/\" rel=\"category tag\">DECO-DESIGN<\/a>, <a href=\"https:\/\/joyana.fr\/ja\/category\/deco-design\/architecture-deco-design\/pays\/france\/\" rel=\"category tag\">France<\/a>, <a href=\"https:\/\/joyana.fr\/ja\/category\/deco-design\/designer\/margaux-keller\/\" rel=\"category tag\">Margaux KELLER<\/a>","author_info":{"display_name":"Jo Yana","author_link":"https:\/\/joyana.fr\/ja\/author\/joyana\/"},"comments_num":"9 comments","featured_image_urls_v2":{"full":["https:\/\/i0.wp.com\/joyana.fr\/wp-content\/uploads\/2014\/05\/LECOIFFEUR-1ENSEMBLE-c.jpg?fit=1600%2C846&ssl=1",1600,846,false],"thumbnail":["https:\/\/i0.wp.com\/joyana.fr\/wp-content\/uploads\/2014\/05\/LECOIFFEUR-1ENSEMBLE-c.jpg?resize=150%2C150&ssl=1",150,150,true],"medium":["https:\/\/i0.wp.com\/joyana.fr\/wp-content\/uploads\/2014\/05\/LECOIFFEUR-1ENSEMBLE-c.jpg?fit=389%2C206&ssl=1",389,206,true],"medium_large":["https:\/\/i0.wp.com\/joyana.fr\/wp-content\/uploads\/2014\/05\/LECOIFFEUR-1ENSEMBLE-c.jpg?fit=768%2C406&ssl=1",768,406,true],"large":["https:\/\/i0.wp.com\/joyana.fr\/wp-content\/uploads\/2014\/05\/LECOIFFEUR-1ENSEMBLE-c.jpg?fit=1024%2C541&ssl=1",1024,541,true],"1536x1536":["https:\/\/i0.wp.com\/joyana.fr\/wp-content\/uploads\/2014\/05\/LECOIFFEUR-1ENSEMBLE-c.jpg?fit=1536%2C812&ssl=1",1536,812,true],"2048x2048":["https:\/\/i0.wp.com\/joyana.fr\/wp-content\/uploads\/2014\/05\/LECOIFFEUR-1ENSEMBLE-c.jpg?fit=1600%2C846&ssl=1",1600,846,true],"featured-thumb":["https:\/\/i0.wp.com\/joyana.fr\/wp-content\/uploads\/2014\/05\/LECOIFFEUR-1ENSEMBLE-c.jpg?resize=1600%2C750&ssl=1",1600,750,true],"ab-block-post-grid-landscape":["https:\/\/i0.wp.com\/joyana.fr\/wp-content\/uploads\/2014\/05\/LECOIFFEUR-1ENSEMBLE-c.jpg?resize=600%2C400&ssl=1",600,400,true],"ab-block-post-grid-square":["https:\/\/i0.wp.com\/joyana.fr\/wp-content\/uploads\/2014\/05\/LECOIFFEUR-1ENSEMBLE-c.jpg?resize=600%2C600&ssl=1",600,600,true],"author-pro-image":["https:\/\/i0.wp.com\/joyana.fr\/wp-content\/uploads\/2014\/05\/LECOIFFEUR-1ENSEMBLE-c.jpg?resize=360%2C570&ssl=1",360,570,true],"slider":["https:\/\/i0.wp.com\/joyana.fr\/wp-content\/uploads\/2014\/05\/LECOIFFEUR-1ENSEMBLE-c.jpg?resize=920%2C400&ssl=1",920,400,true],"woocommerce_thumbnail":["https:\/\/i0.wp.com\/joyana.fr\/wp-content\/uploads\/2014\/05\/LECOIFFEUR-1ENSEMBLE-c.jpg?resize=450%2C450&ssl=1",450,450,true],"woocommerce_single":["https:\/\/i0.wp.com\/joyana.fr\/wp-content\/uploads\/2014\/05\/LECOIFFEUR-1ENSEMBLE-c.jpg?fit=920%2C486&ssl=1",920,486,true],"woocommerce_gallery_thumbnail":["https:\/\/i0.wp.com\/joyana.fr\/wp-content\/uploads\/2014\/05\/LECOIFFEUR-1ENSEMBLE-c.jpg?resize=180%2C180&ssl=1",180,180,true],"sow-carousel-default":["https:\/\/i0.wp.com\/joyana.fr\/wp-content\/uploads\/2014\/05\/LECOIFFEUR-1ENSEMBLE-c.jpg?resize=272%2C182&ssl=1",272,182,true]},"post_excerpt_stackable_v2":"<p>LE COIFFEUR Pascal Lancien, dont le design a \u00e9t\u00e9 enti\u00e8rement r\u00e9alis\u00e9 par Margaux Keller &#8211; Marseillaise d&#8217;origine&#8230;<\/p>\n","category_list_v2":"<a href=\"https:\/\/joyana.fr\/ja\/category\/a-la-une\/\" rel=\"category tag\">A la une !!!<\/a>, <a href=\"https:\/\/joyana.fr\/ja\/category\/portfolio\/architecture\/\" rel=\"category tag\">ARCHITECTURE<\/a>, <a href=\"https:\/\/joyana.fr\/ja\/category\/deco-design\/architecture-deco-design\/lieux-design\/boutique\/\" rel=\"category tag\">Boutique<\/a>, <a href=\"https:\/\/joyana.fr\/ja\/category\/deco-design\/\" rel=\"category tag\">DECO-DESIGN<\/a>, <a href=\"https:\/\/joyana.fr\/ja\/category\/deco-design\/architecture-deco-design\/pays\/france\/\" rel=\"category tag\">France<\/a>, <a href=\"https:\/\/joyana.fr\/ja\/category\/deco-design\/designer\/margaux-keller\/\" rel=\"category tag\">Margaux KELLER<\/a>","author_info_v2":{"name":"Jo Yana","url":"https:\/\/joyana.fr\/ja\/author\/joyana\/"},"comments_num_v2":"9 comments","yoast_head":"<!-- This site is optimized with the Yoast SEO plugin v26.8 - https:\/\/yoast.com\/product\/yoast-seo-wordpress\/ -->\n<title>LE COIFFEUR Pascal Lancien par Margaux KELLER | Deco-Design<\/title>\n<meta name=\"description\" content=\"LE COIFFEUR Pascal Lancien, dont le design a \u00e9t\u00e9 enti\u00e8rement r\u00e9alis\u00e9 par Margaux Keller - Marseillaise d&#039;origine...\" \/>\n<meta name=\"robots\" content=\"index, follow, max-snippet:-1, max-image-preview:large, max-video-preview:-1\" \/>\n<link rel=\"canonical\" href=\"https:\/\/joyana.fr\/ja\/coiffeur-pascal-lancien-margaux-keller\/117300\/\" \/>\n<meta property=\"og:locale\" content=\"ja_JP\" \/>\n<meta property=\"og:locale:alternate\" content=\"fr_FR\" \/>\n<meta property=\"og:locale:alternate\" content=\"en_US\" \/>\n<meta property=\"og:type\" content=\"article\" \/>\n<meta property=\"og:title\" content=\"LE COIFFEUR Pascal Lancien par Margaux KELLER | Deco-Design\" \/>\n<meta property=\"og:description\" content=\"LE COIFFEUR Pascal Lancien, dont le design a \u00e9t\u00e9 enti\u00e8rement r\u00e9alis\u00e9 par Margaux Keller - Marseillaise d&#039;origine...\" \/>\n<meta property=\"og:url\" content=\"https:\/\/joyana.fr\/ja\/coiffeur-pascal-lancien-margaux-keller\/117300\/\" \/>\n<meta property=\"og:site_name\" content=\"JO YANA\" \/>\n<meta property=\"article:published_time\" content=\"2014-05-28T08:35:49+00:00\" \/>\n<meta property=\"og:image\" content=\"https:\/\/i0.wp.com\/joyana.fr\/wp-content\/uploads\/2014\/05\/LECOIFFEUR-1ENSEMBLE-c.jpg?fit=1600%2C846&ssl=1\" \/>\n\t<meta property=\"og:image:width\" content=\"1600\" \/>\n\t<meta property=\"og:image:height\" content=\"846\" \/>\n\t<meta property=\"og:image:type\" content=\"image\/jpeg\" \/>\n<meta name=\"author\" content=\"Jo Yana\" \/>\n<meta name=\"twitter:card\" content=\"summary_large_image\" \/>\n<meta name=\"twitter:creator\" content=\"@Jo_Yana\" \/>\n<meta name=\"twitter:site\" content=\"@Jo_Yana\" \/>\n<meta name=\"twitter:label1\" content=\"\u57f7\u7b46\u8005\" \/>\n\t<meta name=\"twitter:data1\" content=\"Jo Yana\" \/>\n\t<meta name=\"twitter:label2\" content=\"\u63a8\u5b9a\u8aad\u307f\u53d6\u308a\u6642\u9593\" \/>\n\t<meta name=\"twitter:data2\" content=\"1\u5206\" \/>\n<script type=\"application\/ld+json\" class=\"yoast-schema-graph\">{\"@context\":\"https:\/\/schema.org\",\"@graph\":[{\"@type\":\"Article\",\"@id\":\"https:\/\/joyana.fr\/ja\/coiffeur-pascal-lancien-margaux-keller\/117300\/#article\",\"isPartOf\":{\"@id\":\"https:\/\/joyana.fr\/ja\/coiffeur-pascal-lancien-margaux-keller\/117300\/\"},\"author\":{\"name\":\"Jo Yana\",\"@id\":\"https:\/\/joyana.fr\/#\/schema\/person\/cf2a1ad12a27c12c21801075bf37407c\"},\"headline\":\"LE COIFFEUR Pascal Lancien par Margaux KELLER\",\"datePublished\":\"2014-05-28T08:35:49+00:00\",\"mainEntityOfPage\":{\"@id\":\"https:\/\/joyana.fr\/ja\/coiffeur-pascal-lancien-margaux-keller\/117300\/\"},\"wordCount\":231,\"commentCount\":3,\"publisher\":{\"@id\":\"https:\/\/joyana.fr\/#\/schema\/person\/cf2a1ad12a27c12c21801075bf37407c\"},\"image\":{\"@id\":\"https:\/\/joyana.fr\/ja\/coiffeur-pascal-lancien-margaux-keller\/117300\/#primaryimage\"},\"thumbnailUrl\":\"https:\/\/i0.wp.com\/joyana.fr\/wp-content\/uploads\/2014\/05\/LECOIFFEUR-1ENSEMBLE-c.jpg?fit=1600%2C846&ssl=1\",\"keywords\":[\"Architecture\",\"Margaux KELLER\",\"Marseille\",\"Salon de Coiffure design\"],\"articleSection\":[\"A la une !!!\",\"ARCHITECTURE\",\"Boutique\",\"DECO-DESIGN\",\"France\",\"Margaux KELLER\"],\"inLanguage\":\"ja\",\"potentialAction\":[{\"@type\":\"CommentAction\",\"name\":\"Comment\",\"target\":[\"https:\/\/joyana.fr\/ja\/coiffeur-pascal-lancien-margaux-keller\/117300\/#respond\"]}]},{\"@type\":\"WebPage\",\"@id\":\"https:\/\/joyana.fr\/ja\/coiffeur-pascal-lancien-margaux-keller\/117300\/\",\"url\":\"https:\/\/joyana.fr\/ja\/coiffeur-pascal-lancien-margaux-keller\/117300\/\",\"name\":\"LE COIFFEUR Pascal Lancien par Margaux KELLER | Deco-Design\",\"isPartOf\":{\"@id\":\"https:\/\/joyana.fr\/#website\"},\"primaryImageOfPage\":{\"@id\":\"https:\/\/joyana.fr\/ja\/coiffeur-pascal-lancien-margaux-keller\/117300\/#primaryimage\"},\"image\":{\"@id\":\"https:\/\/joyana.fr\/ja\/coiffeur-pascal-lancien-margaux-keller\/117300\/#primaryimage\"},\"thumbnailUrl\":\"https:\/\/i0.wp.com\/joyana.fr\/wp-content\/uploads\/2014\/05\/LECOIFFEUR-1ENSEMBLE-c.jpg?fit=1600%2C846&ssl=1\",\"datePublished\":\"2014-05-28T08:35:49+00:00\",\"description\":\"LE COIFFEUR Pascal Lancien, dont le design a \u00e9t\u00e9 enti\u00e8rement r\u00e9alis\u00e9 par Margaux Keller - Marseillaise d'origine...\",\"breadcrumb\":{\"@id\":\"https:\/\/joyana.fr\/ja\/coiffeur-pascal-lancien-margaux-keller\/117300\/#breadcrumb\"},\"inLanguage\":\"ja\",\"potentialAction\":[{\"@type\":\"ReadAction\",\"target\":[\"https:\/\/joyana.fr\/ja\/coiffeur-pascal-lancien-margaux-keller\/117300\/\"]}]},{\"@type\":\"ImageObject\",\"inLanguage\":\"ja\",\"@id\":\"https:\/\/joyana.fr\/ja\/coiffeur-pascal-lancien-margaux-keller\/117300\/#primaryimage\",\"url\":\"https:\/\/i0.wp.com\/joyana.fr\/wp-content\/uploads\/2014\/05\/LECOIFFEUR-1ENSEMBLE-c.jpg?fit=1600%2C846&ssl=1\",\"contentUrl\":\"https:\/\/i0.wp.com\/joyana.fr\/wp-content\/uploads\/2014\/05\/LECOIFFEUR-1ENSEMBLE-c.jpg?fit=1600%2C846&ssl=1\",\"width\":1600,\"height\":846},{\"@type\":\"BreadcrumbList\",\"@id\":\"https:\/\/joyana.fr\/ja\/coiffeur-pascal-lancien-margaux-keller\/117300\/#breadcrumb\",\"itemListElement\":[{\"@type\":\"ListItem\",\"position\":1,\"name\":\"Accueil\",\"item\":\"https:\/\/joyana.fr\/\"},{\"@type\":\"ListItem\",\"position\":2,\"name\":\"LE COIFFEUR Pascal Lancien par Margaux KELLER\"}]},{\"@type\":\"WebSite\",\"@id\":\"https:\/\/joyana.fr\/#website\",\"url\":\"https:\/\/joyana.fr\/\",\"name\":\"JO YANA\",\"description\":\"Blog Mode Homme, Lifestyle, D\u00e9co-Design\",\"publisher\":{\"@id\":\"https:\/\/joyana.fr\/#\/schema\/person\/cf2a1ad12a27c12c21801075bf37407c\"},\"potentialAction\":[{\"@type\":\"SearchAction\",\"target\":{\"@type\":\"EntryPoint\",\"urlTemplate\":\"https:\/\/joyana.fr\/?s={search_term_string}\"},\"query-input\":{\"@type\":\"PropertyValueSpecification\",\"valueRequired\":true,\"valueName\":\"search_term_string\"}}],\"inLanguage\":\"ja\"},{\"@type\":[\"Person\",\"Organization\"],\"@id\":\"https:\/\/joyana.fr\/#\/schema\/person\/cf2a1ad12a27c12c21801075bf37407c\",\"name\":\"Jo Yana\",\"image\":{\"@type\":\"ImageObject\",\"inLanguage\":\"ja\",\"@id\":\"https:\/\/joyana.fr\/#\/schema\/person\/image\/\",\"url\":\"https:\/\/i0.wp.com\/joyana.fr\/wp-content\/uploads\/2016\/08\/cropped-joyana-logo-black-360x180.png?fit=343%2C164&ssl=1\",\"contentUrl\":\"https:\/\/i0.wp.com\/joyana.fr\/wp-content\/uploads\/2016\/08\/cropped-joyana-logo-black-360x180.png?fit=343%2C164&ssl=1\",\"width\":343,\"height\":164,\"caption\":\"Jo Yana\"},\"logo\":{\"@id\":\"https:\/\/joyana.fr\/#\/schema\/person\/image\/\"},\"description\":\"Jo Yana est le cr\u00e9ateur et r\u00e9dacteur en chef des sites DECO-DESIGN. Passionn\u00e9 de Design, Mode, Photo, Luxe, Lifestyle, Musique, mais avant tout Blogueur ! Le plaisir de partager l'anime et a comme devise \\\"POUR L'AMOUR DU BEAU\\\". Retrouvez le aussi sur son blog personnel - https:\/\/joyana.fr...\",\"sameAs\":[\"https:\/\/joyana.fr\/\"],\"url\":\"https:\/\/joyana.fr\/ja\/author\/joyana\/\"}]}<\/script>\n<!-- \/ Yoast SEO plugin. -->","yoast_head_json":{"title":"LE COIFFEUR Pascal Lancien par Margaux KELLER | Deco-Design","description":"LE COIFFEUR Pascal Lancien, dont le design a \u00e9t\u00e9 enti\u00e8rement r\u00e9alis\u00e9 par Margaux Keller - Marseillaise d'origine...","robots":{"index":"index","follow":"follow","max-snippet":"max-snippet:-1","max-image-preview":"max-image-preview:large","max-video-preview":"max-video-preview:-1"},"canonical":"https:\/\/joyana.fr\/ja\/coiffeur-pascal-lancien-margaux-keller\/117300\/","og_locale":"ja_JP","og_type":"article","og_title":"LE COIFFEUR Pascal Lancien par Margaux KELLER | Deco-Design","og_description":"LE COIFFEUR Pascal Lancien, dont le design a \u00e9t\u00e9 enti\u00e8rement r\u00e9alis\u00e9 par Margaux Keller - Marseillaise d'origine...","og_url":"https:\/\/joyana.fr\/ja\/coiffeur-pascal-lancien-margaux-keller\/117300\/","og_site_name":"JO YANA","article_published_time":"2014-05-28T08:35:49+00:00","og_image":[{"width":1600,"height":846,"url":"https:\/\/i0.wp.com\/joyana.fr\/wp-content\/uploads\/2014\/05\/LECOIFFEUR-1ENSEMBLE-c.jpg?fit=1600%2C846&ssl=1","type":"image\/jpeg"}],"author":"Jo Yana","twitter_card":"summary_large_image","twitter_creator":"@Jo_Yana","twitter_site":"@Jo_Yana","twitter_misc":{"\u57f7\u7b46\u8005":"Jo Yana","\u63a8\u5b9a\u8aad\u307f\u53d6\u308a\u6642\u9593":"1\u5206"},"schema":{"@context":"https:\/\/schema.org","@graph":[{"@type":"Article","@id":"https:\/\/joyana.fr\/ja\/coiffeur-pascal-lancien-margaux-keller\/117300\/#article","isPartOf":{"@id":"https:\/\/joyana.fr\/ja\/coiffeur-pascal-lancien-margaux-keller\/117300\/"},"author":{"name":"Jo Yana","@id":"https:\/\/joyana.fr\/#\/schema\/person\/cf2a1ad12a27c12c21801075bf37407c"},"headline":"LE COIFFEUR Pascal Lancien par Margaux KELLER","datePublished":"2014-05-28T08:35:49+00:00","mainEntityOfPage":{"@id":"https:\/\/joyana.fr\/ja\/coiffeur-pascal-lancien-margaux-keller\/117300\/"},"wordCount":231,"commentCount":3,"publisher":{"@id":"https:\/\/joyana.fr\/#\/schema\/person\/cf2a1ad12a27c12c21801075bf37407c"},"image":{"@id":"https:\/\/joyana.fr\/ja\/coiffeur-pascal-lancien-margaux-keller\/117300\/#primaryimage"},"thumbnailUrl":"https:\/\/i0.wp.com\/joyana.fr\/wp-content\/uploads\/2014\/05\/LECOIFFEUR-1ENSEMBLE-c.jpg?fit=1600%2C846&ssl=1","keywords":["Architecture","Margaux KELLER","Marseille","Salon de Coiffure design"],"articleSection":["A la une !!!","ARCHITECTURE","Boutique","DECO-DESIGN","France","Margaux KELLER"],"inLanguage":"ja","potentialAction":[{"@type":"CommentAction","name":"Comment","target":["https:\/\/joyana.fr\/ja\/coiffeur-pascal-lancien-margaux-keller\/117300\/#respond"]}]},{"@type":"WebPage","@id":"https:\/\/joyana.fr\/ja\/coiffeur-pascal-lancien-margaux-keller\/117300\/","url":"https:\/\/joyana.fr\/ja\/coiffeur-pascal-lancien-margaux-keller\/117300\/","name":"LE COIFFEUR Pascal Lancien par Margaux KELLER | Deco-Design","isPartOf":{"@id":"https:\/\/joyana.fr\/#website"},"primaryImageOfPage":{"@id":"https:\/\/joyana.fr\/ja\/coiffeur-pascal-lancien-margaux-keller\/117300\/#primaryimage"},"image":{"@id":"https:\/\/joyana.fr\/ja\/coiffeur-pascal-lancien-margaux-keller\/117300\/#primaryimage"},"thumbnailUrl":"https:\/\/i0.wp.com\/joyana.fr\/wp-content\/uploads\/2014\/05\/LECOIFFEUR-1ENSEMBLE-c.jpg?fit=1600%2C846&ssl=1","datePublished":"2014-05-28T08:35:49+00:00","description":"LE COIFFEUR Pascal Lancien, dont le design a \u00e9t\u00e9 enti\u00e8rement r\u00e9alis\u00e9 par Margaux Keller - Marseillaise d'origine...","breadcrumb":{"@id":"https:\/\/joyana.fr\/ja\/coiffeur-pascal-lancien-margaux-keller\/117300\/#breadcrumb"},"inLanguage":"ja","potentialAction":[{"@type":"ReadAction","target":["https:\/\/joyana.fr\/ja\/coiffeur-pascal-lancien-margaux-keller\/117300\/"]}]},{"@type":"ImageObject","inLanguage":"ja","@id":"https:\/\/joyana.fr\/ja\/coiffeur-pascal-lancien-margaux-keller\/117300\/#primaryimage","url":"https:\/\/i0.wp.com\/joyana.fr\/wp-content\/uploads\/2014\/05\/LECOIFFEUR-1ENSEMBLE-c.jpg?fit=1600%2C846&ssl=1","contentUrl":"https:\/\/i0.wp.com\/joyana.fr\/wp-content\/uploads\/2014\/05\/LECOIFFEUR-1ENSEMBLE-c.jpg?fit=1600%2C846&ssl=1","width":1600,"height":846},{"@type":"BreadcrumbList","@id":"https:\/\/joyana.fr\/ja\/coiffeur-pascal-lancien-margaux-keller\/117300\/#breadcrumb","itemListElement":[{"@type":"ListItem","position":1,"name":"Accueil","item":"https:\/\/joyana.fr\/"},{"@type":"ListItem","position":2,"name":"LE COIFFEUR Pascal Lancien par Margaux KELLER"}]},{"@type":"WebSite","@id":"https:\/\/joyana.fr\/#website","url":"https:\/\/joyana.fr\/","name":"JO YANA","description":"Blog Mode Homme, Lifestyle, D\u00e9co-Design","publisher":{"@id":"https:\/\/joyana.fr\/#\/schema\/person\/cf2a1ad12a27c12c21801075bf37407c"},"potentialAction":[{"@type":"SearchAction","target":{"@type":"EntryPoint","urlTemplate":"https:\/\/joyana.fr\/?s={search_term_string}"},"query-input":{"@type":"PropertyValueSpecification","valueRequired":true,"valueName":"search_term_string"}}],"inLanguage":"ja"},{"@type":["Person","Organization"],"@id":"https:\/\/joyana.fr\/#\/schema\/person\/cf2a1ad12a27c12c21801075bf37407c","name":"Jo Yana","image":{"@type":"ImageObject","inLanguage":"ja","@id":"https:\/\/joyana.fr\/#\/schema\/person\/image\/","url":"https:\/\/i0.wp.com\/joyana.fr\/wp-content\/uploads\/2016\/08\/cropped-joyana-logo-black-360x180.png?fit=343%2C164&ssl=1","contentUrl":"https:\/\/i0.wp.com\/joyana.fr\/wp-content\/uploads\/2016\/08\/cropped-joyana-logo-black-360x180.png?fit=343%2C164&ssl=1","width":343,"height":164,"caption":"Jo Yana"},"logo":{"@id":"https:\/\/joyana.fr\/#\/schema\/person\/image\/"},"description":"Jo Yana est le cr\u00e9ateur et r\u00e9dacteur en chef des sites DECO-DESIGN. Passionn\u00e9 de Design, Mode, Photo, Luxe, Lifestyle, Musique, mais avant tout Blogueur ! Le plaisir de partager l'anime et a comme devise \"POUR L'AMOUR DU BEAU\". Retrouvez le aussi sur son blog personnel - https:\/\/joyana.fr...","sameAs":["https:\/\/joyana.fr\/"],"url":"https:\/\/joyana.fr\/ja\/author\/joyana\/"}]}},"author_meta":{"display_name":"Jo Yana","author_link":"https:\/\/joyana.fr\/ja\/author\/joyana\/"},"featured_img":"https:\/\/i0.wp.com\/joyana.fr\/wp-content\/uploads\/2014\/05\/LECOIFFEUR-1ENSEMBLE-c.jpg?fit=389%2C206&ssl=1","featured_image_src":"https:\/\/i0.wp.com\/joyana.fr\/wp-content\/uploads\/2014\/05\/LECOIFFEUR-1ENSEMBLE-c.jpg?resize=600%2C400&ssl=1","featured_image_src_square":"https:\/\/i0.wp.com\/joyana.fr\/wp-content\/uploads\/2014\/05\/LECOIFFEUR-1ENSEMBLE-c.jpg?resize=600%2C600&ssl=1","jetpack_featured_media_url":"https:\/\/i0.wp.com\/joyana.fr\/wp-content\/uploads\/2014\/05\/LECOIFFEUR-1ENSEMBLE-c.jpg?fit=1600%2C846&ssl=1","uagb_featured_image_src":{"full":["https:\/\/i0.wp.com\/joyana.fr\/wp-content\/uploads\/2014\/05\/LECOIFFEUR-1ENSEMBLE-c.jpg?fit=1600%2C846&ssl=1",1600,846,false],"thumbnail":["https:\/\/i0.wp.com\/joyana.fr\/wp-content\/uploads\/2014\/05\/LECOIFFEUR-1ENSEMBLE-c.jpg?resize=150%2C150&ssl=1",150,150,true],"medium":["https:\/\/i0.wp.com\/joyana.fr\/wp-content\/uploads\/2014\/05\/LECOIFFEUR-1ENSEMBLE-c.jpg?fit=389%2C206&ssl=1",389,206,true],"medium_large":["https:\/\/i0.wp.com\/joyana.fr\/wp-content\/uploads\/2014\/05\/LECOIFFEUR-1ENSEMBLE-c.jpg?fit=768%2C406&ssl=1",768,406,true],"large":["https:\/\/i0.wp.com\/joyana.fr\/wp-content\/uploads\/2014\/05\/LECOIFFEUR-1ENSEMBLE-c.jpg?fit=1024%2C541&ssl=1",1024,541,true],"1536x1536":["https:\/\/i0.wp.com\/joyana.fr\/wp-content\/uploads\/2014\/05\/LECOIFFEUR-1ENSEMBLE-c.jpg?fit=1536%2C812&ssl=1",1536,812,true],"2048x2048":["https:\/\/i0.wp.com\/joyana.fr\/wp-content\/uploads\/2014\/05\/LECOIFFEUR-1ENSEMBLE-c.jpg?fit=1600%2C846&ssl=1",1600,846,true],"featured-thumb":["https:\/\/i0.wp.com\/joyana.fr\/wp-content\/uploads\/2014\/05\/LECOIFFEUR-1ENSEMBLE-c.jpg?resize=1600%2C750&ssl=1",1600,750,true],"ab-block-post-grid-landscape":["https:\/\/i0.wp.com\/joyana.fr\/wp-content\/uploads\/2014\/05\/LECOIFFEUR-1ENSEMBLE-c.jpg?resize=600%2C400&ssl=1",600,400,true],"ab-block-post-grid-square":["https:\/\/i0.wp.com\/joyana.fr\/wp-content\/uploads\/2014\/05\/LECOIFFEUR-1ENSEMBLE-c.jpg?resize=600%2C600&ssl=1",600,600,true],"author-pro-image":["https:\/\/i0.wp.com\/joyana.fr\/wp-content\/uploads\/2014\/05\/LECOIFFEUR-1ENSEMBLE-c.jpg?resize=360%2C570&ssl=1",360,570,true],"slider":["https:\/\/i0.wp.com\/joyana.fr\/wp-content\/uploads\/2014\/05\/LECOIFFEUR-1ENSEMBLE-c.jpg?resize=920%2C400&ssl=1",920,400,true],"woocommerce_thumbnail":["https:\/\/i0.wp.com\/joyana.fr\/wp-content\/uploads\/2014\/05\/LECOIFFEUR-1ENSEMBLE-c.jpg?resize=450%2C450&ssl=1",450,450,true],"woocommerce_single":["https:\/\/i0.wp.com\/joyana.fr\/wp-content\/uploads\/2014\/05\/LECOIFFEUR-1ENSEMBLE-c.jpg?fit=920%2C486&ssl=1",920,486,true],"woocommerce_gallery_thumbnail":["https:\/\/i0.wp.com\/joyana.fr\/wp-content\/uploads\/2014\/05\/LECOIFFEUR-1ENSEMBLE-c.jpg?resize=180%2C180&ssl=1",180,180,true],"sow-carousel-default":["https:\/\/i0.wp.com\/joyana.fr\/wp-content\/uploads\/2014\/05\/LECOIFFEUR-1ENSEMBLE-c.jpg?resize=272%2C182&ssl=1",272,182,true]},"uagb_author_info":{"display_name":"Jo Yana","author_link":"https:\/\/joyana.fr\/ja\/author\/joyana\/"},"uagb_comment_info":9,"uagb_excerpt":"LE COIFFEUR Pascal Lancien, dont le design a \u00e9t\u00e9 enti\u00e8r&hellip;","coauthors":[],"tax_additional":{"categories":{"linked":["<a href=\"https:\/\/joyana.fr\/ja\/category\/a-la-une\/\" class=\"advgb-post-tax-term\">A la une !!!<\/a>","<a href=\"https:\/\/joyana.fr\/ja\/category\/portfolio\/architecture\/\" class=\"advgb-post-tax-term\">ARCHITECTURE<\/a>","<a href=\"https:\/\/joyana.fr\/ja\/category\/deco-design\/architecture-deco-design\/lieux-design\/boutique\/\" class=\"advgb-post-tax-term\">Boutique<\/a>","<a href=\"https:\/\/joyana.fr\/ja\/category\/deco-design\/\" class=\"advgb-post-tax-term\">DECO-DESIGN<\/a>","<a href=\"https:\/\/joyana.fr\/ja\/category\/deco-design\/architecture-deco-design\/pays\/france\/\" class=\"advgb-post-tax-term\">France<\/a>","<a href=\"https:\/\/joyana.fr\/ja\/category\/deco-design\/designer\/margaux-keller\/\" class=\"advgb-post-tax-term\">Margaux KELLER<\/a>"],"unlinked":["<span class=\"advgb-post-tax-term\">A la une !!!<\/span>","<span class=\"advgb-post-tax-term\">ARCHITECTURE<\/span>","<span class=\"advgb-post-tax-term\">Boutique<\/span>","<span class=\"advgb-post-tax-term\">DECO-DESIGN<\/span>","<span class=\"advgb-post-tax-term\">France<\/span>","<span class=\"advgb-post-tax-term\">Margaux KELLER<\/span>"]},"tags":{"linked":["<a href=\"https:\/\/joyana.fr\/ja\/category\/deco-design\/designer\/margaux-keller\/\" class=\"advgb-post-tax-term\">Architecture<\/a>","<a href=\"https:\/\/joyana.fr\/ja\/category\/deco-design\/designer\/margaux-keller\/\" class=\"advgb-post-tax-term\">Margaux KELLER<\/a>","<a href=\"https:\/\/joyana.fr\/ja\/category\/deco-design\/designer\/margaux-keller\/\" class=\"advgb-post-tax-term\">Marseille<\/a>","<a href=\"https:\/\/joyana.fr\/ja\/category\/deco-design\/designer\/margaux-keller\/\" class=\"advgb-post-tax-term\">Salon de Coiffure design<\/a>"],"unlinked":["<span class=\"advgb-post-tax-term\">Architecture<\/span>","<span class=\"advgb-post-tax-term\">Margaux KELLER<\/span>","<span class=\"advgb-post-tax-term\">Marseille<\/span>","<span class=\"advgb-post-tax-term\">Salon de Coiffure design<\/span>"]}},"comment_count":9,"relative_dates":{"created":"Posted 12\u5e74 ago","modified":"Updated 12\u5e74 ago"},"absolute_dates":{"created":"Posted on 28 5\u6708 2014","modified":"Updated on 28 5\u6708 2014"},"absolute_dates_time":{"created":"Posted on 28 5\u6708 2014 9:35","modified":"Updated on 28 5\u6708 2014 9:35"},"featured_img_caption":"","series_order":"","jetpack_sharing_enabled":true,"jetpack_shortlink":"https:\/\/wp.me\/p9bteI-uvW","jetpack-related-posts":[],"_links":{"self":[{"href":"https:\/\/joyana.fr\/ja\/wp-json\/wp\/v2\/posts\/117300","targetHints":{"allow":["GET"]}}],"collection":[{"href":"https:\/\/joyana.fr\/ja\/wp-json\/wp\/v2\/posts"}],"about":[{"href":"https:\/\/joyana.fr\/ja\/wp-json\/wp\/v2\/types\/post"}],"author":[{"embeddable":true,"href":"https:\/\/joyana.fr\/ja\/wp-json\/wp\/v2\/users\/3"}],"replies":[{"embeddable":true,"href":"https:\/\/joyana.fr\/ja\/wp-json\/wp\/v2\/comments?post=117300"}],"version-history":[{"count":0,"href":"https:\/\/joyana.fr\/ja\/wp-json\/wp\/v2\/posts\/117300\/revisions"}],"wp:featuredmedia":[{"embeddable":true,"href":"https:\/\/joyana.fr\/ja\/wp-json\/wp\/v2\/media\/117316"}],"wp:attachment":[{"href":"https:\/\/joyana.fr\/ja\/wp-json\/wp\/v2\/media?parent=117300"}],"wp:term":[{"taxonomy":"category","embeddable":true,"href":"https:\/\/joyana.fr\/ja\/wp-json\/wp\/v2\/categories?post=117300"},{"taxonomy":"post_tag","embeddable":true,"href":"https:\/\/joyana.fr\/ja\/wp-json\/wp\/v2\/tags?post=117300"}],"curies":[{"name":"wp","href":"https:\/\/api.w.org\/{rel}","templated":true}]}}