{"id":117652,"date":"2014-06-25T19:23:20","date_gmt":"2014-06-25T18:23:20","guid":{"rendered":"https:\/\/joyana.fr\/?p=17652"},"modified":"2014-06-25T19:23:20","modified_gmt":"2014-06-25T18:23:20","slug":"bibliotheque-wall-par-muller-x-jan-armgardt","status":"publish","type":"post","link":"https:\/\/joyana.fr\/ja\/bibliotheque-wall-par-muller-x-jan-armgardt\/117652\/","title":{"rendered":"Biblioth\u00e8que WALL par M\u00dcLLER x Jan ARMGARDT"},"content":{"rendered":"<p style=\"text-align: justify;\">On aime les <strong>biblioth\u00e8ques modulables WALL<\/strong>, sign\u00e9es par l&#8217;\u00e9diteur allemand <strong>M\u00fcller<\/strong> &#8211; en collaboration avec le designer <strong>Jan Armgardt<\/strong>&#8230;<\/p>\n<p><a href=\"https:\/\/i0.wp.com\/joyana.fr\/wp-content\/uploads\/2014\/06\/prodotti-119045-relf9d953a19e4f4be5915d22716027cb0a.jpg?ssl=1\"><img data-recalc-dims=\"1\" fetchpriority=\"high\" decoding=\"async\" class=\"alignnone size-full wp-image-17660\" src=\"https:\/\/i0.wp.com\/joyana.fr\/wp-content\/uploads\/2014\/06\/prodotti-119045-relf9d953a19e4f4be5915d22716027cb0a.jpg?resize=2457%2C3256&#038;ssl=1\" alt=\"prodotti-119045-relf9d953a19e4f4be5915d22716027cb0a\" width=\"2457\" height=\"3256\" \/><\/a><\/p>\n<p style=\"text-align: justify;\"><strong>WALL<\/strong> est <strong>biblioth\u00e8que multifonctions<\/strong>, constitu\u00e9e d&#8217;un support en contreplaqu\u00e9 Bouleau stratifi\u00e9, dans lequel viennent simplement s&#8217;ins\u00e9rer des \u00e9tag\u00e8res laqu\u00e9es color\u00e9es. On y range des livres, des CDs et DVDs ou tout objet pratique et d\u00e9coratif. Comme les \u00e9tag\u00e8res en m\u00e9tal de haute qualit\u00e9 peuvent \u00eatre laqu\u00e9es de toutes les couleurs du nuancier RAL, WALL s&#8217;adapte ais\u00e9ment \u00e0 toutes les ambiances de couleurs. La combinaison de l&#8217;ing\u00e9nieux design de <strong>Jan Armgardt<\/strong>, et la grande qualit\u00e9 de la production de la soci\u00e9t\u00e9 de Augsburg <strong>M\u00fcller<\/strong> font de cette cr\u00e9ation un objet design unique&#8230;<\/p>\n<p style=\"text-align: justify;\"><a title=\"DECO-DESIGN\" href=\"https:\/\/joyana.fr\/\" target=\"_blank\">Deco-Design<\/a> aime la combinaison de couleurs tr\u00e8s tendances pastel bleu chic (RAL 5024) et vert clair (RAL 6027), associ\u00e9 au lumineux blanc signalisation (RAL 9003) !<\/p>\n<p><a href=\"https:\/\/i0.wp.com\/joyana.fr\/wp-content\/uploads\/2014\/06\/Wall_Detail_2.jpg?ssl=1\"><img data-recalc-dims=\"1\" decoding=\"async\" class=\"alignnone size-full wp-image-17662\" src=\"https:\/\/i0.wp.com\/joyana.fr\/wp-content\/uploads\/2014\/06\/Wall_Detail_2.jpg?resize=637%2C450&#038;ssl=1\" alt=\"Wall_Detail_2\" width=\"637\" height=\"450\" \/><\/a><\/p>\n<div data-carousel-extra='{\"blog_id\":1,\"permalink\":\"https:\\\/\\\/joyana.fr\\\/ja\\\/bibliotheque-wall-par-muller-x-jan-armgardt\\\/117652\\\/\"}' id='gallery-1' class='gallery galleryid-117652 gallery-columns-4 gallery-size-thumbnail'><figure class='gallery-item'>\r\n\t\t\t<div class='gallery-icon landscape'>\r\n\t\t\t\t<a href=\"https:\/\/i0.wp.com\/joyana.fr\/wp-content\/uploads\/2015\/08\/BLOG_CHATEAU-LA-COSTE_3.jpg?ssl=1\"><img decoding=\"async\" width=\"150\" height=\"150\" src=\"https:\/\/i0.wp.com\/joyana.fr\/wp-content\/uploads\/2015\/08\/BLOG_CHATEAU-LA-COSTE_3.jpg?resize=150%2C150&amp;ssl=1\" class=\"attachment-thumbnail size-thumbnail\" alt=\"\" srcset=\"https:\/\/i0.wp.com\/joyana.fr\/wp-content\/uploads\/2015\/08\/BLOG_CHATEAU-LA-COSTE_3.jpg?w=1700&amp;ssl=1 1700w, https:\/\/i0.wp.com\/joyana.fr\/wp-content\/uploads\/2015\/08\/BLOG_CHATEAU-LA-COSTE_3.jpg?resize=300%2C300&amp;ssl=1 300w, https:\/\/i0.wp.com\/joyana.fr\/wp-content\/uploads\/2015\/08\/BLOG_CHATEAU-LA-COSTE_3.jpg?resize=100%2C100&amp;ssl=1 100w, https:\/\/i0.wp.com\/joyana.fr\/wp-content\/uploads\/2015\/08\/BLOG_CHATEAU-LA-COSTE_3.jpg?resize=600%2C600&amp;ssl=1 600w\" sizes=\"(max-width: 150px) 100vw, 150px\" data-attachment-id=\"17665\" data-permalink=\"https:\/\/joyana.fr\/ja\/oenologie-chateau-la-coste\/17663\/blog_chateau-la-coste_3\/\" data-orig-file=\"https:\/\/i0.wp.com\/joyana.fr\/wp-content\/uploads\/2015\/08\/BLOG_CHATEAU-LA-COSTE_3.jpg?fit=1700%2C1700&amp;ssl=1\" data-orig-size=\"1700,1700\" data-comments-opened=\"1\" data-image-meta=\"{&quot;aperture&quot;:&quot;0&quot;,&quot;credit&quot;:&quot;&quot;,&quot;camera&quot;:&quot;&quot;,&quot;caption&quot;:&quot;&quot;,&quot;created_timestamp&quot;:&quot;0&quot;,&quot;copyright&quot;:&quot;&quot;,&quot;focal_length&quot;:&quot;0&quot;,&quot;iso&quot;:&quot;0&quot;,&quot;shutter_speed&quot;:&quot;0&quot;,&quot;title&quot;:&quot;&quot;,&quot;orientation&quot;:&quot;1&quot;}\" data-image-title=\"BLOG_CHATEAU LA COSTE_3\" data-image-description=\"\" data-image-caption=\"\" data-medium-file=\"https:\/\/i0.wp.com\/joyana.fr\/wp-content\/uploads\/2015\/08\/BLOG_CHATEAU-LA-COSTE_3.jpg?fit=389%2C389&amp;ssl=1\" data-large-file=\"https:\/\/i0.wp.com\/joyana.fr\/wp-content\/uploads\/2015\/08\/BLOG_CHATEAU-LA-COSTE_3.jpg?fit=1024%2C1024&amp;ssl=1\" \/><\/a>\r\n\t\t\t<\/div><\/figure><figure class='gallery-item'>\r\n\t\t\t<div class='gallery-icon landscape'>\r\n\t\t\t\t<a href=\"https:\/\/i0.wp.com\/joyana.fr\/wp-content\/uploads\/2015\/08\/BLOG_CHATEAU-LA-COSTE_2.jpg?ssl=1\"><img loading=\"lazy\" decoding=\"async\" width=\"150\" height=\"150\" src=\"https:\/\/i0.wp.com\/joyana.fr\/wp-content\/uploads\/2015\/08\/BLOG_CHATEAU-LA-COSTE_2.jpg?resize=150%2C150&amp;ssl=1\" class=\"attachment-thumbnail size-thumbnail\" alt=\"\" srcset=\"https:\/\/i0.wp.com\/joyana.fr\/wp-content\/uploads\/2015\/08\/BLOG_CHATEAU-LA-COSTE_2.jpg?w=1700&amp;ssl=1 1700w, https:\/\/i0.wp.com\/joyana.fr\/wp-content\/uploads\/2015\/08\/BLOG_CHATEAU-LA-COSTE_2.jpg?resize=300%2C300&amp;ssl=1 300w, https:\/\/i0.wp.com\/joyana.fr\/wp-content\/uploads\/2015\/08\/BLOG_CHATEAU-LA-COSTE_2.jpg?resize=100%2C100&amp;ssl=1 100w, https:\/\/i0.wp.com\/joyana.fr\/wp-content\/uploads\/2015\/08\/BLOG_CHATEAU-LA-COSTE_2.jpg?resize=600%2C600&amp;ssl=1 600w\" sizes=\"(max-width: 150px) 100vw, 150px\" data-attachment-id=\"17664\" data-permalink=\"https:\/\/joyana.fr\/ja\/oenologie-chateau-la-coste\/17663\/blog_chateau-la-coste_2\/\" data-orig-file=\"https:\/\/i0.wp.com\/joyana.fr\/wp-content\/uploads\/2015\/08\/BLOG_CHATEAU-LA-COSTE_2.jpg?fit=1700%2C1700&amp;ssl=1\" data-orig-size=\"1700,1700\" data-comments-opened=\"1\" data-image-meta=\"{&quot;aperture&quot;:&quot;0&quot;,&quot;credit&quot;:&quot;&quot;,&quot;camera&quot;:&quot;&quot;,&quot;caption&quot;:&quot;&quot;,&quot;created_timestamp&quot;:&quot;0&quot;,&quot;copyright&quot;:&quot;&quot;,&quot;focal_length&quot;:&quot;0&quot;,&quot;iso&quot;:&quot;0&quot;,&quot;shutter_speed&quot;:&quot;0&quot;,&quot;title&quot;:&quot;&quot;,&quot;orientation&quot;:&quot;1&quot;}\" data-image-title=\"BLOG_CHATEAU LA COSTE_2\" data-image-description=\"\" data-image-caption=\"\" data-medium-file=\"https:\/\/i0.wp.com\/joyana.fr\/wp-content\/uploads\/2015\/08\/BLOG_CHATEAU-LA-COSTE_2.jpg?fit=389%2C389&amp;ssl=1\" data-large-file=\"https:\/\/i0.wp.com\/joyana.fr\/wp-content\/uploads\/2015\/08\/BLOG_CHATEAU-LA-COSTE_2.jpg?fit=1024%2C1024&amp;ssl=1\" \/><\/a>\r\n\t\t\t<\/div><\/figure><figure class='gallery-item'>\r\n\t\t\t<div class='gallery-icon landscape'>\r\n\t\t\t\t<a href=\"https:\/\/i0.wp.com\/joyana.fr\/wp-content\/uploads\/2015\/08\/PROJECT-A-FILLING-PIECES.jpg?ssl=1\"><img loading=\"lazy\" decoding=\"async\" width=\"150\" height=\"150\" src=\"https:\/\/i0.wp.com\/joyana.fr\/wp-content\/uploads\/2015\/08\/PROJECT-A-FILLING-PIECES.jpg?resize=150%2C150&amp;ssl=1\" class=\"attachment-thumbnail size-thumbnail\" alt=\"\" srcset=\"https:\/\/i0.wp.com\/joyana.fr\/wp-content\/uploads\/2015\/08\/PROJECT-A-FILLING-PIECES.jpg?w=650&amp;ssl=1 650w, https:\/\/i0.wp.com\/joyana.fr\/wp-content\/uploads\/2015\/08\/PROJECT-A-FILLING-PIECES.jpg?resize=389%2C389&amp;ssl=1 389w, https:\/\/i0.wp.com\/joyana.fr\/wp-content\/uploads\/2015\/08\/PROJECT-A-FILLING-PIECES.jpg?resize=150%2C150&amp;ssl=1 150w, https:\/\/i0.wp.com\/joyana.fr\/wp-content\/uploads\/2015\/08\/PROJECT-A-FILLING-PIECES.jpg?resize=600%2C600&amp;ssl=1 600w, https:\/\/i0.wp.com\/joyana.fr\/wp-content\/uploads\/2015\/08\/PROJECT-A-FILLING-PIECES.jpg?resize=450%2C450&amp;ssl=1 450w, https:\/\/i0.wp.com\/joyana.fr\/wp-content\/uploads\/2015\/08\/PROJECT-A-FILLING-PIECES.jpg?resize=180%2C180&amp;ssl=1 180w, https:\/\/i0.wp.com\/joyana.fr\/wp-content\/uploads\/2015\/08\/PROJECT-A-FILLING-PIECES.jpg?resize=300%2C300&amp;ssl=1 300w, https:\/\/i0.wp.com\/joyana.fr\/wp-content\/uploads\/2015\/08\/PROJECT-A-FILLING-PIECES.jpg?resize=100%2C100&amp;ssl=1 100w\" sizes=\"(max-width: 150px) 100vw, 150px\" data-attachment-id=\"17658\" data-permalink=\"https:\/\/joyana.fr\/ja\/low-top-transformed-sneakers-filling-pieces-project-a\/17654\/project-a-filling-pieces\/\" data-orig-file=\"https:\/\/i0.wp.com\/joyana.fr\/wp-content\/uploads\/2015\/08\/PROJECT-A-FILLING-PIECES.jpg?fit=650%2C650&amp;ssl=1\" data-orig-size=\"650,650\" data-comments-opened=\"1\" data-image-meta=\"{&quot;aperture&quot;:&quot;0&quot;,&quot;credit&quot;:&quot;&quot;,&quot;camera&quot;:&quot;&quot;,&quot;caption&quot;:&quot;&quot;,&quot;created_timestamp&quot;:&quot;0&quot;,&quot;copyright&quot;:&quot;&quot;,&quot;focal_length&quot;:&quot;0&quot;,&quot;iso&quot;:&quot;0&quot;,&quot;shutter_speed&quot;:&quot;0&quot;,&quot;title&quot;:&quot;&quot;,&quot;orientation&quot;:&quot;1&quot;}\" data-image-title=\"PROJECT A FILLING PIECES\" data-image-description=\"\" data-image-caption=\"\" data-medium-file=\"https:\/\/i0.wp.com\/joyana.fr\/wp-content\/uploads\/2015\/08\/PROJECT-A-FILLING-PIECES.jpg?fit=389%2C389&amp;ssl=1\" data-large-file=\"https:\/\/i0.wp.com\/joyana.fr\/wp-content\/uploads\/2015\/08\/PROJECT-A-FILLING-PIECES.jpg?fit=650%2C650&amp;ssl=1\" \/><\/a>\r\n\t\t\t<\/div><\/figure><figure class='gallery-item'>\r\n\t\t\t<div class='gallery-icon landscape'>\r\n\t\t\t\t<a href=\"https:\/\/i0.wp.com\/joyana.fr\/wp-content\/uploads\/2015\/08\/PROJECT-A-FILLING-PIECES-32.jpg?ssl=1\"><img loading=\"lazy\" decoding=\"async\" width=\"150\" height=\"150\" src=\"https:\/\/i0.wp.com\/joyana.fr\/wp-content\/uploads\/2015\/08\/PROJECT-A-FILLING-PIECES-32.jpg?resize=150%2C150&amp;ssl=1\" class=\"attachment-thumbnail size-thumbnail\" alt=\"\" srcset=\"https:\/\/i0.wp.com\/joyana.fr\/wp-content\/uploads\/2015\/08\/PROJECT-A-FILLING-PIECES-32.jpg?resize=300%2C300&amp;ssl=1 300w, https:\/\/i0.wp.com\/joyana.fr\/wp-content\/uploads\/2015\/08\/PROJECT-A-FILLING-PIECES-32.jpg?resize=100%2C100&amp;ssl=1 100w, https:\/\/i0.wp.com\/joyana.fr\/wp-content\/uploads\/2015\/08\/PROJECT-A-FILLING-PIECES-32.jpg?zoom=3&amp;resize=150%2C150&amp;ssl=1 450w\" sizes=\"(max-width: 150px) 100vw, 150px\" data-attachment-id=\"17657\" data-permalink=\"https:\/\/joyana.fr\/ja\/low-top-transformed-sneakers-filling-pieces-project-a\/17654\/project-a-filling-pieces-32\/\" data-orig-file=\"https:\/\/i0.wp.com\/joyana.fr\/wp-content\/uploads\/2015\/08\/PROJECT-A-FILLING-PIECES-32.jpg?fit=960%2C640&amp;ssl=1\" data-orig-size=\"960,640\" data-comments-opened=\"1\" data-image-meta=\"{&quot;aperture&quot;:&quot;0&quot;,&quot;credit&quot;:&quot;&quot;,&quot;camera&quot;:&quot;&quot;,&quot;caption&quot;:&quot;&quot;,&quot;created_timestamp&quot;:&quot;0&quot;,&quot;copyright&quot;:&quot;&quot;,&quot;focal_length&quot;:&quot;0&quot;,&quot;iso&quot;:&quot;0&quot;,&quot;shutter_speed&quot;:&quot;0&quot;,&quot;title&quot;:&quot;&quot;,&quot;orientation&quot;:&quot;0&quot;}\" data-image-title=\"PROJECT A FILLING PIECES 32\" data-image-description=\"\" data-image-caption=\"\" data-medium-file=\"https:\/\/i0.wp.com\/joyana.fr\/wp-content\/uploads\/2015\/08\/PROJECT-A-FILLING-PIECES-32.jpg?fit=389%2C259&amp;ssl=1\" data-large-file=\"https:\/\/i0.wp.com\/joyana.fr\/wp-content\/uploads\/2015\/08\/PROJECT-A-FILLING-PIECES-32.jpg?fit=960%2C640&amp;ssl=1\" \/><\/a>\r\n\t\t\t<\/div><\/figure><figure class='gallery-item'>\r\n\t\t\t<div class='gallery-icon landscape'>\r\n\t\t\t\t<a href=\"https:\/\/i0.wp.com\/joyana.fr\/wp-content\/uploads\/2015\/08\/PROJECT-A-FILLING-PIECES-22.jpg?ssl=1\"><img loading=\"lazy\" decoding=\"async\" width=\"150\" height=\"150\" src=\"https:\/\/i0.wp.com\/joyana.fr\/wp-content\/uploads\/2015\/08\/PROJECT-A-FILLING-PIECES-22.jpg?resize=150%2C150&amp;ssl=1\" class=\"attachment-thumbnail size-thumbnail\" alt=\"\" srcset=\"https:\/\/i0.wp.com\/joyana.fr\/wp-content\/uploads\/2015\/08\/PROJECT-A-FILLING-PIECES-22.jpg?resize=300%2C300&amp;ssl=1 300w, https:\/\/i0.wp.com\/joyana.fr\/wp-content\/uploads\/2015\/08\/PROJECT-A-FILLING-PIECES-22.jpg?resize=100%2C100&amp;ssl=1 100w, https:\/\/i0.wp.com\/joyana.fr\/wp-content\/uploads\/2015\/08\/PROJECT-A-FILLING-PIECES-22.jpg?zoom=3&amp;resize=150%2C150&amp;ssl=1 450w\" sizes=\"(max-width: 150px) 100vw, 150px\" data-attachment-id=\"17656\" data-permalink=\"https:\/\/joyana.fr\/ja\/low-top-transformed-sneakers-filling-pieces-project-a\/17654\/project-a-filling-pieces-22\/\" data-orig-file=\"https:\/\/i0.wp.com\/joyana.fr\/wp-content\/uploads\/2015\/08\/PROJECT-A-FILLING-PIECES-22.jpg?fit=960%2C640&amp;ssl=1\" data-orig-size=\"960,640\" data-comments-opened=\"1\" data-image-meta=\"{&quot;aperture&quot;:&quot;0&quot;,&quot;credit&quot;:&quot;&quot;,&quot;camera&quot;:&quot;&quot;,&quot;caption&quot;:&quot;&quot;,&quot;created_timestamp&quot;:&quot;0&quot;,&quot;copyright&quot;:&quot;&quot;,&quot;focal_length&quot;:&quot;0&quot;,&quot;iso&quot;:&quot;0&quot;,&quot;shutter_speed&quot;:&quot;0&quot;,&quot;title&quot;:&quot;&quot;,&quot;orientation&quot;:&quot;0&quot;}\" data-image-title=\"PROJECT A FILLING PIECES 22\" data-image-description=\"\" data-image-caption=\"\" data-medium-file=\"https:\/\/i0.wp.com\/joyana.fr\/wp-content\/uploads\/2015\/08\/PROJECT-A-FILLING-PIECES-22.jpg?fit=389%2C259&amp;ssl=1\" data-large-file=\"https:\/\/i0.wp.com\/joyana.fr\/wp-content\/uploads\/2015\/08\/PROJECT-A-FILLING-PIECES-22.jpg?fit=960%2C640&amp;ssl=1\" \/><\/a>\r\n\t\t\t<\/div><\/figure><figure class='gallery-item'>\r\n\t\t\t<div class='gallery-icon landscape'>\r\n\t\t\t\t<a href=\"https:\/\/i0.wp.com\/joyana.fr\/wp-content\/uploads\/2015\/08\/PROJECT-A-FILLING-PIECES-12.jpg?ssl=1\"><img loading=\"lazy\" decoding=\"async\" width=\"150\" height=\"150\" src=\"https:\/\/i0.wp.com\/joyana.fr\/wp-content\/uploads\/2015\/08\/PROJECT-A-FILLING-PIECES-12.jpg?resize=150%2C150&amp;ssl=1\" class=\"attachment-thumbnail size-thumbnail\" alt=\"\" srcset=\"https:\/\/i0.wp.com\/joyana.fr\/wp-content\/uploads\/2015\/08\/PROJECT-A-FILLING-PIECES-12.jpg?resize=300%2C300&amp;ssl=1 300w, https:\/\/i0.wp.com\/joyana.fr\/wp-content\/uploads\/2015\/08\/PROJECT-A-FILLING-PIECES-12.jpg?resize=100%2C100&amp;ssl=1 100w, https:\/\/i0.wp.com\/joyana.fr\/wp-content\/uploads\/2015\/08\/PROJECT-A-FILLING-PIECES-12.jpg?zoom=3&amp;resize=150%2C150&amp;ssl=1 450w\" sizes=\"(max-width: 150px) 100vw, 150px\" data-attachment-id=\"17655\" data-permalink=\"https:\/\/joyana.fr\/ja\/low-top-transformed-sneakers-filling-pieces-project-a\/17654\/project-a-filling-pieces-12\/\" data-orig-file=\"https:\/\/i0.wp.com\/joyana.fr\/wp-content\/uploads\/2015\/08\/PROJECT-A-FILLING-PIECES-12.jpg?fit=960%2C640&amp;ssl=1\" data-orig-size=\"960,640\" data-comments-opened=\"1\" data-image-meta=\"{&quot;aperture&quot;:&quot;0&quot;,&quot;credit&quot;:&quot;&quot;,&quot;camera&quot;:&quot;&quot;,&quot;caption&quot;:&quot;&quot;,&quot;created_timestamp&quot;:&quot;0&quot;,&quot;copyright&quot;:&quot;&quot;,&quot;focal_length&quot;:&quot;0&quot;,&quot;iso&quot;:&quot;0&quot;,&quot;shutter_speed&quot;:&quot;0&quot;,&quot;title&quot;:&quot;&quot;,&quot;orientation&quot;:&quot;0&quot;}\" data-image-title=\"PROJECT A FILLING PIECES 12\" data-image-description=\"\" data-image-caption=\"\" data-medium-file=\"https:\/\/i0.wp.com\/joyana.fr\/wp-content\/uploads\/2015\/08\/PROJECT-A-FILLING-PIECES-12.jpg?fit=389%2C259&amp;ssl=1\" data-large-file=\"https:\/\/i0.wp.com\/joyana.fr\/wp-content\/uploads\/2015\/08\/PROJECT-A-FILLING-PIECES-12.jpg?fit=960%2C640&amp;ssl=1\" \/><\/a>\r\n\t\t\t<\/div><\/figure><\/div>\n\n<p><a href=\"https:\/\/i0.wp.com\/joyana.fr\/wp-content\/uploads\/2014\/06\/Wall_L14_Deko.jpg?ssl=1\"><img data-recalc-dims=\"1\" loading=\"lazy\" decoding=\"async\" data-attachment-id=\"17664\" data-permalink=\"https:\/\/joyana.fr\/ja\/oenologie-chateau-la-coste\/17663\/blog_chateau-la-coste_2\/\" data-orig-file=\"https:\/\/i0.wp.com\/joyana.fr\/wp-content\/uploads\/2015\/08\/BLOG_CHATEAU-LA-COSTE_2.jpg?fit=1700%2C1700&amp;ssl=1\" data-orig-size=\"1700,1700\" data-comments-opened=\"1\" data-image-meta=\"{&quot;aperture&quot;:&quot;0&quot;,&quot;credit&quot;:&quot;&quot;,&quot;camera&quot;:&quot;&quot;,&quot;caption&quot;:&quot;&quot;,&quot;created_timestamp&quot;:&quot;0&quot;,&quot;copyright&quot;:&quot;&quot;,&quot;focal_length&quot;:&quot;0&quot;,&quot;iso&quot;:&quot;0&quot;,&quot;shutter_speed&quot;:&quot;0&quot;,&quot;title&quot;:&quot;&quot;,&quot;orientation&quot;:&quot;1&quot;}\" data-image-title=\"BLOG_CHATEAU LA COSTE_2\" data-image-description=\"\" data-image-caption=\"\" data-medium-file=\"https:\/\/i0.wp.com\/joyana.fr\/wp-content\/uploads\/2015\/08\/BLOG_CHATEAU-LA-COSTE_2.jpg?fit=389%2C389&amp;ssl=1\" data-large-file=\"https:\/\/i0.wp.com\/joyana.fr\/wp-content\/uploads\/2015\/08\/BLOG_CHATEAU-LA-COSTE_2.jpg?fit=1024%2C1024&amp;ssl=1\" class=\"alignnone size-full wp-image-17664\" src=\"https:\/\/i0.wp.com\/joyana.fr\/wp-content\/uploads\/2014\/06\/Wall_L14_Deko.jpg?resize=637%2C450&#038;ssl=1\" alt=\"Wall_L14_Deko\" width=\"637\" height=\"450\" \/><\/a><\/p>\n<p style=\"text-align: center;\">En savoir + sur <a title=\"MULLER\" href=\"http:\/\/www.mueller-moebel.com\/en\/company.html\" target=\"_blank\">M\u00dcLLER<\/a>\u00a0&amp;\u00a0<a href=\"http:\/\/www.janarmgardt.de\" target=\"_blank\">Jan ARMGARDT<\/a><\/p>\n","protected":false},"excerpt":{"rendered":"<p>On aime les biblioth\u00e8ques modulables WALL, sign\u00e9es par l&#8217;\u00e9diteur allemand M\u00fcller &#8211; en collaboratio [&hellip;]<\/p>\n","protected":false},"author":3,"featured_media":117665,"comment_status":"open","ping_status":"open","sticky":false,"template":"","format":"aside","meta":{"_coblocks_attr":"","_coblocks_dimensions":"","_coblocks_responsive_height":"","_coblocks_accordion_ie_support":"","_uag_custom_page_level_css":"","advgb_blocks_editor_width":"","advgb_blocks_columns_visual_guide":"","_genesis_hide_title":false,"_genesis_hide_breadcrumbs":false,"_genesis_hide_singular_image":false,"_genesis_hide_footer_widgets":false,"_genesis_custom_body_class":"","_genesis_custom_post_class":"","_genesis_layout":"","_themeisle_gutenberg_block_has_review":false,"_jetpack_newsletter_access":"","_jetpack_dont_email_post_to_subs":false,"_jetpack_newsletter_tier_id":0,"_jetpack_memberships_contains_paywalled_content":false,"_jetpack_memberships_contains_paid_content":false,"footnotes":""},"categories":[932,905,942],"tags":[1190,1766,1359,1767],"class_list":{"0":"post-117652","1":"post","2":"type-post","3":"status-publish","4":"format-aside","5":"has-post-thumbnail","7":"category-bibliotheque","8":"category-deco-design","9":"category-mobilier","10":"tag-bibliotheque-design","11":"tag-jan-armgardt","12":"tag-mobilier-modulable","13":"tag-muller","14":"post_format-post-format-aside","15":"entry"},"featured_image_urls":{"full":["https:\/\/i0.wp.com\/joyana.fr\/wp-content\/uploads\/2014\/06\/mueller_WALL05_LA14_PA1.jpg?fit=650%2C459&ssl=1",650,459,false],"thumbnail":["https:\/\/i0.wp.com\/joyana.fr\/wp-content\/uploads\/2014\/06\/mueller_WALL05_LA14_PA1.jpg?resize=150%2C150&ssl=1",150,150,true],"medium":["https:\/\/i0.wp.com\/joyana.fr\/wp-content\/uploads\/2014\/06\/mueller_WALL05_LA14_PA1.jpg?fit=389%2C275&ssl=1",389,275,true],"medium_large":["https:\/\/i0.wp.com\/joyana.fr\/wp-content\/uploads\/2014\/06\/mueller_WALL05_LA14_PA1.jpg?fit=650%2C459&ssl=1",650,459,true],"large":["https:\/\/i0.wp.com\/joyana.fr\/wp-content\/uploads\/2014\/06\/mueller_WALL05_LA14_PA1.jpg?fit=650%2C459&ssl=1",650,459,true],"1536x1536":["https:\/\/i0.wp.com\/joyana.fr\/wp-content\/uploads\/2014\/06\/mueller_WALL05_LA14_PA1.jpg?fit=650%2C459&ssl=1",650,459,true],"2048x2048":["https:\/\/i0.wp.com\/joyana.fr\/wp-content\/uploads\/2014\/06\/mueller_WALL05_LA14_PA1.jpg?fit=650%2C459&ssl=1",650,459,true],"featured-thumb":["https:\/\/i0.wp.com\/joyana.fr\/wp-content\/uploads\/2014\/06\/mueller_WALL05_LA14_PA1.jpg?resize=650%2C459&ssl=1",650,459,true],"ab-block-post-grid-landscape":["https:\/\/i0.wp.com\/joyana.fr\/wp-content\/uploads\/2014\/06\/mueller_WALL05_LA14_PA1.jpg?resize=600%2C400&ssl=1",600,400,true],"ab-block-post-grid-square":["https:\/\/i0.wp.com\/joyana.fr\/wp-content\/uploads\/2014\/06\/mueller_WALL05_LA14_PA1.jpg?resize=600%2C459&ssl=1",600,459,true],"author-pro-image":["https:\/\/i0.wp.com\/joyana.fr\/wp-content\/uploads\/2014\/06\/mueller_WALL05_LA14_PA1.jpg?resize=360%2C459&ssl=1",360,459,true],"slider":["https:\/\/i0.wp.com\/joyana.fr\/wp-content\/uploads\/2014\/06\/mueller_WALL05_LA14_PA1.jpg?resize=650%2C400&ssl=1",650,400,true],"woocommerce_thumbnail":["https:\/\/i0.wp.com\/joyana.fr\/wp-content\/uploads\/2014\/06\/mueller_WALL05_LA14_PA1.jpg?resize=450%2C450&ssl=1",450,450,true],"woocommerce_single":["https:\/\/i0.wp.com\/joyana.fr\/wp-content\/uploads\/2014\/06\/mueller_WALL05_LA14_PA1.jpg?fit=650%2C459&ssl=1",650,459,true],"woocommerce_gallery_thumbnail":["https:\/\/i0.wp.com\/joyana.fr\/wp-content\/uploads\/2014\/06\/mueller_WALL05_LA14_PA1.jpg?resize=180%2C180&ssl=1",180,180,true],"sow-carousel-default":["https:\/\/i0.wp.com\/joyana.fr\/wp-content\/uploads\/2014\/06\/mueller_WALL05_LA14_PA1.jpg?resize=272%2C182&ssl=1",272,182,true]},"post_excerpt_stackable":"<p>On aime les biblioth\u00e8ques modulables WALL, sign\u00e9es par l&#8217;\u00e9diteur allemand M\u00fcller &#8211; en co&hellip;<\/p>\n","category_list":"<a href=\"https:\/\/joyana.fr\/ja\/category\/deco-design\/mobilier\/bibliotheque\/\" rel=\"category tag\">Biblioth\u00e8que<\/a>, <a href=\"https:\/\/joyana.fr\/ja\/category\/deco-design\/\" rel=\"category tag\">DECO-DESIGN<\/a>, <a href=\"https:\/\/joyana.fr\/ja\/category\/deco-design\/mobilier\/\" rel=\"category tag\">Mobilier<\/a>","author_info":{"display_name":"Jo Yana","author_link":"https:\/\/joyana.fr\/ja\/author\/joyana\/"},"comments_num":"3 comments","featured_image_urls_v2":{"full":["https:\/\/i0.wp.com\/joyana.fr\/wp-content\/uploads\/2014\/06\/mueller_WALL05_LA14_PA1.jpg?fit=650%2C459&ssl=1",650,459,false],"thumbnail":["https:\/\/i0.wp.com\/joyana.fr\/wp-content\/uploads\/2014\/06\/mueller_WALL05_LA14_PA1.jpg?resize=150%2C150&ssl=1",150,150,true],"medium":["https:\/\/i0.wp.com\/joyana.fr\/wp-content\/uploads\/2014\/06\/mueller_WALL05_LA14_PA1.jpg?fit=389%2C275&ssl=1",389,275,true],"medium_large":["https:\/\/i0.wp.com\/joyana.fr\/wp-content\/uploads\/2014\/06\/mueller_WALL05_LA14_PA1.jpg?fit=650%2C459&ssl=1",650,459,true],"large":["https:\/\/i0.wp.com\/joyana.fr\/wp-content\/uploads\/2014\/06\/mueller_WALL05_LA14_PA1.jpg?fit=650%2C459&ssl=1",650,459,true],"1536x1536":["https:\/\/i0.wp.com\/joyana.fr\/wp-content\/uploads\/2014\/06\/mueller_WALL05_LA14_PA1.jpg?fit=650%2C459&ssl=1",650,459,true],"2048x2048":["https:\/\/i0.wp.com\/joyana.fr\/wp-content\/uploads\/2014\/06\/mueller_WALL05_LA14_PA1.jpg?fit=650%2C459&ssl=1",650,459,true],"featured-thumb":["https:\/\/i0.wp.com\/joyana.fr\/wp-content\/uploads\/2014\/06\/mueller_WALL05_LA14_PA1.jpg?resize=650%2C459&ssl=1",650,459,true],"ab-block-post-grid-landscape":["https:\/\/i0.wp.com\/joyana.fr\/wp-content\/uploads\/2014\/06\/mueller_WALL05_LA14_PA1.jpg?resize=600%2C400&ssl=1",600,400,true],"ab-block-post-grid-square":["https:\/\/i0.wp.com\/joyana.fr\/wp-content\/uploads\/2014\/06\/mueller_WALL05_LA14_PA1.jpg?resize=600%2C459&ssl=1",600,459,true],"author-pro-image":["https:\/\/i0.wp.com\/joyana.fr\/wp-content\/uploads\/2014\/06\/mueller_WALL05_LA14_PA1.jpg?resize=360%2C459&ssl=1",360,459,true],"slider":["https:\/\/i0.wp.com\/joyana.fr\/wp-content\/uploads\/2014\/06\/mueller_WALL05_LA14_PA1.jpg?resize=650%2C400&ssl=1",650,400,true],"woocommerce_thumbnail":["https:\/\/i0.wp.com\/joyana.fr\/wp-content\/uploads\/2014\/06\/mueller_WALL05_LA14_PA1.jpg?resize=450%2C450&ssl=1",450,450,true],"woocommerce_single":["https:\/\/i0.wp.com\/joyana.fr\/wp-content\/uploads\/2014\/06\/mueller_WALL05_LA14_PA1.jpg?fit=650%2C459&ssl=1",650,459,true],"woocommerce_gallery_thumbnail":["https:\/\/i0.wp.com\/joyana.fr\/wp-content\/uploads\/2014\/06\/mueller_WALL05_LA14_PA1.jpg?resize=180%2C180&ssl=1",180,180,true],"sow-carousel-default":["https:\/\/i0.wp.com\/joyana.fr\/wp-content\/uploads\/2014\/06\/mueller_WALL05_LA14_PA1.jpg?resize=272%2C182&ssl=1",272,182,true]},"post_excerpt_stackable_v2":"<p>On aime les biblioth\u00e8ques modulables WALL, sign\u00e9es par l&#8217;\u00e9diteur allemand M\u00fcller &#8211; en co&hellip;<\/p>\n","category_list_v2":"<a href=\"https:\/\/joyana.fr\/ja\/category\/deco-design\/mobilier\/bibliotheque\/\" rel=\"category tag\">Biblioth\u00e8que<\/a>, <a href=\"https:\/\/joyana.fr\/ja\/category\/deco-design\/\" rel=\"category tag\">DECO-DESIGN<\/a>, <a href=\"https:\/\/joyana.fr\/ja\/category\/deco-design\/mobilier\/\" rel=\"category tag\">Mobilier<\/a>","author_info_v2":{"name":"Jo Yana","url":"https:\/\/joyana.fr\/ja\/author\/joyana\/"},"comments_num_v2":"3 comments","yoast_head":"<!-- This site is optimized with the Yoast SEO plugin v26.8 - https:\/\/yoast.com\/product\/yoast-seo-wordpress\/ -->\n<title>Biblioth\u00e8que WALL par M\u00dcLLER x Jan ARMGARDT - JO YANA<\/title>\n<meta name=\"robots\" content=\"index, follow, max-snippet:-1, max-image-preview:large, max-video-preview:-1\" \/>\n<link rel=\"canonical\" href=\"https:\/\/www.joyana.fr\/bibliotheque-wall-par-muller-x-jan-armgardt\/117652\/\" \/>\n<meta property=\"og:locale\" content=\"ja_JP\" \/>\n<meta property=\"og:locale:alternate\" content=\"fr_FR\" \/>\n<meta property=\"og:locale:alternate\" content=\"en_US\" \/>\n<meta property=\"og:type\" content=\"article\" \/>\n<meta property=\"og:title\" content=\"Biblioth\u00e8que WALL par M\u00dcLLER x Jan ARMGARDT - JO YANA\" \/>\n<meta property=\"og:description\" content=\"On aime les biblioth\u00e8ques modulables WALL, sign\u00e9es par l&#8217;\u00e9diteur allemand M\u00fcller &#8211; en collaboratio [&hellip;]\" \/>\n<meta property=\"og:url\" content=\"https:\/\/joyana.fr\/ja\/bibliotheque-wall-par-muller-x-jan-armgardt\/117652\/\" \/>\n<meta property=\"og:site_name\" content=\"JO YANA\" \/>\n<meta property=\"article:published_time\" content=\"2014-06-25T18:23:20+00:00\" \/>\n<meta property=\"og:image\" content=\"https:\/\/www.joyana.fr\/wp-content\/uploads\/2014\/06\/mueller_WALL05_LA14_PA1.jpg\" \/>\n\t<meta property=\"og:image:width\" content=\"650\" \/>\n\t<meta property=\"og:image:height\" content=\"459\" \/>\n\t<meta property=\"og:image:type\" content=\"image\/jpeg\" \/>\n<meta name=\"author\" content=\"Jo Yana\" \/>\n<meta name=\"twitter:card\" content=\"summary_large_image\" \/>\n<meta name=\"twitter:creator\" content=\"@Jo_Yana\" \/>\n<meta name=\"twitter:site\" content=\"@Jo_Yana\" \/>\n<meta name=\"twitter:label1\" content=\"\u57f7\u7b46\u8005\" \/>\n\t<meta name=\"twitter:data1\" content=\"Jo Yana\" \/>\n\t<meta name=\"twitter:label2\" content=\"\u63a8\u5b9a\u8aad\u307f\u53d6\u308a\u6642\u9593\" \/>\n\t<meta name=\"twitter:data2\" content=\"1\u5206\" \/>\n<script type=\"application\/ld+json\" class=\"yoast-schema-graph\">{\"@context\":\"https:\/\/schema.org\",\"@graph\":[{\"@type\":\"Article\",\"@id\":\"https:\/\/www.joyana.fr\/bibliotheque-wall-par-muller-x-jan-armgardt\/117652\/#article\",\"isPartOf\":{\"@id\":\"https:\/\/www.joyana.fr\/bibliotheque-wall-par-muller-x-jan-armgardt\/117652\/\"},\"author\":{\"name\":\"Jo Yana\",\"@id\":\"https:\/\/www.joyana.fr\/ja\/#\/schema\/person\/cf2a1ad12a27c12c21801075bf37407c\"},\"headline\":\"Biblioth\u00e8que WALL par M\u00dcLLER x Jan ARMGARDT\",\"datePublished\":\"2014-06-25T18:23:20+00:00\",\"mainEntityOfPage\":{\"@id\":\"https:\/\/www.joyana.fr\/bibliotheque-wall-par-muller-x-jan-armgardt\/117652\/\"},\"wordCount\":177,\"commentCount\":1,\"publisher\":{\"@id\":\"https:\/\/www.joyana.fr\/ja\/#\/schema\/person\/cf2a1ad12a27c12c21801075bf37407c\"},\"image\":{\"@id\":\"https:\/\/www.joyana.fr\/bibliotheque-wall-par-muller-x-jan-armgardt\/117652\/#primaryimage\"},\"thumbnailUrl\":\"https:\/\/i0.wp.com\/joyana.fr\/wp-content\/uploads\/2014\/06\/mueller_WALL05_LA14_PA1.jpg?fit=650%2C459&ssl=1\",\"keywords\":[\"Biblioth\u00e8que design\",\"Jan ARMGARDT\",\"Mobilier modulable\",\"M\u00fcller\"],\"articleSection\":[\"Biblioth\u00e8que\",\"DECO-DESIGN\",\"Mobilier\"],\"inLanguage\":\"ja\",\"potentialAction\":[{\"@type\":\"CommentAction\",\"name\":\"Comment\",\"target\":[\"https:\/\/www.joyana.fr\/bibliotheque-wall-par-muller-x-jan-armgardt\/117652\/#respond\"]}]},{\"@type\":\"WebPage\",\"@id\":\"https:\/\/www.joyana.fr\/bibliotheque-wall-par-muller-x-jan-armgardt\/117652\/\",\"url\":\"https:\/\/www.joyana.fr\/bibliotheque-wall-par-muller-x-jan-armgardt\/117652\/\",\"name\":\"Biblioth\u00e8que WALL par M\u00dcLLER x Jan ARMGARDT - JO YANA\",\"isPartOf\":{\"@id\":\"https:\/\/www.joyana.fr\/ja\/#website\"},\"primaryImageOfPage\":{\"@id\":\"https:\/\/www.joyana.fr\/bibliotheque-wall-par-muller-x-jan-armgardt\/117652\/#primaryimage\"},\"image\":{\"@id\":\"https:\/\/www.joyana.fr\/bibliotheque-wall-par-muller-x-jan-armgardt\/117652\/#primaryimage\"},\"thumbnailUrl\":\"https:\/\/i0.wp.com\/joyana.fr\/wp-content\/uploads\/2014\/06\/mueller_WALL05_LA14_PA1.jpg?fit=650%2C459&ssl=1\",\"datePublished\":\"2014-06-25T18:23:20+00:00\",\"breadcrumb\":{\"@id\":\"https:\/\/www.joyana.fr\/bibliotheque-wall-par-muller-x-jan-armgardt\/117652\/#breadcrumb\"},\"inLanguage\":\"ja\",\"potentialAction\":[{\"@type\":\"ReadAction\",\"target\":[\"https:\/\/www.joyana.fr\/bibliotheque-wall-par-muller-x-jan-armgardt\/117652\/\"]}]},{\"@type\":\"ImageObject\",\"inLanguage\":\"ja\",\"@id\":\"https:\/\/www.joyana.fr\/bibliotheque-wall-par-muller-x-jan-armgardt\/117652\/#primaryimage\",\"url\":\"https:\/\/i0.wp.com\/joyana.fr\/wp-content\/uploads\/2014\/06\/mueller_WALL05_LA14_PA1.jpg?fit=650%2C459&ssl=1\",\"contentUrl\":\"https:\/\/i0.wp.com\/joyana.fr\/wp-content\/uploads\/2014\/06\/mueller_WALL05_LA14_PA1.jpg?fit=650%2C459&ssl=1\",\"width\":650,\"height\":459},{\"@type\":\"BreadcrumbList\",\"@id\":\"https:\/\/www.joyana.fr\/bibliotheque-wall-par-muller-x-jan-armgardt\/117652\/#breadcrumb\",\"itemListElement\":[{\"@type\":\"ListItem\",\"position\":1,\"name\":\"Accueil\",\"item\":\"https:\/\/www.joyana.fr\/ja\/\"},{\"@type\":\"ListItem\",\"position\":2,\"name\":\"Biblioth\u00e8que WALL par M\u00dcLLER x Jan ARMGARDT\"}]},{\"@type\":\"WebSite\",\"@id\":\"https:\/\/www.joyana.fr\/ja\/#website\",\"url\":\"https:\/\/www.joyana.fr\/ja\/\",\"name\":\"JO YANA\",\"description\":\"Blog Mode Homme, Lifestyle, D\u00e9co-Design\",\"publisher\":{\"@id\":\"https:\/\/www.joyana.fr\/ja\/#\/schema\/person\/cf2a1ad12a27c12c21801075bf37407c\"},\"potentialAction\":[{\"@type\":\"SearchAction\",\"target\":{\"@type\":\"EntryPoint\",\"urlTemplate\":\"https:\/\/www.joyana.fr\/ja\/?s={search_term_string}\"},\"query-input\":{\"@type\":\"PropertyValueSpecification\",\"valueRequired\":true,\"valueName\":\"search_term_string\"}}],\"inLanguage\":\"ja\"},{\"@type\":[\"Person\",\"Organization\"],\"@id\":\"https:\/\/www.joyana.fr\/ja\/#\/schema\/person\/cf2a1ad12a27c12c21801075bf37407c\",\"name\":\"Jo Yana\",\"image\":{\"@type\":\"ImageObject\",\"inLanguage\":\"ja\",\"@id\":\"https:\/\/www.joyana.fr\/ja\/#\/schema\/person\/image\/\",\"url\":\"https:\/\/i0.wp.com\/joyana.fr\/wp-content\/uploads\/2016\/08\/cropped-joyana-logo-black-360x180.png?fit=343%2C164&ssl=1\",\"contentUrl\":\"https:\/\/i0.wp.com\/joyana.fr\/wp-content\/uploads\/2016\/08\/cropped-joyana-logo-black-360x180.png?fit=343%2C164&ssl=1\",\"width\":343,\"height\":164,\"caption\":\"Jo Yana\"},\"logo\":{\"@id\":\"https:\/\/www.joyana.fr\/ja\/#\/schema\/person\/image\/\"},\"description\":\"Jo Yana est le cr\u00e9ateur et r\u00e9dacteur en chef des sites DECO-DESIGN. Passionn\u00e9 de Design, Mode, Photo, Luxe, Lifestyle, Musique, mais avant tout Blogueur ! Le plaisir de partager l'anime et a comme devise \\\"POUR L'AMOUR DU BEAU\\\". Retrouvez le aussi sur son blog personnel - https:\/\/joyana.fr...\",\"sameAs\":[\"https:\/\/joyana.fr\/\"],\"url\":\"https:\/\/joyana.fr\/ja\/author\/joyana\/\"}]}<\/script>\n<!-- \/ Yoast SEO plugin. -->","yoast_head_json":{"title":"Biblioth\u00e8que WALL par M\u00dcLLER x Jan ARMGARDT - JO YANA","robots":{"index":"index","follow":"follow","max-snippet":"max-snippet:-1","max-image-preview":"max-image-preview:large","max-video-preview":"max-video-preview:-1"},"canonical":"https:\/\/www.joyana.fr\/bibliotheque-wall-par-muller-x-jan-armgardt\/117652\/","og_locale":"ja_JP","og_type":"article","og_title":"Biblioth\u00e8que WALL par M\u00dcLLER x Jan ARMGARDT - JO YANA","og_description":"On aime les biblioth\u00e8ques modulables WALL, sign\u00e9es par l&#8217;\u00e9diteur allemand M\u00fcller &#8211; en collaboratio [&hellip;]","og_url":"https:\/\/joyana.fr\/ja\/bibliotheque-wall-par-muller-x-jan-armgardt\/117652\/","og_site_name":"JO YANA","article_published_time":"2014-06-25T18:23:20+00:00","og_image":[{"width":650,"height":459,"url":"https:\/\/www.joyana.fr\/wp-content\/uploads\/2014\/06\/mueller_WALL05_LA14_PA1.jpg","type":"image\/jpeg"}],"author":"Jo Yana","twitter_card":"summary_large_image","twitter_creator":"@Jo_Yana","twitter_site":"@Jo_Yana","twitter_misc":{"\u57f7\u7b46\u8005":"Jo Yana","\u63a8\u5b9a\u8aad\u307f\u53d6\u308a\u6642\u9593":"1\u5206"},"schema":{"@context":"https:\/\/schema.org","@graph":[{"@type":"Article","@id":"https:\/\/www.joyana.fr\/bibliotheque-wall-par-muller-x-jan-armgardt\/117652\/#article","isPartOf":{"@id":"https:\/\/www.joyana.fr\/bibliotheque-wall-par-muller-x-jan-armgardt\/117652\/"},"author":{"name":"Jo Yana","@id":"https:\/\/www.joyana.fr\/ja\/#\/schema\/person\/cf2a1ad12a27c12c21801075bf37407c"},"headline":"Biblioth\u00e8que WALL par M\u00dcLLER x Jan ARMGARDT","datePublished":"2014-06-25T18:23:20+00:00","mainEntityOfPage":{"@id":"https:\/\/www.joyana.fr\/bibliotheque-wall-par-muller-x-jan-armgardt\/117652\/"},"wordCount":177,"commentCount":1,"publisher":{"@id":"https:\/\/www.joyana.fr\/ja\/#\/schema\/person\/cf2a1ad12a27c12c21801075bf37407c"},"image":{"@id":"https:\/\/www.joyana.fr\/bibliotheque-wall-par-muller-x-jan-armgardt\/117652\/#primaryimage"},"thumbnailUrl":"https:\/\/i0.wp.com\/joyana.fr\/wp-content\/uploads\/2014\/06\/mueller_WALL05_LA14_PA1.jpg?fit=650%2C459&ssl=1","keywords":["Biblioth\u00e8que design","Jan ARMGARDT","Mobilier modulable","M\u00fcller"],"articleSection":["Biblioth\u00e8que","DECO-DESIGN","Mobilier"],"inLanguage":"ja","potentialAction":[{"@type":"CommentAction","name":"Comment","target":["https:\/\/www.joyana.fr\/bibliotheque-wall-par-muller-x-jan-armgardt\/117652\/#respond"]}]},{"@type":"WebPage","@id":"https:\/\/www.joyana.fr\/bibliotheque-wall-par-muller-x-jan-armgardt\/117652\/","url":"https:\/\/www.joyana.fr\/bibliotheque-wall-par-muller-x-jan-armgardt\/117652\/","name":"Biblioth\u00e8que WALL par M\u00dcLLER x Jan ARMGARDT - JO YANA","isPartOf":{"@id":"https:\/\/www.joyana.fr\/ja\/#website"},"primaryImageOfPage":{"@id":"https:\/\/www.joyana.fr\/bibliotheque-wall-par-muller-x-jan-armgardt\/117652\/#primaryimage"},"image":{"@id":"https:\/\/www.joyana.fr\/bibliotheque-wall-par-muller-x-jan-armgardt\/117652\/#primaryimage"},"thumbnailUrl":"https:\/\/i0.wp.com\/joyana.fr\/wp-content\/uploads\/2014\/06\/mueller_WALL05_LA14_PA1.jpg?fit=650%2C459&ssl=1","datePublished":"2014-06-25T18:23:20+00:00","breadcrumb":{"@id":"https:\/\/www.joyana.fr\/bibliotheque-wall-par-muller-x-jan-armgardt\/117652\/#breadcrumb"},"inLanguage":"ja","potentialAction":[{"@type":"ReadAction","target":["https:\/\/www.joyana.fr\/bibliotheque-wall-par-muller-x-jan-armgardt\/117652\/"]}]},{"@type":"ImageObject","inLanguage":"ja","@id":"https:\/\/www.joyana.fr\/bibliotheque-wall-par-muller-x-jan-armgardt\/117652\/#primaryimage","url":"https:\/\/i0.wp.com\/joyana.fr\/wp-content\/uploads\/2014\/06\/mueller_WALL05_LA14_PA1.jpg?fit=650%2C459&ssl=1","contentUrl":"https:\/\/i0.wp.com\/joyana.fr\/wp-content\/uploads\/2014\/06\/mueller_WALL05_LA14_PA1.jpg?fit=650%2C459&ssl=1","width":650,"height":459},{"@type":"BreadcrumbList","@id":"https:\/\/www.joyana.fr\/bibliotheque-wall-par-muller-x-jan-armgardt\/117652\/#breadcrumb","itemListElement":[{"@type":"ListItem","position":1,"name":"Accueil","item":"https:\/\/www.joyana.fr\/ja\/"},{"@type":"ListItem","position":2,"name":"Biblioth\u00e8que WALL par M\u00dcLLER x Jan ARMGARDT"}]},{"@type":"WebSite","@id":"https:\/\/www.joyana.fr\/ja\/#website","url":"https:\/\/www.joyana.fr\/ja\/","name":"JO YANA","description":"Blog Mode Homme, Lifestyle, D\u00e9co-Design","publisher":{"@id":"https:\/\/www.joyana.fr\/ja\/#\/schema\/person\/cf2a1ad12a27c12c21801075bf37407c"},"potentialAction":[{"@type":"SearchAction","target":{"@type":"EntryPoint","urlTemplate":"https:\/\/www.joyana.fr\/ja\/?s={search_term_string}"},"query-input":{"@type":"PropertyValueSpecification","valueRequired":true,"valueName":"search_term_string"}}],"inLanguage":"ja"},{"@type":["Person","Organization"],"@id":"https:\/\/www.joyana.fr\/ja\/#\/schema\/person\/cf2a1ad12a27c12c21801075bf37407c","name":"Jo Yana","image":{"@type":"ImageObject","inLanguage":"ja","@id":"https:\/\/www.joyana.fr\/ja\/#\/schema\/person\/image\/","url":"https:\/\/i0.wp.com\/joyana.fr\/wp-content\/uploads\/2016\/08\/cropped-joyana-logo-black-360x180.png?fit=343%2C164&ssl=1","contentUrl":"https:\/\/i0.wp.com\/joyana.fr\/wp-content\/uploads\/2016\/08\/cropped-joyana-logo-black-360x180.png?fit=343%2C164&ssl=1","width":343,"height":164,"caption":"Jo Yana"},"logo":{"@id":"https:\/\/www.joyana.fr\/ja\/#\/schema\/person\/image\/"},"description":"Jo Yana est le cr\u00e9ateur et r\u00e9dacteur en chef des sites DECO-DESIGN. Passionn\u00e9 de Design, Mode, Photo, Luxe, Lifestyle, Musique, mais avant tout Blogueur ! Le plaisir de partager l'anime et a comme devise \"POUR L'AMOUR DU BEAU\". Retrouvez le aussi sur son blog personnel - https:\/\/joyana.fr...","sameAs":["https:\/\/joyana.fr\/"],"url":"https:\/\/joyana.fr\/ja\/author\/joyana\/"}]}},"author_meta":{"display_name":"Jo Yana","author_link":"https:\/\/joyana.fr\/ja\/author\/joyana\/"},"featured_img":"https:\/\/i0.wp.com\/joyana.fr\/wp-content\/uploads\/2014\/06\/mueller_WALL05_LA14_PA1.jpg?fit=389%2C275&ssl=1","featured_image_src":"https:\/\/i0.wp.com\/joyana.fr\/wp-content\/uploads\/2014\/06\/mueller_WALL05_LA14_PA1.jpg?resize=600%2C400&ssl=1","featured_image_src_square":"https:\/\/i0.wp.com\/joyana.fr\/wp-content\/uploads\/2014\/06\/mueller_WALL05_LA14_PA1.jpg?resize=600%2C459&ssl=1","jetpack_featured_media_url":"https:\/\/i0.wp.com\/joyana.fr\/wp-content\/uploads\/2014\/06\/mueller_WALL05_LA14_PA1.jpg?fit=650%2C459&ssl=1","uagb_featured_image_src":{"full":["https:\/\/i0.wp.com\/joyana.fr\/wp-content\/uploads\/2014\/06\/mueller_WALL05_LA14_PA1.jpg?fit=650%2C459&ssl=1",650,459,false],"thumbnail":["https:\/\/i0.wp.com\/joyana.fr\/wp-content\/uploads\/2014\/06\/mueller_WALL05_LA14_PA1.jpg?resize=150%2C150&ssl=1",150,150,true],"medium":["https:\/\/i0.wp.com\/joyana.fr\/wp-content\/uploads\/2014\/06\/mueller_WALL05_LA14_PA1.jpg?fit=389%2C275&ssl=1",389,275,true],"medium_large":["https:\/\/i0.wp.com\/joyana.fr\/wp-content\/uploads\/2014\/06\/mueller_WALL05_LA14_PA1.jpg?fit=650%2C459&ssl=1",650,459,true],"large":["https:\/\/i0.wp.com\/joyana.fr\/wp-content\/uploads\/2014\/06\/mueller_WALL05_LA14_PA1.jpg?fit=650%2C459&ssl=1",650,459,true],"1536x1536":["https:\/\/i0.wp.com\/joyana.fr\/wp-content\/uploads\/2014\/06\/mueller_WALL05_LA14_PA1.jpg?fit=650%2C459&ssl=1",650,459,true],"2048x2048":["https:\/\/i0.wp.com\/joyana.fr\/wp-content\/uploads\/2014\/06\/mueller_WALL05_LA14_PA1.jpg?fit=650%2C459&ssl=1",650,459,true],"featured-thumb":["https:\/\/i0.wp.com\/joyana.fr\/wp-content\/uploads\/2014\/06\/mueller_WALL05_LA14_PA1.jpg?resize=650%2C459&ssl=1",650,459,true],"ab-block-post-grid-landscape":["https:\/\/i0.wp.com\/joyana.fr\/wp-content\/uploads\/2014\/06\/mueller_WALL05_LA14_PA1.jpg?resize=600%2C400&ssl=1",600,400,true],"ab-block-post-grid-square":["https:\/\/i0.wp.com\/joyana.fr\/wp-content\/uploads\/2014\/06\/mueller_WALL05_LA14_PA1.jpg?resize=600%2C459&ssl=1",600,459,true],"author-pro-image":["https:\/\/i0.wp.com\/joyana.fr\/wp-content\/uploads\/2014\/06\/mueller_WALL05_LA14_PA1.jpg?resize=360%2C459&ssl=1",360,459,true],"slider":["https:\/\/i0.wp.com\/joyana.fr\/wp-content\/uploads\/2014\/06\/mueller_WALL05_LA14_PA1.jpg?resize=650%2C400&ssl=1",650,400,true],"woocommerce_thumbnail":["https:\/\/i0.wp.com\/joyana.fr\/wp-content\/uploads\/2014\/06\/mueller_WALL05_LA14_PA1.jpg?resize=450%2C450&ssl=1",450,450,true],"woocommerce_single":["https:\/\/i0.wp.com\/joyana.fr\/wp-content\/uploads\/2014\/06\/mueller_WALL05_LA14_PA1.jpg?fit=650%2C459&ssl=1",650,459,true],"woocommerce_gallery_thumbnail":["https:\/\/i0.wp.com\/joyana.fr\/wp-content\/uploads\/2014\/06\/mueller_WALL05_LA14_PA1.jpg?resize=180%2C180&ssl=1",180,180,true],"sow-carousel-default":["https:\/\/i0.wp.com\/joyana.fr\/wp-content\/uploads\/2014\/06\/mueller_WALL05_LA14_PA1.jpg?resize=272%2C182&ssl=1",272,182,true]},"uagb_author_info":{"display_name":"Jo Yana","author_link":"https:\/\/joyana.fr\/ja\/author\/joyana\/"},"uagb_comment_info":3,"uagb_excerpt":"On aime les biblioth\u00e8ques modulables WALL, sign\u00e9es par &hellip;","coauthors":[],"tax_additional":{"categories":{"linked":["<a href=\"https:\/\/joyana.fr\/ja\/category\/deco-design\/mobilier\/bibliotheque\/\" class=\"advgb-post-tax-term\">Biblioth\u00e8que<\/a>","<a href=\"https:\/\/joyana.fr\/ja\/category\/deco-design\/\" class=\"advgb-post-tax-term\">DECO-DESIGN<\/a>","<a href=\"https:\/\/joyana.fr\/ja\/category\/deco-design\/mobilier\/\" class=\"advgb-post-tax-term\">Mobilier<\/a>"],"unlinked":["<span class=\"advgb-post-tax-term\">Biblioth\u00e8que<\/span>","<span class=\"advgb-post-tax-term\">DECO-DESIGN<\/span>","<span class=\"advgb-post-tax-term\">Mobilier<\/span>"]},"tags":{"linked":["<a href=\"https:\/\/joyana.fr\/ja\/category\/deco-design\/mobilier\/\" class=\"advgb-post-tax-term\">Biblioth\u00e8que design<\/a>","<a href=\"https:\/\/joyana.fr\/ja\/category\/deco-design\/mobilier\/\" class=\"advgb-post-tax-term\">Jan ARMGARDT<\/a>","<a href=\"https:\/\/joyana.fr\/ja\/category\/deco-design\/mobilier\/\" class=\"advgb-post-tax-term\">Mobilier modulable<\/a>","<a href=\"https:\/\/joyana.fr\/ja\/category\/deco-design\/mobilier\/\" class=\"advgb-post-tax-term\">M\u00fcller<\/a>"],"unlinked":["<span class=\"advgb-post-tax-term\">Biblioth\u00e8que design<\/span>","<span class=\"advgb-post-tax-term\">Jan ARMGARDT<\/span>","<span class=\"advgb-post-tax-term\">Mobilier modulable<\/span>","<span class=\"advgb-post-tax-term\">M\u00fcller<\/span>"]}},"comment_count":3,"relative_dates":{"created":"Posted 12\u5e74 ago","modified":"Updated 12\u5e74 ago"},"absolute_dates":{"created":"Posted on 25 6\u6708 2014","modified":"Updated on 25 6\u6708 2014"},"absolute_dates_time":{"created":"Posted on 25 6\u6708 2014 19:23","modified":"Updated on 25 6\u6708 2014 19:23"},"featured_img_caption":"","series_order":"","jetpack_sharing_enabled":true,"jetpack_shortlink":"https:\/\/wp.me\/p9bteI-uBC","jetpack-related-posts":[],"_links":{"self":[{"href":"https:\/\/joyana.fr\/ja\/wp-json\/wp\/v2\/posts\/117652","targetHints":{"allow":["GET"]}}],"collection":[{"href":"https:\/\/joyana.fr\/ja\/wp-json\/wp\/v2\/posts"}],"about":[{"href":"https:\/\/joyana.fr\/ja\/wp-json\/wp\/v2\/types\/post"}],"author":[{"embeddable":true,"href":"https:\/\/joyana.fr\/ja\/wp-json\/wp\/v2\/users\/3"}],"replies":[{"embeddable":true,"href":"https:\/\/joyana.fr\/ja\/wp-json\/wp\/v2\/comments?post=117652"}],"version-history":[{"count":0,"href":"https:\/\/joyana.fr\/ja\/wp-json\/wp\/v2\/posts\/117652\/revisions"}],"wp:featuredmedia":[{"embeddable":true,"href":"https:\/\/joyana.fr\/ja\/wp-json\/wp\/v2\/media\/117665"}],"wp:attachment":[{"href":"https:\/\/joyana.fr\/ja\/wp-json\/wp\/v2\/media?parent=117652"}],"wp:term":[{"taxonomy":"category","embeddable":true,"href":"https:\/\/joyana.fr\/ja\/wp-json\/wp\/v2\/categories?post=117652"},{"taxonomy":"post_tag","embeddable":true,"href":"https:\/\/joyana.fr\/ja\/wp-json\/wp\/v2\/tags?post=117652"}],"curies":[{"name":"wp","href":"https:\/\/api.w.org\/{rel}","templated":true}]}}