{"id":118275,"date":"2014-09-11T18:23:29","date_gmt":"2014-09-11T17:23:29","guid":{"rendered":"https:\/\/joyana.fr\/?p=18275"},"modified":"2014-09-11T18:23:29","modified_gmt":"2014-09-11T17:23:29","slug":"tables-basil-arthur-leitner-x-petite-friture-mo14","status":"publish","type":"post","link":"https:\/\/joyana.fr\/ja\/tables-basil-arthur-leitner-x-petite-friture-mo14\/118275\/","title":{"rendered":"Tables BASIL par Arthur LEITNER x PETITE FRITURE &#8211; #MO14"},"content":{"rendered":"<p style=\"text-align: justify;\">Coup de coeur pour les lignes l\u00e9g\u00e8res et a\u00e9riennes des <strong>tables d&#8217;appoint BASIL<\/strong>, rep\u00e9r\u00e9es sur le stand de <strong>PETITE FRITURE<\/strong> \u00e0 <a title=\"MAISON &amp; OBJET \" href=\"https:\/\/joyana.fr\/category\/actualite\/salon\/maison-et-objet\/\" target=\"_blank\"><strong>Maison &amp; Objet<\/strong><\/a>&#8230;<\/p>\n<p><a href=\"https:\/\/i0.wp.com\/joyana.fr\/wp-content\/uploads\/2014\/09\/basil-087.jpg?ssl=1\"><img data-recalc-dims=\"1\" fetchpriority=\"high\" decoding=\"async\" class=\"alignnone size-full wp-image-18276\" src=\"https:\/\/i0.wp.com\/joyana.fr\/wp-content\/uploads\/2014\/09\/basil-087.jpg?resize=650%2C556&#038;ssl=1\" alt=\"basil 087\" width=\"650\" height=\"556\" \/><\/a><\/p>\n<p style=\"text-align: justify;\"><em>Les <strong>tables d\u2019appoint BASIL<\/strong> sont n\u00e9es de l\u2019envie d\u2019<strong>Arthur Leitner<\/strong> d\u2019utiliser les qualit\u00e9s naturelles du li\u00e8ge. Il associe la solidit\u00e9 et la l\u00e9g\u00e8ret\u00e9 d\u2019une structure en acier \u00e0 un plateau au volume g\u00e9om\u00e9trique en li\u00e8ge (sph\u00e8re, pyramide et trap\u00e8ze). Sa simplicit\u00e9 esth\u00e9tique conf\u00e8re \u00e0 l\u2019objet toute sa force et c\u2019est sans complexe que <strong>BASIL<\/strong> passe d\u2019une table d\u2019appoint en bout de canap\u00e9, \u00e0 une table de chevet dans une chambre.<\/em><\/p>\n<p style=\"text-align: justify;\"><em>&#8220;Basil est n\u00e9 de l&#8217;envie d\u2019utiliser les qualit\u00e9s naturelles du li\u00e8ge et abouti \u00e0 un ensemble de tables d\u2019appoint. Un jeu s\u2019op\u00e8re entre la structure a\u00e9rienne et le volume du plateau en li\u00e8ge. La forme \u00e9l\u00e9mentaire de ce dernier contribue \u00e0 une esth\u00e9tique simple qui tend \u00e0 se d\u00e9barrasser du superflu&#8221;.<\/em> <strong>Arthur Leitner<\/strong><\/p>\n<p><a href=\"https:\/\/i0.wp.com\/joyana.fr\/wp-content\/uploads\/2014\/09\/basil-DSC06089.jpg?ssl=1\"><img data-recalc-dims=\"1\" decoding=\"async\" class=\"alignnone size-full wp-image-18278\" src=\"https:\/\/i0.wp.com\/joyana.fr\/wp-content\/uploads\/2014\/09\/basil-DSC06089.jpg?resize=650%2C459&#038;ssl=1\" alt=\"basil DSC06089\" width=\"650\" height=\"459\" \/><\/a><\/p>\n<p><a href=\"https:\/\/i0.wp.com\/joyana.fr\/wp-content\/uploads\/2014\/09\/basil-DSC06091.jpg?ssl=1\"><img data-recalc-dims=\"1\" decoding=\"async\" class=\"alignnone size-full wp-image-18279\" src=\"https:\/\/i0.wp.com\/joyana.fr\/wp-content\/uploads\/2014\/09\/basil-DSC06091.jpg?resize=650%2C433&#038;ssl=1\" alt=\"basil DSC06091\" width=\"650\" height=\"433\" \/><\/a><\/p>\n<p><a href=\"https:\/\/i0.wp.com\/joyana.fr\/wp-content\/uploads\/2014\/09\/basil_sidetable_compo_w1024_h768_r6_q92_bcFFF.jpg?ssl=1\"><img data-recalc-dims=\"1\" loading=\"lazy\" decoding=\"async\" class=\"alignnone size-full wp-image-18280\" src=\"https:\/\/i0.wp.com\/joyana.fr\/wp-content\/uploads\/2014\/09\/basil_sidetable_compo_w1024_h768_r6_q92_bcFFF.jpg?resize=1024%2C768&#038;ssl=1\" alt=\"basil_sidetable_compo_w1024_h768_r6_q92_bcFFF\" width=\"1024\" height=\"768\" \/><\/a><\/p>\n<p style=\"text-align: center;\"><a href=\"https:\/\/i0.wp.com\/joyana.fr\/wp-content\/uploads\/2014\/09\/basil-tables-d-appoint_cre_udit_ola-rindal_w1024_h768_r6_q92_bcFFF1.jpg?ssl=1\"><img data-recalc-dims=\"1\" loading=\"lazy\" decoding=\"async\" class=\"alignnone size-full wp-image-18283\" src=\"https:\/\/i0.wp.com\/joyana.fr\/wp-content\/uploads\/2014\/09\/basil-tables-d-appoint_cre_udit_ola-rindal_w1024_h768_r6_q92_bcFFF1.jpg?resize=1024%2C675&#038;ssl=1\" alt=\"basil-tables-d-appoint_cre_udit_ola-rindal_w1024_h768_r6_q92_bcFFF\" width=\"1024\" height=\"675\" \/><\/a><\/p>\n<p style=\"text-align: center;\">En savoir + sur <strong><a href=\"http:\/\/www.petitefriture.com\/\" target=\"_blank\">PETITE FRITURE<\/a><\/strong><\/p>\n","protected":false},"excerpt":{"rendered":"<p>Coup de coeur pour les lignes l\u00e9g\u00e8res et a\u00e9riennes des tables d&#8217;appoint BASIL, rep\u00e9r\u00e9es sur le stand de  [&hellip;]<\/p>\n","protected":false},"author":3,"featured_media":118277,"comment_status":"open","ping_status":"open","sticky":false,"template":"","format":"aside","meta":{"_coblocks_attr":"","_coblocks_dimensions":"","_coblocks_responsive_height":"","_coblocks_accordion_ie_support":"","_uag_custom_page_level_css":"","advgb_blocks_editor_width":"","advgb_blocks_columns_visual_guide":"","_genesis_hide_title":false,"_genesis_hide_breadcrumbs":false,"_genesis_hide_singular_image":false,"_genesis_hide_footer_widgets":false,"_genesis_custom_body_class":"","_genesis_custom_post_class":"","_genesis_layout":"","_themeisle_gutenberg_block_has_review":false,"_jetpack_newsletter_access":"","_jetpack_dont_email_post_to_subs":false,"_jetpack_newsletter_tier_id":0,"_jetpack_memberships_contains_paywalled_content":false,"_jetpack_memberships_contains_paid_content":false,"footnotes":""},"categories":[905,961,942,944],"tags":[1616,1814,1807,1815,1067],"class_list":{"0":"post-118275","1":"post","2":"type-post","3":"status-publish","4":"format-aside","5":"has-post-thumbnail","7":"category-deco-design","8":"category-maison-et-objet","9":"category-mobilier","10":"category-table","11":"tag-mo14","12":"tag-arthur-leitner","13":"tag-maison-objet-septembre-2014","14":"tag-petite-friture","15":"tag-table-basse-design","16":"post_format-post-format-aside","17":"entry"},"featured_image_urls":{"full":["https:\/\/i0.wp.com\/joyana.fr\/wp-content\/uploads\/2014\/09\/basil-DSC06086.jpg?fit=650%2C543&ssl=1",650,543,false],"thumbnail":["https:\/\/i0.wp.com\/joyana.fr\/wp-content\/uploads\/2014\/09\/basil-DSC06086.jpg?resize=150%2C150&ssl=1",150,150,true],"medium":["https:\/\/i0.wp.com\/joyana.fr\/wp-content\/uploads\/2014\/09\/basil-DSC06086.jpg?fit=389%2C325&ssl=1",389,325,true],"medium_large":["https:\/\/i0.wp.com\/joyana.fr\/wp-content\/uploads\/2014\/09\/basil-DSC06086.jpg?fit=650%2C543&ssl=1",650,543,true],"large":["https:\/\/i0.wp.com\/joyana.fr\/wp-content\/uploads\/2014\/09\/basil-DSC06086.jpg?fit=650%2C543&ssl=1",650,543,true],"1536x1536":["https:\/\/i0.wp.com\/joyana.fr\/wp-content\/uploads\/2014\/09\/basil-DSC06086.jpg?fit=650%2C543&ssl=1",650,543,true],"2048x2048":["https:\/\/i0.wp.com\/joyana.fr\/wp-content\/uploads\/2014\/09\/basil-DSC06086.jpg?fit=650%2C543&ssl=1",650,543,true],"featured-thumb":["https:\/\/i0.wp.com\/joyana.fr\/wp-content\/uploads\/2014\/09\/basil-DSC06086.jpg?resize=650%2C543&ssl=1",650,543,true],"ab-block-post-grid-landscape":["https:\/\/i0.wp.com\/joyana.fr\/wp-content\/uploads\/2014\/09\/basil-DSC06086.jpg?resize=600%2C400&ssl=1",600,400,true],"ab-block-post-grid-square":["https:\/\/i0.wp.com\/joyana.fr\/wp-content\/uploads\/2014\/09\/basil-DSC06086.jpg?resize=600%2C543&ssl=1",600,543,true],"author-pro-image":["https:\/\/i0.wp.com\/joyana.fr\/wp-content\/uploads\/2014\/09\/basil-DSC06086.jpg?resize=360%2C543&ssl=1",360,543,true],"slider":["https:\/\/i0.wp.com\/joyana.fr\/wp-content\/uploads\/2014\/09\/basil-DSC06086.jpg?resize=650%2C400&ssl=1",650,400,true],"woocommerce_thumbnail":["https:\/\/i0.wp.com\/joyana.fr\/wp-content\/uploads\/2014\/09\/basil-DSC06086.jpg?resize=450%2C450&ssl=1",450,450,true],"woocommerce_single":["https:\/\/i0.wp.com\/joyana.fr\/wp-content\/uploads\/2014\/09\/basil-DSC06086.jpg?fit=650%2C543&ssl=1",650,543,true],"woocommerce_gallery_thumbnail":["https:\/\/i0.wp.com\/joyana.fr\/wp-content\/uploads\/2014\/09\/basil-DSC06086.jpg?resize=180%2C180&ssl=1",180,180,true],"sow-carousel-default":["https:\/\/i0.wp.com\/joyana.fr\/wp-content\/uploads\/2014\/09\/basil-DSC06086.jpg?resize=272%2C182&ssl=1",272,182,true]},"post_excerpt_stackable":"<p>Coup de coeur pour les lignes l\u00e9g\u00e8res et a\u00e9riennes des tables d&#8217;appoint BASIL, rep\u00e9r\u00e9es sur le&hellip;<\/p>\n","category_list":"<a href=\"https:\/\/joyana.fr\/ja\/category\/deco-design\/\" rel=\"category tag\">DECO-DESIGN<\/a>, <a href=\"https:\/\/joyana.fr\/ja\/category\/deco-design\/actualite\/salon\/maison-et-objet\/\" rel=\"category tag\">MAISON &amp; OBJET<\/a>, <a href=\"https:\/\/joyana.fr\/ja\/category\/deco-design\/mobilier\/\" rel=\"category tag\">Mobilier<\/a>, <a href=\"https:\/\/joyana.fr\/ja\/category\/deco-design\/mobilier\/table\/\" rel=\"category tag\">Table<\/a>","author_info":{"display_name":"Jo Yana","author_link":"https:\/\/joyana.fr\/ja\/author\/joyana\/"},"comments_num":"0 comments","featured_image_urls_v2":{"full":["https:\/\/i0.wp.com\/joyana.fr\/wp-content\/uploads\/2014\/09\/basil-DSC06086.jpg?fit=650%2C543&ssl=1",650,543,false],"thumbnail":["https:\/\/i0.wp.com\/joyana.fr\/wp-content\/uploads\/2014\/09\/basil-DSC06086.jpg?resize=150%2C150&ssl=1",150,150,true],"medium":["https:\/\/i0.wp.com\/joyana.fr\/wp-content\/uploads\/2014\/09\/basil-DSC06086.jpg?fit=389%2C325&ssl=1",389,325,true],"medium_large":["https:\/\/i0.wp.com\/joyana.fr\/wp-content\/uploads\/2014\/09\/basil-DSC06086.jpg?fit=650%2C543&ssl=1",650,543,true],"large":["https:\/\/i0.wp.com\/joyana.fr\/wp-content\/uploads\/2014\/09\/basil-DSC06086.jpg?fit=650%2C543&ssl=1",650,543,true],"1536x1536":["https:\/\/i0.wp.com\/joyana.fr\/wp-content\/uploads\/2014\/09\/basil-DSC06086.jpg?fit=650%2C543&ssl=1",650,543,true],"2048x2048":["https:\/\/i0.wp.com\/joyana.fr\/wp-content\/uploads\/2014\/09\/basil-DSC06086.jpg?fit=650%2C543&ssl=1",650,543,true],"featured-thumb":["https:\/\/i0.wp.com\/joyana.fr\/wp-content\/uploads\/2014\/09\/basil-DSC06086.jpg?resize=650%2C543&ssl=1",650,543,true],"ab-block-post-grid-landscape":["https:\/\/i0.wp.com\/joyana.fr\/wp-content\/uploads\/2014\/09\/basil-DSC06086.jpg?resize=600%2C400&ssl=1",600,400,true],"ab-block-post-grid-square":["https:\/\/i0.wp.com\/joyana.fr\/wp-content\/uploads\/2014\/09\/basil-DSC06086.jpg?resize=600%2C543&ssl=1",600,543,true],"author-pro-image":["https:\/\/i0.wp.com\/joyana.fr\/wp-content\/uploads\/2014\/09\/basil-DSC06086.jpg?resize=360%2C543&ssl=1",360,543,true],"slider":["https:\/\/i0.wp.com\/joyana.fr\/wp-content\/uploads\/2014\/09\/basil-DSC06086.jpg?resize=650%2C400&ssl=1",650,400,true],"woocommerce_thumbnail":["https:\/\/i0.wp.com\/joyana.fr\/wp-content\/uploads\/2014\/09\/basil-DSC06086.jpg?resize=450%2C450&ssl=1",450,450,true],"woocommerce_single":["https:\/\/i0.wp.com\/joyana.fr\/wp-content\/uploads\/2014\/09\/basil-DSC06086.jpg?fit=650%2C543&ssl=1",650,543,true],"woocommerce_gallery_thumbnail":["https:\/\/i0.wp.com\/joyana.fr\/wp-content\/uploads\/2014\/09\/basil-DSC06086.jpg?resize=180%2C180&ssl=1",180,180,true],"sow-carousel-default":["https:\/\/i0.wp.com\/joyana.fr\/wp-content\/uploads\/2014\/09\/basil-DSC06086.jpg?resize=272%2C182&ssl=1",272,182,true]},"post_excerpt_stackable_v2":"<p>Coup de coeur pour les lignes l\u00e9g\u00e8res et a\u00e9riennes des tables d&#8217;appoint BASIL, rep\u00e9r\u00e9es sur le&hellip;<\/p>\n","category_list_v2":"<a href=\"https:\/\/joyana.fr\/ja\/category\/deco-design\/\" rel=\"category tag\">DECO-DESIGN<\/a>, <a href=\"https:\/\/joyana.fr\/ja\/category\/deco-design\/actualite\/salon\/maison-et-objet\/\" rel=\"category tag\">MAISON &amp; OBJET<\/a>, <a href=\"https:\/\/joyana.fr\/ja\/category\/deco-design\/mobilier\/\" rel=\"category tag\">Mobilier<\/a>, <a href=\"https:\/\/joyana.fr\/ja\/category\/deco-design\/mobilier\/table\/\" rel=\"category tag\">Table<\/a>","author_info_v2":{"name":"Jo Yana","url":"https:\/\/joyana.fr\/ja\/author\/joyana\/"},"comments_num_v2":"0 comments","yoast_head":"<!-- This site is optimized with the Yoast SEO plugin v26.8 - https:\/\/yoast.com\/product\/yoast-seo-wordpress\/ -->\n<title>Tables BASIL par Arthur LEITNER x PETITE FRITURE - #MO14 - JO YANA<\/title>\n<meta name=\"robots\" content=\"index, follow, max-snippet:-1, max-image-preview:large, max-video-preview:-1\" \/>\n<link rel=\"canonical\" href=\"https:\/\/www.joyana.fr\/en\/tables-basil-arthur-leitner-x-petite-friture-mo14\/118275\/\" \/>\n<meta property=\"og:locale\" content=\"ja_JP\" \/>\n<meta property=\"og:locale:alternate\" content=\"fr_FR\" \/>\n<meta property=\"og:locale:alternate\" content=\"en_US\" \/>\n<meta property=\"og:type\" content=\"article\" \/>\n<meta property=\"og:title\" content=\"Tables BASIL par Arthur LEITNER x PETITE FRITURE - #MO14 - JO YANA\" \/>\n<meta property=\"og:description\" content=\"Coup de coeur pour les lignes l\u00e9g\u00e8res et a\u00e9riennes des tables d&#8217;appoint BASIL, rep\u00e9r\u00e9es sur le stand de [&hellip;]\" \/>\n<meta property=\"og:url\" content=\"https:\/\/joyana.fr\/ja\/tables-basil-arthur-leitner-x-petite-friture-mo14\/118275\/\" \/>\n<meta property=\"og:site_name\" content=\"JO YANA\" \/>\n<meta property=\"article:published_time\" content=\"2014-09-11T17:23:29+00:00\" \/>\n<meta property=\"og:image\" content=\"https:\/\/www.joyana.fr\/wp-content\/uploads\/2014\/09\/basil-DSC06086.jpg\" \/>\n\t<meta property=\"og:image:width\" content=\"650\" \/>\n\t<meta property=\"og:image:height\" content=\"543\" \/>\n\t<meta property=\"og:image:type\" content=\"image\/jpeg\" \/>\n<meta name=\"author\" content=\"Jo Yana\" \/>\n<meta name=\"twitter:card\" content=\"summary_large_image\" \/>\n<meta name=\"twitter:creator\" content=\"@Jo_Yana\" \/>\n<meta name=\"twitter:site\" content=\"@Jo_Yana\" \/>\n<meta name=\"twitter:label1\" content=\"\u57f7\u7b46\u8005\" \/>\n\t<meta name=\"twitter:data1\" content=\"Jo Yana\" \/>\n\t<meta name=\"twitter:label2\" content=\"\u63a8\u5b9a\u8aad\u307f\u53d6\u308a\u6642\u9593\" \/>\n\t<meta name=\"twitter:data2\" content=\"1\u5206\" \/>\n<script type=\"application\/ld+json\" class=\"yoast-schema-graph\">{\"@context\":\"https:\/\/schema.org\",\"@graph\":[{\"@type\":\"Article\",\"@id\":\"https:\/\/www.joyana.fr\/en\/tables-basil-arthur-leitner-x-petite-friture-mo14\/118275\/#article\",\"isPartOf\":{\"@id\":\"https:\/\/www.joyana.fr\/en\/tables-basil-arthur-leitner-x-petite-friture-mo14\/118275\/\"},\"author\":{\"name\":\"Jo Yana\",\"@id\":\"https:\/\/www.joyana.fr\/ja\/#\/schema\/person\/cf2a1ad12a27c12c21801075bf37407c\"},\"headline\":\"Tables BASIL par Arthur LEITNER x PETITE FRITURE &#8211; #MO14\",\"datePublished\":\"2014-09-11T17:23:29+00:00\",\"mainEntityOfPage\":{\"@id\":\"https:\/\/www.joyana.fr\/en\/tables-basil-arthur-leitner-x-petite-friture-mo14\/118275\/\"},\"wordCount\":194,\"commentCount\":0,\"publisher\":{\"@id\":\"https:\/\/www.joyana.fr\/ja\/#\/schema\/person\/cf2a1ad12a27c12c21801075bf37407c\"},\"image\":{\"@id\":\"https:\/\/www.joyana.fr\/en\/tables-basil-arthur-leitner-x-petite-friture-mo14\/118275\/#primaryimage\"},\"thumbnailUrl\":\"https:\/\/i0.wp.com\/joyana.fr\/wp-content\/uploads\/2014\/09\/basil-DSC06086.jpg?fit=650%2C543&ssl=1\",\"keywords\":[\"#MO14\",\"Arthur LEITNER\",\"Maison &amp; Objet - Septembre 2014\",\"PETITE FRITURE\",\"Table Basse design\"],\"articleSection\":[\"DECO-DESIGN\",\"MAISON &amp; OBJET\",\"Mobilier\",\"Table\"],\"inLanguage\":\"ja\",\"potentialAction\":[{\"@type\":\"CommentAction\",\"name\":\"Comment\",\"target\":[\"https:\/\/www.joyana.fr\/en\/tables-basil-arthur-leitner-x-petite-friture-mo14\/118275\/#respond\"]}]},{\"@type\":\"WebPage\",\"@id\":\"https:\/\/www.joyana.fr\/en\/tables-basil-arthur-leitner-x-petite-friture-mo14\/118275\/\",\"url\":\"https:\/\/www.joyana.fr\/en\/tables-basil-arthur-leitner-x-petite-friture-mo14\/118275\/\",\"name\":\"Tables BASIL par Arthur LEITNER x PETITE FRITURE - #MO14 - JO YANA\",\"isPartOf\":{\"@id\":\"https:\/\/www.joyana.fr\/ja\/#website\"},\"primaryImageOfPage\":{\"@id\":\"https:\/\/www.joyana.fr\/en\/tables-basil-arthur-leitner-x-petite-friture-mo14\/118275\/#primaryimage\"},\"image\":{\"@id\":\"https:\/\/www.joyana.fr\/en\/tables-basil-arthur-leitner-x-petite-friture-mo14\/118275\/#primaryimage\"},\"thumbnailUrl\":\"https:\/\/i0.wp.com\/joyana.fr\/wp-content\/uploads\/2014\/09\/basil-DSC06086.jpg?fit=650%2C543&ssl=1\",\"datePublished\":\"2014-09-11T17:23:29+00:00\",\"breadcrumb\":{\"@id\":\"https:\/\/www.joyana.fr\/en\/tables-basil-arthur-leitner-x-petite-friture-mo14\/118275\/#breadcrumb\"},\"inLanguage\":\"ja\",\"potentialAction\":[{\"@type\":\"ReadAction\",\"target\":[\"https:\/\/www.joyana.fr\/en\/tables-basil-arthur-leitner-x-petite-friture-mo14\/118275\/\"]}]},{\"@type\":\"ImageObject\",\"inLanguage\":\"ja\",\"@id\":\"https:\/\/www.joyana.fr\/en\/tables-basil-arthur-leitner-x-petite-friture-mo14\/118275\/#primaryimage\",\"url\":\"https:\/\/i0.wp.com\/joyana.fr\/wp-content\/uploads\/2014\/09\/basil-DSC06086.jpg?fit=650%2C543&ssl=1\",\"contentUrl\":\"https:\/\/i0.wp.com\/joyana.fr\/wp-content\/uploads\/2014\/09\/basil-DSC06086.jpg?fit=650%2C543&ssl=1\",\"width\":650,\"height\":543},{\"@type\":\"BreadcrumbList\",\"@id\":\"https:\/\/www.joyana.fr\/en\/tables-basil-arthur-leitner-x-petite-friture-mo14\/118275\/#breadcrumb\",\"itemListElement\":[{\"@type\":\"ListItem\",\"position\":1,\"name\":\"Accueil\",\"item\":\"https:\/\/www.joyana.fr\/ja\/\"},{\"@type\":\"ListItem\",\"position\":2,\"name\":\"Tables BASIL par Arthur LEITNER x PETITE FRITURE &#8211; #MO14\"}]},{\"@type\":\"WebSite\",\"@id\":\"https:\/\/www.joyana.fr\/ja\/#website\",\"url\":\"https:\/\/www.joyana.fr\/ja\/\",\"name\":\"JO YANA\",\"description\":\"Blog Mode Homme, Lifestyle, D\u00e9co-Design\",\"publisher\":{\"@id\":\"https:\/\/www.joyana.fr\/ja\/#\/schema\/person\/cf2a1ad12a27c12c21801075bf37407c\"},\"potentialAction\":[{\"@type\":\"SearchAction\",\"target\":{\"@type\":\"EntryPoint\",\"urlTemplate\":\"https:\/\/www.joyana.fr\/ja\/?s={search_term_string}\"},\"query-input\":{\"@type\":\"PropertyValueSpecification\",\"valueRequired\":true,\"valueName\":\"search_term_string\"}}],\"inLanguage\":\"ja\"},{\"@type\":[\"Person\",\"Organization\"],\"@id\":\"https:\/\/www.joyana.fr\/ja\/#\/schema\/person\/cf2a1ad12a27c12c21801075bf37407c\",\"name\":\"Jo Yana\",\"image\":{\"@type\":\"ImageObject\",\"inLanguage\":\"ja\",\"@id\":\"https:\/\/www.joyana.fr\/ja\/#\/schema\/person\/image\/\",\"url\":\"https:\/\/i0.wp.com\/joyana.fr\/wp-content\/uploads\/2016\/08\/cropped-joyana-logo-black-360x180.png?fit=343%2C164&ssl=1\",\"contentUrl\":\"https:\/\/i0.wp.com\/joyana.fr\/wp-content\/uploads\/2016\/08\/cropped-joyana-logo-black-360x180.png?fit=343%2C164&ssl=1\",\"width\":343,\"height\":164,\"caption\":\"Jo Yana\"},\"logo\":{\"@id\":\"https:\/\/www.joyana.fr\/ja\/#\/schema\/person\/image\/\"},\"description\":\"Jo Yana est le cr\u00e9ateur et r\u00e9dacteur en chef des sites DECO-DESIGN. Passionn\u00e9 de Design, Mode, Photo, Luxe, Lifestyle, Musique, mais avant tout Blogueur ! Le plaisir de partager l'anime et a comme devise \\\"POUR L'AMOUR DU BEAU\\\". Retrouvez le aussi sur son blog personnel - https:\/\/joyana.fr...\",\"sameAs\":[\"https:\/\/joyana.fr\/\"],\"url\":\"https:\/\/joyana.fr\/ja\/author\/joyana\/\"}]}<\/script>\n<!-- \/ Yoast SEO plugin. -->","yoast_head_json":{"title":"Tables BASIL par Arthur LEITNER x PETITE FRITURE - #MO14 - JO YANA","robots":{"index":"index","follow":"follow","max-snippet":"max-snippet:-1","max-image-preview":"max-image-preview:large","max-video-preview":"max-video-preview:-1"},"canonical":"https:\/\/www.joyana.fr\/en\/tables-basil-arthur-leitner-x-petite-friture-mo14\/118275\/","og_locale":"ja_JP","og_type":"article","og_title":"Tables BASIL par Arthur LEITNER x PETITE FRITURE - #MO14 - JO YANA","og_description":"Coup de coeur pour les lignes l\u00e9g\u00e8res et a\u00e9riennes des tables d&#8217;appoint BASIL, rep\u00e9r\u00e9es sur le stand de [&hellip;]","og_url":"https:\/\/joyana.fr\/ja\/tables-basil-arthur-leitner-x-petite-friture-mo14\/118275\/","og_site_name":"JO YANA","article_published_time":"2014-09-11T17:23:29+00:00","og_image":[{"width":650,"height":543,"url":"https:\/\/www.joyana.fr\/wp-content\/uploads\/2014\/09\/basil-DSC06086.jpg","type":"image\/jpeg"}],"author":"Jo Yana","twitter_card":"summary_large_image","twitter_creator":"@Jo_Yana","twitter_site":"@Jo_Yana","twitter_misc":{"\u57f7\u7b46\u8005":"Jo Yana","\u63a8\u5b9a\u8aad\u307f\u53d6\u308a\u6642\u9593":"1\u5206"},"schema":{"@context":"https:\/\/schema.org","@graph":[{"@type":"Article","@id":"https:\/\/www.joyana.fr\/en\/tables-basil-arthur-leitner-x-petite-friture-mo14\/118275\/#article","isPartOf":{"@id":"https:\/\/www.joyana.fr\/en\/tables-basil-arthur-leitner-x-petite-friture-mo14\/118275\/"},"author":{"name":"Jo Yana","@id":"https:\/\/www.joyana.fr\/ja\/#\/schema\/person\/cf2a1ad12a27c12c21801075bf37407c"},"headline":"Tables BASIL par Arthur LEITNER x PETITE FRITURE &#8211; #MO14","datePublished":"2014-09-11T17:23:29+00:00","mainEntityOfPage":{"@id":"https:\/\/www.joyana.fr\/en\/tables-basil-arthur-leitner-x-petite-friture-mo14\/118275\/"},"wordCount":194,"commentCount":0,"publisher":{"@id":"https:\/\/www.joyana.fr\/ja\/#\/schema\/person\/cf2a1ad12a27c12c21801075bf37407c"},"image":{"@id":"https:\/\/www.joyana.fr\/en\/tables-basil-arthur-leitner-x-petite-friture-mo14\/118275\/#primaryimage"},"thumbnailUrl":"https:\/\/i0.wp.com\/joyana.fr\/wp-content\/uploads\/2014\/09\/basil-DSC06086.jpg?fit=650%2C543&ssl=1","keywords":["#MO14","Arthur LEITNER","Maison &amp; Objet - Septembre 2014","PETITE FRITURE","Table Basse design"],"articleSection":["DECO-DESIGN","MAISON &amp; OBJET","Mobilier","Table"],"inLanguage":"ja","potentialAction":[{"@type":"CommentAction","name":"Comment","target":["https:\/\/www.joyana.fr\/en\/tables-basil-arthur-leitner-x-petite-friture-mo14\/118275\/#respond"]}]},{"@type":"WebPage","@id":"https:\/\/www.joyana.fr\/en\/tables-basil-arthur-leitner-x-petite-friture-mo14\/118275\/","url":"https:\/\/www.joyana.fr\/en\/tables-basil-arthur-leitner-x-petite-friture-mo14\/118275\/","name":"Tables BASIL par Arthur LEITNER x PETITE FRITURE - #MO14 - JO YANA","isPartOf":{"@id":"https:\/\/www.joyana.fr\/ja\/#website"},"primaryImageOfPage":{"@id":"https:\/\/www.joyana.fr\/en\/tables-basil-arthur-leitner-x-petite-friture-mo14\/118275\/#primaryimage"},"image":{"@id":"https:\/\/www.joyana.fr\/en\/tables-basil-arthur-leitner-x-petite-friture-mo14\/118275\/#primaryimage"},"thumbnailUrl":"https:\/\/i0.wp.com\/joyana.fr\/wp-content\/uploads\/2014\/09\/basil-DSC06086.jpg?fit=650%2C543&ssl=1","datePublished":"2014-09-11T17:23:29+00:00","breadcrumb":{"@id":"https:\/\/www.joyana.fr\/en\/tables-basil-arthur-leitner-x-petite-friture-mo14\/118275\/#breadcrumb"},"inLanguage":"ja","potentialAction":[{"@type":"ReadAction","target":["https:\/\/www.joyana.fr\/en\/tables-basil-arthur-leitner-x-petite-friture-mo14\/118275\/"]}]},{"@type":"ImageObject","inLanguage":"ja","@id":"https:\/\/www.joyana.fr\/en\/tables-basil-arthur-leitner-x-petite-friture-mo14\/118275\/#primaryimage","url":"https:\/\/i0.wp.com\/joyana.fr\/wp-content\/uploads\/2014\/09\/basil-DSC06086.jpg?fit=650%2C543&ssl=1","contentUrl":"https:\/\/i0.wp.com\/joyana.fr\/wp-content\/uploads\/2014\/09\/basil-DSC06086.jpg?fit=650%2C543&ssl=1","width":650,"height":543},{"@type":"BreadcrumbList","@id":"https:\/\/www.joyana.fr\/en\/tables-basil-arthur-leitner-x-petite-friture-mo14\/118275\/#breadcrumb","itemListElement":[{"@type":"ListItem","position":1,"name":"Accueil","item":"https:\/\/www.joyana.fr\/ja\/"},{"@type":"ListItem","position":2,"name":"Tables BASIL par Arthur LEITNER x PETITE FRITURE &#8211; #MO14"}]},{"@type":"WebSite","@id":"https:\/\/www.joyana.fr\/ja\/#website","url":"https:\/\/www.joyana.fr\/ja\/","name":"JO YANA","description":"Blog Mode Homme, Lifestyle, D\u00e9co-Design","publisher":{"@id":"https:\/\/www.joyana.fr\/ja\/#\/schema\/person\/cf2a1ad12a27c12c21801075bf37407c"},"potentialAction":[{"@type":"SearchAction","target":{"@type":"EntryPoint","urlTemplate":"https:\/\/www.joyana.fr\/ja\/?s={search_term_string}"},"query-input":{"@type":"PropertyValueSpecification","valueRequired":true,"valueName":"search_term_string"}}],"inLanguage":"ja"},{"@type":["Person","Organization"],"@id":"https:\/\/www.joyana.fr\/ja\/#\/schema\/person\/cf2a1ad12a27c12c21801075bf37407c","name":"Jo Yana","image":{"@type":"ImageObject","inLanguage":"ja","@id":"https:\/\/www.joyana.fr\/ja\/#\/schema\/person\/image\/","url":"https:\/\/i0.wp.com\/joyana.fr\/wp-content\/uploads\/2016\/08\/cropped-joyana-logo-black-360x180.png?fit=343%2C164&ssl=1","contentUrl":"https:\/\/i0.wp.com\/joyana.fr\/wp-content\/uploads\/2016\/08\/cropped-joyana-logo-black-360x180.png?fit=343%2C164&ssl=1","width":343,"height":164,"caption":"Jo Yana"},"logo":{"@id":"https:\/\/www.joyana.fr\/ja\/#\/schema\/person\/image\/"},"description":"Jo Yana est le cr\u00e9ateur et r\u00e9dacteur en chef des sites DECO-DESIGN. Passionn\u00e9 de Design, Mode, Photo, Luxe, Lifestyle, Musique, mais avant tout Blogueur ! Le plaisir de partager l'anime et a comme devise \"POUR L'AMOUR DU BEAU\". Retrouvez le aussi sur son blog personnel - https:\/\/joyana.fr...","sameAs":["https:\/\/joyana.fr\/"],"url":"https:\/\/joyana.fr\/ja\/author\/joyana\/"}]}},"author_meta":{"display_name":"Jo Yana","author_link":"https:\/\/joyana.fr\/ja\/author\/joyana\/"},"featured_img":"https:\/\/i0.wp.com\/joyana.fr\/wp-content\/uploads\/2014\/09\/basil-DSC06086.jpg?fit=389%2C325&ssl=1","featured_image_src":"https:\/\/i0.wp.com\/joyana.fr\/wp-content\/uploads\/2014\/09\/basil-DSC06086.jpg?resize=600%2C400&ssl=1","featured_image_src_square":"https:\/\/i0.wp.com\/joyana.fr\/wp-content\/uploads\/2014\/09\/basil-DSC06086.jpg?resize=600%2C543&ssl=1","jetpack_featured_media_url":"https:\/\/i0.wp.com\/joyana.fr\/wp-content\/uploads\/2014\/09\/basil-DSC06086.jpg?fit=650%2C543&ssl=1","uagb_featured_image_src":{"full":["https:\/\/i0.wp.com\/joyana.fr\/wp-content\/uploads\/2014\/09\/basil-DSC06086.jpg?fit=650%2C543&ssl=1",650,543,false],"thumbnail":["https:\/\/i0.wp.com\/joyana.fr\/wp-content\/uploads\/2014\/09\/basil-DSC06086.jpg?resize=150%2C150&ssl=1",150,150,true],"medium":["https:\/\/i0.wp.com\/joyana.fr\/wp-content\/uploads\/2014\/09\/basil-DSC06086.jpg?fit=389%2C325&ssl=1",389,325,true],"medium_large":["https:\/\/i0.wp.com\/joyana.fr\/wp-content\/uploads\/2014\/09\/basil-DSC06086.jpg?fit=650%2C543&ssl=1",650,543,true],"large":["https:\/\/i0.wp.com\/joyana.fr\/wp-content\/uploads\/2014\/09\/basil-DSC06086.jpg?fit=650%2C543&ssl=1",650,543,true],"1536x1536":["https:\/\/i0.wp.com\/joyana.fr\/wp-content\/uploads\/2014\/09\/basil-DSC06086.jpg?fit=650%2C543&ssl=1",650,543,true],"2048x2048":["https:\/\/i0.wp.com\/joyana.fr\/wp-content\/uploads\/2014\/09\/basil-DSC06086.jpg?fit=650%2C543&ssl=1",650,543,true],"featured-thumb":["https:\/\/i0.wp.com\/joyana.fr\/wp-content\/uploads\/2014\/09\/basil-DSC06086.jpg?resize=650%2C543&ssl=1",650,543,true],"ab-block-post-grid-landscape":["https:\/\/i0.wp.com\/joyana.fr\/wp-content\/uploads\/2014\/09\/basil-DSC06086.jpg?resize=600%2C400&ssl=1",600,400,true],"ab-block-post-grid-square":["https:\/\/i0.wp.com\/joyana.fr\/wp-content\/uploads\/2014\/09\/basil-DSC06086.jpg?resize=600%2C543&ssl=1",600,543,true],"author-pro-image":["https:\/\/i0.wp.com\/joyana.fr\/wp-content\/uploads\/2014\/09\/basil-DSC06086.jpg?resize=360%2C543&ssl=1",360,543,true],"slider":["https:\/\/i0.wp.com\/joyana.fr\/wp-content\/uploads\/2014\/09\/basil-DSC06086.jpg?resize=650%2C400&ssl=1",650,400,true],"woocommerce_thumbnail":["https:\/\/i0.wp.com\/joyana.fr\/wp-content\/uploads\/2014\/09\/basil-DSC06086.jpg?resize=450%2C450&ssl=1",450,450,true],"woocommerce_single":["https:\/\/i0.wp.com\/joyana.fr\/wp-content\/uploads\/2014\/09\/basil-DSC06086.jpg?fit=650%2C543&ssl=1",650,543,true],"woocommerce_gallery_thumbnail":["https:\/\/i0.wp.com\/joyana.fr\/wp-content\/uploads\/2014\/09\/basil-DSC06086.jpg?resize=180%2C180&ssl=1",180,180,true],"sow-carousel-default":["https:\/\/i0.wp.com\/joyana.fr\/wp-content\/uploads\/2014\/09\/basil-DSC06086.jpg?resize=272%2C182&ssl=1",272,182,true]},"uagb_author_info":{"display_name":"Jo Yana","author_link":"https:\/\/joyana.fr\/ja\/author\/joyana\/"},"uagb_comment_info":0,"uagb_excerpt":"Coup de coeur pour les lignes l\u00e9g\u00e8res et a\u00e9riennes des &hellip;","coauthors":[],"tax_additional":{"categories":{"linked":["<a href=\"https:\/\/joyana.fr\/ja\/category\/deco-design\/\" class=\"advgb-post-tax-term\">DECO-DESIGN<\/a>","<a href=\"https:\/\/joyana.fr\/ja\/category\/deco-design\/actualite\/salon\/maison-et-objet\/\" class=\"advgb-post-tax-term\">MAISON &amp; OBJET<\/a>","<a href=\"https:\/\/joyana.fr\/ja\/category\/deco-design\/mobilier\/\" class=\"advgb-post-tax-term\">Mobilier<\/a>","<a href=\"https:\/\/joyana.fr\/ja\/category\/deco-design\/mobilier\/table\/\" class=\"advgb-post-tax-term\">Table<\/a>"],"unlinked":["<span class=\"advgb-post-tax-term\">DECO-DESIGN<\/span>","<span class=\"advgb-post-tax-term\">MAISON &amp; OBJET<\/span>","<span class=\"advgb-post-tax-term\">Mobilier<\/span>","<span class=\"advgb-post-tax-term\">Table<\/span>"]},"tags":{"linked":["<a href=\"https:\/\/joyana.fr\/ja\/category\/deco-design\/mobilier\/table\/\" class=\"advgb-post-tax-term\">#MO14<\/a>","<a href=\"https:\/\/joyana.fr\/ja\/category\/deco-design\/mobilier\/table\/\" class=\"advgb-post-tax-term\">Arthur LEITNER<\/a>","<a href=\"https:\/\/joyana.fr\/ja\/category\/deco-design\/mobilier\/table\/\" class=\"advgb-post-tax-term\">Maison &amp; Objet - Septembre 2014<\/a>","<a href=\"https:\/\/joyana.fr\/ja\/category\/deco-design\/mobilier\/table\/\" class=\"advgb-post-tax-term\">PETITE FRITURE<\/a>","<a href=\"https:\/\/joyana.fr\/ja\/category\/deco-design\/mobilier\/table\/\" class=\"advgb-post-tax-term\">Table Basse design<\/a>"],"unlinked":["<span class=\"advgb-post-tax-term\">#MO14<\/span>","<span class=\"advgb-post-tax-term\">Arthur LEITNER<\/span>","<span class=\"advgb-post-tax-term\">Maison &amp; Objet - Septembre 2014<\/span>","<span class=\"advgb-post-tax-term\">PETITE FRITURE<\/span>","<span class=\"advgb-post-tax-term\">Table Basse design<\/span>"]}},"comment_count":0,"relative_dates":{"created":"Posted 12\u5e74 ago","modified":"Updated 12\u5e74 ago"},"absolute_dates":{"created":"Posted on 11 9\u6708 2014","modified":"Updated on 11 9\u6708 2014"},"absolute_dates_time":{"created":"Posted on 11 9\u6708 2014 18:23","modified":"Updated on 11 9\u6708 2014 18:23"},"featured_img_caption":"","series_order":"","jetpack_sharing_enabled":true,"jetpack_shortlink":"https:\/\/wp.me\/p9bteI-uLF","jetpack-related-posts":[],"_links":{"self":[{"href":"https:\/\/joyana.fr\/ja\/wp-json\/wp\/v2\/posts\/118275","targetHints":{"allow":["GET"]}}],"collection":[{"href":"https:\/\/joyana.fr\/ja\/wp-json\/wp\/v2\/posts"}],"about":[{"href":"https:\/\/joyana.fr\/ja\/wp-json\/wp\/v2\/types\/post"}],"author":[{"embeddable":true,"href":"https:\/\/joyana.fr\/ja\/wp-json\/wp\/v2\/users\/3"}],"replies":[{"embeddable":true,"href":"https:\/\/joyana.fr\/ja\/wp-json\/wp\/v2\/comments?post=118275"}],"version-history":[{"count":0,"href":"https:\/\/joyana.fr\/ja\/wp-json\/wp\/v2\/posts\/118275\/revisions"}],"wp:featuredmedia":[{"embeddable":true,"href":"https:\/\/joyana.fr\/ja\/wp-json\/wp\/v2\/media\/118277"}],"wp:attachment":[{"href":"https:\/\/joyana.fr\/ja\/wp-json\/wp\/v2\/media?parent=118275"}],"wp:term":[{"taxonomy":"category","embeddable":true,"href":"https:\/\/joyana.fr\/ja\/wp-json\/wp\/v2\/categories?post=118275"},{"taxonomy":"post_tag","embeddable":true,"href":"https:\/\/joyana.fr\/ja\/wp-json\/wp\/v2\/tags?post=118275"}],"curies":[{"name":"wp","href":"https:\/\/api.w.org\/{rel}","templated":true}]}}