{"id":118655,"date":"2014-10-15T17:15:24","date_gmt":"2014-10-15T16:15:24","guid":{"rendered":"https:\/\/joyana.fr\/?p=18655"},"modified":"2014-10-15T17:15:24","modified_gmt":"2014-10-15T16:15:24","slug":"mobilier-modulaire-laeropostale-ibride","status":"publish","type":"post","link":"https:\/\/joyana.fr\/ja\/mobilier-modulaire-laeropostale-ibride\/118655\/","title":{"rendered":"Mobilier Modulaire L&#8217;AEROPOSTALE par IBRIDE"},"content":{"rendered":"<p style=\"text-align: justify;\">Coup de coeur pour la collection de <strong>mobilier modulaire L&#8217;AEROPOSTALE<\/strong> sign\u00e9 par l&#8217;\u00e9diteur fran\u00e7ais <strong>Ibride<\/strong>. De jolis caissons de rangement aux reliefs fort interessants &#8211; entre fantastique et design, \u00e0 l&#8217;image de ce que propose cette maison d&#8217;\u00e9dition&#8230;<\/p>\n<p><a href=\"https:\/\/i0.wp.com\/joyana.fr\/wp-content\/uploads\/2014\/10\/ibride-Laeropostale-2.jpg?ssl=1\"><img data-recalc-dims=\"1\" fetchpriority=\"high\" decoding=\"async\" class=\"alignnone size-full wp-image-18657\" src=\"https:\/\/i0.wp.com\/joyana.fr\/wp-content\/uploads\/2014\/10\/ibride-Laeropostale-2.jpg?resize=650%2C433&#038;ssl=1\" alt=\"ibride - L'aeropostale - 2\" width=\"650\" height=\"433\" \/><\/a><\/p>\n<p style=\"text-align: justify;\"><strong>L&#8217;AEROPOSTALE<\/strong>, une collection de <strong>mobilier modulaire<\/strong>\u00a0comprenant 5 coffres de hauteurs et de tailles diff\u00e9rentes qu&#8217;il est possible de fixer au mur ou d&#8217;empiler sur une base afin de cr\u00e9er un meuble unique.\u00a0La particularit\u00e9 vient des portes grav\u00e9es de chaque coffre &#8211; un ensemble de bas reliefs d\u2019\u00e9b\u00e8ne, tel un nuancier visuel et tactile, puise son inspiration dans l\u2019observation de paysages vu du ciel, de surfaces min\u00e9rales, v\u00e9g\u00e9tales ou aquatiques devenues abstraites par la distance. Ainsi est n\u00e9e l\u2019id\u00e9e d\u2019un voyage qui vous invite \u00e0 survoler du regard immensit\u00e9s d\u00e9sertiques, ou vertigineuses cha\u00eenes de montagnes&#8230;<\/p>\n<p><a href=\"https:\/\/i0.wp.com\/joyana.fr\/wp-content\/uploads\/2014\/10\/ibride-Laeropostale-4.jpg?ssl=1\"><img data-recalc-dims=\"1\" decoding=\"async\" class=\"alignnone size-full wp-image-18659\" src=\"https:\/\/i0.wp.com\/joyana.fr\/wp-content\/uploads\/2014\/10\/ibride-Laeropostale-4.jpg?resize=945%2C630&#038;ssl=1\" alt=\"ibride - L'aeropostale - 4\" width=\"945\" height=\"630\" \/><\/a><\/p>\n<p><a href=\"https:\/\/i0.wp.com\/joyana.fr\/wp-content\/uploads\/2014\/10\/ibride-Laeropostale-5.jpg?ssl=1\"><img data-recalc-dims=\"1\" decoding=\"async\" class=\"alignnone size-full wp-image-18660\" src=\"https:\/\/i0.wp.com\/joyana.fr\/wp-content\/uploads\/2014\/10\/ibride-Laeropostale-5.jpg?resize=650%2C975&#038;ssl=1\" alt=\"ibride - L'aeropostale - 5\" width=\"650\" height=\"975\" \/><\/a><\/p>\n\n<p><a href=\"https:\/\/i0.wp.com\/joyana.fr\/wp-content\/uploads\/2014\/10\/L_AEROPOSTALE-1.jpg?ssl=1\"><img data-recalc-dims=\"1\" loading=\"lazy\" decoding=\"async\" class=\"alignnone size-full wp-image-18664\" src=\"https:\/\/i0.wp.com\/joyana.fr\/wp-content\/uploads\/2014\/10\/L_AEROPOSTALE-1.jpg?resize=650%2C433&#038;ssl=1\" alt=\"L_AEROPOSTALE-1\" width=\"650\" height=\"433\" \/><\/a><\/p>\n<p style=\"text-align: center;\">En savoir + sur <a href=\"http:\/\/www.ibride.fr\" target=\"_blank\"><strong>IBRIDE<\/strong><\/a><\/p>\n","protected":false},"excerpt":{"rendered":"<p>Coup de coeur pour la collection de mobilier modulaire L&#8217;AEROPOSTALE sign\u00e9 par l&#8217;\u00e9diteur fran\u00e7ais Ibride. De jolis caissons de rangement aux reliefs fort interessants &#8211; entre fantastique et design, \u00e0 l&#8217;image de ce que propose cette maison d&#8217;\u00e9dition&#8230;<\/p>\n","protected":false},"author":3,"featured_media":118671,"comment_status":"open","ping_status":"open","sticky":false,"template":"","format":"aside","meta":{"_coblocks_attr":"","_coblocks_dimensions":"","_coblocks_responsive_height":"","_coblocks_accordion_ie_support":"","_uag_custom_page_level_css":"","advgb_blocks_editor_width":"","advgb_blocks_columns_visual_guide":"","_genesis_hide_title":false,"_genesis_hide_breadcrumbs":false,"_genesis_hide_singular_image":false,"_genesis_hide_footer_widgets":false,"_genesis_custom_body_class":"","_genesis_custom_post_class":"","_genesis_layout":"","_themeisle_gutenberg_block_has_review":false,"_jetpack_newsletter_access":"","_jetpack_dont_email_post_to_subs":false,"_jetpack_newsletter_tier_id":0,"_jetpack_memberships_contains_paywalled_content":false,"_jetpack_memberships_contains_paid_content":false,"footnotes":""},"categories":[905,942,974],"tags":[1843,1359,910,1055,1461],"class_list":{"0":"post-118655","1":"post","2":"type-post","3":"status-publish","4":"format-aside","5":"has-post-thumbnail","7":"category-deco-design","8":"category-mobilier","9":"category-mobilier-modulaire","10":"tag-ibride","11":"tag-mobilier-modulable","12":"tag-noir","13":"tag-rangement","14":"tag-rangements-design","15":"post_format-post-format-aside","16":"entry"},"featured_image_urls":{"full":["https:\/\/i0.wp.com\/joyana.fr\/wp-content\/uploads\/2014\/10\/ibride-Laeropostale-71.jpg?fit=692%2C669&ssl=1",692,669,false],"thumbnail":["https:\/\/i0.wp.com\/joyana.fr\/wp-content\/uploads\/2014\/10\/ibride-Laeropostale-71.jpg?resize=150%2C150&ssl=1",150,150,true],"medium":["https:\/\/i0.wp.com\/joyana.fr\/wp-content\/uploads\/2014\/10\/ibride-Laeropostale-71.jpg?fit=389%2C376&ssl=1",389,376,true],"medium_large":["https:\/\/i0.wp.com\/joyana.fr\/wp-content\/uploads\/2014\/10\/ibride-Laeropostale-71.jpg?fit=692%2C669&ssl=1",692,669,true],"large":["https:\/\/i0.wp.com\/joyana.fr\/wp-content\/uploads\/2014\/10\/ibride-Laeropostale-71.jpg?fit=692%2C669&ssl=1",692,669,true],"1536x1536":["https:\/\/i0.wp.com\/joyana.fr\/wp-content\/uploads\/2014\/10\/ibride-Laeropostale-71.jpg?fit=692%2C669&ssl=1",692,669,true],"2048x2048":["https:\/\/i0.wp.com\/joyana.fr\/wp-content\/uploads\/2014\/10\/ibride-Laeropostale-71.jpg?fit=692%2C669&ssl=1",692,669,true],"featured-thumb":["https:\/\/i0.wp.com\/joyana.fr\/wp-content\/uploads\/2014\/10\/ibride-Laeropostale-71.jpg?resize=692%2C669&ssl=1",692,669,true],"ab-block-post-grid-landscape":["https:\/\/i0.wp.com\/joyana.fr\/wp-content\/uploads\/2014\/10\/ibride-Laeropostale-71.jpg?resize=600%2C400&ssl=1",600,400,true],"ab-block-post-grid-square":["https:\/\/i0.wp.com\/joyana.fr\/wp-content\/uploads\/2014\/10\/ibride-Laeropostale-71.jpg?resize=600%2C600&ssl=1",600,600,true],"author-pro-image":["https:\/\/i0.wp.com\/joyana.fr\/wp-content\/uploads\/2014\/10\/ibride-Laeropostale-71.jpg?resize=360%2C570&ssl=1",360,570,true],"slider":["https:\/\/i0.wp.com\/joyana.fr\/wp-content\/uploads\/2014\/10\/ibride-Laeropostale-71.jpg?resize=692%2C400&ssl=1",692,400,true],"woocommerce_thumbnail":["https:\/\/i0.wp.com\/joyana.fr\/wp-content\/uploads\/2014\/10\/ibride-Laeropostale-71.jpg?resize=450%2C450&ssl=1",450,450,true],"woocommerce_single":["https:\/\/i0.wp.com\/joyana.fr\/wp-content\/uploads\/2014\/10\/ibride-Laeropostale-71.jpg?fit=692%2C669&ssl=1",692,669,true],"woocommerce_gallery_thumbnail":["https:\/\/i0.wp.com\/joyana.fr\/wp-content\/uploads\/2014\/10\/ibride-Laeropostale-71.jpg?resize=180%2C180&ssl=1",180,180,true],"sow-carousel-default":["https:\/\/i0.wp.com\/joyana.fr\/wp-content\/uploads\/2014\/10\/ibride-Laeropostale-71.jpg?resize=272%2C182&ssl=1",272,182,true]},"post_excerpt_stackable":"<p>Coup de coeur pour la collection de mobilier modulaire L&#8217;AEROPOSTALE sign\u00e9 par l&#8217;\u00e9diteur fran\u00e7ais Ibride. De jolis caissons de rangement aux reliefs fort interessants &#8211; entre fantastique et design, \u00e0 l&#8217;image de ce que propose cette maison d&#8217;\u00e9dition&#8230;<\/p>\n","category_list":"<a href=\"https:\/\/joyana.fr\/ja\/category\/deco-design\/\" rel=\"category tag\">DECO-DESIGN<\/a>, <a href=\"https:\/\/joyana.fr\/ja\/category\/deco-design\/mobilier\/\" rel=\"category tag\">Mobilier<\/a>, <a href=\"https:\/\/joyana.fr\/ja\/category\/deco-design\/mobilier\/mobilier-modulaire\/\" rel=\"category tag\">Mobilier modulaire<\/a>","author_info":{"display_name":"Jo Yana","author_link":"https:\/\/joyana.fr\/ja\/author\/joyana\/"},"comments_num":"0 comments","featured_image_urls_v2":{"full":["https:\/\/i0.wp.com\/joyana.fr\/wp-content\/uploads\/2014\/10\/ibride-Laeropostale-71.jpg?fit=692%2C669&ssl=1",692,669,false],"thumbnail":["https:\/\/i0.wp.com\/joyana.fr\/wp-content\/uploads\/2014\/10\/ibride-Laeropostale-71.jpg?resize=150%2C150&ssl=1",150,150,true],"medium":["https:\/\/i0.wp.com\/joyana.fr\/wp-content\/uploads\/2014\/10\/ibride-Laeropostale-71.jpg?fit=389%2C376&ssl=1",389,376,true],"medium_large":["https:\/\/i0.wp.com\/joyana.fr\/wp-content\/uploads\/2014\/10\/ibride-Laeropostale-71.jpg?fit=692%2C669&ssl=1",692,669,true],"large":["https:\/\/i0.wp.com\/joyana.fr\/wp-content\/uploads\/2014\/10\/ibride-Laeropostale-71.jpg?fit=692%2C669&ssl=1",692,669,true],"1536x1536":["https:\/\/i0.wp.com\/joyana.fr\/wp-content\/uploads\/2014\/10\/ibride-Laeropostale-71.jpg?fit=692%2C669&ssl=1",692,669,true],"2048x2048":["https:\/\/i0.wp.com\/joyana.fr\/wp-content\/uploads\/2014\/10\/ibride-Laeropostale-71.jpg?fit=692%2C669&ssl=1",692,669,true],"featured-thumb":["https:\/\/i0.wp.com\/joyana.fr\/wp-content\/uploads\/2014\/10\/ibride-Laeropostale-71.jpg?resize=692%2C669&ssl=1",692,669,true],"ab-block-post-grid-landscape":["https:\/\/i0.wp.com\/joyana.fr\/wp-content\/uploads\/2014\/10\/ibride-Laeropostale-71.jpg?resize=600%2C400&ssl=1",600,400,true],"ab-block-post-grid-square":["https:\/\/i0.wp.com\/joyana.fr\/wp-content\/uploads\/2014\/10\/ibride-Laeropostale-71.jpg?resize=600%2C600&ssl=1",600,600,true],"author-pro-image":["https:\/\/i0.wp.com\/joyana.fr\/wp-content\/uploads\/2014\/10\/ibride-Laeropostale-71.jpg?resize=360%2C570&ssl=1",360,570,true],"slider":["https:\/\/i0.wp.com\/joyana.fr\/wp-content\/uploads\/2014\/10\/ibride-Laeropostale-71.jpg?resize=692%2C400&ssl=1",692,400,true],"woocommerce_thumbnail":["https:\/\/i0.wp.com\/joyana.fr\/wp-content\/uploads\/2014\/10\/ibride-Laeropostale-71.jpg?resize=450%2C450&ssl=1",450,450,true],"woocommerce_single":["https:\/\/i0.wp.com\/joyana.fr\/wp-content\/uploads\/2014\/10\/ibride-Laeropostale-71.jpg?fit=692%2C669&ssl=1",692,669,true],"woocommerce_gallery_thumbnail":["https:\/\/i0.wp.com\/joyana.fr\/wp-content\/uploads\/2014\/10\/ibride-Laeropostale-71.jpg?resize=180%2C180&ssl=1",180,180,true],"sow-carousel-default":["https:\/\/i0.wp.com\/joyana.fr\/wp-content\/uploads\/2014\/10\/ibride-Laeropostale-71.jpg?resize=272%2C182&ssl=1",272,182,true]},"post_excerpt_stackable_v2":"<p>Coup de coeur pour la collection de mobilier modulaire L&#8217;AEROPOSTALE sign\u00e9 par l&#8217;\u00e9diteur fran\u00e7ais Ibride. De jolis caissons de rangement aux reliefs fort interessants &#8211; entre fantastique et design, \u00e0 l&#8217;image de ce que propose cette maison d&#8217;\u00e9dition&#8230;<\/p>\n","category_list_v2":"<a href=\"https:\/\/joyana.fr\/ja\/category\/deco-design\/\" rel=\"category tag\">DECO-DESIGN<\/a>, <a href=\"https:\/\/joyana.fr\/ja\/category\/deco-design\/mobilier\/\" rel=\"category tag\">Mobilier<\/a>, <a href=\"https:\/\/joyana.fr\/ja\/category\/deco-design\/mobilier\/mobilier-modulaire\/\" rel=\"category tag\">Mobilier modulaire<\/a>","author_info_v2":{"name":"Jo Yana","url":"https:\/\/joyana.fr\/ja\/author\/joyana\/"},"comments_num_v2":"0 comments","yoast_head":"<!-- This site is optimized with the Yoast SEO plugin v26.8 - https:\/\/yoast.com\/product\/yoast-seo-wordpress\/ -->\n<title>Mobilier Modulaire L&#039;AEROPOSTALE par IBRIDE | Deco-Design<\/title>\n<meta name=\"description\" content=\"Coup de coeur pour la collection de mobilier modulaire L&#039;AEROPOSTALE sign\u00e9 par l&#039;\u00e9diteur fran\u00e7ais Ibride. De jolis caissons de rangement aux reliefs fort interessants - entre fantastique et design, \u00e0 l&#039;image de ce que propose cette maison d&#039;\u00e9dition...\" \/>\n<meta name=\"robots\" content=\"index, follow, max-snippet:-1, max-image-preview:large, max-video-preview:-1\" \/>\n<link rel=\"canonical\" href=\"https:\/\/joyana.fr\/ja\/mobilier-modulaire-laeropostale-ibride\/118655\/\" \/>\n<meta property=\"og:locale\" content=\"ja_JP\" \/>\n<meta property=\"og:locale:alternate\" content=\"fr_FR\" \/>\n<meta property=\"og:locale:alternate\" content=\"en_US\" \/>\n<meta property=\"og:type\" content=\"article\" \/>\n<meta property=\"og:title\" content=\"Mobilier Modulaire L&#039;AEROPOSTALE par IBRIDE | Deco-Design\" \/>\n<meta property=\"og:description\" content=\"Coup de coeur pour la collection de mobilier modulaire L&#039;AEROPOSTALE sign\u00e9 par l&#039;\u00e9diteur fran\u00e7ais Ibride. De jolis caissons de rangement aux reliefs fort interessants - entre fantastique et design, \u00e0 l&#039;image de ce que propose cette maison d&#039;\u00e9dition...\" \/>\n<meta property=\"og:url\" content=\"https:\/\/joyana.fr\/ja\/mobilier-modulaire-laeropostale-ibride\/118655\/\" \/>\n<meta property=\"og:site_name\" content=\"JO YANA\" \/>\n<meta property=\"article:published_time\" content=\"2014-10-15T16:15:24+00:00\" \/>\n<meta property=\"og:image\" content=\"https:\/\/joyana.fr\/wp-content\/uploads\/2014\/10\/ibride-Laeropostale-71.jpg\" \/>\n\t<meta property=\"og:image:width\" content=\"692\" \/>\n\t<meta property=\"og:image:height\" content=\"669\" \/>\n\t<meta property=\"og:image:type\" content=\"image\/jpeg\" \/>\n<meta name=\"author\" content=\"Jo Yana\" \/>\n<meta name=\"twitter:card\" content=\"summary_large_image\" \/>\n<meta name=\"twitter:creator\" content=\"@Jo_Yana\" \/>\n<meta name=\"twitter:site\" content=\"@Jo_Yana\" \/>\n<meta name=\"twitter:label1\" content=\"\u57f7\u7b46\u8005\" \/>\n\t<meta name=\"twitter:data1\" content=\"Jo Yana\" \/>\n\t<meta name=\"twitter:label2\" content=\"\u63a8\u5b9a\u8aad\u307f\u53d6\u308a\u6642\u9593\" \/>\n\t<meta name=\"twitter:data2\" content=\"1\u5206\" \/>\n<script type=\"application\/ld+json\" class=\"yoast-schema-graph\">{\"@context\":\"https:\/\/schema.org\",\"@graph\":[{\"@type\":\"Article\",\"@id\":\"https:\/\/joyana.fr\/mobilier-modulaire-laeropostale-ibride\/118655\/#article\",\"isPartOf\":{\"@id\":\"https:\/\/joyana.fr\/mobilier-modulaire-laeropostale-ibride\/118655\/\"},\"author\":{\"name\":\"Jo Yana\",\"@id\":\"https:\/\/www.joyana.fr\/ja\/#\/schema\/person\/cf2a1ad12a27c12c21801075bf37407c\"},\"headline\":\"Mobilier Modulaire L&#8217;AEROPOSTALE par IBRIDE\",\"datePublished\":\"2014-10-15T16:15:24+00:00\",\"mainEntityOfPage\":{\"@id\":\"https:\/\/joyana.fr\/mobilier-modulaire-laeropostale-ibride\/118655\/\"},\"wordCount\":170,\"commentCount\":0,\"publisher\":{\"@id\":\"https:\/\/www.joyana.fr\/ja\/#\/schema\/person\/cf2a1ad12a27c12c21801075bf37407c\"},\"image\":{\"@id\":\"https:\/\/joyana.fr\/mobilier-modulaire-laeropostale-ibride\/118655\/#primaryimage\"},\"thumbnailUrl\":\"https:\/\/i0.wp.com\/joyana.fr\/wp-content\/uploads\/2014\/10\/ibride-Laeropostale-71.jpg?fit=692%2C669&ssl=1\",\"keywords\":[\"Ibride\",\"Mobilier modulable\",\"Noir\",\"Rangement\",\"Rangements design\"],\"articleSection\":[\"DECO-DESIGN\",\"Mobilier\",\"Mobilier modulaire\"],\"inLanguage\":\"ja\",\"potentialAction\":[{\"@type\":\"CommentAction\",\"name\":\"Comment\",\"target\":[\"https:\/\/joyana.fr\/mobilier-modulaire-laeropostale-ibride\/118655\/#respond\"]}]},{\"@type\":\"WebPage\",\"@id\":\"https:\/\/joyana.fr\/mobilier-modulaire-laeropostale-ibride\/118655\/\",\"url\":\"https:\/\/joyana.fr\/mobilier-modulaire-laeropostale-ibride\/118655\/\",\"name\":\"Mobilier Modulaire L'AEROPOSTALE par IBRIDE | Deco-Design\",\"isPartOf\":{\"@id\":\"https:\/\/www.joyana.fr\/ja\/#website\"},\"primaryImageOfPage\":{\"@id\":\"https:\/\/joyana.fr\/mobilier-modulaire-laeropostale-ibride\/118655\/#primaryimage\"},\"image\":{\"@id\":\"https:\/\/joyana.fr\/mobilier-modulaire-laeropostale-ibride\/118655\/#primaryimage\"},\"thumbnailUrl\":\"https:\/\/i0.wp.com\/joyana.fr\/wp-content\/uploads\/2014\/10\/ibride-Laeropostale-71.jpg?fit=692%2C669&ssl=1\",\"datePublished\":\"2014-10-15T16:15:24+00:00\",\"description\":\"Coup de coeur pour la collection de mobilier modulaire L'AEROPOSTALE sign\u00e9 par l'\u00e9diteur fran\u00e7ais Ibride. De jolis caissons de rangement aux reliefs fort interessants - entre fantastique et design, \u00e0 l'image de ce que propose cette maison d'\u00e9dition...\",\"breadcrumb\":{\"@id\":\"https:\/\/joyana.fr\/mobilier-modulaire-laeropostale-ibride\/118655\/#breadcrumb\"},\"inLanguage\":\"ja\",\"potentialAction\":[{\"@type\":\"ReadAction\",\"target\":[\"https:\/\/joyana.fr\/mobilier-modulaire-laeropostale-ibride\/118655\/\"]}]},{\"@type\":\"ImageObject\",\"inLanguage\":\"ja\",\"@id\":\"https:\/\/joyana.fr\/mobilier-modulaire-laeropostale-ibride\/118655\/#primaryimage\",\"url\":\"https:\/\/i0.wp.com\/joyana.fr\/wp-content\/uploads\/2014\/10\/ibride-Laeropostale-71.jpg?fit=692%2C669&ssl=1\",\"contentUrl\":\"https:\/\/i0.wp.com\/joyana.fr\/wp-content\/uploads\/2014\/10\/ibride-Laeropostale-71.jpg?fit=692%2C669&ssl=1\",\"width\":692,\"height\":669},{\"@type\":\"BreadcrumbList\",\"@id\":\"https:\/\/joyana.fr\/mobilier-modulaire-laeropostale-ibride\/118655\/#breadcrumb\",\"itemListElement\":[{\"@type\":\"ListItem\",\"position\":1,\"name\":\"Accueil\",\"item\":\"https:\/\/www.joyana.fr\/ja\/\"},{\"@type\":\"ListItem\",\"position\":2,\"name\":\"Mobilier Modulaire L&rsquo;AEROPOSTALE par IBRIDE\"}]},{\"@type\":\"WebSite\",\"@id\":\"https:\/\/www.joyana.fr\/ja\/#website\",\"url\":\"https:\/\/www.joyana.fr\/ja\/\",\"name\":\"JO YANA\",\"description\":\"Blog Mode Homme, Lifestyle, D\u00e9co-Design\",\"publisher\":{\"@id\":\"https:\/\/www.joyana.fr\/ja\/#\/schema\/person\/cf2a1ad12a27c12c21801075bf37407c\"},\"potentialAction\":[{\"@type\":\"SearchAction\",\"target\":{\"@type\":\"EntryPoint\",\"urlTemplate\":\"https:\/\/www.joyana.fr\/ja\/?s={search_term_string}\"},\"query-input\":{\"@type\":\"PropertyValueSpecification\",\"valueRequired\":true,\"valueName\":\"search_term_string\"}}],\"inLanguage\":\"ja\"},{\"@type\":[\"Person\",\"Organization\"],\"@id\":\"https:\/\/www.joyana.fr\/ja\/#\/schema\/person\/cf2a1ad12a27c12c21801075bf37407c\",\"name\":\"Jo Yana\",\"image\":{\"@type\":\"ImageObject\",\"inLanguage\":\"ja\",\"@id\":\"https:\/\/www.joyana.fr\/ja\/#\/schema\/person\/image\/\",\"url\":\"https:\/\/i0.wp.com\/joyana.fr\/wp-content\/uploads\/2016\/08\/cropped-joyana-logo-black-360x180.png?fit=343%2C164&ssl=1\",\"contentUrl\":\"https:\/\/i0.wp.com\/joyana.fr\/wp-content\/uploads\/2016\/08\/cropped-joyana-logo-black-360x180.png?fit=343%2C164&ssl=1\",\"width\":343,\"height\":164,\"caption\":\"Jo Yana\"},\"logo\":{\"@id\":\"https:\/\/www.joyana.fr\/ja\/#\/schema\/person\/image\/\"},\"description\":\"Jo Yana est le cr\u00e9ateur et r\u00e9dacteur en chef des sites DECO-DESIGN. Passionn\u00e9 de Design, Mode, Photo, Luxe, Lifestyle, Musique, mais avant tout Blogueur ! Le plaisir de partager l'anime et a comme devise \\\"POUR L'AMOUR DU BEAU\\\". Retrouvez le aussi sur son blog personnel - https:\/\/joyana.fr...\",\"sameAs\":[\"https:\/\/joyana.fr\/\"],\"url\":\"https:\/\/joyana.fr\/ja\/author\/joyana\/\"}]}<\/script>\n<!-- \/ Yoast SEO plugin. -->","yoast_head_json":{"title":"Mobilier Modulaire L'AEROPOSTALE par IBRIDE | Deco-Design","description":"Coup de coeur pour la collection de mobilier modulaire L'AEROPOSTALE sign\u00e9 par l'\u00e9diteur fran\u00e7ais Ibride. De jolis caissons de rangement aux reliefs fort interessants - entre fantastique et design, \u00e0 l'image de ce que propose cette maison d'\u00e9dition...","robots":{"index":"index","follow":"follow","max-snippet":"max-snippet:-1","max-image-preview":"max-image-preview:large","max-video-preview":"max-video-preview:-1"},"canonical":"https:\/\/joyana.fr\/ja\/mobilier-modulaire-laeropostale-ibride\/118655\/","og_locale":"ja_JP","og_type":"article","og_title":"Mobilier Modulaire L'AEROPOSTALE par IBRIDE | Deco-Design","og_description":"Coup de coeur pour la collection de mobilier modulaire L'AEROPOSTALE sign\u00e9 par l'\u00e9diteur fran\u00e7ais Ibride. De jolis caissons de rangement aux reliefs fort interessants - entre fantastique et design, \u00e0 l'image de ce que propose cette maison d'\u00e9dition...","og_url":"https:\/\/joyana.fr\/ja\/mobilier-modulaire-laeropostale-ibride\/118655\/","og_site_name":"JO YANA","article_published_time":"2014-10-15T16:15:24+00:00","og_image":[{"width":692,"height":669,"url":"https:\/\/joyana.fr\/wp-content\/uploads\/2014\/10\/ibride-Laeropostale-71.jpg","type":"image\/jpeg"}],"author":"Jo Yana","twitter_card":"summary_large_image","twitter_creator":"@Jo_Yana","twitter_site":"@Jo_Yana","twitter_misc":{"\u57f7\u7b46\u8005":"Jo Yana","\u63a8\u5b9a\u8aad\u307f\u53d6\u308a\u6642\u9593":"1\u5206"},"schema":{"@context":"https:\/\/schema.org","@graph":[{"@type":"Article","@id":"https:\/\/joyana.fr\/mobilier-modulaire-laeropostale-ibride\/118655\/#article","isPartOf":{"@id":"https:\/\/joyana.fr\/mobilier-modulaire-laeropostale-ibride\/118655\/"},"author":{"name":"Jo Yana","@id":"https:\/\/www.joyana.fr\/ja\/#\/schema\/person\/cf2a1ad12a27c12c21801075bf37407c"},"headline":"Mobilier Modulaire L&#8217;AEROPOSTALE par IBRIDE","datePublished":"2014-10-15T16:15:24+00:00","mainEntityOfPage":{"@id":"https:\/\/joyana.fr\/mobilier-modulaire-laeropostale-ibride\/118655\/"},"wordCount":170,"commentCount":0,"publisher":{"@id":"https:\/\/www.joyana.fr\/ja\/#\/schema\/person\/cf2a1ad12a27c12c21801075bf37407c"},"image":{"@id":"https:\/\/joyana.fr\/mobilier-modulaire-laeropostale-ibride\/118655\/#primaryimage"},"thumbnailUrl":"https:\/\/i0.wp.com\/joyana.fr\/wp-content\/uploads\/2014\/10\/ibride-Laeropostale-71.jpg?fit=692%2C669&ssl=1","keywords":["Ibride","Mobilier modulable","Noir","Rangement","Rangements design"],"articleSection":["DECO-DESIGN","Mobilier","Mobilier modulaire"],"inLanguage":"ja","potentialAction":[{"@type":"CommentAction","name":"Comment","target":["https:\/\/joyana.fr\/mobilier-modulaire-laeropostale-ibride\/118655\/#respond"]}]},{"@type":"WebPage","@id":"https:\/\/joyana.fr\/mobilier-modulaire-laeropostale-ibride\/118655\/","url":"https:\/\/joyana.fr\/mobilier-modulaire-laeropostale-ibride\/118655\/","name":"Mobilier Modulaire L'AEROPOSTALE par IBRIDE | Deco-Design","isPartOf":{"@id":"https:\/\/www.joyana.fr\/ja\/#website"},"primaryImageOfPage":{"@id":"https:\/\/joyana.fr\/mobilier-modulaire-laeropostale-ibride\/118655\/#primaryimage"},"image":{"@id":"https:\/\/joyana.fr\/mobilier-modulaire-laeropostale-ibride\/118655\/#primaryimage"},"thumbnailUrl":"https:\/\/i0.wp.com\/joyana.fr\/wp-content\/uploads\/2014\/10\/ibride-Laeropostale-71.jpg?fit=692%2C669&ssl=1","datePublished":"2014-10-15T16:15:24+00:00","description":"Coup de coeur pour la collection de mobilier modulaire L'AEROPOSTALE sign\u00e9 par l'\u00e9diteur fran\u00e7ais Ibride. De jolis caissons de rangement aux reliefs fort interessants - entre fantastique et design, \u00e0 l'image de ce que propose cette maison d'\u00e9dition...","breadcrumb":{"@id":"https:\/\/joyana.fr\/mobilier-modulaire-laeropostale-ibride\/118655\/#breadcrumb"},"inLanguage":"ja","potentialAction":[{"@type":"ReadAction","target":["https:\/\/joyana.fr\/mobilier-modulaire-laeropostale-ibride\/118655\/"]}]},{"@type":"ImageObject","inLanguage":"ja","@id":"https:\/\/joyana.fr\/mobilier-modulaire-laeropostale-ibride\/118655\/#primaryimage","url":"https:\/\/i0.wp.com\/joyana.fr\/wp-content\/uploads\/2014\/10\/ibride-Laeropostale-71.jpg?fit=692%2C669&ssl=1","contentUrl":"https:\/\/i0.wp.com\/joyana.fr\/wp-content\/uploads\/2014\/10\/ibride-Laeropostale-71.jpg?fit=692%2C669&ssl=1","width":692,"height":669},{"@type":"BreadcrumbList","@id":"https:\/\/joyana.fr\/mobilier-modulaire-laeropostale-ibride\/118655\/#breadcrumb","itemListElement":[{"@type":"ListItem","position":1,"name":"Accueil","item":"https:\/\/www.joyana.fr\/ja\/"},{"@type":"ListItem","position":2,"name":"Mobilier Modulaire L&rsquo;AEROPOSTALE par IBRIDE"}]},{"@type":"WebSite","@id":"https:\/\/www.joyana.fr\/ja\/#website","url":"https:\/\/www.joyana.fr\/ja\/","name":"JO YANA","description":"Blog Mode Homme, Lifestyle, D\u00e9co-Design","publisher":{"@id":"https:\/\/www.joyana.fr\/ja\/#\/schema\/person\/cf2a1ad12a27c12c21801075bf37407c"},"potentialAction":[{"@type":"SearchAction","target":{"@type":"EntryPoint","urlTemplate":"https:\/\/www.joyana.fr\/ja\/?s={search_term_string}"},"query-input":{"@type":"PropertyValueSpecification","valueRequired":true,"valueName":"search_term_string"}}],"inLanguage":"ja"},{"@type":["Person","Organization"],"@id":"https:\/\/www.joyana.fr\/ja\/#\/schema\/person\/cf2a1ad12a27c12c21801075bf37407c","name":"Jo Yana","image":{"@type":"ImageObject","inLanguage":"ja","@id":"https:\/\/www.joyana.fr\/ja\/#\/schema\/person\/image\/","url":"https:\/\/i0.wp.com\/joyana.fr\/wp-content\/uploads\/2016\/08\/cropped-joyana-logo-black-360x180.png?fit=343%2C164&ssl=1","contentUrl":"https:\/\/i0.wp.com\/joyana.fr\/wp-content\/uploads\/2016\/08\/cropped-joyana-logo-black-360x180.png?fit=343%2C164&ssl=1","width":343,"height":164,"caption":"Jo Yana"},"logo":{"@id":"https:\/\/www.joyana.fr\/ja\/#\/schema\/person\/image\/"},"description":"Jo Yana est le cr\u00e9ateur et r\u00e9dacteur en chef des sites DECO-DESIGN. Passionn\u00e9 de Design, Mode, Photo, Luxe, Lifestyle, Musique, mais avant tout Blogueur ! Le plaisir de partager l'anime et a comme devise \"POUR L'AMOUR DU BEAU\". Retrouvez le aussi sur son blog personnel - https:\/\/joyana.fr...","sameAs":["https:\/\/joyana.fr\/"],"url":"https:\/\/joyana.fr\/ja\/author\/joyana\/"}]}},"author_meta":{"display_name":"Jo Yana","author_link":"https:\/\/joyana.fr\/ja\/author\/joyana\/"},"featured_img":"https:\/\/i0.wp.com\/joyana.fr\/wp-content\/uploads\/2014\/10\/ibride-Laeropostale-71.jpg?fit=389%2C376&ssl=1","featured_image_src":"https:\/\/i0.wp.com\/joyana.fr\/wp-content\/uploads\/2014\/10\/ibride-Laeropostale-71.jpg?resize=600%2C400&ssl=1","featured_image_src_square":"https:\/\/i0.wp.com\/joyana.fr\/wp-content\/uploads\/2014\/10\/ibride-Laeropostale-71.jpg?resize=600%2C600&ssl=1","jetpack_featured_media_url":"https:\/\/i0.wp.com\/joyana.fr\/wp-content\/uploads\/2014\/10\/ibride-Laeropostale-71.jpg?fit=692%2C669&ssl=1","uagb_featured_image_src":{"full":["https:\/\/i0.wp.com\/joyana.fr\/wp-content\/uploads\/2014\/10\/ibride-Laeropostale-71.jpg?fit=692%2C669&ssl=1",692,669,false],"thumbnail":["https:\/\/i0.wp.com\/joyana.fr\/wp-content\/uploads\/2014\/10\/ibride-Laeropostale-71.jpg?resize=150%2C150&ssl=1",150,150,true],"medium":["https:\/\/i0.wp.com\/joyana.fr\/wp-content\/uploads\/2014\/10\/ibride-Laeropostale-71.jpg?fit=389%2C376&ssl=1",389,376,true],"medium_large":["https:\/\/i0.wp.com\/joyana.fr\/wp-content\/uploads\/2014\/10\/ibride-Laeropostale-71.jpg?fit=692%2C669&ssl=1",692,669,true],"large":["https:\/\/i0.wp.com\/joyana.fr\/wp-content\/uploads\/2014\/10\/ibride-Laeropostale-71.jpg?fit=692%2C669&ssl=1",692,669,true],"1536x1536":["https:\/\/i0.wp.com\/joyana.fr\/wp-content\/uploads\/2014\/10\/ibride-Laeropostale-71.jpg?fit=692%2C669&ssl=1",692,669,true],"2048x2048":["https:\/\/i0.wp.com\/joyana.fr\/wp-content\/uploads\/2014\/10\/ibride-Laeropostale-71.jpg?fit=692%2C669&ssl=1",692,669,true],"featured-thumb":["https:\/\/i0.wp.com\/joyana.fr\/wp-content\/uploads\/2014\/10\/ibride-Laeropostale-71.jpg?resize=692%2C669&ssl=1",692,669,true],"ab-block-post-grid-landscape":["https:\/\/i0.wp.com\/joyana.fr\/wp-content\/uploads\/2014\/10\/ibride-Laeropostale-71.jpg?resize=600%2C400&ssl=1",600,400,true],"ab-block-post-grid-square":["https:\/\/i0.wp.com\/joyana.fr\/wp-content\/uploads\/2014\/10\/ibride-Laeropostale-71.jpg?resize=600%2C600&ssl=1",600,600,true],"author-pro-image":["https:\/\/i0.wp.com\/joyana.fr\/wp-content\/uploads\/2014\/10\/ibride-Laeropostale-71.jpg?resize=360%2C570&ssl=1",360,570,true],"slider":["https:\/\/i0.wp.com\/joyana.fr\/wp-content\/uploads\/2014\/10\/ibride-Laeropostale-71.jpg?resize=692%2C400&ssl=1",692,400,true],"woocommerce_thumbnail":["https:\/\/i0.wp.com\/joyana.fr\/wp-content\/uploads\/2014\/10\/ibride-Laeropostale-71.jpg?resize=450%2C450&ssl=1",450,450,true],"woocommerce_single":["https:\/\/i0.wp.com\/joyana.fr\/wp-content\/uploads\/2014\/10\/ibride-Laeropostale-71.jpg?fit=692%2C669&ssl=1",692,669,true],"woocommerce_gallery_thumbnail":["https:\/\/i0.wp.com\/joyana.fr\/wp-content\/uploads\/2014\/10\/ibride-Laeropostale-71.jpg?resize=180%2C180&ssl=1",180,180,true],"sow-carousel-default":["https:\/\/i0.wp.com\/joyana.fr\/wp-content\/uploads\/2014\/10\/ibride-Laeropostale-71.jpg?resize=272%2C182&ssl=1",272,182,true]},"uagb_author_info":{"display_name":"Jo Yana","author_link":"https:\/\/joyana.fr\/ja\/author\/joyana\/"},"uagb_comment_info":0,"uagb_excerpt":"Coup de coeur pour la collection de mobilier modulaire &hellip;","coauthors":[],"tax_additional":{"categories":{"linked":["<a href=\"https:\/\/joyana.fr\/ja\/category\/deco-design\/\" class=\"advgb-post-tax-term\">DECO-DESIGN<\/a>","<a href=\"https:\/\/joyana.fr\/ja\/category\/deco-design\/mobilier\/\" class=\"advgb-post-tax-term\">Mobilier<\/a>","<a href=\"https:\/\/joyana.fr\/ja\/category\/deco-design\/mobilier\/mobilier-modulaire\/\" class=\"advgb-post-tax-term\">Mobilier modulaire<\/a>"],"unlinked":["<span class=\"advgb-post-tax-term\">DECO-DESIGN<\/span>","<span class=\"advgb-post-tax-term\">Mobilier<\/span>","<span class=\"advgb-post-tax-term\">Mobilier modulaire<\/span>"]},"tags":{"linked":["<a href=\"https:\/\/joyana.fr\/ja\/category\/deco-design\/mobilier\/mobilier-modulaire\/\" class=\"advgb-post-tax-term\">Ibride<\/a>","<a href=\"https:\/\/joyana.fr\/ja\/category\/deco-design\/mobilier\/mobilier-modulaire\/\" class=\"advgb-post-tax-term\">Mobilier modulable<\/a>","<a href=\"https:\/\/joyana.fr\/ja\/category\/deco-design\/mobilier\/mobilier-modulaire\/\" class=\"advgb-post-tax-term\">Noir<\/a>","<a href=\"https:\/\/joyana.fr\/ja\/category\/deco-design\/mobilier\/mobilier-modulaire\/\" class=\"advgb-post-tax-term\">Rangement<\/a>","<a href=\"https:\/\/joyana.fr\/ja\/category\/deco-design\/mobilier\/mobilier-modulaire\/\" class=\"advgb-post-tax-term\">Rangements design<\/a>"],"unlinked":["<span class=\"advgb-post-tax-term\">Ibride<\/span>","<span class=\"advgb-post-tax-term\">Mobilier modulable<\/span>","<span class=\"advgb-post-tax-term\">Noir<\/span>","<span class=\"advgb-post-tax-term\">Rangement<\/span>","<span class=\"advgb-post-tax-term\">Rangements design<\/span>"]}},"comment_count":0,"relative_dates":{"created":"Posted 12\u5e74 ago","modified":"Updated 12\u5e74 ago"},"absolute_dates":{"created":"Posted on 15 10\u6708 2014","modified":"Updated on 15 10\u6708 2014"},"absolute_dates_time":{"created":"Posted on 15 10\u6708 2014 17:15","modified":"Updated on 15 10\u6708 2014 17:15"},"featured_img_caption":"","series_order":"","jetpack_sharing_enabled":true,"jetpack_shortlink":"https:\/\/wp.me\/p9bteI-uRN","jetpack-related-posts":[],"_links":{"self":[{"href":"https:\/\/joyana.fr\/ja\/wp-json\/wp\/v2\/posts\/118655","targetHints":{"allow":["GET"]}}],"collection":[{"href":"https:\/\/joyana.fr\/ja\/wp-json\/wp\/v2\/posts"}],"about":[{"href":"https:\/\/joyana.fr\/ja\/wp-json\/wp\/v2\/types\/post"}],"author":[{"embeddable":true,"href":"https:\/\/joyana.fr\/ja\/wp-json\/wp\/v2\/users\/3"}],"replies":[{"embeddable":true,"href":"https:\/\/joyana.fr\/ja\/wp-json\/wp\/v2\/comments?post=118655"}],"version-history":[{"count":0,"href":"https:\/\/joyana.fr\/ja\/wp-json\/wp\/v2\/posts\/118655\/revisions"}],"wp:featuredmedia":[{"embeddable":true,"href":"https:\/\/joyana.fr\/ja\/wp-json\/wp\/v2\/media\/118671"}],"wp:attachment":[{"href":"https:\/\/joyana.fr\/ja\/wp-json\/wp\/v2\/media?parent=118655"}],"wp:term":[{"taxonomy":"category","embeddable":true,"href":"https:\/\/joyana.fr\/ja\/wp-json\/wp\/v2\/categories?post=118655"},{"taxonomy":"post_tag","embeddable":true,"href":"https:\/\/joyana.fr\/ja\/wp-json\/wp\/v2\/tags?post=118655"}],"curies":[{"name":"wp","href":"https:\/\/api.w.org\/{rel}","templated":true}]}}