{"id":120050,"date":"2015-02-17T17:17:21","date_gmt":"2015-02-17T16:17:21","guid":{"rendered":"https:\/\/joyana.fr\/?p=20050"},"modified":"2015-02-17T17:17:21","modified_gmt":"2015-02-17T16:17:21","slug":"apprehender-lespace-ses-limites-lumiere-lumigroup","status":"publish","type":"post","link":"https:\/\/joyana.fr\/ja\/apprehender-lespace-ses-limites-lumiere-lumigroup\/120050\/","title":{"rendered":"LUMIGROUP &#8211; Appr\u00e9hender l\u2019espace et ses limites par la lumi\u00e8re"},"content":{"rendered":"<p style=\"text-align: justify;\"><strong>LumiGroup<\/strong> signe le <strong>design d&#8217;\u00e9clairage<\/strong> du Palais de justice de Montmagny au Canada. Une <strong>architecture institutionnelle<\/strong> o\u00f9 <strong>LumiGroup <\/strong>appr\u00e9hende l\u2019espace et ses limites par la lumi\u00e8re&#8230;<\/p>\n<p><a href=\"https:\/\/i0.wp.com\/joyana.fr\/wp-content\/uploads\/2015\/02\/18697-preview_low_1152-2_18697_sc_v2com.jpg?ssl=1\"><img data-recalc-dims=\"1\" fetchpriority=\"high\" decoding=\"async\" class=\"alignnone size-full wp-image-20065\" src=\"https:\/\/i0.wp.com\/joyana.fr\/wp-content\/uploads\/2015\/02\/18697-preview_low_1152-2_18697_sc_v2com.jpg?resize=1000%2C418&#038;ssl=1\" alt=\"18697-preview_low_1152-2_18697_sc_v2com\" width=\"1000\" height=\"418\" \/><\/a><\/p>\n<p style=\"text-align: justify;\">Dans un b\u00e2timent o\u00f9 r\u00e8gne en maitre la rigueur et la rectitude, les gestes architecturaux sont vifs et tranchants. La ligne tant\u00f4t physique, tant\u00f4t imaginaire trace la fronti\u00e8re entre espaces publics et espaces priv\u00e9s, entre ancien et contemporain. L\u2019\u00e9clairage, mis en sc\u00e8ne par les architectes en collaboration avec <strong>LumiGroup<\/strong>, d\u00e9tient ici un r\u00f4le de premier plan dans la mat\u00e9rialisation du concept architectural&#8230;<\/p>\n<p style=\"text-align: justify;\">D\u00e8s l\u2019entr\u00e9e, le plafond est marqu\u00e9 par une ligne lumineuse fluorescente guidant l\u2019usager vers un escalier monumental, symbole identitaire des grandes institutions publiques dans l\u2019architecture classique, ici trait\u00e9 avec modernit\u00e9 et fantaisie, brisant momentan\u00e9ment la r\u00e9gularit\u00e9 de l\u2019espace. La coquille ext\u00e9rieure de l\u2019\u00e9l\u00e9ment sculptural, fait de fr\u00eane teint noir, contraste avec le blanc immacul\u00e9 des marches de quartz et des parois int\u00e9rieures laqu\u00e9es, magnifi\u00e9es par un \u00e9clairage aux DEL dissimul\u00e9 dans la partie haute du garde-corps. En poursuivant notre ascension vers l\u2019\u00e9tage sup\u00e9rieur qui abrite les salles d\u2019attente, de rencontres et d\u2019audience, la ligne lumineuse refait son apparition en un zigzag vertical suspendu, terminant sa course sous le vaste toit cath\u00e9drale tel un mouvement insolite fig\u00e9 dans le temps, offrant une certaine l\u00e9g\u00e8ret\u00e9 dans cet univers rationnel&#8230;<\/p>\n<p style=\"text-align: justify;\">En plus de r\u00e9pondre \u00e0 des besoins tr\u00e8s sp\u00e9cifiques, fonctionnels, signal\u00e9tiques et s\u00e9curitaires en mati\u00e8re d\u2019\u00e9clairage, les architectes et l\u2019\u00e9quipe de <strong>LumiGroup<\/strong> ont su soutirer le potentiel cr\u00e9atif de la lumi\u00e8re et ainsi apporter au palais de justice de Montmagny une nouvelle \u00e9nergie r\u00e9solument contemporaine&#8230;<\/p>\n<p><a href=\"https:\/\/i0.wp.com\/joyana.fr\/wp-content\/uploads\/2015\/02\/18695-preview_low_1152-2_18695_sc_v2com.jpg?ssl=1\"><img data-recalc-dims=\"1\" decoding=\"async\" class=\"alignnone size-full wp-image-20063\" src=\"https:\/\/i0.wp.com\/joyana.fr\/wp-content\/uploads\/2015\/02\/18695-preview_low_1152-2_18695_sc_v2com.jpg?resize=1000%2C1133&#038;ssl=1\" alt=\"18695-preview_low_1152-2_18695_sc_v2com\" width=\"1000\" height=\"1133\" \/><\/a><\/p>\n<p><a href=\"https:\/\/i0.wp.com\/joyana.fr\/wp-content\/uploads\/2015\/02\/18694-preview_low_1152-2_18694_sc_v2com.jpg?ssl=1\"><img data-recalc-dims=\"1\" decoding=\"async\" class=\"alignnone size-full wp-image-20062\" src=\"https:\/\/i0.wp.com\/joyana.fr\/wp-content\/uploads\/2015\/02\/18694-preview_low_1152-2_18694_sc_v2com.jpg?resize=1000%2C793&#038;ssl=1\" alt=\"18694-preview_low_1152-2_18694_sc_v2com\" width=\"1000\" height=\"793\" \/><\/a><\/p>\n<p><a href=\"https:\/\/i0.wp.com\/joyana.fr\/wp-content\/uploads\/2015\/02\/18692-preview_low_1152-2_18692_sc_v2com.jpg?ssl=1\"><img data-recalc-dims=\"1\" loading=\"lazy\" decoding=\"async\" class=\"alignnone size-full wp-image-20060\" src=\"https:\/\/i0.wp.com\/joyana.fr\/wp-content\/uploads\/2015\/02\/18692-preview_low_1152-2_18692_sc_v2com.jpg?resize=1000%2C1186&#038;ssl=1\" alt=\"18692-preview_low_1152-2_18692_sc_v2com\" width=\"1000\" height=\"1186\" \/><\/a><\/p>\n<p><a href=\"https:\/\/i0.wp.com\/joyana.fr\/wp-content\/uploads\/2015\/02\/18555-preview_low_1152-2_18555_sc_v2com.jpg?ssl=1\"><img data-recalc-dims=\"1\" loading=\"lazy\" decoding=\"async\" class=\"alignnone size-full wp-image-20054\" src=\"https:\/\/i0.wp.com\/joyana.fr\/wp-content\/uploads\/2015\/02\/18555-preview_low_1152-2_18555_sc_v2com.jpg?resize=1000%2C1125&#038;ssl=1\" alt=\"18555-preview_low_1152-2_18555_sc_v2com\" width=\"1000\" height=\"1125\" \/><\/a><\/p>\n<p><a href=\"https:\/\/i0.wp.com\/joyana.fr\/wp-content\/uploads\/2015\/02\/18554-preview_low_1152-2_18554_sc_v2com.jpg?ssl=1\"><img data-recalc-dims=\"1\" loading=\"lazy\" decoding=\"async\" class=\"alignnone size-full wp-image-20053\" src=\"https:\/\/i0.wp.com\/joyana.fr\/wp-content\/uploads\/2015\/02\/18554-preview_low_1152-2_18554_sc_v2com.jpg?resize=1000%2C1000&#038;ssl=1\" alt=\"18554-preview_low_1152-2_18554_sc_v2com\" width=\"1000\" height=\"1000\" \/><\/a><\/p>\n<p><a href=\"https:\/\/i0.wp.com\/joyana.fr\/wp-content\/uploads\/2015\/02\/18553-preview_low_1152-2_18553_sc_v2com.jpg?ssl=1\"><img data-recalc-dims=\"1\" loading=\"lazy\" decoding=\"async\" class=\"alignnone size-full wp-image-20052\" src=\"https:\/\/i0.wp.com\/joyana.fr\/wp-content\/uploads\/2015\/02\/18553-preview_low_1152-2_18553_sc_v2com.jpg?resize=1000%2C681&#038;ssl=1\" alt=\"18553-preview_low_1152-2_18553_sc_v2com\" width=\"1000\" height=\"681\" \/><\/a><br \/>\n<br \/>\n<a href=\"https:\/\/i0.wp.com\/joyana.fr\/wp-content\/uploads\/2015\/02\/18552-preview_low_1152-2_18552_sc_v2com.jpg?ssl=1\"><img data-recalc-dims=\"1\" loading=\"lazy\" decoding=\"async\" class=\"alignnone size-full wp-image-20051\" src=\"https:\/\/i0.wp.com\/joyana.fr\/wp-content\/uploads\/2015\/02\/18552-preview_low_1152-2_18552_sc_v2com.jpg?resize=1000%2C588&#038;ssl=1\" alt=\"18552-preview_low_1152-2_18552_sc_v2com\" width=\"1000\" height=\"588\" \/><\/a><\/p>\n<p style=\"text-align: center;\">En savoir + sur <a href=\"http:\/\/www.lumigroup.net\" target=\"_blank\"><strong>LumiGroup<\/strong><\/a><\/p>\n<p style=\"text-align: center;\"><span style=\"color: #000000;\">.<\/span><\/p>\n","protected":false},"excerpt":{"rendered":"<p>LumiGroup signe le design d&#8217;\u00e9clairage du Palais de justice de Montmagny au Canada. Une architecture institutionnelle o\u00f9 LumiGroup appr\u00e9hende l\u2019espace et ses limites par la lumi\u00e8re&#8230;<\/p>\n","protected":false},"author":3,"featured_media":120066,"comment_status":"open","ping_status":"open","sticky":false,"template":"","format":"aside","meta":{"_coblocks_attr":"","_coblocks_dimensions":"","_coblocks_responsive_height":"","_coblocks_accordion_ie_support":"","_uag_custom_page_level_css":"","advgb_blocks_editor_width":"","advgb_blocks_columns_visual_guide":"","_genesis_hide_title":false,"_genesis_hide_breadcrumbs":false,"_genesis_hide_singular_image":false,"_genesis_hide_footer_widgets":false,"_genesis_custom_body_class":"","_genesis_custom_post_class":"","_genesis_layout":"","_themeisle_gutenberg_block_has_review":false,"_jetpack_newsletter_access":"","_jetpack_dont_email_post_to_subs":false,"_jetpack_newsletter_tier_id":0,"_jetpack_memberships_contains_paywalled_content":false,"_jetpack_memberships_contains_paid_content":false,"footnotes":""},"categories":[1036,71,1114,905,917],"tags":[501,1159,1959,1960],"class_list":{"0":"post-120050","1":"post","2":"type-post","3":"status-publish","4":"format-aside","5":"has-post-thumbnail","7":"category-a-la-une","8":"category-architecture","9":"category-canada","10":"category-deco-design","11":"category-luminaire","12":"tag-architecture-2","13":"tag-canada","14":"tag-design-declairage","15":"tag-lumigroup","16":"post_format-post-format-aside","17":"entry"},"featured_image_urls":{"full":["https:\/\/i0.wp.com\/joyana.fr\/wp-content\/uploads\/2015\/02\/Appr%C3%83%C2%A9hender-l%C3%A2%E2%82%AC%E2%84%A2espace-et-ses-limites-par-la-lumi%C3%83%C2%A8re-Montmagny-Canada-LumiGroup.jpg?fit=%2C&ssl=1",false,false,false],"thumbnail":["https:\/\/i0.wp.com\/joyana.fr\/wp-content\/uploads\/2015\/02\/Appr%C3%83%C2%A9hender-l%C3%A2%E2%82%AC%E2%84%A2espace-et-ses-limites-par-la-lumi%C3%83%C2%A8re-Montmagny-Canada-LumiGroup.jpg?resize=150%2C150&ssl=1",false,false,true],"medium":["https:\/\/i0.wp.com\/joyana.fr\/wp-content\/uploads\/2015\/02\/Appr%C3%83%C2%A9hender-l%C3%A2%E2%82%AC%E2%84%A2espace-et-ses-limites-par-la-lumi%C3%83%C2%A8re-Montmagny-Canada-LumiGroup.jpg?fit=389%2C389&ssl=1",false,false,true],"medium_large":["https:\/\/i0.wp.com\/joyana.fr\/wp-content\/uploads\/2015\/02\/Appr%C3%83%C2%A9hender-l%C3%A2%E2%82%AC%E2%84%A2espace-et-ses-limites-par-la-lumi%C3%83%C2%A8re-Montmagny-Canada-LumiGroup.jpg?w=768&ssl=1",false,false,true],"large":["https:\/\/i0.wp.com\/joyana.fr\/wp-content\/uploads\/2015\/02\/Appr%C3%83%C2%A9hender-l%C3%A2%E2%82%AC%E2%84%A2espace-et-ses-limites-par-la-lumi%C3%83%C2%A8re-Montmagny-Canada-LumiGroup.jpg?fit=1024%2C1024&ssl=1",false,false,true],"1536x1536":["https:\/\/i0.wp.com\/joyana.fr\/wp-content\/uploads\/2015\/02\/Appr%C3%83%C2%A9hender-l%C3%A2%E2%82%AC%E2%84%A2espace-et-ses-limites-par-la-lumi%C3%83%C2%A8re-Montmagny-Canada-LumiGroup.jpg?fit=1536%2C1536&ssl=1",false,false,true],"2048x2048":["https:\/\/i0.wp.com\/joyana.fr\/wp-content\/uploads\/2015\/02\/Appr%C3%83%C2%A9hender-l%C3%A2%E2%82%AC%E2%84%A2espace-et-ses-limites-par-la-lumi%C3%83%C2%A8re-Montmagny-Canada-LumiGroup.jpg?fit=2048%2C2048&ssl=1",false,false,true],"featured-thumb":["https:\/\/i0.wp.com\/joyana.fr\/wp-content\/uploads\/2015\/02\/Appr%C3%83%C2%A9hender-l%C3%A2%E2%82%AC%E2%84%A2espace-et-ses-limites-par-la-lumi%C3%83%C2%A8re-Montmagny-Canada-LumiGroup.jpg?resize=1903%2C750&ssl=1",false,false,true],"ab-block-post-grid-landscape":["https:\/\/i0.wp.com\/joyana.fr\/wp-content\/uploads\/2015\/02\/Appr%C3%83%C2%A9hender-l%C3%A2%E2%82%AC%E2%84%A2espace-et-ses-limites-par-la-lumi%C3%83%C2%A8re-Montmagny-Canada-LumiGroup.jpg?resize=600%2C400&ssl=1",false,false,true],"ab-block-post-grid-square":["https:\/\/i0.wp.com\/joyana.fr\/wp-content\/uploads\/2015\/02\/Appr%C3%83%C2%A9hender-l%C3%A2%E2%82%AC%E2%84%A2espace-et-ses-limites-par-la-lumi%C3%83%C2%A8re-Montmagny-Canada-LumiGroup.jpg?resize=600%2C600&ssl=1",false,false,true],"author-pro-image":["https:\/\/i0.wp.com\/joyana.fr\/wp-content\/uploads\/2015\/02\/Appr%C3%83%C2%A9hender-l%C3%A2%E2%82%AC%E2%84%A2espace-et-ses-limites-par-la-lumi%C3%83%C2%A8re-Montmagny-Canada-LumiGroup.jpg?resize=360%2C570&ssl=1",false,false,true],"slider":["https:\/\/i0.wp.com\/joyana.fr\/wp-content\/uploads\/2015\/02\/Appr%C3%83%C2%A9hender-l%C3%A2%E2%82%AC%E2%84%A2espace-et-ses-limites-par-la-lumi%C3%83%C2%A8re-Montmagny-Canada-LumiGroup.jpg?resize=920%2C400&ssl=1",false,false,true],"woocommerce_thumbnail":["https:\/\/i0.wp.com\/joyana.fr\/wp-content\/uploads\/2015\/02\/Appr%C3%83%C2%A9hender-l%C3%A2%E2%82%AC%E2%84%A2espace-et-ses-limites-par-la-lumi%C3%83%C2%A8re-Montmagny-Canada-LumiGroup.jpg?resize=450%2C450&ssl=1",false,false,true],"woocommerce_single":["https:\/\/i0.wp.com\/joyana.fr\/wp-content\/uploads\/2015\/02\/Appr%C3%83%C2%A9hender-l%C3%A2%E2%82%AC%E2%84%A2espace-et-ses-limites-par-la-lumi%C3%83%C2%A8re-Montmagny-Canada-LumiGroup.jpg?w=920&ssl=1",false,false,true],"woocommerce_gallery_thumbnail":["https:\/\/i0.wp.com\/joyana.fr\/wp-content\/uploads\/2015\/02\/Appr%C3%83%C2%A9hender-l%C3%A2%E2%82%AC%E2%84%A2espace-et-ses-limites-par-la-lumi%C3%83%C2%A8re-Montmagny-Canada-LumiGroup.jpg?resize=180%2C180&ssl=1",false,false,true],"sow-carousel-default":["https:\/\/i0.wp.com\/joyana.fr\/wp-content\/uploads\/2015\/02\/Appr%C3%83%C2%A9hender-l%C3%A2%E2%82%AC%E2%84%A2espace-et-ses-limites-par-la-lumi%C3%83%C2%A8re-Montmagny-Canada-LumiGroup.jpg?resize=272%2C182&ssl=1",false,false,true]},"post_excerpt_stackable":"<p>LumiGroup signe le design d&#8217;\u00e9clairage du Palais de justice de Montmagny au Canada. Une architecture institutionnelle o\u00f9 LumiGroup appr\u00e9hende l\u2019espace et ses limites par la lumi\u00e8re&#8230;<\/p>\n","category_list":"<a href=\"https:\/\/joyana.fr\/ja\/category\/a-la-une\/\" rel=\"category tag\">A la une !!!<\/a>, <a href=\"https:\/\/joyana.fr\/ja\/category\/portfolio\/architecture\/\" rel=\"category tag\">ARCHITECTURE<\/a>, <a href=\"https:\/\/joyana.fr\/ja\/category\/deco-design\/architecture-deco-design\/pays\/canada\/\" rel=\"category tag\">Canada<\/a>, <a href=\"https:\/\/joyana.fr\/ja\/category\/deco-design\/\" rel=\"category tag\">DECO-DESIGN<\/a>, <a href=\"https:\/\/joyana.fr\/ja\/category\/deco-design\/luminaire\/\" rel=\"category tag\">Luminaire<\/a>","author_info":{"display_name":"Jo Yana","author_link":"https:\/\/joyana.fr\/ja\/author\/joyana\/"},"comments_num":"0 comments","featured_image_urls_v2":{"full":["https:\/\/i0.wp.com\/joyana.fr\/wp-content\/uploads\/2015\/02\/Appr%C3%83%C2%A9hender-l%C3%A2%E2%82%AC%E2%84%A2espace-et-ses-limites-par-la-lumi%C3%83%C2%A8re-Montmagny-Canada-LumiGroup.jpg?fit=%2C&ssl=1",false,false,false],"thumbnail":["https:\/\/i0.wp.com\/joyana.fr\/wp-content\/uploads\/2015\/02\/Appr%C3%83%C2%A9hender-l%C3%A2%E2%82%AC%E2%84%A2espace-et-ses-limites-par-la-lumi%C3%83%C2%A8re-Montmagny-Canada-LumiGroup.jpg?resize=150%2C150&ssl=1",false,false,true],"medium":["https:\/\/i0.wp.com\/joyana.fr\/wp-content\/uploads\/2015\/02\/Appr%C3%83%C2%A9hender-l%C3%A2%E2%82%AC%E2%84%A2espace-et-ses-limites-par-la-lumi%C3%83%C2%A8re-Montmagny-Canada-LumiGroup.jpg?fit=389%2C389&ssl=1",false,false,true],"medium_large":["https:\/\/i0.wp.com\/joyana.fr\/wp-content\/uploads\/2015\/02\/Appr%C3%83%C2%A9hender-l%C3%A2%E2%82%AC%E2%84%A2espace-et-ses-limites-par-la-lumi%C3%83%C2%A8re-Montmagny-Canada-LumiGroup.jpg?w=768&ssl=1",false,false,true],"large":["https:\/\/i0.wp.com\/joyana.fr\/wp-content\/uploads\/2015\/02\/Appr%C3%83%C2%A9hender-l%C3%A2%E2%82%AC%E2%84%A2espace-et-ses-limites-par-la-lumi%C3%83%C2%A8re-Montmagny-Canada-LumiGroup.jpg?fit=1024%2C1024&ssl=1",false,false,true],"1536x1536":["https:\/\/i0.wp.com\/joyana.fr\/wp-content\/uploads\/2015\/02\/Appr%C3%83%C2%A9hender-l%C3%A2%E2%82%AC%E2%84%A2espace-et-ses-limites-par-la-lumi%C3%83%C2%A8re-Montmagny-Canada-LumiGroup.jpg?fit=1536%2C1536&ssl=1",false,false,true],"2048x2048":["https:\/\/i0.wp.com\/joyana.fr\/wp-content\/uploads\/2015\/02\/Appr%C3%83%C2%A9hender-l%C3%A2%E2%82%AC%E2%84%A2espace-et-ses-limites-par-la-lumi%C3%83%C2%A8re-Montmagny-Canada-LumiGroup.jpg?fit=2048%2C2048&ssl=1",false,false,true],"featured-thumb":["https:\/\/i0.wp.com\/joyana.fr\/wp-content\/uploads\/2015\/02\/Appr%C3%83%C2%A9hender-l%C3%A2%E2%82%AC%E2%84%A2espace-et-ses-limites-par-la-lumi%C3%83%C2%A8re-Montmagny-Canada-LumiGroup.jpg?resize=1903%2C750&ssl=1",false,false,true],"ab-block-post-grid-landscape":["https:\/\/i0.wp.com\/joyana.fr\/wp-content\/uploads\/2015\/02\/Appr%C3%83%C2%A9hender-l%C3%A2%E2%82%AC%E2%84%A2espace-et-ses-limites-par-la-lumi%C3%83%C2%A8re-Montmagny-Canada-LumiGroup.jpg?resize=600%2C400&ssl=1",false,false,true],"ab-block-post-grid-square":["https:\/\/i0.wp.com\/joyana.fr\/wp-content\/uploads\/2015\/02\/Appr%C3%83%C2%A9hender-l%C3%A2%E2%82%AC%E2%84%A2espace-et-ses-limites-par-la-lumi%C3%83%C2%A8re-Montmagny-Canada-LumiGroup.jpg?resize=600%2C600&ssl=1",false,false,true],"author-pro-image":["https:\/\/i0.wp.com\/joyana.fr\/wp-content\/uploads\/2015\/02\/Appr%C3%83%C2%A9hender-l%C3%A2%E2%82%AC%E2%84%A2espace-et-ses-limites-par-la-lumi%C3%83%C2%A8re-Montmagny-Canada-LumiGroup.jpg?resize=360%2C570&ssl=1",false,false,true],"slider":["https:\/\/i0.wp.com\/joyana.fr\/wp-content\/uploads\/2015\/02\/Appr%C3%83%C2%A9hender-l%C3%A2%E2%82%AC%E2%84%A2espace-et-ses-limites-par-la-lumi%C3%83%C2%A8re-Montmagny-Canada-LumiGroup.jpg?resize=920%2C400&ssl=1",false,false,true],"woocommerce_thumbnail":["https:\/\/i0.wp.com\/joyana.fr\/wp-content\/uploads\/2015\/02\/Appr%C3%83%C2%A9hender-l%C3%A2%E2%82%AC%E2%84%A2espace-et-ses-limites-par-la-lumi%C3%83%C2%A8re-Montmagny-Canada-LumiGroup.jpg?resize=450%2C450&ssl=1",false,false,true],"woocommerce_single":["https:\/\/i0.wp.com\/joyana.fr\/wp-content\/uploads\/2015\/02\/Appr%C3%83%C2%A9hender-l%C3%A2%E2%82%AC%E2%84%A2espace-et-ses-limites-par-la-lumi%C3%83%C2%A8re-Montmagny-Canada-LumiGroup.jpg?w=920&ssl=1",false,false,true],"woocommerce_gallery_thumbnail":["https:\/\/i0.wp.com\/joyana.fr\/wp-content\/uploads\/2015\/02\/Appr%C3%83%C2%A9hender-l%C3%A2%E2%82%AC%E2%84%A2espace-et-ses-limites-par-la-lumi%C3%83%C2%A8re-Montmagny-Canada-LumiGroup.jpg?resize=180%2C180&ssl=1",false,false,true],"sow-carousel-default":["https:\/\/i0.wp.com\/joyana.fr\/wp-content\/uploads\/2015\/02\/Appr%C3%83%C2%A9hender-l%C3%A2%E2%82%AC%E2%84%A2espace-et-ses-limites-par-la-lumi%C3%83%C2%A8re-Montmagny-Canada-LumiGroup.jpg?resize=272%2C182&ssl=1",false,false,true]},"post_excerpt_stackable_v2":"<p>LumiGroup signe le design d&#8217;\u00e9clairage du Palais de justice de Montmagny au Canada. Une architecture institutionnelle o\u00f9 LumiGroup appr\u00e9hende l\u2019espace et ses limites par la lumi\u00e8re&#8230;<\/p>\n","category_list_v2":"<a href=\"https:\/\/joyana.fr\/ja\/category\/a-la-une\/\" rel=\"category tag\">A la une !!!<\/a>, <a href=\"https:\/\/joyana.fr\/ja\/category\/portfolio\/architecture\/\" rel=\"category tag\">ARCHITECTURE<\/a>, <a href=\"https:\/\/joyana.fr\/ja\/category\/deco-design\/architecture-deco-design\/pays\/canada\/\" rel=\"category tag\">Canada<\/a>, <a href=\"https:\/\/joyana.fr\/ja\/category\/deco-design\/\" rel=\"category tag\">DECO-DESIGN<\/a>, <a href=\"https:\/\/joyana.fr\/ja\/category\/deco-design\/luminaire\/\" rel=\"category tag\">Luminaire<\/a>","author_info_v2":{"name":"Jo Yana","url":"https:\/\/joyana.fr\/ja\/author\/joyana\/"},"comments_num_v2":"0 comments","yoast_head":"<!-- This site is optimized with the Yoast SEO plugin v26.8 - https:\/\/yoast.com\/product\/yoast-seo-wordpress\/ -->\n<title>LUMIGROUP - Appr\u00e9hender l\u2019espace et ses limites par la lumi\u00e8re | DECO-DESIGN<\/title>\n<meta name=\"description\" content=\"LumiGroup signe le design d&#039;\u00e9clairage du Palais de justice de Montmagny au Canada. Une architecture institutionnelle o\u00f9 LumiGroup appr\u00e9hende l\u2019espace et ses limites par la lumi\u00e8re...\" \/>\n<meta name=\"robots\" content=\"index, follow, max-snippet:-1, max-image-preview:large, max-video-preview:-1\" \/>\n<link rel=\"canonical\" href=\"https:\/\/joyana.fr\/ja\/apprehender-lespace-ses-limites-lumiere-lumigroup\/120050\/\" \/>\n<meta property=\"og:locale\" content=\"ja_JP\" \/>\n<meta property=\"og:locale:alternate\" content=\"fr_FR\" \/>\n<meta property=\"og:locale:alternate\" content=\"en_US\" \/>\n<meta property=\"og:type\" content=\"article\" \/>\n<meta property=\"og:title\" content=\"LUMIGROUP - Appr\u00e9hender l\u2019espace et ses limites par la lumi\u00e8re | DECO-DESIGN\" \/>\n<meta property=\"og:description\" content=\"LumiGroup signe le design d&#039;\u00e9clairage du Palais de justice de Montmagny au Canada. Une architecture institutionnelle o\u00f9 LumiGroup appr\u00e9hende l\u2019espace et ses limites par la lumi\u00e8re...\" \/>\n<meta property=\"og:url\" content=\"https:\/\/joyana.fr\/ja\/apprehender-lespace-ses-limites-lumiere-lumigroup\/120050\/\" \/>\n<meta property=\"og:site_name\" content=\"JO YANA\" \/>\n<meta property=\"article:published_time\" content=\"2015-02-17T16:17:21+00:00\" \/>\n<meta property=\"og:image\" content=\"https:\/\/joyana.fr\/wp-content\/uploads\/2015\/02\/Appr\u00c3\u00a9hender-l\u00e2\u20ac\u2122espace-et-ses-limites-par-la-lumi\u00c3\u00a8re-Montmagny-Canada-LumiGroup.jpg\" \/>\n\t<meta property=\"og:image:width\" content=\"1\" \/>\n\t<meta property=\"og:image:height\" content=\"1\" \/>\n\t<meta property=\"og:image:type\" content=\"image\/jpeg\" \/>\n<meta name=\"author\" content=\"Jo Yana\" \/>\n<meta name=\"twitter:card\" content=\"summary_large_image\" \/>\n<meta name=\"twitter:creator\" content=\"@Jo_Yana\" \/>\n<meta name=\"twitter:site\" content=\"@Jo_Yana\" \/>\n<meta name=\"twitter:label1\" content=\"\u57f7\u7b46\u8005\" \/>\n\t<meta name=\"twitter:data1\" content=\"Jo Yana\" \/>\n\t<meta name=\"twitter:label2\" content=\"\u63a8\u5b9a\u8aad\u307f\u53d6\u308a\u6642\u9593\" \/>\n\t<meta name=\"twitter:data2\" content=\"2\u5206\" \/>\n<script type=\"application\/ld+json\" class=\"yoast-schema-graph\">{\"@context\":\"https:\/\/schema.org\",\"@graph\":[{\"@type\":\"Article\",\"@id\":\"https:\/\/joyana.fr\/ja\/apprehender-lespace-ses-limites-lumiere-lumigroup\/120050\/#article\",\"isPartOf\":{\"@id\":\"https:\/\/joyana.fr\/ja\/apprehender-lespace-ses-limites-lumiere-lumigroup\/120050\/\"},\"author\":{\"name\":\"Jo Yana\",\"@id\":\"https:\/\/www.joyana.fr\/#\/schema\/person\/cf2a1ad12a27c12c21801075bf37407c\"},\"headline\":\"LUMIGROUP &#8211; Appr\u00e9hender l\u2019espace et ses limites par la lumi\u00e8re\",\"datePublished\":\"2015-02-17T16:17:21+00:00\",\"mainEntityOfPage\":{\"@id\":\"https:\/\/joyana.fr\/ja\/apprehender-lespace-ses-limites-lumiere-lumigroup\/120050\/\"},\"wordCount\":329,\"commentCount\":0,\"publisher\":{\"@id\":\"https:\/\/www.joyana.fr\/#\/schema\/person\/cf2a1ad12a27c12c21801075bf37407c\"},\"image\":{\"@id\":\"https:\/\/joyana.fr\/ja\/apprehender-lespace-ses-limites-lumiere-lumigroup\/120050\/#primaryimage\"},\"thumbnailUrl\":\"https:\/\/i0.wp.com\/joyana.fr\/wp-content\/uploads\/2015\/02\/Appr%C3%83%C2%A9hender-l%C3%A2%E2%82%AC%E2%84%A2espace-et-ses-limites-par-la-lumi%C3%83%C2%A8re-Montmagny-Canada-LumiGroup.jpg?fit=%2C&ssl=1\",\"keywords\":[\"Architecture\",\"Canada\",\"Design d'\u00e9clairage\",\"LumiGroup\"],\"articleSection\":[\"A la une !!!\",\"ARCHITECTURE\",\"Canada\",\"DECO-DESIGN\",\"Luminaire\"],\"inLanguage\":\"ja\",\"potentialAction\":[{\"@type\":\"CommentAction\",\"name\":\"Comment\",\"target\":[\"https:\/\/joyana.fr\/ja\/apprehender-lespace-ses-limites-lumiere-lumigroup\/120050\/#respond\"]}]},{\"@type\":\"WebPage\",\"@id\":\"https:\/\/joyana.fr\/ja\/apprehender-lespace-ses-limites-lumiere-lumigroup\/120050\/\",\"url\":\"https:\/\/joyana.fr\/ja\/apprehender-lespace-ses-limites-lumiere-lumigroup\/120050\/\",\"name\":\"LUMIGROUP - Appr\u00e9hender l\u2019espace et ses limites par la lumi\u00e8re | DECO-DESIGN\",\"isPartOf\":{\"@id\":\"https:\/\/www.joyana.fr\/#website\"},\"primaryImageOfPage\":{\"@id\":\"https:\/\/joyana.fr\/ja\/apprehender-lespace-ses-limites-lumiere-lumigroup\/120050\/#primaryimage\"},\"image\":{\"@id\":\"https:\/\/joyana.fr\/ja\/apprehender-lespace-ses-limites-lumiere-lumigroup\/120050\/#primaryimage\"},\"thumbnailUrl\":\"https:\/\/i0.wp.com\/joyana.fr\/wp-content\/uploads\/2015\/02\/Appr%C3%83%C2%A9hender-l%C3%A2%E2%82%AC%E2%84%A2espace-et-ses-limites-par-la-lumi%C3%83%C2%A8re-Montmagny-Canada-LumiGroup.jpg?fit=%2C&ssl=1\",\"datePublished\":\"2015-02-17T16:17:21+00:00\",\"description\":\"LumiGroup signe le design d'\u00e9clairage du Palais de justice de Montmagny au Canada. Une architecture institutionnelle o\u00f9 LumiGroup appr\u00e9hende l\u2019espace et ses limites par la lumi\u00e8re...\",\"breadcrumb\":{\"@id\":\"https:\/\/joyana.fr\/ja\/apprehender-lespace-ses-limites-lumiere-lumigroup\/120050\/#breadcrumb\"},\"inLanguage\":\"ja\",\"potentialAction\":[{\"@type\":\"ReadAction\",\"target\":[\"https:\/\/joyana.fr\/ja\/apprehender-lespace-ses-limites-lumiere-lumigroup\/120050\/\"]}]},{\"@type\":\"ImageObject\",\"inLanguage\":\"ja\",\"@id\":\"https:\/\/joyana.fr\/ja\/apprehender-lespace-ses-limites-lumiere-lumigroup\/120050\/#primaryimage\",\"url\":\"https:\/\/i0.wp.com\/joyana.fr\/wp-content\/uploads\/2015\/02\/Appr%C3%83%C2%A9hender-l%C3%A2%E2%82%AC%E2%84%A2espace-et-ses-limites-par-la-lumi%C3%83%C2%A8re-Montmagny-Canada-LumiGroup.jpg?fit=%2C&ssl=1\",\"contentUrl\":\"https:\/\/i0.wp.com\/joyana.fr\/wp-content\/uploads\/2015\/02\/Appr%C3%83%C2%A9hender-l%C3%A2%E2%82%AC%E2%84%A2espace-et-ses-limites-par-la-lumi%C3%83%C2%A8re-Montmagny-Canada-LumiGroup.jpg?fit=%2C&ssl=1\"},{\"@type\":\"BreadcrumbList\",\"@id\":\"https:\/\/joyana.fr\/ja\/apprehender-lespace-ses-limites-lumiere-lumigroup\/120050\/#breadcrumb\",\"itemListElement\":[{\"@type\":\"ListItem\",\"position\":1,\"name\":\"Accueil\",\"item\":\"https:\/\/www.joyana.fr\/\"},{\"@type\":\"ListItem\",\"position\":2,\"name\":\"LUMIGROUP &#8211; Appr\u00e9hender l\u2019espace et ses limites par la lumi\u00e8re\"}]},{\"@type\":\"WebSite\",\"@id\":\"https:\/\/www.joyana.fr\/#website\",\"url\":\"https:\/\/www.joyana.fr\/\",\"name\":\"JO YANA\",\"description\":\"Blog Mode Homme, Lifestyle, D\u00e9co-Design\",\"publisher\":{\"@id\":\"https:\/\/www.joyana.fr\/#\/schema\/person\/cf2a1ad12a27c12c21801075bf37407c\"},\"potentialAction\":[{\"@type\":\"SearchAction\",\"target\":{\"@type\":\"EntryPoint\",\"urlTemplate\":\"https:\/\/www.joyana.fr\/?s={search_term_string}\"},\"query-input\":{\"@type\":\"PropertyValueSpecification\",\"valueRequired\":true,\"valueName\":\"search_term_string\"}}],\"inLanguage\":\"ja\"},{\"@type\":[\"Person\",\"Organization\"],\"@id\":\"https:\/\/www.joyana.fr\/#\/schema\/person\/cf2a1ad12a27c12c21801075bf37407c\",\"name\":\"Jo Yana\",\"image\":{\"@type\":\"ImageObject\",\"inLanguage\":\"ja\",\"@id\":\"https:\/\/www.joyana.fr\/#\/schema\/person\/image\/\",\"url\":\"https:\/\/i0.wp.com\/joyana.fr\/wp-content\/uploads\/2016\/08\/cropped-joyana-logo-black-360x180.png?fit=343%2C164&ssl=1\",\"contentUrl\":\"https:\/\/i0.wp.com\/joyana.fr\/wp-content\/uploads\/2016\/08\/cropped-joyana-logo-black-360x180.png?fit=343%2C164&ssl=1\",\"width\":343,\"height\":164,\"caption\":\"Jo Yana\"},\"logo\":{\"@id\":\"https:\/\/www.joyana.fr\/#\/schema\/person\/image\/\"},\"description\":\"Jo Yana est le cr\u00e9ateur et r\u00e9dacteur en chef des sites DECO-DESIGN. Passionn\u00e9 de Design, Mode, Photo, Luxe, Lifestyle, Musique, mais avant tout Blogueur ! Le plaisir de partager l'anime et a comme devise \\\"POUR L'AMOUR DU BEAU\\\". Retrouvez le aussi sur son blog personnel - https:\/\/joyana.fr...\",\"sameAs\":[\"https:\/\/joyana.fr\/\"],\"url\":\"https:\/\/joyana.fr\/ja\/author\/joyana\/\"}]}<\/script>\n<!-- \/ Yoast SEO plugin. -->","yoast_head_json":{"title":"LUMIGROUP - Appr\u00e9hender l\u2019espace et ses limites par la lumi\u00e8re | DECO-DESIGN","description":"LumiGroup signe le design d'\u00e9clairage du Palais de justice de Montmagny au Canada. Une architecture institutionnelle o\u00f9 LumiGroup appr\u00e9hende l\u2019espace et ses limites par la lumi\u00e8re...","robots":{"index":"index","follow":"follow","max-snippet":"max-snippet:-1","max-image-preview":"max-image-preview:large","max-video-preview":"max-video-preview:-1"},"canonical":"https:\/\/joyana.fr\/ja\/apprehender-lespace-ses-limites-lumiere-lumigroup\/120050\/","og_locale":"ja_JP","og_type":"article","og_title":"LUMIGROUP - Appr\u00e9hender l\u2019espace et ses limites par la lumi\u00e8re | DECO-DESIGN","og_description":"LumiGroup signe le design d'\u00e9clairage du Palais de justice de Montmagny au Canada. Une architecture institutionnelle o\u00f9 LumiGroup appr\u00e9hende l\u2019espace et ses limites par la lumi\u00e8re...","og_url":"https:\/\/joyana.fr\/ja\/apprehender-lespace-ses-limites-lumiere-lumigroup\/120050\/","og_site_name":"JO YANA","article_published_time":"2015-02-17T16:17:21+00:00","og_image":[{"url":"https:\/\/joyana.fr\/wp-content\/uploads\/2015\/02\/Appr\u00c3\u00a9hender-l\u00e2\u20ac\u2122espace-et-ses-limites-par-la-lumi\u00c3\u00a8re-Montmagny-Canada-LumiGroup.jpg","width":1,"height":1,"type":"image\/jpeg"}],"author":"Jo Yana","twitter_card":"summary_large_image","twitter_creator":"@Jo_Yana","twitter_site":"@Jo_Yana","twitter_misc":{"\u57f7\u7b46\u8005":"Jo Yana","\u63a8\u5b9a\u8aad\u307f\u53d6\u308a\u6642\u9593":"2\u5206"},"schema":{"@context":"https:\/\/schema.org","@graph":[{"@type":"Article","@id":"https:\/\/joyana.fr\/ja\/apprehender-lespace-ses-limites-lumiere-lumigroup\/120050\/#article","isPartOf":{"@id":"https:\/\/joyana.fr\/ja\/apprehender-lespace-ses-limites-lumiere-lumigroup\/120050\/"},"author":{"name":"Jo Yana","@id":"https:\/\/www.joyana.fr\/#\/schema\/person\/cf2a1ad12a27c12c21801075bf37407c"},"headline":"LUMIGROUP &#8211; Appr\u00e9hender l\u2019espace et ses limites par la lumi\u00e8re","datePublished":"2015-02-17T16:17:21+00:00","mainEntityOfPage":{"@id":"https:\/\/joyana.fr\/ja\/apprehender-lespace-ses-limites-lumiere-lumigroup\/120050\/"},"wordCount":329,"commentCount":0,"publisher":{"@id":"https:\/\/www.joyana.fr\/#\/schema\/person\/cf2a1ad12a27c12c21801075bf37407c"},"image":{"@id":"https:\/\/joyana.fr\/ja\/apprehender-lespace-ses-limites-lumiere-lumigroup\/120050\/#primaryimage"},"thumbnailUrl":"https:\/\/i0.wp.com\/joyana.fr\/wp-content\/uploads\/2015\/02\/Appr%C3%83%C2%A9hender-l%C3%A2%E2%82%AC%E2%84%A2espace-et-ses-limites-par-la-lumi%C3%83%C2%A8re-Montmagny-Canada-LumiGroup.jpg?fit=%2C&ssl=1","keywords":["Architecture","Canada","Design d'\u00e9clairage","LumiGroup"],"articleSection":["A la une !!!","ARCHITECTURE","Canada","DECO-DESIGN","Luminaire"],"inLanguage":"ja","potentialAction":[{"@type":"CommentAction","name":"Comment","target":["https:\/\/joyana.fr\/ja\/apprehender-lespace-ses-limites-lumiere-lumigroup\/120050\/#respond"]}]},{"@type":"WebPage","@id":"https:\/\/joyana.fr\/ja\/apprehender-lespace-ses-limites-lumiere-lumigroup\/120050\/","url":"https:\/\/joyana.fr\/ja\/apprehender-lespace-ses-limites-lumiere-lumigroup\/120050\/","name":"LUMIGROUP - Appr\u00e9hender l\u2019espace et ses limites par la lumi\u00e8re | DECO-DESIGN","isPartOf":{"@id":"https:\/\/www.joyana.fr\/#website"},"primaryImageOfPage":{"@id":"https:\/\/joyana.fr\/ja\/apprehender-lespace-ses-limites-lumiere-lumigroup\/120050\/#primaryimage"},"image":{"@id":"https:\/\/joyana.fr\/ja\/apprehender-lespace-ses-limites-lumiere-lumigroup\/120050\/#primaryimage"},"thumbnailUrl":"https:\/\/i0.wp.com\/joyana.fr\/wp-content\/uploads\/2015\/02\/Appr%C3%83%C2%A9hender-l%C3%A2%E2%82%AC%E2%84%A2espace-et-ses-limites-par-la-lumi%C3%83%C2%A8re-Montmagny-Canada-LumiGroup.jpg?fit=%2C&ssl=1","datePublished":"2015-02-17T16:17:21+00:00","description":"LumiGroup signe le design d'\u00e9clairage du Palais de justice de Montmagny au Canada. Une architecture institutionnelle o\u00f9 LumiGroup appr\u00e9hende l\u2019espace et ses limites par la lumi\u00e8re...","breadcrumb":{"@id":"https:\/\/joyana.fr\/ja\/apprehender-lespace-ses-limites-lumiere-lumigroup\/120050\/#breadcrumb"},"inLanguage":"ja","potentialAction":[{"@type":"ReadAction","target":["https:\/\/joyana.fr\/ja\/apprehender-lespace-ses-limites-lumiere-lumigroup\/120050\/"]}]},{"@type":"ImageObject","inLanguage":"ja","@id":"https:\/\/joyana.fr\/ja\/apprehender-lespace-ses-limites-lumiere-lumigroup\/120050\/#primaryimage","url":"https:\/\/i0.wp.com\/joyana.fr\/wp-content\/uploads\/2015\/02\/Appr%C3%83%C2%A9hender-l%C3%A2%E2%82%AC%E2%84%A2espace-et-ses-limites-par-la-lumi%C3%83%C2%A8re-Montmagny-Canada-LumiGroup.jpg?fit=%2C&ssl=1","contentUrl":"https:\/\/i0.wp.com\/joyana.fr\/wp-content\/uploads\/2015\/02\/Appr%C3%83%C2%A9hender-l%C3%A2%E2%82%AC%E2%84%A2espace-et-ses-limites-par-la-lumi%C3%83%C2%A8re-Montmagny-Canada-LumiGroup.jpg?fit=%2C&ssl=1"},{"@type":"BreadcrumbList","@id":"https:\/\/joyana.fr\/ja\/apprehender-lespace-ses-limites-lumiere-lumigroup\/120050\/#breadcrumb","itemListElement":[{"@type":"ListItem","position":1,"name":"Accueil","item":"https:\/\/www.joyana.fr\/"},{"@type":"ListItem","position":2,"name":"LUMIGROUP &#8211; Appr\u00e9hender l\u2019espace et ses limites par la lumi\u00e8re"}]},{"@type":"WebSite","@id":"https:\/\/www.joyana.fr\/#website","url":"https:\/\/www.joyana.fr\/","name":"JO YANA","description":"Blog Mode Homme, Lifestyle, D\u00e9co-Design","publisher":{"@id":"https:\/\/www.joyana.fr\/#\/schema\/person\/cf2a1ad12a27c12c21801075bf37407c"},"potentialAction":[{"@type":"SearchAction","target":{"@type":"EntryPoint","urlTemplate":"https:\/\/www.joyana.fr\/?s={search_term_string}"},"query-input":{"@type":"PropertyValueSpecification","valueRequired":true,"valueName":"search_term_string"}}],"inLanguage":"ja"},{"@type":["Person","Organization"],"@id":"https:\/\/www.joyana.fr\/#\/schema\/person\/cf2a1ad12a27c12c21801075bf37407c","name":"Jo Yana","image":{"@type":"ImageObject","inLanguage":"ja","@id":"https:\/\/www.joyana.fr\/#\/schema\/person\/image\/","url":"https:\/\/i0.wp.com\/joyana.fr\/wp-content\/uploads\/2016\/08\/cropped-joyana-logo-black-360x180.png?fit=343%2C164&ssl=1","contentUrl":"https:\/\/i0.wp.com\/joyana.fr\/wp-content\/uploads\/2016\/08\/cropped-joyana-logo-black-360x180.png?fit=343%2C164&ssl=1","width":343,"height":164,"caption":"Jo Yana"},"logo":{"@id":"https:\/\/www.joyana.fr\/#\/schema\/person\/image\/"},"description":"Jo Yana est le cr\u00e9ateur et r\u00e9dacteur en chef des sites DECO-DESIGN. Passionn\u00e9 de Design, Mode, Photo, Luxe, Lifestyle, Musique, mais avant tout Blogueur ! Le plaisir de partager l'anime et a comme devise \"POUR L'AMOUR DU BEAU\". Retrouvez le aussi sur son blog personnel - https:\/\/joyana.fr...","sameAs":["https:\/\/joyana.fr\/"],"url":"https:\/\/joyana.fr\/ja\/author\/joyana\/"}]}},"author_meta":{"display_name":"Jo Yana","author_link":"https:\/\/joyana.fr\/ja\/author\/joyana\/"},"featured_img":"https:\/\/i0.wp.com\/joyana.fr\/wp-content\/uploads\/2015\/02\/Appr%C3%83%C2%A9hender-l%C3%A2%E2%82%AC%E2%84%A2espace-et-ses-limites-par-la-lumi%C3%83%C2%A8re-Montmagny-Canada-LumiGroup.jpg?fit=389%2C389&ssl=1","featured_image_src":"https:\/\/i0.wp.com\/joyana.fr\/wp-content\/uploads\/2015\/02\/Appr%C3%83%C2%A9hender-l%C3%A2%E2%82%AC%E2%84%A2espace-et-ses-limites-par-la-lumi%C3%83%C2%A8re-Montmagny-Canada-LumiGroup.jpg?resize=600%2C400&ssl=1","featured_image_src_square":"https:\/\/i0.wp.com\/joyana.fr\/wp-content\/uploads\/2015\/02\/Appr%C3%83%C2%A9hender-l%C3%A2%E2%82%AC%E2%84%A2espace-et-ses-limites-par-la-lumi%C3%83%C2%A8re-Montmagny-Canada-LumiGroup.jpg?resize=600%2C600&ssl=1","jetpack_featured_media_url":"https:\/\/i0.wp.com\/joyana.fr\/wp-content\/uploads\/2015\/02\/Appr%C3%83%C2%A9hender-l%C3%A2%E2%82%AC%E2%84%A2espace-et-ses-limites-par-la-lumi%C3%83%C2%A8re-Montmagny-Canada-LumiGroup.jpg?fit=%2C&ssl=1","uagb_featured_image_src":{"full":["https:\/\/i0.wp.com\/joyana.fr\/wp-content\/uploads\/2015\/02\/Appr%C3%83%C2%A9hender-l%C3%A2%E2%82%AC%E2%84%A2espace-et-ses-limites-par-la-lumi%C3%83%C2%A8re-Montmagny-Canada-LumiGroup.jpg?fit=%2C&ssl=1",false,false,false],"thumbnail":["https:\/\/i0.wp.com\/joyana.fr\/wp-content\/uploads\/2015\/02\/Appr%C3%83%C2%A9hender-l%C3%A2%E2%82%AC%E2%84%A2espace-et-ses-limites-par-la-lumi%C3%83%C2%A8re-Montmagny-Canada-LumiGroup.jpg?resize=150%2C150&ssl=1",false,false,true],"medium":["https:\/\/i0.wp.com\/joyana.fr\/wp-content\/uploads\/2015\/02\/Appr%C3%83%C2%A9hender-l%C3%A2%E2%82%AC%E2%84%A2espace-et-ses-limites-par-la-lumi%C3%83%C2%A8re-Montmagny-Canada-LumiGroup.jpg?fit=389%2C389&ssl=1",false,false,true],"medium_large":["https:\/\/i0.wp.com\/joyana.fr\/wp-content\/uploads\/2015\/02\/Appr%C3%83%C2%A9hender-l%C3%A2%E2%82%AC%E2%84%A2espace-et-ses-limites-par-la-lumi%C3%83%C2%A8re-Montmagny-Canada-LumiGroup.jpg?w=768&ssl=1",false,false,true],"large":["https:\/\/i0.wp.com\/joyana.fr\/wp-content\/uploads\/2015\/02\/Appr%C3%83%C2%A9hender-l%C3%A2%E2%82%AC%E2%84%A2espace-et-ses-limites-par-la-lumi%C3%83%C2%A8re-Montmagny-Canada-LumiGroup.jpg?fit=1024%2C1024&ssl=1",false,false,true],"1536x1536":["https:\/\/i0.wp.com\/joyana.fr\/wp-content\/uploads\/2015\/02\/Appr%C3%83%C2%A9hender-l%C3%A2%E2%82%AC%E2%84%A2espace-et-ses-limites-par-la-lumi%C3%83%C2%A8re-Montmagny-Canada-LumiGroup.jpg?fit=1536%2C1536&ssl=1",false,false,true],"2048x2048":["https:\/\/i0.wp.com\/joyana.fr\/wp-content\/uploads\/2015\/02\/Appr%C3%83%C2%A9hender-l%C3%A2%E2%82%AC%E2%84%A2espace-et-ses-limites-par-la-lumi%C3%83%C2%A8re-Montmagny-Canada-LumiGroup.jpg?fit=2048%2C2048&ssl=1",false,false,true],"featured-thumb":["https:\/\/i0.wp.com\/joyana.fr\/wp-content\/uploads\/2015\/02\/Appr%C3%83%C2%A9hender-l%C3%A2%E2%82%AC%E2%84%A2espace-et-ses-limites-par-la-lumi%C3%83%C2%A8re-Montmagny-Canada-LumiGroup.jpg?resize=1903%2C750&ssl=1",false,false,true],"ab-block-post-grid-landscape":["https:\/\/i0.wp.com\/joyana.fr\/wp-content\/uploads\/2015\/02\/Appr%C3%83%C2%A9hender-l%C3%A2%E2%82%AC%E2%84%A2espace-et-ses-limites-par-la-lumi%C3%83%C2%A8re-Montmagny-Canada-LumiGroup.jpg?resize=600%2C400&ssl=1",false,false,true],"ab-block-post-grid-square":["https:\/\/i0.wp.com\/joyana.fr\/wp-content\/uploads\/2015\/02\/Appr%C3%83%C2%A9hender-l%C3%A2%E2%82%AC%E2%84%A2espace-et-ses-limites-par-la-lumi%C3%83%C2%A8re-Montmagny-Canada-LumiGroup.jpg?resize=600%2C600&ssl=1",false,false,true],"author-pro-image":["https:\/\/i0.wp.com\/joyana.fr\/wp-content\/uploads\/2015\/02\/Appr%C3%83%C2%A9hender-l%C3%A2%E2%82%AC%E2%84%A2espace-et-ses-limites-par-la-lumi%C3%83%C2%A8re-Montmagny-Canada-LumiGroup.jpg?resize=360%2C570&ssl=1",false,false,true],"slider":["https:\/\/i0.wp.com\/joyana.fr\/wp-content\/uploads\/2015\/02\/Appr%C3%83%C2%A9hender-l%C3%A2%E2%82%AC%E2%84%A2espace-et-ses-limites-par-la-lumi%C3%83%C2%A8re-Montmagny-Canada-LumiGroup.jpg?resize=920%2C400&ssl=1",false,false,true],"woocommerce_thumbnail":["https:\/\/i0.wp.com\/joyana.fr\/wp-content\/uploads\/2015\/02\/Appr%C3%83%C2%A9hender-l%C3%A2%E2%82%AC%E2%84%A2espace-et-ses-limites-par-la-lumi%C3%83%C2%A8re-Montmagny-Canada-LumiGroup.jpg?resize=450%2C450&ssl=1",false,false,true],"woocommerce_single":["https:\/\/i0.wp.com\/joyana.fr\/wp-content\/uploads\/2015\/02\/Appr%C3%83%C2%A9hender-l%C3%A2%E2%82%AC%E2%84%A2espace-et-ses-limites-par-la-lumi%C3%83%C2%A8re-Montmagny-Canada-LumiGroup.jpg?w=920&ssl=1",false,false,true],"woocommerce_gallery_thumbnail":["https:\/\/i0.wp.com\/joyana.fr\/wp-content\/uploads\/2015\/02\/Appr%C3%83%C2%A9hender-l%C3%A2%E2%82%AC%E2%84%A2espace-et-ses-limites-par-la-lumi%C3%83%C2%A8re-Montmagny-Canada-LumiGroup.jpg?resize=180%2C180&ssl=1",false,false,true],"sow-carousel-default":["https:\/\/i0.wp.com\/joyana.fr\/wp-content\/uploads\/2015\/02\/Appr%C3%83%C2%A9hender-l%C3%A2%E2%82%AC%E2%84%A2espace-et-ses-limites-par-la-lumi%C3%83%C2%A8re-Montmagny-Canada-LumiGroup.jpg?resize=272%2C182&ssl=1",false,false,true]},"uagb_author_info":{"display_name":"Jo Yana","author_link":"https:\/\/joyana.fr\/ja\/author\/joyana\/"},"uagb_comment_info":2,"uagb_excerpt":"LumiGroup signe le design d'\u00e9clairage du Palais de just&hellip;","coauthors":[],"tax_additional":{"categories":{"linked":["<a href=\"https:\/\/joyana.fr\/ja\/category\/a-la-une\/\" class=\"advgb-post-tax-term\">A la une !!!<\/a>","<a href=\"https:\/\/joyana.fr\/ja\/category\/portfolio\/architecture\/\" class=\"advgb-post-tax-term\">ARCHITECTURE<\/a>","<a href=\"https:\/\/joyana.fr\/ja\/category\/deco-design\/architecture-deco-design\/pays\/canada\/\" class=\"advgb-post-tax-term\">Canada<\/a>","<a href=\"https:\/\/joyana.fr\/ja\/category\/deco-design\/\" class=\"advgb-post-tax-term\">DECO-DESIGN<\/a>","<a href=\"https:\/\/joyana.fr\/ja\/category\/deco-design\/luminaire\/\" class=\"advgb-post-tax-term\">Luminaire<\/a>"],"unlinked":["<span class=\"advgb-post-tax-term\">A la une !!!<\/span>","<span class=\"advgb-post-tax-term\">ARCHITECTURE<\/span>","<span class=\"advgb-post-tax-term\">Canada<\/span>","<span class=\"advgb-post-tax-term\">DECO-DESIGN<\/span>","<span class=\"advgb-post-tax-term\">Luminaire<\/span>"]},"tags":{"linked":["<a href=\"https:\/\/joyana.fr\/ja\/category\/deco-design\/luminaire\/\" class=\"advgb-post-tax-term\">Architecture<\/a>","<a href=\"https:\/\/joyana.fr\/ja\/category\/deco-design\/luminaire\/\" class=\"advgb-post-tax-term\">Canada<\/a>","<a href=\"https:\/\/joyana.fr\/ja\/category\/deco-design\/luminaire\/\" class=\"advgb-post-tax-term\">Design d&#039;\u00e9clairage<\/a>","<a href=\"https:\/\/joyana.fr\/ja\/category\/deco-design\/luminaire\/\" class=\"advgb-post-tax-term\">LumiGroup<\/a>"],"unlinked":["<span class=\"advgb-post-tax-term\">Architecture<\/span>","<span class=\"advgb-post-tax-term\">Canada<\/span>","<span class=\"advgb-post-tax-term\">Design d&#039;\u00e9clairage<\/span>","<span class=\"advgb-post-tax-term\">LumiGroup<\/span>"]}},"comment_count":0,"relative_dates":{"created":"Posted 11\u5e74 ago","modified":"Updated 11\u5e74 ago"},"absolute_dates":{"created":"Posted on 17 2\u6708 2015","modified":"Updated on 17 2\u6708 2015"},"absolute_dates_time":{"created":"Posted on 17 2\u6708 2015 17:17","modified":"Updated on 17 2\u6708 2015 17:17"},"featured_img_caption":"","series_order":"","jetpack_sharing_enabled":true,"jetpack_shortlink":"https:\/\/wp.me\/p9bteI-vei","jetpack-related-posts":[],"_links":{"self":[{"href":"https:\/\/joyana.fr\/ja\/wp-json\/wp\/v2\/posts\/120050","targetHints":{"allow":["GET"]}}],"collection":[{"href":"https:\/\/joyana.fr\/ja\/wp-json\/wp\/v2\/posts"}],"about":[{"href":"https:\/\/joyana.fr\/ja\/wp-json\/wp\/v2\/types\/post"}],"author":[{"embeddable":true,"href":"https:\/\/joyana.fr\/ja\/wp-json\/wp\/v2\/users\/3"}],"replies":[{"embeddable":true,"href":"https:\/\/joyana.fr\/ja\/wp-json\/wp\/v2\/comments?post=120050"}],"version-history":[{"count":0,"href":"https:\/\/joyana.fr\/ja\/wp-json\/wp\/v2\/posts\/120050\/revisions"}],"wp:featuredmedia":[{"embeddable":true,"href":"https:\/\/joyana.fr\/ja\/wp-json\/wp\/v2\/media\/120066"}],"wp:attachment":[{"href":"https:\/\/joyana.fr\/ja\/wp-json\/wp\/v2\/media?parent=120050"}],"wp:term":[{"taxonomy":"category","embeddable":true,"href":"https:\/\/joyana.fr\/ja\/wp-json\/wp\/v2\/categories?post=120050"},{"taxonomy":"post_tag","embeddable":true,"href":"https:\/\/joyana.fr\/ja\/wp-json\/wp\/v2\/tags?post=120050"}],"curies":[{"name":"wp","href":"https:\/\/api.w.org\/{rel}","templated":true}]}}