{"id":120306,"date":"2015-03-16T18:22:35","date_gmt":"2015-03-16T17:22:35","guid":{"rendered":"https:\/\/joyana.fr\/?p=20306"},"modified":"2015-03-16T18:22:35","modified_gmt":"2015-03-16T17:22:35","slug":"gwendoline-del-campo-projet-de-fin-detude-travaux-a-laiguille","status":"publish","type":"post","link":"https:\/\/joyana.fr\/ja\/gwendoline-del-campo-projet-de-fin-detude-travaux-a-laiguille\/120306\/","title":{"rendered":"Gwendoline DEL CAMPO \u00ab travaux \u00e0 l\u2019aiguille \u00bb"},"content":{"rendered":"<p style=\"text-align: justify;\">La designer <strong>Gwendoline Del Campo<\/strong> pr\u00e9sentait son projet de fin d&#8217;\u00e9tude &#8211; <strong>\u00ab travaux \u00e0 l\u2019aiguille \u00bb<\/strong> &#8211; \u00e0 la <strong><a title=\"BIENNALE DESIGN SAINT ETIENNE\" href=\"https:\/\/joyana.fr\/category\/actualite\/salon\/biennale-design-internationale-saint-etienne\/\" target=\"_blank\">Biennale Design de Saint-Etienne<\/a><\/strong>&#8230;<\/p>\n<p><a href=\"https:\/\/i0.wp.com\/joyana.fr\/wp-content\/uploads\/2015\/03\/DEL-CAMPO-DSC07509.jpg?ssl=1\"><img data-recalc-dims=\"1\" fetchpriority=\"high\" decoding=\"async\" class=\"alignnone size-full wp-image-20308\" src=\"https:\/\/i0.wp.com\/joyana.fr\/wp-content\/uploads\/2015\/03\/DEL-CAMPO-DSC07509.jpg?resize=1000%2C659&#038;ssl=1\" alt=\"DEL CAMPO DSC07509\" width=\"1000\" height=\"659\" \/><\/a><\/p>\n<p style=\"text-align: justify;\">A travers <strong>\u00ab travaux \u00e0 l\u2019aiguille \u00bb Gwendoline Del Campo<\/strong> suit son intuition de d\u00e9part et r\u00e9v\u00e8le le sens de l\u2019objet gr\u00e2ce \u00e0 son mode de fabrication. Transmettre une histoire \u00e0 l\u2019aide du savoir-faire utilis\u00e9 pour le fa\u00e7onner : <em>\u00ab La cr\u00e9ativit\u00e9 mise au service de la tradition apporte un suppl\u00e9ment d\u2019\u00e2me, ce quelque chose insaisissable qui s\u00e9duit et suscite le plaisir \u00bb<\/em> explique la designer Emma roux. Ce projet souligne un glissement des savoir-faire du textile vers des techniques de mat\u00e9riaux souples dans le domaine de l\u2019ameublement.<\/p>\n<p style=\"text-align: justify;\">Il exp\u00e9rimente les savoir-faire des ouvrages de dames ; cette discipline est une connaissance acquise par une pratique constante des femmes et transmise de g\u00e9n\u00e9ration en g\u00e9n\u00e9ration.<\/p>\n<p style=\"text-align: justify;\">Auparavant, l\u2019ouvrage de dames, appel\u00e9 aussi <strong>\u00ab travaux \u00e0 l\u2019aiguille \u00bb<\/strong>, se pla\u00e7ait au premier rang des occupations manuelles des femmes. Ces pratiques naissent du besoin primordial de porter des v\u00eatements et des parures. Les \u00ab travaux \u00e0 l\u2019aiguille \u00bb sont acquis \u00e0 l\u2019\u00e9cole pour d\u00e9velopper la dext\u00e9rit\u00e9, la rigueur et pour comprendre l\u2019importance du travail manuel. Aujourd\u2019hui, l\u2019ouvrage de dame est un mode de fabrication non consid\u00e9r\u00e9, jug\u00e9 souvent d\u00e9suet, surann\u00e9 et d\u00e9pass\u00e9.<\/p>\n<p style=\"text-align: justify;\">Il faut reconsid\u00e9rer ces pr\u00e9jug\u00e9s pour d\u00e9couvrir un potentiel de production sans limite. Dans mon projet, ce savoir-faire devient un processus de fabrication ; un travail sur le d\u00e9tail, la lenteur, l\u2019ornement. Cette collection d\u2019objets du quotidien na\u00eet d\u2019une succession d\u2019exp\u00e9rimentation de fibres, de savoir-faire, et d\u2019une collaboration avec des entreprises et des artisans. De cette \u00e9troite collaboration est n\u00e9e un d\u00e9tournement esth\u00e9tique devenu au gr\u00e9 des \u00e9changes plus subtil mais aussi plus \u00e9vident&#8230;<\/p>\n<p style=\"text-align: justify;\">Pour voir la collection compl\u00e8te, \u00e7a se passe chez notre coll\u00e8gue du <a href=\"http:\/\/www.journal-du-design.fr\/design\/travaux-laiguille-par-gwendoline-del-campo-57456\/\" target=\"_blank\">Journal du Design<\/a>.<\/p>\n<p><a href=\"https:\/\/i0.wp.com\/joyana.fr\/wp-content\/uploads\/2015\/03\/DEL-CAMPO-DSC07510.jpg?ssl=1\"><img data-recalc-dims=\"1\" decoding=\"async\" class=\"alignnone size-full wp-image-20309\" src=\"https:\/\/i0.wp.com\/joyana.fr\/wp-content\/uploads\/2015\/03\/DEL-CAMPO-DSC07510.jpg?resize=1000%2C667&#038;ssl=1\" alt=\"DEL CAMPO DSC07510\" width=\"1000\" height=\"667\" \/><\/a><\/p>\n<p><a href=\"https:\/\/i0.wp.com\/joyana.fr\/wp-content\/uploads\/2015\/03\/DEL-CAMPO-DSC07511.jpg?ssl=1\"><img data-recalc-dims=\"1\" decoding=\"async\" class=\"alignnone size-full wp-image-20310\" src=\"https:\/\/i0.wp.com\/joyana.fr\/wp-content\/uploads\/2015\/03\/DEL-CAMPO-DSC07511.jpg?resize=1000%2C731&#038;ssl=1\" alt=\"DEL CAMPO DSC07511\" width=\"1000\" height=\"731\" \/><\/a><\/p>\n<p style=\"text-align: center;\">En savoir + sur <strong><a href=\"http:\/\/www.delcampo-designer.com\" target=\"_blank\">Gwendoline DEL CAMPO<\/a><\/strong><\/p>\n","protected":false},"excerpt":{"rendered":"<p>La designer Gwendoline Del Campo pr\u00e9sentait son projet de fin d&#8217;\u00e9tude &#8211; \u00ab travaux \u00e0 l\u2019aiguille \u00bb &#038; [&hellip;]<\/p>\n","protected":false},"author":3,"featured_media":120307,"comment_status":"open","ping_status":"open","sticky":false,"template":"","format":"aside","meta":{"_coblocks_attr":"","_coblocks_dimensions":"","_coblocks_responsive_height":"","_coblocks_accordion_ie_support":"","_uag_custom_page_level_css":"","advgb_blocks_editor_width":"","advgb_blocks_columns_visual_guide":"","_genesis_hide_title":false,"_genesis_hide_breadcrumbs":false,"_genesis_hide_singular_image":false,"_genesis_hide_footer_widgets":false,"_genesis_custom_body_class":"","_genesis_custom_post_class":"","_genesis_layout":"","_themeisle_gutenberg_block_has_review":false,"_jetpack_newsletter_access":"","_jetpack_dont_email_post_to_subs":false,"_jetpack_newsletter_tier_id":0,"_jetpack_memberships_contains_paywalled_content":false,"_jetpack_memberships_contains_paid_content":false,"footnotes":""},"categories":[940,1035,905,942],"tags":[1982,1284,1988],"class_list":{"0":"post-120306","1":"post","2":"type-post","3":"status-publish","4":"format-aside","5":"has-post-thumbnail","7":"category-art-contemporain","8":"category-biennale-design-internationale-saint-etienne","9":"category-deco-design","10":"category-mobilier","11":"tag-biennaledesign15","12":"tag-biennale-du-design-de-saint-etienne","13":"tag-gwendoline-del-campo","14":"post_format-post-format-aside","15":"entry"},"featured_image_urls":{"full":["https:\/\/i0.wp.com\/joyana.fr\/wp-content\/uploads\/2015\/03\/DEL-CAMPO-DSC07508.jpg?fit=1000%2C667&ssl=1",1000,667,false],"thumbnail":["https:\/\/i0.wp.com\/joyana.fr\/wp-content\/uploads\/2015\/03\/DEL-CAMPO-DSC07508.jpg?resize=150%2C150&ssl=1",150,150,true],"medium":["https:\/\/i0.wp.com\/joyana.fr\/wp-content\/uploads\/2015\/03\/DEL-CAMPO-DSC07508.jpg?fit=389%2C259&ssl=1",389,259,true],"medium_large":["https:\/\/i0.wp.com\/joyana.fr\/wp-content\/uploads\/2015\/03\/DEL-CAMPO-DSC07508.jpg?fit=768%2C512&ssl=1",768,512,true],"large":["https:\/\/i0.wp.com\/joyana.fr\/wp-content\/uploads\/2015\/03\/DEL-CAMPO-DSC07508.jpg?fit=1000%2C667&ssl=1",1000,667,true],"1536x1536":["https:\/\/i0.wp.com\/joyana.fr\/wp-content\/uploads\/2015\/03\/DEL-CAMPO-DSC07508.jpg?fit=1000%2C667&ssl=1",1000,667,true],"2048x2048":["https:\/\/i0.wp.com\/joyana.fr\/wp-content\/uploads\/2015\/03\/DEL-CAMPO-DSC07508.jpg?fit=1000%2C667&ssl=1",1000,667,true],"featured-thumb":["https:\/\/i0.wp.com\/joyana.fr\/wp-content\/uploads\/2015\/03\/DEL-CAMPO-DSC07508.jpg?resize=1000%2C667&ssl=1",1000,667,true],"ab-block-post-grid-landscape":["https:\/\/i0.wp.com\/joyana.fr\/wp-content\/uploads\/2015\/03\/DEL-CAMPO-DSC07508.jpg?resize=600%2C400&ssl=1",600,400,true],"ab-block-post-grid-square":["https:\/\/i0.wp.com\/joyana.fr\/wp-content\/uploads\/2015\/03\/DEL-CAMPO-DSC07508.jpg?resize=600%2C600&ssl=1",600,600,true],"author-pro-image":["https:\/\/i0.wp.com\/joyana.fr\/wp-content\/uploads\/2015\/03\/DEL-CAMPO-DSC07508.jpg?resize=360%2C570&ssl=1",360,570,true],"slider":["https:\/\/i0.wp.com\/joyana.fr\/wp-content\/uploads\/2015\/03\/DEL-CAMPO-DSC07508.jpg?resize=920%2C400&ssl=1",920,400,true],"woocommerce_thumbnail":["https:\/\/i0.wp.com\/joyana.fr\/wp-content\/uploads\/2015\/03\/DEL-CAMPO-DSC07508.jpg?resize=450%2C450&ssl=1",450,450,true],"woocommerce_single":["https:\/\/i0.wp.com\/joyana.fr\/wp-content\/uploads\/2015\/03\/DEL-CAMPO-DSC07508.jpg?fit=920%2C614&ssl=1",920,614,true],"woocommerce_gallery_thumbnail":["https:\/\/i0.wp.com\/joyana.fr\/wp-content\/uploads\/2015\/03\/DEL-CAMPO-DSC07508.jpg?resize=180%2C180&ssl=1",180,180,true],"sow-carousel-default":["https:\/\/i0.wp.com\/joyana.fr\/wp-content\/uploads\/2015\/03\/DEL-CAMPO-DSC07508.jpg?resize=272%2C182&ssl=1",272,182,true]},"post_excerpt_stackable":"<p>La designer Gwendoline Del Campo pr\u00e9sentait son projet de fin d&#8217;\u00e9tude &#8211; \u00ab travaux \u00e0 l\u2019ai&hellip;<\/p>\n","category_list":"<a href=\"https:\/\/joyana.fr\/ja\/category\/deco-design\/actualite\/art-contemporain\/\" rel=\"category tag\">Art Contemporain<\/a>, <a href=\"https:\/\/joyana.fr\/ja\/category\/deco-design\/actualite\/salon\/biennale-design-internationale-saint-etienne\/\" rel=\"category tag\">Biennale Internationale Design (Saint-Etienne)<\/a>, <a href=\"https:\/\/joyana.fr\/ja\/category\/deco-design\/\" rel=\"category tag\">DECO-DESIGN<\/a>, <a href=\"https:\/\/joyana.fr\/ja\/category\/deco-design\/mobilier\/\" rel=\"category tag\">Mobilier<\/a>","author_info":{"display_name":"Jo Yana","author_link":"https:\/\/joyana.fr\/ja\/author\/joyana\/"},"comments_num":"0 comments","featured_image_urls_v2":{"full":["https:\/\/i0.wp.com\/joyana.fr\/wp-content\/uploads\/2015\/03\/DEL-CAMPO-DSC07508.jpg?fit=1000%2C667&ssl=1",1000,667,false],"thumbnail":["https:\/\/i0.wp.com\/joyana.fr\/wp-content\/uploads\/2015\/03\/DEL-CAMPO-DSC07508.jpg?resize=150%2C150&ssl=1",150,150,true],"medium":["https:\/\/i0.wp.com\/joyana.fr\/wp-content\/uploads\/2015\/03\/DEL-CAMPO-DSC07508.jpg?fit=389%2C259&ssl=1",389,259,true],"medium_large":["https:\/\/i0.wp.com\/joyana.fr\/wp-content\/uploads\/2015\/03\/DEL-CAMPO-DSC07508.jpg?fit=768%2C512&ssl=1",768,512,true],"large":["https:\/\/i0.wp.com\/joyana.fr\/wp-content\/uploads\/2015\/03\/DEL-CAMPO-DSC07508.jpg?fit=1000%2C667&ssl=1",1000,667,true],"1536x1536":["https:\/\/i0.wp.com\/joyana.fr\/wp-content\/uploads\/2015\/03\/DEL-CAMPO-DSC07508.jpg?fit=1000%2C667&ssl=1",1000,667,true],"2048x2048":["https:\/\/i0.wp.com\/joyana.fr\/wp-content\/uploads\/2015\/03\/DEL-CAMPO-DSC07508.jpg?fit=1000%2C667&ssl=1",1000,667,true],"featured-thumb":["https:\/\/i0.wp.com\/joyana.fr\/wp-content\/uploads\/2015\/03\/DEL-CAMPO-DSC07508.jpg?resize=1000%2C667&ssl=1",1000,667,true],"ab-block-post-grid-landscape":["https:\/\/i0.wp.com\/joyana.fr\/wp-content\/uploads\/2015\/03\/DEL-CAMPO-DSC07508.jpg?resize=600%2C400&ssl=1",600,400,true],"ab-block-post-grid-square":["https:\/\/i0.wp.com\/joyana.fr\/wp-content\/uploads\/2015\/03\/DEL-CAMPO-DSC07508.jpg?resize=600%2C600&ssl=1",600,600,true],"author-pro-image":["https:\/\/i0.wp.com\/joyana.fr\/wp-content\/uploads\/2015\/03\/DEL-CAMPO-DSC07508.jpg?resize=360%2C570&ssl=1",360,570,true],"slider":["https:\/\/i0.wp.com\/joyana.fr\/wp-content\/uploads\/2015\/03\/DEL-CAMPO-DSC07508.jpg?resize=920%2C400&ssl=1",920,400,true],"woocommerce_thumbnail":["https:\/\/i0.wp.com\/joyana.fr\/wp-content\/uploads\/2015\/03\/DEL-CAMPO-DSC07508.jpg?resize=450%2C450&ssl=1",450,450,true],"woocommerce_single":["https:\/\/i0.wp.com\/joyana.fr\/wp-content\/uploads\/2015\/03\/DEL-CAMPO-DSC07508.jpg?fit=920%2C614&ssl=1",920,614,true],"woocommerce_gallery_thumbnail":["https:\/\/i0.wp.com\/joyana.fr\/wp-content\/uploads\/2015\/03\/DEL-CAMPO-DSC07508.jpg?resize=180%2C180&ssl=1",180,180,true],"sow-carousel-default":["https:\/\/i0.wp.com\/joyana.fr\/wp-content\/uploads\/2015\/03\/DEL-CAMPO-DSC07508.jpg?resize=272%2C182&ssl=1",272,182,true]},"post_excerpt_stackable_v2":"<p>La designer Gwendoline Del Campo pr\u00e9sentait son projet de fin d&#8217;\u00e9tude &#8211; \u00ab travaux \u00e0 l\u2019ai&hellip;<\/p>\n","category_list_v2":"<a href=\"https:\/\/joyana.fr\/ja\/category\/deco-design\/actualite\/art-contemporain\/\" rel=\"category tag\">Art Contemporain<\/a>, <a href=\"https:\/\/joyana.fr\/ja\/category\/deco-design\/actualite\/salon\/biennale-design-internationale-saint-etienne\/\" rel=\"category tag\">Biennale Internationale Design (Saint-Etienne)<\/a>, <a href=\"https:\/\/joyana.fr\/ja\/category\/deco-design\/\" rel=\"category tag\">DECO-DESIGN<\/a>, <a href=\"https:\/\/joyana.fr\/ja\/category\/deco-design\/mobilier\/\" rel=\"category tag\">Mobilier<\/a>","author_info_v2":{"name":"Jo Yana","url":"https:\/\/joyana.fr\/ja\/author\/joyana\/"},"comments_num_v2":"0 comments","yoast_head":"<!-- This site is optimized with the Yoast SEO plugin v26.8 - https:\/\/yoast.com\/product\/yoast-seo-wordpress\/ -->\n<title>Gwendoline DEL CAMPO \u00ab travaux \u00e0 l\u2019aiguille \u00bb | DECO-DESIGN<\/title>\n<meta name=\"robots\" content=\"index, follow, max-snippet:-1, max-image-preview:large, max-video-preview:-1\" \/>\n<link rel=\"canonical\" href=\"https:\/\/www.joyana.fr\/en\/gwendoline-del-campo-projet-de-fin-detude-travaux-a-laiguille\/120306\/\" \/>\n<meta property=\"og:locale\" content=\"ja_JP\" \/>\n<meta property=\"og:locale:alternate\" content=\"fr_FR\" \/>\n<meta property=\"og:locale:alternate\" content=\"en_US\" \/>\n<meta property=\"og:type\" content=\"article\" \/>\n<meta property=\"og:title\" content=\"Gwendoline DEL CAMPO \u00ab travaux \u00e0 l\u2019aiguille \u00bb | DECO-DESIGN\" \/>\n<meta property=\"og:description\" content=\"La designer Gwendoline Del Campo pr\u00e9sentait son projet de fin d&#8217;\u00e9tude &#8211; \u00ab travaux \u00e0 l\u2019aiguille \u00bb &amp; [&hellip;]\" \/>\n<meta property=\"og:url\" content=\"https:\/\/joyana.fr\/ja\/gwendoline-del-campo-projet-de-fin-detude-travaux-a-laiguille\/120306\/\" \/>\n<meta property=\"og:site_name\" content=\"JO YANA\" \/>\n<meta property=\"article:published_time\" content=\"2015-03-16T17:22:35+00:00\" \/>\n<meta property=\"og:image\" content=\"https:\/\/www.joyana.fr\/wp-content\/uploads\/2015\/03\/DEL-CAMPO-DSC07508.jpg\" \/>\n\t<meta property=\"og:image:width\" content=\"1000\" \/>\n\t<meta property=\"og:image:height\" content=\"667\" \/>\n\t<meta property=\"og:image:type\" content=\"image\/jpeg\" \/>\n<meta name=\"author\" content=\"Jo Yana\" \/>\n<meta name=\"twitter:card\" content=\"summary_large_image\" \/>\n<meta name=\"twitter:creator\" content=\"@Jo_Yana\" \/>\n<meta name=\"twitter:site\" content=\"@Jo_Yana\" \/>\n<meta name=\"twitter:label1\" content=\"\u57f7\u7b46\u8005\" \/>\n\t<meta name=\"twitter:data1\" content=\"Jo Yana\" \/>\n\t<meta name=\"twitter:label2\" content=\"\u63a8\u5b9a\u8aad\u307f\u53d6\u308a\u6642\u9593\" \/>\n\t<meta name=\"twitter:data2\" content=\"2\u5206\" \/>\n<script type=\"application\/ld+json\" class=\"yoast-schema-graph\">{\"@context\":\"https:\/\/schema.org\",\"@graph\":[{\"@type\":\"Article\",\"@id\":\"https:\/\/www.joyana.fr\/en\/gwendoline-del-campo-projet-de-fin-detude-travaux-a-laiguille\/120306\/#article\",\"isPartOf\":{\"@id\":\"https:\/\/www.joyana.fr\/en\/gwendoline-del-campo-projet-de-fin-detude-travaux-a-laiguille\/120306\/\"},\"author\":{\"name\":\"Jo Yana\",\"@id\":\"https:\/\/www.joyana.fr\/ja\/#\/schema\/person\/cf2a1ad12a27c12c21801075bf37407c\"},\"headline\":\"Gwendoline DEL CAMPO \u00ab travaux \u00e0 l\u2019aiguille \u00bb\",\"datePublished\":\"2015-03-16T17:22:35+00:00\",\"mainEntityOfPage\":{\"@id\":\"https:\/\/www.joyana.fr\/en\/gwendoline-del-campo-projet-de-fin-detude-travaux-a-laiguille\/120306\/\"},\"wordCount\":346,\"commentCount\":0,\"publisher\":{\"@id\":\"https:\/\/www.joyana.fr\/ja\/#\/schema\/person\/cf2a1ad12a27c12c21801075bf37407c\"},\"image\":{\"@id\":\"https:\/\/www.joyana.fr\/en\/gwendoline-del-campo-projet-de-fin-detude-travaux-a-laiguille\/120306\/#primaryimage\"},\"thumbnailUrl\":\"https:\/\/i0.wp.com\/joyana.fr\/wp-content\/uploads\/2015\/03\/DEL-CAMPO-DSC07508.jpg?fit=1000%2C667&ssl=1\",\"keywords\":[\"#Biennaledesign15\",\"Biennale du Design de Saint-Etienne\",\"Gwendoline DEL CAMPO\"],\"articleSection\":[\"Art Contemporain\",\"Biennale Internationale Design (Saint-Etienne)\",\"DECO-DESIGN\",\"Mobilier\"],\"inLanguage\":\"ja\",\"potentialAction\":[{\"@type\":\"CommentAction\",\"name\":\"Comment\",\"target\":[\"https:\/\/www.joyana.fr\/en\/gwendoline-del-campo-projet-de-fin-detude-travaux-a-laiguille\/120306\/#respond\"]}]},{\"@type\":\"WebPage\",\"@id\":\"https:\/\/www.joyana.fr\/en\/gwendoline-del-campo-projet-de-fin-detude-travaux-a-laiguille\/120306\/\",\"url\":\"https:\/\/www.joyana.fr\/en\/gwendoline-del-campo-projet-de-fin-detude-travaux-a-laiguille\/120306\/\",\"name\":\"Gwendoline DEL CAMPO \u00ab travaux \u00e0 l\u2019aiguille \u00bb | DECO-DESIGN\",\"isPartOf\":{\"@id\":\"https:\/\/www.joyana.fr\/ja\/#website\"},\"primaryImageOfPage\":{\"@id\":\"https:\/\/www.joyana.fr\/en\/gwendoline-del-campo-projet-de-fin-detude-travaux-a-laiguille\/120306\/#primaryimage\"},\"image\":{\"@id\":\"https:\/\/www.joyana.fr\/en\/gwendoline-del-campo-projet-de-fin-detude-travaux-a-laiguille\/120306\/#primaryimage\"},\"thumbnailUrl\":\"https:\/\/i0.wp.com\/joyana.fr\/wp-content\/uploads\/2015\/03\/DEL-CAMPO-DSC07508.jpg?fit=1000%2C667&ssl=1\",\"datePublished\":\"2015-03-16T17:22:35+00:00\",\"breadcrumb\":{\"@id\":\"https:\/\/www.joyana.fr\/en\/gwendoline-del-campo-projet-de-fin-detude-travaux-a-laiguille\/120306\/#breadcrumb\"},\"inLanguage\":\"ja\",\"potentialAction\":[{\"@type\":\"ReadAction\",\"target\":[\"https:\/\/www.joyana.fr\/en\/gwendoline-del-campo-projet-de-fin-detude-travaux-a-laiguille\/120306\/\"]}]},{\"@type\":\"ImageObject\",\"inLanguage\":\"ja\",\"@id\":\"https:\/\/www.joyana.fr\/en\/gwendoline-del-campo-projet-de-fin-detude-travaux-a-laiguille\/120306\/#primaryimage\",\"url\":\"https:\/\/i0.wp.com\/joyana.fr\/wp-content\/uploads\/2015\/03\/DEL-CAMPO-DSC07508.jpg?fit=1000%2C667&ssl=1\",\"contentUrl\":\"https:\/\/i0.wp.com\/joyana.fr\/wp-content\/uploads\/2015\/03\/DEL-CAMPO-DSC07508.jpg?fit=1000%2C667&ssl=1\",\"width\":1000,\"height\":667},{\"@type\":\"BreadcrumbList\",\"@id\":\"https:\/\/www.joyana.fr\/en\/gwendoline-del-campo-projet-de-fin-detude-travaux-a-laiguille\/120306\/#breadcrumb\",\"itemListElement\":[{\"@type\":\"ListItem\",\"position\":1,\"name\":\"Accueil\",\"item\":\"https:\/\/www.joyana.fr\/ja\/\"},{\"@type\":\"ListItem\",\"position\":2,\"name\":\"Gwendoline DEL CAMPO \u00ab travaux \u00e0 l\u2019aiguille \u00bb\"}]},{\"@type\":\"WebSite\",\"@id\":\"https:\/\/www.joyana.fr\/ja\/#website\",\"url\":\"https:\/\/www.joyana.fr\/ja\/\",\"name\":\"JO YANA\",\"description\":\"Blog Mode Homme, Lifestyle, D\u00e9co-Design\",\"publisher\":{\"@id\":\"https:\/\/www.joyana.fr\/ja\/#\/schema\/person\/cf2a1ad12a27c12c21801075bf37407c\"},\"potentialAction\":[{\"@type\":\"SearchAction\",\"target\":{\"@type\":\"EntryPoint\",\"urlTemplate\":\"https:\/\/www.joyana.fr\/ja\/?s={search_term_string}\"},\"query-input\":{\"@type\":\"PropertyValueSpecification\",\"valueRequired\":true,\"valueName\":\"search_term_string\"}}],\"inLanguage\":\"ja\"},{\"@type\":[\"Person\",\"Organization\"],\"@id\":\"https:\/\/www.joyana.fr\/ja\/#\/schema\/person\/cf2a1ad12a27c12c21801075bf37407c\",\"name\":\"Jo Yana\",\"image\":{\"@type\":\"ImageObject\",\"inLanguage\":\"ja\",\"@id\":\"https:\/\/www.joyana.fr\/ja\/#\/schema\/person\/image\/\",\"url\":\"https:\/\/i0.wp.com\/joyana.fr\/wp-content\/uploads\/2016\/08\/cropped-joyana-logo-black-360x180.png?fit=343%2C164&ssl=1\",\"contentUrl\":\"https:\/\/i0.wp.com\/joyana.fr\/wp-content\/uploads\/2016\/08\/cropped-joyana-logo-black-360x180.png?fit=343%2C164&ssl=1\",\"width\":343,\"height\":164,\"caption\":\"Jo Yana\"},\"logo\":{\"@id\":\"https:\/\/www.joyana.fr\/ja\/#\/schema\/person\/image\/\"},\"description\":\"Jo Yana est le cr\u00e9ateur et r\u00e9dacteur en chef des sites DECO-DESIGN. Passionn\u00e9 de Design, Mode, Photo, Luxe, Lifestyle, Musique, mais avant tout Blogueur ! Le plaisir de partager l'anime et a comme devise \\\"POUR L'AMOUR DU BEAU\\\". Retrouvez le aussi sur son blog personnel - https:\/\/joyana.fr...\",\"sameAs\":[\"https:\/\/joyana.fr\/\"],\"url\":\"https:\/\/joyana.fr\/ja\/author\/joyana\/\"}]}<\/script>\n<!-- \/ Yoast SEO plugin. -->","yoast_head_json":{"title":"Gwendoline DEL CAMPO \u00ab travaux \u00e0 l\u2019aiguille \u00bb | DECO-DESIGN","robots":{"index":"index","follow":"follow","max-snippet":"max-snippet:-1","max-image-preview":"max-image-preview:large","max-video-preview":"max-video-preview:-1"},"canonical":"https:\/\/www.joyana.fr\/en\/gwendoline-del-campo-projet-de-fin-detude-travaux-a-laiguille\/120306\/","og_locale":"ja_JP","og_type":"article","og_title":"Gwendoline DEL CAMPO \u00ab travaux \u00e0 l\u2019aiguille \u00bb | DECO-DESIGN","og_description":"La designer Gwendoline Del Campo pr\u00e9sentait son projet de fin d&#8217;\u00e9tude &#8211; \u00ab travaux \u00e0 l\u2019aiguille \u00bb & [&hellip;]","og_url":"https:\/\/joyana.fr\/ja\/gwendoline-del-campo-projet-de-fin-detude-travaux-a-laiguille\/120306\/","og_site_name":"JO YANA","article_published_time":"2015-03-16T17:22:35+00:00","og_image":[{"width":1000,"height":667,"url":"https:\/\/www.joyana.fr\/wp-content\/uploads\/2015\/03\/DEL-CAMPO-DSC07508.jpg","type":"image\/jpeg"}],"author":"Jo Yana","twitter_card":"summary_large_image","twitter_creator":"@Jo_Yana","twitter_site":"@Jo_Yana","twitter_misc":{"\u57f7\u7b46\u8005":"Jo Yana","\u63a8\u5b9a\u8aad\u307f\u53d6\u308a\u6642\u9593":"2\u5206"},"schema":{"@context":"https:\/\/schema.org","@graph":[{"@type":"Article","@id":"https:\/\/www.joyana.fr\/en\/gwendoline-del-campo-projet-de-fin-detude-travaux-a-laiguille\/120306\/#article","isPartOf":{"@id":"https:\/\/www.joyana.fr\/en\/gwendoline-del-campo-projet-de-fin-detude-travaux-a-laiguille\/120306\/"},"author":{"name":"Jo Yana","@id":"https:\/\/www.joyana.fr\/ja\/#\/schema\/person\/cf2a1ad12a27c12c21801075bf37407c"},"headline":"Gwendoline DEL CAMPO \u00ab travaux \u00e0 l\u2019aiguille \u00bb","datePublished":"2015-03-16T17:22:35+00:00","mainEntityOfPage":{"@id":"https:\/\/www.joyana.fr\/en\/gwendoline-del-campo-projet-de-fin-detude-travaux-a-laiguille\/120306\/"},"wordCount":346,"commentCount":0,"publisher":{"@id":"https:\/\/www.joyana.fr\/ja\/#\/schema\/person\/cf2a1ad12a27c12c21801075bf37407c"},"image":{"@id":"https:\/\/www.joyana.fr\/en\/gwendoline-del-campo-projet-de-fin-detude-travaux-a-laiguille\/120306\/#primaryimage"},"thumbnailUrl":"https:\/\/i0.wp.com\/joyana.fr\/wp-content\/uploads\/2015\/03\/DEL-CAMPO-DSC07508.jpg?fit=1000%2C667&ssl=1","keywords":["#Biennaledesign15","Biennale du Design de Saint-Etienne","Gwendoline DEL CAMPO"],"articleSection":["Art Contemporain","Biennale Internationale Design (Saint-Etienne)","DECO-DESIGN","Mobilier"],"inLanguage":"ja","potentialAction":[{"@type":"CommentAction","name":"Comment","target":["https:\/\/www.joyana.fr\/en\/gwendoline-del-campo-projet-de-fin-detude-travaux-a-laiguille\/120306\/#respond"]}]},{"@type":"WebPage","@id":"https:\/\/www.joyana.fr\/en\/gwendoline-del-campo-projet-de-fin-detude-travaux-a-laiguille\/120306\/","url":"https:\/\/www.joyana.fr\/en\/gwendoline-del-campo-projet-de-fin-detude-travaux-a-laiguille\/120306\/","name":"Gwendoline DEL CAMPO \u00ab travaux \u00e0 l\u2019aiguille \u00bb | DECO-DESIGN","isPartOf":{"@id":"https:\/\/www.joyana.fr\/ja\/#website"},"primaryImageOfPage":{"@id":"https:\/\/www.joyana.fr\/en\/gwendoline-del-campo-projet-de-fin-detude-travaux-a-laiguille\/120306\/#primaryimage"},"image":{"@id":"https:\/\/www.joyana.fr\/en\/gwendoline-del-campo-projet-de-fin-detude-travaux-a-laiguille\/120306\/#primaryimage"},"thumbnailUrl":"https:\/\/i0.wp.com\/joyana.fr\/wp-content\/uploads\/2015\/03\/DEL-CAMPO-DSC07508.jpg?fit=1000%2C667&ssl=1","datePublished":"2015-03-16T17:22:35+00:00","breadcrumb":{"@id":"https:\/\/www.joyana.fr\/en\/gwendoline-del-campo-projet-de-fin-detude-travaux-a-laiguille\/120306\/#breadcrumb"},"inLanguage":"ja","potentialAction":[{"@type":"ReadAction","target":["https:\/\/www.joyana.fr\/en\/gwendoline-del-campo-projet-de-fin-detude-travaux-a-laiguille\/120306\/"]}]},{"@type":"ImageObject","inLanguage":"ja","@id":"https:\/\/www.joyana.fr\/en\/gwendoline-del-campo-projet-de-fin-detude-travaux-a-laiguille\/120306\/#primaryimage","url":"https:\/\/i0.wp.com\/joyana.fr\/wp-content\/uploads\/2015\/03\/DEL-CAMPO-DSC07508.jpg?fit=1000%2C667&ssl=1","contentUrl":"https:\/\/i0.wp.com\/joyana.fr\/wp-content\/uploads\/2015\/03\/DEL-CAMPO-DSC07508.jpg?fit=1000%2C667&ssl=1","width":1000,"height":667},{"@type":"BreadcrumbList","@id":"https:\/\/www.joyana.fr\/en\/gwendoline-del-campo-projet-de-fin-detude-travaux-a-laiguille\/120306\/#breadcrumb","itemListElement":[{"@type":"ListItem","position":1,"name":"Accueil","item":"https:\/\/www.joyana.fr\/ja\/"},{"@type":"ListItem","position":2,"name":"Gwendoline DEL CAMPO \u00ab travaux \u00e0 l\u2019aiguille \u00bb"}]},{"@type":"WebSite","@id":"https:\/\/www.joyana.fr\/ja\/#website","url":"https:\/\/www.joyana.fr\/ja\/","name":"JO YANA","description":"Blog Mode Homme, Lifestyle, D\u00e9co-Design","publisher":{"@id":"https:\/\/www.joyana.fr\/ja\/#\/schema\/person\/cf2a1ad12a27c12c21801075bf37407c"},"potentialAction":[{"@type":"SearchAction","target":{"@type":"EntryPoint","urlTemplate":"https:\/\/www.joyana.fr\/ja\/?s={search_term_string}"},"query-input":{"@type":"PropertyValueSpecification","valueRequired":true,"valueName":"search_term_string"}}],"inLanguage":"ja"},{"@type":["Person","Organization"],"@id":"https:\/\/www.joyana.fr\/ja\/#\/schema\/person\/cf2a1ad12a27c12c21801075bf37407c","name":"Jo Yana","image":{"@type":"ImageObject","inLanguage":"ja","@id":"https:\/\/www.joyana.fr\/ja\/#\/schema\/person\/image\/","url":"https:\/\/i0.wp.com\/joyana.fr\/wp-content\/uploads\/2016\/08\/cropped-joyana-logo-black-360x180.png?fit=343%2C164&ssl=1","contentUrl":"https:\/\/i0.wp.com\/joyana.fr\/wp-content\/uploads\/2016\/08\/cropped-joyana-logo-black-360x180.png?fit=343%2C164&ssl=1","width":343,"height":164,"caption":"Jo Yana"},"logo":{"@id":"https:\/\/www.joyana.fr\/ja\/#\/schema\/person\/image\/"},"description":"Jo Yana est le cr\u00e9ateur et r\u00e9dacteur en chef des sites DECO-DESIGN. Passionn\u00e9 de Design, Mode, Photo, Luxe, Lifestyle, Musique, mais avant tout Blogueur ! Le plaisir de partager l'anime et a comme devise \"POUR L'AMOUR DU BEAU\". Retrouvez le aussi sur son blog personnel - https:\/\/joyana.fr...","sameAs":["https:\/\/joyana.fr\/"],"url":"https:\/\/joyana.fr\/ja\/author\/joyana\/"}]}},"author_meta":{"display_name":"Jo Yana","author_link":"https:\/\/joyana.fr\/ja\/author\/joyana\/"},"featured_img":"https:\/\/i0.wp.com\/joyana.fr\/wp-content\/uploads\/2015\/03\/DEL-CAMPO-DSC07508.jpg?fit=389%2C259&ssl=1","featured_image_src":"https:\/\/i0.wp.com\/joyana.fr\/wp-content\/uploads\/2015\/03\/DEL-CAMPO-DSC07508.jpg?resize=600%2C400&ssl=1","featured_image_src_square":"https:\/\/i0.wp.com\/joyana.fr\/wp-content\/uploads\/2015\/03\/DEL-CAMPO-DSC07508.jpg?resize=600%2C600&ssl=1","jetpack_featured_media_url":"https:\/\/i0.wp.com\/joyana.fr\/wp-content\/uploads\/2015\/03\/DEL-CAMPO-DSC07508.jpg?fit=1000%2C667&ssl=1","uagb_featured_image_src":{"full":["https:\/\/i0.wp.com\/joyana.fr\/wp-content\/uploads\/2015\/03\/DEL-CAMPO-DSC07508.jpg?fit=1000%2C667&ssl=1",1000,667,false],"thumbnail":["https:\/\/i0.wp.com\/joyana.fr\/wp-content\/uploads\/2015\/03\/DEL-CAMPO-DSC07508.jpg?resize=150%2C150&ssl=1",150,150,true],"medium":["https:\/\/i0.wp.com\/joyana.fr\/wp-content\/uploads\/2015\/03\/DEL-CAMPO-DSC07508.jpg?fit=389%2C259&ssl=1",389,259,true],"medium_large":["https:\/\/i0.wp.com\/joyana.fr\/wp-content\/uploads\/2015\/03\/DEL-CAMPO-DSC07508.jpg?fit=768%2C512&ssl=1",768,512,true],"large":["https:\/\/i0.wp.com\/joyana.fr\/wp-content\/uploads\/2015\/03\/DEL-CAMPO-DSC07508.jpg?fit=1000%2C667&ssl=1",1000,667,true],"1536x1536":["https:\/\/i0.wp.com\/joyana.fr\/wp-content\/uploads\/2015\/03\/DEL-CAMPO-DSC07508.jpg?fit=1000%2C667&ssl=1",1000,667,true],"2048x2048":["https:\/\/i0.wp.com\/joyana.fr\/wp-content\/uploads\/2015\/03\/DEL-CAMPO-DSC07508.jpg?fit=1000%2C667&ssl=1",1000,667,true],"featured-thumb":["https:\/\/i0.wp.com\/joyana.fr\/wp-content\/uploads\/2015\/03\/DEL-CAMPO-DSC07508.jpg?resize=1000%2C667&ssl=1",1000,667,true],"ab-block-post-grid-landscape":["https:\/\/i0.wp.com\/joyana.fr\/wp-content\/uploads\/2015\/03\/DEL-CAMPO-DSC07508.jpg?resize=600%2C400&ssl=1",600,400,true],"ab-block-post-grid-square":["https:\/\/i0.wp.com\/joyana.fr\/wp-content\/uploads\/2015\/03\/DEL-CAMPO-DSC07508.jpg?resize=600%2C600&ssl=1",600,600,true],"author-pro-image":["https:\/\/i0.wp.com\/joyana.fr\/wp-content\/uploads\/2015\/03\/DEL-CAMPO-DSC07508.jpg?resize=360%2C570&ssl=1",360,570,true],"slider":["https:\/\/i0.wp.com\/joyana.fr\/wp-content\/uploads\/2015\/03\/DEL-CAMPO-DSC07508.jpg?resize=920%2C400&ssl=1",920,400,true],"woocommerce_thumbnail":["https:\/\/i0.wp.com\/joyana.fr\/wp-content\/uploads\/2015\/03\/DEL-CAMPO-DSC07508.jpg?resize=450%2C450&ssl=1",450,450,true],"woocommerce_single":["https:\/\/i0.wp.com\/joyana.fr\/wp-content\/uploads\/2015\/03\/DEL-CAMPO-DSC07508.jpg?fit=920%2C614&ssl=1",920,614,true],"woocommerce_gallery_thumbnail":["https:\/\/i0.wp.com\/joyana.fr\/wp-content\/uploads\/2015\/03\/DEL-CAMPO-DSC07508.jpg?resize=180%2C180&ssl=1",180,180,true],"sow-carousel-default":["https:\/\/i0.wp.com\/joyana.fr\/wp-content\/uploads\/2015\/03\/DEL-CAMPO-DSC07508.jpg?resize=272%2C182&ssl=1",272,182,true]},"uagb_author_info":{"display_name":"Jo Yana","author_link":"https:\/\/joyana.fr\/ja\/author\/joyana\/"},"uagb_comment_info":3,"uagb_excerpt":"La designer Gwendoline Del Campo pr\u00e9sentait son projet &hellip;","coauthors":[],"tax_additional":{"categories":{"linked":["<a href=\"https:\/\/joyana.fr\/ja\/category\/deco-design\/actualite\/art-contemporain\/\" class=\"advgb-post-tax-term\">Art Contemporain<\/a>","<a href=\"https:\/\/joyana.fr\/ja\/category\/deco-design\/actualite\/salon\/biennale-design-internationale-saint-etienne\/\" class=\"advgb-post-tax-term\">Biennale Internationale Design (Saint-Etienne)<\/a>","<a href=\"https:\/\/joyana.fr\/ja\/category\/deco-design\/\" class=\"advgb-post-tax-term\">DECO-DESIGN<\/a>","<a href=\"https:\/\/joyana.fr\/ja\/category\/deco-design\/mobilier\/\" class=\"advgb-post-tax-term\">Mobilier<\/a>"],"unlinked":["<span class=\"advgb-post-tax-term\">Art Contemporain<\/span>","<span class=\"advgb-post-tax-term\">Biennale Internationale Design (Saint-Etienne)<\/span>","<span class=\"advgb-post-tax-term\">DECO-DESIGN<\/span>","<span class=\"advgb-post-tax-term\">Mobilier<\/span>"]},"tags":{"linked":["<a href=\"https:\/\/joyana.fr\/ja\/category\/deco-design\/mobilier\/\" class=\"advgb-post-tax-term\">#Biennaledesign15<\/a>","<a href=\"https:\/\/joyana.fr\/ja\/category\/deco-design\/mobilier\/\" class=\"advgb-post-tax-term\">Biennale du Design de Saint-Etienne<\/a>","<a href=\"https:\/\/joyana.fr\/ja\/category\/deco-design\/mobilier\/\" class=\"advgb-post-tax-term\">Gwendoline DEL CAMPO<\/a>"],"unlinked":["<span class=\"advgb-post-tax-term\">#Biennaledesign15<\/span>","<span class=\"advgb-post-tax-term\">Biennale du Design de Saint-Etienne<\/span>","<span class=\"advgb-post-tax-term\">Gwendoline DEL CAMPO<\/span>"]}},"comment_count":0,"relative_dates":{"created":"Posted 11\u5e74 ago","modified":"Updated 11\u5e74 ago"},"absolute_dates":{"created":"Posted on 16 3\u6708 2015","modified":"Updated on 16 3\u6708 2015"},"absolute_dates_time":{"created":"Posted on 16 3\u6708 2015 18:22","modified":"Updated on 16 3\u6708 2015 18:22"},"featured_img_caption":"","series_order":"","jetpack_sharing_enabled":true,"jetpack_shortlink":"https:\/\/wp.me\/p9bteI-viq","jetpack-related-posts":[],"_links":{"self":[{"href":"https:\/\/joyana.fr\/ja\/wp-json\/wp\/v2\/posts\/120306","targetHints":{"allow":["GET"]}}],"collection":[{"href":"https:\/\/joyana.fr\/ja\/wp-json\/wp\/v2\/posts"}],"about":[{"href":"https:\/\/joyana.fr\/ja\/wp-json\/wp\/v2\/types\/post"}],"author":[{"embeddable":true,"href":"https:\/\/joyana.fr\/ja\/wp-json\/wp\/v2\/users\/3"}],"replies":[{"embeddable":true,"href":"https:\/\/joyana.fr\/ja\/wp-json\/wp\/v2\/comments?post=120306"}],"version-history":[{"count":0,"href":"https:\/\/joyana.fr\/ja\/wp-json\/wp\/v2\/posts\/120306\/revisions"}],"wp:featuredmedia":[{"embeddable":true,"href":"https:\/\/joyana.fr\/ja\/wp-json\/wp\/v2\/media\/120307"}],"wp:attachment":[{"href":"https:\/\/joyana.fr\/ja\/wp-json\/wp\/v2\/media?parent=120306"}],"wp:term":[{"taxonomy":"category","embeddable":true,"href":"https:\/\/joyana.fr\/ja\/wp-json\/wp\/v2\/categories?post=120306"},{"taxonomy":"post_tag","embeddable":true,"href":"https:\/\/joyana.fr\/ja\/wp-json\/wp\/v2\/tags?post=120306"}],"curies":[{"name":"wp","href":"https:\/\/api.w.org\/{rel}","templated":true}]}}