{"id":120355,"date":"2015-03-22T10:28:15","date_gmt":"2015-03-22T09:28:15","guid":{"rendered":"https:\/\/joyana.fr\/?p=20355"},"modified":"2015-03-22T10:28:15","modified_gmt":"2015-03-22T09:28:15","slug":"escalier-en-verre-par-frederic-hamerlak","status":"publish","type":"post","link":"https:\/\/joyana.fr\/ja\/escalier-en-verre-par-frederic-hamerlak\/120355\/","title":{"rendered":"Escalier en verre par Frederic HAMERLAK"},"content":{"rendered":"<p style=\"text-align: justify;\">L&#8217;architecte d&#8217;int\u00e9rieur <strong>Frederic Hamerlak<\/strong> nous pr\u00e9sente ce sublime <strong><a title=\"ESCALIER DESIGN\" href=\"https:\/\/joyana.fr\/category\/mobilier\/escalier\/\" target=\"_blank\">escalier<\/a> en verre<\/strong> r\u00e9alis\u00e9 chez un client, qui habitait un &#8220;quadriplexe&#8221; n\u00e9cessitant un gain de place \u00e0 chaque niveau&#8230;<\/p>\n<p><a href=\"https:\/\/i0.wp.com\/joyana.fr\/wp-content\/uploads\/2015\/03\/escalier-design-verre-frederic-hamerlak-decodesign-30.jpg?ssl=1\"><img data-recalc-dims=\"1\" fetchpriority=\"high\" decoding=\"async\" class=\"alignnone size-full wp-image-20356\" src=\"https:\/\/i0.wp.com\/joyana.fr\/wp-content\/uploads\/2015\/03\/escalier-design-verre-frederic-hamerlak-decodesign-30.jpg?resize=1000%2C1500&#038;ssl=1\" alt=\"escalier design verre frederic hamerlak decodesign 30\" width=\"1000\" height=\"1500\" \/><\/a><\/p>\n<p style=\"text-align: justify;\">Cet <strong>escalier en verre design<\/strong> est dans un &#8220;quadriplexe&#8221; qui n\u00e9cessitait un gain de place \u00e0 chaque niveau, il a \u00e9t\u00e9 amen\u00e9 a remplacer un escalier en colima\u00e7on en bois imposant et disgracieux. la demande du client a \u00e9t\u00e9 au tout d\u00e9part du gain de place<br \/>\nensuite en a bien sur d\u00e9coul\u00e9 une attente de l\u00e9geret\u00e9 et de cot\u00e9 a\u00e9rien.<\/p>\n<p style=\"text-align: justify;\">L&#8217;architecte d&#8217;int\u00e9rieur<strong> Frederic Hamerlak<\/strong>\u00a0&#8211; cr\u00e9ateur du studio <strong>Intus Design<\/strong> &#8211; a tout de suite propos\u00e9 le verre, en commencant a travailler le dessin de son emplacement, il visualise qu&#8217;on pouvait passer en pas d\u00e9call\u00e9 pour gagner encore plus de place et ne pas mordre sur le s\u00e9jour. D&#8217;o\u00f9 l&#8217;id\u00e9e de passer sur des marches en biais plutot que sur les d\u00e9coupes des pas&#8230;<\/p>\n<p style=\"text-align: justify;\">La touche en plus de cet escalier est son \u00e9clairage leds qui am\u00e8ne une lumi\u00e8re douce et &#8220;naturelle&#8221; au salon. Le petit cot\u00e9 changement de couleurs est li\u00e9 au go\u00fbt du client pour les d\u00e9tails &#8220;technologiques &#8221; et son gout pour la f\u00eate&#8230;<\/p>\n<p><a href=\"https:\/\/i0.wp.com\/joyana.fr\/wp-content\/uploads\/2015\/03\/escalier-design-verre-frederic-hamerlak-decodesign-398.jpg?ssl=1\"><img data-recalc-dims=\"1\" decoding=\"async\" class=\"alignnone size-full wp-image-20361\" src=\"https:\/\/i0.wp.com\/joyana.fr\/wp-content\/uploads\/2015\/03\/escalier-design-verre-frederic-hamerlak-decodesign-398.jpg?resize=1000%2C609&#038;ssl=1\" alt=\"escalier design verre frederic hamerlak decodesign 398\" width=\"1000\" height=\"609\" \/><\/a><\/p>\n<p><a href=\"https:\/\/i0.wp.com\/joyana.fr\/wp-content\/uploads\/2015\/03\/escalier-design-verre-frederic-hamerlak-decodesign-410.jpg?ssl=1\"><img data-recalc-dims=\"1\" decoding=\"async\" class=\"alignnone size-full wp-image-20362\" src=\"https:\/\/i0.wp.com\/joyana.fr\/wp-content\/uploads\/2015\/03\/escalier-design-verre-frederic-hamerlak-decodesign-410.jpg?resize=1000%2C1443&#038;ssl=1\" alt=\"escalier design verre frederic hamerlak decodesign 410\" width=\"1000\" height=\"1443\" \/><\/a><\/p>\n\n<p><a href=\"https:\/\/i0.wp.com\/joyana.fr\/wp-content\/uploads\/2015\/03\/escalier-design-verre-frederic-hamerlak-decodesign-2371.jpg?ssl=1\"><img data-recalc-dims=\"1\" loading=\"lazy\" decoding=\"async\" class=\"alignnone size-full wp-image-20363\" src=\"https:\/\/i0.wp.com\/joyana.fr\/wp-content\/uploads\/2015\/03\/escalier-design-verre-frederic-hamerlak-decodesign-2371.jpg?resize=1000%2C667&#038;ssl=1\" alt=\"escalier design verre frederic hamerlak decodesign 2371\" width=\"1000\" height=\"667\" \/><\/a><\/p>\n<p>&nbsp;<\/p>\n<p style=\"text-align: center;\">En savoir + sur\u00a0<strong><a title=\"INTUS DESIGN\" href=\"http:\/\/www.intus-design.com\" target=\"_blank\">INTUS DESIGN<\/a><\/strong><\/p>\n","protected":false},"excerpt":{"rendered":"<p>L&#8217;architecte d&#8217;int\u00e9rieur Frederic Hamerlak nous pr\u00e9sente cet escalier en verre design r\u00e9alis\u00e9 chez un client, qui habitait un &#8220;quadriplexe&#8221; n\u00e9cessitant un gain de place \u00e0 chaque niveau&#8230;<\/p>\n","protected":false},"author":3,"featured_media":120358,"comment_status":"open","ping_status":"open","sticky":false,"template":"","format":"aside","meta":{"_coblocks_attr":"","_coblocks_dimensions":"","_coblocks_responsive_height":"","_coblocks_accordion_ie_support":"","_uag_custom_page_level_css":"","advgb_blocks_editor_width":"","advgb_blocks_columns_visual_guide":"","_genesis_hide_title":false,"_genesis_hide_breadcrumbs":false,"_genesis_hide_singular_image":false,"_genesis_hide_footer_widgets":false,"_genesis_custom_body_class":"","_genesis_custom_post_class":"","_genesis_layout":"","_themeisle_gutenberg_block_has_review":false,"_jetpack_newsletter_access":"","_jetpack_dont_email_post_to_subs":false,"_jetpack_newsletter_tier_id":0,"_jetpack_memberships_contains_paywalled_content":false,"_jetpack_memberships_contains_paid_content":false,"footnotes":""},"categories":[71,905,1609,1039],"tags":[501,1611,1992,1993],"class_list":{"0":"post-120355","1":"post","2":"type-post","3":"status-publish","4":"format-aside","5":"has-post-thumbnail","7":"category-architecture","8":"category-deco-design","9":"category-escalier","10":"category-france","11":"tag-architecture-2","12":"tag-escalier-design","13":"tag-escalier-en-verre-design","14":"tag-frederic-hamerlak","15":"post_format-post-format-aside","16":"entry"},"featured_image_urls":{"full":["https:\/\/i0.wp.com\/joyana.fr\/wp-content\/uploads\/2015\/03\/escalier-design-verre-frederic-hamerlak-decodesign-89.jpg?fit=1000%2C899&ssl=1",1000,899,false],"thumbnail":["https:\/\/i0.wp.com\/joyana.fr\/wp-content\/uploads\/2015\/03\/escalier-design-verre-frederic-hamerlak-decodesign-89.jpg?resize=150%2C150&ssl=1",150,150,true],"medium":["https:\/\/i0.wp.com\/joyana.fr\/wp-content\/uploads\/2015\/03\/escalier-design-verre-frederic-hamerlak-decodesign-89.jpg?fit=389%2C350&ssl=1",389,350,true],"medium_large":["https:\/\/i0.wp.com\/joyana.fr\/wp-content\/uploads\/2015\/03\/escalier-design-verre-frederic-hamerlak-decodesign-89.jpg?fit=768%2C690&ssl=1",768,690,true],"large":["https:\/\/i0.wp.com\/joyana.fr\/wp-content\/uploads\/2015\/03\/escalier-design-verre-frederic-hamerlak-decodesign-89.jpg?fit=1000%2C899&ssl=1",1000,899,true],"1536x1536":["https:\/\/i0.wp.com\/joyana.fr\/wp-content\/uploads\/2015\/03\/escalier-design-verre-frederic-hamerlak-decodesign-89.jpg?fit=1000%2C899&ssl=1",1000,899,true],"2048x2048":["https:\/\/i0.wp.com\/joyana.fr\/wp-content\/uploads\/2015\/03\/escalier-design-verre-frederic-hamerlak-decodesign-89.jpg?fit=1000%2C899&ssl=1",1000,899,true],"featured-thumb":["https:\/\/i0.wp.com\/joyana.fr\/wp-content\/uploads\/2015\/03\/escalier-design-verre-frederic-hamerlak-decodesign-89.jpg?resize=1000%2C750&ssl=1",1000,750,true],"ab-block-post-grid-landscape":["https:\/\/i0.wp.com\/joyana.fr\/wp-content\/uploads\/2015\/03\/escalier-design-verre-frederic-hamerlak-decodesign-89.jpg?resize=600%2C400&ssl=1",600,400,true],"ab-block-post-grid-square":["https:\/\/i0.wp.com\/joyana.fr\/wp-content\/uploads\/2015\/03\/escalier-design-verre-frederic-hamerlak-decodesign-89.jpg?resize=600%2C600&ssl=1",600,600,true],"author-pro-image":["https:\/\/i0.wp.com\/joyana.fr\/wp-content\/uploads\/2015\/03\/escalier-design-verre-frederic-hamerlak-decodesign-89.jpg?resize=360%2C570&ssl=1",360,570,true],"slider":["https:\/\/i0.wp.com\/joyana.fr\/wp-content\/uploads\/2015\/03\/escalier-design-verre-frederic-hamerlak-decodesign-89.jpg?resize=920%2C400&ssl=1",920,400,true],"woocommerce_thumbnail":["https:\/\/i0.wp.com\/joyana.fr\/wp-content\/uploads\/2015\/03\/escalier-design-verre-frederic-hamerlak-decodesign-89.jpg?resize=450%2C450&ssl=1",450,450,true],"woocommerce_single":["https:\/\/i0.wp.com\/joyana.fr\/wp-content\/uploads\/2015\/03\/escalier-design-verre-frederic-hamerlak-decodesign-89.jpg?fit=920%2C827&ssl=1",920,827,true],"woocommerce_gallery_thumbnail":["https:\/\/i0.wp.com\/joyana.fr\/wp-content\/uploads\/2015\/03\/escalier-design-verre-frederic-hamerlak-decodesign-89.jpg?resize=180%2C180&ssl=1",180,180,true],"sow-carousel-default":["https:\/\/i0.wp.com\/joyana.fr\/wp-content\/uploads\/2015\/03\/escalier-design-verre-frederic-hamerlak-decodesign-89.jpg?resize=272%2C182&ssl=1",272,182,true]},"post_excerpt_stackable":"<p>L&#8217;architecte d&#8217;int\u00e9rieur Frederic Hamerlak nous pr\u00e9sente cet escalier en verre design r\u00e9alis\u00e9 chez un client, qui habitait un &#8220;quadriplexe&#8221; n\u00e9cessitant un gain de place \u00e0 chaque niveau&#8230;<\/p>\n","category_list":"<a href=\"https:\/\/joyana.fr\/ja\/category\/portfolio\/architecture\/\" rel=\"category tag\">ARCHITECTURE<\/a>, <a href=\"https:\/\/joyana.fr\/ja\/category\/deco-design\/\" rel=\"category tag\">DECO-DESIGN<\/a>, <a href=\"https:\/\/joyana.fr\/ja\/category\/deco-design\/mobilier\/escalier\/\" rel=\"category tag\">Escalier<\/a>, <a href=\"https:\/\/joyana.fr\/ja\/category\/deco-design\/architecture-deco-design\/pays\/france\/\" rel=\"category tag\">France<\/a>","author_info":{"display_name":"Jo Yana","author_link":"https:\/\/joyana.fr\/ja\/author\/joyana\/"},"comments_num":"6 comments","featured_image_urls_v2":{"full":["https:\/\/i0.wp.com\/joyana.fr\/wp-content\/uploads\/2015\/03\/escalier-design-verre-frederic-hamerlak-decodesign-89.jpg?fit=1000%2C899&ssl=1",1000,899,false],"thumbnail":["https:\/\/i0.wp.com\/joyana.fr\/wp-content\/uploads\/2015\/03\/escalier-design-verre-frederic-hamerlak-decodesign-89.jpg?resize=150%2C150&ssl=1",150,150,true],"medium":["https:\/\/i0.wp.com\/joyana.fr\/wp-content\/uploads\/2015\/03\/escalier-design-verre-frederic-hamerlak-decodesign-89.jpg?fit=389%2C350&ssl=1",389,350,true],"medium_large":["https:\/\/i0.wp.com\/joyana.fr\/wp-content\/uploads\/2015\/03\/escalier-design-verre-frederic-hamerlak-decodesign-89.jpg?fit=768%2C690&ssl=1",768,690,true],"large":["https:\/\/i0.wp.com\/joyana.fr\/wp-content\/uploads\/2015\/03\/escalier-design-verre-frederic-hamerlak-decodesign-89.jpg?fit=1000%2C899&ssl=1",1000,899,true],"1536x1536":["https:\/\/i0.wp.com\/joyana.fr\/wp-content\/uploads\/2015\/03\/escalier-design-verre-frederic-hamerlak-decodesign-89.jpg?fit=1000%2C899&ssl=1",1000,899,true],"2048x2048":["https:\/\/i0.wp.com\/joyana.fr\/wp-content\/uploads\/2015\/03\/escalier-design-verre-frederic-hamerlak-decodesign-89.jpg?fit=1000%2C899&ssl=1",1000,899,true],"featured-thumb":["https:\/\/i0.wp.com\/joyana.fr\/wp-content\/uploads\/2015\/03\/escalier-design-verre-frederic-hamerlak-decodesign-89.jpg?resize=1000%2C750&ssl=1",1000,750,true],"ab-block-post-grid-landscape":["https:\/\/i0.wp.com\/joyana.fr\/wp-content\/uploads\/2015\/03\/escalier-design-verre-frederic-hamerlak-decodesign-89.jpg?resize=600%2C400&ssl=1",600,400,true],"ab-block-post-grid-square":["https:\/\/i0.wp.com\/joyana.fr\/wp-content\/uploads\/2015\/03\/escalier-design-verre-frederic-hamerlak-decodesign-89.jpg?resize=600%2C600&ssl=1",600,600,true],"author-pro-image":["https:\/\/i0.wp.com\/joyana.fr\/wp-content\/uploads\/2015\/03\/escalier-design-verre-frederic-hamerlak-decodesign-89.jpg?resize=360%2C570&ssl=1",360,570,true],"slider":["https:\/\/i0.wp.com\/joyana.fr\/wp-content\/uploads\/2015\/03\/escalier-design-verre-frederic-hamerlak-decodesign-89.jpg?resize=920%2C400&ssl=1",920,400,true],"woocommerce_thumbnail":["https:\/\/i0.wp.com\/joyana.fr\/wp-content\/uploads\/2015\/03\/escalier-design-verre-frederic-hamerlak-decodesign-89.jpg?resize=450%2C450&ssl=1",450,450,true],"woocommerce_single":["https:\/\/i0.wp.com\/joyana.fr\/wp-content\/uploads\/2015\/03\/escalier-design-verre-frederic-hamerlak-decodesign-89.jpg?fit=920%2C827&ssl=1",920,827,true],"woocommerce_gallery_thumbnail":["https:\/\/i0.wp.com\/joyana.fr\/wp-content\/uploads\/2015\/03\/escalier-design-verre-frederic-hamerlak-decodesign-89.jpg?resize=180%2C180&ssl=1",180,180,true],"sow-carousel-default":["https:\/\/i0.wp.com\/joyana.fr\/wp-content\/uploads\/2015\/03\/escalier-design-verre-frederic-hamerlak-decodesign-89.jpg?resize=272%2C182&ssl=1",272,182,true]},"post_excerpt_stackable_v2":"<p>L&#8217;architecte d&#8217;int\u00e9rieur Frederic Hamerlak nous pr\u00e9sente cet escalier en verre design r\u00e9alis\u00e9 chez un client, qui habitait un &#8220;quadriplexe&#8221; n\u00e9cessitant un gain de place \u00e0 chaque niveau&#8230;<\/p>\n","category_list_v2":"<a href=\"https:\/\/joyana.fr\/ja\/category\/portfolio\/architecture\/\" rel=\"category tag\">ARCHITECTURE<\/a>, <a href=\"https:\/\/joyana.fr\/ja\/category\/deco-design\/\" rel=\"category tag\">DECO-DESIGN<\/a>, <a href=\"https:\/\/joyana.fr\/ja\/category\/deco-design\/mobilier\/escalier\/\" rel=\"category tag\">Escalier<\/a>, <a href=\"https:\/\/joyana.fr\/ja\/category\/deco-design\/architecture-deco-design\/pays\/france\/\" rel=\"category tag\">France<\/a>","author_info_v2":{"name":"Jo Yana","url":"https:\/\/joyana.fr\/ja\/author\/joyana\/"},"comments_num_v2":"6 comments","yoast_head":"<!-- This site is optimized with the Yoast SEO plugin v26.8 - https:\/\/yoast.com\/product\/yoast-seo-wordpress\/ -->\n<title>Escalier en verre par Frederic HAMERLAK | DECO-DESIGN<\/title>\n<meta name=\"description\" content=\"L&#039;architecte d&#039;int\u00e9rieur Frederic Hamerlak nous pr\u00e9sente cet escalier en verre design r\u00e9alis\u00e9 chez un client, qui habitait un &quot;quadriplexe&quot; n\u00e9cessitant un gain de place \u00e0 chaque niveau...\" \/>\n<meta name=\"robots\" content=\"index, follow, max-snippet:-1, max-image-preview:large, max-video-preview:-1\" \/>\n<link rel=\"canonical\" href=\"https:\/\/www.joyana.fr\/en\/escalier-en-verre-par-frederic-hamerlak\/120355\/\" \/>\n<meta property=\"og:locale\" content=\"ja_JP\" \/>\n<meta property=\"og:locale:alternate\" content=\"fr_FR\" \/>\n<meta property=\"og:locale:alternate\" content=\"en_US\" \/>\n<meta property=\"og:type\" content=\"article\" \/>\n<meta property=\"og:title\" content=\"Escalier en verre par Frederic HAMERLAK | DECO-DESIGN\" \/>\n<meta property=\"og:description\" content=\"L&#039;architecte d&#039;int\u00e9rieur Frederic Hamerlak nous pr\u00e9sente cet escalier en verre design r\u00e9alis\u00e9 chez un client, qui habitait un &quot;quadriplexe&quot; n\u00e9cessitant un gain de place \u00e0 chaque niveau...\" \/>\n<meta property=\"og:url\" content=\"https:\/\/joyana.fr\/ja\/escalier-en-verre-par-frederic-hamerlak\/120355\/\" \/>\n<meta property=\"og:site_name\" content=\"JO YANA\" \/>\n<meta property=\"article:published_time\" content=\"2015-03-22T09:28:15+00:00\" \/>\n<meta property=\"og:image\" content=\"https:\/\/www.joyana.fr\/wp-content\/uploads\/2015\/03\/escalier-design-verre-frederic-hamerlak-decodesign-89.jpg\" \/>\n\t<meta property=\"og:image:width\" content=\"1000\" \/>\n\t<meta property=\"og:image:height\" content=\"899\" \/>\n\t<meta property=\"og:image:type\" content=\"image\/jpeg\" \/>\n<meta name=\"author\" content=\"Jo Yana\" \/>\n<meta name=\"twitter:card\" content=\"summary_large_image\" \/>\n<meta name=\"twitter:creator\" content=\"@Jo_Yana\" \/>\n<meta name=\"twitter:site\" content=\"@Jo_Yana\" \/>\n<meta name=\"twitter:label1\" content=\"\u57f7\u7b46\u8005\" \/>\n\t<meta name=\"twitter:data1\" content=\"Jo Yana\" \/>\n\t<meta name=\"twitter:label2\" content=\"\u63a8\u5b9a\u8aad\u307f\u53d6\u308a\u6642\u9593\" \/>\n\t<meta name=\"twitter:data2\" content=\"1\u5206\" \/>\n<script type=\"application\/ld+json\" class=\"yoast-schema-graph\">{\"@context\":\"https:\/\/schema.org\",\"@graph\":[{\"@type\":\"Article\",\"@id\":\"https:\/\/www.joyana.fr\/en\/escalier-en-verre-par-frederic-hamerlak\/120355\/#article\",\"isPartOf\":{\"@id\":\"https:\/\/www.joyana.fr\/en\/escalier-en-verre-par-frederic-hamerlak\/120355\/\"},\"author\":{\"name\":\"Jo Yana\",\"@id\":\"https:\/\/www.joyana.fr\/ja\/#\/schema\/person\/cf2a1ad12a27c12c21801075bf37407c\"},\"headline\":\"Escalier en verre par Frederic HAMERLAK\",\"datePublished\":\"2015-03-22T09:28:15+00:00\",\"mainEntityOfPage\":{\"@id\":\"https:\/\/www.joyana.fr\/en\/escalier-en-verre-par-frederic-hamerlak\/120355\/\"},\"wordCount\":236,\"commentCount\":2,\"publisher\":{\"@id\":\"https:\/\/www.joyana.fr\/ja\/#\/schema\/person\/cf2a1ad12a27c12c21801075bf37407c\"},\"image\":{\"@id\":\"https:\/\/www.joyana.fr\/en\/escalier-en-verre-par-frederic-hamerlak\/120355\/#primaryimage\"},\"thumbnailUrl\":\"https:\/\/i0.wp.com\/joyana.fr\/wp-content\/uploads\/2015\/03\/escalier-design-verre-frederic-hamerlak-decodesign-89.jpg?fit=1000%2C899&ssl=1\",\"keywords\":[\"Architecture\",\"Escalier design\",\"Escalier en Verre design\",\"Frederic HAMERLAK\"],\"articleSection\":[\"ARCHITECTURE\",\"DECO-DESIGN\",\"Escalier\",\"France\"],\"inLanguage\":\"ja\",\"potentialAction\":[{\"@type\":\"CommentAction\",\"name\":\"Comment\",\"target\":[\"https:\/\/www.joyana.fr\/en\/escalier-en-verre-par-frederic-hamerlak\/120355\/#respond\"]}]},{\"@type\":\"WebPage\",\"@id\":\"https:\/\/www.joyana.fr\/en\/escalier-en-verre-par-frederic-hamerlak\/120355\/\",\"url\":\"https:\/\/www.joyana.fr\/en\/escalier-en-verre-par-frederic-hamerlak\/120355\/\",\"name\":\"Escalier en verre par Frederic HAMERLAK | DECO-DESIGN\",\"isPartOf\":{\"@id\":\"https:\/\/www.joyana.fr\/ja\/#website\"},\"primaryImageOfPage\":{\"@id\":\"https:\/\/www.joyana.fr\/en\/escalier-en-verre-par-frederic-hamerlak\/120355\/#primaryimage\"},\"image\":{\"@id\":\"https:\/\/www.joyana.fr\/en\/escalier-en-verre-par-frederic-hamerlak\/120355\/#primaryimage\"},\"thumbnailUrl\":\"https:\/\/i0.wp.com\/joyana.fr\/wp-content\/uploads\/2015\/03\/escalier-design-verre-frederic-hamerlak-decodesign-89.jpg?fit=1000%2C899&ssl=1\",\"datePublished\":\"2015-03-22T09:28:15+00:00\",\"description\":\"L'architecte d'int\u00e9rieur Frederic Hamerlak nous pr\u00e9sente cet escalier en verre design r\u00e9alis\u00e9 chez un client, qui habitait un \\\"quadriplexe\\\" n\u00e9cessitant un gain de place \u00e0 chaque niveau...\",\"breadcrumb\":{\"@id\":\"https:\/\/www.joyana.fr\/en\/escalier-en-verre-par-frederic-hamerlak\/120355\/#breadcrumb\"},\"inLanguage\":\"ja\",\"potentialAction\":[{\"@type\":\"ReadAction\",\"target\":[\"https:\/\/www.joyana.fr\/en\/escalier-en-verre-par-frederic-hamerlak\/120355\/\"]}]},{\"@type\":\"ImageObject\",\"inLanguage\":\"ja\",\"@id\":\"https:\/\/www.joyana.fr\/en\/escalier-en-verre-par-frederic-hamerlak\/120355\/#primaryimage\",\"url\":\"https:\/\/i0.wp.com\/joyana.fr\/wp-content\/uploads\/2015\/03\/escalier-design-verre-frederic-hamerlak-decodesign-89.jpg?fit=1000%2C899&ssl=1\",\"contentUrl\":\"https:\/\/i0.wp.com\/joyana.fr\/wp-content\/uploads\/2015\/03\/escalier-design-verre-frederic-hamerlak-decodesign-89.jpg?fit=1000%2C899&ssl=1\",\"width\":1000,\"height\":899},{\"@type\":\"BreadcrumbList\",\"@id\":\"https:\/\/www.joyana.fr\/en\/escalier-en-verre-par-frederic-hamerlak\/120355\/#breadcrumb\",\"itemListElement\":[{\"@type\":\"ListItem\",\"position\":1,\"name\":\"Accueil\",\"item\":\"https:\/\/www.joyana.fr\/ja\/\"},{\"@type\":\"ListItem\",\"position\":2,\"name\":\"Escalier en verre par Frederic HAMERLAK\"}]},{\"@type\":\"WebSite\",\"@id\":\"https:\/\/www.joyana.fr\/ja\/#website\",\"url\":\"https:\/\/www.joyana.fr\/ja\/\",\"name\":\"JO YANA\",\"description\":\"Blog Mode Homme, Lifestyle, D\u00e9co-Design\",\"publisher\":{\"@id\":\"https:\/\/www.joyana.fr\/ja\/#\/schema\/person\/cf2a1ad12a27c12c21801075bf37407c\"},\"potentialAction\":[{\"@type\":\"SearchAction\",\"target\":{\"@type\":\"EntryPoint\",\"urlTemplate\":\"https:\/\/www.joyana.fr\/ja\/?s={search_term_string}\"},\"query-input\":{\"@type\":\"PropertyValueSpecification\",\"valueRequired\":true,\"valueName\":\"search_term_string\"}}],\"inLanguage\":\"ja\"},{\"@type\":[\"Person\",\"Organization\"],\"@id\":\"https:\/\/www.joyana.fr\/ja\/#\/schema\/person\/cf2a1ad12a27c12c21801075bf37407c\",\"name\":\"Jo Yana\",\"image\":{\"@type\":\"ImageObject\",\"inLanguage\":\"ja\",\"@id\":\"https:\/\/www.joyana.fr\/ja\/#\/schema\/person\/image\/\",\"url\":\"https:\/\/i0.wp.com\/joyana.fr\/wp-content\/uploads\/2016\/08\/cropped-joyana-logo-black-360x180.png?fit=343%2C164&ssl=1\",\"contentUrl\":\"https:\/\/i0.wp.com\/joyana.fr\/wp-content\/uploads\/2016\/08\/cropped-joyana-logo-black-360x180.png?fit=343%2C164&ssl=1\",\"width\":343,\"height\":164,\"caption\":\"Jo Yana\"},\"logo\":{\"@id\":\"https:\/\/www.joyana.fr\/ja\/#\/schema\/person\/image\/\"},\"description\":\"Jo Yana est le cr\u00e9ateur et r\u00e9dacteur en chef des sites DECO-DESIGN. Passionn\u00e9 de Design, Mode, Photo, Luxe, Lifestyle, Musique, mais avant tout Blogueur ! Le plaisir de partager l'anime et a comme devise \\\"POUR L'AMOUR DU BEAU\\\". Retrouvez le aussi sur son blog personnel - https:\/\/joyana.fr...\",\"sameAs\":[\"https:\/\/joyana.fr\/\"],\"url\":\"https:\/\/joyana.fr\/ja\/author\/joyana\/\"}]}<\/script>\n<!-- \/ Yoast SEO plugin. -->","yoast_head_json":{"title":"Escalier en verre par Frederic HAMERLAK | DECO-DESIGN","description":"L'architecte d'int\u00e9rieur Frederic Hamerlak nous pr\u00e9sente cet escalier en verre design r\u00e9alis\u00e9 chez un client, qui habitait un \"quadriplexe\" n\u00e9cessitant un gain de place \u00e0 chaque niveau...","robots":{"index":"index","follow":"follow","max-snippet":"max-snippet:-1","max-image-preview":"max-image-preview:large","max-video-preview":"max-video-preview:-1"},"canonical":"https:\/\/www.joyana.fr\/en\/escalier-en-verre-par-frederic-hamerlak\/120355\/","og_locale":"ja_JP","og_type":"article","og_title":"Escalier en verre par Frederic HAMERLAK | DECO-DESIGN","og_description":"L'architecte d'int\u00e9rieur Frederic Hamerlak nous pr\u00e9sente cet escalier en verre design r\u00e9alis\u00e9 chez un client, qui habitait un \"quadriplexe\" n\u00e9cessitant un gain de place \u00e0 chaque niveau...","og_url":"https:\/\/joyana.fr\/ja\/escalier-en-verre-par-frederic-hamerlak\/120355\/","og_site_name":"JO YANA","article_published_time":"2015-03-22T09:28:15+00:00","og_image":[{"width":1000,"height":899,"url":"https:\/\/www.joyana.fr\/wp-content\/uploads\/2015\/03\/escalier-design-verre-frederic-hamerlak-decodesign-89.jpg","type":"image\/jpeg"}],"author":"Jo Yana","twitter_card":"summary_large_image","twitter_creator":"@Jo_Yana","twitter_site":"@Jo_Yana","twitter_misc":{"\u57f7\u7b46\u8005":"Jo Yana","\u63a8\u5b9a\u8aad\u307f\u53d6\u308a\u6642\u9593":"1\u5206"},"schema":{"@context":"https:\/\/schema.org","@graph":[{"@type":"Article","@id":"https:\/\/www.joyana.fr\/en\/escalier-en-verre-par-frederic-hamerlak\/120355\/#article","isPartOf":{"@id":"https:\/\/www.joyana.fr\/en\/escalier-en-verre-par-frederic-hamerlak\/120355\/"},"author":{"name":"Jo Yana","@id":"https:\/\/www.joyana.fr\/ja\/#\/schema\/person\/cf2a1ad12a27c12c21801075bf37407c"},"headline":"Escalier en verre par Frederic HAMERLAK","datePublished":"2015-03-22T09:28:15+00:00","mainEntityOfPage":{"@id":"https:\/\/www.joyana.fr\/en\/escalier-en-verre-par-frederic-hamerlak\/120355\/"},"wordCount":236,"commentCount":2,"publisher":{"@id":"https:\/\/www.joyana.fr\/ja\/#\/schema\/person\/cf2a1ad12a27c12c21801075bf37407c"},"image":{"@id":"https:\/\/www.joyana.fr\/en\/escalier-en-verre-par-frederic-hamerlak\/120355\/#primaryimage"},"thumbnailUrl":"https:\/\/i0.wp.com\/joyana.fr\/wp-content\/uploads\/2015\/03\/escalier-design-verre-frederic-hamerlak-decodesign-89.jpg?fit=1000%2C899&ssl=1","keywords":["Architecture","Escalier design","Escalier en Verre design","Frederic HAMERLAK"],"articleSection":["ARCHITECTURE","DECO-DESIGN","Escalier","France"],"inLanguage":"ja","potentialAction":[{"@type":"CommentAction","name":"Comment","target":["https:\/\/www.joyana.fr\/en\/escalier-en-verre-par-frederic-hamerlak\/120355\/#respond"]}]},{"@type":"WebPage","@id":"https:\/\/www.joyana.fr\/en\/escalier-en-verre-par-frederic-hamerlak\/120355\/","url":"https:\/\/www.joyana.fr\/en\/escalier-en-verre-par-frederic-hamerlak\/120355\/","name":"Escalier en verre par Frederic HAMERLAK | DECO-DESIGN","isPartOf":{"@id":"https:\/\/www.joyana.fr\/ja\/#website"},"primaryImageOfPage":{"@id":"https:\/\/www.joyana.fr\/en\/escalier-en-verre-par-frederic-hamerlak\/120355\/#primaryimage"},"image":{"@id":"https:\/\/www.joyana.fr\/en\/escalier-en-verre-par-frederic-hamerlak\/120355\/#primaryimage"},"thumbnailUrl":"https:\/\/i0.wp.com\/joyana.fr\/wp-content\/uploads\/2015\/03\/escalier-design-verre-frederic-hamerlak-decodesign-89.jpg?fit=1000%2C899&ssl=1","datePublished":"2015-03-22T09:28:15+00:00","description":"L'architecte d'int\u00e9rieur Frederic Hamerlak nous pr\u00e9sente cet escalier en verre design r\u00e9alis\u00e9 chez un client, qui habitait un \"quadriplexe\" n\u00e9cessitant un gain de place \u00e0 chaque niveau...","breadcrumb":{"@id":"https:\/\/www.joyana.fr\/en\/escalier-en-verre-par-frederic-hamerlak\/120355\/#breadcrumb"},"inLanguage":"ja","potentialAction":[{"@type":"ReadAction","target":["https:\/\/www.joyana.fr\/en\/escalier-en-verre-par-frederic-hamerlak\/120355\/"]}]},{"@type":"ImageObject","inLanguage":"ja","@id":"https:\/\/www.joyana.fr\/en\/escalier-en-verre-par-frederic-hamerlak\/120355\/#primaryimage","url":"https:\/\/i0.wp.com\/joyana.fr\/wp-content\/uploads\/2015\/03\/escalier-design-verre-frederic-hamerlak-decodesign-89.jpg?fit=1000%2C899&ssl=1","contentUrl":"https:\/\/i0.wp.com\/joyana.fr\/wp-content\/uploads\/2015\/03\/escalier-design-verre-frederic-hamerlak-decodesign-89.jpg?fit=1000%2C899&ssl=1","width":1000,"height":899},{"@type":"BreadcrumbList","@id":"https:\/\/www.joyana.fr\/en\/escalier-en-verre-par-frederic-hamerlak\/120355\/#breadcrumb","itemListElement":[{"@type":"ListItem","position":1,"name":"Accueil","item":"https:\/\/www.joyana.fr\/ja\/"},{"@type":"ListItem","position":2,"name":"Escalier en verre par Frederic HAMERLAK"}]},{"@type":"WebSite","@id":"https:\/\/www.joyana.fr\/ja\/#website","url":"https:\/\/www.joyana.fr\/ja\/","name":"JO YANA","description":"Blog Mode Homme, Lifestyle, D\u00e9co-Design","publisher":{"@id":"https:\/\/www.joyana.fr\/ja\/#\/schema\/person\/cf2a1ad12a27c12c21801075bf37407c"},"potentialAction":[{"@type":"SearchAction","target":{"@type":"EntryPoint","urlTemplate":"https:\/\/www.joyana.fr\/ja\/?s={search_term_string}"},"query-input":{"@type":"PropertyValueSpecification","valueRequired":true,"valueName":"search_term_string"}}],"inLanguage":"ja"},{"@type":["Person","Organization"],"@id":"https:\/\/www.joyana.fr\/ja\/#\/schema\/person\/cf2a1ad12a27c12c21801075bf37407c","name":"Jo Yana","image":{"@type":"ImageObject","inLanguage":"ja","@id":"https:\/\/www.joyana.fr\/ja\/#\/schema\/person\/image\/","url":"https:\/\/i0.wp.com\/joyana.fr\/wp-content\/uploads\/2016\/08\/cropped-joyana-logo-black-360x180.png?fit=343%2C164&ssl=1","contentUrl":"https:\/\/i0.wp.com\/joyana.fr\/wp-content\/uploads\/2016\/08\/cropped-joyana-logo-black-360x180.png?fit=343%2C164&ssl=1","width":343,"height":164,"caption":"Jo Yana"},"logo":{"@id":"https:\/\/www.joyana.fr\/ja\/#\/schema\/person\/image\/"},"description":"Jo Yana est le cr\u00e9ateur et r\u00e9dacteur en chef des sites DECO-DESIGN. Passionn\u00e9 de Design, Mode, Photo, Luxe, Lifestyle, Musique, mais avant tout Blogueur ! Le plaisir de partager l'anime et a comme devise \"POUR L'AMOUR DU BEAU\". Retrouvez le aussi sur son blog personnel - https:\/\/joyana.fr...","sameAs":["https:\/\/joyana.fr\/"],"url":"https:\/\/joyana.fr\/ja\/author\/joyana\/"}]}},"author_meta":{"display_name":"Jo Yana","author_link":"https:\/\/joyana.fr\/ja\/author\/joyana\/"},"featured_img":"https:\/\/i0.wp.com\/joyana.fr\/wp-content\/uploads\/2015\/03\/escalier-design-verre-frederic-hamerlak-decodesign-89.jpg?fit=389%2C350&ssl=1","featured_image_src":"https:\/\/i0.wp.com\/joyana.fr\/wp-content\/uploads\/2015\/03\/escalier-design-verre-frederic-hamerlak-decodesign-89.jpg?resize=600%2C400&ssl=1","featured_image_src_square":"https:\/\/i0.wp.com\/joyana.fr\/wp-content\/uploads\/2015\/03\/escalier-design-verre-frederic-hamerlak-decodesign-89.jpg?resize=600%2C600&ssl=1","jetpack_featured_media_url":"https:\/\/i0.wp.com\/joyana.fr\/wp-content\/uploads\/2015\/03\/escalier-design-verre-frederic-hamerlak-decodesign-89.jpg?fit=1000%2C899&ssl=1","uagb_featured_image_src":{"full":["https:\/\/i0.wp.com\/joyana.fr\/wp-content\/uploads\/2015\/03\/escalier-design-verre-frederic-hamerlak-decodesign-89.jpg?fit=1000%2C899&ssl=1",1000,899,false],"thumbnail":["https:\/\/i0.wp.com\/joyana.fr\/wp-content\/uploads\/2015\/03\/escalier-design-verre-frederic-hamerlak-decodesign-89.jpg?resize=150%2C150&ssl=1",150,150,true],"medium":["https:\/\/i0.wp.com\/joyana.fr\/wp-content\/uploads\/2015\/03\/escalier-design-verre-frederic-hamerlak-decodesign-89.jpg?fit=389%2C350&ssl=1",389,350,true],"medium_large":["https:\/\/i0.wp.com\/joyana.fr\/wp-content\/uploads\/2015\/03\/escalier-design-verre-frederic-hamerlak-decodesign-89.jpg?fit=768%2C690&ssl=1",768,690,true],"large":["https:\/\/i0.wp.com\/joyana.fr\/wp-content\/uploads\/2015\/03\/escalier-design-verre-frederic-hamerlak-decodesign-89.jpg?fit=1000%2C899&ssl=1",1000,899,true],"1536x1536":["https:\/\/i0.wp.com\/joyana.fr\/wp-content\/uploads\/2015\/03\/escalier-design-verre-frederic-hamerlak-decodesign-89.jpg?fit=1000%2C899&ssl=1",1000,899,true],"2048x2048":["https:\/\/i0.wp.com\/joyana.fr\/wp-content\/uploads\/2015\/03\/escalier-design-verre-frederic-hamerlak-decodesign-89.jpg?fit=1000%2C899&ssl=1",1000,899,true],"featured-thumb":["https:\/\/i0.wp.com\/joyana.fr\/wp-content\/uploads\/2015\/03\/escalier-design-verre-frederic-hamerlak-decodesign-89.jpg?resize=1000%2C750&ssl=1",1000,750,true],"ab-block-post-grid-landscape":["https:\/\/i0.wp.com\/joyana.fr\/wp-content\/uploads\/2015\/03\/escalier-design-verre-frederic-hamerlak-decodesign-89.jpg?resize=600%2C400&ssl=1",600,400,true],"ab-block-post-grid-square":["https:\/\/i0.wp.com\/joyana.fr\/wp-content\/uploads\/2015\/03\/escalier-design-verre-frederic-hamerlak-decodesign-89.jpg?resize=600%2C600&ssl=1",600,600,true],"author-pro-image":["https:\/\/i0.wp.com\/joyana.fr\/wp-content\/uploads\/2015\/03\/escalier-design-verre-frederic-hamerlak-decodesign-89.jpg?resize=360%2C570&ssl=1",360,570,true],"slider":["https:\/\/i0.wp.com\/joyana.fr\/wp-content\/uploads\/2015\/03\/escalier-design-verre-frederic-hamerlak-decodesign-89.jpg?resize=920%2C400&ssl=1",920,400,true],"woocommerce_thumbnail":["https:\/\/i0.wp.com\/joyana.fr\/wp-content\/uploads\/2015\/03\/escalier-design-verre-frederic-hamerlak-decodesign-89.jpg?resize=450%2C450&ssl=1",450,450,true],"woocommerce_single":["https:\/\/i0.wp.com\/joyana.fr\/wp-content\/uploads\/2015\/03\/escalier-design-verre-frederic-hamerlak-decodesign-89.jpg?fit=920%2C827&ssl=1",920,827,true],"woocommerce_gallery_thumbnail":["https:\/\/i0.wp.com\/joyana.fr\/wp-content\/uploads\/2015\/03\/escalier-design-verre-frederic-hamerlak-decodesign-89.jpg?resize=180%2C180&ssl=1",180,180,true],"sow-carousel-default":["https:\/\/i0.wp.com\/joyana.fr\/wp-content\/uploads\/2015\/03\/escalier-design-verre-frederic-hamerlak-decodesign-89.jpg?resize=272%2C182&ssl=1",272,182,true]},"uagb_author_info":{"display_name":"Jo Yana","author_link":"https:\/\/joyana.fr\/ja\/author\/joyana\/"},"uagb_comment_info":10,"uagb_excerpt":"L'architecte d'int\u00e9rieur Frederic Hamerlak nous pr\u00e9sent&hellip;","coauthors":[],"tax_additional":{"categories":{"linked":["<a href=\"https:\/\/joyana.fr\/ja\/category\/portfolio\/architecture\/\" class=\"advgb-post-tax-term\">ARCHITECTURE<\/a>","<a href=\"https:\/\/joyana.fr\/ja\/category\/deco-design\/\" class=\"advgb-post-tax-term\">DECO-DESIGN<\/a>","<a href=\"https:\/\/joyana.fr\/ja\/category\/deco-design\/mobilier\/escalier\/\" class=\"advgb-post-tax-term\">Escalier<\/a>","<a href=\"https:\/\/joyana.fr\/ja\/category\/deco-design\/architecture-deco-design\/pays\/france\/\" class=\"advgb-post-tax-term\">France<\/a>"],"unlinked":["<span class=\"advgb-post-tax-term\">ARCHITECTURE<\/span>","<span class=\"advgb-post-tax-term\">DECO-DESIGN<\/span>","<span class=\"advgb-post-tax-term\">Escalier<\/span>","<span class=\"advgb-post-tax-term\">France<\/span>"]},"tags":{"linked":["<a href=\"https:\/\/joyana.fr\/ja\/category\/deco-design\/architecture-deco-design\/pays\/france\/\" class=\"advgb-post-tax-term\">Architecture<\/a>","<a href=\"https:\/\/joyana.fr\/ja\/category\/deco-design\/architecture-deco-design\/pays\/france\/\" class=\"advgb-post-tax-term\">Escalier design<\/a>","<a href=\"https:\/\/joyana.fr\/ja\/category\/deco-design\/architecture-deco-design\/pays\/france\/\" class=\"advgb-post-tax-term\">Escalier en Verre design<\/a>","<a href=\"https:\/\/joyana.fr\/ja\/category\/deco-design\/architecture-deco-design\/pays\/france\/\" class=\"advgb-post-tax-term\">Frederic HAMERLAK<\/a>"],"unlinked":["<span class=\"advgb-post-tax-term\">Architecture<\/span>","<span class=\"advgb-post-tax-term\">Escalier design<\/span>","<span class=\"advgb-post-tax-term\">Escalier en Verre design<\/span>","<span class=\"advgb-post-tax-term\">Frederic HAMERLAK<\/span>"]}},"comment_count":6,"relative_dates":{"created":"Posted 11\u5e74 ago","modified":"Updated 11\u5e74 ago"},"absolute_dates":{"created":"Posted on 22 3\u6708 2015","modified":"Updated on 22 3\u6708 2015"},"absolute_dates_time":{"created":"Posted on 22 3\u6708 2015 10:28","modified":"Updated on 22 3\u6708 2015 10:28"},"featured_img_caption":"","series_order":"","jetpack_sharing_enabled":true,"jetpack_shortlink":"https:\/\/wp.me\/p9bteI-vjd","jetpack-related-posts":[],"_links":{"self":[{"href":"https:\/\/joyana.fr\/ja\/wp-json\/wp\/v2\/posts\/120355","targetHints":{"allow":["GET"]}}],"collection":[{"href":"https:\/\/joyana.fr\/ja\/wp-json\/wp\/v2\/posts"}],"about":[{"href":"https:\/\/joyana.fr\/ja\/wp-json\/wp\/v2\/types\/post"}],"author":[{"embeddable":true,"href":"https:\/\/joyana.fr\/ja\/wp-json\/wp\/v2\/users\/3"}],"replies":[{"embeddable":true,"href":"https:\/\/joyana.fr\/ja\/wp-json\/wp\/v2\/comments?post=120355"}],"version-history":[{"count":0,"href":"https:\/\/joyana.fr\/ja\/wp-json\/wp\/v2\/posts\/120355\/revisions"}],"wp:featuredmedia":[{"embeddable":true,"href":"https:\/\/joyana.fr\/ja\/wp-json\/wp\/v2\/media\/120358"}],"wp:attachment":[{"href":"https:\/\/joyana.fr\/ja\/wp-json\/wp\/v2\/media?parent=120355"}],"wp:term":[{"taxonomy":"category","embeddable":true,"href":"https:\/\/joyana.fr\/ja\/wp-json\/wp\/v2\/categories?post=120355"},{"taxonomy":"post_tag","embeddable":true,"href":"https:\/\/joyana.fr\/ja\/wp-json\/wp\/v2\/tags?post=120355"}],"curies":[{"name":"wp","href":"https:\/\/api.w.org\/{rel}","templated":true}]}}