{"id":120637,"date":"2015-04-19T09:44:43","date_gmt":"2015-04-19T08:44:43","guid":{"rendered":"https:\/\/joyana.fr\/?p=20637"},"modified":"2015-04-19T09:44:43","modified_gmt":"2015-04-19T08:44:43","slug":"mdw15-sofa-nessy-campeggi-x-emanuele-magini","status":"publish","type":"post","link":"https:\/\/joyana.fr\/ja\/mdw15-sofa-nessy-campeggi-x-emanuele-magini\/120637\/","title":{"rendered":"#MDW15 &#8211; Sofa NESSY CAMPEGGI x Emanuele MAGINI"},"content":{"rendered":"<p>&nbsp;<\/p>\n<p style=\"text-align: justify;\">Veritable coup de coeur dans les all\u00e9es de la <strong>Fiera Milano<\/strong> pour le sofa <strong>NESSY<\/strong> &#8211; dessin\u00e9 par <strong>Emanuele Magini <\/strong>pour<strong> Campeggi<\/strong>&#8230;<\/p>\n<p><a href=\"https:\/\/i0.wp.com\/joyana.fr\/wp-content\/uploads\/2015\/04\/CAMPEGGI-MDW15-DSC07923.jpg?ssl=1\"><img data-recalc-dims=\"1\" fetchpriority=\"high\" decoding=\"async\" class=\"alignnone size-full wp-image-20640\" src=\"https:\/\/i0.wp.com\/joyana.fr\/wp-content\/uploads\/2015\/04\/CAMPEGGI-MDW15-DSC07923.jpg?resize=1000%2C667&#038;ssl=1\" alt=\"CAMPEGGI-MDW15-DSC07923\" width=\"1000\" height=\"667\" \/><\/a><\/p>\n<p style=\"text-align: justify;\">Le <strong>sofa NESSY<\/strong> arbore des dimensions hors normes, avec une partie de l&#8217;assise modulable et orientable pour diff\u00e9rentes utilisations. Le <strong>design<\/strong> de ce <strong>canap\u00e9<\/strong> est sign\u00e9 par <strong>Emanuele Magini<\/strong> &#8211; cr\u00e9ateur du\u00a0studio &#8220;Design Studio Magini&#8221; pour l&#8217;\u00e9diteur italien <strong>Campeggi<\/strong>&#8230;<\/p>\n<p><img data-recalc-dims=\"1\" decoding=\"async\" class=\"alignnone size-full wp-image-20638\" src=\"https:\/\/i0.wp.com\/joyana.fr\/wp-content\/uploads\/2015\/04\/CAMPEGGI-MDW15-DSC07925.jpg?resize=1000%2C667&#038;ssl=1\" alt=\"CAMPEGGI MDW15 DSC07925\" width=\"1000\" height=\"667\" \/><\/p>\n\n<p><a href=\"https:\/\/i0.wp.com\/joyana.fr\/wp-content\/uploads\/2015\/04\/CAMPEGGI-MDW15-DSC07924.jpg?ssl=1\"><img data-recalc-dims=\"1\" decoding=\"async\" class=\"alignnone size-full wp-image-20641\" src=\"https:\/\/i0.wp.com\/joyana.fr\/wp-content\/uploads\/2015\/04\/CAMPEGGI-MDW15-DSC07924.jpg?resize=1000%2C700&#038;ssl=1\" alt=\"CAMPEGGI-MDW15-DSC07924\" width=\"1000\" height=\"700\" \/><\/a><\/p>\n<p>&nbsp;<\/p>\n<p style=\"text-align: center;\">En savoir + sur <a href=\"http:\/\/www.campeggisrl.it\/en\/company\" target=\"_blank\"><strong>CAMPEGGI<\/strong><\/a> &amp; <a href=\"http:\/\/www.emanuelemagini.it\/about\/\" target=\"_blank\"><strong>Emanuele MAGINI<\/strong><\/a><\/p>\n","protected":false},"excerpt":{"rendered":"<p>Veritable coup de coeur dans les all\u00e9es de la Fiera Milano pour le sofa NESSY &#8211; dessin\u00e9 par Emanuele Magini pour Campeggi&#8230;<\/p>\n","protected":false},"author":3,"featured_media":120639,"comment_status":"open","ping_status":"open","sticky":false,"template":"","format":"aside","meta":{"_coblocks_attr":"","_coblocks_dimensions":"","_coblocks_responsive_height":"","_coblocks_accordion_ie_support":"","_uag_custom_page_level_css":"","advgb_blocks_editor_width":"","advgb_blocks_columns_visual_guide":"","_genesis_hide_title":false,"_genesis_hide_breadcrumbs":false,"_genesis_hide_singular_image":false,"_genesis_hide_footer_widgets":false,"_genesis_custom_body_class":"","_genesis_custom_post_class":"","_genesis_layout":"","_themeisle_gutenberg_block_has_review":false,"_jetpack_newsletter_access":"","_jetpack_dont_email_post_to_subs":false,"_jetpack_newsletter_tier_id":0,"_jetpack_memberships_contains_paywalled_content":false,"_jetpack_memberships_contains_paid_content":false,"footnotes":""},"categories":[948,949,905,993,942],"tags":[2007,2045,1146,2046,2026],"class_list":{"0":"post-120637","1":"post","2":"type-post","3":"status-publish","4":"format-aside","5":"has-post-thumbnail","7":"category-assise","8":"category-canape","9":"category-deco-design","10":"category-milan-design-week","11":"category-mobilier","12":"tag-mdw15","13":"tag-campeggi","14":"tag-canape-design","15":"tag-emanuele-magini","16":"tag-milan-design-week-2015","17":"post_format-post-format-aside","18":"entry"},"featured_image_urls":{"full":["https:\/\/i0.wp.com\/joyana.fr\/wp-content\/uploads\/2015\/04\/CAMPEGGI-MDW15-DSC07922.jpg?fit=1200%2C822&ssl=1",1200,822,false],"thumbnail":["https:\/\/i0.wp.com\/joyana.fr\/wp-content\/uploads\/2015\/04\/CAMPEGGI-MDW15-DSC07922.jpg?resize=150%2C150&ssl=1",150,150,true],"medium":["https:\/\/i0.wp.com\/joyana.fr\/wp-content\/uploads\/2015\/04\/CAMPEGGI-MDW15-DSC07922.jpg?fit=389%2C266&ssl=1",389,266,true],"medium_large":["https:\/\/i0.wp.com\/joyana.fr\/wp-content\/uploads\/2015\/04\/CAMPEGGI-MDW15-DSC07922.jpg?fit=768%2C526&ssl=1",768,526,true],"large":["https:\/\/i0.wp.com\/joyana.fr\/wp-content\/uploads\/2015\/04\/CAMPEGGI-MDW15-DSC07922.jpg?fit=1024%2C701&ssl=1",1024,701,true],"1536x1536":["https:\/\/i0.wp.com\/joyana.fr\/wp-content\/uploads\/2015\/04\/CAMPEGGI-MDW15-DSC07922.jpg?fit=1200%2C822&ssl=1",1200,822,true],"2048x2048":["https:\/\/i0.wp.com\/joyana.fr\/wp-content\/uploads\/2015\/04\/CAMPEGGI-MDW15-DSC07922.jpg?fit=1200%2C822&ssl=1",1200,822,true],"featured-thumb":["https:\/\/i0.wp.com\/joyana.fr\/wp-content\/uploads\/2015\/04\/CAMPEGGI-MDW15-DSC07922.jpg?resize=1200%2C750&ssl=1",1200,750,true],"ab-block-post-grid-landscape":["https:\/\/i0.wp.com\/joyana.fr\/wp-content\/uploads\/2015\/04\/CAMPEGGI-MDW15-DSC07922.jpg?resize=600%2C400&ssl=1",600,400,true],"ab-block-post-grid-square":["https:\/\/i0.wp.com\/joyana.fr\/wp-content\/uploads\/2015\/04\/CAMPEGGI-MDW15-DSC07922.jpg?resize=600%2C600&ssl=1",600,600,true],"author-pro-image":["https:\/\/i0.wp.com\/joyana.fr\/wp-content\/uploads\/2015\/04\/CAMPEGGI-MDW15-DSC07922.jpg?resize=360%2C570&ssl=1",360,570,true],"slider":["https:\/\/i0.wp.com\/joyana.fr\/wp-content\/uploads\/2015\/04\/CAMPEGGI-MDW15-DSC07922.jpg?resize=920%2C400&ssl=1",920,400,true],"woocommerce_thumbnail":["https:\/\/i0.wp.com\/joyana.fr\/wp-content\/uploads\/2015\/04\/CAMPEGGI-MDW15-DSC07922.jpg?resize=450%2C450&ssl=1",450,450,true],"woocommerce_single":["https:\/\/i0.wp.com\/joyana.fr\/wp-content\/uploads\/2015\/04\/CAMPEGGI-MDW15-DSC07922.jpg?fit=920%2C630&ssl=1",920,630,true],"woocommerce_gallery_thumbnail":["https:\/\/i0.wp.com\/joyana.fr\/wp-content\/uploads\/2015\/04\/CAMPEGGI-MDW15-DSC07922.jpg?resize=180%2C180&ssl=1",180,180,true],"sow-carousel-default":["https:\/\/i0.wp.com\/joyana.fr\/wp-content\/uploads\/2015\/04\/CAMPEGGI-MDW15-DSC07922.jpg?resize=272%2C182&ssl=1",272,182,true]},"post_excerpt_stackable":"<p>Veritable coup de coeur dans les all\u00e9es de la Fiera Milano pour le sofa NESSY &#8211; dessin\u00e9 par Emanuele Magini pour Campeggi&#8230;<\/p>\n","category_list":"<a href=\"https:\/\/joyana.fr\/ja\/category\/deco-design\/mobilier\/assise\/\" rel=\"category tag\">Assise<\/a>, <a href=\"https:\/\/joyana.fr\/ja\/category\/deco-design\/mobilier\/assise\/canape\/\" rel=\"category tag\">Canap\u00e9<\/a>, <a href=\"https:\/\/joyana.fr\/ja\/category\/deco-design\/\" rel=\"category tag\">DECO-DESIGN<\/a>, <a href=\"https:\/\/joyana.fr\/ja\/category\/deco-design\/actualite\/salon\/milan-design-week\/\" rel=\"category tag\">Milan Design Week<\/a>, <a href=\"https:\/\/joyana.fr\/ja\/category\/deco-design\/mobilier\/\" rel=\"category tag\">Mobilier<\/a>","author_info":{"display_name":"Jo Yana","author_link":"https:\/\/joyana.fr\/ja\/author\/joyana\/"},"comments_num":"0 comments","featured_image_urls_v2":{"full":["https:\/\/i0.wp.com\/joyana.fr\/wp-content\/uploads\/2015\/04\/CAMPEGGI-MDW15-DSC07922.jpg?fit=1200%2C822&ssl=1",1200,822,false],"thumbnail":["https:\/\/i0.wp.com\/joyana.fr\/wp-content\/uploads\/2015\/04\/CAMPEGGI-MDW15-DSC07922.jpg?resize=150%2C150&ssl=1",150,150,true],"medium":["https:\/\/i0.wp.com\/joyana.fr\/wp-content\/uploads\/2015\/04\/CAMPEGGI-MDW15-DSC07922.jpg?fit=389%2C266&ssl=1",389,266,true],"medium_large":["https:\/\/i0.wp.com\/joyana.fr\/wp-content\/uploads\/2015\/04\/CAMPEGGI-MDW15-DSC07922.jpg?fit=768%2C526&ssl=1",768,526,true],"large":["https:\/\/i0.wp.com\/joyana.fr\/wp-content\/uploads\/2015\/04\/CAMPEGGI-MDW15-DSC07922.jpg?fit=1024%2C701&ssl=1",1024,701,true],"1536x1536":["https:\/\/i0.wp.com\/joyana.fr\/wp-content\/uploads\/2015\/04\/CAMPEGGI-MDW15-DSC07922.jpg?fit=1200%2C822&ssl=1",1200,822,true],"2048x2048":["https:\/\/i0.wp.com\/joyana.fr\/wp-content\/uploads\/2015\/04\/CAMPEGGI-MDW15-DSC07922.jpg?fit=1200%2C822&ssl=1",1200,822,true],"featured-thumb":["https:\/\/i0.wp.com\/joyana.fr\/wp-content\/uploads\/2015\/04\/CAMPEGGI-MDW15-DSC07922.jpg?resize=1200%2C750&ssl=1",1200,750,true],"ab-block-post-grid-landscape":["https:\/\/i0.wp.com\/joyana.fr\/wp-content\/uploads\/2015\/04\/CAMPEGGI-MDW15-DSC07922.jpg?resize=600%2C400&ssl=1",600,400,true],"ab-block-post-grid-square":["https:\/\/i0.wp.com\/joyana.fr\/wp-content\/uploads\/2015\/04\/CAMPEGGI-MDW15-DSC07922.jpg?resize=600%2C600&ssl=1",600,600,true],"author-pro-image":["https:\/\/i0.wp.com\/joyana.fr\/wp-content\/uploads\/2015\/04\/CAMPEGGI-MDW15-DSC07922.jpg?resize=360%2C570&ssl=1",360,570,true],"slider":["https:\/\/i0.wp.com\/joyana.fr\/wp-content\/uploads\/2015\/04\/CAMPEGGI-MDW15-DSC07922.jpg?resize=920%2C400&ssl=1",920,400,true],"woocommerce_thumbnail":["https:\/\/i0.wp.com\/joyana.fr\/wp-content\/uploads\/2015\/04\/CAMPEGGI-MDW15-DSC07922.jpg?resize=450%2C450&ssl=1",450,450,true],"woocommerce_single":["https:\/\/i0.wp.com\/joyana.fr\/wp-content\/uploads\/2015\/04\/CAMPEGGI-MDW15-DSC07922.jpg?fit=920%2C630&ssl=1",920,630,true],"woocommerce_gallery_thumbnail":["https:\/\/i0.wp.com\/joyana.fr\/wp-content\/uploads\/2015\/04\/CAMPEGGI-MDW15-DSC07922.jpg?resize=180%2C180&ssl=1",180,180,true],"sow-carousel-default":["https:\/\/i0.wp.com\/joyana.fr\/wp-content\/uploads\/2015\/04\/CAMPEGGI-MDW15-DSC07922.jpg?resize=272%2C182&ssl=1",272,182,true]},"post_excerpt_stackable_v2":"<p>Veritable coup de coeur dans les all\u00e9es de la Fiera Milano pour le sofa NESSY &#8211; dessin\u00e9 par Emanuele Magini pour Campeggi&#8230;<\/p>\n","category_list_v2":"<a href=\"https:\/\/joyana.fr\/ja\/category\/deco-design\/mobilier\/assise\/\" rel=\"category tag\">Assise<\/a>, <a href=\"https:\/\/joyana.fr\/ja\/category\/deco-design\/mobilier\/assise\/canape\/\" rel=\"category tag\">Canap\u00e9<\/a>, <a href=\"https:\/\/joyana.fr\/ja\/category\/deco-design\/\" rel=\"category tag\">DECO-DESIGN<\/a>, <a href=\"https:\/\/joyana.fr\/ja\/category\/deco-design\/actualite\/salon\/milan-design-week\/\" rel=\"category tag\">Milan Design Week<\/a>, <a href=\"https:\/\/joyana.fr\/ja\/category\/deco-design\/mobilier\/\" rel=\"category tag\">Mobilier<\/a>","author_info_v2":{"name":"Jo Yana","url":"https:\/\/joyana.fr\/ja\/author\/joyana\/"},"comments_num_v2":"0 comments","yoast_head":"<!-- This site is optimized with the Yoast SEO plugin v26.8 - https:\/\/yoast.com\/product\/yoast-seo-wordpress\/ -->\n<title>#MDW15 - Sofa NESSY CAMPEGGI x Emanuele MAGINI | DECO-DESIGN<\/title>\n<meta name=\"description\" content=\"Veritable coup de coeur dans les all\u00e9es de la Fiera Milano pour le sofa NESSY - dessin\u00e9 par Emanuele Magini pour Campeggi...\" \/>\n<meta name=\"robots\" content=\"index, follow, max-snippet:-1, max-image-preview:large, max-video-preview:-1\" \/>\n<link rel=\"canonical\" href=\"https:\/\/joyana.fr\/ja\/mdw15-sofa-nessy-campeggi-x-emanuele-magini\/120637\/\" \/>\n<meta property=\"og:locale\" content=\"ja_JP\" \/>\n<meta property=\"og:locale:alternate\" content=\"fr_FR\" \/>\n<meta property=\"og:locale:alternate\" content=\"en_US\" \/>\n<meta property=\"og:type\" content=\"article\" \/>\n<meta property=\"og:title\" content=\"#MDW15 - Sofa NESSY CAMPEGGI x Emanuele MAGINI | DECO-DESIGN\" \/>\n<meta property=\"og:description\" content=\"Veritable coup de coeur dans les all\u00e9es de la Fiera Milano pour le sofa NESSY - dessin\u00e9 par Emanuele Magini pour Campeggi...\" \/>\n<meta property=\"og:url\" content=\"https:\/\/joyana.fr\/ja\/mdw15-sofa-nessy-campeggi-x-emanuele-magini\/120637\/\" \/>\n<meta property=\"og:site_name\" content=\"JO YANA\" \/>\n<meta property=\"article:published_time\" content=\"2015-04-19T08:44:43+00:00\" \/>\n<meta property=\"og:image\" content=\"https:\/\/joyana.fr\/wp-content\/uploads\/2015\/04\/CAMPEGGI-MDW15-DSC07922.jpg\" \/>\n\t<meta property=\"og:image:width\" content=\"1200\" \/>\n\t<meta property=\"og:image:height\" content=\"822\" \/>\n\t<meta property=\"og:image:type\" content=\"image\/jpeg\" \/>\n<meta name=\"author\" content=\"Jo Yana\" \/>\n<meta name=\"twitter:card\" content=\"summary_large_image\" \/>\n<meta name=\"twitter:creator\" content=\"@Jo_Yana\" \/>\n<meta name=\"twitter:site\" content=\"@Jo_Yana\" \/>\n<meta name=\"twitter:label1\" content=\"\u57f7\u7b46\u8005\" \/>\n\t<meta name=\"twitter:data1\" content=\"Jo Yana\" \/>\n<script type=\"application\/ld+json\" class=\"yoast-schema-graph\">{\"@context\":\"https:\/\/schema.org\",\"@graph\":[{\"@type\":\"Article\",\"@id\":\"https:\/\/joyana.fr\/ja\/mdw15-sofa-nessy-campeggi-x-emanuele-magini\/120637\/#article\",\"isPartOf\":{\"@id\":\"https:\/\/joyana.fr\/ja\/mdw15-sofa-nessy-campeggi-x-emanuele-magini\/120637\/\"},\"author\":{\"name\":\"Jo Yana\",\"@id\":\"https:\/\/joyana.fr\/#\/schema\/person\/cf2a1ad12a27c12c21801075bf37407c\"},\"headline\":\"#MDW15 &#8211; Sofa NESSY CAMPEGGI x Emanuele MAGINI\",\"datePublished\":\"2015-04-19T08:44:43+00:00\",\"mainEntityOfPage\":{\"@id\":\"https:\/\/joyana.fr\/ja\/mdw15-sofa-nessy-campeggi-x-emanuele-magini\/120637\/\"},\"wordCount\":89,\"commentCount\":0,\"publisher\":{\"@id\":\"https:\/\/joyana.fr\/#\/schema\/person\/cf2a1ad12a27c12c21801075bf37407c\"},\"image\":{\"@id\":\"https:\/\/joyana.fr\/ja\/mdw15-sofa-nessy-campeggi-x-emanuele-magini\/120637\/#primaryimage\"},\"thumbnailUrl\":\"https:\/\/i0.wp.com\/joyana.fr\/wp-content\/uploads\/2015\/04\/CAMPEGGI-MDW15-DSC07922.jpg?fit=1200%2C822&ssl=1\",\"keywords\":[\"#MDW15\",\"Campeggi\",\"Canap\u00e9 design\",\"Emanuele MAGINI\",\"Milan Design Week 2015\"],\"articleSection\":[\"Assise\",\"Canap\u00e9\",\"DECO-DESIGN\",\"Milan Design Week\",\"Mobilier\"],\"inLanguage\":\"ja\",\"potentialAction\":[{\"@type\":\"CommentAction\",\"name\":\"Comment\",\"target\":[\"https:\/\/joyana.fr\/ja\/mdw15-sofa-nessy-campeggi-x-emanuele-magini\/120637\/#respond\"]}]},{\"@type\":\"WebPage\",\"@id\":\"https:\/\/joyana.fr\/ja\/mdw15-sofa-nessy-campeggi-x-emanuele-magini\/120637\/\",\"url\":\"https:\/\/joyana.fr\/ja\/mdw15-sofa-nessy-campeggi-x-emanuele-magini\/120637\/\",\"name\":\"#MDW15 - Sofa NESSY CAMPEGGI x Emanuele MAGINI | DECO-DESIGN\",\"isPartOf\":{\"@id\":\"https:\/\/joyana.fr\/#website\"},\"primaryImageOfPage\":{\"@id\":\"https:\/\/joyana.fr\/ja\/mdw15-sofa-nessy-campeggi-x-emanuele-magini\/120637\/#primaryimage\"},\"image\":{\"@id\":\"https:\/\/joyana.fr\/ja\/mdw15-sofa-nessy-campeggi-x-emanuele-magini\/120637\/#primaryimage\"},\"thumbnailUrl\":\"https:\/\/i0.wp.com\/joyana.fr\/wp-content\/uploads\/2015\/04\/CAMPEGGI-MDW15-DSC07922.jpg?fit=1200%2C822&ssl=1\",\"datePublished\":\"2015-04-19T08:44:43+00:00\",\"description\":\"Veritable coup de coeur dans les all\u00e9es de la Fiera Milano pour le sofa NESSY - dessin\u00e9 par Emanuele Magini pour Campeggi...\",\"breadcrumb\":{\"@id\":\"https:\/\/joyana.fr\/ja\/mdw15-sofa-nessy-campeggi-x-emanuele-magini\/120637\/#breadcrumb\"},\"inLanguage\":\"ja\",\"potentialAction\":[{\"@type\":\"ReadAction\",\"target\":[\"https:\/\/joyana.fr\/ja\/mdw15-sofa-nessy-campeggi-x-emanuele-magini\/120637\/\"]}]},{\"@type\":\"ImageObject\",\"inLanguage\":\"ja\",\"@id\":\"https:\/\/joyana.fr\/ja\/mdw15-sofa-nessy-campeggi-x-emanuele-magini\/120637\/#primaryimage\",\"url\":\"https:\/\/i0.wp.com\/joyana.fr\/wp-content\/uploads\/2015\/04\/CAMPEGGI-MDW15-DSC07922.jpg?fit=1200%2C822&ssl=1\",\"contentUrl\":\"https:\/\/i0.wp.com\/joyana.fr\/wp-content\/uploads\/2015\/04\/CAMPEGGI-MDW15-DSC07922.jpg?fit=1200%2C822&ssl=1\",\"width\":1200,\"height\":822},{\"@type\":\"BreadcrumbList\",\"@id\":\"https:\/\/joyana.fr\/ja\/mdw15-sofa-nessy-campeggi-x-emanuele-magini\/120637\/#breadcrumb\",\"itemListElement\":[{\"@type\":\"ListItem\",\"position\":1,\"name\":\"Accueil\",\"item\":\"https:\/\/joyana.fr\/\"},{\"@type\":\"ListItem\",\"position\":2,\"name\":\"#MDW15 &#8211; Sofa NESSY CAMPEGGI x Emanuele MAGINI\"}]},{\"@type\":\"WebSite\",\"@id\":\"https:\/\/joyana.fr\/#website\",\"url\":\"https:\/\/joyana.fr\/\",\"name\":\"JO YANA\",\"description\":\"Blog Mode Homme, Lifestyle, D\u00e9co-Design\",\"publisher\":{\"@id\":\"https:\/\/joyana.fr\/#\/schema\/person\/cf2a1ad12a27c12c21801075bf37407c\"},\"potentialAction\":[{\"@type\":\"SearchAction\",\"target\":{\"@type\":\"EntryPoint\",\"urlTemplate\":\"https:\/\/joyana.fr\/?s={search_term_string}\"},\"query-input\":{\"@type\":\"PropertyValueSpecification\",\"valueRequired\":true,\"valueName\":\"search_term_string\"}}],\"inLanguage\":\"ja\"},{\"@type\":[\"Person\",\"Organization\"],\"@id\":\"https:\/\/joyana.fr\/#\/schema\/person\/cf2a1ad12a27c12c21801075bf37407c\",\"name\":\"Jo Yana\",\"image\":{\"@type\":\"ImageObject\",\"inLanguage\":\"ja\",\"@id\":\"https:\/\/joyana.fr\/#\/schema\/person\/image\/\",\"url\":\"https:\/\/i0.wp.com\/joyana.fr\/wp-content\/uploads\/2016\/08\/cropped-joyana-logo-black-360x180.png?fit=343%2C164&ssl=1\",\"contentUrl\":\"https:\/\/i0.wp.com\/joyana.fr\/wp-content\/uploads\/2016\/08\/cropped-joyana-logo-black-360x180.png?fit=343%2C164&ssl=1\",\"width\":343,\"height\":164,\"caption\":\"Jo Yana\"},\"logo\":{\"@id\":\"https:\/\/joyana.fr\/#\/schema\/person\/image\/\"},\"description\":\"Jo Yana est le cr\u00e9ateur et r\u00e9dacteur en chef des sites DECO-DESIGN. Passionn\u00e9 de Design, Mode, Photo, Luxe, Lifestyle, Musique, mais avant tout Blogueur ! Le plaisir de partager l'anime et a comme devise \\\"POUR L'AMOUR DU BEAU\\\". Retrouvez le aussi sur son blog personnel - https:\/\/joyana.fr...\",\"sameAs\":[\"https:\/\/joyana.fr\/\"],\"url\":\"https:\/\/joyana.fr\/ja\/author\/joyana\/\"}]}<\/script>\n<!-- \/ Yoast SEO plugin. -->","yoast_head_json":{"title":"#MDW15 - Sofa NESSY CAMPEGGI x Emanuele MAGINI | DECO-DESIGN","description":"Veritable coup de coeur dans les all\u00e9es de la Fiera Milano pour le sofa NESSY - dessin\u00e9 par Emanuele Magini pour Campeggi...","robots":{"index":"index","follow":"follow","max-snippet":"max-snippet:-1","max-image-preview":"max-image-preview:large","max-video-preview":"max-video-preview:-1"},"canonical":"https:\/\/joyana.fr\/ja\/mdw15-sofa-nessy-campeggi-x-emanuele-magini\/120637\/","og_locale":"ja_JP","og_type":"article","og_title":"#MDW15 - Sofa NESSY CAMPEGGI x Emanuele MAGINI | DECO-DESIGN","og_description":"Veritable coup de coeur dans les all\u00e9es de la Fiera Milano pour le sofa NESSY - dessin\u00e9 par Emanuele Magini pour Campeggi...","og_url":"https:\/\/joyana.fr\/ja\/mdw15-sofa-nessy-campeggi-x-emanuele-magini\/120637\/","og_site_name":"JO YANA","article_published_time":"2015-04-19T08:44:43+00:00","og_image":[{"width":1200,"height":822,"url":"https:\/\/joyana.fr\/wp-content\/uploads\/2015\/04\/CAMPEGGI-MDW15-DSC07922.jpg","type":"image\/jpeg"}],"author":"Jo Yana","twitter_card":"summary_large_image","twitter_creator":"@Jo_Yana","twitter_site":"@Jo_Yana","twitter_misc":{"\u57f7\u7b46\u8005":"Jo Yana"},"schema":{"@context":"https:\/\/schema.org","@graph":[{"@type":"Article","@id":"https:\/\/joyana.fr\/ja\/mdw15-sofa-nessy-campeggi-x-emanuele-magini\/120637\/#article","isPartOf":{"@id":"https:\/\/joyana.fr\/ja\/mdw15-sofa-nessy-campeggi-x-emanuele-magini\/120637\/"},"author":{"name":"Jo Yana","@id":"https:\/\/joyana.fr\/#\/schema\/person\/cf2a1ad12a27c12c21801075bf37407c"},"headline":"#MDW15 &#8211; Sofa NESSY CAMPEGGI x Emanuele MAGINI","datePublished":"2015-04-19T08:44:43+00:00","mainEntityOfPage":{"@id":"https:\/\/joyana.fr\/ja\/mdw15-sofa-nessy-campeggi-x-emanuele-magini\/120637\/"},"wordCount":89,"commentCount":0,"publisher":{"@id":"https:\/\/joyana.fr\/#\/schema\/person\/cf2a1ad12a27c12c21801075bf37407c"},"image":{"@id":"https:\/\/joyana.fr\/ja\/mdw15-sofa-nessy-campeggi-x-emanuele-magini\/120637\/#primaryimage"},"thumbnailUrl":"https:\/\/i0.wp.com\/joyana.fr\/wp-content\/uploads\/2015\/04\/CAMPEGGI-MDW15-DSC07922.jpg?fit=1200%2C822&ssl=1","keywords":["#MDW15","Campeggi","Canap\u00e9 design","Emanuele MAGINI","Milan Design Week 2015"],"articleSection":["Assise","Canap\u00e9","DECO-DESIGN","Milan Design Week","Mobilier"],"inLanguage":"ja","potentialAction":[{"@type":"CommentAction","name":"Comment","target":["https:\/\/joyana.fr\/ja\/mdw15-sofa-nessy-campeggi-x-emanuele-magini\/120637\/#respond"]}]},{"@type":"WebPage","@id":"https:\/\/joyana.fr\/ja\/mdw15-sofa-nessy-campeggi-x-emanuele-magini\/120637\/","url":"https:\/\/joyana.fr\/ja\/mdw15-sofa-nessy-campeggi-x-emanuele-magini\/120637\/","name":"#MDW15 - Sofa NESSY CAMPEGGI x Emanuele MAGINI | DECO-DESIGN","isPartOf":{"@id":"https:\/\/joyana.fr\/#website"},"primaryImageOfPage":{"@id":"https:\/\/joyana.fr\/ja\/mdw15-sofa-nessy-campeggi-x-emanuele-magini\/120637\/#primaryimage"},"image":{"@id":"https:\/\/joyana.fr\/ja\/mdw15-sofa-nessy-campeggi-x-emanuele-magini\/120637\/#primaryimage"},"thumbnailUrl":"https:\/\/i0.wp.com\/joyana.fr\/wp-content\/uploads\/2015\/04\/CAMPEGGI-MDW15-DSC07922.jpg?fit=1200%2C822&ssl=1","datePublished":"2015-04-19T08:44:43+00:00","description":"Veritable coup de coeur dans les all\u00e9es de la Fiera Milano pour le sofa NESSY - dessin\u00e9 par Emanuele Magini pour Campeggi...","breadcrumb":{"@id":"https:\/\/joyana.fr\/ja\/mdw15-sofa-nessy-campeggi-x-emanuele-magini\/120637\/#breadcrumb"},"inLanguage":"ja","potentialAction":[{"@type":"ReadAction","target":["https:\/\/joyana.fr\/ja\/mdw15-sofa-nessy-campeggi-x-emanuele-magini\/120637\/"]}]},{"@type":"ImageObject","inLanguage":"ja","@id":"https:\/\/joyana.fr\/ja\/mdw15-sofa-nessy-campeggi-x-emanuele-magini\/120637\/#primaryimage","url":"https:\/\/i0.wp.com\/joyana.fr\/wp-content\/uploads\/2015\/04\/CAMPEGGI-MDW15-DSC07922.jpg?fit=1200%2C822&ssl=1","contentUrl":"https:\/\/i0.wp.com\/joyana.fr\/wp-content\/uploads\/2015\/04\/CAMPEGGI-MDW15-DSC07922.jpg?fit=1200%2C822&ssl=1","width":1200,"height":822},{"@type":"BreadcrumbList","@id":"https:\/\/joyana.fr\/ja\/mdw15-sofa-nessy-campeggi-x-emanuele-magini\/120637\/#breadcrumb","itemListElement":[{"@type":"ListItem","position":1,"name":"Accueil","item":"https:\/\/joyana.fr\/"},{"@type":"ListItem","position":2,"name":"#MDW15 &#8211; Sofa NESSY CAMPEGGI x Emanuele MAGINI"}]},{"@type":"WebSite","@id":"https:\/\/joyana.fr\/#website","url":"https:\/\/joyana.fr\/","name":"JO YANA","description":"Blog Mode Homme, Lifestyle, D\u00e9co-Design","publisher":{"@id":"https:\/\/joyana.fr\/#\/schema\/person\/cf2a1ad12a27c12c21801075bf37407c"},"potentialAction":[{"@type":"SearchAction","target":{"@type":"EntryPoint","urlTemplate":"https:\/\/joyana.fr\/?s={search_term_string}"},"query-input":{"@type":"PropertyValueSpecification","valueRequired":true,"valueName":"search_term_string"}}],"inLanguage":"ja"},{"@type":["Person","Organization"],"@id":"https:\/\/joyana.fr\/#\/schema\/person\/cf2a1ad12a27c12c21801075bf37407c","name":"Jo Yana","image":{"@type":"ImageObject","inLanguage":"ja","@id":"https:\/\/joyana.fr\/#\/schema\/person\/image\/","url":"https:\/\/i0.wp.com\/joyana.fr\/wp-content\/uploads\/2016\/08\/cropped-joyana-logo-black-360x180.png?fit=343%2C164&ssl=1","contentUrl":"https:\/\/i0.wp.com\/joyana.fr\/wp-content\/uploads\/2016\/08\/cropped-joyana-logo-black-360x180.png?fit=343%2C164&ssl=1","width":343,"height":164,"caption":"Jo Yana"},"logo":{"@id":"https:\/\/joyana.fr\/#\/schema\/person\/image\/"},"description":"Jo Yana est le cr\u00e9ateur et r\u00e9dacteur en chef des sites DECO-DESIGN. Passionn\u00e9 de Design, Mode, Photo, Luxe, Lifestyle, Musique, mais avant tout Blogueur ! Le plaisir de partager l'anime et a comme devise \"POUR L'AMOUR DU BEAU\". Retrouvez le aussi sur son blog personnel - https:\/\/joyana.fr...","sameAs":["https:\/\/joyana.fr\/"],"url":"https:\/\/joyana.fr\/ja\/author\/joyana\/"}]}},"author_meta":{"display_name":"Jo Yana","author_link":"https:\/\/joyana.fr\/ja\/author\/joyana\/"},"featured_img":"https:\/\/i0.wp.com\/joyana.fr\/wp-content\/uploads\/2015\/04\/CAMPEGGI-MDW15-DSC07922.jpg?fit=389%2C266&ssl=1","featured_image_src":"https:\/\/i0.wp.com\/joyana.fr\/wp-content\/uploads\/2015\/04\/CAMPEGGI-MDW15-DSC07922.jpg?resize=600%2C400&ssl=1","featured_image_src_square":"https:\/\/i0.wp.com\/joyana.fr\/wp-content\/uploads\/2015\/04\/CAMPEGGI-MDW15-DSC07922.jpg?resize=600%2C600&ssl=1","jetpack_featured_media_url":"https:\/\/i0.wp.com\/joyana.fr\/wp-content\/uploads\/2015\/04\/CAMPEGGI-MDW15-DSC07922.jpg?fit=1200%2C822&ssl=1","uagb_featured_image_src":{"full":["https:\/\/i0.wp.com\/joyana.fr\/wp-content\/uploads\/2015\/04\/CAMPEGGI-MDW15-DSC07922.jpg?fit=1200%2C822&ssl=1",1200,822,false],"thumbnail":["https:\/\/i0.wp.com\/joyana.fr\/wp-content\/uploads\/2015\/04\/CAMPEGGI-MDW15-DSC07922.jpg?resize=150%2C150&ssl=1",150,150,true],"medium":["https:\/\/i0.wp.com\/joyana.fr\/wp-content\/uploads\/2015\/04\/CAMPEGGI-MDW15-DSC07922.jpg?fit=389%2C266&ssl=1",389,266,true],"medium_large":["https:\/\/i0.wp.com\/joyana.fr\/wp-content\/uploads\/2015\/04\/CAMPEGGI-MDW15-DSC07922.jpg?fit=768%2C526&ssl=1",768,526,true],"large":["https:\/\/i0.wp.com\/joyana.fr\/wp-content\/uploads\/2015\/04\/CAMPEGGI-MDW15-DSC07922.jpg?fit=1024%2C701&ssl=1",1024,701,true],"1536x1536":["https:\/\/i0.wp.com\/joyana.fr\/wp-content\/uploads\/2015\/04\/CAMPEGGI-MDW15-DSC07922.jpg?fit=1200%2C822&ssl=1",1200,822,true],"2048x2048":["https:\/\/i0.wp.com\/joyana.fr\/wp-content\/uploads\/2015\/04\/CAMPEGGI-MDW15-DSC07922.jpg?fit=1200%2C822&ssl=1",1200,822,true],"featured-thumb":["https:\/\/i0.wp.com\/joyana.fr\/wp-content\/uploads\/2015\/04\/CAMPEGGI-MDW15-DSC07922.jpg?resize=1200%2C750&ssl=1",1200,750,true],"ab-block-post-grid-landscape":["https:\/\/i0.wp.com\/joyana.fr\/wp-content\/uploads\/2015\/04\/CAMPEGGI-MDW15-DSC07922.jpg?resize=600%2C400&ssl=1",600,400,true],"ab-block-post-grid-square":["https:\/\/i0.wp.com\/joyana.fr\/wp-content\/uploads\/2015\/04\/CAMPEGGI-MDW15-DSC07922.jpg?resize=600%2C600&ssl=1",600,600,true],"author-pro-image":["https:\/\/i0.wp.com\/joyana.fr\/wp-content\/uploads\/2015\/04\/CAMPEGGI-MDW15-DSC07922.jpg?resize=360%2C570&ssl=1",360,570,true],"slider":["https:\/\/i0.wp.com\/joyana.fr\/wp-content\/uploads\/2015\/04\/CAMPEGGI-MDW15-DSC07922.jpg?resize=920%2C400&ssl=1",920,400,true],"woocommerce_thumbnail":["https:\/\/i0.wp.com\/joyana.fr\/wp-content\/uploads\/2015\/04\/CAMPEGGI-MDW15-DSC07922.jpg?resize=450%2C450&ssl=1",450,450,true],"woocommerce_single":["https:\/\/i0.wp.com\/joyana.fr\/wp-content\/uploads\/2015\/04\/CAMPEGGI-MDW15-DSC07922.jpg?fit=920%2C630&ssl=1",920,630,true],"woocommerce_gallery_thumbnail":["https:\/\/i0.wp.com\/joyana.fr\/wp-content\/uploads\/2015\/04\/CAMPEGGI-MDW15-DSC07922.jpg?resize=180%2C180&ssl=1",180,180,true],"sow-carousel-default":["https:\/\/i0.wp.com\/joyana.fr\/wp-content\/uploads\/2015\/04\/CAMPEGGI-MDW15-DSC07922.jpg?resize=272%2C182&ssl=1",272,182,true]},"uagb_author_info":{"display_name":"Jo Yana","author_link":"https:\/\/joyana.fr\/ja\/author\/joyana\/"},"uagb_comment_info":4,"uagb_excerpt":"Veritable coup de coeur dans les all\u00e9es de la Fiera Mil&hellip;","coauthors":[],"tax_additional":{"categories":{"linked":["<a href=\"https:\/\/joyana.fr\/ja\/category\/deco-design\/mobilier\/assise\/\" class=\"advgb-post-tax-term\">Assise<\/a>","<a href=\"https:\/\/joyana.fr\/ja\/category\/deco-design\/mobilier\/assise\/canape\/\" class=\"advgb-post-tax-term\">Canap\u00e9<\/a>","<a href=\"https:\/\/joyana.fr\/ja\/category\/deco-design\/\" class=\"advgb-post-tax-term\">DECO-DESIGN<\/a>","<a href=\"https:\/\/joyana.fr\/ja\/category\/deco-design\/actualite\/salon\/milan-design-week\/\" class=\"advgb-post-tax-term\">Milan Design Week<\/a>","<a href=\"https:\/\/joyana.fr\/ja\/category\/deco-design\/mobilier\/\" class=\"advgb-post-tax-term\">Mobilier<\/a>"],"unlinked":["<span class=\"advgb-post-tax-term\">Assise<\/span>","<span class=\"advgb-post-tax-term\">Canap\u00e9<\/span>","<span class=\"advgb-post-tax-term\">DECO-DESIGN<\/span>","<span class=\"advgb-post-tax-term\">Milan Design Week<\/span>","<span class=\"advgb-post-tax-term\">Mobilier<\/span>"]},"tags":{"linked":["<a href=\"https:\/\/joyana.fr\/ja\/category\/deco-design\/mobilier\/\" class=\"advgb-post-tax-term\">#MDW15<\/a>","<a href=\"https:\/\/joyana.fr\/ja\/category\/deco-design\/mobilier\/\" class=\"advgb-post-tax-term\">Campeggi<\/a>","<a href=\"https:\/\/joyana.fr\/ja\/category\/deco-design\/mobilier\/\" class=\"advgb-post-tax-term\">Canap\u00e9 design<\/a>","<a href=\"https:\/\/joyana.fr\/ja\/category\/deco-design\/mobilier\/\" class=\"advgb-post-tax-term\">Emanuele MAGINI<\/a>","<a href=\"https:\/\/joyana.fr\/ja\/category\/deco-design\/mobilier\/\" class=\"advgb-post-tax-term\">Milan Design Week 2015<\/a>"],"unlinked":["<span class=\"advgb-post-tax-term\">#MDW15<\/span>","<span class=\"advgb-post-tax-term\">Campeggi<\/span>","<span class=\"advgb-post-tax-term\">Canap\u00e9 design<\/span>","<span class=\"advgb-post-tax-term\">Emanuele MAGINI<\/span>","<span class=\"advgb-post-tax-term\">Milan Design Week 2015<\/span>"]}},"comment_count":0,"relative_dates":{"created":"Posted 11\u5e74 ago","modified":"Updated 11\u5e74 ago"},"absolute_dates":{"created":"Posted on 19 4\u6708 2015","modified":"Updated on 19 4\u6708 2015"},"absolute_dates_time":{"created":"Posted on 19 4\u6708 2015 9:44","modified":"Updated on 19 4\u6708 2015 9:44"},"featured_img_caption":"","series_order":"","jetpack_sharing_enabled":true,"jetpack_shortlink":"https:\/\/wp.me\/p9bteI-vnL","jetpack-related-posts":[],"_links":{"self":[{"href":"https:\/\/joyana.fr\/ja\/wp-json\/wp\/v2\/posts\/120637","targetHints":{"allow":["GET"]}}],"collection":[{"href":"https:\/\/joyana.fr\/ja\/wp-json\/wp\/v2\/posts"}],"about":[{"href":"https:\/\/joyana.fr\/ja\/wp-json\/wp\/v2\/types\/post"}],"author":[{"embeddable":true,"href":"https:\/\/joyana.fr\/ja\/wp-json\/wp\/v2\/users\/3"}],"replies":[{"embeddable":true,"href":"https:\/\/joyana.fr\/ja\/wp-json\/wp\/v2\/comments?post=120637"}],"version-history":[{"count":0,"href":"https:\/\/joyana.fr\/ja\/wp-json\/wp\/v2\/posts\/120637\/revisions"}],"wp:featuredmedia":[{"embeddable":true,"href":"https:\/\/joyana.fr\/ja\/wp-json\/wp\/v2\/media\/120639"}],"wp:attachment":[{"href":"https:\/\/joyana.fr\/ja\/wp-json\/wp\/v2\/media?parent=120637"}],"wp:term":[{"taxonomy":"category","embeddable":true,"href":"https:\/\/joyana.fr\/ja\/wp-json\/wp\/v2\/categories?post=120637"},{"taxonomy":"post_tag","embeddable":true,"href":"https:\/\/joyana.fr\/ja\/wp-json\/wp\/v2\/tags?post=120637"}],"curies":[{"name":"wp","href":"https:\/\/api.w.org\/{rel}","templated":true}]}}