{"id":120662,"date":"2015-04-20T15:59:27","date_gmt":"2015-04-20T14:59:27","guid":{"rendered":"https:\/\/joyana.fr\/?p=20662"},"modified":"2015-04-20T15:59:27","modified_gmt":"2015-04-20T14:59:27","slug":"mdw15-lustre-onyx-peugeot-design-lab","status":"publish","type":"post","link":"https:\/\/joyana.fr\/ja\/mdw15-lustre-onyx-peugeot-design-lab\/120662\/","title":{"rendered":"#MDW15 &#8211; Lustre ONYX PEUGEOT DESIGN LAB"},"content":{"rendered":"<p style=\"text-align: justify;\">Le <strong>Peugeot Design Lab<\/strong> pr\u00e9sentait une pi\u00e8ce vertigineuse lors de la <strong>Milan Design Week 2015<\/strong>, le lustre ONYX qui fait suivre au <a title=\"SOFA ONYX\" href=\"https:\/\/joyana.fr\/sofa-onyx-peugeot-design-lab-x-pierre-gimbergues\/15904\/\" target=\"_blank\">sofa ONYX<\/a>&#8230;<\/p>\n<p><a href=\"https:\/\/i0.wp.com\/joyana.fr\/wp-content\/uploads\/2015\/04\/Peugeot-Design-Lab-Lustre-ONYX-003.jpg?ssl=1\"><img data-recalc-dims=\"1\" fetchpriority=\"high\" decoding=\"async\" class=\"alignnone size-full wp-image-20664\" src=\"https:\/\/i0.wp.com\/joyana.fr\/wp-content\/uploads\/2015\/04\/Peugeot-Design-Lab-Lustre-ONYX-003.jpg?resize=1000%2C1498&#038;ssl=1\" alt=\"Peugeot-Design-Lab-Lustre-ONYX-003\" width=\"1000\" height=\"1498\" \/><\/a><\/p>\n<p style=\"text-align: justify;\">En 2014, le <strong>Peugeot Design Lab<\/strong> pr\u00e9sentait\u00a0l\u2019assise sculpt\u00e9e ONYX, un sofa de 3 m\u00e8tres de long compos\u00e9 de carbone et de lave de Volvic. Le sofa ONYX est le 1er manifeste d\u2019un concept de mobilier sur mesure.<\/p>\n<p style=\"text-align: justify;\">Pour la <strong>Milan Design Week 2015<\/strong>, le <strong>lustre ONYX<\/strong> devient la seconde pi\u00e8ce de cette collection de mobilier.<br \/>\nLa collection ONYX a pour parti-pris d\u2019explorer un champ de pi\u00e8ces uniques, faites sur mesure, qui correspondent au choix, \u00e0 l\u2019origine et \u00e0 la personnalit\u00e9 des commanditaires, et qui respectent toujours un m\u00eame principe : l\u2019union, via une coupe franche exacerb\u00e9e, de mati\u00e8res technologiques \u00e0 des mati\u00e8res brutes et naturelles.<\/p>\n<p style=\"text-align: justify;\">Descendant avec \u00e9l\u00e9gance de la voute, le <strong>lustre ONYX<\/strong>, de pr\u00e8s de 3 m\u00e8tres de long, vient quasiment toucher terre. Compos\u00e9 d\u2019une pi\u00e8ce unique de bois de balit\u00e9 des Philippines, celle-ci se prolonge d\u2019une greffe technologique r\u00e9alis\u00e9e avec les derniers moyens d\u2019impression 3D. Ses formes parfaitement dessin\u00e9es et ajust\u00e9es au millim\u00e8tre au bois brut rendent l\u2019int\u00e9gration invisible, tandis que l\u2019essence oppos\u00e9e des deux mat\u00e9riaux ajust\u00e9s est soulign\u00e9e avec \u00e9vidence gr\u00e2ce \u00e0 une d\u00e9coupe en coupe franche qui constitue une signature propre \u00e0 PEUGEOT&#8230;<\/p>\n<p><a href=\"https:\/\/i0.wp.com\/joyana.fr\/wp-content\/uploads\/2015\/04\/Peugeot-Design-Lab-Lustre-ONYX-004.jpg?ssl=1\"><img data-recalc-dims=\"1\" decoding=\"async\" class=\"alignnone size-full wp-image-20665\" src=\"https:\/\/i0.wp.com\/joyana.fr\/wp-content\/uploads\/2015\/04\/Peugeot-Design-Lab-Lustre-ONYX-004.jpg?resize=1000%2C1498&#038;ssl=1\" alt=\"Peugeot-Design-Lab-Lustre-ONYX-004\" width=\"1000\" height=\"1498\" \/><\/a><\/p>\n\n<p><a href=\"https:\/\/i0.wp.com\/joyana.fr\/wp-content\/uploads\/2015\/04\/Peugeot-Design-Lab-Lustre-ONYX-001.jpg?ssl=1\"><img data-recalc-dims=\"1\" decoding=\"async\" class=\"alignnone size-full wp-image-20663\" src=\"https:\/\/i0.wp.com\/joyana.fr\/wp-content\/uploads\/2015\/04\/Peugeot-Design-Lab-Lustre-ONYX-001.jpg?resize=1000%2C2418&#038;ssl=1\" alt=\"Peugeot-Design-Lab-Lustre-ONYX-001\" width=\"1000\" height=\"2418\" \/><\/a><\/p>\n<p style=\"text-align: center;\">En savoir + sur le <a href=\"http:\/\/www.peugeotdesignlab.com\" target=\"_blank\"><strong>PEUGEOT DESIGN LAB<\/strong><\/a><\/p>\n<p style=\"text-align: center;\"><span style=\"color: #000000;\">.<\/span><\/p>\n","protected":false},"excerpt":{"rendered":"<p>Le Peugeot Design Lab pr\u00e9sentait une pi\u00e8ce vertigineuse lors de la Milan Design Week 2015, le lustre ONYX qui fait suivre au sofa ONYX&#8230;<\/p>\n","protected":false},"author":3,"featured_media":120670,"comment_status":"open","ping_status":"open","sticky":false,"template":"","format":"aside","meta":{"_coblocks_attr":"","_coblocks_dimensions":"","_coblocks_responsive_height":"","_coblocks_accordion_ie_support":"","_uag_custom_page_level_css":"","advgb_blocks_editor_width":"","advgb_blocks_columns_visual_guide":"","_genesis_hide_title":false,"_genesis_hide_breadcrumbs":false,"_genesis_hide_singular_image":false,"_genesis_hide_footer_widgets":false,"_genesis_custom_body_class":"","_genesis_custom_post_class":"","_genesis_layout":"","_themeisle_gutenberg_block_has_review":false,"_jetpack_newsletter_access":"","_jetpack_dont_email_post_to_subs":false,"_jetpack_newsletter_tier_id":0,"_jetpack_memberships_contains_paywalled_content":false,"_jetpack_memberships_contains_paid_content":false,"footnotes":""},"categories":[905,917,993,1023],"tags":[2047,1347,2026,1681],"class_list":{"0":"post-120662","1":"post","2":"type-post","3":"status-publish","4":"format-aside","5":"has-post-thumbnail","7":"category-deco-design","8":"category-luminaire","9":"category-milan-design-week","10":"category-suspension","11":"tag-pdw15","12":"tag-lustre-design","13":"tag-milan-design-week-2015","14":"tag-peugeot-design-lab","15":"post_format-post-format-aside","16":"entry"},"featured_image_urls":{"full":["https:\/\/i0.wp.com\/joyana.fr\/wp-content\/uploads\/2015\/04\/LUSTRE-ONYX-PEUGEOT-DESIGN-LAB-DECODESIGN.jpg?fit=2000%2C2000&ssl=1",2000,2000,false],"thumbnail":["https:\/\/i0.wp.com\/joyana.fr\/wp-content\/uploads\/2015\/04\/LUSTRE-ONYX-PEUGEOT-DESIGN-LAB-DECODESIGN.jpg?resize=150%2C150&ssl=1",150,150,true],"medium":["https:\/\/i0.wp.com\/joyana.fr\/wp-content\/uploads\/2015\/04\/LUSTRE-ONYX-PEUGEOT-DESIGN-LAB-DECODESIGN.jpg?fit=389%2C389&ssl=1",389,389,true],"medium_large":["https:\/\/i0.wp.com\/joyana.fr\/wp-content\/uploads\/2015\/04\/LUSTRE-ONYX-PEUGEOT-DESIGN-LAB-DECODESIGN.jpg?fit=768%2C768&ssl=1",768,768,true],"large":["https:\/\/i0.wp.com\/joyana.fr\/wp-content\/uploads\/2015\/04\/LUSTRE-ONYX-PEUGEOT-DESIGN-LAB-DECODESIGN.jpg?fit=1024%2C1024&ssl=1",1024,1024,true],"1536x1536":["https:\/\/i0.wp.com\/joyana.fr\/wp-content\/uploads\/2015\/04\/LUSTRE-ONYX-PEUGEOT-DESIGN-LAB-DECODESIGN.jpg?fit=1536%2C1536&ssl=1",1536,1536,true],"2048x2048":["https:\/\/i0.wp.com\/joyana.fr\/wp-content\/uploads\/2015\/04\/LUSTRE-ONYX-PEUGEOT-DESIGN-LAB-DECODESIGN.jpg?fit=2000%2C2000&ssl=1",2000,2000,true],"featured-thumb":["https:\/\/i0.wp.com\/joyana.fr\/wp-content\/uploads\/2015\/04\/LUSTRE-ONYX-PEUGEOT-DESIGN-LAB-DECODESIGN.jpg?resize=1903%2C750&ssl=1",1903,750,true],"ab-block-post-grid-landscape":["https:\/\/i0.wp.com\/joyana.fr\/wp-content\/uploads\/2015\/04\/LUSTRE-ONYX-PEUGEOT-DESIGN-LAB-DECODESIGN.jpg?resize=600%2C400&ssl=1",600,400,true],"ab-block-post-grid-square":["https:\/\/i0.wp.com\/joyana.fr\/wp-content\/uploads\/2015\/04\/LUSTRE-ONYX-PEUGEOT-DESIGN-LAB-DECODESIGN.jpg?resize=600%2C600&ssl=1",600,600,true],"author-pro-image":["https:\/\/i0.wp.com\/joyana.fr\/wp-content\/uploads\/2015\/04\/LUSTRE-ONYX-PEUGEOT-DESIGN-LAB-DECODESIGN.jpg?resize=360%2C570&ssl=1",360,570,true],"slider":["https:\/\/i0.wp.com\/joyana.fr\/wp-content\/uploads\/2015\/04\/LUSTRE-ONYX-PEUGEOT-DESIGN-LAB-DECODESIGN.jpg?resize=920%2C400&ssl=1",920,400,true],"woocommerce_thumbnail":["https:\/\/i0.wp.com\/joyana.fr\/wp-content\/uploads\/2015\/04\/LUSTRE-ONYX-PEUGEOT-DESIGN-LAB-DECODESIGN.jpg?resize=450%2C450&ssl=1",450,450,true],"woocommerce_single":["https:\/\/i0.wp.com\/joyana.fr\/wp-content\/uploads\/2015\/04\/LUSTRE-ONYX-PEUGEOT-DESIGN-LAB-DECODESIGN.jpg?fit=920%2C920&ssl=1",920,920,true],"woocommerce_gallery_thumbnail":["https:\/\/i0.wp.com\/joyana.fr\/wp-content\/uploads\/2015\/04\/LUSTRE-ONYX-PEUGEOT-DESIGN-LAB-DECODESIGN.jpg?resize=180%2C180&ssl=1",180,180,true],"sow-carousel-default":["https:\/\/i0.wp.com\/joyana.fr\/wp-content\/uploads\/2015\/04\/LUSTRE-ONYX-PEUGEOT-DESIGN-LAB-DECODESIGN.jpg?resize=272%2C182&ssl=1",272,182,true]},"post_excerpt_stackable":"<p>Le Peugeot Design Lab pr\u00e9sentait une pi\u00e8ce vertigineuse lors de la Milan Design Week 2015, le lustre ONYX qui fait suivre au sofa ONYX&#8230;<\/p>\n","category_list":"<a href=\"https:\/\/joyana.fr\/ja\/category\/deco-design\/\" rel=\"category tag\">DECO-DESIGN<\/a>, <a href=\"https:\/\/joyana.fr\/ja\/category\/deco-design\/luminaire\/\" rel=\"category tag\">Luminaire<\/a>, <a href=\"https:\/\/joyana.fr\/ja\/category\/deco-design\/actualite\/salon\/milan-design-week\/\" rel=\"category tag\">Milan Design Week<\/a>, <a href=\"https:\/\/joyana.fr\/ja\/category\/deco-design\/luminaire\/suspension\/\" rel=\"category tag\">Suspension<\/a>","author_info":{"display_name":"Jo Yana","author_link":"https:\/\/joyana.fr\/ja\/author\/joyana\/"},"comments_num":"0 comments","featured_image_urls_v2":{"full":["https:\/\/i0.wp.com\/joyana.fr\/wp-content\/uploads\/2015\/04\/LUSTRE-ONYX-PEUGEOT-DESIGN-LAB-DECODESIGN.jpg?fit=2000%2C2000&ssl=1",2000,2000,false],"thumbnail":["https:\/\/i0.wp.com\/joyana.fr\/wp-content\/uploads\/2015\/04\/LUSTRE-ONYX-PEUGEOT-DESIGN-LAB-DECODESIGN.jpg?resize=150%2C150&ssl=1",150,150,true],"medium":["https:\/\/i0.wp.com\/joyana.fr\/wp-content\/uploads\/2015\/04\/LUSTRE-ONYX-PEUGEOT-DESIGN-LAB-DECODESIGN.jpg?fit=389%2C389&ssl=1",389,389,true],"medium_large":["https:\/\/i0.wp.com\/joyana.fr\/wp-content\/uploads\/2015\/04\/LUSTRE-ONYX-PEUGEOT-DESIGN-LAB-DECODESIGN.jpg?fit=768%2C768&ssl=1",768,768,true],"large":["https:\/\/i0.wp.com\/joyana.fr\/wp-content\/uploads\/2015\/04\/LUSTRE-ONYX-PEUGEOT-DESIGN-LAB-DECODESIGN.jpg?fit=1024%2C1024&ssl=1",1024,1024,true],"1536x1536":["https:\/\/i0.wp.com\/joyana.fr\/wp-content\/uploads\/2015\/04\/LUSTRE-ONYX-PEUGEOT-DESIGN-LAB-DECODESIGN.jpg?fit=1536%2C1536&ssl=1",1536,1536,true],"2048x2048":["https:\/\/i0.wp.com\/joyana.fr\/wp-content\/uploads\/2015\/04\/LUSTRE-ONYX-PEUGEOT-DESIGN-LAB-DECODESIGN.jpg?fit=2000%2C2000&ssl=1",2000,2000,true],"featured-thumb":["https:\/\/i0.wp.com\/joyana.fr\/wp-content\/uploads\/2015\/04\/LUSTRE-ONYX-PEUGEOT-DESIGN-LAB-DECODESIGN.jpg?resize=1903%2C750&ssl=1",1903,750,true],"ab-block-post-grid-landscape":["https:\/\/i0.wp.com\/joyana.fr\/wp-content\/uploads\/2015\/04\/LUSTRE-ONYX-PEUGEOT-DESIGN-LAB-DECODESIGN.jpg?resize=600%2C400&ssl=1",600,400,true],"ab-block-post-grid-square":["https:\/\/i0.wp.com\/joyana.fr\/wp-content\/uploads\/2015\/04\/LUSTRE-ONYX-PEUGEOT-DESIGN-LAB-DECODESIGN.jpg?resize=600%2C600&ssl=1",600,600,true],"author-pro-image":["https:\/\/i0.wp.com\/joyana.fr\/wp-content\/uploads\/2015\/04\/LUSTRE-ONYX-PEUGEOT-DESIGN-LAB-DECODESIGN.jpg?resize=360%2C570&ssl=1",360,570,true],"slider":["https:\/\/i0.wp.com\/joyana.fr\/wp-content\/uploads\/2015\/04\/LUSTRE-ONYX-PEUGEOT-DESIGN-LAB-DECODESIGN.jpg?resize=920%2C400&ssl=1",920,400,true],"woocommerce_thumbnail":["https:\/\/i0.wp.com\/joyana.fr\/wp-content\/uploads\/2015\/04\/LUSTRE-ONYX-PEUGEOT-DESIGN-LAB-DECODESIGN.jpg?resize=450%2C450&ssl=1",450,450,true],"woocommerce_single":["https:\/\/i0.wp.com\/joyana.fr\/wp-content\/uploads\/2015\/04\/LUSTRE-ONYX-PEUGEOT-DESIGN-LAB-DECODESIGN.jpg?fit=920%2C920&ssl=1",920,920,true],"woocommerce_gallery_thumbnail":["https:\/\/i0.wp.com\/joyana.fr\/wp-content\/uploads\/2015\/04\/LUSTRE-ONYX-PEUGEOT-DESIGN-LAB-DECODESIGN.jpg?resize=180%2C180&ssl=1",180,180,true],"sow-carousel-default":["https:\/\/i0.wp.com\/joyana.fr\/wp-content\/uploads\/2015\/04\/LUSTRE-ONYX-PEUGEOT-DESIGN-LAB-DECODESIGN.jpg?resize=272%2C182&ssl=1",272,182,true]},"post_excerpt_stackable_v2":"<p>Le Peugeot Design Lab pr\u00e9sentait une pi\u00e8ce vertigineuse lors de la Milan Design Week 2015, le lustre ONYX qui fait suivre au sofa ONYX&#8230;<\/p>\n","category_list_v2":"<a href=\"https:\/\/joyana.fr\/ja\/category\/deco-design\/\" rel=\"category tag\">DECO-DESIGN<\/a>, <a href=\"https:\/\/joyana.fr\/ja\/category\/deco-design\/luminaire\/\" rel=\"category tag\">Luminaire<\/a>, <a href=\"https:\/\/joyana.fr\/ja\/category\/deco-design\/actualite\/salon\/milan-design-week\/\" rel=\"category tag\">Milan Design Week<\/a>, <a href=\"https:\/\/joyana.fr\/ja\/category\/deco-design\/luminaire\/suspension\/\" rel=\"category tag\">Suspension<\/a>","author_info_v2":{"name":"Jo Yana","url":"https:\/\/joyana.fr\/ja\/author\/joyana\/"},"comments_num_v2":"0 comments","yoast_head":"<!-- This site is optimized with the Yoast SEO plugin v26.8 - https:\/\/yoast.com\/product\/yoast-seo-wordpress\/ -->\n<title>#MDW15 - Lustre ONYX PEUGEOT DESIGN LAB | DECO-DESIGN<\/title>\n<meta name=\"description\" content=\"Le Peugeot Design Lab pr\u00e9sentait une pi\u00e8ce vertigineuse lors de la Milan Design Week 2015, le lustre ONYX qui fait suivre au sofa ONYX...\" \/>\n<meta name=\"robots\" content=\"index, follow, max-snippet:-1, max-image-preview:large, max-video-preview:-1\" \/>\n<link rel=\"canonical\" href=\"https:\/\/joyana.fr\/ja\/mdw15-lustre-onyx-peugeot-design-lab\/120662\/\" \/>\n<meta property=\"og:locale\" content=\"ja_JP\" \/>\n<meta property=\"og:locale:alternate\" content=\"fr_FR\" \/>\n<meta property=\"og:locale:alternate\" content=\"en_US\" \/>\n<meta property=\"og:type\" content=\"article\" \/>\n<meta property=\"og:title\" content=\"#MDW15 - Lustre ONYX PEUGEOT DESIGN LAB | DECO-DESIGN\" \/>\n<meta property=\"og:description\" content=\"Le Peugeot Design Lab pr\u00e9sentait une pi\u00e8ce vertigineuse lors de la Milan Design Week 2015, le lustre ONYX qui fait suivre au sofa ONYX...\" \/>\n<meta property=\"og:url\" content=\"https:\/\/joyana.fr\/ja\/mdw15-lustre-onyx-peugeot-design-lab\/120662\/\" \/>\n<meta property=\"og:site_name\" content=\"JO YANA\" \/>\n<meta property=\"article:published_time\" content=\"2015-04-20T14:59:27+00:00\" \/>\n<meta property=\"og:image\" content=\"https:\/\/joyana.fr\/wp-content\/uploads\/2015\/04\/LUSTRE-ONYX-PEUGEOT-DESIGN-LAB-DECODESIGN.jpg\" \/>\n\t<meta property=\"og:image:width\" content=\"2000\" \/>\n\t<meta property=\"og:image:height\" content=\"2000\" \/>\n\t<meta property=\"og:image:type\" content=\"image\/jpeg\" \/>\n<meta name=\"author\" content=\"Jo Yana\" \/>\n<meta name=\"twitter:card\" content=\"summary_large_image\" \/>\n<meta name=\"twitter:creator\" content=\"@Jo_Yana\" \/>\n<meta name=\"twitter:site\" content=\"@Jo_Yana\" \/>\n<meta name=\"twitter:label1\" content=\"\u57f7\u7b46\u8005\" \/>\n\t<meta name=\"twitter:data1\" content=\"Jo Yana\" \/>\n\t<meta name=\"twitter:label2\" content=\"\u63a8\u5b9a\u8aad\u307f\u53d6\u308a\u6642\u9593\" \/>\n\t<meta name=\"twitter:data2\" content=\"1\u5206\" \/>\n<script type=\"application\/ld+json\" class=\"yoast-schema-graph\">{\"@context\":\"https:\/\/schema.org\",\"@graph\":[{\"@type\":\"Article\",\"@id\":\"https:\/\/joyana.fr\/mdw15-lustre-onyx-peugeot-design-lab\/120662\/#article\",\"isPartOf\":{\"@id\":\"https:\/\/joyana.fr\/mdw15-lustre-onyx-peugeot-design-lab\/120662\/\"},\"author\":{\"name\":\"Jo Yana\",\"@id\":\"https:\/\/www.joyana.fr\/ja\/#\/schema\/person\/cf2a1ad12a27c12c21801075bf37407c\"},\"headline\":\"#MDW15 &#8211; Lustre ONYX PEUGEOT DESIGN LAB\",\"datePublished\":\"2015-04-20T14:59:27+00:00\",\"mainEntityOfPage\":{\"@id\":\"https:\/\/joyana.fr\/mdw15-lustre-onyx-peugeot-design-lab\/120662\/\"},\"wordCount\":258,\"commentCount\":0,\"publisher\":{\"@id\":\"https:\/\/www.joyana.fr\/ja\/#\/schema\/person\/cf2a1ad12a27c12c21801075bf37407c\"},\"image\":{\"@id\":\"https:\/\/joyana.fr\/mdw15-lustre-onyx-peugeot-design-lab\/120662\/#primaryimage\"},\"thumbnailUrl\":\"https:\/\/i0.wp.com\/joyana.fr\/wp-content\/uploads\/2015\/04\/LUSTRE-ONYX-PEUGEOT-DESIGN-LAB-DECODESIGN.jpg?fit=2000%2C2000&ssl=1\",\"keywords\":[\"#PDW15\",\"Lustre design\",\"Milan Design Week 2015\",\"Peugeot Design Lab\"],\"articleSection\":[\"DECO-DESIGN\",\"Luminaire\",\"Milan Design Week\",\"Suspension\"],\"inLanguage\":\"ja\",\"potentialAction\":[{\"@type\":\"CommentAction\",\"name\":\"Comment\",\"target\":[\"https:\/\/joyana.fr\/mdw15-lustre-onyx-peugeot-design-lab\/120662\/#respond\"]}]},{\"@type\":\"WebPage\",\"@id\":\"https:\/\/joyana.fr\/mdw15-lustre-onyx-peugeot-design-lab\/120662\/\",\"url\":\"https:\/\/joyana.fr\/mdw15-lustre-onyx-peugeot-design-lab\/120662\/\",\"name\":\"#MDW15 - Lustre ONYX PEUGEOT DESIGN LAB | DECO-DESIGN\",\"isPartOf\":{\"@id\":\"https:\/\/www.joyana.fr\/ja\/#website\"},\"primaryImageOfPage\":{\"@id\":\"https:\/\/joyana.fr\/mdw15-lustre-onyx-peugeot-design-lab\/120662\/#primaryimage\"},\"image\":{\"@id\":\"https:\/\/joyana.fr\/mdw15-lustre-onyx-peugeot-design-lab\/120662\/#primaryimage\"},\"thumbnailUrl\":\"https:\/\/i0.wp.com\/joyana.fr\/wp-content\/uploads\/2015\/04\/LUSTRE-ONYX-PEUGEOT-DESIGN-LAB-DECODESIGN.jpg?fit=2000%2C2000&ssl=1\",\"datePublished\":\"2015-04-20T14:59:27+00:00\",\"description\":\"Le Peugeot Design Lab pr\u00e9sentait une pi\u00e8ce vertigineuse lors de la Milan Design Week 2015, le lustre ONYX qui fait suivre au sofa ONYX...\",\"breadcrumb\":{\"@id\":\"https:\/\/joyana.fr\/mdw15-lustre-onyx-peugeot-design-lab\/120662\/#breadcrumb\"},\"inLanguage\":\"ja\",\"potentialAction\":[{\"@type\":\"ReadAction\",\"target\":[\"https:\/\/joyana.fr\/mdw15-lustre-onyx-peugeot-design-lab\/120662\/\"]}]},{\"@type\":\"ImageObject\",\"inLanguage\":\"ja\",\"@id\":\"https:\/\/joyana.fr\/mdw15-lustre-onyx-peugeot-design-lab\/120662\/#primaryimage\",\"url\":\"https:\/\/i0.wp.com\/joyana.fr\/wp-content\/uploads\/2015\/04\/LUSTRE-ONYX-PEUGEOT-DESIGN-LAB-DECODESIGN.jpg?fit=2000%2C2000&ssl=1\",\"contentUrl\":\"https:\/\/i0.wp.com\/joyana.fr\/wp-content\/uploads\/2015\/04\/LUSTRE-ONYX-PEUGEOT-DESIGN-LAB-DECODESIGN.jpg?fit=2000%2C2000&ssl=1\",\"width\":2000,\"height\":2000},{\"@type\":\"BreadcrumbList\",\"@id\":\"https:\/\/joyana.fr\/mdw15-lustre-onyx-peugeot-design-lab\/120662\/#breadcrumb\",\"itemListElement\":[{\"@type\":\"ListItem\",\"position\":1,\"name\":\"Accueil\",\"item\":\"https:\/\/www.joyana.fr\/ja\/\"},{\"@type\":\"ListItem\",\"position\":2,\"name\":\"#MDW15 &#8211; Lustre ONYX PEUGEOT DESIGN LAB\"}]},{\"@type\":\"WebSite\",\"@id\":\"https:\/\/www.joyana.fr\/ja\/#website\",\"url\":\"https:\/\/www.joyana.fr\/ja\/\",\"name\":\"JO YANA\",\"description\":\"Blog Mode Homme, Lifestyle, D\u00e9co-Design\",\"publisher\":{\"@id\":\"https:\/\/www.joyana.fr\/ja\/#\/schema\/person\/cf2a1ad12a27c12c21801075bf37407c\"},\"potentialAction\":[{\"@type\":\"SearchAction\",\"target\":{\"@type\":\"EntryPoint\",\"urlTemplate\":\"https:\/\/www.joyana.fr\/ja\/?s={search_term_string}\"},\"query-input\":{\"@type\":\"PropertyValueSpecification\",\"valueRequired\":true,\"valueName\":\"search_term_string\"}}],\"inLanguage\":\"ja\"},{\"@type\":[\"Person\",\"Organization\"],\"@id\":\"https:\/\/www.joyana.fr\/ja\/#\/schema\/person\/cf2a1ad12a27c12c21801075bf37407c\",\"name\":\"Jo Yana\",\"image\":{\"@type\":\"ImageObject\",\"inLanguage\":\"ja\",\"@id\":\"https:\/\/www.joyana.fr\/ja\/#\/schema\/person\/image\/\",\"url\":\"https:\/\/i0.wp.com\/joyana.fr\/wp-content\/uploads\/2016\/08\/cropped-joyana-logo-black-360x180.png?fit=343%2C164&ssl=1\",\"contentUrl\":\"https:\/\/i0.wp.com\/joyana.fr\/wp-content\/uploads\/2016\/08\/cropped-joyana-logo-black-360x180.png?fit=343%2C164&ssl=1\",\"width\":343,\"height\":164,\"caption\":\"Jo Yana\"},\"logo\":{\"@id\":\"https:\/\/www.joyana.fr\/ja\/#\/schema\/person\/image\/\"},\"description\":\"Jo Yana est le cr\u00e9ateur et r\u00e9dacteur en chef des sites DECO-DESIGN. Passionn\u00e9 de Design, Mode, Photo, Luxe, Lifestyle, Musique, mais avant tout Blogueur ! Le plaisir de partager l'anime et a comme devise \\\"POUR L'AMOUR DU BEAU\\\". Retrouvez le aussi sur son blog personnel - https:\/\/joyana.fr...\",\"sameAs\":[\"https:\/\/joyana.fr\/\"],\"url\":\"https:\/\/joyana.fr\/ja\/author\/joyana\/\"}]}<\/script>\n<!-- \/ Yoast SEO plugin. -->","yoast_head_json":{"title":"#MDW15 - Lustre ONYX PEUGEOT DESIGN LAB | DECO-DESIGN","description":"Le Peugeot Design Lab pr\u00e9sentait une pi\u00e8ce vertigineuse lors de la Milan Design Week 2015, le lustre ONYX qui fait suivre au sofa ONYX...","robots":{"index":"index","follow":"follow","max-snippet":"max-snippet:-1","max-image-preview":"max-image-preview:large","max-video-preview":"max-video-preview:-1"},"canonical":"https:\/\/joyana.fr\/ja\/mdw15-lustre-onyx-peugeot-design-lab\/120662\/","og_locale":"ja_JP","og_type":"article","og_title":"#MDW15 - Lustre ONYX PEUGEOT DESIGN LAB | DECO-DESIGN","og_description":"Le Peugeot Design Lab pr\u00e9sentait une pi\u00e8ce vertigineuse lors de la Milan Design Week 2015, le lustre ONYX qui fait suivre au sofa ONYX...","og_url":"https:\/\/joyana.fr\/ja\/mdw15-lustre-onyx-peugeot-design-lab\/120662\/","og_site_name":"JO YANA","article_published_time":"2015-04-20T14:59:27+00:00","og_image":[{"width":2000,"height":2000,"url":"https:\/\/joyana.fr\/wp-content\/uploads\/2015\/04\/LUSTRE-ONYX-PEUGEOT-DESIGN-LAB-DECODESIGN.jpg","type":"image\/jpeg"}],"author":"Jo Yana","twitter_card":"summary_large_image","twitter_creator":"@Jo_Yana","twitter_site":"@Jo_Yana","twitter_misc":{"\u57f7\u7b46\u8005":"Jo Yana","\u63a8\u5b9a\u8aad\u307f\u53d6\u308a\u6642\u9593":"1\u5206"},"schema":{"@context":"https:\/\/schema.org","@graph":[{"@type":"Article","@id":"https:\/\/joyana.fr\/mdw15-lustre-onyx-peugeot-design-lab\/120662\/#article","isPartOf":{"@id":"https:\/\/joyana.fr\/mdw15-lustre-onyx-peugeot-design-lab\/120662\/"},"author":{"name":"Jo Yana","@id":"https:\/\/www.joyana.fr\/ja\/#\/schema\/person\/cf2a1ad12a27c12c21801075bf37407c"},"headline":"#MDW15 &#8211; Lustre ONYX PEUGEOT DESIGN LAB","datePublished":"2015-04-20T14:59:27+00:00","mainEntityOfPage":{"@id":"https:\/\/joyana.fr\/mdw15-lustre-onyx-peugeot-design-lab\/120662\/"},"wordCount":258,"commentCount":0,"publisher":{"@id":"https:\/\/www.joyana.fr\/ja\/#\/schema\/person\/cf2a1ad12a27c12c21801075bf37407c"},"image":{"@id":"https:\/\/joyana.fr\/mdw15-lustre-onyx-peugeot-design-lab\/120662\/#primaryimage"},"thumbnailUrl":"https:\/\/i0.wp.com\/joyana.fr\/wp-content\/uploads\/2015\/04\/LUSTRE-ONYX-PEUGEOT-DESIGN-LAB-DECODESIGN.jpg?fit=2000%2C2000&ssl=1","keywords":["#PDW15","Lustre design","Milan Design Week 2015","Peugeot Design Lab"],"articleSection":["DECO-DESIGN","Luminaire","Milan Design Week","Suspension"],"inLanguage":"ja","potentialAction":[{"@type":"CommentAction","name":"Comment","target":["https:\/\/joyana.fr\/mdw15-lustre-onyx-peugeot-design-lab\/120662\/#respond"]}]},{"@type":"WebPage","@id":"https:\/\/joyana.fr\/mdw15-lustre-onyx-peugeot-design-lab\/120662\/","url":"https:\/\/joyana.fr\/mdw15-lustre-onyx-peugeot-design-lab\/120662\/","name":"#MDW15 - Lustre ONYX PEUGEOT DESIGN LAB | DECO-DESIGN","isPartOf":{"@id":"https:\/\/www.joyana.fr\/ja\/#website"},"primaryImageOfPage":{"@id":"https:\/\/joyana.fr\/mdw15-lustre-onyx-peugeot-design-lab\/120662\/#primaryimage"},"image":{"@id":"https:\/\/joyana.fr\/mdw15-lustre-onyx-peugeot-design-lab\/120662\/#primaryimage"},"thumbnailUrl":"https:\/\/i0.wp.com\/joyana.fr\/wp-content\/uploads\/2015\/04\/LUSTRE-ONYX-PEUGEOT-DESIGN-LAB-DECODESIGN.jpg?fit=2000%2C2000&ssl=1","datePublished":"2015-04-20T14:59:27+00:00","description":"Le Peugeot Design Lab pr\u00e9sentait une pi\u00e8ce vertigineuse lors de la Milan Design Week 2015, le lustre ONYX qui fait suivre au sofa ONYX...","breadcrumb":{"@id":"https:\/\/joyana.fr\/mdw15-lustre-onyx-peugeot-design-lab\/120662\/#breadcrumb"},"inLanguage":"ja","potentialAction":[{"@type":"ReadAction","target":["https:\/\/joyana.fr\/mdw15-lustre-onyx-peugeot-design-lab\/120662\/"]}]},{"@type":"ImageObject","inLanguage":"ja","@id":"https:\/\/joyana.fr\/mdw15-lustre-onyx-peugeot-design-lab\/120662\/#primaryimage","url":"https:\/\/i0.wp.com\/joyana.fr\/wp-content\/uploads\/2015\/04\/LUSTRE-ONYX-PEUGEOT-DESIGN-LAB-DECODESIGN.jpg?fit=2000%2C2000&ssl=1","contentUrl":"https:\/\/i0.wp.com\/joyana.fr\/wp-content\/uploads\/2015\/04\/LUSTRE-ONYX-PEUGEOT-DESIGN-LAB-DECODESIGN.jpg?fit=2000%2C2000&ssl=1","width":2000,"height":2000},{"@type":"BreadcrumbList","@id":"https:\/\/joyana.fr\/mdw15-lustre-onyx-peugeot-design-lab\/120662\/#breadcrumb","itemListElement":[{"@type":"ListItem","position":1,"name":"Accueil","item":"https:\/\/www.joyana.fr\/ja\/"},{"@type":"ListItem","position":2,"name":"#MDW15 &#8211; Lustre ONYX PEUGEOT DESIGN LAB"}]},{"@type":"WebSite","@id":"https:\/\/www.joyana.fr\/ja\/#website","url":"https:\/\/www.joyana.fr\/ja\/","name":"JO YANA","description":"Blog Mode Homme, Lifestyle, D\u00e9co-Design","publisher":{"@id":"https:\/\/www.joyana.fr\/ja\/#\/schema\/person\/cf2a1ad12a27c12c21801075bf37407c"},"potentialAction":[{"@type":"SearchAction","target":{"@type":"EntryPoint","urlTemplate":"https:\/\/www.joyana.fr\/ja\/?s={search_term_string}"},"query-input":{"@type":"PropertyValueSpecification","valueRequired":true,"valueName":"search_term_string"}}],"inLanguage":"ja"},{"@type":["Person","Organization"],"@id":"https:\/\/www.joyana.fr\/ja\/#\/schema\/person\/cf2a1ad12a27c12c21801075bf37407c","name":"Jo Yana","image":{"@type":"ImageObject","inLanguage":"ja","@id":"https:\/\/www.joyana.fr\/ja\/#\/schema\/person\/image\/","url":"https:\/\/i0.wp.com\/joyana.fr\/wp-content\/uploads\/2016\/08\/cropped-joyana-logo-black-360x180.png?fit=343%2C164&ssl=1","contentUrl":"https:\/\/i0.wp.com\/joyana.fr\/wp-content\/uploads\/2016\/08\/cropped-joyana-logo-black-360x180.png?fit=343%2C164&ssl=1","width":343,"height":164,"caption":"Jo Yana"},"logo":{"@id":"https:\/\/www.joyana.fr\/ja\/#\/schema\/person\/image\/"},"description":"Jo Yana est le cr\u00e9ateur et r\u00e9dacteur en chef des sites DECO-DESIGN. Passionn\u00e9 de Design, Mode, Photo, Luxe, Lifestyle, Musique, mais avant tout Blogueur ! Le plaisir de partager l'anime et a comme devise \"POUR L'AMOUR DU BEAU\". Retrouvez le aussi sur son blog personnel - https:\/\/joyana.fr...","sameAs":["https:\/\/joyana.fr\/"],"url":"https:\/\/joyana.fr\/ja\/author\/joyana\/"}]}},"author_meta":{"display_name":"Jo Yana","author_link":"https:\/\/joyana.fr\/ja\/author\/joyana\/"},"featured_img":"https:\/\/i0.wp.com\/joyana.fr\/wp-content\/uploads\/2015\/04\/LUSTRE-ONYX-PEUGEOT-DESIGN-LAB-DECODESIGN.jpg?fit=389%2C389&ssl=1","featured_image_src":"https:\/\/i0.wp.com\/joyana.fr\/wp-content\/uploads\/2015\/04\/LUSTRE-ONYX-PEUGEOT-DESIGN-LAB-DECODESIGN.jpg?resize=600%2C400&ssl=1","featured_image_src_square":"https:\/\/i0.wp.com\/joyana.fr\/wp-content\/uploads\/2015\/04\/LUSTRE-ONYX-PEUGEOT-DESIGN-LAB-DECODESIGN.jpg?resize=600%2C600&ssl=1","jetpack_featured_media_url":"https:\/\/i0.wp.com\/joyana.fr\/wp-content\/uploads\/2015\/04\/LUSTRE-ONYX-PEUGEOT-DESIGN-LAB-DECODESIGN.jpg?fit=2000%2C2000&ssl=1","uagb_featured_image_src":{"full":["https:\/\/i0.wp.com\/joyana.fr\/wp-content\/uploads\/2015\/04\/LUSTRE-ONYX-PEUGEOT-DESIGN-LAB-DECODESIGN.jpg?fit=2000%2C2000&ssl=1",2000,2000,false],"thumbnail":["https:\/\/i0.wp.com\/joyana.fr\/wp-content\/uploads\/2015\/04\/LUSTRE-ONYX-PEUGEOT-DESIGN-LAB-DECODESIGN.jpg?resize=150%2C150&ssl=1",150,150,true],"medium":["https:\/\/i0.wp.com\/joyana.fr\/wp-content\/uploads\/2015\/04\/LUSTRE-ONYX-PEUGEOT-DESIGN-LAB-DECODESIGN.jpg?fit=389%2C389&ssl=1",389,389,true],"medium_large":["https:\/\/i0.wp.com\/joyana.fr\/wp-content\/uploads\/2015\/04\/LUSTRE-ONYX-PEUGEOT-DESIGN-LAB-DECODESIGN.jpg?fit=768%2C768&ssl=1",768,768,true],"large":["https:\/\/i0.wp.com\/joyana.fr\/wp-content\/uploads\/2015\/04\/LUSTRE-ONYX-PEUGEOT-DESIGN-LAB-DECODESIGN.jpg?fit=1024%2C1024&ssl=1",1024,1024,true],"1536x1536":["https:\/\/i0.wp.com\/joyana.fr\/wp-content\/uploads\/2015\/04\/LUSTRE-ONYX-PEUGEOT-DESIGN-LAB-DECODESIGN.jpg?fit=1536%2C1536&ssl=1",1536,1536,true],"2048x2048":["https:\/\/i0.wp.com\/joyana.fr\/wp-content\/uploads\/2015\/04\/LUSTRE-ONYX-PEUGEOT-DESIGN-LAB-DECODESIGN.jpg?fit=2000%2C2000&ssl=1",2000,2000,true],"featured-thumb":["https:\/\/i0.wp.com\/joyana.fr\/wp-content\/uploads\/2015\/04\/LUSTRE-ONYX-PEUGEOT-DESIGN-LAB-DECODESIGN.jpg?resize=1903%2C750&ssl=1",1903,750,true],"ab-block-post-grid-landscape":["https:\/\/i0.wp.com\/joyana.fr\/wp-content\/uploads\/2015\/04\/LUSTRE-ONYX-PEUGEOT-DESIGN-LAB-DECODESIGN.jpg?resize=600%2C400&ssl=1",600,400,true],"ab-block-post-grid-square":["https:\/\/i0.wp.com\/joyana.fr\/wp-content\/uploads\/2015\/04\/LUSTRE-ONYX-PEUGEOT-DESIGN-LAB-DECODESIGN.jpg?resize=600%2C600&ssl=1",600,600,true],"author-pro-image":["https:\/\/i0.wp.com\/joyana.fr\/wp-content\/uploads\/2015\/04\/LUSTRE-ONYX-PEUGEOT-DESIGN-LAB-DECODESIGN.jpg?resize=360%2C570&ssl=1",360,570,true],"slider":["https:\/\/i0.wp.com\/joyana.fr\/wp-content\/uploads\/2015\/04\/LUSTRE-ONYX-PEUGEOT-DESIGN-LAB-DECODESIGN.jpg?resize=920%2C400&ssl=1",920,400,true],"woocommerce_thumbnail":["https:\/\/i0.wp.com\/joyana.fr\/wp-content\/uploads\/2015\/04\/LUSTRE-ONYX-PEUGEOT-DESIGN-LAB-DECODESIGN.jpg?resize=450%2C450&ssl=1",450,450,true],"woocommerce_single":["https:\/\/i0.wp.com\/joyana.fr\/wp-content\/uploads\/2015\/04\/LUSTRE-ONYX-PEUGEOT-DESIGN-LAB-DECODESIGN.jpg?fit=920%2C920&ssl=1",920,920,true],"woocommerce_gallery_thumbnail":["https:\/\/i0.wp.com\/joyana.fr\/wp-content\/uploads\/2015\/04\/LUSTRE-ONYX-PEUGEOT-DESIGN-LAB-DECODESIGN.jpg?resize=180%2C180&ssl=1",180,180,true],"sow-carousel-default":["https:\/\/i0.wp.com\/joyana.fr\/wp-content\/uploads\/2015\/04\/LUSTRE-ONYX-PEUGEOT-DESIGN-LAB-DECODESIGN.jpg?resize=272%2C182&ssl=1",272,182,true]},"uagb_author_info":{"display_name":"Jo Yana","author_link":"https:\/\/joyana.fr\/ja\/author\/joyana\/"},"uagb_comment_info":2,"uagb_excerpt":"Le Peugeot Design Lab pr\u00e9sentait une pi\u00e8ce vertigineuse&hellip;","coauthors":[],"tax_additional":{"categories":{"linked":["<a href=\"https:\/\/joyana.fr\/ja\/category\/deco-design\/\" class=\"advgb-post-tax-term\">DECO-DESIGN<\/a>","<a href=\"https:\/\/joyana.fr\/ja\/category\/deco-design\/luminaire\/\" class=\"advgb-post-tax-term\">Luminaire<\/a>","<a href=\"https:\/\/joyana.fr\/ja\/category\/deco-design\/actualite\/salon\/milan-design-week\/\" class=\"advgb-post-tax-term\">Milan Design Week<\/a>","<a href=\"https:\/\/joyana.fr\/ja\/category\/deco-design\/luminaire\/suspension\/\" class=\"advgb-post-tax-term\">Suspension<\/a>"],"unlinked":["<span class=\"advgb-post-tax-term\">DECO-DESIGN<\/span>","<span class=\"advgb-post-tax-term\">Luminaire<\/span>","<span class=\"advgb-post-tax-term\">Milan Design Week<\/span>","<span class=\"advgb-post-tax-term\">Suspension<\/span>"]},"tags":{"linked":["<a href=\"https:\/\/joyana.fr\/ja\/category\/deco-design\/luminaire\/suspension\/\" class=\"advgb-post-tax-term\">#PDW15<\/a>","<a href=\"https:\/\/joyana.fr\/ja\/category\/deco-design\/luminaire\/suspension\/\" class=\"advgb-post-tax-term\">Lustre design<\/a>","<a href=\"https:\/\/joyana.fr\/ja\/category\/deco-design\/luminaire\/suspension\/\" class=\"advgb-post-tax-term\">Milan Design Week 2015<\/a>","<a href=\"https:\/\/joyana.fr\/ja\/category\/deco-design\/luminaire\/suspension\/\" class=\"advgb-post-tax-term\">Peugeot Design Lab<\/a>"],"unlinked":["<span class=\"advgb-post-tax-term\">#PDW15<\/span>","<span class=\"advgb-post-tax-term\">Lustre design<\/span>","<span class=\"advgb-post-tax-term\">Milan Design Week 2015<\/span>","<span class=\"advgb-post-tax-term\">Peugeot Design Lab<\/span>"]}},"comment_count":0,"relative_dates":{"created":"Posted 11\u5e74 ago","modified":"Updated 11\u5e74 ago"},"absolute_dates":{"created":"Posted on 20 4\u6708 2015","modified":"Updated on 20 4\u6708 2015"},"absolute_dates_time":{"created":"Posted on 20 4\u6708 2015 15:59","modified":"Updated on 20 4\u6708 2015 15:59"},"featured_img_caption":"","series_order":"","jetpack_sharing_enabled":true,"jetpack_shortlink":"https:\/\/wp.me\/p9bteI-voa","jetpack-related-posts":[],"_links":{"self":[{"href":"https:\/\/joyana.fr\/ja\/wp-json\/wp\/v2\/posts\/120662","targetHints":{"allow":["GET"]}}],"collection":[{"href":"https:\/\/joyana.fr\/ja\/wp-json\/wp\/v2\/posts"}],"about":[{"href":"https:\/\/joyana.fr\/ja\/wp-json\/wp\/v2\/types\/post"}],"author":[{"embeddable":true,"href":"https:\/\/joyana.fr\/ja\/wp-json\/wp\/v2\/users\/3"}],"replies":[{"embeddable":true,"href":"https:\/\/joyana.fr\/ja\/wp-json\/wp\/v2\/comments?post=120662"}],"version-history":[{"count":0,"href":"https:\/\/joyana.fr\/ja\/wp-json\/wp\/v2\/posts\/120662\/revisions"}],"wp:featuredmedia":[{"embeddable":true,"href":"https:\/\/joyana.fr\/ja\/wp-json\/wp\/v2\/media\/120670"}],"wp:attachment":[{"href":"https:\/\/joyana.fr\/ja\/wp-json\/wp\/v2\/media?parent=120662"}],"wp:term":[{"taxonomy":"category","embeddable":true,"href":"https:\/\/joyana.fr\/ja\/wp-json\/wp\/v2\/categories?post=120662"},{"taxonomy":"post_tag","embeddable":true,"href":"https:\/\/joyana.fr\/ja\/wp-json\/wp\/v2\/tags?post=120662"}],"curies":[{"name":"wp","href":"https:\/\/api.w.org\/{rel}","templated":true}]}}