{"id":120676,"date":"2015-04-21T14:36:12","date_gmt":"2015-04-21T13:36:12","guid":{"rendered":"https:\/\/joyana.fr\/?p=20676"},"modified":"2015-04-21T14:36:12","modified_gmt":"2015-04-21T13:36:12","slug":"mdw15-exposition-marmo-svelato-carrara-design-factory","status":"publish","type":"post","link":"https:\/\/joyana.fr\/ja\/mdw15-exposition-marmo-svelato-carrara-design-factory\/120676\/","title":{"rendered":"#MDW15 &#8211; Exposition CARRARA DESIGN FACTORY"},"content":{"rendered":"<p style=\"text-align: justify;\">Durant la <strong>Milan Design Week 2015<\/strong> la <strong>Carrara Design Factory<\/strong> pr\u00e9sentait sa premi\u00e8re collection &#8220;<strong>\u201cMarmo svelato \u2026 o meraviglia rivelata<\/strong>&#8220;, avec des produits sign\u00e9s par de nombreux designers&#8230;<\/p>\n<p><a href=\"https:\/\/i0.wp.com\/joyana.fr\/wp-content\/uploads\/2015\/04\/CARRARA-DESIGN-FACTORY-2-DSC08010-copie.jpg?ssl=1\"><img data-recalc-dims=\"1\" fetchpriority=\"high\" decoding=\"async\" class=\"alignnone size-full wp-image-20677\" src=\"https:\/\/i0.wp.com\/joyana.fr\/wp-content\/uploads\/2015\/04\/CARRARA-DESIGN-FACTORY-2-DSC08010-copie.jpg?resize=4336%2C3856&#038;ssl=1\" alt=\"CARRARA DESIGN FACTORY 2 DSC08010 copie\" width=\"4336\" height=\"3856\" \/><\/a><\/p>\n<p style=\"text-align: justify;\"><strong>Carrara Design Factory<\/strong> pr\u00e9sente comme sa premi\u00e8re collection &#8220;\u201cMarmo svelato \u2026 o meraviglia rivelata\u201d&#8221; qui est inspir\u00e9 par les c\u00e9l\u00e8bres paroles de Michel-Ange. Cette collection d\u00e9voile des objets de design qui sont cach\u00e9s dans la roche, unique, exclusif et pr\u00e9cieux, fabriqu\u00e9s \u00e0 partir de vari\u00e9t\u00e9s de marbre le plus pr\u00e9cieux : bassin de Carrare, y compris le Calacatta Borghini, le Crestola bleu, le blanc et Clochers statuaire.<\/p>\n<p style=\"text-align: justify;\">Le projet de <strong>Carrara Design Factory<\/strong> poursuit une tradition qui dure depuis plus de deux si\u00e8cles, \u00e0 travers l&#8217;\u00e9thique et l&#8217;esth\u00e9tique interpr\u00e9t\u00e9es par les concepteurs impliqu\u00e9s dans le projet : Lorenzo Damiani, Paolo Ulian et Moreno Ratti, Victoria Wilmotte, Marco Guazzini, Kossi Aguessy, Stefania Di Petrillo, Tsukasa Goto et Sylvestre Gauvrit.<\/p>\n<p><a href=\"https:\/\/i0.wp.com\/joyana.fr\/wp-content\/uploads\/2015\/04\/CARRARA-DESIGN-FACTORY-DSC08013.jpg?ssl=1\"><img data-recalc-dims=\"1\" decoding=\"async\" class=\"alignnone size-full wp-image-20679\" src=\"https:\/\/i0.wp.com\/joyana.fr\/wp-content\/uploads\/2015\/04\/CARRARA-DESIGN-FACTORY-DSC08013.jpg?resize=2000%2C1494&#038;ssl=1\" alt=\"CARRARA DESIGN FACTORY DSC08013\" width=\"2000\" height=\"1494\" \/><\/a><\/p>\n<p><a href=\"https:\/\/i0.wp.com\/joyana.fr\/wp-content\/uploads\/2015\/04\/CARRARA-DESIGN-FACTORY-DSC08014.jpg?ssl=1\"><img data-recalc-dims=\"1\" decoding=\"async\" class=\"alignnone size-full wp-image-20680\" src=\"https:\/\/i0.wp.com\/joyana.fr\/wp-content\/uploads\/2015\/04\/CARRARA-DESIGN-FACTORY-DSC08014.jpg?resize=2400%2C2500&#038;ssl=1\" alt=\"CARRARA DESIGN FACTORY DSC08014\" width=\"2400\" height=\"2500\" \/><\/a><\/p>\n<p><a href=\"https:\/\/i0.wp.com\/joyana.fr\/wp-content\/uploads\/2015\/04\/CARRARA-DESIGN-FACTORY-DSC08022.jpg?ssl=1\"><img data-recalc-dims=\"1\" loading=\"lazy\" decoding=\"async\" class=\"alignnone size-full wp-image-20685\" src=\"https:\/\/i0.wp.com\/joyana.fr\/wp-content\/uploads\/2015\/04\/CARRARA-DESIGN-FACTORY-DSC08022.jpg?resize=2000%2C1818&#038;ssl=1\" alt=\"CARRARA DESIGN FACTORY DSC08022\" width=\"2000\" height=\"1818\" \/><\/a><\/p>\n<p><a href=\"https:\/\/i0.wp.com\/joyana.fr\/wp-content\/uploads\/2015\/04\/CARRARA-DESIGN-FACTORY-DSC08021.jpg?ssl=1\"><img data-recalc-dims=\"1\" loading=\"lazy\" decoding=\"async\" class=\"alignnone size-full wp-image-20684\" src=\"https:\/\/i0.wp.com\/joyana.fr\/wp-content\/uploads\/2015\/04\/CARRARA-DESIGN-FACTORY-DSC08021.jpg?resize=2000%2C1500&#038;ssl=1\" alt=\"CARRARA DESIGN FACTORY DSC08021\" width=\"2000\" height=\"1500\" \/><\/a><\/p>\n<p><a href=\"https:\/\/i0.wp.com\/joyana.fr\/wp-content\/uploads\/2015\/04\/CARRARA-DESIGN-FACTORY-DSC08020.jpg?ssl=1\"><img data-recalc-dims=\"1\" loading=\"lazy\" decoding=\"async\" class=\"alignnone size-full wp-image-20683\" src=\"https:\/\/i0.wp.com\/joyana.fr\/wp-content\/uploads\/2015\/04\/CARRARA-DESIGN-FACTORY-DSC08020.jpg?resize=2500%2C1554&#038;ssl=1\" alt=\"CARRARA DESIGN FACTORY DSC08020\" width=\"2500\" height=\"1554\" \/><\/a><\/p>\n<p><a href=\"https:\/\/i0.wp.com\/joyana.fr\/wp-content\/uploads\/2015\/04\/CARRARA-DESIGN-FACTORY-DSC08017.jpg?ssl=1\"><img data-recalc-dims=\"1\" loading=\"lazy\" decoding=\"async\" class=\"alignnone size-full wp-image-20682\" src=\"https:\/\/i0.wp.com\/joyana.fr\/wp-content\/uploads\/2015\/04\/CARRARA-DESIGN-FACTORY-DSC08017.jpg?resize=2000%2C1582&#038;ssl=1\" alt=\"CARRARA DESIGN FACTORY DSC08017\" width=\"2000\" height=\"1582\" \/><\/a><\/p>\n<p><a href=\"https:\/\/i0.wp.com\/joyana.fr\/wp-content\/uploads\/2015\/04\/CARRARA-DESIGN-FACTORY-DSC08015.jpg?ssl=1\"><img data-recalc-dims=\"1\" loading=\"lazy\" decoding=\"async\" class=\"alignnone size-full wp-image-20681\" src=\"https:\/\/i0.wp.com\/joyana.fr\/wp-content\/uploads\/2015\/04\/CARRARA-DESIGN-FACTORY-DSC08015.jpg?resize=3912%2C3569&#038;ssl=1\" alt=\"CARRARA DESIGN FACTORY DSC08015\" width=\"3912\" height=\"3569\" \/><\/a><\/p>\n<p style=\"text-align: center;\">En savoir + sur la <strong><a href=\"http:\/\/www.carraradesignfactory.it\" target=\"_blank\">CARRARA DESIGN FACTORY<\/a><\/strong><\/p>\n","protected":false},"excerpt":{"rendered":"<p>Durant la Milan Design Week 2015 la Carrara Design Factory pr\u00e9sentait sa premi\u00e8re collection &#8220;\u201cMarmo svelato \u2026 o meraviglia rivelata&#8221;, avec des produits sign\u00e9s par de nombreux designers&#8230;<\/p>\n","protected":false},"author":3,"featured_media":120686,"comment_status":"open","ping_status":"open","sticky":false,"template":"","format":"aside","meta":{"_coblocks_attr":"","_coblocks_dimensions":"","_coblocks_responsive_height":"","_coblocks_accordion_ie_support":"","_uag_custom_page_level_css":"","advgb_blocks_editor_width":"","advgb_blocks_columns_visual_guide":"","_genesis_hide_title":false,"_genesis_hide_breadcrumbs":false,"_genesis_hide_singular_image":false,"_genesis_hide_footer_widgets":false,"_genesis_custom_body_class":"","_genesis_custom_post_class":"","_genesis_layout":"","_themeisle_gutenberg_block_has_review":false,"_jetpack_newsletter_access":"","_jetpack_dont_email_post_to_subs":false,"_jetpack_newsletter_tier_id":0,"_jetpack_memberships_contains_paywalled_content":false,"_jetpack_memberships_contains_paid_content":false,"footnotes":""},"categories":[905,1016,993],"tags":[2007,2048,803,1170,2026],"class_list":{"0":"post-120676","1":"post","2":"type-post","3":"status-publish","4":"format-aside","5":"has-post-thumbnail","7":"category-deco-design","8":"category-kossi-aguessy","9":"category-milan-design-week","10":"tag-mdw15","11":"tag-carrara-design-factory","12":"tag-kossi-aguessy","13":"tag-marbre","14":"tag-milan-design-week-2015","15":"post_format-post-format-aside","16":"entry"},"featured_image_urls":{"full":["https:\/\/i0.wp.com\/joyana.fr\/wp-content\/uploads\/2015\/04\/CARRARA-DESIGN-FACTORY-DSC08023.jpg?fit=1441%2C2048&ssl=1",1441,2048,false],"thumbnail":["https:\/\/i0.wp.com\/joyana.fr\/wp-content\/uploads\/2015\/04\/CARRARA-DESIGN-FACTORY-DSC08023.jpg?resize=150%2C150&ssl=1",150,150,true],"medium":["https:\/\/i0.wp.com\/joyana.fr\/wp-content\/uploads\/2015\/04\/CARRARA-DESIGN-FACTORY-DSC08023.jpg?fit=274%2C389&ssl=1",274,389,true],"medium_large":["https:\/\/i0.wp.com\/joyana.fr\/wp-content\/uploads\/2015\/04\/CARRARA-DESIGN-FACTORY-DSC08023.jpg?fit=768%2C1092&ssl=1",768,1092,true],"large":["https:\/\/i0.wp.com\/joyana.fr\/wp-content\/uploads\/2015\/04\/CARRARA-DESIGN-FACTORY-DSC08023.jpg?fit=721%2C1024&ssl=1",721,1024,true],"1536x1536":["https:\/\/i0.wp.com\/joyana.fr\/wp-content\/uploads\/2015\/04\/CARRARA-DESIGN-FACTORY-DSC08023.jpg?fit=1081%2C1536&ssl=1",1081,1536,true],"2048x2048":["https:\/\/i0.wp.com\/joyana.fr\/wp-content\/uploads\/2015\/04\/CARRARA-DESIGN-FACTORY-DSC08023.jpg?fit=1441%2C2048&ssl=1",1441,2048,true],"featured-thumb":["https:\/\/i0.wp.com\/joyana.fr\/wp-content\/uploads\/2015\/04\/CARRARA-DESIGN-FACTORY-DSC08023.jpg?resize=1441%2C750&ssl=1",1441,750,true],"ab-block-post-grid-landscape":["https:\/\/i0.wp.com\/joyana.fr\/wp-content\/uploads\/2015\/04\/CARRARA-DESIGN-FACTORY-DSC08023.jpg?resize=600%2C400&ssl=1",600,400,true],"ab-block-post-grid-square":["https:\/\/i0.wp.com\/joyana.fr\/wp-content\/uploads\/2015\/04\/CARRARA-DESIGN-FACTORY-DSC08023.jpg?resize=600%2C600&ssl=1",600,600,true],"author-pro-image":["https:\/\/i0.wp.com\/joyana.fr\/wp-content\/uploads\/2015\/04\/CARRARA-DESIGN-FACTORY-DSC08023.jpg?resize=360%2C570&ssl=1",360,570,true],"slider":["https:\/\/i0.wp.com\/joyana.fr\/wp-content\/uploads\/2015\/04\/CARRARA-DESIGN-FACTORY-DSC08023.jpg?resize=920%2C400&ssl=1",920,400,true],"woocommerce_thumbnail":["https:\/\/i0.wp.com\/joyana.fr\/wp-content\/uploads\/2015\/04\/CARRARA-DESIGN-FACTORY-DSC08023.jpg?resize=450%2C450&ssl=1",450,450,true],"woocommerce_single":["https:\/\/i0.wp.com\/joyana.fr\/wp-content\/uploads\/2015\/04\/CARRARA-DESIGN-FACTORY-DSC08023.jpg?fit=920%2C1308&ssl=1",920,1308,true],"woocommerce_gallery_thumbnail":["https:\/\/i0.wp.com\/joyana.fr\/wp-content\/uploads\/2015\/04\/CARRARA-DESIGN-FACTORY-DSC08023.jpg?resize=180%2C180&ssl=1",180,180,true],"sow-carousel-default":["https:\/\/i0.wp.com\/joyana.fr\/wp-content\/uploads\/2015\/04\/CARRARA-DESIGN-FACTORY-DSC08023.jpg?resize=272%2C182&ssl=1",272,182,true]},"post_excerpt_stackable":"<p>Durant la Milan Design Week 2015 la Carrara Design Factory pr\u00e9sentait sa premi\u00e8re collection &#8220;\u201cMarmo svelato \u2026 o meraviglia rivelata&#8221;, avec des produits sign\u00e9s par de nombreux designers&#8230;<\/p>\n","category_list":"<a href=\"https:\/\/joyana.fr\/ja\/category\/deco-design\/\" rel=\"category tag\">DECO-DESIGN<\/a>, <a href=\"https:\/\/joyana.fr\/ja\/category\/deco-design\/designer\/kossi-aguessy\/\" rel=\"category tag\">Kossi AGUESSY<\/a>, <a href=\"https:\/\/joyana.fr\/ja\/category\/deco-design\/actualite\/salon\/milan-design-week\/\" rel=\"category tag\">Milan Design Week<\/a>","author_info":{"display_name":"Jo Yana","author_link":"https:\/\/joyana.fr\/ja\/author\/joyana\/"},"comments_num":"3 comments","featured_image_urls_v2":{"full":["https:\/\/i0.wp.com\/joyana.fr\/wp-content\/uploads\/2015\/04\/CARRARA-DESIGN-FACTORY-DSC08023.jpg?fit=1441%2C2048&ssl=1",1441,2048,false],"thumbnail":["https:\/\/i0.wp.com\/joyana.fr\/wp-content\/uploads\/2015\/04\/CARRARA-DESIGN-FACTORY-DSC08023.jpg?resize=150%2C150&ssl=1",150,150,true],"medium":["https:\/\/i0.wp.com\/joyana.fr\/wp-content\/uploads\/2015\/04\/CARRARA-DESIGN-FACTORY-DSC08023.jpg?fit=274%2C389&ssl=1",274,389,true],"medium_large":["https:\/\/i0.wp.com\/joyana.fr\/wp-content\/uploads\/2015\/04\/CARRARA-DESIGN-FACTORY-DSC08023.jpg?fit=768%2C1092&ssl=1",768,1092,true],"large":["https:\/\/i0.wp.com\/joyana.fr\/wp-content\/uploads\/2015\/04\/CARRARA-DESIGN-FACTORY-DSC08023.jpg?fit=721%2C1024&ssl=1",721,1024,true],"1536x1536":["https:\/\/i0.wp.com\/joyana.fr\/wp-content\/uploads\/2015\/04\/CARRARA-DESIGN-FACTORY-DSC08023.jpg?fit=1081%2C1536&ssl=1",1081,1536,true],"2048x2048":["https:\/\/i0.wp.com\/joyana.fr\/wp-content\/uploads\/2015\/04\/CARRARA-DESIGN-FACTORY-DSC08023.jpg?fit=1441%2C2048&ssl=1",1441,2048,true],"featured-thumb":["https:\/\/i0.wp.com\/joyana.fr\/wp-content\/uploads\/2015\/04\/CARRARA-DESIGN-FACTORY-DSC08023.jpg?resize=1441%2C750&ssl=1",1441,750,true],"ab-block-post-grid-landscape":["https:\/\/i0.wp.com\/joyana.fr\/wp-content\/uploads\/2015\/04\/CARRARA-DESIGN-FACTORY-DSC08023.jpg?resize=600%2C400&ssl=1",600,400,true],"ab-block-post-grid-square":["https:\/\/i0.wp.com\/joyana.fr\/wp-content\/uploads\/2015\/04\/CARRARA-DESIGN-FACTORY-DSC08023.jpg?resize=600%2C600&ssl=1",600,600,true],"author-pro-image":["https:\/\/i0.wp.com\/joyana.fr\/wp-content\/uploads\/2015\/04\/CARRARA-DESIGN-FACTORY-DSC08023.jpg?resize=360%2C570&ssl=1",360,570,true],"slider":["https:\/\/i0.wp.com\/joyana.fr\/wp-content\/uploads\/2015\/04\/CARRARA-DESIGN-FACTORY-DSC08023.jpg?resize=920%2C400&ssl=1",920,400,true],"woocommerce_thumbnail":["https:\/\/i0.wp.com\/joyana.fr\/wp-content\/uploads\/2015\/04\/CARRARA-DESIGN-FACTORY-DSC08023.jpg?resize=450%2C450&ssl=1",450,450,true],"woocommerce_single":["https:\/\/i0.wp.com\/joyana.fr\/wp-content\/uploads\/2015\/04\/CARRARA-DESIGN-FACTORY-DSC08023.jpg?fit=920%2C1308&ssl=1",920,1308,true],"woocommerce_gallery_thumbnail":["https:\/\/i0.wp.com\/joyana.fr\/wp-content\/uploads\/2015\/04\/CARRARA-DESIGN-FACTORY-DSC08023.jpg?resize=180%2C180&ssl=1",180,180,true],"sow-carousel-default":["https:\/\/i0.wp.com\/joyana.fr\/wp-content\/uploads\/2015\/04\/CARRARA-DESIGN-FACTORY-DSC08023.jpg?resize=272%2C182&ssl=1",272,182,true]},"post_excerpt_stackable_v2":"<p>Durant la Milan Design Week 2015 la Carrara Design Factory pr\u00e9sentait sa premi\u00e8re collection &#8220;\u201cMarmo svelato \u2026 o meraviglia rivelata&#8221;, avec des produits sign\u00e9s par de nombreux designers&#8230;<\/p>\n","category_list_v2":"<a href=\"https:\/\/joyana.fr\/ja\/category\/deco-design\/\" rel=\"category tag\">DECO-DESIGN<\/a>, <a href=\"https:\/\/joyana.fr\/ja\/category\/deco-design\/designer\/kossi-aguessy\/\" rel=\"category tag\">Kossi AGUESSY<\/a>, <a href=\"https:\/\/joyana.fr\/ja\/category\/deco-design\/actualite\/salon\/milan-design-week\/\" rel=\"category tag\">Milan Design Week<\/a>","author_info_v2":{"name":"Jo Yana","url":"https:\/\/joyana.fr\/ja\/author\/joyana\/"},"comments_num_v2":"3 comments","yoast_head":"<!-- This site is optimized with the Yoast SEO plugin v26.8 - https:\/\/yoast.com\/product\/yoast-seo-wordpress\/ -->\n<title>#MDW15 - Exposition CARRARA DESIGN FACTORY | DECO-DESIGN<\/title>\n<meta name=\"description\" content=\"Durant la Milan Design Week 2015 la Carrara Design Factory pr\u00e9sentait sa premi\u00e8re collection &quot;\u201cMarmo svelato \u2026 o meraviglia rivelata&quot;, avec des produits sign\u00e9s par de nombreux designers...\" \/>\n<meta name=\"robots\" content=\"index, follow, max-snippet:-1, max-image-preview:large, max-video-preview:-1\" \/>\n<link rel=\"canonical\" href=\"https:\/\/www.joyana.fr\/ja\/mdw15-exposition-marmo-svelato-carrara-design-factory\/120676\/\" \/>\n<meta property=\"og:locale\" content=\"ja_JP\" \/>\n<meta property=\"og:locale:alternate\" content=\"fr_FR\" \/>\n<meta property=\"og:locale:alternate\" content=\"en_US\" \/>\n<meta property=\"og:type\" content=\"article\" \/>\n<meta property=\"og:title\" content=\"#MDW15 - Exposition CARRARA DESIGN FACTORY | DECO-DESIGN\" \/>\n<meta property=\"og:description\" content=\"Durant la Milan Design Week 2015 la Carrara Design Factory pr\u00e9sentait sa premi\u00e8re collection &quot;\u201cMarmo svelato \u2026 o meraviglia rivelata&quot;, avec des produits sign\u00e9s par de nombreux designers...\" \/>\n<meta property=\"og:url\" content=\"https:\/\/joyana.fr\/ja\/mdw15-exposition-marmo-svelato-carrara-design-factory\/120676\/\" \/>\n<meta property=\"og:site_name\" content=\"JO YANA\" \/>\n<meta property=\"article:published_time\" content=\"2015-04-21T13:36:12+00:00\" \/>\n<meta property=\"og:image\" content=\"https:\/\/www.joyana.fr\/wp-content\/uploads\/2015\/04\/CARRARA-DESIGN-FACTORY-DSC08023.jpg\" \/>\n\t<meta property=\"og:image:width\" content=\"1441\" \/>\n\t<meta property=\"og:image:height\" content=\"2048\" \/>\n\t<meta property=\"og:image:type\" content=\"image\/jpeg\" \/>\n<meta name=\"author\" content=\"Jo Yana\" \/>\n<meta name=\"twitter:card\" content=\"summary_large_image\" \/>\n<meta name=\"twitter:creator\" content=\"@Jo_Yana\" \/>\n<meta name=\"twitter:site\" content=\"@Jo_Yana\" \/>\n<meta name=\"twitter:label1\" content=\"\u57f7\u7b46\u8005\" \/>\n\t<meta name=\"twitter:data1\" content=\"Jo Yana\" \/>\n\t<meta name=\"twitter:label2\" content=\"\u63a8\u5b9a\u8aad\u307f\u53d6\u308a\u6642\u9593\" \/>\n\t<meta name=\"twitter:data2\" content=\"1\u5206\" \/>\n<script type=\"application\/ld+json\" class=\"yoast-schema-graph\">{\"@context\":\"https:\/\/schema.org\",\"@graph\":[{\"@type\":\"Article\",\"@id\":\"https:\/\/www.joyana.fr\/ja\/mdw15-exposition-marmo-svelato-carrara-design-factory\/120676\/#article\",\"isPartOf\":{\"@id\":\"https:\/\/www.joyana.fr\/ja\/mdw15-exposition-marmo-svelato-carrara-design-factory\/120676\/\"},\"author\":{\"name\":\"Jo Yana\",\"@id\":\"https:\/\/joyana.fr\/#\/schema\/person\/cf2a1ad12a27c12c21801075bf37407c\"},\"headline\":\"#MDW15 &#8211; Exposition CARRARA DESIGN FACTORY\",\"datePublished\":\"2015-04-21T13:36:12+00:00\",\"mainEntityOfPage\":{\"@id\":\"https:\/\/www.joyana.fr\/ja\/mdw15-exposition-marmo-svelato-carrara-design-factory\/120676\/\"},\"wordCount\":173,\"commentCount\":1,\"publisher\":{\"@id\":\"https:\/\/joyana.fr\/#\/schema\/person\/cf2a1ad12a27c12c21801075bf37407c\"},\"image\":{\"@id\":\"https:\/\/www.joyana.fr\/ja\/mdw15-exposition-marmo-svelato-carrara-design-factory\/120676\/#primaryimage\"},\"thumbnailUrl\":\"https:\/\/i0.wp.com\/joyana.fr\/wp-content\/uploads\/2015\/04\/CARRARA-DESIGN-FACTORY-DSC08023.jpg?fit=1441%2C2048&ssl=1\",\"keywords\":[\"#MDW15\",\"Carrara Design Factory\",\"Kossi Aguessy\",\"marbre\",\"Milan Design Week 2015\"],\"articleSection\":[\"DECO-DESIGN\",\"Kossi AGUESSY\",\"Milan Design Week\"],\"inLanguage\":\"ja\",\"potentialAction\":[{\"@type\":\"CommentAction\",\"name\":\"Comment\",\"target\":[\"https:\/\/www.joyana.fr\/ja\/mdw15-exposition-marmo-svelato-carrara-design-factory\/120676\/#respond\"]}]},{\"@type\":\"WebPage\",\"@id\":\"https:\/\/www.joyana.fr\/ja\/mdw15-exposition-marmo-svelato-carrara-design-factory\/120676\/\",\"url\":\"https:\/\/www.joyana.fr\/ja\/mdw15-exposition-marmo-svelato-carrara-design-factory\/120676\/\",\"name\":\"#MDW15 - Exposition CARRARA DESIGN FACTORY | DECO-DESIGN\",\"isPartOf\":{\"@id\":\"https:\/\/joyana.fr\/#website\"},\"primaryImageOfPage\":{\"@id\":\"https:\/\/www.joyana.fr\/ja\/mdw15-exposition-marmo-svelato-carrara-design-factory\/120676\/#primaryimage\"},\"image\":{\"@id\":\"https:\/\/www.joyana.fr\/ja\/mdw15-exposition-marmo-svelato-carrara-design-factory\/120676\/#primaryimage\"},\"thumbnailUrl\":\"https:\/\/i0.wp.com\/joyana.fr\/wp-content\/uploads\/2015\/04\/CARRARA-DESIGN-FACTORY-DSC08023.jpg?fit=1441%2C2048&ssl=1\",\"datePublished\":\"2015-04-21T13:36:12+00:00\",\"description\":\"Durant la Milan Design Week 2015 la Carrara Design Factory pr\u00e9sentait sa premi\u00e8re collection \\\"\u201cMarmo svelato \u2026 o meraviglia rivelata\\\", avec des produits sign\u00e9s par de nombreux designers...\",\"breadcrumb\":{\"@id\":\"https:\/\/www.joyana.fr\/ja\/mdw15-exposition-marmo-svelato-carrara-design-factory\/120676\/#breadcrumb\"},\"inLanguage\":\"ja\",\"potentialAction\":[{\"@type\":\"ReadAction\",\"target\":[\"https:\/\/www.joyana.fr\/ja\/mdw15-exposition-marmo-svelato-carrara-design-factory\/120676\/\"]}]},{\"@type\":\"ImageObject\",\"inLanguage\":\"ja\",\"@id\":\"https:\/\/www.joyana.fr\/ja\/mdw15-exposition-marmo-svelato-carrara-design-factory\/120676\/#primaryimage\",\"url\":\"https:\/\/i0.wp.com\/joyana.fr\/wp-content\/uploads\/2015\/04\/CARRARA-DESIGN-FACTORY-DSC08023.jpg?fit=1441%2C2048&ssl=1\",\"contentUrl\":\"https:\/\/i0.wp.com\/joyana.fr\/wp-content\/uploads\/2015\/04\/CARRARA-DESIGN-FACTORY-DSC08023.jpg?fit=1441%2C2048&ssl=1\",\"width\":1441,\"height\":2048},{\"@type\":\"BreadcrumbList\",\"@id\":\"https:\/\/www.joyana.fr\/ja\/mdw15-exposition-marmo-svelato-carrara-design-factory\/120676\/#breadcrumb\",\"itemListElement\":[{\"@type\":\"ListItem\",\"position\":1,\"name\":\"Accueil\",\"item\":\"https:\/\/joyana.fr\/\"},{\"@type\":\"ListItem\",\"position\":2,\"name\":\"#MDW15 &#8211; Exposition CARRARA DESIGN FACTORY\"}]},{\"@type\":\"WebSite\",\"@id\":\"https:\/\/joyana.fr\/#website\",\"url\":\"https:\/\/joyana.fr\/\",\"name\":\"JO YANA\",\"description\":\"Blog Mode Homme, Lifestyle, D\u00e9co-Design\",\"publisher\":{\"@id\":\"https:\/\/joyana.fr\/#\/schema\/person\/cf2a1ad12a27c12c21801075bf37407c\"},\"potentialAction\":[{\"@type\":\"SearchAction\",\"target\":{\"@type\":\"EntryPoint\",\"urlTemplate\":\"https:\/\/joyana.fr\/?s={search_term_string}\"},\"query-input\":{\"@type\":\"PropertyValueSpecification\",\"valueRequired\":true,\"valueName\":\"search_term_string\"}}],\"inLanguage\":\"ja\"},{\"@type\":[\"Person\",\"Organization\"],\"@id\":\"https:\/\/joyana.fr\/#\/schema\/person\/cf2a1ad12a27c12c21801075bf37407c\",\"name\":\"Jo Yana\",\"image\":{\"@type\":\"ImageObject\",\"inLanguage\":\"ja\",\"@id\":\"https:\/\/joyana.fr\/#\/schema\/person\/image\/\",\"url\":\"https:\/\/i0.wp.com\/joyana.fr\/wp-content\/uploads\/2016\/08\/cropped-joyana-logo-black-360x180.png?fit=343%2C164&ssl=1\",\"contentUrl\":\"https:\/\/i0.wp.com\/joyana.fr\/wp-content\/uploads\/2016\/08\/cropped-joyana-logo-black-360x180.png?fit=343%2C164&ssl=1\",\"width\":343,\"height\":164,\"caption\":\"Jo Yana\"},\"logo\":{\"@id\":\"https:\/\/joyana.fr\/#\/schema\/person\/image\/\"},\"description\":\"Jo Yana est le cr\u00e9ateur et r\u00e9dacteur en chef des sites DECO-DESIGN. Passionn\u00e9 de Design, Mode, Photo, Luxe, Lifestyle, Musique, mais avant tout Blogueur ! Le plaisir de partager l'anime et a comme devise \\\"POUR L'AMOUR DU BEAU\\\". Retrouvez le aussi sur son blog personnel - https:\/\/joyana.fr...\",\"sameAs\":[\"https:\/\/joyana.fr\/\"],\"url\":\"https:\/\/joyana.fr\/ja\/author\/joyana\/\"}]}<\/script>\n<!-- \/ Yoast SEO plugin. -->","yoast_head_json":{"title":"#MDW15 - Exposition CARRARA DESIGN FACTORY | DECO-DESIGN","description":"Durant la Milan Design Week 2015 la Carrara Design Factory pr\u00e9sentait sa premi\u00e8re collection \"\u201cMarmo svelato \u2026 o meraviglia rivelata\", avec des produits sign\u00e9s par de nombreux designers...","robots":{"index":"index","follow":"follow","max-snippet":"max-snippet:-1","max-image-preview":"max-image-preview:large","max-video-preview":"max-video-preview:-1"},"canonical":"https:\/\/www.joyana.fr\/ja\/mdw15-exposition-marmo-svelato-carrara-design-factory\/120676\/","og_locale":"ja_JP","og_type":"article","og_title":"#MDW15 - Exposition CARRARA DESIGN FACTORY | DECO-DESIGN","og_description":"Durant la Milan Design Week 2015 la Carrara Design Factory pr\u00e9sentait sa premi\u00e8re collection \"\u201cMarmo svelato \u2026 o meraviglia rivelata\", avec des produits sign\u00e9s par de nombreux designers...","og_url":"https:\/\/joyana.fr\/ja\/mdw15-exposition-marmo-svelato-carrara-design-factory\/120676\/","og_site_name":"JO YANA","article_published_time":"2015-04-21T13:36:12+00:00","og_image":[{"width":1441,"height":2048,"url":"https:\/\/www.joyana.fr\/wp-content\/uploads\/2015\/04\/CARRARA-DESIGN-FACTORY-DSC08023.jpg","type":"image\/jpeg"}],"author":"Jo Yana","twitter_card":"summary_large_image","twitter_creator":"@Jo_Yana","twitter_site":"@Jo_Yana","twitter_misc":{"\u57f7\u7b46\u8005":"Jo Yana","\u63a8\u5b9a\u8aad\u307f\u53d6\u308a\u6642\u9593":"1\u5206"},"schema":{"@context":"https:\/\/schema.org","@graph":[{"@type":"Article","@id":"https:\/\/www.joyana.fr\/ja\/mdw15-exposition-marmo-svelato-carrara-design-factory\/120676\/#article","isPartOf":{"@id":"https:\/\/www.joyana.fr\/ja\/mdw15-exposition-marmo-svelato-carrara-design-factory\/120676\/"},"author":{"name":"Jo Yana","@id":"https:\/\/joyana.fr\/#\/schema\/person\/cf2a1ad12a27c12c21801075bf37407c"},"headline":"#MDW15 &#8211; Exposition CARRARA DESIGN FACTORY","datePublished":"2015-04-21T13:36:12+00:00","mainEntityOfPage":{"@id":"https:\/\/www.joyana.fr\/ja\/mdw15-exposition-marmo-svelato-carrara-design-factory\/120676\/"},"wordCount":173,"commentCount":1,"publisher":{"@id":"https:\/\/joyana.fr\/#\/schema\/person\/cf2a1ad12a27c12c21801075bf37407c"},"image":{"@id":"https:\/\/www.joyana.fr\/ja\/mdw15-exposition-marmo-svelato-carrara-design-factory\/120676\/#primaryimage"},"thumbnailUrl":"https:\/\/i0.wp.com\/joyana.fr\/wp-content\/uploads\/2015\/04\/CARRARA-DESIGN-FACTORY-DSC08023.jpg?fit=1441%2C2048&ssl=1","keywords":["#MDW15","Carrara Design Factory","Kossi Aguessy","marbre","Milan Design Week 2015"],"articleSection":["DECO-DESIGN","Kossi AGUESSY","Milan Design Week"],"inLanguage":"ja","potentialAction":[{"@type":"CommentAction","name":"Comment","target":["https:\/\/www.joyana.fr\/ja\/mdw15-exposition-marmo-svelato-carrara-design-factory\/120676\/#respond"]}]},{"@type":"WebPage","@id":"https:\/\/www.joyana.fr\/ja\/mdw15-exposition-marmo-svelato-carrara-design-factory\/120676\/","url":"https:\/\/www.joyana.fr\/ja\/mdw15-exposition-marmo-svelato-carrara-design-factory\/120676\/","name":"#MDW15 - Exposition CARRARA DESIGN FACTORY | DECO-DESIGN","isPartOf":{"@id":"https:\/\/joyana.fr\/#website"},"primaryImageOfPage":{"@id":"https:\/\/www.joyana.fr\/ja\/mdw15-exposition-marmo-svelato-carrara-design-factory\/120676\/#primaryimage"},"image":{"@id":"https:\/\/www.joyana.fr\/ja\/mdw15-exposition-marmo-svelato-carrara-design-factory\/120676\/#primaryimage"},"thumbnailUrl":"https:\/\/i0.wp.com\/joyana.fr\/wp-content\/uploads\/2015\/04\/CARRARA-DESIGN-FACTORY-DSC08023.jpg?fit=1441%2C2048&ssl=1","datePublished":"2015-04-21T13:36:12+00:00","description":"Durant la Milan Design Week 2015 la Carrara Design Factory pr\u00e9sentait sa premi\u00e8re collection \"\u201cMarmo svelato \u2026 o meraviglia rivelata\", avec des produits sign\u00e9s par de nombreux designers...","breadcrumb":{"@id":"https:\/\/www.joyana.fr\/ja\/mdw15-exposition-marmo-svelato-carrara-design-factory\/120676\/#breadcrumb"},"inLanguage":"ja","potentialAction":[{"@type":"ReadAction","target":["https:\/\/www.joyana.fr\/ja\/mdw15-exposition-marmo-svelato-carrara-design-factory\/120676\/"]}]},{"@type":"ImageObject","inLanguage":"ja","@id":"https:\/\/www.joyana.fr\/ja\/mdw15-exposition-marmo-svelato-carrara-design-factory\/120676\/#primaryimage","url":"https:\/\/i0.wp.com\/joyana.fr\/wp-content\/uploads\/2015\/04\/CARRARA-DESIGN-FACTORY-DSC08023.jpg?fit=1441%2C2048&ssl=1","contentUrl":"https:\/\/i0.wp.com\/joyana.fr\/wp-content\/uploads\/2015\/04\/CARRARA-DESIGN-FACTORY-DSC08023.jpg?fit=1441%2C2048&ssl=1","width":1441,"height":2048},{"@type":"BreadcrumbList","@id":"https:\/\/www.joyana.fr\/ja\/mdw15-exposition-marmo-svelato-carrara-design-factory\/120676\/#breadcrumb","itemListElement":[{"@type":"ListItem","position":1,"name":"Accueil","item":"https:\/\/joyana.fr\/"},{"@type":"ListItem","position":2,"name":"#MDW15 &#8211; Exposition CARRARA DESIGN FACTORY"}]},{"@type":"WebSite","@id":"https:\/\/joyana.fr\/#website","url":"https:\/\/joyana.fr\/","name":"JO YANA","description":"Blog Mode Homme, Lifestyle, D\u00e9co-Design","publisher":{"@id":"https:\/\/joyana.fr\/#\/schema\/person\/cf2a1ad12a27c12c21801075bf37407c"},"potentialAction":[{"@type":"SearchAction","target":{"@type":"EntryPoint","urlTemplate":"https:\/\/joyana.fr\/?s={search_term_string}"},"query-input":{"@type":"PropertyValueSpecification","valueRequired":true,"valueName":"search_term_string"}}],"inLanguage":"ja"},{"@type":["Person","Organization"],"@id":"https:\/\/joyana.fr\/#\/schema\/person\/cf2a1ad12a27c12c21801075bf37407c","name":"Jo Yana","image":{"@type":"ImageObject","inLanguage":"ja","@id":"https:\/\/joyana.fr\/#\/schema\/person\/image\/","url":"https:\/\/i0.wp.com\/joyana.fr\/wp-content\/uploads\/2016\/08\/cropped-joyana-logo-black-360x180.png?fit=343%2C164&ssl=1","contentUrl":"https:\/\/i0.wp.com\/joyana.fr\/wp-content\/uploads\/2016\/08\/cropped-joyana-logo-black-360x180.png?fit=343%2C164&ssl=1","width":343,"height":164,"caption":"Jo Yana"},"logo":{"@id":"https:\/\/joyana.fr\/#\/schema\/person\/image\/"},"description":"Jo Yana est le cr\u00e9ateur et r\u00e9dacteur en chef des sites DECO-DESIGN. Passionn\u00e9 de Design, Mode, Photo, Luxe, Lifestyle, Musique, mais avant tout Blogueur ! Le plaisir de partager l'anime et a comme devise \"POUR L'AMOUR DU BEAU\". Retrouvez le aussi sur son blog personnel - https:\/\/joyana.fr...","sameAs":["https:\/\/joyana.fr\/"],"url":"https:\/\/joyana.fr\/ja\/author\/joyana\/"}]}},"author_meta":{"display_name":"Jo Yana","author_link":"https:\/\/joyana.fr\/ja\/author\/joyana\/"},"featured_img":"https:\/\/i0.wp.com\/joyana.fr\/wp-content\/uploads\/2015\/04\/CARRARA-DESIGN-FACTORY-DSC08023.jpg?fit=274%2C389&ssl=1","featured_image_src":"https:\/\/i0.wp.com\/joyana.fr\/wp-content\/uploads\/2015\/04\/CARRARA-DESIGN-FACTORY-DSC08023.jpg?resize=600%2C400&ssl=1","featured_image_src_square":"https:\/\/i0.wp.com\/joyana.fr\/wp-content\/uploads\/2015\/04\/CARRARA-DESIGN-FACTORY-DSC08023.jpg?resize=600%2C600&ssl=1","jetpack_featured_media_url":"https:\/\/i0.wp.com\/joyana.fr\/wp-content\/uploads\/2015\/04\/CARRARA-DESIGN-FACTORY-DSC08023.jpg?fit=1441%2C2048&ssl=1","uagb_featured_image_src":{"full":["https:\/\/i0.wp.com\/joyana.fr\/wp-content\/uploads\/2015\/04\/CARRARA-DESIGN-FACTORY-DSC08023.jpg?fit=1441%2C2048&ssl=1",1441,2048,false],"thumbnail":["https:\/\/i0.wp.com\/joyana.fr\/wp-content\/uploads\/2015\/04\/CARRARA-DESIGN-FACTORY-DSC08023.jpg?resize=150%2C150&ssl=1",150,150,true],"medium":["https:\/\/i0.wp.com\/joyana.fr\/wp-content\/uploads\/2015\/04\/CARRARA-DESIGN-FACTORY-DSC08023.jpg?fit=274%2C389&ssl=1",274,389,true],"medium_large":["https:\/\/i0.wp.com\/joyana.fr\/wp-content\/uploads\/2015\/04\/CARRARA-DESIGN-FACTORY-DSC08023.jpg?fit=768%2C1092&ssl=1",768,1092,true],"large":["https:\/\/i0.wp.com\/joyana.fr\/wp-content\/uploads\/2015\/04\/CARRARA-DESIGN-FACTORY-DSC08023.jpg?fit=721%2C1024&ssl=1",721,1024,true],"1536x1536":["https:\/\/i0.wp.com\/joyana.fr\/wp-content\/uploads\/2015\/04\/CARRARA-DESIGN-FACTORY-DSC08023.jpg?fit=1081%2C1536&ssl=1",1081,1536,true],"2048x2048":["https:\/\/i0.wp.com\/joyana.fr\/wp-content\/uploads\/2015\/04\/CARRARA-DESIGN-FACTORY-DSC08023.jpg?fit=1441%2C2048&ssl=1",1441,2048,true],"featured-thumb":["https:\/\/i0.wp.com\/joyana.fr\/wp-content\/uploads\/2015\/04\/CARRARA-DESIGN-FACTORY-DSC08023.jpg?resize=1441%2C750&ssl=1",1441,750,true],"ab-block-post-grid-landscape":["https:\/\/i0.wp.com\/joyana.fr\/wp-content\/uploads\/2015\/04\/CARRARA-DESIGN-FACTORY-DSC08023.jpg?resize=600%2C400&ssl=1",600,400,true],"ab-block-post-grid-square":["https:\/\/i0.wp.com\/joyana.fr\/wp-content\/uploads\/2015\/04\/CARRARA-DESIGN-FACTORY-DSC08023.jpg?resize=600%2C600&ssl=1",600,600,true],"author-pro-image":["https:\/\/i0.wp.com\/joyana.fr\/wp-content\/uploads\/2015\/04\/CARRARA-DESIGN-FACTORY-DSC08023.jpg?resize=360%2C570&ssl=1",360,570,true],"slider":["https:\/\/i0.wp.com\/joyana.fr\/wp-content\/uploads\/2015\/04\/CARRARA-DESIGN-FACTORY-DSC08023.jpg?resize=920%2C400&ssl=1",920,400,true],"woocommerce_thumbnail":["https:\/\/i0.wp.com\/joyana.fr\/wp-content\/uploads\/2015\/04\/CARRARA-DESIGN-FACTORY-DSC08023.jpg?resize=450%2C450&ssl=1",450,450,true],"woocommerce_single":["https:\/\/i0.wp.com\/joyana.fr\/wp-content\/uploads\/2015\/04\/CARRARA-DESIGN-FACTORY-DSC08023.jpg?fit=920%2C1308&ssl=1",920,1308,true],"woocommerce_gallery_thumbnail":["https:\/\/i0.wp.com\/joyana.fr\/wp-content\/uploads\/2015\/04\/CARRARA-DESIGN-FACTORY-DSC08023.jpg?resize=180%2C180&ssl=1",180,180,true],"sow-carousel-default":["https:\/\/i0.wp.com\/joyana.fr\/wp-content\/uploads\/2015\/04\/CARRARA-DESIGN-FACTORY-DSC08023.jpg?resize=272%2C182&ssl=1",272,182,true]},"uagb_author_info":{"display_name":"Jo Yana","author_link":"https:\/\/joyana.fr\/ja\/author\/joyana\/"},"uagb_comment_info":5,"uagb_excerpt":"Durant la Milan Design Week 2015 la Carrara Design Fact&hellip;","coauthors":[],"tax_additional":{"categories":{"linked":["<a href=\"https:\/\/joyana.fr\/ja\/category\/deco-design\/\" class=\"advgb-post-tax-term\">DECO-DESIGN<\/a>","<a href=\"https:\/\/joyana.fr\/ja\/category\/deco-design\/designer\/kossi-aguessy\/\" class=\"advgb-post-tax-term\">Kossi AGUESSY<\/a>","<a href=\"https:\/\/joyana.fr\/ja\/category\/deco-design\/actualite\/salon\/milan-design-week\/\" class=\"advgb-post-tax-term\">Milan Design Week<\/a>"],"unlinked":["<span class=\"advgb-post-tax-term\">DECO-DESIGN<\/span>","<span class=\"advgb-post-tax-term\">Kossi AGUESSY<\/span>","<span class=\"advgb-post-tax-term\">Milan Design Week<\/span>"]},"tags":{"linked":["<a href=\"https:\/\/joyana.fr\/ja\/category\/deco-design\/actualite\/salon\/milan-design-week\/\" class=\"advgb-post-tax-term\">#MDW15<\/a>","<a href=\"https:\/\/joyana.fr\/ja\/category\/deco-design\/actualite\/salon\/milan-design-week\/\" class=\"advgb-post-tax-term\">Carrara Design Factory<\/a>","<a href=\"https:\/\/joyana.fr\/ja\/category\/deco-design\/actualite\/salon\/milan-design-week\/\" class=\"advgb-post-tax-term\">Kossi Aguessy<\/a>","<a href=\"https:\/\/joyana.fr\/ja\/category\/deco-design\/actualite\/salon\/milan-design-week\/\" class=\"advgb-post-tax-term\">marbre<\/a>","<a href=\"https:\/\/joyana.fr\/ja\/category\/deco-design\/actualite\/salon\/milan-design-week\/\" class=\"advgb-post-tax-term\">Milan Design Week 2015<\/a>"],"unlinked":["<span class=\"advgb-post-tax-term\">#MDW15<\/span>","<span class=\"advgb-post-tax-term\">Carrara Design Factory<\/span>","<span class=\"advgb-post-tax-term\">Kossi Aguessy<\/span>","<span class=\"advgb-post-tax-term\">marbre<\/span>","<span class=\"advgb-post-tax-term\">Milan Design Week 2015<\/span>"]}},"comment_count":3,"relative_dates":{"created":"Posted 11\u5e74 ago","modified":"Updated 11\u5e74 ago"},"absolute_dates":{"created":"Posted on 21 4\u6708 2015","modified":"Updated on 21 4\u6708 2015"},"absolute_dates_time":{"created":"Posted on 21 4\u6708 2015 14:36","modified":"Updated on 21 4\u6708 2015 14:36"},"featured_img_caption":"","series_order":"","jetpack_sharing_enabled":true,"jetpack_shortlink":"https:\/\/wp.me\/p9bteI-voo","jetpack-related-posts":[],"_links":{"self":[{"href":"https:\/\/joyana.fr\/ja\/wp-json\/wp\/v2\/posts\/120676","targetHints":{"allow":["GET"]}}],"collection":[{"href":"https:\/\/joyana.fr\/ja\/wp-json\/wp\/v2\/posts"}],"about":[{"href":"https:\/\/joyana.fr\/ja\/wp-json\/wp\/v2\/types\/post"}],"author":[{"embeddable":true,"href":"https:\/\/joyana.fr\/ja\/wp-json\/wp\/v2\/users\/3"}],"replies":[{"embeddable":true,"href":"https:\/\/joyana.fr\/ja\/wp-json\/wp\/v2\/comments?post=120676"}],"version-history":[{"count":0,"href":"https:\/\/joyana.fr\/ja\/wp-json\/wp\/v2\/posts\/120676\/revisions"}],"wp:featuredmedia":[{"embeddable":true,"href":"https:\/\/joyana.fr\/ja\/wp-json\/wp\/v2\/media\/120686"}],"wp:attachment":[{"href":"https:\/\/joyana.fr\/ja\/wp-json\/wp\/v2\/media?parent=120676"}],"wp:term":[{"taxonomy":"category","embeddable":true,"href":"https:\/\/joyana.fr\/ja\/wp-json\/wp\/v2\/categories?post=120676"},{"taxonomy":"post_tag","embeddable":true,"href":"https:\/\/joyana.fr\/ja\/wp-json\/wp\/v2\/tags?post=120676"}],"curies":[{"name":"wp","href":"https:\/\/api.w.org\/{rel}","templated":true}]}}