{"id":120701,"date":"2015-04-23T17:30:18","date_gmt":"2015-04-23T16:30:18","guid":{"rendered":"https:\/\/joyana.fr\/?p=20701"},"modified":"2015-04-23T17:30:18","modified_gmt":"2015-04-23T16:30:18","slug":"mdw15-estrella-collection-a-lot-of-campana","status":"publish","type":"post","link":"https:\/\/joyana.fr\/ja\/mdw15-estrella-collection-a-lot-of-campana\/120701\/","title":{"rendered":"#MDW15 &#8211; ESTRELLA Collection A LOT OF + CAMPANA"},"content":{"rendered":"<p style=\"text-align: justify;\">L&#8217;<strong>ESTRELLA Collection<\/strong> &#8211; sign\u00e9e par <strong>A LOT OF + CAMPANA<\/strong> &#8211; a \u00e9t\u00e9 pr\u00e9sent\u00e9e il y a quelques jours lors de la Milan Design Week 2015. Mobilier, luminaires et accessoires en m\u00e9tal d\u00e9coup\u00e9s au laser&#8230;<\/p>\n<p><a href=\"https:\/\/i0.wp.com\/joyana.fr\/wp-content\/uploads\/2015\/04\/A-LOT-OF-CAMPANA-DSC07929.jpg?ssl=1\"><img data-recalc-dims=\"1\" fetchpriority=\"high\" decoding=\"async\" class=\"alignnone size-full wp-image-20702\" src=\"https:\/\/i0.wp.com\/joyana.fr\/wp-content\/uploads\/2015\/04\/A-LOT-OF-CAMPANA-DSC07929.jpg?resize=1200%2C1724&#038;ssl=1\" alt=\"A LOT OF CAMPANA DSC07929\" width=\"1200\" height=\"1724\" \/><\/a><\/p>\n<p style=\"text-align: justify;\">Les produits <strong>ESTRELLA<\/strong> sont fabriqu\u00e9s \u00e0 partir de m\u00e9tal qui a \u00e9t\u00e9 d\u00e9coup\u00e9 au laser et soud\u00e9s ensemble, l&#8217;objectif \u00e9tant d&#8217;atteindre une \u00e9paisseur tr\u00e8s mince et l\u00e9g\u00e8re. La collection se compose d&#8217;un fauteuil, d&#8217;une chaise, de tables, d&#8217;un canap\u00e9 et de plusieurs luminaires.<\/p>\n<p style=\"text-align: justify;\">Sign\u00e9e par <strong>les Fr\u00e8res Campana<\/strong>, ils confient que comme beaucoup de leurs concepts, l&#8217;inspiration est venue de la nature. Inspir\u00e9s par les \u00e9toiles de mer, lors de la conception des meubles, ils ont imagin\u00e9 une colonie d&#8217;\u00e9toiles de mer toutes ensemble&#8230; Les produits sont fabriqu\u00e9s en collaboration avec l&#8217;\u00e9diteur <strong>A LOT OF BRASIL<\/strong>&#8230;<\/p>\n<p><a href=\"https:\/\/i0.wp.com\/joyana.fr\/wp-content\/uploads\/2015\/04\/A-LOT-OF-CAMPANA-DSC07932.jpg?ssl=1\"><img data-recalc-dims=\"1\" decoding=\"async\" class=\"alignnone size-full wp-image-20704\" src=\"https:\/\/i0.wp.com\/joyana.fr\/wp-content\/uploads\/2015\/04\/A-LOT-OF-CAMPANA-DSC07932.jpg?resize=1200%2C940&#038;ssl=1\" alt=\"A LOT OF CAMPANA DSC07932\" width=\"1200\" height=\"940\" \/><\/a><\/p>\n<p><a href=\"https:\/\/i0.wp.com\/joyana.fr\/wp-content\/uploads\/2015\/04\/A-LOT-OF-CAMPANA-DSC07937.jpg?ssl=1\"><img data-recalc-dims=\"1\" decoding=\"async\" class=\"alignnone size-full wp-image-20705\" src=\"https:\/\/i0.wp.com\/joyana.fr\/wp-content\/uploads\/2015\/04\/A-LOT-OF-CAMPANA-DSC07937.jpg?resize=1200%2C790&#038;ssl=1\" alt=\"A LOT OF CAMPANA DSC07937\" width=\"1200\" height=\"790\" \/><\/a><\/p>\n<p><a href=\"https:\/\/i0.wp.com\/joyana.fr\/wp-content\/uploads\/2015\/04\/A-LOT-OF-CAMPANA-DSC07939.jpg?ssl=1\"><img data-recalc-dims=\"1\" loading=\"lazy\" decoding=\"async\" src=\"https:\/\/i0.wp.com\/joyana.fr\/wp-content\/uploads\/2015\/04\/A-LOT-OF-CAMPANA-DSC07939.jpg?resize=1200%2C866&#038;ssl=1\" alt=\"A LOT OF CAMPANA DSC07939\" width=\"1200\" height=\"866\" class=\"alignnone size-full wp-image-20706\" \/><\/a><\/p>\n<p><a href=\"https:\/\/i0.wp.com\/joyana.fr\/wp-content\/uploads\/2015\/04\/A-LOT-OF-CAMPANA-DSC07940.jpg?ssl=1\"><img data-recalc-dims=\"1\" loading=\"lazy\" decoding=\"async\" class=\"alignnone size-full wp-image-20707\" src=\"https:\/\/i0.wp.com\/joyana.fr\/wp-content\/uploads\/2015\/04\/A-LOT-OF-CAMPANA-DSC07940.jpg?resize=1200%2C821&#038;ssl=1\" alt=\"A LOT OF CAMPANA DSC07940\" width=\"1200\" height=\"821\" \/><\/a><\/p>\n<p style=\"text-align: center;\">En savoir + sur <strong><a href=\"http:\/\/www.alotofbrasil.com\" target=\"_blank\">A LOT OF BRASIL<\/a> &amp; <a href=\"http:\/\/campanas.com.br\" target=\"_blank\">CAMPANA<\/a><\/strong><\/p>\n","protected":false},"excerpt":{"rendered":"<p>L&#8217;ESTRELLA Collection &#8211; sign\u00e9e par A LOT OF + CAMPANA &#8211; a \u00e9t\u00e9 pr\u00e9sent\u00e9e il y a quelques jours lors de la Milan Design Week 2015. Mobilier, luminaires et accessoires en m\u00e9tal d\u00e9coup\u00e9s au laser&#8230;<\/p>\n","protected":false},"author":3,"featured_media":120703,"comment_status":"open","ping_status":"open","sticky":false,"template":"","format":"aside","meta":{"_coblocks_attr":"","_coblocks_dimensions":"","_coblocks_responsive_height":"","_coblocks_accordion_ie_support":"","_uag_custom_page_level_css":"","advgb_blocks_editor_width":"","advgb_blocks_columns_visual_guide":"","_genesis_hide_title":false,"_genesis_hide_breadcrumbs":false,"_genesis_hide_singular_image":false,"_genesis_hide_footer_widgets":false,"_genesis_custom_body_class":"","_genesis_custom_post_class":"","_genesis_layout":"","_themeisle_gutenberg_block_has_review":false,"_jetpack_newsletter_access":"","_jetpack_dont_email_post_to_subs":false,"_jetpack_newsletter_tier_id":0,"_jetpack_memberships_contains_paywalled_content":false,"_jetpack_memberships_contains_paid_content":false,"footnotes":""},"categories":[948,905,1154,917,993,942],"tags":[2007,2049,1153,2026],"class_list":{"0":"post-120701","1":"post","2":"type-post","3":"status-publish","4":"format-aside","5":"has-post-thumbnail","7":"category-assise","8":"category-deco-design","9":"category-fernando-humberto-campana","10":"category-luminaire","11":"category-milan-design-week","12":"category-mobilier","13":"tag-mdw15","14":"tag-a-lot-of-brasil","15":"tag-campana","16":"tag-milan-design-week-2015","17":"post_format-post-format-aside","18":"entry"},"featured_image_urls":{"full":["https:\/\/i0.wp.com\/joyana.fr\/wp-content\/uploads\/2015\/04\/A-LOT-OF-CAMPANA-DSC07931.jpg?fit=1200%2C800&ssl=1",1200,800,false],"thumbnail":["https:\/\/i0.wp.com\/joyana.fr\/wp-content\/uploads\/2015\/04\/A-LOT-OF-CAMPANA-DSC07931.jpg?resize=150%2C150&ssl=1",150,150,true],"medium":["https:\/\/i0.wp.com\/joyana.fr\/wp-content\/uploads\/2015\/04\/A-LOT-OF-CAMPANA-DSC07931.jpg?fit=389%2C259&ssl=1",389,259,true],"medium_large":["https:\/\/i0.wp.com\/joyana.fr\/wp-content\/uploads\/2015\/04\/A-LOT-OF-CAMPANA-DSC07931.jpg?fit=768%2C512&ssl=1",768,512,true],"large":["https:\/\/i0.wp.com\/joyana.fr\/wp-content\/uploads\/2015\/04\/A-LOT-OF-CAMPANA-DSC07931.jpg?fit=1024%2C683&ssl=1",1024,683,true],"1536x1536":["https:\/\/i0.wp.com\/joyana.fr\/wp-content\/uploads\/2015\/04\/A-LOT-OF-CAMPANA-DSC07931.jpg?fit=1200%2C800&ssl=1",1200,800,true],"2048x2048":["https:\/\/i0.wp.com\/joyana.fr\/wp-content\/uploads\/2015\/04\/A-LOT-OF-CAMPANA-DSC07931.jpg?fit=1200%2C800&ssl=1",1200,800,true],"featured-thumb":["https:\/\/i0.wp.com\/joyana.fr\/wp-content\/uploads\/2015\/04\/A-LOT-OF-CAMPANA-DSC07931.jpg?resize=1200%2C750&ssl=1",1200,750,true],"ab-block-post-grid-landscape":["https:\/\/i0.wp.com\/joyana.fr\/wp-content\/uploads\/2015\/04\/A-LOT-OF-CAMPANA-DSC07931.jpg?resize=600%2C400&ssl=1",600,400,true],"ab-block-post-grid-square":["https:\/\/i0.wp.com\/joyana.fr\/wp-content\/uploads\/2015\/04\/A-LOT-OF-CAMPANA-DSC07931.jpg?resize=600%2C600&ssl=1",600,600,true],"author-pro-image":["https:\/\/i0.wp.com\/joyana.fr\/wp-content\/uploads\/2015\/04\/A-LOT-OF-CAMPANA-DSC07931.jpg?resize=360%2C570&ssl=1",360,570,true],"slider":["https:\/\/i0.wp.com\/joyana.fr\/wp-content\/uploads\/2015\/04\/A-LOT-OF-CAMPANA-DSC07931.jpg?resize=920%2C400&ssl=1",920,400,true],"woocommerce_thumbnail":["https:\/\/i0.wp.com\/joyana.fr\/wp-content\/uploads\/2015\/04\/A-LOT-OF-CAMPANA-DSC07931.jpg?resize=450%2C450&ssl=1",450,450,true],"woocommerce_single":["https:\/\/i0.wp.com\/joyana.fr\/wp-content\/uploads\/2015\/04\/A-LOT-OF-CAMPANA-DSC07931.jpg?fit=920%2C613&ssl=1",920,613,true],"woocommerce_gallery_thumbnail":["https:\/\/i0.wp.com\/joyana.fr\/wp-content\/uploads\/2015\/04\/A-LOT-OF-CAMPANA-DSC07931.jpg?resize=180%2C180&ssl=1",180,180,true],"sow-carousel-default":["https:\/\/i0.wp.com\/joyana.fr\/wp-content\/uploads\/2015\/04\/A-LOT-OF-CAMPANA-DSC07931.jpg?resize=272%2C182&ssl=1",272,182,true]},"post_excerpt_stackable":"<p>L&#8217;ESTRELLA Collection &#8211; sign\u00e9e par A LOT OF + CAMPANA &#8211; a \u00e9t\u00e9 pr\u00e9sent\u00e9e il y a quelques jours lors de la Milan Design Week 2015. Mobilier, luminaires et accessoires en m\u00e9tal d\u00e9coup\u00e9s au laser&#8230;<\/p>\n","category_list":"<a href=\"https:\/\/joyana.fr\/ja\/category\/deco-design\/mobilier\/assise\/\" rel=\"category tag\">Assise<\/a>, <a href=\"https:\/\/joyana.fr\/ja\/category\/deco-design\/\" rel=\"category tag\">DECO-DESIGN<\/a>, <a href=\"https:\/\/joyana.fr\/ja\/category\/fernando-humberto-campana\/\" rel=\"category tag\">Fernando &amp; Humberto CAMPANA<\/a>, <a href=\"https:\/\/joyana.fr\/ja\/category\/deco-design\/luminaire\/\" rel=\"category tag\">Luminaire<\/a>, <a href=\"https:\/\/joyana.fr\/ja\/category\/deco-design\/actualite\/salon\/milan-design-week\/\" rel=\"category tag\">Milan Design Week<\/a>, <a href=\"https:\/\/joyana.fr\/ja\/category\/deco-design\/mobilier\/\" rel=\"category tag\">Mobilier<\/a>","author_info":{"display_name":"Jo Yana","author_link":"https:\/\/joyana.fr\/ja\/author\/joyana\/"},"comments_num":"0 comments","featured_image_urls_v2":{"full":["https:\/\/i0.wp.com\/joyana.fr\/wp-content\/uploads\/2015\/04\/A-LOT-OF-CAMPANA-DSC07931.jpg?fit=1200%2C800&ssl=1",1200,800,false],"thumbnail":["https:\/\/i0.wp.com\/joyana.fr\/wp-content\/uploads\/2015\/04\/A-LOT-OF-CAMPANA-DSC07931.jpg?resize=150%2C150&ssl=1",150,150,true],"medium":["https:\/\/i0.wp.com\/joyana.fr\/wp-content\/uploads\/2015\/04\/A-LOT-OF-CAMPANA-DSC07931.jpg?fit=389%2C259&ssl=1",389,259,true],"medium_large":["https:\/\/i0.wp.com\/joyana.fr\/wp-content\/uploads\/2015\/04\/A-LOT-OF-CAMPANA-DSC07931.jpg?fit=768%2C512&ssl=1",768,512,true],"large":["https:\/\/i0.wp.com\/joyana.fr\/wp-content\/uploads\/2015\/04\/A-LOT-OF-CAMPANA-DSC07931.jpg?fit=1024%2C683&ssl=1",1024,683,true],"1536x1536":["https:\/\/i0.wp.com\/joyana.fr\/wp-content\/uploads\/2015\/04\/A-LOT-OF-CAMPANA-DSC07931.jpg?fit=1200%2C800&ssl=1",1200,800,true],"2048x2048":["https:\/\/i0.wp.com\/joyana.fr\/wp-content\/uploads\/2015\/04\/A-LOT-OF-CAMPANA-DSC07931.jpg?fit=1200%2C800&ssl=1",1200,800,true],"featured-thumb":["https:\/\/i0.wp.com\/joyana.fr\/wp-content\/uploads\/2015\/04\/A-LOT-OF-CAMPANA-DSC07931.jpg?resize=1200%2C750&ssl=1",1200,750,true],"ab-block-post-grid-landscape":["https:\/\/i0.wp.com\/joyana.fr\/wp-content\/uploads\/2015\/04\/A-LOT-OF-CAMPANA-DSC07931.jpg?resize=600%2C400&ssl=1",600,400,true],"ab-block-post-grid-square":["https:\/\/i0.wp.com\/joyana.fr\/wp-content\/uploads\/2015\/04\/A-LOT-OF-CAMPANA-DSC07931.jpg?resize=600%2C600&ssl=1",600,600,true],"author-pro-image":["https:\/\/i0.wp.com\/joyana.fr\/wp-content\/uploads\/2015\/04\/A-LOT-OF-CAMPANA-DSC07931.jpg?resize=360%2C570&ssl=1",360,570,true],"slider":["https:\/\/i0.wp.com\/joyana.fr\/wp-content\/uploads\/2015\/04\/A-LOT-OF-CAMPANA-DSC07931.jpg?resize=920%2C400&ssl=1",920,400,true],"woocommerce_thumbnail":["https:\/\/i0.wp.com\/joyana.fr\/wp-content\/uploads\/2015\/04\/A-LOT-OF-CAMPANA-DSC07931.jpg?resize=450%2C450&ssl=1",450,450,true],"woocommerce_single":["https:\/\/i0.wp.com\/joyana.fr\/wp-content\/uploads\/2015\/04\/A-LOT-OF-CAMPANA-DSC07931.jpg?fit=920%2C613&ssl=1",920,613,true],"woocommerce_gallery_thumbnail":["https:\/\/i0.wp.com\/joyana.fr\/wp-content\/uploads\/2015\/04\/A-LOT-OF-CAMPANA-DSC07931.jpg?resize=180%2C180&ssl=1",180,180,true],"sow-carousel-default":["https:\/\/i0.wp.com\/joyana.fr\/wp-content\/uploads\/2015\/04\/A-LOT-OF-CAMPANA-DSC07931.jpg?resize=272%2C182&ssl=1",272,182,true]},"post_excerpt_stackable_v2":"<p>L&#8217;ESTRELLA Collection &#8211; sign\u00e9e par A LOT OF + CAMPANA &#8211; a \u00e9t\u00e9 pr\u00e9sent\u00e9e il y a quelques jours lors de la Milan Design Week 2015. Mobilier, luminaires et accessoires en m\u00e9tal d\u00e9coup\u00e9s au laser&#8230;<\/p>\n","category_list_v2":"<a href=\"https:\/\/joyana.fr\/ja\/category\/deco-design\/mobilier\/assise\/\" rel=\"category tag\">Assise<\/a>, <a href=\"https:\/\/joyana.fr\/ja\/category\/deco-design\/\" rel=\"category tag\">DECO-DESIGN<\/a>, <a href=\"https:\/\/joyana.fr\/ja\/category\/fernando-humberto-campana\/\" rel=\"category tag\">Fernando &amp; Humberto CAMPANA<\/a>, <a href=\"https:\/\/joyana.fr\/ja\/category\/deco-design\/luminaire\/\" rel=\"category tag\">Luminaire<\/a>, <a href=\"https:\/\/joyana.fr\/ja\/category\/deco-design\/actualite\/salon\/milan-design-week\/\" rel=\"category tag\">Milan Design Week<\/a>, <a href=\"https:\/\/joyana.fr\/ja\/category\/deco-design\/mobilier\/\" rel=\"category tag\">Mobilier<\/a>","author_info_v2":{"name":"Jo Yana","url":"https:\/\/joyana.fr\/ja\/author\/joyana\/"},"comments_num_v2":"0 comments","yoast_head":"<!-- This site is optimized with the Yoast SEO plugin v26.8 - https:\/\/yoast.com\/product\/yoast-seo-wordpress\/ -->\n<title>#MDW15 - ESTRELLA Collection A LOT OF + CAMPANA | DECO-DESIGN<\/title>\n<meta name=\"description\" content=\"L&#039;ESTRELLA Collection - sign\u00e9e par A LOT OF + CAMPANA - a \u00e9t\u00e9 pr\u00e9sent\u00e9e il y a quelques jours lors de la Milan Design Week 2015. Mobilier, luminaires et accessoires en m\u00e9tal d\u00e9coup\u00e9s au laser...\" \/>\n<meta name=\"robots\" content=\"index, follow, max-snippet:-1, max-image-preview:large, max-video-preview:-1\" \/>\n<link rel=\"canonical\" href=\"https:\/\/www.joyana.fr\/ja\/mdw15-estrella-collection-a-lot-of-campana\/120701\/\" \/>\n<meta property=\"og:locale\" content=\"ja_JP\" \/>\n<meta property=\"og:locale:alternate\" content=\"fr_FR\" \/>\n<meta property=\"og:locale:alternate\" content=\"en_US\" \/>\n<meta property=\"og:type\" content=\"article\" \/>\n<meta property=\"og:title\" content=\"#MDW15 - ESTRELLA Collection A LOT OF + CAMPANA | DECO-DESIGN\" \/>\n<meta property=\"og:description\" content=\"L&#039;ESTRELLA Collection - sign\u00e9e par A LOT OF + CAMPANA - a \u00e9t\u00e9 pr\u00e9sent\u00e9e il y a quelques jours lors de la Milan Design Week 2015. Mobilier, luminaires et accessoires en m\u00e9tal d\u00e9coup\u00e9s au laser...\" \/>\n<meta property=\"og:url\" content=\"https:\/\/joyana.fr\/ja\/mdw15-estrella-collection-a-lot-of-campana\/120701\/\" \/>\n<meta property=\"og:site_name\" content=\"JO YANA\" \/>\n<meta property=\"article:published_time\" content=\"2015-04-23T16:30:18+00:00\" \/>\n<meta property=\"og:image\" content=\"https:\/\/www.joyana.fr\/wp-content\/uploads\/2015\/04\/A-LOT-OF-CAMPANA-DSC07931.jpg\" \/>\n\t<meta property=\"og:image:width\" content=\"1200\" \/>\n\t<meta property=\"og:image:height\" content=\"800\" \/>\n\t<meta property=\"og:image:type\" content=\"image\/jpeg\" \/>\n<meta name=\"author\" content=\"Jo Yana\" \/>\n<meta name=\"twitter:card\" content=\"summary_large_image\" \/>\n<meta name=\"twitter:creator\" content=\"@Jo_Yana\" \/>\n<meta name=\"twitter:site\" content=\"@Jo_Yana\" \/>\n<meta name=\"twitter:label1\" content=\"\u57f7\u7b46\u8005\" \/>\n\t<meta name=\"twitter:data1\" content=\"Jo Yana\" \/>\n\t<meta name=\"twitter:label2\" content=\"\u63a8\u5b9a\u8aad\u307f\u53d6\u308a\u6642\u9593\" \/>\n\t<meta name=\"twitter:data2\" content=\"1\u5206\" \/>\n<script type=\"application\/ld+json\" class=\"yoast-schema-graph\">{\"@context\":\"https:\/\/schema.org\",\"@graph\":[{\"@type\":\"Article\",\"@id\":\"https:\/\/www.joyana.fr\/ja\/mdw15-estrella-collection-a-lot-of-campana\/120701\/#article\",\"isPartOf\":{\"@id\":\"https:\/\/www.joyana.fr\/ja\/mdw15-estrella-collection-a-lot-of-campana\/120701\/\"},\"author\":{\"name\":\"Jo Yana\",\"@id\":\"https:\/\/www.joyana.fr\/ja\/#\/schema\/person\/cf2a1ad12a27c12c21801075bf37407c\"},\"headline\":\"#MDW15 &#8211; ESTRELLA Collection A LOT OF + CAMPANA\",\"datePublished\":\"2015-04-23T16:30:18+00:00\",\"mainEntityOfPage\":{\"@id\":\"https:\/\/www.joyana.fr\/ja\/mdw15-estrella-collection-a-lot-of-campana\/120701\/\"},\"wordCount\":171,\"commentCount\":0,\"publisher\":{\"@id\":\"https:\/\/www.joyana.fr\/ja\/#\/schema\/person\/cf2a1ad12a27c12c21801075bf37407c\"},\"image\":{\"@id\":\"https:\/\/www.joyana.fr\/ja\/mdw15-estrella-collection-a-lot-of-campana\/120701\/#primaryimage\"},\"thumbnailUrl\":\"https:\/\/i0.wp.com\/joyana.fr\/wp-content\/uploads\/2015\/04\/A-LOT-OF-CAMPANA-DSC07931.jpg?fit=1200%2C800&ssl=1\",\"keywords\":[\"#MDW15\",\"A Lot of Brasil\",\"Campana\",\"Milan Design Week 2015\"],\"articleSection\":[\"Assise\",\"DECO-DESIGN\",\"Fernando &amp; Humberto CAMPANA\",\"Luminaire\",\"Milan Design Week\",\"Mobilier\"],\"inLanguage\":\"ja\",\"potentialAction\":[{\"@type\":\"CommentAction\",\"name\":\"Comment\",\"target\":[\"https:\/\/www.joyana.fr\/ja\/mdw15-estrella-collection-a-lot-of-campana\/120701\/#respond\"]}]},{\"@type\":\"WebPage\",\"@id\":\"https:\/\/www.joyana.fr\/ja\/mdw15-estrella-collection-a-lot-of-campana\/120701\/\",\"url\":\"https:\/\/www.joyana.fr\/ja\/mdw15-estrella-collection-a-lot-of-campana\/120701\/\",\"name\":\"#MDW15 - ESTRELLA Collection A LOT OF + CAMPANA | DECO-DESIGN\",\"isPartOf\":{\"@id\":\"https:\/\/www.joyana.fr\/ja\/#website\"},\"primaryImageOfPage\":{\"@id\":\"https:\/\/www.joyana.fr\/ja\/mdw15-estrella-collection-a-lot-of-campana\/120701\/#primaryimage\"},\"image\":{\"@id\":\"https:\/\/www.joyana.fr\/ja\/mdw15-estrella-collection-a-lot-of-campana\/120701\/#primaryimage\"},\"thumbnailUrl\":\"https:\/\/i0.wp.com\/joyana.fr\/wp-content\/uploads\/2015\/04\/A-LOT-OF-CAMPANA-DSC07931.jpg?fit=1200%2C800&ssl=1\",\"datePublished\":\"2015-04-23T16:30:18+00:00\",\"description\":\"L'ESTRELLA Collection - sign\u00e9e par A LOT OF + CAMPANA - a \u00e9t\u00e9 pr\u00e9sent\u00e9e il y a quelques jours lors de la Milan Design Week 2015. Mobilier, luminaires et accessoires en m\u00e9tal d\u00e9coup\u00e9s au laser...\",\"breadcrumb\":{\"@id\":\"https:\/\/www.joyana.fr\/ja\/mdw15-estrella-collection-a-lot-of-campana\/120701\/#breadcrumb\"},\"inLanguage\":\"ja\",\"potentialAction\":[{\"@type\":\"ReadAction\",\"target\":[\"https:\/\/www.joyana.fr\/ja\/mdw15-estrella-collection-a-lot-of-campana\/120701\/\"]}]},{\"@type\":\"ImageObject\",\"inLanguage\":\"ja\",\"@id\":\"https:\/\/www.joyana.fr\/ja\/mdw15-estrella-collection-a-lot-of-campana\/120701\/#primaryimage\",\"url\":\"https:\/\/i0.wp.com\/joyana.fr\/wp-content\/uploads\/2015\/04\/A-LOT-OF-CAMPANA-DSC07931.jpg?fit=1200%2C800&ssl=1\",\"contentUrl\":\"https:\/\/i0.wp.com\/joyana.fr\/wp-content\/uploads\/2015\/04\/A-LOT-OF-CAMPANA-DSC07931.jpg?fit=1200%2C800&ssl=1\",\"width\":1200,\"height\":800},{\"@type\":\"BreadcrumbList\",\"@id\":\"https:\/\/www.joyana.fr\/ja\/mdw15-estrella-collection-a-lot-of-campana\/120701\/#breadcrumb\",\"itemListElement\":[{\"@type\":\"ListItem\",\"position\":1,\"name\":\"Accueil\",\"item\":\"https:\/\/www.joyana.fr\/ja\/\"},{\"@type\":\"ListItem\",\"position\":2,\"name\":\"#MDW15 &#8211; ESTRELLA Collection A LOT OF + CAMPANA\"}]},{\"@type\":\"WebSite\",\"@id\":\"https:\/\/www.joyana.fr\/ja\/#website\",\"url\":\"https:\/\/www.joyana.fr\/ja\/\",\"name\":\"JO YANA\",\"description\":\"Blog Mode Homme, Lifestyle, D\u00e9co-Design\",\"publisher\":{\"@id\":\"https:\/\/www.joyana.fr\/ja\/#\/schema\/person\/cf2a1ad12a27c12c21801075bf37407c\"},\"potentialAction\":[{\"@type\":\"SearchAction\",\"target\":{\"@type\":\"EntryPoint\",\"urlTemplate\":\"https:\/\/www.joyana.fr\/ja\/?s={search_term_string}\"},\"query-input\":{\"@type\":\"PropertyValueSpecification\",\"valueRequired\":true,\"valueName\":\"search_term_string\"}}],\"inLanguage\":\"ja\"},{\"@type\":[\"Person\",\"Organization\"],\"@id\":\"https:\/\/www.joyana.fr\/ja\/#\/schema\/person\/cf2a1ad12a27c12c21801075bf37407c\",\"name\":\"Jo Yana\",\"image\":{\"@type\":\"ImageObject\",\"inLanguage\":\"ja\",\"@id\":\"https:\/\/www.joyana.fr\/ja\/#\/schema\/person\/image\/\",\"url\":\"https:\/\/i0.wp.com\/joyana.fr\/wp-content\/uploads\/2016\/08\/cropped-joyana-logo-black-360x180.png?fit=343%2C164&ssl=1\",\"contentUrl\":\"https:\/\/i0.wp.com\/joyana.fr\/wp-content\/uploads\/2016\/08\/cropped-joyana-logo-black-360x180.png?fit=343%2C164&ssl=1\",\"width\":343,\"height\":164,\"caption\":\"Jo Yana\"},\"logo\":{\"@id\":\"https:\/\/www.joyana.fr\/ja\/#\/schema\/person\/image\/\"},\"description\":\"Jo Yana est le cr\u00e9ateur et r\u00e9dacteur en chef des sites DECO-DESIGN. Passionn\u00e9 de Design, Mode, Photo, Luxe, Lifestyle, Musique, mais avant tout Blogueur ! Le plaisir de partager l'anime et a comme devise \\\"POUR L'AMOUR DU BEAU\\\". Retrouvez le aussi sur son blog personnel - https:\/\/joyana.fr...\",\"sameAs\":[\"https:\/\/joyana.fr\/\"],\"url\":\"https:\/\/joyana.fr\/ja\/author\/joyana\/\"}]}<\/script>\n<!-- \/ Yoast SEO plugin. -->","yoast_head_json":{"title":"#MDW15 - ESTRELLA Collection A LOT OF + CAMPANA | DECO-DESIGN","description":"L'ESTRELLA Collection - sign\u00e9e par A LOT OF + CAMPANA - a \u00e9t\u00e9 pr\u00e9sent\u00e9e il y a quelques jours lors de la Milan Design Week 2015. Mobilier, luminaires et accessoires en m\u00e9tal d\u00e9coup\u00e9s au laser...","robots":{"index":"index","follow":"follow","max-snippet":"max-snippet:-1","max-image-preview":"max-image-preview:large","max-video-preview":"max-video-preview:-1"},"canonical":"https:\/\/www.joyana.fr\/ja\/mdw15-estrella-collection-a-lot-of-campana\/120701\/","og_locale":"ja_JP","og_type":"article","og_title":"#MDW15 - ESTRELLA Collection A LOT OF + CAMPANA | DECO-DESIGN","og_description":"L'ESTRELLA Collection - sign\u00e9e par A LOT OF + CAMPANA - a \u00e9t\u00e9 pr\u00e9sent\u00e9e il y a quelques jours lors de la Milan Design Week 2015. Mobilier, luminaires et accessoires en m\u00e9tal d\u00e9coup\u00e9s au laser...","og_url":"https:\/\/joyana.fr\/ja\/mdw15-estrella-collection-a-lot-of-campana\/120701\/","og_site_name":"JO YANA","article_published_time":"2015-04-23T16:30:18+00:00","og_image":[{"width":1200,"height":800,"url":"https:\/\/www.joyana.fr\/wp-content\/uploads\/2015\/04\/A-LOT-OF-CAMPANA-DSC07931.jpg","type":"image\/jpeg"}],"author":"Jo Yana","twitter_card":"summary_large_image","twitter_creator":"@Jo_Yana","twitter_site":"@Jo_Yana","twitter_misc":{"\u57f7\u7b46\u8005":"Jo Yana","\u63a8\u5b9a\u8aad\u307f\u53d6\u308a\u6642\u9593":"1\u5206"},"schema":{"@context":"https:\/\/schema.org","@graph":[{"@type":"Article","@id":"https:\/\/www.joyana.fr\/ja\/mdw15-estrella-collection-a-lot-of-campana\/120701\/#article","isPartOf":{"@id":"https:\/\/www.joyana.fr\/ja\/mdw15-estrella-collection-a-lot-of-campana\/120701\/"},"author":{"name":"Jo Yana","@id":"https:\/\/www.joyana.fr\/ja\/#\/schema\/person\/cf2a1ad12a27c12c21801075bf37407c"},"headline":"#MDW15 &#8211; ESTRELLA Collection A LOT OF + CAMPANA","datePublished":"2015-04-23T16:30:18+00:00","mainEntityOfPage":{"@id":"https:\/\/www.joyana.fr\/ja\/mdw15-estrella-collection-a-lot-of-campana\/120701\/"},"wordCount":171,"commentCount":0,"publisher":{"@id":"https:\/\/www.joyana.fr\/ja\/#\/schema\/person\/cf2a1ad12a27c12c21801075bf37407c"},"image":{"@id":"https:\/\/www.joyana.fr\/ja\/mdw15-estrella-collection-a-lot-of-campana\/120701\/#primaryimage"},"thumbnailUrl":"https:\/\/i0.wp.com\/joyana.fr\/wp-content\/uploads\/2015\/04\/A-LOT-OF-CAMPANA-DSC07931.jpg?fit=1200%2C800&ssl=1","keywords":["#MDW15","A Lot of Brasil","Campana","Milan Design Week 2015"],"articleSection":["Assise","DECO-DESIGN","Fernando &amp; Humberto CAMPANA","Luminaire","Milan Design Week","Mobilier"],"inLanguage":"ja","potentialAction":[{"@type":"CommentAction","name":"Comment","target":["https:\/\/www.joyana.fr\/ja\/mdw15-estrella-collection-a-lot-of-campana\/120701\/#respond"]}]},{"@type":"WebPage","@id":"https:\/\/www.joyana.fr\/ja\/mdw15-estrella-collection-a-lot-of-campana\/120701\/","url":"https:\/\/www.joyana.fr\/ja\/mdw15-estrella-collection-a-lot-of-campana\/120701\/","name":"#MDW15 - ESTRELLA Collection A LOT OF + CAMPANA | DECO-DESIGN","isPartOf":{"@id":"https:\/\/www.joyana.fr\/ja\/#website"},"primaryImageOfPage":{"@id":"https:\/\/www.joyana.fr\/ja\/mdw15-estrella-collection-a-lot-of-campana\/120701\/#primaryimage"},"image":{"@id":"https:\/\/www.joyana.fr\/ja\/mdw15-estrella-collection-a-lot-of-campana\/120701\/#primaryimage"},"thumbnailUrl":"https:\/\/i0.wp.com\/joyana.fr\/wp-content\/uploads\/2015\/04\/A-LOT-OF-CAMPANA-DSC07931.jpg?fit=1200%2C800&ssl=1","datePublished":"2015-04-23T16:30:18+00:00","description":"L'ESTRELLA Collection - sign\u00e9e par A LOT OF + CAMPANA - a \u00e9t\u00e9 pr\u00e9sent\u00e9e il y a quelques jours lors de la Milan Design Week 2015. Mobilier, luminaires et accessoires en m\u00e9tal d\u00e9coup\u00e9s au laser...","breadcrumb":{"@id":"https:\/\/www.joyana.fr\/ja\/mdw15-estrella-collection-a-lot-of-campana\/120701\/#breadcrumb"},"inLanguage":"ja","potentialAction":[{"@type":"ReadAction","target":["https:\/\/www.joyana.fr\/ja\/mdw15-estrella-collection-a-lot-of-campana\/120701\/"]}]},{"@type":"ImageObject","inLanguage":"ja","@id":"https:\/\/www.joyana.fr\/ja\/mdw15-estrella-collection-a-lot-of-campana\/120701\/#primaryimage","url":"https:\/\/i0.wp.com\/joyana.fr\/wp-content\/uploads\/2015\/04\/A-LOT-OF-CAMPANA-DSC07931.jpg?fit=1200%2C800&ssl=1","contentUrl":"https:\/\/i0.wp.com\/joyana.fr\/wp-content\/uploads\/2015\/04\/A-LOT-OF-CAMPANA-DSC07931.jpg?fit=1200%2C800&ssl=1","width":1200,"height":800},{"@type":"BreadcrumbList","@id":"https:\/\/www.joyana.fr\/ja\/mdw15-estrella-collection-a-lot-of-campana\/120701\/#breadcrumb","itemListElement":[{"@type":"ListItem","position":1,"name":"Accueil","item":"https:\/\/www.joyana.fr\/ja\/"},{"@type":"ListItem","position":2,"name":"#MDW15 &#8211; ESTRELLA Collection A LOT OF + CAMPANA"}]},{"@type":"WebSite","@id":"https:\/\/www.joyana.fr\/ja\/#website","url":"https:\/\/www.joyana.fr\/ja\/","name":"JO YANA","description":"Blog Mode Homme, Lifestyle, D\u00e9co-Design","publisher":{"@id":"https:\/\/www.joyana.fr\/ja\/#\/schema\/person\/cf2a1ad12a27c12c21801075bf37407c"},"potentialAction":[{"@type":"SearchAction","target":{"@type":"EntryPoint","urlTemplate":"https:\/\/www.joyana.fr\/ja\/?s={search_term_string}"},"query-input":{"@type":"PropertyValueSpecification","valueRequired":true,"valueName":"search_term_string"}}],"inLanguage":"ja"},{"@type":["Person","Organization"],"@id":"https:\/\/www.joyana.fr\/ja\/#\/schema\/person\/cf2a1ad12a27c12c21801075bf37407c","name":"Jo Yana","image":{"@type":"ImageObject","inLanguage":"ja","@id":"https:\/\/www.joyana.fr\/ja\/#\/schema\/person\/image\/","url":"https:\/\/i0.wp.com\/joyana.fr\/wp-content\/uploads\/2016\/08\/cropped-joyana-logo-black-360x180.png?fit=343%2C164&ssl=1","contentUrl":"https:\/\/i0.wp.com\/joyana.fr\/wp-content\/uploads\/2016\/08\/cropped-joyana-logo-black-360x180.png?fit=343%2C164&ssl=1","width":343,"height":164,"caption":"Jo Yana"},"logo":{"@id":"https:\/\/www.joyana.fr\/ja\/#\/schema\/person\/image\/"},"description":"Jo Yana est le cr\u00e9ateur et r\u00e9dacteur en chef des sites DECO-DESIGN. Passionn\u00e9 de Design, Mode, Photo, Luxe, Lifestyle, Musique, mais avant tout Blogueur ! Le plaisir de partager l'anime et a comme devise \"POUR L'AMOUR DU BEAU\". Retrouvez le aussi sur son blog personnel - https:\/\/joyana.fr...","sameAs":["https:\/\/joyana.fr\/"],"url":"https:\/\/joyana.fr\/ja\/author\/joyana\/"}]}},"author_meta":{"display_name":"Jo Yana","author_link":"https:\/\/joyana.fr\/ja\/author\/joyana\/"},"featured_img":"https:\/\/i0.wp.com\/joyana.fr\/wp-content\/uploads\/2015\/04\/A-LOT-OF-CAMPANA-DSC07931.jpg?fit=389%2C259&ssl=1","featured_image_src":"https:\/\/i0.wp.com\/joyana.fr\/wp-content\/uploads\/2015\/04\/A-LOT-OF-CAMPANA-DSC07931.jpg?resize=600%2C400&ssl=1","featured_image_src_square":"https:\/\/i0.wp.com\/joyana.fr\/wp-content\/uploads\/2015\/04\/A-LOT-OF-CAMPANA-DSC07931.jpg?resize=600%2C600&ssl=1","jetpack_featured_media_url":"https:\/\/i0.wp.com\/joyana.fr\/wp-content\/uploads\/2015\/04\/A-LOT-OF-CAMPANA-DSC07931.jpg?fit=1200%2C800&ssl=1","uagb_featured_image_src":{"full":["https:\/\/i0.wp.com\/joyana.fr\/wp-content\/uploads\/2015\/04\/A-LOT-OF-CAMPANA-DSC07931.jpg?fit=1200%2C800&ssl=1",1200,800,false],"thumbnail":["https:\/\/i0.wp.com\/joyana.fr\/wp-content\/uploads\/2015\/04\/A-LOT-OF-CAMPANA-DSC07931.jpg?resize=150%2C150&ssl=1",150,150,true],"medium":["https:\/\/i0.wp.com\/joyana.fr\/wp-content\/uploads\/2015\/04\/A-LOT-OF-CAMPANA-DSC07931.jpg?fit=389%2C259&ssl=1",389,259,true],"medium_large":["https:\/\/i0.wp.com\/joyana.fr\/wp-content\/uploads\/2015\/04\/A-LOT-OF-CAMPANA-DSC07931.jpg?fit=768%2C512&ssl=1",768,512,true],"large":["https:\/\/i0.wp.com\/joyana.fr\/wp-content\/uploads\/2015\/04\/A-LOT-OF-CAMPANA-DSC07931.jpg?fit=1024%2C683&ssl=1",1024,683,true],"1536x1536":["https:\/\/i0.wp.com\/joyana.fr\/wp-content\/uploads\/2015\/04\/A-LOT-OF-CAMPANA-DSC07931.jpg?fit=1200%2C800&ssl=1",1200,800,true],"2048x2048":["https:\/\/i0.wp.com\/joyana.fr\/wp-content\/uploads\/2015\/04\/A-LOT-OF-CAMPANA-DSC07931.jpg?fit=1200%2C800&ssl=1",1200,800,true],"featured-thumb":["https:\/\/i0.wp.com\/joyana.fr\/wp-content\/uploads\/2015\/04\/A-LOT-OF-CAMPANA-DSC07931.jpg?resize=1200%2C750&ssl=1",1200,750,true],"ab-block-post-grid-landscape":["https:\/\/i0.wp.com\/joyana.fr\/wp-content\/uploads\/2015\/04\/A-LOT-OF-CAMPANA-DSC07931.jpg?resize=600%2C400&ssl=1",600,400,true],"ab-block-post-grid-square":["https:\/\/i0.wp.com\/joyana.fr\/wp-content\/uploads\/2015\/04\/A-LOT-OF-CAMPANA-DSC07931.jpg?resize=600%2C600&ssl=1",600,600,true],"author-pro-image":["https:\/\/i0.wp.com\/joyana.fr\/wp-content\/uploads\/2015\/04\/A-LOT-OF-CAMPANA-DSC07931.jpg?resize=360%2C570&ssl=1",360,570,true],"slider":["https:\/\/i0.wp.com\/joyana.fr\/wp-content\/uploads\/2015\/04\/A-LOT-OF-CAMPANA-DSC07931.jpg?resize=920%2C400&ssl=1",920,400,true],"woocommerce_thumbnail":["https:\/\/i0.wp.com\/joyana.fr\/wp-content\/uploads\/2015\/04\/A-LOT-OF-CAMPANA-DSC07931.jpg?resize=450%2C450&ssl=1",450,450,true],"woocommerce_single":["https:\/\/i0.wp.com\/joyana.fr\/wp-content\/uploads\/2015\/04\/A-LOT-OF-CAMPANA-DSC07931.jpg?fit=920%2C613&ssl=1",920,613,true],"woocommerce_gallery_thumbnail":["https:\/\/i0.wp.com\/joyana.fr\/wp-content\/uploads\/2015\/04\/A-LOT-OF-CAMPANA-DSC07931.jpg?resize=180%2C180&ssl=1",180,180,true],"sow-carousel-default":["https:\/\/i0.wp.com\/joyana.fr\/wp-content\/uploads\/2015\/04\/A-LOT-OF-CAMPANA-DSC07931.jpg?resize=272%2C182&ssl=1",272,182,true]},"uagb_author_info":{"display_name":"Jo Yana","author_link":"https:\/\/joyana.fr\/ja\/author\/joyana\/"},"uagb_comment_info":2,"uagb_excerpt":"L'ESTRELLA Collection - sign\u00e9e par A LOT OF + CAMPANA -&hellip;","coauthors":[],"tax_additional":{"categories":{"linked":["<a href=\"https:\/\/joyana.fr\/ja\/category\/deco-design\/mobilier\/assise\/\" class=\"advgb-post-tax-term\">Assise<\/a>","<a href=\"https:\/\/joyana.fr\/ja\/category\/deco-design\/\" class=\"advgb-post-tax-term\">DECO-DESIGN<\/a>","<a href=\"https:\/\/joyana.fr\/ja\/category\/fernando-humberto-campana\/\" class=\"advgb-post-tax-term\">Fernando &amp; Humberto CAMPANA<\/a>","<a href=\"https:\/\/joyana.fr\/ja\/category\/deco-design\/luminaire\/\" class=\"advgb-post-tax-term\">Luminaire<\/a>","<a href=\"https:\/\/joyana.fr\/ja\/category\/deco-design\/actualite\/salon\/milan-design-week\/\" class=\"advgb-post-tax-term\">Milan Design Week<\/a>","<a href=\"https:\/\/joyana.fr\/ja\/category\/deco-design\/mobilier\/\" class=\"advgb-post-tax-term\">Mobilier<\/a>"],"unlinked":["<span class=\"advgb-post-tax-term\">Assise<\/span>","<span class=\"advgb-post-tax-term\">DECO-DESIGN<\/span>","<span class=\"advgb-post-tax-term\">Fernando &amp; Humberto CAMPANA<\/span>","<span class=\"advgb-post-tax-term\">Luminaire<\/span>","<span class=\"advgb-post-tax-term\">Milan Design Week<\/span>","<span class=\"advgb-post-tax-term\">Mobilier<\/span>"]},"tags":{"linked":["<a href=\"https:\/\/joyana.fr\/ja\/category\/deco-design\/mobilier\/\" class=\"advgb-post-tax-term\">#MDW15<\/a>","<a href=\"https:\/\/joyana.fr\/ja\/category\/deco-design\/mobilier\/\" class=\"advgb-post-tax-term\">A Lot of Brasil<\/a>","<a href=\"https:\/\/joyana.fr\/ja\/category\/deco-design\/mobilier\/\" class=\"advgb-post-tax-term\">Campana<\/a>","<a href=\"https:\/\/joyana.fr\/ja\/category\/deco-design\/mobilier\/\" class=\"advgb-post-tax-term\">Milan Design Week 2015<\/a>"],"unlinked":["<span class=\"advgb-post-tax-term\">#MDW15<\/span>","<span class=\"advgb-post-tax-term\">A Lot of Brasil<\/span>","<span class=\"advgb-post-tax-term\">Campana<\/span>","<span class=\"advgb-post-tax-term\">Milan Design Week 2015<\/span>"]}},"comment_count":0,"relative_dates":{"created":"Posted 11\u5e74 ago","modified":"Updated 11\u5e74 ago"},"absolute_dates":{"created":"Posted on 23 4\u6708 2015","modified":"Updated on 23 4\u6708 2015"},"absolute_dates_time":{"created":"Posted on 23 4\u6708 2015 17:30","modified":"Updated on 23 4\u6708 2015 17:30"},"featured_img_caption":"","series_order":"","jetpack_sharing_enabled":true,"jetpack_shortlink":"https:\/\/wp.me\/p9bteI-voN","jetpack-related-posts":[],"_links":{"self":[{"href":"https:\/\/joyana.fr\/ja\/wp-json\/wp\/v2\/posts\/120701","targetHints":{"allow":["GET"]}}],"collection":[{"href":"https:\/\/joyana.fr\/ja\/wp-json\/wp\/v2\/posts"}],"about":[{"href":"https:\/\/joyana.fr\/ja\/wp-json\/wp\/v2\/types\/post"}],"author":[{"embeddable":true,"href":"https:\/\/joyana.fr\/ja\/wp-json\/wp\/v2\/users\/3"}],"replies":[{"embeddable":true,"href":"https:\/\/joyana.fr\/ja\/wp-json\/wp\/v2\/comments?post=120701"}],"version-history":[{"count":0,"href":"https:\/\/joyana.fr\/ja\/wp-json\/wp\/v2\/posts\/120701\/revisions"}],"wp:featuredmedia":[{"embeddable":true,"href":"https:\/\/joyana.fr\/ja\/wp-json\/wp\/v2\/media\/120703"}],"wp:attachment":[{"href":"https:\/\/joyana.fr\/ja\/wp-json\/wp\/v2\/media?parent=120701"}],"wp:term":[{"taxonomy":"category","embeddable":true,"href":"https:\/\/joyana.fr\/ja\/wp-json\/wp\/v2\/categories?post=120701"},{"taxonomy":"post_tag","embeddable":true,"href":"https:\/\/joyana.fr\/ja\/wp-json\/wp\/v2\/tags?post=120701"}],"curies":[{"name":"wp","href":"https:\/\/api.w.org\/{rel}","templated":true}]}}