{"id":120772,"date":"2015-05-04T06:36:38","date_gmt":"2015-05-04T05:36:38","guid":{"rendered":"https:\/\/joyana.fr\/?p=20772"},"modified":"2015-05-04T06:36:38","modified_gmt":"2015-05-04T05:36:38","slug":"lustre-led-p28-archilume-saleem-khattak-icff-2015","status":"publish","type":"post","link":"https:\/\/joyana.fr\/ja\/lustre-led-p28-archilume-saleem-khattak-icff-2015\/120772\/","title":{"rendered":"Lustre LED P28 par Archilume x Saleem KHATTAK"},"content":{"rendered":"<p style=\"text-align: justify;\">La compagnie Canadienne <strong>Archilume<\/strong> d\u00e9voilera son nouveau <strong>lustre LED<\/strong> &#8211; intitul\u00e9 <strong>P28<\/strong>, et imagin\u00e9 par <strong>Saleem Khattak<\/strong> &#8211; \u00e0 l&#8217;<strong>ICFF<\/strong> de New York&#8230;<\/p>\n<p><a href=\"https:\/\/i0.wp.com\/joyana.fr\/wp-content\/uploads\/2015\/05\/19559-preview_low_1615-1_19559_sc_v2com.jpg?ssl=1\"><img data-recalc-dims=\"1\" fetchpriority=\"high\" decoding=\"async\" class=\"alignnone size-full wp-image-20773\" src=\"https:\/\/i0.wp.com\/joyana.fr\/wp-content\/uploads\/2015\/05\/19559-preview_low_1615-1_19559_sc_v2com.jpg?resize=1000%2C808&#038;ssl=1\" alt=\"19559-preview_low_1615-1_19559_sc_v2com\" width=\"1000\" height=\"808\" \/><\/a><\/p>\n<p style=\"text-align: justify;\">Le concepteur d&#8217;\u00e9clairage canadien <strong>Saleem Khattak<\/strong>, propri\u00e9taire d&#8217;<strong>Archilume<\/strong>, d\u00e9voile une nouvelle configuration de lustres LED \u00e9conomes en \u00e9nergie appel\u00e9 \u00ab <strong>P28<\/strong> \u00bb au 27e ICFF de New York. Ce nouveau lustre \u00ab <strong>P28<\/strong> \u00bb, entre bijoux et luminaire, offre une option de configuration unique \u00e0 grande \u00e9chelle, la composition du lustre est enti\u00e8rement personnalisable de sorte que chaque installation est unique !<\/p>\n<p><a href=\"https:\/\/i0.wp.com\/joyana.fr\/wp-content\/uploads\/2015\/05\/19566-preview_low_1615-1_19566_sc_v2com.jpg?ssl=1\"><img data-recalc-dims=\"1\" decoding=\"async\" class=\"alignnone size-full wp-image-20779\" src=\"https:\/\/i0.wp.com\/joyana.fr\/wp-content\/uploads\/2015\/05\/19566-preview_low_1615-1_19566_sc_v2com.jpg?resize=1000%2C1432&#038;ssl=1\" alt=\"19566-preview_low_1615-1_19566_sc_v2com\" width=\"1000\" height=\"1432\" \/><\/a><\/p>\n<p><a href=\"https:\/\/i0.wp.com\/joyana.fr\/wp-content\/uploads\/2015\/05\/19567-preview_low_1615-1_19567_sc_v2com.jpg?ssl=1\"><img data-recalc-dims=\"1\" decoding=\"async\" class=\"alignnone size-full wp-image-20780\" src=\"https:\/\/i0.wp.com\/joyana.fr\/wp-content\/uploads\/2015\/05\/19567-preview_low_1615-1_19567_sc_v2com.jpg?resize=1000%2C1500&#038;ssl=1\" alt=\"19567-preview_low_1615-1_19567_sc_v2com\" width=\"1000\" height=\"1500\" \/><\/a><\/p>\n<p>Dans la galerie d&#8217;autres r\u00e9alisations LED d&#8217;Archilume :<\/p>\n\n<p><a href=\"https:\/\/i0.wp.com\/joyana.fr\/wp-content\/uploads\/2015\/05\/19568-preview_low_1615-1_19568_sc_v2com.jpg?ssl=1\"><img data-recalc-dims=\"1\" loading=\"lazy\" decoding=\"async\" class=\"alignnone size-full wp-image-20781\" src=\"https:\/\/i0.wp.com\/joyana.fr\/wp-content\/uploads\/2015\/05\/19568-preview_low_1615-1_19568_sc_v2com.jpg?resize=1000%2C1086&#038;ssl=1\" alt=\"19568-preview_low_1615-1_19568_sc_v2com\" width=\"1000\" height=\"1086\" \/><\/a><\/p>\n<p style=\"text-align: center;\">En savoir + sur <strong><a href=\"http:\/\/www.archilume.com\" target=\"_blank\">ARCHILUME<\/a><\/strong><\/p>\n<p style=\"text-align: center;\">\n","protected":false},"excerpt":{"rendered":"<p>La compagnie Canadienne Archilume d\u00e9voilera son nouveau lustre LED &#8211; intitul\u00e9 P28, et imagin\u00e9 par Saleem Khattak &#8211; \u00e0 l&#8217;ICFF de New York&#8230;<\/p>\n","protected":false},"author":3,"featured_media":120774,"comment_status":"open","ping_status":"open","sticky":false,"template":"","format":"aside","meta":{"_coblocks_attr":"","_coblocks_dimensions":"","_coblocks_responsive_height":"","_coblocks_accordion_ie_support":"","_uag_custom_page_level_css":"","advgb_blocks_editor_width":"","advgb_blocks_columns_visual_guide":"","_genesis_hide_title":false,"_genesis_hide_breadcrumbs":false,"_genesis_hide_singular_image":false,"_genesis_hide_footer_widgets":false,"_genesis_custom_body_class":"","_genesis_custom_post_class":"","_genesis_layout":"","_themeisle_gutenberg_block_has_review":false,"_jetpack_newsletter_access":"","_jetpack_dont_email_post_to_subs":false,"_jetpack_newsletter_tier_id":0,"_jetpack_memberships_contains_paywalled_content":false,"_jetpack_memberships_contains_paid_content":false,"footnotes":""},"categories":[905,2052,917,1023],"tags":[2056,2053,2054,952,1347,2057],"class_list":{"0":"post-120772","1":"post","2":"type-post","3":"status-publish","4":"format-aside","5":"has-post-thumbnail","7":"category-deco-design","8":"category-icff","9":"category-luminaire","10":"category-suspension","11":"tag-archilume","12":"tag-icff","13":"tag-icff-2015","14":"tag-led","15":"tag-lustre-design","16":"tag-lustre-led","17":"post_format-post-format-aside","18":"entry"},"featured_image_urls":{"full":["https:\/\/i0.wp.com\/joyana.fr\/wp-content\/uploads\/2015\/05\/19560-preview_low_1615-1_19560_sc_v2com.jpg?fit=1000%2C1506&ssl=1",1000,1506,false],"thumbnail":["https:\/\/i0.wp.com\/joyana.fr\/wp-content\/uploads\/2015\/05\/19560-preview_low_1615-1_19560_sc_v2com.jpg?resize=150%2C150&ssl=1",150,150,true],"medium":["https:\/\/i0.wp.com\/joyana.fr\/wp-content\/uploads\/2015\/05\/19560-preview_low_1615-1_19560_sc_v2com.jpg?fit=258%2C389&ssl=1",258,389,true],"medium_large":["https:\/\/i0.wp.com\/joyana.fr\/wp-content\/uploads\/2015\/05\/19560-preview_low_1615-1_19560_sc_v2com.jpg?fit=768%2C1157&ssl=1",768,1157,true],"large":["https:\/\/i0.wp.com\/joyana.fr\/wp-content\/uploads\/2015\/05\/19560-preview_low_1615-1_19560_sc_v2com.jpg?fit=680%2C1024&ssl=1",680,1024,true],"1536x1536":["https:\/\/i0.wp.com\/joyana.fr\/wp-content\/uploads\/2015\/05\/19560-preview_low_1615-1_19560_sc_v2com.jpg?fit=1000%2C1506&ssl=1",1000,1506,true],"2048x2048":["https:\/\/i0.wp.com\/joyana.fr\/wp-content\/uploads\/2015\/05\/19560-preview_low_1615-1_19560_sc_v2com.jpg?fit=1000%2C1506&ssl=1",1000,1506,true],"featured-thumb":["https:\/\/i0.wp.com\/joyana.fr\/wp-content\/uploads\/2015\/05\/19560-preview_low_1615-1_19560_sc_v2com.jpg?resize=1000%2C750&ssl=1",1000,750,true],"ab-block-post-grid-landscape":["https:\/\/i0.wp.com\/joyana.fr\/wp-content\/uploads\/2015\/05\/19560-preview_low_1615-1_19560_sc_v2com.jpg?resize=600%2C400&ssl=1",600,400,true],"ab-block-post-grid-square":["https:\/\/i0.wp.com\/joyana.fr\/wp-content\/uploads\/2015\/05\/19560-preview_low_1615-1_19560_sc_v2com.jpg?resize=600%2C600&ssl=1",600,600,true],"author-pro-image":["https:\/\/i0.wp.com\/joyana.fr\/wp-content\/uploads\/2015\/05\/19560-preview_low_1615-1_19560_sc_v2com.jpg?resize=360%2C570&ssl=1",360,570,true],"slider":["https:\/\/i0.wp.com\/joyana.fr\/wp-content\/uploads\/2015\/05\/19560-preview_low_1615-1_19560_sc_v2com.jpg?resize=920%2C400&ssl=1",920,400,true],"woocommerce_thumbnail":["https:\/\/i0.wp.com\/joyana.fr\/wp-content\/uploads\/2015\/05\/19560-preview_low_1615-1_19560_sc_v2com.jpg?resize=450%2C450&ssl=1",450,450,true],"woocommerce_single":["https:\/\/i0.wp.com\/joyana.fr\/wp-content\/uploads\/2015\/05\/19560-preview_low_1615-1_19560_sc_v2com.jpg?fit=920%2C1386&ssl=1",920,1386,true],"woocommerce_gallery_thumbnail":["https:\/\/i0.wp.com\/joyana.fr\/wp-content\/uploads\/2015\/05\/19560-preview_low_1615-1_19560_sc_v2com.jpg?resize=180%2C180&ssl=1",180,180,true],"sow-carousel-default":["https:\/\/i0.wp.com\/joyana.fr\/wp-content\/uploads\/2015\/05\/19560-preview_low_1615-1_19560_sc_v2com.jpg?resize=272%2C182&ssl=1",272,182,true]},"post_excerpt_stackable":"<p>La compagnie Canadienne Archilume d\u00e9voilera son nouveau lustre LED &#8211; intitul\u00e9 P28, et imagin\u00e9 par Saleem Khattak &#8211; \u00e0 l&#8217;ICFF de New York&#8230;<\/p>\n","category_list":"<a href=\"https:\/\/joyana.fr\/ja\/category\/deco-design\/\" rel=\"category tag\">DECO-DESIGN<\/a>, <a href=\"https:\/\/joyana.fr\/ja\/category\/deco-design\/actualite\/salon\/icff\/\" rel=\"category tag\">ICFF<\/a>, <a href=\"https:\/\/joyana.fr\/ja\/category\/deco-design\/luminaire\/\" rel=\"category tag\">Luminaire<\/a>, <a href=\"https:\/\/joyana.fr\/ja\/category\/deco-design\/luminaire\/suspension\/\" rel=\"category tag\">Suspension<\/a>","author_info":{"display_name":"Jo Yana","author_link":"https:\/\/joyana.fr\/ja\/author\/joyana\/"},"comments_num":"0 comments","featured_image_urls_v2":{"full":["https:\/\/i0.wp.com\/joyana.fr\/wp-content\/uploads\/2015\/05\/19560-preview_low_1615-1_19560_sc_v2com.jpg?fit=1000%2C1506&ssl=1",1000,1506,false],"thumbnail":["https:\/\/i0.wp.com\/joyana.fr\/wp-content\/uploads\/2015\/05\/19560-preview_low_1615-1_19560_sc_v2com.jpg?resize=150%2C150&ssl=1",150,150,true],"medium":["https:\/\/i0.wp.com\/joyana.fr\/wp-content\/uploads\/2015\/05\/19560-preview_low_1615-1_19560_sc_v2com.jpg?fit=258%2C389&ssl=1",258,389,true],"medium_large":["https:\/\/i0.wp.com\/joyana.fr\/wp-content\/uploads\/2015\/05\/19560-preview_low_1615-1_19560_sc_v2com.jpg?fit=768%2C1157&ssl=1",768,1157,true],"large":["https:\/\/i0.wp.com\/joyana.fr\/wp-content\/uploads\/2015\/05\/19560-preview_low_1615-1_19560_sc_v2com.jpg?fit=680%2C1024&ssl=1",680,1024,true],"1536x1536":["https:\/\/i0.wp.com\/joyana.fr\/wp-content\/uploads\/2015\/05\/19560-preview_low_1615-1_19560_sc_v2com.jpg?fit=1000%2C1506&ssl=1",1000,1506,true],"2048x2048":["https:\/\/i0.wp.com\/joyana.fr\/wp-content\/uploads\/2015\/05\/19560-preview_low_1615-1_19560_sc_v2com.jpg?fit=1000%2C1506&ssl=1",1000,1506,true],"featured-thumb":["https:\/\/i0.wp.com\/joyana.fr\/wp-content\/uploads\/2015\/05\/19560-preview_low_1615-1_19560_sc_v2com.jpg?resize=1000%2C750&ssl=1",1000,750,true],"ab-block-post-grid-landscape":["https:\/\/i0.wp.com\/joyana.fr\/wp-content\/uploads\/2015\/05\/19560-preview_low_1615-1_19560_sc_v2com.jpg?resize=600%2C400&ssl=1",600,400,true],"ab-block-post-grid-square":["https:\/\/i0.wp.com\/joyana.fr\/wp-content\/uploads\/2015\/05\/19560-preview_low_1615-1_19560_sc_v2com.jpg?resize=600%2C600&ssl=1",600,600,true],"author-pro-image":["https:\/\/i0.wp.com\/joyana.fr\/wp-content\/uploads\/2015\/05\/19560-preview_low_1615-1_19560_sc_v2com.jpg?resize=360%2C570&ssl=1",360,570,true],"slider":["https:\/\/i0.wp.com\/joyana.fr\/wp-content\/uploads\/2015\/05\/19560-preview_low_1615-1_19560_sc_v2com.jpg?resize=920%2C400&ssl=1",920,400,true],"woocommerce_thumbnail":["https:\/\/i0.wp.com\/joyana.fr\/wp-content\/uploads\/2015\/05\/19560-preview_low_1615-1_19560_sc_v2com.jpg?resize=450%2C450&ssl=1",450,450,true],"woocommerce_single":["https:\/\/i0.wp.com\/joyana.fr\/wp-content\/uploads\/2015\/05\/19560-preview_low_1615-1_19560_sc_v2com.jpg?fit=920%2C1386&ssl=1",920,1386,true],"woocommerce_gallery_thumbnail":["https:\/\/i0.wp.com\/joyana.fr\/wp-content\/uploads\/2015\/05\/19560-preview_low_1615-1_19560_sc_v2com.jpg?resize=180%2C180&ssl=1",180,180,true],"sow-carousel-default":["https:\/\/i0.wp.com\/joyana.fr\/wp-content\/uploads\/2015\/05\/19560-preview_low_1615-1_19560_sc_v2com.jpg?resize=272%2C182&ssl=1",272,182,true]},"post_excerpt_stackable_v2":"<p>La compagnie Canadienne Archilume d\u00e9voilera son nouveau lustre LED &#8211; intitul\u00e9 P28, et imagin\u00e9 par Saleem Khattak &#8211; \u00e0 l&#8217;ICFF de New York&#8230;<\/p>\n","category_list_v2":"<a href=\"https:\/\/joyana.fr\/ja\/category\/deco-design\/\" rel=\"category tag\">DECO-DESIGN<\/a>, <a href=\"https:\/\/joyana.fr\/ja\/category\/deco-design\/actualite\/salon\/icff\/\" rel=\"category tag\">ICFF<\/a>, <a href=\"https:\/\/joyana.fr\/ja\/category\/deco-design\/luminaire\/\" rel=\"category tag\">Luminaire<\/a>, <a href=\"https:\/\/joyana.fr\/ja\/category\/deco-design\/luminaire\/suspension\/\" rel=\"category tag\">Suspension<\/a>","author_info_v2":{"name":"Jo Yana","url":"https:\/\/joyana.fr\/ja\/author\/joyana\/"},"comments_num_v2":"0 comments","yoast_head":"<!-- This site is optimized with the Yoast SEO plugin v26.8 - https:\/\/yoast.com\/product\/yoast-seo-wordpress\/ -->\n<title>Lustre LED P28 par Archilume x Saleem KHATTAK | DECO-DESIGN<\/title>\n<meta name=\"description\" content=\"La compagnie Canadienne Archilume d\u00e9voilera son nouveau lustre LED - intitul\u00e9 P28, et imagin\u00e9 par Saleem Khattak - \u00e0 l&#039;ICFF de New York...\" \/>\n<meta name=\"robots\" content=\"index, follow, max-snippet:-1, max-image-preview:large, max-video-preview:-1\" \/>\n<link rel=\"canonical\" href=\"https:\/\/joyana.fr\/ja\/lustre-led-p28-archilume-saleem-khattak-icff-2015\/120772\/\" \/>\n<meta property=\"og:locale\" content=\"ja_JP\" \/>\n<meta property=\"og:locale:alternate\" content=\"fr_FR\" \/>\n<meta property=\"og:locale:alternate\" content=\"en_US\" \/>\n<meta property=\"og:type\" content=\"article\" \/>\n<meta property=\"og:title\" content=\"Lustre LED P28 par Archilume x Saleem KHATTAK | DECO-DESIGN\" \/>\n<meta property=\"og:description\" content=\"La compagnie Canadienne Archilume d\u00e9voilera son nouveau lustre LED - intitul\u00e9 P28, et imagin\u00e9 par Saleem Khattak - \u00e0 l&#039;ICFF de New York...\" \/>\n<meta property=\"og:url\" content=\"https:\/\/joyana.fr\/ja\/lustre-led-p28-archilume-saleem-khattak-icff-2015\/120772\/\" \/>\n<meta property=\"og:site_name\" content=\"JO YANA\" \/>\n<meta property=\"article:published_time\" content=\"2015-05-04T05:36:38+00:00\" \/>\n<meta property=\"og:image\" content=\"https:\/\/joyana.fr\/wp-content\/uploads\/2015\/05\/19560-preview_low_1615-1_19560_sc_v2com.jpg\" \/>\n\t<meta property=\"og:image:width\" content=\"1000\" \/>\n\t<meta property=\"og:image:height\" content=\"1506\" \/>\n\t<meta property=\"og:image:type\" content=\"image\/jpeg\" \/>\n<meta name=\"author\" content=\"Jo Yana\" \/>\n<meta name=\"twitter:card\" content=\"summary_large_image\" \/>\n<meta name=\"twitter:creator\" content=\"@Jo_Yana\" \/>\n<meta name=\"twitter:site\" content=\"@Jo_Yana\" \/>\n<meta name=\"twitter:label1\" content=\"\u57f7\u7b46\u8005\" \/>\n\t<meta name=\"twitter:data1\" content=\"Jo Yana\" \/>\n\t<meta name=\"twitter:label2\" content=\"\u63a8\u5b9a\u8aad\u307f\u53d6\u308a\u6642\u9593\" \/>\n\t<meta name=\"twitter:data2\" content=\"1\u5206\" \/>\n<script type=\"application\/ld+json\" class=\"yoast-schema-graph\">{\"@context\":\"https:\/\/schema.org\",\"@graph\":[{\"@type\":\"Article\",\"@id\":\"https:\/\/joyana.fr\/ja\/lustre-led-p28-archilume-saleem-khattak-icff-2015\/120772\/#article\",\"isPartOf\":{\"@id\":\"https:\/\/joyana.fr\/ja\/lustre-led-p28-archilume-saleem-khattak-icff-2015\/120772\/\"},\"author\":{\"name\":\"Jo Yana\",\"@id\":\"https:\/\/joyana.fr\/#\/schema\/person\/cf2a1ad12a27c12c21801075bf37407c\"},\"headline\":\"Lustre LED P28 par Archilume x Saleem KHATTAK\",\"datePublished\":\"2015-05-04T05:36:38+00:00\",\"mainEntityOfPage\":{\"@id\":\"https:\/\/joyana.fr\/ja\/lustre-led-p28-archilume-saleem-khattak-icff-2015\/120772\/\"},\"wordCount\":112,\"commentCount\":0,\"publisher\":{\"@id\":\"https:\/\/joyana.fr\/#\/schema\/person\/cf2a1ad12a27c12c21801075bf37407c\"},\"image\":{\"@id\":\"https:\/\/joyana.fr\/ja\/lustre-led-p28-archilume-saleem-khattak-icff-2015\/120772\/#primaryimage\"},\"thumbnailUrl\":\"https:\/\/i0.wp.com\/joyana.fr\/wp-content\/uploads\/2015\/05\/19560-preview_low_1615-1_19560_sc_v2com.jpg?fit=1000%2C1506&ssl=1\",\"keywords\":[\"Archilume\",\"ICFF\",\"ICFF 2015\",\"LED\",\"Lustre design\",\"Lustre LED\"],\"articleSection\":[\"DECO-DESIGN\",\"ICFF\",\"Luminaire\",\"Suspension\"],\"inLanguage\":\"ja\",\"potentialAction\":[{\"@type\":\"CommentAction\",\"name\":\"Comment\",\"target\":[\"https:\/\/joyana.fr\/ja\/lustre-led-p28-archilume-saleem-khattak-icff-2015\/120772\/#respond\"]}]},{\"@type\":\"WebPage\",\"@id\":\"https:\/\/joyana.fr\/ja\/lustre-led-p28-archilume-saleem-khattak-icff-2015\/120772\/\",\"url\":\"https:\/\/joyana.fr\/ja\/lustre-led-p28-archilume-saleem-khattak-icff-2015\/120772\/\",\"name\":\"Lustre LED P28 par Archilume x Saleem KHATTAK | DECO-DESIGN\",\"isPartOf\":{\"@id\":\"https:\/\/joyana.fr\/#website\"},\"primaryImageOfPage\":{\"@id\":\"https:\/\/joyana.fr\/ja\/lustre-led-p28-archilume-saleem-khattak-icff-2015\/120772\/#primaryimage\"},\"image\":{\"@id\":\"https:\/\/joyana.fr\/ja\/lustre-led-p28-archilume-saleem-khattak-icff-2015\/120772\/#primaryimage\"},\"thumbnailUrl\":\"https:\/\/i0.wp.com\/joyana.fr\/wp-content\/uploads\/2015\/05\/19560-preview_low_1615-1_19560_sc_v2com.jpg?fit=1000%2C1506&ssl=1\",\"datePublished\":\"2015-05-04T05:36:38+00:00\",\"description\":\"La compagnie Canadienne Archilume d\u00e9voilera son nouveau lustre LED - intitul\u00e9 P28, et imagin\u00e9 par Saleem Khattak - \u00e0 l'ICFF de New York...\",\"breadcrumb\":{\"@id\":\"https:\/\/joyana.fr\/ja\/lustre-led-p28-archilume-saleem-khattak-icff-2015\/120772\/#breadcrumb\"},\"inLanguage\":\"ja\",\"potentialAction\":[{\"@type\":\"ReadAction\",\"target\":[\"https:\/\/joyana.fr\/ja\/lustre-led-p28-archilume-saleem-khattak-icff-2015\/120772\/\"]}]},{\"@type\":\"ImageObject\",\"inLanguage\":\"ja\",\"@id\":\"https:\/\/joyana.fr\/ja\/lustre-led-p28-archilume-saleem-khattak-icff-2015\/120772\/#primaryimage\",\"url\":\"https:\/\/i0.wp.com\/joyana.fr\/wp-content\/uploads\/2015\/05\/19560-preview_low_1615-1_19560_sc_v2com.jpg?fit=1000%2C1506&ssl=1\",\"contentUrl\":\"https:\/\/i0.wp.com\/joyana.fr\/wp-content\/uploads\/2015\/05\/19560-preview_low_1615-1_19560_sc_v2com.jpg?fit=1000%2C1506&ssl=1\",\"width\":1000,\"height\":1506},{\"@type\":\"BreadcrumbList\",\"@id\":\"https:\/\/joyana.fr\/ja\/lustre-led-p28-archilume-saleem-khattak-icff-2015\/120772\/#breadcrumb\",\"itemListElement\":[{\"@type\":\"ListItem\",\"position\":1,\"name\":\"Accueil\",\"item\":\"https:\/\/joyana.fr\/\"},{\"@type\":\"ListItem\",\"position\":2,\"name\":\"Lustre LED P28 par Archilume x Saleem KHATTAK\"}]},{\"@type\":\"WebSite\",\"@id\":\"https:\/\/joyana.fr\/#website\",\"url\":\"https:\/\/joyana.fr\/\",\"name\":\"JO YANA\",\"description\":\"Blog Mode Homme, Lifestyle, D\u00e9co-Design\",\"publisher\":{\"@id\":\"https:\/\/joyana.fr\/#\/schema\/person\/cf2a1ad12a27c12c21801075bf37407c\"},\"potentialAction\":[{\"@type\":\"SearchAction\",\"target\":{\"@type\":\"EntryPoint\",\"urlTemplate\":\"https:\/\/joyana.fr\/?s={search_term_string}\"},\"query-input\":{\"@type\":\"PropertyValueSpecification\",\"valueRequired\":true,\"valueName\":\"search_term_string\"}}],\"inLanguage\":\"ja\"},{\"@type\":[\"Person\",\"Organization\"],\"@id\":\"https:\/\/joyana.fr\/#\/schema\/person\/cf2a1ad12a27c12c21801075bf37407c\",\"name\":\"Jo Yana\",\"image\":{\"@type\":\"ImageObject\",\"inLanguage\":\"ja\",\"@id\":\"https:\/\/joyana.fr\/#\/schema\/person\/image\/\",\"url\":\"https:\/\/i0.wp.com\/joyana.fr\/wp-content\/uploads\/2016\/08\/cropped-joyana-logo-black-360x180.png?fit=343%2C164&ssl=1\",\"contentUrl\":\"https:\/\/i0.wp.com\/joyana.fr\/wp-content\/uploads\/2016\/08\/cropped-joyana-logo-black-360x180.png?fit=343%2C164&ssl=1\",\"width\":343,\"height\":164,\"caption\":\"Jo Yana\"},\"logo\":{\"@id\":\"https:\/\/joyana.fr\/#\/schema\/person\/image\/\"},\"description\":\"Jo Yana est le cr\u00e9ateur et r\u00e9dacteur en chef des sites DECO-DESIGN. Passionn\u00e9 de Design, Mode, Photo, Luxe, Lifestyle, Musique, mais avant tout Blogueur ! Le plaisir de partager l'anime et a comme devise \\\"POUR L'AMOUR DU BEAU\\\". Retrouvez le aussi sur son blog personnel - https:\/\/joyana.fr...\",\"sameAs\":[\"https:\/\/joyana.fr\/\"],\"url\":\"https:\/\/joyana.fr\/ja\/author\/joyana\/\"}]}<\/script>\n<!-- \/ Yoast SEO plugin. -->","yoast_head_json":{"title":"Lustre LED P28 par Archilume x Saleem KHATTAK | DECO-DESIGN","description":"La compagnie Canadienne Archilume d\u00e9voilera son nouveau lustre LED - intitul\u00e9 P28, et imagin\u00e9 par Saleem Khattak - \u00e0 l'ICFF de New York...","robots":{"index":"index","follow":"follow","max-snippet":"max-snippet:-1","max-image-preview":"max-image-preview:large","max-video-preview":"max-video-preview:-1"},"canonical":"https:\/\/joyana.fr\/ja\/lustre-led-p28-archilume-saleem-khattak-icff-2015\/120772\/","og_locale":"ja_JP","og_type":"article","og_title":"Lustre LED P28 par Archilume x Saleem KHATTAK | DECO-DESIGN","og_description":"La compagnie Canadienne Archilume d\u00e9voilera son nouveau lustre LED - intitul\u00e9 P28, et imagin\u00e9 par Saleem Khattak - \u00e0 l'ICFF de New York...","og_url":"https:\/\/joyana.fr\/ja\/lustre-led-p28-archilume-saleem-khattak-icff-2015\/120772\/","og_site_name":"JO YANA","article_published_time":"2015-05-04T05:36:38+00:00","og_image":[{"width":1000,"height":1506,"url":"https:\/\/joyana.fr\/wp-content\/uploads\/2015\/05\/19560-preview_low_1615-1_19560_sc_v2com.jpg","type":"image\/jpeg"}],"author":"Jo Yana","twitter_card":"summary_large_image","twitter_creator":"@Jo_Yana","twitter_site":"@Jo_Yana","twitter_misc":{"\u57f7\u7b46\u8005":"Jo Yana","\u63a8\u5b9a\u8aad\u307f\u53d6\u308a\u6642\u9593":"1\u5206"},"schema":{"@context":"https:\/\/schema.org","@graph":[{"@type":"Article","@id":"https:\/\/joyana.fr\/ja\/lustre-led-p28-archilume-saleem-khattak-icff-2015\/120772\/#article","isPartOf":{"@id":"https:\/\/joyana.fr\/ja\/lustre-led-p28-archilume-saleem-khattak-icff-2015\/120772\/"},"author":{"name":"Jo Yana","@id":"https:\/\/joyana.fr\/#\/schema\/person\/cf2a1ad12a27c12c21801075bf37407c"},"headline":"Lustre LED P28 par Archilume x Saleem KHATTAK","datePublished":"2015-05-04T05:36:38+00:00","mainEntityOfPage":{"@id":"https:\/\/joyana.fr\/ja\/lustre-led-p28-archilume-saleem-khattak-icff-2015\/120772\/"},"wordCount":112,"commentCount":0,"publisher":{"@id":"https:\/\/joyana.fr\/#\/schema\/person\/cf2a1ad12a27c12c21801075bf37407c"},"image":{"@id":"https:\/\/joyana.fr\/ja\/lustre-led-p28-archilume-saleem-khattak-icff-2015\/120772\/#primaryimage"},"thumbnailUrl":"https:\/\/i0.wp.com\/joyana.fr\/wp-content\/uploads\/2015\/05\/19560-preview_low_1615-1_19560_sc_v2com.jpg?fit=1000%2C1506&ssl=1","keywords":["Archilume","ICFF","ICFF 2015","LED","Lustre design","Lustre LED"],"articleSection":["DECO-DESIGN","ICFF","Luminaire","Suspension"],"inLanguage":"ja","potentialAction":[{"@type":"CommentAction","name":"Comment","target":["https:\/\/joyana.fr\/ja\/lustre-led-p28-archilume-saleem-khattak-icff-2015\/120772\/#respond"]}]},{"@type":"WebPage","@id":"https:\/\/joyana.fr\/ja\/lustre-led-p28-archilume-saleem-khattak-icff-2015\/120772\/","url":"https:\/\/joyana.fr\/ja\/lustre-led-p28-archilume-saleem-khattak-icff-2015\/120772\/","name":"Lustre LED P28 par Archilume x Saleem KHATTAK | DECO-DESIGN","isPartOf":{"@id":"https:\/\/joyana.fr\/#website"},"primaryImageOfPage":{"@id":"https:\/\/joyana.fr\/ja\/lustre-led-p28-archilume-saleem-khattak-icff-2015\/120772\/#primaryimage"},"image":{"@id":"https:\/\/joyana.fr\/ja\/lustre-led-p28-archilume-saleem-khattak-icff-2015\/120772\/#primaryimage"},"thumbnailUrl":"https:\/\/i0.wp.com\/joyana.fr\/wp-content\/uploads\/2015\/05\/19560-preview_low_1615-1_19560_sc_v2com.jpg?fit=1000%2C1506&ssl=1","datePublished":"2015-05-04T05:36:38+00:00","description":"La compagnie Canadienne Archilume d\u00e9voilera son nouveau lustre LED - intitul\u00e9 P28, et imagin\u00e9 par Saleem Khattak - \u00e0 l'ICFF de New York...","breadcrumb":{"@id":"https:\/\/joyana.fr\/ja\/lustre-led-p28-archilume-saleem-khattak-icff-2015\/120772\/#breadcrumb"},"inLanguage":"ja","potentialAction":[{"@type":"ReadAction","target":["https:\/\/joyana.fr\/ja\/lustre-led-p28-archilume-saleem-khattak-icff-2015\/120772\/"]}]},{"@type":"ImageObject","inLanguage":"ja","@id":"https:\/\/joyana.fr\/ja\/lustre-led-p28-archilume-saleem-khattak-icff-2015\/120772\/#primaryimage","url":"https:\/\/i0.wp.com\/joyana.fr\/wp-content\/uploads\/2015\/05\/19560-preview_low_1615-1_19560_sc_v2com.jpg?fit=1000%2C1506&ssl=1","contentUrl":"https:\/\/i0.wp.com\/joyana.fr\/wp-content\/uploads\/2015\/05\/19560-preview_low_1615-1_19560_sc_v2com.jpg?fit=1000%2C1506&ssl=1","width":1000,"height":1506},{"@type":"BreadcrumbList","@id":"https:\/\/joyana.fr\/ja\/lustre-led-p28-archilume-saleem-khattak-icff-2015\/120772\/#breadcrumb","itemListElement":[{"@type":"ListItem","position":1,"name":"Accueil","item":"https:\/\/joyana.fr\/"},{"@type":"ListItem","position":2,"name":"Lustre LED P28 par Archilume x Saleem KHATTAK"}]},{"@type":"WebSite","@id":"https:\/\/joyana.fr\/#website","url":"https:\/\/joyana.fr\/","name":"JO YANA","description":"Blog Mode Homme, Lifestyle, D\u00e9co-Design","publisher":{"@id":"https:\/\/joyana.fr\/#\/schema\/person\/cf2a1ad12a27c12c21801075bf37407c"},"potentialAction":[{"@type":"SearchAction","target":{"@type":"EntryPoint","urlTemplate":"https:\/\/joyana.fr\/?s={search_term_string}"},"query-input":{"@type":"PropertyValueSpecification","valueRequired":true,"valueName":"search_term_string"}}],"inLanguage":"ja"},{"@type":["Person","Organization"],"@id":"https:\/\/joyana.fr\/#\/schema\/person\/cf2a1ad12a27c12c21801075bf37407c","name":"Jo Yana","image":{"@type":"ImageObject","inLanguage":"ja","@id":"https:\/\/joyana.fr\/#\/schema\/person\/image\/","url":"https:\/\/i0.wp.com\/joyana.fr\/wp-content\/uploads\/2016\/08\/cropped-joyana-logo-black-360x180.png?fit=343%2C164&ssl=1","contentUrl":"https:\/\/i0.wp.com\/joyana.fr\/wp-content\/uploads\/2016\/08\/cropped-joyana-logo-black-360x180.png?fit=343%2C164&ssl=1","width":343,"height":164,"caption":"Jo Yana"},"logo":{"@id":"https:\/\/joyana.fr\/#\/schema\/person\/image\/"},"description":"Jo Yana est le cr\u00e9ateur et r\u00e9dacteur en chef des sites DECO-DESIGN. Passionn\u00e9 de Design, Mode, Photo, Luxe, Lifestyle, Musique, mais avant tout Blogueur ! Le plaisir de partager l'anime et a comme devise \"POUR L'AMOUR DU BEAU\". Retrouvez le aussi sur son blog personnel - https:\/\/joyana.fr...","sameAs":["https:\/\/joyana.fr\/"],"url":"https:\/\/joyana.fr\/ja\/author\/joyana\/"}]}},"author_meta":{"display_name":"Jo Yana","author_link":"https:\/\/joyana.fr\/ja\/author\/joyana\/"},"featured_img":"https:\/\/i0.wp.com\/joyana.fr\/wp-content\/uploads\/2015\/05\/19560-preview_low_1615-1_19560_sc_v2com.jpg?fit=258%2C389&ssl=1","featured_image_src":"https:\/\/i0.wp.com\/joyana.fr\/wp-content\/uploads\/2015\/05\/19560-preview_low_1615-1_19560_sc_v2com.jpg?resize=600%2C400&ssl=1","featured_image_src_square":"https:\/\/i0.wp.com\/joyana.fr\/wp-content\/uploads\/2015\/05\/19560-preview_low_1615-1_19560_sc_v2com.jpg?resize=600%2C600&ssl=1","jetpack_featured_media_url":"https:\/\/i0.wp.com\/joyana.fr\/wp-content\/uploads\/2015\/05\/19560-preview_low_1615-1_19560_sc_v2com.jpg?fit=1000%2C1506&ssl=1","uagb_featured_image_src":{"full":["https:\/\/i0.wp.com\/joyana.fr\/wp-content\/uploads\/2015\/05\/19560-preview_low_1615-1_19560_sc_v2com.jpg?fit=1000%2C1506&ssl=1",1000,1506,false],"thumbnail":["https:\/\/i0.wp.com\/joyana.fr\/wp-content\/uploads\/2015\/05\/19560-preview_low_1615-1_19560_sc_v2com.jpg?resize=150%2C150&ssl=1",150,150,true],"medium":["https:\/\/i0.wp.com\/joyana.fr\/wp-content\/uploads\/2015\/05\/19560-preview_low_1615-1_19560_sc_v2com.jpg?fit=258%2C389&ssl=1",258,389,true],"medium_large":["https:\/\/i0.wp.com\/joyana.fr\/wp-content\/uploads\/2015\/05\/19560-preview_low_1615-1_19560_sc_v2com.jpg?fit=768%2C1157&ssl=1",768,1157,true],"large":["https:\/\/i0.wp.com\/joyana.fr\/wp-content\/uploads\/2015\/05\/19560-preview_low_1615-1_19560_sc_v2com.jpg?fit=680%2C1024&ssl=1",680,1024,true],"1536x1536":["https:\/\/i0.wp.com\/joyana.fr\/wp-content\/uploads\/2015\/05\/19560-preview_low_1615-1_19560_sc_v2com.jpg?fit=1000%2C1506&ssl=1",1000,1506,true],"2048x2048":["https:\/\/i0.wp.com\/joyana.fr\/wp-content\/uploads\/2015\/05\/19560-preview_low_1615-1_19560_sc_v2com.jpg?fit=1000%2C1506&ssl=1",1000,1506,true],"featured-thumb":["https:\/\/i0.wp.com\/joyana.fr\/wp-content\/uploads\/2015\/05\/19560-preview_low_1615-1_19560_sc_v2com.jpg?resize=1000%2C750&ssl=1",1000,750,true],"ab-block-post-grid-landscape":["https:\/\/i0.wp.com\/joyana.fr\/wp-content\/uploads\/2015\/05\/19560-preview_low_1615-1_19560_sc_v2com.jpg?resize=600%2C400&ssl=1",600,400,true],"ab-block-post-grid-square":["https:\/\/i0.wp.com\/joyana.fr\/wp-content\/uploads\/2015\/05\/19560-preview_low_1615-1_19560_sc_v2com.jpg?resize=600%2C600&ssl=1",600,600,true],"author-pro-image":["https:\/\/i0.wp.com\/joyana.fr\/wp-content\/uploads\/2015\/05\/19560-preview_low_1615-1_19560_sc_v2com.jpg?resize=360%2C570&ssl=1",360,570,true],"slider":["https:\/\/i0.wp.com\/joyana.fr\/wp-content\/uploads\/2015\/05\/19560-preview_low_1615-1_19560_sc_v2com.jpg?resize=920%2C400&ssl=1",920,400,true],"woocommerce_thumbnail":["https:\/\/i0.wp.com\/joyana.fr\/wp-content\/uploads\/2015\/05\/19560-preview_low_1615-1_19560_sc_v2com.jpg?resize=450%2C450&ssl=1",450,450,true],"woocommerce_single":["https:\/\/i0.wp.com\/joyana.fr\/wp-content\/uploads\/2015\/05\/19560-preview_low_1615-1_19560_sc_v2com.jpg?fit=920%2C1386&ssl=1",920,1386,true],"woocommerce_gallery_thumbnail":["https:\/\/i0.wp.com\/joyana.fr\/wp-content\/uploads\/2015\/05\/19560-preview_low_1615-1_19560_sc_v2com.jpg?resize=180%2C180&ssl=1",180,180,true],"sow-carousel-default":["https:\/\/i0.wp.com\/joyana.fr\/wp-content\/uploads\/2015\/05\/19560-preview_low_1615-1_19560_sc_v2com.jpg?resize=272%2C182&ssl=1",272,182,true]},"uagb_author_info":{"display_name":"Jo Yana","author_link":"https:\/\/joyana.fr\/ja\/author\/joyana\/"},"uagb_comment_info":3,"uagb_excerpt":"La compagnie Canadienne Archilume d\u00e9voilera son nouveau&hellip;","coauthors":[],"tax_additional":{"categories":{"linked":["<a href=\"https:\/\/joyana.fr\/ja\/category\/deco-design\/\" class=\"advgb-post-tax-term\">DECO-DESIGN<\/a>","<a href=\"https:\/\/joyana.fr\/ja\/category\/deco-design\/actualite\/salon\/icff\/\" class=\"advgb-post-tax-term\">ICFF<\/a>","<a href=\"https:\/\/joyana.fr\/ja\/category\/deco-design\/luminaire\/\" class=\"advgb-post-tax-term\">Luminaire<\/a>","<a href=\"https:\/\/joyana.fr\/ja\/category\/deco-design\/luminaire\/suspension\/\" class=\"advgb-post-tax-term\">Suspension<\/a>"],"unlinked":["<span class=\"advgb-post-tax-term\">DECO-DESIGN<\/span>","<span class=\"advgb-post-tax-term\">ICFF<\/span>","<span class=\"advgb-post-tax-term\">Luminaire<\/span>","<span class=\"advgb-post-tax-term\">Suspension<\/span>"]},"tags":{"linked":["<a href=\"https:\/\/joyana.fr\/ja\/category\/deco-design\/luminaire\/suspension\/\" class=\"advgb-post-tax-term\">Archilume<\/a>","<a href=\"https:\/\/joyana.fr\/ja\/category\/deco-design\/luminaire\/suspension\/\" class=\"advgb-post-tax-term\">ICFF<\/a>","<a href=\"https:\/\/joyana.fr\/ja\/category\/deco-design\/luminaire\/suspension\/\" class=\"advgb-post-tax-term\">ICFF 2015<\/a>","<a href=\"https:\/\/joyana.fr\/ja\/category\/deco-design\/luminaire\/suspension\/\" class=\"advgb-post-tax-term\">LED<\/a>","<a href=\"https:\/\/joyana.fr\/ja\/category\/deco-design\/luminaire\/suspension\/\" class=\"advgb-post-tax-term\">Lustre design<\/a>","<a href=\"https:\/\/joyana.fr\/ja\/category\/deco-design\/luminaire\/suspension\/\" class=\"advgb-post-tax-term\">Lustre LED<\/a>"],"unlinked":["<span class=\"advgb-post-tax-term\">Archilume<\/span>","<span class=\"advgb-post-tax-term\">ICFF<\/span>","<span class=\"advgb-post-tax-term\">ICFF 2015<\/span>","<span class=\"advgb-post-tax-term\">LED<\/span>","<span class=\"advgb-post-tax-term\">Lustre design<\/span>","<span class=\"advgb-post-tax-term\">Lustre LED<\/span>"]}},"comment_count":0,"relative_dates":{"created":"Posted 11\u5e74 ago","modified":"Updated 11\u5e74 ago"},"absolute_dates":{"created":"Posted on 4 5\u6708 2015","modified":"Updated on 4 5\u6708 2015"},"absolute_dates_time":{"created":"Posted on 4 5\u6708 2015 6:36","modified":"Updated on 4 5\u6708 2015 6:36"},"featured_img_caption":"","series_order":"","jetpack_sharing_enabled":true,"jetpack_shortlink":"https:\/\/wp.me\/p9bteI-vpW","jetpack-related-posts":[],"_links":{"self":[{"href":"https:\/\/joyana.fr\/ja\/wp-json\/wp\/v2\/posts\/120772","targetHints":{"allow":["GET"]}}],"collection":[{"href":"https:\/\/joyana.fr\/ja\/wp-json\/wp\/v2\/posts"}],"about":[{"href":"https:\/\/joyana.fr\/ja\/wp-json\/wp\/v2\/types\/post"}],"author":[{"embeddable":true,"href":"https:\/\/joyana.fr\/ja\/wp-json\/wp\/v2\/users\/3"}],"replies":[{"embeddable":true,"href":"https:\/\/joyana.fr\/ja\/wp-json\/wp\/v2\/comments?post=120772"}],"version-history":[{"count":0,"href":"https:\/\/joyana.fr\/ja\/wp-json\/wp\/v2\/posts\/120772\/revisions"}],"wp:featuredmedia":[{"embeddable":true,"href":"https:\/\/joyana.fr\/ja\/wp-json\/wp\/v2\/media\/120774"}],"wp:attachment":[{"href":"https:\/\/joyana.fr\/ja\/wp-json\/wp\/v2\/media?parent=120772"}],"wp:term":[{"taxonomy":"category","embeddable":true,"href":"https:\/\/joyana.fr\/ja\/wp-json\/wp\/v2\/categories?post=120772"},{"taxonomy":"post_tag","embeddable":true,"href":"https:\/\/joyana.fr\/ja\/wp-json\/wp\/v2\/tags?post=120772"}],"curies":[{"name":"wp","href":"https:\/\/api.w.org\/{rel}","templated":true}]}}