{"id":121161,"date":"2015-06-18T11:27:42","date_gmt":"2015-06-18T10:27:42","guid":{"rendered":"https:\/\/joyana.fr\/?p=21161"},"modified":"2015-06-18T11:27:42","modified_gmt":"2015-06-18T10:27:42","slug":"art-basel-2015-bale","status":"publish","type":"post","link":"https:\/\/joyana.fr\/ja\/art-basel-2015-bale\/121161\/","title":{"rendered":"ART BASEL 2015 &#8211; B\u00e2le &#8211;"},"content":{"rendered":"<p style=\"text-align: justify;\"><strong>ART BASEL 2015<\/strong> &#8211; \u00e9dition <strong>B\u00e2le<\/strong> &#8211; se tient en ce moment m\u00eame o\u00f9 vous lisez ces lignes. Notre ami l\u2019architecte <a href=\"http:\/\/davidbittondesign.com\" target=\"_blank\">David Bitton<\/a> nous livre ses coups de coeur \u00e0 travers un roman photos de peintures, design, sculptures, installations, photographies et performances\u2026<\/p>\n<p style=\"text-align: justify;\">Place aux oeuvres qui parlent mieux que nous :<\/p>\n<p><a href=\"https:\/\/i0.wp.com\/joyana.fr\/wp-content\/uploads\/2015\/06\/ART-BASEL-2015__5634.jpg?ssl=1\"><img data-recalc-dims=\"1\" fetchpriority=\"high\" decoding=\"async\" class=\"alignnone size-full wp-image-21164\" src=\"https:\/\/i0.wp.com\/joyana.fr\/wp-content\/uploads\/2015\/06\/ART-BASEL-2015__5634.jpg?resize=2428%2C1909&#038;ssl=1\" alt=\"ART BASEL 2015__5634\" width=\"2428\" height=\"1909\" \/><\/a><\/p>\n<p><a href=\"https:\/\/i0.wp.com\/joyana.fr\/wp-content\/uploads\/2015\/06\/ART-BASEL-2015_.jpg?ssl=1\"><img data-recalc-dims=\"1\" decoding=\"async\" class=\"alignnone size-full wp-image-21165\" src=\"https:\/\/i0.wp.com\/joyana.fr\/wp-content\/uploads\/2015\/06\/ART-BASEL-2015_.jpg?resize=1200%2C900&#038;ssl=1\" alt=\"ART BASEL 2015_\" width=\"1200\" height=\"900\" \/><\/a><\/p>\n<p><a href=\"https:\/\/i0.wp.com\/joyana.fr\/wp-content\/uploads\/2015\/06\/ART-BASEL-2015_5509.jpg?ssl=1\"><img data-recalc-dims=\"1\" decoding=\"async\" class=\"alignnone size-full wp-image-21166\" src=\"https:\/\/i0.wp.com\/joyana.fr\/wp-content\/uploads\/2015\/06\/ART-BASEL-2015_5509.jpg?resize=1400%2C1870&#038;ssl=1\" alt=\"ART BASEL 2015_5509\" width=\"1400\" height=\"1870\" \/><\/a><\/p>\n<p><a href=\"https:\/\/i0.wp.com\/joyana.fr\/wp-content\/uploads\/2015\/06\/ART-BASEL-2015_5513.jpg?ssl=1\"><img data-recalc-dims=\"1\" loading=\"lazy\" decoding=\"async\" class=\"alignnone size-full wp-image-21167\" src=\"https:\/\/i0.wp.com\/joyana.fr\/wp-content\/uploads\/2015\/06\/ART-BASEL-2015_5513.jpg?resize=1400%2C1230&#038;ssl=1\" alt=\"ART BASEL 2015_5513\" width=\"1400\" height=\"1230\" \/><\/a><\/p>\n<p><a href=\"https:\/\/i0.wp.com\/joyana.fr\/wp-content\/uploads\/2015\/06\/ART-BASEL-2015_5536.jpg?ssl=1\"><img data-recalc-dims=\"1\" loading=\"lazy\" decoding=\"async\" class=\"alignnone size-full wp-image-21171\" src=\"https:\/\/i0.wp.com\/joyana.fr\/wp-content\/uploads\/2015\/06\/ART-BASEL-2015_5536.jpg?resize=1300%2C868&#038;ssl=1\" alt=\"ART BASEL 2015_5536\" width=\"1300\" height=\"868\" \/><\/a><\/p>\n<p><a href=\"https:\/\/i0.wp.com\/joyana.fr\/wp-content\/uploads\/2015\/06\/ART-BASEL-2015_5537.jpg?ssl=1\"><img data-recalc-dims=\"1\" loading=\"lazy\" decoding=\"async\" class=\"alignnone size-full wp-image-21172\" src=\"https:\/\/i0.wp.com\/joyana.fr\/wp-content\/uploads\/2015\/06\/ART-BASEL-2015_5537.jpg?resize=1518%2C1527&#038;ssl=1\" alt=\"ART BASEL 2015_5537\" width=\"1518\" height=\"1527\" \/><\/a><\/p>\n<p><a href=\"https:\/\/i0.wp.com\/joyana.fr\/wp-content\/uploads\/2015\/06\/ART-BASEL-2015_5540.jpg?ssl=1\"><img data-recalc-dims=\"1\" loading=\"lazy\" decoding=\"async\" class=\"alignnone size-full wp-image-21174\" src=\"https:\/\/i0.wp.com\/joyana.fr\/wp-content\/uploads\/2015\/06\/ART-BASEL-2015_5540.jpg?resize=1200%2C1600&#038;ssl=1\" alt=\"ART BASEL 2015_5540\" width=\"1200\" height=\"1600\" \/><\/a><\/p>\n<p><a href=\"https:\/\/i0.wp.com\/joyana.fr\/wp-content\/uploads\/2015\/06\/ART-BASEL-2015_5541.jpg?ssl=1\"><img data-recalc-dims=\"1\" loading=\"lazy\" decoding=\"async\" class=\"alignnone size-full wp-image-21175\" src=\"https:\/\/i0.wp.com\/joyana.fr\/wp-content\/uploads\/2015\/06\/ART-BASEL-2015_5541.jpg?resize=1200%2C1193&#038;ssl=1\" alt=\"ART BASEL 2015_5541\" width=\"1200\" height=\"1193\" \/><\/a><\/p>\n<p><a href=\"https:\/\/i0.wp.com\/joyana.fr\/wp-content\/uploads\/2015\/06\/ART-BASEL-2015_5563.jpg?ssl=1\"><img data-recalc-dims=\"1\" loading=\"lazy\" decoding=\"async\" class=\"alignnone size-full wp-image-21180\" src=\"https:\/\/i0.wp.com\/joyana.fr\/wp-content\/uploads\/2015\/06\/ART-BASEL-2015_5563.jpg?resize=1000%2C1368&#038;ssl=1\" alt=\"ART BASEL 2015_5563\" width=\"1000\" height=\"1368\" \/><\/a><\/p>\n<p><a href=\"https:\/\/i0.wp.com\/joyana.fr\/wp-content\/uploads\/2015\/06\/ART-BASEL-2015_5573.jpg?ssl=1\"><img data-recalc-dims=\"1\" loading=\"lazy\" decoding=\"async\" class=\"alignnone size-full wp-image-21184\" src=\"https:\/\/i0.wp.com\/joyana.fr\/wp-content\/uploads\/2015\/06\/ART-BASEL-2015_5573.jpg?resize=3264%2C2448&#038;ssl=1\" alt=\"ART BASEL 2015_5573\" width=\"3264\" height=\"2448\" \/><\/a><\/p>\n<p><a href=\"https:\/\/i0.wp.com\/joyana.fr\/wp-content\/uploads\/2015\/06\/ART-BASEL-2015_5601.jpg?ssl=1\"><img data-recalc-dims=\"1\" loading=\"lazy\" decoding=\"async\" class=\"alignnone size-full wp-image-21187\" src=\"https:\/\/i0.wp.com\/joyana.fr\/wp-content\/uploads\/2015\/06\/ART-BASEL-2015_5601.jpg?resize=1000%2C1333&#038;ssl=1\" alt=\"ART BASEL 2015_5601\" width=\"1000\" height=\"1333\" \/><\/a><\/p>\n<p><a href=\"https:\/\/i0.wp.com\/joyana.fr\/wp-content\/uploads\/2015\/06\/ART-BASEL-2015_5609.jpg?ssl=1\"><img data-recalc-dims=\"1\" loading=\"lazy\" decoding=\"async\" class=\"alignnone size-full wp-image-21188\" src=\"https:\/\/i0.wp.com\/joyana.fr\/wp-content\/uploads\/2015\/06\/ART-BASEL-2015_5609.jpg?resize=1200%2C1277&#038;ssl=1\" alt=\"ART BASEL 2015_5609\" width=\"1200\" height=\"1277\" \/><\/a><\/p>\n<p><a href=\"https:\/\/i0.wp.com\/joyana.fr\/wp-content\/uploads\/2015\/06\/ART-BASEL-2015_5612.jpg?ssl=1\"><img data-recalc-dims=\"1\" loading=\"lazy\" decoding=\"async\" class=\"alignnone size-full wp-image-21189\" src=\"https:\/\/i0.wp.com\/joyana.fr\/wp-content\/uploads\/2015\/06\/ART-BASEL-2015_5612.jpg?resize=1822%2C2287&#038;ssl=1\" alt=\"ART BASEL 2015_5612\" width=\"1822\" height=\"2287\" \/><\/a><\/p>\n\n<p><a href=\"https:\/\/i0.wp.com\/joyana.fr\/wp-content\/uploads\/2015\/06\/ART-BASEL-2015_5620.jpg?ssl=1\"><img data-recalc-dims=\"1\" loading=\"lazy\" decoding=\"async\" class=\"alignnone size-full wp-image-21191\" src=\"https:\/\/i0.wp.com\/joyana.fr\/wp-content\/uploads\/2015\/06\/ART-BASEL-2015_5620.jpg?resize=2448%2C3264&#038;ssl=1\" alt=\"ART BASEL 2015_5620\" width=\"2448\" height=\"3264\" \/><\/a><\/p>\n<p style=\"text-align: center;\">Vivement l\u2019\u00e9dition de <strong><a href=\"https:\/\/www.artbasel.com\" target=\"_blank\">ART BASEL<\/a> MIAMI BEACH<\/strong>\u2026<\/p>\n<p style=\"text-align: center;\">\n","protected":false},"excerpt":{"rendered":"<p>ART BASEL 2015 &#8211; \u00e9dition Bale &#8211; se tient en ce moment m\u00eame o\u00f9 vous lisez ces lignes. Notre ami l\u2019architecte David Bitton nous livre ses coups de coeur \u00e0 travers un roman photos de peintures, design, sculptures, installations, photographies et performances\u2026<\/p>\n","protected":false},"author":3,"featured_media":121185,"comment_status":"open","ping_status":"open","sticky":false,"template":"","format":"aside","meta":{"_coblocks_attr":"","_coblocks_dimensions":"","_coblocks_responsive_height":"","_coblocks_accordion_ie_support":"","_uag_custom_page_level_css":"","advgb_blocks_editor_width":"","advgb_blocks_columns_visual_guide":"","_genesis_hide_title":false,"_genesis_hide_breadcrumbs":false,"_genesis_hide_singular_image":false,"_genesis_hide_footer_widgets":false,"_genesis_custom_body_class":"","_genesis_custom_post_class":"","_genesis_layout":"","_themeisle_gutenberg_block_has_review":false,"_jetpack_newsletter_access":"","_jetpack_dont_email_post_to_subs":false,"_jetpack_newsletter_tier_id":0,"_jetpack_memberships_contains_paywalled_content":false,"_jetpack_memberships_contains_paid_content":false,"footnotes":""},"categories":[2067,940,905,1015],"tags":[2068,943,2069,2070],"class_list":{"0":"post-121161","1":"post","2":"type-post","3":"status-publish","4":"format-aside","5":"has-post-thumbnail","7":"category-art-basel","8":"category-art-contemporain","9":"category-deco-design","10":"category-salon","11":"tag-art-basel","12":"tag-art-contemporain","13":"tag-bale","14":"tag-bale-art-basel-2015","15":"post_format-post-format-aside","16":"entry"},"featured_image_urls":{"full":["https:\/\/i0.wp.com\/joyana.fr\/wp-content\/uploads\/2015\/06\/ART-BASEL-2015_5580-copie.jpg?fit=1000%2C1289&ssl=1",1000,1289,false],"thumbnail":["https:\/\/i0.wp.com\/joyana.fr\/wp-content\/uploads\/2015\/06\/ART-BASEL-2015_5580-copie.jpg?resize=150%2C150&ssl=1",150,150,true],"medium":["https:\/\/i0.wp.com\/joyana.fr\/wp-content\/uploads\/2015\/06\/ART-BASEL-2015_5580-copie.jpg?fit=302%2C389&ssl=1",302,389,true],"medium_large":["https:\/\/i0.wp.com\/joyana.fr\/wp-content\/uploads\/2015\/06\/ART-BASEL-2015_5580-copie.jpg?fit=768%2C990&ssl=1",768,990,true],"large":["https:\/\/i0.wp.com\/joyana.fr\/wp-content\/uploads\/2015\/06\/ART-BASEL-2015_5580-copie.jpg?fit=794%2C1024&ssl=1",794,1024,true],"1536x1536":["https:\/\/i0.wp.com\/joyana.fr\/wp-content\/uploads\/2015\/06\/ART-BASEL-2015_5580-copie.jpg?fit=1000%2C1289&ssl=1",1000,1289,true],"2048x2048":["https:\/\/i0.wp.com\/joyana.fr\/wp-content\/uploads\/2015\/06\/ART-BASEL-2015_5580-copie.jpg?fit=1000%2C1289&ssl=1",1000,1289,true],"featured-thumb":["https:\/\/i0.wp.com\/joyana.fr\/wp-content\/uploads\/2015\/06\/ART-BASEL-2015_5580-copie.jpg?resize=1000%2C750&ssl=1",1000,750,true],"ab-block-post-grid-landscape":["https:\/\/i0.wp.com\/joyana.fr\/wp-content\/uploads\/2015\/06\/ART-BASEL-2015_5580-copie.jpg?resize=600%2C400&ssl=1",600,400,true],"ab-block-post-grid-square":["https:\/\/i0.wp.com\/joyana.fr\/wp-content\/uploads\/2015\/06\/ART-BASEL-2015_5580-copie.jpg?resize=600%2C600&ssl=1",600,600,true],"author-pro-image":["https:\/\/i0.wp.com\/joyana.fr\/wp-content\/uploads\/2015\/06\/ART-BASEL-2015_5580-copie.jpg?resize=360%2C570&ssl=1",360,570,true],"slider":["https:\/\/i0.wp.com\/joyana.fr\/wp-content\/uploads\/2015\/06\/ART-BASEL-2015_5580-copie.jpg?resize=920%2C400&ssl=1",920,400,true],"woocommerce_thumbnail":["https:\/\/i0.wp.com\/joyana.fr\/wp-content\/uploads\/2015\/06\/ART-BASEL-2015_5580-copie.jpg?resize=450%2C450&ssl=1",450,450,true],"woocommerce_single":["https:\/\/i0.wp.com\/joyana.fr\/wp-content\/uploads\/2015\/06\/ART-BASEL-2015_5580-copie.jpg?fit=920%2C1186&ssl=1",920,1186,true],"woocommerce_gallery_thumbnail":["https:\/\/i0.wp.com\/joyana.fr\/wp-content\/uploads\/2015\/06\/ART-BASEL-2015_5580-copie.jpg?resize=180%2C180&ssl=1",180,180,true],"sow-carousel-default":["https:\/\/i0.wp.com\/joyana.fr\/wp-content\/uploads\/2015\/06\/ART-BASEL-2015_5580-copie.jpg?resize=272%2C182&ssl=1",272,182,true]},"post_excerpt_stackable":"<p>ART BASEL 2015 &#8211; \u00e9dition Bale &#8211; se tient en ce moment m\u00eame o\u00f9 vous lisez ces lignes. Notre ami l\u2019architecte David Bitton nous livre ses coups de coeur \u00e0 travers un roman photos de peintures, design, sculptures, installations, photographies et performances\u2026<\/p>\n","category_list":"<a href=\"https:\/\/joyana.fr\/ja\/category\/deco-design\/actualite\/salon\/art-basel\/\" rel=\"category tag\">Art Basel<\/a>, <a href=\"https:\/\/joyana.fr\/ja\/category\/deco-design\/actualite\/art-contemporain\/\" rel=\"category tag\">Art Contemporain<\/a>, <a href=\"https:\/\/joyana.fr\/ja\/category\/deco-design\/\" rel=\"category tag\">DECO-DESIGN<\/a>, <a href=\"https:\/\/joyana.fr\/ja\/category\/deco-design\/actualite\/salon\/\" rel=\"category tag\">Salon &amp; Ev\u00e8nement<\/a>","author_info":{"display_name":"Jo Yana","author_link":"https:\/\/joyana.fr\/ja\/author\/joyana\/"},"comments_num":"0 comments","featured_image_urls_v2":{"full":["https:\/\/i0.wp.com\/joyana.fr\/wp-content\/uploads\/2015\/06\/ART-BASEL-2015_5580-copie.jpg?fit=1000%2C1289&ssl=1",1000,1289,false],"thumbnail":["https:\/\/i0.wp.com\/joyana.fr\/wp-content\/uploads\/2015\/06\/ART-BASEL-2015_5580-copie.jpg?resize=150%2C150&ssl=1",150,150,true],"medium":["https:\/\/i0.wp.com\/joyana.fr\/wp-content\/uploads\/2015\/06\/ART-BASEL-2015_5580-copie.jpg?fit=302%2C389&ssl=1",302,389,true],"medium_large":["https:\/\/i0.wp.com\/joyana.fr\/wp-content\/uploads\/2015\/06\/ART-BASEL-2015_5580-copie.jpg?fit=768%2C990&ssl=1",768,990,true],"large":["https:\/\/i0.wp.com\/joyana.fr\/wp-content\/uploads\/2015\/06\/ART-BASEL-2015_5580-copie.jpg?fit=794%2C1024&ssl=1",794,1024,true],"1536x1536":["https:\/\/i0.wp.com\/joyana.fr\/wp-content\/uploads\/2015\/06\/ART-BASEL-2015_5580-copie.jpg?fit=1000%2C1289&ssl=1",1000,1289,true],"2048x2048":["https:\/\/i0.wp.com\/joyana.fr\/wp-content\/uploads\/2015\/06\/ART-BASEL-2015_5580-copie.jpg?fit=1000%2C1289&ssl=1",1000,1289,true],"featured-thumb":["https:\/\/i0.wp.com\/joyana.fr\/wp-content\/uploads\/2015\/06\/ART-BASEL-2015_5580-copie.jpg?resize=1000%2C750&ssl=1",1000,750,true],"ab-block-post-grid-landscape":["https:\/\/i0.wp.com\/joyana.fr\/wp-content\/uploads\/2015\/06\/ART-BASEL-2015_5580-copie.jpg?resize=600%2C400&ssl=1",600,400,true],"ab-block-post-grid-square":["https:\/\/i0.wp.com\/joyana.fr\/wp-content\/uploads\/2015\/06\/ART-BASEL-2015_5580-copie.jpg?resize=600%2C600&ssl=1",600,600,true],"author-pro-image":["https:\/\/i0.wp.com\/joyana.fr\/wp-content\/uploads\/2015\/06\/ART-BASEL-2015_5580-copie.jpg?resize=360%2C570&ssl=1",360,570,true],"slider":["https:\/\/i0.wp.com\/joyana.fr\/wp-content\/uploads\/2015\/06\/ART-BASEL-2015_5580-copie.jpg?resize=920%2C400&ssl=1",920,400,true],"woocommerce_thumbnail":["https:\/\/i0.wp.com\/joyana.fr\/wp-content\/uploads\/2015\/06\/ART-BASEL-2015_5580-copie.jpg?resize=450%2C450&ssl=1",450,450,true],"woocommerce_single":["https:\/\/i0.wp.com\/joyana.fr\/wp-content\/uploads\/2015\/06\/ART-BASEL-2015_5580-copie.jpg?fit=920%2C1186&ssl=1",920,1186,true],"woocommerce_gallery_thumbnail":["https:\/\/i0.wp.com\/joyana.fr\/wp-content\/uploads\/2015\/06\/ART-BASEL-2015_5580-copie.jpg?resize=180%2C180&ssl=1",180,180,true],"sow-carousel-default":["https:\/\/i0.wp.com\/joyana.fr\/wp-content\/uploads\/2015\/06\/ART-BASEL-2015_5580-copie.jpg?resize=272%2C182&ssl=1",272,182,true]},"post_excerpt_stackable_v2":"<p>ART BASEL 2015 &#8211; \u00e9dition Bale &#8211; se tient en ce moment m\u00eame o\u00f9 vous lisez ces lignes. Notre ami l\u2019architecte David Bitton nous livre ses coups de coeur \u00e0 travers un roman photos de peintures, design, sculptures, installations, photographies et performances\u2026<\/p>\n","category_list_v2":"<a href=\"https:\/\/joyana.fr\/ja\/category\/deco-design\/actualite\/salon\/art-basel\/\" rel=\"category tag\">Art Basel<\/a>, <a href=\"https:\/\/joyana.fr\/ja\/category\/deco-design\/actualite\/art-contemporain\/\" rel=\"category tag\">Art Contemporain<\/a>, <a href=\"https:\/\/joyana.fr\/ja\/category\/deco-design\/\" rel=\"category tag\">DECO-DESIGN<\/a>, <a href=\"https:\/\/joyana.fr\/ja\/category\/deco-design\/actualite\/salon\/\" rel=\"category tag\">Salon &amp; Ev\u00e8nement<\/a>","author_info_v2":{"name":"Jo Yana","url":"https:\/\/joyana.fr\/ja\/author\/joyana\/"},"comments_num_v2":"0 comments","yoast_head":"<!-- This site is optimized with the Yoast SEO plugin v26.8 - https:\/\/yoast.com\/product\/yoast-seo-wordpress\/ -->\n<title>ART BASEL 2015 - B\u00e2le | DECO-DESIGN Blog Art<\/title>\n<meta name=\"description\" content=\"ART BASEL 2015 - \u00e9dition Bale - se tient en ce moment m\u00eame o\u00f9 vous lisez ces lignes. Notre ami l\u2019architecte David Bitton nous livre ses coups de coeur \u00e0 travers un roman photos de peintures, design, sculptures, installations, photographies et performances\u2026\" \/>\n<meta name=\"robots\" content=\"index, follow, max-snippet:-1, max-image-preview:large, max-video-preview:-1\" \/>\n<link rel=\"canonical\" href=\"https:\/\/www.joyana.fr\/art-basel-2015-bale\/121161\/\" \/>\n<meta property=\"og:locale\" content=\"ja_JP\" \/>\n<meta property=\"og:locale:alternate\" content=\"fr_FR\" \/>\n<meta property=\"og:locale:alternate\" content=\"en_US\" \/>\n<meta property=\"og:type\" content=\"article\" \/>\n<meta property=\"og:title\" content=\"ART BASEL 2015 - B\u00e2le | DECO-DESIGN Blog Art\" \/>\n<meta property=\"og:description\" content=\"ART BASEL 2015 - \u00e9dition Bale - se tient en ce moment m\u00eame o\u00f9 vous lisez ces lignes. Notre ami l\u2019architecte David Bitton nous livre ses coups de coeur \u00e0 travers un roman photos de peintures, design, sculptures, installations, photographies et performances\u2026\" \/>\n<meta property=\"og:url\" content=\"https:\/\/joyana.fr\/ja\/art-basel-2015-bale\/121161\/\" \/>\n<meta property=\"og:site_name\" content=\"JO YANA\" \/>\n<meta property=\"article:published_time\" content=\"2015-06-18T10:27:42+00:00\" \/>\n<meta property=\"og:image\" content=\"https:\/\/www.joyana.fr\/wp-content\/uploads\/2015\/06\/ART-BASEL-2015_5580-copie.jpg\" \/>\n\t<meta property=\"og:image:width\" content=\"1000\" \/>\n\t<meta property=\"og:image:height\" content=\"1289\" \/>\n\t<meta property=\"og:image:type\" content=\"image\/jpeg\" \/>\n<meta name=\"author\" content=\"Jo Yana\" \/>\n<meta name=\"twitter:card\" content=\"summary_large_image\" \/>\n<meta name=\"twitter:creator\" content=\"@Jo_Yana\" \/>\n<meta name=\"twitter:site\" content=\"@Jo_Yana\" \/>\n<meta name=\"twitter:label1\" content=\"\u57f7\u7b46\u8005\" \/>\n\t<meta name=\"twitter:data1\" content=\"Jo Yana\" \/>\n<script type=\"application\/ld+json\" class=\"yoast-schema-graph\">{\"@context\":\"https:\/\/schema.org\",\"@graph\":[{\"@type\":\"Article\",\"@id\":\"https:\/\/www.joyana.fr\/art-basel-2015-bale\/121161\/#article\",\"isPartOf\":{\"@id\":\"https:\/\/www.joyana.fr\/art-basel-2015-bale\/121161\/\"},\"author\":{\"name\":\"Jo Yana\",\"@id\":\"https:\/\/joyana.fr\/#\/schema\/person\/cf2a1ad12a27c12c21801075bf37407c\"},\"headline\":\"ART BASEL 2015 &#8211; B\u00e2le &#8211;\",\"datePublished\":\"2015-06-18T10:27:42+00:00\",\"mainEntityOfPage\":{\"@id\":\"https:\/\/www.joyana.fr\/art-basel-2015-bale\/121161\/\"},\"wordCount\":70,\"commentCount\":0,\"publisher\":{\"@id\":\"https:\/\/joyana.fr\/#\/schema\/person\/cf2a1ad12a27c12c21801075bf37407c\"},\"image\":{\"@id\":\"https:\/\/www.joyana.fr\/art-basel-2015-bale\/121161\/#primaryimage\"},\"thumbnailUrl\":\"https:\/\/i0.wp.com\/joyana.fr\/wp-content\/uploads\/2015\/06\/ART-BASEL-2015_5580-copie.jpg?fit=1000%2C1289&ssl=1\",\"keywords\":[\"Art Basel\",\"Art Contemporain\",\"Bale\",\"Bale Art Basel 2015\"],\"articleSection\":[\"Art Basel\",\"Art Contemporain\",\"DECO-DESIGN\",\"Salon &amp; Ev\u00e8nement\"],\"inLanguage\":\"ja\",\"potentialAction\":[{\"@type\":\"CommentAction\",\"name\":\"Comment\",\"target\":[\"https:\/\/www.joyana.fr\/art-basel-2015-bale\/121161\/#respond\"]}]},{\"@type\":\"WebPage\",\"@id\":\"https:\/\/www.joyana.fr\/art-basel-2015-bale\/121161\/\",\"url\":\"https:\/\/www.joyana.fr\/art-basel-2015-bale\/121161\/\",\"name\":\"ART BASEL 2015 - B\u00e2le | DECO-DESIGN Blog Art\",\"isPartOf\":{\"@id\":\"https:\/\/joyana.fr\/#website\"},\"primaryImageOfPage\":{\"@id\":\"https:\/\/www.joyana.fr\/art-basel-2015-bale\/121161\/#primaryimage\"},\"image\":{\"@id\":\"https:\/\/www.joyana.fr\/art-basel-2015-bale\/121161\/#primaryimage\"},\"thumbnailUrl\":\"https:\/\/i0.wp.com\/joyana.fr\/wp-content\/uploads\/2015\/06\/ART-BASEL-2015_5580-copie.jpg?fit=1000%2C1289&ssl=1\",\"datePublished\":\"2015-06-18T10:27:42+00:00\",\"description\":\"ART BASEL 2015 - \u00e9dition Bale - se tient en ce moment m\u00eame o\u00f9 vous lisez ces lignes. Notre ami l\u2019architecte David Bitton nous livre ses coups de coeur \u00e0 travers un roman photos de peintures, design, sculptures, installations, photographies et performances\u2026\",\"breadcrumb\":{\"@id\":\"https:\/\/www.joyana.fr\/art-basel-2015-bale\/121161\/#breadcrumb\"},\"inLanguage\":\"ja\",\"potentialAction\":[{\"@type\":\"ReadAction\",\"target\":[\"https:\/\/www.joyana.fr\/art-basel-2015-bale\/121161\/\"]}]},{\"@type\":\"ImageObject\",\"inLanguage\":\"ja\",\"@id\":\"https:\/\/www.joyana.fr\/art-basel-2015-bale\/121161\/#primaryimage\",\"url\":\"https:\/\/i0.wp.com\/joyana.fr\/wp-content\/uploads\/2015\/06\/ART-BASEL-2015_5580-copie.jpg?fit=1000%2C1289&ssl=1\",\"contentUrl\":\"https:\/\/i0.wp.com\/joyana.fr\/wp-content\/uploads\/2015\/06\/ART-BASEL-2015_5580-copie.jpg?fit=1000%2C1289&ssl=1\",\"width\":1000,\"height\":1289},{\"@type\":\"BreadcrumbList\",\"@id\":\"https:\/\/www.joyana.fr\/art-basel-2015-bale\/121161\/#breadcrumb\",\"itemListElement\":[{\"@type\":\"ListItem\",\"position\":1,\"name\":\"Accueil\",\"item\":\"https:\/\/joyana.fr\/\"},{\"@type\":\"ListItem\",\"position\":2,\"name\":\"ART BASEL 2015 &#8211; B\u00e2le &#8211;\"}]},{\"@type\":\"WebSite\",\"@id\":\"https:\/\/joyana.fr\/#website\",\"url\":\"https:\/\/joyana.fr\/\",\"name\":\"JO YANA\",\"description\":\"Blog Mode Homme, Lifestyle, D\u00e9co-Design\",\"publisher\":{\"@id\":\"https:\/\/joyana.fr\/#\/schema\/person\/cf2a1ad12a27c12c21801075bf37407c\"},\"potentialAction\":[{\"@type\":\"SearchAction\",\"target\":{\"@type\":\"EntryPoint\",\"urlTemplate\":\"https:\/\/joyana.fr\/?s={search_term_string}\"},\"query-input\":{\"@type\":\"PropertyValueSpecification\",\"valueRequired\":true,\"valueName\":\"search_term_string\"}}],\"inLanguage\":\"ja\"},{\"@type\":[\"Person\",\"Organization\"],\"@id\":\"https:\/\/joyana.fr\/#\/schema\/person\/cf2a1ad12a27c12c21801075bf37407c\",\"name\":\"Jo Yana\",\"image\":{\"@type\":\"ImageObject\",\"inLanguage\":\"ja\",\"@id\":\"https:\/\/joyana.fr\/#\/schema\/person\/image\/\",\"url\":\"https:\/\/i0.wp.com\/joyana.fr\/wp-content\/uploads\/2016\/08\/cropped-joyana-logo-black-360x180.png?fit=343%2C164&ssl=1\",\"contentUrl\":\"https:\/\/i0.wp.com\/joyana.fr\/wp-content\/uploads\/2016\/08\/cropped-joyana-logo-black-360x180.png?fit=343%2C164&ssl=1\",\"width\":343,\"height\":164,\"caption\":\"Jo Yana\"},\"logo\":{\"@id\":\"https:\/\/joyana.fr\/#\/schema\/person\/image\/\"},\"description\":\"Jo Yana est le cr\u00e9ateur et r\u00e9dacteur en chef des sites DECO-DESIGN. Passionn\u00e9 de Design, Mode, Photo, Luxe, Lifestyle, Musique, mais avant tout Blogueur ! Le plaisir de partager l'anime et a comme devise \\\"POUR L'AMOUR DU BEAU\\\". Retrouvez le aussi sur son blog personnel - https:\/\/joyana.fr...\",\"sameAs\":[\"https:\/\/joyana.fr\/\"],\"url\":\"https:\/\/joyana.fr\/ja\/author\/joyana\/\"}]}<\/script>\n<!-- \/ Yoast SEO plugin. -->","yoast_head_json":{"title":"ART BASEL 2015 - B\u00e2le | DECO-DESIGN Blog Art","description":"ART BASEL 2015 - \u00e9dition Bale - se tient en ce moment m\u00eame o\u00f9 vous lisez ces lignes. Notre ami l\u2019architecte David Bitton nous livre ses coups de coeur \u00e0 travers un roman photos de peintures, design, sculptures, installations, photographies et performances\u2026","robots":{"index":"index","follow":"follow","max-snippet":"max-snippet:-1","max-image-preview":"max-image-preview:large","max-video-preview":"max-video-preview:-1"},"canonical":"https:\/\/www.joyana.fr\/art-basel-2015-bale\/121161\/","og_locale":"ja_JP","og_type":"article","og_title":"ART BASEL 2015 - B\u00e2le | DECO-DESIGN Blog Art","og_description":"ART BASEL 2015 - \u00e9dition Bale - se tient en ce moment m\u00eame o\u00f9 vous lisez ces lignes. Notre ami l\u2019architecte David Bitton nous livre ses coups de coeur \u00e0 travers un roman photos de peintures, design, sculptures, installations, photographies et performances\u2026","og_url":"https:\/\/joyana.fr\/ja\/art-basel-2015-bale\/121161\/","og_site_name":"JO YANA","article_published_time":"2015-06-18T10:27:42+00:00","og_image":[{"width":1000,"height":1289,"url":"https:\/\/www.joyana.fr\/wp-content\/uploads\/2015\/06\/ART-BASEL-2015_5580-copie.jpg","type":"image\/jpeg"}],"author":"Jo Yana","twitter_card":"summary_large_image","twitter_creator":"@Jo_Yana","twitter_site":"@Jo_Yana","twitter_misc":{"\u57f7\u7b46\u8005":"Jo Yana"},"schema":{"@context":"https:\/\/schema.org","@graph":[{"@type":"Article","@id":"https:\/\/www.joyana.fr\/art-basel-2015-bale\/121161\/#article","isPartOf":{"@id":"https:\/\/www.joyana.fr\/art-basel-2015-bale\/121161\/"},"author":{"name":"Jo Yana","@id":"https:\/\/joyana.fr\/#\/schema\/person\/cf2a1ad12a27c12c21801075bf37407c"},"headline":"ART BASEL 2015 &#8211; B\u00e2le &#8211;","datePublished":"2015-06-18T10:27:42+00:00","mainEntityOfPage":{"@id":"https:\/\/www.joyana.fr\/art-basel-2015-bale\/121161\/"},"wordCount":70,"commentCount":0,"publisher":{"@id":"https:\/\/joyana.fr\/#\/schema\/person\/cf2a1ad12a27c12c21801075bf37407c"},"image":{"@id":"https:\/\/www.joyana.fr\/art-basel-2015-bale\/121161\/#primaryimage"},"thumbnailUrl":"https:\/\/i0.wp.com\/joyana.fr\/wp-content\/uploads\/2015\/06\/ART-BASEL-2015_5580-copie.jpg?fit=1000%2C1289&ssl=1","keywords":["Art Basel","Art Contemporain","Bale","Bale Art Basel 2015"],"articleSection":["Art Basel","Art Contemporain","DECO-DESIGN","Salon &amp; Ev\u00e8nement"],"inLanguage":"ja","potentialAction":[{"@type":"CommentAction","name":"Comment","target":["https:\/\/www.joyana.fr\/art-basel-2015-bale\/121161\/#respond"]}]},{"@type":"WebPage","@id":"https:\/\/www.joyana.fr\/art-basel-2015-bale\/121161\/","url":"https:\/\/www.joyana.fr\/art-basel-2015-bale\/121161\/","name":"ART BASEL 2015 - B\u00e2le | DECO-DESIGN Blog Art","isPartOf":{"@id":"https:\/\/joyana.fr\/#website"},"primaryImageOfPage":{"@id":"https:\/\/www.joyana.fr\/art-basel-2015-bale\/121161\/#primaryimage"},"image":{"@id":"https:\/\/www.joyana.fr\/art-basel-2015-bale\/121161\/#primaryimage"},"thumbnailUrl":"https:\/\/i0.wp.com\/joyana.fr\/wp-content\/uploads\/2015\/06\/ART-BASEL-2015_5580-copie.jpg?fit=1000%2C1289&ssl=1","datePublished":"2015-06-18T10:27:42+00:00","description":"ART BASEL 2015 - \u00e9dition Bale - se tient en ce moment m\u00eame o\u00f9 vous lisez ces lignes. Notre ami l\u2019architecte David Bitton nous livre ses coups de coeur \u00e0 travers un roman photos de peintures, design, sculptures, installations, photographies et performances\u2026","breadcrumb":{"@id":"https:\/\/www.joyana.fr\/art-basel-2015-bale\/121161\/#breadcrumb"},"inLanguage":"ja","potentialAction":[{"@type":"ReadAction","target":["https:\/\/www.joyana.fr\/art-basel-2015-bale\/121161\/"]}]},{"@type":"ImageObject","inLanguage":"ja","@id":"https:\/\/www.joyana.fr\/art-basel-2015-bale\/121161\/#primaryimage","url":"https:\/\/i0.wp.com\/joyana.fr\/wp-content\/uploads\/2015\/06\/ART-BASEL-2015_5580-copie.jpg?fit=1000%2C1289&ssl=1","contentUrl":"https:\/\/i0.wp.com\/joyana.fr\/wp-content\/uploads\/2015\/06\/ART-BASEL-2015_5580-copie.jpg?fit=1000%2C1289&ssl=1","width":1000,"height":1289},{"@type":"BreadcrumbList","@id":"https:\/\/www.joyana.fr\/art-basel-2015-bale\/121161\/#breadcrumb","itemListElement":[{"@type":"ListItem","position":1,"name":"Accueil","item":"https:\/\/joyana.fr\/"},{"@type":"ListItem","position":2,"name":"ART BASEL 2015 &#8211; B\u00e2le &#8211;"}]},{"@type":"WebSite","@id":"https:\/\/joyana.fr\/#website","url":"https:\/\/joyana.fr\/","name":"JO YANA","description":"Blog Mode Homme, Lifestyle, D\u00e9co-Design","publisher":{"@id":"https:\/\/joyana.fr\/#\/schema\/person\/cf2a1ad12a27c12c21801075bf37407c"},"potentialAction":[{"@type":"SearchAction","target":{"@type":"EntryPoint","urlTemplate":"https:\/\/joyana.fr\/?s={search_term_string}"},"query-input":{"@type":"PropertyValueSpecification","valueRequired":true,"valueName":"search_term_string"}}],"inLanguage":"ja"},{"@type":["Person","Organization"],"@id":"https:\/\/joyana.fr\/#\/schema\/person\/cf2a1ad12a27c12c21801075bf37407c","name":"Jo Yana","image":{"@type":"ImageObject","inLanguage":"ja","@id":"https:\/\/joyana.fr\/#\/schema\/person\/image\/","url":"https:\/\/i0.wp.com\/joyana.fr\/wp-content\/uploads\/2016\/08\/cropped-joyana-logo-black-360x180.png?fit=343%2C164&ssl=1","contentUrl":"https:\/\/i0.wp.com\/joyana.fr\/wp-content\/uploads\/2016\/08\/cropped-joyana-logo-black-360x180.png?fit=343%2C164&ssl=1","width":343,"height":164,"caption":"Jo Yana"},"logo":{"@id":"https:\/\/joyana.fr\/#\/schema\/person\/image\/"},"description":"Jo Yana est le cr\u00e9ateur et r\u00e9dacteur en chef des sites DECO-DESIGN. Passionn\u00e9 de Design, Mode, Photo, Luxe, Lifestyle, Musique, mais avant tout Blogueur ! Le plaisir de partager l'anime et a comme devise \"POUR L'AMOUR DU BEAU\". Retrouvez le aussi sur son blog personnel - https:\/\/joyana.fr...","sameAs":["https:\/\/joyana.fr\/"],"url":"https:\/\/joyana.fr\/ja\/author\/joyana\/"}]}},"author_meta":{"display_name":"Jo Yana","author_link":"https:\/\/joyana.fr\/ja\/author\/joyana\/"},"featured_img":"https:\/\/i0.wp.com\/joyana.fr\/wp-content\/uploads\/2015\/06\/ART-BASEL-2015_5580-copie.jpg?fit=302%2C389&ssl=1","featured_image_src":"https:\/\/i0.wp.com\/joyana.fr\/wp-content\/uploads\/2015\/06\/ART-BASEL-2015_5580-copie.jpg?resize=600%2C400&ssl=1","featured_image_src_square":"https:\/\/i0.wp.com\/joyana.fr\/wp-content\/uploads\/2015\/06\/ART-BASEL-2015_5580-copie.jpg?resize=600%2C600&ssl=1","jetpack_featured_media_url":"https:\/\/i0.wp.com\/joyana.fr\/wp-content\/uploads\/2015\/06\/ART-BASEL-2015_5580-copie.jpg?fit=1000%2C1289&ssl=1","uagb_featured_image_src":{"full":["https:\/\/i0.wp.com\/joyana.fr\/wp-content\/uploads\/2015\/06\/ART-BASEL-2015_5580-copie.jpg?fit=1000%2C1289&ssl=1",1000,1289,false],"thumbnail":["https:\/\/i0.wp.com\/joyana.fr\/wp-content\/uploads\/2015\/06\/ART-BASEL-2015_5580-copie.jpg?resize=150%2C150&ssl=1",150,150,true],"medium":["https:\/\/i0.wp.com\/joyana.fr\/wp-content\/uploads\/2015\/06\/ART-BASEL-2015_5580-copie.jpg?fit=302%2C389&ssl=1",302,389,true],"medium_large":["https:\/\/i0.wp.com\/joyana.fr\/wp-content\/uploads\/2015\/06\/ART-BASEL-2015_5580-copie.jpg?fit=768%2C990&ssl=1",768,990,true],"large":["https:\/\/i0.wp.com\/joyana.fr\/wp-content\/uploads\/2015\/06\/ART-BASEL-2015_5580-copie.jpg?fit=794%2C1024&ssl=1",794,1024,true],"1536x1536":["https:\/\/i0.wp.com\/joyana.fr\/wp-content\/uploads\/2015\/06\/ART-BASEL-2015_5580-copie.jpg?fit=1000%2C1289&ssl=1",1000,1289,true],"2048x2048":["https:\/\/i0.wp.com\/joyana.fr\/wp-content\/uploads\/2015\/06\/ART-BASEL-2015_5580-copie.jpg?fit=1000%2C1289&ssl=1",1000,1289,true],"featured-thumb":["https:\/\/i0.wp.com\/joyana.fr\/wp-content\/uploads\/2015\/06\/ART-BASEL-2015_5580-copie.jpg?resize=1000%2C750&ssl=1",1000,750,true],"ab-block-post-grid-landscape":["https:\/\/i0.wp.com\/joyana.fr\/wp-content\/uploads\/2015\/06\/ART-BASEL-2015_5580-copie.jpg?resize=600%2C400&ssl=1",600,400,true],"ab-block-post-grid-square":["https:\/\/i0.wp.com\/joyana.fr\/wp-content\/uploads\/2015\/06\/ART-BASEL-2015_5580-copie.jpg?resize=600%2C600&ssl=1",600,600,true],"author-pro-image":["https:\/\/i0.wp.com\/joyana.fr\/wp-content\/uploads\/2015\/06\/ART-BASEL-2015_5580-copie.jpg?resize=360%2C570&ssl=1",360,570,true],"slider":["https:\/\/i0.wp.com\/joyana.fr\/wp-content\/uploads\/2015\/06\/ART-BASEL-2015_5580-copie.jpg?resize=920%2C400&ssl=1",920,400,true],"woocommerce_thumbnail":["https:\/\/i0.wp.com\/joyana.fr\/wp-content\/uploads\/2015\/06\/ART-BASEL-2015_5580-copie.jpg?resize=450%2C450&ssl=1",450,450,true],"woocommerce_single":["https:\/\/i0.wp.com\/joyana.fr\/wp-content\/uploads\/2015\/06\/ART-BASEL-2015_5580-copie.jpg?fit=920%2C1186&ssl=1",920,1186,true],"woocommerce_gallery_thumbnail":["https:\/\/i0.wp.com\/joyana.fr\/wp-content\/uploads\/2015\/06\/ART-BASEL-2015_5580-copie.jpg?resize=180%2C180&ssl=1",180,180,true],"sow-carousel-default":["https:\/\/i0.wp.com\/joyana.fr\/wp-content\/uploads\/2015\/06\/ART-BASEL-2015_5580-copie.jpg?resize=272%2C182&ssl=1",272,182,true]},"uagb_author_info":{"display_name":"Jo Yana","author_link":"https:\/\/joyana.fr\/ja\/author\/joyana\/"},"uagb_comment_info":2,"uagb_excerpt":"ART BASEL 2015 - \u00e9dition Bale - se tient en ce moment m&hellip;","coauthors":[],"tax_additional":{"categories":{"linked":["<a href=\"https:\/\/joyana.fr\/ja\/category\/deco-design\/actualite\/salon\/art-basel\/\" class=\"advgb-post-tax-term\">Art Basel<\/a>","<a href=\"https:\/\/joyana.fr\/ja\/category\/deco-design\/actualite\/art-contemporain\/\" class=\"advgb-post-tax-term\">Art Contemporain<\/a>","<a href=\"https:\/\/joyana.fr\/ja\/category\/deco-design\/\" class=\"advgb-post-tax-term\">DECO-DESIGN<\/a>","<a href=\"https:\/\/joyana.fr\/ja\/category\/deco-design\/actualite\/salon\/\" class=\"advgb-post-tax-term\">Salon &amp; Ev\u00e8nement<\/a>"],"unlinked":["<span class=\"advgb-post-tax-term\">Art Basel<\/span>","<span class=\"advgb-post-tax-term\">Art Contemporain<\/span>","<span class=\"advgb-post-tax-term\">DECO-DESIGN<\/span>","<span class=\"advgb-post-tax-term\">Salon &amp; Ev\u00e8nement<\/span>"]},"tags":{"linked":["<a href=\"https:\/\/joyana.fr\/ja\/category\/deco-design\/actualite\/salon\/\" class=\"advgb-post-tax-term\">Art Basel<\/a>","<a href=\"https:\/\/joyana.fr\/ja\/category\/deco-design\/actualite\/salon\/\" class=\"advgb-post-tax-term\">Art Contemporain<\/a>","<a href=\"https:\/\/joyana.fr\/ja\/category\/deco-design\/actualite\/salon\/\" class=\"advgb-post-tax-term\">Bale<\/a>","<a href=\"https:\/\/joyana.fr\/ja\/category\/deco-design\/actualite\/salon\/\" class=\"advgb-post-tax-term\">Bale Art Basel 2015<\/a>"],"unlinked":["<span class=\"advgb-post-tax-term\">Art Basel<\/span>","<span class=\"advgb-post-tax-term\">Art Contemporain<\/span>","<span class=\"advgb-post-tax-term\">Bale<\/span>","<span class=\"advgb-post-tax-term\">Bale Art Basel 2015<\/span>"]}},"comment_count":0,"relative_dates":{"created":"Posted 11\u5e74 ago","modified":"Updated 11\u5e74 ago"},"absolute_dates":{"created":"Posted on 18 6\u6708 2015","modified":"Updated on 18 6\u6708 2015"},"absolute_dates_time":{"created":"Posted on 18 6\u6708 2015 11:27","modified":"Updated on 18 6\u6708 2015 11:27"},"featured_img_caption":"","series_order":"","jetpack_sharing_enabled":true,"jetpack_shortlink":"https:\/\/wp.me\/p9bteI-vwd","jetpack-related-posts":[],"_links":{"self":[{"href":"https:\/\/joyana.fr\/ja\/wp-json\/wp\/v2\/posts\/121161","targetHints":{"allow":["GET"]}}],"collection":[{"href":"https:\/\/joyana.fr\/ja\/wp-json\/wp\/v2\/posts"}],"about":[{"href":"https:\/\/joyana.fr\/ja\/wp-json\/wp\/v2\/types\/post"}],"author":[{"embeddable":true,"href":"https:\/\/joyana.fr\/ja\/wp-json\/wp\/v2\/users\/3"}],"replies":[{"embeddable":true,"href":"https:\/\/joyana.fr\/ja\/wp-json\/wp\/v2\/comments?post=121161"}],"version-history":[{"count":0,"href":"https:\/\/joyana.fr\/ja\/wp-json\/wp\/v2\/posts\/121161\/revisions"}],"wp:featuredmedia":[{"embeddable":true,"href":"https:\/\/joyana.fr\/ja\/wp-json\/wp\/v2\/media\/121185"}],"wp:attachment":[{"href":"https:\/\/joyana.fr\/ja\/wp-json\/wp\/v2\/media?parent=121161"}],"wp:term":[{"taxonomy":"category","embeddable":true,"href":"https:\/\/joyana.fr\/ja\/wp-json\/wp\/v2\/categories?post=121161"},{"taxonomy":"post_tag","embeddable":true,"href":"https:\/\/joyana.fr\/ja\/wp-json\/wp\/v2\/tags?post=121161"}],"curies":[{"name":"wp","href":"https:\/\/api.w.org\/{rel}","templated":true}]}}