{"id":121853,"date":"2015-10-23T06:42:58","date_gmt":"2015-10-23T05:42:58","guid":{"rendered":"https:\/\/joyana.fr\/?p=21853"},"modified":"2015-10-23T06:42:58","modified_gmt":"2015-10-23T05:42:58","slug":"petits-carreaux-de-paris-noir-vif-jacques-bockel","status":"publish","type":"post","link":"https:\/\/joyana.fr\/ja\/petits-carreaux-de-paris-noir-vif-jacques-bockel\/121853\/","title":{"rendered":"PETITS CARREAUX DE PARIS x NOIR VIF x Jacques BOCKEL"},"content":{"rendered":"<p style=\"text-align: justify;\">Amoureux de <strong>design culinaire<\/strong>, vous allez surement appr\u00e9cier les <strong>PETITS CARREAUX DE PARIS<\/strong> &#8211; sign\u00e9s par le Studio de Design <strong>NOIR VIF<\/strong> et le chocolatier <strong>Jacques Bockel<\/strong>&#8230;<\/p>\n<p><a href=\"https:\/\/i0.wp.com\/joyana.fr\/wp-content\/uploads\/2015\/10\/PETITS-CARREAUX-DE-PARIS-DECO-DESIGN.jpg?ssl=1\"><img data-recalc-dims=\"1\" fetchpriority=\"high\" decoding=\"async\" class=\"alignnone size-full wp-image-21854\" src=\"https:\/\/i0.wp.com\/joyana.fr\/wp-content\/uploads\/2015\/10\/PETITS-CARREAUX-DE-PARIS-DECO-DESIGN.jpg?resize=1500%2C1500&#038;ssl=1\" alt=\"PETITS CARREAUX DE PARIS DECO DESIGN\" width=\"1500\" height=\"1500\" \/><\/a><\/p>\n<p style=\"text-align: justify;\"><strong>PETITS CARREAUX DE PARIS<\/strong> est n\u00e9 de l\u2019envie d\u2019Andr\u00e9 Fontes et Guillaume Lehoux de NOIR VIF de cr\u00e9er un objet parisien qui ferait une id\u00e9e cadeau originale accessible \u00e0 tous. Leur amour du chocolat et leur r\u00e9flexion de designer les a donc men\u00e9s vers une tablette de chocolat dont le relief est inspir\u00e9 des fa\u00efences du m\u00e9tro. Jacques Bockel, chocolatier, a tout de suite \u00e9t\u00e9 s\u00e9duit et convaincu, et s\u2019est associ\u00e9 dans l\u2019aventure&#8230;<\/p>\n<p style=\"text-align: justify;\">Les <strong>tablettes de chocolat design \ufffcPETITS CARREAUX DE PARIS x NOIR VIF x Jacques BOCKEL<\/strong> seront au prix de 5,50 euros et 5\u20ac sur le salon du chocolat&#8230;<\/p>\n<p><a href=\"https:\/\/i0.wp.com\/joyana.fr\/wp-content\/uploads\/2015\/10\/PETITS-CARREAUX-DE-PARIS-DECODESIGN-4.jpg?ssl=1\"><img data-recalc-dims=\"1\" decoding=\"async\" class=\"alignnone size-full wp-image-21855\" src=\"https:\/\/i0.wp.com\/joyana.fr\/wp-content\/uploads\/2015\/10\/PETITS-CARREAUX-DE-PARIS-DECODESIGN-4.jpg?resize=863%2C1735&#038;ssl=1\" alt=\"PETITS CARREAUX DE PARIS DECODESIGN 4\" width=\"863\" height=\"1735\" \/><\/a><\/p>\n<p><a href=\"https:\/\/i0.wp.com\/joyana.fr\/wp-content\/uploads\/2015\/10\/PETITS-CARREAUX-DE-PARIS.jpg?ssl=1\"><img data-recalc-dims=\"1\" decoding=\"async\" class=\"alignnone size-full wp-image-21856\" src=\"https:\/\/i0.wp.com\/joyana.fr\/wp-content\/uploads\/2015\/10\/PETITS-CARREAUX-DE-PARIS.jpg?resize=1500%2C1500&#038;ssl=1\" alt=\"PETITS CARREAUX DE PARIS\" width=\"1500\" height=\"1500\" \/><\/a><\/p>\n<p style=\"text-align: center;\">En savoir + sur <strong><a href=\"http:\/\/petitscarreauxdeparis.bigcartel.com\" target=\"_blank\">LES PETITS CARREAUX DE PARIS<\/a><\/strong> &amp; <strong><a href=\"http:\/\/www.noirvif.com\" target=\"_blank\">NOIR VIF<\/a><\/strong> &amp; <strong><a href=\"http:\/\/www.planet-chocolate.com\" target=\"_blank\">Jacques BOCKEL<\/a><\/strong><\/p>\n","protected":false},"excerpt":{"rendered":"<p>Amoureux de design culinaire, vous allez appr\u00e9cier les PETITS CARREAUX DE PARIS &#8211; sign\u00e9s par le Studio de Design NOIR VIF et le chocolatier Jacques Bockel&#8230;<\/p>\n","protected":false},"author":3,"featured_media":121857,"comment_status":"open","ping_status":"open","sticky":false,"template":"","format":"aside","meta":{"_coblocks_attr":"","_coblocks_dimensions":"","_coblocks_responsive_height":"","_coblocks_accordion_ie_support":"","_uag_custom_page_level_css":"","advgb_blocks_editor_width":"","advgb_blocks_columns_visual_guide":"","_genesis_hide_title":false,"_genesis_hide_breadcrumbs":false,"_genesis_hide_singular_image":false,"_genesis_hide_footer_widgets":false,"_genesis_custom_body_class":"","_genesis_custom_post_class":"","_genesis_layout":"","_themeisle_gutenberg_block_has_review":false,"_jetpack_newsletter_access":"","_jetpack_dont_email_post_to_subs":false,"_jetpack_newsletter_tier_id":0,"_jetpack_memberships_contains_paywalled_content":false,"_jetpack_memberships_contains_paid_content":false,"footnotes":""},"categories":[905,1145],"tags":[2115,2116,2117],"class_list":{"0":"post-121853","1":"post","2":"type-post","3":"status-publish","4":"format-aside","5":"has-post-thumbnail","7":"category-deco-design","8":"category-packaging","9":"tag-design-culinaire","10":"tag-jacques-bockel","11":"tag-noir-vif","12":"post_format-post-format-aside","13":"entry"},"featured_image_urls":{"full":["https:\/\/i0.wp.com\/joyana.fr\/wp-content\/uploads\/2015\/10\/PETITS-CARREAUX-DE-PARIS-4.jpg?fit=1500%2C1500&ssl=1",1500,1500,false],"thumbnail":["https:\/\/i0.wp.com\/joyana.fr\/wp-content\/uploads\/2015\/10\/PETITS-CARREAUX-DE-PARIS-4.jpg?resize=150%2C150&ssl=1",150,150,true],"medium":["https:\/\/i0.wp.com\/joyana.fr\/wp-content\/uploads\/2015\/10\/PETITS-CARREAUX-DE-PARIS-4.jpg?fit=389%2C389&ssl=1",389,389,true],"medium_large":["https:\/\/i0.wp.com\/joyana.fr\/wp-content\/uploads\/2015\/10\/PETITS-CARREAUX-DE-PARIS-4.jpg?fit=768%2C768&ssl=1",768,768,true],"large":["https:\/\/i0.wp.com\/joyana.fr\/wp-content\/uploads\/2015\/10\/PETITS-CARREAUX-DE-PARIS-4.jpg?fit=1024%2C1024&ssl=1",1024,1024,true],"1536x1536":["https:\/\/i0.wp.com\/joyana.fr\/wp-content\/uploads\/2015\/10\/PETITS-CARREAUX-DE-PARIS-4.jpg?fit=1500%2C1500&ssl=1",1500,1500,true],"2048x2048":["https:\/\/i0.wp.com\/joyana.fr\/wp-content\/uploads\/2015\/10\/PETITS-CARREAUX-DE-PARIS-4.jpg?fit=1500%2C1500&ssl=1",1500,1500,true],"featured-thumb":["https:\/\/i0.wp.com\/joyana.fr\/wp-content\/uploads\/2015\/10\/PETITS-CARREAUX-DE-PARIS-4.jpg?resize=1500%2C750&ssl=1",1500,750,true],"ab-block-post-grid-landscape":["https:\/\/i0.wp.com\/joyana.fr\/wp-content\/uploads\/2015\/10\/PETITS-CARREAUX-DE-PARIS-4.jpg?resize=600%2C400&ssl=1",600,400,true],"ab-block-post-grid-square":["https:\/\/i0.wp.com\/joyana.fr\/wp-content\/uploads\/2015\/10\/PETITS-CARREAUX-DE-PARIS-4.jpg?resize=600%2C600&ssl=1",600,600,true],"author-pro-image":["https:\/\/i0.wp.com\/joyana.fr\/wp-content\/uploads\/2015\/10\/PETITS-CARREAUX-DE-PARIS-4.jpg?resize=360%2C570&ssl=1",360,570,true],"slider":["https:\/\/i0.wp.com\/joyana.fr\/wp-content\/uploads\/2015\/10\/PETITS-CARREAUX-DE-PARIS-4.jpg?resize=920%2C400&ssl=1",920,400,true],"woocommerce_thumbnail":["https:\/\/i0.wp.com\/joyana.fr\/wp-content\/uploads\/2015\/10\/PETITS-CARREAUX-DE-PARIS-4.jpg?resize=450%2C450&ssl=1",450,450,true],"woocommerce_single":["https:\/\/i0.wp.com\/joyana.fr\/wp-content\/uploads\/2015\/10\/PETITS-CARREAUX-DE-PARIS-4.jpg?fit=920%2C920&ssl=1",920,920,true],"woocommerce_gallery_thumbnail":["https:\/\/i0.wp.com\/joyana.fr\/wp-content\/uploads\/2015\/10\/PETITS-CARREAUX-DE-PARIS-4.jpg?resize=180%2C180&ssl=1",180,180,true],"sow-carousel-default":["https:\/\/i0.wp.com\/joyana.fr\/wp-content\/uploads\/2015\/10\/PETITS-CARREAUX-DE-PARIS-4.jpg?resize=272%2C182&ssl=1",272,182,true]},"post_excerpt_stackable":"<p>Amoureux de design culinaire, vous allez appr\u00e9cier les PETITS CARREAUX DE PARIS &#8211; sign\u00e9s par le Studio de Design NOIR VIF et le chocolatier Jacques Bockel&#8230;<\/p>\n","category_list":"<a href=\"https:\/\/joyana.fr\/ja\/category\/deco-design\/\" rel=\"category tag\">DECO-DESIGN<\/a>, <a href=\"https:\/\/joyana.fr\/ja\/category\/deco-design\/actualite\/packaging\/\" rel=\"category tag\">Packaging<\/a>","author_info":{"display_name":"Jo Yana","author_link":"https:\/\/joyana.fr\/ja\/author\/joyana\/"},"comments_num":"0 comments","featured_image_urls_v2":{"full":["https:\/\/i0.wp.com\/joyana.fr\/wp-content\/uploads\/2015\/10\/PETITS-CARREAUX-DE-PARIS-4.jpg?fit=1500%2C1500&ssl=1",1500,1500,false],"thumbnail":["https:\/\/i0.wp.com\/joyana.fr\/wp-content\/uploads\/2015\/10\/PETITS-CARREAUX-DE-PARIS-4.jpg?resize=150%2C150&ssl=1",150,150,true],"medium":["https:\/\/i0.wp.com\/joyana.fr\/wp-content\/uploads\/2015\/10\/PETITS-CARREAUX-DE-PARIS-4.jpg?fit=389%2C389&ssl=1",389,389,true],"medium_large":["https:\/\/i0.wp.com\/joyana.fr\/wp-content\/uploads\/2015\/10\/PETITS-CARREAUX-DE-PARIS-4.jpg?fit=768%2C768&ssl=1",768,768,true],"large":["https:\/\/i0.wp.com\/joyana.fr\/wp-content\/uploads\/2015\/10\/PETITS-CARREAUX-DE-PARIS-4.jpg?fit=1024%2C1024&ssl=1",1024,1024,true],"1536x1536":["https:\/\/i0.wp.com\/joyana.fr\/wp-content\/uploads\/2015\/10\/PETITS-CARREAUX-DE-PARIS-4.jpg?fit=1500%2C1500&ssl=1",1500,1500,true],"2048x2048":["https:\/\/i0.wp.com\/joyana.fr\/wp-content\/uploads\/2015\/10\/PETITS-CARREAUX-DE-PARIS-4.jpg?fit=1500%2C1500&ssl=1",1500,1500,true],"featured-thumb":["https:\/\/i0.wp.com\/joyana.fr\/wp-content\/uploads\/2015\/10\/PETITS-CARREAUX-DE-PARIS-4.jpg?resize=1500%2C750&ssl=1",1500,750,true],"ab-block-post-grid-landscape":["https:\/\/i0.wp.com\/joyana.fr\/wp-content\/uploads\/2015\/10\/PETITS-CARREAUX-DE-PARIS-4.jpg?resize=600%2C400&ssl=1",600,400,true],"ab-block-post-grid-square":["https:\/\/i0.wp.com\/joyana.fr\/wp-content\/uploads\/2015\/10\/PETITS-CARREAUX-DE-PARIS-4.jpg?resize=600%2C600&ssl=1",600,600,true],"author-pro-image":["https:\/\/i0.wp.com\/joyana.fr\/wp-content\/uploads\/2015\/10\/PETITS-CARREAUX-DE-PARIS-4.jpg?resize=360%2C570&ssl=1",360,570,true],"slider":["https:\/\/i0.wp.com\/joyana.fr\/wp-content\/uploads\/2015\/10\/PETITS-CARREAUX-DE-PARIS-4.jpg?resize=920%2C400&ssl=1",920,400,true],"woocommerce_thumbnail":["https:\/\/i0.wp.com\/joyana.fr\/wp-content\/uploads\/2015\/10\/PETITS-CARREAUX-DE-PARIS-4.jpg?resize=450%2C450&ssl=1",450,450,true],"woocommerce_single":["https:\/\/i0.wp.com\/joyana.fr\/wp-content\/uploads\/2015\/10\/PETITS-CARREAUX-DE-PARIS-4.jpg?fit=920%2C920&ssl=1",920,920,true],"woocommerce_gallery_thumbnail":["https:\/\/i0.wp.com\/joyana.fr\/wp-content\/uploads\/2015\/10\/PETITS-CARREAUX-DE-PARIS-4.jpg?resize=180%2C180&ssl=1",180,180,true],"sow-carousel-default":["https:\/\/i0.wp.com\/joyana.fr\/wp-content\/uploads\/2015\/10\/PETITS-CARREAUX-DE-PARIS-4.jpg?resize=272%2C182&ssl=1",272,182,true]},"post_excerpt_stackable_v2":"<p>Amoureux de design culinaire, vous allez appr\u00e9cier les PETITS CARREAUX DE PARIS &#8211; sign\u00e9s par le Studio de Design NOIR VIF et le chocolatier Jacques Bockel&#8230;<\/p>\n","category_list_v2":"<a href=\"https:\/\/joyana.fr\/ja\/category\/deco-design\/\" rel=\"category tag\">DECO-DESIGN<\/a>, <a href=\"https:\/\/joyana.fr\/ja\/category\/deco-design\/actualite\/packaging\/\" rel=\"category tag\">Packaging<\/a>","author_info_v2":{"name":"Jo Yana","url":"https:\/\/joyana.fr\/ja\/author\/joyana\/"},"comments_num_v2":"0 comments","yoast_head":"<!-- This site is optimized with the Yoast SEO plugin v26.8 - https:\/\/yoast.com\/product\/yoast-seo-wordpress\/ -->\n<title>PETITS CARREAUX DE PARIS x NOIR VIF x Jacques BOCKEL | DECO-DESIGN<\/title>\n<meta name=\"description\" content=\"Amoureux de design culinaire, vous allez appr\u00e9cier les PETITS CARREAUX DE PARIS - sign\u00e9s par le Studio de Design NOIR VIF et le chocolatier Jacques Bockel...\" \/>\n<meta name=\"robots\" content=\"index, follow, max-snippet:-1, max-image-preview:large, max-video-preview:-1\" \/>\n<link rel=\"canonical\" href=\"https:\/\/joyana.fr\/ja\/petits-carreaux-de-paris-noir-vif-jacques-bockel\/121853\/\" \/>\n<meta property=\"og:locale\" content=\"ja_JP\" \/>\n<meta property=\"og:locale:alternate\" content=\"fr_FR\" \/>\n<meta property=\"og:locale:alternate\" content=\"en_US\" \/>\n<meta property=\"og:type\" content=\"article\" \/>\n<meta property=\"og:title\" content=\"PETITS CARREAUX DE PARIS x NOIR VIF x Jacques BOCKEL | DECO-DESIGN\" \/>\n<meta property=\"og:description\" content=\"Amoureux de design culinaire, vous allez appr\u00e9cier les PETITS CARREAUX DE PARIS - sign\u00e9s par le Studio de Design NOIR VIF et le chocolatier Jacques Bockel...\" \/>\n<meta property=\"og:url\" content=\"https:\/\/joyana.fr\/ja\/petits-carreaux-de-paris-noir-vif-jacques-bockel\/121853\/\" \/>\n<meta property=\"og:site_name\" content=\"JO YANA\" \/>\n<meta property=\"article:published_time\" content=\"2015-10-23T05:42:58+00:00\" \/>\n<meta property=\"og:image\" content=\"https:\/\/joyana.fr\/wp-content\/uploads\/2015\/10\/PETITS-CARREAUX-DE-PARIS-4.jpg\" \/>\n\t<meta property=\"og:image:width\" content=\"1500\" \/>\n\t<meta property=\"og:image:height\" content=\"1500\" \/>\n\t<meta property=\"og:image:type\" content=\"image\/jpeg\" \/>\n<meta name=\"author\" content=\"Jo Yana\" \/>\n<meta name=\"twitter:card\" content=\"summary_large_image\" \/>\n<meta name=\"twitter:creator\" content=\"@Jo_Yana\" \/>\n<meta name=\"twitter:site\" content=\"@Jo_Yana\" \/>\n<meta name=\"twitter:label1\" content=\"\u57f7\u7b46\u8005\" \/>\n\t<meta name=\"twitter:data1\" content=\"Jo Yana\" \/>\n\t<meta name=\"twitter:label2\" content=\"\u63a8\u5b9a\u8aad\u307f\u53d6\u308a\u6642\u9593\" \/>\n\t<meta name=\"twitter:data2\" content=\"1\u5206\" \/>\n<script type=\"application\/ld+json\" class=\"yoast-schema-graph\">{\"@context\":\"https:\/\/schema.org\",\"@graph\":[{\"@type\":\"Article\",\"@id\":\"https:\/\/joyana.fr\/ja\/petits-carreaux-de-paris-noir-vif-jacques-bockel\/121853\/#article\",\"isPartOf\":{\"@id\":\"https:\/\/joyana.fr\/ja\/petits-carreaux-de-paris-noir-vif-jacques-bockel\/121853\/\"},\"author\":{\"name\":\"Jo Yana\",\"@id\":\"https:\/\/joyana.fr\/#\/schema\/person\/cf2a1ad12a27c12c21801075bf37407c\"},\"headline\":\"PETITS CARREAUX DE PARIS x NOIR VIF x Jacques BOCKEL\",\"datePublished\":\"2015-10-23T05:42:58+00:00\",\"mainEntityOfPage\":{\"@id\":\"https:\/\/joyana.fr\/ja\/petits-carreaux-de-paris-noir-vif-jacques-bockel\/121853\/\"},\"wordCount\":162,\"commentCount\":0,\"publisher\":{\"@id\":\"https:\/\/joyana.fr\/#\/schema\/person\/cf2a1ad12a27c12c21801075bf37407c\"},\"image\":{\"@id\":\"https:\/\/joyana.fr\/ja\/petits-carreaux-de-paris-noir-vif-jacques-bockel\/121853\/#primaryimage\"},\"thumbnailUrl\":\"https:\/\/i0.wp.com\/joyana.fr\/wp-content\/uploads\/2015\/10\/PETITS-CARREAUX-DE-PARIS-4.jpg?fit=1500%2C1500&ssl=1\",\"keywords\":[\"Design Culinaire\",\"Jacques BOCKEL\",\"NOIR VIF\"],\"articleSection\":[\"DECO-DESIGN\",\"Packaging\"],\"inLanguage\":\"ja\",\"potentialAction\":[{\"@type\":\"CommentAction\",\"name\":\"Comment\",\"target\":[\"https:\/\/joyana.fr\/ja\/petits-carreaux-de-paris-noir-vif-jacques-bockel\/121853\/#respond\"]}]},{\"@type\":\"WebPage\",\"@id\":\"https:\/\/joyana.fr\/ja\/petits-carreaux-de-paris-noir-vif-jacques-bockel\/121853\/\",\"url\":\"https:\/\/joyana.fr\/ja\/petits-carreaux-de-paris-noir-vif-jacques-bockel\/121853\/\",\"name\":\"PETITS CARREAUX DE PARIS x NOIR VIF x Jacques BOCKEL | DECO-DESIGN\",\"isPartOf\":{\"@id\":\"https:\/\/joyana.fr\/#website\"},\"primaryImageOfPage\":{\"@id\":\"https:\/\/joyana.fr\/ja\/petits-carreaux-de-paris-noir-vif-jacques-bockel\/121853\/#primaryimage\"},\"image\":{\"@id\":\"https:\/\/joyana.fr\/ja\/petits-carreaux-de-paris-noir-vif-jacques-bockel\/121853\/#primaryimage\"},\"thumbnailUrl\":\"https:\/\/i0.wp.com\/joyana.fr\/wp-content\/uploads\/2015\/10\/PETITS-CARREAUX-DE-PARIS-4.jpg?fit=1500%2C1500&ssl=1\",\"datePublished\":\"2015-10-23T05:42:58+00:00\",\"description\":\"Amoureux de design culinaire, vous allez appr\u00e9cier les PETITS CARREAUX DE PARIS - sign\u00e9s par le Studio de Design NOIR VIF et le chocolatier Jacques Bockel...\",\"breadcrumb\":{\"@id\":\"https:\/\/joyana.fr\/ja\/petits-carreaux-de-paris-noir-vif-jacques-bockel\/121853\/#breadcrumb\"},\"inLanguage\":\"ja\",\"potentialAction\":[{\"@type\":\"ReadAction\",\"target\":[\"https:\/\/joyana.fr\/ja\/petits-carreaux-de-paris-noir-vif-jacques-bockel\/121853\/\"]}]},{\"@type\":\"ImageObject\",\"inLanguage\":\"ja\",\"@id\":\"https:\/\/joyana.fr\/ja\/petits-carreaux-de-paris-noir-vif-jacques-bockel\/121853\/#primaryimage\",\"url\":\"https:\/\/i0.wp.com\/joyana.fr\/wp-content\/uploads\/2015\/10\/PETITS-CARREAUX-DE-PARIS-4.jpg?fit=1500%2C1500&ssl=1\",\"contentUrl\":\"https:\/\/i0.wp.com\/joyana.fr\/wp-content\/uploads\/2015\/10\/PETITS-CARREAUX-DE-PARIS-4.jpg?fit=1500%2C1500&ssl=1\",\"width\":1500,\"height\":1500},{\"@type\":\"BreadcrumbList\",\"@id\":\"https:\/\/joyana.fr\/ja\/petits-carreaux-de-paris-noir-vif-jacques-bockel\/121853\/#breadcrumb\",\"itemListElement\":[{\"@type\":\"ListItem\",\"position\":1,\"name\":\"Accueil\",\"item\":\"https:\/\/joyana.fr\/\"},{\"@type\":\"ListItem\",\"position\":2,\"name\":\"PETITS CARREAUX DE PARIS x NOIR VIF x Jacques BOCKEL\"}]},{\"@type\":\"WebSite\",\"@id\":\"https:\/\/joyana.fr\/#website\",\"url\":\"https:\/\/joyana.fr\/\",\"name\":\"JO YANA\",\"description\":\"Blog Mode Homme, Lifestyle, D\u00e9co-Design\",\"publisher\":{\"@id\":\"https:\/\/joyana.fr\/#\/schema\/person\/cf2a1ad12a27c12c21801075bf37407c\"},\"potentialAction\":[{\"@type\":\"SearchAction\",\"target\":{\"@type\":\"EntryPoint\",\"urlTemplate\":\"https:\/\/joyana.fr\/?s={search_term_string}\"},\"query-input\":{\"@type\":\"PropertyValueSpecification\",\"valueRequired\":true,\"valueName\":\"search_term_string\"}}],\"inLanguage\":\"ja\"},{\"@type\":[\"Person\",\"Organization\"],\"@id\":\"https:\/\/joyana.fr\/#\/schema\/person\/cf2a1ad12a27c12c21801075bf37407c\",\"name\":\"Jo Yana\",\"image\":{\"@type\":\"ImageObject\",\"inLanguage\":\"ja\",\"@id\":\"https:\/\/joyana.fr\/#\/schema\/person\/image\/\",\"url\":\"https:\/\/i0.wp.com\/joyana.fr\/wp-content\/uploads\/2016\/08\/cropped-joyana-logo-black-360x180.png?fit=343%2C164&ssl=1\",\"contentUrl\":\"https:\/\/i0.wp.com\/joyana.fr\/wp-content\/uploads\/2016\/08\/cropped-joyana-logo-black-360x180.png?fit=343%2C164&ssl=1\",\"width\":343,\"height\":164,\"caption\":\"Jo Yana\"},\"logo\":{\"@id\":\"https:\/\/joyana.fr\/#\/schema\/person\/image\/\"},\"description\":\"Jo Yana est le cr\u00e9ateur et r\u00e9dacteur en chef des sites DECO-DESIGN. Passionn\u00e9 de Design, Mode, Photo, Luxe, Lifestyle, Musique, mais avant tout Blogueur ! Le plaisir de partager l'anime et a comme devise \\\"POUR L'AMOUR DU BEAU\\\". Retrouvez le aussi sur son blog personnel - https:\/\/joyana.fr...\",\"sameAs\":[\"https:\/\/joyana.fr\/\"],\"url\":\"https:\/\/joyana.fr\/ja\/author\/joyana\/\"}]}<\/script>\n<!-- \/ Yoast SEO plugin. -->","yoast_head_json":{"title":"PETITS CARREAUX DE PARIS x NOIR VIF x Jacques BOCKEL | DECO-DESIGN","description":"Amoureux de design culinaire, vous allez appr\u00e9cier les PETITS CARREAUX DE PARIS - sign\u00e9s par le Studio de Design NOIR VIF et le chocolatier Jacques Bockel...","robots":{"index":"index","follow":"follow","max-snippet":"max-snippet:-1","max-image-preview":"max-image-preview:large","max-video-preview":"max-video-preview:-1"},"canonical":"https:\/\/joyana.fr\/ja\/petits-carreaux-de-paris-noir-vif-jacques-bockel\/121853\/","og_locale":"ja_JP","og_type":"article","og_title":"PETITS CARREAUX DE PARIS x NOIR VIF x Jacques BOCKEL | DECO-DESIGN","og_description":"Amoureux de design culinaire, vous allez appr\u00e9cier les PETITS CARREAUX DE PARIS - sign\u00e9s par le Studio de Design NOIR VIF et le chocolatier Jacques Bockel...","og_url":"https:\/\/joyana.fr\/ja\/petits-carreaux-de-paris-noir-vif-jacques-bockel\/121853\/","og_site_name":"JO YANA","article_published_time":"2015-10-23T05:42:58+00:00","og_image":[{"width":1500,"height":1500,"url":"https:\/\/joyana.fr\/wp-content\/uploads\/2015\/10\/PETITS-CARREAUX-DE-PARIS-4.jpg","type":"image\/jpeg"}],"author":"Jo Yana","twitter_card":"summary_large_image","twitter_creator":"@Jo_Yana","twitter_site":"@Jo_Yana","twitter_misc":{"\u57f7\u7b46\u8005":"Jo Yana","\u63a8\u5b9a\u8aad\u307f\u53d6\u308a\u6642\u9593":"1\u5206"},"schema":{"@context":"https:\/\/schema.org","@graph":[{"@type":"Article","@id":"https:\/\/joyana.fr\/ja\/petits-carreaux-de-paris-noir-vif-jacques-bockel\/121853\/#article","isPartOf":{"@id":"https:\/\/joyana.fr\/ja\/petits-carreaux-de-paris-noir-vif-jacques-bockel\/121853\/"},"author":{"name":"Jo Yana","@id":"https:\/\/joyana.fr\/#\/schema\/person\/cf2a1ad12a27c12c21801075bf37407c"},"headline":"PETITS CARREAUX DE PARIS x NOIR VIF x Jacques BOCKEL","datePublished":"2015-10-23T05:42:58+00:00","mainEntityOfPage":{"@id":"https:\/\/joyana.fr\/ja\/petits-carreaux-de-paris-noir-vif-jacques-bockel\/121853\/"},"wordCount":162,"commentCount":0,"publisher":{"@id":"https:\/\/joyana.fr\/#\/schema\/person\/cf2a1ad12a27c12c21801075bf37407c"},"image":{"@id":"https:\/\/joyana.fr\/ja\/petits-carreaux-de-paris-noir-vif-jacques-bockel\/121853\/#primaryimage"},"thumbnailUrl":"https:\/\/i0.wp.com\/joyana.fr\/wp-content\/uploads\/2015\/10\/PETITS-CARREAUX-DE-PARIS-4.jpg?fit=1500%2C1500&ssl=1","keywords":["Design Culinaire","Jacques BOCKEL","NOIR VIF"],"articleSection":["DECO-DESIGN","Packaging"],"inLanguage":"ja","potentialAction":[{"@type":"CommentAction","name":"Comment","target":["https:\/\/joyana.fr\/ja\/petits-carreaux-de-paris-noir-vif-jacques-bockel\/121853\/#respond"]}]},{"@type":"WebPage","@id":"https:\/\/joyana.fr\/ja\/petits-carreaux-de-paris-noir-vif-jacques-bockel\/121853\/","url":"https:\/\/joyana.fr\/ja\/petits-carreaux-de-paris-noir-vif-jacques-bockel\/121853\/","name":"PETITS CARREAUX DE PARIS x NOIR VIF x Jacques BOCKEL | DECO-DESIGN","isPartOf":{"@id":"https:\/\/joyana.fr\/#website"},"primaryImageOfPage":{"@id":"https:\/\/joyana.fr\/ja\/petits-carreaux-de-paris-noir-vif-jacques-bockel\/121853\/#primaryimage"},"image":{"@id":"https:\/\/joyana.fr\/ja\/petits-carreaux-de-paris-noir-vif-jacques-bockel\/121853\/#primaryimage"},"thumbnailUrl":"https:\/\/i0.wp.com\/joyana.fr\/wp-content\/uploads\/2015\/10\/PETITS-CARREAUX-DE-PARIS-4.jpg?fit=1500%2C1500&ssl=1","datePublished":"2015-10-23T05:42:58+00:00","description":"Amoureux de design culinaire, vous allez appr\u00e9cier les PETITS CARREAUX DE PARIS - sign\u00e9s par le Studio de Design NOIR VIF et le chocolatier Jacques Bockel...","breadcrumb":{"@id":"https:\/\/joyana.fr\/ja\/petits-carreaux-de-paris-noir-vif-jacques-bockel\/121853\/#breadcrumb"},"inLanguage":"ja","potentialAction":[{"@type":"ReadAction","target":["https:\/\/joyana.fr\/ja\/petits-carreaux-de-paris-noir-vif-jacques-bockel\/121853\/"]}]},{"@type":"ImageObject","inLanguage":"ja","@id":"https:\/\/joyana.fr\/ja\/petits-carreaux-de-paris-noir-vif-jacques-bockel\/121853\/#primaryimage","url":"https:\/\/i0.wp.com\/joyana.fr\/wp-content\/uploads\/2015\/10\/PETITS-CARREAUX-DE-PARIS-4.jpg?fit=1500%2C1500&ssl=1","contentUrl":"https:\/\/i0.wp.com\/joyana.fr\/wp-content\/uploads\/2015\/10\/PETITS-CARREAUX-DE-PARIS-4.jpg?fit=1500%2C1500&ssl=1","width":1500,"height":1500},{"@type":"BreadcrumbList","@id":"https:\/\/joyana.fr\/ja\/petits-carreaux-de-paris-noir-vif-jacques-bockel\/121853\/#breadcrumb","itemListElement":[{"@type":"ListItem","position":1,"name":"Accueil","item":"https:\/\/joyana.fr\/"},{"@type":"ListItem","position":2,"name":"PETITS CARREAUX DE PARIS x NOIR VIF x Jacques BOCKEL"}]},{"@type":"WebSite","@id":"https:\/\/joyana.fr\/#website","url":"https:\/\/joyana.fr\/","name":"JO YANA","description":"Blog Mode Homme, Lifestyle, D\u00e9co-Design","publisher":{"@id":"https:\/\/joyana.fr\/#\/schema\/person\/cf2a1ad12a27c12c21801075bf37407c"},"potentialAction":[{"@type":"SearchAction","target":{"@type":"EntryPoint","urlTemplate":"https:\/\/joyana.fr\/?s={search_term_string}"},"query-input":{"@type":"PropertyValueSpecification","valueRequired":true,"valueName":"search_term_string"}}],"inLanguage":"ja"},{"@type":["Person","Organization"],"@id":"https:\/\/joyana.fr\/#\/schema\/person\/cf2a1ad12a27c12c21801075bf37407c","name":"Jo Yana","image":{"@type":"ImageObject","inLanguage":"ja","@id":"https:\/\/joyana.fr\/#\/schema\/person\/image\/","url":"https:\/\/i0.wp.com\/joyana.fr\/wp-content\/uploads\/2016\/08\/cropped-joyana-logo-black-360x180.png?fit=343%2C164&ssl=1","contentUrl":"https:\/\/i0.wp.com\/joyana.fr\/wp-content\/uploads\/2016\/08\/cropped-joyana-logo-black-360x180.png?fit=343%2C164&ssl=1","width":343,"height":164,"caption":"Jo Yana"},"logo":{"@id":"https:\/\/joyana.fr\/#\/schema\/person\/image\/"},"description":"Jo Yana est le cr\u00e9ateur et r\u00e9dacteur en chef des sites DECO-DESIGN. Passionn\u00e9 de Design, Mode, Photo, Luxe, Lifestyle, Musique, mais avant tout Blogueur ! Le plaisir de partager l'anime et a comme devise \"POUR L'AMOUR DU BEAU\". Retrouvez le aussi sur son blog personnel - https:\/\/joyana.fr...","sameAs":["https:\/\/joyana.fr\/"],"url":"https:\/\/joyana.fr\/ja\/author\/joyana\/"}]}},"author_meta":{"display_name":"Jo Yana","author_link":"https:\/\/joyana.fr\/ja\/author\/joyana\/"},"featured_img":"https:\/\/i0.wp.com\/joyana.fr\/wp-content\/uploads\/2015\/10\/PETITS-CARREAUX-DE-PARIS-4.jpg?fit=389%2C389&ssl=1","featured_image_src":"https:\/\/i0.wp.com\/joyana.fr\/wp-content\/uploads\/2015\/10\/PETITS-CARREAUX-DE-PARIS-4.jpg?resize=600%2C400&ssl=1","featured_image_src_square":"https:\/\/i0.wp.com\/joyana.fr\/wp-content\/uploads\/2015\/10\/PETITS-CARREAUX-DE-PARIS-4.jpg?resize=600%2C600&ssl=1","jetpack_featured_media_url":"https:\/\/i0.wp.com\/joyana.fr\/wp-content\/uploads\/2015\/10\/PETITS-CARREAUX-DE-PARIS-4.jpg?fit=1500%2C1500&ssl=1","uagb_featured_image_src":{"full":["https:\/\/i0.wp.com\/joyana.fr\/wp-content\/uploads\/2015\/10\/PETITS-CARREAUX-DE-PARIS-4.jpg?fit=1500%2C1500&ssl=1",1500,1500,false],"thumbnail":["https:\/\/i0.wp.com\/joyana.fr\/wp-content\/uploads\/2015\/10\/PETITS-CARREAUX-DE-PARIS-4.jpg?resize=150%2C150&ssl=1",150,150,true],"medium":["https:\/\/i0.wp.com\/joyana.fr\/wp-content\/uploads\/2015\/10\/PETITS-CARREAUX-DE-PARIS-4.jpg?fit=389%2C389&ssl=1",389,389,true],"medium_large":["https:\/\/i0.wp.com\/joyana.fr\/wp-content\/uploads\/2015\/10\/PETITS-CARREAUX-DE-PARIS-4.jpg?fit=768%2C768&ssl=1",768,768,true],"large":["https:\/\/i0.wp.com\/joyana.fr\/wp-content\/uploads\/2015\/10\/PETITS-CARREAUX-DE-PARIS-4.jpg?fit=1024%2C1024&ssl=1",1024,1024,true],"1536x1536":["https:\/\/i0.wp.com\/joyana.fr\/wp-content\/uploads\/2015\/10\/PETITS-CARREAUX-DE-PARIS-4.jpg?fit=1500%2C1500&ssl=1",1500,1500,true],"2048x2048":["https:\/\/i0.wp.com\/joyana.fr\/wp-content\/uploads\/2015\/10\/PETITS-CARREAUX-DE-PARIS-4.jpg?fit=1500%2C1500&ssl=1",1500,1500,true],"featured-thumb":["https:\/\/i0.wp.com\/joyana.fr\/wp-content\/uploads\/2015\/10\/PETITS-CARREAUX-DE-PARIS-4.jpg?resize=1500%2C750&ssl=1",1500,750,true],"ab-block-post-grid-landscape":["https:\/\/i0.wp.com\/joyana.fr\/wp-content\/uploads\/2015\/10\/PETITS-CARREAUX-DE-PARIS-4.jpg?resize=600%2C400&ssl=1",600,400,true],"ab-block-post-grid-square":["https:\/\/i0.wp.com\/joyana.fr\/wp-content\/uploads\/2015\/10\/PETITS-CARREAUX-DE-PARIS-4.jpg?resize=600%2C600&ssl=1",600,600,true],"author-pro-image":["https:\/\/i0.wp.com\/joyana.fr\/wp-content\/uploads\/2015\/10\/PETITS-CARREAUX-DE-PARIS-4.jpg?resize=360%2C570&ssl=1",360,570,true],"slider":["https:\/\/i0.wp.com\/joyana.fr\/wp-content\/uploads\/2015\/10\/PETITS-CARREAUX-DE-PARIS-4.jpg?resize=920%2C400&ssl=1",920,400,true],"woocommerce_thumbnail":["https:\/\/i0.wp.com\/joyana.fr\/wp-content\/uploads\/2015\/10\/PETITS-CARREAUX-DE-PARIS-4.jpg?resize=450%2C450&ssl=1",450,450,true],"woocommerce_single":["https:\/\/i0.wp.com\/joyana.fr\/wp-content\/uploads\/2015\/10\/PETITS-CARREAUX-DE-PARIS-4.jpg?fit=920%2C920&ssl=1",920,920,true],"woocommerce_gallery_thumbnail":["https:\/\/i0.wp.com\/joyana.fr\/wp-content\/uploads\/2015\/10\/PETITS-CARREAUX-DE-PARIS-4.jpg?resize=180%2C180&ssl=1",180,180,true],"sow-carousel-default":["https:\/\/i0.wp.com\/joyana.fr\/wp-content\/uploads\/2015\/10\/PETITS-CARREAUX-DE-PARIS-4.jpg?resize=272%2C182&ssl=1",272,182,true]},"uagb_author_info":{"display_name":"Jo Yana","author_link":"https:\/\/joyana.fr\/ja\/author\/joyana\/"},"uagb_comment_info":11,"uagb_excerpt":"Amoureux de design culinaire, vous allez appr\u00e9cier les &hellip;","coauthors":[],"tax_additional":{"categories":{"linked":["<a href=\"https:\/\/joyana.fr\/ja\/category\/deco-design\/\" class=\"advgb-post-tax-term\">DECO-DESIGN<\/a>","<a href=\"https:\/\/joyana.fr\/ja\/category\/deco-design\/actualite\/packaging\/\" class=\"advgb-post-tax-term\">Packaging<\/a>"],"unlinked":["<span class=\"advgb-post-tax-term\">DECO-DESIGN<\/span>","<span class=\"advgb-post-tax-term\">Packaging<\/span>"]},"tags":{"linked":["<a href=\"https:\/\/joyana.fr\/ja\/category\/deco-design\/actualite\/packaging\/\" class=\"advgb-post-tax-term\">Design Culinaire<\/a>","<a href=\"https:\/\/joyana.fr\/ja\/category\/deco-design\/actualite\/packaging\/\" class=\"advgb-post-tax-term\">Jacques BOCKEL<\/a>","<a href=\"https:\/\/joyana.fr\/ja\/category\/deco-design\/actualite\/packaging\/\" class=\"advgb-post-tax-term\">NOIR VIF<\/a>"],"unlinked":["<span class=\"advgb-post-tax-term\">Design Culinaire<\/span>","<span class=\"advgb-post-tax-term\">Jacques BOCKEL<\/span>","<span class=\"advgb-post-tax-term\">NOIR VIF<\/span>"]}},"comment_count":0,"relative_dates":{"created":"Posted 11\u5e74 ago","modified":"Updated 11\u5e74 ago"},"absolute_dates":{"created":"Posted on 23 10\u6708 2015","modified":"Updated on 23 10\u6708 2015"},"absolute_dates_time":{"created":"Posted on 23 10\u6708 2015 6:42","modified":"Updated on 23 10\u6708 2015 6:42"},"featured_img_caption":"","series_order":"","jetpack_sharing_enabled":true,"jetpack_shortlink":"https:\/\/wp.me\/p9bteI-vHn","jetpack-related-posts":[],"_links":{"self":[{"href":"https:\/\/joyana.fr\/ja\/wp-json\/wp\/v2\/posts\/121853","targetHints":{"allow":["GET"]}}],"collection":[{"href":"https:\/\/joyana.fr\/ja\/wp-json\/wp\/v2\/posts"}],"about":[{"href":"https:\/\/joyana.fr\/ja\/wp-json\/wp\/v2\/types\/post"}],"author":[{"embeddable":true,"href":"https:\/\/joyana.fr\/ja\/wp-json\/wp\/v2\/users\/3"}],"replies":[{"embeddable":true,"href":"https:\/\/joyana.fr\/ja\/wp-json\/wp\/v2\/comments?post=121853"}],"version-history":[{"count":0,"href":"https:\/\/joyana.fr\/ja\/wp-json\/wp\/v2\/posts\/121853\/revisions"}],"wp:featuredmedia":[{"embeddable":true,"href":"https:\/\/joyana.fr\/ja\/wp-json\/wp\/v2\/media\/121857"}],"wp:attachment":[{"href":"https:\/\/joyana.fr\/ja\/wp-json\/wp\/v2\/media?parent=121853"}],"wp:term":[{"taxonomy":"category","embeddable":true,"href":"https:\/\/joyana.fr\/ja\/wp-json\/wp\/v2\/categories?post=121853"},{"taxonomy":"post_tag","embeddable":true,"href":"https:\/\/joyana.fr\/ja\/wp-json\/wp\/v2\/tags?post=121853"}],"curies":[{"name":"wp","href":"https:\/\/api.w.org\/{rel}","templated":true}]}}