{"id":122890,"date":"2016-02-10T09:14:54","date_gmt":"2016-02-10T08:14:54","guid":{"rendered":"https:\/\/joyana.fr\/?p=122890"},"modified":"2016-02-10T10:16:24","modified_gmt":"2016-02-10T09:16:24","slug":"luminaires-les-parisiennes-ozone-regis-botta","status":"publish","type":"post","link":"https:\/\/joyana.fr\/ja\/luminaires-les-parisiennes-ozone-regis-botta\/122890\/","title":{"rendered":"Luminaires LES PARISIENNES &#8211; Regis BOTTA"},"content":{"rendered":"<p style=\"text-align: justify;\">Souvenez-vous <a href=\"https:\/\/joyana.fr\/chez-larchitecte-regis-botta\/122787\/\" target=\"_blank\">chez <strong>Regis Botta<\/strong><\/a>, je vous pr\u00e9sentais son int\u00e9rieur et en avant premi\u00e8re les prototypes des <strong>luminaires LES PARISIENNES<\/strong>. Aujourd&#8217;hui la collection se d\u00e9voile&#8230;<!--more--><\/p>\n<p><a href=\"https:\/\/i0.wp.com\/joyana.fr\/wp-content\/uploads\/2016\/02\/LES-PARISIENNES-LA-MONTMARTRE.jpg?ssl=1\"><img data-recalc-dims=\"1\" fetchpriority=\"high\" decoding=\"async\" data-attachment-id=\"122892\" data-permalink=\"https:\/\/joyana.fr\/ja\/luminaires-les-parisiennes-ozone-regis-botta\/122890\/les-parisiennes-la-montmartre\/\" data-orig-file=\"https:\/\/i0.wp.com\/joyana.fr\/wp-content\/uploads\/2016\/02\/LES-PARISIENNES-LA-MONTMARTRE.jpg?fit=1200%2C900&amp;ssl=1\" data-orig-size=\"1200,900\" data-comments-opened=\"1\" data-image-meta=\"{&quot;aperture&quot;:&quot;0&quot;,&quot;credit&quot;:&quot;&quot;,&quot;camera&quot;:&quot;&quot;,&quot;caption&quot;:&quot;&quot;,&quot;created_timestamp&quot;:&quot;0&quot;,&quot;copyright&quot;:&quot;o z o n e&quot;,&quot;focal_length&quot;:&quot;0&quot;,&quot;iso&quot;:&quot;0&quot;,&quot;shutter_speed&quot;:&quot;0&quot;,&quot;title&quot;:&quot;&quot;,&quot;orientation&quot;:&quot;0&quot;}\" data-image-title=\"LES PARISIENNES- LA MONTMARTRE\" data-image-description=\"\" data-image-caption=\"\" data-medium-file=\"https:\/\/i0.wp.com\/joyana.fr\/wp-content\/uploads\/2016\/02\/LES-PARISIENNES-LA-MONTMARTRE.jpg?fit=389%2C292&amp;ssl=1\" data-large-file=\"https:\/\/i0.wp.com\/joyana.fr\/wp-content\/uploads\/2016\/02\/LES-PARISIENNES-LA-MONTMARTRE.jpg?fit=1024%2C768&amp;ssl=1\" class=\"alignnone size-full wp-image-122892\" src=\"https:\/\/i0.wp.com\/joyana.fr\/wp-content\/uploads\/2016\/02\/LES-PARISIENNES-LA-MONTMARTRE.jpg?resize=1200%2C900&#038;ssl=1\" alt=\"LES PARISIENNES- LA MONTMARTRE\" width=\"1200\" height=\"900\" srcset=\"https:\/\/i0.wp.com\/joyana.fr\/wp-content\/uploads\/2016\/02\/LES-PARISIENNES-LA-MONTMARTRE.jpg?w=1200&amp;ssl=1 1200w, https:\/\/i0.wp.com\/joyana.fr\/wp-content\/uploads\/2016\/02\/LES-PARISIENNES-LA-MONTMARTRE.jpg?resize=600%2C450&amp;ssl=1 600w\" sizes=\"(max-width: 1000px) 100vw, 1000px\" \/><\/a><\/p>\n<p style=\"text-align: justify;\">La collection de luminaires \u00ab<strong> LES PARISIENNES<\/strong> \u00bb a \u00e9t\u00e9 imagin\u00e9e par l&#8217;architecte et designer <strong>Regis Botta<\/strong>, en collaboration avec l&#8217;\u00e9diteur Ozone. Une gamme exclusive compos\u00e9e de cinq luminaires d\u2019interieurs aux lignes pures et architecturales qui reinterpr\u00e8te, \u00e0 la mani\u00e8re d\u2019une ballade, les \u00e9clairages urbains parisiens.<\/p>\n<p style=\"text-align: justify;\">Regis Botta confie : <em>\u00ab J\u2019ai pens\u00e9 cette gamme en \u00e9chos aux luminaires parisiens : de Montmartre \u00e0 Op\u00e9ra\u2026 \u00bb<\/em>. Les globes sont souffl\u00e9s \u00e0 la bouche avec une partie sabl\u00e9e et une partie transparente laissant apparaitre le tube de lumi\u00e8re. La finition est or p\u00e2le brillant&#8230;<\/p>\n<p><a href=\"https:\/\/i0.wp.com\/joyana.fr\/wp-content\/uploads\/2016\/02\/LES-PARISIENNES-L-OPERA.jpg?ssl=1\"><img data-recalc-dims=\"1\" decoding=\"async\" data-attachment-id=\"122891\" data-permalink=\"https:\/\/joyana.fr\/ja\/luminaires-les-parisiennes-ozone-regis-botta\/122890\/les-parisiennes-l-opera\/\" data-orig-file=\"https:\/\/i0.wp.com\/joyana.fr\/wp-content\/uploads\/2016\/02\/LES-PARISIENNES-L-OPERA.jpg?fit=1200%2C900&amp;ssl=1\" data-orig-size=\"1200,900\" data-comments-opened=\"1\" data-image-meta=\"{&quot;aperture&quot;:&quot;0&quot;,&quot;credit&quot;:&quot;&quot;,&quot;camera&quot;:&quot;&quot;,&quot;caption&quot;:&quot;&quot;,&quot;created_timestamp&quot;:&quot;0&quot;,&quot;copyright&quot;:&quot;o z o n e&quot;,&quot;focal_length&quot;:&quot;0&quot;,&quot;iso&quot;:&quot;0&quot;,&quot;shutter_speed&quot;:&quot;0&quot;,&quot;title&quot;:&quot;&quot;,&quot;orientation&quot;:&quot;0&quot;}\" data-image-title=\"LES PARISIENNES- L OPERA\" data-image-description=\"\" data-image-caption=\"\" data-medium-file=\"https:\/\/i0.wp.com\/joyana.fr\/wp-content\/uploads\/2016\/02\/LES-PARISIENNES-L-OPERA.jpg?fit=389%2C292&amp;ssl=1\" data-large-file=\"https:\/\/i0.wp.com\/joyana.fr\/wp-content\/uploads\/2016\/02\/LES-PARISIENNES-L-OPERA.jpg?fit=1024%2C768&amp;ssl=1\" class=\"alignnone size-full wp-image-122891\" src=\"https:\/\/i0.wp.com\/joyana.fr\/wp-content\/uploads\/2016\/02\/LES-PARISIENNES-L-OPERA.jpg?resize=1200%2C900&#038;ssl=1\" alt=\"LES PARISIENNES- L OPERA\" width=\"1200\" height=\"900\" srcset=\"https:\/\/i0.wp.com\/joyana.fr\/wp-content\/uploads\/2016\/02\/LES-PARISIENNES-L-OPERA.jpg?w=1200&amp;ssl=1 1200w, https:\/\/i0.wp.com\/joyana.fr\/wp-content\/uploads\/2016\/02\/LES-PARISIENNES-L-OPERA.jpg?resize=389%2C292&amp;ssl=1 389w, https:\/\/i0.wp.com\/joyana.fr\/wp-content\/uploads\/2016\/02\/LES-PARISIENNES-L-OPERA.jpg?resize=1024%2C768&amp;ssl=1 1024w, https:\/\/i0.wp.com\/joyana.fr\/wp-content\/uploads\/2016\/02\/LES-PARISIENNES-L-OPERA.jpg?resize=768%2C576&amp;ssl=1 768w, https:\/\/i0.wp.com\/joyana.fr\/wp-content\/uploads\/2016\/02\/LES-PARISIENNES-L-OPERA.jpg?resize=920%2C690&amp;ssl=1 920w, https:\/\/i0.wp.com\/joyana.fr\/wp-content\/uploads\/2016\/02\/LES-PARISIENNES-L-OPERA.jpg?resize=600%2C450&amp;ssl=1 600w\" sizes=\"(max-width: 1000px) 100vw, 1000px\" \/><\/a><\/p>\n<p><a href=\"https:\/\/i0.wp.com\/joyana.fr\/wp-content\/uploads\/2016\/02\/LES-PARISIENNES-LA-ST-GERMAIN.jpg?ssl=1\"><img data-recalc-dims=\"1\" decoding=\"async\" data-attachment-id=\"122894\" data-permalink=\"https:\/\/joyana.fr\/ja\/luminaires-les-parisiennes-ozone-regis-botta\/122890\/les-parisiennes-la-st-germain\/\" data-orig-file=\"https:\/\/i0.wp.com\/joyana.fr\/wp-content\/uploads\/2016\/02\/LES-PARISIENNES-LA-ST-GERMAIN.jpg?fit=1200%2C900&amp;ssl=1\" data-orig-size=\"1200,900\" data-comments-opened=\"1\" data-image-meta=\"{&quot;aperture&quot;:&quot;0&quot;,&quot;credit&quot;:&quot;&quot;,&quot;camera&quot;:&quot;&quot;,&quot;caption&quot;:&quot;&quot;,&quot;created_timestamp&quot;:&quot;0&quot;,&quot;copyright&quot;:&quot;o z o n e&quot;,&quot;focal_length&quot;:&quot;0&quot;,&quot;iso&quot;:&quot;0&quot;,&quot;shutter_speed&quot;:&quot;0&quot;,&quot;title&quot;:&quot;&quot;,&quot;orientation&quot;:&quot;0&quot;}\" data-image-title=\"LES PARISIENNES- LA ST GERMAIN\" data-image-description=\"\" data-image-caption=\"\" data-medium-file=\"https:\/\/i0.wp.com\/joyana.fr\/wp-content\/uploads\/2016\/02\/LES-PARISIENNES-LA-ST-GERMAIN.jpg?fit=389%2C292&amp;ssl=1\" data-large-file=\"https:\/\/i0.wp.com\/joyana.fr\/wp-content\/uploads\/2016\/02\/LES-PARISIENNES-LA-ST-GERMAIN.jpg?fit=1024%2C768&amp;ssl=1\" class=\"alignnone size-full wp-image-122894\" src=\"https:\/\/i0.wp.com\/joyana.fr\/wp-content\/uploads\/2016\/02\/LES-PARISIENNES-LA-ST-GERMAIN.jpg?resize=1200%2C900&#038;ssl=1\" alt=\"LES PARISIENNES- LA ST GERMAIN\" width=\"1200\" height=\"900\" srcset=\"https:\/\/i0.wp.com\/joyana.fr\/wp-content\/uploads\/2016\/02\/LES-PARISIENNES-LA-ST-GERMAIN.jpg?w=1200&amp;ssl=1 1200w, https:\/\/i0.wp.com\/joyana.fr\/wp-content\/uploads\/2016\/02\/LES-PARISIENNES-LA-ST-GERMAIN.jpg?resize=600%2C450&amp;ssl=1 600w\" sizes=\"(max-width: 1000px) 100vw, 1000px\" \/><\/a><\/p>\n<p><a href=\"https:\/\/i0.wp.com\/joyana.fr\/wp-content\/uploads\/2016\/02\/LES-PARISIENNES-LA-MARAIS.jpg?ssl=1\"><img data-recalc-dims=\"1\" loading=\"lazy\" decoding=\"async\" data-attachment-id=\"122895\" data-permalink=\"https:\/\/joyana.fr\/ja\/luminaires-les-parisiennes-ozone-regis-botta\/122890\/les-parisiennes-la-marais\/\" data-orig-file=\"https:\/\/i0.wp.com\/joyana.fr\/wp-content\/uploads\/2016\/02\/LES-PARISIENNES-LA-MARAIS.jpg?fit=1200%2C900&amp;ssl=1\" data-orig-size=\"1200,900\" data-comments-opened=\"1\" data-image-meta=\"{&quot;aperture&quot;:&quot;0&quot;,&quot;credit&quot;:&quot;&quot;,&quot;camera&quot;:&quot;&quot;,&quot;caption&quot;:&quot;&quot;,&quot;created_timestamp&quot;:&quot;0&quot;,&quot;copyright&quot;:&quot;o z o n e&quot;,&quot;focal_length&quot;:&quot;0&quot;,&quot;iso&quot;:&quot;0&quot;,&quot;shutter_speed&quot;:&quot;0&quot;,&quot;title&quot;:&quot;&quot;,&quot;orientation&quot;:&quot;0&quot;}\" data-image-title=\"LES PARISIENNES-LA MARAIS\" data-image-description=\"\" data-image-caption=\"\" data-medium-file=\"https:\/\/i0.wp.com\/joyana.fr\/wp-content\/uploads\/2016\/02\/LES-PARISIENNES-LA-MARAIS.jpg?fit=389%2C292&amp;ssl=1\" data-large-file=\"https:\/\/i0.wp.com\/joyana.fr\/wp-content\/uploads\/2016\/02\/LES-PARISIENNES-LA-MARAIS.jpg?fit=1024%2C768&amp;ssl=1\" class=\"alignnone size-full wp-image-122895\" src=\"https:\/\/i0.wp.com\/joyana.fr\/wp-content\/uploads\/2016\/02\/LES-PARISIENNES-LA-MARAIS.jpg?resize=1200%2C900&#038;ssl=1\" alt=\"LES PARISIENNES-LA MARAIS\" width=\"1200\" height=\"900\" srcset=\"https:\/\/i0.wp.com\/joyana.fr\/wp-content\/uploads\/2016\/02\/LES-PARISIENNES-LA-MARAIS.jpg?w=1200&amp;ssl=1 1200w, https:\/\/i0.wp.com\/joyana.fr\/wp-content\/uploads\/2016\/02\/LES-PARISIENNES-LA-MARAIS.jpg?resize=600%2C450&amp;ssl=1 600w\" sizes=\"(max-width: 1000px) 100vw, 1000px\" \/><\/a><\/p>\n<p><a href=\"https:\/\/i0.wp.com\/joyana.fr\/wp-content\/uploads\/2016\/02\/LES-PARISIENNES-LA-RIVOLI.jpg?ssl=1\"><img data-recalc-dims=\"1\" loading=\"lazy\" decoding=\"async\" data-attachment-id=\"122893\" data-permalink=\"https:\/\/joyana.fr\/ja\/luminaires-les-parisiennes-ozone-regis-botta\/122890\/les-parisiennes-la-rivoli\/\" data-orig-file=\"https:\/\/i0.wp.com\/joyana.fr\/wp-content\/uploads\/2016\/02\/LES-PARISIENNES-LA-RIVOLI.jpg?fit=1200%2C900&amp;ssl=1\" data-orig-size=\"1200,900\" data-comments-opened=\"1\" data-image-meta=\"{&quot;aperture&quot;:&quot;0&quot;,&quot;credit&quot;:&quot;&quot;,&quot;camera&quot;:&quot;&quot;,&quot;caption&quot;:&quot;&quot;,&quot;created_timestamp&quot;:&quot;0&quot;,&quot;copyright&quot;:&quot;o z o n e&quot;,&quot;focal_length&quot;:&quot;0&quot;,&quot;iso&quot;:&quot;0&quot;,&quot;shutter_speed&quot;:&quot;0&quot;,&quot;title&quot;:&quot;&quot;,&quot;orientation&quot;:&quot;0&quot;}\" data-image-title=\"LES PARISIENNES- LA RIVOLI\" data-image-description=\"\" data-image-caption=\"\" data-medium-file=\"https:\/\/i0.wp.com\/joyana.fr\/wp-content\/uploads\/2016\/02\/LES-PARISIENNES-LA-RIVOLI.jpg?fit=389%2C292&amp;ssl=1\" data-large-file=\"https:\/\/i0.wp.com\/joyana.fr\/wp-content\/uploads\/2016\/02\/LES-PARISIENNES-LA-RIVOLI.jpg?fit=1024%2C768&amp;ssl=1\" class=\"alignnone size-full wp-image-122893\" src=\"https:\/\/i0.wp.com\/joyana.fr\/wp-content\/uploads\/2016\/02\/LES-PARISIENNES-LA-RIVOLI.jpg?resize=1200%2C900&#038;ssl=1\" alt=\"LES PARISIENNES- LA RIVOLI\" width=\"1200\" height=\"900\" srcset=\"https:\/\/i0.wp.com\/joyana.fr\/wp-content\/uploads\/2016\/02\/LES-PARISIENNES-LA-RIVOLI.jpg?w=1200&amp;ssl=1 1200w, https:\/\/i0.wp.com\/joyana.fr\/wp-content\/uploads\/2016\/02\/LES-PARISIENNES-LA-RIVOLI.jpg?resize=600%2C450&amp;ssl=1 600w\" sizes=\"(max-width: 1000px) 100vw, 1000px\" \/><\/a><\/p>\n<p style=\"text-align: center;\">En savoir + sur <strong><a href=\"http:\/\/www.regisbotta.com\" target=\"_blank\">REGIS BOTTA<\/a><\/strong> &amp; <strong><a href=\"http:\/\/www.ozonelight.com\/#en\/\" target=\"_blank\">OZONE<\/a><\/strong><\/p>\n","protected":false},"excerpt":{"rendered":"<p>Souvenez-vous chez Regis Botta, je vous pr\u00e9sentais son int\u00e9rieur et en avant premi\u00e8re les prototypes des lumin [&hellip;]<\/p>\n","protected":false},"author":3,"featured_media":122891,"comment_status":"open","ping_status":"open","sticky":false,"template":"","format":"standard","meta":{"_coblocks_attr":"","_coblocks_dimensions":"","_coblocks_responsive_height":"","_coblocks_accordion_ie_support":"","_uag_custom_page_level_css":"","advgb_blocks_editor_width":"","advgb_blocks_columns_visual_guide":"","_genesis_hide_title":false,"_genesis_hide_breadcrumbs":false,"_genesis_hide_singular_image":false,"_genesis_hide_footer_widgets":false,"_genesis_custom_body_class":"","_genesis_custom_post_class":"","_genesis_layout":"","_themeisle_gutenberg_block_has_review":false,"_jetpack_newsletter_access":"","_jetpack_dont_email_post_to_subs":false,"_jetpack_newsletter_tier_id":0,"_jetpack_memberships_contains_paywalled_content":false,"_jetpack_memberships_contains_paid_content":false,"footnotes":""},"categories":[905,99],"tags":[1133,1152,1500,12,1524,1318],"class_list":{"0":"post-122890","1":"post","2":"type-post","3":"status-publish","4":"format-standard","5":"has-post-thumbnail","7":"category-deco-design","8":"category-the-journal","9":"tag-lampe-design","10":"tag-luminaire","11":"tag-luminaire-design","12":"tag-paris","13":"tag-regis-botta","14":"tag-suspension-design","15":"entry"},"featured_image_urls":{"full":["https:\/\/i0.wp.com\/joyana.fr\/wp-content\/uploads\/2016\/02\/LES-PARISIENNES-L-OPERA.jpg?fit=1200%2C900&ssl=1",1200,900,false],"thumbnail":["https:\/\/i0.wp.com\/joyana.fr\/wp-content\/uploads\/2016\/02\/LES-PARISIENNES-L-OPERA.jpg?resize=150%2C150&ssl=1",150,150,true],"medium":["https:\/\/i0.wp.com\/joyana.fr\/wp-content\/uploads\/2016\/02\/LES-PARISIENNES-L-OPERA.jpg?fit=389%2C292&ssl=1",389,292,true],"medium_large":["https:\/\/i0.wp.com\/joyana.fr\/wp-content\/uploads\/2016\/02\/LES-PARISIENNES-L-OPERA.jpg?fit=768%2C576&ssl=1",768,576,true],"large":["https:\/\/i0.wp.com\/joyana.fr\/wp-content\/uploads\/2016\/02\/LES-PARISIENNES-L-OPERA.jpg?fit=1024%2C768&ssl=1",1024,768,true],"1536x1536":["https:\/\/i0.wp.com\/joyana.fr\/wp-content\/uploads\/2016\/02\/LES-PARISIENNES-L-OPERA.jpg?fit=1200%2C900&ssl=1",1200,900,true],"2048x2048":["https:\/\/i0.wp.com\/joyana.fr\/wp-content\/uploads\/2016\/02\/LES-PARISIENNES-L-OPERA.jpg?fit=1200%2C900&ssl=1",1200,900,true],"featured-thumb":["https:\/\/i0.wp.com\/joyana.fr\/wp-content\/uploads\/2016\/02\/LES-PARISIENNES-L-OPERA.jpg?resize=1200%2C750&ssl=1",1200,750,true],"ab-block-post-grid-landscape":["https:\/\/i0.wp.com\/joyana.fr\/wp-content\/uploads\/2016\/02\/LES-PARISIENNES-L-OPERA.jpg?resize=600%2C400&ssl=1",600,400,true],"ab-block-post-grid-square":["https:\/\/i0.wp.com\/joyana.fr\/wp-content\/uploads\/2016\/02\/LES-PARISIENNES-L-OPERA.jpg?resize=600%2C600&ssl=1",600,600,true],"author-pro-image":["https:\/\/i0.wp.com\/joyana.fr\/wp-content\/uploads\/2016\/02\/LES-PARISIENNES-L-OPERA.jpg?resize=360%2C570&ssl=1",360,570,true],"slider":["https:\/\/i0.wp.com\/joyana.fr\/wp-content\/uploads\/2016\/02\/LES-PARISIENNES-L-OPERA.jpg?resize=920%2C400&ssl=1",920,400,true],"woocommerce_thumbnail":["https:\/\/i0.wp.com\/joyana.fr\/wp-content\/uploads\/2016\/02\/LES-PARISIENNES-L-OPERA.jpg?resize=450%2C450&ssl=1",450,450,true],"woocommerce_single":["https:\/\/i0.wp.com\/joyana.fr\/wp-content\/uploads\/2016\/02\/LES-PARISIENNES-L-OPERA.jpg?fit=920%2C690&ssl=1",920,690,true],"woocommerce_gallery_thumbnail":["https:\/\/i0.wp.com\/joyana.fr\/wp-content\/uploads\/2016\/02\/LES-PARISIENNES-L-OPERA.jpg?resize=180%2C180&ssl=1",180,180,true],"sow-carousel-default":["https:\/\/i0.wp.com\/joyana.fr\/wp-content\/uploads\/2016\/02\/LES-PARISIENNES-L-OPERA.jpg?resize=272%2C182&ssl=1",272,182,true]},"post_excerpt_stackable":"<p>Souvenez-vous chez Regis Botta, je vous pr\u00e9sentais son int\u00e9rieur et en avant premi\u00e8re les prototypes&hellip;<\/p>\n","category_list":"<a href=\"https:\/\/joyana.fr\/ja\/category\/deco-design\/\" rel=\"category tag\">DECO-DESIGN<\/a>, <a href=\"https:\/\/joyana.fr\/ja\/category\/the-journal\/\" rel=\"category tag\">THE JOURNAL<\/a>","author_info":{"display_name":"Jo Yana","author_link":"https:\/\/joyana.fr\/ja\/author\/joyana\/"},"comments_num":"0 comments","featured_image_urls_v2":{"full":["https:\/\/i0.wp.com\/joyana.fr\/wp-content\/uploads\/2016\/02\/LES-PARISIENNES-L-OPERA.jpg?fit=1200%2C900&ssl=1",1200,900,false],"thumbnail":["https:\/\/i0.wp.com\/joyana.fr\/wp-content\/uploads\/2016\/02\/LES-PARISIENNES-L-OPERA.jpg?resize=150%2C150&ssl=1",150,150,true],"medium":["https:\/\/i0.wp.com\/joyana.fr\/wp-content\/uploads\/2016\/02\/LES-PARISIENNES-L-OPERA.jpg?fit=389%2C292&ssl=1",389,292,true],"medium_large":["https:\/\/i0.wp.com\/joyana.fr\/wp-content\/uploads\/2016\/02\/LES-PARISIENNES-L-OPERA.jpg?fit=768%2C576&ssl=1",768,576,true],"large":["https:\/\/i0.wp.com\/joyana.fr\/wp-content\/uploads\/2016\/02\/LES-PARISIENNES-L-OPERA.jpg?fit=1024%2C768&ssl=1",1024,768,true],"1536x1536":["https:\/\/i0.wp.com\/joyana.fr\/wp-content\/uploads\/2016\/02\/LES-PARISIENNES-L-OPERA.jpg?fit=1200%2C900&ssl=1",1200,900,true],"2048x2048":["https:\/\/i0.wp.com\/joyana.fr\/wp-content\/uploads\/2016\/02\/LES-PARISIENNES-L-OPERA.jpg?fit=1200%2C900&ssl=1",1200,900,true],"featured-thumb":["https:\/\/i0.wp.com\/joyana.fr\/wp-content\/uploads\/2016\/02\/LES-PARISIENNES-L-OPERA.jpg?resize=1200%2C750&ssl=1",1200,750,true],"ab-block-post-grid-landscape":["https:\/\/i0.wp.com\/joyana.fr\/wp-content\/uploads\/2016\/02\/LES-PARISIENNES-L-OPERA.jpg?resize=600%2C400&ssl=1",600,400,true],"ab-block-post-grid-square":["https:\/\/i0.wp.com\/joyana.fr\/wp-content\/uploads\/2016\/02\/LES-PARISIENNES-L-OPERA.jpg?resize=600%2C600&ssl=1",600,600,true],"author-pro-image":["https:\/\/i0.wp.com\/joyana.fr\/wp-content\/uploads\/2016\/02\/LES-PARISIENNES-L-OPERA.jpg?resize=360%2C570&ssl=1",360,570,true],"slider":["https:\/\/i0.wp.com\/joyana.fr\/wp-content\/uploads\/2016\/02\/LES-PARISIENNES-L-OPERA.jpg?resize=920%2C400&ssl=1",920,400,true],"woocommerce_thumbnail":["https:\/\/i0.wp.com\/joyana.fr\/wp-content\/uploads\/2016\/02\/LES-PARISIENNES-L-OPERA.jpg?resize=450%2C450&ssl=1",450,450,true],"woocommerce_single":["https:\/\/i0.wp.com\/joyana.fr\/wp-content\/uploads\/2016\/02\/LES-PARISIENNES-L-OPERA.jpg?fit=920%2C690&ssl=1",920,690,true],"woocommerce_gallery_thumbnail":["https:\/\/i0.wp.com\/joyana.fr\/wp-content\/uploads\/2016\/02\/LES-PARISIENNES-L-OPERA.jpg?resize=180%2C180&ssl=1",180,180,true],"sow-carousel-default":["https:\/\/i0.wp.com\/joyana.fr\/wp-content\/uploads\/2016\/02\/LES-PARISIENNES-L-OPERA.jpg?resize=272%2C182&ssl=1",272,182,true]},"post_excerpt_stackable_v2":"<p>Souvenez-vous chez Regis Botta, je vous pr\u00e9sentais son int\u00e9rieur et en avant premi\u00e8re les prototypes&hellip;<\/p>\n","category_list_v2":"<a href=\"https:\/\/joyana.fr\/ja\/category\/deco-design\/\" rel=\"category tag\">DECO-DESIGN<\/a>, <a href=\"https:\/\/joyana.fr\/ja\/category\/the-journal\/\" rel=\"category tag\">THE JOURNAL<\/a>","author_info_v2":{"name":"Jo Yana","url":"https:\/\/joyana.fr\/ja\/author\/joyana\/"},"comments_num_v2":"0 comments","yoast_head":"<!-- This site is optimized with the Yoast SEO plugin v26.8 - https:\/\/yoast.com\/product\/yoast-seo-wordpress\/ -->\n<title>Luminaires LES PARISIENNES - Regis BOTTA | JO YANA<\/title>\n<meta name=\"description\" content=\"Souvenez-vous\u00a0chez\u00a0Regis Botta, je vous pr\u00e9sentais son int\u00e9rieur et en avant premi\u00e8re les prototypes des\u00a0luminaires LES PARISIENNES...\" \/>\n<meta name=\"robots\" content=\"index, follow, max-snippet:-1, max-image-preview:large, max-video-preview:-1\" \/>\n<link rel=\"canonical\" href=\"https:\/\/joyana.fr\/ja\/luminaires-les-parisiennes-ozone-regis-botta\/122890\/\" \/>\n<meta property=\"og:locale\" content=\"ja_JP\" \/>\n<meta property=\"og:locale:alternate\" content=\"fr_FR\" \/>\n<meta property=\"og:locale:alternate\" content=\"en_US\" \/>\n<meta property=\"og:type\" content=\"article\" \/>\n<meta property=\"og:title\" content=\"Luminaires LES PARISIENNES - Regis BOTTA | JO YANA\" \/>\n<meta property=\"og:description\" content=\"Souvenez-vous\u00a0chez\u00a0Regis Botta, je vous pr\u00e9sentais son int\u00e9rieur et en avant premi\u00e8re les prototypes des\u00a0luminaires LES PARISIENNES...\" \/>\n<meta property=\"og:url\" content=\"https:\/\/joyana.fr\/ja\/luminaires-les-parisiennes-ozone-regis-botta\/122890\/\" \/>\n<meta property=\"og:site_name\" content=\"JO YANA\" \/>\n<meta property=\"article:published_time\" content=\"2016-02-10T08:14:54+00:00\" \/>\n<meta property=\"article:modified_time\" content=\"2016-02-10T09:16:24+00:00\" \/>\n<meta property=\"og:image\" content=\"https:\/\/joyana.fr\/wp-content\/uploads\/2016\/02\/LES-PARISIENNES-L-OPERA.jpg\" \/>\n\t<meta property=\"og:image:width\" content=\"1200\" \/>\n\t<meta property=\"og:image:height\" content=\"900\" \/>\n\t<meta property=\"og:image:type\" content=\"image\/jpeg\" \/>\n<meta name=\"author\" content=\"Jo Yana\" \/>\n<meta name=\"twitter:card\" content=\"summary_large_image\" \/>\n<meta name=\"twitter:creator\" content=\"@Jo_Yana\" \/>\n<meta name=\"twitter:site\" content=\"@Jo_Yana\" \/>\n<meta name=\"twitter:label1\" content=\"\u57f7\u7b46\u8005\" \/>\n\t<meta name=\"twitter:data1\" content=\"Jo Yana\" \/>\n\t<meta name=\"twitter:label2\" content=\"\u63a8\u5b9a\u8aad\u307f\u53d6\u308a\u6642\u9593\" \/>\n\t<meta name=\"twitter:data2\" content=\"1\u5206\" \/>\n<script type=\"application\/ld+json\" class=\"yoast-schema-graph\">{\"@context\":\"https:\/\/schema.org\",\"@graph\":[{\"@type\":\"Article\",\"@id\":\"https:\/\/joyana.fr\/en\/luminaires-les-parisiennes-ozone-regis-botta\/122890\/#article\",\"isPartOf\":{\"@id\":\"https:\/\/joyana.fr\/en\/luminaires-les-parisiennes-ozone-regis-botta\/122890\/\"},\"author\":{\"name\":\"Jo Yana\",\"@id\":\"https:\/\/www.joyana.fr\/ja\/#\/schema\/person\/cf2a1ad12a27c12c21801075bf37407c\"},\"headline\":\"Luminaires LES PARISIENNES &#8211; Regis BOTTA\",\"datePublished\":\"2016-02-10T08:14:54+00:00\",\"dateModified\":\"2016-02-10T09:16:24+00:00\",\"mainEntityOfPage\":{\"@id\":\"https:\/\/joyana.fr\/en\/luminaires-les-parisiennes-ozone-regis-botta\/122890\/\"},\"wordCount\":140,\"commentCount\":0,\"publisher\":{\"@id\":\"https:\/\/www.joyana.fr\/ja\/#\/schema\/person\/cf2a1ad12a27c12c21801075bf37407c\"},\"image\":{\"@id\":\"https:\/\/joyana.fr\/en\/luminaires-les-parisiennes-ozone-regis-botta\/122890\/#primaryimage\"},\"thumbnailUrl\":\"https:\/\/i0.wp.com\/joyana.fr\/wp-content\/uploads\/2016\/02\/LES-PARISIENNES-L-OPERA.jpg?fit=1200%2C900&ssl=1\",\"keywords\":[\"Lampe design\",\"Luminaire\",\"Luminaire design\",\"Paris\",\"Regis BOTTA\",\"Suspension design\"],\"articleSection\":[\"DECO-DESIGN\",\"THE JOURNAL\"],\"inLanguage\":\"ja\",\"potentialAction\":[{\"@type\":\"CommentAction\",\"name\":\"Comment\",\"target\":[\"https:\/\/joyana.fr\/en\/luminaires-les-parisiennes-ozone-regis-botta\/122890\/#respond\"]}]},{\"@type\":\"WebPage\",\"@id\":\"https:\/\/joyana.fr\/en\/luminaires-les-parisiennes-ozone-regis-botta\/122890\/\",\"url\":\"https:\/\/joyana.fr\/en\/luminaires-les-parisiennes-ozone-regis-botta\/122890\/\",\"name\":\"Luminaires LES PARISIENNES - Regis BOTTA | JO YANA\",\"isPartOf\":{\"@id\":\"https:\/\/www.joyana.fr\/ja\/#website\"},\"primaryImageOfPage\":{\"@id\":\"https:\/\/joyana.fr\/en\/luminaires-les-parisiennes-ozone-regis-botta\/122890\/#primaryimage\"},\"image\":{\"@id\":\"https:\/\/joyana.fr\/en\/luminaires-les-parisiennes-ozone-regis-botta\/122890\/#primaryimage\"},\"thumbnailUrl\":\"https:\/\/i0.wp.com\/joyana.fr\/wp-content\/uploads\/2016\/02\/LES-PARISIENNES-L-OPERA.jpg?fit=1200%2C900&ssl=1\",\"datePublished\":\"2016-02-10T08:14:54+00:00\",\"dateModified\":\"2016-02-10T09:16:24+00:00\",\"description\":\"Souvenez-vous\u00a0chez\u00a0Regis Botta, je vous pr\u00e9sentais son int\u00e9rieur et en avant premi\u00e8re les prototypes des\u00a0luminaires LES PARISIENNES...\",\"breadcrumb\":{\"@id\":\"https:\/\/joyana.fr\/en\/luminaires-les-parisiennes-ozone-regis-botta\/122890\/#breadcrumb\"},\"inLanguage\":\"ja\",\"potentialAction\":[{\"@type\":\"ReadAction\",\"target\":[\"https:\/\/joyana.fr\/en\/luminaires-les-parisiennes-ozone-regis-botta\/122890\/\"]}]},{\"@type\":\"ImageObject\",\"inLanguage\":\"ja\",\"@id\":\"https:\/\/joyana.fr\/en\/luminaires-les-parisiennes-ozone-regis-botta\/122890\/#primaryimage\",\"url\":\"https:\/\/i0.wp.com\/joyana.fr\/wp-content\/uploads\/2016\/02\/LES-PARISIENNES-L-OPERA.jpg?fit=1200%2C900&ssl=1\",\"contentUrl\":\"https:\/\/i0.wp.com\/joyana.fr\/wp-content\/uploads\/2016\/02\/LES-PARISIENNES-L-OPERA.jpg?fit=1200%2C900&ssl=1\",\"width\":1200,\"height\":900},{\"@type\":\"BreadcrumbList\",\"@id\":\"https:\/\/joyana.fr\/en\/luminaires-les-parisiennes-ozone-regis-botta\/122890\/#breadcrumb\",\"itemListElement\":[{\"@type\":\"ListItem\",\"position\":1,\"name\":\"Accueil\",\"item\":\"https:\/\/www.joyana.fr\/ja\/\"},{\"@type\":\"ListItem\",\"position\":2,\"name\":\"Luminaires LES PARISIENNES &#8211; Regis BOTTA\"}]},{\"@type\":\"WebSite\",\"@id\":\"https:\/\/www.joyana.fr\/ja\/#website\",\"url\":\"https:\/\/www.joyana.fr\/ja\/\",\"name\":\"JO YANA\",\"description\":\"Blog Mode Homme, Lifestyle, D\u00e9co-Design\",\"publisher\":{\"@id\":\"https:\/\/www.joyana.fr\/ja\/#\/schema\/person\/cf2a1ad12a27c12c21801075bf37407c\"},\"potentialAction\":[{\"@type\":\"SearchAction\",\"target\":{\"@type\":\"EntryPoint\",\"urlTemplate\":\"https:\/\/www.joyana.fr\/ja\/?s={search_term_string}\"},\"query-input\":{\"@type\":\"PropertyValueSpecification\",\"valueRequired\":true,\"valueName\":\"search_term_string\"}}],\"inLanguage\":\"ja\"},{\"@type\":[\"Person\",\"Organization\"],\"@id\":\"https:\/\/www.joyana.fr\/ja\/#\/schema\/person\/cf2a1ad12a27c12c21801075bf37407c\",\"name\":\"Jo Yana\",\"image\":{\"@type\":\"ImageObject\",\"inLanguage\":\"ja\",\"@id\":\"https:\/\/www.joyana.fr\/ja\/#\/schema\/person\/image\/\",\"url\":\"https:\/\/i0.wp.com\/joyana.fr\/wp-content\/uploads\/2016\/08\/cropped-joyana-logo-black-360x180.png?fit=343%2C164&ssl=1\",\"contentUrl\":\"https:\/\/i0.wp.com\/joyana.fr\/wp-content\/uploads\/2016\/08\/cropped-joyana-logo-black-360x180.png?fit=343%2C164&ssl=1\",\"width\":343,\"height\":164,\"caption\":\"Jo Yana\"},\"logo\":{\"@id\":\"https:\/\/www.joyana.fr\/ja\/#\/schema\/person\/image\/\"},\"description\":\"Jo Yana est le cr\u00e9ateur et r\u00e9dacteur en chef des sites DECO-DESIGN. Passionn\u00e9 de Design, Mode, Photo, Luxe, Lifestyle, Musique, mais avant tout Blogueur ! Le plaisir de partager l'anime et a comme devise \\\"POUR L'AMOUR DU BEAU\\\". Retrouvez le aussi sur son blog personnel - https:\/\/joyana.fr...\",\"sameAs\":[\"https:\/\/joyana.fr\/\"],\"url\":\"https:\/\/joyana.fr\/ja\/author\/joyana\/\"}]}<\/script>\n<!-- \/ Yoast SEO plugin. -->","yoast_head_json":{"title":"Luminaires LES PARISIENNES - Regis BOTTA | JO YANA","description":"Souvenez-vous\u00a0chez\u00a0Regis Botta, je vous pr\u00e9sentais son int\u00e9rieur et en avant premi\u00e8re les prototypes des\u00a0luminaires LES PARISIENNES...","robots":{"index":"index","follow":"follow","max-snippet":"max-snippet:-1","max-image-preview":"max-image-preview:large","max-video-preview":"max-video-preview:-1"},"canonical":"https:\/\/joyana.fr\/ja\/luminaires-les-parisiennes-ozone-regis-botta\/122890\/","og_locale":"ja_JP","og_type":"article","og_title":"Luminaires LES PARISIENNES - Regis BOTTA | JO YANA","og_description":"Souvenez-vous\u00a0chez\u00a0Regis Botta, je vous pr\u00e9sentais son int\u00e9rieur et en avant premi\u00e8re les prototypes des\u00a0luminaires LES PARISIENNES...","og_url":"https:\/\/joyana.fr\/ja\/luminaires-les-parisiennes-ozone-regis-botta\/122890\/","og_site_name":"JO YANA","article_published_time":"2016-02-10T08:14:54+00:00","article_modified_time":"2016-02-10T09:16:24+00:00","og_image":[{"width":1200,"height":900,"url":"https:\/\/joyana.fr\/wp-content\/uploads\/2016\/02\/LES-PARISIENNES-L-OPERA.jpg","type":"image\/jpeg"}],"author":"Jo Yana","twitter_card":"summary_large_image","twitter_creator":"@Jo_Yana","twitter_site":"@Jo_Yana","twitter_misc":{"\u57f7\u7b46\u8005":"Jo Yana","\u63a8\u5b9a\u8aad\u307f\u53d6\u308a\u6642\u9593":"1\u5206"},"schema":{"@context":"https:\/\/schema.org","@graph":[{"@type":"Article","@id":"https:\/\/joyana.fr\/en\/luminaires-les-parisiennes-ozone-regis-botta\/122890\/#article","isPartOf":{"@id":"https:\/\/joyana.fr\/en\/luminaires-les-parisiennes-ozone-regis-botta\/122890\/"},"author":{"name":"Jo Yana","@id":"https:\/\/www.joyana.fr\/ja\/#\/schema\/person\/cf2a1ad12a27c12c21801075bf37407c"},"headline":"Luminaires LES PARISIENNES &#8211; Regis BOTTA","datePublished":"2016-02-10T08:14:54+00:00","dateModified":"2016-02-10T09:16:24+00:00","mainEntityOfPage":{"@id":"https:\/\/joyana.fr\/en\/luminaires-les-parisiennes-ozone-regis-botta\/122890\/"},"wordCount":140,"commentCount":0,"publisher":{"@id":"https:\/\/www.joyana.fr\/ja\/#\/schema\/person\/cf2a1ad12a27c12c21801075bf37407c"},"image":{"@id":"https:\/\/joyana.fr\/en\/luminaires-les-parisiennes-ozone-regis-botta\/122890\/#primaryimage"},"thumbnailUrl":"https:\/\/i0.wp.com\/joyana.fr\/wp-content\/uploads\/2016\/02\/LES-PARISIENNES-L-OPERA.jpg?fit=1200%2C900&ssl=1","keywords":["Lampe design","Luminaire","Luminaire design","Paris","Regis BOTTA","Suspension design"],"articleSection":["DECO-DESIGN","THE JOURNAL"],"inLanguage":"ja","potentialAction":[{"@type":"CommentAction","name":"Comment","target":["https:\/\/joyana.fr\/en\/luminaires-les-parisiennes-ozone-regis-botta\/122890\/#respond"]}]},{"@type":"WebPage","@id":"https:\/\/joyana.fr\/en\/luminaires-les-parisiennes-ozone-regis-botta\/122890\/","url":"https:\/\/joyana.fr\/en\/luminaires-les-parisiennes-ozone-regis-botta\/122890\/","name":"Luminaires LES PARISIENNES - Regis BOTTA | JO YANA","isPartOf":{"@id":"https:\/\/www.joyana.fr\/ja\/#website"},"primaryImageOfPage":{"@id":"https:\/\/joyana.fr\/en\/luminaires-les-parisiennes-ozone-regis-botta\/122890\/#primaryimage"},"image":{"@id":"https:\/\/joyana.fr\/en\/luminaires-les-parisiennes-ozone-regis-botta\/122890\/#primaryimage"},"thumbnailUrl":"https:\/\/i0.wp.com\/joyana.fr\/wp-content\/uploads\/2016\/02\/LES-PARISIENNES-L-OPERA.jpg?fit=1200%2C900&ssl=1","datePublished":"2016-02-10T08:14:54+00:00","dateModified":"2016-02-10T09:16:24+00:00","description":"Souvenez-vous\u00a0chez\u00a0Regis Botta, je vous pr\u00e9sentais son int\u00e9rieur et en avant premi\u00e8re les prototypes des\u00a0luminaires LES PARISIENNES...","breadcrumb":{"@id":"https:\/\/joyana.fr\/en\/luminaires-les-parisiennes-ozone-regis-botta\/122890\/#breadcrumb"},"inLanguage":"ja","potentialAction":[{"@type":"ReadAction","target":["https:\/\/joyana.fr\/en\/luminaires-les-parisiennes-ozone-regis-botta\/122890\/"]}]},{"@type":"ImageObject","inLanguage":"ja","@id":"https:\/\/joyana.fr\/en\/luminaires-les-parisiennes-ozone-regis-botta\/122890\/#primaryimage","url":"https:\/\/i0.wp.com\/joyana.fr\/wp-content\/uploads\/2016\/02\/LES-PARISIENNES-L-OPERA.jpg?fit=1200%2C900&ssl=1","contentUrl":"https:\/\/i0.wp.com\/joyana.fr\/wp-content\/uploads\/2016\/02\/LES-PARISIENNES-L-OPERA.jpg?fit=1200%2C900&ssl=1","width":1200,"height":900},{"@type":"BreadcrumbList","@id":"https:\/\/joyana.fr\/en\/luminaires-les-parisiennes-ozone-regis-botta\/122890\/#breadcrumb","itemListElement":[{"@type":"ListItem","position":1,"name":"Accueil","item":"https:\/\/www.joyana.fr\/ja\/"},{"@type":"ListItem","position":2,"name":"Luminaires LES PARISIENNES &#8211; Regis BOTTA"}]},{"@type":"WebSite","@id":"https:\/\/www.joyana.fr\/ja\/#website","url":"https:\/\/www.joyana.fr\/ja\/","name":"JO YANA","description":"Blog Mode Homme, Lifestyle, D\u00e9co-Design","publisher":{"@id":"https:\/\/www.joyana.fr\/ja\/#\/schema\/person\/cf2a1ad12a27c12c21801075bf37407c"},"potentialAction":[{"@type":"SearchAction","target":{"@type":"EntryPoint","urlTemplate":"https:\/\/www.joyana.fr\/ja\/?s={search_term_string}"},"query-input":{"@type":"PropertyValueSpecification","valueRequired":true,"valueName":"search_term_string"}}],"inLanguage":"ja"},{"@type":["Person","Organization"],"@id":"https:\/\/www.joyana.fr\/ja\/#\/schema\/person\/cf2a1ad12a27c12c21801075bf37407c","name":"Jo Yana","image":{"@type":"ImageObject","inLanguage":"ja","@id":"https:\/\/www.joyana.fr\/ja\/#\/schema\/person\/image\/","url":"https:\/\/i0.wp.com\/joyana.fr\/wp-content\/uploads\/2016\/08\/cropped-joyana-logo-black-360x180.png?fit=343%2C164&ssl=1","contentUrl":"https:\/\/i0.wp.com\/joyana.fr\/wp-content\/uploads\/2016\/08\/cropped-joyana-logo-black-360x180.png?fit=343%2C164&ssl=1","width":343,"height":164,"caption":"Jo Yana"},"logo":{"@id":"https:\/\/www.joyana.fr\/ja\/#\/schema\/person\/image\/"},"description":"Jo Yana est le cr\u00e9ateur et r\u00e9dacteur en chef des sites DECO-DESIGN. Passionn\u00e9 de Design, Mode, Photo, Luxe, Lifestyle, Musique, mais avant tout Blogueur ! Le plaisir de partager l'anime et a comme devise \"POUR L'AMOUR DU BEAU\". Retrouvez le aussi sur son blog personnel - https:\/\/joyana.fr...","sameAs":["https:\/\/joyana.fr\/"],"url":"https:\/\/joyana.fr\/ja\/author\/joyana\/"}]}},"author_meta":{"display_name":"Jo Yana","author_link":"https:\/\/joyana.fr\/ja\/author\/joyana\/"},"featured_img":"https:\/\/i0.wp.com\/joyana.fr\/wp-content\/uploads\/2016\/02\/LES-PARISIENNES-L-OPERA.jpg?fit=389%2C292&ssl=1","featured_image_src":"https:\/\/i0.wp.com\/joyana.fr\/wp-content\/uploads\/2016\/02\/LES-PARISIENNES-L-OPERA.jpg?resize=600%2C400&ssl=1","featured_image_src_square":"https:\/\/i0.wp.com\/joyana.fr\/wp-content\/uploads\/2016\/02\/LES-PARISIENNES-L-OPERA.jpg?resize=600%2C600&ssl=1","jetpack_featured_media_url":"https:\/\/i0.wp.com\/joyana.fr\/wp-content\/uploads\/2016\/02\/LES-PARISIENNES-L-OPERA.jpg?fit=1200%2C900&ssl=1","uagb_featured_image_src":{"full":["https:\/\/i0.wp.com\/joyana.fr\/wp-content\/uploads\/2016\/02\/LES-PARISIENNES-L-OPERA.jpg?fit=1200%2C900&ssl=1",1200,900,false],"thumbnail":["https:\/\/i0.wp.com\/joyana.fr\/wp-content\/uploads\/2016\/02\/LES-PARISIENNES-L-OPERA.jpg?resize=150%2C150&ssl=1",150,150,true],"medium":["https:\/\/i0.wp.com\/joyana.fr\/wp-content\/uploads\/2016\/02\/LES-PARISIENNES-L-OPERA.jpg?fit=389%2C292&ssl=1",389,292,true],"medium_large":["https:\/\/i0.wp.com\/joyana.fr\/wp-content\/uploads\/2016\/02\/LES-PARISIENNES-L-OPERA.jpg?fit=768%2C576&ssl=1",768,576,true],"large":["https:\/\/i0.wp.com\/joyana.fr\/wp-content\/uploads\/2016\/02\/LES-PARISIENNES-L-OPERA.jpg?fit=1024%2C768&ssl=1",1024,768,true],"1536x1536":["https:\/\/i0.wp.com\/joyana.fr\/wp-content\/uploads\/2016\/02\/LES-PARISIENNES-L-OPERA.jpg?fit=1200%2C900&ssl=1",1200,900,true],"2048x2048":["https:\/\/i0.wp.com\/joyana.fr\/wp-content\/uploads\/2016\/02\/LES-PARISIENNES-L-OPERA.jpg?fit=1200%2C900&ssl=1",1200,900,true],"featured-thumb":["https:\/\/i0.wp.com\/joyana.fr\/wp-content\/uploads\/2016\/02\/LES-PARISIENNES-L-OPERA.jpg?resize=1200%2C750&ssl=1",1200,750,true],"ab-block-post-grid-landscape":["https:\/\/i0.wp.com\/joyana.fr\/wp-content\/uploads\/2016\/02\/LES-PARISIENNES-L-OPERA.jpg?resize=600%2C400&ssl=1",600,400,true],"ab-block-post-grid-square":["https:\/\/i0.wp.com\/joyana.fr\/wp-content\/uploads\/2016\/02\/LES-PARISIENNES-L-OPERA.jpg?resize=600%2C600&ssl=1",600,600,true],"author-pro-image":["https:\/\/i0.wp.com\/joyana.fr\/wp-content\/uploads\/2016\/02\/LES-PARISIENNES-L-OPERA.jpg?resize=360%2C570&ssl=1",360,570,true],"slider":["https:\/\/i0.wp.com\/joyana.fr\/wp-content\/uploads\/2016\/02\/LES-PARISIENNES-L-OPERA.jpg?resize=920%2C400&ssl=1",920,400,true],"woocommerce_thumbnail":["https:\/\/i0.wp.com\/joyana.fr\/wp-content\/uploads\/2016\/02\/LES-PARISIENNES-L-OPERA.jpg?resize=450%2C450&ssl=1",450,450,true],"woocommerce_single":["https:\/\/i0.wp.com\/joyana.fr\/wp-content\/uploads\/2016\/02\/LES-PARISIENNES-L-OPERA.jpg?fit=920%2C690&ssl=1",920,690,true],"woocommerce_gallery_thumbnail":["https:\/\/i0.wp.com\/joyana.fr\/wp-content\/uploads\/2016\/02\/LES-PARISIENNES-L-OPERA.jpg?resize=180%2C180&ssl=1",180,180,true],"sow-carousel-default":["https:\/\/i0.wp.com\/joyana.fr\/wp-content\/uploads\/2016\/02\/LES-PARISIENNES-L-OPERA.jpg?resize=272%2C182&ssl=1",272,182,true]},"uagb_author_info":{"display_name":"Jo Yana","author_link":"https:\/\/joyana.fr\/ja\/author\/joyana\/"},"uagb_comment_info":1,"uagb_excerpt":"Souvenez-vous chez Regis Botta, je vous pr\u00e9sentais son &hellip;","coauthors":[],"tax_additional":{"categories":{"linked":["<a href=\"https:\/\/joyana.fr\/ja\/category\/deco-design\/\" class=\"advgb-post-tax-term\">DECO-DESIGN<\/a>","<a href=\"https:\/\/joyana.fr\/ja\/category\/the-journal\/\" class=\"advgb-post-tax-term\">THE JOURNAL<\/a>"],"unlinked":["<span class=\"advgb-post-tax-term\">DECO-DESIGN<\/span>","<span class=\"advgb-post-tax-term\">THE JOURNAL<\/span>"]},"tags":{"linked":["<a href=\"https:\/\/joyana.fr\/ja\/category\/the-journal\/\" class=\"advgb-post-tax-term\">Lampe design<\/a>","<a href=\"https:\/\/joyana.fr\/ja\/category\/the-journal\/\" class=\"advgb-post-tax-term\">Luminaire<\/a>","<a href=\"https:\/\/joyana.fr\/ja\/category\/the-journal\/\" class=\"advgb-post-tax-term\">Luminaire design<\/a>","<a href=\"https:\/\/joyana.fr\/ja\/category\/the-journal\/\" class=\"advgb-post-tax-term\">Paris<\/a>","<a href=\"https:\/\/joyana.fr\/ja\/category\/the-journal\/\" class=\"advgb-post-tax-term\">Regis BOTTA<\/a>","<a href=\"https:\/\/joyana.fr\/ja\/category\/the-journal\/\" class=\"advgb-post-tax-term\">Suspension design<\/a>"],"unlinked":["<span class=\"advgb-post-tax-term\">Lampe design<\/span>","<span class=\"advgb-post-tax-term\">Luminaire<\/span>","<span class=\"advgb-post-tax-term\">Luminaire design<\/span>","<span class=\"advgb-post-tax-term\">Paris<\/span>","<span class=\"advgb-post-tax-term\">Regis BOTTA<\/span>","<span class=\"advgb-post-tax-term\">Suspension design<\/span>"]}},"comment_count":0,"relative_dates":{"created":"Posted 10\u5e74 ago","modified":"Updated 10\u5e74 ago"},"absolute_dates":{"created":"Posted on 10 2\u6708 2016","modified":"Updated on 10 2\u6708 2016"},"absolute_dates_time":{"created":"Posted on 10 2\u6708 2016 9:14","modified":"Updated on 10 2\u6708 2016 10:16"},"featured_img_caption":"","series_order":"","jetpack_sharing_enabled":true,"jetpack_shortlink":"https:\/\/wp.me\/p9bteI-vY6","jetpack-related-posts":[],"_links":{"self":[{"href":"https:\/\/joyana.fr\/ja\/wp-json\/wp\/v2\/posts\/122890","targetHints":{"allow":["GET"]}}],"collection":[{"href":"https:\/\/joyana.fr\/ja\/wp-json\/wp\/v2\/posts"}],"about":[{"href":"https:\/\/joyana.fr\/ja\/wp-json\/wp\/v2\/types\/post"}],"author":[{"embeddable":true,"href":"https:\/\/joyana.fr\/ja\/wp-json\/wp\/v2\/users\/3"}],"replies":[{"embeddable":true,"href":"https:\/\/joyana.fr\/ja\/wp-json\/wp\/v2\/comments?post=122890"}],"version-history":[{"count":2,"href":"https:\/\/joyana.fr\/ja\/wp-json\/wp\/v2\/posts\/122890\/revisions"}],"predecessor-version":[{"id":122907,"href":"https:\/\/joyana.fr\/ja\/wp-json\/wp\/v2\/posts\/122890\/revisions\/122907"}],"wp:featuredmedia":[{"embeddable":true,"href":"https:\/\/joyana.fr\/ja\/wp-json\/wp\/v2\/media\/122891"}],"wp:attachment":[{"href":"https:\/\/joyana.fr\/ja\/wp-json\/wp\/v2\/media?parent=122890"}],"wp:term":[{"taxonomy":"category","embeddable":true,"href":"https:\/\/joyana.fr\/ja\/wp-json\/wp\/v2\/categories?post=122890"},{"taxonomy":"post_tag","embeddable":true,"href":"https:\/\/joyana.fr\/ja\/wp-json\/wp\/v2\/tags?post=122890"}],"curies":[{"name":"wp","href":"https:\/\/api.w.org\/{rel}","templated":true}]}}