{"id":123222,"date":"2018-01-22T09:20:51","date_gmt":"2018-01-22T08:20:51","guid":{"rendered":"https:\/\/joyana.fr\/?p=123222"},"modified":"2018-06-19T06:44:57","modified_gmt":"2018-06-19T05:44:57","slug":"zeuxis-appartement-galerie-dart-a-paris","status":"publish","type":"post","link":"https:\/\/joyana.fr\/ja\/zeuxis-appartement-galerie-dart-a-paris\/123222\/","title":{"rendered":"ZEUXIS &#8211; Appartement \/ Galerie d&#8217;Art \u00e0 Paris"},"content":{"rendered":"<p>[vc_row][vc_column][vc_column_text]<\/p>\n<p style=\"text-align: justify;\">Vous vous souvenez de <a href=\"https:\/\/joyana.fr\/tag\/zeuxis\/\"><strong>ZEUXIS<\/strong><\/a> ? Cette galerie d&#8217;art parisienne pas comme les autres, imagin\u00e9e par Amelie du Chalard (vous pouvez retrouver notre premi\u00e8re rencontre en 2016 un peu plus bas). La Galerie s&#8217;agrandit, et prends ses quartiers rive droite dans un superbe loft minimaliste, o\u00f9 les oeuvres ne peuvent que s&#8217;\u00e9panouir&#8230;<!--more--><\/p>\n<p><img data-recalc-dims=\"1\" fetchpriority=\"high\" decoding=\"async\" data-attachment-id=\"126221\" data-permalink=\"https:\/\/joyana.fr\/ja\/zeuxis-appartement-galerie-dart-a-paris\/123222\/img_4543\/\" data-orig-file=\"https:\/\/i0.wp.com\/joyana.fr\/wp-content\/uploads\/2016\/03\/IMG_4543.jpg?fit=2000%2C2000&amp;ssl=1\" data-orig-size=\"2000,2000\" data-comments-opened=\"1\" data-image-meta=\"{&quot;aperture&quot;:&quot;2.5&quot;,&quot;credit&quot;:&quot;&quot;,&quot;camera&quot;:&quot;ILCE-7M2&quot;,&quot;caption&quot;:&quot;&quot;,&quot;created_timestamp&quot;:&quot;1516275858&quot;,&quot;copyright&quot;:&quot;&quot;,&quot;focal_length&quot;:&quot;55&quot;,&quot;iso&quot;:&quot;1600&quot;,&quot;shutter_speed&quot;:&quot;0.0125&quot;,&quot;title&quot;:&quot;&quot;,&quot;orientation&quot;:&quot;1&quot;}\" data-image-title=\"IMG_4543\" data-image-description=\"\" data-image-caption=\"\" data-medium-file=\"https:\/\/i0.wp.com\/joyana.fr\/wp-content\/uploads\/2016\/03\/IMG_4543.jpg?fit=389%2C389&amp;ssl=1\" data-large-file=\"https:\/\/i0.wp.com\/joyana.fr\/wp-content\/uploads\/2016\/03\/IMG_4543.jpg?fit=1024%2C1024&amp;ssl=1\" class=\"alignnone size-full wp-image-126221\" src=\"https:\/\/i0.wp.com\/joyana.fr\/wp-content\/uploads\/2016\/03\/IMG_4543.jpg?resize=2000%2C2000&#038;ssl=1\" alt=\"galerie d'art paris\" width=\"2000\" height=\"2000\" srcset=\"https:\/\/i0.wp.com\/joyana.fr\/wp-content\/uploads\/2016\/03\/IMG_4543.jpg?w=2000&amp;ssl=1 2000w, https:\/\/i0.wp.com\/joyana.fr\/wp-content\/uploads\/2016\/03\/IMG_4543.jpg?resize=300%2C300&amp;ssl=1 300w, https:\/\/i0.wp.com\/joyana.fr\/wp-content\/uploads\/2016\/03\/IMG_4543.jpg?resize=100%2C100&amp;ssl=1 100w, https:\/\/i0.wp.com\/joyana.fr\/wp-content\/uploads\/2016\/03\/IMG_4543.jpg?resize=600%2C600&amp;ssl=1 600w\" sizes=\"(max-width: 1000px) 100vw, 1000px\" \/><\/p>\n<h2 style=\"text-align: center;\"><strong><span style=\"color: #ff99cc;\">\u2013 UNE GALERIE D&#8217;ART RIVE DROITE, RIVE NET \u2013 <\/span><\/strong><\/h2>\n<p style=\"text-align: justify;\">\u00c0 deux pas de la rue des Martyrs et de la place Saint Georges, je retrouve Am\u00e9lie du Chalard, qui m&#8217;ouvre les portes de sa deuxi\u00e8me adresse parisienne. Un \u00e9crin sur deux \u00e9tages, pour exprimer l\u2019ensemble de ses collections : peintures, gravures, sculptures, photographies, \u0153uvres vid\u00e9os, et objets d\u2019art parmi les travaux des 60 artistes et des 10 designers qu\u2019elle repr\u00e9sente&#8230;<\/p>\n<p><img data-recalc-dims=\"1\" decoding=\"async\" data-attachment-id=\"126208\" data-permalink=\"https:\/\/joyana.fr\/ja\/zeuxis-appartement-galerie-dart-a-paris\/123222\/img_4529\/\" data-orig-file=\"https:\/\/i0.wp.com\/joyana.fr\/wp-content\/uploads\/2016\/03\/IMG_4529.jpg?fit=1924%2C1924&amp;ssl=1\" data-orig-size=\"1924,1924\" data-comments-opened=\"1\" data-image-meta=\"{&quot;aperture&quot;:&quot;2.5&quot;,&quot;credit&quot;:&quot;&quot;,&quot;camera&quot;:&quot;ILCE-7M2&quot;,&quot;caption&quot;:&quot;&quot;,&quot;created_timestamp&quot;:&quot;1516276843&quot;,&quot;copyright&quot;:&quot;&quot;,&quot;focal_length&quot;:&quot;55&quot;,&quot;iso&quot;:&quot;1600&quot;,&quot;shutter_speed&quot;:&quot;0.01&quot;,&quot;title&quot;:&quot;&quot;,&quot;orientation&quot;:&quot;1&quot;}\" data-image-title=\"IMG_4529\" data-image-description=\"\" data-image-caption=\"\" data-medium-file=\"https:\/\/i0.wp.com\/joyana.fr\/wp-content\/uploads\/2016\/03\/IMG_4529.jpg?fit=389%2C389&amp;ssl=1\" data-large-file=\"https:\/\/i0.wp.com\/joyana.fr\/wp-content\/uploads\/2016\/03\/IMG_4529.jpg?fit=1024%2C1024&amp;ssl=1\" class=\"alignnone size-full wp-image-126208\" src=\"https:\/\/i0.wp.com\/joyana.fr\/wp-content\/uploads\/2016\/03\/IMG_4529.jpg?resize=1924%2C1924&#038;ssl=1\" alt=\"galerie d'art paris\" width=\"1924\" height=\"1924\" srcset=\"https:\/\/i0.wp.com\/joyana.fr\/wp-content\/uploads\/2016\/03\/IMG_4529.jpg?w=1924&amp;ssl=1 1924w, https:\/\/i0.wp.com\/joyana.fr\/wp-content\/uploads\/2016\/03\/IMG_4529.jpg?resize=300%2C300&amp;ssl=1 300w, https:\/\/i0.wp.com\/joyana.fr\/wp-content\/uploads\/2016\/03\/IMG_4529.jpg?resize=100%2C100&amp;ssl=1 100w, https:\/\/i0.wp.com\/joyana.fr\/wp-content\/uploads\/2016\/03\/IMG_4529.jpg?resize=600%2C600&amp;ssl=1 600w\" sizes=\"(max-width: 1000px) 100vw, 1000px\" \/><\/p>\n<p><img data-recalc-dims=\"1\" decoding=\"async\" data-attachment-id=\"126212\" data-permalink=\"https:\/\/joyana.fr\/ja\/zeuxis-appartement-galerie-dart-a-paris\/123222\/img_4534\/\" data-orig-file=\"https:\/\/i0.wp.com\/joyana.fr\/wp-content\/uploads\/2016\/03\/IMG_4534.jpg?fit=1988%2C1988&amp;ssl=1\" data-orig-size=\"1988,1988\" data-comments-opened=\"1\" data-image-meta=\"{&quot;aperture&quot;:&quot;2.2&quot;,&quot;credit&quot;:&quot;&quot;,&quot;camera&quot;:&quot;ILCE-7M2&quot;,&quot;caption&quot;:&quot;&quot;,&quot;created_timestamp&quot;:&quot;1516276413&quot;,&quot;copyright&quot;:&quot;&quot;,&quot;focal_length&quot;:&quot;55&quot;,&quot;iso&quot;:&quot;800&quot;,&quot;shutter_speed&quot;:&quot;0.0125&quot;,&quot;title&quot;:&quot;&quot;,&quot;orientation&quot;:&quot;1&quot;}\" data-image-title=\"IMG_4534\" data-image-description=\"\" data-image-caption=\"\" data-medium-file=\"https:\/\/i0.wp.com\/joyana.fr\/wp-content\/uploads\/2016\/03\/IMG_4534.jpg?fit=389%2C389&amp;ssl=1\" data-large-file=\"https:\/\/i0.wp.com\/joyana.fr\/wp-content\/uploads\/2016\/03\/IMG_4534.jpg?fit=1024%2C1024&amp;ssl=1\" class=\"alignnone size-full wp-image-126212\" src=\"https:\/\/i0.wp.com\/joyana.fr\/wp-content\/uploads\/2016\/03\/IMG_4534.jpg?resize=1988%2C1988&#038;ssl=1\" alt=\"galerie d'art paris\" width=\"1988\" height=\"1988\" srcset=\"https:\/\/i0.wp.com\/joyana.fr\/wp-content\/uploads\/2016\/03\/IMG_4534.jpg?w=1988&amp;ssl=1 1988w, https:\/\/i0.wp.com\/joyana.fr\/wp-content\/uploads\/2016\/03\/IMG_4534.jpg?resize=300%2C300&amp;ssl=1 300w, https:\/\/i0.wp.com\/joyana.fr\/wp-content\/uploads\/2016\/03\/IMG_4534.jpg?resize=100%2C100&amp;ssl=1 100w, https:\/\/i0.wp.com\/joyana.fr\/wp-content\/uploads\/2016\/03\/IMG_4534.jpg?resize=600%2C600&amp;ssl=1 600w\" sizes=\"(max-width: 1000px) 100vw, 1000px\" \/><\/p>\n<p><img data-recalc-dims=\"1\" loading=\"lazy\" decoding=\"async\" data-attachment-id=\"126214\" data-permalink=\"https:\/\/joyana.fr\/ja\/zeuxis-appartement-galerie-dart-a-paris\/123222\/img_4536\/\" data-orig-file=\"https:\/\/i0.wp.com\/joyana.fr\/wp-content\/uploads\/2016\/03\/IMG_4536.jpg?fit=1968%2C1968&amp;ssl=1\" data-orig-size=\"1968,1968\" data-comments-opened=\"1\" data-image-meta=\"{&quot;aperture&quot;:&quot;2.2&quot;,&quot;credit&quot;:&quot;&quot;,&quot;camera&quot;:&quot;ILCE-7M2&quot;,&quot;caption&quot;:&quot;&quot;,&quot;created_timestamp&quot;:&quot;1516276260&quot;,&quot;copyright&quot;:&quot;&quot;,&quot;focal_length&quot;:&quot;55&quot;,&quot;iso&quot;:&quot;1250&quot;,&quot;shutter_speed&quot;:&quot;0.0125&quot;,&quot;title&quot;:&quot;&quot;,&quot;orientation&quot;:&quot;1&quot;}\" data-image-title=\"IMG_4536\" data-image-description=\"\" data-image-caption=\"\" data-medium-file=\"https:\/\/i0.wp.com\/joyana.fr\/wp-content\/uploads\/2016\/03\/IMG_4536.jpg?fit=389%2C389&amp;ssl=1\" data-large-file=\"https:\/\/i0.wp.com\/joyana.fr\/wp-content\/uploads\/2016\/03\/IMG_4536.jpg?fit=1024%2C1024&amp;ssl=1\" class=\"alignnone size-full wp-image-126214\" src=\"https:\/\/i0.wp.com\/joyana.fr\/wp-content\/uploads\/2016\/03\/IMG_4536.jpg?resize=1968%2C1968&#038;ssl=1\" alt=\"galerie d'art paris\" width=\"1968\" height=\"1968\" srcset=\"https:\/\/i0.wp.com\/joyana.fr\/wp-content\/uploads\/2016\/03\/IMG_4536.jpg?w=1968&amp;ssl=1 1968w, https:\/\/i0.wp.com\/joyana.fr\/wp-content\/uploads\/2016\/03\/IMG_4536.jpg?resize=300%2C300&amp;ssl=1 300w, https:\/\/i0.wp.com\/joyana.fr\/wp-content\/uploads\/2016\/03\/IMG_4536.jpg?resize=100%2C100&amp;ssl=1 100w, https:\/\/i0.wp.com\/joyana.fr\/wp-content\/uploads\/2016\/03\/IMG_4536.jpg?resize=600%2C600&amp;ssl=1 600w\" sizes=\"(max-width: 1000px) 100vw, 1000px\" \/><\/p>\n<p style=\"text-align: justify;\">Je ne vais pas vous r\u00e9-expliquer le concept ZEUXIS en d\u00e9tails (l&#8217;histoire est plus bas dans l&#8217;article), mais pour faire simple ici l\u2019art se vit naturellement. On ne d\u00e9couvre pas les artistes et leurs oeuvres dans un espace sans \u00e2me. La galerie a toujours investit des lieux de vie, o\u00f9 l&#8217;art illumine chaque pi\u00e8ce : de l\u2019entr\u00e9e au living room et de la chambre \u00e0 la salle de bain. Cette version rive droite b\u00e9n\u00e9ficie d&#8217;une superficie de 230 m2 r\u00e9partis sur deux niveaux, elle est trois fois plus grande que la premi\u00e8re art room rive gauche.<\/p>\n<p style=\"text-align: justify;\">Transform\u00e9 par l\u2019agence d\u2019architecture Batiik, ce nouveau lieu d\u00e9di\u00e9 \u00e0 l\u2019art contemporain permet de mettre en situation une centaine d\u2019\u0153uvres et d\u2019avoir un espace de stockage plus vaste. Avec une vitrine sur l\u2019ext\u00e9rieur, la galerie est visible de la rue et ouverte au public (ce qui change par rapport au premier lieu). Du b\u00e2timent datant des 18\u00e8me et 19\u00e8me si\u00e8cles, les architectes ont conserv\u00e9 les \u00e9l\u00e9ments anciens comme les poutres Eiffel et les poutres haussmanniennes tout en composant un int\u00e9rieur chic et contemporain&#8230;<\/p>\n<p><img data-recalc-dims=\"1\" loading=\"lazy\" decoding=\"async\" data-attachment-id=\"126210\" data-permalink=\"https:\/\/joyana.fr\/ja\/zeuxis-appartement-galerie-dart-a-paris\/123222\/img_4531\/\" data-orig-file=\"https:\/\/i0.wp.com\/joyana.fr\/wp-content\/uploads\/2016\/03\/IMG_4531.jpg?fit=1856%2C1856&amp;ssl=1\" data-orig-size=\"1856,1856\" data-comments-opened=\"1\" data-image-meta=\"{&quot;aperture&quot;:&quot;2&quot;,&quot;credit&quot;:&quot;&quot;,&quot;camera&quot;:&quot;ILCE-7M2&quot;,&quot;caption&quot;:&quot;&quot;,&quot;created_timestamp&quot;:&quot;1516276672&quot;,&quot;copyright&quot;:&quot;&quot;,&quot;focal_length&quot;:&quot;55&quot;,&quot;iso&quot;:&quot;1000&quot;,&quot;shutter_speed&quot;:&quot;0.0125&quot;,&quot;title&quot;:&quot;&quot;,&quot;orientation&quot;:&quot;1&quot;}\" data-image-title=\"IMG_4531\" data-image-description=\"\" data-image-caption=\"\" data-medium-file=\"https:\/\/i0.wp.com\/joyana.fr\/wp-content\/uploads\/2016\/03\/IMG_4531.jpg?fit=389%2C389&amp;ssl=1\" data-large-file=\"https:\/\/i0.wp.com\/joyana.fr\/wp-content\/uploads\/2016\/03\/IMG_4531.jpg?fit=1024%2C1024&amp;ssl=1\" class=\"alignnone size-full wp-image-126210\" src=\"https:\/\/i0.wp.com\/joyana.fr\/wp-content\/uploads\/2016\/03\/IMG_4531.jpg?resize=1856%2C1856&#038;ssl=1\" alt=\"\" width=\"1856\" height=\"1856\" srcset=\"https:\/\/i0.wp.com\/joyana.fr\/wp-content\/uploads\/2016\/03\/IMG_4531.jpg?w=1856&amp;ssl=1 1856w, https:\/\/i0.wp.com\/joyana.fr\/wp-content\/uploads\/2016\/03\/IMG_4531.jpg?resize=300%2C300&amp;ssl=1 300w, https:\/\/i0.wp.com\/joyana.fr\/wp-content\/uploads\/2016\/03\/IMG_4531.jpg?resize=100%2C100&amp;ssl=1 100w, https:\/\/i0.wp.com\/joyana.fr\/wp-content\/uploads\/2016\/03\/IMG_4531.jpg?resize=600%2C600&amp;ssl=1 600w\" sizes=\"(max-width: 1000px) 100vw, 1000px\" \/><\/p>\n<p style=\"text-align: justify;\">Avant d&#8217;\u00eatre rive gauche ou rive droite, ZEUXIS a surtout innov\u00e9 en \u00e9tant rive net ! Lorsque j&#8217;ai rencontr\u00e9 Am\u00e9lie du Chalard en 2016, sa galerie proposait d\u00e9j\u00e0 un concept in\u00e9dit de galerie d\u2019art contemporain, avec une place pour la vente en ligne assez cons\u00e9quente. Aujourd&#8217;hui la galerie va encore plus loin avec une application r\u00e9alit\u00e9 augment\u00e9e, pour vous permettre de visualiser chez vous ce que l&#8217;oeuvre va rendre sur votre mur&#8230; Id\u00e9e brillante !<\/p>\n<p><img data-recalc-dims=\"1\" loading=\"lazy\" decoding=\"async\" data-attachment-id=\"126220\" data-permalink=\"https:\/\/joyana.fr\/ja\/zeuxis-appartement-galerie-dart-a-paris\/123222\/img_4542\/\" data-orig-file=\"https:\/\/i0.wp.com\/joyana.fr\/wp-content\/uploads\/2016\/03\/IMG_4542.jpg?fit=1980%2C1980&amp;ssl=1\" data-orig-size=\"1980,1980\" data-comments-opened=\"1\" data-image-meta=\"{&quot;aperture&quot;:&quot;2.5&quot;,&quot;credit&quot;:&quot;&quot;,&quot;camera&quot;:&quot;ILCE-7M2&quot;,&quot;caption&quot;:&quot;&quot;,&quot;created_timestamp&quot;:&quot;1516275918&quot;,&quot;copyright&quot;:&quot;&quot;,&quot;focal_length&quot;:&quot;55&quot;,&quot;iso&quot;:&quot;1000&quot;,&quot;shutter_speed&quot;:&quot;0.0125&quot;,&quot;title&quot;:&quot;&quot;,&quot;orientation&quot;:&quot;1&quot;}\" data-image-title=\"IMG_4542\" data-image-description=\"\" data-image-caption=\"\" data-medium-file=\"https:\/\/i0.wp.com\/joyana.fr\/wp-content\/uploads\/2016\/03\/IMG_4542.jpg?fit=389%2C389&amp;ssl=1\" data-large-file=\"https:\/\/i0.wp.com\/joyana.fr\/wp-content\/uploads\/2016\/03\/IMG_4542.jpg?fit=1024%2C1024&amp;ssl=1\" class=\"alignnone size-full wp-image-126220\" src=\"https:\/\/i0.wp.com\/joyana.fr\/wp-content\/uploads\/2016\/03\/IMG_4542.jpg?resize=1980%2C1980&#038;ssl=1\" alt=\"galerie d'art paris\" width=\"1980\" height=\"1980\" srcset=\"https:\/\/i0.wp.com\/joyana.fr\/wp-content\/uploads\/2016\/03\/IMG_4542.jpg?w=1980&amp;ssl=1 1980w, https:\/\/i0.wp.com\/joyana.fr\/wp-content\/uploads\/2016\/03\/IMG_4542.jpg?resize=300%2C300&amp;ssl=1 300w, https:\/\/i0.wp.com\/joyana.fr\/wp-content\/uploads\/2016\/03\/IMG_4542.jpg?resize=100%2C100&amp;ssl=1 100w, https:\/\/i0.wp.com\/joyana.fr\/wp-content\/uploads\/2016\/03\/IMG_4542.jpg?resize=600%2C600&amp;ssl=1 600w\" sizes=\"(max-width: 1000px) 100vw, 1000px\" \/><\/p>\n<p><img data-recalc-dims=\"1\" loading=\"lazy\" decoding=\"async\" data-attachment-id=\"126218\" data-permalink=\"https:\/\/joyana.fr\/ja\/zeuxis-appartement-galerie-dart-a-paris\/123222\/img_4540\/\" data-orig-file=\"https:\/\/i0.wp.com\/joyana.fr\/wp-content\/uploads\/2016\/03\/IMG_4540.jpg?fit=1950%2C1950&amp;ssl=1\" data-orig-size=\"1950,1950\" data-comments-opened=\"1\" data-image-meta=\"{&quot;aperture&quot;:&quot;2.5&quot;,&quot;credit&quot;:&quot;&quot;,&quot;camera&quot;:&quot;ILCE-7M2&quot;,&quot;caption&quot;:&quot;&quot;,&quot;created_timestamp&quot;:&quot;1516275977&quot;,&quot;copyright&quot;:&quot;&quot;,&quot;focal_length&quot;:&quot;55&quot;,&quot;iso&quot;:&quot;1250&quot;,&quot;shutter_speed&quot;:&quot;0.0125&quot;,&quot;title&quot;:&quot;&quot;,&quot;orientation&quot;:&quot;1&quot;}\" data-image-title=\"IMG_4540\" data-image-description=\"\" data-image-caption=\"\" data-medium-file=\"https:\/\/i0.wp.com\/joyana.fr\/wp-content\/uploads\/2016\/03\/IMG_4540.jpg?fit=389%2C389&amp;ssl=1\" data-large-file=\"https:\/\/i0.wp.com\/joyana.fr\/wp-content\/uploads\/2016\/03\/IMG_4540.jpg?fit=1024%2C1024&amp;ssl=1\" class=\"alignnone size-full wp-image-126218\" src=\"https:\/\/i0.wp.com\/joyana.fr\/wp-content\/uploads\/2016\/03\/IMG_4540.jpg?resize=1950%2C1950&#038;ssl=1\" alt=\"galerie d'art paris\" width=\"1950\" height=\"1950\" srcset=\"https:\/\/i0.wp.com\/joyana.fr\/wp-content\/uploads\/2016\/03\/IMG_4540.jpg?w=1950&amp;ssl=1 1950w, https:\/\/i0.wp.com\/joyana.fr\/wp-content\/uploads\/2016\/03\/IMG_4540.jpg?resize=300%2C300&amp;ssl=1 300w, https:\/\/i0.wp.com\/joyana.fr\/wp-content\/uploads\/2016\/03\/IMG_4540.jpg?resize=100%2C100&amp;ssl=1 100w, https:\/\/i0.wp.com\/joyana.fr\/wp-content\/uploads\/2016\/03\/IMG_4540.jpg?resize=600%2C600&amp;ssl=1 600w\" sizes=\"(max-width: 1000px) 100vw, 1000px\" \/><\/p>\n<p><img data-recalc-dims=\"1\" loading=\"lazy\" decoding=\"async\" data-attachment-id=\"126219\" data-permalink=\"https:\/\/joyana.fr\/ja\/zeuxis-appartement-galerie-dart-a-paris\/123222\/img_4541\/\" data-orig-file=\"https:\/\/i0.wp.com\/joyana.fr\/wp-content\/uploads\/2016\/03\/IMG_4541.jpg?fit=1978%2C1978&amp;ssl=1\" data-orig-size=\"1978,1978\" data-comments-opened=\"1\" data-image-meta=\"{&quot;aperture&quot;:&quot;2.2&quot;,&quot;credit&quot;:&quot;&quot;,&quot;camera&quot;:&quot;ILCE-7M2&quot;,&quot;caption&quot;:&quot;&quot;,&quot;created_timestamp&quot;:&quot;1516276224&quot;,&quot;copyright&quot;:&quot;&quot;,&quot;focal_length&quot;:&quot;55&quot;,&quot;iso&quot;:&quot;1250&quot;,&quot;shutter_speed&quot;:&quot;0.0125&quot;,&quot;title&quot;:&quot;&quot;,&quot;orientation&quot;:&quot;1&quot;}\" data-image-title=\"IMG_4541\" data-image-description=\"\" data-image-caption=\"\" data-medium-file=\"https:\/\/i0.wp.com\/joyana.fr\/wp-content\/uploads\/2016\/03\/IMG_4541.jpg?fit=389%2C389&amp;ssl=1\" data-large-file=\"https:\/\/i0.wp.com\/joyana.fr\/wp-content\/uploads\/2016\/03\/IMG_4541.jpg?fit=1024%2C1024&amp;ssl=1\" class=\"alignnone size-full wp-image-126219\" src=\"https:\/\/i0.wp.com\/joyana.fr\/wp-content\/uploads\/2016\/03\/IMG_4541.jpg?resize=1978%2C1978&#038;ssl=1\" alt=\"galerie d'art paris\" width=\"1978\" height=\"1978\" srcset=\"https:\/\/i0.wp.com\/joyana.fr\/wp-content\/uploads\/2016\/03\/IMG_4541.jpg?w=1978&amp;ssl=1 1978w, https:\/\/i0.wp.com\/joyana.fr\/wp-content\/uploads\/2016\/03\/IMG_4541.jpg?resize=300%2C300&amp;ssl=1 300w, https:\/\/i0.wp.com\/joyana.fr\/wp-content\/uploads\/2016\/03\/IMG_4541.jpg?resize=100%2C100&amp;ssl=1 100w, https:\/\/i0.wp.com\/joyana.fr\/wp-content\/uploads\/2016\/03\/IMG_4541.jpg?resize=600%2C600&amp;ssl=1 600w\" sizes=\"(max-width: 1000px) 100vw, 1000px\" \/><\/p>\n<p><img data-recalc-dims=\"1\" loading=\"lazy\" decoding=\"async\" data-attachment-id=\"126213\" data-permalink=\"https:\/\/joyana.fr\/ja\/zeuxis-appartement-galerie-dart-a-paris\/123222\/img_4535\/\" data-orig-file=\"https:\/\/i0.wp.com\/joyana.fr\/wp-content\/uploads\/2016\/03\/IMG_4535.jpg?fit=1978%2C1978&amp;ssl=1\" data-orig-size=\"1978,1978\" data-comments-opened=\"1\" data-image-meta=\"{&quot;aperture&quot;:&quot;2.2&quot;,&quot;credit&quot;:&quot;&quot;,&quot;camera&quot;:&quot;ILCE-7M2&quot;,&quot;caption&quot;:&quot;&quot;,&quot;created_timestamp&quot;:&quot;1516276387&quot;,&quot;copyright&quot;:&quot;&quot;,&quot;focal_length&quot;:&quot;55&quot;,&quot;iso&quot;:&quot;1600&quot;,&quot;shutter_speed&quot;:&quot;0.0125&quot;,&quot;title&quot;:&quot;&quot;,&quot;orientation&quot;:&quot;1&quot;}\" data-image-title=\"IMG_4535\" data-image-description=\"\" data-image-caption=\"\" data-medium-file=\"https:\/\/i0.wp.com\/joyana.fr\/wp-content\/uploads\/2016\/03\/IMG_4535.jpg?fit=389%2C389&amp;ssl=1\" data-large-file=\"https:\/\/i0.wp.com\/joyana.fr\/wp-content\/uploads\/2016\/03\/IMG_4535.jpg?fit=1024%2C1024&amp;ssl=1\" class=\"alignnone size-full wp-image-126213\" src=\"https:\/\/i0.wp.com\/joyana.fr\/wp-content\/uploads\/2016\/03\/IMG_4535.jpg?resize=1978%2C1978&#038;ssl=1\" alt=\"galerie d'art paris\" width=\"1978\" height=\"1978\" srcset=\"https:\/\/i0.wp.com\/joyana.fr\/wp-content\/uploads\/2016\/03\/IMG_4535.jpg?w=1978&amp;ssl=1 1978w, https:\/\/i0.wp.com\/joyana.fr\/wp-content\/uploads\/2016\/03\/IMG_4535.jpg?resize=300%2C300&amp;ssl=1 300w, https:\/\/i0.wp.com\/joyana.fr\/wp-content\/uploads\/2016\/03\/IMG_4535.jpg?resize=100%2C100&amp;ssl=1 100w, https:\/\/i0.wp.com\/joyana.fr\/wp-content\/uploads\/2016\/03\/IMG_4535.jpg?resize=600%2C600&amp;ssl=1 600w\" sizes=\"(max-width: 1000px) 100vw, 1000px\" \/><\/p>\n<p><img data-recalc-dims=\"1\" loading=\"lazy\" decoding=\"async\" data-attachment-id=\"126216\" data-permalink=\"https:\/\/joyana.fr\/ja\/zeuxis-appartement-galerie-dart-a-paris\/123222\/img_4538\/\" data-orig-file=\"https:\/\/i0.wp.com\/joyana.fr\/wp-content\/uploads\/2016\/03\/IMG_4538.jpg?fit=2000%2C2000&amp;ssl=1\" data-orig-size=\"2000,2000\" data-comments-opened=\"1\" data-image-meta=\"{&quot;aperture&quot;:&quot;2.2&quot;,&quot;credit&quot;:&quot;&quot;,&quot;camera&quot;:&quot;ILCE-7M2&quot;,&quot;caption&quot;:&quot;&quot;,&quot;created_timestamp&quot;:&quot;1516276280&quot;,&quot;copyright&quot;:&quot;&quot;,&quot;focal_length&quot;:&quot;55&quot;,&quot;iso&quot;:&quot;1250&quot;,&quot;shutter_speed&quot;:&quot;0.0125&quot;,&quot;title&quot;:&quot;&quot;,&quot;orientation&quot;:&quot;1&quot;}\" data-image-title=\"IMG_4538\" data-image-description=\"\" data-image-caption=\"\" data-medium-file=\"https:\/\/i0.wp.com\/joyana.fr\/wp-content\/uploads\/2016\/03\/IMG_4538.jpg?fit=389%2C389&amp;ssl=1\" data-large-file=\"https:\/\/i0.wp.com\/joyana.fr\/wp-content\/uploads\/2016\/03\/IMG_4538.jpg?fit=1024%2C1024&amp;ssl=1\" class=\"alignnone size-full wp-image-126216\" src=\"https:\/\/i0.wp.com\/joyana.fr\/wp-content\/uploads\/2016\/03\/IMG_4538.jpg?resize=2000%2C2000&#038;ssl=1\" alt=\"galerie d'art paris\" width=\"2000\" height=\"2000\" srcset=\"https:\/\/i0.wp.com\/joyana.fr\/wp-content\/uploads\/2016\/03\/IMG_4538.jpg?w=2000&amp;ssl=1 2000w, https:\/\/i0.wp.com\/joyana.fr\/wp-content\/uploads\/2016\/03\/IMG_4538.jpg?resize=300%2C300&amp;ssl=1 300w, https:\/\/i0.wp.com\/joyana.fr\/wp-content\/uploads\/2016\/03\/IMG_4538.jpg?resize=100%2C100&amp;ssl=1 100w, https:\/\/i0.wp.com\/joyana.fr\/wp-content\/uploads\/2016\/03\/IMG_4538.jpg?resize=600%2C600&amp;ssl=1 600w\" sizes=\"(max-width: 1000px) 100vw, 1000px\" \/><\/p>\n<p><img data-recalc-dims=\"1\" loading=\"lazy\" decoding=\"async\" data-attachment-id=\"126215\" data-permalink=\"https:\/\/joyana.fr\/ja\/zeuxis-appartement-galerie-dart-a-paris\/123222\/img_4537\/\" data-orig-file=\"https:\/\/i0.wp.com\/joyana.fr\/wp-content\/uploads\/2016\/03\/IMG_4537.jpg?fit=1570%2C1570&amp;ssl=1\" data-orig-size=\"1570,1570\" data-comments-opened=\"1\" data-image-meta=\"{&quot;aperture&quot;:&quot;2.2&quot;,&quot;credit&quot;:&quot;&quot;,&quot;camera&quot;:&quot;ILCE-7M2&quot;,&quot;caption&quot;:&quot;&quot;,&quot;created_timestamp&quot;:&quot;1516276238&quot;,&quot;copyright&quot;:&quot;&quot;,&quot;focal_length&quot;:&quot;55&quot;,&quot;iso&quot;:&quot;1250&quot;,&quot;shutter_speed&quot;:&quot;0.0125&quot;,&quot;title&quot;:&quot;&quot;,&quot;orientation&quot;:&quot;1&quot;}\" data-image-title=\"IMG_4537\" data-image-description=\"\" data-image-caption=\"\" data-medium-file=\"https:\/\/i0.wp.com\/joyana.fr\/wp-content\/uploads\/2016\/03\/IMG_4537.jpg?fit=389%2C389&amp;ssl=1\" data-large-file=\"https:\/\/i0.wp.com\/joyana.fr\/wp-content\/uploads\/2016\/03\/IMG_4537.jpg?fit=1024%2C1024&amp;ssl=1\" class=\"alignnone size-full wp-image-126215\" src=\"https:\/\/i0.wp.com\/joyana.fr\/wp-content\/uploads\/2016\/03\/IMG_4537.jpg?resize=1570%2C1570&#038;ssl=1\" alt=\"galerie d'art paris\" width=\"1570\" height=\"1570\" srcset=\"https:\/\/i0.wp.com\/joyana.fr\/wp-content\/uploads\/2016\/03\/IMG_4537.jpg?w=1570&amp;ssl=1 1570w, https:\/\/i0.wp.com\/joyana.fr\/wp-content\/uploads\/2016\/03\/IMG_4537.jpg?resize=300%2C300&amp;ssl=1 300w, https:\/\/i0.wp.com\/joyana.fr\/wp-content\/uploads\/2016\/03\/IMG_4537.jpg?resize=100%2C100&amp;ssl=1 100w, https:\/\/i0.wp.com\/joyana.fr\/wp-content\/uploads\/2016\/03\/IMG_4537.jpg?resize=600%2C600&amp;ssl=1 600w\" sizes=\"(max-width: 1000px) 100vw, 1000px\" \/><\/p>\n<p><img data-recalc-dims=\"1\" loading=\"lazy\" decoding=\"async\" data-attachment-id=\"126211\" data-permalink=\"https:\/\/joyana.fr\/ja\/zeuxis-appartement-galerie-dart-a-paris\/123222\/img_4533\/\" data-orig-file=\"https:\/\/i0.wp.com\/joyana.fr\/wp-content\/uploads\/2016\/03\/IMG_4533.jpg?fit=1940%2C1940&amp;ssl=1\" data-orig-size=\"1940,1940\" data-comments-opened=\"1\" data-image-meta=\"{&quot;aperture&quot;:&quot;2.2&quot;,&quot;credit&quot;:&quot;&quot;,&quot;camera&quot;:&quot;ILCE-7M2&quot;,&quot;caption&quot;:&quot;&quot;,&quot;created_timestamp&quot;:&quot;1516276434&quot;,&quot;copyright&quot;:&quot;&quot;,&quot;focal_length&quot;:&quot;55&quot;,&quot;iso&quot;:&quot;800&quot;,&quot;shutter_speed&quot;:&quot;0.0125&quot;,&quot;title&quot;:&quot;&quot;,&quot;orientation&quot;:&quot;1&quot;}\" data-image-title=\"IMG_4533\" data-image-description=\"\" data-image-caption=\"\" data-medium-file=\"https:\/\/i0.wp.com\/joyana.fr\/wp-content\/uploads\/2016\/03\/IMG_4533.jpg?fit=389%2C389&amp;ssl=1\" data-large-file=\"https:\/\/i0.wp.com\/joyana.fr\/wp-content\/uploads\/2016\/03\/IMG_4533.jpg?fit=1024%2C1024&amp;ssl=1\" class=\"alignnone size-full wp-image-126211\" src=\"https:\/\/i0.wp.com\/joyana.fr\/wp-content\/uploads\/2016\/03\/IMG_4533.jpg?resize=1940%2C1940&#038;ssl=1\" alt=\"galerie d'art paris\" width=\"1940\" height=\"1940\" srcset=\"https:\/\/i0.wp.com\/joyana.fr\/wp-content\/uploads\/2016\/03\/IMG_4533.jpg?w=1940&amp;ssl=1 1940w, https:\/\/i0.wp.com\/joyana.fr\/wp-content\/uploads\/2016\/03\/IMG_4533.jpg?resize=300%2C300&amp;ssl=1 300w, https:\/\/i0.wp.com\/joyana.fr\/wp-content\/uploads\/2016\/03\/IMG_4533.jpg?resize=100%2C100&amp;ssl=1 100w, https:\/\/i0.wp.com\/joyana.fr\/wp-content\/uploads\/2016\/03\/IMG_4533.jpg?resize=600%2C600&amp;ssl=1 600w\" sizes=\"(max-width: 1000px) 100vw, 1000px\" \/><\/p>\n<p><img data-recalc-dims=\"1\" loading=\"lazy\" decoding=\"async\" data-attachment-id=\"126207\" data-permalink=\"https:\/\/joyana.fr\/ja\/zeuxis-appartement-galerie-dart-a-paris\/123222\/galerie-dart-paris-zeuxis-img_4532\/\" data-orig-file=\"https:\/\/i0.wp.com\/joyana.fr\/wp-content\/uploads\/2016\/03\/galerie-dart-paris-zeuxis-IMG_4532.jpg?fit=2000%2C2000&amp;ssl=1\" data-orig-size=\"2000,2000\" data-comments-opened=\"1\" data-image-meta=\"{&quot;aperture&quot;:&quot;2.2&quot;,&quot;credit&quot;:&quot;&quot;,&quot;camera&quot;:&quot;ILCE-7M2&quot;,&quot;caption&quot;:&quot;&quot;,&quot;created_timestamp&quot;:&quot;1516276472&quot;,&quot;copyright&quot;:&quot;&quot;,&quot;focal_length&quot;:&quot;55&quot;,&quot;iso&quot;:&quot;800&quot;,&quot;shutter_speed&quot;:&quot;0.0125&quot;,&quot;title&quot;:&quot;&quot;,&quot;orientation&quot;:&quot;1&quot;}\" data-image-title=\"galerie d&#8217;art paris zeuxis IMG_4532\" data-image-description=\"\" data-image-caption=\"\" data-medium-file=\"https:\/\/i0.wp.com\/joyana.fr\/wp-content\/uploads\/2016\/03\/galerie-dart-paris-zeuxis-IMG_4532.jpg?fit=389%2C389&amp;ssl=1\" data-large-file=\"https:\/\/i0.wp.com\/joyana.fr\/wp-content\/uploads\/2016\/03\/galerie-dart-paris-zeuxis-IMG_4532.jpg?fit=1024%2C1024&amp;ssl=1\" class=\"alignnone size-full wp-image-126207\" src=\"https:\/\/i0.wp.com\/joyana.fr\/wp-content\/uploads\/2016\/03\/galerie-dart-paris-zeuxis-IMG_4532.jpg?resize=2000%2C2000&#038;ssl=1\" alt=\"galerie d'art paris\" width=\"2000\" height=\"2000\" srcset=\"https:\/\/i0.wp.com\/joyana.fr\/wp-content\/uploads\/2016\/03\/galerie-dart-paris-zeuxis-IMG_4532.jpg?w=2000&amp;ssl=1 2000w, https:\/\/i0.wp.com\/joyana.fr\/wp-content\/uploads\/2016\/03\/galerie-dart-paris-zeuxis-IMG_4532.jpg?resize=389%2C389&amp;ssl=1 389w, https:\/\/i0.wp.com\/joyana.fr\/wp-content\/uploads\/2016\/03\/galerie-dart-paris-zeuxis-IMG_4532.jpg?resize=1024%2C1024&amp;ssl=1 1024w, https:\/\/i0.wp.com\/joyana.fr\/wp-content\/uploads\/2016\/03\/galerie-dart-paris-zeuxis-IMG_4532.jpg?resize=150%2C150&amp;ssl=1 150w, https:\/\/i0.wp.com\/joyana.fr\/wp-content\/uploads\/2016\/03\/galerie-dart-paris-zeuxis-IMG_4532.jpg?resize=768%2C768&amp;ssl=1 768w, https:\/\/i0.wp.com\/joyana.fr\/wp-content\/uploads\/2016\/03\/galerie-dart-paris-zeuxis-IMG_4532.jpg?resize=1536%2C1536&amp;ssl=1 1536w, https:\/\/i0.wp.com\/joyana.fr\/wp-content\/uploads\/2016\/03\/galerie-dart-paris-zeuxis-IMG_4532.jpg?resize=600%2C600&amp;ssl=1 600w, https:\/\/i0.wp.com\/joyana.fr\/wp-content\/uploads\/2016\/03\/galerie-dart-paris-zeuxis-IMG_4532.jpg?resize=450%2C450&amp;ssl=1 450w, https:\/\/i0.wp.com\/joyana.fr\/wp-content\/uploads\/2016\/03\/galerie-dart-paris-zeuxis-IMG_4532.jpg?resize=920%2C920&amp;ssl=1 920w, https:\/\/i0.wp.com\/joyana.fr\/wp-content\/uploads\/2016\/03\/galerie-dart-paris-zeuxis-IMG_4532.jpg?resize=180%2C180&amp;ssl=1 180w, https:\/\/i0.wp.com\/joyana.fr\/wp-content\/uploads\/2016\/03\/galerie-dart-paris-zeuxis-IMG_4532.jpg?resize=300%2C300&amp;ssl=1 300w, https:\/\/i0.wp.com\/joyana.fr\/wp-content\/uploads\/2016\/03\/galerie-dart-paris-zeuxis-IMG_4532.jpg?resize=100%2C100&amp;ssl=1 100w\" sizes=\"(max-width: 1000px) 100vw, 1000px\" \/><\/p>\n<p><img data-recalc-dims=\"1\" loading=\"lazy\" decoding=\"async\" data-attachment-id=\"126209\" data-permalink=\"https:\/\/joyana.fr\/ja\/zeuxis-appartement-galerie-dart-a-paris\/123222\/img_4530\/\" data-orig-file=\"https:\/\/i0.wp.com\/joyana.fr\/wp-content\/uploads\/2016\/03\/IMG_4530.jpg?fit=2000%2C2000&amp;ssl=1\" data-orig-size=\"2000,2000\" data-comments-opened=\"1\" data-image-meta=\"{&quot;aperture&quot;:&quot;2&quot;,&quot;credit&quot;:&quot;&quot;,&quot;camera&quot;:&quot;ILCE-7M2&quot;,&quot;caption&quot;:&quot;&quot;,&quot;created_timestamp&quot;:&quot;1516276732&quot;,&quot;copyright&quot;:&quot;&quot;,&quot;focal_length&quot;:&quot;55&quot;,&quot;iso&quot;:&quot;1000&quot;,&quot;shutter_speed&quot;:&quot;0.0125&quot;,&quot;title&quot;:&quot;&quot;,&quot;orientation&quot;:&quot;1&quot;}\" data-image-title=\"IMG_4530\" data-image-description=\"\" data-image-caption=\"\" data-medium-file=\"https:\/\/i0.wp.com\/joyana.fr\/wp-content\/uploads\/2016\/03\/IMG_4530.jpg?fit=389%2C389&amp;ssl=1\" data-large-file=\"https:\/\/i0.wp.com\/joyana.fr\/wp-content\/uploads\/2016\/03\/IMG_4530.jpg?fit=1024%2C1024&amp;ssl=1\" class=\"alignnone size-full wp-image-126209\" src=\"https:\/\/i0.wp.com\/joyana.fr\/wp-content\/uploads\/2016\/03\/IMG_4530.jpg?resize=2000%2C2000&#038;ssl=1\" alt=\"galerie d'art paris\" width=\"2000\" height=\"2000\" srcset=\"https:\/\/i0.wp.com\/joyana.fr\/wp-content\/uploads\/2016\/03\/IMG_4530.jpg?w=2000&amp;ssl=1 2000w, https:\/\/i0.wp.com\/joyana.fr\/wp-content\/uploads\/2016\/03\/IMG_4530.jpg?resize=300%2C300&amp;ssl=1 300w, https:\/\/i0.wp.com\/joyana.fr\/wp-content\/uploads\/2016\/03\/IMG_4530.jpg?resize=100%2C100&amp;ssl=1 100w, https:\/\/i0.wp.com\/joyana.fr\/wp-content\/uploads\/2016\/03\/IMG_4530.jpg?resize=600%2C600&amp;ssl=1 600w\" sizes=\"(max-width: 1000px) 100vw, 1000px\" \/><\/p>\n<p style=\"text-align: justify;\">Je voulais faire un update de cet article, pour une nouvelle fois f\u00e9liciter cette personne brillante qui me surprend \u00e0 travers ses choix. D\u2019un oeil toujours avis\u00e9, elle ne vend pas simplement ses oeuvres, elle s&#8217;implique avec ses artistes, va souvent les voir en atelier, et nous propose de belles visites sur <a href=\"https:\/\/www.instagram.com\/zeuxis_art\/\" target=\"_blank\" rel=\"noopener\">son compte instagram<\/a>&#8230; Encore bravo madame !<\/p>\n<p style=\"text-align: center;\"><a href=\"https:\/\/zeuxis-art.com\/fr\/\"><strong>ZEUXIS RIVE DROITE<\/strong><\/a><br \/>\n10, rue Clauzel. 75009 Paris<br \/>\nOuvert du lundi au samedi de 9h \u00e0 19h<\/p>\n<p>[\/vc_column_text][\/vc_column][\/vc_row][vc_row][vc_column][vc_column_text]<\/p>\n<h3 style=\"text-align: center;\"><span style=\"color: #ff99cc;\">\u2013 Galerie d&#8217;Art Paris &#8211; ZEUXIS &#8211; Mars 2016 \u2013 <\/span><\/h3>\n<p><a href=\"https:\/\/i0.wp.com\/joyana.fr\/wp-content\/uploads\/2016\/03\/BLOG_ZEUXIS-GALERIE-PARIS_14.jpg?ssl=1\"><img data-recalc-dims=\"1\" loading=\"lazy\" decoding=\"async\" data-attachment-id=\"123235\" data-permalink=\"https:\/\/joyana.fr\/ja\/zeuxis-appartement-galerie-dart-a-paris\/123222\/blog_zeuxis-galerie-paris_14\/\" data-orig-file=\"https:\/\/i0.wp.com\/joyana.fr\/wp-content\/uploads\/2016\/03\/BLOG_ZEUXIS-GALERIE-PARIS_14-e1457683395661.jpg?fit=1683%2C1683&amp;ssl=1\" data-orig-size=\"1683,1683\" data-comments-opened=\"1\" data-image-meta=\"{&quot;aperture&quot;:&quot;0&quot;,&quot;credit&quot;:&quot;&quot;,&quot;camera&quot;:&quot;&quot;,&quot;caption&quot;:&quot;&quot;,&quot;created_timestamp&quot;:&quot;0&quot;,&quot;copyright&quot;:&quot;&quot;,&quot;focal_length&quot;:&quot;0&quot;,&quot;iso&quot;:&quot;0&quot;,&quot;shutter_speed&quot;:&quot;0&quot;,&quot;title&quot;:&quot;&quot;,&quot;orientation&quot;:&quot;0&quot;}\" data-image-title=\"BLOG_ZEUXIS GALERIE PARIS_14\" data-image-description=\"\" data-image-caption=\"\" data-medium-file=\"https:\/\/i0.wp.com\/joyana.fr\/wp-content\/uploads\/2016\/03\/BLOG_ZEUXIS-GALERIE-PARIS_14-e1457683395661.jpg?fit=389%2C389&amp;ssl=1\" data-large-file=\"https:\/\/i0.wp.com\/joyana.fr\/wp-content\/uploads\/2016\/03\/BLOG_ZEUXIS-GALERIE-PARIS_14-e1457683395661.jpg?fit=1024%2C1024&amp;ssl=1\" class=\"alignnone wp-image-123235 size-full\" src=\"https:\/\/i0.wp.com\/joyana.fr\/wp-content\/uploads\/2016\/03\/BLOG_ZEUXIS-GALERIE-PARIS_14-e1457683395661.jpg?resize=1683%2C1683&#038;ssl=1\" alt=\"BLOG_ZEUXIS GALERIE PARIS_14\" width=\"1683\" height=\"1683\" srcset=\"https:\/\/i0.wp.com\/joyana.fr\/wp-content\/uploads\/2016\/03\/BLOG_ZEUXIS-GALERIE-PARIS_14-e1457683395661.jpg?w=1683&amp;ssl=1 1683w, https:\/\/i0.wp.com\/joyana.fr\/wp-content\/uploads\/2016\/03\/BLOG_ZEUXIS-GALERIE-PARIS_14-e1457683395661.jpg?resize=300%2C300&amp;ssl=1 300w, https:\/\/i0.wp.com\/joyana.fr\/wp-content\/uploads\/2016\/03\/BLOG_ZEUXIS-GALERIE-PARIS_14-e1457683395661.jpg?resize=100%2C100&amp;ssl=1 100w, https:\/\/i0.wp.com\/joyana.fr\/wp-content\/uploads\/2016\/03\/BLOG_ZEUXIS-GALERIE-PARIS_14-e1457683395661.jpg?resize=600%2C600&amp;ssl=1 600w\" sizes=\"(max-width: 1000px) 100vw, 1000px\" \/><\/a><\/p>\n<p style=\"text-align: justify;\">C\u2019est Am\u00e9lie du Chalard &#8211; cr\u00e9atrice du concept <a href=\"https:\/\/joyana.fr\/tag\/zeuxis\/\" target=\"_blank\" rel=\"noopener\"><strong>ZEUXIS<\/strong><\/a> &#8211; qui m\u2019ouvre les portes de ce superbe appartement parisien \/ galerie d\u2019art, o\u00f9 tout est \u00e0 vendre ou presque\u2026<\/p>\n<p style=\"text-align: justify;\">Cet appartement galerie, situ\u00e9 au 26 rue Martignac \u00e0\u00a0Paris &#8211; dont les murs sont habill\u00e9s de plus d\u2019une centaine d\u2019oeuvres &#8211; respire la passion pour l\u2019art contemporain. Celle qui l\u2019anime d\u2019une main de ma\u00eetre, c\u2019est Amelie du Chalard, jeune esth\u00e8te \u00e0 l\u2019oeil aguerri\u2026<\/p>\n<p style=\"text-align: justify;\">Issue du milieu bancaire, Amelie plaque tout pour se consacrer \u00e0 sa passion &#8211; l\u2019art\u2026 Je ne pouvais que me retrouver dans cette histoire. Au fil d\u2019une conversation avec elle, entre passionn\u00e9s, ce fut comme une \u00e9vidence, je devais absolument vous pr\u00e9senter son travail !<\/p>\n<p style=\"text-align: justify;\"><a href=\"https:\/\/i0.wp.com\/joyana.fr\/wp-content\/uploads\/2016\/03\/BLOG_ZEUXIS-GALERIE-PARIS_9.jpg?ssl=1\"><img data-recalc-dims=\"1\" loading=\"lazy\" decoding=\"async\" data-attachment-id=\"123230\" data-permalink=\"https:\/\/joyana.fr\/ja\/zeuxis-appartement-galerie-dart-a-paris\/123222\/blog_zeuxis-galerie-paris_9\/\" data-orig-file=\"https:\/\/i0.wp.com\/joyana.fr\/wp-content\/uploads\/2016\/03\/BLOG_ZEUXIS-GALERIE-PARIS_9.jpg?fit=1700%2C1700&amp;ssl=1\" data-orig-size=\"1700,1700\" data-comments-opened=\"1\" data-image-meta=\"{&quot;aperture&quot;:&quot;0&quot;,&quot;credit&quot;:&quot;&quot;,&quot;camera&quot;:&quot;&quot;,&quot;caption&quot;:&quot;&quot;,&quot;created_timestamp&quot;:&quot;0&quot;,&quot;copyright&quot;:&quot;&quot;,&quot;focal_length&quot;:&quot;0&quot;,&quot;iso&quot;:&quot;0&quot;,&quot;shutter_speed&quot;:&quot;0&quot;,&quot;title&quot;:&quot;&quot;,&quot;orientation&quot;:&quot;1&quot;}\" data-image-title=\"BLOG_ZEUXIS GALERIE PARIS_9\" data-image-description=\"\" data-image-caption=\"\" data-medium-file=\"https:\/\/i0.wp.com\/joyana.fr\/wp-content\/uploads\/2016\/03\/BLOG_ZEUXIS-GALERIE-PARIS_9.jpg?fit=389%2C389&amp;ssl=1\" data-large-file=\"https:\/\/i0.wp.com\/joyana.fr\/wp-content\/uploads\/2016\/03\/BLOG_ZEUXIS-GALERIE-PARIS_9.jpg?fit=1024%2C1024&amp;ssl=1\" class=\"alignnone size-full wp-image-123230\" src=\"https:\/\/i0.wp.com\/joyana.fr\/wp-content\/uploads\/2016\/03\/BLOG_ZEUXIS-GALERIE-PARIS_9.jpg?resize=1700%2C1700&#038;ssl=1\" alt=\"BLOG_ZEUXIS GALERIE PARIS_9\" width=\"1700\" height=\"1700\" srcset=\"https:\/\/i0.wp.com\/joyana.fr\/wp-content\/uploads\/2016\/03\/BLOG_ZEUXIS-GALERIE-PARIS_9.jpg?w=1700&amp;ssl=1 1700w, https:\/\/i0.wp.com\/joyana.fr\/wp-content\/uploads\/2016\/03\/BLOG_ZEUXIS-GALERIE-PARIS_9.jpg?resize=300%2C300&amp;ssl=1 300w, https:\/\/i0.wp.com\/joyana.fr\/wp-content\/uploads\/2016\/03\/BLOG_ZEUXIS-GALERIE-PARIS_9.jpg?resize=100%2C100&amp;ssl=1 100w, https:\/\/i0.wp.com\/joyana.fr\/wp-content\/uploads\/2016\/03\/BLOG_ZEUXIS-GALERIE-PARIS_9.jpg?resize=600%2C600&amp;ssl=1 600w\" sizes=\"(max-width: 1000px) 100vw, 1000px\" \/><\/a><\/p>\n<p>[\/vc_column_text][\/vc_column][\/vc_row][vc_row parallax=&#8221;content-moving&#8221; full_width_row=&#8221;bg&#8221; css=&#8221;.vc_custom_1457685529811{background-image: url(https:\/\/joyana.fr\/wp-content\/uploads\/2016\/03\/BLOG_ZEUXIS-GALERIE-PARIS_4.jpg?id=123225) !important;background-position: center;background-repeat: no-repeat !important;background-size: cover !important;}&#8221; el_class=&#8221;parallaxe&#8221;][vc_column el_class=&#8221;parallaxe-inside&#8221;][vc_btn title=&#8221;&#8221; style=&#8221;custom&#8221; custom_background=&#8221;rgba(237,237,237,0.01)&#8221; custom_text=&#8221;rgba(102,102,102,0.01)&#8221; shape=&#8221;square&#8221; size=&#8221;lg&#8221; align=&#8221;center&#8221; link=&#8221;url:%2F||&#8221; button_block=&#8221;true&#8221; el_class=&#8221;parallaxe-button&#8221;][\/vc_column][\/vc_row][vc_row][vc_column][vc_column_text]<a href=\"https:\/\/i0.wp.com\/joyana.fr\/wp-content\/uploads\/2016\/03\/BLOG_ZEUXIS-GALERIE-PARIS_2.jpg?ssl=1\"><img data-recalc-dims=\"1\" loading=\"lazy\" decoding=\"async\" data-attachment-id=\"123223\" data-permalink=\"https:\/\/joyana.fr\/ja\/zeuxis-appartement-galerie-dart-a-paris\/123222\/blog_zeuxis-galerie-paris_2\/\" data-orig-file=\"https:\/\/i0.wp.com\/joyana.fr\/wp-content\/uploads\/2016\/03\/BLOG_ZEUXIS-GALERIE-PARIS_2.jpg?fit=1700%2C1700&amp;ssl=1\" data-orig-size=\"1700,1700\" data-comments-opened=\"1\" data-image-meta=\"{&quot;aperture&quot;:&quot;0&quot;,&quot;credit&quot;:&quot;&quot;,&quot;camera&quot;:&quot;&quot;,&quot;caption&quot;:&quot;&quot;,&quot;created_timestamp&quot;:&quot;0&quot;,&quot;copyright&quot;:&quot;&quot;,&quot;focal_length&quot;:&quot;0&quot;,&quot;iso&quot;:&quot;0&quot;,&quot;shutter_speed&quot;:&quot;0&quot;,&quot;title&quot;:&quot;&quot;,&quot;orientation&quot;:&quot;1&quot;}\" data-image-title=\"BLOG_ZEUXIS GALERIE PARIS_2\" data-image-description=\"\" data-image-caption=\"\" data-medium-file=\"https:\/\/i0.wp.com\/joyana.fr\/wp-content\/uploads\/2016\/03\/BLOG_ZEUXIS-GALERIE-PARIS_2.jpg?fit=389%2C389&amp;ssl=1\" data-large-file=\"https:\/\/i0.wp.com\/joyana.fr\/wp-content\/uploads\/2016\/03\/BLOG_ZEUXIS-GALERIE-PARIS_2.jpg?fit=1024%2C1024&amp;ssl=1\" class=\"alignnone size-full wp-image-123223\" src=\"https:\/\/i0.wp.com\/joyana.fr\/wp-content\/uploads\/2016\/03\/BLOG_ZEUXIS-GALERIE-PARIS_2.jpg?resize=1700%2C1700&#038;ssl=1\" alt=\"BLOG_ZEUXIS GALERIE PARIS_2\" width=\"1700\" height=\"1700\" srcset=\"https:\/\/i0.wp.com\/joyana.fr\/wp-content\/uploads\/2016\/03\/BLOG_ZEUXIS-GALERIE-PARIS_2.jpg?w=1700&amp;ssl=1 1700w, https:\/\/i0.wp.com\/joyana.fr\/wp-content\/uploads\/2016\/03\/BLOG_ZEUXIS-GALERIE-PARIS_2.jpg?resize=300%2C300&amp;ssl=1 300w, https:\/\/i0.wp.com\/joyana.fr\/wp-content\/uploads\/2016\/03\/BLOG_ZEUXIS-GALERIE-PARIS_2.jpg?resize=100%2C100&amp;ssl=1 100w, https:\/\/i0.wp.com\/joyana.fr\/wp-content\/uploads\/2016\/03\/BLOG_ZEUXIS-GALERIE-PARIS_2.jpg?resize=600%2C600&amp;ssl=1 600w\" sizes=\"(max-width: 1000px) 100vw, 1000px\" \/><\/a><\/p>\n<p style=\"text-align: justify;\">Au del\u00e0 de cet appartement hors norme, ZEUXIS c\u2019est La premi\u00e8re plateforme digitale qui s\u00e9lectionne des artistes de grande qualit\u00e9 et prometteurs, et expose une partie de leurs \u0153uvres (peintures, sculptures, gravures, dessins, etc\u2026 dans des appartements d\u2019exception comme celui-ci \u00e0 Paris, mais bient\u00f4t \u00e0 Londres, et j\u2019esp\u00e8re Marseille\u2026<\/p>\n<p style=\"text-align: justify;\">Prenez rendez-vous pour une visite, si vous voulez voir l\u2019oeuvre en situation ; ou acheter la facilement, en quelques clics\u2026 c\u2019est tout le concept ! ZEUXIS c\u2019est aussi un moyen de d\u00e9couvrir et d\u2019approfondir vos sensibilit\u00e9s artistiques, et surtout de devenir collectionneur ! Les oeuvres vont de 150\u20ac \u00e0 15.000\u20ac, l\u2019art s\u2019ouvre a ainsi \u00e0 tous\u2026<\/p>\n<p><a href=\"https:\/\/i0.wp.com\/joyana.fr\/wp-content\/uploads\/2016\/03\/BLOG_ZEUXIS-GALERIE-PARIS_151.jpg?ssl=1\"><img data-recalc-dims=\"1\" loading=\"lazy\" decoding=\"async\" data-attachment-id=\"123252\" data-permalink=\"https:\/\/joyana.fr\/ja\/zeuxis-appartement-galerie-dart-a-paris\/123222\/blog_zeuxis-galerie-paris_15-2\/\" data-orig-file=\"https:\/\/i0.wp.com\/joyana.fr\/wp-content\/uploads\/2016\/03\/BLOG_ZEUXIS-GALERIE-PARIS_151.jpg?fit=1700%2C1700&amp;ssl=1\" data-orig-size=\"1700,1700\" data-comments-opened=\"1\" data-image-meta=\"{&quot;aperture&quot;:&quot;0&quot;,&quot;credit&quot;:&quot;&quot;,&quot;camera&quot;:&quot;&quot;,&quot;caption&quot;:&quot;&quot;,&quot;created_timestamp&quot;:&quot;0&quot;,&quot;copyright&quot;:&quot;&quot;,&quot;focal_length&quot;:&quot;0&quot;,&quot;iso&quot;:&quot;0&quot;,&quot;shutter_speed&quot;:&quot;0&quot;,&quot;title&quot;:&quot;&quot;,&quot;orientation&quot;:&quot;1&quot;}\" data-image-title=\"BLOG_ZEUXIS GALERIE PARIS_15\" data-image-description=\"\" data-image-caption=\"\" data-medium-file=\"https:\/\/i0.wp.com\/joyana.fr\/wp-content\/uploads\/2016\/03\/BLOG_ZEUXIS-GALERIE-PARIS_151.jpg?fit=389%2C389&amp;ssl=1\" data-large-file=\"https:\/\/i0.wp.com\/joyana.fr\/wp-content\/uploads\/2016\/03\/BLOG_ZEUXIS-GALERIE-PARIS_151.jpg?fit=1024%2C1024&amp;ssl=1\" class=\"alignnone size-full wp-image-123252\" src=\"https:\/\/i0.wp.com\/joyana.fr\/wp-content\/uploads\/2016\/03\/BLOG_ZEUXIS-GALERIE-PARIS_151.jpg?resize=1700%2C1700&#038;ssl=1\" alt=\"BLOG_ZEUXIS GALERIE PARIS_15\" width=\"1700\" height=\"1700\" srcset=\"https:\/\/i0.wp.com\/joyana.fr\/wp-content\/uploads\/2016\/03\/BLOG_ZEUXIS-GALERIE-PARIS_151.jpg?w=1700&amp;ssl=1 1700w, https:\/\/i0.wp.com\/joyana.fr\/wp-content\/uploads\/2016\/03\/BLOG_ZEUXIS-GALERIE-PARIS_151.jpg?resize=300%2C300&amp;ssl=1 300w, https:\/\/i0.wp.com\/joyana.fr\/wp-content\/uploads\/2016\/03\/BLOG_ZEUXIS-GALERIE-PARIS_151.jpg?resize=100%2C100&amp;ssl=1 100w, https:\/\/i0.wp.com\/joyana.fr\/wp-content\/uploads\/2016\/03\/BLOG_ZEUXIS-GALERIE-PARIS_151.jpg?resize=600%2C600&amp;ssl=1 600w\" sizes=\"(max-width: 1000px) 100vw, 1000px\" \/><\/a>[\/vc_column_text][\/vc_column][\/vc_row][vc_row parallax=&#8221;content-moving&#8221; full_width_row=&#8221;bg&#8221; css=&#8221;.vc_custom_1457685515617{background-image: url(https:\/\/joyana.fr\/wp-content\/uploads\/2016\/03\/BLOG_ZEUXIS-GALERIE-PARIS_7.jpg?id=123228) !important;background-position: center;background-repeat: no-repeat !important;background-size: cover !important;}&#8221; el_class=&#8221;parallaxe&#8221;][vc_column el_class=&#8221;parallaxe-inside&#8221;][vc_btn title=&#8221;&#8221; style=&#8221;custom&#8221; custom_background=&#8221;rgba(237,237,237,0.01)&#8221; custom_text=&#8221;rgba(102,102,102,0.01)&#8221; shape=&#8221;square&#8221; size=&#8221;lg&#8221; align=&#8221;center&#8221; link=&#8221;url:%2F||&#8221; button_block=&#8221;true&#8221; el_class=&#8221;parallaxe-button&#8221;][\/vc_column][\/vc_row][vc_row][vc_column][vc_column_text]<\/p>\n<h2 style=\"text-align: center;\"><span style=\"color: #ff99cc;\">\u2013 INTERVIEW AMELIE DU CHALARD (ZEUXIS) \u2013<\/span><\/h2>\n<p style=\"text-align: justify;\"><span style=\"color: #ff99cc;\">Jo Yana \u2013 Qu\u2019est-ce que le \u00ab Beau \u00bb pour toi ?<\/span><br \/>\nAmelie du Chalard \u2013 La cr\u00e9ation. Zola disait qu'&#8221;une oeuvre d&#8217;art est un coin de la cr\u00e9ation vu \u00e0 travers un temp\u00e9rament&#8221;. C&#8217;est ce filtre tr\u00e8s personnel que je trouve beau.<\/p>\n<p style=\"text-align: justify;\"><span style=\"color: #ff99cc;\">\u2013 Si je dis Beau et un lieu dans le monde\u2026\u00a0<\/span>l&#8217;ile de Porquerolles et ses all\u00e9es de pins parasols&#8230;<\/p>\n<p style=\"text-align: justify;\"><span style=\"color: #ff99cc;\">\u2013 Si je dis Beau et une marque de mode\u2026<\/span> Chlo\u00e9 et sa l\u00e9g\u00e9ret\u00e9&#8230;<\/p>\n<p style=\"text-align: justify;\"><span style=\"color: #ff99cc;\">\u2013 Si je dis Beau et un meuble&#8230;<\/span> la biblioth\u00e8que Albero de Gianfranco Frattini&#8230;avec pleins de catalogues d&#8217;artistes dedans&#8230;<\/p>\n<p style=\"text-align: justify;\"><span style=\"color: #ff99cc;\">\u2013 Si je dis Beau et un objet\u2026<\/span> un mobile de Jacques Salles, qui vole au-dessus de nos t\u00eates<\/p>\n<p style=\"text-align: justify;\"><span style=\"color: #ff99cc;\">\u2013 Si je dis Beau et un album de musique\u2026<\/span> le dernier album d&#8217;Ibeyi, duo musical de deux jumelles franco-cubaines, allez \u00e9couter River&#8230;<\/p>\n<p style=\"text-align: justify;\"><span style=\"color: #ff99cc;\">\u2013 Si je dis Beau et un film\u2026<\/span> La Grande Belleza de Sorrentino, ses plans de Rome, sa musique, sa folie et Toni Servillo extra<\/p>\n<p style=\"text-align: justify;\"><span style=\"color: #ff99cc;\">\u2013 Si je dis Beau et un livre\u2026<\/span> un livre d&#8217;artiste que j&#8217;aime, qui se feuillette, se lit, s&#8217;aper\u00e7oit, se d\u00e9pose, se reprend&#8230;<\/p>\n<p style=\"text-align: justify;\"><span style=\"color: #ff99cc;\">\u2013 Si je dis Beau et une exposition d\u2019art\u2026<\/span> Kiefer \u00e0 Pompidou, une forme de beaut\u00e9, celle d\u00e9crite plus haut.<\/p>\n<p style=\"text-align: justify;\"><span style=\"color: #ff99cc;\">\u2013 Si je dis Beau et un moment\u2026<\/span> une course un dimanche matin t\u00f4t avec Pierpaolo&#8230;<\/p>\n<div data-carousel-extra='{\"blog_id\":1,\"permalink\":\"https:\\\/\\\/joyana.fr\\\/ja\\\/zeuxis-appartement-galerie-dart-a-paris\\\/123222\\\/\"}' id='gallery-1' class='gallery galleryid-123222 gallery-columns-4 gallery-size-thumbnail'><figure class='gallery-item'>\r\n\t\t\t<div class='gallery-icon landscape'>\r\n\t\t\t\t<a href=\"https:\/\/i0.wp.com\/joyana.fr\/wp-content\/uploads\/2016\/03\/BLOG_ZEUXIS-GALLERIE-PARIS.jpg?ssl=1\"><img loading=\"lazy\" decoding=\"async\" width=\"150\" height=\"150\" src=\"https:\/\/i0.wp.com\/joyana.fr\/wp-content\/uploads\/2016\/03\/BLOG_ZEUXIS-GALLERIE-PARIS.jpg?resize=150%2C150&amp;ssl=1\" class=\"attachment-thumbnail size-thumbnail\" alt=\"\" srcset=\"https:\/\/i0.wp.com\/joyana.fr\/wp-content\/uploads\/2016\/03\/BLOG_ZEUXIS-GALLERIE-PARIS.jpg?w=1700&amp;ssl=1 1700w, https:\/\/i0.wp.com\/joyana.fr\/wp-content\/uploads\/2016\/03\/BLOG_ZEUXIS-GALLERIE-PARIS.jpg?resize=300%2C300&amp;ssl=1 300w, https:\/\/i0.wp.com\/joyana.fr\/wp-content\/uploads\/2016\/03\/BLOG_ZEUXIS-GALLERIE-PARIS.jpg?resize=100%2C100&amp;ssl=1 100w, https:\/\/i0.wp.com\/joyana.fr\/wp-content\/uploads\/2016\/03\/BLOG_ZEUXIS-GALLERIE-PARIS.jpg?resize=600%2C600&amp;ssl=1 600w\" sizes=\"(max-width: 150px) 100vw, 150px\" data-attachment-id=\"123237\" data-permalink=\"https:\/\/joyana.fr\/ja\/zeuxis-appartement-galerie-dart-a-paris\/123222\/blog_zeuxis-gallerie-paris\/\" data-orig-file=\"https:\/\/i0.wp.com\/joyana.fr\/wp-content\/uploads\/2016\/03\/BLOG_ZEUXIS-GALLERIE-PARIS.jpg?fit=1700%2C1700&amp;ssl=1\" data-orig-size=\"1700,1700\" data-comments-opened=\"1\" data-image-meta=\"{&quot;aperture&quot;:&quot;0&quot;,&quot;credit&quot;:&quot;&quot;,&quot;camera&quot;:&quot;&quot;,&quot;caption&quot;:&quot;&quot;,&quot;created_timestamp&quot;:&quot;0&quot;,&quot;copyright&quot;:&quot;&quot;,&quot;focal_length&quot;:&quot;0&quot;,&quot;iso&quot;:&quot;0&quot;,&quot;shutter_speed&quot;:&quot;0&quot;,&quot;title&quot;:&quot;&quot;,&quot;orientation&quot;:&quot;1&quot;}\" data-image-title=\"BLOG_ZEUXIS GALLERIE PARIS\" data-image-description=\"\" data-image-caption=\"\" data-medium-file=\"https:\/\/i0.wp.com\/joyana.fr\/wp-content\/uploads\/2016\/03\/BLOG_ZEUXIS-GALLERIE-PARIS.jpg?fit=389%2C389&amp;ssl=1\" data-large-file=\"https:\/\/i0.wp.com\/joyana.fr\/wp-content\/uploads\/2016\/03\/BLOG_ZEUXIS-GALLERIE-PARIS.jpg?fit=1024%2C1024&amp;ssl=1\" \/><\/a>\r\n\t\t\t<\/div><\/figure><figure class='gallery-item'>\r\n\t\t\t<div class='gallery-icon landscape'>\r\n\t\t\t\t<a href=\"https:\/\/i0.wp.com\/joyana.fr\/wp-content\/uploads\/2016\/03\/BLOG_ZEUXIS-GALERIE-PARIS_7.jpg?ssl=1\"><img loading=\"lazy\" decoding=\"async\" width=\"150\" height=\"150\" src=\"https:\/\/i0.wp.com\/joyana.fr\/wp-content\/uploads\/2016\/03\/BLOG_ZEUXIS-GALERIE-PARIS_7.jpg?resize=150%2C150&amp;ssl=1\" class=\"attachment-thumbnail size-thumbnail\" alt=\"\" srcset=\"https:\/\/i0.wp.com\/joyana.fr\/wp-content\/uploads\/2016\/03\/BLOG_ZEUXIS-GALERIE-PARIS_7.jpg?w=1700&amp;ssl=1 1700w, https:\/\/i0.wp.com\/joyana.fr\/wp-content\/uploads\/2016\/03\/BLOG_ZEUXIS-GALERIE-PARIS_7.jpg?resize=300%2C300&amp;ssl=1 300w, https:\/\/i0.wp.com\/joyana.fr\/wp-content\/uploads\/2016\/03\/BLOG_ZEUXIS-GALERIE-PARIS_7.jpg?resize=100%2C100&amp;ssl=1 100w, https:\/\/i0.wp.com\/joyana.fr\/wp-content\/uploads\/2016\/03\/BLOG_ZEUXIS-GALERIE-PARIS_7.jpg?resize=600%2C600&amp;ssl=1 600w\" sizes=\"(max-width: 150px) 100vw, 150px\" data-attachment-id=\"123228\" data-permalink=\"https:\/\/joyana.fr\/ja\/zeuxis-appartement-galerie-dart-a-paris\/123222\/blog_zeuxis-galerie-paris_7\/\" data-orig-file=\"https:\/\/i0.wp.com\/joyana.fr\/wp-content\/uploads\/2016\/03\/BLOG_ZEUXIS-GALERIE-PARIS_7.jpg?fit=1700%2C1700&amp;ssl=1\" data-orig-size=\"1700,1700\" data-comments-opened=\"1\" data-image-meta=\"{&quot;aperture&quot;:&quot;0&quot;,&quot;credit&quot;:&quot;&quot;,&quot;camera&quot;:&quot;&quot;,&quot;caption&quot;:&quot;&quot;,&quot;created_timestamp&quot;:&quot;0&quot;,&quot;copyright&quot;:&quot;&quot;,&quot;focal_length&quot;:&quot;0&quot;,&quot;iso&quot;:&quot;0&quot;,&quot;shutter_speed&quot;:&quot;0&quot;,&quot;title&quot;:&quot;&quot;,&quot;orientation&quot;:&quot;1&quot;}\" data-image-title=\"BLOG_ZEUXIS GALERIE PARIS_7\" data-image-description=\"\" data-image-caption=\"\" data-medium-file=\"https:\/\/i0.wp.com\/joyana.fr\/wp-content\/uploads\/2016\/03\/BLOG_ZEUXIS-GALERIE-PARIS_7.jpg?fit=389%2C389&amp;ssl=1\" data-large-file=\"https:\/\/i0.wp.com\/joyana.fr\/wp-content\/uploads\/2016\/03\/BLOG_ZEUXIS-GALERIE-PARIS_7.jpg?fit=1024%2C1024&amp;ssl=1\" \/><\/a>\r\n\t\t\t<\/div><\/figure><figure class='gallery-item'>\r\n\t\t\t<div class='gallery-icon landscape'>\r\n\t\t\t\t<a href=\"https:\/\/i0.wp.com\/joyana.fr\/wp-content\/uploads\/2016\/03\/BLOG_ZEUXIS-GALERIE-PARIS_8P.jpg?ssl=1\"><img loading=\"lazy\" decoding=\"async\" width=\"150\" height=\"150\" src=\"https:\/\/i0.wp.com\/joyana.fr\/wp-content\/uploads\/2016\/03\/BLOG_ZEUXIS-GALERIE-PARIS_8P.jpg?resize=150%2C150&amp;ssl=1\" class=\"attachment-thumbnail size-thumbnail\" alt=\"\" srcset=\"https:\/\/i0.wp.com\/joyana.fr\/wp-content\/uploads\/2016\/03\/BLOG_ZEUXIS-GALERIE-PARIS_8P.jpg?w=1700&amp;ssl=1 1700w, https:\/\/i0.wp.com\/joyana.fr\/wp-content\/uploads\/2016\/03\/BLOG_ZEUXIS-GALERIE-PARIS_8P.jpg?resize=300%2C300&amp;ssl=1 300w, https:\/\/i0.wp.com\/joyana.fr\/wp-content\/uploads\/2016\/03\/BLOG_ZEUXIS-GALERIE-PARIS_8P.jpg?resize=100%2C100&amp;ssl=1 100w, https:\/\/i0.wp.com\/joyana.fr\/wp-content\/uploads\/2016\/03\/BLOG_ZEUXIS-GALERIE-PARIS_8P.jpg?resize=600%2C600&amp;ssl=1 600w\" sizes=\"(max-width: 150px) 100vw, 150px\" data-attachment-id=\"123229\" data-permalink=\"https:\/\/joyana.fr\/ja\/zeuxis-appartement-galerie-dart-a-paris\/123222\/blog_zeuxis-galerie-paris_8p\/\" data-orig-file=\"https:\/\/i0.wp.com\/joyana.fr\/wp-content\/uploads\/2016\/03\/BLOG_ZEUXIS-GALERIE-PARIS_8P.jpg?fit=1700%2C1700&amp;ssl=1\" data-orig-size=\"1700,1700\" data-comments-opened=\"1\" data-image-meta=\"{&quot;aperture&quot;:&quot;0&quot;,&quot;credit&quot;:&quot;&quot;,&quot;camera&quot;:&quot;&quot;,&quot;caption&quot;:&quot;&quot;,&quot;created_timestamp&quot;:&quot;0&quot;,&quot;copyright&quot;:&quot;&quot;,&quot;focal_length&quot;:&quot;0&quot;,&quot;iso&quot;:&quot;0&quot;,&quot;shutter_speed&quot;:&quot;0&quot;,&quot;title&quot;:&quot;&quot;,&quot;orientation&quot;:&quot;1&quot;}\" data-image-title=\"BLOG_ZEUXIS GALERIE PARIS_8P\" data-image-description=\"\" data-image-caption=\"\" data-medium-file=\"https:\/\/i0.wp.com\/joyana.fr\/wp-content\/uploads\/2016\/03\/BLOG_ZEUXIS-GALERIE-PARIS_8P.jpg?fit=389%2C389&amp;ssl=1\" data-large-file=\"https:\/\/i0.wp.com\/joyana.fr\/wp-content\/uploads\/2016\/03\/BLOG_ZEUXIS-GALERIE-PARIS_8P.jpg?fit=1024%2C1024&amp;ssl=1\" \/><\/a>\r\n\t\t\t<\/div><\/figure><figure class='gallery-item'>\r\n\t\t\t<div class='gallery-icon landscape'>\r\n\t\t\t\t<a href=\"https:\/\/i0.wp.com\/joyana.fr\/wp-content\/uploads\/2016\/03\/BLOG_ZEUXIS-GALERIE-PARIS_9.jpg?ssl=1\"><img loading=\"lazy\" decoding=\"async\" width=\"150\" height=\"150\" src=\"https:\/\/i0.wp.com\/joyana.fr\/wp-content\/uploads\/2016\/03\/BLOG_ZEUXIS-GALERIE-PARIS_9.jpg?resize=150%2C150&amp;ssl=1\" class=\"attachment-thumbnail size-thumbnail\" alt=\"\" srcset=\"https:\/\/i0.wp.com\/joyana.fr\/wp-content\/uploads\/2016\/03\/BLOG_ZEUXIS-GALERIE-PARIS_9.jpg?w=1700&amp;ssl=1 1700w, https:\/\/i0.wp.com\/joyana.fr\/wp-content\/uploads\/2016\/03\/BLOG_ZEUXIS-GALERIE-PARIS_9.jpg?resize=300%2C300&amp;ssl=1 300w, https:\/\/i0.wp.com\/joyana.fr\/wp-content\/uploads\/2016\/03\/BLOG_ZEUXIS-GALERIE-PARIS_9.jpg?resize=100%2C100&amp;ssl=1 100w, https:\/\/i0.wp.com\/joyana.fr\/wp-content\/uploads\/2016\/03\/BLOG_ZEUXIS-GALERIE-PARIS_9.jpg?resize=600%2C600&amp;ssl=1 600w\" sizes=\"(max-width: 150px) 100vw, 150px\" data-attachment-id=\"123230\" data-permalink=\"https:\/\/joyana.fr\/ja\/zeuxis-appartement-galerie-dart-a-paris\/123222\/blog_zeuxis-galerie-paris_9\/\" data-orig-file=\"https:\/\/i0.wp.com\/joyana.fr\/wp-content\/uploads\/2016\/03\/BLOG_ZEUXIS-GALERIE-PARIS_9.jpg?fit=1700%2C1700&amp;ssl=1\" data-orig-size=\"1700,1700\" data-comments-opened=\"1\" data-image-meta=\"{&quot;aperture&quot;:&quot;0&quot;,&quot;credit&quot;:&quot;&quot;,&quot;camera&quot;:&quot;&quot;,&quot;caption&quot;:&quot;&quot;,&quot;created_timestamp&quot;:&quot;0&quot;,&quot;copyright&quot;:&quot;&quot;,&quot;focal_length&quot;:&quot;0&quot;,&quot;iso&quot;:&quot;0&quot;,&quot;shutter_speed&quot;:&quot;0&quot;,&quot;title&quot;:&quot;&quot;,&quot;orientation&quot;:&quot;1&quot;}\" data-image-title=\"BLOG_ZEUXIS GALERIE PARIS_9\" data-image-description=\"\" data-image-caption=\"\" data-medium-file=\"https:\/\/i0.wp.com\/joyana.fr\/wp-content\/uploads\/2016\/03\/BLOG_ZEUXIS-GALERIE-PARIS_9.jpg?fit=389%2C389&amp;ssl=1\" data-large-file=\"https:\/\/i0.wp.com\/joyana.fr\/wp-content\/uploads\/2016\/03\/BLOG_ZEUXIS-GALERIE-PARIS_9.jpg?fit=1024%2C1024&amp;ssl=1\" \/><\/a>\r\n\t\t\t<\/div><\/figure><figure class='gallery-item'>\r\n\t\t\t<div class='gallery-icon landscape'>\r\n\t\t\t\t<a href=\"https:\/\/i0.wp.com\/joyana.fr\/wp-content\/uploads\/2016\/03\/BLOG_ZEUXIS-GALERIE-PARIS_3.jpg?ssl=1\"><img loading=\"lazy\" decoding=\"async\" width=\"150\" height=\"150\" src=\"https:\/\/i0.wp.com\/joyana.fr\/wp-content\/uploads\/2016\/03\/BLOG_ZEUXIS-GALERIE-PARIS_3.jpg?resize=150%2C150&amp;ssl=1\" class=\"attachment-thumbnail size-thumbnail\" alt=\"\" srcset=\"https:\/\/i0.wp.com\/joyana.fr\/wp-content\/uploads\/2016\/03\/BLOG_ZEUXIS-GALERIE-PARIS_3.jpg?w=1700&amp;ssl=1 1700w, https:\/\/i0.wp.com\/joyana.fr\/wp-content\/uploads\/2016\/03\/BLOG_ZEUXIS-GALERIE-PARIS_3.jpg?resize=300%2C300&amp;ssl=1 300w, https:\/\/i0.wp.com\/joyana.fr\/wp-content\/uploads\/2016\/03\/BLOG_ZEUXIS-GALERIE-PARIS_3.jpg?resize=100%2C100&amp;ssl=1 100w, https:\/\/i0.wp.com\/joyana.fr\/wp-content\/uploads\/2016\/03\/BLOG_ZEUXIS-GALERIE-PARIS_3.jpg?resize=600%2C600&amp;ssl=1 600w\" sizes=\"(max-width: 150px) 100vw, 150px\" data-attachment-id=\"123224\" data-permalink=\"https:\/\/joyana.fr\/ja\/zeuxis-appartement-galerie-dart-a-paris\/123222\/blog_zeuxis-galerie-paris_3\/\" data-orig-file=\"https:\/\/i0.wp.com\/joyana.fr\/wp-content\/uploads\/2016\/03\/BLOG_ZEUXIS-GALERIE-PARIS_3.jpg?fit=1700%2C1700&amp;ssl=1\" data-orig-size=\"1700,1700\" data-comments-opened=\"1\" data-image-meta=\"{&quot;aperture&quot;:&quot;0&quot;,&quot;credit&quot;:&quot;&quot;,&quot;camera&quot;:&quot;&quot;,&quot;caption&quot;:&quot;&quot;,&quot;created_timestamp&quot;:&quot;0&quot;,&quot;copyright&quot;:&quot;&quot;,&quot;focal_length&quot;:&quot;0&quot;,&quot;iso&quot;:&quot;0&quot;,&quot;shutter_speed&quot;:&quot;0&quot;,&quot;title&quot;:&quot;&quot;,&quot;orientation&quot;:&quot;1&quot;}\" data-image-title=\"BLOG_ZEUXIS GALERIE PARIS_3\" data-image-description=\"\" data-image-caption=\"\" data-medium-file=\"https:\/\/i0.wp.com\/joyana.fr\/wp-content\/uploads\/2016\/03\/BLOG_ZEUXIS-GALERIE-PARIS_3.jpg?fit=389%2C389&amp;ssl=1\" data-large-file=\"https:\/\/i0.wp.com\/joyana.fr\/wp-content\/uploads\/2016\/03\/BLOG_ZEUXIS-GALERIE-PARIS_3.jpg?fit=1024%2C1024&amp;ssl=1\" \/><\/a>\r\n\t\t\t<\/div><\/figure><figure class='gallery-item'>\r\n\t\t\t<div class='gallery-icon landscape'>\r\n\t\t\t\t<a href=\"https:\/\/i0.wp.com\/joyana.fr\/wp-content\/uploads\/2016\/03\/BLOG_ZEUXIS-GALERIE-PARIS_4.jpg?ssl=1\"><img loading=\"lazy\" decoding=\"async\" width=\"150\" height=\"150\" src=\"https:\/\/i0.wp.com\/joyana.fr\/wp-content\/uploads\/2016\/03\/BLOG_ZEUXIS-GALERIE-PARIS_4.jpg?resize=150%2C150&amp;ssl=1\" class=\"attachment-thumbnail size-thumbnail\" alt=\"\" srcset=\"https:\/\/i0.wp.com\/joyana.fr\/wp-content\/uploads\/2016\/03\/BLOG_ZEUXIS-GALERIE-PARIS_4.jpg?w=1700&amp;ssl=1 1700w, https:\/\/i0.wp.com\/joyana.fr\/wp-content\/uploads\/2016\/03\/BLOG_ZEUXIS-GALERIE-PARIS_4.jpg?resize=300%2C300&amp;ssl=1 300w, https:\/\/i0.wp.com\/joyana.fr\/wp-content\/uploads\/2016\/03\/BLOG_ZEUXIS-GALERIE-PARIS_4.jpg?resize=100%2C100&amp;ssl=1 100w, https:\/\/i0.wp.com\/joyana.fr\/wp-content\/uploads\/2016\/03\/BLOG_ZEUXIS-GALERIE-PARIS_4.jpg?resize=600%2C600&amp;ssl=1 600w\" sizes=\"(max-width: 150px) 100vw, 150px\" data-attachment-id=\"123225\" data-permalink=\"https:\/\/joyana.fr\/ja\/zeuxis-appartement-galerie-dart-a-paris\/123222\/blog_zeuxis-galerie-paris_4\/\" data-orig-file=\"https:\/\/i0.wp.com\/joyana.fr\/wp-content\/uploads\/2016\/03\/BLOG_ZEUXIS-GALERIE-PARIS_4.jpg?fit=1700%2C1700&amp;ssl=1\" data-orig-size=\"1700,1700\" data-comments-opened=\"1\" data-image-meta=\"{&quot;aperture&quot;:&quot;0&quot;,&quot;credit&quot;:&quot;&quot;,&quot;camera&quot;:&quot;&quot;,&quot;caption&quot;:&quot;&quot;,&quot;created_timestamp&quot;:&quot;0&quot;,&quot;copyright&quot;:&quot;&quot;,&quot;focal_length&quot;:&quot;0&quot;,&quot;iso&quot;:&quot;0&quot;,&quot;shutter_speed&quot;:&quot;0&quot;,&quot;title&quot;:&quot;&quot;,&quot;orientation&quot;:&quot;1&quot;}\" data-image-title=\"BLOG_ZEUXIS GALERIE PARIS_4\" data-image-description=\"\" data-image-caption=\"\" data-medium-file=\"https:\/\/i0.wp.com\/joyana.fr\/wp-content\/uploads\/2016\/03\/BLOG_ZEUXIS-GALERIE-PARIS_4.jpg?fit=389%2C389&amp;ssl=1\" data-large-file=\"https:\/\/i0.wp.com\/joyana.fr\/wp-content\/uploads\/2016\/03\/BLOG_ZEUXIS-GALERIE-PARIS_4.jpg?fit=1024%2C1024&amp;ssl=1\" \/><\/a>\r\n\t\t\t<\/div><\/figure><figure class='gallery-item'>\r\n\t\t\t<div class='gallery-icon landscape'>\r\n\t\t\t\t<a href=\"https:\/\/i0.wp.com\/joyana.fr\/wp-content\/uploads\/2016\/03\/BLOG_ZEUXIS-GALERIE-PARIS_10.jpg?ssl=1\"><img loading=\"lazy\" decoding=\"async\" width=\"150\" height=\"150\" src=\"https:\/\/i0.wp.com\/joyana.fr\/wp-content\/uploads\/2016\/03\/BLOG_ZEUXIS-GALERIE-PARIS_10.jpg?resize=150%2C150&amp;ssl=1\" class=\"attachment-thumbnail size-thumbnail\" alt=\"\" srcset=\"https:\/\/i0.wp.com\/joyana.fr\/wp-content\/uploads\/2016\/03\/BLOG_ZEUXIS-GALERIE-PARIS_10.jpg?w=1700&amp;ssl=1 1700w, https:\/\/i0.wp.com\/joyana.fr\/wp-content\/uploads\/2016\/03\/BLOG_ZEUXIS-GALERIE-PARIS_10.jpg?resize=300%2C300&amp;ssl=1 300w, https:\/\/i0.wp.com\/joyana.fr\/wp-content\/uploads\/2016\/03\/BLOG_ZEUXIS-GALERIE-PARIS_10.jpg?resize=100%2C100&amp;ssl=1 100w, https:\/\/i0.wp.com\/joyana.fr\/wp-content\/uploads\/2016\/03\/BLOG_ZEUXIS-GALERIE-PARIS_10.jpg?resize=600%2C600&amp;ssl=1 600w\" sizes=\"(max-width: 150px) 100vw, 150px\" data-attachment-id=\"123231\" data-permalink=\"https:\/\/joyana.fr\/ja\/zeuxis-appartement-galerie-dart-a-paris\/123222\/blog_zeuxis-galerie-paris_10\/\" data-orig-file=\"https:\/\/i0.wp.com\/joyana.fr\/wp-content\/uploads\/2016\/03\/BLOG_ZEUXIS-GALERIE-PARIS_10.jpg?fit=1700%2C1700&amp;ssl=1\" data-orig-size=\"1700,1700\" data-comments-opened=\"1\" data-image-meta=\"{&quot;aperture&quot;:&quot;0&quot;,&quot;credit&quot;:&quot;&quot;,&quot;camera&quot;:&quot;&quot;,&quot;caption&quot;:&quot;&quot;,&quot;created_timestamp&quot;:&quot;0&quot;,&quot;copyright&quot;:&quot;&quot;,&quot;focal_length&quot;:&quot;0&quot;,&quot;iso&quot;:&quot;0&quot;,&quot;shutter_speed&quot;:&quot;0&quot;,&quot;title&quot;:&quot;&quot;,&quot;orientation&quot;:&quot;1&quot;}\" data-image-title=\"BLOG_ZEUXIS GALERIE PARIS_10\" data-image-description=\"\" data-image-caption=\"\" data-medium-file=\"https:\/\/i0.wp.com\/joyana.fr\/wp-content\/uploads\/2016\/03\/BLOG_ZEUXIS-GALERIE-PARIS_10.jpg?fit=389%2C389&amp;ssl=1\" data-large-file=\"https:\/\/i0.wp.com\/joyana.fr\/wp-content\/uploads\/2016\/03\/BLOG_ZEUXIS-GALERIE-PARIS_10.jpg?fit=1024%2C1024&amp;ssl=1\" \/><\/a>\r\n\t\t\t<\/div><\/figure><figure class='gallery-item'>\r\n\t\t\t<div class='gallery-icon landscape'>\r\n\t\t\t\t<a href=\"https:\/\/i0.wp.com\/joyana.fr\/wp-content\/uploads\/2016\/03\/BLOG_ZEUXIS-GALERIE-PARIS_14-e1457683395661.jpg?ssl=1\"><img loading=\"lazy\" decoding=\"async\" width=\"150\" height=\"150\" src=\"https:\/\/i0.wp.com\/joyana.fr\/wp-content\/uploads\/2016\/03\/BLOG_ZEUXIS-GALERIE-PARIS_14-e1457683395661.jpg?resize=150%2C150&amp;ssl=1\" class=\"attachment-thumbnail size-thumbnail\" alt=\"\" srcset=\"https:\/\/i0.wp.com\/joyana.fr\/wp-content\/uploads\/2016\/03\/BLOG_ZEUXIS-GALERIE-PARIS_14-e1457683395661.jpg?w=1683&amp;ssl=1 1683w, https:\/\/i0.wp.com\/joyana.fr\/wp-content\/uploads\/2016\/03\/BLOG_ZEUXIS-GALERIE-PARIS_14-e1457683395661.jpg?resize=300%2C300&amp;ssl=1 300w, https:\/\/i0.wp.com\/joyana.fr\/wp-content\/uploads\/2016\/03\/BLOG_ZEUXIS-GALERIE-PARIS_14-e1457683395661.jpg?resize=100%2C100&amp;ssl=1 100w, https:\/\/i0.wp.com\/joyana.fr\/wp-content\/uploads\/2016\/03\/BLOG_ZEUXIS-GALERIE-PARIS_14-e1457683395661.jpg?resize=600%2C600&amp;ssl=1 600w\" sizes=\"(max-width: 150px) 100vw, 150px\" data-attachment-id=\"123235\" data-permalink=\"https:\/\/joyana.fr\/ja\/zeuxis-appartement-galerie-dart-a-paris\/123222\/blog_zeuxis-galerie-paris_14\/\" data-orig-file=\"https:\/\/i0.wp.com\/joyana.fr\/wp-content\/uploads\/2016\/03\/BLOG_ZEUXIS-GALERIE-PARIS_14-e1457683395661.jpg?fit=1683%2C1683&amp;ssl=1\" data-orig-size=\"1683,1683\" data-comments-opened=\"1\" data-image-meta=\"{&quot;aperture&quot;:&quot;0&quot;,&quot;credit&quot;:&quot;&quot;,&quot;camera&quot;:&quot;&quot;,&quot;caption&quot;:&quot;&quot;,&quot;created_timestamp&quot;:&quot;0&quot;,&quot;copyright&quot;:&quot;&quot;,&quot;focal_length&quot;:&quot;0&quot;,&quot;iso&quot;:&quot;0&quot;,&quot;shutter_speed&quot;:&quot;0&quot;,&quot;title&quot;:&quot;&quot;,&quot;orientation&quot;:&quot;0&quot;}\" data-image-title=\"BLOG_ZEUXIS GALERIE PARIS_14\" data-image-description=\"\" data-image-caption=\"\" data-medium-file=\"https:\/\/i0.wp.com\/joyana.fr\/wp-content\/uploads\/2016\/03\/BLOG_ZEUXIS-GALERIE-PARIS_14-e1457683395661.jpg?fit=389%2C389&amp;ssl=1\" data-large-file=\"https:\/\/i0.wp.com\/joyana.fr\/wp-content\/uploads\/2016\/03\/BLOG_ZEUXIS-GALERIE-PARIS_14-e1457683395661.jpg?fit=1024%2C1024&amp;ssl=1\" \/><\/a>\r\n\t\t\t<\/div><\/figure><figure class='gallery-item'>\r\n\t\t\t<div class='gallery-icon landscape'>\r\n\t\t\t\t<a href=\"https:\/\/i0.wp.com\/joyana.fr\/wp-content\/uploads\/2016\/03\/BLOG_ZEUXIS-GALERIE-PARIS_13.jpg?ssl=1\"><img loading=\"lazy\" decoding=\"async\" width=\"150\" height=\"150\" src=\"https:\/\/i0.wp.com\/joyana.fr\/wp-content\/uploads\/2016\/03\/BLOG_ZEUXIS-GALERIE-PARIS_13.jpg?resize=150%2C150&amp;ssl=1\" class=\"attachment-thumbnail size-thumbnail\" alt=\"\" srcset=\"https:\/\/i0.wp.com\/joyana.fr\/wp-content\/uploads\/2016\/03\/BLOG_ZEUXIS-GALERIE-PARIS_13.jpg?w=1700&amp;ssl=1 1700w, https:\/\/i0.wp.com\/joyana.fr\/wp-content\/uploads\/2016\/03\/BLOG_ZEUXIS-GALERIE-PARIS_13.jpg?resize=300%2C300&amp;ssl=1 300w, https:\/\/i0.wp.com\/joyana.fr\/wp-content\/uploads\/2016\/03\/BLOG_ZEUXIS-GALERIE-PARIS_13.jpg?resize=100%2C100&amp;ssl=1 100w, https:\/\/i0.wp.com\/joyana.fr\/wp-content\/uploads\/2016\/03\/BLOG_ZEUXIS-GALERIE-PARIS_13.jpg?resize=600%2C600&amp;ssl=1 600w\" sizes=\"(max-width: 150px) 100vw, 150px\" data-attachment-id=\"123234\" data-permalink=\"https:\/\/joyana.fr\/ja\/zeuxis-appartement-galerie-dart-a-paris\/123222\/blog_zeuxis-galerie-paris_13\/\" data-orig-file=\"https:\/\/i0.wp.com\/joyana.fr\/wp-content\/uploads\/2016\/03\/BLOG_ZEUXIS-GALERIE-PARIS_13.jpg?fit=1700%2C1700&amp;ssl=1\" data-orig-size=\"1700,1700\" data-comments-opened=\"1\" data-image-meta=\"{&quot;aperture&quot;:&quot;0&quot;,&quot;credit&quot;:&quot;&quot;,&quot;camera&quot;:&quot;&quot;,&quot;caption&quot;:&quot;&quot;,&quot;created_timestamp&quot;:&quot;0&quot;,&quot;copyright&quot;:&quot;&quot;,&quot;focal_length&quot;:&quot;0&quot;,&quot;iso&quot;:&quot;0&quot;,&quot;shutter_speed&quot;:&quot;0&quot;,&quot;title&quot;:&quot;&quot;,&quot;orientation&quot;:&quot;1&quot;}\" data-image-title=\"BLOG_ZEUXIS GALERIE PARIS_13\" data-image-description=\"\" data-image-caption=\"\" data-medium-file=\"https:\/\/i0.wp.com\/joyana.fr\/wp-content\/uploads\/2016\/03\/BLOG_ZEUXIS-GALERIE-PARIS_13.jpg?fit=389%2C389&amp;ssl=1\" data-large-file=\"https:\/\/i0.wp.com\/joyana.fr\/wp-content\/uploads\/2016\/03\/BLOG_ZEUXIS-GALERIE-PARIS_13.jpg?fit=1024%2C1024&amp;ssl=1\" \/><\/a>\r\n\t\t\t<\/div><\/figure><figure class='gallery-item'>\r\n\t\t\t<div class='gallery-icon landscape'>\r\n\t\t\t\t<a href=\"https:\/\/i0.wp.com\/joyana.fr\/wp-content\/uploads\/2016\/03\/BLOG_ZEUXIS-GALERIE-PARIS_12.jpg?ssl=1\"><img loading=\"lazy\" decoding=\"async\" width=\"150\" height=\"150\" src=\"https:\/\/i0.wp.com\/joyana.fr\/wp-content\/uploads\/2016\/03\/BLOG_ZEUXIS-GALERIE-PARIS_12.jpg?resize=150%2C150&amp;ssl=1\" class=\"attachment-thumbnail size-thumbnail\" alt=\"\" srcset=\"https:\/\/i0.wp.com\/joyana.fr\/wp-content\/uploads\/2016\/03\/BLOG_ZEUXIS-GALERIE-PARIS_12.jpg?w=1700&amp;ssl=1 1700w, https:\/\/i0.wp.com\/joyana.fr\/wp-content\/uploads\/2016\/03\/BLOG_ZEUXIS-GALERIE-PARIS_12.jpg?resize=300%2C300&amp;ssl=1 300w, https:\/\/i0.wp.com\/joyana.fr\/wp-content\/uploads\/2016\/03\/BLOG_ZEUXIS-GALERIE-PARIS_12.jpg?resize=100%2C100&amp;ssl=1 100w, https:\/\/i0.wp.com\/joyana.fr\/wp-content\/uploads\/2016\/03\/BLOG_ZEUXIS-GALERIE-PARIS_12.jpg?resize=600%2C600&amp;ssl=1 600w\" sizes=\"(max-width: 150px) 100vw, 150px\" data-attachment-id=\"123233\" data-permalink=\"https:\/\/joyana.fr\/ja\/zeuxis-appartement-galerie-dart-a-paris\/123222\/blog_zeuxis-galerie-paris_12\/\" data-orig-file=\"https:\/\/i0.wp.com\/joyana.fr\/wp-content\/uploads\/2016\/03\/BLOG_ZEUXIS-GALERIE-PARIS_12.jpg?fit=1700%2C1700&amp;ssl=1\" data-orig-size=\"1700,1700\" data-comments-opened=\"1\" data-image-meta=\"{&quot;aperture&quot;:&quot;0&quot;,&quot;credit&quot;:&quot;&quot;,&quot;camera&quot;:&quot;&quot;,&quot;caption&quot;:&quot;&quot;,&quot;created_timestamp&quot;:&quot;0&quot;,&quot;copyright&quot;:&quot;&quot;,&quot;focal_length&quot;:&quot;0&quot;,&quot;iso&quot;:&quot;0&quot;,&quot;shutter_speed&quot;:&quot;0&quot;,&quot;title&quot;:&quot;&quot;,&quot;orientation&quot;:&quot;1&quot;}\" data-image-title=\"BLOG_ZEUXIS GALERIE PARIS_12\" data-image-description=\"\" data-image-caption=\"\" data-medium-file=\"https:\/\/i0.wp.com\/joyana.fr\/wp-content\/uploads\/2016\/03\/BLOG_ZEUXIS-GALERIE-PARIS_12.jpg?fit=389%2C389&amp;ssl=1\" data-large-file=\"https:\/\/i0.wp.com\/joyana.fr\/wp-content\/uploads\/2016\/03\/BLOG_ZEUXIS-GALERIE-PARIS_12.jpg?fit=1024%2C1024&amp;ssl=1\" \/><\/a>\r\n\t\t\t<\/div><\/figure><figure class='gallery-item'>\r\n\t\t\t<div class='gallery-icon landscape'>\r\n\t\t\t\t<a href=\"https:\/\/i0.wp.com\/joyana.fr\/wp-content\/uploads\/2016\/03\/BLOG_ZEUXIS-GALERIE-PARIS_11.jpg?ssl=1\"><img loading=\"lazy\" decoding=\"async\" width=\"150\" height=\"150\" src=\"https:\/\/i0.wp.com\/joyana.fr\/wp-content\/uploads\/2016\/03\/BLOG_ZEUXIS-GALERIE-PARIS_11.jpg?resize=150%2C150&amp;ssl=1\" class=\"attachment-thumbnail size-thumbnail\" alt=\"\" srcset=\"https:\/\/i0.wp.com\/joyana.fr\/wp-content\/uploads\/2016\/03\/BLOG_ZEUXIS-GALERIE-PARIS_11.jpg?w=1700&amp;ssl=1 1700w, https:\/\/i0.wp.com\/joyana.fr\/wp-content\/uploads\/2016\/03\/BLOG_ZEUXIS-GALERIE-PARIS_11.jpg?resize=300%2C300&amp;ssl=1 300w, https:\/\/i0.wp.com\/joyana.fr\/wp-content\/uploads\/2016\/03\/BLOG_ZEUXIS-GALERIE-PARIS_11.jpg?resize=100%2C100&amp;ssl=1 100w, https:\/\/i0.wp.com\/joyana.fr\/wp-content\/uploads\/2016\/03\/BLOG_ZEUXIS-GALERIE-PARIS_11.jpg?resize=600%2C600&amp;ssl=1 600w\" sizes=\"(max-width: 150px) 100vw, 150px\" data-attachment-id=\"123232\" data-permalink=\"https:\/\/joyana.fr\/ja\/zeuxis-appartement-galerie-dart-a-paris\/123222\/blog_zeuxis-galerie-paris_11\/\" data-orig-file=\"https:\/\/i0.wp.com\/joyana.fr\/wp-content\/uploads\/2016\/03\/BLOG_ZEUXIS-GALERIE-PARIS_11.jpg?fit=1700%2C1700&amp;ssl=1\" data-orig-size=\"1700,1700\" data-comments-opened=\"1\" data-image-meta=\"{&quot;aperture&quot;:&quot;0&quot;,&quot;credit&quot;:&quot;&quot;,&quot;camera&quot;:&quot;&quot;,&quot;caption&quot;:&quot;&quot;,&quot;created_timestamp&quot;:&quot;0&quot;,&quot;copyright&quot;:&quot;&quot;,&quot;focal_length&quot;:&quot;0&quot;,&quot;iso&quot;:&quot;0&quot;,&quot;shutter_speed&quot;:&quot;0&quot;,&quot;title&quot;:&quot;&quot;,&quot;orientation&quot;:&quot;1&quot;}\" data-image-title=\"BLOG_ZEUXIS GALERIE PARIS_11\" data-image-description=\"\" data-image-caption=\"\" data-medium-file=\"https:\/\/i0.wp.com\/joyana.fr\/wp-content\/uploads\/2016\/03\/BLOG_ZEUXIS-GALERIE-PARIS_11.jpg?fit=389%2C389&amp;ssl=1\" data-large-file=\"https:\/\/i0.wp.com\/joyana.fr\/wp-content\/uploads\/2016\/03\/BLOG_ZEUXIS-GALERIE-PARIS_11.jpg?fit=1024%2C1024&amp;ssl=1\" \/><\/a>\r\n\t\t\t<\/div><\/figure><figure class='gallery-item'>\r\n\t\t\t<div class='gallery-icon landscape'>\r\n\t\t\t\t<a href=\"https:\/\/i0.wp.com\/joyana.fr\/wp-content\/uploads\/2016\/03\/BLOG_ZEUXIS-GALERIE-PARIS_5.jpg?ssl=1\"><img loading=\"lazy\" decoding=\"async\" width=\"150\" height=\"150\" src=\"https:\/\/i0.wp.com\/joyana.fr\/wp-content\/uploads\/2016\/03\/BLOG_ZEUXIS-GALERIE-PARIS_5.jpg?resize=150%2C150&amp;ssl=1\" class=\"attachment-thumbnail size-thumbnail\" alt=\"\" srcset=\"https:\/\/i0.wp.com\/joyana.fr\/wp-content\/uploads\/2016\/03\/BLOG_ZEUXIS-GALERIE-PARIS_5.jpg?w=1700&amp;ssl=1 1700w, https:\/\/i0.wp.com\/joyana.fr\/wp-content\/uploads\/2016\/03\/BLOG_ZEUXIS-GALERIE-PARIS_5.jpg?resize=300%2C300&amp;ssl=1 300w, https:\/\/i0.wp.com\/joyana.fr\/wp-content\/uploads\/2016\/03\/BLOG_ZEUXIS-GALERIE-PARIS_5.jpg?resize=100%2C100&amp;ssl=1 100w, https:\/\/i0.wp.com\/joyana.fr\/wp-content\/uploads\/2016\/03\/BLOG_ZEUXIS-GALERIE-PARIS_5.jpg?resize=600%2C600&amp;ssl=1 600w\" sizes=\"(max-width: 150px) 100vw, 150px\" data-attachment-id=\"123226\" data-permalink=\"https:\/\/joyana.fr\/ja\/zeuxis-appartement-galerie-dart-a-paris\/123222\/blog_zeuxis-galerie-paris_5\/\" data-orig-file=\"https:\/\/i0.wp.com\/joyana.fr\/wp-content\/uploads\/2016\/03\/BLOG_ZEUXIS-GALERIE-PARIS_5.jpg?fit=1700%2C1700&amp;ssl=1\" data-orig-size=\"1700,1700\" data-comments-opened=\"1\" data-image-meta=\"{&quot;aperture&quot;:&quot;0&quot;,&quot;credit&quot;:&quot;&quot;,&quot;camera&quot;:&quot;&quot;,&quot;caption&quot;:&quot;&quot;,&quot;created_timestamp&quot;:&quot;0&quot;,&quot;copyright&quot;:&quot;&quot;,&quot;focal_length&quot;:&quot;0&quot;,&quot;iso&quot;:&quot;0&quot;,&quot;shutter_speed&quot;:&quot;0&quot;,&quot;title&quot;:&quot;&quot;,&quot;orientation&quot;:&quot;1&quot;}\" data-image-title=\"BLOG_ZEUXIS GALERIE PARIS_5\" data-image-description=\"\" data-image-caption=\"\" data-medium-file=\"https:\/\/i0.wp.com\/joyana.fr\/wp-content\/uploads\/2016\/03\/BLOG_ZEUXIS-GALERIE-PARIS_5.jpg?fit=389%2C389&amp;ssl=1\" data-large-file=\"https:\/\/i0.wp.com\/joyana.fr\/wp-content\/uploads\/2016\/03\/BLOG_ZEUXIS-GALERIE-PARIS_5.jpg?fit=1024%2C1024&amp;ssl=1\" \/><\/a>\r\n\t\t\t<\/div><\/figure><figure class='gallery-item'>\r\n\t\t\t<div class='gallery-icon landscape'>\r\n\t\t\t\t<a href=\"https:\/\/i0.wp.com\/joyana.fr\/wp-content\/uploads\/2016\/03\/BLOG_ZEUXIS-GALERIE-PARIS_6.jpg?ssl=1\"><img loading=\"lazy\" decoding=\"async\" width=\"150\" height=\"150\" src=\"https:\/\/i0.wp.com\/joyana.fr\/wp-content\/uploads\/2016\/03\/BLOG_ZEUXIS-GALERIE-PARIS_6.jpg?resize=150%2C150&amp;ssl=1\" class=\"attachment-thumbnail size-thumbnail\" alt=\"\" srcset=\"https:\/\/i0.wp.com\/joyana.fr\/wp-content\/uploads\/2016\/03\/BLOG_ZEUXIS-GALERIE-PARIS_6.jpg?w=1700&amp;ssl=1 1700w, https:\/\/i0.wp.com\/joyana.fr\/wp-content\/uploads\/2016\/03\/BLOG_ZEUXIS-GALERIE-PARIS_6.jpg?resize=300%2C300&amp;ssl=1 300w, https:\/\/i0.wp.com\/joyana.fr\/wp-content\/uploads\/2016\/03\/BLOG_ZEUXIS-GALERIE-PARIS_6.jpg?resize=100%2C100&amp;ssl=1 100w, https:\/\/i0.wp.com\/joyana.fr\/wp-content\/uploads\/2016\/03\/BLOG_ZEUXIS-GALERIE-PARIS_6.jpg?resize=600%2C600&amp;ssl=1 600w\" sizes=\"(max-width: 150px) 100vw, 150px\" data-attachment-id=\"123227\" data-permalink=\"https:\/\/joyana.fr\/ja\/zeuxis-appartement-galerie-dart-a-paris\/123222\/blog_zeuxis-galerie-paris_6\/\" data-orig-file=\"https:\/\/i0.wp.com\/joyana.fr\/wp-content\/uploads\/2016\/03\/BLOG_ZEUXIS-GALERIE-PARIS_6.jpg?fit=1700%2C1700&amp;ssl=1\" data-orig-size=\"1700,1700\" data-comments-opened=\"1\" data-image-meta=\"{&quot;aperture&quot;:&quot;0&quot;,&quot;credit&quot;:&quot;&quot;,&quot;camera&quot;:&quot;&quot;,&quot;caption&quot;:&quot;&quot;,&quot;created_timestamp&quot;:&quot;0&quot;,&quot;copyright&quot;:&quot;&quot;,&quot;focal_length&quot;:&quot;0&quot;,&quot;iso&quot;:&quot;0&quot;,&quot;shutter_speed&quot;:&quot;0&quot;,&quot;title&quot;:&quot;&quot;,&quot;orientation&quot;:&quot;1&quot;}\" data-image-title=\"BLOG_ZEUXIS GALERIE PARIS_6\" data-image-description=\"\" data-image-caption=\"\" data-medium-file=\"https:\/\/i0.wp.com\/joyana.fr\/wp-content\/uploads\/2016\/03\/BLOG_ZEUXIS-GALERIE-PARIS_6.jpg?fit=389%2C389&amp;ssl=1\" data-large-file=\"https:\/\/i0.wp.com\/joyana.fr\/wp-content\/uploads\/2016\/03\/BLOG_ZEUXIS-GALERIE-PARIS_6.jpg?fit=1024%2C1024&amp;ssl=1\" \/><\/a>\r\n\t\t\t<\/div><\/figure><figure class='gallery-item'>\r\n\t\t\t<div class='gallery-icon landscape'>\r\n\t\t\t\t<a href=\"https:\/\/i0.wp.com\/joyana.fr\/wp-content\/uploads\/2016\/03\/BLOG_ZEUXIS-GALERIE-PARIS_2.jpg?ssl=1\"><img loading=\"lazy\" decoding=\"async\" width=\"150\" height=\"150\" src=\"https:\/\/i0.wp.com\/joyana.fr\/wp-content\/uploads\/2016\/03\/BLOG_ZEUXIS-GALERIE-PARIS_2.jpg?resize=150%2C150&amp;ssl=1\" class=\"attachment-thumbnail size-thumbnail\" alt=\"\" srcset=\"https:\/\/i0.wp.com\/joyana.fr\/wp-content\/uploads\/2016\/03\/BLOG_ZEUXIS-GALERIE-PARIS_2.jpg?w=1700&amp;ssl=1 1700w, https:\/\/i0.wp.com\/joyana.fr\/wp-content\/uploads\/2016\/03\/BLOG_ZEUXIS-GALERIE-PARIS_2.jpg?resize=300%2C300&amp;ssl=1 300w, https:\/\/i0.wp.com\/joyana.fr\/wp-content\/uploads\/2016\/03\/BLOG_ZEUXIS-GALERIE-PARIS_2.jpg?resize=100%2C100&amp;ssl=1 100w, https:\/\/i0.wp.com\/joyana.fr\/wp-content\/uploads\/2016\/03\/BLOG_ZEUXIS-GALERIE-PARIS_2.jpg?resize=600%2C600&amp;ssl=1 600w\" sizes=\"(max-width: 150px) 100vw, 150px\" data-attachment-id=\"123223\" data-permalink=\"https:\/\/joyana.fr\/ja\/zeuxis-appartement-galerie-dart-a-paris\/123222\/blog_zeuxis-galerie-paris_2\/\" data-orig-file=\"https:\/\/i0.wp.com\/joyana.fr\/wp-content\/uploads\/2016\/03\/BLOG_ZEUXIS-GALERIE-PARIS_2.jpg?fit=1700%2C1700&amp;ssl=1\" data-orig-size=\"1700,1700\" data-comments-opened=\"1\" data-image-meta=\"{&quot;aperture&quot;:&quot;0&quot;,&quot;credit&quot;:&quot;&quot;,&quot;camera&quot;:&quot;&quot;,&quot;caption&quot;:&quot;&quot;,&quot;created_timestamp&quot;:&quot;0&quot;,&quot;copyright&quot;:&quot;&quot;,&quot;focal_length&quot;:&quot;0&quot;,&quot;iso&quot;:&quot;0&quot;,&quot;shutter_speed&quot;:&quot;0&quot;,&quot;title&quot;:&quot;&quot;,&quot;orientation&quot;:&quot;1&quot;}\" data-image-title=\"BLOG_ZEUXIS GALERIE PARIS_2\" data-image-description=\"\" data-image-caption=\"\" data-medium-file=\"https:\/\/i0.wp.com\/joyana.fr\/wp-content\/uploads\/2016\/03\/BLOG_ZEUXIS-GALERIE-PARIS_2.jpg?fit=389%2C389&amp;ssl=1\" data-large-file=\"https:\/\/i0.wp.com\/joyana.fr\/wp-content\/uploads\/2016\/03\/BLOG_ZEUXIS-GALERIE-PARIS_2.jpg?fit=1024%2C1024&amp;ssl=1\" \/><\/a>\r\n\t\t\t<\/div><\/figure><figure class='gallery-item'>\r\n\t\t\t<div class='gallery-icon landscape'>\r\n\t\t\t\t<a href=\"https:\/\/i0.wp.com\/joyana.fr\/wp-content\/uploads\/2016\/03\/BLOG_ZEUXIS-GALERIE-PARIS_151.jpg?ssl=1\"><img loading=\"lazy\" decoding=\"async\" width=\"150\" height=\"150\" src=\"https:\/\/i0.wp.com\/joyana.fr\/wp-content\/uploads\/2016\/03\/BLOG_ZEUXIS-GALERIE-PARIS_151.jpg?resize=150%2C150&amp;ssl=1\" class=\"attachment-thumbnail size-thumbnail\" alt=\"\" srcset=\"https:\/\/i0.wp.com\/joyana.fr\/wp-content\/uploads\/2016\/03\/BLOG_ZEUXIS-GALERIE-PARIS_151.jpg?w=1700&amp;ssl=1 1700w, https:\/\/i0.wp.com\/joyana.fr\/wp-content\/uploads\/2016\/03\/BLOG_ZEUXIS-GALERIE-PARIS_151.jpg?resize=300%2C300&amp;ssl=1 300w, https:\/\/i0.wp.com\/joyana.fr\/wp-content\/uploads\/2016\/03\/BLOG_ZEUXIS-GALERIE-PARIS_151.jpg?resize=100%2C100&amp;ssl=1 100w, https:\/\/i0.wp.com\/joyana.fr\/wp-content\/uploads\/2016\/03\/BLOG_ZEUXIS-GALERIE-PARIS_151.jpg?resize=600%2C600&amp;ssl=1 600w\" sizes=\"(max-width: 150px) 100vw, 150px\" data-attachment-id=\"123252\" data-permalink=\"https:\/\/joyana.fr\/ja\/zeuxis-appartement-galerie-dart-a-paris\/123222\/blog_zeuxis-galerie-paris_15-2\/\" data-orig-file=\"https:\/\/i0.wp.com\/joyana.fr\/wp-content\/uploads\/2016\/03\/BLOG_ZEUXIS-GALERIE-PARIS_151.jpg?fit=1700%2C1700&amp;ssl=1\" data-orig-size=\"1700,1700\" data-comments-opened=\"1\" data-image-meta=\"{&quot;aperture&quot;:&quot;0&quot;,&quot;credit&quot;:&quot;&quot;,&quot;camera&quot;:&quot;&quot;,&quot;caption&quot;:&quot;&quot;,&quot;created_timestamp&quot;:&quot;0&quot;,&quot;copyright&quot;:&quot;&quot;,&quot;focal_length&quot;:&quot;0&quot;,&quot;iso&quot;:&quot;0&quot;,&quot;shutter_speed&quot;:&quot;0&quot;,&quot;title&quot;:&quot;&quot;,&quot;orientation&quot;:&quot;1&quot;}\" data-image-title=\"BLOG_ZEUXIS GALERIE PARIS_15\" data-image-description=\"\" data-image-caption=\"\" data-medium-file=\"https:\/\/i0.wp.com\/joyana.fr\/wp-content\/uploads\/2016\/03\/BLOG_ZEUXIS-GALERIE-PARIS_151.jpg?fit=389%2C389&amp;ssl=1\" data-large-file=\"https:\/\/i0.wp.com\/joyana.fr\/wp-content\/uploads\/2016\/03\/BLOG_ZEUXIS-GALERIE-PARIS_151.jpg?fit=1024%2C1024&amp;ssl=1\" \/><\/a>\r\n\t\t\t<\/div><\/figure><\/div>\n\n<p><a href=\"https:\/\/i0.wp.com\/joyana.fr\/wp-content\/uploads\/2016\/03\/BLOG_ZEUXIS-GALERIE-PARIS_13.jpg?ssl=1\"><img data-recalc-dims=\"1\" loading=\"lazy\" decoding=\"async\" data-attachment-id=\"123234\" data-permalink=\"https:\/\/joyana.fr\/ja\/zeuxis-appartement-galerie-dart-a-paris\/123222\/blog_zeuxis-galerie-paris_13\/\" data-orig-file=\"https:\/\/i0.wp.com\/joyana.fr\/wp-content\/uploads\/2016\/03\/BLOG_ZEUXIS-GALERIE-PARIS_13.jpg?fit=1700%2C1700&amp;ssl=1\" data-orig-size=\"1700,1700\" data-comments-opened=\"1\" data-image-meta=\"{&quot;aperture&quot;:&quot;0&quot;,&quot;credit&quot;:&quot;&quot;,&quot;camera&quot;:&quot;&quot;,&quot;caption&quot;:&quot;&quot;,&quot;created_timestamp&quot;:&quot;0&quot;,&quot;copyright&quot;:&quot;&quot;,&quot;focal_length&quot;:&quot;0&quot;,&quot;iso&quot;:&quot;0&quot;,&quot;shutter_speed&quot;:&quot;0&quot;,&quot;title&quot;:&quot;&quot;,&quot;orientation&quot;:&quot;1&quot;}\" data-image-title=\"BLOG_ZEUXIS GALERIE PARIS_13\" data-image-description=\"\" data-image-caption=\"\" data-medium-file=\"https:\/\/i0.wp.com\/joyana.fr\/wp-content\/uploads\/2016\/03\/BLOG_ZEUXIS-GALERIE-PARIS_13.jpg?fit=389%2C389&amp;ssl=1\" data-large-file=\"https:\/\/i0.wp.com\/joyana.fr\/wp-content\/uploads\/2016\/03\/BLOG_ZEUXIS-GALERIE-PARIS_13.jpg?fit=1024%2C1024&amp;ssl=1\" class=\"alignnone size-full wp-image-123234\" src=\"https:\/\/i0.wp.com\/joyana.fr\/wp-content\/uploads\/2016\/03\/BLOG_ZEUXIS-GALERIE-PARIS_13.jpg?resize=1700%2C1700&#038;ssl=1\" alt=\"BLOG_ZEUXIS GALERIE PARIS_13\" width=\"1700\" height=\"1700\" srcset=\"https:\/\/i0.wp.com\/joyana.fr\/wp-content\/uploads\/2016\/03\/BLOG_ZEUXIS-GALERIE-PARIS_13.jpg?w=1700&amp;ssl=1 1700w, https:\/\/i0.wp.com\/joyana.fr\/wp-content\/uploads\/2016\/03\/BLOG_ZEUXIS-GALERIE-PARIS_13.jpg?resize=300%2C300&amp;ssl=1 300w, https:\/\/i0.wp.com\/joyana.fr\/wp-content\/uploads\/2016\/03\/BLOG_ZEUXIS-GALERIE-PARIS_13.jpg?resize=100%2C100&amp;ssl=1 100w, https:\/\/i0.wp.com\/joyana.fr\/wp-content\/uploads\/2016\/03\/BLOG_ZEUXIS-GALERIE-PARIS_13.jpg?resize=600%2C600&amp;ssl=1 600w\" sizes=\"(max-width: 1000px) 100vw, 1000px\" \/><\/a><\/p>\n<p><a href=\"https:\/\/i0.wp.com\/joyana.fr\/wp-content\/uploads\/2016\/03\/BLOG_ZEUXIS-GALERIE-PARIS_10.jpg?ssl=1\"><img data-recalc-dims=\"1\" loading=\"lazy\" decoding=\"async\" data-attachment-id=\"123231\" data-permalink=\"https:\/\/joyana.fr\/ja\/zeuxis-appartement-galerie-dart-a-paris\/123222\/blog_zeuxis-galerie-paris_10\/\" data-orig-file=\"https:\/\/i0.wp.com\/joyana.fr\/wp-content\/uploads\/2016\/03\/BLOG_ZEUXIS-GALERIE-PARIS_10.jpg?fit=1700%2C1700&amp;ssl=1\" data-orig-size=\"1700,1700\" data-comments-opened=\"1\" data-image-meta=\"{&quot;aperture&quot;:&quot;0&quot;,&quot;credit&quot;:&quot;&quot;,&quot;camera&quot;:&quot;&quot;,&quot;caption&quot;:&quot;&quot;,&quot;created_timestamp&quot;:&quot;0&quot;,&quot;copyright&quot;:&quot;&quot;,&quot;focal_length&quot;:&quot;0&quot;,&quot;iso&quot;:&quot;0&quot;,&quot;shutter_speed&quot;:&quot;0&quot;,&quot;title&quot;:&quot;&quot;,&quot;orientation&quot;:&quot;1&quot;}\" data-image-title=\"BLOG_ZEUXIS GALERIE PARIS_10\" data-image-description=\"\" data-image-caption=\"\" data-medium-file=\"https:\/\/i0.wp.com\/joyana.fr\/wp-content\/uploads\/2016\/03\/BLOG_ZEUXIS-GALERIE-PARIS_10.jpg?fit=389%2C389&amp;ssl=1\" data-large-file=\"https:\/\/i0.wp.com\/joyana.fr\/wp-content\/uploads\/2016\/03\/BLOG_ZEUXIS-GALERIE-PARIS_10.jpg?fit=1024%2C1024&amp;ssl=1\" class=\"alignnone size-full wp-image-123231\" src=\"https:\/\/i0.wp.com\/joyana.fr\/wp-content\/uploads\/2016\/03\/BLOG_ZEUXIS-GALERIE-PARIS_10.jpg?resize=1700%2C1700&#038;ssl=1\" alt=\"BLOG_ZEUXIS GALERIE PARIS_10\" width=\"1700\" height=\"1700\" srcset=\"https:\/\/i0.wp.com\/joyana.fr\/wp-content\/uploads\/2016\/03\/BLOG_ZEUXIS-GALERIE-PARIS_10.jpg?w=1700&amp;ssl=1 1700w, https:\/\/i0.wp.com\/joyana.fr\/wp-content\/uploads\/2016\/03\/BLOG_ZEUXIS-GALERIE-PARIS_10.jpg?resize=300%2C300&amp;ssl=1 300w, https:\/\/i0.wp.com\/joyana.fr\/wp-content\/uploads\/2016\/03\/BLOG_ZEUXIS-GALERIE-PARIS_10.jpg?resize=100%2C100&amp;ssl=1 100w, https:\/\/i0.wp.com\/joyana.fr\/wp-content\/uploads\/2016\/03\/BLOG_ZEUXIS-GALERIE-PARIS_10.jpg?resize=600%2C600&amp;ssl=1 600w\" sizes=\"(max-width: 1000px) 100vw, 1000px\" \/><\/a><\/p>\n<p><a href=\"https:\/\/i0.wp.com\/joyana.fr\/wp-content\/uploads\/2016\/03\/BLOG_ZEUXIS-GALERIE-PARIS_11.jpg?ssl=1\"><img data-recalc-dims=\"1\" loading=\"lazy\" decoding=\"async\" data-attachment-id=\"123232\" data-permalink=\"https:\/\/joyana.fr\/ja\/zeuxis-appartement-galerie-dart-a-paris\/123222\/blog_zeuxis-galerie-paris_11\/\" data-orig-file=\"https:\/\/i0.wp.com\/joyana.fr\/wp-content\/uploads\/2016\/03\/BLOG_ZEUXIS-GALERIE-PARIS_11.jpg?fit=1700%2C1700&amp;ssl=1\" data-orig-size=\"1700,1700\" data-comments-opened=\"1\" data-image-meta=\"{&quot;aperture&quot;:&quot;0&quot;,&quot;credit&quot;:&quot;&quot;,&quot;camera&quot;:&quot;&quot;,&quot;caption&quot;:&quot;&quot;,&quot;created_timestamp&quot;:&quot;0&quot;,&quot;copyright&quot;:&quot;&quot;,&quot;focal_length&quot;:&quot;0&quot;,&quot;iso&quot;:&quot;0&quot;,&quot;shutter_speed&quot;:&quot;0&quot;,&quot;title&quot;:&quot;&quot;,&quot;orientation&quot;:&quot;1&quot;}\" data-image-title=\"BLOG_ZEUXIS GALERIE PARIS_11\" data-image-description=\"\" data-image-caption=\"\" data-medium-file=\"https:\/\/i0.wp.com\/joyana.fr\/wp-content\/uploads\/2016\/03\/BLOG_ZEUXIS-GALERIE-PARIS_11.jpg?fit=389%2C389&amp;ssl=1\" data-large-file=\"https:\/\/i0.wp.com\/joyana.fr\/wp-content\/uploads\/2016\/03\/BLOG_ZEUXIS-GALERIE-PARIS_11.jpg?fit=1024%2C1024&amp;ssl=1\" class=\"alignnone size-full wp-image-123232\" src=\"https:\/\/i0.wp.com\/joyana.fr\/wp-content\/uploads\/2016\/03\/BLOG_ZEUXIS-GALERIE-PARIS_11.jpg?resize=1700%2C1700&#038;ssl=1\" alt=\"BLOG_ZEUXIS GALERIE PARIS_11\" width=\"1700\" height=\"1700\" srcset=\"https:\/\/i0.wp.com\/joyana.fr\/wp-content\/uploads\/2016\/03\/BLOG_ZEUXIS-GALERIE-PARIS_11.jpg?w=1700&amp;ssl=1 1700w, https:\/\/i0.wp.com\/joyana.fr\/wp-content\/uploads\/2016\/03\/BLOG_ZEUXIS-GALERIE-PARIS_11.jpg?resize=300%2C300&amp;ssl=1 300w, https:\/\/i0.wp.com\/joyana.fr\/wp-content\/uploads\/2016\/03\/BLOG_ZEUXIS-GALERIE-PARIS_11.jpg?resize=100%2C100&amp;ssl=1 100w, https:\/\/i0.wp.com\/joyana.fr\/wp-content\/uploads\/2016\/03\/BLOG_ZEUXIS-GALERIE-PARIS_11.jpg?resize=600%2C600&amp;ssl=1 600w\" sizes=\"(max-width: 1000px) 100vw, 1000px\" \/><\/a>[\/vc_column_text][\/vc_column][\/vc_row][vc_row][vc_column][vc_column_text]<\/p>\n<p style=\"text-align: center;\">En savoir + sur <strong><a href=\"http:\/\/zeuxis-art.com\" target=\"_blank\" rel=\"noopener\">ZEUXIS<\/a><\/strong><\/p>\n<p>[\/vc_column_text][\/vc_column][\/vc_row]<\/p>\n","protected":false},"excerpt":{"rendered":"<p>C\u2019est Am\u00e9lie du Chalard &#8211; cr\u00e9atrice du concept ZEUXIS &#8211; qui m\u2019ouvre les portes de ce superbe appartement parisien \/ galerie d\u2019art, o\u00f9 tout est \u00e0 vendre ou presque\u2026 Voici la version rive droite&#8230;<\/p>\n","protected":false},"author":3,"featured_media":126207,"comment_status":"open","ping_status":"open","sticky":false,"template":"","format":"standard","meta":{"_coblocks_attr":"","_coblocks_dimensions":"","_coblocks_responsive_height":"","_coblocks_accordion_ie_support":"","_uag_custom_page_level_css":"","advgb_blocks_editor_width":"","advgb_blocks_columns_visual_guide":"","_genesis_hide_title":false,"_genesis_hide_breadcrumbs":false,"_genesis_hide_singular_image":false,"_genesis_hide_footer_widgets":false,"_genesis_custom_body_class":"","_genesis_custom_post_class":"","_genesis_layout":"","_themeisle_gutenberg_block_has_review":false,"_jetpack_newsletter_access":"","_jetpack_dont_email_post_to_subs":false,"_jetpack_newsletter_tier_id":0,"_jetpack_memberships_contains_paywalled_content":false,"_jetpack_memberships_contains_paid_content":false,"footnotes":""},"categories":[80,2482,905,21],"tags":[1227,1607,501,36,943,2216,12,2138,2217],"class_list":{"0":"post-123222","1":"post","2":"type-post","3":"status-publish","4":"format-standard","5":"has-post-thumbnail","7":"category-news","8":"category-art","9":"category-deco-design","10":"category-lifestyle","11":"tag-appartement-design","12":"tag-appartement-haussmannien","13":"tag-architecture-2","14":"tag-art","15":"tag-art-contemporain","16":"tag-galerie-dart","17":"tag-paris","18":"tag-visite-privee","19":"tag-zeuxis","20":"entry"},"featured_image_urls":{"full":["https:\/\/i0.wp.com\/joyana.fr\/wp-content\/uploads\/2016\/03\/galerie-dart-paris-zeuxis-IMG_4532.jpg?fit=2000%2C2000&ssl=1",2000,2000,false],"thumbnail":["https:\/\/i0.wp.com\/joyana.fr\/wp-content\/uploads\/2016\/03\/galerie-dart-paris-zeuxis-IMG_4532.jpg?resize=150%2C150&ssl=1",150,150,true],"medium":["https:\/\/i0.wp.com\/joyana.fr\/wp-content\/uploads\/2016\/03\/galerie-dart-paris-zeuxis-IMG_4532.jpg?fit=389%2C389&ssl=1",389,389,true],"medium_large":["https:\/\/i0.wp.com\/joyana.fr\/wp-content\/uploads\/2016\/03\/galerie-dart-paris-zeuxis-IMG_4532.jpg?fit=768%2C768&ssl=1",768,768,true],"large":["https:\/\/i0.wp.com\/joyana.fr\/wp-content\/uploads\/2016\/03\/galerie-dart-paris-zeuxis-IMG_4532.jpg?fit=1024%2C1024&ssl=1",1024,1024,true],"1536x1536":["https:\/\/i0.wp.com\/joyana.fr\/wp-content\/uploads\/2016\/03\/galerie-dart-paris-zeuxis-IMG_4532.jpg?fit=1536%2C1536&ssl=1",1536,1536,true],"2048x2048":["https:\/\/i0.wp.com\/joyana.fr\/wp-content\/uploads\/2016\/03\/galerie-dart-paris-zeuxis-IMG_4532.jpg?fit=2000%2C2000&ssl=1",2000,2000,true],"featured-thumb":["https:\/\/i0.wp.com\/joyana.fr\/wp-content\/uploads\/2016\/03\/galerie-dart-paris-zeuxis-IMG_4532.jpg?resize=1903%2C750&ssl=1",1903,750,true],"ab-block-post-grid-landscape":["https:\/\/i0.wp.com\/joyana.fr\/wp-content\/uploads\/2016\/03\/galerie-dart-paris-zeuxis-IMG_4532.jpg?resize=600%2C400&ssl=1",600,400,true],"ab-block-post-grid-square":["https:\/\/i0.wp.com\/joyana.fr\/wp-content\/uploads\/2016\/03\/galerie-dart-paris-zeuxis-IMG_4532.jpg?resize=600%2C600&ssl=1",600,600,true],"author-pro-image":["https:\/\/i0.wp.com\/joyana.fr\/wp-content\/uploads\/2016\/03\/galerie-dart-paris-zeuxis-IMG_4532.jpg?resize=360%2C570&ssl=1",360,570,true],"slider":["https:\/\/i0.wp.com\/joyana.fr\/wp-content\/uploads\/2016\/03\/galerie-dart-paris-zeuxis-IMG_4532.jpg?resize=920%2C400&ssl=1",920,400,true],"woocommerce_thumbnail":["https:\/\/i0.wp.com\/joyana.fr\/wp-content\/uploads\/2016\/03\/galerie-dart-paris-zeuxis-IMG_4532.jpg?resize=450%2C450&ssl=1",450,450,true],"woocommerce_single":["https:\/\/i0.wp.com\/joyana.fr\/wp-content\/uploads\/2016\/03\/galerie-dart-paris-zeuxis-IMG_4532.jpg?fit=920%2C920&ssl=1",920,920,true],"woocommerce_gallery_thumbnail":["https:\/\/i0.wp.com\/joyana.fr\/wp-content\/uploads\/2016\/03\/galerie-dart-paris-zeuxis-IMG_4532.jpg?resize=180%2C180&ssl=1",180,180,true],"sow-carousel-default":["https:\/\/i0.wp.com\/joyana.fr\/wp-content\/uploads\/2016\/03\/galerie-dart-paris-zeuxis-IMG_4532.jpg?resize=272%2C182&ssl=1",272,182,true]},"post_excerpt_stackable":"<p>C\u2019est Am\u00e9lie du Chalard &#8211; cr\u00e9atrice du concept ZEUXIS &#8211; qui m\u2019ouvre les portes de ce superbe appartement parisien \/ galerie d\u2019art, o\u00f9 tout est \u00e0 vendre ou presque\u2026 Voici la version rive droite&#8230;<\/p>\n","category_list":"<a href=\"https:\/\/joyana.fr\/ja\/category\/blog\/news\/\" rel=\"category tag\">A LA UNE<\/a>, <a href=\"https:\/\/joyana.fr\/ja\/category\/blog\/art\/\" rel=\"category tag\">ART<\/a>, <a href=\"https:\/\/joyana.fr\/ja\/category\/deco-design\/\" rel=\"category tag\">DECO-DESIGN<\/a>, <a href=\"https:\/\/joyana.fr\/ja\/category\/blog\/lifestyle\/\" rel=\"category tag\">LIFESTYLE<\/a>","author_info":{"display_name":"Jo Yana","author_link":"https:\/\/joyana.fr\/ja\/author\/joyana\/"},"comments_num":"0 comments","featured_image_urls_v2":{"full":["https:\/\/i0.wp.com\/joyana.fr\/wp-content\/uploads\/2016\/03\/galerie-dart-paris-zeuxis-IMG_4532.jpg?fit=2000%2C2000&ssl=1",2000,2000,false],"thumbnail":["https:\/\/i0.wp.com\/joyana.fr\/wp-content\/uploads\/2016\/03\/galerie-dart-paris-zeuxis-IMG_4532.jpg?resize=150%2C150&ssl=1",150,150,true],"medium":["https:\/\/i0.wp.com\/joyana.fr\/wp-content\/uploads\/2016\/03\/galerie-dart-paris-zeuxis-IMG_4532.jpg?fit=389%2C389&ssl=1",389,389,true],"medium_large":["https:\/\/i0.wp.com\/joyana.fr\/wp-content\/uploads\/2016\/03\/galerie-dart-paris-zeuxis-IMG_4532.jpg?fit=768%2C768&ssl=1",768,768,true],"large":["https:\/\/i0.wp.com\/joyana.fr\/wp-content\/uploads\/2016\/03\/galerie-dart-paris-zeuxis-IMG_4532.jpg?fit=1024%2C1024&ssl=1",1024,1024,true],"1536x1536":["https:\/\/i0.wp.com\/joyana.fr\/wp-content\/uploads\/2016\/03\/galerie-dart-paris-zeuxis-IMG_4532.jpg?fit=1536%2C1536&ssl=1",1536,1536,true],"2048x2048":["https:\/\/i0.wp.com\/joyana.fr\/wp-content\/uploads\/2016\/03\/galerie-dart-paris-zeuxis-IMG_4532.jpg?fit=2000%2C2000&ssl=1",2000,2000,true],"featured-thumb":["https:\/\/i0.wp.com\/joyana.fr\/wp-content\/uploads\/2016\/03\/galerie-dart-paris-zeuxis-IMG_4532.jpg?resize=1903%2C750&ssl=1",1903,750,true],"ab-block-post-grid-landscape":["https:\/\/i0.wp.com\/joyana.fr\/wp-content\/uploads\/2016\/03\/galerie-dart-paris-zeuxis-IMG_4532.jpg?resize=600%2C400&ssl=1",600,400,true],"ab-block-post-grid-square":["https:\/\/i0.wp.com\/joyana.fr\/wp-content\/uploads\/2016\/03\/galerie-dart-paris-zeuxis-IMG_4532.jpg?resize=600%2C600&ssl=1",600,600,true],"author-pro-image":["https:\/\/i0.wp.com\/joyana.fr\/wp-content\/uploads\/2016\/03\/galerie-dart-paris-zeuxis-IMG_4532.jpg?resize=360%2C570&ssl=1",360,570,true],"slider":["https:\/\/i0.wp.com\/joyana.fr\/wp-content\/uploads\/2016\/03\/galerie-dart-paris-zeuxis-IMG_4532.jpg?resize=920%2C400&ssl=1",920,400,true],"woocommerce_thumbnail":["https:\/\/i0.wp.com\/joyana.fr\/wp-content\/uploads\/2016\/03\/galerie-dart-paris-zeuxis-IMG_4532.jpg?resize=450%2C450&ssl=1",450,450,true],"woocommerce_single":["https:\/\/i0.wp.com\/joyana.fr\/wp-content\/uploads\/2016\/03\/galerie-dart-paris-zeuxis-IMG_4532.jpg?fit=920%2C920&ssl=1",920,920,true],"woocommerce_gallery_thumbnail":["https:\/\/i0.wp.com\/joyana.fr\/wp-content\/uploads\/2016\/03\/galerie-dart-paris-zeuxis-IMG_4532.jpg?resize=180%2C180&ssl=1",180,180,true],"sow-carousel-default":["https:\/\/i0.wp.com\/joyana.fr\/wp-content\/uploads\/2016\/03\/galerie-dart-paris-zeuxis-IMG_4532.jpg?resize=272%2C182&ssl=1",272,182,true]},"post_excerpt_stackable_v2":"<p>C\u2019est Am\u00e9lie du Chalard &#8211; cr\u00e9atrice du concept ZEUXIS &#8211; qui m\u2019ouvre les portes de ce superbe appartement parisien \/ galerie d\u2019art, o\u00f9 tout est \u00e0 vendre ou presque\u2026 Voici la version rive droite&#8230;<\/p>\n","category_list_v2":"<a href=\"https:\/\/joyana.fr\/ja\/category\/blog\/news\/\" rel=\"category tag\">A LA UNE<\/a>, <a href=\"https:\/\/joyana.fr\/ja\/category\/blog\/art\/\" rel=\"category tag\">ART<\/a>, <a href=\"https:\/\/joyana.fr\/ja\/category\/deco-design\/\" rel=\"category tag\">DECO-DESIGN<\/a>, <a href=\"https:\/\/joyana.fr\/ja\/category\/blog\/lifestyle\/\" rel=\"category tag\">LIFESTYLE<\/a>","author_info_v2":{"name":"Jo Yana","url":"https:\/\/joyana.fr\/ja\/author\/joyana\/"},"comments_num_v2":"0 comments","yoast_head":"<!-- This site is optimized with the Yoast SEO plugin v26.8 - https:\/\/yoast.com\/product\/yoast-seo-wordpress\/ -->\n<title>ZEUXIS - Appartement \/ Galerie d&#039;Art \u00e0 Paris | JO YANA<\/title>\n<meta name=\"description\" content=\"C\u2019est Am\u00e9lie du Chalard - cr\u00e9atrice du concept ZEUXIS - qui m\u2019ouvre les portes de ce superbe appartement parisien \/ galerie d\u2019art, o\u00f9 tout est \u00e0 vendre ou presque\u2026 Voici la version rive droite...\" \/>\n<meta name=\"robots\" content=\"index, follow, max-snippet:-1, max-image-preview:large, max-video-preview:-1\" \/>\n<link rel=\"canonical\" href=\"https:\/\/joyana.fr\/ja\/zeuxis-appartement-galerie-dart-a-paris\/123222\/\" \/>\n<meta property=\"og:locale\" content=\"ja_JP\" \/>\n<meta property=\"og:locale:alternate\" content=\"fr_FR\" \/>\n<meta property=\"og:locale:alternate\" content=\"en_US\" \/>\n<meta property=\"og:type\" content=\"article\" \/>\n<meta property=\"og:title\" content=\"ZEUXIS - Appartement \/ Galerie d&#039;Art \u00e0 Paris\" \/>\n<meta property=\"og:description\" content=\"C\u2019est Am\u00e9lie du Chalard - cr\u00e9atrice du concept ZEUXIS - qui m\u2019ouvre les portes de ce superbe appartement parisien \/ galerie d\u2019art, o\u00f9 tout est \u00e0 vendre ou presque\u2026\" \/>\n<meta property=\"og:url\" content=\"https:\/\/joyana.fr\/ja\/zeuxis-appartement-galerie-dart-a-paris\/123222\/\" \/>\n<meta property=\"og:site_name\" content=\"JO YANA\" \/>\n<meta property=\"article:published_time\" content=\"2018-01-22T08:20:51+00:00\" \/>\n<meta property=\"article:modified_time\" content=\"2018-06-19T05:44:57+00:00\" \/>\n<meta property=\"og:image\" content=\"https:\/\/joyana.fr\/wp-content\/uploads\/2016\/03\/BLOG_ZEUXIS-GALLERIE-PARIS.jpg\" \/>\n\t<meta property=\"og:image:width\" content=\"1700\" \/>\n\t<meta property=\"og:image:height\" content=\"1700\" \/>\n\t<meta property=\"og:image:type\" content=\"image\/jpeg\" \/>\n<meta name=\"author\" content=\"Jo Yana\" \/>\n<meta name=\"twitter:card\" content=\"summary_large_image\" \/>\n<meta name=\"twitter:creator\" content=\"@Jo_Yana\" \/>\n<meta name=\"twitter:site\" content=\"@Jo_Yana\" \/>\n<meta name=\"twitter:label1\" content=\"\u57f7\u7b46\u8005\" \/>\n\t<meta name=\"twitter:data1\" content=\"Jo Yana\" \/>\n\t<meta name=\"twitter:label2\" content=\"\u63a8\u5b9a\u8aad\u307f\u53d6\u308a\u6642\u9593\" \/>\n\t<meta name=\"twitter:data2\" content=\"6\u5206\" \/>\n<script type=\"application\/ld+json\" class=\"yoast-schema-graph\">{\"@context\":\"https:\/\/schema.org\",\"@graph\":[{\"@type\":\"Article\",\"@id\":\"https:\/\/joyana.fr\/zeuxis-appartement-galerie-dart-a-paris\/123222\/#article\",\"isPartOf\":{\"@id\":\"https:\/\/joyana.fr\/zeuxis-appartement-galerie-dart-a-paris\/123222\/\"},\"author\":{\"name\":\"Jo Yana\",\"@id\":\"https:\/\/www.joyana.fr\/ja\/#\/schema\/person\/cf2a1ad12a27c12c21801075bf37407c\"},\"headline\":\"ZEUXIS &#8211; Appartement \/ Galerie d&#8217;Art \u00e0 Paris\",\"datePublished\":\"2018-01-22T08:20:51+00:00\",\"dateModified\":\"2018-06-19T05:44:57+00:00\",\"mainEntityOfPage\":{\"@id\":\"https:\/\/joyana.fr\/zeuxis-appartement-galerie-dart-a-paris\/123222\/\"},\"wordCount\":1197,\"commentCount\":0,\"publisher\":{\"@id\":\"https:\/\/www.joyana.fr\/ja\/#\/schema\/person\/cf2a1ad12a27c12c21801075bf37407c\"},\"image\":{\"@id\":\"https:\/\/joyana.fr\/zeuxis-appartement-galerie-dart-a-paris\/123222\/#primaryimage\"},\"thumbnailUrl\":\"https:\/\/i0.wp.com\/joyana.fr\/wp-content\/uploads\/2016\/03\/galerie-dart-paris-zeuxis-IMG_4532.jpg?fit=2000%2C2000&ssl=1\",\"keywords\":[\"Appartement design\",\"Appartement Haussmannien\",\"Architecture\",\"ART\",\"Art Contemporain\",\"Galerie d'Art\",\"Paris\",\"Visite Priv\u00e9e\",\"ZEUXIS\"],\"articleSection\":[\"A LA UNE\",\"ART\",\"DECO-DESIGN\",\"LIFESTYLE\"],\"inLanguage\":\"ja\",\"potentialAction\":[{\"@type\":\"CommentAction\",\"name\":\"Comment\",\"target\":[\"https:\/\/joyana.fr\/zeuxis-appartement-galerie-dart-a-paris\/123222\/#respond\"]}]},{\"@type\":\"WebPage\",\"@id\":\"https:\/\/joyana.fr\/zeuxis-appartement-galerie-dart-a-paris\/123222\/\",\"url\":\"https:\/\/joyana.fr\/zeuxis-appartement-galerie-dart-a-paris\/123222\/\",\"name\":\"ZEUXIS - Appartement \/ Galerie d'Art \u00e0 Paris | JO YANA\",\"isPartOf\":{\"@id\":\"https:\/\/www.joyana.fr\/ja\/#website\"},\"primaryImageOfPage\":{\"@id\":\"https:\/\/joyana.fr\/zeuxis-appartement-galerie-dart-a-paris\/123222\/#primaryimage\"},\"image\":{\"@id\":\"https:\/\/joyana.fr\/zeuxis-appartement-galerie-dart-a-paris\/123222\/#primaryimage\"},\"thumbnailUrl\":\"https:\/\/i0.wp.com\/joyana.fr\/wp-content\/uploads\/2016\/03\/galerie-dart-paris-zeuxis-IMG_4532.jpg?fit=2000%2C2000&ssl=1\",\"datePublished\":\"2018-01-22T08:20:51+00:00\",\"dateModified\":\"2018-06-19T05:44:57+00:00\",\"description\":\"C\u2019est Am\u00e9lie du Chalard - cr\u00e9atrice du concept ZEUXIS - qui m\u2019ouvre les portes de ce superbe appartement parisien \/ galerie d\u2019art, o\u00f9 tout est \u00e0 vendre ou presque\u2026 Voici la version rive droite...\",\"breadcrumb\":{\"@id\":\"https:\/\/joyana.fr\/zeuxis-appartement-galerie-dart-a-paris\/123222\/#breadcrumb\"},\"inLanguage\":\"ja\",\"potentialAction\":[{\"@type\":\"ReadAction\",\"target\":[\"https:\/\/joyana.fr\/zeuxis-appartement-galerie-dart-a-paris\/123222\/\"]}]},{\"@type\":\"ImageObject\",\"inLanguage\":\"ja\",\"@id\":\"https:\/\/joyana.fr\/zeuxis-appartement-galerie-dart-a-paris\/123222\/#primaryimage\",\"url\":\"https:\/\/i0.wp.com\/joyana.fr\/wp-content\/uploads\/2016\/03\/galerie-dart-paris-zeuxis-IMG_4532.jpg?fit=2000%2C2000&ssl=1\",\"contentUrl\":\"https:\/\/i0.wp.com\/joyana.fr\/wp-content\/uploads\/2016\/03\/galerie-dart-paris-zeuxis-IMG_4532.jpg?fit=2000%2C2000&ssl=1\",\"width\":2000,\"height\":2000},{\"@type\":\"BreadcrumbList\",\"@id\":\"https:\/\/joyana.fr\/zeuxis-appartement-galerie-dart-a-paris\/123222\/#breadcrumb\",\"itemListElement\":[{\"@type\":\"ListItem\",\"position\":1,\"name\":\"Accueil\",\"item\":\"https:\/\/www.joyana.fr\/ja\/\"},{\"@type\":\"ListItem\",\"position\":2,\"name\":\"ZEUXIS &#8211; Appartement \/ Galerie d&rsquo;Art \u00e0 Paris\"}]},{\"@type\":\"WebSite\",\"@id\":\"https:\/\/www.joyana.fr\/ja\/#website\",\"url\":\"https:\/\/www.joyana.fr\/ja\/\",\"name\":\"JO YANA\",\"description\":\"Blog Mode Homme, Lifestyle, D\u00e9co-Design\",\"publisher\":{\"@id\":\"https:\/\/www.joyana.fr\/ja\/#\/schema\/person\/cf2a1ad12a27c12c21801075bf37407c\"},\"potentialAction\":[{\"@type\":\"SearchAction\",\"target\":{\"@type\":\"EntryPoint\",\"urlTemplate\":\"https:\/\/www.joyana.fr\/ja\/?s={search_term_string}\"},\"query-input\":{\"@type\":\"PropertyValueSpecification\",\"valueRequired\":true,\"valueName\":\"search_term_string\"}}],\"inLanguage\":\"ja\"},{\"@type\":[\"Person\",\"Organization\"],\"@id\":\"https:\/\/www.joyana.fr\/ja\/#\/schema\/person\/cf2a1ad12a27c12c21801075bf37407c\",\"name\":\"Jo Yana\",\"image\":{\"@type\":\"ImageObject\",\"inLanguage\":\"ja\",\"@id\":\"https:\/\/www.joyana.fr\/ja\/#\/schema\/person\/image\/\",\"url\":\"https:\/\/i0.wp.com\/joyana.fr\/wp-content\/uploads\/2016\/08\/cropped-joyana-logo-black-360x180.png?fit=343%2C164&ssl=1\",\"contentUrl\":\"https:\/\/i0.wp.com\/joyana.fr\/wp-content\/uploads\/2016\/08\/cropped-joyana-logo-black-360x180.png?fit=343%2C164&ssl=1\",\"width\":343,\"height\":164,\"caption\":\"Jo Yana\"},\"logo\":{\"@id\":\"https:\/\/www.joyana.fr\/ja\/#\/schema\/person\/image\/\"},\"description\":\"Jo Yana est le cr\u00e9ateur et r\u00e9dacteur en chef des sites DECO-DESIGN. Passionn\u00e9 de Design, Mode, Photo, Luxe, Lifestyle, Musique, mais avant tout Blogueur ! Le plaisir de partager l'anime et a comme devise \\\"POUR L'AMOUR DU BEAU\\\". Retrouvez le aussi sur son blog personnel - https:\/\/joyana.fr...\",\"sameAs\":[\"https:\/\/joyana.fr\/\"],\"url\":\"https:\/\/joyana.fr\/ja\/author\/joyana\/\"}]}<\/script>\n<!-- \/ Yoast SEO plugin. -->","yoast_head_json":{"title":"ZEUXIS - Appartement \/ Galerie d'Art \u00e0 Paris | JO YANA","description":"C\u2019est Am\u00e9lie du Chalard - cr\u00e9atrice du concept ZEUXIS - qui m\u2019ouvre les portes de ce superbe appartement parisien \/ galerie d\u2019art, o\u00f9 tout est \u00e0 vendre ou presque\u2026 Voici la version rive droite...","robots":{"index":"index","follow":"follow","max-snippet":"max-snippet:-1","max-image-preview":"max-image-preview:large","max-video-preview":"max-video-preview:-1"},"canonical":"https:\/\/joyana.fr\/ja\/zeuxis-appartement-galerie-dart-a-paris\/123222\/","og_locale":"ja_JP","og_type":"article","og_title":"ZEUXIS - Appartement \/ Galerie d'Art \u00e0 Paris","og_description":"C\u2019est Am\u00e9lie du Chalard - cr\u00e9atrice du concept ZEUXIS - qui m\u2019ouvre les portes de ce superbe appartement parisien \/ galerie d\u2019art, o\u00f9 tout est \u00e0 vendre ou presque\u2026","og_url":"https:\/\/joyana.fr\/ja\/zeuxis-appartement-galerie-dart-a-paris\/123222\/","og_site_name":"JO YANA","article_published_time":"2018-01-22T08:20:51+00:00","article_modified_time":"2018-06-19T05:44:57+00:00","og_image":[{"width":1700,"height":1700,"url":"https:\/\/joyana.fr\/wp-content\/uploads\/2016\/03\/BLOG_ZEUXIS-GALLERIE-PARIS.jpg","type":"image\/jpeg"}],"author":"Jo Yana","twitter_card":"summary_large_image","twitter_creator":"@Jo_Yana","twitter_site":"@Jo_Yana","twitter_misc":{"\u57f7\u7b46\u8005":"Jo Yana","\u63a8\u5b9a\u8aad\u307f\u53d6\u308a\u6642\u9593":"6\u5206"},"schema":{"@context":"https:\/\/schema.org","@graph":[{"@type":"Article","@id":"https:\/\/joyana.fr\/zeuxis-appartement-galerie-dart-a-paris\/123222\/#article","isPartOf":{"@id":"https:\/\/joyana.fr\/zeuxis-appartement-galerie-dart-a-paris\/123222\/"},"author":{"name":"Jo Yana","@id":"https:\/\/www.joyana.fr\/ja\/#\/schema\/person\/cf2a1ad12a27c12c21801075bf37407c"},"headline":"ZEUXIS &#8211; Appartement \/ Galerie d&#8217;Art \u00e0 Paris","datePublished":"2018-01-22T08:20:51+00:00","dateModified":"2018-06-19T05:44:57+00:00","mainEntityOfPage":{"@id":"https:\/\/joyana.fr\/zeuxis-appartement-galerie-dart-a-paris\/123222\/"},"wordCount":1197,"commentCount":0,"publisher":{"@id":"https:\/\/www.joyana.fr\/ja\/#\/schema\/person\/cf2a1ad12a27c12c21801075bf37407c"},"image":{"@id":"https:\/\/joyana.fr\/zeuxis-appartement-galerie-dart-a-paris\/123222\/#primaryimage"},"thumbnailUrl":"https:\/\/i0.wp.com\/joyana.fr\/wp-content\/uploads\/2016\/03\/galerie-dart-paris-zeuxis-IMG_4532.jpg?fit=2000%2C2000&ssl=1","keywords":["Appartement design","Appartement Haussmannien","Architecture","ART","Art Contemporain","Galerie d'Art","Paris","Visite Priv\u00e9e","ZEUXIS"],"articleSection":["A LA UNE","ART","DECO-DESIGN","LIFESTYLE"],"inLanguage":"ja","potentialAction":[{"@type":"CommentAction","name":"Comment","target":["https:\/\/joyana.fr\/zeuxis-appartement-galerie-dart-a-paris\/123222\/#respond"]}]},{"@type":"WebPage","@id":"https:\/\/joyana.fr\/zeuxis-appartement-galerie-dart-a-paris\/123222\/","url":"https:\/\/joyana.fr\/zeuxis-appartement-galerie-dart-a-paris\/123222\/","name":"ZEUXIS - Appartement \/ Galerie d'Art \u00e0 Paris | JO YANA","isPartOf":{"@id":"https:\/\/www.joyana.fr\/ja\/#website"},"primaryImageOfPage":{"@id":"https:\/\/joyana.fr\/zeuxis-appartement-galerie-dart-a-paris\/123222\/#primaryimage"},"image":{"@id":"https:\/\/joyana.fr\/zeuxis-appartement-galerie-dart-a-paris\/123222\/#primaryimage"},"thumbnailUrl":"https:\/\/i0.wp.com\/joyana.fr\/wp-content\/uploads\/2016\/03\/galerie-dart-paris-zeuxis-IMG_4532.jpg?fit=2000%2C2000&ssl=1","datePublished":"2018-01-22T08:20:51+00:00","dateModified":"2018-06-19T05:44:57+00:00","description":"C\u2019est Am\u00e9lie du Chalard - cr\u00e9atrice du concept ZEUXIS - qui m\u2019ouvre les portes de ce superbe appartement parisien \/ galerie d\u2019art, o\u00f9 tout est \u00e0 vendre ou presque\u2026 Voici la version rive droite...","breadcrumb":{"@id":"https:\/\/joyana.fr\/zeuxis-appartement-galerie-dart-a-paris\/123222\/#breadcrumb"},"inLanguage":"ja","potentialAction":[{"@type":"ReadAction","target":["https:\/\/joyana.fr\/zeuxis-appartement-galerie-dart-a-paris\/123222\/"]}]},{"@type":"ImageObject","inLanguage":"ja","@id":"https:\/\/joyana.fr\/zeuxis-appartement-galerie-dart-a-paris\/123222\/#primaryimage","url":"https:\/\/i0.wp.com\/joyana.fr\/wp-content\/uploads\/2016\/03\/galerie-dart-paris-zeuxis-IMG_4532.jpg?fit=2000%2C2000&ssl=1","contentUrl":"https:\/\/i0.wp.com\/joyana.fr\/wp-content\/uploads\/2016\/03\/galerie-dart-paris-zeuxis-IMG_4532.jpg?fit=2000%2C2000&ssl=1","width":2000,"height":2000},{"@type":"BreadcrumbList","@id":"https:\/\/joyana.fr\/zeuxis-appartement-galerie-dart-a-paris\/123222\/#breadcrumb","itemListElement":[{"@type":"ListItem","position":1,"name":"Accueil","item":"https:\/\/www.joyana.fr\/ja\/"},{"@type":"ListItem","position":2,"name":"ZEUXIS &#8211; Appartement \/ Galerie d&rsquo;Art \u00e0 Paris"}]},{"@type":"WebSite","@id":"https:\/\/www.joyana.fr\/ja\/#website","url":"https:\/\/www.joyana.fr\/ja\/","name":"JO YANA","description":"Blog Mode Homme, Lifestyle, D\u00e9co-Design","publisher":{"@id":"https:\/\/www.joyana.fr\/ja\/#\/schema\/person\/cf2a1ad12a27c12c21801075bf37407c"},"potentialAction":[{"@type":"SearchAction","target":{"@type":"EntryPoint","urlTemplate":"https:\/\/www.joyana.fr\/ja\/?s={search_term_string}"},"query-input":{"@type":"PropertyValueSpecification","valueRequired":true,"valueName":"search_term_string"}}],"inLanguage":"ja"},{"@type":["Person","Organization"],"@id":"https:\/\/www.joyana.fr\/ja\/#\/schema\/person\/cf2a1ad12a27c12c21801075bf37407c","name":"Jo Yana","image":{"@type":"ImageObject","inLanguage":"ja","@id":"https:\/\/www.joyana.fr\/ja\/#\/schema\/person\/image\/","url":"https:\/\/i0.wp.com\/joyana.fr\/wp-content\/uploads\/2016\/08\/cropped-joyana-logo-black-360x180.png?fit=343%2C164&ssl=1","contentUrl":"https:\/\/i0.wp.com\/joyana.fr\/wp-content\/uploads\/2016\/08\/cropped-joyana-logo-black-360x180.png?fit=343%2C164&ssl=1","width":343,"height":164,"caption":"Jo Yana"},"logo":{"@id":"https:\/\/www.joyana.fr\/ja\/#\/schema\/person\/image\/"},"description":"Jo Yana est le cr\u00e9ateur et r\u00e9dacteur en chef des sites DECO-DESIGN. Passionn\u00e9 de Design, Mode, Photo, Luxe, Lifestyle, Musique, mais avant tout Blogueur ! Le plaisir de partager l'anime et a comme devise \"POUR L'AMOUR DU BEAU\". Retrouvez le aussi sur son blog personnel - https:\/\/joyana.fr...","sameAs":["https:\/\/joyana.fr\/"],"url":"https:\/\/joyana.fr\/ja\/author\/joyana\/"}]}},"author_meta":{"display_name":"Jo Yana","author_link":"https:\/\/joyana.fr\/ja\/author\/joyana\/"},"featured_img":"https:\/\/i0.wp.com\/joyana.fr\/wp-content\/uploads\/2016\/03\/galerie-dart-paris-zeuxis-IMG_4532.jpg?fit=389%2C389&ssl=1","featured_image_src":"https:\/\/i0.wp.com\/joyana.fr\/wp-content\/uploads\/2016\/03\/galerie-dart-paris-zeuxis-IMG_4532.jpg?resize=600%2C400&ssl=1","featured_image_src_square":"https:\/\/i0.wp.com\/joyana.fr\/wp-content\/uploads\/2016\/03\/galerie-dart-paris-zeuxis-IMG_4532.jpg?resize=600%2C600&ssl=1","jetpack_featured_media_url":"https:\/\/i0.wp.com\/joyana.fr\/wp-content\/uploads\/2016\/03\/galerie-dart-paris-zeuxis-IMG_4532.jpg?fit=2000%2C2000&ssl=1","uagb_featured_image_src":{"full":["https:\/\/i0.wp.com\/joyana.fr\/wp-content\/uploads\/2016\/03\/galerie-dart-paris-zeuxis-IMG_4532.jpg?fit=2000%2C2000&ssl=1",2000,2000,false],"thumbnail":["https:\/\/i0.wp.com\/joyana.fr\/wp-content\/uploads\/2016\/03\/galerie-dart-paris-zeuxis-IMG_4532.jpg?resize=150%2C150&ssl=1",150,150,true],"medium":["https:\/\/i0.wp.com\/joyana.fr\/wp-content\/uploads\/2016\/03\/galerie-dart-paris-zeuxis-IMG_4532.jpg?fit=389%2C389&ssl=1",389,389,true],"medium_large":["https:\/\/i0.wp.com\/joyana.fr\/wp-content\/uploads\/2016\/03\/galerie-dart-paris-zeuxis-IMG_4532.jpg?fit=768%2C768&ssl=1",768,768,true],"large":["https:\/\/i0.wp.com\/joyana.fr\/wp-content\/uploads\/2016\/03\/galerie-dart-paris-zeuxis-IMG_4532.jpg?fit=1024%2C1024&ssl=1",1024,1024,true],"1536x1536":["https:\/\/i0.wp.com\/joyana.fr\/wp-content\/uploads\/2016\/03\/galerie-dart-paris-zeuxis-IMG_4532.jpg?fit=1536%2C1536&ssl=1",1536,1536,true],"2048x2048":["https:\/\/i0.wp.com\/joyana.fr\/wp-content\/uploads\/2016\/03\/galerie-dart-paris-zeuxis-IMG_4532.jpg?fit=2000%2C2000&ssl=1",2000,2000,true],"featured-thumb":["https:\/\/i0.wp.com\/joyana.fr\/wp-content\/uploads\/2016\/03\/galerie-dart-paris-zeuxis-IMG_4532.jpg?resize=1903%2C750&ssl=1",1903,750,true],"ab-block-post-grid-landscape":["https:\/\/i0.wp.com\/joyana.fr\/wp-content\/uploads\/2016\/03\/galerie-dart-paris-zeuxis-IMG_4532.jpg?resize=600%2C400&ssl=1",600,400,true],"ab-block-post-grid-square":["https:\/\/i0.wp.com\/joyana.fr\/wp-content\/uploads\/2016\/03\/galerie-dart-paris-zeuxis-IMG_4532.jpg?resize=600%2C600&ssl=1",600,600,true],"author-pro-image":["https:\/\/i0.wp.com\/joyana.fr\/wp-content\/uploads\/2016\/03\/galerie-dart-paris-zeuxis-IMG_4532.jpg?resize=360%2C570&ssl=1",360,570,true],"slider":["https:\/\/i0.wp.com\/joyana.fr\/wp-content\/uploads\/2016\/03\/galerie-dart-paris-zeuxis-IMG_4532.jpg?resize=920%2C400&ssl=1",920,400,true],"woocommerce_thumbnail":["https:\/\/i0.wp.com\/joyana.fr\/wp-content\/uploads\/2016\/03\/galerie-dart-paris-zeuxis-IMG_4532.jpg?resize=450%2C450&ssl=1",450,450,true],"woocommerce_single":["https:\/\/i0.wp.com\/joyana.fr\/wp-content\/uploads\/2016\/03\/galerie-dart-paris-zeuxis-IMG_4532.jpg?fit=920%2C920&ssl=1",920,920,true],"woocommerce_gallery_thumbnail":["https:\/\/i0.wp.com\/joyana.fr\/wp-content\/uploads\/2016\/03\/galerie-dart-paris-zeuxis-IMG_4532.jpg?resize=180%2C180&ssl=1",180,180,true],"sow-carousel-default":["https:\/\/i0.wp.com\/joyana.fr\/wp-content\/uploads\/2016\/03\/galerie-dart-paris-zeuxis-IMG_4532.jpg?resize=272%2C182&ssl=1",272,182,true]},"uagb_author_info":{"display_name":"Jo Yana","author_link":"https:\/\/joyana.fr\/ja\/author\/joyana\/"},"uagb_comment_info":32,"uagb_excerpt":"C\u2019est Am\u00e9lie du Chalard - cr\u00e9atrice du concept ZEUXIS -&hellip;","coauthors":[],"tax_additional":{"categories":{"linked":["<a href=\"https:\/\/joyana.fr\/ja\/category\/blog\/news\/\" class=\"advgb-post-tax-term\">A LA UNE<\/a>","<a href=\"https:\/\/joyana.fr\/ja\/category\/blog\/art\/\" class=\"advgb-post-tax-term\">ART<\/a>","<a href=\"https:\/\/joyana.fr\/ja\/category\/deco-design\/\" class=\"advgb-post-tax-term\">DECO-DESIGN<\/a>","<a href=\"https:\/\/joyana.fr\/ja\/category\/blog\/lifestyle\/\" class=\"advgb-post-tax-term\">LIFESTYLE<\/a>"],"unlinked":["<span class=\"advgb-post-tax-term\">A LA UNE<\/span>","<span class=\"advgb-post-tax-term\">ART<\/span>","<span class=\"advgb-post-tax-term\">DECO-DESIGN<\/span>","<span class=\"advgb-post-tax-term\">LIFESTYLE<\/span>"]},"tags":{"linked":["<a href=\"https:\/\/joyana.fr\/ja\/category\/blog\/lifestyle\/\" class=\"advgb-post-tax-term\">Appartement design<\/a>","<a href=\"https:\/\/joyana.fr\/ja\/category\/blog\/lifestyle\/\" class=\"advgb-post-tax-term\">Appartement Haussmannien<\/a>","<a href=\"https:\/\/joyana.fr\/ja\/category\/blog\/lifestyle\/\" class=\"advgb-post-tax-term\">Architecture<\/a>","<a href=\"https:\/\/joyana.fr\/ja\/category\/blog\/lifestyle\/\" class=\"advgb-post-tax-term\">ART<\/a>","<a href=\"https:\/\/joyana.fr\/ja\/category\/blog\/lifestyle\/\" class=\"advgb-post-tax-term\">Art Contemporain<\/a>","<a href=\"https:\/\/joyana.fr\/ja\/category\/blog\/lifestyle\/\" class=\"advgb-post-tax-term\">Galerie d&#039;Art<\/a>","<a href=\"https:\/\/joyana.fr\/ja\/category\/blog\/lifestyle\/\" class=\"advgb-post-tax-term\">Paris<\/a>","<a href=\"https:\/\/joyana.fr\/ja\/category\/blog\/lifestyle\/\" class=\"advgb-post-tax-term\">Visite Priv\u00e9e<\/a>","<a href=\"https:\/\/joyana.fr\/ja\/category\/blog\/lifestyle\/\" class=\"advgb-post-tax-term\">ZEUXIS<\/a>"],"unlinked":["<span class=\"advgb-post-tax-term\">Appartement design<\/span>","<span class=\"advgb-post-tax-term\">Appartement Haussmannien<\/span>","<span class=\"advgb-post-tax-term\">Architecture<\/span>","<span class=\"advgb-post-tax-term\">ART<\/span>","<span class=\"advgb-post-tax-term\">Art Contemporain<\/span>","<span class=\"advgb-post-tax-term\">Galerie d&#039;Art<\/span>","<span class=\"advgb-post-tax-term\">Paris<\/span>","<span class=\"advgb-post-tax-term\">Visite Priv\u00e9e<\/span>","<span class=\"advgb-post-tax-term\">ZEUXIS<\/span>"]}},"comment_count":0,"relative_dates":{"created":"Posted 8\u5e74 ago","modified":"Updated 8\u5e74 ago"},"absolute_dates":{"created":"Posted on 22 1\u6708 2018","modified":"Updated on 19 6\u6708 2018"},"absolute_dates_time":{"created":"Posted on 22 1\u6708 2018 9:20","modified":"Updated on 19 6\u6708 2018 6:44"},"featured_img_caption":"","series_order":"","jetpack_sharing_enabled":true,"jetpack_shortlink":"https:\/\/wp.me\/p9bteI-w3s","jetpack-related-posts":[],"_links":{"self":[{"href":"https:\/\/joyana.fr\/ja\/wp-json\/wp\/v2\/posts\/123222","targetHints":{"allow":["GET"]}}],"collection":[{"href":"https:\/\/joyana.fr\/ja\/wp-json\/wp\/v2\/posts"}],"about":[{"href":"https:\/\/joyana.fr\/ja\/wp-json\/wp\/v2\/types\/post"}],"author":[{"embeddable":true,"href":"https:\/\/joyana.fr\/ja\/wp-json\/wp\/v2\/users\/3"}],"replies":[{"embeddable":true,"href":"https:\/\/joyana.fr\/ja\/wp-json\/wp\/v2\/comments?post=123222"}],"version-history":[{"count":15,"href":"https:\/\/joyana.fr\/ja\/wp-json\/wp\/v2\/posts\/123222\/revisions"}],"predecessor-version":[{"id":126222,"href":"https:\/\/joyana.fr\/ja\/wp-json\/wp\/v2\/posts\/123222\/revisions\/126222"}],"wp:featuredmedia":[{"embeddable":true,"href":"https:\/\/joyana.fr\/ja\/wp-json\/wp\/v2\/media\/126207"}],"wp:attachment":[{"href":"https:\/\/joyana.fr\/ja\/wp-json\/wp\/v2\/media?parent=123222"}],"wp:term":[{"taxonomy":"category","embeddable":true,"href":"https:\/\/joyana.fr\/ja\/wp-json\/wp\/v2\/categories?post=123222"},{"taxonomy":"post_tag","embeddable":true,"href":"https:\/\/joyana.fr\/ja\/wp-json\/wp\/v2\/tags?post=123222"}],"curies":[{"name":"wp","href":"https:\/\/api.w.org\/{rel}","templated":true}]}}