{"id":123270,"date":"2016-03-16T13:52:07","date_gmt":"2016-03-16T12:52:07","guid":{"rendered":"https:\/\/joyana.fr\/?p=123270"},"modified":"2016-03-20T17:28:12","modified_gmt":"2016-03-20T16:28:12","slug":"nouveau-mini-cabrio","status":"publish","type":"post","link":"https:\/\/joyana.fr\/ja\/nouveau-mini-cabrio\/123270\/","title":{"rendered":"48h avec le Nouveau MINI Cabrio"},"content":{"rendered":"<p style=\"text-align: justify;\">Lundi midi \u00e0 l&#8217;a\u00e9roport de Marignane, en arrivant ce ne sont pas les moteurs des avions que j&#8217;entends vrombir mais celui du <strong>Nouveau MINI Cooper S Cabrio<\/strong>\u00a0&#8211; avec finition\u00a0JCW &#8211; qui va m&#8217;accompagner les premi\u00e8res heures, l&#8217;enfant en moi se r\u00e9veille&#8230;<!--more--><\/p>\n<p><img data-recalc-dims=\"1\" fetchpriority=\"high\" decoding=\"async\" data-attachment-id=\"123277\" data-permalink=\"https:\/\/joyana.fr\/ja\/nouveau-mini-cabrio\/123270\/blog_the-new-mini-cabrio_10\/\" data-orig-file=\"https:\/\/i0.wp.com\/joyana.fr\/wp-content\/uploads\/2016\/03\/BLOG_THE-NEW-MINI-CABRIO_10.jpg?fit=1700%2C1700&amp;ssl=1\" data-orig-size=\"1700,1700\" data-comments-opened=\"1\" data-image-meta=\"{&quot;aperture&quot;:&quot;0&quot;,&quot;credit&quot;:&quot;&quot;,&quot;camera&quot;:&quot;&quot;,&quot;caption&quot;:&quot;&quot;,&quot;created_timestamp&quot;:&quot;0&quot;,&quot;copyright&quot;:&quot;&quot;,&quot;focal_length&quot;:&quot;0&quot;,&quot;iso&quot;:&quot;0&quot;,&quot;shutter_speed&quot;:&quot;0&quot;,&quot;title&quot;:&quot;&quot;,&quot;orientation&quot;:&quot;1&quot;}\" data-image-title=\"BLOG_THE NEW MINI CABRIO_10\" data-image-description=\"\" data-image-caption=\"\" data-medium-file=\"https:\/\/i0.wp.com\/joyana.fr\/wp-content\/uploads\/2016\/03\/BLOG_THE-NEW-MINI-CABRIO_10.jpg?fit=389%2C389&amp;ssl=1\" data-large-file=\"https:\/\/i0.wp.com\/joyana.fr\/wp-content\/uploads\/2016\/03\/BLOG_THE-NEW-MINI-CABRIO_10.jpg?fit=1024%2C1024&amp;ssl=1\" class=\"alignnone size-full wp-image-123277\" src=\"https:\/\/i0.wp.com\/joyana.fr\/wp-content\/uploads\/2016\/03\/BLOG_THE-NEW-MINI-CABRIO_10.jpg?resize=1700%2C1700&#038;ssl=1\" alt=\"BLOG_THE NEW MINI CABRIO_10\" width=\"1700\" height=\"1700\" srcset=\"https:\/\/i0.wp.com\/joyana.fr\/wp-content\/uploads\/2016\/03\/BLOG_THE-NEW-MINI-CABRIO_10.jpg?w=1700&amp;ssl=1 1700w, https:\/\/i0.wp.com\/joyana.fr\/wp-content\/uploads\/2016\/03\/BLOG_THE-NEW-MINI-CABRIO_10.jpg?resize=300%2C300&amp;ssl=1 300w, https:\/\/i0.wp.com\/joyana.fr\/wp-content\/uploads\/2016\/03\/BLOG_THE-NEW-MINI-CABRIO_10.jpg?resize=100%2C100&amp;ssl=1 100w, https:\/\/i0.wp.com\/joyana.fr\/wp-content\/uploads\/2016\/03\/BLOG_THE-NEW-MINI-CABRIO_10.jpg?resize=600%2C600&amp;ssl=1 600w\" sizes=\"(max-width: 1000px) 100vw, 1000px\" \/><\/p>\n<p style=\"text-align: justify;\">On parle rarement automobile sur le blog, quelque chose que je voulais changer, et c&#8217;est avec la complicit\u00e9 de <strong>MINI<\/strong> que je vous embarque pour deux jours de vir\u00e9e, avec les paysages du Sud de la France pour d\u00e9cor, et <a href=\"http:\/\/junesixtyfive.com\" target=\"_blank\">Federica<\/a> comme pilote\/copilote&#8230;<\/p>\n<p style=\"text-align: justify;\">Pour en revenir \u00e0 la voiture, ce cabriolet est la nouvelle \u00e9dition du pr\u00e9c\u00e9dant et le seul cabriolet enti\u00e8rement d\u00e9couvrable \u00a0dans le segment des citadines premium\u00a0aujourd&#8217;hui. Le premier jour, j&#8217;ai test\u00e9 les performances sportives du <strong>Nouveau MINI Cooper S Cabrio\u00a0<\/strong>avec quelques \u00e9l\u00e9ments de la version JCW &#8211; encore en pr\u00e9paration dans les ateliers de MINI.<\/p>\n<p style=\"text-align: justify;\">Pour les non-initi\u00e9s, JCW (John Cooper Works) est le mod\u00e8le le plus sportif\u00a0de la gamme. Le mien avait quelques \u00e9l\u00e9ments de cette version (dont le kit\u00a0\u00e9chappement JCW) avec 211 chevaux sous le capot&#8230; Pour ceux qui ont pu entendre la sonorit\u00e9 sur <a href=\"https:\/\/www.facebook.com\/JO.YANA.officiel\/\" target=\"_blank\">ma page Facebook<\/a>, je peux vous dire que c&#8217;est impressionnant et totalement r\u00e9gressif, qu&#8217;on se prend rapidement au jeu, et que les heures de conduite paraissent des minutes&#8230; Je m&#8217;initie par la m\u00eame occasion \u00e0 la bo\u00eete auto, experience encore une fois in\u00e9dite pour moi, et le fait de ne rien faire devient tr\u00e8s vite addictif&#8230; Le plaisir est \u00e0 son comble\u00a0!<\/p>\n<p><a href=\"https:\/\/i0.wp.com\/joyana.fr\/wp-content\/uploads\/2016\/03\/BLOG_THE-NEW-MINI-CABRIO_11.jpg?ssl=1\"><img data-recalc-dims=\"1\" decoding=\"async\" data-attachment-id=\"123278\" data-permalink=\"https:\/\/joyana.fr\/ja\/nouveau-mini-cabrio\/123270\/blog_the-new-mini-cabrio_11\/\" data-orig-file=\"https:\/\/i0.wp.com\/joyana.fr\/wp-content\/uploads\/2016\/03\/BLOG_THE-NEW-MINI-CABRIO_11.jpg?fit=1700%2C1700&amp;ssl=1\" data-orig-size=\"1700,1700\" data-comments-opened=\"1\" data-image-meta=\"{&quot;aperture&quot;:&quot;0&quot;,&quot;credit&quot;:&quot;&quot;,&quot;camera&quot;:&quot;&quot;,&quot;caption&quot;:&quot;&quot;,&quot;created_timestamp&quot;:&quot;0&quot;,&quot;copyright&quot;:&quot;&quot;,&quot;focal_length&quot;:&quot;0&quot;,&quot;iso&quot;:&quot;0&quot;,&quot;shutter_speed&quot;:&quot;0&quot;,&quot;title&quot;:&quot;&quot;,&quot;orientation&quot;:&quot;1&quot;}\" data-image-title=\"BLOG_THE NEW MINI CABRIO_11\" data-image-description=\"\" data-image-caption=\"\" data-medium-file=\"https:\/\/i0.wp.com\/joyana.fr\/wp-content\/uploads\/2016\/03\/BLOG_THE-NEW-MINI-CABRIO_11.jpg?fit=389%2C389&amp;ssl=1\" data-large-file=\"https:\/\/i0.wp.com\/joyana.fr\/wp-content\/uploads\/2016\/03\/BLOG_THE-NEW-MINI-CABRIO_11.jpg?fit=1024%2C1024&amp;ssl=1\" class=\"alignnone size-full wp-image-123278\" src=\"https:\/\/i0.wp.com\/joyana.fr\/wp-content\/uploads\/2016\/03\/BLOG_THE-NEW-MINI-CABRIO_11.jpg?resize=1700%2C1700&#038;ssl=1\" alt=\"BLOG_THE NEW MINI CABRIO_11\" width=\"1700\" height=\"1700\" srcset=\"https:\/\/i0.wp.com\/joyana.fr\/wp-content\/uploads\/2016\/03\/BLOG_THE-NEW-MINI-CABRIO_11.jpg?w=1700&amp;ssl=1 1700w, https:\/\/i0.wp.com\/joyana.fr\/wp-content\/uploads\/2016\/03\/BLOG_THE-NEW-MINI-CABRIO_11.jpg?resize=300%2C300&amp;ssl=1 300w, https:\/\/i0.wp.com\/joyana.fr\/wp-content\/uploads\/2016\/03\/BLOG_THE-NEW-MINI-CABRIO_11.jpg?resize=100%2C100&amp;ssl=1 100w, https:\/\/i0.wp.com\/joyana.fr\/wp-content\/uploads\/2016\/03\/BLOG_THE-NEW-MINI-CABRIO_11.jpg?resize=600%2C600&amp;ssl=1 600w\" sizes=\"(max-width: 1000px) 100vw, 1000px\" \/><\/a><\/p>\n<p><a href=\"https:\/\/i0.wp.com\/joyana.fr\/wp-content\/uploads\/2016\/03\/BLOG_THE-NEW-MINI-CABRIO_8.jpg?ssl=1\"><img data-recalc-dims=\"1\" decoding=\"async\" data-attachment-id=\"123275\" data-permalink=\"https:\/\/joyana.fr\/ja\/nouveau-mini-cabrio\/123270\/blog_the-new-mini-cabrio_8\/\" data-orig-file=\"https:\/\/i0.wp.com\/joyana.fr\/wp-content\/uploads\/2016\/03\/BLOG_THE-NEW-MINI-CABRIO_8.jpg?fit=1700%2C1700&amp;ssl=1\" data-orig-size=\"1700,1700\" data-comments-opened=\"1\" data-image-meta=\"{&quot;aperture&quot;:&quot;0&quot;,&quot;credit&quot;:&quot;&quot;,&quot;camera&quot;:&quot;&quot;,&quot;caption&quot;:&quot;&quot;,&quot;created_timestamp&quot;:&quot;0&quot;,&quot;copyright&quot;:&quot;&quot;,&quot;focal_length&quot;:&quot;0&quot;,&quot;iso&quot;:&quot;0&quot;,&quot;shutter_speed&quot;:&quot;0&quot;,&quot;title&quot;:&quot;&quot;,&quot;orientation&quot;:&quot;1&quot;}\" data-image-title=\"BLOG_THE NEW MINI CABRIO_8\" data-image-description=\"\" data-image-caption=\"\" data-medium-file=\"https:\/\/i0.wp.com\/joyana.fr\/wp-content\/uploads\/2016\/03\/BLOG_THE-NEW-MINI-CABRIO_8.jpg?fit=389%2C389&amp;ssl=1\" data-large-file=\"https:\/\/i0.wp.com\/joyana.fr\/wp-content\/uploads\/2016\/03\/BLOG_THE-NEW-MINI-CABRIO_8.jpg?fit=1024%2C1024&amp;ssl=1\" class=\"alignnone size-full wp-image-123275\" src=\"https:\/\/i0.wp.com\/joyana.fr\/wp-content\/uploads\/2016\/03\/BLOG_THE-NEW-MINI-CABRIO_8.jpg?resize=1700%2C1700&#038;ssl=1\" alt=\"BLOG_THE NEW MINI CABRIO_8\" width=\"1700\" height=\"1700\" srcset=\"https:\/\/i0.wp.com\/joyana.fr\/wp-content\/uploads\/2016\/03\/BLOG_THE-NEW-MINI-CABRIO_8.jpg?w=1700&amp;ssl=1 1700w, https:\/\/i0.wp.com\/joyana.fr\/wp-content\/uploads\/2016\/03\/BLOG_THE-NEW-MINI-CABRIO_8.jpg?resize=300%2C300&amp;ssl=1 300w, https:\/\/i0.wp.com\/joyana.fr\/wp-content\/uploads\/2016\/03\/BLOG_THE-NEW-MINI-CABRIO_8.jpg?resize=100%2C100&amp;ssl=1 100w, https:\/\/i0.wp.com\/joyana.fr\/wp-content\/uploads\/2016\/03\/BLOG_THE-NEW-MINI-CABRIO_8.jpg?resize=600%2C600&amp;ssl=1 600w\" sizes=\"(max-width: 1000px) 100vw, 1000px\" \/><\/a><\/p>\n<p><a href=\"https:\/\/i0.wp.com\/joyana.fr\/wp-content\/uploads\/2016\/03\/BLOG_THE-NEW-MINI-CABRIO_12_S.jpg?ssl=1\"><img data-recalc-dims=\"1\" loading=\"lazy\" decoding=\"async\" data-attachment-id=\"123279\" data-permalink=\"https:\/\/joyana.fr\/ja\/nouveau-mini-cabrio\/123270\/blog_the-new-mini-cabrio_12_s\/\" data-orig-file=\"https:\/\/i0.wp.com\/joyana.fr\/wp-content\/uploads\/2016\/03\/BLOG_THE-NEW-MINI-CABRIO_12_S.jpg?fit=1700%2C1700&amp;ssl=1\" data-orig-size=\"1700,1700\" data-comments-opened=\"1\" data-image-meta=\"{&quot;aperture&quot;:&quot;0&quot;,&quot;credit&quot;:&quot;&quot;,&quot;camera&quot;:&quot;&quot;,&quot;caption&quot;:&quot;&quot;,&quot;created_timestamp&quot;:&quot;0&quot;,&quot;copyright&quot;:&quot;&quot;,&quot;focal_length&quot;:&quot;0&quot;,&quot;iso&quot;:&quot;0&quot;,&quot;shutter_speed&quot;:&quot;0&quot;,&quot;title&quot;:&quot;&quot;,&quot;orientation&quot;:&quot;1&quot;}\" data-image-title=\"BLOG_THE NEW MINI CABRIO_12_S\" data-image-description=\"\" data-image-caption=\"\" data-medium-file=\"https:\/\/i0.wp.com\/joyana.fr\/wp-content\/uploads\/2016\/03\/BLOG_THE-NEW-MINI-CABRIO_12_S.jpg?fit=389%2C389&amp;ssl=1\" data-large-file=\"https:\/\/i0.wp.com\/joyana.fr\/wp-content\/uploads\/2016\/03\/BLOG_THE-NEW-MINI-CABRIO_12_S.jpg?fit=1024%2C1024&amp;ssl=1\" class=\"alignnone size-full wp-image-123279\" src=\"https:\/\/i0.wp.com\/joyana.fr\/wp-content\/uploads\/2016\/03\/BLOG_THE-NEW-MINI-CABRIO_12_S.jpg?resize=1700%2C1700&#038;ssl=1\" alt=\"BLOG_THE NEW MINI CABRIO_12_S\" width=\"1700\" height=\"1700\" srcset=\"https:\/\/i0.wp.com\/joyana.fr\/wp-content\/uploads\/2016\/03\/BLOG_THE-NEW-MINI-CABRIO_12_S.jpg?w=1700&amp;ssl=1 1700w, https:\/\/i0.wp.com\/joyana.fr\/wp-content\/uploads\/2016\/03\/BLOG_THE-NEW-MINI-CABRIO_12_S.jpg?resize=300%2C300&amp;ssl=1 300w, https:\/\/i0.wp.com\/joyana.fr\/wp-content\/uploads\/2016\/03\/BLOG_THE-NEW-MINI-CABRIO_12_S.jpg?resize=100%2C100&amp;ssl=1 100w, https:\/\/i0.wp.com\/joyana.fr\/wp-content\/uploads\/2016\/03\/BLOG_THE-NEW-MINI-CABRIO_12_S.jpg?resize=600%2C600&amp;ssl=1 600w\" sizes=\"(max-width: 1000px) 100vw, 1000px\" \/><\/a><\/p>\n<p><a href=\"https:\/\/i0.wp.com\/joyana.fr\/wp-content\/uploads\/2016\/03\/BLOG_THE-NEW-MINI-CABRIO_9.jpg?ssl=1\"><img data-recalc-dims=\"1\" loading=\"lazy\" decoding=\"async\" data-attachment-id=\"123276\" data-permalink=\"https:\/\/joyana.fr\/ja\/nouveau-mini-cabrio\/123270\/blog_the-new-mini-cabrio_9\/\" data-orig-file=\"https:\/\/i0.wp.com\/joyana.fr\/wp-content\/uploads\/2016\/03\/BLOG_THE-NEW-MINI-CABRIO_9.jpg?fit=1700%2C1700&amp;ssl=1\" data-orig-size=\"1700,1700\" data-comments-opened=\"1\" data-image-meta=\"{&quot;aperture&quot;:&quot;0&quot;,&quot;credit&quot;:&quot;&quot;,&quot;camera&quot;:&quot;&quot;,&quot;caption&quot;:&quot;&quot;,&quot;created_timestamp&quot;:&quot;0&quot;,&quot;copyright&quot;:&quot;&quot;,&quot;focal_length&quot;:&quot;0&quot;,&quot;iso&quot;:&quot;0&quot;,&quot;shutter_speed&quot;:&quot;0&quot;,&quot;title&quot;:&quot;&quot;,&quot;orientation&quot;:&quot;1&quot;}\" data-image-title=\"BLOG_THE NEW MINI CABRIO_9\" data-image-description=\"\" data-image-caption=\"\" data-medium-file=\"https:\/\/i0.wp.com\/joyana.fr\/wp-content\/uploads\/2016\/03\/BLOG_THE-NEW-MINI-CABRIO_9.jpg?fit=389%2C389&amp;ssl=1\" data-large-file=\"https:\/\/i0.wp.com\/joyana.fr\/wp-content\/uploads\/2016\/03\/BLOG_THE-NEW-MINI-CABRIO_9.jpg?fit=1024%2C1024&amp;ssl=1\" class=\"alignnone size-full wp-image-123276\" src=\"https:\/\/i0.wp.com\/joyana.fr\/wp-content\/uploads\/2016\/03\/BLOG_THE-NEW-MINI-CABRIO_9.jpg?resize=1700%2C1700&#038;ssl=1\" alt=\"BLOG_THE NEW MINI CABRIO_9\" width=\"1700\" height=\"1700\" srcset=\"https:\/\/i0.wp.com\/joyana.fr\/wp-content\/uploads\/2016\/03\/BLOG_THE-NEW-MINI-CABRIO_9.jpg?w=1700&amp;ssl=1 1700w, https:\/\/i0.wp.com\/joyana.fr\/wp-content\/uploads\/2016\/03\/BLOG_THE-NEW-MINI-CABRIO_9.jpg?resize=300%2C300&amp;ssl=1 300w, https:\/\/i0.wp.com\/joyana.fr\/wp-content\/uploads\/2016\/03\/BLOG_THE-NEW-MINI-CABRIO_9.jpg?resize=100%2C100&amp;ssl=1 100w, https:\/\/i0.wp.com\/joyana.fr\/wp-content\/uploads\/2016\/03\/BLOG_THE-NEW-MINI-CABRIO_9.jpg?resize=600%2C600&amp;ssl=1 600w\" sizes=\"(max-width: 1000px) 100vw, 1000px\" \/><\/a><\/p>\n<p style=\"text-align: justify;\">Le deuxi\u00e8me jour est plus sage, je d\u00e9couvre le Nouveau MINI Cooper Cabrio, le premier mod\u00e8le de la gamme, avec tout de m\u00eame 136 chevaux sous le capot. Ca me change des 68 chevaux de ma citadine ahah ! Il est vrai que j&#8217;aurais du faire l&#8217;inverse, d\u00e9marrer par celui-ci, et prendre la motorisation Cooper S le lendemain, mais le fait de ne pas \u00eatre concentr\u00e9 sur la sonorit\u00e9 de la voiture et ses performances, me laisse le temps d&#8217;appr\u00e9cier ses lignes, son design, ses nombreuses options, et ses sensations de conduite&#8230;<\/p>\n<p style=\"text-align: justify;\">Ce MINI Cabrio arbore un design ext\u00e9rieur unique ; \u00e9quilibre exact entre l\u2019\u00e9l\u00e9gance haut de gamme et la sportivit\u00e9 ; proportions caract\u00e9ristiques avec des surfaces puissantes et une silhouette dynamique \u00e9lanc\u00e9e ; \u00e9l\u00e9ments de design classiques MINI r\u00e9interpr\u00e9t\u00e9s : phares ronds et feux arri\u00e8re sertis d\u2019anneaux chrom\u00e9s, grille de calandre hexagonale, cadre de carrosserie noir, clignotants lat\u00e9raux, et sur le mien une superbe teinte Caribbean Aqua m\u00e9tallis\u00e9 disponible en exclusivit\u00e9 sur le Nouveau MINI Cabrio&#8230;<\/p>\n<p>Accords parfaits avec le d\u00e9cor ! La veille le rouge allait parfaitement avec les tons ocres des roches de provence, et aujourd&#8217;hui le bleu se refl\u00e8te \u00e0 merveille dans l&#8217;eau turquoise&#8230;<\/p>\n<p style=\"text-align: justify;\"><a href=\"https:\/\/i0.wp.com\/joyana.fr\/wp-content\/uploads\/2016\/03\/BLOG_THE-NEW-MINI-CABRIO_13.jpg?ssl=1\"><img data-recalc-dims=\"1\" loading=\"lazy\" decoding=\"async\" data-attachment-id=\"123280\" data-permalink=\"https:\/\/joyana.fr\/ja\/nouveau-mini-cabrio\/123270\/blog_the-new-mini-cabrio_13\/\" data-orig-file=\"https:\/\/i0.wp.com\/joyana.fr\/wp-content\/uploads\/2016\/03\/BLOG_THE-NEW-MINI-CABRIO_13.jpg?fit=1700%2C1700&amp;ssl=1\" data-orig-size=\"1700,1700\" data-comments-opened=\"1\" data-image-meta=\"{&quot;aperture&quot;:&quot;0&quot;,&quot;credit&quot;:&quot;&quot;,&quot;camera&quot;:&quot;&quot;,&quot;caption&quot;:&quot;&quot;,&quot;created_timestamp&quot;:&quot;0&quot;,&quot;copyright&quot;:&quot;&quot;,&quot;focal_length&quot;:&quot;0&quot;,&quot;iso&quot;:&quot;0&quot;,&quot;shutter_speed&quot;:&quot;0&quot;,&quot;title&quot;:&quot;&quot;,&quot;orientation&quot;:&quot;1&quot;}\" data-image-title=\"BLOG_THE NEW MINI CABRIO_13\" data-image-description=\"\" data-image-caption=\"\" data-medium-file=\"https:\/\/i0.wp.com\/joyana.fr\/wp-content\/uploads\/2016\/03\/BLOG_THE-NEW-MINI-CABRIO_13.jpg?fit=389%2C389&amp;ssl=1\" data-large-file=\"https:\/\/i0.wp.com\/joyana.fr\/wp-content\/uploads\/2016\/03\/BLOG_THE-NEW-MINI-CABRIO_13.jpg?fit=1024%2C1024&amp;ssl=1\" class=\"alignnone size-full wp-image-123280\" src=\"https:\/\/i0.wp.com\/joyana.fr\/wp-content\/uploads\/2016\/03\/BLOG_THE-NEW-MINI-CABRIO_13.jpg?resize=1700%2C1700&#038;ssl=1\" alt=\"BLOG_THE NEW MINI CABRIO_13\" width=\"1700\" height=\"1700\" srcset=\"https:\/\/i0.wp.com\/joyana.fr\/wp-content\/uploads\/2016\/03\/BLOG_THE-NEW-MINI-CABRIO_13.jpg?w=1700&amp;ssl=1 1700w, https:\/\/i0.wp.com\/joyana.fr\/wp-content\/uploads\/2016\/03\/BLOG_THE-NEW-MINI-CABRIO_13.jpg?resize=389%2C389&amp;ssl=1 389w, https:\/\/i0.wp.com\/joyana.fr\/wp-content\/uploads\/2016\/03\/BLOG_THE-NEW-MINI-CABRIO_13.jpg?resize=1024%2C1024&amp;ssl=1 1024w, https:\/\/i0.wp.com\/joyana.fr\/wp-content\/uploads\/2016\/03\/BLOG_THE-NEW-MINI-CABRIO_13.jpg?resize=150%2C150&amp;ssl=1 150w, https:\/\/i0.wp.com\/joyana.fr\/wp-content\/uploads\/2016\/03\/BLOG_THE-NEW-MINI-CABRIO_13.jpg?resize=768%2C768&amp;ssl=1 768w, https:\/\/i0.wp.com\/joyana.fr\/wp-content\/uploads\/2016\/03\/BLOG_THE-NEW-MINI-CABRIO_13.jpg?resize=1536%2C1536&amp;ssl=1 1536w, https:\/\/i0.wp.com\/joyana.fr\/wp-content\/uploads\/2016\/03\/BLOG_THE-NEW-MINI-CABRIO_13.jpg?resize=600%2C600&amp;ssl=1 600w, https:\/\/i0.wp.com\/joyana.fr\/wp-content\/uploads\/2016\/03\/BLOG_THE-NEW-MINI-CABRIO_13.jpg?resize=450%2C450&amp;ssl=1 450w, https:\/\/i0.wp.com\/joyana.fr\/wp-content\/uploads\/2016\/03\/BLOG_THE-NEW-MINI-CABRIO_13.jpg?resize=920%2C920&amp;ssl=1 920w, https:\/\/i0.wp.com\/joyana.fr\/wp-content\/uploads\/2016\/03\/BLOG_THE-NEW-MINI-CABRIO_13.jpg?resize=180%2C180&amp;ssl=1 180w, https:\/\/i0.wp.com\/joyana.fr\/wp-content\/uploads\/2016\/03\/BLOG_THE-NEW-MINI-CABRIO_13.jpg?resize=300%2C300&amp;ssl=1 300w, https:\/\/i0.wp.com\/joyana.fr\/wp-content\/uploads\/2016\/03\/BLOG_THE-NEW-MINI-CABRIO_13.jpg?resize=100%2C100&amp;ssl=1 100w\" sizes=\"(max-width: 1000px) 100vw, 1000px\" \/><\/a><\/p>\n<p><a href=\"https:\/\/i0.wp.com\/joyana.fr\/wp-content\/uploads\/2016\/03\/BLOG_THE-NEW-MINI-CABRIO_7.jpg?ssl=1\"><img data-recalc-dims=\"1\" loading=\"lazy\" decoding=\"async\" data-attachment-id=\"123272\" data-permalink=\"https:\/\/joyana.fr\/ja\/nouveau-mini-cabrio\/123270\/blog_the-new-mini-cabrio-5\/\" data-orig-file=\"https:\/\/i0.wp.com\/joyana.fr\/wp-content\/uploads\/2016\/03\/BLOG_THE-NEW-MINI-CABRIO-5.jpg?fit=1700%2C1700&amp;ssl=1\" data-orig-size=\"1700,1700\" data-comments-opened=\"1\" data-image-meta=\"{&quot;aperture&quot;:&quot;0&quot;,&quot;credit&quot;:&quot;&quot;,&quot;camera&quot;:&quot;&quot;,&quot;caption&quot;:&quot;&quot;,&quot;created_timestamp&quot;:&quot;0&quot;,&quot;copyright&quot;:&quot;&quot;,&quot;focal_length&quot;:&quot;0&quot;,&quot;iso&quot;:&quot;0&quot;,&quot;shutter_speed&quot;:&quot;0&quot;,&quot;title&quot;:&quot;&quot;,&quot;orientation&quot;:&quot;1&quot;}\" data-image-title=\"BLOG_THE NEW MINI CABRIO 5\" data-image-description=\"\" data-image-caption=\"\" data-medium-file=\"https:\/\/i0.wp.com\/joyana.fr\/wp-content\/uploads\/2016\/03\/BLOG_THE-NEW-MINI-CABRIO-5.jpg?fit=389%2C389&amp;ssl=1\" data-large-file=\"https:\/\/i0.wp.com\/joyana.fr\/wp-content\/uploads\/2016\/03\/BLOG_THE-NEW-MINI-CABRIO-5.jpg?fit=1024%2C1024&amp;ssl=1\" class=\"alignnone size-full wp-image-123272\" src=\"https:\/\/i0.wp.com\/joyana.fr\/wp-content\/uploads\/2016\/03\/BLOG_THE-NEW-MINI-CABRIO-5.jpg?resize=1700%2C1700&#038;ssl=1\" alt=\"BLOG_THE NEW MINI CABRIO 5\" width=\"1700\" height=\"1700\" srcset=\"https:\/\/i0.wp.com\/joyana.fr\/wp-content\/uploads\/2016\/03\/BLOG_THE-NEW-MINI-CABRIO-5.jpg?w=1700&amp;ssl=1 1700w, https:\/\/i0.wp.com\/joyana.fr\/wp-content\/uploads\/2016\/03\/BLOG_THE-NEW-MINI-CABRIO-5.jpg?resize=300%2C300&amp;ssl=1 300w, https:\/\/i0.wp.com\/joyana.fr\/wp-content\/uploads\/2016\/03\/BLOG_THE-NEW-MINI-CABRIO-5.jpg?resize=100%2C100&amp;ssl=1 100w, https:\/\/i0.wp.com\/joyana.fr\/wp-content\/uploads\/2016\/03\/BLOG_THE-NEW-MINI-CABRIO-5.jpg?resize=600%2C600&amp;ssl=1 600w\" sizes=\"(max-width: 1000px) 100vw, 1000px\" \/><\/a><\/p>\n<p><a href=\"https:\/\/i0.wp.com\/joyana.fr\/wp-content\/uploads\/2016\/03\/BLOG_THE-NEW-MINI-CABRIO_7.jpg?ssl=1\"><img data-recalc-dims=\"1\" loading=\"lazy\" decoding=\"async\" data-attachment-id=\"123281\" data-permalink=\"https:\/\/joyana.fr\/ja\/nouveau-mini-cabrio\/123270\/blog_the-new-mini-cabrio\/\" data-orig-file=\"https:\/\/i0.wp.com\/joyana.fr\/wp-content\/uploads\/2016\/03\/BLOG_THE-NEW-MINI-CABRIO.jpg?fit=1700%2C1700&amp;ssl=1\" data-orig-size=\"1700,1700\" data-comments-opened=\"1\" data-image-meta=\"{&quot;aperture&quot;:&quot;0&quot;,&quot;credit&quot;:&quot;&quot;,&quot;camera&quot;:&quot;&quot;,&quot;caption&quot;:&quot;&quot;,&quot;created_timestamp&quot;:&quot;0&quot;,&quot;copyright&quot;:&quot;&quot;,&quot;focal_length&quot;:&quot;0&quot;,&quot;iso&quot;:&quot;0&quot;,&quot;shutter_speed&quot;:&quot;0&quot;,&quot;title&quot;:&quot;&quot;,&quot;orientation&quot;:&quot;1&quot;}\" data-image-title=\"BLOG_THE NEW MINI CABRIO\" data-image-description=\"\" data-image-caption=\"\" data-medium-file=\"https:\/\/i0.wp.com\/joyana.fr\/wp-content\/uploads\/2016\/03\/BLOG_THE-NEW-MINI-CABRIO.jpg?fit=389%2C389&amp;ssl=1\" data-large-file=\"https:\/\/i0.wp.com\/joyana.fr\/wp-content\/uploads\/2016\/03\/BLOG_THE-NEW-MINI-CABRIO.jpg?fit=1024%2C1024&amp;ssl=1\" class=\"alignnone size-full wp-image-123281\" src=\"https:\/\/i0.wp.com\/joyana.fr\/wp-content\/uploads\/2016\/03\/BLOG_THE-NEW-MINI-CABRIO.jpg?resize=1700%2C1700&#038;ssl=1\" alt=\"BLOG_THE NEW MINI CABRIO\" width=\"1700\" height=\"1700\" srcset=\"https:\/\/i0.wp.com\/joyana.fr\/wp-content\/uploads\/2016\/03\/BLOG_THE-NEW-MINI-CABRIO.jpg?w=1700&amp;ssl=1 1700w, https:\/\/i0.wp.com\/joyana.fr\/wp-content\/uploads\/2016\/03\/BLOG_THE-NEW-MINI-CABRIO.jpg?resize=300%2C300&amp;ssl=1 300w, https:\/\/i0.wp.com\/joyana.fr\/wp-content\/uploads\/2016\/03\/BLOG_THE-NEW-MINI-CABRIO.jpg?resize=100%2C100&amp;ssl=1 100w, https:\/\/i0.wp.com\/joyana.fr\/wp-content\/uploads\/2016\/03\/BLOG_THE-NEW-MINI-CABRIO.jpg?resize=600%2C600&amp;ssl=1 600w\" sizes=\"(max-width: 1000px) 100vw, 1000px\" \/><\/a><\/p>\n<p><a href=\"https:\/\/i0.wp.com\/joyana.fr\/wp-content\/uploads\/2016\/03\/BLOG_THE-NEW-MINI-CABRIO_7.jpg?ssl=1\"><img data-recalc-dims=\"1\" loading=\"lazy\" decoding=\"async\" data-attachment-id=\"123274\" data-permalink=\"https:\/\/joyana.fr\/ja\/nouveau-mini-cabrio\/123270\/blog_the-new-mini-cabrio_7\/\" data-orig-file=\"https:\/\/i0.wp.com\/joyana.fr\/wp-content\/uploads\/2016\/03\/BLOG_THE-NEW-MINI-CABRIO_7.jpg?fit=1700%2C1700&amp;ssl=1\" data-orig-size=\"1700,1700\" data-comments-opened=\"1\" data-image-meta=\"{&quot;aperture&quot;:&quot;0&quot;,&quot;credit&quot;:&quot;&quot;,&quot;camera&quot;:&quot;&quot;,&quot;caption&quot;:&quot;&quot;,&quot;created_timestamp&quot;:&quot;0&quot;,&quot;copyright&quot;:&quot;&quot;,&quot;focal_length&quot;:&quot;0&quot;,&quot;iso&quot;:&quot;0&quot;,&quot;shutter_speed&quot;:&quot;0&quot;,&quot;title&quot;:&quot;&quot;,&quot;orientation&quot;:&quot;1&quot;}\" data-image-title=\"BLOG_THE NEW MINI CABRIO_7\" data-image-description=\"\" data-image-caption=\"\" data-medium-file=\"https:\/\/i0.wp.com\/joyana.fr\/wp-content\/uploads\/2016\/03\/BLOG_THE-NEW-MINI-CABRIO_7.jpg?fit=389%2C389&amp;ssl=1\" data-large-file=\"https:\/\/i0.wp.com\/joyana.fr\/wp-content\/uploads\/2016\/03\/BLOG_THE-NEW-MINI-CABRIO_7.jpg?fit=1024%2C1024&amp;ssl=1\" class=\"alignnone size-full wp-image-123274\" src=\"https:\/\/i0.wp.com\/joyana.fr\/wp-content\/uploads\/2016\/03\/BLOG_THE-NEW-MINI-CABRIO_7.jpg?resize=1700%2C1700&#038;ssl=1\" alt=\"BLOG_THE NEW MINI CABRIO_7\" width=\"1700\" height=\"1700\" srcset=\"https:\/\/i0.wp.com\/joyana.fr\/wp-content\/uploads\/2016\/03\/BLOG_THE-NEW-MINI-CABRIO_7.jpg?w=1700&amp;ssl=1 1700w, https:\/\/i0.wp.com\/joyana.fr\/wp-content\/uploads\/2016\/03\/BLOG_THE-NEW-MINI-CABRIO_7.jpg?resize=300%2C300&amp;ssl=1 300w, https:\/\/i0.wp.com\/joyana.fr\/wp-content\/uploads\/2016\/03\/BLOG_THE-NEW-MINI-CABRIO_7.jpg?resize=100%2C100&amp;ssl=1 100w, https:\/\/i0.wp.com\/joyana.fr\/wp-content\/uploads\/2016\/03\/BLOG_THE-NEW-MINI-CABRIO_7.jpg?resize=600%2C600&amp;ssl=1 600w\" sizes=\"(max-width: 1000px) 100vw, 1000px\" \/><\/a><\/p>\n<p><a href=\"https:\/\/i0.wp.com\/joyana.fr\/wp-content\/uploads\/2016\/03\/BLOG_THE-NEW-MINI-CABRIO_2.jpg?ssl=1\"><img data-recalc-dims=\"1\" loading=\"lazy\" decoding=\"async\" data-attachment-id=\"123273\" data-permalink=\"https:\/\/joyana.fr\/ja\/nouveau-mini-cabrio\/123270\/blog_the-new-mini-cabrio_2\/\" data-orig-file=\"https:\/\/i0.wp.com\/joyana.fr\/wp-content\/uploads\/2016\/03\/BLOG_THE-NEW-MINI-CABRIO_2.jpg?fit=1700%2C1700&amp;ssl=1\" data-orig-size=\"1700,1700\" data-comments-opened=\"1\" data-image-meta=\"{&quot;aperture&quot;:&quot;0&quot;,&quot;credit&quot;:&quot;&quot;,&quot;camera&quot;:&quot;&quot;,&quot;caption&quot;:&quot;&quot;,&quot;created_timestamp&quot;:&quot;0&quot;,&quot;copyright&quot;:&quot;&quot;,&quot;focal_length&quot;:&quot;0&quot;,&quot;iso&quot;:&quot;0&quot;,&quot;shutter_speed&quot;:&quot;0&quot;,&quot;title&quot;:&quot;&quot;,&quot;orientation&quot;:&quot;1&quot;}\" data-image-title=\"BLOG_THE NEW MINI CABRIO_2\" data-image-description=\"\" data-image-caption=\"\" data-medium-file=\"https:\/\/i0.wp.com\/joyana.fr\/wp-content\/uploads\/2016\/03\/BLOG_THE-NEW-MINI-CABRIO_2.jpg?fit=389%2C389&amp;ssl=1\" data-large-file=\"https:\/\/i0.wp.com\/joyana.fr\/wp-content\/uploads\/2016\/03\/BLOG_THE-NEW-MINI-CABRIO_2.jpg?fit=1024%2C1024&amp;ssl=1\" class=\"alignnone size-full wp-image-123273\" src=\"https:\/\/i0.wp.com\/joyana.fr\/wp-content\/uploads\/2016\/03\/BLOG_THE-NEW-MINI-CABRIO_2.jpg?resize=1700%2C1700&#038;ssl=1\" alt=\"BLOG_THE NEW MINI CABRIO_2\" width=\"1700\" height=\"1700\" srcset=\"https:\/\/i0.wp.com\/joyana.fr\/wp-content\/uploads\/2016\/03\/BLOG_THE-NEW-MINI-CABRIO_2.jpg?w=1700&amp;ssl=1 1700w, https:\/\/i0.wp.com\/joyana.fr\/wp-content\/uploads\/2016\/03\/BLOG_THE-NEW-MINI-CABRIO_2.jpg?resize=300%2C300&amp;ssl=1 300w, https:\/\/i0.wp.com\/joyana.fr\/wp-content\/uploads\/2016\/03\/BLOG_THE-NEW-MINI-CABRIO_2.jpg?resize=100%2C100&amp;ssl=1 100w, https:\/\/i0.wp.com\/joyana.fr\/wp-content\/uploads\/2016\/03\/BLOG_THE-NEW-MINI-CABRIO_2.jpg?resize=600%2C600&amp;ssl=1 600w\" sizes=\"(max-width: 1000px) 100vw, 1000px\" \/><\/a><\/p>\n<p><a href=\"https:\/\/i0.wp.com\/joyana.fr\/wp-content\/uploads\/2016\/03\/BLOG_THE-NEW-MINI-CABRIO-3.jpg?ssl=1\"><img data-recalc-dims=\"1\" loading=\"lazy\" decoding=\"async\" data-attachment-id=\"123271\" data-permalink=\"https:\/\/joyana.fr\/ja\/nouveau-mini-cabrio\/123270\/blog_the-new-mini-cabrio-3\/\" data-orig-file=\"https:\/\/i0.wp.com\/joyana.fr\/wp-content\/uploads\/2016\/03\/BLOG_THE-NEW-MINI-CABRIO-3.jpg?fit=1700%2C1700&amp;ssl=1\" data-orig-size=\"1700,1700\" data-comments-opened=\"1\" data-image-meta=\"{&quot;aperture&quot;:&quot;0&quot;,&quot;credit&quot;:&quot;&quot;,&quot;camera&quot;:&quot;&quot;,&quot;caption&quot;:&quot;&quot;,&quot;created_timestamp&quot;:&quot;0&quot;,&quot;copyright&quot;:&quot;&quot;,&quot;focal_length&quot;:&quot;0&quot;,&quot;iso&quot;:&quot;0&quot;,&quot;shutter_speed&quot;:&quot;0&quot;,&quot;title&quot;:&quot;&quot;,&quot;orientation&quot;:&quot;1&quot;}\" data-image-title=\"BLOG_THE NEW MINI CABRIO 3\" data-image-description=\"\" data-image-caption=\"\" data-medium-file=\"https:\/\/i0.wp.com\/joyana.fr\/wp-content\/uploads\/2016\/03\/BLOG_THE-NEW-MINI-CABRIO-3.jpg?fit=389%2C389&amp;ssl=1\" data-large-file=\"https:\/\/i0.wp.com\/joyana.fr\/wp-content\/uploads\/2016\/03\/BLOG_THE-NEW-MINI-CABRIO-3.jpg?fit=1024%2C1024&amp;ssl=1\" class=\"alignnone size-full wp-image-123271\" src=\"https:\/\/i0.wp.com\/joyana.fr\/wp-content\/uploads\/2016\/03\/BLOG_THE-NEW-MINI-CABRIO-3.jpg?resize=1700%2C1700&#038;ssl=1\" alt=\"BLOG_THE NEW MINI CABRIO 3\" width=\"1700\" height=\"1700\" srcset=\"https:\/\/i0.wp.com\/joyana.fr\/wp-content\/uploads\/2016\/03\/BLOG_THE-NEW-MINI-CABRIO-3.jpg?w=1700&amp;ssl=1 1700w, https:\/\/i0.wp.com\/joyana.fr\/wp-content\/uploads\/2016\/03\/BLOG_THE-NEW-MINI-CABRIO-3.jpg?resize=300%2C300&amp;ssl=1 300w, https:\/\/i0.wp.com\/joyana.fr\/wp-content\/uploads\/2016\/03\/BLOG_THE-NEW-MINI-CABRIO-3.jpg?resize=100%2C100&amp;ssl=1 100w, https:\/\/i0.wp.com\/joyana.fr\/wp-content\/uploads\/2016\/03\/BLOG_THE-NEW-MINI-CABRIO-3.jpg?resize=600%2C600&amp;ssl=1 600w\" sizes=\"(max-width: 1000px) 100vw, 1000px\" \/><\/a><\/p>\n<p style=\"text-align: center;\">En savoir + sur <strong><a href=\"http:\/\/www.mini.fr\" target=\"_blank\">MINI<\/a><\/strong><\/p>\n<p style=\"text-align: center;\"><span style=\"color: #ffffff;\">.<\/span><\/p>\n<h3 style=\"text-align: center;\"><span style=\"color: #ff99cc;\">\u2013 SHOP THE STORY \u2013<\/span><\/h3>\n<div class=\"shopthepost-widget\" data-widget-id=\"1472959\">\n<p><script type=\"text\/javascript\">\/\/ <![CDATA[\n!function(d,s,id){var e, p = \/^http:\/.test(d.location) ? 'http' : 'https';if(!d.getElementById(id)) {e = d.createElement(s);e.id = id;e.src = p + ':\/\/' + 'widgets.rewardstyle.com' + '\/js\/shopthepost.js';d.body.appendChild(e);}if(typeof window.__stp === 'object') if(d.readyState === 'complete') {window.__stp.init();}}(document, 'script', 'shopthepost-script');\n\/\/ ]]><\/script><\/p>\n<div class=\"rs-adblock\"><img data-recalc-dims=\"1\" decoding=\"async\" style=\"width: 15px; height: 15px;\" src=\"https:\/\/i0.wp.com\/assets.rewardstyle.com\/images\/search\/350.gif\" alt=\"\" \/><noscript>JavaScript is currently disabled in this browser. Reactivate it to view this content.<\/noscript><\/div>\n<\/div>\n","protected":false},"excerpt":{"rendered":"<p>J&#8217;entends vrombir le moteur du Nouveau MINI Cabrio S &#8211; avec kit JCW &#8211; qui va m&#8217;accompagner pendant 48 heures, l&#8217;enfant en moi se r\u00e9veille&#8230;<\/p>\n","protected":false},"author":3,"featured_media":123280,"comment_status":"open","ping_status":"open","sticky":false,"template":"","format":"standard","meta":{"_coblocks_attr":"","_coblocks_dimensions":"","_coblocks_responsive_height":"","_coblocks_accordion_ie_support":"","_uag_custom_page_level_css":"","advgb_blocks_editor_width":"","advgb_blocks_columns_visual_guide":"","_genesis_hide_title":false,"_genesis_hide_breadcrumbs":false,"_genesis_hide_singular_image":false,"_genesis_hide_footer_widgets":false,"_genesis_custom_body_class":"","_genesis_custom_post_class":"","_genesis_layout":"","_themeisle_gutenberg_block_has_review":false,"_jetpack_newsletter_access":"","_jetpack_dont_email_post_to_subs":false,"_jetpack_newsletter_tier_id":0,"_jetpack_memberships_contains_paywalled_content":false,"_jetpack_memberships_contains_paid_content":false,"footnotes":""},"categories":[80,905,21],"tags":[2221,47,88,2222],"class_list":{"0":"post-123270","1":"post","2":"type-post","3":"status-publish","4":"format-standard","5":"has-post-thumbnail","7":"category-news","8":"category-deco-design","9":"category-lifestyle","10":"tag-automobile","11":"tag-cars","12":"tag-cote-dazur","13":"tag-mini","14":"entry"},"featured_image_urls":{"full":["https:\/\/i0.wp.com\/joyana.fr\/wp-content\/uploads\/2016\/03\/BLOG_THE-NEW-MINI-CABRIO_13.jpg?fit=1700%2C1700&ssl=1",1700,1700,false],"thumbnail":["https:\/\/i0.wp.com\/joyana.fr\/wp-content\/uploads\/2016\/03\/BLOG_THE-NEW-MINI-CABRIO_13.jpg?resize=150%2C150&ssl=1",150,150,true],"medium":["https:\/\/i0.wp.com\/joyana.fr\/wp-content\/uploads\/2016\/03\/BLOG_THE-NEW-MINI-CABRIO_13.jpg?fit=389%2C389&ssl=1",389,389,true],"medium_large":["https:\/\/i0.wp.com\/joyana.fr\/wp-content\/uploads\/2016\/03\/BLOG_THE-NEW-MINI-CABRIO_13.jpg?fit=768%2C768&ssl=1",768,768,true],"large":["https:\/\/i0.wp.com\/joyana.fr\/wp-content\/uploads\/2016\/03\/BLOG_THE-NEW-MINI-CABRIO_13.jpg?fit=1024%2C1024&ssl=1",1024,1024,true],"1536x1536":["https:\/\/i0.wp.com\/joyana.fr\/wp-content\/uploads\/2016\/03\/BLOG_THE-NEW-MINI-CABRIO_13.jpg?fit=1536%2C1536&ssl=1",1536,1536,true],"2048x2048":["https:\/\/i0.wp.com\/joyana.fr\/wp-content\/uploads\/2016\/03\/BLOG_THE-NEW-MINI-CABRIO_13.jpg?fit=1700%2C1700&ssl=1",1700,1700,true],"featured-thumb":["https:\/\/i0.wp.com\/joyana.fr\/wp-content\/uploads\/2016\/03\/BLOG_THE-NEW-MINI-CABRIO_13.jpg?resize=1700%2C750&ssl=1",1700,750,true],"ab-block-post-grid-landscape":["https:\/\/i0.wp.com\/joyana.fr\/wp-content\/uploads\/2016\/03\/BLOG_THE-NEW-MINI-CABRIO_13.jpg?resize=600%2C400&ssl=1",600,400,true],"ab-block-post-grid-square":["https:\/\/i0.wp.com\/joyana.fr\/wp-content\/uploads\/2016\/03\/BLOG_THE-NEW-MINI-CABRIO_13.jpg?resize=600%2C600&ssl=1",600,600,true],"author-pro-image":["https:\/\/i0.wp.com\/joyana.fr\/wp-content\/uploads\/2016\/03\/BLOG_THE-NEW-MINI-CABRIO_13.jpg?resize=360%2C570&ssl=1",360,570,true],"slider":["https:\/\/i0.wp.com\/joyana.fr\/wp-content\/uploads\/2016\/03\/BLOG_THE-NEW-MINI-CABRIO_13.jpg?resize=920%2C400&ssl=1",920,400,true],"woocommerce_thumbnail":["https:\/\/i0.wp.com\/joyana.fr\/wp-content\/uploads\/2016\/03\/BLOG_THE-NEW-MINI-CABRIO_13.jpg?resize=450%2C450&ssl=1",450,450,true],"woocommerce_single":["https:\/\/i0.wp.com\/joyana.fr\/wp-content\/uploads\/2016\/03\/BLOG_THE-NEW-MINI-CABRIO_13.jpg?fit=920%2C920&ssl=1",920,920,true],"woocommerce_gallery_thumbnail":["https:\/\/i0.wp.com\/joyana.fr\/wp-content\/uploads\/2016\/03\/BLOG_THE-NEW-MINI-CABRIO_13.jpg?resize=180%2C180&ssl=1",180,180,true],"sow-carousel-default":["https:\/\/i0.wp.com\/joyana.fr\/wp-content\/uploads\/2016\/03\/BLOG_THE-NEW-MINI-CABRIO_13.jpg?resize=272%2C182&ssl=1",272,182,true]},"post_excerpt_stackable":"<p>J&#8217;entends vrombir le moteur du Nouveau MINI Cabrio S &#8211; avec kit JCW &#8211; qui va m&#8217;accompagner pendant 48 heures, l&#8217;enfant en moi se r\u00e9veille&#8230;<\/p>\n","category_list":"<a href=\"https:\/\/joyana.fr\/ja\/category\/blog\/news\/\" rel=\"category tag\">A LA UNE<\/a>, <a href=\"https:\/\/joyana.fr\/ja\/category\/deco-design\/\" rel=\"category tag\">DECO-DESIGN<\/a>, <a href=\"https:\/\/joyana.fr\/ja\/category\/blog\/lifestyle\/\" rel=\"category tag\">LIFESTYLE<\/a>","author_info":{"display_name":"Jo Yana","author_link":"https:\/\/joyana.fr\/ja\/author\/joyana\/"},"comments_num":"3 comments","featured_image_urls_v2":{"full":["https:\/\/i0.wp.com\/joyana.fr\/wp-content\/uploads\/2016\/03\/BLOG_THE-NEW-MINI-CABRIO_13.jpg?fit=1700%2C1700&ssl=1",1700,1700,false],"thumbnail":["https:\/\/i0.wp.com\/joyana.fr\/wp-content\/uploads\/2016\/03\/BLOG_THE-NEW-MINI-CABRIO_13.jpg?resize=150%2C150&ssl=1",150,150,true],"medium":["https:\/\/i0.wp.com\/joyana.fr\/wp-content\/uploads\/2016\/03\/BLOG_THE-NEW-MINI-CABRIO_13.jpg?fit=389%2C389&ssl=1",389,389,true],"medium_large":["https:\/\/i0.wp.com\/joyana.fr\/wp-content\/uploads\/2016\/03\/BLOG_THE-NEW-MINI-CABRIO_13.jpg?fit=768%2C768&ssl=1",768,768,true],"large":["https:\/\/i0.wp.com\/joyana.fr\/wp-content\/uploads\/2016\/03\/BLOG_THE-NEW-MINI-CABRIO_13.jpg?fit=1024%2C1024&ssl=1",1024,1024,true],"1536x1536":["https:\/\/i0.wp.com\/joyana.fr\/wp-content\/uploads\/2016\/03\/BLOG_THE-NEW-MINI-CABRIO_13.jpg?fit=1536%2C1536&ssl=1",1536,1536,true],"2048x2048":["https:\/\/i0.wp.com\/joyana.fr\/wp-content\/uploads\/2016\/03\/BLOG_THE-NEW-MINI-CABRIO_13.jpg?fit=1700%2C1700&ssl=1",1700,1700,true],"featured-thumb":["https:\/\/i0.wp.com\/joyana.fr\/wp-content\/uploads\/2016\/03\/BLOG_THE-NEW-MINI-CABRIO_13.jpg?resize=1700%2C750&ssl=1",1700,750,true],"ab-block-post-grid-landscape":["https:\/\/i0.wp.com\/joyana.fr\/wp-content\/uploads\/2016\/03\/BLOG_THE-NEW-MINI-CABRIO_13.jpg?resize=600%2C400&ssl=1",600,400,true],"ab-block-post-grid-square":["https:\/\/i0.wp.com\/joyana.fr\/wp-content\/uploads\/2016\/03\/BLOG_THE-NEW-MINI-CABRIO_13.jpg?resize=600%2C600&ssl=1",600,600,true],"author-pro-image":["https:\/\/i0.wp.com\/joyana.fr\/wp-content\/uploads\/2016\/03\/BLOG_THE-NEW-MINI-CABRIO_13.jpg?resize=360%2C570&ssl=1",360,570,true],"slider":["https:\/\/i0.wp.com\/joyana.fr\/wp-content\/uploads\/2016\/03\/BLOG_THE-NEW-MINI-CABRIO_13.jpg?resize=920%2C400&ssl=1",920,400,true],"woocommerce_thumbnail":["https:\/\/i0.wp.com\/joyana.fr\/wp-content\/uploads\/2016\/03\/BLOG_THE-NEW-MINI-CABRIO_13.jpg?resize=450%2C450&ssl=1",450,450,true],"woocommerce_single":["https:\/\/i0.wp.com\/joyana.fr\/wp-content\/uploads\/2016\/03\/BLOG_THE-NEW-MINI-CABRIO_13.jpg?fit=920%2C920&ssl=1",920,920,true],"woocommerce_gallery_thumbnail":["https:\/\/i0.wp.com\/joyana.fr\/wp-content\/uploads\/2016\/03\/BLOG_THE-NEW-MINI-CABRIO_13.jpg?resize=180%2C180&ssl=1",180,180,true],"sow-carousel-default":["https:\/\/i0.wp.com\/joyana.fr\/wp-content\/uploads\/2016\/03\/BLOG_THE-NEW-MINI-CABRIO_13.jpg?resize=272%2C182&ssl=1",272,182,true]},"post_excerpt_stackable_v2":"<p>J&#8217;entends vrombir le moteur du Nouveau MINI Cabrio S &#8211; avec kit JCW &#8211; qui va m&#8217;accompagner pendant 48 heures, l&#8217;enfant en moi se r\u00e9veille&#8230;<\/p>\n","category_list_v2":"<a href=\"https:\/\/joyana.fr\/ja\/category\/blog\/news\/\" rel=\"category tag\">A LA UNE<\/a>, <a href=\"https:\/\/joyana.fr\/ja\/category\/deco-design\/\" rel=\"category tag\">DECO-DESIGN<\/a>, <a href=\"https:\/\/joyana.fr\/ja\/category\/blog\/lifestyle\/\" rel=\"category tag\">LIFESTYLE<\/a>","author_info_v2":{"name":"Jo Yana","url":"https:\/\/joyana.fr\/ja\/author\/joyana\/"},"comments_num_v2":"3 comments","yoast_head":"<!-- This site is optimized with the Yoast SEO plugin v26.8 - https:\/\/yoast.com\/product\/yoast-seo-wordpress\/ -->\n<title>48h avec le Nouveau MINI Cabrio | JO YANA<\/title>\n<meta name=\"description\" content=\"J&#039;entends vrombir le moteur du Nouveau MINI Cabrio S - avec kit JCW - qui va m&#039;accompagner pendant 48 heures, l&#039;enfant en moi se r\u00e9veille...\" \/>\n<meta name=\"robots\" content=\"index, follow, max-snippet:-1, max-image-preview:large, max-video-preview:-1\" \/>\n<link rel=\"canonical\" href=\"https:\/\/joyana.fr\/ja\/nouveau-mini-cabrio\/123270\/\" \/>\n<meta property=\"og:locale\" content=\"ja_JP\" \/>\n<meta property=\"og:locale:alternate\" content=\"fr_FR\" \/>\n<meta property=\"og:locale:alternate\" content=\"en_US\" \/>\n<meta property=\"og:type\" content=\"article\" \/>\n<meta property=\"og:title\" content=\"48h avec le Nouveau MINI Cabrio\" \/>\n<meta property=\"og:description\" content=\"J&#039;entends vrombir le moteur du Nouveau MINI Cabrio S - avec kit JCW - qui va m&#039;accompagner pendant 48 heures, l&#039;enfant en moi se r\u00e9veille...\" \/>\n<meta property=\"og:url\" content=\"https:\/\/joyana.fr\/ja\/nouveau-mini-cabrio\/123270\/\" \/>\n<meta property=\"og:site_name\" content=\"JO YANA\" \/>\n<meta property=\"article:published_time\" content=\"2016-03-16T12:52:07+00:00\" \/>\n<meta property=\"article:modified_time\" content=\"2016-03-20T16:28:12+00:00\" \/>\n<meta property=\"og:image\" content=\"https:\/\/joyana.fr\/wp-content\/uploads\/2016\/03\/BLOG_THE-NEW-MINI-CABRIO_13.jpg\" \/>\n\t<meta property=\"og:image:width\" content=\"1700\" \/>\n\t<meta property=\"og:image:height\" content=\"1700\" \/>\n\t<meta property=\"og:image:type\" content=\"image\/jpeg\" \/>\n<meta name=\"author\" content=\"Jo Yana\" \/>\n<meta name=\"twitter:card\" content=\"summary_large_image\" \/>\n<meta name=\"twitter:creator\" content=\"@Jo_Yana\" \/>\n<meta name=\"twitter:site\" content=\"@Jo_Yana\" \/>\n<meta name=\"twitter:label1\" content=\"\u57f7\u7b46\u8005\" \/>\n\t<meta name=\"twitter:data1\" content=\"Jo Yana\" \/>\n\t<meta name=\"twitter:label2\" content=\"\u63a8\u5b9a\u8aad\u307f\u53d6\u308a\u6642\u9593\" \/>\n\t<meta name=\"twitter:data2\" content=\"2\u5206\" \/>\n<script type=\"application\/ld+json\" class=\"yoast-schema-graph\">{\"@context\":\"https:\/\/schema.org\",\"@graph\":[{\"@type\":\"Article\",\"@id\":\"https:\/\/joyana.fr\/nouveau-mini-cabrio\/123270\/#article\",\"isPartOf\":{\"@id\":\"https:\/\/joyana.fr\/nouveau-mini-cabrio\/123270\/\"},\"author\":{\"name\":\"Jo Yana\",\"@id\":\"https:\/\/www.joyana.fr\/ja\/#\/schema\/person\/cf2a1ad12a27c12c21801075bf37407c\"},\"headline\":\"48h avec le Nouveau MINI Cabrio\",\"datePublished\":\"2016-03-16T12:52:07+00:00\",\"dateModified\":\"2016-03-20T16:28:12+00:00\",\"mainEntityOfPage\":{\"@id\":\"https:\/\/joyana.fr\/nouveau-mini-cabrio\/123270\/\"},\"wordCount\":516,\"commentCount\":1,\"publisher\":{\"@id\":\"https:\/\/www.joyana.fr\/ja\/#\/schema\/person\/cf2a1ad12a27c12c21801075bf37407c\"},\"image\":{\"@id\":\"https:\/\/joyana.fr\/nouveau-mini-cabrio\/123270\/#primaryimage\"},\"thumbnailUrl\":\"https:\/\/i0.wp.com\/joyana.fr\/wp-content\/uploads\/2016\/03\/BLOG_THE-NEW-MINI-CABRIO_13.jpg?fit=1700%2C1700&ssl=1\",\"keywords\":[\"Automobile\",\"Cars\",\"C\u00f4te d'Azur\",\"MINI\"],\"articleSection\":[\"A LA UNE\",\"DECO-DESIGN\",\"LIFESTYLE\"],\"inLanguage\":\"ja\",\"potentialAction\":[{\"@type\":\"CommentAction\",\"name\":\"Comment\",\"target\":[\"https:\/\/joyana.fr\/nouveau-mini-cabrio\/123270\/#respond\"]}]},{\"@type\":\"WebPage\",\"@id\":\"https:\/\/joyana.fr\/nouveau-mini-cabrio\/123270\/\",\"url\":\"https:\/\/joyana.fr\/nouveau-mini-cabrio\/123270\/\",\"name\":\"48h avec le Nouveau MINI Cabrio | JO YANA\",\"isPartOf\":{\"@id\":\"https:\/\/www.joyana.fr\/ja\/#website\"},\"primaryImageOfPage\":{\"@id\":\"https:\/\/joyana.fr\/nouveau-mini-cabrio\/123270\/#primaryimage\"},\"image\":{\"@id\":\"https:\/\/joyana.fr\/nouveau-mini-cabrio\/123270\/#primaryimage\"},\"thumbnailUrl\":\"https:\/\/i0.wp.com\/joyana.fr\/wp-content\/uploads\/2016\/03\/BLOG_THE-NEW-MINI-CABRIO_13.jpg?fit=1700%2C1700&ssl=1\",\"datePublished\":\"2016-03-16T12:52:07+00:00\",\"dateModified\":\"2016-03-20T16:28:12+00:00\",\"description\":\"J'entends vrombir le moteur du Nouveau MINI Cabrio S - avec kit JCW - qui va m'accompagner pendant 48 heures, l'enfant en moi se r\u00e9veille...\",\"breadcrumb\":{\"@id\":\"https:\/\/joyana.fr\/nouveau-mini-cabrio\/123270\/#breadcrumb\"},\"inLanguage\":\"ja\",\"potentialAction\":[{\"@type\":\"ReadAction\",\"target\":[\"https:\/\/joyana.fr\/nouveau-mini-cabrio\/123270\/\"]}]},{\"@type\":\"ImageObject\",\"inLanguage\":\"ja\",\"@id\":\"https:\/\/joyana.fr\/nouveau-mini-cabrio\/123270\/#primaryimage\",\"url\":\"https:\/\/i0.wp.com\/joyana.fr\/wp-content\/uploads\/2016\/03\/BLOG_THE-NEW-MINI-CABRIO_13.jpg?fit=1700%2C1700&ssl=1\",\"contentUrl\":\"https:\/\/i0.wp.com\/joyana.fr\/wp-content\/uploads\/2016\/03\/BLOG_THE-NEW-MINI-CABRIO_13.jpg?fit=1700%2C1700&ssl=1\",\"width\":1700,\"height\":1700},{\"@type\":\"BreadcrumbList\",\"@id\":\"https:\/\/joyana.fr\/nouveau-mini-cabrio\/123270\/#breadcrumb\",\"itemListElement\":[{\"@type\":\"ListItem\",\"position\":1,\"name\":\"Accueil\",\"item\":\"https:\/\/www.joyana.fr\/ja\/\"},{\"@type\":\"ListItem\",\"position\":2,\"name\":\"48h avec le Nouveau MINI Cabrio\"}]},{\"@type\":\"WebSite\",\"@id\":\"https:\/\/www.joyana.fr\/ja\/#website\",\"url\":\"https:\/\/www.joyana.fr\/ja\/\",\"name\":\"JO YANA\",\"description\":\"Blog Mode Homme, Lifestyle, D\u00e9co-Design\",\"publisher\":{\"@id\":\"https:\/\/www.joyana.fr\/ja\/#\/schema\/person\/cf2a1ad12a27c12c21801075bf37407c\"},\"potentialAction\":[{\"@type\":\"SearchAction\",\"target\":{\"@type\":\"EntryPoint\",\"urlTemplate\":\"https:\/\/www.joyana.fr\/ja\/?s={search_term_string}\"},\"query-input\":{\"@type\":\"PropertyValueSpecification\",\"valueRequired\":true,\"valueName\":\"search_term_string\"}}],\"inLanguage\":\"ja\"},{\"@type\":[\"Person\",\"Organization\"],\"@id\":\"https:\/\/www.joyana.fr\/ja\/#\/schema\/person\/cf2a1ad12a27c12c21801075bf37407c\",\"name\":\"Jo Yana\",\"image\":{\"@type\":\"ImageObject\",\"inLanguage\":\"ja\",\"@id\":\"https:\/\/www.joyana.fr\/ja\/#\/schema\/person\/image\/\",\"url\":\"https:\/\/i0.wp.com\/joyana.fr\/wp-content\/uploads\/2016\/08\/cropped-joyana-logo-black-360x180.png?fit=343%2C164&ssl=1\",\"contentUrl\":\"https:\/\/i0.wp.com\/joyana.fr\/wp-content\/uploads\/2016\/08\/cropped-joyana-logo-black-360x180.png?fit=343%2C164&ssl=1\",\"width\":343,\"height\":164,\"caption\":\"Jo Yana\"},\"logo\":{\"@id\":\"https:\/\/www.joyana.fr\/ja\/#\/schema\/person\/image\/\"},\"description\":\"Jo Yana est le cr\u00e9ateur et r\u00e9dacteur en chef des sites DECO-DESIGN. Passionn\u00e9 de Design, Mode, Photo, Luxe, Lifestyle, Musique, mais avant tout Blogueur ! Le plaisir de partager l'anime et a comme devise \\\"POUR L'AMOUR DU BEAU\\\". Retrouvez le aussi sur son blog personnel - https:\/\/joyana.fr...\",\"sameAs\":[\"https:\/\/joyana.fr\/\"],\"url\":\"https:\/\/joyana.fr\/ja\/author\/joyana\/\"}]}<\/script>\n<!-- \/ Yoast SEO plugin. -->","yoast_head_json":{"title":"48h avec le Nouveau MINI Cabrio | JO YANA","description":"J'entends vrombir le moteur du Nouveau MINI Cabrio S - avec kit JCW - qui va m'accompagner pendant 48 heures, l'enfant en moi se r\u00e9veille...","robots":{"index":"index","follow":"follow","max-snippet":"max-snippet:-1","max-image-preview":"max-image-preview:large","max-video-preview":"max-video-preview:-1"},"canonical":"https:\/\/joyana.fr\/ja\/nouveau-mini-cabrio\/123270\/","og_locale":"ja_JP","og_type":"article","og_title":"48h avec le Nouveau MINI Cabrio","og_description":"J'entends vrombir le moteur du Nouveau MINI Cabrio S - avec kit JCW - qui va m'accompagner pendant 48 heures, l'enfant en moi se r\u00e9veille...","og_url":"https:\/\/joyana.fr\/ja\/nouveau-mini-cabrio\/123270\/","og_site_name":"JO YANA","article_published_time":"2016-03-16T12:52:07+00:00","article_modified_time":"2016-03-20T16:28:12+00:00","og_image":[{"width":1700,"height":1700,"url":"https:\/\/joyana.fr\/wp-content\/uploads\/2016\/03\/BLOG_THE-NEW-MINI-CABRIO_13.jpg","type":"image\/jpeg"}],"author":"Jo Yana","twitter_card":"summary_large_image","twitter_creator":"@Jo_Yana","twitter_site":"@Jo_Yana","twitter_misc":{"\u57f7\u7b46\u8005":"Jo Yana","\u63a8\u5b9a\u8aad\u307f\u53d6\u308a\u6642\u9593":"2\u5206"},"schema":{"@context":"https:\/\/schema.org","@graph":[{"@type":"Article","@id":"https:\/\/joyana.fr\/nouveau-mini-cabrio\/123270\/#article","isPartOf":{"@id":"https:\/\/joyana.fr\/nouveau-mini-cabrio\/123270\/"},"author":{"name":"Jo Yana","@id":"https:\/\/www.joyana.fr\/ja\/#\/schema\/person\/cf2a1ad12a27c12c21801075bf37407c"},"headline":"48h avec le Nouveau MINI Cabrio","datePublished":"2016-03-16T12:52:07+00:00","dateModified":"2016-03-20T16:28:12+00:00","mainEntityOfPage":{"@id":"https:\/\/joyana.fr\/nouveau-mini-cabrio\/123270\/"},"wordCount":516,"commentCount":1,"publisher":{"@id":"https:\/\/www.joyana.fr\/ja\/#\/schema\/person\/cf2a1ad12a27c12c21801075bf37407c"},"image":{"@id":"https:\/\/joyana.fr\/nouveau-mini-cabrio\/123270\/#primaryimage"},"thumbnailUrl":"https:\/\/i0.wp.com\/joyana.fr\/wp-content\/uploads\/2016\/03\/BLOG_THE-NEW-MINI-CABRIO_13.jpg?fit=1700%2C1700&ssl=1","keywords":["Automobile","Cars","C\u00f4te d'Azur","MINI"],"articleSection":["A LA UNE","DECO-DESIGN","LIFESTYLE"],"inLanguage":"ja","potentialAction":[{"@type":"CommentAction","name":"Comment","target":["https:\/\/joyana.fr\/nouveau-mini-cabrio\/123270\/#respond"]}]},{"@type":"WebPage","@id":"https:\/\/joyana.fr\/nouveau-mini-cabrio\/123270\/","url":"https:\/\/joyana.fr\/nouveau-mini-cabrio\/123270\/","name":"48h avec le Nouveau MINI Cabrio | JO YANA","isPartOf":{"@id":"https:\/\/www.joyana.fr\/ja\/#website"},"primaryImageOfPage":{"@id":"https:\/\/joyana.fr\/nouveau-mini-cabrio\/123270\/#primaryimage"},"image":{"@id":"https:\/\/joyana.fr\/nouveau-mini-cabrio\/123270\/#primaryimage"},"thumbnailUrl":"https:\/\/i0.wp.com\/joyana.fr\/wp-content\/uploads\/2016\/03\/BLOG_THE-NEW-MINI-CABRIO_13.jpg?fit=1700%2C1700&ssl=1","datePublished":"2016-03-16T12:52:07+00:00","dateModified":"2016-03-20T16:28:12+00:00","description":"J'entends vrombir le moteur du Nouveau MINI Cabrio S - avec kit JCW - qui va m'accompagner pendant 48 heures, l'enfant en moi se r\u00e9veille...","breadcrumb":{"@id":"https:\/\/joyana.fr\/nouveau-mini-cabrio\/123270\/#breadcrumb"},"inLanguage":"ja","potentialAction":[{"@type":"ReadAction","target":["https:\/\/joyana.fr\/nouveau-mini-cabrio\/123270\/"]}]},{"@type":"ImageObject","inLanguage":"ja","@id":"https:\/\/joyana.fr\/nouveau-mini-cabrio\/123270\/#primaryimage","url":"https:\/\/i0.wp.com\/joyana.fr\/wp-content\/uploads\/2016\/03\/BLOG_THE-NEW-MINI-CABRIO_13.jpg?fit=1700%2C1700&ssl=1","contentUrl":"https:\/\/i0.wp.com\/joyana.fr\/wp-content\/uploads\/2016\/03\/BLOG_THE-NEW-MINI-CABRIO_13.jpg?fit=1700%2C1700&ssl=1","width":1700,"height":1700},{"@type":"BreadcrumbList","@id":"https:\/\/joyana.fr\/nouveau-mini-cabrio\/123270\/#breadcrumb","itemListElement":[{"@type":"ListItem","position":1,"name":"Accueil","item":"https:\/\/www.joyana.fr\/ja\/"},{"@type":"ListItem","position":2,"name":"48h avec le Nouveau MINI Cabrio"}]},{"@type":"WebSite","@id":"https:\/\/www.joyana.fr\/ja\/#website","url":"https:\/\/www.joyana.fr\/ja\/","name":"JO YANA","description":"Blog Mode Homme, Lifestyle, D\u00e9co-Design","publisher":{"@id":"https:\/\/www.joyana.fr\/ja\/#\/schema\/person\/cf2a1ad12a27c12c21801075bf37407c"},"potentialAction":[{"@type":"SearchAction","target":{"@type":"EntryPoint","urlTemplate":"https:\/\/www.joyana.fr\/ja\/?s={search_term_string}"},"query-input":{"@type":"PropertyValueSpecification","valueRequired":true,"valueName":"search_term_string"}}],"inLanguage":"ja"},{"@type":["Person","Organization"],"@id":"https:\/\/www.joyana.fr\/ja\/#\/schema\/person\/cf2a1ad12a27c12c21801075bf37407c","name":"Jo Yana","image":{"@type":"ImageObject","inLanguage":"ja","@id":"https:\/\/www.joyana.fr\/ja\/#\/schema\/person\/image\/","url":"https:\/\/i0.wp.com\/joyana.fr\/wp-content\/uploads\/2016\/08\/cropped-joyana-logo-black-360x180.png?fit=343%2C164&ssl=1","contentUrl":"https:\/\/i0.wp.com\/joyana.fr\/wp-content\/uploads\/2016\/08\/cropped-joyana-logo-black-360x180.png?fit=343%2C164&ssl=1","width":343,"height":164,"caption":"Jo Yana"},"logo":{"@id":"https:\/\/www.joyana.fr\/ja\/#\/schema\/person\/image\/"},"description":"Jo Yana est le cr\u00e9ateur et r\u00e9dacteur en chef des sites DECO-DESIGN. Passionn\u00e9 de Design, Mode, Photo, Luxe, Lifestyle, Musique, mais avant tout Blogueur ! Le plaisir de partager l'anime et a comme devise \"POUR L'AMOUR DU BEAU\". Retrouvez le aussi sur son blog personnel - https:\/\/joyana.fr...","sameAs":["https:\/\/joyana.fr\/"],"url":"https:\/\/joyana.fr\/ja\/author\/joyana\/"}]}},"author_meta":{"display_name":"Jo Yana","author_link":"https:\/\/joyana.fr\/ja\/author\/joyana\/"},"featured_img":"https:\/\/i0.wp.com\/joyana.fr\/wp-content\/uploads\/2016\/03\/BLOG_THE-NEW-MINI-CABRIO_13.jpg?fit=389%2C389&ssl=1","featured_image_src":"https:\/\/i0.wp.com\/joyana.fr\/wp-content\/uploads\/2016\/03\/BLOG_THE-NEW-MINI-CABRIO_13.jpg?resize=600%2C400&ssl=1","featured_image_src_square":"https:\/\/i0.wp.com\/joyana.fr\/wp-content\/uploads\/2016\/03\/BLOG_THE-NEW-MINI-CABRIO_13.jpg?resize=600%2C600&ssl=1","jetpack_featured_media_url":"https:\/\/i0.wp.com\/joyana.fr\/wp-content\/uploads\/2016\/03\/BLOG_THE-NEW-MINI-CABRIO_13.jpg?fit=1700%2C1700&ssl=1","uagb_featured_image_src":{"full":["https:\/\/i0.wp.com\/joyana.fr\/wp-content\/uploads\/2016\/03\/BLOG_THE-NEW-MINI-CABRIO_13.jpg?fit=1700%2C1700&ssl=1",1700,1700,false],"thumbnail":["https:\/\/i0.wp.com\/joyana.fr\/wp-content\/uploads\/2016\/03\/BLOG_THE-NEW-MINI-CABRIO_13.jpg?resize=150%2C150&ssl=1",150,150,true],"medium":["https:\/\/i0.wp.com\/joyana.fr\/wp-content\/uploads\/2016\/03\/BLOG_THE-NEW-MINI-CABRIO_13.jpg?fit=389%2C389&ssl=1",389,389,true],"medium_large":["https:\/\/i0.wp.com\/joyana.fr\/wp-content\/uploads\/2016\/03\/BLOG_THE-NEW-MINI-CABRIO_13.jpg?fit=768%2C768&ssl=1",768,768,true],"large":["https:\/\/i0.wp.com\/joyana.fr\/wp-content\/uploads\/2016\/03\/BLOG_THE-NEW-MINI-CABRIO_13.jpg?fit=1024%2C1024&ssl=1",1024,1024,true],"1536x1536":["https:\/\/i0.wp.com\/joyana.fr\/wp-content\/uploads\/2016\/03\/BLOG_THE-NEW-MINI-CABRIO_13.jpg?fit=1536%2C1536&ssl=1",1536,1536,true],"2048x2048":["https:\/\/i0.wp.com\/joyana.fr\/wp-content\/uploads\/2016\/03\/BLOG_THE-NEW-MINI-CABRIO_13.jpg?fit=1700%2C1700&ssl=1",1700,1700,true],"featured-thumb":["https:\/\/i0.wp.com\/joyana.fr\/wp-content\/uploads\/2016\/03\/BLOG_THE-NEW-MINI-CABRIO_13.jpg?resize=1700%2C750&ssl=1",1700,750,true],"ab-block-post-grid-landscape":["https:\/\/i0.wp.com\/joyana.fr\/wp-content\/uploads\/2016\/03\/BLOG_THE-NEW-MINI-CABRIO_13.jpg?resize=600%2C400&ssl=1",600,400,true],"ab-block-post-grid-square":["https:\/\/i0.wp.com\/joyana.fr\/wp-content\/uploads\/2016\/03\/BLOG_THE-NEW-MINI-CABRIO_13.jpg?resize=600%2C600&ssl=1",600,600,true],"author-pro-image":["https:\/\/i0.wp.com\/joyana.fr\/wp-content\/uploads\/2016\/03\/BLOG_THE-NEW-MINI-CABRIO_13.jpg?resize=360%2C570&ssl=1",360,570,true],"slider":["https:\/\/i0.wp.com\/joyana.fr\/wp-content\/uploads\/2016\/03\/BLOG_THE-NEW-MINI-CABRIO_13.jpg?resize=920%2C400&ssl=1",920,400,true],"woocommerce_thumbnail":["https:\/\/i0.wp.com\/joyana.fr\/wp-content\/uploads\/2016\/03\/BLOG_THE-NEW-MINI-CABRIO_13.jpg?resize=450%2C450&ssl=1",450,450,true],"woocommerce_single":["https:\/\/i0.wp.com\/joyana.fr\/wp-content\/uploads\/2016\/03\/BLOG_THE-NEW-MINI-CABRIO_13.jpg?fit=920%2C920&ssl=1",920,920,true],"woocommerce_gallery_thumbnail":["https:\/\/i0.wp.com\/joyana.fr\/wp-content\/uploads\/2016\/03\/BLOG_THE-NEW-MINI-CABRIO_13.jpg?resize=180%2C180&ssl=1",180,180,true],"sow-carousel-default":["https:\/\/i0.wp.com\/joyana.fr\/wp-content\/uploads\/2016\/03\/BLOG_THE-NEW-MINI-CABRIO_13.jpg?resize=272%2C182&ssl=1",272,182,true]},"uagb_author_info":{"display_name":"Jo Yana","author_link":"https:\/\/joyana.fr\/ja\/author\/joyana\/"},"uagb_comment_info":3,"uagb_excerpt":"J'entends vrombir le moteur du Nouveau MINI Cabrio S - &hellip;","coauthors":[],"tax_additional":{"categories":{"linked":["<a href=\"https:\/\/joyana.fr\/ja\/category\/blog\/news\/\" class=\"advgb-post-tax-term\">A LA UNE<\/a>","<a href=\"https:\/\/joyana.fr\/ja\/category\/deco-design\/\" class=\"advgb-post-tax-term\">DECO-DESIGN<\/a>","<a href=\"https:\/\/joyana.fr\/ja\/category\/blog\/lifestyle\/\" class=\"advgb-post-tax-term\">LIFESTYLE<\/a>"],"unlinked":["<span class=\"advgb-post-tax-term\">A LA UNE<\/span>","<span class=\"advgb-post-tax-term\">DECO-DESIGN<\/span>","<span class=\"advgb-post-tax-term\">LIFESTYLE<\/span>"]},"tags":{"linked":["<a href=\"https:\/\/joyana.fr\/ja\/category\/blog\/lifestyle\/\" class=\"advgb-post-tax-term\">Automobile<\/a>","<a href=\"https:\/\/joyana.fr\/ja\/category\/blog\/lifestyle\/\" class=\"advgb-post-tax-term\">Cars<\/a>","<a href=\"https:\/\/joyana.fr\/ja\/category\/blog\/lifestyle\/\" class=\"advgb-post-tax-term\">C\u00f4te d&#039;Azur<\/a>","<a href=\"https:\/\/joyana.fr\/ja\/category\/blog\/lifestyle\/\" class=\"advgb-post-tax-term\">MINI<\/a>"],"unlinked":["<span class=\"advgb-post-tax-term\">Automobile<\/span>","<span class=\"advgb-post-tax-term\">Cars<\/span>","<span class=\"advgb-post-tax-term\">C\u00f4te d&#039;Azur<\/span>","<span class=\"advgb-post-tax-term\">MINI<\/span>"]}},"comment_count":3,"relative_dates":{"created":"Posted 10\u5e74 ago","modified":"Updated 10\u5e74 ago"},"absolute_dates":{"created":"Posted on 16 3\u6708 2016","modified":"Updated on 20 3\u6708 2016"},"absolute_dates_time":{"created":"Posted on 16 3\u6708 2016 13:52","modified":"Updated on 20 3\u6708 2016 17:28"},"featured_img_caption":"","series_order":"","jetpack_sharing_enabled":true,"jetpack_shortlink":"https:\/\/wp.me\/p9bteI-w4e","jetpack-related-posts":[],"_links":{"self":[{"href":"https:\/\/joyana.fr\/ja\/wp-json\/wp\/v2\/posts\/123270","targetHints":{"allow":["GET"]}}],"collection":[{"href":"https:\/\/joyana.fr\/ja\/wp-json\/wp\/v2\/posts"}],"about":[{"href":"https:\/\/joyana.fr\/ja\/wp-json\/wp\/v2\/types\/post"}],"author":[{"embeddable":true,"href":"https:\/\/joyana.fr\/ja\/wp-json\/wp\/v2\/users\/3"}],"replies":[{"embeddable":true,"href":"https:\/\/joyana.fr\/ja\/wp-json\/wp\/v2\/comments?post=123270"}],"version-history":[{"count":13,"href":"https:\/\/joyana.fr\/ja\/wp-json\/wp\/v2\/posts\/123270\/revisions"}],"predecessor-version":[{"id":123335,"href":"https:\/\/joyana.fr\/ja\/wp-json\/wp\/v2\/posts\/123270\/revisions\/123335"}],"wp:featuredmedia":[{"embeddable":true,"href":"https:\/\/joyana.fr\/ja\/wp-json\/wp\/v2\/media\/123280"}],"wp:attachment":[{"href":"https:\/\/joyana.fr\/ja\/wp-json\/wp\/v2\/media?parent=123270"}],"wp:term":[{"taxonomy":"category","embeddable":true,"href":"https:\/\/joyana.fr\/ja\/wp-json\/wp\/v2\/categories?post=123270"},{"taxonomy":"post_tag","embeddable":true,"href":"https:\/\/joyana.fr\/ja\/wp-json\/wp\/v2\/tags?post=123270"}],"curies":[{"name":"wp","href":"https:\/\/api.w.org\/{rel}","templated":true}]}}