{"id":124328,"date":"2016-09-10T14:14:59","date_gmt":"2016-09-10T13:14:59","guid":{"rendered":"https:\/\/joyana.fr\/?p=124328"},"modified":"2016-09-21T05:29:26","modified_gmt":"2016-09-21T04:29:26","slug":"blog-design-paris-design-week-2016","status":"publish","type":"post","link":"https:\/\/joyana.fr\/ja\/blog-design-paris-design-week-2016\/124328\/","title":{"rendered":"PARIS DESIGN WEEK 2016"},"content":{"rendered":"<p style=\"text-align: justify;\">La rentr\u00e9e est dans quelques jours, cette ann\u00e9e j&#8217;ai le privil\u00e8ge d&#8217;\u00eatre ambassadeur de la <strong>Paris Design Week 2016<\/strong>, et de vous la faire vivre en live ici et sur mes <a href=\"https:\/\/www.instagram.com\/jo_yana\/\">r\u00e9seaux sociaux<\/a>&#8230;<!--more--><\/p>\n<h2 style=\"text-align: center;\"><span style=\"color: #ff99cc;\">(UPDATE) <\/span><\/h2>\n<h2 style=\"text-align: center;\"><span style=\"color: #ff99cc;\">Coups de coeur PARIS DESIGN WEEK 2016<\/span><\/h2>\n<p style=\"text-align: center;\">Des coups de coeurs au fil des lieux, des clich\u00e9s prient dans l&#8217;\u00e9motion du moment. Je vous d\u00e9voile soit l&#8217;artiste soit le lieu qui exposait&#8230;<\/p>\n<p><img data-recalc-dims=\"1\" fetchpriority=\"high\" decoding=\"async\" data-attachment-id=\"124452\" data-permalink=\"https:\/\/joyana.fr\/ja\/blog-design-paris-design-week-2016\/124328\/pdw16-yade-blog-design\/\" data-orig-file=\"https:\/\/i0.wp.com\/joyana.fr\/wp-content\/uploads\/2016\/08\/PDW16-YADE-blog-design.jpg?fit=1700%2C1700&amp;ssl=1\" data-orig-size=\"1700,1700\" data-comments-opened=\"1\" data-image-meta=\"{&quot;aperture&quot;:&quot;0&quot;,&quot;credit&quot;:&quot;&quot;,&quot;camera&quot;:&quot;&quot;,&quot;caption&quot;:&quot;&quot;,&quot;created_timestamp&quot;:&quot;0&quot;,&quot;copyright&quot;:&quot;&quot;,&quot;focal_length&quot;:&quot;0&quot;,&quot;iso&quot;:&quot;0&quot;,&quot;shutter_speed&quot;:&quot;0&quot;,&quot;title&quot;:&quot;&quot;,&quot;orientation&quot;:&quot;1&quot;}\" data-image-title=\"pdw16-yade-blog-design\" data-image-description=\"\" data-image-caption=\"\" data-medium-file=\"https:\/\/i0.wp.com\/joyana.fr\/wp-content\/uploads\/2016\/08\/PDW16-YADE-blog-design.jpg?fit=389%2C389&amp;ssl=1\" data-large-file=\"https:\/\/i0.wp.com\/joyana.fr\/wp-content\/uploads\/2016\/08\/PDW16-YADE-blog-design.jpg?fit=1024%2C1024&amp;ssl=1\" class=\"alignnone size-full wp-image-124452\" src=\"https:\/\/i0.wp.com\/joyana.fr\/wp-content\/uploads\/2016\/08\/PDW16-YADE-blog-design.jpg?resize=1700%2C1700&#038;ssl=1\" alt=\"pdw16-yade-blog-design\" width=\"1700\" height=\"1700\" srcset=\"https:\/\/i0.wp.com\/joyana.fr\/wp-content\/uploads\/2016\/08\/PDW16-YADE-blog-design.jpg?w=1700&amp;ssl=1 1700w, https:\/\/i0.wp.com\/joyana.fr\/wp-content\/uploads\/2016\/08\/PDW16-YADE-blog-design.jpg?resize=300%2C300&amp;ssl=1 300w, https:\/\/i0.wp.com\/joyana.fr\/wp-content\/uploads\/2016\/08\/PDW16-YADE-blog-design.jpg?resize=100%2C100&amp;ssl=1 100w, https:\/\/i0.wp.com\/joyana.fr\/wp-content\/uploads\/2016\/08\/PDW16-YADE-blog-design.jpg?resize=600%2C600&amp;ssl=1 600w\" sizes=\"(max-width: 1000px) 100vw, 1000px\" \/><\/p>\n<p style=\"text-align: center;\"><a href=\"https:\/\/joyana.fr\/topography-yade-pdw16\/124412\/\">YADE<\/a><\/p>\n<p style=\"text-align: center;\"><span style=\"color: #ffffff;\">.<\/span><\/p>\n<p><img data-recalc-dims=\"1\" decoding=\"async\" data-attachment-id=\"124451\" data-permalink=\"https:\/\/joyana.fr\/ja\/blog-design-paris-design-week-2016\/124328\/pdw16-tamim-daoudi-blog-design\/\" data-orig-file=\"https:\/\/i0.wp.com\/joyana.fr\/wp-content\/uploads\/2016\/08\/PDW16-tamim-daoudi-blog-design.jpg?fit=1700%2C1700&amp;ssl=1\" data-orig-size=\"1700,1700\" data-comments-opened=\"1\" data-image-meta=\"{&quot;aperture&quot;:&quot;0&quot;,&quot;credit&quot;:&quot;&quot;,&quot;camera&quot;:&quot;&quot;,&quot;caption&quot;:&quot;&quot;,&quot;created_timestamp&quot;:&quot;0&quot;,&quot;copyright&quot;:&quot;&quot;,&quot;focal_length&quot;:&quot;0&quot;,&quot;iso&quot;:&quot;0&quot;,&quot;shutter_speed&quot;:&quot;0&quot;,&quot;title&quot;:&quot;&quot;,&quot;orientation&quot;:&quot;1&quot;}\" data-image-title=\"pdw16-tamim-daoudi-blog-design\" data-image-description=\"\" data-image-caption=\"\" data-medium-file=\"https:\/\/i0.wp.com\/joyana.fr\/wp-content\/uploads\/2016\/08\/PDW16-tamim-daoudi-blog-design.jpg?fit=389%2C389&amp;ssl=1\" data-large-file=\"https:\/\/i0.wp.com\/joyana.fr\/wp-content\/uploads\/2016\/08\/PDW16-tamim-daoudi-blog-design.jpg?fit=1024%2C1024&amp;ssl=1\" class=\"alignnone size-full wp-image-124451\" src=\"https:\/\/i0.wp.com\/joyana.fr\/wp-content\/uploads\/2016\/08\/PDW16-tamim-daoudi-blog-design.jpg?resize=1700%2C1700&#038;ssl=1\" alt=\"pdw16-tamim-daoudi-blog-design\" width=\"1700\" height=\"1700\" srcset=\"https:\/\/i0.wp.com\/joyana.fr\/wp-content\/uploads\/2016\/08\/PDW16-tamim-daoudi-blog-design.jpg?w=1700&amp;ssl=1 1700w, https:\/\/i0.wp.com\/joyana.fr\/wp-content\/uploads\/2016\/08\/PDW16-tamim-daoudi-blog-design.jpg?resize=300%2C300&amp;ssl=1 300w, https:\/\/i0.wp.com\/joyana.fr\/wp-content\/uploads\/2016\/08\/PDW16-tamim-daoudi-blog-design.jpg?resize=100%2C100&amp;ssl=1 100w, https:\/\/i0.wp.com\/joyana.fr\/wp-content\/uploads\/2016\/08\/PDW16-tamim-daoudi-blog-design.jpg?resize=600%2C600&amp;ssl=1 600w\" sizes=\"(max-width: 1000px) 100vw, 1000px\" \/><\/p>\n<p style=\"text-align: center;\"><a href=\"http:\/\/tamimdaoudi.com\">TAMIM DAOUDI<\/a><\/p>\n<p><span style=\"color: #ffffff;\">.<\/span><\/p>\n<p><img data-recalc-dims=\"1\" decoding=\"async\" data-attachment-id=\"124426\" data-permalink=\"https:\/\/joyana.fr\/ja\/blog-design-paris-design-week-2016\/124328\/pdw16-kayan_2\/\" data-orig-file=\"https:\/\/i0.wp.com\/joyana.fr\/wp-content\/uploads\/2016\/08\/PDW16-KAYAN_2.jpg?fit=1700%2C1700&amp;ssl=1\" data-orig-size=\"1700,1700\" data-comments-opened=\"1\" data-image-meta=\"{&quot;aperture&quot;:&quot;0&quot;,&quot;credit&quot;:&quot;&quot;,&quot;camera&quot;:&quot;&quot;,&quot;caption&quot;:&quot;&quot;,&quot;created_timestamp&quot;:&quot;0&quot;,&quot;copyright&quot;:&quot;&quot;,&quot;focal_length&quot;:&quot;0&quot;,&quot;iso&quot;:&quot;0&quot;,&quot;shutter_speed&quot;:&quot;0&quot;,&quot;title&quot;:&quot;&quot;,&quot;orientation&quot;:&quot;1&quot;}\" data-image-title=\"pdw16-kayan_2\" data-image-description=\"\" data-image-caption=\"\" data-medium-file=\"https:\/\/i0.wp.com\/joyana.fr\/wp-content\/uploads\/2016\/08\/PDW16-KAYAN_2.jpg?fit=389%2C389&amp;ssl=1\" data-large-file=\"https:\/\/i0.wp.com\/joyana.fr\/wp-content\/uploads\/2016\/08\/PDW16-KAYAN_2.jpg?fit=1024%2C1024&amp;ssl=1\" class=\"alignnone size-full wp-image-124426\" src=\"https:\/\/i0.wp.com\/joyana.fr\/wp-content\/uploads\/2016\/08\/PDW16-KAYAN_2.jpg?resize=1700%2C1700&#038;ssl=1\" alt=\"pdw16-kayan_2\" width=\"1700\" height=\"1700\" srcset=\"https:\/\/i0.wp.com\/joyana.fr\/wp-content\/uploads\/2016\/08\/PDW16-KAYAN_2.jpg?w=1700&amp;ssl=1 1700w, https:\/\/i0.wp.com\/joyana.fr\/wp-content\/uploads\/2016\/08\/PDW16-KAYAN_2.jpg?resize=300%2C300&amp;ssl=1 300w, https:\/\/i0.wp.com\/joyana.fr\/wp-content\/uploads\/2016\/08\/PDW16-KAYAN_2.jpg?resize=100%2C100&amp;ssl=1 100w, https:\/\/i0.wp.com\/joyana.fr\/wp-content\/uploads\/2016\/08\/PDW16-KAYAN_2.jpg?resize=600%2C600&amp;ssl=1 600w\" sizes=\"(max-width: 1000px) 100vw, 1000px\" \/><\/p>\n<p><img data-recalc-dims=\"1\" loading=\"lazy\" decoding=\"async\" data-attachment-id=\"124427\" data-permalink=\"https:\/\/joyana.fr\/ja\/blog-design-paris-design-week-2016\/124328\/pdw16-kayan\/\" data-orig-file=\"https:\/\/i0.wp.com\/joyana.fr\/wp-content\/uploads\/2016\/08\/PDW16-KAYAN.jpg?fit=1700%2C1700&amp;ssl=1\" data-orig-size=\"1700,1700\" data-comments-opened=\"1\" data-image-meta=\"{&quot;aperture&quot;:&quot;0&quot;,&quot;credit&quot;:&quot;&quot;,&quot;camera&quot;:&quot;&quot;,&quot;caption&quot;:&quot;&quot;,&quot;created_timestamp&quot;:&quot;0&quot;,&quot;copyright&quot;:&quot;&quot;,&quot;focal_length&quot;:&quot;0&quot;,&quot;iso&quot;:&quot;0&quot;,&quot;shutter_speed&quot;:&quot;0&quot;,&quot;title&quot;:&quot;&quot;,&quot;orientation&quot;:&quot;1&quot;}\" data-image-title=\"pdw16-kayan\" data-image-description=\"\" data-image-caption=\"\" data-medium-file=\"https:\/\/i0.wp.com\/joyana.fr\/wp-content\/uploads\/2016\/08\/PDW16-KAYAN.jpg?fit=389%2C389&amp;ssl=1\" data-large-file=\"https:\/\/i0.wp.com\/joyana.fr\/wp-content\/uploads\/2016\/08\/PDW16-KAYAN.jpg?fit=1024%2C1024&amp;ssl=1\" class=\"alignnone size-full wp-image-124427\" src=\"https:\/\/i0.wp.com\/joyana.fr\/wp-content\/uploads\/2016\/08\/PDW16-KAYAN.jpg?resize=1700%2C1700&#038;ssl=1\" alt=\"pdw16-kayan\" width=\"1700\" height=\"1700\" srcset=\"https:\/\/i0.wp.com\/joyana.fr\/wp-content\/uploads\/2016\/08\/PDW16-KAYAN.jpg?w=1700&amp;ssl=1 1700w, https:\/\/i0.wp.com\/joyana.fr\/wp-content\/uploads\/2016\/08\/PDW16-KAYAN.jpg?resize=300%2C300&amp;ssl=1 300w, https:\/\/i0.wp.com\/joyana.fr\/wp-content\/uploads\/2016\/08\/PDW16-KAYAN.jpg?resize=100%2C100&amp;ssl=1 100w, https:\/\/i0.wp.com\/joyana.fr\/wp-content\/uploads\/2016\/08\/PDW16-KAYAN.jpg?resize=600%2C600&amp;ssl=1 600w\" sizes=\"(max-width: 1000px) 100vw, 1000px\" \/><\/p>\n<p><img data-recalc-dims=\"1\" loading=\"lazy\" decoding=\"async\" data-attachment-id=\"124432\" data-permalink=\"https:\/\/joyana.fr\/ja\/blog-design-paris-design-week-2016\/124328\/pdw16-now-le-off\/\" data-orig-file=\"https:\/\/i0.wp.com\/joyana.fr\/wp-content\/uploads\/2016\/08\/PDW16-NOW-LE-OFF.jpg?fit=1700%2C1700&amp;ssl=1\" data-orig-size=\"1700,1700\" data-comments-opened=\"1\" data-image-meta=\"{&quot;aperture&quot;:&quot;0&quot;,&quot;credit&quot;:&quot;&quot;,&quot;camera&quot;:&quot;&quot;,&quot;caption&quot;:&quot;&quot;,&quot;created_timestamp&quot;:&quot;0&quot;,&quot;copyright&quot;:&quot;&quot;,&quot;focal_length&quot;:&quot;0&quot;,&quot;iso&quot;:&quot;0&quot;,&quot;shutter_speed&quot;:&quot;0&quot;,&quot;title&quot;:&quot;&quot;,&quot;orientation&quot;:&quot;1&quot;}\" data-image-title=\"pdw16-now-le-off\" data-image-description=\"\" data-image-caption=\"\" data-medium-file=\"https:\/\/i0.wp.com\/joyana.fr\/wp-content\/uploads\/2016\/08\/PDW16-NOW-LE-OFF.jpg?fit=389%2C389&amp;ssl=1\" data-large-file=\"https:\/\/i0.wp.com\/joyana.fr\/wp-content\/uploads\/2016\/08\/PDW16-NOW-LE-OFF.jpg?fit=1024%2C1024&amp;ssl=1\" class=\"alignnone size-full wp-image-124432\" src=\"https:\/\/i0.wp.com\/joyana.fr\/wp-content\/uploads\/2016\/08\/PDW16-NOW-LE-OFF.jpg?resize=1700%2C1700&#038;ssl=1\" alt=\"pdw16-now-le-off\" width=\"1700\" height=\"1700\" srcset=\"https:\/\/i0.wp.com\/joyana.fr\/wp-content\/uploads\/2016\/08\/PDW16-NOW-LE-OFF.jpg?w=1700&amp;ssl=1 1700w, https:\/\/i0.wp.com\/joyana.fr\/wp-content\/uploads\/2016\/08\/PDW16-NOW-LE-OFF.jpg?resize=300%2C300&amp;ssl=1 300w, https:\/\/i0.wp.com\/joyana.fr\/wp-content\/uploads\/2016\/08\/PDW16-NOW-LE-OFF.jpg?resize=100%2C100&amp;ssl=1 100w, https:\/\/i0.wp.com\/joyana.fr\/wp-content\/uploads\/2016\/08\/PDW16-NOW-LE-OFF.jpg?resize=600%2C600&amp;ssl=1 600w\" sizes=\"(max-width: 1000px) 100vw, 1000px\" \/><\/p>\n<p><img data-recalc-dims=\"1\" loading=\"lazy\" decoding=\"async\" data-attachment-id=\"124454\" data-permalink=\"https:\/\/joyana.fr\/ja\/blog-design-paris-design-week-2016\/124328\/pdw16-now-le-off_2-2\/\" data-orig-file=\"https:\/\/i0.wp.com\/joyana.fr\/wp-content\/uploads\/2016\/08\/PDW16-NOW-LE-OFF_2-1.jpg?fit=1700%2C1700&amp;ssl=1\" data-orig-size=\"1700,1700\" data-comments-opened=\"1\" data-image-meta=\"{&quot;aperture&quot;:&quot;0&quot;,&quot;credit&quot;:&quot;&quot;,&quot;camera&quot;:&quot;&quot;,&quot;caption&quot;:&quot;&quot;,&quot;created_timestamp&quot;:&quot;0&quot;,&quot;copyright&quot;:&quot;&quot;,&quot;focal_length&quot;:&quot;0&quot;,&quot;iso&quot;:&quot;0&quot;,&quot;shutter_speed&quot;:&quot;0&quot;,&quot;title&quot;:&quot;&quot;,&quot;orientation&quot;:&quot;1&quot;}\" data-image-title=\"pdw16-now-le-off_2\" data-image-description=\"\" data-image-caption=\"\" data-medium-file=\"https:\/\/i0.wp.com\/joyana.fr\/wp-content\/uploads\/2016\/08\/PDW16-NOW-LE-OFF_2-1.jpg?fit=389%2C389&amp;ssl=1\" data-large-file=\"https:\/\/i0.wp.com\/joyana.fr\/wp-content\/uploads\/2016\/08\/PDW16-NOW-LE-OFF_2-1.jpg?fit=1024%2C1024&amp;ssl=1\" class=\"alignnone size-full wp-image-124454\" src=\"https:\/\/i0.wp.com\/joyana.fr\/wp-content\/uploads\/2016\/08\/PDW16-NOW-LE-OFF_2-1.jpg?resize=1700%2C1700&#038;ssl=1\" alt=\"pdw16-now-le-off_2\" width=\"1700\" height=\"1700\" srcset=\"https:\/\/i0.wp.com\/joyana.fr\/wp-content\/uploads\/2016\/08\/PDW16-NOW-LE-OFF_2-1.jpg?w=1700&amp;ssl=1 1700w, https:\/\/i0.wp.com\/joyana.fr\/wp-content\/uploads\/2016\/08\/PDW16-NOW-LE-OFF_2-1.jpg?resize=300%2C300&amp;ssl=1 300w, https:\/\/i0.wp.com\/joyana.fr\/wp-content\/uploads\/2016\/08\/PDW16-NOW-LE-OFF_2-1.jpg?resize=100%2C100&amp;ssl=1 100w, https:\/\/i0.wp.com\/joyana.fr\/wp-content\/uploads\/2016\/08\/PDW16-NOW-LE-OFF_2-1.jpg?resize=600%2C600&amp;ssl=1 600w\" sizes=\"(max-width: 1000px) 100vw, 1000px\" \/><\/p>\n<p><img data-recalc-dims=\"1\" loading=\"lazy\" decoding=\"async\" data-attachment-id=\"124455\" data-permalink=\"https:\/\/joyana.fr\/ja\/blog-design-paris-design-week-2016\/124328\/pdw16-now-le-off_3-2\/\" data-orig-file=\"https:\/\/i0.wp.com\/joyana.fr\/wp-content\/uploads\/2016\/08\/PDW16-NOW-LE-OFF_3-1.jpg?fit=1700%2C1700&amp;ssl=1\" data-orig-size=\"1700,1700\" data-comments-opened=\"1\" data-image-meta=\"{&quot;aperture&quot;:&quot;0&quot;,&quot;credit&quot;:&quot;&quot;,&quot;camera&quot;:&quot;&quot;,&quot;caption&quot;:&quot;&quot;,&quot;created_timestamp&quot;:&quot;0&quot;,&quot;copyright&quot;:&quot;&quot;,&quot;focal_length&quot;:&quot;0&quot;,&quot;iso&quot;:&quot;0&quot;,&quot;shutter_speed&quot;:&quot;0&quot;,&quot;title&quot;:&quot;&quot;,&quot;orientation&quot;:&quot;1&quot;}\" data-image-title=\"pdw16-now-le-off_3\" data-image-description=\"\" data-image-caption=\"\" data-medium-file=\"https:\/\/i0.wp.com\/joyana.fr\/wp-content\/uploads\/2016\/08\/PDW16-NOW-LE-OFF_3-1.jpg?fit=389%2C389&amp;ssl=1\" data-large-file=\"https:\/\/i0.wp.com\/joyana.fr\/wp-content\/uploads\/2016\/08\/PDW16-NOW-LE-OFF_3-1.jpg?fit=1024%2C1024&amp;ssl=1\" class=\"alignnone size-full wp-image-124455\" src=\"https:\/\/i0.wp.com\/joyana.fr\/wp-content\/uploads\/2016\/08\/PDW16-NOW-LE-OFF_3-1.jpg?resize=1700%2C1700&#038;ssl=1\" alt=\"pdw16-now-le-off_3\" width=\"1700\" height=\"1700\" srcset=\"https:\/\/i0.wp.com\/joyana.fr\/wp-content\/uploads\/2016\/08\/PDW16-NOW-LE-OFF_3-1.jpg?w=1700&amp;ssl=1 1700w, https:\/\/i0.wp.com\/joyana.fr\/wp-content\/uploads\/2016\/08\/PDW16-NOW-LE-OFF_3-1.jpg?resize=300%2C300&amp;ssl=1 300w, https:\/\/i0.wp.com\/joyana.fr\/wp-content\/uploads\/2016\/08\/PDW16-NOW-LE-OFF_3-1.jpg?resize=100%2C100&amp;ssl=1 100w, https:\/\/i0.wp.com\/joyana.fr\/wp-content\/uploads\/2016\/08\/PDW16-NOW-LE-OFF_3-1.jpg?resize=600%2C600&amp;ssl=1 600w\" sizes=\"(max-width: 1000px) 100vw, 1000px\" \/><\/p>\n<p style=\"text-align: center;\"><a href=\"http:\/\/www.maison-objet.com\/fr\/paris-design-week\/programme\/now-le-off\" target=\"_blank\">NOW! LE OFF<\/a><\/p>\n<p style=\"text-align: center;\"><span style=\"color: #ffffff;\">.<\/span><\/p>\n<p><img data-recalc-dims=\"1\" loading=\"lazy\" decoding=\"async\" data-attachment-id=\"124438\" data-permalink=\"https:\/\/joyana.fr\/ja\/blog-design-paris-design-week-2016\/124328\/pdw16-raco-star-prize\/\" data-orig-file=\"https:\/\/i0.wp.com\/joyana.fr\/wp-content\/uploads\/2016\/08\/PDW16-RACO-STAR-PRIZE.jpg?fit=1700%2C1700&amp;ssl=1\" data-orig-size=\"1700,1700\" data-comments-opened=\"1\" data-image-meta=\"{&quot;aperture&quot;:&quot;0&quot;,&quot;credit&quot;:&quot;&quot;,&quot;camera&quot;:&quot;&quot;,&quot;caption&quot;:&quot;&quot;,&quot;created_timestamp&quot;:&quot;0&quot;,&quot;copyright&quot;:&quot;&quot;,&quot;focal_length&quot;:&quot;0&quot;,&quot;iso&quot;:&quot;0&quot;,&quot;shutter_speed&quot;:&quot;0&quot;,&quot;title&quot;:&quot;&quot;,&quot;orientation&quot;:&quot;1&quot;}\" data-image-title=\"pdw16-raco-star-prize\" data-image-description=\"\" data-image-caption=\"\" data-medium-file=\"https:\/\/i0.wp.com\/joyana.fr\/wp-content\/uploads\/2016\/08\/PDW16-RACO-STAR-PRIZE.jpg?fit=389%2C389&amp;ssl=1\" data-large-file=\"https:\/\/i0.wp.com\/joyana.fr\/wp-content\/uploads\/2016\/08\/PDW16-RACO-STAR-PRIZE.jpg?fit=1024%2C1024&amp;ssl=1\" class=\"alignnone size-full wp-image-124438\" src=\"https:\/\/i0.wp.com\/joyana.fr\/wp-content\/uploads\/2016\/08\/PDW16-RACO-STAR-PRIZE.jpg?resize=1700%2C1700&#038;ssl=1\" alt=\"pdw16-raco-star-prize\" width=\"1700\" height=\"1700\" srcset=\"https:\/\/i0.wp.com\/joyana.fr\/wp-content\/uploads\/2016\/08\/PDW16-RACO-STAR-PRIZE.jpg?w=1700&amp;ssl=1 1700w, https:\/\/i0.wp.com\/joyana.fr\/wp-content\/uploads\/2016\/08\/PDW16-RACO-STAR-PRIZE.jpg?resize=300%2C300&amp;ssl=1 300w, https:\/\/i0.wp.com\/joyana.fr\/wp-content\/uploads\/2016\/08\/PDW16-RACO-STAR-PRIZE.jpg?resize=100%2C100&amp;ssl=1 100w, https:\/\/i0.wp.com\/joyana.fr\/wp-content\/uploads\/2016\/08\/PDW16-RACO-STAR-PRIZE.jpg?resize=600%2C600&amp;ssl=1 600w\" sizes=\"(max-width: 1000px) 100vw, 1000px\" \/><\/p>\n<p><img data-recalc-dims=\"1\" loading=\"lazy\" decoding=\"async\" data-attachment-id=\"124437\" data-permalink=\"https:\/\/joyana.fr\/ja\/blog-design-paris-design-week-2016\/124328\/pdw16-raco-star-prize_2\/\" data-orig-file=\"https:\/\/i0.wp.com\/joyana.fr\/wp-content\/uploads\/2016\/08\/PDW16-RACO-STAR-PRIZE_2.jpg?fit=1700%2C1700&amp;ssl=1\" data-orig-size=\"1700,1700\" data-comments-opened=\"1\" data-image-meta=\"{&quot;aperture&quot;:&quot;0&quot;,&quot;credit&quot;:&quot;&quot;,&quot;camera&quot;:&quot;&quot;,&quot;caption&quot;:&quot;&quot;,&quot;created_timestamp&quot;:&quot;0&quot;,&quot;copyright&quot;:&quot;&quot;,&quot;focal_length&quot;:&quot;0&quot;,&quot;iso&quot;:&quot;0&quot;,&quot;shutter_speed&quot;:&quot;0&quot;,&quot;title&quot;:&quot;&quot;,&quot;orientation&quot;:&quot;1&quot;}\" data-image-title=\"pdw16-raco-star-prize_2\" data-image-description=\"\" data-image-caption=\"\" data-medium-file=\"https:\/\/i0.wp.com\/joyana.fr\/wp-content\/uploads\/2016\/08\/PDW16-RACO-STAR-PRIZE_2.jpg?fit=389%2C389&amp;ssl=1\" data-large-file=\"https:\/\/i0.wp.com\/joyana.fr\/wp-content\/uploads\/2016\/08\/PDW16-RACO-STAR-PRIZE_2.jpg?fit=1024%2C1024&amp;ssl=1\" class=\"alignnone size-full wp-image-124437\" src=\"https:\/\/i0.wp.com\/joyana.fr\/wp-content\/uploads\/2016\/08\/PDW16-RACO-STAR-PRIZE_2.jpg?resize=1700%2C1700&#038;ssl=1\" alt=\"pdw16-raco-star-prize_2\" width=\"1700\" height=\"1700\" srcset=\"https:\/\/i0.wp.com\/joyana.fr\/wp-content\/uploads\/2016\/08\/PDW16-RACO-STAR-PRIZE_2.jpg?w=1700&amp;ssl=1 1700w, https:\/\/i0.wp.com\/joyana.fr\/wp-content\/uploads\/2016\/08\/PDW16-RACO-STAR-PRIZE_2.jpg?resize=300%2C300&amp;ssl=1 300w, https:\/\/i0.wp.com\/joyana.fr\/wp-content\/uploads\/2016\/08\/PDW16-RACO-STAR-PRIZE_2.jpg?resize=100%2C100&amp;ssl=1 100w, https:\/\/i0.wp.com\/joyana.fr\/wp-content\/uploads\/2016\/08\/PDW16-RACO-STAR-PRIZE_2.jpg?resize=600%2C600&amp;ssl=1 600w\" sizes=\"(max-width: 1000px) 100vw, 1000px\" \/><\/p>\n<p style=\"text-align: center;\"><a href=\"http:\/\/radostarprize.rado.com\/france\">RADO STAR PRIZE<\/a><\/p>\n<p style=\"text-align: center;\"><span style=\"color: #ffffff;\">.<\/span><\/p>\n<p><img data-recalc-dims=\"1\" loading=\"lazy\" decoding=\"async\" data-attachment-id=\"124428\" data-permalink=\"https:\/\/joyana.fr\/ja\/blog-design-paris-design-week-2016\/124328\/pdw16-margaux-keller-bibelo_2\/\" data-orig-file=\"https:\/\/i0.wp.com\/joyana.fr\/wp-content\/uploads\/2016\/08\/PDW16-MARGAUX-KELLER-BIBELO_2.jpg?fit=1700%2C1700&amp;ssl=1\" data-orig-size=\"1700,1700\" data-comments-opened=\"1\" data-image-meta=\"{&quot;aperture&quot;:&quot;0&quot;,&quot;credit&quot;:&quot;&quot;,&quot;camera&quot;:&quot;&quot;,&quot;caption&quot;:&quot;&quot;,&quot;created_timestamp&quot;:&quot;0&quot;,&quot;copyright&quot;:&quot;&quot;,&quot;focal_length&quot;:&quot;0&quot;,&quot;iso&quot;:&quot;0&quot;,&quot;shutter_speed&quot;:&quot;0&quot;,&quot;title&quot;:&quot;&quot;,&quot;orientation&quot;:&quot;1&quot;}\" data-image-title=\"pdw16-margaux-keller-bibelo_2\" data-image-description=\"\" data-image-caption=\"\" data-medium-file=\"https:\/\/i0.wp.com\/joyana.fr\/wp-content\/uploads\/2016\/08\/PDW16-MARGAUX-KELLER-BIBELO_2.jpg?fit=389%2C389&amp;ssl=1\" data-large-file=\"https:\/\/i0.wp.com\/joyana.fr\/wp-content\/uploads\/2016\/08\/PDW16-MARGAUX-KELLER-BIBELO_2.jpg?fit=1024%2C1024&amp;ssl=1\" class=\"alignnone size-full wp-image-124428\" src=\"https:\/\/i0.wp.com\/joyana.fr\/wp-content\/uploads\/2016\/08\/PDW16-MARGAUX-KELLER-BIBELO_2.jpg?resize=1700%2C1700&#038;ssl=1\" alt=\"pdw16-margaux-keller-bibelo_2\" width=\"1700\" height=\"1700\" srcset=\"https:\/\/i0.wp.com\/joyana.fr\/wp-content\/uploads\/2016\/08\/PDW16-MARGAUX-KELLER-BIBELO_2.jpg?w=1700&amp;ssl=1 1700w, https:\/\/i0.wp.com\/joyana.fr\/wp-content\/uploads\/2016\/08\/PDW16-MARGAUX-KELLER-BIBELO_2.jpg?resize=300%2C300&amp;ssl=1 300w, https:\/\/i0.wp.com\/joyana.fr\/wp-content\/uploads\/2016\/08\/PDW16-MARGAUX-KELLER-BIBELO_2.jpg?resize=100%2C100&amp;ssl=1 100w, https:\/\/i0.wp.com\/joyana.fr\/wp-content\/uploads\/2016\/08\/PDW16-MARGAUX-KELLER-BIBELO_2.jpg?resize=600%2C600&amp;ssl=1 600w\" sizes=\"(max-width: 1000px) 100vw, 1000px\" \/><\/p>\n<p><img data-recalc-dims=\"1\" loading=\"lazy\" decoding=\"async\" data-attachment-id=\"124429\" data-permalink=\"https:\/\/joyana.fr\/ja\/blog-design-paris-design-week-2016\/124328\/pdw16-margaux-keller-bibelo\/\" data-orig-file=\"https:\/\/i0.wp.com\/joyana.fr\/wp-content\/uploads\/2016\/08\/PDW16-MARGAUX-KELLER-BIBELO.jpg?fit=1700%2C1700&amp;ssl=1\" data-orig-size=\"1700,1700\" data-comments-opened=\"1\" data-image-meta=\"{&quot;aperture&quot;:&quot;0&quot;,&quot;credit&quot;:&quot;&quot;,&quot;camera&quot;:&quot;&quot;,&quot;caption&quot;:&quot;&quot;,&quot;created_timestamp&quot;:&quot;0&quot;,&quot;copyright&quot;:&quot;&quot;,&quot;focal_length&quot;:&quot;0&quot;,&quot;iso&quot;:&quot;0&quot;,&quot;shutter_speed&quot;:&quot;0&quot;,&quot;title&quot;:&quot;&quot;,&quot;orientation&quot;:&quot;1&quot;}\" data-image-title=\"pdw16-margaux-keller-bibelo\" data-image-description=\"\" data-image-caption=\"\" data-medium-file=\"https:\/\/i0.wp.com\/joyana.fr\/wp-content\/uploads\/2016\/08\/PDW16-MARGAUX-KELLER-BIBELO.jpg?fit=389%2C389&amp;ssl=1\" data-large-file=\"https:\/\/i0.wp.com\/joyana.fr\/wp-content\/uploads\/2016\/08\/PDW16-MARGAUX-KELLER-BIBELO.jpg?fit=1024%2C1024&amp;ssl=1\" class=\"alignnone size-full wp-image-124429\" src=\"https:\/\/i0.wp.com\/joyana.fr\/wp-content\/uploads\/2016\/08\/PDW16-MARGAUX-KELLER-BIBELO.jpg?resize=1700%2C1700&#038;ssl=1\" alt=\"pdw16-margaux-keller-bibelo\" width=\"1700\" height=\"1700\" srcset=\"https:\/\/i0.wp.com\/joyana.fr\/wp-content\/uploads\/2016\/08\/PDW16-MARGAUX-KELLER-BIBELO.jpg?w=1700&amp;ssl=1 1700w, https:\/\/i0.wp.com\/joyana.fr\/wp-content\/uploads\/2016\/08\/PDW16-MARGAUX-KELLER-BIBELO.jpg?resize=300%2C300&amp;ssl=1 300w, https:\/\/i0.wp.com\/joyana.fr\/wp-content\/uploads\/2016\/08\/PDW16-MARGAUX-KELLER-BIBELO.jpg?resize=100%2C100&amp;ssl=1 100w, https:\/\/i0.wp.com\/joyana.fr\/wp-content\/uploads\/2016\/08\/PDW16-MARGAUX-KELLER-BIBELO.jpg?resize=600%2C600&amp;ssl=1 600w\" sizes=\"(max-width: 1000px) 100vw, 1000px\" \/><\/p>\n<p style=\"text-align: center;\"><a href=\"http:\/\/www.margauxkeller.com\/\">MARGAUX KELLER<\/a> pour <a href=\"https:\/\/bibelo.com\/\">BIBELO<\/a><\/p>\n<p><span style=\"color: #ffffff;\">.<\/span><\/p>\n<p><img data-recalc-dims=\"1\" loading=\"lazy\" decoding=\"async\" data-attachment-id=\"124450\" data-permalink=\"https:\/\/joyana.fr\/ja\/blog-design-paris-design-week-2016\/124328\/pdw16-galerie-s-bensimon-blog-design\/\" data-orig-file=\"https:\/\/i0.wp.com\/joyana.fr\/wp-content\/uploads\/2016\/08\/PDW16-galerie-S-bensimon-blog-design.jpg?fit=1700%2C1700&amp;ssl=1\" data-orig-size=\"1700,1700\" data-comments-opened=\"1\" data-image-meta=\"{&quot;aperture&quot;:&quot;0&quot;,&quot;credit&quot;:&quot;&quot;,&quot;camera&quot;:&quot;&quot;,&quot;caption&quot;:&quot;&quot;,&quot;created_timestamp&quot;:&quot;0&quot;,&quot;copyright&quot;:&quot;&quot;,&quot;focal_length&quot;:&quot;0&quot;,&quot;iso&quot;:&quot;0&quot;,&quot;shutter_speed&quot;:&quot;0&quot;,&quot;title&quot;:&quot;&quot;,&quot;orientation&quot;:&quot;1&quot;}\" data-image-title=\"pdw16-galerie-s-bensimon-blog-design\" data-image-description=\"\" data-image-caption=\"\" data-medium-file=\"https:\/\/i0.wp.com\/joyana.fr\/wp-content\/uploads\/2016\/08\/PDW16-galerie-S-bensimon-blog-design.jpg?fit=389%2C389&amp;ssl=1\" data-large-file=\"https:\/\/i0.wp.com\/joyana.fr\/wp-content\/uploads\/2016\/08\/PDW16-galerie-S-bensimon-blog-design.jpg?fit=1024%2C1024&amp;ssl=1\" class=\"alignnone size-full wp-image-124450\" src=\"https:\/\/i0.wp.com\/joyana.fr\/wp-content\/uploads\/2016\/08\/PDW16-galerie-S-bensimon-blog-design.jpg?resize=1700%2C1700&#038;ssl=1\" alt=\"pdw16-galerie-s-bensimon-blog-design\" width=\"1700\" height=\"1700\" srcset=\"https:\/\/i0.wp.com\/joyana.fr\/wp-content\/uploads\/2016\/08\/PDW16-galerie-S-bensimon-blog-design.jpg?w=1700&amp;ssl=1 1700w, https:\/\/i0.wp.com\/joyana.fr\/wp-content\/uploads\/2016\/08\/PDW16-galerie-S-bensimon-blog-design.jpg?resize=300%2C300&amp;ssl=1 300w, https:\/\/i0.wp.com\/joyana.fr\/wp-content\/uploads\/2016\/08\/PDW16-galerie-S-bensimon-blog-design.jpg?resize=100%2C100&amp;ssl=1 100w, https:\/\/i0.wp.com\/joyana.fr\/wp-content\/uploads\/2016\/08\/PDW16-galerie-S-bensimon-blog-design.jpg?resize=600%2C600&amp;ssl=1 600w\" sizes=\"(max-width: 1000px) 100vw, 1000px\" \/><\/p>\n<p><img data-recalc-dims=\"1\" loading=\"lazy\" decoding=\"async\" data-attachment-id=\"124449\" data-permalink=\"https:\/\/joyana.fr\/ja\/blog-design-paris-design-week-2016\/124328\/pdw16-galerie-s-bensimon-blog-design-2\/\" data-orig-file=\"https:\/\/i0.wp.com\/joyana.fr\/wp-content\/uploads\/2016\/08\/PDW16-galerie-S-bensimon-blog-design-2.jpg?fit=1700%2C1700&amp;ssl=1\" data-orig-size=\"1700,1700\" data-comments-opened=\"1\" data-image-meta=\"{&quot;aperture&quot;:&quot;0&quot;,&quot;credit&quot;:&quot;&quot;,&quot;camera&quot;:&quot;&quot;,&quot;caption&quot;:&quot;&quot;,&quot;created_timestamp&quot;:&quot;0&quot;,&quot;copyright&quot;:&quot;&quot;,&quot;focal_length&quot;:&quot;0&quot;,&quot;iso&quot;:&quot;0&quot;,&quot;shutter_speed&quot;:&quot;0&quot;,&quot;title&quot;:&quot;&quot;,&quot;orientation&quot;:&quot;1&quot;}\" data-image-title=\"pdw16-galerie-s-bensimon-blog-design-2\" data-image-description=\"\" data-image-caption=\"\" data-medium-file=\"https:\/\/i0.wp.com\/joyana.fr\/wp-content\/uploads\/2016\/08\/PDW16-galerie-S-bensimon-blog-design-2.jpg?fit=389%2C389&amp;ssl=1\" data-large-file=\"https:\/\/i0.wp.com\/joyana.fr\/wp-content\/uploads\/2016\/08\/PDW16-galerie-S-bensimon-blog-design-2.jpg?fit=1024%2C1024&amp;ssl=1\" class=\"alignnone size-full wp-image-124449\" src=\"https:\/\/i0.wp.com\/joyana.fr\/wp-content\/uploads\/2016\/08\/PDW16-galerie-S-bensimon-blog-design-2.jpg?resize=1700%2C1700&#038;ssl=1\" alt=\"pdw16-galerie-s-bensimon-blog-design-2\" width=\"1700\" height=\"1700\" srcset=\"https:\/\/i0.wp.com\/joyana.fr\/wp-content\/uploads\/2016\/08\/PDW16-galerie-S-bensimon-blog-design-2.jpg?w=1700&amp;ssl=1 1700w, https:\/\/i0.wp.com\/joyana.fr\/wp-content\/uploads\/2016\/08\/PDW16-galerie-S-bensimon-blog-design-2.jpg?resize=300%2C300&amp;ssl=1 300w, https:\/\/i0.wp.com\/joyana.fr\/wp-content\/uploads\/2016\/08\/PDW16-galerie-S-bensimon-blog-design-2.jpg?resize=100%2C100&amp;ssl=1 100w, https:\/\/i0.wp.com\/joyana.fr\/wp-content\/uploads\/2016\/08\/PDW16-galerie-S-bensimon-blog-design-2.jpg?resize=600%2C600&amp;ssl=1 600w\" sizes=\"(max-width: 1000px) 100vw, 1000px\" \/><\/p>\n<p style=\"text-align: center;\"><a href=\"http:\/\/www.gallerybensimon.com\/fr\">GALLERY S.BENSIMON<\/a><\/p>\n<p style=\"text-align: center;\"><span style=\"color: #ffffff;\">.<\/span><\/p>\n<p><img data-recalc-dims=\"1\" loading=\"lazy\" decoding=\"async\" data-attachment-id=\"124448\" data-permalink=\"https:\/\/joyana.fr\/ja\/blog-design-paris-design-week-2016\/124328\/pdw16-galerie-joseph-blog-design\/\" data-orig-file=\"https:\/\/i0.wp.com\/joyana.fr\/wp-content\/uploads\/2016\/08\/PDW16-galerie-joseph-blog-design.jpg?fit=1700%2C1700&amp;ssl=1\" data-orig-size=\"1700,1700\" data-comments-opened=\"1\" data-image-meta=\"{&quot;aperture&quot;:&quot;0&quot;,&quot;credit&quot;:&quot;&quot;,&quot;camera&quot;:&quot;&quot;,&quot;caption&quot;:&quot;&quot;,&quot;created_timestamp&quot;:&quot;0&quot;,&quot;copyright&quot;:&quot;&quot;,&quot;focal_length&quot;:&quot;0&quot;,&quot;iso&quot;:&quot;0&quot;,&quot;shutter_speed&quot;:&quot;0&quot;,&quot;title&quot;:&quot;&quot;,&quot;orientation&quot;:&quot;1&quot;}\" data-image-title=\"pdw16-galerie-joseph-blog-design\" data-image-description=\"\" data-image-caption=\"\" data-medium-file=\"https:\/\/i0.wp.com\/joyana.fr\/wp-content\/uploads\/2016\/08\/PDW16-galerie-joseph-blog-design.jpg?fit=389%2C389&amp;ssl=1\" data-large-file=\"https:\/\/i0.wp.com\/joyana.fr\/wp-content\/uploads\/2016\/08\/PDW16-galerie-joseph-blog-design.jpg?fit=1024%2C1024&amp;ssl=1\" class=\"alignnone size-full wp-image-124448\" src=\"https:\/\/i0.wp.com\/joyana.fr\/wp-content\/uploads\/2016\/08\/PDW16-galerie-joseph-blog-design.jpg?resize=1700%2C1700&#038;ssl=1\" alt=\"pdw16-galerie-joseph-blog-design\" width=\"1700\" height=\"1700\" srcset=\"https:\/\/i0.wp.com\/joyana.fr\/wp-content\/uploads\/2016\/08\/PDW16-galerie-joseph-blog-design.jpg?w=1700&amp;ssl=1 1700w, https:\/\/i0.wp.com\/joyana.fr\/wp-content\/uploads\/2016\/08\/PDW16-galerie-joseph-blog-design.jpg?resize=300%2C300&amp;ssl=1 300w, https:\/\/i0.wp.com\/joyana.fr\/wp-content\/uploads\/2016\/08\/PDW16-galerie-joseph-blog-design.jpg?resize=100%2C100&amp;ssl=1 100w, https:\/\/i0.wp.com\/joyana.fr\/wp-content\/uploads\/2016\/08\/PDW16-galerie-joseph-blog-design.jpg?resize=600%2C600&amp;ssl=1 600w\" sizes=\"(max-width: 1000px) 100vw, 1000px\" \/><\/p>\n<p><img data-recalc-dims=\"1\" loading=\"lazy\" decoding=\"async\" data-attachment-id=\"124446\" data-permalink=\"https:\/\/joyana.fr\/ja\/blog-design-paris-design-week-2016\/124328\/pdw16-galerie-joseph-blog-design-6\/\" data-orig-file=\"https:\/\/i0.wp.com\/joyana.fr\/wp-content\/uploads\/2016\/08\/PDW16-galerie-joseph-blog-design-6.jpg?fit=1700%2C1700&amp;ssl=1\" data-orig-size=\"1700,1700\" data-comments-opened=\"1\" data-image-meta=\"{&quot;aperture&quot;:&quot;0&quot;,&quot;credit&quot;:&quot;&quot;,&quot;camera&quot;:&quot;&quot;,&quot;caption&quot;:&quot;&quot;,&quot;created_timestamp&quot;:&quot;0&quot;,&quot;copyright&quot;:&quot;&quot;,&quot;focal_length&quot;:&quot;0&quot;,&quot;iso&quot;:&quot;0&quot;,&quot;shutter_speed&quot;:&quot;0&quot;,&quot;title&quot;:&quot;&quot;,&quot;orientation&quot;:&quot;1&quot;}\" data-image-title=\"pdw16-galerie-joseph-blog-design-6\" data-image-description=\"\" data-image-caption=\"\" data-medium-file=\"https:\/\/i0.wp.com\/joyana.fr\/wp-content\/uploads\/2016\/08\/PDW16-galerie-joseph-blog-design-6.jpg?fit=389%2C389&amp;ssl=1\" data-large-file=\"https:\/\/i0.wp.com\/joyana.fr\/wp-content\/uploads\/2016\/08\/PDW16-galerie-joseph-blog-design-6.jpg?fit=1024%2C1024&amp;ssl=1\" class=\"alignnone size-full wp-image-124446\" src=\"https:\/\/i0.wp.com\/joyana.fr\/wp-content\/uploads\/2016\/08\/PDW16-galerie-joseph-blog-design-6.jpg?resize=1700%2C1700&#038;ssl=1\" alt=\"pdw16-galerie-joseph-blog-design-6\" width=\"1700\" height=\"1700\" srcset=\"https:\/\/i0.wp.com\/joyana.fr\/wp-content\/uploads\/2016\/08\/PDW16-galerie-joseph-blog-design-6.jpg?w=1700&amp;ssl=1 1700w, https:\/\/i0.wp.com\/joyana.fr\/wp-content\/uploads\/2016\/08\/PDW16-galerie-joseph-blog-design-6.jpg?resize=389%2C389&amp;ssl=1 389w, https:\/\/i0.wp.com\/joyana.fr\/wp-content\/uploads\/2016\/08\/PDW16-galerie-joseph-blog-design-6.jpg?resize=1024%2C1024&amp;ssl=1 1024w, https:\/\/i0.wp.com\/joyana.fr\/wp-content\/uploads\/2016\/08\/PDW16-galerie-joseph-blog-design-6.jpg?resize=150%2C150&amp;ssl=1 150w, https:\/\/i0.wp.com\/joyana.fr\/wp-content\/uploads\/2016\/08\/PDW16-galerie-joseph-blog-design-6.jpg?resize=768%2C768&amp;ssl=1 768w, https:\/\/i0.wp.com\/joyana.fr\/wp-content\/uploads\/2016\/08\/PDW16-galerie-joseph-blog-design-6.jpg?resize=1536%2C1536&amp;ssl=1 1536w, https:\/\/i0.wp.com\/joyana.fr\/wp-content\/uploads\/2016\/08\/PDW16-galerie-joseph-blog-design-6.jpg?resize=600%2C600&amp;ssl=1 600w, https:\/\/i0.wp.com\/joyana.fr\/wp-content\/uploads\/2016\/08\/PDW16-galerie-joseph-blog-design-6.jpg?resize=450%2C450&amp;ssl=1 450w, https:\/\/i0.wp.com\/joyana.fr\/wp-content\/uploads\/2016\/08\/PDW16-galerie-joseph-blog-design-6.jpg?resize=920%2C920&amp;ssl=1 920w, https:\/\/i0.wp.com\/joyana.fr\/wp-content\/uploads\/2016\/08\/PDW16-galerie-joseph-blog-design-6.jpg?resize=180%2C180&amp;ssl=1 180w, https:\/\/i0.wp.com\/joyana.fr\/wp-content\/uploads\/2016\/08\/PDW16-galerie-joseph-blog-design-6.jpg?resize=300%2C300&amp;ssl=1 300w, https:\/\/i0.wp.com\/joyana.fr\/wp-content\/uploads\/2016\/08\/PDW16-galerie-joseph-blog-design-6.jpg?resize=100%2C100&amp;ssl=1 100w\" sizes=\"(max-width: 1000px) 100vw, 1000px\" \/><\/p>\n<p><img data-recalc-dims=\"1\" loading=\"lazy\" decoding=\"async\" data-attachment-id=\"124445\" data-permalink=\"https:\/\/joyana.fr\/ja\/blog-design-paris-design-week-2016\/124328\/pdw16-galerie-joseph-blog-design-5\/\" data-orig-file=\"https:\/\/i0.wp.com\/joyana.fr\/wp-content\/uploads\/2016\/08\/PDW16-galerie-joseph-blog-design-5.jpg?fit=1700%2C1700&amp;ssl=1\" data-orig-size=\"1700,1700\" data-comments-opened=\"1\" data-image-meta=\"{&quot;aperture&quot;:&quot;0&quot;,&quot;credit&quot;:&quot;&quot;,&quot;camera&quot;:&quot;&quot;,&quot;caption&quot;:&quot;&quot;,&quot;created_timestamp&quot;:&quot;0&quot;,&quot;copyright&quot;:&quot;&quot;,&quot;focal_length&quot;:&quot;0&quot;,&quot;iso&quot;:&quot;0&quot;,&quot;shutter_speed&quot;:&quot;0&quot;,&quot;title&quot;:&quot;&quot;,&quot;orientation&quot;:&quot;1&quot;}\" data-image-title=\"pdw16-galerie-joseph-blog-design-5\" data-image-description=\"\" data-image-caption=\"\" data-medium-file=\"https:\/\/i0.wp.com\/joyana.fr\/wp-content\/uploads\/2016\/08\/PDW16-galerie-joseph-blog-design-5.jpg?fit=389%2C389&amp;ssl=1\" data-large-file=\"https:\/\/i0.wp.com\/joyana.fr\/wp-content\/uploads\/2016\/08\/PDW16-galerie-joseph-blog-design-5.jpg?fit=1024%2C1024&amp;ssl=1\" class=\"alignnone size-full wp-image-124445\" src=\"https:\/\/i0.wp.com\/joyana.fr\/wp-content\/uploads\/2016\/08\/PDW16-galerie-joseph-blog-design-5.jpg?resize=1700%2C1700&#038;ssl=1\" alt=\"pdw16-galerie-joseph-blog-design-5\" width=\"1700\" height=\"1700\" srcset=\"https:\/\/i0.wp.com\/joyana.fr\/wp-content\/uploads\/2016\/08\/PDW16-galerie-joseph-blog-design-5.jpg?w=1700&amp;ssl=1 1700w, https:\/\/i0.wp.com\/joyana.fr\/wp-content\/uploads\/2016\/08\/PDW16-galerie-joseph-blog-design-5.jpg?resize=300%2C300&amp;ssl=1 300w, https:\/\/i0.wp.com\/joyana.fr\/wp-content\/uploads\/2016\/08\/PDW16-galerie-joseph-blog-design-5.jpg?resize=100%2C100&amp;ssl=1 100w, https:\/\/i0.wp.com\/joyana.fr\/wp-content\/uploads\/2016\/08\/PDW16-galerie-joseph-blog-design-5.jpg?resize=600%2C600&amp;ssl=1 600w\" sizes=\"(max-width: 1000px) 100vw, 1000px\" \/><\/p>\n<p><img data-recalc-dims=\"1\" loading=\"lazy\" decoding=\"async\" data-attachment-id=\"124447\" data-permalink=\"https:\/\/joyana.fr\/ja\/blog-design-paris-design-week-2016\/124328\/pdw16-galerie-joseph-blog-design-7\/\" data-orig-file=\"https:\/\/i0.wp.com\/joyana.fr\/wp-content\/uploads\/2016\/08\/PDW16-galerie-joseph-blog-design-7.jpg?fit=1700%2C1700&amp;ssl=1\" data-orig-size=\"1700,1700\" data-comments-opened=\"1\" data-image-meta=\"{&quot;aperture&quot;:&quot;0&quot;,&quot;credit&quot;:&quot;&quot;,&quot;camera&quot;:&quot;&quot;,&quot;caption&quot;:&quot;&quot;,&quot;created_timestamp&quot;:&quot;0&quot;,&quot;copyright&quot;:&quot;&quot;,&quot;focal_length&quot;:&quot;0&quot;,&quot;iso&quot;:&quot;0&quot;,&quot;shutter_speed&quot;:&quot;0&quot;,&quot;title&quot;:&quot;&quot;,&quot;orientation&quot;:&quot;1&quot;}\" data-image-title=\"pdw16-galerie-joseph-blog-design-7\" data-image-description=\"\" data-image-caption=\"\" data-medium-file=\"https:\/\/i0.wp.com\/joyana.fr\/wp-content\/uploads\/2016\/08\/PDW16-galerie-joseph-blog-design-7.jpg?fit=389%2C389&amp;ssl=1\" data-large-file=\"https:\/\/i0.wp.com\/joyana.fr\/wp-content\/uploads\/2016\/08\/PDW16-galerie-joseph-blog-design-7.jpg?fit=1024%2C1024&amp;ssl=1\" class=\"alignnone size-full wp-image-124447\" src=\"https:\/\/i0.wp.com\/joyana.fr\/wp-content\/uploads\/2016\/08\/PDW16-galerie-joseph-blog-design-7.jpg?resize=1700%2C1700&#038;ssl=1\" alt=\"pdw16-galerie-joseph-blog-design-7\" width=\"1700\" height=\"1700\" srcset=\"https:\/\/i0.wp.com\/joyana.fr\/wp-content\/uploads\/2016\/08\/PDW16-galerie-joseph-blog-design-7.jpg?w=1700&amp;ssl=1 1700w, https:\/\/i0.wp.com\/joyana.fr\/wp-content\/uploads\/2016\/08\/PDW16-galerie-joseph-blog-design-7.jpg?resize=300%2C300&amp;ssl=1 300w, https:\/\/i0.wp.com\/joyana.fr\/wp-content\/uploads\/2016\/08\/PDW16-galerie-joseph-blog-design-7.jpg?resize=100%2C100&amp;ssl=1 100w, https:\/\/i0.wp.com\/joyana.fr\/wp-content\/uploads\/2016\/08\/PDW16-galerie-joseph-blog-design-7.jpg?resize=600%2C600&amp;ssl=1 600w\" sizes=\"(max-width: 1000px) 100vw, 1000px\" \/><\/p>\n<p><img data-recalc-dims=\"1\" loading=\"lazy\" decoding=\"async\" data-attachment-id=\"124444\" data-permalink=\"https:\/\/joyana.fr\/ja\/blog-design-paris-design-week-2016\/124328\/pdw16-galerie-joseph-blog-design-4\/\" data-orig-file=\"https:\/\/i0.wp.com\/joyana.fr\/wp-content\/uploads\/2016\/08\/PDW16-galerie-joseph-blog-design-4.jpg?fit=1700%2C1700&amp;ssl=1\" data-orig-size=\"1700,1700\" data-comments-opened=\"1\" data-image-meta=\"{&quot;aperture&quot;:&quot;0&quot;,&quot;credit&quot;:&quot;&quot;,&quot;camera&quot;:&quot;&quot;,&quot;caption&quot;:&quot;&quot;,&quot;created_timestamp&quot;:&quot;0&quot;,&quot;copyright&quot;:&quot;&quot;,&quot;focal_length&quot;:&quot;0&quot;,&quot;iso&quot;:&quot;0&quot;,&quot;shutter_speed&quot;:&quot;0&quot;,&quot;title&quot;:&quot;&quot;,&quot;orientation&quot;:&quot;1&quot;}\" data-image-title=\"pdw16-galerie-joseph-blog-design-4\" data-image-description=\"\" data-image-caption=\"\" data-medium-file=\"https:\/\/i0.wp.com\/joyana.fr\/wp-content\/uploads\/2016\/08\/PDW16-galerie-joseph-blog-design-4.jpg?fit=389%2C389&amp;ssl=1\" data-large-file=\"https:\/\/i0.wp.com\/joyana.fr\/wp-content\/uploads\/2016\/08\/PDW16-galerie-joseph-blog-design-4.jpg?fit=1024%2C1024&amp;ssl=1\" class=\"alignnone size-full wp-image-124444\" src=\"https:\/\/i0.wp.com\/joyana.fr\/wp-content\/uploads\/2016\/08\/PDW16-galerie-joseph-blog-design-4.jpg?resize=1700%2C1700&#038;ssl=1\" alt=\"pdw16-galerie-joseph-blog-design-4\" width=\"1700\" height=\"1700\" srcset=\"https:\/\/i0.wp.com\/joyana.fr\/wp-content\/uploads\/2016\/08\/PDW16-galerie-joseph-blog-design-4.jpg?w=1700&amp;ssl=1 1700w, https:\/\/i0.wp.com\/joyana.fr\/wp-content\/uploads\/2016\/08\/PDW16-galerie-joseph-blog-design-4.jpg?resize=300%2C300&amp;ssl=1 300w, https:\/\/i0.wp.com\/joyana.fr\/wp-content\/uploads\/2016\/08\/PDW16-galerie-joseph-blog-design-4.jpg?resize=100%2C100&amp;ssl=1 100w, https:\/\/i0.wp.com\/joyana.fr\/wp-content\/uploads\/2016\/08\/PDW16-galerie-joseph-blog-design-4.jpg?resize=600%2C600&amp;ssl=1 600w\" sizes=\"(max-width: 1000px) 100vw, 1000px\" \/><\/p>\n<p><img data-recalc-dims=\"1\" loading=\"lazy\" decoding=\"async\" data-attachment-id=\"124442\" data-permalink=\"https:\/\/joyana.fr\/ja\/blog-design-paris-design-week-2016\/124328\/pdw16-galerie-joseph-blog-design-2\/\" data-orig-file=\"https:\/\/i0.wp.com\/joyana.fr\/wp-content\/uploads\/2016\/08\/PDW16-galerie-joseph-blog-design-2.jpg?fit=1700%2C1700&amp;ssl=1\" data-orig-size=\"1700,1700\" data-comments-opened=\"1\" data-image-meta=\"{&quot;aperture&quot;:&quot;0&quot;,&quot;credit&quot;:&quot;&quot;,&quot;camera&quot;:&quot;&quot;,&quot;caption&quot;:&quot;&quot;,&quot;created_timestamp&quot;:&quot;0&quot;,&quot;copyright&quot;:&quot;&quot;,&quot;focal_length&quot;:&quot;0&quot;,&quot;iso&quot;:&quot;0&quot;,&quot;shutter_speed&quot;:&quot;0&quot;,&quot;title&quot;:&quot;&quot;,&quot;orientation&quot;:&quot;1&quot;}\" data-image-title=\"pdw16-galerie-joseph-blog-design-2\" data-image-description=\"\" data-image-caption=\"\" data-medium-file=\"https:\/\/i0.wp.com\/joyana.fr\/wp-content\/uploads\/2016\/08\/PDW16-galerie-joseph-blog-design-2.jpg?fit=389%2C389&amp;ssl=1\" data-large-file=\"https:\/\/i0.wp.com\/joyana.fr\/wp-content\/uploads\/2016\/08\/PDW16-galerie-joseph-blog-design-2.jpg?fit=1024%2C1024&amp;ssl=1\" class=\"alignnone size-full wp-image-124442\" src=\"https:\/\/i0.wp.com\/joyana.fr\/wp-content\/uploads\/2016\/08\/PDW16-galerie-joseph-blog-design-2.jpg?resize=1700%2C1700&#038;ssl=1\" alt=\"pdw16-galerie-joseph-blog-design-2\" width=\"1700\" height=\"1700\" srcset=\"https:\/\/i0.wp.com\/joyana.fr\/wp-content\/uploads\/2016\/08\/PDW16-galerie-joseph-blog-design-2.jpg?w=1700&amp;ssl=1 1700w, https:\/\/i0.wp.com\/joyana.fr\/wp-content\/uploads\/2016\/08\/PDW16-galerie-joseph-blog-design-2.jpg?resize=300%2C300&amp;ssl=1 300w, https:\/\/i0.wp.com\/joyana.fr\/wp-content\/uploads\/2016\/08\/PDW16-galerie-joseph-blog-design-2.jpg?resize=100%2C100&amp;ssl=1 100w, https:\/\/i0.wp.com\/joyana.fr\/wp-content\/uploads\/2016\/08\/PDW16-galerie-joseph-blog-design-2.jpg?resize=600%2C600&amp;ssl=1 600w\" sizes=\"(max-width: 1000px) 100vw, 1000px\" \/><\/p>\n<p><img data-recalc-dims=\"1\" loading=\"lazy\" decoding=\"async\" data-attachment-id=\"124443\" data-permalink=\"https:\/\/joyana.fr\/ja\/blog-design-paris-design-week-2016\/124328\/pdw16-galerie-joseph-blog-design-3\/\" data-orig-file=\"https:\/\/i0.wp.com\/joyana.fr\/wp-content\/uploads\/2016\/08\/PDW16-galerie-joseph-blog-design-3.jpg?fit=1700%2C1700&amp;ssl=1\" data-orig-size=\"1700,1700\" data-comments-opened=\"1\" data-image-meta=\"{&quot;aperture&quot;:&quot;0&quot;,&quot;credit&quot;:&quot;&quot;,&quot;camera&quot;:&quot;&quot;,&quot;caption&quot;:&quot;&quot;,&quot;created_timestamp&quot;:&quot;0&quot;,&quot;copyright&quot;:&quot;&quot;,&quot;focal_length&quot;:&quot;0&quot;,&quot;iso&quot;:&quot;0&quot;,&quot;shutter_speed&quot;:&quot;0&quot;,&quot;title&quot;:&quot;&quot;,&quot;orientation&quot;:&quot;1&quot;}\" data-image-title=\"pdw16-galerie-joseph-blog-design-3\" data-image-description=\"\" data-image-caption=\"\" data-medium-file=\"https:\/\/i0.wp.com\/joyana.fr\/wp-content\/uploads\/2016\/08\/PDW16-galerie-joseph-blog-design-3.jpg?fit=389%2C389&amp;ssl=1\" data-large-file=\"https:\/\/i0.wp.com\/joyana.fr\/wp-content\/uploads\/2016\/08\/PDW16-galerie-joseph-blog-design-3.jpg?fit=1024%2C1024&amp;ssl=1\" class=\"alignnone size-full wp-image-124443\" src=\"https:\/\/i0.wp.com\/joyana.fr\/wp-content\/uploads\/2016\/08\/PDW16-galerie-joseph-blog-design-3.jpg?resize=1700%2C1700&#038;ssl=1\" alt=\"pdw16-galerie-joseph-blog-design-3\" width=\"1700\" height=\"1700\" srcset=\"https:\/\/i0.wp.com\/joyana.fr\/wp-content\/uploads\/2016\/08\/PDW16-galerie-joseph-blog-design-3.jpg?w=1700&amp;ssl=1 1700w, https:\/\/i0.wp.com\/joyana.fr\/wp-content\/uploads\/2016\/08\/PDW16-galerie-joseph-blog-design-3.jpg?resize=300%2C300&amp;ssl=1 300w, https:\/\/i0.wp.com\/joyana.fr\/wp-content\/uploads\/2016\/08\/PDW16-galerie-joseph-blog-design-3.jpg?resize=100%2C100&amp;ssl=1 100w, https:\/\/i0.wp.com\/joyana.fr\/wp-content\/uploads\/2016\/08\/PDW16-galerie-joseph-blog-design-3.jpg?resize=600%2C600&amp;ssl=1 600w\" sizes=\"(max-width: 1000px) 100vw, 1000px\" \/><\/p>\n<p><img data-recalc-dims=\"1\" loading=\"lazy\" decoding=\"async\" data-attachment-id=\"124441\" data-permalink=\"https:\/\/joyana.fr\/ja\/blog-design-paris-design-week-2016\/124328\/pdw16-galerie-joseph-blog-design_8\/\" data-orig-file=\"https:\/\/i0.wp.com\/joyana.fr\/wp-content\/uploads\/2016\/08\/PDW16-galerie-joseph-blog-design_8.jpg?fit=1700%2C1700&amp;ssl=1\" data-orig-size=\"1700,1700\" data-comments-opened=\"1\" data-image-meta=\"{&quot;aperture&quot;:&quot;0&quot;,&quot;credit&quot;:&quot;&quot;,&quot;camera&quot;:&quot;&quot;,&quot;caption&quot;:&quot;&quot;,&quot;created_timestamp&quot;:&quot;0&quot;,&quot;copyright&quot;:&quot;&quot;,&quot;focal_length&quot;:&quot;0&quot;,&quot;iso&quot;:&quot;0&quot;,&quot;shutter_speed&quot;:&quot;0&quot;,&quot;title&quot;:&quot;&quot;,&quot;orientation&quot;:&quot;1&quot;}\" data-image-title=\"pdw16-galerie-joseph-blog-design_8\" data-image-description=\"\" data-image-caption=\"\" data-medium-file=\"https:\/\/i0.wp.com\/joyana.fr\/wp-content\/uploads\/2016\/08\/PDW16-galerie-joseph-blog-design_8.jpg?fit=389%2C389&amp;ssl=1\" data-large-file=\"https:\/\/i0.wp.com\/joyana.fr\/wp-content\/uploads\/2016\/08\/PDW16-galerie-joseph-blog-design_8.jpg?fit=1024%2C1024&amp;ssl=1\" class=\"alignnone size-full wp-image-124441\" src=\"https:\/\/i0.wp.com\/joyana.fr\/wp-content\/uploads\/2016\/08\/PDW16-galerie-joseph-blog-design_8.jpg?resize=1700%2C1700&#038;ssl=1\" alt=\"pdw16-galerie-joseph-blog-design_8\" width=\"1700\" height=\"1700\" srcset=\"https:\/\/i0.wp.com\/joyana.fr\/wp-content\/uploads\/2016\/08\/PDW16-galerie-joseph-blog-design_8.jpg?w=1700&amp;ssl=1 1700w, https:\/\/i0.wp.com\/joyana.fr\/wp-content\/uploads\/2016\/08\/PDW16-galerie-joseph-blog-design_8.jpg?resize=300%2C300&amp;ssl=1 300w, https:\/\/i0.wp.com\/joyana.fr\/wp-content\/uploads\/2016\/08\/PDW16-galerie-joseph-blog-design_8.jpg?resize=100%2C100&amp;ssl=1 100w, https:\/\/i0.wp.com\/joyana.fr\/wp-content\/uploads\/2016\/08\/PDW16-galerie-joseph-blog-design_8.jpg?resize=600%2C600&amp;ssl=1 600w\" sizes=\"(max-width: 1000px) 100vw, 1000px\" \/><\/p>\n<p style=\"text-align: center;\"><a href=\"http:\/\/galeriejoseph.com\">GALERIE(S) JOSEPH<\/a><\/p>\n<p>.<\/p>\n<p><img data-recalc-dims=\"1\" loading=\"lazy\" decoding=\"async\" data-attachment-id=\"124439\" data-permalink=\"https:\/\/joyana.fr\/ja\/blog-design-paris-design-week-2016\/124328\/pdw16-cassina-ora-ito\/\" data-orig-file=\"https:\/\/i0.wp.com\/joyana.fr\/wp-content\/uploads\/2016\/08\/PDW16-cassina-ora-ito.jpg?fit=1700%2C1700&amp;ssl=1\" data-orig-size=\"1700,1700\" data-comments-opened=\"1\" data-image-meta=\"{&quot;aperture&quot;:&quot;0&quot;,&quot;credit&quot;:&quot;&quot;,&quot;camera&quot;:&quot;&quot;,&quot;caption&quot;:&quot;&quot;,&quot;created_timestamp&quot;:&quot;0&quot;,&quot;copyright&quot;:&quot;&quot;,&quot;focal_length&quot;:&quot;0&quot;,&quot;iso&quot;:&quot;0&quot;,&quot;shutter_speed&quot;:&quot;0&quot;,&quot;title&quot;:&quot;&quot;,&quot;orientation&quot;:&quot;1&quot;}\" data-image-title=\"pdw16-cassina-ora-ito\" data-image-description=\"\" data-image-caption=\"\" data-medium-file=\"https:\/\/i0.wp.com\/joyana.fr\/wp-content\/uploads\/2016\/08\/PDW16-cassina-ora-ito.jpg?fit=389%2C389&amp;ssl=1\" data-large-file=\"https:\/\/i0.wp.com\/joyana.fr\/wp-content\/uploads\/2016\/08\/PDW16-cassina-ora-ito.jpg?fit=1024%2C1024&amp;ssl=1\" class=\"alignnone size-full wp-image-124439\" src=\"https:\/\/i0.wp.com\/joyana.fr\/wp-content\/uploads\/2016\/08\/PDW16-cassina-ora-ito.jpg?resize=1700%2C1700&#038;ssl=1\" alt=\"pdw16-cassina-ora-ito\" width=\"1700\" height=\"1700\" srcset=\"https:\/\/i0.wp.com\/joyana.fr\/wp-content\/uploads\/2016\/08\/PDW16-cassina-ora-ito.jpg?w=1700&amp;ssl=1 1700w, https:\/\/i0.wp.com\/joyana.fr\/wp-content\/uploads\/2016\/08\/PDW16-cassina-ora-ito.jpg?resize=300%2C300&amp;ssl=1 300w, https:\/\/i0.wp.com\/joyana.fr\/wp-content\/uploads\/2016\/08\/PDW16-cassina-ora-ito.jpg?resize=100%2C100&amp;ssl=1 100w, https:\/\/i0.wp.com\/joyana.fr\/wp-content\/uploads\/2016\/08\/PDW16-cassina-ora-ito.jpg?resize=600%2C600&amp;ssl=1 600w\" sizes=\"(max-width: 1000px) 100vw, 1000px\" \/><\/p>\n<p style=\"text-align: center;\"><a href=\"https:\/\/www.ora-ito.com\">ORA \u00cfTO<\/a> pour<a href=\"http:\/\/www.cassina.com\/fr\"> CASSINA<\/a><\/p>\n<p><img data-recalc-dims=\"1\" loading=\"lazy\" decoding=\"async\" data-attachment-id=\"124440\" data-permalink=\"https:\/\/joyana.fr\/ja\/blog-design-paris-design-week-2016\/124328\/pdw16-cassina\/\" data-orig-file=\"https:\/\/i0.wp.com\/joyana.fr\/wp-content\/uploads\/2016\/08\/PDW16-cassina.jpg?fit=1700%2C1700&amp;ssl=1\" data-orig-size=\"1700,1700\" data-comments-opened=\"1\" data-image-meta=\"{&quot;aperture&quot;:&quot;0&quot;,&quot;credit&quot;:&quot;&quot;,&quot;camera&quot;:&quot;&quot;,&quot;caption&quot;:&quot;&quot;,&quot;created_timestamp&quot;:&quot;0&quot;,&quot;copyright&quot;:&quot;&quot;,&quot;focal_length&quot;:&quot;0&quot;,&quot;iso&quot;:&quot;0&quot;,&quot;shutter_speed&quot;:&quot;0&quot;,&quot;title&quot;:&quot;&quot;,&quot;orientation&quot;:&quot;1&quot;}\" data-image-title=\"pdw16-cassina\" data-image-description=\"\" data-image-caption=\"\" data-medium-file=\"https:\/\/i0.wp.com\/joyana.fr\/wp-content\/uploads\/2016\/08\/PDW16-cassina.jpg?fit=389%2C389&amp;ssl=1\" data-large-file=\"https:\/\/i0.wp.com\/joyana.fr\/wp-content\/uploads\/2016\/08\/PDW16-cassina.jpg?fit=1024%2C1024&amp;ssl=1\" class=\"alignnone size-full wp-image-124440\" src=\"https:\/\/i0.wp.com\/joyana.fr\/wp-content\/uploads\/2016\/08\/PDW16-cassina.jpg?resize=1700%2C1700&#038;ssl=1\" alt=\"pdw16-cassina\" width=\"1700\" height=\"1700\" srcset=\"https:\/\/i0.wp.com\/joyana.fr\/wp-content\/uploads\/2016\/08\/PDW16-cassina.jpg?w=1700&amp;ssl=1 1700w, https:\/\/i0.wp.com\/joyana.fr\/wp-content\/uploads\/2016\/08\/PDW16-cassina.jpg?resize=300%2C300&amp;ssl=1 300w, https:\/\/i0.wp.com\/joyana.fr\/wp-content\/uploads\/2016\/08\/PDW16-cassina.jpg?resize=100%2C100&amp;ssl=1 100w, https:\/\/i0.wp.com\/joyana.fr\/wp-content\/uploads\/2016\/08\/PDW16-cassina.jpg?resize=600%2C600&amp;ssl=1 600w\" sizes=\"(max-width: 1000px) 100vw, 1000px\" \/><\/p>\n<p style=\"text-align: center;\"><a href=\"http:\/\/www.cassina.com\/fr\">CASSINA<\/a><\/p>\n<p><span style=\"color: #ffffff;\">.<\/span><\/p>\n<p><img data-recalc-dims=\"1\" loading=\"lazy\" decoding=\"async\" data-attachment-id=\"124436\" data-permalink=\"https:\/\/joyana.fr\/ja\/blog-design-paris-design-week-2016\/124328\/pdw16-philippe-nacson-perene\/\" data-orig-file=\"https:\/\/i0.wp.com\/joyana.fr\/wp-content\/uploads\/2016\/08\/PDW16-PHILIPPE-NACSON-PERENE.jpg?fit=1700%2C1700&amp;ssl=1\" data-orig-size=\"1700,1700\" data-comments-opened=\"1\" data-image-meta=\"{&quot;aperture&quot;:&quot;0&quot;,&quot;credit&quot;:&quot;&quot;,&quot;camera&quot;:&quot;&quot;,&quot;caption&quot;:&quot;&quot;,&quot;created_timestamp&quot;:&quot;0&quot;,&quot;copyright&quot;:&quot;&quot;,&quot;focal_length&quot;:&quot;0&quot;,&quot;iso&quot;:&quot;0&quot;,&quot;shutter_speed&quot;:&quot;0&quot;,&quot;title&quot;:&quot;&quot;,&quot;orientation&quot;:&quot;1&quot;}\" data-image-title=\"pdw16-philippe-nacson-perene\" data-image-description=\"\" data-image-caption=\"\" data-medium-file=\"https:\/\/i0.wp.com\/joyana.fr\/wp-content\/uploads\/2016\/08\/PDW16-PHILIPPE-NACSON-PERENE.jpg?fit=389%2C389&amp;ssl=1\" data-large-file=\"https:\/\/i0.wp.com\/joyana.fr\/wp-content\/uploads\/2016\/08\/PDW16-PHILIPPE-NACSON-PERENE.jpg?fit=1024%2C1024&amp;ssl=1\" class=\"alignnone size-full wp-image-124436\" src=\"https:\/\/i0.wp.com\/joyana.fr\/wp-content\/uploads\/2016\/08\/PDW16-PHILIPPE-NACSON-PERENE.jpg?resize=1700%2C1700&#038;ssl=1\" alt=\"pdw16-philippe-nacson-perene\" width=\"1700\" height=\"1700\" srcset=\"https:\/\/i0.wp.com\/joyana.fr\/wp-content\/uploads\/2016\/08\/PDW16-PHILIPPE-NACSON-PERENE.jpg?w=1700&amp;ssl=1 1700w, https:\/\/i0.wp.com\/joyana.fr\/wp-content\/uploads\/2016\/08\/PDW16-PHILIPPE-NACSON-PERENE.jpg?resize=300%2C300&amp;ssl=1 300w, https:\/\/i0.wp.com\/joyana.fr\/wp-content\/uploads\/2016\/08\/PDW16-PHILIPPE-NACSON-PERENE.jpg?resize=100%2C100&amp;ssl=1 100w, https:\/\/i0.wp.com\/joyana.fr\/wp-content\/uploads\/2016\/08\/PDW16-PHILIPPE-NACSON-PERENE.jpg?resize=600%2C600&amp;ssl=1 600w\" sizes=\"(max-width: 1000px) 100vw, 1000px\" \/><\/p>\n<p><img data-recalc-dims=\"1\" loading=\"lazy\" decoding=\"async\" data-attachment-id=\"124433\" data-permalink=\"https:\/\/joyana.fr\/ja\/blog-design-paris-design-week-2016\/124328\/pdw16-philippe-nacson-perene_2\/\" data-orig-file=\"https:\/\/i0.wp.com\/joyana.fr\/wp-content\/uploads\/2016\/08\/PDW16-PHILIPPE-NACSON-PERENE_2.jpg?fit=1700%2C1700&amp;ssl=1\" data-orig-size=\"1700,1700\" data-comments-opened=\"1\" data-image-meta=\"{&quot;aperture&quot;:&quot;0&quot;,&quot;credit&quot;:&quot;&quot;,&quot;camera&quot;:&quot;&quot;,&quot;caption&quot;:&quot;&quot;,&quot;created_timestamp&quot;:&quot;0&quot;,&quot;copyright&quot;:&quot;&quot;,&quot;focal_length&quot;:&quot;0&quot;,&quot;iso&quot;:&quot;0&quot;,&quot;shutter_speed&quot;:&quot;0&quot;,&quot;title&quot;:&quot;&quot;,&quot;orientation&quot;:&quot;1&quot;}\" data-image-title=\"pdw16-philippe-nacson-perene_2\" data-image-description=\"\" data-image-caption=\"\" data-medium-file=\"https:\/\/i0.wp.com\/joyana.fr\/wp-content\/uploads\/2016\/08\/PDW16-PHILIPPE-NACSON-PERENE_2.jpg?fit=389%2C389&amp;ssl=1\" data-large-file=\"https:\/\/i0.wp.com\/joyana.fr\/wp-content\/uploads\/2016\/08\/PDW16-PHILIPPE-NACSON-PERENE_2.jpg?fit=1024%2C1024&amp;ssl=1\" class=\"alignnone size-full wp-image-124433\" src=\"https:\/\/i0.wp.com\/joyana.fr\/wp-content\/uploads\/2016\/08\/PDW16-PHILIPPE-NACSON-PERENE_2.jpg?resize=1700%2C1700&#038;ssl=1\" alt=\"pdw16-philippe-nacson-perene_2\" width=\"1700\" height=\"1700\" srcset=\"https:\/\/i0.wp.com\/joyana.fr\/wp-content\/uploads\/2016\/08\/PDW16-PHILIPPE-NACSON-PERENE_2.jpg?w=1700&amp;ssl=1 1700w, https:\/\/i0.wp.com\/joyana.fr\/wp-content\/uploads\/2016\/08\/PDW16-PHILIPPE-NACSON-PERENE_2.jpg?resize=300%2C300&amp;ssl=1 300w, https:\/\/i0.wp.com\/joyana.fr\/wp-content\/uploads\/2016\/08\/PDW16-PHILIPPE-NACSON-PERENE_2.jpg?resize=100%2C100&amp;ssl=1 100w, https:\/\/i0.wp.com\/joyana.fr\/wp-content\/uploads\/2016\/08\/PDW16-PHILIPPE-NACSON-PERENE_2.jpg?resize=600%2C600&amp;ssl=1 600w\" sizes=\"(max-width: 1000px) 100vw, 1000px\" \/><\/p>\n<p><img data-recalc-dims=\"1\" loading=\"lazy\" decoding=\"async\" data-attachment-id=\"124434\" data-permalink=\"https:\/\/joyana.fr\/ja\/blog-design-paris-design-week-2016\/124328\/pdw16-philippe-nacson-perene_3\/\" data-orig-file=\"https:\/\/i0.wp.com\/joyana.fr\/wp-content\/uploads\/2016\/08\/PDW16-PHILIPPE-NACSON-PERENE_3.jpg?fit=1700%2C1700&amp;ssl=1\" data-orig-size=\"1700,1700\" data-comments-opened=\"1\" data-image-meta=\"{&quot;aperture&quot;:&quot;0&quot;,&quot;credit&quot;:&quot;&quot;,&quot;camera&quot;:&quot;&quot;,&quot;caption&quot;:&quot;&quot;,&quot;created_timestamp&quot;:&quot;0&quot;,&quot;copyright&quot;:&quot;&quot;,&quot;focal_length&quot;:&quot;0&quot;,&quot;iso&quot;:&quot;0&quot;,&quot;shutter_speed&quot;:&quot;0&quot;,&quot;title&quot;:&quot;&quot;,&quot;orientation&quot;:&quot;1&quot;}\" data-image-title=\"pdw16-philippe-nacson-perene_3\" data-image-description=\"\" data-image-caption=\"\" data-medium-file=\"https:\/\/i0.wp.com\/joyana.fr\/wp-content\/uploads\/2016\/08\/PDW16-PHILIPPE-NACSON-PERENE_3.jpg?fit=389%2C389&amp;ssl=1\" data-large-file=\"https:\/\/i0.wp.com\/joyana.fr\/wp-content\/uploads\/2016\/08\/PDW16-PHILIPPE-NACSON-PERENE_3.jpg?fit=1024%2C1024&amp;ssl=1\" class=\"alignnone size-full wp-image-124434\" src=\"https:\/\/i0.wp.com\/joyana.fr\/wp-content\/uploads\/2016\/08\/PDW16-PHILIPPE-NACSON-PERENE_3.jpg?resize=1700%2C1700&#038;ssl=1\" alt=\"pdw16-philippe-nacson-perene_3\" width=\"1700\" height=\"1700\" srcset=\"https:\/\/i0.wp.com\/joyana.fr\/wp-content\/uploads\/2016\/08\/PDW16-PHILIPPE-NACSON-PERENE_3.jpg?w=1700&amp;ssl=1 1700w, https:\/\/i0.wp.com\/joyana.fr\/wp-content\/uploads\/2016\/08\/PDW16-PHILIPPE-NACSON-PERENE_3.jpg?resize=300%2C300&amp;ssl=1 300w, https:\/\/i0.wp.com\/joyana.fr\/wp-content\/uploads\/2016\/08\/PDW16-PHILIPPE-NACSON-PERENE_3.jpg?resize=100%2C100&amp;ssl=1 100w, https:\/\/i0.wp.com\/joyana.fr\/wp-content\/uploads\/2016\/08\/PDW16-PHILIPPE-NACSON-PERENE_3.jpg?resize=600%2C600&amp;ssl=1 600w\" sizes=\"(max-width: 1000px) 100vw, 1000px\" \/><\/p>\n<p><img data-recalc-dims=\"1\" loading=\"lazy\" decoding=\"async\" data-attachment-id=\"124435\" data-permalink=\"https:\/\/joyana.fr\/ja\/blog-design-paris-design-week-2016\/124328\/pdw16-philippe-nacson-perene_5\/\" data-orig-file=\"https:\/\/i0.wp.com\/joyana.fr\/wp-content\/uploads\/2016\/08\/PDW16-PHILIPPE-NACSON-PERENE_5.jpg?fit=1700%2C1700&amp;ssl=1\" data-orig-size=\"1700,1700\" data-comments-opened=\"1\" data-image-meta=\"{&quot;aperture&quot;:&quot;0&quot;,&quot;credit&quot;:&quot;&quot;,&quot;camera&quot;:&quot;&quot;,&quot;caption&quot;:&quot;&quot;,&quot;created_timestamp&quot;:&quot;0&quot;,&quot;copyright&quot;:&quot;&quot;,&quot;focal_length&quot;:&quot;0&quot;,&quot;iso&quot;:&quot;0&quot;,&quot;shutter_speed&quot;:&quot;0&quot;,&quot;title&quot;:&quot;&quot;,&quot;orientation&quot;:&quot;1&quot;}\" data-image-title=\"pdw16-philippe-nacson-perene_5\" data-image-description=\"\" data-image-caption=\"\" data-medium-file=\"https:\/\/i0.wp.com\/joyana.fr\/wp-content\/uploads\/2016\/08\/PDW16-PHILIPPE-NACSON-PERENE_5.jpg?fit=389%2C389&amp;ssl=1\" data-large-file=\"https:\/\/i0.wp.com\/joyana.fr\/wp-content\/uploads\/2016\/08\/PDW16-PHILIPPE-NACSON-PERENE_5.jpg?fit=1024%2C1024&amp;ssl=1\" class=\"alignnone size-full wp-image-124435\" src=\"https:\/\/i0.wp.com\/joyana.fr\/wp-content\/uploads\/2016\/08\/PDW16-PHILIPPE-NACSON-PERENE_5.jpg?resize=1700%2C1700&#038;ssl=1\" alt=\"pdw16-philippe-nacson-perene_5\" width=\"1700\" height=\"1700\" srcset=\"https:\/\/i0.wp.com\/joyana.fr\/wp-content\/uploads\/2016\/08\/PDW16-PHILIPPE-NACSON-PERENE_5.jpg?w=1700&amp;ssl=1 1700w, https:\/\/i0.wp.com\/joyana.fr\/wp-content\/uploads\/2016\/08\/PDW16-PHILIPPE-NACSON-PERENE_5.jpg?resize=300%2C300&amp;ssl=1 300w, https:\/\/i0.wp.com\/joyana.fr\/wp-content\/uploads\/2016\/08\/PDW16-PHILIPPE-NACSON-PERENE_5.jpg?resize=100%2C100&amp;ssl=1 100w, https:\/\/i0.wp.com\/joyana.fr\/wp-content\/uploads\/2016\/08\/PDW16-PHILIPPE-NACSON-PERENE_5.jpg?resize=600%2C600&amp;ssl=1 600w\" sizes=\"(max-width: 1000px) 100vw, 1000px\" \/><\/p>\n<p style=\"text-align: center;\"><a href=\"http:\/\/www.philippenacson.com\">PHILIPPE NACSON<\/a> chez<a href=\"http:\/\/www.perene.fr\"> PERENE<\/a><\/p>\n<p style=\"text-align: center;\"><span style=\"color: #ffffff;\">.<\/span><\/p>\n<h2 style=\"text-align: center;\"><span style=\"color: #ff99cc;\">PARIS DESIGN WEEK 2016 &#8211; LE PROGRAMME<\/span><\/h2>\n<p>&nbsp;<\/p>\n<p><img data-recalc-dims=\"1\" loading=\"lazy\" decoding=\"async\" data-attachment-id=\"124330\" data-permalink=\"https:\/\/joyana.fr\/ja\/blog-design-paris-design-week-2016\/124328\/pdw-2016-teasing-vocabulaire\/\" data-orig-file=\"https:\/\/i0.wp.com\/joyana.fr\/wp-content\/uploads\/2016\/08\/PARIS-DESIGN-WEEK-2016-BLOG-DESIGN_DESIGN.jpg?fit=1500%2C1061&amp;ssl=1\" data-orig-size=\"1500,1061\" data-comments-opened=\"1\" data-image-meta=\"{&quot;aperture&quot;:&quot;0&quot;,&quot;credit&quot;:&quot;&quot;,&quot;camera&quot;:&quot;&quot;,&quot;caption&quot;:&quot;&quot;,&quot;created_timestamp&quot;:&quot;0&quot;,&quot;copyright&quot;:&quot;&quot;,&quot;focal_length&quot;:&quot;0&quot;,&quot;iso&quot;:&quot;0&quot;,&quot;shutter_speed&quot;:&quot;0&quot;,&quot;title&quot;:&quot;PDW-2016-Teasing-Vocabulaire&quot;,&quot;orientation&quot;:&quot;1&quot;}\" data-image-title=\"PDW-2016-Teasing-Vocabulaire\" data-image-description=\"\" data-image-caption=\"\" data-medium-file=\"https:\/\/i0.wp.com\/joyana.fr\/wp-content\/uploads\/2016\/08\/PARIS-DESIGN-WEEK-2016-BLOG-DESIGN_DESIGN.jpg?fit=389%2C275&amp;ssl=1\" data-large-file=\"https:\/\/i0.wp.com\/joyana.fr\/wp-content\/uploads\/2016\/08\/PARIS-DESIGN-WEEK-2016-BLOG-DESIGN_DESIGN.jpg?fit=1024%2C724&amp;ssl=1\" class=\"alignnone size-full wp-image-124330\" src=\"https:\/\/i0.wp.com\/joyana.fr\/wp-content\/uploads\/2016\/08\/PARIS-DESIGN-WEEK-2016-BLOG-DESIGN_DESIGN.jpg?resize=1500%2C1061&#038;ssl=1\" alt=\"PDW-2016-Teasing-Vocabulaire\" width=\"1500\" height=\"1061\" srcset=\"https:\/\/i0.wp.com\/joyana.fr\/wp-content\/uploads\/2016\/08\/PARIS-DESIGN-WEEK-2016-BLOG-DESIGN_DESIGN.jpg?w=1500&amp;ssl=1 1500w, https:\/\/i0.wp.com\/joyana.fr\/wp-content\/uploads\/2016\/08\/PARIS-DESIGN-WEEK-2016-BLOG-DESIGN_DESIGN.jpg?resize=600%2C424&amp;ssl=1 600w\" sizes=\"(max-width: 1000px) 100vw, 1000px\" \/><\/p>\n<p>Pendant huit jours, la <strong><a href=\"https:\/\/joyana.fr\/tag\/paris-design-week\/\" target=\"_blank\">Paris Design Week<\/a><\/strong> transforme Paris en immense jeu de piste sur les sentiers de la cr\u00e9ation. Du 3 au 10 Septembre, je m&#8217;arme de mes meilleurs sneakers pour d\u00e9couvrir les derni\u00e8res cr\u00e9ations de mes designers pr\u00e9f\u00e9r\u00e9s&#8230;<\/p>\n<p><img data-recalc-dims=\"1\" loading=\"lazy\" decoding=\"async\" data-attachment-id=\"124332\" data-permalink=\"https:\/\/joyana.fr\/ja\/blog-design-paris-design-week-2016\/124328\/pdw16-blog-design-logo-now-le-off\/\" data-orig-file=\"https:\/\/i0.wp.com\/joyana.fr\/wp-content\/uploads\/2016\/08\/PDW16-BLOG-DESIGN-LOGO-NOW-LE-OFF.jpg?fit=1772%2C1326&amp;ssl=1\" data-orig-size=\"1772,1326\" data-comments-opened=\"1\" data-image-meta=\"{&quot;aperture&quot;:&quot;0&quot;,&quot;credit&quot;:&quot;&quot;,&quot;camera&quot;:&quot;&quot;,&quot;caption&quot;:&quot;&quot;,&quot;created_timestamp&quot;:&quot;0&quot;,&quot;copyright&quot;:&quot;&quot;,&quot;focal_length&quot;:&quot;0&quot;,&quot;iso&quot;:&quot;0&quot;,&quot;shutter_speed&quot;:&quot;0&quot;,&quot;title&quot;:&quot;&quot;,&quot;orientation&quot;:&quot;1&quot;}\" data-image-title=\"PDW16 BLOG DESIGN LOGO NOW! LE OFF\" data-image-description=\"\" data-image-caption=\"\" data-medium-file=\"https:\/\/i0.wp.com\/joyana.fr\/wp-content\/uploads\/2016\/08\/PDW16-BLOG-DESIGN-LOGO-NOW-LE-OFF.jpg?fit=389%2C291&amp;ssl=1\" data-large-file=\"https:\/\/i0.wp.com\/joyana.fr\/wp-content\/uploads\/2016\/08\/PDW16-BLOG-DESIGN-LOGO-NOW-LE-OFF.jpg?fit=1024%2C766&amp;ssl=1\" class=\"alignnone size-full wp-image-124332\" src=\"https:\/\/i0.wp.com\/joyana.fr\/wp-content\/uploads\/2016\/08\/PDW16-BLOG-DESIGN-LOGO-NOW-LE-OFF.jpg?resize=1772%2C1326&#038;ssl=1\" alt=\"PDW16 BLOG DESIGN LOGO NOW! LE OFF\" width=\"1772\" height=\"1326\" srcset=\"https:\/\/i0.wp.com\/joyana.fr\/wp-content\/uploads\/2016\/08\/PDW16-BLOG-DESIGN-LOGO-NOW-LE-OFF.jpg?w=1772&amp;ssl=1 1772w, https:\/\/i0.wp.com\/joyana.fr\/wp-content\/uploads\/2016\/08\/PDW16-BLOG-DESIGN-LOGO-NOW-LE-OFF.jpg?resize=600%2C449&amp;ssl=1 600w\" sizes=\"(max-width: 1000px) 100vw, 1000px\" \/><\/p>\n<p style=\"text-align: justify;\">First stop, NOW! LE OFF ! Aux Docks &#8211; Cit\u00e9 de la Mode et du Design, seront pr\u00e9sent\u00e9s la centaine de Laur\u00e9ats s\u00e9lectionn\u00e9s pour participer \u00e0 cet \u00e9v\u00e8nement. Pour cette nouvelle g\u00e9n\u00e9ration d\u2019entrepreneurs issus de 20 nationalit\u00e9s, NOW! LE OFF est un v\u00e9ritable tremplin !<\/p>\n<p><img data-recalc-dims=\"1\" loading=\"lazy\" decoding=\"async\" data-attachment-id=\"124335\" data-permalink=\"https:\/\/joyana.fr\/ja\/blog-design-paris-design-week-2016\/124328\/pdw16_serie-officina-magis-a-la-boutique-du-centre-pompidou\/\" data-orig-file=\"https:\/\/i0.wp.com\/joyana.fr\/wp-content\/uploads\/2016\/08\/PDW16_Serie-Officina-MAGIS-%C3%A0-la-boutique-du-centre-Pompidou.jpg?fit=1500%2C996&amp;ssl=1\" data-orig-size=\"1500,996\" data-comments-opened=\"1\" data-image-meta=\"{&quot;aperture&quot;:&quot;10&quot;,&quot;credit&quot;:&quot;&quot;,&quot;camera&quot;:&quot;NIKON D300&quot;,&quot;caption&quot;:&quot;&quot;,&quot;created_timestamp&quot;:&quot;1427366021&quot;,&quot;copyright&quot;:&quot;&quot;,&quot;focal_length&quot;:&quot;50&quot;,&quot;iso&quot;:&quot;320&quot;,&quot;shutter_speed&quot;:&quot;0.1&quot;,&quot;title&quot;:&quot;&quot;,&quot;orientation&quot;:&quot;1&quot;}\" data-image-title=\"PDW16_Serie Officina, MAGIS \u00e0 la boutique du centre Pompidou\" data-image-description=\"\" data-image-caption=\"\" data-medium-file=\"https:\/\/i0.wp.com\/joyana.fr\/wp-content\/uploads\/2016\/08\/PDW16_Serie-Officina-MAGIS-%C3%A0-la-boutique-du-centre-Pompidou.jpg?fit=389%2C258&amp;ssl=1\" data-large-file=\"https:\/\/i0.wp.com\/joyana.fr\/wp-content\/uploads\/2016\/08\/PDW16_Serie-Officina-MAGIS-%C3%A0-la-boutique-du-centre-Pompidou.jpg?fit=1024%2C680&amp;ssl=1\" class=\"alignnone size-full wp-image-124335\" src=\"https:\/\/i0.wp.com\/joyana.fr\/wp-content\/uploads\/2016\/08\/PDW16_Serie-Officina-MAGIS-%C3%A0-la-boutique-du-centre-Pompidou.jpg?resize=1500%2C996&#038;ssl=1\" alt=\"PDW16_Serie Officina, MAGIS \u00e0 la boutique du centre Pompidou\" width=\"1500\" height=\"996\" srcset=\"https:\/\/i0.wp.com\/joyana.fr\/wp-content\/uploads\/2016\/08\/PDW16_Serie-Officina-MAGIS-%C3%A0-la-boutique-du-centre-Pompidou.jpg?w=1500&amp;ssl=1 1500w, https:\/\/i0.wp.com\/joyana.fr\/wp-content\/uploads\/2016\/08\/PDW16_Serie-Officina-MAGIS-%C3%A0-la-boutique-du-centre-Pompidou.jpg?resize=600%2C398&amp;ssl=1 600w\" sizes=\"(max-width: 1000px) 100vw, 1000px\" \/><\/p>\n<p><img data-recalc-dims=\"1\" loading=\"lazy\" decoding=\"async\" data-attachment-id=\"124334\" data-permalink=\"https:\/\/joyana.fr\/ja\/blog-design-paris-design-week-2016\/124328\/pdw16_-element-declairage-sundial-maarten-de-ceulaer-en-collaboration-avec-alton-voor-nilufar-gallery-visitflanders\/\" data-orig-file=\"https:\/\/i0.wp.com\/joyana.fr\/wp-content\/uploads\/2016\/08\/PDW16_-%C3%89l%C3%A9ment-d%C3%A9clairage-Sundial-Maarten-De-Ceulaer-en-collaboration-avec-Alton-Voor-Nilufar-Gallery-Visitflanders.jpg?fit=1500%2C1500&amp;ssl=1\" data-orig-size=\"1500,1500\" data-comments-opened=\"1\" data-image-meta=\"{&quot;aperture&quot;:&quot;8&quot;,&quot;credit&quot;:&quot;Photographer: Julien Renault&quot;,&quot;camera&quot;:&quot;Canon EOS 5D Mark II&quot;,&quot;caption&quot;:&quot;&quot;,&quot;created_timestamp&quot;:&quot;1457613650&quot;,&quot;copyright&quot;:&quot;Copyright: Julien Renault&quot;,&quot;focal_length&quot;:&quot;50&quot;,&quot;iso&quot;:&quot;400&quot;,&quot;shutter_speed&quot;:&quot;0.1&quot;,&quot;title&quot;:&quot;&quot;,&quot;orientation&quot;:&quot;1&quot;}\" data-image-title=\"PDW16_ \u00c9l\u00e9ment d\u00e9clairage Sundial, Maarten De Ceulaer en collaboration avec Alton, Voor Nilufar Gallery, Visitflanders\" data-image-description=\"\" data-image-caption=\"\" data-medium-file=\"https:\/\/i0.wp.com\/joyana.fr\/wp-content\/uploads\/2016\/08\/PDW16_-%C3%89l%C3%A9ment-d%C3%A9clairage-Sundial-Maarten-De-Ceulaer-en-collaboration-avec-Alton-Voor-Nilufar-Gallery-Visitflanders.jpg?fit=389%2C389&amp;ssl=1\" data-large-file=\"https:\/\/i0.wp.com\/joyana.fr\/wp-content\/uploads\/2016\/08\/PDW16_-%C3%89l%C3%A9ment-d%C3%A9clairage-Sundial-Maarten-De-Ceulaer-en-collaboration-avec-Alton-Voor-Nilufar-Gallery-Visitflanders.jpg?fit=1024%2C1024&amp;ssl=1\" class=\"alignnone size-full wp-image-124334\" src=\"https:\/\/i0.wp.com\/joyana.fr\/wp-content\/uploads\/2016\/08\/PDW16_-%C3%89l%C3%A9ment-d%C3%A9clairage-Sundial-Maarten-De-Ceulaer-en-collaboration-avec-Alton-Voor-Nilufar-Gallery-Visitflanders.jpg?resize=1500%2C1500&#038;ssl=1\" alt=\"PDW16_ \u00c9l\u00e9ment d\u00e9clairage Sundial, Maarten De Ceulaer en collaboration avec Alton, Voor Nilufar Gallery, Visitflanders\" width=\"1500\" height=\"1500\" srcset=\"https:\/\/i0.wp.com\/joyana.fr\/wp-content\/uploads\/2016\/08\/PDW16_-%C3%89l%C3%A9ment-d%C3%A9clairage-Sundial-Maarten-De-Ceulaer-en-collaboration-avec-Alton-Voor-Nilufar-Gallery-Visitflanders.jpg?w=1500&amp;ssl=1 1500w, https:\/\/i0.wp.com\/joyana.fr\/wp-content\/uploads\/2016\/08\/PDW16_-%C3%89l%C3%A9ment-d%C3%A9clairage-Sundial-Maarten-De-Ceulaer-en-collaboration-avec-Alton-Voor-Nilufar-Gallery-Visitflanders.jpg?resize=300%2C300&amp;ssl=1 300w, https:\/\/i0.wp.com\/joyana.fr\/wp-content\/uploads\/2016\/08\/PDW16_-%C3%89l%C3%A9ment-d%C3%A9clairage-Sundial-Maarten-De-Ceulaer-en-collaboration-avec-Alton-Voor-Nilufar-Gallery-Visitflanders.jpg?resize=100%2C100&amp;ssl=1 100w, https:\/\/i0.wp.com\/joyana.fr\/wp-content\/uploads\/2016\/08\/PDW16_-%C3%89l%C3%A9ment-d%C3%A9clairage-Sundial-Maarten-De-Ceulaer-en-collaboration-avec-Alton-Voor-Nilufar-Gallery-Visitflanders.jpg?resize=600%2C600&amp;ssl=1 600w\" sizes=\"(max-width: 1000px) 100vw, 1000px\" \/><\/p>\n<p style=\"text-align: justify;\">Pour le reste de la promenade, c&#8217;est du c\u00f4t\u00e9 de Saint-Germain-des-Pr\u00e9s, entre les Halles, le Marais et Bastille, vers l\u2019Op\u00e9ra, la Concorde ou encore l\u2019\u00c9toile, que les nouvelles banni\u00e8res de Paris Design Week balisent une promenade instinctive sur les sentiers de la cr\u00e9ation fran\u00e7aise et internationale \u00e0 Paris&#8230;<\/p>\n<p style=\"text-align: justify;\">Bon je le sais je risque de ne pas avoir mon quota d&#8217;heures de sommeil pendant une semaine&#8230; Les journ\u00e9es de la Paris Design Week sont aussi belles que ses nuits. L\u2019\u00e9v\u00e9nement est rythm\u00e9 par des vernissages et des cocktails, dans cinq secteurs de la ville&#8230; Voulez-vous venir avec moi ? Suivez moi en live avec le #PDW16 sur <a href=\"https:\/\/www.instagram.com\/jo_yana\/\">mon compte instagram<\/a>&#8230;<\/p>\n<p><img data-recalc-dims=\"1\" loading=\"lazy\" decoding=\"async\" data-attachment-id=\"124329\" data-permalink=\"https:\/\/joyana.fr\/ja\/blog-design-paris-design-week-2016\/124328\/paris-design-week-2016-blog-design_3\/\" data-orig-file=\"https:\/\/i0.wp.com\/joyana.fr\/wp-content\/uploads\/2016\/08\/PARIS-DESIGN-WEEK-2016-BLOG-DESIGN_3.jpg?fit=1547%2C1670&amp;ssl=1\" data-orig-size=\"1547,1670\" data-comments-opened=\"1\" data-image-meta=\"{&quot;aperture&quot;:&quot;0&quot;,&quot;credit&quot;:&quot;&quot;,&quot;camera&quot;:&quot;&quot;,&quot;caption&quot;:&quot;&quot;,&quot;created_timestamp&quot;:&quot;0&quot;,&quot;copyright&quot;:&quot;&quot;,&quot;focal_length&quot;:&quot;0&quot;,&quot;iso&quot;:&quot;0&quot;,&quot;shutter_speed&quot;:&quot;0&quot;,&quot;title&quot;:&quot;&quot;,&quot;orientation&quot;:&quot;1&quot;}\" data-image-title=\"PARIS DESIGN WEEK 2016 BLOG DESIGN_3\" data-image-description=\"\" data-image-caption=\"\" data-medium-file=\"https:\/\/i0.wp.com\/joyana.fr\/wp-content\/uploads\/2016\/08\/PARIS-DESIGN-WEEK-2016-BLOG-DESIGN_3.jpg?fit=360%2C389&amp;ssl=1\" data-large-file=\"https:\/\/i0.wp.com\/joyana.fr\/wp-content\/uploads\/2016\/08\/PARIS-DESIGN-WEEK-2016-BLOG-DESIGN_3.jpg?fit=949%2C1024&amp;ssl=1\" class=\"alignnone size-full wp-image-124329\" src=\"https:\/\/i0.wp.com\/joyana.fr\/wp-content\/uploads\/2016\/08\/PARIS-DESIGN-WEEK-2016-BLOG-DESIGN_3.jpg?resize=1547%2C1670&#038;ssl=1\" alt=\"PARIS DESIGN WEEK 2016 BLOG DESIGN_3\" width=\"1547\" height=\"1670\" srcset=\"https:\/\/i0.wp.com\/joyana.fr\/wp-content\/uploads\/2016\/08\/PARIS-DESIGN-WEEK-2016-BLOG-DESIGN_3.jpg?w=1547&amp;ssl=1 1547w, https:\/\/i0.wp.com\/joyana.fr\/wp-content\/uploads\/2016\/08\/PARIS-DESIGN-WEEK-2016-BLOG-DESIGN_3.jpg?resize=600%2C648&amp;ssl=1 600w\" sizes=\"(max-width: 1000px) 100vw, 1000px\" \/><\/p>\n<p><span style=\"color: #ffffff;\">.<\/span><\/p>\n<p style=\"text-align: center;\">En savoir + sur la <strong><a href=\"http:\/\/www.maison-objet.com\/fr\/paris-design-week\">PARIS DESIGN WEEK 2016<\/a><\/strong><\/p>\n","protected":false},"excerpt":{"rendered":"<p>Cette ann\u00e9e j&#8217;ai le privil\u00e8ge d&#8217;\u00eatre ambassadeur de la Paris Design Week 2016, et de vous la faire vivre en live ici et sur les r\u00e9seaux sociaux&#8230;<\/p>\n","protected":false},"author":3,"featured_media":124446,"comment_status":"open","ping_status":"open","sticky":false,"template":"","format":"standard","meta":{"_coblocks_attr":"","_coblocks_dimensions":"","_coblocks_responsive_height":"","_coblocks_accordion_ie_support":"","_uag_custom_page_level_css":"","advgb_blocks_editor_width":"","advgb_blocks_columns_visual_guide":"","_genesis_hide_title":false,"_genesis_hide_breadcrumbs":false,"_genesis_hide_singular_image":false,"_genesis_hide_footer_widgets":false,"_genesis_custom_body_class":"","_genesis_custom_post_class":"","_genesis_layout":"","_themeisle_gutenberg_block_has_review":false,"_jetpack_newsletter_access":"","_jetpack_dont_email_post_to_subs":false,"_jetpack_newsletter_tier_id":0,"_jetpack_memberships_contains_paywalled_content":false,"_jetpack_memberships_contains_paid_content":false,"footnotes":""},"categories":[80,905],"tags":[2328,1380,2287,1389,1740,1498,1205,12,1447,2317,2327,2325],"class_list":{"0":"post-124328","1":"post","2":"type-post","3":"status-publish","4":"format-standard","5":"has-post-thumbnail","7":"category-news","8":"category-deco-design","9":"tag-bibelo","10":"tag-cassina","11":"tag-galerie-joseph","12":"tag-gallery-s-bensimon","13":"tag-margaux-keller","14":"tag-now-le-off","15":"tag-ora-ito-2","16":"tag-paris","17":"tag-paris-design-week","18":"tag-paris-design-week-2016","19":"tag-philippe-nacson","20":"tag-yade","21":"entry"},"featured_image_urls":{"full":["https:\/\/i0.wp.com\/joyana.fr\/wp-content\/uploads\/2016\/08\/PDW16-galerie-joseph-blog-design-6.jpg?fit=1700%2C1700&ssl=1",1700,1700,false],"thumbnail":["https:\/\/i0.wp.com\/joyana.fr\/wp-content\/uploads\/2016\/08\/PDW16-galerie-joseph-blog-design-6.jpg?resize=150%2C150&ssl=1",150,150,true],"medium":["https:\/\/i0.wp.com\/joyana.fr\/wp-content\/uploads\/2016\/08\/PDW16-galerie-joseph-blog-design-6.jpg?fit=389%2C389&ssl=1",389,389,true],"medium_large":["https:\/\/i0.wp.com\/joyana.fr\/wp-content\/uploads\/2016\/08\/PDW16-galerie-joseph-blog-design-6.jpg?fit=768%2C768&ssl=1",768,768,true],"large":["https:\/\/i0.wp.com\/joyana.fr\/wp-content\/uploads\/2016\/08\/PDW16-galerie-joseph-blog-design-6.jpg?fit=1024%2C1024&ssl=1",1024,1024,true],"1536x1536":["https:\/\/i0.wp.com\/joyana.fr\/wp-content\/uploads\/2016\/08\/PDW16-galerie-joseph-blog-design-6.jpg?fit=1536%2C1536&ssl=1",1536,1536,true],"2048x2048":["https:\/\/i0.wp.com\/joyana.fr\/wp-content\/uploads\/2016\/08\/PDW16-galerie-joseph-blog-design-6.jpg?fit=1700%2C1700&ssl=1",1700,1700,true],"featured-thumb":["https:\/\/i0.wp.com\/joyana.fr\/wp-content\/uploads\/2016\/08\/PDW16-galerie-joseph-blog-design-6.jpg?resize=1700%2C750&ssl=1",1700,750,true],"ab-block-post-grid-landscape":["https:\/\/i0.wp.com\/joyana.fr\/wp-content\/uploads\/2016\/08\/PDW16-galerie-joseph-blog-design-6.jpg?resize=600%2C400&ssl=1",600,400,true],"ab-block-post-grid-square":["https:\/\/i0.wp.com\/joyana.fr\/wp-content\/uploads\/2016\/08\/PDW16-galerie-joseph-blog-design-6.jpg?resize=600%2C600&ssl=1",600,600,true],"author-pro-image":["https:\/\/i0.wp.com\/joyana.fr\/wp-content\/uploads\/2016\/08\/PDW16-galerie-joseph-blog-design-6.jpg?resize=360%2C570&ssl=1",360,570,true],"slider":["https:\/\/i0.wp.com\/joyana.fr\/wp-content\/uploads\/2016\/08\/PDW16-galerie-joseph-blog-design-6.jpg?resize=920%2C400&ssl=1",920,400,true],"woocommerce_thumbnail":["https:\/\/i0.wp.com\/joyana.fr\/wp-content\/uploads\/2016\/08\/PDW16-galerie-joseph-blog-design-6.jpg?resize=450%2C450&ssl=1",450,450,true],"woocommerce_single":["https:\/\/i0.wp.com\/joyana.fr\/wp-content\/uploads\/2016\/08\/PDW16-galerie-joseph-blog-design-6.jpg?fit=920%2C920&ssl=1",920,920,true],"woocommerce_gallery_thumbnail":["https:\/\/i0.wp.com\/joyana.fr\/wp-content\/uploads\/2016\/08\/PDW16-galerie-joseph-blog-design-6.jpg?resize=180%2C180&ssl=1",180,180,true],"sow-carousel-default":["https:\/\/i0.wp.com\/joyana.fr\/wp-content\/uploads\/2016\/08\/PDW16-galerie-joseph-blog-design-6.jpg?resize=272%2C182&ssl=1",272,182,true]},"post_excerpt_stackable":"<p>Cette ann\u00e9e j&#8217;ai le privil\u00e8ge d&#8217;\u00eatre ambassadeur de la Paris Design Week 2016, et de vous la faire vivre en live ici et sur les r\u00e9seaux sociaux&#8230;<\/p>\n","category_list":"<a href=\"https:\/\/joyana.fr\/ja\/category\/blog\/news\/\" rel=\"category tag\">A LA UNE<\/a>, <a href=\"https:\/\/joyana.fr\/ja\/category\/deco-design\/\" rel=\"category tag\">DECO-DESIGN<\/a>","author_info":{"display_name":"Jo Yana","author_link":"https:\/\/joyana.fr\/ja\/author\/joyana\/"},"comments_num":"0 comments","featured_image_urls_v2":{"full":["https:\/\/i0.wp.com\/joyana.fr\/wp-content\/uploads\/2016\/08\/PDW16-galerie-joseph-blog-design-6.jpg?fit=1700%2C1700&ssl=1",1700,1700,false],"thumbnail":["https:\/\/i0.wp.com\/joyana.fr\/wp-content\/uploads\/2016\/08\/PDW16-galerie-joseph-blog-design-6.jpg?resize=150%2C150&ssl=1",150,150,true],"medium":["https:\/\/i0.wp.com\/joyana.fr\/wp-content\/uploads\/2016\/08\/PDW16-galerie-joseph-blog-design-6.jpg?fit=389%2C389&ssl=1",389,389,true],"medium_large":["https:\/\/i0.wp.com\/joyana.fr\/wp-content\/uploads\/2016\/08\/PDW16-galerie-joseph-blog-design-6.jpg?fit=768%2C768&ssl=1",768,768,true],"large":["https:\/\/i0.wp.com\/joyana.fr\/wp-content\/uploads\/2016\/08\/PDW16-galerie-joseph-blog-design-6.jpg?fit=1024%2C1024&ssl=1",1024,1024,true],"1536x1536":["https:\/\/i0.wp.com\/joyana.fr\/wp-content\/uploads\/2016\/08\/PDW16-galerie-joseph-blog-design-6.jpg?fit=1536%2C1536&ssl=1",1536,1536,true],"2048x2048":["https:\/\/i0.wp.com\/joyana.fr\/wp-content\/uploads\/2016\/08\/PDW16-galerie-joseph-blog-design-6.jpg?fit=1700%2C1700&ssl=1",1700,1700,true],"featured-thumb":["https:\/\/i0.wp.com\/joyana.fr\/wp-content\/uploads\/2016\/08\/PDW16-galerie-joseph-blog-design-6.jpg?resize=1700%2C750&ssl=1",1700,750,true],"ab-block-post-grid-landscape":["https:\/\/i0.wp.com\/joyana.fr\/wp-content\/uploads\/2016\/08\/PDW16-galerie-joseph-blog-design-6.jpg?resize=600%2C400&ssl=1",600,400,true],"ab-block-post-grid-square":["https:\/\/i0.wp.com\/joyana.fr\/wp-content\/uploads\/2016\/08\/PDW16-galerie-joseph-blog-design-6.jpg?resize=600%2C600&ssl=1",600,600,true],"author-pro-image":["https:\/\/i0.wp.com\/joyana.fr\/wp-content\/uploads\/2016\/08\/PDW16-galerie-joseph-blog-design-6.jpg?resize=360%2C570&ssl=1",360,570,true],"slider":["https:\/\/i0.wp.com\/joyana.fr\/wp-content\/uploads\/2016\/08\/PDW16-galerie-joseph-blog-design-6.jpg?resize=920%2C400&ssl=1",920,400,true],"woocommerce_thumbnail":["https:\/\/i0.wp.com\/joyana.fr\/wp-content\/uploads\/2016\/08\/PDW16-galerie-joseph-blog-design-6.jpg?resize=450%2C450&ssl=1",450,450,true],"woocommerce_single":["https:\/\/i0.wp.com\/joyana.fr\/wp-content\/uploads\/2016\/08\/PDW16-galerie-joseph-blog-design-6.jpg?fit=920%2C920&ssl=1",920,920,true],"woocommerce_gallery_thumbnail":["https:\/\/i0.wp.com\/joyana.fr\/wp-content\/uploads\/2016\/08\/PDW16-galerie-joseph-blog-design-6.jpg?resize=180%2C180&ssl=1",180,180,true],"sow-carousel-default":["https:\/\/i0.wp.com\/joyana.fr\/wp-content\/uploads\/2016\/08\/PDW16-galerie-joseph-blog-design-6.jpg?resize=272%2C182&ssl=1",272,182,true]},"post_excerpt_stackable_v2":"<p>Cette ann\u00e9e j&#8217;ai le privil\u00e8ge d&#8217;\u00eatre ambassadeur de la Paris Design Week 2016, et de vous la faire vivre en live ici et sur les r\u00e9seaux sociaux&#8230;<\/p>\n","category_list_v2":"<a href=\"https:\/\/joyana.fr\/ja\/category\/blog\/news\/\" rel=\"category tag\">A LA UNE<\/a>, <a href=\"https:\/\/joyana.fr\/ja\/category\/deco-design\/\" rel=\"category tag\">DECO-DESIGN<\/a>","author_info_v2":{"name":"Jo Yana","url":"https:\/\/joyana.fr\/ja\/author\/joyana\/"},"comments_num_v2":"0 comments","yoast_head":"<!-- This site is optimized with the Yoast SEO plugin v26.8 - https:\/\/yoast.com\/product\/yoast-seo-wordpress\/ -->\n<title>PARIS DESIGN WEEK 2016 | BLOG DESIGN JO YANA<\/title>\n<meta name=\"description\" content=\"Cette ann\u00e9e j&#039;ai le privil\u00e8ge d&#039;\u00eatre ambassadeur de la Paris Design Week 2016, et de vous la faire vivre en live ici et sur les r\u00e9seaux sociaux...\" \/>\n<meta name=\"robots\" content=\"index, follow, max-snippet:-1, max-image-preview:large, max-video-preview:-1\" \/>\n<link rel=\"canonical\" href=\"https:\/\/joyana.fr\/ja\/blog-design-paris-design-week-2016\/124328\/\" \/>\n<meta property=\"og:locale\" content=\"ja_JP\" \/>\n<meta property=\"og:locale:alternate\" content=\"fr_FR\" \/>\n<meta property=\"og:locale:alternate\" content=\"en_US\" \/>\n<meta property=\"og:type\" content=\"article\" \/>\n<meta property=\"og:title\" content=\"PARIS DESIGN WEEK 2016 | JO YANA\" \/>\n<meta property=\"og:description\" content=\"La rentr\u00e9e est dans quelques jours, cette ann\u00e9e j&#039;ai le privil\u00e8ge d&#039;\u00eatre ambassadeur de la Paris Design Week 2016, et de vous la faire vivre en live ici et sur les r\u00e9seaux sociaux...\" \/>\n<meta property=\"og:url\" content=\"https:\/\/joyana.fr\/ja\/blog-design-paris-design-week-2016\/124328\/\" \/>\n<meta property=\"og:site_name\" content=\"JO YANA\" \/>\n<meta property=\"article:published_time\" content=\"2016-09-10T13:14:59+00:00\" \/>\n<meta property=\"article:modified_time\" content=\"2016-09-21T04:29:26+00:00\" \/>\n<meta property=\"og:image\" content=\"https:\/\/joyana.fr\/wp-content\/uploads\/2016\/08\/BLOG-DESIGN-PARIS-DESIGN-WEEK-2016.jpg\" \/>\n\t<meta property=\"og:image:width\" content=\"1700\" \/>\n\t<meta property=\"og:image:height\" content=\"1136\" \/>\n\t<meta property=\"og:image:type\" content=\"image\/jpeg\" \/>\n<meta name=\"author\" content=\"Jo Yana\" \/>\n<meta name=\"twitter:card\" content=\"summary_large_image\" \/>\n<meta name=\"twitter:creator\" content=\"@Jo_Yana\" \/>\n<meta name=\"twitter:site\" content=\"@Jo_Yana\" \/>\n<meta name=\"twitter:label1\" content=\"\u57f7\u7b46\u8005\" \/>\n\t<meta name=\"twitter:data1\" content=\"Jo Yana\" \/>\n\t<meta name=\"twitter:label2\" content=\"\u63a8\u5b9a\u8aad\u307f\u53d6\u308a\u6642\u9593\" \/>\n\t<meta name=\"twitter:data2\" content=\"2\u5206\" \/>\n<script type=\"application\/ld+json\" class=\"yoast-schema-graph\">{\"@context\":\"https:\/\/schema.org\",\"@graph\":[{\"@type\":\"Article\",\"@id\":\"https:\/\/joyana.fr\/en\/blog-design-paris-design-week-2016\/124328\/#article\",\"isPartOf\":{\"@id\":\"https:\/\/joyana.fr\/en\/blog-design-paris-design-week-2016\/124328\/\"},\"author\":{\"name\":\"Jo Yana\",\"@id\":\"https:\/\/joyana.fr\/#\/schema\/person\/cf2a1ad12a27c12c21801075bf37407c\"},\"headline\":\"PARIS DESIGN WEEK 2016\",\"datePublished\":\"2016-09-10T13:14:59+00:00\",\"dateModified\":\"2016-09-21T04:29:26+00:00\",\"mainEntityOfPage\":{\"@id\":\"https:\/\/joyana.fr\/en\/blog-design-paris-design-week-2016\/124328\/\"},\"wordCount\":338,\"commentCount\":0,\"publisher\":{\"@id\":\"https:\/\/joyana.fr\/#\/schema\/person\/cf2a1ad12a27c12c21801075bf37407c\"},\"image\":{\"@id\":\"https:\/\/joyana.fr\/en\/blog-design-paris-design-week-2016\/124328\/#primaryimage\"},\"thumbnailUrl\":\"https:\/\/i0.wp.com\/joyana.fr\/wp-content\/uploads\/2016\/08\/PDW16-galerie-joseph-blog-design-6.jpg?fit=1700%2C1700&ssl=1\",\"keywords\":[\"Bibelo\",\"Cassina\",\"Galerie Joseph\",\"Gallery S.Bensimon\",\"Margaux KELLER\",\"NOW! le Off\",\"Ora \u00cfto\",\"Paris\",\"Paris Design Week\",\"Paris Design Week 2016\",\"Philippe NACSON\",\"YADE\"],\"articleSection\":[\"A LA UNE\",\"DECO-DESIGN\"],\"inLanguage\":\"ja\",\"potentialAction\":[{\"@type\":\"CommentAction\",\"name\":\"Comment\",\"target\":[\"https:\/\/joyana.fr\/en\/blog-design-paris-design-week-2016\/124328\/#respond\"]}]},{\"@type\":\"WebPage\",\"@id\":\"https:\/\/joyana.fr\/en\/blog-design-paris-design-week-2016\/124328\/\",\"url\":\"https:\/\/joyana.fr\/en\/blog-design-paris-design-week-2016\/124328\/\",\"name\":\"PARIS DESIGN WEEK 2016 | BLOG DESIGN JO YANA\",\"isPartOf\":{\"@id\":\"https:\/\/joyana.fr\/#website\"},\"primaryImageOfPage\":{\"@id\":\"https:\/\/joyana.fr\/en\/blog-design-paris-design-week-2016\/124328\/#primaryimage\"},\"image\":{\"@id\":\"https:\/\/joyana.fr\/en\/blog-design-paris-design-week-2016\/124328\/#primaryimage\"},\"thumbnailUrl\":\"https:\/\/i0.wp.com\/joyana.fr\/wp-content\/uploads\/2016\/08\/PDW16-galerie-joseph-blog-design-6.jpg?fit=1700%2C1700&ssl=1\",\"datePublished\":\"2016-09-10T13:14:59+00:00\",\"dateModified\":\"2016-09-21T04:29:26+00:00\",\"description\":\"Cette ann\u00e9e j'ai le privil\u00e8ge d'\u00eatre ambassadeur de la Paris Design Week 2016, et de vous la faire vivre en live ici et sur les r\u00e9seaux sociaux...\",\"breadcrumb\":{\"@id\":\"https:\/\/joyana.fr\/en\/blog-design-paris-design-week-2016\/124328\/#breadcrumb\"},\"inLanguage\":\"ja\",\"potentialAction\":[{\"@type\":\"ReadAction\",\"target\":[\"https:\/\/joyana.fr\/en\/blog-design-paris-design-week-2016\/124328\/\"]}]},{\"@type\":\"ImageObject\",\"inLanguage\":\"ja\",\"@id\":\"https:\/\/joyana.fr\/en\/blog-design-paris-design-week-2016\/124328\/#primaryimage\",\"url\":\"https:\/\/i0.wp.com\/joyana.fr\/wp-content\/uploads\/2016\/08\/PDW16-galerie-joseph-blog-design-6.jpg?fit=1700%2C1700&ssl=1\",\"contentUrl\":\"https:\/\/i0.wp.com\/joyana.fr\/wp-content\/uploads\/2016\/08\/PDW16-galerie-joseph-blog-design-6.jpg?fit=1700%2C1700&ssl=1\",\"width\":1700,\"height\":1700},{\"@type\":\"BreadcrumbList\",\"@id\":\"https:\/\/joyana.fr\/en\/blog-design-paris-design-week-2016\/124328\/#breadcrumb\",\"itemListElement\":[{\"@type\":\"ListItem\",\"position\":1,\"name\":\"Accueil\",\"item\":\"https:\/\/joyana.fr\/\"},{\"@type\":\"ListItem\",\"position\":2,\"name\":\"PARIS DESIGN WEEK 2016\"}]},{\"@type\":\"WebSite\",\"@id\":\"https:\/\/joyana.fr\/#website\",\"url\":\"https:\/\/joyana.fr\/\",\"name\":\"JO YANA\",\"description\":\"Blog Mode Homme, Lifestyle, D\u00e9co-Design\",\"publisher\":{\"@id\":\"https:\/\/joyana.fr\/#\/schema\/person\/cf2a1ad12a27c12c21801075bf37407c\"},\"potentialAction\":[{\"@type\":\"SearchAction\",\"target\":{\"@type\":\"EntryPoint\",\"urlTemplate\":\"https:\/\/joyana.fr\/?s={search_term_string}\"},\"query-input\":{\"@type\":\"PropertyValueSpecification\",\"valueRequired\":true,\"valueName\":\"search_term_string\"}}],\"inLanguage\":\"ja\"},{\"@type\":[\"Person\",\"Organization\"],\"@id\":\"https:\/\/joyana.fr\/#\/schema\/person\/cf2a1ad12a27c12c21801075bf37407c\",\"name\":\"Jo Yana\",\"image\":{\"@type\":\"ImageObject\",\"inLanguage\":\"ja\",\"@id\":\"https:\/\/joyana.fr\/#\/schema\/person\/image\/\",\"url\":\"https:\/\/i0.wp.com\/joyana.fr\/wp-content\/uploads\/2016\/08\/cropped-joyana-logo-black-360x180.png?fit=343%2C164&ssl=1\",\"contentUrl\":\"https:\/\/i0.wp.com\/joyana.fr\/wp-content\/uploads\/2016\/08\/cropped-joyana-logo-black-360x180.png?fit=343%2C164&ssl=1\",\"width\":343,\"height\":164,\"caption\":\"Jo Yana\"},\"logo\":{\"@id\":\"https:\/\/joyana.fr\/#\/schema\/person\/image\/\"},\"description\":\"Jo Yana est le cr\u00e9ateur et r\u00e9dacteur en chef des sites DECO-DESIGN. Passionn\u00e9 de Design, Mode, Photo, Luxe, Lifestyle, Musique, mais avant tout Blogueur ! Le plaisir de partager l'anime et a comme devise \\\"POUR L'AMOUR DU BEAU\\\". Retrouvez le aussi sur son blog personnel - https:\/\/joyana.fr...\",\"sameAs\":[\"https:\/\/joyana.fr\/\"],\"url\":\"https:\/\/joyana.fr\/ja\/author\/joyana\/\"}]}<\/script>\n<!-- \/ Yoast SEO plugin. -->","yoast_head_json":{"title":"PARIS DESIGN WEEK 2016 | BLOG DESIGN JO YANA","description":"Cette ann\u00e9e j'ai le privil\u00e8ge d'\u00eatre ambassadeur de la Paris Design Week 2016, et de vous la faire vivre en live ici et sur les r\u00e9seaux sociaux...","robots":{"index":"index","follow":"follow","max-snippet":"max-snippet:-1","max-image-preview":"max-image-preview:large","max-video-preview":"max-video-preview:-1"},"canonical":"https:\/\/joyana.fr\/ja\/blog-design-paris-design-week-2016\/124328\/","og_locale":"ja_JP","og_type":"article","og_title":"PARIS DESIGN WEEK 2016 | JO YANA","og_description":"La rentr\u00e9e est dans quelques jours, cette ann\u00e9e j'ai le privil\u00e8ge d'\u00eatre ambassadeur de la Paris Design Week 2016, et de vous la faire vivre en live ici et sur les r\u00e9seaux sociaux...","og_url":"https:\/\/joyana.fr\/ja\/blog-design-paris-design-week-2016\/124328\/","og_site_name":"JO YANA","article_published_time":"2016-09-10T13:14:59+00:00","article_modified_time":"2016-09-21T04:29:26+00:00","og_image":[{"width":1700,"height":1136,"url":"https:\/\/joyana.fr\/wp-content\/uploads\/2016\/08\/BLOG-DESIGN-PARIS-DESIGN-WEEK-2016.jpg","type":"image\/jpeg"}],"author":"Jo Yana","twitter_card":"summary_large_image","twitter_creator":"@Jo_Yana","twitter_site":"@Jo_Yana","twitter_misc":{"\u57f7\u7b46\u8005":"Jo Yana","\u63a8\u5b9a\u8aad\u307f\u53d6\u308a\u6642\u9593":"2\u5206"},"schema":{"@context":"https:\/\/schema.org","@graph":[{"@type":"Article","@id":"https:\/\/joyana.fr\/en\/blog-design-paris-design-week-2016\/124328\/#article","isPartOf":{"@id":"https:\/\/joyana.fr\/en\/blog-design-paris-design-week-2016\/124328\/"},"author":{"name":"Jo Yana","@id":"https:\/\/joyana.fr\/#\/schema\/person\/cf2a1ad12a27c12c21801075bf37407c"},"headline":"PARIS DESIGN WEEK 2016","datePublished":"2016-09-10T13:14:59+00:00","dateModified":"2016-09-21T04:29:26+00:00","mainEntityOfPage":{"@id":"https:\/\/joyana.fr\/en\/blog-design-paris-design-week-2016\/124328\/"},"wordCount":338,"commentCount":0,"publisher":{"@id":"https:\/\/joyana.fr\/#\/schema\/person\/cf2a1ad12a27c12c21801075bf37407c"},"image":{"@id":"https:\/\/joyana.fr\/en\/blog-design-paris-design-week-2016\/124328\/#primaryimage"},"thumbnailUrl":"https:\/\/i0.wp.com\/joyana.fr\/wp-content\/uploads\/2016\/08\/PDW16-galerie-joseph-blog-design-6.jpg?fit=1700%2C1700&ssl=1","keywords":["Bibelo","Cassina","Galerie Joseph","Gallery S.Bensimon","Margaux KELLER","NOW! le Off","Ora \u00cfto","Paris","Paris Design Week","Paris Design Week 2016","Philippe NACSON","YADE"],"articleSection":["A LA UNE","DECO-DESIGN"],"inLanguage":"ja","potentialAction":[{"@type":"CommentAction","name":"Comment","target":["https:\/\/joyana.fr\/en\/blog-design-paris-design-week-2016\/124328\/#respond"]}]},{"@type":"WebPage","@id":"https:\/\/joyana.fr\/en\/blog-design-paris-design-week-2016\/124328\/","url":"https:\/\/joyana.fr\/en\/blog-design-paris-design-week-2016\/124328\/","name":"PARIS DESIGN WEEK 2016 | BLOG DESIGN JO YANA","isPartOf":{"@id":"https:\/\/joyana.fr\/#website"},"primaryImageOfPage":{"@id":"https:\/\/joyana.fr\/en\/blog-design-paris-design-week-2016\/124328\/#primaryimage"},"image":{"@id":"https:\/\/joyana.fr\/en\/blog-design-paris-design-week-2016\/124328\/#primaryimage"},"thumbnailUrl":"https:\/\/i0.wp.com\/joyana.fr\/wp-content\/uploads\/2016\/08\/PDW16-galerie-joseph-blog-design-6.jpg?fit=1700%2C1700&ssl=1","datePublished":"2016-09-10T13:14:59+00:00","dateModified":"2016-09-21T04:29:26+00:00","description":"Cette ann\u00e9e j'ai le privil\u00e8ge d'\u00eatre ambassadeur de la Paris Design Week 2016, et de vous la faire vivre en live ici et sur les r\u00e9seaux sociaux...","breadcrumb":{"@id":"https:\/\/joyana.fr\/en\/blog-design-paris-design-week-2016\/124328\/#breadcrumb"},"inLanguage":"ja","potentialAction":[{"@type":"ReadAction","target":["https:\/\/joyana.fr\/en\/blog-design-paris-design-week-2016\/124328\/"]}]},{"@type":"ImageObject","inLanguage":"ja","@id":"https:\/\/joyana.fr\/en\/blog-design-paris-design-week-2016\/124328\/#primaryimage","url":"https:\/\/i0.wp.com\/joyana.fr\/wp-content\/uploads\/2016\/08\/PDW16-galerie-joseph-blog-design-6.jpg?fit=1700%2C1700&ssl=1","contentUrl":"https:\/\/i0.wp.com\/joyana.fr\/wp-content\/uploads\/2016\/08\/PDW16-galerie-joseph-blog-design-6.jpg?fit=1700%2C1700&ssl=1","width":1700,"height":1700},{"@type":"BreadcrumbList","@id":"https:\/\/joyana.fr\/en\/blog-design-paris-design-week-2016\/124328\/#breadcrumb","itemListElement":[{"@type":"ListItem","position":1,"name":"Accueil","item":"https:\/\/joyana.fr\/"},{"@type":"ListItem","position":2,"name":"PARIS DESIGN WEEK 2016"}]},{"@type":"WebSite","@id":"https:\/\/joyana.fr\/#website","url":"https:\/\/joyana.fr\/","name":"JO YANA","description":"Blog Mode Homme, Lifestyle, D\u00e9co-Design","publisher":{"@id":"https:\/\/joyana.fr\/#\/schema\/person\/cf2a1ad12a27c12c21801075bf37407c"},"potentialAction":[{"@type":"SearchAction","target":{"@type":"EntryPoint","urlTemplate":"https:\/\/joyana.fr\/?s={search_term_string}"},"query-input":{"@type":"PropertyValueSpecification","valueRequired":true,"valueName":"search_term_string"}}],"inLanguage":"ja"},{"@type":["Person","Organization"],"@id":"https:\/\/joyana.fr\/#\/schema\/person\/cf2a1ad12a27c12c21801075bf37407c","name":"Jo Yana","image":{"@type":"ImageObject","inLanguage":"ja","@id":"https:\/\/joyana.fr\/#\/schema\/person\/image\/","url":"https:\/\/i0.wp.com\/joyana.fr\/wp-content\/uploads\/2016\/08\/cropped-joyana-logo-black-360x180.png?fit=343%2C164&ssl=1","contentUrl":"https:\/\/i0.wp.com\/joyana.fr\/wp-content\/uploads\/2016\/08\/cropped-joyana-logo-black-360x180.png?fit=343%2C164&ssl=1","width":343,"height":164,"caption":"Jo Yana"},"logo":{"@id":"https:\/\/joyana.fr\/#\/schema\/person\/image\/"},"description":"Jo Yana est le cr\u00e9ateur et r\u00e9dacteur en chef des sites DECO-DESIGN. Passionn\u00e9 de Design, Mode, Photo, Luxe, Lifestyle, Musique, mais avant tout Blogueur ! Le plaisir de partager l'anime et a comme devise \"POUR L'AMOUR DU BEAU\". Retrouvez le aussi sur son blog personnel - https:\/\/joyana.fr...","sameAs":["https:\/\/joyana.fr\/"],"url":"https:\/\/joyana.fr\/ja\/author\/joyana\/"}]}},"author_meta":{"display_name":"Jo Yana","author_link":"https:\/\/joyana.fr\/ja\/author\/joyana\/"},"featured_img":"https:\/\/i0.wp.com\/joyana.fr\/wp-content\/uploads\/2016\/08\/PDW16-galerie-joseph-blog-design-6.jpg?fit=389%2C389&ssl=1","featured_image_src":"https:\/\/i0.wp.com\/joyana.fr\/wp-content\/uploads\/2016\/08\/PDW16-galerie-joseph-blog-design-6.jpg?resize=600%2C400&ssl=1","featured_image_src_square":"https:\/\/i0.wp.com\/joyana.fr\/wp-content\/uploads\/2016\/08\/PDW16-galerie-joseph-blog-design-6.jpg?resize=600%2C600&ssl=1","jetpack_featured_media_url":"https:\/\/i0.wp.com\/joyana.fr\/wp-content\/uploads\/2016\/08\/PDW16-galerie-joseph-blog-design-6.jpg?fit=1700%2C1700&ssl=1","uagb_featured_image_src":{"full":["https:\/\/i0.wp.com\/joyana.fr\/wp-content\/uploads\/2016\/08\/PDW16-galerie-joseph-blog-design-6.jpg?fit=1700%2C1700&ssl=1",1700,1700,false],"thumbnail":["https:\/\/i0.wp.com\/joyana.fr\/wp-content\/uploads\/2016\/08\/PDW16-galerie-joseph-blog-design-6.jpg?resize=150%2C150&ssl=1",150,150,true],"medium":["https:\/\/i0.wp.com\/joyana.fr\/wp-content\/uploads\/2016\/08\/PDW16-galerie-joseph-blog-design-6.jpg?fit=389%2C389&ssl=1",389,389,true],"medium_large":["https:\/\/i0.wp.com\/joyana.fr\/wp-content\/uploads\/2016\/08\/PDW16-galerie-joseph-blog-design-6.jpg?fit=768%2C768&ssl=1",768,768,true],"large":["https:\/\/i0.wp.com\/joyana.fr\/wp-content\/uploads\/2016\/08\/PDW16-galerie-joseph-blog-design-6.jpg?fit=1024%2C1024&ssl=1",1024,1024,true],"1536x1536":["https:\/\/i0.wp.com\/joyana.fr\/wp-content\/uploads\/2016\/08\/PDW16-galerie-joseph-blog-design-6.jpg?fit=1536%2C1536&ssl=1",1536,1536,true],"2048x2048":["https:\/\/i0.wp.com\/joyana.fr\/wp-content\/uploads\/2016\/08\/PDW16-galerie-joseph-blog-design-6.jpg?fit=1700%2C1700&ssl=1",1700,1700,true],"featured-thumb":["https:\/\/i0.wp.com\/joyana.fr\/wp-content\/uploads\/2016\/08\/PDW16-galerie-joseph-blog-design-6.jpg?resize=1700%2C750&ssl=1",1700,750,true],"ab-block-post-grid-landscape":["https:\/\/i0.wp.com\/joyana.fr\/wp-content\/uploads\/2016\/08\/PDW16-galerie-joseph-blog-design-6.jpg?resize=600%2C400&ssl=1",600,400,true],"ab-block-post-grid-square":["https:\/\/i0.wp.com\/joyana.fr\/wp-content\/uploads\/2016\/08\/PDW16-galerie-joseph-blog-design-6.jpg?resize=600%2C600&ssl=1",600,600,true],"author-pro-image":["https:\/\/i0.wp.com\/joyana.fr\/wp-content\/uploads\/2016\/08\/PDW16-galerie-joseph-blog-design-6.jpg?resize=360%2C570&ssl=1",360,570,true],"slider":["https:\/\/i0.wp.com\/joyana.fr\/wp-content\/uploads\/2016\/08\/PDW16-galerie-joseph-blog-design-6.jpg?resize=920%2C400&ssl=1",920,400,true],"woocommerce_thumbnail":["https:\/\/i0.wp.com\/joyana.fr\/wp-content\/uploads\/2016\/08\/PDW16-galerie-joseph-blog-design-6.jpg?resize=450%2C450&ssl=1",450,450,true],"woocommerce_single":["https:\/\/i0.wp.com\/joyana.fr\/wp-content\/uploads\/2016\/08\/PDW16-galerie-joseph-blog-design-6.jpg?fit=920%2C920&ssl=1",920,920,true],"woocommerce_gallery_thumbnail":["https:\/\/i0.wp.com\/joyana.fr\/wp-content\/uploads\/2016\/08\/PDW16-galerie-joseph-blog-design-6.jpg?resize=180%2C180&ssl=1",180,180,true],"sow-carousel-default":["https:\/\/i0.wp.com\/joyana.fr\/wp-content\/uploads\/2016\/08\/PDW16-galerie-joseph-blog-design-6.jpg?resize=272%2C182&ssl=1",272,182,true]},"uagb_author_info":{"display_name":"Jo Yana","author_link":"https:\/\/joyana.fr\/ja\/author\/joyana\/"},"uagb_comment_info":2,"uagb_excerpt":"Cette ann\u00e9e j'ai le privil\u00e8ge d'\u00eatre ambassadeur de la &hellip;","coauthors":[],"tax_additional":{"categories":{"linked":["<a href=\"https:\/\/joyana.fr\/ja\/category\/blog\/news\/\" class=\"advgb-post-tax-term\">A LA UNE<\/a>","<a href=\"https:\/\/joyana.fr\/ja\/category\/deco-design\/\" class=\"advgb-post-tax-term\">DECO-DESIGN<\/a>"],"unlinked":["<span class=\"advgb-post-tax-term\">A LA UNE<\/span>","<span class=\"advgb-post-tax-term\">DECO-DESIGN<\/span>"]},"tags":{"linked":["<a href=\"https:\/\/joyana.fr\/ja\/category\/deco-design\/\" class=\"advgb-post-tax-term\">Bibelo<\/a>","<a href=\"https:\/\/joyana.fr\/ja\/category\/deco-design\/\" class=\"advgb-post-tax-term\">Cassina<\/a>","<a href=\"https:\/\/joyana.fr\/ja\/category\/deco-design\/\" class=\"advgb-post-tax-term\">Galerie Joseph<\/a>","<a href=\"https:\/\/joyana.fr\/ja\/category\/deco-design\/\" class=\"advgb-post-tax-term\">Gallery S.Bensimon<\/a>","<a href=\"https:\/\/joyana.fr\/ja\/category\/deco-design\/\" class=\"advgb-post-tax-term\">Margaux KELLER<\/a>","<a href=\"https:\/\/joyana.fr\/ja\/category\/deco-design\/\" class=\"advgb-post-tax-term\">NOW! le Off<\/a>","<a href=\"https:\/\/joyana.fr\/ja\/category\/deco-design\/\" class=\"advgb-post-tax-term\">Ora \u00cfto<\/a>","<a href=\"https:\/\/joyana.fr\/ja\/category\/deco-design\/\" class=\"advgb-post-tax-term\">Paris<\/a>","<a href=\"https:\/\/joyana.fr\/ja\/category\/deco-design\/\" class=\"advgb-post-tax-term\">Paris Design Week<\/a>","<a href=\"https:\/\/joyana.fr\/ja\/category\/deco-design\/\" class=\"advgb-post-tax-term\">Paris Design Week 2016<\/a>","<a href=\"https:\/\/joyana.fr\/ja\/category\/deco-design\/\" class=\"advgb-post-tax-term\">Philippe NACSON<\/a>","<a href=\"https:\/\/joyana.fr\/ja\/category\/deco-design\/\" class=\"advgb-post-tax-term\">YADE<\/a>"],"unlinked":["<span class=\"advgb-post-tax-term\">Bibelo<\/span>","<span class=\"advgb-post-tax-term\">Cassina<\/span>","<span class=\"advgb-post-tax-term\">Galerie Joseph<\/span>","<span class=\"advgb-post-tax-term\">Gallery S.Bensimon<\/span>","<span class=\"advgb-post-tax-term\">Margaux KELLER<\/span>","<span class=\"advgb-post-tax-term\">NOW! le Off<\/span>","<span class=\"advgb-post-tax-term\">Ora \u00cfto<\/span>","<span class=\"advgb-post-tax-term\">Paris<\/span>","<span class=\"advgb-post-tax-term\">Paris Design Week<\/span>","<span class=\"advgb-post-tax-term\">Paris Design Week 2016<\/span>","<span class=\"advgb-post-tax-term\">Philippe NACSON<\/span>","<span class=\"advgb-post-tax-term\">YADE<\/span>"]}},"comment_count":0,"relative_dates":{"created":"Posted 10\u5e74 ago","modified":"Updated 10\u5e74 ago"},"absolute_dates":{"created":"Posted on 10 9\u6708 2016","modified":"Updated on 21 9\u6708 2016"},"absolute_dates_time":{"created":"Posted on 10 9\u6708 2016 14:14","modified":"Updated on 21 9\u6708 2016 5:29"},"featured_img_caption":"","series_order":"","jetpack_sharing_enabled":true,"jetpack_shortlink":"https:\/\/wp.me\/p9bteI-wli","jetpack-related-posts":[],"_links":{"self":[{"href":"https:\/\/joyana.fr\/ja\/wp-json\/wp\/v2\/posts\/124328","targetHints":{"allow":["GET"]}}],"collection":[{"href":"https:\/\/joyana.fr\/ja\/wp-json\/wp\/v2\/posts"}],"about":[{"href":"https:\/\/joyana.fr\/ja\/wp-json\/wp\/v2\/types\/post"}],"author":[{"embeddable":true,"href":"https:\/\/joyana.fr\/ja\/wp-json\/wp\/v2\/users\/3"}],"replies":[{"embeddable":true,"href":"https:\/\/joyana.fr\/ja\/wp-json\/wp\/v2\/comments?post=124328"}],"version-history":[{"count":4,"href":"https:\/\/joyana.fr\/ja\/wp-json\/wp\/v2\/posts\/124328\/revisions"}],"predecessor-version":[{"id":124456,"href":"https:\/\/joyana.fr\/ja\/wp-json\/wp\/v2\/posts\/124328\/revisions\/124456"}],"wp:featuredmedia":[{"embeddable":true,"href":"https:\/\/joyana.fr\/ja\/wp-json\/wp\/v2\/media\/124446"}],"wp:attachment":[{"href":"https:\/\/joyana.fr\/ja\/wp-json\/wp\/v2\/media?parent=124328"}],"wp:term":[{"taxonomy":"category","embeddable":true,"href":"https:\/\/joyana.fr\/ja\/wp-json\/wp\/v2\/categories?post=124328"},{"taxonomy":"post_tag","embeddable":true,"href":"https:\/\/joyana.fr\/ja\/wp-json\/wp\/v2\/tags?post=124328"}],"curies":[{"name":"wp","href":"https:\/\/api.w.org\/{rel}","templated":true}]}}