{"id":126741,"date":"2018-07-11T17:27:33","date_gmt":"2018-07-11T16:27:33","guid":{"rendered":"https:\/\/joyana.fr\/?p=126741"},"modified":"2018-07-11T19:24:48","modified_gmt":"2018-07-11T18:24:48","slug":"design-parade-hyeres-toulon-2018","status":"publish","type":"post","link":"https:\/\/joyana.fr\/ja\/design-parade-hyeres-toulon-2018\/126741\/","title":{"rendered":"DESIGN PARADE HY\u00c8RES\/TOULON 2018"},"content":{"rendered":"<h2 style=\"text-align: center;\"><span style=\"color: #ff99cc;\"><strong>\u2013 DESIGN PARADE HYERES\/TOULON 2018 \u2013<\/strong><\/span><\/h2>\n<p style=\"text-align: justify;\">Cette \u00e9dition de la DESIGN PARADE 2018 est la 3\u00e8me \u00e9dition de ce festival international d&#8217;architecture d&#8217;int\u00e9rieur. Du 28 Juin au 1er Juillet 2018, le monde du design et de la d\u00e9coration s&#8217;\u00e9tait donn\u00e9 rendez-vous \u00e0 Hy\u00e8res et Toulon pour d\u00e9couvrir les projets pr\u00e9sent\u00e9s par la jeunesse du design, et les sc\u00e9nographies imagin\u00e9es par de grands noms&#8230; (Attention cet article n&#8217;est pas un reportage o\u00f9 vous verrez toutes les r\u00e9alisations, mais juste celles qui m&#8217;ont s\u00e9duites&#8230;)<!--more--><\/p>\n<p><span style=\"color: #ffffff;\">.<\/span><\/p>\n<h3 style=\"text-align: center;\"><span style=\"color: #ff99cc;\"><strong>\u2013 DESIGN PARADE 2018 | HYERES \u2013<\/strong><\/span><\/h3>\n<p style=\"text-align: justify;\">Rendez-vous \u00e0 la c\u00e9l\u00e8bre VILLA NOAILLES &#8211; r\u00e9alis\u00e9e par Robert Mallet-Stevens \u2013 pour d\u00e9couvrir les projets des candidats de l&#8217;\u00e9dition 2018, et les cartes blanches donn\u00e9es aux laur\u00e9ats de l&#8217;\u00e9dition 2017&#8230;<\/p>\n<p><img data-recalc-dims=\"1\" fetchpriority=\"high\" decoding=\"async\" data-attachment-id=\"126788\" data-permalink=\"https:\/\/joyana.fr\/ja\/design-parade-hyeres-toulon-2018\/126741\/img_5692\/\" data-orig-file=\"https:\/\/i0.wp.com\/joyana.fr\/wp-content\/uploads\/2018\/07\/IMG_5692.jpg?fit=2048%2C2048&amp;ssl=1\" data-orig-size=\"2048,2048\" data-comments-opened=\"1\" data-image-meta=\"{&quot;aperture&quot;:&quot;14&quot;,&quot;credit&quot;:&quot;&quot;,&quot;camera&quot;:&quot;ILCE-7M2&quot;,&quot;caption&quot;:&quot;&quot;,&quot;created_timestamp&quot;:&quot;1531063377&quot;,&quot;copyright&quot;:&quot;&quot;,&quot;focal_length&quot;:&quot;24&quot;,&quot;iso&quot;:&quot;100&quot;,&quot;shutter_speed&quot;:&quot;0.0125&quot;,&quot;title&quot;:&quot;&quot;,&quot;orientation&quot;:&quot;1&quot;}\" data-image-title=\"IMG_5692\" data-image-description=\"\" data-image-caption=\"\" data-medium-file=\"https:\/\/i0.wp.com\/joyana.fr\/wp-content\/uploads\/2018\/07\/IMG_5692.jpg?fit=389%2C389&amp;ssl=1\" data-large-file=\"https:\/\/i0.wp.com\/joyana.fr\/wp-content\/uploads\/2018\/07\/IMG_5692.jpg?fit=1024%2C1024&amp;ssl=1\" class=\"alignnone size-full wp-image-126788\" src=\"https:\/\/i0.wp.com\/joyana.fr\/wp-content\/uploads\/2018\/07\/IMG_5692.jpg?resize=3244%2C3244&#038;ssl=1\" alt=\"DESIGN PARADE HY\u00c8RES\/TOULON 2018\" width=\"3244\" height=\"3244\" srcset=\"https:\/\/i0.wp.com\/joyana.fr\/wp-content\/uploads\/2018\/07\/IMG_5692.jpg?w=2048&amp;ssl=1 2048w, https:\/\/i0.wp.com\/joyana.fr\/wp-content\/uploads\/2018\/07\/IMG_5692.jpg?resize=300%2C300&amp;ssl=1 300w, https:\/\/i0.wp.com\/joyana.fr\/wp-content\/uploads\/2018\/07\/IMG_5692.jpg?resize=100%2C100&amp;ssl=1 100w, https:\/\/i0.wp.com\/joyana.fr\/wp-content\/uploads\/2018\/07\/IMG_5692.jpg?resize=600%2C600&amp;ssl=1 600w\" sizes=\"(max-width: 1000px) 100vw, 1000px\" \/><\/p>\n<p><img data-recalc-dims=\"1\" decoding=\"async\" data-attachment-id=\"126763\" data-permalink=\"https:\/\/joyana.fr\/ja\/design-parade-hyeres-toulon-2018\/126741\/img_6048\/\" data-orig-file=\"https:\/\/i0.wp.com\/joyana.fr\/wp-content\/uploads\/2018\/07\/IMG_6048.jpg?fit=2000%2C2000&amp;ssl=1\" data-orig-size=\"2000,2000\" data-comments-opened=\"1\" data-image-meta=\"{&quot;aperture&quot;:&quot;4&quot;,&quot;credit&quot;:&quot;&quot;,&quot;camera&quot;:&quot;ILCE-7M2&quot;,&quot;caption&quot;:&quot;&quot;,&quot;created_timestamp&quot;:&quot;1531061478&quot;,&quot;copyright&quot;:&quot;&quot;,&quot;focal_length&quot;:&quot;20&quot;,&quot;iso&quot;:&quot;400&quot;,&quot;shutter_speed&quot;:&quot;0.00625&quot;,&quot;title&quot;:&quot;&quot;,&quot;orientation&quot;:&quot;0&quot;}\" data-image-title=\"IMG_6048\" data-image-description=\"\" data-image-caption=\"\" data-medium-file=\"https:\/\/i0.wp.com\/joyana.fr\/wp-content\/uploads\/2018\/07\/IMG_6048.jpg?fit=389%2C389&amp;ssl=1\" data-large-file=\"https:\/\/i0.wp.com\/joyana.fr\/wp-content\/uploads\/2018\/07\/IMG_6048.jpg?fit=1024%2C1024&amp;ssl=1\" class=\"alignnone size-full wp-image-126763\" src=\"https:\/\/i0.wp.com\/joyana.fr\/wp-content\/uploads\/2018\/07\/IMG_6048.jpg?resize=2000%2C2000&#038;ssl=1\" alt=\"DESIGN PARADE HY\u00c8RES 2018\" width=\"2000\" height=\"2000\" srcset=\"https:\/\/i0.wp.com\/joyana.fr\/wp-content\/uploads\/2018\/07\/IMG_6048.jpg?w=2000&amp;ssl=1 2000w, https:\/\/i0.wp.com\/joyana.fr\/wp-content\/uploads\/2018\/07\/IMG_6048.jpg?resize=300%2C300&amp;ssl=1 300w, https:\/\/i0.wp.com\/joyana.fr\/wp-content\/uploads\/2018\/07\/IMG_6048.jpg?resize=100%2C100&amp;ssl=1 100w, https:\/\/i0.wp.com\/joyana.fr\/wp-content\/uploads\/2018\/07\/IMG_6048.jpg?resize=600%2C600&amp;ssl=1 600w\" sizes=\"(max-width: 1000px) 100vw, 1000px\" \/><\/p>\n<p style=\"text-align: justify;\">La boutique de la VILLA NOAILLES a \u00e9t\u00e9 r\u00e9-imagin\u00e9 par Vincent Darr\u00e9 et Matthieu Coss\u00e9 pour l&#8217;occasion ! Fait de cadres de stuc aux formes humaines, de sculptures blanches et de niches de pl\u00e2tres o\u00f9 vient se loger une s\u00e9lection d\u2019objets et quelques fresques peintes en toile de fond&#8230;<\/p>\n<p><img data-recalc-dims=\"1\" decoding=\"async\" data-attachment-id=\"126770\" data-permalink=\"https:\/\/joyana.fr\/ja\/design-parade-hyeres-toulon-2018\/126741\/img_6058\/\" data-orig-file=\"https:\/\/i0.wp.com\/joyana.fr\/wp-content\/uploads\/2018\/07\/IMG_6058.jpg?fit=1124%2C1124&amp;ssl=1\" data-orig-size=\"1124,1124\" data-comments-opened=\"1\" data-image-meta=\"{&quot;aperture&quot;:&quot;0&quot;,&quot;credit&quot;:&quot;&quot;,&quot;camera&quot;:&quot;&quot;,&quot;caption&quot;:&quot;&quot;,&quot;created_timestamp&quot;:&quot;0&quot;,&quot;copyright&quot;:&quot;&quot;,&quot;focal_length&quot;:&quot;0&quot;,&quot;iso&quot;:&quot;0&quot;,&quot;shutter_speed&quot;:&quot;0&quot;,&quot;title&quot;:&quot;&quot;,&quot;orientation&quot;:&quot;1&quot;}\" data-image-title=\"IMG_6058\" data-image-description=\"\" data-image-caption=\"\" data-medium-file=\"https:\/\/i0.wp.com\/joyana.fr\/wp-content\/uploads\/2018\/07\/IMG_6058.jpg?fit=389%2C389&amp;ssl=1\" data-large-file=\"https:\/\/i0.wp.com\/joyana.fr\/wp-content\/uploads\/2018\/07\/IMG_6058.jpg?fit=1024%2C1024&amp;ssl=1\" class=\"alignnone size-full wp-image-126770\" src=\"https:\/\/i0.wp.com\/joyana.fr\/wp-content\/uploads\/2018\/07\/IMG_6058.jpg?resize=1124%2C1124&#038;ssl=1\" alt=\"DESIGN PARADE HY\u00c8RES 2018\" width=\"1124\" height=\"1124\" srcset=\"https:\/\/i0.wp.com\/joyana.fr\/wp-content\/uploads\/2018\/07\/IMG_6058.jpg?w=1124&amp;ssl=1 1124w, https:\/\/i0.wp.com\/joyana.fr\/wp-content\/uploads\/2018\/07\/IMG_6058.jpg?resize=300%2C300&amp;ssl=1 300w, https:\/\/i0.wp.com\/joyana.fr\/wp-content\/uploads\/2018\/07\/IMG_6058.jpg?resize=100%2C100&amp;ssl=1 100w, https:\/\/i0.wp.com\/joyana.fr\/wp-content\/uploads\/2018\/07\/IMG_6058.jpg?resize=600%2C600&amp;ssl=1 600w\" sizes=\"(max-width: 1000px) 100vw, 1000px\" \/><\/p>\n<p style=\"text-align: center;\">GRAND PRIX DESIGN PARADE Hy\u00e8res \u2013 <a href=\"http:\/\/www.saradecampos.com\">Sara de Campos<\/a><\/p>\n<p><img data-recalc-dims=\"1\" loading=\"lazy\" decoding=\"async\" data-attachment-id=\"126768\" data-permalink=\"https:\/\/joyana.fr\/ja\/design-parade-hyeres-toulon-2018\/126741\/img_6056\/\" data-orig-file=\"https:\/\/i0.wp.com\/joyana.fr\/wp-content\/uploads\/2018\/07\/IMG_6056.jpg?fit=1125%2C1125&amp;ssl=1\" data-orig-size=\"1125,1125\" data-comments-opened=\"1\" data-image-meta=\"{&quot;aperture&quot;:&quot;0&quot;,&quot;credit&quot;:&quot;&quot;,&quot;camera&quot;:&quot;&quot;,&quot;caption&quot;:&quot;&quot;,&quot;created_timestamp&quot;:&quot;0&quot;,&quot;copyright&quot;:&quot;&quot;,&quot;focal_length&quot;:&quot;0&quot;,&quot;iso&quot;:&quot;0&quot;,&quot;shutter_speed&quot;:&quot;0&quot;,&quot;title&quot;:&quot;&quot;,&quot;orientation&quot;:&quot;1&quot;}\" data-image-title=\"IMG_6056\" data-image-description=\"\" data-image-caption=\"\" data-medium-file=\"https:\/\/i0.wp.com\/joyana.fr\/wp-content\/uploads\/2018\/07\/IMG_6056.jpg?fit=389%2C389&amp;ssl=1\" data-large-file=\"https:\/\/i0.wp.com\/joyana.fr\/wp-content\/uploads\/2018\/07\/IMG_6056.jpg?fit=1024%2C1024&amp;ssl=1\" class=\"alignnone size-full wp-image-126768\" src=\"https:\/\/i0.wp.com\/joyana.fr\/wp-content\/uploads\/2018\/07\/IMG_6056.jpg?resize=1125%2C1125&#038;ssl=1\" alt=\"\" width=\"1125\" height=\"1125\" srcset=\"https:\/\/i0.wp.com\/joyana.fr\/wp-content\/uploads\/2018\/07\/IMG_6056.jpg?w=1125&amp;ssl=1 1125w, https:\/\/i0.wp.com\/joyana.fr\/wp-content\/uploads\/2018\/07\/IMG_6056.jpg?resize=300%2C300&amp;ssl=1 300w, https:\/\/i0.wp.com\/joyana.fr\/wp-content\/uploads\/2018\/07\/IMG_6056.jpg?resize=100%2C100&amp;ssl=1 100w, https:\/\/i0.wp.com\/joyana.fr\/wp-content\/uploads\/2018\/07\/IMG_6056.jpg?resize=600%2C600&amp;ssl=1 600w\" sizes=\"(max-width: 1000px) 100vw, 1000px\" \/><\/p>\n<p style=\"text-align: center;\">MENTION SP\u00c9CIALE EYES ON TALENTS x FRAME \u2013 <a href=\"http:\/\/www.loicbard.com\">Lo\u00efc BARD<\/a><\/p>\n<p><img data-recalc-dims=\"1\" loading=\"lazy\" decoding=\"async\" data-attachment-id=\"126769\" data-permalink=\"https:\/\/joyana.fr\/ja\/design-parade-hyeres-toulon-2018\/126741\/img_6057\/\" data-orig-file=\"https:\/\/i0.wp.com\/joyana.fr\/wp-content\/uploads\/2018\/07\/IMG_6057.jpg?fit=1125%2C1125&amp;ssl=1\" data-orig-size=\"1125,1125\" data-comments-opened=\"1\" data-image-meta=\"{&quot;aperture&quot;:&quot;0&quot;,&quot;credit&quot;:&quot;&quot;,&quot;camera&quot;:&quot;&quot;,&quot;caption&quot;:&quot;&quot;,&quot;created_timestamp&quot;:&quot;0&quot;,&quot;copyright&quot;:&quot;&quot;,&quot;focal_length&quot;:&quot;0&quot;,&quot;iso&quot;:&quot;0&quot;,&quot;shutter_speed&quot;:&quot;0&quot;,&quot;title&quot;:&quot;&quot;,&quot;orientation&quot;:&quot;1&quot;}\" data-image-title=\"IMG_6057\" data-image-description=\"\" data-image-caption=\"\" data-medium-file=\"https:\/\/i0.wp.com\/joyana.fr\/wp-content\/uploads\/2018\/07\/IMG_6057.jpg?fit=389%2C389&amp;ssl=1\" data-large-file=\"https:\/\/i0.wp.com\/joyana.fr\/wp-content\/uploads\/2018\/07\/IMG_6057.jpg?fit=1024%2C1024&amp;ssl=1\" class=\"alignnone size-full wp-image-126769\" src=\"https:\/\/i0.wp.com\/joyana.fr\/wp-content\/uploads\/2018\/07\/IMG_6057.jpg?resize=1125%2C1125&#038;ssl=1\" alt=\"DESIGN PARADE HY\u00c8RES 2018\" width=\"1125\" height=\"1125\" srcset=\"https:\/\/i0.wp.com\/joyana.fr\/wp-content\/uploads\/2018\/07\/IMG_6057.jpg?w=1125&amp;ssl=1 1125w, https:\/\/i0.wp.com\/joyana.fr\/wp-content\/uploads\/2018\/07\/IMG_6057.jpg?resize=300%2C300&amp;ssl=1 300w, https:\/\/i0.wp.com\/joyana.fr\/wp-content\/uploads\/2018\/07\/IMG_6057.jpg?resize=100%2C100&amp;ssl=1 100w, https:\/\/i0.wp.com\/joyana.fr\/wp-content\/uploads\/2018\/07\/IMG_6057.jpg?resize=600%2C600&amp;ssl=1 600w\" sizes=\"(max-width: 1000px) 100vw, 1000px\" \/><\/p>\n<p style=\"text-align: center;\">PRIX DU PUBLIC DE LA VILLE D\u2019HY\u00c8RES \u2013 Camille Viallet &amp; Th\u00e9o Leclercq<\/p>\n<p><img data-recalc-dims=\"1\" loading=\"lazy\" decoding=\"async\" data-attachment-id=\"126766\" data-permalink=\"https:\/\/joyana.fr\/ja\/design-parade-hyeres-toulon-2018\/126741\/img_6051\/\" data-orig-file=\"https:\/\/i0.wp.com\/joyana.fr\/wp-content\/uploads\/2018\/07\/IMG_6051.jpg?fit=1662%2C1662&amp;ssl=1\" data-orig-size=\"1662,1662\" data-comments-opened=\"1\" data-image-meta=\"{&quot;aperture&quot;:&quot;9&quot;,&quot;credit&quot;:&quot;&quot;,&quot;camera&quot;:&quot;ILCE-7M2&quot;,&quot;caption&quot;:&quot;&quot;,&quot;created_timestamp&quot;:&quot;1531061999&quot;,&quot;copyright&quot;:&quot;&quot;,&quot;focal_length&quot;:&quot;16&quot;,&quot;iso&quot;:&quot;800&quot;,&quot;shutter_speed&quot;:&quot;0.0125&quot;,&quot;title&quot;:&quot;&quot;,&quot;orientation&quot;:&quot;0&quot;}\" data-image-title=\"IMG_6051\" data-image-description=\"\" data-image-caption=\"\" data-medium-file=\"https:\/\/i0.wp.com\/joyana.fr\/wp-content\/uploads\/2018\/07\/IMG_6051.jpg?fit=389%2C389&amp;ssl=1\" data-large-file=\"https:\/\/i0.wp.com\/joyana.fr\/wp-content\/uploads\/2018\/07\/IMG_6051.jpg?fit=1024%2C1024&amp;ssl=1\" class=\"alignnone size-full wp-image-126766\" src=\"https:\/\/i0.wp.com\/joyana.fr\/wp-content\/uploads\/2018\/07\/IMG_6051.jpg?resize=1662%2C1662&#038;ssl=1\" alt=\"DESIGN PARADE HY\u00c8RES 2018\" width=\"1662\" height=\"1662\" srcset=\"https:\/\/i0.wp.com\/joyana.fr\/wp-content\/uploads\/2018\/07\/IMG_6051.jpg?w=1662&amp;ssl=1 1662w, https:\/\/i0.wp.com\/joyana.fr\/wp-content\/uploads\/2018\/07\/IMG_6051.jpg?resize=300%2C300&amp;ssl=1 300w, https:\/\/i0.wp.com\/joyana.fr\/wp-content\/uploads\/2018\/07\/IMG_6051.jpg?resize=100%2C100&amp;ssl=1 100w, https:\/\/i0.wp.com\/joyana.fr\/wp-content\/uploads\/2018\/07\/IMG_6051.jpg?resize=600%2C600&amp;ssl=1 600w\" sizes=\"(max-width: 1000px) 100vw, 1000px\" \/><\/p>\n<p><img data-recalc-dims=\"1\" loading=\"lazy\" decoding=\"async\" data-attachment-id=\"126765\" data-permalink=\"https:\/\/joyana.fr\/ja\/design-parade-hyeres-toulon-2018\/126741\/img_6050\/\" data-orig-file=\"https:\/\/i0.wp.com\/joyana.fr\/wp-content\/uploads\/2018\/07\/IMG_6050.jpg?fit=1926%2C1926&amp;ssl=1\" data-orig-size=\"1926,1926\" data-comments-opened=\"1\" data-image-meta=\"{&quot;aperture&quot;:&quot;4&quot;,&quot;credit&quot;:&quot;&quot;,&quot;camera&quot;:&quot;ILCE-7M2&quot;,&quot;caption&quot;:&quot;&quot;,&quot;created_timestamp&quot;:&quot;1531061857&quot;,&quot;copyright&quot;:&quot;&quot;,&quot;focal_length&quot;:&quot;21&quot;,&quot;iso&quot;:&quot;800&quot;,&quot;shutter_speed&quot;:&quot;0.008&quot;,&quot;title&quot;:&quot;&quot;,&quot;orientation&quot;:&quot;1&quot;}\" data-image-title=\"IMG_6050\" data-image-description=\"\" data-image-caption=\"\" data-medium-file=\"https:\/\/i0.wp.com\/joyana.fr\/wp-content\/uploads\/2018\/07\/IMG_6050.jpg?fit=389%2C389&amp;ssl=1\" data-large-file=\"https:\/\/i0.wp.com\/joyana.fr\/wp-content\/uploads\/2018\/07\/IMG_6050.jpg?fit=1024%2C1024&amp;ssl=1\" class=\"alignnone size-full wp-image-126765\" src=\"https:\/\/i0.wp.com\/joyana.fr\/wp-content\/uploads\/2018\/07\/IMG_6050.jpg?resize=1926%2C1926&#038;ssl=1\" alt=\"DESIGN PARADE HY\u00c8RES 2018\" width=\"1926\" height=\"1926\" srcset=\"https:\/\/i0.wp.com\/joyana.fr\/wp-content\/uploads\/2018\/07\/IMG_6050.jpg?w=1926&amp;ssl=1 1926w, https:\/\/i0.wp.com\/joyana.fr\/wp-content\/uploads\/2018\/07\/IMG_6050.jpg?resize=300%2C300&amp;ssl=1 300w, https:\/\/i0.wp.com\/joyana.fr\/wp-content\/uploads\/2018\/07\/IMG_6050.jpg?resize=100%2C100&amp;ssl=1 100w, https:\/\/i0.wp.com\/joyana.fr\/wp-content\/uploads\/2018\/07\/IMG_6050.jpg?resize=600%2C600&amp;ssl=1 600w\" sizes=\"(max-width: 1000px) 100vw, 1000px\" \/><\/p>\n<p><img data-recalc-dims=\"1\" loading=\"lazy\" decoding=\"async\" data-attachment-id=\"126764\" data-permalink=\"https:\/\/joyana.fr\/ja\/design-parade-hyeres-toulon-2018\/126741\/img_6049\/\" data-orig-file=\"https:\/\/i0.wp.com\/joyana.fr\/wp-content\/uploads\/2018\/07\/IMG_6049.jpg?fit=1280%2C1280&amp;ssl=1\" data-orig-size=\"1280,1280\" data-comments-opened=\"1\" data-image-meta=\"{&quot;aperture&quot;:&quot;4&quot;,&quot;credit&quot;:&quot;&quot;,&quot;camera&quot;:&quot;ILCE-7M2&quot;,&quot;caption&quot;:&quot;&quot;,&quot;created_timestamp&quot;:&quot;1531061892&quot;,&quot;copyright&quot;:&quot;&quot;,&quot;focal_length&quot;:&quot;16&quot;,&quot;iso&quot;:&quot;800&quot;,&quot;shutter_speed&quot;:&quot;0.008&quot;,&quot;title&quot;:&quot;&quot;,&quot;orientation&quot;:&quot;0&quot;}\" data-image-title=\"IMG_6049\" data-image-description=\"\" data-image-caption=\"\" data-medium-file=\"https:\/\/i0.wp.com\/joyana.fr\/wp-content\/uploads\/2018\/07\/IMG_6049.jpg?fit=389%2C389&amp;ssl=1\" data-large-file=\"https:\/\/i0.wp.com\/joyana.fr\/wp-content\/uploads\/2018\/07\/IMG_6049.jpg?fit=1024%2C1024&amp;ssl=1\" class=\"alignnone size-full wp-image-126764\" src=\"https:\/\/i0.wp.com\/joyana.fr\/wp-content\/uploads\/2018\/07\/IMG_6049.jpg?resize=1280%2C1280&#038;ssl=1\" alt=\"DESIGN PARADE HY\u00c8RES 2018\" width=\"1280\" height=\"1280\" srcset=\"https:\/\/i0.wp.com\/joyana.fr\/wp-content\/uploads\/2018\/07\/IMG_6049.jpg?w=1280&amp;ssl=1 1280w, https:\/\/i0.wp.com\/joyana.fr\/wp-content\/uploads\/2018\/07\/IMG_6049.jpg?resize=300%2C300&amp;ssl=1 300w, https:\/\/i0.wp.com\/joyana.fr\/wp-content\/uploads\/2018\/07\/IMG_6049.jpg?resize=100%2C100&amp;ssl=1 100w, https:\/\/i0.wp.com\/joyana.fr\/wp-content\/uploads\/2018\/07\/IMG_6049.jpg?resize=600%2C600&amp;ssl=1 600w\" sizes=\"(max-width: 1000px) 100vw, 1000px\" \/><\/p>\n<p style=\"text-align: center;\">USTENSILES D&#8217;APPARAT \u2013 <a href=\"http:\/\/www.arthurhoffner.fr\">Arthur HOFFNER<\/a> (laur\u00e9ats 2017)<\/p>\n<p style=\"text-align: center;\">Mon coup de coeur \u00e0 Hy\u00e8res !<\/p>\n<p><img data-recalc-dims=\"1\" loading=\"lazy\" decoding=\"async\" data-attachment-id=\"126753\" data-permalink=\"https:\/\/joyana.fr\/ja\/design-parade-hyeres-toulon-2018\/126741\/img_6030\/\" data-orig-file=\"https:\/\/i0.wp.com\/joyana.fr\/wp-content\/uploads\/2018\/07\/IMG_6030.jpg?fit=2000%2C2000&amp;ssl=1\" data-orig-size=\"2000,2000\" data-comments-opened=\"1\" data-image-meta=\"{&quot;aperture&quot;:&quot;5.6&quot;,&quot;credit&quot;:&quot;&quot;,&quot;camera&quot;:&quot;ILCE-7M2&quot;,&quot;caption&quot;:&quot;&quot;,&quot;created_timestamp&quot;:&quot;1531062323&quot;,&quot;copyright&quot;:&quot;&quot;,&quot;focal_length&quot;:&quot;16&quot;,&quot;iso&quot;:&quot;320&quot;,&quot;shutter_speed&quot;:&quot;0.0125&quot;,&quot;title&quot;:&quot;&quot;,&quot;orientation&quot;:&quot;0&quot;}\" data-image-title=\"IMG_6030\" data-image-description=\"\" data-image-caption=\"\" data-medium-file=\"https:\/\/i0.wp.com\/joyana.fr\/wp-content\/uploads\/2018\/07\/IMG_6030.jpg?fit=389%2C389&amp;ssl=1\" data-large-file=\"https:\/\/i0.wp.com\/joyana.fr\/wp-content\/uploads\/2018\/07\/IMG_6030.jpg?fit=1024%2C1024&amp;ssl=1\" class=\"alignnone size-full wp-image-126753\" src=\"https:\/\/i0.wp.com\/joyana.fr\/wp-content\/uploads\/2018\/07\/IMG_6030.jpg?resize=2000%2C2000&#038;ssl=1\" alt=\"DESIGN PARADE HY\u00c8RES 2018\" width=\"2000\" height=\"2000\" srcset=\"https:\/\/i0.wp.com\/joyana.fr\/wp-content\/uploads\/2018\/07\/IMG_6030.jpg?w=2000&amp;ssl=1 2000w, https:\/\/i0.wp.com\/joyana.fr\/wp-content\/uploads\/2018\/07\/IMG_6030.jpg?resize=300%2C300&amp;ssl=1 300w, https:\/\/i0.wp.com\/joyana.fr\/wp-content\/uploads\/2018\/07\/IMG_6030.jpg?resize=100%2C100&amp;ssl=1 100w, https:\/\/i0.wp.com\/joyana.fr\/wp-content\/uploads\/2018\/07\/IMG_6030.jpg?resize=600%2C600&amp;ssl=1 600w\" sizes=\"(max-width: 1000px) 100vw, 1000px\" \/><\/p>\n<p><img data-recalc-dims=\"1\" loading=\"lazy\" decoding=\"async\" data-attachment-id=\"126752\" data-permalink=\"https:\/\/joyana.fr\/ja\/design-parade-hyeres-toulon-2018\/126741\/img_6029\/\" data-orig-file=\"https:\/\/i0.wp.com\/joyana.fr\/wp-content\/uploads\/2018\/07\/IMG_6029.jpg?fit=1668%2C1668&amp;ssl=1\" data-orig-size=\"1668,1668\" data-comments-opened=\"1\" data-image-meta=\"{&quot;aperture&quot;:&quot;5.6&quot;,&quot;credit&quot;:&quot;&quot;,&quot;camera&quot;:&quot;ILCE-7M2&quot;,&quot;caption&quot;:&quot;&quot;,&quot;created_timestamp&quot;:&quot;1531062344&quot;,&quot;copyright&quot;:&quot;&quot;,&quot;focal_length&quot;:&quot;35&quot;,&quot;iso&quot;:&quot;320&quot;,&quot;shutter_speed&quot;:&quot;0.0125&quot;,&quot;title&quot;:&quot;&quot;,&quot;orientation&quot;:&quot;0&quot;}\" data-image-title=\"IMG_6029\" data-image-description=\"\" data-image-caption=\"\" data-medium-file=\"https:\/\/i0.wp.com\/joyana.fr\/wp-content\/uploads\/2018\/07\/IMG_6029.jpg?fit=389%2C389&amp;ssl=1\" data-large-file=\"https:\/\/i0.wp.com\/joyana.fr\/wp-content\/uploads\/2018\/07\/IMG_6029.jpg?fit=1024%2C1024&amp;ssl=1\" class=\"alignnone size-full wp-image-126752\" src=\"https:\/\/i0.wp.com\/joyana.fr\/wp-content\/uploads\/2018\/07\/IMG_6029.jpg?resize=1668%2C1668&#038;ssl=1\" alt=\"DESIGN PARADE HY\u00c8RES 2018\" width=\"1668\" height=\"1668\" srcset=\"https:\/\/i0.wp.com\/joyana.fr\/wp-content\/uploads\/2018\/07\/IMG_6029.jpg?w=1668&amp;ssl=1 1668w, https:\/\/i0.wp.com\/joyana.fr\/wp-content\/uploads\/2018\/07\/IMG_6029.jpg?resize=300%2C300&amp;ssl=1 300w, https:\/\/i0.wp.com\/joyana.fr\/wp-content\/uploads\/2018\/07\/IMG_6029.jpg?resize=100%2C100&amp;ssl=1 100w, https:\/\/i0.wp.com\/joyana.fr\/wp-content\/uploads\/2018\/07\/IMG_6029.jpg?resize=600%2C600&amp;ssl=1 600w\" sizes=\"(max-width: 1000px) 100vw, 1000px\" \/><\/p>\n<p style=\"text-align: center;\">LA BEAUTE DES PLANTES AQUATIQUES \u2013 <a href=\"http:\/\/www.carolienniebling.com\">Carolien NIEBLING<\/a> (laur\u00e9ats 2017)<\/p>\n<p><img data-recalc-dims=\"1\" loading=\"lazy\" decoding=\"async\" data-attachment-id=\"126754\" data-permalink=\"https:\/\/joyana.fr\/ja\/design-parade-hyeres-toulon-2018\/126741\/img_6031\/\" data-orig-file=\"https:\/\/i0.wp.com\/joyana.fr\/wp-content\/uploads\/2018\/07\/IMG_6031.jpg?fit=2000%2C2000&amp;ssl=1\" data-orig-size=\"2000,2000\" data-comments-opened=\"1\" data-image-meta=\"{&quot;aperture&quot;:&quot;4&quot;,&quot;credit&quot;:&quot;&quot;,&quot;camera&quot;:&quot;ILCE-7M2&quot;,&quot;caption&quot;:&quot;&quot;,&quot;created_timestamp&quot;:&quot;1531062538&quot;,&quot;copyright&quot;:&quot;&quot;,&quot;focal_length&quot;:&quot;25&quot;,&quot;iso&quot;:&quot;100&quot;,&quot;shutter_speed&quot;:&quot;0.01&quot;,&quot;title&quot;:&quot;&quot;,&quot;orientation&quot;:&quot;1&quot;}\" data-image-title=\"IMG_6031\" data-image-description=\"\" data-image-caption=\"\" data-medium-file=\"https:\/\/i0.wp.com\/joyana.fr\/wp-content\/uploads\/2018\/07\/IMG_6031.jpg?fit=389%2C389&amp;ssl=1\" data-large-file=\"https:\/\/i0.wp.com\/joyana.fr\/wp-content\/uploads\/2018\/07\/IMG_6031.jpg?fit=1024%2C1024&amp;ssl=1\" class=\"alignnone size-full wp-image-126754\" src=\"https:\/\/i0.wp.com\/joyana.fr\/wp-content\/uploads\/2018\/07\/IMG_6031.jpg?resize=2000%2C2000&#038;ssl=1\" alt=\"DESIGN PARADE HY\u00c8RES 2018\" width=\"2000\" height=\"2000\" srcset=\"https:\/\/i0.wp.com\/joyana.fr\/wp-content\/uploads\/2018\/07\/IMG_6031.jpg?w=2000&amp;ssl=1 2000w, https:\/\/i0.wp.com\/joyana.fr\/wp-content\/uploads\/2018\/07\/IMG_6031.jpg?resize=300%2C300&amp;ssl=1 300w, https:\/\/i0.wp.com\/joyana.fr\/wp-content\/uploads\/2018\/07\/IMG_6031.jpg?resize=100%2C100&amp;ssl=1 100w, https:\/\/i0.wp.com\/joyana.fr\/wp-content\/uploads\/2018\/07\/IMG_6031.jpg?resize=600%2C600&amp;ssl=1 600w\" sizes=\"(max-width: 1000px) 100vw, 1000px\" \/><\/p>\n<p><img data-recalc-dims=\"1\" loading=\"lazy\" decoding=\"async\" data-attachment-id=\"126772\" data-permalink=\"https:\/\/joyana.fr\/ja\/design-parade-hyeres-toulon-2018\/126741\/img_6033\/\" data-orig-file=\"https:\/\/i0.wp.com\/joyana.fr\/wp-content\/uploads\/2018\/07\/IMG_6033.jpg?fit=2000%2C2000&amp;ssl=1\" data-orig-size=\"2000,2000\" data-comments-opened=\"1\" data-image-meta=\"{&quot;aperture&quot;:&quot;4&quot;,&quot;credit&quot;:&quot;&quot;,&quot;camera&quot;:&quot;ILCE-7M2&quot;,&quot;caption&quot;:&quot;&quot;,&quot;created_timestamp&quot;:&quot;1531062602&quot;,&quot;copyright&quot;:&quot;&quot;,&quot;focal_length&quot;:&quot;33&quot;,&quot;iso&quot;:&quot;100&quot;,&quot;shutter_speed&quot;:&quot;0.01&quot;,&quot;title&quot;:&quot;&quot;,&quot;orientation&quot;:&quot;0&quot;}\" data-image-title=\"IMG_6033\" data-image-description=\"\" data-image-caption=\"\" data-medium-file=\"https:\/\/i0.wp.com\/joyana.fr\/wp-content\/uploads\/2018\/07\/IMG_6033.jpg?fit=389%2C389&amp;ssl=1\" data-large-file=\"https:\/\/i0.wp.com\/joyana.fr\/wp-content\/uploads\/2018\/07\/IMG_6033.jpg?fit=1024%2C1024&amp;ssl=1\" class=\"alignnone size-full wp-image-126772\" src=\"https:\/\/i0.wp.com\/joyana.fr\/wp-content\/uploads\/2018\/07\/IMG_6033.jpg?resize=2000%2C2000&#038;ssl=1\" alt=\"DESIGN PARADE HY\u00c8RES 2018\" width=\"2000\" height=\"2000\" srcset=\"https:\/\/i0.wp.com\/joyana.fr\/wp-content\/uploads\/2018\/07\/IMG_6033.jpg?w=2000&amp;ssl=1 2000w, https:\/\/i0.wp.com\/joyana.fr\/wp-content\/uploads\/2018\/07\/IMG_6033.jpg?resize=300%2C300&amp;ssl=1 300w, https:\/\/i0.wp.com\/joyana.fr\/wp-content\/uploads\/2018\/07\/IMG_6033.jpg?resize=100%2C100&amp;ssl=1 100w, https:\/\/i0.wp.com\/joyana.fr\/wp-content\/uploads\/2018\/07\/IMG_6033.jpg?resize=600%2C600&amp;ssl=1 600w\" sizes=\"(max-width: 1000px) 100vw, 1000px\" \/><\/p>\n<p style=\"text-align: center;\">Retrospective 10 ANS &#8211; <a href=\"http:\/\/philippemalouin.com\">Philippe MALOUIN<\/a> (pr\u00e9sident du Jury)<\/p>\n<p>&nbsp;<\/p>\n<h3 style=\"text-align: center;\"><span style=\"color: #ff99cc;\"><strong>\u2013 DESIGN PARADE 2018 | TOULON \u2013<\/strong><\/span><\/h3>\n<p><img data-recalc-dims=\"1\" loading=\"lazy\" decoding=\"async\" data-attachment-id=\"126773\" data-permalink=\"https:\/\/joyana.fr\/ja\/design-parade-hyeres-toulon-2018\/126741\/img_6034\/\" data-orig-file=\"https:\/\/i0.wp.com\/joyana.fr\/wp-content\/uploads\/2018\/07\/IMG_6034.jpg?fit=2000%2C2000&amp;ssl=1\" data-orig-size=\"2000,2000\" data-comments-opened=\"1\" data-image-meta=\"{&quot;aperture&quot;:&quot;4&quot;,&quot;credit&quot;:&quot;&quot;,&quot;camera&quot;:&quot;ILCE-7M2&quot;,&quot;caption&quot;:&quot;&quot;,&quot;created_timestamp&quot;:&quot;1531221212&quot;,&quot;copyright&quot;:&quot;&quot;,&quot;focal_length&quot;:&quot;55&quot;,&quot;iso&quot;:&quot;200&quot;,&quot;shutter_speed&quot;:&quot;0.00625&quot;,&quot;title&quot;:&quot;&quot;,&quot;orientation&quot;:&quot;0&quot;}\" data-image-title=\"IMG_6034\" data-image-description=\"\" data-image-caption=\"\" data-medium-file=\"https:\/\/i0.wp.com\/joyana.fr\/wp-content\/uploads\/2018\/07\/IMG_6034.jpg?fit=389%2C389&amp;ssl=1\" data-large-file=\"https:\/\/i0.wp.com\/joyana.fr\/wp-content\/uploads\/2018\/07\/IMG_6034.jpg?fit=1024%2C1024&amp;ssl=1\" class=\"alignnone size-full wp-image-126773\" src=\"https:\/\/i0.wp.com\/joyana.fr\/wp-content\/uploads\/2018\/07\/IMG_6034.jpg?resize=2000%2C2000&#038;ssl=1\" alt=\"\" width=\"2000\" height=\"2000\" srcset=\"https:\/\/i0.wp.com\/joyana.fr\/wp-content\/uploads\/2018\/07\/IMG_6034.jpg?w=2000&amp;ssl=1 2000w, https:\/\/i0.wp.com\/joyana.fr\/wp-content\/uploads\/2018\/07\/IMG_6034.jpg?resize=300%2C300&amp;ssl=1 300w, https:\/\/i0.wp.com\/joyana.fr\/wp-content\/uploads\/2018\/07\/IMG_6034.jpg?resize=100%2C100&amp;ssl=1 100w, https:\/\/i0.wp.com\/joyana.fr\/wp-content\/uploads\/2018\/07\/IMG_6034.jpg?resize=600%2C600&amp;ssl=1 600w\" sizes=\"(max-width: 1000px) 100vw, 1000px\" \/><\/p>\n<p style=\"text-align: justify;\">Rendez-vous aux anciens \u00e9v\u00each\u00e9s de Toulon pour d\u00e9couvrir les sc\u00e9nographies de cette DESIGN PARADE 2018&#8230; Un superbe cru, des r\u00e9alisations \u00e9clectiques, mais toutes superbes de 10 architectes en comp\u00e9tition\u00a0!<\/p>\n<p><img data-recalc-dims=\"1\" loading=\"lazy\" decoding=\"async\" data-attachment-id=\"126776\" data-permalink=\"https:\/\/joyana.fr\/ja\/design-parade-hyeres-toulon-2018\/126741\/img_6037\/\" data-orig-file=\"https:\/\/i0.wp.com\/joyana.fr\/wp-content\/uploads\/2018\/07\/IMG_6037.jpg?fit=2000%2C2000&amp;ssl=1\" data-orig-size=\"2000,2000\" data-comments-opened=\"1\" data-image-meta=\"{&quot;aperture&quot;:&quot;2.5&quot;,&quot;credit&quot;:&quot;&quot;,&quot;camera&quot;:&quot;ILCE-7M2&quot;,&quot;caption&quot;:&quot;&quot;,&quot;created_timestamp&quot;:&quot;1531221846&quot;,&quot;copyright&quot;:&quot;&quot;,&quot;focal_length&quot;:&quot;55&quot;,&quot;iso&quot;:&quot;640&quot;,&quot;shutter_speed&quot;:&quot;0.0125&quot;,&quot;title&quot;:&quot;&quot;,&quot;orientation&quot;:&quot;0&quot;}\" data-image-title=\"IMG_6037\" data-image-description=\"\" data-image-caption=\"\" data-medium-file=\"https:\/\/i0.wp.com\/joyana.fr\/wp-content\/uploads\/2018\/07\/IMG_6037.jpg?fit=389%2C389&amp;ssl=1\" data-large-file=\"https:\/\/i0.wp.com\/joyana.fr\/wp-content\/uploads\/2018\/07\/IMG_6037.jpg?fit=1024%2C1024&amp;ssl=1\" class=\"alignnone size-full wp-image-126776\" src=\"https:\/\/i0.wp.com\/joyana.fr\/wp-content\/uploads\/2018\/07\/IMG_6037.jpg?resize=2000%2C2000&#038;ssl=1\" alt=\"DESIGN PARADE TOULON 2018\" width=\"2000\" height=\"2000\" srcset=\"https:\/\/i0.wp.com\/joyana.fr\/wp-content\/uploads\/2018\/07\/IMG_6037.jpg?w=2000&amp;ssl=1 2000w, https:\/\/i0.wp.com\/joyana.fr\/wp-content\/uploads\/2018\/07\/IMG_6037.jpg?resize=300%2C300&amp;ssl=1 300w, https:\/\/i0.wp.com\/joyana.fr\/wp-content\/uploads\/2018\/07\/IMG_6037.jpg?resize=100%2C100&amp;ssl=1 100w, https:\/\/i0.wp.com\/joyana.fr\/wp-content\/uploads\/2018\/07\/IMG_6037.jpg?resize=600%2C600&amp;ssl=1 600w\" sizes=\"(max-width: 1000px) 100vw, 1000px\" \/><\/p>\n<p><img data-recalc-dims=\"1\" loading=\"lazy\" decoding=\"async\" data-attachment-id=\"126775\" data-permalink=\"https:\/\/joyana.fr\/ja\/design-parade-hyeres-toulon-2018\/126741\/img_6036\/\" data-orig-file=\"https:\/\/i0.wp.com\/joyana.fr\/wp-content\/uploads\/2018\/07\/IMG_6036.jpg?fit=2000%2C2000&amp;ssl=1\" data-orig-size=\"2000,2000\" data-comments-opened=\"1\" data-image-meta=\"{&quot;aperture&quot;:&quot;2.5&quot;,&quot;credit&quot;:&quot;&quot;,&quot;camera&quot;:&quot;ILCE-7M2&quot;,&quot;caption&quot;:&quot;&quot;,&quot;created_timestamp&quot;:&quot;1531221518&quot;,&quot;copyright&quot;:&quot;&quot;,&quot;focal_length&quot;:&quot;55&quot;,&quot;iso&quot;:&quot;400&quot;,&quot;shutter_speed&quot;:&quot;0.0125&quot;,&quot;title&quot;:&quot;&quot;,&quot;orientation&quot;:&quot;1&quot;}\" data-image-title=\"IMG_6036\" data-image-description=\"\" data-image-caption=\"\" data-medium-file=\"https:\/\/i0.wp.com\/joyana.fr\/wp-content\/uploads\/2018\/07\/IMG_6036.jpg?fit=389%2C389&amp;ssl=1\" data-large-file=\"https:\/\/i0.wp.com\/joyana.fr\/wp-content\/uploads\/2018\/07\/IMG_6036.jpg?fit=1024%2C1024&amp;ssl=1\" class=\"alignnone size-full wp-image-126775\" src=\"https:\/\/i0.wp.com\/joyana.fr\/wp-content\/uploads\/2018\/07\/IMG_6036.jpg?resize=2000%2C2000&#038;ssl=1\" alt=\"DESIGN PARADE TOULON 2018\" width=\"2000\" height=\"2000\" srcset=\"https:\/\/i0.wp.com\/joyana.fr\/wp-content\/uploads\/2018\/07\/IMG_6036.jpg?w=2000&amp;ssl=1 2000w, https:\/\/i0.wp.com\/joyana.fr\/wp-content\/uploads\/2018\/07\/IMG_6036.jpg?resize=300%2C300&amp;ssl=1 300w, https:\/\/i0.wp.com\/joyana.fr\/wp-content\/uploads\/2018\/07\/IMG_6036.jpg?resize=100%2C100&amp;ssl=1 100w, https:\/\/i0.wp.com\/joyana.fr\/wp-content\/uploads\/2018\/07\/IMG_6036.jpg?resize=600%2C600&amp;ssl=1 600w\" sizes=\"(max-width: 1000px) 100vw, 1000px\" \/><\/p>\n<p><img data-recalc-dims=\"1\" loading=\"lazy\" decoding=\"async\" data-attachment-id=\"126774\" data-permalink=\"https:\/\/joyana.fr\/ja\/design-parade-hyeres-toulon-2018\/126741\/img_6035\/\" data-orig-file=\"https:\/\/i0.wp.com\/joyana.fr\/wp-content\/uploads\/2018\/07\/IMG_6035.jpg?fit=2000%2C2000&amp;ssl=1\" data-orig-size=\"2000,2000\" data-comments-opened=\"1\" data-image-meta=\"{&quot;aperture&quot;:&quot;2.5&quot;,&quot;credit&quot;:&quot;&quot;,&quot;camera&quot;:&quot;ILCE-7M2&quot;,&quot;caption&quot;:&quot;&quot;,&quot;created_timestamp&quot;:&quot;1531221571&quot;,&quot;copyright&quot;:&quot;&quot;,&quot;focal_length&quot;:&quot;55&quot;,&quot;iso&quot;:&quot;400&quot;,&quot;shutter_speed&quot;:&quot;0.0125&quot;,&quot;title&quot;:&quot;&quot;,&quot;orientation&quot;:&quot;1&quot;}\" data-image-title=\"IMG_6035\" data-image-description=\"\" data-image-caption=\"\" data-medium-file=\"https:\/\/i0.wp.com\/joyana.fr\/wp-content\/uploads\/2018\/07\/IMG_6035.jpg?fit=389%2C389&amp;ssl=1\" data-large-file=\"https:\/\/i0.wp.com\/joyana.fr\/wp-content\/uploads\/2018\/07\/IMG_6035.jpg?fit=1024%2C1024&amp;ssl=1\" class=\"alignnone size-full wp-image-126774\" src=\"https:\/\/i0.wp.com\/joyana.fr\/wp-content\/uploads\/2018\/07\/IMG_6035.jpg?resize=2000%2C2000&#038;ssl=1\" alt=\"DESIGN PARADE TOULON 2018\" width=\"2000\" height=\"2000\" srcset=\"https:\/\/i0.wp.com\/joyana.fr\/wp-content\/uploads\/2018\/07\/IMG_6035.jpg?w=2000&amp;ssl=1 2000w, https:\/\/i0.wp.com\/joyana.fr\/wp-content\/uploads\/2018\/07\/IMG_6035.jpg?resize=300%2C300&amp;ssl=1 300w, https:\/\/i0.wp.com\/joyana.fr\/wp-content\/uploads\/2018\/07\/IMG_6035.jpg?resize=100%2C100&amp;ssl=1 100w, https:\/\/i0.wp.com\/joyana.fr\/wp-content\/uploads\/2018\/07\/IMG_6035.jpg?resize=600%2C600&amp;ssl=1 600w\" sizes=\"(max-width: 1000px) 100vw, 1000px\" \/><\/p>\n<p style=\"text-align: center;\">Une grande partie du lieu a \u00e9t\u00e9 sc\u00e9nographi\u00e9 par <a href=\"http:\/\/www.pierreyovanovitch.com\">Pierre YOVANOVITCH<\/a>&#8230;<\/p>\n<p><img data-recalc-dims=\"1\" loading=\"lazy\" decoding=\"async\" data-attachment-id=\"126786\" data-permalink=\"https:\/\/joyana.fr\/ja\/design-parade-hyeres-toulon-2018\/126741\/img_6047-2\/\" data-orig-file=\"https:\/\/i0.wp.com\/joyana.fr\/wp-content\/uploads\/2018\/07\/IMG_6047-1.jpg?fit=1512%2C1512&amp;ssl=1\" data-orig-size=\"1512,1512\" data-comments-opened=\"1\" data-image-meta=\"{&quot;aperture&quot;:&quot;2.4&quot;,&quot;credit&quot;:&quot;&quot;,&quot;camera&quot;:&quot;iPhone X&quot;,&quot;caption&quot;:&quot;&quot;,&quot;created_timestamp&quot;:&quot;1531223466&quot;,&quot;copyright&quot;:&quot;&quot;,&quot;focal_length&quot;:&quot;6&quot;,&quot;iso&quot;:&quot;16&quot;,&quot;shutter_speed&quot;:&quot;0.02&quot;,&quot;title&quot;:&quot;&quot;,&quot;orientation&quot;:&quot;0&quot;}\" data-image-title=\"IMG_6047\" data-image-description=\"\" data-image-caption=\"\" data-medium-file=\"https:\/\/i0.wp.com\/joyana.fr\/wp-content\/uploads\/2018\/07\/IMG_6047-1.jpg?fit=389%2C389&amp;ssl=1\" data-large-file=\"https:\/\/i0.wp.com\/joyana.fr\/wp-content\/uploads\/2018\/07\/IMG_6047-1.jpg?fit=1024%2C1024&amp;ssl=1\" class=\"alignnone size-full wp-image-126786\" src=\"https:\/\/i0.wp.com\/joyana.fr\/wp-content\/uploads\/2018\/07\/IMG_6047-1.jpg?resize=1512%2C1512&#038;ssl=1\" alt=\"DESIGN PARADE TOULON 2018\" width=\"1512\" height=\"1512\" srcset=\"https:\/\/i0.wp.com\/joyana.fr\/wp-content\/uploads\/2018\/07\/IMG_6047-1.jpg?w=1512&amp;ssl=1 1512w, https:\/\/i0.wp.com\/joyana.fr\/wp-content\/uploads\/2018\/07\/IMG_6047-1.jpg?resize=300%2C300&amp;ssl=1 300w, https:\/\/i0.wp.com\/joyana.fr\/wp-content\/uploads\/2018\/07\/IMG_6047-1.jpg?resize=100%2C100&amp;ssl=1 100w, https:\/\/i0.wp.com\/joyana.fr\/wp-content\/uploads\/2018\/07\/IMG_6047-1.jpg?resize=600%2C600&amp;ssl=1 600w\" sizes=\"(max-width: 1000px) 100vw, 1000px\" \/><\/p>\n<p style=\"text-align: center;\">Charlotte &amp; Juliette CASTAY<\/p>\n<p><img data-recalc-dims=\"1\" loading=\"lazy\" decoding=\"async\" data-attachment-id=\"126785\" data-permalink=\"https:\/\/joyana.fr\/ja\/design-parade-hyeres-toulon-2018\/126741\/img_6046-2\/\" data-orig-file=\"https:\/\/i0.wp.com\/joyana.fr\/wp-content\/uploads\/2018\/07\/IMG_6046-1.jpg?fit=1512%2C1512&amp;ssl=1\" data-orig-size=\"1512,1512\" data-comments-opened=\"1\" data-image-meta=\"{&quot;aperture&quot;:&quot;1.8&quot;,&quot;credit&quot;:&quot;&quot;,&quot;camera&quot;:&quot;iPhone X&quot;,&quot;caption&quot;:&quot;&quot;,&quot;created_timestamp&quot;:&quot;1531223614&quot;,&quot;copyright&quot;:&quot;&quot;,&quot;focal_length&quot;:&quot;4&quot;,&quot;iso&quot;:&quot;40&quot;,&quot;shutter_speed&quot;:&quot;0.05&quot;,&quot;title&quot;:&quot;&quot;,&quot;orientation&quot;:&quot;0&quot;}\" data-image-title=\"IMG_6046\" data-image-description=\"\" data-image-caption=\"\" data-medium-file=\"https:\/\/i0.wp.com\/joyana.fr\/wp-content\/uploads\/2018\/07\/IMG_6046-1.jpg?fit=389%2C389&amp;ssl=1\" data-large-file=\"https:\/\/i0.wp.com\/joyana.fr\/wp-content\/uploads\/2018\/07\/IMG_6046-1.jpg?fit=1024%2C1024&amp;ssl=1\" class=\"alignnone size-full wp-image-126785\" src=\"https:\/\/i0.wp.com\/joyana.fr\/wp-content\/uploads\/2018\/07\/IMG_6046-1.jpg?resize=1512%2C1512&#038;ssl=1\" alt=\"DESIGN PARADE TOULON 2018\" width=\"1512\" height=\"1512\" srcset=\"https:\/\/i0.wp.com\/joyana.fr\/wp-content\/uploads\/2018\/07\/IMG_6046-1.jpg?w=1512&amp;ssl=1 1512w, https:\/\/i0.wp.com\/joyana.fr\/wp-content\/uploads\/2018\/07\/IMG_6046-1.jpg?resize=300%2C300&amp;ssl=1 300w, https:\/\/i0.wp.com\/joyana.fr\/wp-content\/uploads\/2018\/07\/IMG_6046-1.jpg?resize=100%2C100&amp;ssl=1 100w, https:\/\/i0.wp.com\/joyana.fr\/wp-content\/uploads\/2018\/07\/IMG_6046-1.jpg?resize=600%2C600&amp;ssl=1 600w\" sizes=\"(max-width: 1000px) 100vw, 1000px\" \/><\/p>\n<p style=\"text-align: center;\">Clemence FROT<\/p>\n<p><img data-recalc-dims=\"1\" loading=\"lazy\" decoding=\"async\" data-attachment-id=\"126784\" data-permalink=\"https:\/\/joyana.fr\/ja\/design-parade-hyeres-toulon-2018\/126741\/img_6045-2\/\" data-orig-file=\"https:\/\/i0.wp.com\/joyana.fr\/wp-content\/uploads\/2018\/07\/IMG_6045-1.jpg?fit=1512%2C1512&amp;ssl=1\" data-orig-size=\"1512,1512\" data-comments-opened=\"1\" data-image-meta=\"{&quot;aperture&quot;:&quot;1.8&quot;,&quot;credit&quot;:&quot;&quot;,&quot;camera&quot;:&quot;iPhone X&quot;,&quot;caption&quot;:&quot;&quot;,&quot;created_timestamp&quot;:&quot;1531222613&quot;,&quot;copyright&quot;:&quot;&quot;,&quot;focal_length&quot;:&quot;4&quot;,&quot;iso&quot;:&quot;100&quot;,&quot;shutter_speed&quot;:&quot;0.058823529411765&quot;,&quot;title&quot;:&quot;&quot;,&quot;orientation&quot;:&quot;0&quot;}\" data-image-title=\"IMG_6045\" data-image-description=\"\" data-image-caption=\"\" data-medium-file=\"https:\/\/i0.wp.com\/joyana.fr\/wp-content\/uploads\/2018\/07\/IMG_6045-1.jpg?fit=389%2C389&amp;ssl=1\" data-large-file=\"https:\/\/i0.wp.com\/joyana.fr\/wp-content\/uploads\/2018\/07\/IMG_6045-1.jpg?fit=1024%2C1024&amp;ssl=1\" class=\"alignnone size-full wp-image-126784\" src=\"https:\/\/i0.wp.com\/joyana.fr\/wp-content\/uploads\/2018\/07\/IMG_6045-1.jpg?resize=1512%2C1512&#038;ssl=1\" alt=\"DESIGN PARADE TOULON 2018\" width=\"1512\" height=\"1512\" srcset=\"https:\/\/i0.wp.com\/joyana.fr\/wp-content\/uploads\/2018\/07\/IMG_6045-1.jpg?w=1512&amp;ssl=1 1512w, https:\/\/i0.wp.com\/joyana.fr\/wp-content\/uploads\/2018\/07\/IMG_6045-1.jpg?resize=300%2C300&amp;ssl=1 300w, https:\/\/i0.wp.com\/joyana.fr\/wp-content\/uploads\/2018\/07\/IMG_6045-1.jpg?resize=100%2C100&amp;ssl=1 100w, https:\/\/i0.wp.com\/joyana.fr\/wp-content\/uploads\/2018\/07\/IMG_6045-1.jpg?resize=600%2C600&amp;ssl=1 600w\" sizes=\"(max-width: 1000px) 100vw, 1000px\" \/><\/p>\n<p style=\"text-align: center;\">MENTION SP\u00c9CIALE EYES ON TALENTS x FRAME \u2013 B\u00e9reng\u00e8re BOTTI &amp; Sophie GENESTOUX<\/p>\n<p><img data-recalc-dims=\"1\" loading=\"lazy\" decoding=\"async\" data-attachment-id=\"126783\" data-permalink=\"https:\/\/joyana.fr\/ja\/design-parade-hyeres-toulon-2018\/126741\/img_6044-2\/\" data-orig-file=\"https:\/\/i0.wp.com\/joyana.fr\/wp-content\/uploads\/2018\/07\/IMG_6044-1.jpg?fit=1512%2C1512&amp;ssl=1\" data-orig-size=\"1512,1512\" data-comments-opened=\"1\" data-image-meta=\"{&quot;aperture&quot;:&quot;1.8&quot;,&quot;credit&quot;:&quot;&quot;,&quot;camera&quot;:&quot;iPhone X&quot;,&quot;caption&quot;:&quot;&quot;,&quot;created_timestamp&quot;:&quot;1531223682&quot;,&quot;copyright&quot;:&quot;&quot;,&quot;focal_length&quot;:&quot;4&quot;,&quot;iso&quot;:&quot;100&quot;,&quot;shutter_speed&quot;:&quot;0.071428571428571&quot;,&quot;title&quot;:&quot;&quot;,&quot;orientation&quot;:&quot;1&quot;}\" data-image-title=\"IMG_6044\" data-image-description=\"\" data-image-caption=\"\" data-medium-file=\"https:\/\/i0.wp.com\/joyana.fr\/wp-content\/uploads\/2018\/07\/IMG_6044-1.jpg?fit=389%2C389&amp;ssl=1\" data-large-file=\"https:\/\/i0.wp.com\/joyana.fr\/wp-content\/uploads\/2018\/07\/IMG_6044-1.jpg?fit=1024%2C1024&amp;ssl=1\" class=\"alignnone size-full wp-image-126783\" src=\"https:\/\/i0.wp.com\/joyana.fr\/wp-content\/uploads\/2018\/07\/IMG_6044-1.jpg?resize=1512%2C1512&#038;ssl=1\" alt=\"DESIGN PARADE TOULON 2018\" width=\"1512\" height=\"1512\" srcset=\"https:\/\/i0.wp.com\/joyana.fr\/wp-content\/uploads\/2018\/07\/IMG_6044-1.jpg?w=1512&amp;ssl=1 1512w, https:\/\/i0.wp.com\/joyana.fr\/wp-content\/uploads\/2018\/07\/IMG_6044-1.jpg?resize=300%2C300&amp;ssl=1 300w, https:\/\/i0.wp.com\/joyana.fr\/wp-content\/uploads\/2018\/07\/IMG_6044-1.jpg?resize=100%2C100&amp;ssl=1 100w, https:\/\/i0.wp.com\/joyana.fr\/wp-content\/uploads\/2018\/07\/IMG_6044-1.jpg?resize=600%2C600&amp;ssl=1 600w\" sizes=\"(max-width: 1000px) 100vw, 1000px\" \/><\/p>\n<p style=\"text-align: center;\">Laura FOURNIER<\/p>\n<p><img data-recalc-dims=\"1\" loading=\"lazy\" decoding=\"async\" data-attachment-id=\"126782\" data-permalink=\"https:\/\/joyana.fr\/ja\/design-parade-hyeres-toulon-2018\/126741\/img_6043-2\/\" data-orig-file=\"https:\/\/i0.wp.com\/joyana.fr\/wp-content\/uploads\/2018\/07\/IMG_6043-1.jpg?fit=2000%2C2000&amp;ssl=1\" data-orig-size=\"2000,2000\" data-comments-opened=\"1\" data-image-meta=\"{&quot;aperture&quot;:&quot;4&quot;,&quot;credit&quot;:&quot;&quot;,&quot;camera&quot;:&quot;ILCE-7M2&quot;,&quot;caption&quot;:&quot;&quot;,&quot;created_timestamp&quot;:&quot;1531223371&quot;,&quot;copyright&quot;:&quot;&quot;,&quot;focal_length&quot;:&quot;16&quot;,&quot;iso&quot;:&quot;800&quot;,&quot;shutter_speed&quot;:&quot;0.0125&quot;,&quot;title&quot;:&quot;&quot;,&quot;orientation&quot;:&quot;0&quot;}\" data-image-title=\"IMG_6043\" data-image-description=\"\" data-image-caption=\"\" data-medium-file=\"https:\/\/i0.wp.com\/joyana.fr\/wp-content\/uploads\/2018\/07\/IMG_6043-1.jpg?fit=389%2C389&amp;ssl=1\" data-large-file=\"https:\/\/i0.wp.com\/joyana.fr\/wp-content\/uploads\/2018\/07\/IMG_6043-1.jpg?fit=1024%2C1024&amp;ssl=1\" class=\"alignnone size-full wp-image-126782\" src=\"https:\/\/i0.wp.com\/joyana.fr\/wp-content\/uploads\/2018\/07\/IMG_6043-1.jpg?resize=2000%2C2000&#038;ssl=1\" alt=\"DESIGN PARADE TOULON 2018\" width=\"2000\" height=\"2000\" srcset=\"https:\/\/i0.wp.com\/joyana.fr\/wp-content\/uploads\/2018\/07\/IMG_6043-1.jpg?w=2000&amp;ssl=1 2000w, https:\/\/i0.wp.com\/joyana.fr\/wp-content\/uploads\/2018\/07\/IMG_6043-1.jpg?resize=300%2C300&amp;ssl=1 300w, https:\/\/i0.wp.com\/joyana.fr\/wp-content\/uploads\/2018\/07\/IMG_6043-1.jpg?resize=100%2C100&amp;ssl=1 100w, https:\/\/i0.wp.com\/joyana.fr\/wp-content\/uploads\/2018\/07\/IMG_6043-1.jpg?resize=600%2C600&amp;ssl=1 600w\" sizes=\"(max-width: 1000px) 100vw, 1000px\" \/><\/p>\n<p style=\"text-align: center;\">Marie-Marie VERGNE &amp; Jeanne MARTIN<\/p>\n<p><img data-recalc-dims=\"1\" loading=\"lazy\" decoding=\"async\" data-attachment-id=\"126781\" data-permalink=\"https:\/\/joyana.fr\/ja\/design-parade-hyeres-toulon-2018\/126741\/img_6042-2\/\" data-orig-file=\"https:\/\/i0.wp.com\/joyana.fr\/wp-content\/uploads\/2018\/07\/IMG_6042-1.jpg?fit=1760%2C1760&amp;ssl=1\" data-orig-size=\"1760,1760\" data-comments-opened=\"1\" data-image-meta=\"{&quot;aperture&quot;:&quot;4&quot;,&quot;credit&quot;:&quot;&quot;,&quot;camera&quot;:&quot;ILCE-7M2&quot;,&quot;caption&quot;:&quot;&quot;,&quot;created_timestamp&quot;:&quot;1531223257&quot;,&quot;copyright&quot;:&quot;&quot;,&quot;focal_length&quot;:&quot;16&quot;,&quot;iso&quot;:&quot;800&quot;,&quot;shutter_speed&quot;:&quot;0.0125&quot;,&quot;title&quot;:&quot;&quot;,&quot;orientation&quot;:&quot;0&quot;}\" data-image-title=\"IMG_6042\" data-image-description=\"\" data-image-caption=\"\" data-medium-file=\"https:\/\/i0.wp.com\/joyana.fr\/wp-content\/uploads\/2018\/07\/IMG_6042-1.jpg?fit=389%2C389&amp;ssl=1\" data-large-file=\"https:\/\/i0.wp.com\/joyana.fr\/wp-content\/uploads\/2018\/07\/IMG_6042-1.jpg?fit=1024%2C1024&amp;ssl=1\" class=\"alignnone size-full wp-image-126781\" src=\"https:\/\/i0.wp.com\/joyana.fr\/wp-content\/uploads\/2018\/07\/IMG_6042-1.jpg?resize=1760%2C1760&#038;ssl=1\" alt=\"DESIGN PARADE TOULON 2018\" width=\"1760\" height=\"1760\" srcset=\"https:\/\/i0.wp.com\/joyana.fr\/wp-content\/uploads\/2018\/07\/IMG_6042-1.jpg?w=1760&amp;ssl=1 1760w, https:\/\/i0.wp.com\/joyana.fr\/wp-content\/uploads\/2018\/07\/IMG_6042-1.jpg?resize=300%2C300&amp;ssl=1 300w, https:\/\/i0.wp.com\/joyana.fr\/wp-content\/uploads\/2018\/07\/IMG_6042-1.jpg?resize=100%2C100&amp;ssl=1 100w, https:\/\/i0.wp.com\/joyana.fr\/wp-content\/uploads\/2018\/07\/IMG_6042-1.jpg?resize=600%2C600&amp;ssl=1 600w\" sizes=\"(max-width: 1000px) 100vw, 1000px\" \/><\/p>\n<p><img data-recalc-dims=\"1\" loading=\"lazy\" decoding=\"async\" data-attachment-id=\"126780\" data-permalink=\"https:\/\/joyana.fr\/ja\/design-parade-hyeres-toulon-2018\/126741\/img_6041-2\/\" data-orig-file=\"https:\/\/i0.wp.com\/joyana.fr\/wp-content\/uploads\/2018\/07\/IMG_6041-1.jpg?fit=2000%2C2000&amp;ssl=1\" data-orig-size=\"2000,2000\" data-comments-opened=\"1\" data-image-meta=\"{&quot;aperture&quot;:&quot;4&quot;,&quot;credit&quot;:&quot;&quot;,&quot;camera&quot;:&quot;ILCE-7M2&quot;,&quot;caption&quot;:&quot;&quot;,&quot;created_timestamp&quot;:&quot;1531223205&quot;,&quot;copyright&quot;:&quot;&quot;,&quot;focal_length&quot;:&quot;16&quot;,&quot;iso&quot;:&quot;800&quot;,&quot;shutter_speed&quot;:&quot;0.0125&quot;,&quot;title&quot;:&quot;&quot;,&quot;orientation&quot;:&quot;0&quot;}\" data-image-title=\"IMG_6041\" data-image-description=\"\" data-image-caption=\"\" data-medium-file=\"https:\/\/i0.wp.com\/joyana.fr\/wp-content\/uploads\/2018\/07\/IMG_6041-1.jpg?fit=389%2C389&amp;ssl=1\" data-large-file=\"https:\/\/i0.wp.com\/joyana.fr\/wp-content\/uploads\/2018\/07\/IMG_6041-1.jpg?fit=1024%2C1024&amp;ssl=1\" class=\"alignnone size-full wp-image-126780\" src=\"https:\/\/i0.wp.com\/joyana.fr\/wp-content\/uploads\/2018\/07\/IMG_6041-1.jpg?resize=2000%2C2000&#038;ssl=1\" alt=\"DESIGN PARADE TOULON 2018\" width=\"2000\" height=\"2000\" srcset=\"https:\/\/i0.wp.com\/joyana.fr\/wp-content\/uploads\/2018\/07\/IMG_6041-1.jpg?w=2000&amp;ssl=1 2000w, https:\/\/i0.wp.com\/joyana.fr\/wp-content\/uploads\/2018\/07\/IMG_6041-1.jpg?resize=300%2C300&amp;ssl=1 300w, https:\/\/i0.wp.com\/joyana.fr\/wp-content\/uploads\/2018\/07\/IMG_6041-1.jpg?resize=100%2C100&amp;ssl=1 100w, https:\/\/i0.wp.com\/joyana.fr\/wp-content\/uploads\/2018\/07\/IMG_6041-1.jpg?resize=600%2C600&amp;ssl=1 600w\" sizes=\"(max-width: 1000px) 100vw, 1000px\" \/><\/p>\n<p style=\"text-align: center;\">PRIX DU PUBLIC DE LA VILLE DE TOULON \u2013 Valentin Dubois &amp; Shizuka Saito<\/p>\n<p style=\"text-align: justify;\">Mon coup de coeur \u00e0 Toulon !\u00a0Les deux dipl\u00f4m\u00e9s de la HEAD imaginent une pi\u00e8ce o\u00f9 la chaleur du Sud est \u00e0 son maximum. Un d\u00e9cor aux contrastes exaltants fait de planches de bois consum\u00e9es au mur, de peinture blanche immacul\u00e9e au sol et, au centre de la pi\u00e8ce, une table au plateau rouge flamboyant, foyer de la sc\u00e8ne. Ensemble, ils forment le studio <a href=\"http:\/\/www.atelierbaltik.com\" target=\"_blank\" rel=\"noopener\">Atelier Baltik<\/a>&#8230;<\/p>\n<p><img data-recalc-dims=\"1\" loading=\"lazy\" decoding=\"async\" data-attachment-id=\"126778\" data-permalink=\"https:\/\/joyana.fr\/ja\/design-parade-hyeres-toulon-2018\/126741\/img_6039\/\" data-orig-file=\"https:\/\/i0.wp.com\/joyana.fr\/wp-content\/uploads\/2018\/07\/IMG_6039.jpg?fit=2000%2C2000&amp;ssl=1\" data-orig-size=\"2000,2000\" data-comments-opened=\"1\" data-image-meta=\"{&quot;aperture&quot;:&quot;2.5&quot;,&quot;credit&quot;:&quot;&quot;,&quot;camera&quot;:&quot;ILCE-7M2&quot;,&quot;caption&quot;:&quot;&quot;,&quot;created_timestamp&quot;:&quot;1531221939&quot;,&quot;copyright&quot;:&quot;&quot;,&quot;focal_length&quot;:&quot;55&quot;,&quot;iso&quot;:&quot;125&quot;,&quot;shutter_speed&quot;:&quot;0.0125&quot;,&quot;title&quot;:&quot;&quot;,&quot;orientation&quot;:&quot;0&quot;}\" data-image-title=\"IMG_6039\" data-image-description=\"\" data-image-caption=\"\" data-medium-file=\"https:\/\/i0.wp.com\/joyana.fr\/wp-content\/uploads\/2018\/07\/IMG_6039.jpg?fit=389%2C389&amp;ssl=1\" data-large-file=\"https:\/\/i0.wp.com\/joyana.fr\/wp-content\/uploads\/2018\/07\/IMG_6039.jpg?fit=1024%2C1024&amp;ssl=1\" class=\"alignnone size-full wp-image-126778\" src=\"https:\/\/i0.wp.com\/joyana.fr\/wp-content\/uploads\/2018\/07\/IMG_6039.jpg?resize=2000%2C2000&#038;ssl=1\" alt=\"\" width=\"2000\" height=\"2000\" srcset=\"https:\/\/i0.wp.com\/joyana.fr\/wp-content\/uploads\/2018\/07\/IMG_6039.jpg?w=2000&amp;ssl=1 2000w, https:\/\/i0.wp.com\/joyana.fr\/wp-content\/uploads\/2018\/07\/IMG_6039.jpg?resize=300%2C300&amp;ssl=1 300w, https:\/\/i0.wp.com\/joyana.fr\/wp-content\/uploads\/2018\/07\/IMG_6039.jpg?resize=100%2C100&amp;ssl=1 100w, https:\/\/i0.wp.com\/joyana.fr\/wp-content\/uploads\/2018\/07\/IMG_6039.jpg?resize=600%2C600&amp;ssl=1 600w\" sizes=\"(max-width: 1000px) 100vw, 1000px\" \/><\/p>\n<p><img data-recalc-dims=\"1\" loading=\"lazy\" decoding=\"async\" data-attachment-id=\"126777\" data-permalink=\"https:\/\/joyana.fr\/ja\/design-parade-hyeres-toulon-2018\/126741\/img_6038\/\" data-orig-file=\"https:\/\/i0.wp.com\/joyana.fr\/wp-content\/uploads\/2018\/07\/IMG_6038.jpg?fit=2000%2C2000&amp;ssl=1\" data-orig-size=\"2000,2000\" data-comments-opened=\"1\" data-image-meta=\"{&quot;aperture&quot;:&quot;2.5&quot;,&quot;credit&quot;:&quot;&quot;,&quot;camera&quot;:&quot;ILCE-7M2&quot;,&quot;caption&quot;:&quot;&quot;,&quot;created_timestamp&quot;:&quot;1531222056&quot;,&quot;copyright&quot;:&quot;&quot;,&quot;focal_length&quot;:&quot;55&quot;,&quot;iso&quot;:&quot;125&quot;,&quot;shutter_speed&quot;:&quot;0.0125&quot;,&quot;title&quot;:&quot;&quot;,&quot;orientation&quot;:&quot;0&quot;}\" data-image-title=\"IMG_6038\" data-image-description=\"\" data-image-caption=\"\" data-medium-file=\"https:\/\/i0.wp.com\/joyana.fr\/wp-content\/uploads\/2018\/07\/IMG_6038.jpg?fit=389%2C389&amp;ssl=1\" data-large-file=\"https:\/\/i0.wp.com\/joyana.fr\/wp-content\/uploads\/2018\/07\/IMG_6038.jpg?fit=1024%2C1024&amp;ssl=1\" class=\"alignnone size-full wp-image-126777\" src=\"https:\/\/i0.wp.com\/joyana.fr\/wp-content\/uploads\/2018\/07\/IMG_6038.jpg?resize=2000%2C2000&#038;ssl=1\" alt=\"\" width=\"2000\" height=\"2000\" srcset=\"https:\/\/i0.wp.com\/joyana.fr\/wp-content\/uploads\/2018\/07\/IMG_6038.jpg?w=2000&amp;ssl=1 2000w, https:\/\/i0.wp.com\/joyana.fr\/wp-content\/uploads\/2018\/07\/IMG_6038.jpg?resize=389%2C389&amp;ssl=1 389w, https:\/\/i0.wp.com\/joyana.fr\/wp-content\/uploads\/2018\/07\/IMG_6038.jpg?resize=1024%2C1024&amp;ssl=1 1024w, https:\/\/i0.wp.com\/joyana.fr\/wp-content\/uploads\/2018\/07\/IMG_6038.jpg?resize=150%2C150&amp;ssl=1 150w, https:\/\/i0.wp.com\/joyana.fr\/wp-content\/uploads\/2018\/07\/IMG_6038.jpg?resize=768%2C768&amp;ssl=1 768w, https:\/\/i0.wp.com\/joyana.fr\/wp-content\/uploads\/2018\/07\/IMG_6038.jpg?resize=1536%2C1536&amp;ssl=1 1536w, https:\/\/i0.wp.com\/joyana.fr\/wp-content\/uploads\/2018\/07\/IMG_6038.jpg?resize=600%2C600&amp;ssl=1 600w, https:\/\/i0.wp.com\/joyana.fr\/wp-content\/uploads\/2018\/07\/IMG_6038.jpg?resize=450%2C450&amp;ssl=1 450w, https:\/\/i0.wp.com\/joyana.fr\/wp-content\/uploads\/2018\/07\/IMG_6038.jpg?resize=920%2C920&amp;ssl=1 920w, https:\/\/i0.wp.com\/joyana.fr\/wp-content\/uploads\/2018\/07\/IMG_6038.jpg?resize=180%2C180&amp;ssl=1 180w, https:\/\/i0.wp.com\/joyana.fr\/wp-content\/uploads\/2018\/07\/IMG_6038.jpg?resize=300%2C300&amp;ssl=1 300w, https:\/\/i0.wp.com\/joyana.fr\/wp-content\/uploads\/2018\/07\/IMG_6038.jpg?resize=100%2C100&amp;ssl=1 100w\" sizes=\"(max-width: 1000px) 100vw, 1000px\" \/><\/p>\n<p style=\"text-align: center;\"><a href=\"http:\/\/alexandrebenjaminnavet.com\">Alexandre-Benjamin NAVET<\/a><\/p>\n<h3 style=\"text-align: center;\"><span style=\"color: #ff99cc;\"><strong>\u2013 DESIGN PARADE 2018 | O\u00f9 DORMIR ? \u2013<\/strong><\/span><\/h3>\n<p style=\"text-align: justify;\">Si vous voulez prolonger l&#8217;exp\u00e9rience DESIGN PARADE sur deux jours, je vous conseille vivement de s\u00e9journer \u00e0 l&#8217;h\u00f4tel <a href=\"https:\/\/lareinejane.fr\">LA REINE JANE<\/a>. Situ\u00e9 sur le front de mer de Hy\u00e8res, cet h\u00f4tel propose 14 chambres uniques, imagin\u00e9es par 14 designers &#8211; tous r\u00e9v\u00e9l\u00e9s \u00e0 la Villa Noailles&#8230; J&#8217;ai eu la chance de s\u00e9journer dans la chambre N\u00b010 &#8211; ing\u00e9nieusement dessin\u00e9e par S\u00e9bastien Cordoleani&#8230;<\/p>\n<p style=\"text-align: justify;\">Le restaurant et le rooftop du lieu ne sont pas en reste. Tout est brillamment pens\u00e9 par le ma\u00eetre des lieux David Pirone. Bravo monsieur je suis s\u00e9duit !<\/p>\n<p><img data-recalc-dims=\"1\" loading=\"lazy\" decoding=\"async\" data-attachment-id=\"126745\" data-permalink=\"https:\/\/joyana.fr\/ja\/design-parade-hyeres-toulon-2018\/126741\/img_5811\/\" data-orig-file=\"https:\/\/i0.wp.com\/joyana.fr\/wp-content\/uploads\/2018\/07\/IMG_5811.jpg?fit=1033%2C1033&amp;ssl=1\" data-orig-size=\"1033,1033\" data-comments-opened=\"1\" data-image-meta=\"{&quot;aperture&quot;:&quot;14&quot;,&quot;credit&quot;:&quot;&quot;,&quot;camera&quot;:&quot;ILCE-7M2&quot;,&quot;caption&quot;:&quot;&quot;,&quot;created_timestamp&quot;:&quot;1531064998&quot;,&quot;copyright&quot;:&quot;&quot;,&quot;focal_length&quot;:&quot;35&quot;,&quot;iso&quot;:&quot;100&quot;,&quot;shutter_speed&quot;:&quot;0.00625&quot;,&quot;title&quot;:&quot;&quot;,&quot;orientation&quot;:&quot;1&quot;}\" data-image-title=\"IMG_5811\" data-image-description=\"\" data-image-caption=\"\" data-medium-file=\"https:\/\/i0.wp.com\/joyana.fr\/wp-content\/uploads\/2018\/07\/IMG_5811.jpg?fit=389%2C389&amp;ssl=1\" data-large-file=\"https:\/\/i0.wp.com\/joyana.fr\/wp-content\/uploads\/2018\/07\/IMG_5811.jpg?fit=1024%2C1024&amp;ssl=1\" class=\"alignnone size-full wp-image-126745\" src=\"https:\/\/i0.wp.com\/joyana.fr\/wp-content\/uploads\/2018\/07\/IMG_5811.jpg?resize=1033%2C1033&#038;ssl=1\" alt=\"\" width=\"1033\" height=\"1033\" srcset=\"https:\/\/i0.wp.com\/joyana.fr\/wp-content\/uploads\/2018\/07\/IMG_5811.jpg?w=1033&amp;ssl=1 1033w, https:\/\/i0.wp.com\/joyana.fr\/wp-content\/uploads\/2018\/07\/IMG_5811.jpg?resize=300%2C300&amp;ssl=1 300w, https:\/\/i0.wp.com\/joyana.fr\/wp-content\/uploads\/2018\/07\/IMG_5811.jpg?resize=100%2C100&amp;ssl=1 100w, https:\/\/i0.wp.com\/joyana.fr\/wp-content\/uploads\/2018\/07\/IMG_5811.jpg?resize=600%2C600&amp;ssl=1 600w\" sizes=\"(max-width: 1000px) 100vw, 1000px\" \/><\/p>\n<p><img data-recalc-dims=\"1\" loading=\"lazy\" decoding=\"async\" data-attachment-id=\"126743\" data-permalink=\"https:\/\/joyana.fr\/ja\/design-parade-hyeres-toulon-2018\/126741\/img_5809\/\" data-orig-file=\"https:\/\/i0.wp.com\/joyana.fr\/wp-content\/uploads\/2018\/07\/IMG_5809.jpg?fit=1029%2C1029&amp;ssl=1\" data-orig-size=\"1029,1029\" data-comments-opened=\"1\" data-image-meta=\"{&quot;aperture&quot;:&quot;5&quot;,&quot;credit&quot;:&quot;&quot;,&quot;camera&quot;:&quot;ILCE-7M2&quot;,&quot;caption&quot;:&quot;&quot;,&quot;created_timestamp&quot;:&quot;1531057973&quot;,&quot;copyright&quot;:&quot;&quot;,&quot;focal_length&quot;:&quot;16&quot;,&quot;iso&quot;:&quot;80&quot;,&quot;shutter_speed&quot;:&quot;0.016666666666667&quot;,&quot;title&quot;:&quot;&quot;,&quot;orientation&quot;:&quot;1&quot;}\" data-image-title=\"IMG_5809\" data-image-description=\"\" data-image-caption=\"\" data-medium-file=\"https:\/\/i0.wp.com\/joyana.fr\/wp-content\/uploads\/2018\/07\/IMG_5809.jpg?fit=389%2C389&amp;ssl=1\" data-large-file=\"https:\/\/i0.wp.com\/joyana.fr\/wp-content\/uploads\/2018\/07\/IMG_5809.jpg?fit=1024%2C1024&amp;ssl=1\" class=\"alignnone size-full wp-image-126743\" src=\"https:\/\/i0.wp.com\/joyana.fr\/wp-content\/uploads\/2018\/07\/IMG_5809.jpg?resize=1029%2C1029&#038;ssl=1\" alt=\"\" width=\"1029\" height=\"1029\" srcset=\"https:\/\/i0.wp.com\/joyana.fr\/wp-content\/uploads\/2018\/07\/IMG_5809.jpg?w=1029&amp;ssl=1 1029w, https:\/\/i0.wp.com\/joyana.fr\/wp-content\/uploads\/2018\/07\/IMG_5809.jpg?resize=300%2C300&amp;ssl=1 300w, https:\/\/i0.wp.com\/joyana.fr\/wp-content\/uploads\/2018\/07\/IMG_5809.jpg?resize=100%2C100&amp;ssl=1 100w, https:\/\/i0.wp.com\/joyana.fr\/wp-content\/uploads\/2018\/07\/IMG_5809.jpg?resize=600%2C600&amp;ssl=1 600w\" sizes=\"(max-width: 1000px) 100vw, 1000px\" \/><\/p>\n<p><img data-recalc-dims=\"1\" loading=\"lazy\" decoding=\"async\" data-attachment-id=\"126744\" data-permalink=\"https:\/\/joyana.fr\/ja\/design-parade-hyeres-toulon-2018\/126741\/img_5810\/\" data-orig-file=\"https:\/\/i0.wp.com\/joyana.fr\/wp-content\/uploads\/2018\/07\/IMG_5810.jpg?fit=608%2C608&amp;ssl=1\" data-orig-size=\"608,608\" data-comments-opened=\"1\" data-image-meta=\"{&quot;aperture&quot;:&quot;6.3&quot;,&quot;credit&quot;:&quot;&quot;,&quot;camera&quot;:&quot;ILCE-7M2&quot;,&quot;caption&quot;:&quot;&quot;,&quot;created_timestamp&quot;:&quot;1531080294&quot;,&quot;copyright&quot;:&quot;&quot;,&quot;focal_length&quot;:&quot;35&quot;,&quot;iso&quot;:&quot;100&quot;,&quot;shutter_speed&quot;:&quot;0.0125&quot;,&quot;title&quot;:&quot;&quot;,&quot;orientation&quot;:&quot;1&quot;}\" data-image-title=\"IMG_5810\" data-image-description=\"\" data-image-caption=\"\" data-medium-file=\"https:\/\/i0.wp.com\/joyana.fr\/wp-content\/uploads\/2018\/07\/IMG_5810.jpg?fit=389%2C389&amp;ssl=1\" data-large-file=\"https:\/\/i0.wp.com\/joyana.fr\/wp-content\/uploads\/2018\/07\/IMG_5810.jpg?fit=608%2C608&amp;ssl=1\" class=\"alignnone size-full wp-image-126744\" src=\"https:\/\/i0.wp.com\/joyana.fr\/wp-content\/uploads\/2018\/07\/IMG_5810.jpg?resize=608%2C608&#038;ssl=1\" alt=\"\" width=\"608\" height=\"608\" srcset=\"https:\/\/i0.wp.com\/joyana.fr\/wp-content\/uploads\/2018\/07\/IMG_5810.jpg?w=608&amp;ssl=1 608w, https:\/\/i0.wp.com\/joyana.fr\/wp-content\/uploads\/2018\/07\/IMG_5810.jpg?resize=300%2C300&amp;ssl=1 300w, https:\/\/i0.wp.com\/joyana.fr\/wp-content\/uploads\/2018\/07\/IMG_5810.jpg?resize=100%2C100&amp;ssl=1 100w, https:\/\/i0.wp.com\/joyana.fr\/wp-content\/uploads\/2018\/07\/IMG_5810.jpg?resize=600%2C600&amp;ssl=1 600w\" sizes=\"(max-width: 608px) 100vw, 608px\" \/><\/p>\n<p><img data-recalc-dims=\"1\" loading=\"lazy\" decoding=\"async\" data-attachment-id=\"126742\" data-permalink=\"https:\/\/joyana.fr\/ja\/design-parade-hyeres-toulon-2018\/126741\/img_5755\/\" data-orig-file=\"https:\/\/i0.wp.com\/joyana.fr\/wp-content\/uploads\/2018\/07\/IMG_5755.jpg?fit=1335%2C1335&amp;ssl=1\" data-orig-size=\"1335,1335\" data-comments-opened=\"1\" data-image-meta=\"{&quot;aperture&quot;:&quot;4&quot;,&quot;credit&quot;:&quot;&quot;,&quot;camera&quot;:&quot;ILCE-7M2&quot;,&quot;caption&quot;:&quot;&quot;,&quot;created_timestamp&quot;:&quot;1531126044&quot;,&quot;copyright&quot;:&quot;&quot;,&quot;focal_length&quot;:&quot;55&quot;,&quot;iso&quot;:&quot;800&quot;,&quot;shutter_speed&quot;:&quot;0.00625&quot;,&quot;title&quot;:&quot;&quot;,&quot;orientation&quot;:&quot;1&quot;}\" data-image-title=\"IMG_5755\" data-image-description=\"\" data-image-caption=\"\" data-medium-file=\"https:\/\/i0.wp.com\/joyana.fr\/wp-content\/uploads\/2018\/07\/IMG_5755.jpg?fit=389%2C389&amp;ssl=1\" data-large-file=\"https:\/\/i0.wp.com\/joyana.fr\/wp-content\/uploads\/2018\/07\/IMG_5755.jpg?fit=1024%2C1024&amp;ssl=1\" class=\"alignnone size-full wp-image-126742\" src=\"https:\/\/i0.wp.com\/joyana.fr\/wp-content\/uploads\/2018\/07\/IMG_5755.jpg?resize=1335%2C1335&#038;ssl=1\" alt=\"\" width=\"1335\" height=\"1335\" srcset=\"https:\/\/i0.wp.com\/joyana.fr\/wp-content\/uploads\/2018\/07\/IMG_5755.jpg?w=1335&amp;ssl=1 1335w, https:\/\/i0.wp.com\/joyana.fr\/wp-content\/uploads\/2018\/07\/IMG_5755.jpg?resize=300%2C300&amp;ssl=1 300w, https:\/\/i0.wp.com\/joyana.fr\/wp-content\/uploads\/2018\/07\/IMG_5755.jpg?resize=100%2C100&amp;ssl=1 100w, https:\/\/i0.wp.com\/joyana.fr\/wp-content\/uploads\/2018\/07\/IMG_5755.jpg?resize=600%2C600&amp;ssl=1 600w\" sizes=\"(max-width: 1000px) 100vw, 1000px\" \/><\/p>\n<p><img data-recalc-dims=\"1\" loading=\"lazy\" decoding=\"async\" data-attachment-id=\"126755\" data-permalink=\"https:\/\/joyana.fr\/ja\/design-parade-hyeres-toulon-2018\/126741\/img_6032\/\" data-orig-file=\"https:\/\/i0.wp.com\/joyana.fr\/wp-content\/uploads\/2018\/07\/IMG_6032.jpg?fit=2000%2C2000&amp;ssl=1\" data-orig-size=\"2000,2000\" data-comments-opened=\"1\" data-image-meta=\"{&quot;aperture&quot;:&quot;2.5&quot;,&quot;credit&quot;:&quot;&quot;,&quot;camera&quot;:&quot;ILCE-7M2&quot;,&quot;caption&quot;:&quot;&quot;,&quot;created_timestamp&quot;:&quot;1531126993&quot;,&quot;copyright&quot;:&quot;&quot;,&quot;focal_length&quot;:&quot;55&quot;,&quot;iso&quot;:&quot;125&quot;,&quot;shutter_speed&quot;:&quot;0.01&quot;,&quot;title&quot;:&quot;&quot;,&quot;orientation&quot;:&quot;1&quot;}\" data-image-title=\"IMG_6032\" data-image-description=\"\" data-image-caption=\"\" data-medium-file=\"https:\/\/i0.wp.com\/joyana.fr\/wp-content\/uploads\/2018\/07\/IMG_6032.jpg?fit=389%2C389&amp;ssl=1\" data-large-file=\"https:\/\/i0.wp.com\/joyana.fr\/wp-content\/uploads\/2018\/07\/IMG_6032.jpg?fit=1024%2C1024&amp;ssl=1\" class=\"alignnone size-full wp-image-126755\" src=\"https:\/\/i0.wp.com\/joyana.fr\/wp-content\/uploads\/2018\/07\/IMG_6032.jpg?resize=2000%2C2000&#038;ssl=1\" alt=\"\" width=\"2000\" height=\"2000\" srcset=\"https:\/\/i0.wp.com\/joyana.fr\/wp-content\/uploads\/2018\/07\/IMG_6032.jpg?w=2000&amp;ssl=1 2000w, https:\/\/i0.wp.com\/joyana.fr\/wp-content\/uploads\/2018\/07\/IMG_6032.jpg?resize=300%2C300&amp;ssl=1 300w, https:\/\/i0.wp.com\/joyana.fr\/wp-content\/uploads\/2018\/07\/IMG_6032.jpg?resize=100%2C100&amp;ssl=1 100w, https:\/\/i0.wp.com\/joyana.fr\/wp-content\/uploads\/2018\/07\/IMG_6032.jpg?resize=600%2C600&amp;ssl=1 600w\" sizes=\"(max-width: 1000px) 100vw, 1000px\" \/><\/p>\n<h3 style=\"text-align: center;\"><span style=\"color: #ff99cc;\"><strong>\u2013 DESIGN PARADE 2018 | O\u00f9 MANGER ? \u2013<\/strong><\/span><\/h3>\n<p style=\"text-align: justify;\">Le <a href=\"https:\/\/joyana.fr\/le-marais-restaurant-design-hyeres\/124249\/\">MARAIS PLAGE<\/a> accueille \u00e0 chaque DESIGN PARADE tout le gratin du design ! Venez d\u00e9couvrir une\u00a0cuisine m\u00e9diterran\u00e9enne aux accents italiens. Un lieu m\u00ealant harmonieusement gastronomie et nature, design et art, simplicit\u00e9 et raffinement\u2026<\/p>\n<p><img data-recalc-dims=\"1\" loading=\"lazy\" decoding=\"async\" data-attachment-id=\"126789\" data-permalink=\"https:\/\/joyana.fr\/ja\/design-parade-hyeres-toulon-2018\/126741\/img_6021-2\/\" data-orig-file=\"https:\/\/i0.wp.com\/joyana.fr\/wp-content\/uploads\/2018\/07\/IMG_6021-1.jpg?fit=2000%2C2000&amp;ssl=1\" data-orig-size=\"2000,2000\" data-comments-opened=\"1\" data-image-meta=\"{&quot;aperture&quot;:&quot;4&quot;,&quot;credit&quot;:&quot;&quot;,&quot;camera&quot;:&quot;ILCE-7M2&quot;,&quot;caption&quot;:&quot;&quot;,&quot;created_timestamp&quot;:&quot;1531051233&quot;,&quot;copyright&quot;:&quot;&quot;,&quot;focal_length&quot;:&quot;55&quot;,&quot;iso&quot;:&quot;320&quot;,&quot;shutter_speed&quot;:&quot;0.0125&quot;,&quot;title&quot;:&quot;&quot;,&quot;orientation&quot;:&quot;0&quot;}\" data-image-title=\"IMG_6021\" data-image-description=\"\" data-image-caption=\"\" data-medium-file=\"https:\/\/i0.wp.com\/joyana.fr\/wp-content\/uploads\/2018\/07\/IMG_6021-1.jpg?fit=389%2C389&amp;ssl=1\" data-large-file=\"https:\/\/i0.wp.com\/joyana.fr\/wp-content\/uploads\/2018\/07\/IMG_6021-1.jpg?fit=1024%2C1024&amp;ssl=1\" class=\"alignnone size-full wp-image-126789\" src=\"https:\/\/i0.wp.com\/joyana.fr\/wp-content\/uploads\/2018\/07\/IMG_6021-1.jpg?resize=2000%2C2000&#038;ssl=1\" alt=\"\" width=\"2000\" height=\"2000\" srcset=\"https:\/\/i0.wp.com\/joyana.fr\/wp-content\/uploads\/2018\/07\/IMG_6021-1.jpg?w=2000&amp;ssl=1 2000w, https:\/\/i0.wp.com\/joyana.fr\/wp-content\/uploads\/2018\/07\/IMG_6021-1.jpg?resize=300%2C300&amp;ssl=1 300w, https:\/\/i0.wp.com\/joyana.fr\/wp-content\/uploads\/2018\/07\/IMG_6021-1.jpg?resize=100%2C100&amp;ssl=1 100w, https:\/\/i0.wp.com\/joyana.fr\/wp-content\/uploads\/2018\/07\/IMG_6021-1.jpg?resize=600%2C600&amp;ssl=1 600w\" sizes=\"(max-width: 1000px) 100vw, 1000px\" \/><\/p>\n<p><img data-recalc-dims=\"1\" loading=\"lazy\" decoding=\"async\" data-attachment-id=\"126751\" data-permalink=\"https:\/\/joyana.fr\/ja\/design-parade-hyeres-toulon-2018\/126741\/img_6022\/\" data-orig-file=\"https:\/\/i0.wp.com\/joyana.fr\/wp-content\/uploads\/2018\/07\/IMG_6022.jpg?fit=1896%2C1896&amp;ssl=1\" data-orig-size=\"1896,1896\" data-comments-opened=\"1\" data-image-meta=\"{&quot;aperture&quot;:&quot;13&quot;,&quot;credit&quot;:&quot;&quot;,&quot;camera&quot;:&quot;ILCE-7M2&quot;,&quot;caption&quot;:&quot;&quot;,&quot;created_timestamp&quot;:&quot;1531050808&quot;,&quot;copyright&quot;:&quot;&quot;,&quot;focal_length&quot;:&quot;55&quot;,&quot;iso&quot;:&quot;100&quot;,&quot;shutter_speed&quot;:&quot;0.0125&quot;,&quot;title&quot;:&quot;&quot;,&quot;orientation&quot;:&quot;1&quot;}\" data-image-title=\"IMG_6022\" data-image-description=\"\" data-image-caption=\"\" data-medium-file=\"https:\/\/i0.wp.com\/joyana.fr\/wp-content\/uploads\/2018\/07\/IMG_6022.jpg?fit=389%2C389&amp;ssl=1\" data-large-file=\"https:\/\/i0.wp.com\/joyana.fr\/wp-content\/uploads\/2018\/07\/IMG_6022.jpg?fit=1024%2C1024&amp;ssl=1\" class=\"alignnone size-full wp-image-126751\" src=\"https:\/\/i0.wp.com\/joyana.fr\/wp-content\/uploads\/2018\/07\/IMG_6022.jpg?resize=1896%2C1896&#038;ssl=1\" alt=\"\" width=\"1896\" height=\"1896\" srcset=\"https:\/\/i0.wp.com\/joyana.fr\/wp-content\/uploads\/2018\/07\/IMG_6022.jpg?w=1896&amp;ssl=1 1896w, https:\/\/i0.wp.com\/joyana.fr\/wp-content\/uploads\/2018\/07\/IMG_6022.jpg?resize=300%2C300&amp;ssl=1 300w, https:\/\/i0.wp.com\/joyana.fr\/wp-content\/uploads\/2018\/07\/IMG_6022.jpg?resize=100%2C100&amp;ssl=1 100w, https:\/\/i0.wp.com\/joyana.fr\/wp-content\/uploads\/2018\/07\/IMG_6022.jpg?resize=600%2C600&amp;ssl=1 600w\" sizes=\"(max-width: 1000px) 100vw, 1000px\" \/><\/p>\n<div data-carousel-extra='{\"blog_id\":1,\"permalink\":\"https:\\\/\\\/joyana.fr\\\/ja\\\/design-parade-hyeres-toulon-2018\\\/126741\\\/\"}' id='gallery-1' class='gallery galleryid-126741 gallery-columns-3 gallery-size-thumbnail'><figure class='gallery-item'>\r\n\t\t\t<div class='gallery-icon landscape'>\r\n\t\t\t\t<a href='https:\/\/joyana.fr\/ja\/design-parade-hyeres-toulon-2018\/126741\/img_6020\/'><img loading=\"lazy\" decoding=\"async\" width=\"150\" height=\"150\" src=\"https:\/\/i0.wp.com\/joyana.fr\/wp-content\/uploads\/2018\/07\/IMG_6020.jpg?resize=150%2C150&amp;ssl=1\" class=\"attachment-thumbnail size-thumbnail\" alt=\"\" srcset=\"https:\/\/i0.wp.com\/joyana.fr\/wp-content\/uploads\/2018\/07\/IMG_6020.jpg?w=1492&amp;ssl=1 1492w, https:\/\/i0.wp.com\/joyana.fr\/wp-content\/uploads\/2018\/07\/IMG_6020.jpg?resize=300%2C300&amp;ssl=1 300w, https:\/\/i0.wp.com\/joyana.fr\/wp-content\/uploads\/2018\/07\/IMG_6020.jpg?resize=100%2C100&amp;ssl=1 100w, https:\/\/i0.wp.com\/joyana.fr\/wp-content\/uploads\/2018\/07\/IMG_6020.jpg?resize=600%2C600&amp;ssl=1 600w\" sizes=\"(max-width: 150px) 100vw, 150px\" data-attachment-id=\"126749\" data-permalink=\"https:\/\/joyana.fr\/ja\/design-parade-hyeres-toulon-2018\/126741\/img_6020\/\" data-orig-file=\"https:\/\/i0.wp.com\/joyana.fr\/wp-content\/uploads\/2018\/07\/IMG_6020.jpg?fit=1492%2C1492&amp;ssl=1\" data-orig-size=\"1492,1492\" data-comments-opened=\"1\" data-image-meta=\"{&quot;aperture&quot;:&quot;2&quot;,&quot;credit&quot;:&quot;&quot;,&quot;camera&quot;:&quot;ILCE-7M2&quot;,&quot;caption&quot;:&quot;&quot;,&quot;created_timestamp&quot;:&quot;1531052626&quot;,&quot;copyright&quot;:&quot;&quot;,&quot;focal_length&quot;:&quot;55&quot;,&quot;iso&quot;:&quot;64&quot;,&quot;shutter_speed&quot;:&quot;0.002&quot;,&quot;title&quot;:&quot;&quot;,&quot;orientation&quot;:&quot;1&quot;}\" data-image-title=\"IMG_6020\" data-image-description=\"\" data-image-caption=\"\" data-medium-file=\"https:\/\/i0.wp.com\/joyana.fr\/wp-content\/uploads\/2018\/07\/IMG_6020.jpg?fit=389%2C389&amp;ssl=1\" data-large-file=\"https:\/\/i0.wp.com\/joyana.fr\/wp-content\/uploads\/2018\/07\/IMG_6020.jpg?fit=1024%2C1024&amp;ssl=1\" \/><\/a>\r\n\t\t\t<\/div><\/figure><figure class='gallery-item'>\r\n\t\t\t<div class='gallery-icon landscape'>\r\n\t\t\t\t<a href='https:\/\/joyana.fr\/ja\/design-parade-hyeres-toulon-2018\/126741\/img_6019\/'><img loading=\"lazy\" decoding=\"async\" width=\"150\" height=\"150\" src=\"https:\/\/i0.wp.com\/joyana.fr\/wp-content\/uploads\/2018\/07\/IMG_6019.jpg?resize=150%2C150&amp;ssl=1\" class=\"attachment-thumbnail size-thumbnail\" alt=\"\" srcset=\"https:\/\/i0.wp.com\/joyana.fr\/wp-content\/uploads\/2018\/07\/IMG_6019.jpg?w=1610&amp;ssl=1 1610w, https:\/\/i0.wp.com\/joyana.fr\/wp-content\/uploads\/2018\/07\/IMG_6019.jpg?resize=300%2C300&amp;ssl=1 300w, https:\/\/i0.wp.com\/joyana.fr\/wp-content\/uploads\/2018\/07\/IMG_6019.jpg?resize=100%2C100&amp;ssl=1 100w, https:\/\/i0.wp.com\/joyana.fr\/wp-content\/uploads\/2018\/07\/IMG_6019.jpg?resize=600%2C600&amp;ssl=1 600w\" sizes=\"(max-width: 150px) 100vw, 150px\" data-attachment-id=\"126748\" data-permalink=\"https:\/\/joyana.fr\/ja\/design-parade-hyeres-toulon-2018\/126741\/img_6019\/\" data-orig-file=\"https:\/\/i0.wp.com\/joyana.fr\/wp-content\/uploads\/2018\/07\/IMG_6019.jpg?fit=1610%2C1610&amp;ssl=1\" data-orig-size=\"1610,1610\" data-comments-opened=\"1\" data-image-meta=\"{&quot;aperture&quot;:&quot;5&quot;,&quot;credit&quot;:&quot;&quot;,&quot;camera&quot;:&quot;ILCE-7M2&quot;,&quot;caption&quot;:&quot;&quot;,&quot;created_timestamp&quot;:&quot;1531053853&quot;,&quot;copyright&quot;:&quot;&quot;,&quot;focal_length&quot;:&quot;55&quot;,&quot;iso&quot;:&quot;100&quot;,&quot;shutter_speed&quot;:&quot;0.005&quot;,&quot;title&quot;:&quot;&quot;,&quot;orientation&quot;:&quot;1&quot;}\" data-image-title=\"IMG_6019\" data-image-description=\"\" data-image-caption=\"\" data-medium-file=\"https:\/\/i0.wp.com\/joyana.fr\/wp-content\/uploads\/2018\/07\/IMG_6019.jpg?fit=389%2C389&amp;ssl=1\" data-large-file=\"https:\/\/i0.wp.com\/joyana.fr\/wp-content\/uploads\/2018\/07\/IMG_6019.jpg?fit=1024%2C1024&amp;ssl=1\" \/><\/a>\r\n\t\t\t<\/div><\/figure><figure class='gallery-item'>\r\n\t\t\t<div class='gallery-icon landscape'>\r\n\t\t\t\t<a href='https:\/\/joyana.fr\/ja\/design-parade-hyeres-toulon-2018\/126741\/img_6018\/'><img loading=\"lazy\" decoding=\"async\" width=\"150\" height=\"150\" src=\"https:\/\/i0.wp.com\/joyana.fr\/wp-content\/uploads\/2018\/07\/IMG_6018.jpg?resize=150%2C150&amp;ssl=1\" class=\"attachment-thumbnail size-thumbnail\" alt=\"\" srcset=\"https:\/\/i0.wp.com\/joyana.fr\/wp-content\/uploads\/2018\/07\/IMG_6018.jpg?w=2000&amp;ssl=1 2000w, https:\/\/i0.wp.com\/joyana.fr\/wp-content\/uploads\/2018\/07\/IMG_6018.jpg?resize=300%2C300&amp;ssl=1 300w, https:\/\/i0.wp.com\/joyana.fr\/wp-content\/uploads\/2018\/07\/IMG_6018.jpg?resize=100%2C100&amp;ssl=1 100w, https:\/\/i0.wp.com\/joyana.fr\/wp-content\/uploads\/2018\/07\/IMG_6018.jpg?resize=600%2C600&amp;ssl=1 600w\" sizes=\"(max-width: 150px) 100vw, 150px\" data-attachment-id=\"126747\" data-permalink=\"https:\/\/joyana.fr\/ja\/design-parade-hyeres-toulon-2018\/126741\/img_6018\/\" data-orig-file=\"https:\/\/i0.wp.com\/joyana.fr\/wp-content\/uploads\/2018\/07\/IMG_6018.jpg?fit=2000%2C2000&amp;ssl=1\" data-orig-size=\"2000,2000\" data-comments-opened=\"1\" data-image-meta=\"{&quot;aperture&quot;:&quot;2.5&quot;,&quot;credit&quot;:&quot;&quot;,&quot;camera&quot;:&quot;ILCE-7M2&quot;,&quot;caption&quot;:&quot;&quot;,&quot;created_timestamp&quot;:&quot;1531055272&quot;,&quot;copyright&quot;:&quot;&quot;,&quot;focal_length&quot;:&quot;55&quot;,&quot;iso&quot;:&quot;100&quot;,&quot;shutter_speed&quot;:&quot;0.002&quot;,&quot;title&quot;:&quot;&quot;,&quot;orientation&quot;:&quot;1&quot;}\" data-image-title=\"IMG_6018\" data-image-description=\"\" data-image-caption=\"\" data-medium-file=\"https:\/\/i0.wp.com\/joyana.fr\/wp-content\/uploads\/2018\/07\/IMG_6018.jpg?fit=389%2C389&amp;ssl=1\" data-large-file=\"https:\/\/i0.wp.com\/joyana.fr\/wp-content\/uploads\/2018\/07\/IMG_6018.jpg?fit=1024%2C1024&amp;ssl=1\" \/><\/a>\r\n\t\t\t<\/div><\/figure><\/div>\n\n<p><img data-recalc-dims=\"1\" loading=\"lazy\" decoding=\"async\" data-attachment-id=\"126767\" data-permalink=\"https:\/\/joyana.fr\/ja\/design-parade-hyeres-toulon-2018\/126741\/img_6052\/\" data-orig-file=\"https:\/\/i0.wp.com\/joyana.fr\/wp-content\/uploads\/2018\/07\/IMG_6052.jpg?fit=1280%2C1280&amp;ssl=1\" data-orig-size=\"1280,1280\" data-comments-opened=\"1\" data-image-meta=\"{&quot;aperture&quot;:&quot;20&quot;,&quot;credit&quot;:&quot;&quot;,&quot;camera&quot;:&quot;ILCE-7M2&quot;,&quot;caption&quot;:&quot;&quot;,&quot;created_timestamp&quot;:&quot;1531062396&quot;,&quot;copyright&quot;:&quot;&quot;,&quot;focal_length&quot;:&quot;35&quot;,&quot;iso&quot;:&quot;320&quot;,&quot;shutter_speed&quot;:&quot;0.0125&quot;,&quot;title&quot;:&quot;&quot;,&quot;orientation&quot;:&quot;0&quot;}\" data-image-title=\"IMG_6052\" data-image-description=\"\" data-image-caption=\"\" data-medium-file=\"https:\/\/i0.wp.com\/joyana.fr\/wp-content\/uploads\/2018\/07\/IMG_6052.jpg?fit=389%2C389&amp;ssl=1\" data-large-file=\"https:\/\/i0.wp.com\/joyana.fr\/wp-content\/uploads\/2018\/07\/IMG_6052.jpg?fit=1024%2C1024&amp;ssl=1\" class=\"alignnone size-full wp-image-126767\" src=\"https:\/\/i0.wp.com\/joyana.fr\/wp-content\/uploads\/2018\/07\/IMG_6052.jpg?resize=1280%2C1280&#038;ssl=1\" alt=\"\" width=\"1280\" height=\"1280\" srcset=\"https:\/\/i0.wp.com\/joyana.fr\/wp-content\/uploads\/2018\/07\/IMG_6052.jpg?w=1280&amp;ssl=1 1280w, https:\/\/i0.wp.com\/joyana.fr\/wp-content\/uploads\/2018\/07\/IMG_6052.jpg?resize=300%2C300&amp;ssl=1 300w, https:\/\/i0.wp.com\/joyana.fr\/wp-content\/uploads\/2018\/07\/IMG_6052.jpg?resize=100%2C100&amp;ssl=1 100w, https:\/\/i0.wp.com\/joyana.fr\/wp-content\/uploads\/2018\/07\/IMG_6052.jpg?resize=600%2C600&amp;ssl=1 600w\" sizes=\"(max-width: 1000px) 100vw, 1000px\" \/><\/p>\n<p style=\"text-align: center;\">En savoir + sur la <a href=\"http:\/\/villanoailles-hyeres.com\/festival-2018\/pw\/\"><strong>DESIGN PARADE<\/strong><\/a><\/p>\n","protected":false},"excerpt":{"rendered":"<p>Cette \u00e9dition de la DESIGN PARADE 2018 est la 3\u00e8me \u00e9dition de ce festival international d&#8217;architecture d&#8217;int\u00e9rieur. Du 28 Juin au 1er Juillet 2018, le monde du design et de la d\u00e9coration s&#8217;\u00e9tait donn\u00e9 rendez-vous \u00e0 Hy\u00e8res et Toulon pour d\u00e9couvrir les projets pr\u00e9sent\u00e9s par la jeunesse du design, et les sc\u00e9nographies imagin\u00e9es par de grands noms&#8230;<\/p>\n","protected":false},"author":3,"featured_media":126777,"comment_status":"open","ping_status":"open","sticky":false,"template":"","format":"standard","meta":{"_coblocks_attr":"","_coblocks_dimensions":"","_coblocks_responsive_height":"","_coblocks_accordion_ie_support":"","_uag_custom_page_level_css":"","advgb_blocks_editor_width":"","advgb_blocks_columns_visual_guide":"","_genesis_hide_title":false,"_genesis_hide_breadcrumbs":false,"_genesis_hide_singular_image":false,"_genesis_hide_footer_widgets":false,"_genesis_custom_body_class":"","_genesis_custom_post_class":"","_genesis_layout":"","_themeisle_gutenberg_block_has_review":false,"_jetpack_newsletter_access":"","_jetpack_dont_email_post_to_subs":false,"_jetpack_newsletter_tier_id":0,"_jetpack_memberships_contains_paywalled_content":false,"_jetpack_memberships_contains_paid_content":false,"footnotes":""},"categories":[80,2482,905],"tags":[1424,2493,2494,2495,618],"class_list":{"0":"post-126741","1":"post","2":"type-post","3":"status-publish","4":"format-standard","5":"has-post-thumbnail","7":"category-news","8":"category-art","9":"category-deco-design","10":"tag-design-parade-2","11":"tag-design-parade-2018","12":"tag-design-parade-hyeres","13":"tag-design-parade-toulon","14":"tag-hyeres","15":"entry"},"featured_image_urls":{"full":["https:\/\/i0.wp.com\/joyana.fr\/wp-content\/uploads\/2018\/07\/IMG_6038.jpg?fit=2000%2C2000&ssl=1",2000,2000,false],"thumbnail":["https:\/\/i0.wp.com\/joyana.fr\/wp-content\/uploads\/2018\/07\/IMG_6038.jpg?resize=150%2C150&ssl=1",150,150,true],"medium":["https:\/\/i0.wp.com\/joyana.fr\/wp-content\/uploads\/2018\/07\/IMG_6038.jpg?fit=389%2C389&ssl=1",389,389,true],"medium_large":["https:\/\/i0.wp.com\/joyana.fr\/wp-content\/uploads\/2018\/07\/IMG_6038.jpg?fit=768%2C768&ssl=1",768,768,true],"large":["https:\/\/i0.wp.com\/joyana.fr\/wp-content\/uploads\/2018\/07\/IMG_6038.jpg?fit=1024%2C1024&ssl=1",1024,1024,true],"1536x1536":["https:\/\/i0.wp.com\/joyana.fr\/wp-content\/uploads\/2018\/07\/IMG_6038.jpg?fit=1536%2C1536&ssl=1",1536,1536,true],"2048x2048":["https:\/\/i0.wp.com\/joyana.fr\/wp-content\/uploads\/2018\/07\/IMG_6038.jpg?fit=2000%2C2000&ssl=1",2000,2000,true],"featured-thumb":["https:\/\/i0.wp.com\/joyana.fr\/wp-content\/uploads\/2018\/07\/IMG_6038.jpg?resize=1903%2C750&ssl=1",1903,750,true],"ab-block-post-grid-landscape":["https:\/\/i0.wp.com\/joyana.fr\/wp-content\/uploads\/2018\/07\/IMG_6038.jpg?resize=600%2C400&ssl=1",600,400,true],"ab-block-post-grid-square":["https:\/\/i0.wp.com\/joyana.fr\/wp-content\/uploads\/2018\/07\/IMG_6038.jpg?resize=600%2C600&ssl=1",600,600,true],"author-pro-image":["https:\/\/i0.wp.com\/joyana.fr\/wp-content\/uploads\/2018\/07\/IMG_6038.jpg?resize=360%2C570&ssl=1",360,570,true],"slider":["https:\/\/i0.wp.com\/joyana.fr\/wp-content\/uploads\/2018\/07\/IMG_6038.jpg?resize=920%2C400&ssl=1",920,400,true],"woocommerce_thumbnail":["https:\/\/i0.wp.com\/joyana.fr\/wp-content\/uploads\/2018\/07\/IMG_6038.jpg?resize=450%2C450&ssl=1",450,450,true],"woocommerce_single":["https:\/\/i0.wp.com\/joyana.fr\/wp-content\/uploads\/2018\/07\/IMG_6038.jpg?fit=920%2C920&ssl=1",920,920,true],"woocommerce_gallery_thumbnail":["https:\/\/i0.wp.com\/joyana.fr\/wp-content\/uploads\/2018\/07\/IMG_6038.jpg?resize=180%2C180&ssl=1",180,180,true],"sow-carousel-default":["https:\/\/i0.wp.com\/joyana.fr\/wp-content\/uploads\/2018\/07\/IMG_6038.jpg?resize=272%2C182&ssl=1",272,182,true]},"post_excerpt_stackable":"<p>Cette \u00e9dition de la DESIGN PARADE 2018 est la 3\u00e8me \u00e9dition de ce festival international d&#8217;architecture d&#8217;int\u00e9rieur. Du 28 Juin au 1er Juillet 2018, le monde du design et de la d\u00e9coration s&#8217;\u00e9tait donn\u00e9 rendez-vous \u00e0 Hy\u00e8res et Toulon pour d\u00e9couvrir les projets pr\u00e9sent\u00e9s par la jeunesse du design, et les sc\u00e9nographies imagin\u00e9es par de grands noms&#8230;<\/p>\n","category_list":"<a href=\"https:\/\/joyana.fr\/ja\/category\/blog\/news\/\" rel=\"category tag\">A LA UNE<\/a>, <a href=\"https:\/\/joyana.fr\/ja\/category\/blog\/art\/\" rel=\"category tag\">ART<\/a>, <a href=\"https:\/\/joyana.fr\/ja\/category\/deco-design\/\" rel=\"category tag\">DECO-DESIGN<\/a>","author_info":{"display_name":"Jo Yana","author_link":"https:\/\/joyana.fr\/ja\/author\/joyana\/"},"comments_num":"0 comments","featured_image_urls_v2":{"full":["https:\/\/i0.wp.com\/joyana.fr\/wp-content\/uploads\/2018\/07\/IMG_6038.jpg?fit=2000%2C2000&ssl=1",2000,2000,false],"thumbnail":["https:\/\/i0.wp.com\/joyana.fr\/wp-content\/uploads\/2018\/07\/IMG_6038.jpg?resize=150%2C150&ssl=1",150,150,true],"medium":["https:\/\/i0.wp.com\/joyana.fr\/wp-content\/uploads\/2018\/07\/IMG_6038.jpg?fit=389%2C389&ssl=1",389,389,true],"medium_large":["https:\/\/i0.wp.com\/joyana.fr\/wp-content\/uploads\/2018\/07\/IMG_6038.jpg?fit=768%2C768&ssl=1",768,768,true],"large":["https:\/\/i0.wp.com\/joyana.fr\/wp-content\/uploads\/2018\/07\/IMG_6038.jpg?fit=1024%2C1024&ssl=1",1024,1024,true],"1536x1536":["https:\/\/i0.wp.com\/joyana.fr\/wp-content\/uploads\/2018\/07\/IMG_6038.jpg?fit=1536%2C1536&ssl=1",1536,1536,true],"2048x2048":["https:\/\/i0.wp.com\/joyana.fr\/wp-content\/uploads\/2018\/07\/IMG_6038.jpg?fit=2000%2C2000&ssl=1",2000,2000,true],"featured-thumb":["https:\/\/i0.wp.com\/joyana.fr\/wp-content\/uploads\/2018\/07\/IMG_6038.jpg?resize=1903%2C750&ssl=1",1903,750,true],"ab-block-post-grid-landscape":["https:\/\/i0.wp.com\/joyana.fr\/wp-content\/uploads\/2018\/07\/IMG_6038.jpg?resize=600%2C400&ssl=1",600,400,true],"ab-block-post-grid-square":["https:\/\/i0.wp.com\/joyana.fr\/wp-content\/uploads\/2018\/07\/IMG_6038.jpg?resize=600%2C600&ssl=1",600,600,true],"author-pro-image":["https:\/\/i0.wp.com\/joyana.fr\/wp-content\/uploads\/2018\/07\/IMG_6038.jpg?resize=360%2C570&ssl=1",360,570,true],"slider":["https:\/\/i0.wp.com\/joyana.fr\/wp-content\/uploads\/2018\/07\/IMG_6038.jpg?resize=920%2C400&ssl=1",920,400,true],"woocommerce_thumbnail":["https:\/\/i0.wp.com\/joyana.fr\/wp-content\/uploads\/2018\/07\/IMG_6038.jpg?resize=450%2C450&ssl=1",450,450,true],"woocommerce_single":["https:\/\/i0.wp.com\/joyana.fr\/wp-content\/uploads\/2018\/07\/IMG_6038.jpg?fit=920%2C920&ssl=1",920,920,true],"woocommerce_gallery_thumbnail":["https:\/\/i0.wp.com\/joyana.fr\/wp-content\/uploads\/2018\/07\/IMG_6038.jpg?resize=180%2C180&ssl=1",180,180,true],"sow-carousel-default":["https:\/\/i0.wp.com\/joyana.fr\/wp-content\/uploads\/2018\/07\/IMG_6038.jpg?resize=272%2C182&ssl=1",272,182,true]},"post_excerpt_stackable_v2":"<p>Cette \u00e9dition de la DESIGN PARADE 2018 est la 3\u00e8me \u00e9dition de ce festival international d&#8217;architecture d&#8217;int\u00e9rieur. Du 28 Juin au 1er Juillet 2018, le monde du design et de la d\u00e9coration s&#8217;\u00e9tait donn\u00e9 rendez-vous \u00e0 Hy\u00e8res et Toulon pour d\u00e9couvrir les projets pr\u00e9sent\u00e9s par la jeunesse du design, et les sc\u00e9nographies imagin\u00e9es par de grands noms&#8230;<\/p>\n","category_list_v2":"<a href=\"https:\/\/joyana.fr\/ja\/category\/blog\/news\/\" rel=\"category tag\">A LA UNE<\/a>, <a href=\"https:\/\/joyana.fr\/ja\/category\/blog\/art\/\" rel=\"category tag\">ART<\/a>, <a href=\"https:\/\/joyana.fr\/ja\/category\/deco-design\/\" rel=\"category tag\">DECO-DESIGN<\/a>","author_info_v2":{"name":"Jo Yana","url":"https:\/\/joyana.fr\/ja\/author\/joyana\/"},"comments_num_v2":"0 comments","yoast_head":"<!-- This site is optimized with the Yoast SEO plugin v26.8 - https:\/\/yoast.com\/product\/yoast-seo-wordpress\/ -->\n<title>DESIGN PARADE HY\u00c8RES\/TOULON 2018 | Blog Design JO YANA<\/title>\n<meta name=\"description\" content=\"Cette \u00e9dition de la DESIGN PARADE 2018 est la 3\u00e8me \u00e9dition de ce festival international d&#039;architecture d&#039;int\u00e9rieur. Du 28 Juin au 1er Juillet 2018, le monde du design et de la d\u00e9coration s&#039;\u00e9tait donn\u00e9 rendez-vous \u00e0 Hy\u00e8res et Toulon...\" \/>\n<meta name=\"robots\" content=\"index, follow, max-snippet:-1, max-image-preview:large, max-video-preview:-1\" \/>\n<link rel=\"canonical\" href=\"https:\/\/www.joyana.fr\/ja\/design-parade-hyeres-toulon-2018\/126741\/\" \/>\n<meta property=\"og:locale\" content=\"ja_JP\" \/>\n<meta property=\"og:locale:alternate\" content=\"fr_FR\" \/>\n<meta property=\"og:locale:alternate\" content=\"en_US\" \/>\n<meta property=\"og:type\" content=\"article\" \/>\n<meta property=\"og:title\" content=\"DESIGN PARADE HY\u00c8RES\/TOULON 2018 | Blog Design JO YANA\" \/>\n<meta property=\"og:description\" content=\"Cette \u00e9dition de la DESIGN PARADE 2018 est la 3\u00e8me \u00e9dition de ce festival international d&#039;architecture d&#039;int\u00e9rieur. Du 28 Juin au 1er Juillet 2018, le monde du design et de la d\u00e9coration s&#039;\u00e9tait donn\u00e9 rendez-vous \u00e0 Hy\u00e8res et Toulon...\" \/>\n<meta property=\"og:url\" content=\"https:\/\/joyana.fr\/ja\/design-parade-hyeres-toulon-2018\/126741\/\" \/>\n<meta property=\"og:site_name\" content=\"JO YANA\" \/>\n<meta property=\"article:published_time\" content=\"2018-07-11T16:27:33+00:00\" \/>\n<meta property=\"article:modified_time\" content=\"2018-07-11T18:24:48+00:00\" \/>\n<meta property=\"og:image\" content=\"https:\/\/www.joyana.fr\/wp-content\/uploads\/2018\/07\/IMG_6038.jpg\" \/>\n\t<meta property=\"og:image:width\" content=\"2000\" \/>\n\t<meta property=\"og:image:height\" content=\"2000\" \/>\n\t<meta property=\"og:image:type\" content=\"image\/jpeg\" \/>\n<meta name=\"author\" content=\"Jo Yana\" \/>\n<meta name=\"twitter:card\" content=\"summary_large_image\" \/>\n<meta name=\"twitter:creator\" content=\"@Jo_Yana\" \/>\n<meta name=\"twitter:site\" content=\"@Jo_Yana\" \/>\n<meta name=\"twitter:label1\" content=\"\u57f7\u7b46\u8005\" \/>\n\t<meta name=\"twitter:data1\" content=\"Jo Yana\" \/>\n\t<meta name=\"twitter:label2\" content=\"\u63a8\u5b9a\u8aad\u307f\u53d6\u308a\u6642\u9593\" \/>\n\t<meta name=\"twitter:data2\" content=\"3\u5206\" \/>\n<script type=\"application\/ld+json\" class=\"yoast-schema-graph\">{\"@context\":\"https:\/\/schema.org\",\"@graph\":[{\"@type\":\"Article\",\"@id\":\"https:\/\/www.joyana.fr\/ja\/design-parade-hyeres-toulon-2018\/126741\/#article\",\"isPartOf\":{\"@id\":\"https:\/\/www.joyana.fr\/ja\/design-parade-hyeres-toulon-2018\/126741\/\"},\"author\":{\"name\":\"Jo Yana\",\"@id\":\"https:\/\/www.joyana.fr\/ja\/#\/schema\/person\/cf2a1ad12a27c12c21801075bf37407c\"},\"headline\":\"DESIGN PARADE HY\u00c8RES\/TOULON 2018\",\"datePublished\":\"2018-07-11T16:27:33+00:00\",\"dateModified\":\"2018-07-11T18:24:48+00:00\",\"mainEntityOfPage\":{\"@id\":\"https:\/\/www.joyana.fr\/ja\/design-parade-hyeres-toulon-2018\/126741\/\"},\"wordCount\":575,\"commentCount\":0,\"publisher\":{\"@id\":\"https:\/\/www.joyana.fr\/ja\/#\/schema\/person\/cf2a1ad12a27c12c21801075bf37407c\"},\"image\":{\"@id\":\"https:\/\/www.joyana.fr\/ja\/design-parade-hyeres-toulon-2018\/126741\/#primaryimage\"},\"thumbnailUrl\":\"https:\/\/i0.wp.com\/joyana.fr\/wp-content\/uploads\/2018\/07\/IMG_6038.jpg?fit=2000%2C2000&ssl=1\",\"keywords\":[\"DESIGN PARADE\",\"Design Parade 2018\",\"Design Parade Hy\u00e8res\",\"Design Parade Toulon\",\"Hy\u00e8res\"],\"articleSection\":[\"A LA UNE\",\"ART\",\"DECO-DESIGN\"],\"inLanguage\":\"ja\",\"potentialAction\":[{\"@type\":\"CommentAction\",\"name\":\"Comment\",\"target\":[\"https:\/\/www.joyana.fr\/ja\/design-parade-hyeres-toulon-2018\/126741\/#respond\"]}]},{\"@type\":\"WebPage\",\"@id\":\"https:\/\/www.joyana.fr\/ja\/design-parade-hyeres-toulon-2018\/126741\/\",\"url\":\"https:\/\/www.joyana.fr\/ja\/design-parade-hyeres-toulon-2018\/126741\/\",\"name\":\"DESIGN PARADE HY\u00c8RES\/TOULON 2018 | Blog Design JO YANA\",\"isPartOf\":{\"@id\":\"https:\/\/www.joyana.fr\/ja\/#website\"},\"primaryImageOfPage\":{\"@id\":\"https:\/\/www.joyana.fr\/ja\/design-parade-hyeres-toulon-2018\/126741\/#primaryimage\"},\"image\":{\"@id\":\"https:\/\/www.joyana.fr\/ja\/design-parade-hyeres-toulon-2018\/126741\/#primaryimage\"},\"thumbnailUrl\":\"https:\/\/i0.wp.com\/joyana.fr\/wp-content\/uploads\/2018\/07\/IMG_6038.jpg?fit=2000%2C2000&ssl=1\",\"datePublished\":\"2018-07-11T16:27:33+00:00\",\"dateModified\":\"2018-07-11T18:24:48+00:00\",\"description\":\"Cette \u00e9dition de la DESIGN PARADE 2018 est la 3\u00e8me \u00e9dition de ce festival international d'architecture d'int\u00e9rieur. Du 28 Juin au 1er Juillet 2018, le monde du design et de la d\u00e9coration s'\u00e9tait donn\u00e9 rendez-vous \u00e0 Hy\u00e8res et Toulon...\",\"breadcrumb\":{\"@id\":\"https:\/\/www.joyana.fr\/ja\/design-parade-hyeres-toulon-2018\/126741\/#breadcrumb\"},\"inLanguage\":\"ja\",\"potentialAction\":[{\"@type\":\"ReadAction\",\"target\":[\"https:\/\/www.joyana.fr\/ja\/design-parade-hyeres-toulon-2018\/126741\/\"]}]},{\"@type\":\"ImageObject\",\"inLanguage\":\"ja\",\"@id\":\"https:\/\/www.joyana.fr\/ja\/design-parade-hyeres-toulon-2018\/126741\/#primaryimage\",\"url\":\"https:\/\/i0.wp.com\/joyana.fr\/wp-content\/uploads\/2018\/07\/IMG_6038.jpg?fit=2000%2C2000&ssl=1\",\"contentUrl\":\"https:\/\/i0.wp.com\/joyana.fr\/wp-content\/uploads\/2018\/07\/IMG_6038.jpg?fit=2000%2C2000&ssl=1\",\"width\":2000,\"height\":2000},{\"@type\":\"BreadcrumbList\",\"@id\":\"https:\/\/www.joyana.fr\/ja\/design-parade-hyeres-toulon-2018\/126741\/#breadcrumb\",\"itemListElement\":[{\"@type\":\"ListItem\",\"position\":1,\"name\":\"Accueil\",\"item\":\"https:\/\/www.joyana.fr\/ja\/\"},{\"@type\":\"ListItem\",\"position\":2,\"name\":\"DESIGN PARADE HY\u00c8RES\/TOULON 2018\"}]},{\"@type\":\"WebSite\",\"@id\":\"https:\/\/www.joyana.fr\/ja\/#website\",\"url\":\"https:\/\/www.joyana.fr\/ja\/\",\"name\":\"JO YANA\",\"description\":\"Blog Mode Homme, Lifestyle, D\u00e9co-Design\",\"publisher\":{\"@id\":\"https:\/\/www.joyana.fr\/ja\/#\/schema\/person\/cf2a1ad12a27c12c21801075bf37407c\"},\"potentialAction\":[{\"@type\":\"SearchAction\",\"target\":{\"@type\":\"EntryPoint\",\"urlTemplate\":\"https:\/\/www.joyana.fr\/ja\/?s={search_term_string}\"},\"query-input\":{\"@type\":\"PropertyValueSpecification\",\"valueRequired\":true,\"valueName\":\"search_term_string\"}}],\"inLanguage\":\"ja\"},{\"@type\":[\"Person\",\"Organization\"],\"@id\":\"https:\/\/www.joyana.fr\/ja\/#\/schema\/person\/cf2a1ad12a27c12c21801075bf37407c\",\"name\":\"Jo Yana\",\"image\":{\"@type\":\"ImageObject\",\"inLanguage\":\"ja\",\"@id\":\"https:\/\/www.joyana.fr\/ja\/#\/schema\/person\/image\/\",\"url\":\"https:\/\/i0.wp.com\/joyana.fr\/wp-content\/uploads\/2016\/08\/cropped-joyana-logo-black-360x180.png?fit=343%2C164&ssl=1\",\"contentUrl\":\"https:\/\/i0.wp.com\/joyana.fr\/wp-content\/uploads\/2016\/08\/cropped-joyana-logo-black-360x180.png?fit=343%2C164&ssl=1\",\"width\":343,\"height\":164,\"caption\":\"Jo Yana\"},\"logo\":{\"@id\":\"https:\/\/www.joyana.fr\/ja\/#\/schema\/person\/image\/\"},\"description\":\"Jo Yana est le cr\u00e9ateur et r\u00e9dacteur en chef des sites DECO-DESIGN. Passionn\u00e9 de Design, Mode, Photo, Luxe, Lifestyle, Musique, mais avant tout Blogueur ! Le plaisir de partager l'anime et a comme devise \\\"POUR L'AMOUR DU BEAU\\\". Retrouvez le aussi sur son blog personnel - https:\/\/joyana.fr...\",\"sameAs\":[\"https:\/\/joyana.fr\/\"],\"url\":\"https:\/\/joyana.fr\/ja\/author\/joyana\/\"}]}<\/script>\n<!-- \/ Yoast SEO plugin. -->","yoast_head_json":{"title":"DESIGN PARADE HY\u00c8RES\/TOULON 2018 | Blog Design JO YANA","description":"Cette \u00e9dition de la DESIGN PARADE 2018 est la 3\u00e8me \u00e9dition de ce festival international d'architecture d'int\u00e9rieur. Du 28 Juin au 1er Juillet 2018, le monde du design et de la d\u00e9coration s'\u00e9tait donn\u00e9 rendez-vous \u00e0 Hy\u00e8res et Toulon...","robots":{"index":"index","follow":"follow","max-snippet":"max-snippet:-1","max-image-preview":"max-image-preview:large","max-video-preview":"max-video-preview:-1"},"canonical":"https:\/\/www.joyana.fr\/ja\/design-parade-hyeres-toulon-2018\/126741\/","og_locale":"ja_JP","og_type":"article","og_title":"DESIGN PARADE HY\u00c8RES\/TOULON 2018 | Blog Design JO YANA","og_description":"Cette \u00e9dition de la DESIGN PARADE 2018 est la 3\u00e8me \u00e9dition de ce festival international d'architecture d'int\u00e9rieur. Du 28 Juin au 1er Juillet 2018, le monde du design et de la d\u00e9coration s'\u00e9tait donn\u00e9 rendez-vous \u00e0 Hy\u00e8res et Toulon...","og_url":"https:\/\/joyana.fr\/ja\/design-parade-hyeres-toulon-2018\/126741\/","og_site_name":"JO YANA","article_published_time":"2018-07-11T16:27:33+00:00","article_modified_time":"2018-07-11T18:24:48+00:00","og_image":[{"width":2000,"height":2000,"url":"https:\/\/www.joyana.fr\/wp-content\/uploads\/2018\/07\/IMG_6038.jpg","type":"image\/jpeg"}],"author":"Jo Yana","twitter_card":"summary_large_image","twitter_creator":"@Jo_Yana","twitter_site":"@Jo_Yana","twitter_misc":{"\u57f7\u7b46\u8005":"Jo Yana","\u63a8\u5b9a\u8aad\u307f\u53d6\u308a\u6642\u9593":"3\u5206"},"schema":{"@context":"https:\/\/schema.org","@graph":[{"@type":"Article","@id":"https:\/\/www.joyana.fr\/ja\/design-parade-hyeres-toulon-2018\/126741\/#article","isPartOf":{"@id":"https:\/\/www.joyana.fr\/ja\/design-parade-hyeres-toulon-2018\/126741\/"},"author":{"name":"Jo Yana","@id":"https:\/\/www.joyana.fr\/ja\/#\/schema\/person\/cf2a1ad12a27c12c21801075bf37407c"},"headline":"DESIGN PARADE HY\u00c8RES\/TOULON 2018","datePublished":"2018-07-11T16:27:33+00:00","dateModified":"2018-07-11T18:24:48+00:00","mainEntityOfPage":{"@id":"https:\/\/www.joyana.fr\/ja\/design-parade-hyeres-toulon-2018\/126741\/"},"wordCount":575,"commentCount":0,"publisher":{"@id":"https:\/\/www.joyana.fr\/ja\/#\/schema\/person\/cf2a1ad12a27c12c21801075bf37407c"},"image":{"@id":"https:\/\/www.joyana.fr\/ja\/design-parade-hyeres-toulon-2018\/126741\/#primaryimage"},"thumbnailUrl":"https:\/\/i0.wp.com\/joyana.fr\/wp-content\/uploads\/2018\/07\/IMG_6038.jpg?fit=2000%2C2000&ssl=1","keywords":["DESIGN PARADE","Design Parade 2018","Design Parade Hy\u00e8res","Design Parade Toulon","Hy\u00e8res"],"articleSection":["A LA UNE","ART","DECO-DESIGN"],"inLanguage":"ja","potentialAction":[{"@type":"CommentAction","name":"Comment","target":["https:\/\/www.joyana.fr\/ja\/design-parade-hyeres-toulon-2018\/126741\/#respond"]}]},{"@type":"WebPage","@id":"https:\/\/www.joyana.fr\/ja\/design-parade-hyeres-toulon-2018\/126741\/","url":"https:\/\/www.joyana.fr\/ja\/design-parade-hyeres-toulon-2018\/126741\/","name":"DESIGN PARADE HY\u00c8RES\/TOULON 2018 | Blog Design JO YANA","isPartOf":{"@id":"https:\/\/www.joyana.fr\/ja\/#website"},"primaryImageOfPage":{"@id":"https:\/\/www.joyana.fr\/ja\/design-parade-hyeres-toulon-2018\/126741\/#primaryimage"},"image":{"@id":"https:\/\/www.joyana.fr\/ja\/design-parade-hyeres-toulon-2018\/126741\/#primaryimage"},"thumbnailUrl":"https:\/\/i0.wp.com\/joyana.fr\/wp-content\/uploads\/2018\/07\/IMG_6038.jpg?fit=2000%2C2000&ssl=1","datePublished":"2018-07-11T16:27:33+00:00","dateModified":"2018-07-11T18:24:48+00:00","description":"Cette \u00e9dition de la DESIGN PARADE 2018 est la 3\u00e8me \u00e9dition de ce festival international d'architecture d'int\u00e9rieur. Du 28 Juin au 1er Juillet 2018, le monde du design et de la d\u00e9coration s'\u00e9tait donn\u00e9 rendez-vous \u00e0 Hy\u00e8res et Toulon...","breadcrumb":{"@id":"https:\/\/www.joyana.fr\/ja\/design-parade-hyeres-toulon-2018\/126741\/#breadcrumb"},"inLanguage":"ja","potentialAction":[{"@type":"ReadAction","target":["https:\/\/www.joyana.fr\/ja\/design-parade-hyeres-toulon-2018\/126741\/"]}]},{"@type":"ImageObject","inLanguage":"ja","@id":"https:\/\/www.joyana.fr\/ja\/design-parade-hyeres-toulon-2018\/126741\/#primaryimage","url":"https:\/\/i0.wp.com\/joyana.fr\/wp-content\/uploads\/2018\/07\/IMG_6038.jpg?fit=2000%2C2000&ssl=1","contentUrl":"https:\/\/i0.wp.com\/joyana.fr\/wp-content\/uploads\/2018\/07\/IMG_6038.jpg?fit=2000%2C2000&ssl=1","width":2000,"height":2000},{"@type":"BreadcrumbList","@id":"https:\/\/www.joyana.fr\/ja\/design-parade-hyeres-toulon-2018\/126741\/#breadcrumb","itemListElement":[{"@type":"ListItem","position":1,"name":"Accueil","item":"https:\/\/www.joyana.fr\/ja\/"},{"@type":"ListItem","position":2,"name":"DESIGN PARADE HY\u00c8RES\/TOULON 2018"}]},{"@type":"WebSite","@id":"https:\/\/www.joyana.fr\/ja\/#website","url":"https:\/\/www.joyana.fr\/ja\/","name":"JO YANA","description":"Blog Mode Homme, Lifestyle, D\u00e9co-Design","publisher":{"@id":"https:\/\/www.joyana.fr\/ja\/#\/schema\/person\/cf2a1ad12a27c12c21801075bf37407c"},"potentialAction":[{"@type":"SearchAction","target":{"@type":"EntryPoint","urlTemplate":"https:\/\/www.joyana.fr\/ja\/?s={search_term_string}"},"query-input":{"@type":"PropertyValueSpecification","valueRequired":true,"valueName":"search_term_string"}}],"inLanguage":"ja"},{"@type":["Person","Organization"],"@id":"https:\/\/www.joyana.fr\/ja\/#\/schema\/person\/cf2a1ad12a27c12c21801075bf37407c","name":"Jo Yana","image":{"@type":"ImageObject","inLanguage":"ja","@id":"https:\/\/www.joyana.fr\/ja\/#\/schema\/person\/image\/","url":"https:\/\/i0.wp.com\/joyana.fr\/wp-content\/uploads\/2016\/08\/cropped-joyana-logo-black-360x180.png?fit=343%2C164&ssl=1","contentUrl":"https:\/\/i0.wp.com\/joyana.fr\/wp-content\/uploads\/2016\/08\/cropped-joyana-logo-black-360x180.png?fit=343%2C164&ssl=1","width":343,"height":164,"caption":"Jo Yana"},"logo":{"@id":"https:\/\/www.joyana.fr\/ja\/#\/schema\/person\/image\/"},"description":"Jo Yana est le cr\u00e9ateur et r\u00e9dacteur en chef des sites DECO-DESIGN. Passionn\u00e9 de Design, Mode, Photo, Luxe, Lifestyle, Musique, mais avant tout Blogueur ! Le plaisir de partager l'anime et a comme devise \"POUR L'AMOUR DU BEAU\". Retrouvez le aussi sur son blog personnel - https:\/\/joyana.fr...","sameAs":["https:\/\/joyana.fr\/"],"url":"https:\/\/joyana.fr\/ja\/author\/joyana\/"}]}},"author_meta":{"display_name":"Jo Yana","author_link":"https:\/\/joyana.fr\/ja\/author\/joyana\/"},"featured_img":"https:\/\/i0.wp.com\/joyana.fr\/wp-content\/uploads\/2018\/07\/IMG_6038.jpg?fit=389%2C389&ssl=1","featured_image_src":"https:\/\/i0.wp.com\/joyana.fr\/wp-content\/uploads\/2018\/07\/IMG_6038.jpg?resize=600%2C400&ssl=1","featured_image_src_square":"https:\/\/i0.wp.com\/joyana.fr\/wp-content\/uploads\/2018\/07\/IMG_6038.jpg?resize=600%2C600&ssl=1","jetpack_featured_media_url":"https:\/\/i0.wp.com\/joyana.fr\/wp-content\/uploads\/2018\/07\/IMG_6038.jpg?fit=2000%2C2000&ssl=1","uagb_featured_image_src":{"full":["https:\/\/i0.wp.com\/joyana.fr\/wp-content\/uploads\/2018\/07\/IMG_6038.jpg?fit=2000%2C2000&ssl=1",2000,2000,false],"thumbnail":["https:\/\/i0.wp.com\/joyana.fr\/wp-content\/uploads\/2018\/07\/IMG_6038.jpg?resize=150%2C150&ssl=1",150,150,true],"medium":["https:\/\/i0.wp.com\/joyana.fr\/wp-content\/uploads\/2018\/07\/IMG_6038.jpg?fit=389%2C389&ssl=1",389,389,true],"medium_large":["https:\/\/i0.wp.com\/joyana.fr\/wp-content\/uploads\/2018\/07\/IMG_6038.jpg?fit=768%2C768&ssl=1",768,768,true],"large":["https:\/\/i0.wp.com\/joyana.fr\/wp-content\/uploads\/2018\/07\/IMG_6038.jpg?fit=1024%2C1024&ssl=1",1024,1024,true],"1536x1536":["https:\/\/i0.wp.com\/joyana.fr\/wp-content\/uploads\/2018\/07\/IMG_6038.jpg?fit=1536%2C1536&ssl=1",1536,1536,true],"2048x2048":["https:\/\/i0.wp.com\/joyana.fr\/wp-content\/uploads\/2018\/07\/IMG_6038.jpg?fit=2000%2C2000&ssl=1",2000,2000,true],"featured-thumb":["https:\/\/i0.wp.com\/joyana.fr\/wp-content\/uploads\/2018\/07\/IMG_6038.jpg?resize=1903%2C750&ssl=1",1903,750,true],"ab-block-post-grid-landscape":["https:\/\/i0.wp.com\/joyana.fr\/wp-content\/uploads\/2018\/07\/IMG_6038.jpg?resize=600%2C400&ssl=1",600,400,true],"ab-block-post-grid-square":["https:\/\/i0.wp.com\/joyana.fr\/wp-content\/uploads\/2018\/07\/IMG_6038.jpg?resize=600%2C600&ssl=1",600,600,true],"author-pro-image":["https:\/\/i0.wp.com\/joyana.fr\/wp-content\/uploads\/2018\/07\/IMG_6038.jpg?resize=360%2C570&ssl=1",360,570,true],"slider":["https:\/\/i0.wp.com\/joyana.fr\/wp-content\/uploads\/2018\/07\/IMG_6038.jpg?resize=920%2C400&ssl=1",920,400,true],"woocommerce_thumbnail":["https:\/\/i0.wp.com\/joyana.fr\/wp-content\/uploads\/2018\/07\/IMG_6038.jpg?resize=450%2C450&ssl=1",450,450,true],"woocommerce_single":["https:\/\/i0.wp.com\/joyana.fr\/wp-content\/uploads\/2018\/07\/IMG_6038.jpg?fit=920%2C920&ssl=1",920,920,true],"woocommerce_gallery_thumbnail":["https:\/\/i0.wp.com\/joyana.fr\/wp-content\/uploads\/2018\/07\/IMG_6038.jpg?resize=180%2C180&ssl=1",180,180,true],"sow-carousel-default":["https:\/\/i0.wp.com\/joyana.fr\/wp-content\/uploads\/2018\/07\/IMG_6038.jpg?resize=272%2C182&ssl=1",272,182,true]},"uagb_author_info":{"display_name":"Jo Yana","author_link":"https:\/\/joyana.fr\/ja\/author\/joyana\/"},"uagb_comment_info":17,"uagb_excerpt":"Cette \u00e9dition de la DESIGN PARADE 2018 est la 3\u00e8me \u00e9dit&hellip;","coauthors":[],"tax_additional":{"categories":{"linked":["<a href=\"https:\/\/joyana.fr\/ja\/category\/blog\/news\/\" class=\"advgb-post-tax-term\">A LA UNE<\/a>","<a href=\"https:\/\/joyana.fr\/ja\/category\/blog\/art\/\" class=\"advgb-post-tax-term\">ART<\/a>","<a href=\"https:\/\/joyana.fr\/ja\/category\/deco-design\/\" class=\"advgb-post-tax-term\">DECO-DESIGN<\/a>"],"unlinked":["<span class=\"advgb-post-tax-term\">A LA UNE<\/span>","<span class=\"advgb-post-tax-term\">ART<\/span>","<span class=\"advgb-post-tax-term\">DECO-DESIGN<\/span>"]},"tags":{"linked":["<a href=\"https:\/\/joyana.fr\/ja\/category\/deco-design\/\" class=\"advgb-post-tax-term\">DESIGN PARADE<\/a>","<a href=\"https:\/\/joyana.fr\/ja\/category\/deco-design\/\" class=\"advgb-post-tax-term\">Design Parade 2018<\/a>","<a href=\"https:\/\/joyana.fr\/ja\/category\/deco-design\/\" class=\"advgb-post-tax-term\">Design Parade Hy\u00e8res<\/a>","<a href=\"https:\/\/joyana.fr\/ja\/category\/deco-design\/\" class=\"advgb-post-tax-term\">Design Parade Toulon<\/a>","<a href=\"https:\/\/joyana.fr\/ja\/category\/deco-design\/\" class=\"advgb-post-tax-term\">Hy\u00e8res<\/a>"],"unlinked":["<span class=\"advgb-post-tax-term\">DESIGN PARADE<\/span>","<span class=\"advgb-post-tax-term\">Design Parade 2018<\/span>","<span class=\"advgb-post-tax-term\">Design Parade Hy\u00e8res<\/span>","<span class=\"advgb-post-tax-term\">Design Parade Toulon<\/span>","<span class=\"advgb-post-tax-term\">Hy\u00e8res<\/span>"]}},"comment_count":0,"relative_dates":{"created":"Posted 8\u5e74 ago","modified":"Updated 8\u5e74 ago"},"absolute_dates":{"created":"Posted on 11 7\u6708 2018","modified":"Updated on 11 7\u6708 2018"},"absolute_dates_time":{"created":"Posted on 11 7\u6708 2018 17:27","modified":"Updated on 11 7\u6708 2018 19:24"},"featured_img_caption":"","series_order":"","jetpack_sharing_enabled":true,"jetpack_shortlink":"https:\/\/wp.me\/p9bteI-wYd","jetpack-related-posts":[],"_links":{"self":[{"href":"https:\/\/joyana.fr\/ja\/wp-json\/wp\/v2\/posts\/126741","targetHints":{"allow":["GET"]}}],"collection":[{"href":"https:\/\/joyana.fr\/ja\/wp-json\/wp\/v2\/posts"}],"about":[{"href":"https:\/\/joyana.fr\/ja\/wp-json\/wp\/v2\/types\/post"}],"author":[{"embeddable":true,"href":"https:\/\/joyana.fr\/ja\/wp-json\/wp\/v2\/users\/3"}],"replies":[{"embeddable":true,"href":"https:\/\/joyana.fr\/ja\/wp-json\/wp\/v2\/comments?post=126741"}],"version-history":[{"count":6,"href":"https:\/\/joyana.fr\/ja\/wp-json\/wp\/v2\/posts\/126741\/revisions"}],"predecessor-version":[{"id":126794,"href":"https:\/\/joyana.fr\/ja\/wp-json\/wp\/v2\/posts\/126741\/revisions\/126794"}],"wp:featuredmedia":[{"embeddable":true,"href":"https:\/\/joyana.fr\/ja\/wp-json\/wp\/v2\/media\/126777"}],"wp:attachment":[{"href":"https:\/\/joyana.fr\/ja\/wp-json\/wp\/v2\/media?parent=126741"}],"wp:term":[{"taxonomy":"category","embeddable":true,"href":"https:\/\/joyana.fr\/ja\/wp-json\/wp\/v2\/categories?post=126741"},{"taxonomy":"post_tag","embeddable":true,"href":"https:\/\/joyana.fr\/ja\/wp-json\/wp\/v2\/tags?post=126741"}],"curies":[{"name":"wp","href":"https:\/\/api.w.org\/{rel}","templated":true}]}}