{"id":16497,"date":"2015-02-03T16:15:09","date_gmt":"2015-02-03T15:15:09","guid":{"rendered":"https:\/\/joyana.fr\/?p=16497"},"modified":"2015-02-03T16:15:09","modified_gmt":"2015-02-03T15:15:09","slug":"tote-bag-pack-and-parts","status":"publish","type":"post","link":"https:\/\/joyana.fr\/ja\/tote-bag-pack-and-parts\/16497\/","title":{"rendered":"Tote PACK!"},"content":{"rendered":"<p><a href=\"https:\/\/i0.wp.com\/joyana.fr\/wp-content\/uploads\/2015\/02\/BLOG_PACK.jpg?ssl=1\"><img data-recalc-dims=\"1\" fetchpriority=\"high\" decoding=\"async\" data-attachment-id=\"16498\" data-permalink=\"https:\/\/joyana.fr\/ja\/tote-bag-pack-and-parts\/16497\/blog_pack\/\" data-orig-file=\"https:\/\/i0.wp.com\/joyana.fr\/wp-content\/uploads\/2015\/02\/BLOG_PACK.jpg?fit=1000%2C1000&amp;ssl=1\" data-orig-size=\"1000,1000\" data-comments-opened=\"1\" data-image-meta=\"{&quot;aperture&quot;:&quot;0&quot;,&quot;credit&quot;:&quot;&quot;,&quot;camera&quot;:&quot;&quot;,&quot;caption&quot;:&quot;&quot;,&quot;created_timestamp&quot;:&quot;0&quot;,&quot;copyright&quot;:&quot;&quot;,&quot;focal_length&quot;:&quot;0&quot;,&quot;iso&quot;:&quot;0&quot;,&quot;shutter_speed&quot;:&quot;0&quot;,&quot;title&quot;:&quot;&quot;,&quot;orientation&quot;:&quot;1&quot;}\" data-image-title=\"BLOG_PACK!\" data-image-description=\"\" data-image-caption=\"\" data-medium-file=\"https:\/\/i0.wp.com\/joyana.fr\/wp-content\/uploads\/2015\/02\/BLOG_PACK.jpg?fit=389%2C389&amp;ssl=1\" data-large-file=\"https:\/\/i0.wp.com\/joyana.fr\/wp-content\/uploads\/2015\/02\/BLOG_PACK.jpg?fit=1000%2C1000&amp;ssl=1\" class=\"alignnone size-large wp-image-16498\" src=\"https:\/\/i0.wp.com\/joyana.fr\/wp-content\/uploads\/2015\/02\/BLOG_PACK.jpg?resize=650%2C650&#038;ssl=1\" alt=\"BLOG_PACK!\" width=\"650\" height=\"650\" \/><\/a><\/p>\n<p style=\"text-align: justify;\">Le <a title=\"Tote Bag\" href=\"https:\/\/joyana.fr\/tag\/tote-bag\/\" target=\"_blank\"><em><strong>Tote Bag<\/strong><\/em><\/a> est mon obsession du moment ! Enfin je crois que c&#8217;est plus l&#8217;obsession d&#8217;une vie puisque je n&#8217;ai que des <em>Tote Bags*<\/em>. Lors du <a title=\"CAPSULE PARIS\" href=\"https:\/\/joyana.fr\/capsule-paris-mens-jan-23-25-2015\/16462\/\" target=\"_blank\">Capsule Paris<\/a>, je n&#8217;ai cherch\u00e9 que \u00e7a&#8230; Coup de coeur imm\u00e9diat pour le travail d&#8217;Alei Verspoor, et ses sacs <strong>PACK!<\/strong><\/p>\n<p style=\"text-align: justify;\">Fabriqu\u00e9s \u00e0 partir de sangles en polyester tr\u00e8s r\u00e9sistantes, les sacs \u00e9volutifs <strong>PACK!<\/strong>\u00a0sont bas\u00e9s sur l&#8217;id\u00e9e de la conception pour le d\u00e9montage. Chaque article est une combinaison d&#8217;\u00e9l\u00e9ments amovibles. Vous pouvez acheter un morceau pr\u00e9-assembl\u00e9, mais \u00e9galement des composants suppl\u00e9mentaires &#8211; des sangles, des manches et clips afin d&#8217;ajuster et de faire \u00e9voluer votre sac au fil du temps&#8230;<\/p>\n<p style=\"text-align: justify;\">*A part ce <a href=\"https:\/\/joyana.fr\/wp-content\/uploads\/2012\/12\/PARIS_7_blog.jpg\" target=\"_blank\">sac \u00e0 dos Carhartt\u00a0camo<\/a> que je sort uniquement pour les voyages&#8230;<\/p>\n<p><span style=\"color: #ffffff;\">.<\/span><\/p>\n<p style=\"text-align: center;\">En savoir + sur <a href=\"http:\/\/www.packandparts.com\/on\/info\/\" target=\"_blank\">PACK!<\/a><\/p>\n<p>&nbsp;<\/p>\n<p>&nbsp;<\/p>\n","protected":false},"excerpt":{"rendered":"<p>Le Tote Bag est mon obsession du moment ! Enfin je crois que c&#8217;est plus l&#8217;obsession d&#8217;une vie puisque je n&#8217;ai que des Tote Bags*. Lors du Capsule Paris, je n&#8217;ai cherch\u00e9 que \u00e7a&#8230; C&#8217;est alors que je tombe sur la charmante Alei Verspoor, et ses sacs PACK!<\/p>\n","protected":false},"author":3,"featured_media":16498,"comment_status":"open","ping_status":"open","sticky":false,"template":"","format":"standard","meta":{"_coblocks_attr":"","_coblocks_dimensions":"","_coblocks_responsive_height":"","_coblocks_accordion_ie_support":"","_uag_custom_page_level_css":"","advgb_blocks_editor_width":"","advgb_blocks_columns_visual_guide":"","_genesis_hide_title":false,"_genesis_hide_breadcrumbs":false,"_genesis_hide_singular_image":false,"_genesis_hide_footer_widgets":false,"_genesis_custom_body_class":"","_genesis_custom_post_class":"","_genesis_layout":"","_themeisle_gutenberg_block_has_review":false,"_jetpack_newsletter_access":"","_jetpack_dont_email_post_to_subs":false,"_jetpack_newsletter_tier_id":0,"_jetpack_memberships_contains_paywalled_content":false,"_jetpack_memberships_contains_paid_content":false,"footnotes":""},"categories":[60,16],"tags":[462,789,157,790,144,476],"class_list":{"0":"post-16497","1":"post","2":"type-post","3":"status-publish","4":"format-standard","5":"has-post-thumbnail","7":"category-blog","8":"category-mode-homme","9":"tag-backpack","10":"tag-capsule-paris","11":"tag-maroquinerie","12":"tag-pack","13":"tag-sac","14":"tag-tote-bag","15":"entry"},"featured_image_urls":{"full":["https:\/\/i0.wp.com\/joyana.fr\/wp-content\/uploads\/2015\/02\/BLOG_PACK.jpg?fit=1000%2C1000&ssl=1",1000,1000,false],"thumbnail":["https:\/\/i0.wp.com\/joyana.fr\/wp-content\/uploads\/2015\/02\/BLOG_PACK.jpg?resize=150%2C150&ssl=1",150,150,true],"medium":["https:\/\/i0.wp.com\/joyana.fr\/wp-content\/uploads\/2015\/02\/BLOG_PACK.jpg?fit=389%2C389&ssl=1",389,389,true],"medium_large":["https:\/\/i0.wp.com\/joyana.fr\/wp-content\/uploads\/2015\/02\/BLOG_PACK.jpg?fit=768%2C768&ssl=1",768,768,true],"large":["https:\/\/i0.wp.com\/joyana.fr\/wp-content\/uploads\/2015\/02\/BLOG_PACK.jpg?fit=1000%2C1000&ssl=1",1000,1000,true],"1536x1536":["https:\/\/i0.wp.com\/joyana.fr\/wp-content\/uploads\/2015\/02\/BLOG_PACK.jpg?fit=1000%2C1000&ssl=1",1000,1000,true],"2048x2048":["https:\/\/i0.wp.com\/joyana.fr\/wp-content\/uploads\/2015\/02\/BLOG_PACK.jpg?fit=1000%2C1000&ssl=1",1000,1000,true],"featured-thumb":["https:\/\/i0.wp.com\/joyana.fr\/wp-content\/uploads\/2015\/02\/BLOG_PACK.jpg?resize=1000%2C750&ssl=1",1000,750,true],"ab-block-post-grid-landscape":["https:\/\/i0.wp.com\/joyana.fr\/wp-content\/uploads\/2015\/02\/BLOG_PACK.jpg?resize=600%2C400&ssl=1",600,400,true],"ab-block-post-grid-square":["https:\/\/i0.wp.com\/joyana.fr\/wp-content\/uploads\/2015\/02\/BLOG_PACK.jpg?resize=600%2C600&ssl=1",600,600,true],"author-pro-image":["https:\/\/i0.wp.com\/joyana.fr\/wp-content\/uploads\/2015\/02\/BLOG_PACK.jpg?resize=360%2C570&ssl=1",360,570,true],"slider":["https:\/\/i0.wp.com\/joyana.fr\/wp-content\/uploads\/2015\/02\/BLOG_PACK.jpg?resize=920%2C400&ssl=1",920,400,true],"woocommerce_thumbnail":["https:\/\/i0.wp.com\/joyana.fr\/wp-content\/uploads\/2015\/02\/BLOG_PACK.jpg?resize=450%2C450&ssl=1",450,450,true],"woocommerce_single":["https:\/\/i0.wp.com\/joyana.fr\/wp-content\/uploads\/2015\/02\/BLOG_PACK.jpg?fit=920%2C920&ssl=1",920,920,true],"woocommerce_gallery_thumbnail":["https:\/\/i0.wp.com\/joyana.fr\/wp-content\/uploads\/2015\/02\/BLOG_PACK.jpg?resize=180%2C180&ssl=1",180,180,true],"sow-carousel-default":["https:\/\/i0.wp.com\/joyana.fr\/wp-content\/uploads\/2015\/02\/BLOG_PACK.jpg?resize=272%2C182&ssl=1",272,182,true]},"post_excerpt_stackable":"<p>Le Tote Bag est mon obsession du moment ! Enfin je crois que c&#8217;est plus l&#8217;obsession d&#8217;une vie puisque je n&#8217;ai que des Tote Bags*. Lors du Capsule Paris, je n&#8217;ai cherch\u00e9 que \u00e7a&#8230; C&#8217;est alors que je tombe sur la charmante Alei Verspoor, et ses sacs PACK!<\/p>\n","category_list":"<a href=\"https:\/\/joyana.fr\/ja\/category\/blog\/\" rel=\"category tag\">BLOG<\/a>, <a href=\"https:\/\/joyana.fr\/ja\/category\/blog\/mode-homme\/\" rel=\"category tag\">MODE HOMME<\/a>","author_info":{"display_name":"Jo Yana","author_link":"https:\/\/joyana.fr\/ja\/author\/joyana\/"},"comments_num":"3 comments","featured_image_urls_v2":{"full":["https:\/\/i0.wp.com\/joyana.fr\/wp-content\/uploads\/2015\/02\/BLOG_PACK.jpg?fit=1000%2C1000&ssl=1",1000,1000,false],"thumbnail":["https:\/\/i0.wp.com\/joyana.fr\/wp-content\/uploads\/2015\/02\/BLOG_PACK.jpg?resize=150%2C150&ssl=1",150,150,true],"medium":["https:\/\/i0.wp.com\/joyana.fr\/wp-content\/uploads\/2015\/02\/BLOG_PACK.jpg?fit=389%2C389&ssl=1",389,389,true],"medium_large":["https:\/\/i0.wp.com\/joyana.fr\/wp-content\/uploads\/2015\/02\/BLOG_PACK.jpg?fit=768%2C768&ssl=1",768,768,true],"large":["https:\/\/i0.wp.com\/joyana.fr\/wp-content\/uploads\/2015\/02\/BLOG_PACK.jpg?fit=1000%2C1000&ssl=1",1000,1000,true],"1536x1536":["https:\/\/i0.wp.com\/joyana.fr\/wp-content\/uploads\/2015\/02\/BLOG_PACK.jpg?fit=1000%2C1000&ssl=1",1000,1000,true],"2048x2048":["https:\/\/i0.wp.com\/joyana.fr\/wp-content\/uploads\/2015\/02\/BLOG_PACK.jpg?fit=1000%2C1000&ssl=1",1000,1000,true],"featured-thumb":["https:\/\/i0.wp.com\/joyana.fr\/wp-content\/uploads\/2015\/02\/BLOG_PACK.jpg?resize=1000%2C750&ssl=1",1000,750,true],"ab-block-post-grid-landscape":["https:\/\/i0.wp.com\/joyana.fr\/wp-content\/uploads\/2015\/02\/BLOG_PACK.jpg?resize=600%2C400&ssl=1",600,400,true],"ab-block-post-grid-square":["https:\/\/i0.wp.com\/joyana.fr\/wp-content\/uploads\/2015\/02\/BLOG_PACK.jpg?resize=600%2C600&ssl=1",600,600,true],"author-pro-image":["https:\/\/i0.wp.com\/joyana.fr\/wp-content\/uploads\/2015\/02\/BLOG_PACK.jpg?resize=360%2C570&ssl=1",360,570,true],"slider":["https:\/\/i0.wp.com\/joyana.fr\/wp-content\/uploads\/2015\/02\/BLOG_PACK.jpg?resize=920%2C400&ssl=1",920,400,true],"woocommerce_thumbnail":["https:\/\/i0.wp.com\/joyana.fr\/wp-content\/uploads\/2015\/02\/BLOG_PACK.jpg?resize=450%2C450&ssl=1",450,450,true],"woocommerce_single":["https:\/\/i0.wp.com\/joyana.fr\/wp-content\/uploads\/2015\/02\/BLOG_PACK.jpg?fit=920%2C920&ssl=1",920,920,true],"woocommerce_gallery_thumbnail":["https:\/\/i0.wp.com\/joyana.fr\/wp-content\/uploads\/2015\/02\/BLOG_PACK.jpg?resize=180%2C180&ssl=1",180,180,true],"sow-carousel-default":["https:\/\/i0.wp.com\/joyana.fr\/wp-content\/uploads\/2015\/02\/BLOG_PACK.jpg?resize=272%2C182&ssl=1",272,182,true]},"post_excerpt_stackable_v2":"<p>Le Tote Bag est mon obsession du moment ! Enfin je crois que c&#8217;est plus l&#8217;obsession d&#8217;une vie puisque je n&#8217;ai que des Tote Bags*. Lors du Capsule Paris, je n&#8217;ai cherch\u00e9 que \u00e7a&#8230; C&#8217;est alors que je tombe sur la charmante Alei Verspoor, et ses sacs PACK!<\/p>\n","category_list_v2":"<a href=\"https:\/\/joyana.fr\/ja\/category\/blog\/\" rel=\"category tag\">BLOG<\/a>, <a href=\"https:\/\/joyana.fr\/ja\/category\/blog\/mode-homme\/\" rel=\"category tag\">MODE HOMME<\/a>","author_info_v2":{"name":"Jo Yana","url":"https:\/\/joyana.fr\/ja\/author\/joyana\/"},"comments_num_v2":"3 comments","yoast_head":"<!-- This site is optimized with the Yoast SEO plugin v26.8 - https:\/\/yoast.com\/product\/yoast-seo-wordpress\/ -->\n<title>Tote PACK! | JO YANA<\/title>\n<meta name=\"description\" content=\"Le Tote Bag est mon obsession du moment ! Lors du Capsule Paris, je n&#039;ai cherch\u00e9 que \u00e7a... C&#039;est alors que je tombe sur Alei Verspoor, et ses sacs PACK! ...\" \/>\n<meta name=\"robots\" content=\"index, follow, max-snippet:-1, max-image-preview:large, max-video-preview:-1\" \/>\n<link rel=\"canonical\" href=\"https:\/\/www.joyana.fr\/ja\/tote-bag-pack-and-parts\/16497\/\" \/>\n<meta property=\"og:locale\" content=\"ja_JP\" \/>\n<meta property=\"og:locale:alternate\" content=\"fr_FR\" \/>\n<meta property=\"og:locale:alternate\" content=\"en_US\" \/>\n<meta property=\"og:type\" content=\"article\" \/>\n<meta property=\"og:title\" content=\"Tote PACK! | JO YANA\" \/>\n<meta property=\"og:description\" content=\"Le Tote Bag est mon obsession du moment ! Lors du Capsule Paris, je n&#039;ai cherch\u00e9 que \u00e7a... C&#039;est alors que je tombe sur Alei Verspoor, et ses sacs PACK! ...\" \/>\n<meta property=\"og:url\" content=\"https:\/\/joyana.fr\/ja\/tote-bag-pack-and-parts\/16497\/\" \/>\n<meta property=\"og:site_name\" content=\"JO YANA\" \/>\n<meta property=\"article:published_time\" content=\"2015-02-03T15:15:09+00:00\" \/>\n<meta property=\"og:image\" content=\"https:\/\/www.joyana.fr\/wp-content\/uploads\/2015\/02\/BLOG_PACK.jpg\" \/>\n\t<meta property=\"og:image:width\" content=\"1000\" \/>\n\t<meta property=\"og:image:height\" content=\"1000\" \/>\n\t<meta property=\"og:image:type\" content=\"image\/jpeg\" \/>\n<meta name=\"author\" content=\"Jo Yana\" \/>\n<meta name=\"twitter:card\" content=\"summary_large_image\" \/>\n<meta name=\"twitter:creator\" content=\"@Jo_Yana\" \/>\n<meta name=\"twitter:site\" content=\"@Jo_Yana\" \/>\n<meta name=\"twitter:label1\" content=\"\u57f7\u7b46\u8005\" \/>\n\t<meta name=\"twitter:data1\" content=\"Jo Yana\" \/>\n\t<meta name=\"twitter:label2\" content=\"\u63a8\u5b9a\u8aad\u307f\u53d6\u308a\u6642\u9593\" \/>\n\t<meta name=\"twitter:data2\" content=\"1\u5206\" \/>\n<script type=\"application\/ld+json\" class=\"yoast-schema-graph\">{\"@context\":\"https:\/\/schema.org\",\"@graph\":[{\"@type\":\"Article\",\"@id\":\"https:\/\/www.joyana.fr\/ja\/tote-bag-pack-and-parts\/16497\/#article\",\"isPartOf\":{\"@id\":\"https:\/\/www.joyana.fr\/ja\/tote-bag-pack-and-parts\/16497\/\"},\"author\":{\"name\":\"Jo Yana\",\"@id\":\"https:\/\/joyana.fr\/#\/schema\/person\/cf2a1ad12a27c12c21801075bf37407c\"},\"headline\":\"Tote PACK!\",\"datePublished\":\"2015-02-03T15:15:09+00:00\",\"mainEntityOfPage\":{\"@id\":\"https:\/\/www.joyana.fr\/ja\/tote-bag-pack-and-parts\/16497\/\"},\"wordCount\":146,\"commentCount\":1,\"publisher\":{\"@id\":\"https:\/\/joyana.fr\/#\/schema\/person\/cf2a1ad12a27c12c21801075bf37407c\"},\"image\":{\"@id\":\"https:\/\/www.joyana.fr\/ja\/tote-bag-pack-and-parts\/16497\/#primaryimage\"},\"thumbnailUrl\":\"https:\/\/i0.wp.com\/joyana.fr\/wp-content\/uploads\/2015\/02\/BLOG_PACK.jpg?fit=1000%2C1000&ssl=1\",\"keywords\":[\"Backpack\",\"Capsule Paris\",\"Maroquinerie\",\"Pack!\",\"Sac\",\"Tote Bag\"],\"articleSection\":[\"BLOG\",\"MODE HOMME\"],\"inLanguage\":\"ja\",\"potentialAction\":[{\"@type\":\"CommentAction\",\"name\":\"Comment\",\"target\":[\"https:\/\/www.joyana.fr\/ja\/tote-bag-pack-and-parts\/16497\/#respond\"]}]},{\"@type\":\"WebPage\",\"@id\":\"https:\/\/www.joyana.fr\/ja\/tote-bag-pack-and-parts\/16497\/\",\"url\":\"https:\/\/www.joyana.fr\/ja\/tote-bag-pack-and-parts\/16497\/\",\"name\":\"Tote PACK! | JO YANA\",\"isPartOf\":{\"@id\":\"https:\/\/joyana.fr\/#website\"},\"primaryImageOfPage\":{\"@id\":\"https:\/\/www.joyana.fr\/ja\/tote-bag-pack-and-parts\/16497\/#primaryimage\"},\"image\":{\"@id\":\"https:\/\/www.joyana.fr\/ja\/tote-bag-pack-and-parts\/16497\/#primaryimage\"},\"thumbnailUrl\":\"https:\/\/i0.wp.com\/joyana.fr\/wp-content\/uploads\/2015\/02\/BLOG_PACK.jpg?fit=1000%2C1000&ssl=1\",\"datePublished\":\"2015-02-03T15:15:09+00:00\",\"description\":\"Le Tote Bag est mon obsession du moment ! Lors du Capsule Paris, je n'ai cherch\u00e9 que \u00e7a... C'est alors que je tombe sur Alei Verspoor, et ses sacs PACK! ...\",\"breadcrumb\":{\"@id\":\"https:\/\/www.joyana.fr\/ja\/tote-bag-pack-and-parts\/16497\/#breadcrumb\"},\"inLanguage\":\"ja\",\"potentialAction\":[{\"@type\":\"ReadAction\",\"target\":[\"https:\/\/www.joyana.fr\/ja\/tote-bag-pack-and-parts\/16497\/\"]}]},{\"@type\":\"ImageObject\",\"inLanguage\":\"ja\",\"@id\":\"https:\/\/www.joyana.fr\/ja\/tote-bag-pack-and-parts\/16497\/#primaryimage\",\"url\":\"https:\/\/i0.wp.com\/joyana.fr\/wp-content\/uploads\/2015\/02\/BLOG_PACK.jpg?fit=1000%2C1000&ssl=1\",\"contentUrl\":\"https:\/\/i0.wp.com\/joyana.fr\/wp-content\/uploads\/2015\/02\/BLOG_PACK.jpg?fit=1000%2C1000&ssl=1\",\"width\":1000,\"height\":1000},{\"@type\":\"BreadcrumbList\",\"@id\":\"https:\/\/www.joyana.fr\/ja\/tote-bag-pack-and-parts\/16497\/#breadcrumb\",\"itemListElement\":[{\"@type\":\"ListItem\",\"position\":1,\"name\":\"Accueil\",\"item\":\"https:\/\/joyana.fr\/\"},{\"@type\":\"ListItem\",\"position\":2,\"name\":\"Tote PACK!\"}]},{\"@type\":\"WebSite\",\"@id\":\"https:\/\/joyana.fr\/#website\",\"url\":\"https:\/\/joyana.fr\/\",\"name\":\"JO YANA\",\"description\":\"Blog Mode Homme, Lifestyle, D\u00e9co-Design\",\"publisher\":{\"@id\":\"https:\/\/joyana.fr\/#\/schema\/person\/cf2a1ad12a27c12c21801075bf37407c\"},\"potentialAction\":[{\"@type\":\"SearchAction\",\"target\":{\"@type\":\"EntryPoint\",\"urlTemplate\":\"https:\/\/joyana.fr\/?s={search_term_string}\"},\"query-input\":{\"@type\":\"PropertyValueSpecification\",\"valueRequired\":true,\"valueName\":\"search_term_string\"}}],\"inLanguage\":\"ja\"},{\"@type\":[\"Person\",\"Organization\"],\"@id\":\"https:\/\/joyana.fr\/#\/schema\/person\/cf2a1ad12a27c12c21801075bf37407c\",\"name\":\"Jo Yana\",\"image\":{\"@type\":\"ImageObject\",\"inLanguage\":\"ja\",\"@id\":\"https:\/\/joyana.fr\/#\/schema\/person\/image\/\",\"url\":\"https:\/\/i0.wp.com\/joyana.fr\/wp-content\/uploads\/2016\/08\/cropped-joyana-logo-black-360x180.png?fit=343%2C164&ssl=1\",\"contentUrl\":\"https:\/\/i0.wp.com\/joyana.fr\/wp-content\/uploads\/2016\/08\/cropped-joyana-logo-black-360x180.png?fit=343%2C164&ssl=1\",\"width\":343,\"height\":164,\"caption\":\"Jo Yana\"},\"logo\":{\"@id\":\"https:\/\/joyana.fr\/#\/schema\/person\/image\/\"},\"description\":\"Jo Yana est le cr\u00e9ateur et r\u00e9dacteur en chef des sites DECO-DESIGN. Passionn\u00e9 de Design, Mode, Photo, Luxe, Lifestyle, Musique, mais avant tout Blogueur ! Le plaisir de partager l'anime et a comme devise \\\"POUR L'AMOUR DU BEAU\\\". Retrouvez le aussi sur son blog personnel - https:\/\/joyana.fr...\",\"sameAs\":[\"https:\/\/joyana.fr\/\"],\"url\":\"https:\/\/joyana.fr\/ja\/author\/joyana\/\"}]}<\/script>\n<!-- \/ Yoast SEO plugin. -->","yoast_head_json":{"title":"Tote PACK! | JO YANA","description":"Le Tote Bag est mon obsession du moment ! Lors du Capsule Paris, je n'ai cherch\u00e9 que \u00e7a... C'est alors que je tombe sur Alei Verspoor, et ses sacs PACK! ...","robots":{"index":"index","follow":"follow","max-snippet":"max-snippet:-1","max-image-preview":"max-image-preview:large","max-video-preview":"max-video-preview:-1"},"canonical":"https:\/\/www.joyana.fr\/ja\/tote-bag-pack-and-parts\/16497\/","og_locale":"ja_JP","og_type":"article","og_title":"Tote PACK! | JO YANA","og_description":"Le Tote Bag est mon obsession du moment ! Lors du Capsule Paris, je n'ai cherch\u00e9 que \u00e7a... C'est alors que je tombe sur Alei Verspoor, et ses sacs PACK! ...","og_url":"https:\/\/joyana.fr\/ja\/tote-bag-pack-and-parts\/16497\/","og_site_name":"JO YANA","article_published_time":"2015-02-03T15:15:09+00:00","og_image":[{"width":1000,"height":1000,"url":"https:\/\/www.joyana.fr\/wp-content\/uploads\/2015\/02\/BLOG_PACK.jpg","type":"image\/jpeg"}],"author":"Jo Yana","twitter_card":"summary_large_image","twitter_creator":"@Jo_Yana","twitter_site":"@Jo_Yana","twitter_misc":{"\u57f7\u7b46\u8005":"Jo Yana","\u63a8\u5b9a\u8aad\u307f\u53d6\u308a\u6642\u9593":"1\u5206"},"schema":{"@context":"https:\/\/schema.org","@graph":[{"@type":"Article","@id":"https:\/\/www.joyana.fr\/ja\/tote-bag-pack-and-parts\/16497\/#article","isPartOf":{"@id":"https:\/\/www.joyana.fr\/ja\/tote-bag-pack-and-parts\/16497\/"},"author":{"name":"Jo Yana","@id":"https:\/\/joyana.fr\/#\/schema\/person\/cf2a1ad12a27c12c21801075bf37407c"},"headline":"Tote PACK!","datePublished":"2015-02-03T15:15:09+00:00","mainEntityOfPage":{"@id":"https:\/\/www.joyana.fr\/ja\/tote-bag-pack-and-parts\/16497\/"},"wordCount":146,"commentCount":1,"publisher":{"@id":"https:\/\/joyana.fr\/#\/schema\/person\/cf2a1ad12a27c12c21801075bf37407c"},"image":{"@id":"https:\/\/www.joyana.fr\/ja\/tote-bag-pack-and-parts\/16497\/#primaryimage"},"thumbnailUrl":"https:\/\/i0.wp.com\/joyana.fr\/wp-content\/uploads\/2015\/02\/BLOG_PACK.jpg?fit=1000%2C1000&ssl=1","keywords":["Backpack","Capsule Paris","Maroquinerie","Pack!","Sac","Tote Bag"],"articleSection":["BLOG","MODE HOMME"],"inLanguage":"ja","potentialAction":[{"@type":"CommentAction","name":"Comment","target":["https:\/\/www.joyana.fr\/ja\/tote-bag-pack-and-parts\/16497\/#respond"]}]},{"@type":"WebPage","@id":"https:\/\/www.joyana.fr\/ja\/tote-bag-pack-and-parts\/16497\/","url":"https:\/\/www.joyana.fr\/ja\/tote-bag-pack-and-parts\/16497\/","name":"Tote PACK! | JO YANA","isPartOf":{"@id":"https:\/\/joyana.fr\/#website"},"primaryImageOfPage":{"@id":"https:\/\/www.joyana.fr\/ja\/tote-bag-pack-and-parts\/16497\/#primaryimage"},"image":{"@id":"https:\/\/www.joyana.fr\/ja\/tote-bag-pack-and-parts\/16497\/#primaryimage"},"thumbnailUrl":"https:\/\/i0.wp.com\/joyana.fr\/wp-content\/uploads\/2015\/02\/BLOG_PACK.jpg?fit=1000%2C1000&ssl=1","datePublished":"2015-02-03T15:15:09+00:00","description":"Le Tote Bag est mon obsession du moment ! Lors du Capsule Paris, je n'ai cherch\u00e9 que \u00e7a... C'est alors que je tombe sur Alei Verspoor, et ses sacs PACK! ...","breadcrumb":{"@id":"https:\/\/www.joyana.fr\/ja\/tote-bag-pack-and-parts\/16497\/#breadcrumb"},"inLanguage":"ja","potentialAction":[{"@type":"ReadAction","target":["https:\/\/www.joyana.fr\/ja\/tote-bag-pack-and-parts\/16497\/"]}]},{"@type":"ImageObject","inLanguage":"ja","@id":"https:\/\/www.joyana.fr\/ja\/tote-bag-pack-and-parts\/16497\/#primaryimage","url":"https:\/\/i0.wp.com\/joyana.fr\/wp-content\/uploads\/2015\/02\/BLOG_PACK.jpg?fit=1000%2C1000&ssl=1","contentUrl":"https:\/\/i0.wp.com\/joyana.fr\/wp-content\/uploads\/2015\/02\/BLOG_PACK.jpg?fit=1000%2C1000&ssl=1","width":1000,"height":1000},{"@type":"BreadcrumbList","@id":"https:\/\/www.joyana.fr\/ja\/tote-bag-pack-and-parts\/16497\/#breadcrumb","itemListElement":[{"@type":"ListItem","position":1,"name":"Accueil","item":"https:\/\/joyana.fr\/"},{"@type":"ListItem","position":2,"name":"Tote PACK!"}]},{"@type":"WebSite","@id":"https:\/\/joyana.fr\/#website","url":"https:\/\/joyana.fr\/","name":"JO YANA","description":"Blog Mode Homme, Lifestyle, D\u00e9co-Design","publisher":{"@id":"https:\/\/joyana.fr\/#\/schema\/person\/cf2a1ad12a27c12c21801075bf37407c"},"potentialAction":[{"@type":"SearchAction","target":{"@type":"EntryPoint","urlTemplate":"https:\/\/joyana.fr\/?s={search_term_string}"},"query-input":{"@type":"PropertyValueSpecification","valueRequired":true,"valueName":"search_term_string"}}],"inLanguage":"ja"},{"@type":["Person","Organization"],"@id":"https:\/\/joyana.fr\/#\/schema\/person\/cf2a1ad12a27c12c21801075bf37407c","name":"Jo Yana","image":{"@type":"ImageObject","inLanguage":"ja","@id":"https:\/\/joyana.fr\/#\/schema\/person\/image\/","url":"https:\/\/i0.wp.com\/joyana.fr\/wp-content\/uploads\/2016\/08\/cropped-joyana-logo-black-360x180.png?fit=343%2C164&ssl=1","contentUrl":"https:\/\/i0.wp.com\/joyana.fr\/wp-content\/uploads\/2016\/08\/cropped-joyana-logo-black-360x180.png?fit=343%2C164&ssl=1","width":343,"height":164,"caption":"Jo Yana"},"logo":{"@id":"https:\/\/joyana.fr\/#\/schema\/person\/image\/"},"description":"Jo Yana est le cr\u00e9ateur et r\u00e9dacteur en chef des sites DECO-DESIGN. Passionn\u00e9 de Design, Mode, Photo, Luxe, Lifestyle, Musique, mais avant tout Blogueur ! Le plaisir de partager l'anime et a comme devise \"POUR L'AMOUR DU BEAU\". Retrouvez le aussi sur son blog personnel - https:\/\/joyana.fr...","sameAs":["https:\/\/joyana.fr\/"],"url":"https:\/\/joyana.fr\/ja\/author\/joyana\/"}]}},"author_meta":{"display_name":"Jo Yana","author_link":"https:\/\/joyana.fr\/ja\/author\/joyana\/"},"featured_img":"https:\/\/i0.wp.com\/joyana.fr\/wp-content\/uploads\/2015\/02\/BLOG_PACK.jpg?fit=389%2C389&ssl=1","featured_image_src":"https:\/\/i0.wp.com\/joyana.fr\/wp-content\/uploads\/2015\/02\/BLOG_PACK.jpg?resize=600%2C400&ssl=1","featured_image_src_square":"https:\/\/i0.wp.com\/joyana.fr\/wp-content\/uploads\/2015\/02\/BLOG_PACK.jpg?resize=600%2C600&ssl=1","jetpack_featured_media_url":"https:\/\/i0.wp.com\/joyana.fr\/wp-content\/uploads\/2015\/02\/BLOG_PACK.jpg?fit=1000%2C1000&ssl=1","uagb_featured_image_src":{"full":["https:\/\/i0.wp.com\/joyana.fr\/wp-content\/uploads\/2015\/02\/BLOG_PACK.jpg?fit=1000%2C1000&ssl=1",1000,1000,false],"thumbnail":["https:\/\/i0.wp.com\/joyana.fr\/wp-content\/uploads\/2015\/02\/BLOG_PACK.jpg?resize=150%2C150&ssl=1",150,150,true],"medium":["https:\/\/i0.wp.com\/joyana.fr\/wp-content\/uploads\/2015\/02\/BLOG_PACK.jpg?fit=389%2C389&ssl=1",389,389,true],"medium_large":["https:\/\/i0.wp.com\/joyana.fr\/wp-content\/uploads\/2015\/02\/BLOG_PACK.jpg?fit=768%2C768&ssl=1",768,768,true],"large":["https:\/\/i0.wp.com\/joyana.fr\/wp-content\/uploads\/2015\/02\/BLOG_PACK.jpg?fit=1000%2C1000&ssl=1",1000,1000,true],"1536x1536":["https:\/\/i0.wp.com\/joyana.fr\/wp-content\/uploads\/2015\/02\/BLOG_PACK.jpg?fit=1000%2C1000&ssl=1",1000,1000,true],"2048x2048":["https:\/\/i0.wp.com\/joyana.fr\/wp-content\/uploads\/2015\/02\/BLOG_PACK.jpg?fit=1000%2C1000&ssl=1",1000,1000,true],"featured-thumb":["https:\/\/i0.wp.com\/joyana.fr\/wp-content\/uploads\/2015\/02\/BLOG_PACK.jpg?resize=1000%2C750&ssl=1",1000,750,true],"ab-block-post-grid-landscape":["https:\/\/i0.wp.com\/joyana.fr\/wp-content\/uploads\/2015\/02\/BLOG_PACK.jpg?resize=600%2C400&ssl=1",600,400,true],"ab-block-post-grid-square":["https:\/\/i0.wp.com\/joyana.fr\/wp-content\/uploads\/2015\/02\/BLOG_PACK.jpg?resize=600%2C600&ssl=1",600,600,true],"author-pro-image":["https:\/\/i0.wp.com\/joyana.fr\/wp-content\/uploads\/2015\/02\/BLOG_PACK.jpg?resize=360%2C570&ssl=1",360,570,true],"slider":["https:\/\/i0.wp.com\/joyana.fr\/wp-content\/uploads\/2015\/02\/BLOG_PACK.jpg?resize=920%2C400&ssl=1",920,400,true],"woocommerce_thumbnail":["https:\/\/i0.wp.com\/joyana.fr\/wp-content\/uploads\/2015\/02\/BLOG_PACK.jpg?resize=450%2C450&ssl=1",450,450,true],"woocommerce_single":["https:\/\/i0.wp.com\/joyana.fr\/wp-content\/uploads\/2015\/02\/BLOG_PACK.jpg?fit=920%2C920&ssl=1",920,920,true],"woocommerce_gallery_thumbnail":["https:\/\/i0.wp.com\/joyana.fr\/wp-content\/uploads\/2015\/02\/BLOG_PACK.jpg?resize=180%2C180&ssl=1",180,180,true],"sow-carousel-default":["https:\/\/i0.wp.com\/joyana.fr\/wp-content\/uploads\/2015\/02\/BLOG_PACK.jpg?resize=272%2C182&ssl=1",272,182,true]},"uagb_author_info":{"display_name":"Jo Yana","author_link":"https:\/\/joyana.fr\/ja\/author\/joyana\/"},"uagb_comment_info":7,"uagb_excerpt":"Le Tote Bag est mon obsession du moment ! Enfin je croi&hellip;","coauthors":[],"tax_additional":{"categories":{"linked":["<a href=\"https:\/\/joyana.fr\/ja\/category\/blog\/\" class=\"advgb-post-tax-term\">BLOG<\/a>","<a href=\"https:\/\/joyana.fr\/ja\/category\/blog\/mode-homme\/\" class=\"advgb-post-tax-term\">MODE HOMME<\/a>"],"unlinked":["<span class=\"advgb-post-tax-term\">BLOG<\/span>","<span class=\"advgb-post-tax-term\">MODE HOMME<\/span>"]},"tags":{"linked":["<a href=\"https:\/\/joyana.fr\/ja\/category\/blog\/mode-homme\/\" class=\"advgb-post-tax-term\">Backpack<\/a>","<a href=\"https:\/\/joyana.fr\/ja\/category\/blog\/mode-homme\/\" class=\"advgb-post-tax-term\">Capsule Paris<\/a>","<a href=\"https:\/\/joyana.fr\/ja\/category\/blog\/mode-homme\/\" class=\"advgb-post-tax-term\">Maroquinerie<\/a>","<a href=\"https:\/\/joyana.fr\/ja\/category\/blog\/mode-homme\/\" class=\"advgb-post-tax-term\">Pack!<\/a>","<a href=\"https:\/\/joyana.fr\/ja\/category\/blog\/mode-homme\/\" class=\"advgb-post-tax-term\">Sac<\/a>","<a href=\"https:\/\/joyana.fr\/ja\/category\/blog\/mode-homme\/\" class=\"advgb-post-tax-term\">Tote Bag<\/a>"],"unlinked":["<span class=\"advgb-post-tax-term\">Backpack<\/span>","<span class=\"advgb-post-tax-term\">Capsule Paris<\/span>","<span class=\"advgb-post-tax-term\">Maroquinerie<\/span>","<span class=\"advgb-post-tax-term\">Pack!<\/span>","<span class=\"advgb-post-tax-term\">Sac<\/span>","<span class=\"advgb-post-tax-term\">Tote Bag<\/span>"]}},"comment_count":3,"relative_dates":{"created":"Posted 11\u5e74 ago","modified":"Updated 11\u5e74 ago"},"absolute_dates":{"created":"Posted on 3 2\u6708 2015","modified":"Updated on 3 2\u6708 2015"},"absolute_dates_time":{"created":"Posted on 3 2\u6708 2015 16:15","modified":"Updated on 3 2\u6708 2015 16:15"},"featured_img_caption":"","series_order":"","jetpack_sharing_enabled":true,"jetpack_shortlink":"https:\/\/wp.me\/p9bteI-4i5","jetpack-related-posts":[],"_links":{"self":[{"href":"https:\/\/joyana.fr\/ja\/wp-json\/wp\/v2\/posts\/16497","targetHints":{"allow":["GET"]}}],"collection":[{"href":"https:\/\/joyana.fr\/ja\/wp-json\/wp\/v2\/posts"}],"about":[{"href":"https:\/\/joyana.fr\/ja\/wp-json\/wp\/v2\/types\/post"}],"author":[{"embeddable":true,"href":"https:\/\/joyana.fr\/ja\/wp-json\/wp\/v2\/users\/3"}],"replies":[{"embeddable":true,"href":"https:\/\/joyana.fr\/ja\/wp-json\/wp\/v2\/comments?post=16497"}],"version-history":[{"count":0,"href":"https:\/\/joyana.fr\/ja\/wp-json\/wp\/v2\/posts\/16497\/revisions"}],"wp:featuredmedia":[{"embeddable":true,"href":"https:\/\/joyana.fr\/ja\/wp-json\/wp\/v2\/media\/16498"}],"wp:attachment":[{"href":"https:\/\/joyana.fr\/ja\/wp-json\/wp\/v2\/media?parent=16497"}],"wp:term":[{"taxonomy":"category","embeddable":true,"href":"https:\/\/joyana.fr\/ja\/wp-json\/wp\/v2\/categories?post=16497"},{"taxonomy":"post_tag","embeddable":true,"href":"https:\/\/joyana.fr\/ja\/wp-json\/wp\/v2\/tags?post=16497"}],"curies":[{"name":"wp","href":"https:\/\/api.w.org\/{rel}","templated":true}]}}